{"id":8879,"date":"2026-05-02T13:54:14","date_gmt":"2026-05-02T19:54:14","guid":{"rendered":"https:\/\/www.alasmedios.com\/?p=8879"},"modified":"2026-05-02T13:54:18","modified_gmt":"2026-05-02T19:54:18","slug":"puebla-se-llena-de-color-con-el-festival-de-papalotes-tierra-de-gigantes","status":"publish","type":"post","link":"https:\/\/www.alasmedios.com\/index.php\/2026\/05\/02\/puebla-se-llena-de-color-con-el-festival-de-papalotes-tierra-de-gigantes\/","title":{"rendered":"Puebla se llena de color con el Festival de Papalotes \u201cTierra de Gigantes\u201d"},"content":{"rendered":"\n<p>Llega a <strong>Puebla <\/strong>el <strong>Festival de Papalotes \u201cTierra de Gigantes\u201d<\/strong>, donde se podr\u00e1n disfrutar de <strong>50 papalotes gigantes<\/strong>, \u00bfte lo vas a perder?<\/p>\n\n\n\n<p>El cielo de <strong>Libres, Puebla<\/strong> est\u00e1 listo para transformarse en un espect\u00e1culo monumental con la llegada del <strong>Festival de Papalotes \u201cTierra de Gigantes\u201d<\/strong>, una experiencia que combina <strong>tradici\u00f3n, arte y turismo<\/strong> en un solo escenario.<\/p>\n\n\n\n<p>El pr\u00f3ximo <strong>3 de mayo<\/strong>, el emblem\u00e1tico <strong>cerro del Cristo Rey<\/strong> ser\u00e1 el punto de encuentro para disfrutar de <strong>50 papalotes gigantes<\/strong>, con dimensiones que van de los <strong>25 a 35 metros<\/strong>, incluyendo el que promete ser <strong>el m\u00e1s grande de Latinoam\u00e9rica<\/strong>. Una postal a\u00e9rea que convertir\u00e1 este rinc\u00f3n poblano en un destino imperdible.<\/p>\n\n\n\n<p>CONTIN\u00daA LEYENDO: <a href=\"https:\/\/www.alasmedios.com\/index.php\/2026\/05\/02\/realizan-quinta-edicion-de-la-catedra-hermila-galindo-en-puebla\/\" type=\"post\" id=\"8874\">Realizan quinta edici\u00f3n de la C\u00e1tedra Hermila Galindo en Puebla<\/a><\/p>\n\n\n\n<p>Pero el festival no se queda en el cielo. A ras de tierra, las y los visitantes podr\u00e1n ser parte activa al <strong>volar sus propias cometas<\/strong>, mientras recorren una oferta que incluye <strong>muestra gastron\u00f3mica<\/strong>, <strong>pabell\u00f3n artesanal<\/strong> y <strong>presentaciones art\u00edsticas<\/strong>, en un ambiente pensado para toda la familia y con <strong>entrada libre<\/strong> a partir de las <strong>11:00 horas<\/strong>.<\/p>\n\n\n\n<p>La expectativa es alta: se prev\u00e9 la llegada de entre <strong>2 mil y 5 mil asistentes<\/strong>, con una <strong>derrama econ\u00f3mica superior al medio mill\u00f3n de pesos<\/strong>, lo que posiciona a este evento como un motor para el <strong>desarrollo tur\u00edstico y econ\u00f3mico<\/strong> del municipio.<\/p>\n\n\n\n<p>Adem\u00e1s del festival, <strong>Libres<\/strong> invita a descubrir sus encantos: <strong>paisajes naturales<\/strong>, un <strong>puente colgante<\/strong>, una <strong>parroquia con retablo barroco<\/strong> y una gastronom\u00eda que presume sabores como los <strong>tlayoyos<\/strong>, la <strong>barbacoa<\/strong>, los <strong>l\u00e1cteos<\/strong> y el tradicional <strong>pulque<\/strong>.<\/p>\n\n\n<ul class=\"wp-block-latest-posts__list is-grid columns-3 wp-block-latest-posts\"><li><div class=\"wp-block-latest-posts__featured-image\"><img loading=\"lazy\" decoding=\"async\" width=\"150\" height=\"150\" src=\"https:\/\/www.alasmedios.com\/wp-content\/uploads\/2026\/05\/CECILIA-MAYA--150x150.jpeg\" class=\"attachment-thumbnail size-thumbnail wp-post-image\" alt=\"\" style=\"\" \/><\/div><a class=\"wp-block-latest-posts__post-title\" href=\"https:\/\/www.alasmedios.com\/index.php\/2026\/05\/02\/el-aceite-de-oliva-se-encuentra-en-la-lista-de-los-diez-tipos-de-alimentos-mas-favorables-si-es-de-primera-calidad-nos-referimos-al-aceite-extra-virgen-entonces-se-considera-la-su\/\">El aceite de oliva<\/a><\/li>\n<li><div class=\"wp-block-latest-posts__featured-image\"><img loading=\"lazy\" decoding=\"async\" width=\"150\" height=\"150\" src=\"https:\/\/www.alasmedios.com\/wp-content\/uploads\/2026\/05\/Festival-de-Papalotes-Tierra-de-Gigantes-150x150.png\" class=\"attachment-thumbnail size-thumbnail wp-post-image\" alt=\"\" style=\"\" \/><\/div><a class=\"wp-block-latest-posts__post-title\" href=\"https:\/\/www.alasmedios.com\/index.php\/2026\/05\/02\/puebla-se-llena-de-color-con-el-festival-de-papalotes-tierra-de-gigantes\/\">Puebla se llena de color con el Festival de Papalotes \u201cTierra de Gigantes\u201d<\/a><\/li>\n<li><div class=\"wp-block-latest-posts__featured-image\"><img loading=\"lazy\" decoding=\"async\" width=\"150\" height=\"150\" src=\"https:\/\/www.alasmedios.com\/wp-content\/uploads\/2026\/05\/Puebla-Catedra-Hermila-Galindo-150x150.jpg\" class=\"attachment-thumbnail size-thumbnail wp-post-image\" alt=\"\" style=\"\" \/><\/div><a class=\"wp-block-latest-posts__post-title\" href=\"https:\/\/www.alasmedios.com\/index.php\/2026\/05\/02\/realizan-quinta-edicion-de-la-catedra-hermila-galindo-en-puebla\/\">Realizan quinta edici\u00f3n de la C\u00e1tedra Hermila Galindo en Puebla<\/a><\/li>\n<\/ul>","protected":false},"excerpt":{"rendered":"<p>Llega a Puebla el Festival de Papalotes \u201cTierra de Gigantes\u201d, donde se podr\u00e1n disfrutar de 50 papalotes gigantes, \u00bfte lo<\/p>\n","protected":false},"author":4,"featured_media":8880,"comment_status":"open","ping_status":"open","sticky":false,"template":"","format":"standard","meta":{"colormag_page_container_layout":"default_layout","colormag_page_sidebar_layout":"default_layout","rop_custom_images_group":[],"rop_custom_messages_group":[],"rop_publish_now":"yes","rop_publish_now_accounts":[],"rop_publish_now_history":[],"rop_publish_now_status":"pending","iawp_total_views":2,"footnotes":""},"categories":[3527,3222],"tags":[3641,3640,1363],"class_list":["post-8879","post","type-post","status-publish","format-standard","has-post-thumbnail","hentry","category-cultura-y-turismo","category-mexico","tag-festival-de-papalotes","tag-libres","tag-puebla"],"magazineBlocksPostFeaturedMedia":{"thumbnail":"https:\/\/www.alasmedios.com\/wp-content\/uploads\/2026\/05\/Festival-de-Papalotes-Tierra-de-Gigantes-150x150.png","medium":"https:\/\/www.alasmedios.com\/wp-content\/uploads\/2026\/05\/Festival-de-Papalotes-Tierra-de-Gigantes-300x182.png","medium_large":"https:\/\/www.alasmedios.com\/wp-content\/uploads\/2026\/05\/Festival-de-Papalotes-Tierra-de-Gigantes-768x466.png","large":"https:\/\/www.alasmedios.com\/wp-content\/uploads\/2026\/05\/Festival-de-Papalotes-Tierra-de-Gigantes-1024x622.png","1536x1536":"https:\/\/www.alasmedios.com\/wp-content\/uploads\/2026\/05\/Festival-de-Papalotes-Tierra-de-Gigantes-1536x932.png","2048x2048":"https:\/\/www.alasmedios.com\/wp-content\/uploads\/2026\/05\/Festival-de-Papalotes-Tierra-de-Gigantes.png","colormag-highlighted-post":"https:\/\/www.alasmedios.com\/wp-content\/uploads\/2026\/05\/Festival-de-Papalotes-Tierra-de-Gigantes-392x272.png","colormag-featured-post-medium":"https:\/\/www.alasmedios.com\/wp-content\/uploads\/2026\/05\/Festival-de-Papalotes-Tierra-de-Gigantes-390x205.png","colormag-featured-post-small":"https:\/\/www.alasmedios.com\/wp-content\/uploads\/2026\/05\/Festival-de-Papalotes-Tierra-de-Gigantes-130x90.png","colormag-featured-image":"https:\/\/www.alasmedios.com\/wp-content\/uploads\/2026\/05\/Festival-de-Papalotes-Tierra-de-Gigantes-800x445.png","colormag-default-news":"https:\/\/www.alasmedios.com\/wp-content\/uploads\/2026\/05\/Festival-de-Papalotes-Tierra-de-Gigantes-150x150.png","colormag-featured-image-large":"https:\/\/www.alasmedios.com\/wp-content\/uploads\/2026\/05\/Festival-de-Papalotes-Tierra-de-Gigantes-1400x600.png"},"magazineBlocksPostAuthor":{"name":"Keila Rodr\u00edguez Pe\u00f1a","avatar":"https:\/\/secure.gravatar.com\/avatar\/a2553a2bfaa601b9d539b617c8793e151bdffb60f9e48a249912f86d4c9ebeef?s=96&d=mm&r=g"},"magazineBlocksPostCommentsNumber":"0","magazineBlocksPostExcerpt":"Llega a Puebla el Festival de Papalotes \u201cTierra de Gigantes\u201d, donde se podr\u00e1n disfrutar de 50 papalotes gigantes, \u00bfte lo","magazineBlocksPostCategories":["Cultura y Turismo","M\u00e9xico"],"magazineBlocksPostViewCount":5,"magazineBlocksPostReadTime":2,"magazine_blocks_featured_image_url":{"full":["https:\/\/www.alasmedios.com\/wp-content\/uploads\/2026\/05\/Festival-de-Papalotes-Tierra-de-Gigantes.png",2000,1214,false],"medium":["https:\/\/www.alasmedios.com\/wp-content\/uploads\/2026\/05\/Festival-de-Papalotes-Tierra-de-Gigantes-300x182.png",300,182,true],"thumbnail":["https:\/\/www.alasmedios.com\/wp-content\/uploads\/2026\/05\/Festival-de-Papalotes-Tierra-de-Gigantes-150x150.png",150,150,true]},"magazine_blocks_author":{"display_name":"Keila Rodr\u00edguez Pe\u00f1a","author_link":"https:\/\/www.alasmedios.com\/index.php\/author\/keila\/"},"magazine_blocks_comment":0,"magazine_blocks_author_image":"https:\/\/secure.gravatar.com\/avatar\/a2553a2bfaa601b9d539b617c8793e151bdffb60f9e48a249912f86d4c9ebeef?s=96&d=mm&r=g","magazine_blocks_category":"<a href=\"#\" class=\"category-link category-link-3527\">Cultura y Turismo<\/a> <a href=\"#\" class=\"category-link category-link-3222\">M\u00e9xico<\/a>","yoast_head":"<!-- This site is optimized with the Yoast SEO plugin v27.5 - https:\/\/yoast.com\/product\/yoast-seo-wordpress\/ -->\r\n<title>Puebla se llena de color con el Festival de Papalotes \u201cTierra de Gigantes\u201d<\/title>\r\n<meta name=\"description\" content=\"Llega a Puebla el Festival de Papalotes \u201cTierra de Gigantes\u201d, donde se podr\u00e1n disfrutar de 50 papalotes gigantes, \u00bfte lo vas a perder?\" \/>\r\n<meta name=\"robots\" content=\"index, follow, max-snippet:-1, max-image-preview:large, max-video-preview:-1\" \/>\r\n<link rel=\"canonical\" href=\"https:\/\/www.alasmedios.com\/index.php\/2026\/05\/02\/puebla-se-llena-de-color-con-el-festival-de-papalotes-tierra-de-gigantes\/\" \/>\r\n<meta property=\"og:locale\" content=\"es_MX\" \/>\r\n<meta property=\"og:type\" content=\"article\" \/>\r\n<meta property=\"og:title\" content=\"Puebla se llena de color con el Festival de Papalotes \u201cTierra de Gigantes\u201d\" \/>\r\n<meta property=\"og:description\" content=\"Llega a Puebla el Festival de Papalotes \u201cTierra de Gigantes\u201d, donde se podr\u00e1n disfrutar de 50 papalotes gigantes, \u00bfte lo vas a perder?\" \/>\r\n<meta property=\"og:url\" content=\"https:\/\/www.alasmedios.com\/index.php\/2026\/05\/02\/puebla-se-llena-de-color-con-el-festival-de-papalotes-tierra-de-gigantes\/\" \/>\r\n<meta property=\"og:site_name\" content=\"Alas Medios\" \/>\r\n<meta property=\"article:published_time\" content=\"2026-05-02T19:54:14+00:00\" \/>\r\n<meta property=\"article:modified_time\" content=\"2026-05-02T19:54:18+00:00\" \/>\r\n<meta property=\"og:image\" content=\"https:\/\/www.alasmedios.com\/wp-content\/uploads\/2026\/05\/Festival-de-Papalotes-Tierra-de-Gigantes-1024x622.png\" \/>\r\n\t<meta property=\"og:image:width\" content=\"1024\" \/>\r\n\t<meta property=\"og:image:height\" content=\"622\" \/>\r\n\t<meta property=\"og:image:type\" content=\"image\/png\" \/>\r\n<meta name=\"author\" content=\"Keila Rodr\u00edguez Pe\u00f1a\" \/>\r\n<meta name=\"twitter:card\" content=\"summary_large_image\" \/>\r\n<meta name=\"twitter:label1\" content=\"Escrito por\" \/>\n\t<meta name=\"twitter:data1\" content=\"Keila Rodr\u00edguez Pe\u00f1a\" \/>\n\t<meta name=\"twitter:label2\" content=\"Tiempo de lectura\" \/>\n\t<meta name=\"twitter:data2\" content=\"2 minutos\" \/>\r\n<script type=\"application\/ld+json\" class=\"yoast-schema-graph\">{\"@context\":\"https:\\\/\\\/schema.org\",\"@graph\":[{\"@type\":\"Article\",\"@id\":\"https:\\\/\\\/www.alasmedios.com\\\/index.php\\\/2026\\\/05\\\/02\\\/puebla-se-llena-de-color-con-el-festival-de-papalotes-tierra-de-gigantes\\\/#article\",\"isPartOf\":{\"@id\":\"https:\\\/\\\/www.alasmedios.com\\\/index.php\\\/2026\\\/05\\\/02\\\/puebla-se-llena-de-color-con-el-festival-de-papalotes-tierra-de-gigantes\\\/\"},\"author\":{\"name\":\"Keila Rodr\u00edguez Pe\u00f1a\",\"@id\":\"https:\\\/\\\/www.alasmedios.com\\\/#\\\/schema\\\/person\\\/0ba31bdd19a05ebf5c7fef1fedf99c34\"},\"headline\":\"Puebla se llena de color con el Festival de Papalotes \u201cTierra de Gigantes\u201d\",\"datePublished\":\"2026-05-02T19:54:14+00:00\",\"dateModified\":\"2026-05-02T19:54:18+00:00\",\"mainEntityOfPage\":{\"@id\":\"https:\\\/\\\/www.alasmedios.com\\\/index.php\\\/2026\\\/05\\\/02\\\/puebla-se-llena-de-color-con-el-festival-de-papalotes-tierra-de-gigantes\\\/\"},\"wordCount\":288,\"commentCount\":0,\"publisher\":{\"@id\":\"https:\\\/\\\/www.alasmedios.com\\\/#organization\"},\"image\":{\"@id\":\"https:\\\/\\\/www.alasmedios.com\\\/index.php\\\/2026\\\/05\\\/02\\\/puebla-se-llena-de-color-con-el-festival-de-papalotes-tierra-de-gigantes\\\/#primaryimage\"},\"thumbnailUrl\":\"https:\\\/\\\/www.alasmedios.com\\\/wp-content\\\/uploads\\\/2026\\\/05\\\/Festival-de-Papalotes-Tierra-de-Gigantes.png\",\"keywords\":[\"Festival de Papalotes\",\"Libres\",\"Puebla\"],\"articleSection\":[\"Cultura y Turismo\",\"M\u00e9xico\"],\"inLanguage\":\"es\",\"potentialAction\":[{\"@type\":\"CommentAction\",\"name\":\"Comment\",\"target\":[\"https:\\\/\\\/www.alasmedios.com\\\/index.php\\\/2026\\\/05\\\/02\\\/puebla-se-llena-de-color-con-el-festival-de-papalotes-tierra-de-gigantes\\\/#respond\"]}]},{\"@type\":\"WebPage\",\"@id\":\"https:\\\/\\\/www.alasmedios.com\\\/index.php\\\/2026\\\/05\\\/02\\\/puebla-se-llena-de-color-con-el-festival-de-papalotes-tierra-de-gigantes\\\/\",\"url\":\"https:\\\/\\\/www.alasmedios.com\\\/index.php\\\/2026\\\/05\\\/02\\\/puebla-se-llena-de-color-con-el-festival-de-papalotes-tierra-de-gigantes\\\/\",\"name\":\"Puebla se llena de color con el Festival de Papalotes \u201cTierra de Gigantes\u201d\",\"isPartOf\":{\"@id\":\"https:\\\/\\\/www.alasmedios.com\\\/#website\"},\"primaryImageOfPage\":{\"@id\":\"https:\\\/\\\/www.alasmedios.com\\\/index.php\\\/2026\\\/05\\\/02\\\/puebla-se-llena-de-color-con-el-festival-de-papalotes-tierra-de-gigantes\\\/#primaryimage\"},\"image\":{\"@id\":\"https:\\\/\\\/www.alasmedios.com\\\/index.php\\\/2026\\\/05\\\/02\\\/puebla-se-llena-de-color-con-el-festival-de-papalotes-tierra-de-gigantes\\\/#primaryimage\"},\"thumbnailUrl\":\"https:\\\/\\\/www.alasmedios.com\\\/wp-content\\\/uploads\\\/2026\\\/05\\\/Festival-de-Papalotes-Tierra-de-Gigantes.png\",\"datePublished\":\"2026-05-02T19:54:14+00:00\",\"dateModified\":\"2026-05-02T19:54:18+00:00\",\"description\":\"Llega a Puebla el Festival de Papalotes \u201cTierra de Gigantes\u201d, donde se podr\u00e1n disfrutar de 50 papalotes gigantes, \u00bfte lo vas a perder?\",\"breadcrumb\":{\"@id\":\"https:\\\/\\\/www.alasmedios.com\\\/index.php\\\/2026\\\/05\\\/02\\\/puebla-se-llena-de-color-con-el-festival-de-papalotes-tierra-de-gigantes\\\/#breadcrumb\"},\"inLanguage\":\"es\",\"potentialAction\":[{\"@type\":\"ReadAction\",\"target\":[\"https:\\\/\\\/www.alasmedios.com\\\/index.php\\\/2026\\\/05\\\/02\\\/puebla-se-llena-de-color-con-el-festival-de-papalotes-tierra-de-gigantes\\\/\"]}]},{\"@type\":\"ImageObject\",\"inLanguage\":\"es\",\"@id\":\"https:\\\/\\\/www.alasmedios.com\\\/index.php\\\/2026\\\/05\\\/02\\\/puebla-se-llena-de-color-con-el-festival-de-papalotes-tierra-de-gigantes\\\/#primaryimage\",\"url\":\"https:\\\/\\\/www.alasmedios.com\\\/wp-content\\\/uploads\\\/2026\\\/05\\\/Festival-de-Papalotes-Tierra-de-Gigantes.png\",\"contentUrl\":\"https:\\\/\\\/www.alasmedios.com\\\/wp-content\\\/uploads\\\/2026\\\/05\\\/Festival-de-Papalotes-Tierra-de-Gigantes.png\",\"width\":2000,\"height\":1214},{\"@type\":\"BreadcrumbList\",\"@id\":\"https:\\\/\\\/www.alasmedios.com\\\/index.php\\\/2026\\\/05\\\/02\\\/puebla-se-llena-de-color-con-el-festival-de-papalotes-tierra-de-gigantes\\\/#breadcrumb\",\"itemListElement\":[{\"@type\":\"ListItem\",\"position\":1,\"name\":\"Inicio\",\"item\":\"https:\\\/\\\/www.alasmedios.com\\\/\"},{\"@type\":\"ListItem\",\"position\":2,\"name\":\"Puebla se llena de color con el Festival de Papalotes \u201cTierra de Gigantes\u201d\"}]},{\"@type\":\"WebSite\",\"@id\":\"https:\\\/\\\/www.alasmedios.com\\\/#website\",\"url\":\"https:\\\/\\\/www.alasmedios.com\\\/\",\"name\":\"Alas Medios\",\"description\":\"Alas para pensar, Alas para volar, Alas de libertad\",\"publisher\":{\"@id\":\"https:\\\/\\\/www.alasmedios.com\\\/#organization\"},\"potentialAction\":[{\"@type\":\"SearchAction\",\"target\":{\"@type\":\"EntryPoint\",\"urlTemplate\":\"https:\\\/\\\/www.alasmedios.com\\\/?s={search_term_string}\"},\"query-input\":{\"@type\":\"PropertyValueSpecification\",\"valueRequired\":true,\"valueName\":\"search_term_string\"}}],\"inLanguage\":\"es\"},{\"@type\":\"Organization\",\"@id\":\"https:\\\/\\\/www.alasmedios.com\\\/#organization\",\"name\":\"Alas Medios\",\"url\":\"https:\\\/\\\/www.alasmedios.com\\\/\",\"logo\":{\"@type\":\"ImageObject\",\"inLanguage\":\"es\",\"@id\":\"https:\\\/\\\/www.alasmedios.com\\\/#\\\/schema\\\/logo\\\/image\\\/\",\"url\":\"https:\\\/\\\/www.alasmedios.com\\\/wp-content\\\/uploads\\\/2026\\\/01\\\/cropped-cropped-GAM-1.png\",\"contentUrl\":\"https:\\\/\\\/www.alasmedios.com\\\/wp-content\\\/uploads\\\/2026\\\/01\\\/cropped-cropped-GAM-1.png\",\"width\":467,\"height\":235,\"caption\":\"Alas Medios\"},\"image\":{\"@id\":\"https:\\\/\\\/www.alasmedios.com\\\/#\\\/schema\\\/logo\\\/image\\\/\"}},{\"@type\":\"Person\",\"@id\":\"https:\\\/\\\/www.alasmedios.com\\\/#\\\/schema\\\/person\\\/0ba31bdd19a05ebf5c7fef1fedf99c34\",\"name\":\"Keila Rodr\u00edguez Pe\u00f1a\",\"image\":{\"@type\":\"ImageObject\",\"inLanguage\":\"es\",\"@id\":\"https:\\\/\\\/secure.gravatar.com\\\/avatar\\\/a2553a2bfaa601b9d539b617c8793e151bdffb60f9e48a249912f86d4c9ebeef?s=96&d=mm&r=g\",\"url\":\"https:\\\/\\\/secure.gravatar.com\\\/avatar\\\/a2553a2bfaa601b9d539b617c8793e151bdffb60f9e48a249912f86d4c9ebeef?s=96&d=mm&r=g\",\"contentUrl\":\"https:\\\/\\\/secure.gravatar.com\\\/avatar\\\/a2553a2bfaa601b9d539b617c8793e151bdffb60f9e48a249912f86d4c9ebeef?s=96&d=mm&r=g\",\"caption\":\"Keila Rodr\u00edguez Pe\u00f1a\"},\"sameAs\":[\"http:\\\/\\\/www.alasmedios.com\"],\"url\":\"https:\\\/\\\/www.alasmedios.com\\\/index.php\\\/author\\\/keila\\\/\"}]}<\/script>\r\n<!-- \/ Yoast SEO plugin. -->","yoast_head_json":{"title":"Puebla se llena de color con el Festival de Papalotes \u201cTierra de Gigantes\u201d","description":"Llega a Puebla el Festival de Papalotes \u201cTierra de Gigantes\u201d, donde se podr\u00e1n disfrutar de 50 papalotes gigantes, \u00bfte lo vas a perder?","robots":{"index":"index","follow":"follow","max-snippet":"max-snippet:-1","max-image-preview":"max-image-preview:large","max-video-preview":"max-video-preview:-1"},"canonical":"https:\/\/www.alasmedios.com\/index.php\/2026\/05\/02\/puebla-se-llena-de-color-con-el-festival-de-papalotes-tierra-de-gigantes\/","og_locale":"es_MX","og_type":"article","og_title":"Puebla se llena de color con el Festival de Papalotes \u201cTierra de Gigantes\u201d","og_description":"Llega a Puebla el Festival de Papalotes \u201cTierra de Gigantes\u201d, donde se podr\u00e1n disfrutar de 50 papalotes gigantes, \u00bfte lo vas a perder?","og_url":"https:\/\/www.alasmedios.com\/index.php\/2026\/05\/02\/puebla-se-llena-de-color-con-el-festival-de-papalotes-tierra-de-gigantes\/","og_site_name":"Alas Medios","article_published_time":"2026-05-02T19:54:14+00:00","article_modified_time":"2026-05-02T19:54:18+00:00","og_image":[{"width":1024,"height":622,"url":"https:\/\/www.alasmedios.com\/wp-content\/uploads\/2026\/05\/Festival-de-Papalotes-Tierra-de-Gigantes-1024x622.png","type":"image\/png"}],"author":"Keila Rodr\u00edguez Pe\u00f1a","twitter_card":"summary_large_image","twitter_misc":{"Escrito por":"Keila Rodr\u00edguez Pe\u00f1a","Tiempo de lectura":"2 minutos"},"schema":{"@context":"https:\/\/schema.org","@graph":[{"@type":"Article","@id":"https:\/\/www.alasmedios.com\/index.php\/2026\/05\/02\/puebla-se-llena-de-color-con-el-festival-de-papalotes-tierra-de-gigantes\/#article","isPartOf":{"@id":"https:\/\/www.alasmedios.com\/index.php\/2026\/05\/02\/puebla-se-llena-de-color-con-el-festival-de-papalotes-tierra-de-gigantes\/"},"author":{"name":"Keila Rodr\u00edguez Pe\u00f1a","@id":"https:\/\/www.alasmedios.com\/#\/schema\/person\/0ba31bdd19a05ebf5c7fef1fedf99c34"},"headline":"Puebla se llena de color con el Festival de Papalotes \u201cTierra de Gigantes\u201d","datePublished":"2026-05-02T19:54:14+00:00","dateModified":"2026-05-02T19:54:18+00:00","mainEntityOfPage":{"@id":"https:\/\/www.alasmedios.com\/index.php\/2026\/05\/02\/puebla-se-llena-de-color-con-el-festival-de-papalotes-tierra-de-gigantes\/"},"wordCount":288,"commentCount":0,"publisher":{"@id":"https:\/\/www.alasmedios.com\/#organization"},"image":{"@id":"https:\/\/www.alasmedios.com\/index.php\/2026\/05\/02\/puebla-se-llena-de-color-con-el-festival-de-papalotes-tierra-de-gigantes\/#primaryimage"},"thumbnailUrl":"https:\/\/www.alasmedios.com\/wp-content\/uploads\/2026\/05\/Festival-de-Papalotes-Tierra-de-Gigantes.png","keywords":["Festival de Papalotes","Libres","Puebla"],"articleSection":["Cultura y Turismo","M\u00e9xico"],"inLanguage":"es","potentialAction":[{"@type":"CommentAction","name":"Comment","target":["https:\/\/www.alasmedios.com\/index.php\/2026\/05\/02\/puebla-se-llena-de-color-con-el-festival-de-papalotes-tierra-de-gigantes\/#respond"]}]},{"@type":"WebPage","@id":"https:\/\/www.alasmedios.com\/index.php\/2026\/05\/02\/puebla-se-llena-de-color-con-el-festival-de-papalotes-tierra-de-gigantes\/","url":"https:\/\/www.alasmedios.com\/index.php\/2026\/05\/02\/puebla-se-llena-de-color-con-el-festival-de-papalotes-tierra-de-gigantes\/","name":"Puebla se llena de color con el Festival de Papalotes \u201cTierra de Gigantes\u201d","isPartOf":{"@id":"https:\/\/www.alasmedios.com\/#website"},"primaryImageOfPage":{"@id":"https:\/\/www.alasmedios.com\/index.php\/2026\/05\/02\/puebla-se-llena-de-color-con-el-festival-de-papalotes-tierra-de-gigantes\/#primaryimage"},"image":{"@id":"https:\/\/www.alasmedios.com\/index.php\/2026\/05\/02\/puebla-se-llena-de-color-con-el-festival-de-papalotes-tierra-de-gigantes\/#primaryimage"},"thumbnailUrl":"https:\/\/www.alasmedios.com\/wp-content\/uploads\/2026\/05\/Festival-de-Papalotes-Tierra-de-Gigantes.png","datePublished":"2026-05-02T19:54:14+00:00","dateModified":"2026-05-02T19:54:18+00:00","description":"Llega a Puebla el Festival de Papalotes \u201cTierra de Gigantes\u201d, donde se podr\u00e1n disfrutar de 50 papalotes gigantes, \u00bfte lo vas a perder?","breadcrumb":{"@id":"https:\/\/www.alasmedios.com\/index.php\/2026\/05\/02\/puebla-se-llena-de-color-con-el-festival-de-papalotes-tierra-de-gigantes\/#breadcrumb"},"inLanguage":"es","potentialAction":[{"@type":"ReadAction","target":["https:\/\/www.alasmedios.com\/index.php\/2026\/05\/02\/puebla-se-llena-de-color-con-el-festival-de-papalotes-tierra-de-gigantes\/"]}]},{"@type":"ImageObject","inLanguage":"es","@id":"https:\/\/www.alasmedios.com\/index.php\/2026\/05\/02\/puebla-se-llena-de-color-con-el-festival-de-papalotes-tierra-de-gigantes\/#primaryimage","url":"https:\/\/www.alasmedios.com\/wp-content\/uploads\/2026\/05\/Festival-de-Papalotes-Tierra-de-Gigantes.png","contentUrl":"https:\/\/www.alasmedios.com\/wp-content\/uploads\/2026\/05\/Festival-de-Papalotes-Tierra-de-Gigantes.png","width":2000,"height":1214},{"@type":"BreadcrumbList","@id":"https:\/\/www.alasmedios.com\/index.php\/2026\/05\/02\/puebla-se-llena-de-color-con-el-festival-de-papalotes-tierra-de-gigantes\/#breadcrumb","itemListElement":[{"@type":"ListItem","position":1,"name":"Inicio","item":"https:\/\/www.alasmedios.com\/"},{"@type":"ListItem","position":2,"name":"Puebla se llena de color con el Festival de Papalotes \u201cTierra de Gigantes\u201d"}]},{"@type":"WebSite","@id":"https:\/\/www.alasmedios.com\/#website","url":"https:\/\/www.alasmedios.com\/","name":"Alas Medios","description":"Alas para pensar, Alas para volar, Alas de libertad","publisher":{"@id":"https:\/\/www.alasmedios.com\/#organization"},"potentialAction":[{"@type":"SearchAction","target":{"@type":"EntryPoint","urlTemplate":"https:\/\/www.alasmedios.com\/?s={search_term_string}"},"query-input":{"@type":"PropertyValueSpecification","valueRequired":true,"valueName":"search_term_string"}}],"inLanguage":"es"},{"@type":"Organization","@id":"https:\/\/www.alasmedios.com\/#organization","name":"Alas Medios","url":"https:\/\/www.alasmedios.com\/","logo":{"@type":"ImageObject","inLanguage":"es","@id":"https:\/\/www.alasmedios.com\/#\/schema\/logo\/image\/","url":"https:\/\/www.alasmedios.com\/wp-content\/uploads\/2026\/01\/cropped-cropped-GAM-1.png","contentUrl":"https:\/\/www.alasmedios.com\/wp-content\/uploads\/2026\/01\/cropped-cropped-GAM-1.png","width":467,"height":235,"caption":"Alas Medios"},"image":{"@id":"https:\/\/www.alasmedios.com\/#\/schema\/logo\/image\/"}},{"@type":"Person","@id":"https:\/\/www.alasmedios.com\/#\/schema\/person\/0ba31bdd19a05ebf5c7fef1fedf99c34","name":"Keila Rodr\u00edguez Pe\u00f1a","image":{"@type":"ImageObject","inLanguage":"es","@id":"https:\/\/secure.gravatar.com\/avatar\/a2553a2bfaa601b9d539b617c8793e151bdffb60f9e48a249912f86d4c9ebeef?s=96&d=mm&r=g","url":"https:\/\/secure.gravatar.com\/avatar\/a2553a2bfaa601b9d539b617c8793e151bdffb60f9e48a249912f86d4c9ebeef?s=96&d=mm&r=g","contentUrl":"https:\/\/secure.gravatar.com\/avatar\/a2553a2bfaa601b9d539b617c8793e151bdffb60f9e48a249912f86d4c9ebeef?s=96&d=mm&r=g","caption":"Keila Rodr\u00edguez Pe\u00f1a"},"sameAs":["http:\/\/www.alasmedios.com"],"url":"https:\/\/www.alasmedios.com\/index.php\/author\/keila\/"}]}},"_links":{"self":[{"href":"https:\/\/www.alasmedios.com\/index.php\/wp-json\/wp\/v2\/posts\/8879","targetHints":{"allow":["GET"]}}],"collection":[{"href":"https:\/\/www.alasmedios.com\/index.php\/wp-json\/wp\/v2\/posts"}],"about":[{"href":"https:\/\/www.alasmedios.com\/index.php\/wp-json\/wp\/v2\/types\/post"}],"author":[{"embeddable":true,"href":"https:\/\/www.alasmedios.com\/index.php\/wp-json\/wp\/v2\/users\/4"}],"replies":[{"embeddable":true,"href":"https:\/\/www.alasmedios.com\/index.php\/wp-json\/wp\/v2\/comments?post=8879"}],"version-history":[{"count":1,"href":"https:\/\/www.alasmedios.com\/index.php\/wp-json\/wp\/v2\/posts\/8879\/revisions"}],"predecessor-version":[{"id":8881,"href":"https:\/\/www.alasmedios.com\/index.php\/wp-json\/wp\/v2\/posts\/8879\/revisions\/8881"}],"wp:featuredmedia":[{"embeddable":true,"href":"https:\/\/www.alasmedios.com\/index.php\/wp-json\/wp\/v2\/media\/8880"}],"wp:attachment":[{"href":"https:\/\/www.alasmedios.com\/index.php\/wp-json\/wp\/v2\/media?parent=8879"}],"wp:term":[{"taxonomy":"category","embeddable":true,"href":"https:\/\/www.alasmedios.com\/index.php\/wp-json\/wp\/v2\/categories?post=8879"},{"taxonomy":"post_tag","embeddable":true,"href":"https:\/\/www.alasmedios.com\/index.php\/wp-json\/wp\/v2\/tags?post=8879"}],"curies":[{"name":"wp","href":"https:\/\/api.w.org\/{rel}","templated":true}]}}