{"id":8847,"date":"2026-04-30T14:27:05","date_gmt":"2026-04-30T20:27:05","guid":{"rendered":"https:\/\/www.alasmedios.com\/?p=8847"},"modified":"2026-04-30T14:27:08","modified_gmt":"2026-04-30T20:27:08","slug":"puebla-impulsa-protocolo-contra-delitos-lgbttti","status":"publish","type":"post","link":"https:\/\/www.alasmedios.com\/index.php\/2026\/04\/30\/puebla-impulsa-protocolo-contra-delitos-lgbttti\/","title":{"rendered":"Puebla impulsa protocolo contra delitos LGBTTTI+"},"content":{"rendered":"\n<p>En Puebla el Congreso aprob\u00f3 el <strong>Protocolo Homologado de Investigaci\u00f3n de Delitos contra Personas LGBTTTI+<\/strong>.<\/p>\n\n\n\n<p>En una sesi\u00f3n que concentr\u00f3 m\u00faltiples acuerdos, el <strong>Congreso del Estado<\/strong> aprob\u00f3 un exhorto clave para que la <strong>Fiscal\u00eda General del Estado<\/strong> implemente el <strong>Protocolo Homologado de Investigaci\u00f3n de Delitos contra Personas LGBTTTI+<\/strong>, con el objetivo de garantizar una <strong>investigaci\u00f3n con enfoque de diversidad sexual y de g\u00e9nero<\/strong> en casos de <strong>violencia y discriminaci\u00f3n<\/strong>.<\/p>\n\n\n\n<p>El acuerdo busca que los hechos con apariencia de delito cometidos contra <strong>personas de la diversidad sexual y de g\u00e9nero<\/strong> sean atendidos bajo criterios especializados, en un contexto donde organizaciones han se\u00f1alado la necesidad de <strong>protocolos claros y efectivos<\/strong> para evitar la <strong>revictimizaci\u00f3n<\/strong>.<\/p>\n\n\n\n<p>CONTIN\u00daA LEYENDO: <a href=\"https:\/\/www.alasmedios.com\/index.php\/2026\/04\/30\/ninez-con-derechos-no-concesiones-dignidad-respeto-y-proteccion-como-deuda-pendiente\/\" type=\"post\" id=\"8835\">Ni\u00f1ez con derechos, no concesiones: dignidad, respeto y protecci\u00f3n como deuda pendiente<\/a><\/p>\n\n\n\n<h2 class=\"wp-block-heading\">Movilidad, justicia e inclusi\u00f3n: una agenda amplia con retos de aplicaci\u00f3n<\/h2>\n\n\n\n<p>Durante la misma sesi\u00f3n de la <strong>Comisi\u00f3n Permanente<\/strong>, se aprobaron diversos exhortos en materia de <strong>movilidad, justicia, inclusi\u00f3n social, desarrollo rural y tecnolog\u00eda<\/strong>, que apuntan a problem\u00e1ticas cotidianas en distintos niveles de gobierno.<\/p>\n\n\n\n<p>En el \u00e1mbito de la <strong>movilidad<\/strong>, se solicit\u00f3 a la <strong>Secretar\u00eda de Infraestructura, Comunicaciones y Transportes<\/strong> y a la <strong>Secretar\u00eda de Movilidad y Transporte del Estado<\/strong> reforzar <strong>operativos de supervisi\u00f3n<\/strong> contra unidades que operan <strong>sin autorizaci\u00f3n legal<\/strong>, especialmente aquellas que se ostentan como servicios tur\u00edsticos. La diputada <strong>Leonela Jazm\u00edn Mart\u00ednez Ayala<\/strong> advirti\u00f3 que no se puede permitir que estos servicios funcionen <strong>al margen de la ley<\/strong> ni en condiciones que comprometan la <strong>seguridad de las personas usuarias<\/strong>.<\/p>\n\n\n\n<p>En otro punto, se aval\u00f3 un acuerdo para evitar <strong>cobros indebidos de gr\u00faas<\/strong> durante operativos que impliquen el traslado de <strong>motocicletas<\/strong>, estableciendo que el servicio se cobre <strong>de forma proporcional<\/strong> cuando varias unidades sean trasladadas en una misma plataforma.<\/p>\n\n\n\n<p>El Congreso tambi\u00e9n exhort\u00f3 a <strong>Ayuntamientos y Concejos Municipales<\/strong> a promover la <strong>inclusi\u00f3n laboral de personas en situaci\u00f3n de vulnerabilidad<\/strong>, con el fin de garantizar el <strong>pleno ejercicio de sus derechos humanos<\/strong>. En este contexto, Mart\u00ednez Ayala subray\u00f3 que la <strong>vulnerabilidad no es una elecci\u00f3n<\/strong>, sino resultado de <strong>desigualdades estructurales<\/strong>.<\/p>\n\n\n\n<p>En materia de <strong>protecci\u00f3n a v\u00edctimas<\/strong>, se pidi\u00f3 a las autoridades municipales emitir y dar seguimiento a <strong>\u00f3rdenes de protecci\u00f3n<\/strong>, especialmente en favor de <strong>ni\u00f1as, ni\u00f1os, adolescentes y mujeres<\/strong>, reforzando su <strong>cumplimiento y monitoreo<\/strong>.<\/p>\n\n\n\n<p>TE PUEDE INTERESAR: <a href=\"https:\/\/www.alasmedios.com\/index.php\/2026\/04\/30\/naturaleza-viva-en-pachuca-cubitos-conmemora-a-los-jardines-botanicos\/\" type=\"post\" id=\"8842\">Naturaleza viva en Pachuca: Cubitos conmemora a los jardines bot\u00e1nicos<\/a><\/p>\n\n\n\n<p>Otro de los acuerdos apunta a la <strong>simplificaci\u00f3n administrativa<\/strong>, al exhortar a los municipios a <strong>agilizar, digitalizar y reducir tr\u00e1mites<\/strong>, en l\u00ednea con la <strong>Ley Nacional para Eliminar Tr\u00e1mites Burocr\u00e1ticos<\/strong>. La diputada <strong>Ang\u00e9lica Patricia Alvarado Ju\u00e1rez<\/strong> destac\u00f3 que no se trata solo de simplificar, sino de <strong>institucionalizar una pol\u00edtica p\u00fablica permanente<\/strong> en coordinaci\u00f3n con la <strong>Agencia de Transformaci\u00f3n Digital y Telecomunicaciones<\/strong>.<\/p>\n\n\n\n<p>En el \u00e1mbito judicial, se plante\u00f3 fortalecer el <strong>sistema de oralidad en materia civil y familiar<\/strong>, mediante acciones del <strong>Consejo de la Judicatura del Poder Judicial del Estado<\/strong>, priorizando regiones con <strong>alta marginaci\u00f3n<\/strong> y dificultades de acceso. La diputada <strong>Elisa Limon Balderrabano<\/strong> se\u00f1al\u00f3 que esto busca una <strong>justicia m\u00e1s pronta, completa e imparcial<\/strong>.<\/p>\n\n\n\n<p>Tambi\u00e9n se promovi\u00f3 la difusi\u00f3n de <strong>mecanismos de denuncia<\/strong>, como la plataforma <strong>PROINTEGRIDAD<\/strong>, en coordinaci\u00f3n con la <strong>Fiscal\u00eda General del Estado<\/strong> y la <strong>Secretar\u00eda Anticorrupci\u00f3n y Buen Gobierno<\/strong>, para prevenir y sancionar <strong>delitos y faltas administrativas<\/strong>.<\/p>\n\n\n\n<p>En el terreno cultural y social, el Congreso exhort\u00f3 al <strong>Instituto Poblano de los Pueblos Ind\u00edgenas<\/strong> a implementar acciones para el <strong>rescate, conservaci\u00f3n y revitalizaci\u00f3n de las lenguas ind\u00edgenas<\/strong>, en coordinaci\u00f3n con instancias educativas y tecnol\u00f3gicas, as\u00ed como a fortalecer el <strong>enfoque de derechos<\/strong> en pol\u00edticas p\u00fablicas dirigidas a <strong>pueblos ind\u00edgenas y afromexicanos<\/strong>.<\/p>\n\n\n\n<p>CONTIN\u00daA LEYENDO: <a href=\"https:\/\/www.alasmedios.com\/index.php\/2026\/04\/30\/pensar-opcional-alertan-impacto-de-la-inteligencia-artificial-en-la-mente-humana\/\" type=\"post\" id=\"8838\">\u00bfPensar es opcional? Alertan impacto de la inteligencia artificial en la mente humana<\/a><\/p>\n\n\n\n<p>Finalmente, en materia rural, se plantearon acciones para mejorar el acceso a programas de <strong>contingencias agropecuarias<\/strong> y consolidar estrategias para la <strong>preservaci\u00f3n y desarrollo sustentable del maguey pulquero<\/strong>, incluyendo <strong>capacitaci\u00f3n, acompa\u00f1amiento t\u00e9cnico y fortalecimiento de la cadena productiva<\/strong>.<\/p>\n\n\n<ul class=\"wp-block-latest-posts__list is-grid columns-3 wp-block-latest-posts\"><li><div class=\"wp-block-latest-posts__featured-image\"><img loading=\"lazy\" decoding=\"async\" width=\"150\" height=\"150\" src=\"https:\/\/www.alasmedios.com\/wp-content\/uploads\/2026\/04\/Puebla-el-Congreso-aprobo-el-Protocolo-Homologado-de-Investigacion-de-Delitos-contra-Personas-LGBTTTI-150x150.png\" class=\"attachment-thumbnail size-thumbnail wp-post-image\" alt=\"\" style=\"\" \/><\/div><a class=\"wp-block-latest-posts__post-title\" href=\"https:\/\/www.alasmedios.com\/index.php\/2026\/04\/30\/puebla-impulsa-protocolo-contra-delitos-lgbttti\/\">Puebla impulsa protocolo contra delitos LGBTTTI+<\/a><\/li>\n<li><div class=\"wp-block-latest-posts__featured-image\"><img loading=\"lazy\" decoding=\"async\" width=\"150\" height=\"150\" src=\"https:\/\/www.alasmedios.com\/wp-content\/uploads\/2026\/04\/PEC-Parque-Ecologico-Cubitos-150x150.jpg\" class=\"attachment-thumbnail size-thumbnail wp-post-image\" alt=\"\" style=\"\" \/><\/div><a class=\"wp-block-latest-posts__post-title\" href=\"https:\/\/www.alasmedios.com\/index.php\/2026\/04\/30\/naturaleza-viva-en-pachuca-cubitos-conmemora-a-los-jardines-botanicos\/\">Naturaleza viva en Pachuca: Cubitos conmemora a los jardines bot\u00e1nicos<\/a><\/li>\n<li><div class=\"wp-block-latest-posts__featured-image\"><img loading=\"lazy\" decoding=\"async\" width=\"150\" height=\"150\" src=\"https:\/\/www.alasmedios.com\/wp-content\/uploads\/2026\/04\/inteligencia-artificial-impacto-150x150.png\" class=\"attachment-thumbnail size-thumbnail wp-post-image\" alt=\"\" style=\"\" \/><\/div><a class=\"wp-block-latest-posts__post-title\" href=\"https:\/\/www.alasmedios.com\/index.php\/2026\/04\/30\/pensar-opcional-alertan-impacto-de-la-inteligencia-artificial-en-la-mente-humana\/\">\u00bfPensar es opcional? Alertan impacto de la inteligencia artificial en la mente humana<\/a><\/li>\n<\/ul>","protected":false},"excerpt":{"rendered":"<p>En Puebla el Congreso aprob\u00f3 el Protocolo Homologado de Investigaci\u00f3n de Delitos contra Personas LGBTTTI+. En una sesi\u00f3n que concentr\u00f3<\/p>\n","protected":false},"author":4,"featured_media":8848,"comment_status":"open","ping_status":"open","sticky":false,"template":"","format":"standard","meta":{"colormag_page_container_layout":"default_layout","colormag_page_sidebar_layout":"default_layout","rop_custom_images_group":[],"rop_custom_messages_group":[],"rop_publish_now":"yes","rop_publish_now_accounts":[],"rop_publish_now_history":[],"rop_publish_now_status":"pending","iawp_total_views":3,"footnotes":""},"categories":[39],"tags":[172,106,1363],"class_list":["post-8847","post","type-post","status-publish","format-standard","has-post-thumbnail","hentry","category-inicio","tag-diversidad","tag-lgbtttiqa","tag-puebla"],"magazineBlocksPostFeaturedMedia":{"thumbnail":"https:\/\/www.alasmedios.com\/wp-content\/uploads\/2026\/04\/Puebla-el-Congreso-aprobo-el-Protocolo-Homologado-de-Investigacion-de-Delitos-contra-Personas-LGBTTTI-150x150.png","medium":"https:\/\/www.alasmedios.com\/wp-content\/uploads\/2026\/04\/Puebla-el-Congreso-aprobo-el-Protocolo-Homologado-de-Investigacion-de-Delitos-contra-Personas-LGBTTTI-300x182.png","medium_large":"https:\/\/www.alasmedios.com\/wp-content\/uploads\/2026\/04\/Puebla-el-Congreso-aprobo-el-Protocolo-Homologado-de-Investigacion-de-Delitos-contra-Personas-LGBTTTI-768x466.png","large":"https:\/\/www.alasmedios.com\/wp-content\/uploads\/2026\/04\/Puebla-el-Congreso-aprobo-el-Protocolo-Homologado-de-Investigacion-de-Delitos-contra-Personas-LGBTTTI-1024x622.png","1536x1536":"https:\/\/www.alasmedios.com\/wp-content\/uploads\/2026\/04\/Puebla-el-Congreso-aprobo-el-Protocolo-Homologado-de-Investigacion-de-Delitos-contra-Personas-LGBTTTI-1536x932.png","2048x2048":"https:\/\/www.alasmedios.com\/wp-content\/uploads\/2026\/04\/Puebla-el-Congreso-aprobo-el-Protocolo-Homologado-de-Investigacion-de-Delitos-contra-Personas-LGBTTTI.png","colormag-highlighted-post":"https:\/\/www.alasmedios.com\/wp-content\/uploads\/2026\/04\/Puebla-el-Congreso-aprobo-el-Protocolo-Homologado-de-Investigacion-de-Delitos-contra-Personas-LGBTTTI-392x272.png","colormag-featured-post-medium":"https:\/\/www.alasmedios.com\/wp-content\/uploads\/2026\/04\/Puebla-el-Congreso-aprobo-el-Protocolo-Homologado-de-Investigacion-de-Delitos-contra-Personas-LGBTTTI-390x205.png","colormag-featured-post-small":"https:\/\/www.alasmedios.com\/wp-content\/uploads\/2026\/04\/Puebla-el-Congreso-aprobo-el-Protocolo-Homologado-de-Investigacion-de-Delitos-contra-Personas-LGBTTTI-130x90.png","colormag-featured-image":"https:\/\/www.alasmedios.com\/wp-content\/uploads\/2026\/04\/Puebla-el-Congreso-aprobo-el-Protocolo-Homologado-de-Investigacion-de-Delitos-contra-Personas-LGBTTTI-800x445.png","colormag-default-news":"https:\/\/www.alasmedios.com\/wp-content\/uploads\/2026\/04\/Puebla-el-Congreso-aprobo-el-Protocolo-Homologado-de-Investigacion-de-Delitos-contra-Personas-LGBTTTI-150x150.png","colormag-featured-image-large":"https:\/\/www.alasmedios.com\/wp-content\/uploads\/2026\/04\/Puebla-el-Congreso-aprobo-el-Protocolo-Homologado-de-Investigacion-de-Delitos-contra-Personas-LGBTTTI-1400x600.png"},"magazineBlocksPostAuthor":{"name":"Keila Rodr\u00edguez Pe\u00f1a","avatar":"https:\/\/secure.gravatar.com\/avatar\/a2553a2bfaa601b9d539b617c8793e151bdffb60f9e48a249912f86d4c9ebeef?s=96&d=mm&r=g"},"magazineBlocksPostCommentsNumber":"0","magazineBlocksPostExcerpt":"En Puebla el Congreso aprob\u00f3 el Protocolo Homologado de Investigaci\u00f3n de Delitos contra Personas LGBTTTI+. En una sesi\u00f3n que concentr\u00f3","magazineBlocksPostCategories":["Inicio"],"magazineBlocksPostViewCount":11,"magazineBlocksPostReadTime":4,"magazine_blocks_featured_image_url":{"full":["https:\/\/www.alasmedios.com\/wp-content\/uploads\/2026\/04\/Puebla-el-Congreso-aprobo-el-Protocolo-Homologado-de-Investigacion-de-Delitos-contra-Personas-LGBTTTI.png",2000,1214,false],"medium":["https:\/\/www.alasmedios.com\/wp-content\/uploads\/2026\/04\/Puebla-el-Congreso-aprobo-el-Protocolo-Homologado-de-Investigacion-de-Delitos-contra-Personas-LGBTTTI-300x182.png",300,182,true],"thumbnail":["https:\/\/www.alasmedios.com\/wp-content\/uploads\/2026\/04\/Puebla-el-Congreso-aprobo-el-Protocolo-Homologado-de-Investigacion-de-Delitos-contra-Personas-LGBTTTI-150x150.png",150,150,true]},"magazine_blocks_author":{"display_name":"Keila Rodr\u00edguez Pe\u00f1a","author_link":"https:\/\/www.alasmedios.com\/index.php\/author\/keila\/"},"magazine_blocks_comment":0,"magazine_blocks_author_image":"https:\/\/secure.gravatar.com\/avatar\/a2553a2bfaa601b9d539b617c8793e151bdffb60f9e48a249912f86d4c9ebeef?s=96&d=mm&r=g","magazine_blocks_category":"<a href=\"#\" class=\"category-link category-link-39\">Inicio<\/a>","yoast_head":"<!-- This site is optimized with the Yoast SEO plugin v27.5 - https:\/\/yoast.com\/product\/yoast-seo-wordpress\/ -->\r\n<title>Puebla impulsa protocolo contra delitos LGBTTTI+<\/title>\r\n<meta name=\"description\" content=\"En Puebla el Congreso aprob\u00f3 el Protocolo Homologado de Investigaci\u00f3n de Delitos contra Personas LGBTTTI+ para atender casos de violencia\" \/>\r\n<meta name=\"robots\" content=\"index, follow, max-snippet:-1, max-image-preview:large, max-video-preview:-1\" \/>\r\n<link rel=\"canonical\" href=\"https:\/\/www.alasmedios.com\/index.php\/2026\/04\/30\/puebla-impulsa-protocolo-contra-delitos-lgbttti\/\" \/>\r\n<meta property=\"og:locale\" content=\"es_MX\" \/>\r\n<meta property=\"og:type\" content=\"article\" \/>\r\n<meta property=\"og:title\" content=\"Puebla impulsa protocolo contra delitos LGBTTTI+\" \/>\r\n<meta property=\"og:description\" content=\"En Puebla el Congreso aprob\u00f3 el Protocolo Homologado de Investigaci\u00f3n de Delitos contra Personas LGBTTTI+ para atender casos de violencia\" \/>\r\n<meta property=\"og:url\" content=\"https:\/\/www.alasmedios.com\/index.php\/2026\/04\/30\/puebla-impulsa-protocolo-contra-delitos-lgbttti\/\" \/>\r\n<meta property=\"og:site_name\" content=\"Alas Medios\" \/>\r\n<meta property=\"article:published_time\" content=\"2026-04-30T20:27:05+00:00\" \/>\r\n<meta property=\"article:modified_time\" content=\"2026-04-30T20:27:08+00:00\" \/>\r\n<meta property=\"og:image\" content=\"https:\/\/www.alasmedios.com\/wp-content\/uploads\/2026\/04\/Puebla-el-Congreso-aprobo-el-Protocolo-Homologado-de-Investigacion-de-Delitos-contra-Personas-LGBTTTI.png\" \/>\r\n\t<meta property=\"og:image:width\" content=\"2000\" \/>\r\n\t<meta property=\"og:image:height\" content=\"1214\" \/>\r\n\t<meta property=\"og:image:type\" content=\"image\/png\" \/>\r\n<meta name=\"author\" content=\"Keila Rodr\u00edguez Pe\u00f1a\" \/>\r\n<meta name=\"twitter:card\" content=\"summary_large_image\" \/>\r\n<meta name=\"twitter:label1\" content=\"Escrito por\" \/>\n\t<meta name=\"twitter:data1\" content=\"Keila Rodr\u00edguez Pe\u00f1a\" \/>\n\t<meta name=\"twitter:label2\" content=\"Tiempo de lectura\" \/>\n\t<meta name=\"twitter:data2\" content=\"4 minutos\" \/>\r\n<script type=\"application\/ld+json\" class=\"yoast-schema-graph\">{\"@context\":\"https:\\\/\\\/schema.org\",\"@graph\":[{\"@type\":\"Article\",\"@id\":\"https:\\\/\\\/www.alasmedios.com\\\/index.php\\\/2026\\\/04\\\/30\\\/puebla-impulsa-protocolo-contra-delitos-lgbttti\\\/#article\",\"isPartOf\":{\"@id\":\"https:\\\/\\\/www.alasmedios.com\\\/index.php\\\/2026\\\/04\\\/30\\\/puebla-impulsa-protocolo-contra-delitos-lgbttti\\\/\"},\"author\":{\"name\":\"Keila Rodr\u00edguez Pe\u00f1a\",\"@id\":\"https:\\\/\\\/www.alasmedios.com\\\/#\\\/schema\\\/person\\\/0ba31bdd19a05ebf5c7fef1fedf99c34\"},\"headline\":\"Puebla impulsa protocolo contra delitos LGBTTTI+\",\"datePublished\":\"2026-04-30T20:27:05+00:00\",\"dateModified\":\"2026-04-30T20:27:08+00:00\",\"mainEntityOfPage\":{\"@id\":\"https:\\\/\\\/www.alasmedios.com\\\/index.php\\\/2026\\\/04\\\/30\\\/puebla-impulsa-protocolo-contra-delitos-lgbttti\\\/\"},\"wordCount\":719,\"commentCount\":0,\"publisher\":{\"@id\":\"https:\\\/\\\/www.alasmedios.com\\\/#organization\"},\"image\":{\"@id\":\"https:\\\/\\\/www.alasmedios.com\\\/index.php\\\/2026\\\/04\\\/30\\\/puebla-impulsa-protocolo-contra-delitos-lgbttti\\\/#primaryimage\"},\"thumbnailUrl\":\"https:\\\/\\\/www.alasmedios.com\\\/wp-content\\\/uploads\\\/2026\\\/04\\\/Puebla-el-Congreso-aprobo-el-Protocolo-Homologado-de-Investigacion-de-Delitos-contra-Personas-LGBTTTI.png\",\"keywords\":[\"diversidad\",\"LGBTTTIQA+\",\"Puebla\"],\"articleSection\":[\"Inicio\"],\"inLanguage\":\"es\",\"potentialAction\":[{\"@type\":\"CommentAction\",\"name\":\"Comment\",\"target\":[\"https:\\\/\\\/www.alasmedios.com\\\/index.php\\\/2026\\\/04\\\/30\\\/puebla-impulsa-protocolo-contra-delitos-lgbttti\\\/#respond\"]}]},{\"@type\":\"WebPage\",\"@id\":\"https:\\\/\\\/www.alasmedios.com\\\/index.php\\\/2026\\\/04\\\/30\\\/puebla-impulsa-protocolo-contra-delitos-lgbttti\\\/\",\"url\":\"https:\\\/\\\/www.alasmedios.com\\\/index.php\\\/2026\\\/04\\\/30\\\/puebla-impulsa-protocolo-contra-delitos-lgbttti\\\/\",\"name\":\"Puebla impulsa protocolo contra delitos LGBTTTI+\",\"isPartOf\":{\"@id\":\"https:\\\/\\\/www.alasmedios.com\\\/#website\"},\"primaryImageOfPage\":{\"@id\":\"https:\\\/\\\/www.alasmedios.com\\\/index.php\\\/2026\\\/04\\\/30\\\/puebla-impulsa-protocolo-contra-delitos-lgbttti\\\/#primaryimage\"},\"image\":{\"@id\":\"https:\\\/\\\/www.alasmedios.com\\\/index.php\\\/2026\\\/04\\\/30\\\/puebla-impulsa-protocolo-contra-delitos-lgbttti\\\/#primaryimage\"},\"thumbnailUrl\":\"https:\\\/\\\/www.alasmedios.com\\\/wp-content\\\/uploads\\\/2026\\\/04\\\/Puebla-el-Congreso-aprobo-el-Protocolo-Homologado-de-Investigacion-de-Delitos-contra-Personas-LGBTTTI.png\",\"datePublished\":\"2026-04-30T20:27:05+00:00\",\"dateModified\":\"2026-04-30T20:27:08+00:00\",\"description\":\"En Puebla el Congreso aprob\u00f3 el Protocolo Homologado de Investigaci\u00f3n de Delitos contra Personas LGBTTTI+ para atender casos de violencia\",\"breadcrumb\":{\"@id\":\"https:\\\/\\\/www.alasmedios.com\\\/index.php\\\/2026\\\/04\\\/30\\\/puebla-impulsa-protocolo-contra-delitos-lgbttti\\\/#breadcrumb\"},\"inLanguage\":\"es\",\"potentialAction\":[{\"@type\":\"ReadAction\",\"target\":[\"https:\\\/\\\/www.alasmedios.com\\\/index.php\\\/2026\\\/04\\\/30\\\/puebla-impulsa-protocolo-contra-delitos-lgbttti\\\/\"]}]},{\"@type\":\"ImageObject\",\"inLanguage\":\"es\",\"@id\":\"https:\\\/\\\/www.alasmedios.com\\\/index.php\\\/2026\\\/04\\\/30\\\/puebla-impulsa-protocolo-contra-delitos-lgbttti\\\/#primaryimage\",\"url\":\"https:\\\/\\\/www.alasmedios.com\\\/wp-content\\\/uploads\\\/2026\\\/04\\\/Puebla-el-Congreso-aprobo-el-Protocolo-Homologado-de-Investigacion-de-Delitos-contra-Personas-LGBTTTI.png\",\"contentUrl\":\"https:\\\/\\\/www.alasmedios.com\\\/wp-content\\\/uploads\\\/2026\\\/04\\\/Puebla-el-Congreso-aprobo-el-Protocolo-Homologado-de-Investigacion-de-Delitos-contra-Personas-LGBTTTI.png\",\"width\":2000,\"height\":1214},{\"@type\":\"BreadcrumbList\",\"@id\":\"https:\\\/\\\/www.alasmedios.com\\\/index.php\\\/2026\\\/04\\\/30\\\/puebla-impulsa-protocolo-contra-delitos-lgbttti\\\/#breadcrumb\",\"itemListElement\":[{\"@type\":\"ListItem\",\"position\":1,\"name\":\"Inicio\",\"item\":\"https:\\\/\\\/www.alasmedios.com\\\/\"},{\"@type\":\"ListItem\",\"position\":2,\"name\":\"Puebla impulsa protocolo contra delitos LGBTTTI+\"}]},{\"@type\":\"WebSite\",\"@id\":\"https:\\\/\\\/www.alasmedios.com\\\/#website\",\"url\":\"https:\\\/\\\/www.alasmedios.com\\\/\",\"name\":\"Alas Medios\",\"description\":\"Alas para pensar, Alas para volar, Alas de libertad\",\"publisher\":{\"@id\":\"https:\\\/\\\/www.alasmedios.com\\\/#organization\"},\"potentialAction\":[{\"@type\":\"SearchAction\",\"target\":{\"@type\":\"EntryPoint\",\"urlTemplate\":\"https:\\\/\\\/www.alasmedios.com\\\/?s={search_term_string}\"},\"query-input\":{\"@type\":\"PropertyValueSpecification\",\"valueRequired\":true,\"valueName\":\"search_term_string\"}}],\"inLanguage\":\"es\"},{\"@type\":\"Organization\",\"@id\":\"https:\\\/\\\/www.alasmedios.com\\\/#organization\",\"name\":\"Alas Medios\",\"url\":\"https:\\\/\\\/www.alasmedios.com\\\/\",\"logo\":{\"@type\":\"ImageObject\",\"inLanguage\":\"es\",\"@id\":\"https:\\\/\\\/www.alasmedios.com\\\/#\\\/schema\\\/logo\\\/image\\\/\",\"url\":\"https:\\\/\\\/www.alasmedios.com\\\/wp-content\\\/uploads\\\/2026\\\/01\\\/cropped-cropped-GAM-1.png\",\"contentUrl\":\"https:\\\/\\\/www.alasmedios.com\\\/wp-content\\\/uploads\\\/2026\\\/01\\\/cropped-cropped-GAM-1.png\",\"width\":467,\"height\":235,\"caption\":\"Alas Medios\"},\"image\":{\"@id\":\"https:\\\/\\\/www.alasmedios.com\\\/#\\\/schema\\\/logo\\\/image\\\/\"}},{\"@type\":\"Person\",\"@id\":\"https:\\\/\\\/www.alasmedios.com\\\/#\\\/schema\\\/person\\\/0ba31bdd19a05ebf5c7fef1fedf99c34\",\"name\":\"Keila Rodr\u00edguez Pe\u00f1a\",\"image\":{\"@type\":\"ImageObject\",\"inLanguage\":\"es\",\"@id\":\"https:\\\/\\\/secure.gravatar.com\\\/avatar\\\/a2553a2bfaa601b9d539b617c8793e151bdffb60f9e48a249912f86d4c9ebeef?s=96&d=mm&r=g\",\"url\":\"https:\\\/\\\/secure.gravatar.com\\\/avatar\\\/a2553a2bfaa601b9d539b617c8793e151bdffb60f9e48a249912f86d4c9ebeef?s=96&d=mm&r=g\",\"contentUrl\":\"https:\\\/\\\/secure.gravatar.com\\\/avatar\\\/a2553a2bfaa601b9d539b617c8793e151bdffb60f9e48a249912f86d4c9ebeef?s=96&d=mm&r=g\",\"caption\":\"Keila Rodr\u00edguez Pe\u00f1a\"},\"sameAs\":[\"http:\\\/\\\/www.alasmedios.com\"],\"url\":\"https:\\\/\\\/www.alasmedios.com\\\/index.php\\\/author\\\/keila\\\/\"}]}<\/script>\r\n<!-- \/ Yoast SEO plugin. -->","yoast_head_json":{"title":"Puebla impulsa protocolo contra delitos LGBTTTI+","description":"En Puebla el Congreso aprob\u00f3 el Protocolo Homologado de Investigaci\u00f3n de Delitos contra Personas LGBTTTI+ para atender casos de violencia","robots":{"index":"index","follow":"follow","max-snippet":"max-snippet:-1","max-image-preview":"max-image-preview:large","max-video-preview":"max-video-preview:-1"},"canonical":"https:\/\/www.alasmedios.com\/index.php\/2026\/04\/30\/puebla-impulsa-protocolo-contra-delitos-lgbttti\/","og_locale":"es_MX","og_type":"article","og_title":"Puebla impulsa protocolo contra delitos LGBTTTI+","og_description":"En Puebla el Congreso aprob\u00f3 el Protocolo Homologado de Investigaci\u00f3n de Delitos contra Personas LGBTTTI+ para atender casos de violencia","og_url":"https:\/\/www.alasmedios.com\/index.php\/2026\/04\/30\/puebla-impulsa-protocolo-contra-delitos-lgbttti\/","og_site_name":"Alas Medios","article_published_time":"2026-04-30T20:27:05+00:00","article_modified_time":"2026-04-30T20:27:08+00:00","og_image":[{"width":2000,"height":1214,"url":"https:\/\/www.alasmedios.com\/wp-content\/uploads\/2026\/04\/Puebla-el-Congreso-aprobo-el-Protocolo-Homologado-de-Investigacion-de-Delitos-contra-Personas-LGBTTTI.png","type":"image\/png"}],"author":"Keila Rodr\u00edguez Pe\u00f1a","twitter_card":"summary_large_image","twitter_misc":{"Escrito por":"Keila Rodr\u00edguez Pe\u00f1a","Tiempo de lectura":"4 minutos"},"schema":{"@context":"https:\/\/schema.org","@graph":[{"@type":"Article","@id":"https:\/\/www.alasmedios.com\/index.php\/2026\/04\/30\/puebla-impulsa-protocolo-contra-delitos-lgbttti\/#article","isPartOf":{"@id":"https:\/\/www.alasmedios.com\/index.php\/2026\/04\/30\/puebla-impulsa-protocolo-contra-delitos-lgbttti\/"},"author":{"name":"Keila Rodr\u00edguez Pe\u00f1a","@id":"https:\/\/www.alasmedios.com\/#\/schema\/person\/0ba31bdd19a05ebf5c7fef1fedf99c34"},"headline":"Puebla impulsa protocolo contra delitos LGBTTTI+","datePublished":"2026-04-30T20:27:05+00:00","dateModified":"2026-04-30T20:27:08+00:00","mainEntityOfPage":{"@id":"https:\/\/www.alasmedios.com\/index.php\/2026\/04\/30\/puebla-impulsa-protocolo-contra-delitos-lgbttti\/"},"wordCount":719,"commentCount":0,"publisher":{"@id":"https:\/\/www.alasmedios.com\/#organization"},"image":{"@id":"https:\/\/www.alasmedios.com\/index.php\/2026\/04\/30\/puebla-impulsa-protocolo-contra-delitos-lgbttti\/#primaryimage"},"thumbnailUrl":"https:\/\/www.alasmedios.com\/wp-content\/uploads\/2026\/04\/Puebla-el-Congreso-aprobo-el-Protocolo-Homologado-de-Investigacion-de-Delitos-contra-Personas-LGBTTTI.png","keywords":["diversidad","LGBTTTIQA+","Puebla"],"articleSection":["Inicio"],"inLanguage":"es","potentialAction":[{"@type":"CommentAction","name":"Comment","target":["https:\/\/www.alasmedios.com\/index.php\/2026\/04\/30\/puebla-impulsa-protocolo-contra-delitos-lgbttti\/#respond"]}]},{"@type":"WebPage","@id":"https:\/\/www.alasmedios.com\/index.php\/2026\/04\/30\/puebla-impulsa-protocolo-contra-delitos-lgbttti\/","url":"https:\/\/www.alasmedios.com\/index.php\/2026\/04\/30\/puebla-impulsa-protocolo-contra-delitos-lgbttti\/","name":"Puebla impulsa protocolo contra delitos LGBTTTI+","isPartOf":{"@id":"https:\/\/www.alasmedios.com\/#website"},"primaryImageOfPage":{"@id":"https:\/\/www.alasmedios.com\/index.php\/2026\/04\/30\/puebla-impulsa-protocolo-contra-delitos-lgbttti\/#primaryimage"},"image":{"@id":"https:\/\/www.alasmedios.com\/index.php\/2026\/04\/30\/puebla-impulsa-protocolo-contra-delitos-lgbttti\/#primaryimage"},"thumbnailUrl":"https:\/\/www.alasmedios.com\/wp-content\/uploads\/2026\/04\/Puebla-el-Congreso-aprobo-el-Protocolo-Homologado-de-Investigacion-de-Delitos-contra-Personas-LGBTTTI.png","datePublished":"2026-04-30T20:27:05+00:00","dateModified":"2026-04-30T20:27:08+00:00","description":"En Puebla el Congreso aprob\u00f3 el Protocolo Homologado de Investigaci\u00f3n de Delitos contra Personas LGBTTTI+ para atender casos de violencia","breadcrumb":{"@id":"https:\/\/www.alasmedios.com\/index.php\/2026\/04\/30\/puebla-impulsa-protocolo-contra-delitos-lgbttti\/#breadcrumb"},"inLanguage":"es","potentialAction":[{"@type":"ReadAction","target":["https:\/\/www.alasmedios.com\/index.php\/2026\/04\/30\/puebla-impulsa-protocolo-contra-delitos-lgbttti\/"]}]},{"@type":"ImageObject","inLanguage":"es","@id":"https:\/\/www.alasmedios.com\/index.php\/2026\/04\/30\/puebla-impulsa-protocolo-contra-delitos-lgbttti\/#primaryimage","url":"https:\/\/www.alasmedios.com\/wp-content\/uploads\/2026\/04\/Puebla-el-Congreso-aprobo-el-Protocolo-Homologado-de-Investigacion-de-Delitos-contra-Personas-LGBTTTI.png","contentUrl":"https:\/\/www.alasmedios.com\/wp-content\/uploads\/2026\/04\/Puebla-el-Congreso-aprobo-el-Protocolo-Homologado-de-Investigacion-de-Delitos-contra-Personas-LGBTTTI.png","width":2000,"height":1214},{"@type":"BreadcrumbList","@id":"https:\/\/www.alasmedios.com\/index.php\/2026\/04\/30\/puebla-impulsa-protocolo-contra-delitos-lgbttti\/#breadcrumb","itemListElement":[{"@type":"ListItem","position":1,"name":"Inicio","item":"https:\/\/www.alasmedios.com\/"},{"@type":"ListItem","position":2,"name":"Puebla impulsa protocolo contra delitos LGBTTTI+"}]},{"@type":"WebSite","@id":"https:\/\/www.alasmedios.com\/#website","url":"https:\/\/www.alasmedios.com\/","name":"Alas Medios","description":"Alas para pensar, Alas para volar, Alas de libertad","publisher":{"@id":"https:\/\/www.alasmedios.com\/#organization"},"potentialAction":[{"@type":"SearchAction","target":{"@type":"EntryPoint","urlTemplate":"https:\/\/www.alasmedios.com\/?s={search_term_string}"},"query-input":{"@type":"PropertyValueSpecification","valueRequired":true,"valueName":"search_term_string"}}],"inLanguage":"es"},{"@type":"Organization","@id":"https:\/\/www.alasmedios.com\/#organization","name":"Alas Medios","url":"https:\/\/www.alasmedios.com\/","logo":{"@type":"ImageObject","inLanguage":"es","@id":"https:\/\/www.alasmedios.com\/#\/schema\/logo\/image\/","url":"https:\/\/www.alasmedios.com\/wp-content\/uploads\/2026\/01\/cropped-cropped-GAM-1.png","contentUrl":"https:\/\/www.alasmedios.com\/wp-content\/uploads\/2026\/01\/cropped-cropped-GAM-1.png","width":467,"height":235,"caption":"Alas Medios"},"image":{"@id":"https:\/\/www.alasmedios.com\/#\/schema\/logo\/image\/"}},{"@type":"Person","@id":"https:\/\/www.alasmedios.com\/#\/schema\/person\/0ba31bdd19a05ebf5c7fef1fedf99c34","name":"Keila Rodr\u00edguez Pe\u00f1a","image":{"@type":"ImageObject","inLanguage":"es","@id":"https:\/\/secure.gravatar.com\/avatar\/a2553a2bfaa601b9d539b617c8793e151bdffb60f9e48a249912f86d4c9ebeef?s=96&d=mm&r=g","url":"https:\/\/secure.gravatar.com\/avatar\/a2553a2bfaa601b9d539b617c8793e151bdffb60f9e48a249912f86d4c9ebeef?s=96&d=mm&r=g","contentUrl":"https:\/\/secure.gravatar.com\/avatar\/a2553a2bfaa601b9d539b617c8793e151bdffb60f9e48a249912f86d4c9ebeef?s=96&d=mm&r=g","caption":"Keila Rodr\u00edguez Pe\u00f1a"},"sameAs":["http:\/\/www.alasmedios.com"],"url":"https:\/\/www.alasmedios.com\/index.php\/author\/keila\/"}]}},"_links":{"self":[{"href":"https:\/\/www.alasmedios.com\/index.php\/wp-json\/wp\/v2\/posts\/8847","targetHints":{"allow":["GET"]}}],"collection":[{"href":"https:\/\/www.alasmedios.com\/index.php\/wp-json\/wp\/v2\/posts"}],"about":[{"href":"https:\/\/www.alasmedios.com\/index.php\/wp-json\/wp\/v2\/types\/post"}],"author":[{"embeddable":true,"href":"https:\/\/www.alasmedios.com\/index.php\/wp-json\/wp\/v2\/users\/4"}],"replies":[{"embeddable":true,"href":"https:\/\/www.alasmedios.com\/index.php\/wp-json\/wp\/v2\/comments?post=8847"}],"version-history":[{"count":1,"href":"https:\/\/www.alasmedios.com\/index.php\/wp-json\/wp\/v2\/posts\/8847\/revisions"}],"predecessor-version":[{"id":8849,"href":"https:\/\/www.alasmedios.com\/index.php\/wp-json\/wp\/v2\/posts\/8847\/revisions\/8849"}],"wp:featuredmedia":[{"embeddable":true,"href":"https:\/\/www.alasmedios.com\/index.php\/wp-json\/wp\/v2\/media\/8848"}],"wp:attachment":[{"href":"https:\/\/www.alasmedios.com\/index.php\/wp-json\/wp\/v2\/media?parent=8847"}],"wp:term":[{"taxonomy":"category","embeddable":true,"href":"https:\/\/www.alasmedios.com\/index.php\/wp-json\/wp\/v2\/categories?post=8847"},{"taxonomy":"post_tag","embeddable":true,"href":"https:\/\/www.alasmedios.com\/index.php\/wp-json\/wp\/v2\/tags?post=8847"}],"curies":[{"name":"wp","href":"https:\/\/api.w.org\/{rel}","templated":true}]}}