{"id":8838,"date":"2026-04-30T13:33:58","date_gmt":"2026-04-30T19:33:58","guid":{"rendered":"https:\/\/www.alasmedios.com\/?p=8838"},"modified":"2026-04-30T13:35:23","modified_gmt":"2026-04-30T19:35:23","slug":"pensar-opcional-alertan-impacto-de-la-inteligencia-artificial-en-la-mente-humana","status":"publish","type":"post","link":"https:\/\/www.alasmedios.com\/index.php\/2026\/04\/30\/pensar-opcional-alertan-impacto-de-la-inteligencia-artificial-en-la-mente-humana\/","title":{"rendered":"\u00bfPensar es opcional? Alertan impacto de la inteligencia artificial en la mente humana"},"content":{"rendered":"\n<p>Cada vez es m\u00e1s cotidiano usar <strong>inteligencia artificial <\/strong>y reci\u00e9n comenzamos a ver el <strong>impacto en la forma que pensamos.<\/strong><\/p>\n\n\n\n<p>El avance de la <strong>inteligencia artificial<\/strong> y, en particular, de los <strong>grandes modelos de lenguaje (LLM)<\/strong>, est\u00e1 abriendo un debate inc\u00f3modo: \u00bfqu\u00e9 ocurre cuando las personas comienzan a <strong>delegar sus procesos mentales<\/strong> a las m\u00e1quinas? Investigadores advierten que esta <strong>externalizaci\u00f3n cognitiva<\/strong> podr\u00eda tener un <strong>costo silencioso<\/strong> en la <strong>memoria, el pensamiento cr\u00edtico y la creatividad<\/strong>.<\/p>\n\n\n\n<p>La alerta cobr\u00f3 fuerza a partir de observaciones como las de <strong>Nataliya Kosmyna<\/strong>, quien detect\u00f3 que estudiantes y aspirantes a pr\u00e1cticas profesionales utilizaban herramientas como <strong>ChatGPT<\/strong>, <strong>Google Gemini<\/strong> o <strong>Claude<\/strong> para redactar textos cada vez m\u00e1s similares entre s\u00ed. Paralelamente, not\u00f3 una tendencia preocupante: <strong>mayor dificultad para retener informaci\u00f3n<\/strong> y menor profundidad en el aprendizaje.<\/p>\n\n\n\n<p>CONTIN\u00daA LEYENDO: <a href=\"https:\/\/www.alasmedios.com\/index.php\/2026\/04\/30\/ninez-con-derechos-no-concesiones-dignidad-respeto-y-proteccion-como-deuda-pendiente\/\" type=\"post\" id=\"8835\">Ni\u00f1ez con derechos, no concesiones: dignidad, respeto y protecci\u00f3n como deuda pendiente<\/a><\/p>\n\n\n\n<h2 class=\"wp-block-heading\">Reducci\u00f3n de la actividad cerebral<\/h2>\n\n\n\n<p>Desde el <strong>Instituto Tecnol\u00f3gico de Massachusetts<\/strong>, Kosmyna decidi\u00f3 estudiar el fen\u00f3meno. En un experimento con <strong>54 estudiantes<\/strong>, divididos en grupos que usaron <strong>IA, buscadores o ning\u00fan apoyo tecnol\u00f3gico<\/strong>, se midi\u00f3 la <strong>actividad cerebral<\/strong> mientras redactaban ensayos. El resultado fue contundente: quienes utilizaron <strong>ChatGPT<\/strong> mostraron una <strong>reducci\u00f3n de hasta 55 % en la actividad cerebral<\/strong>, especialmente en \u00e1reas relacionadas con la <strong>creatividad y el procesamiento de informaci\u00f3n<\/strong>.<\/p>\n\n\n\n<p>M\u00e1s all\u00e1 del esfuerzo mental, el impacto tambi\u00e9n alcanz\u00f3 la <strong>memoria y la autor\u00eda<\/strong>. Los participantes que recurrieron a la IA fueron incapaces de <strong>recordar fragmentos de sus propios textos<\/strong> y manifestaron una <strong>desconexi\u00f3n con su trabajo<\/strong>, como si no les perteneciera.<\/p>\n\n\n\n<p>Diversas investigaciones apuntan a una tendencia conocida como <strong>\u201cdescarga cognitiva\u201d<\/strong>, en la que las personas trasladan tareas mentales a herramientas digitales. Algo similar ocurri\u00f3 con el llamado <strong>\u201cefecto Google\u201d<\/strong>, donde el uso constante de buscadores redujo la capacidad de <strong>retener informaci\u00f3n<\/strong>, al confiar en que siempre estar\u00e1 disponible en l\u00ednea.<\/p>\n\n\n\n<p>Sin embargo, la diferencia ahora radica en la <strong>capacidad de la IA para pensar, redactar y resolver problemas<\/strong>, lo que podr\u00eda profundizar el impacto. Estudios de la <strong>Universidad de Pensilvania<\/strong> han identificado lo que llaman <strong>\u201crendici\u00f3n cognitiva\u201d<\/strong>, es decir, la tendencia a <strong>aceptar respuestas de la IA sin cuestionarlas<\/strong>, incluso por encima de la propia intuici\u00f3n.<\/p>\n\n\n\n<p>TE PUEDE INTERESAR: <a href=\"https:\/\/www.alasmedios.com\/index.php\/2026\/02\/07\/el-pacto-del-silencio-digital-como-las-deepfakes-perpetuan-la-violencia-contra-las-mujeres\/\" type=\"post\" id=\"7753\">El pacto del silencio digital: c\u00f3mo las deepfakes perpet\u00faan la violencia contra las mujeres<\/a><\/p>\n\n\n\n<h2 class=\"wp-block-heading\">P\u00e9rdida de habilidades<\/h2>\n\n\n\n<p>Los efectos no se limitan al \u00e1mbito acad\u00e9mico. <\/p>\n\n\n\n<p>Investigaciones en contextos m\u00e9dicos han mostrado que profesionales que dependen de herramientas automatizadas pueden ver reducida su <strong>capacidad de diagn\u00f3stico sin apoyo tecnol\u00f3gico<\/strong>, lo que evidencia una posible <strong>p\u00e9rdida de habilidades<\/strong>.<\/p>\n\n\n\n<p>La preocupaci\u00f3n tambi\u00e9n es compartida por especialistas como <strong>Vivienne Ming<\/strong>, autora de <em>Robot Proof<\/em>, quien advierte que un uso pasivo de la IA puede derivar en una <strong>disminuci\u00f3n del esfuerzo cognitivo<\/strong>, reflejada incluso en la baja activaci\u00f3n de <strong>ondas gamma<\/strong>, asociadas al <strong>pensamiento complejo<\/strong>. A largo plazo, se\u00f1ala, esto podr\u00eda vincularse con <strong>deterioro cognitivo<\/strong>.<\/p>\n\n\n\n<h2 class=\"wp-block-heading\">IA un apoyo, no un reemplazo<\/h2>\n\n\n\n<p>La evidencia sugiere que el problema no es la tecnolog\u00eda en s\u00ed, sino <strong>c\u00f3mo se utiliza<\/strong>. Un peque\u00f1o grupo de usuarios que emple\u00f3 la IA como <strong>herramienta de apoyo \u2014y no como sustituto\u2014<\/strong> mostr\u00f3 mejores resultados y mayor <strong>actividad cerebral<\/strong>, lo que apunta a una posible v\u00eda: la <strong>colaboraci\u00f3n consciente entre humanos y m\u00e1quinas<\/strong>.<\/p>\n\n\n\n<p>Conceptos como la <strong>\u201cinteligencia h\u00edbrida\u201d<\/strong> plantean un equilibrio donde primero interviene el <strong>pensamiento propio<\/strong>, y luego la IA se usa para <strong>retar, complementar o profundizar ideas<\/strong>. Estrategias como la <strong>\u201cinstrucci\u00f3n n\u00e9mesis\u201d<\/strong> \u2014pedir a la IA que critique nuestras ideas\u2014 o la <strong>\u201cfricci\u00f3n productiva\u201d<\/strong> \u2014priorizar preguntas sobre respuestas\u2014 buscan precisamente evitar la pasividad.<\/p>\n\n\n\n<p>CONTIN\u00daA LEYENDO: <a href=\"https:\/\/www.alasmedios.com\/index.php\/2026\/04\/29\/alerta-en-todo-mexico-asi-sera-el-simulacro-nacional\/\" type=\"post\" id=\"8821\">Alerta en todo M\u00e9xico: as\u00ed ser\u00e1 el Simulacro Nacional<\/a><\/p>\n\n\n\n<p>El <strong>cerebro necesita esfuerzo<\/strong> para mantenerse activo. Sin ese ejercicio, la comodidad podr\u00eda convertirse en <strong>deterioro<\/strong>; el desaf\u00edo no es frenar la inteligencia artificial, sino evitar que sustituya aquello que nos define: la <strong>capacidad de cuestionar, crear y comprender<\/strong>.<\/p>\n\n\n<ul class=\"wp-block-latest-posts__list is-grid columns-3 wp-block-latest-posts\"><li><div class=\"wp-block-latest-posts__featured-image\"><img loading=\"lazy\" decoding=\"async\" width=\"150\" height=\"150\" src=\"https:\/\/www.alasmedios.com\/wp-content\/uploads\/2026\/04\/Puebla-el-Congreso-aprobo-el-Protocolo-Homologado-de-Investigacion-de-Delitos-contra-Personas-LGBTTTI-150x150.png\" class=\"attachment-thumbnail size-thumbnail wp-post-image\" alt=\"\" style=\"\" \/><\/div><a class=\"wp-block-latest-posts__post-title\" href=\"https:\/\/www.alasmedios.com\/index.php\/2026\/04\/30\/puebla-impulsa-protocolo-contra-delitos-lgbttti\/\">Puebla impulsa protocolo contra delitos LGBTTTI+<\/a><\/li>\n<li><div class=\"wp-block-latest-posts__featured-image\"><img loading=\"lazy\" decoding=\"async\" width=\"150\" height=\"150\" src=\"https:\/\/www.alasmedios.com\/wp-content\/uploads\/2026\/04\/PEC-Parque-Ecologico-Cubitos-150x150.jpg\" class=\"attachment-thumbnail size-thumbnail wp-post-image\" alt=\"\" style=\"\" \/><\/div><a class=\"wp-block-latest-posts__post-title\" href=\"https:\/\/www.alasmedios.com\/index.php\/2026\/04\/30\/naturaleza-viva-en-pachuca-cubitos-conmemora-a-los-jardines-botanicos\/\">Naturaleza viva en Pachuca: Cubitos conmemora a los jardines bot\u00e1nicos<\/a><\/li>\n<li><div class=\"wp-block-latest-posts__featured-image\"><img loading=\"lazy\" decoding=\"async\" width=\"150\" height=\"150\" src=\"https:\/\/www.alasmedios.com\/wp-content\/uploads\/2026\/04\/inteligencia-artificial-impacto-150x150.png\" class=\"attachment-thumbnail size-thumbnail wp-post-image\" alt=\"\" style=\"\" \/><\/div><a class=\"wp-block-latest-posts__post-title\" href=\"https:\/\/www.alasmedios.com\/index.php\/2026\/04\/30\/pensar-opcional-alertan-impacto-de-la-inteligencia-artificial-en-la-mente-humana\/\">\u00bfPensar es opcional? Alertan impacto de la inteligencia artificial en la mente humana<\/a><\/li>\n<\/ul>","protected":false},"excerpt":{"rendered":"<p>Cada vez es m\u00e1s cotidiano usar inteligencia artificial y reci\u00e9n comenzamos a ver el impacto en la forma que pensamos.<\/p>\n","protected":false},"author":4,"featured_media":8839,"comment_status":"open","ping_status":"open","sticky":false,"template":"","format":"standard","meta":{"colormag_page_container_layout":"default_layout","colormag_page_sidebar_layout":"default_layout","rop_custom_images_group":[],"rop_custom_messages_group":[],"rop_publish_now":"yes","rop_publish_now_accounts":[],"rop_publish_now_history":[],"rop_publish_now_status":"pending","iawp_total_views":5,"footnotes":""},"categories":[44],"tags":[572,3630,136],"class_list":["post-8838","post","type-post","status-publish","format-standard","has-post-thumbnail","hentry","category-sexualidad","tag-inteligencia-artificial","tag-pensamiento-critico","tag-salud"],"magazineBlocksPostFeaturedMedia":{"thumbnail":"https:\/\/www.alasmedios.com\/wp-content\/uploads\/2026\/04\/inteligencia-artificial-impacto-150x150.png","medium":"https:\/\/www.alasmedios.com\/wp-content\/uploads\/2026\/04\/inteligencia-artificial-impacto-300x182.png","medium_large":"https:\/\/www.alasmedios.com\/wp-content\/uploads\/2026\/04\/inteligencia-artificial-impacto-768x466.png","large":"https:\/\/www.alasmedios.com\/wp-content\/uploads\/2026\/04\/inteligencia-artificial-impacto-1024x622.png","1536x1536":"https:\/\/www.alasmedios.com\/wp-content\/uploads\/2026\/04\/inteligencia-artificial-impacto-1536x932.png","2048x2048":"https:\/\/www.alasmedios.com\/wp-content\/uploads\/2026\/04\/inteligencia-artificial-impacto.png","colormag-highlighted-post":"https:\/\/www.alasmedios.com\/wp-content\/uploads\/2026\/04\/inteligencia-artificial-impacto-392x272.png","colormag-featured-post-medium":"https:\/\/www.alasmedios.com\/wp-content\/uploads\/2026\/04\/inteligencia-artificial-impacto-390x205.png","colormag-featured-post-small":"https:\/\/www.alasmedios.com\/wp-content\/uploads\/2026\/04\/inteligencia-artificial-impacto-130x90.png","colormag-featured-image":"https:\/\/www.alasmedios.com\/wp-content\/uploads\/2026\/04\/inteligencia-artificial-impacto-800x445.png","colormag-default-news":"https:\/\/www.alasmedios.com\/wp-content\/uploads\/2026\/04\/inteligencia-artificial-impacto-150x150.png","colormag-featured-image-large":"https:\/\/www.alasmedios.com\/wp-content\/uploads\/2026\/04\/inteligencia-artificial-impacto-1400x600.png"},"magazineBlocksPostAuthor":{"name":"Keila Rodr\u00edguez Pe\u00f1a","avatar":"https:\/\/secure.gravatar.com\/avatar\/a2553a2bfaa601b9d539b617c8793e151bdffb60f9e48a249912f86d4c9ebeef?s=96&d=mm&r=g"},"magazineBlocksPostCommentsNumber":"0","magazineBlocksPostExcerpt":"Cada vez es m\u00e1s cotidiano usar inteligencia artificial y reci\u00e9n comenzamos a ver el impacto en la forma que pensamos.","magazineBlocksPostCategories":["Salud y Sexualidad"],"magazineBlocksPostViewCount":15,"magazineBlocksPostReadTime":4,"magazine_blocks_featured_image_url":{"full":["https:\/\/www.alasmedios.com\/wp-content\/uploads\/2026\/04\/inteligencia-artificial-impacto.png",2000,1214,false],"medium":["https:\/\/www.alasmedios.com\/wp-content\/uploads\/2026\/04\/inteligencia-artificial-impacto-300x182.png",300,182,true],"thumbnail":["https:\/\/www.alasmedios.com\/wp-content\/uploads\/2026\/04\/inteligencia-artificial-impacto-150x150.png",150,150,true]},"magazine_blocks_author":{"display_name":"Keila Rodr\u00edguez Pe\u00f1a","author_link":"https:\/\/www.alasmedios.com\/index.php\/author\/keila\/"},"magazine_blocks_comment":0,"magazine_blocks_author_image":"https:\/\/secure.gravatar.com\/avatar\/a2553a2bfaa601b9d539b617c8793e151bdffb60f9e48a249912f86d4c9ebeef?s=96&d=mm&r=g","magazine_blocks_category":"<a href=\"#\" class=\"category-link category-link-44\">Salud y Sexualidad<\/a>","yoast_head":"<!-- This site is optimized with the Yoast SEO plugin v27.5 - https:\/\/yoast.com\/product\/yoast-seo-wordpress\/ -->\r\n<title>\u00bfPensar es opcional? Alertan impacto de la inteligencia artificial en la mente humana<\/title>\r\n<meta name=\"description\" content=\"Cada vez es m\u00e1s cotidiano usar inteligencia artificial y reci\u00e9n comenzamos a ver el impacto en la forma que pensamos\" \/>\r\n<meta name=\"robots\" content=\"index, follow, max-snippet:-1, max-image-preview:large, max-video-preview:-1\" \/>\r\n<link rel=\"canonical\" href=\"https:\/\/www.alasmedios.com\/index.php\/2026\/04\/30\/pensar-opcional-alertan-impacto-de-la-inteligencia-artificial-en-la-mente-humana\/\" \/>\r\n<meta property=\"og:locale\" content=\"es_MX\" \/>\r\n<meta property=\"og:type\" content=\"article\" \/>\r\n<meta property=\"og:title\" content=\"\u00bfPensar es opcional? Alertan impacto de la inteligencia artificial en la mente humana\" \/>\r\n<meta property=\"og:description\" content=\"Cada vez es m\u00e1s cotidiano usar inteligencia artificial y reci\u00e9n comenzamos a ver el impacto en la forma que pensamos\" \/>\r\n<meta property=\"og:url\" content=\"https:\/\/www.alasmedios.com\/index.php\/2026\/04\/30\/pensar-opcional-alertan-impacto-de-la-inteligencia-artificial-en-la-mente-humana\/\" \/>\r\n<meta property=\"og:site_name\" content=\"Alas Medios\" \/>\r\n<meta property=\"article:published_time\" content=\"2026-04-30T19:33:58+00:00\" \/>\r\n<meta property=\"article:modified_time\" content=\"2026-04-30T19:35:23+00:00\" \/>\r\n<meta property=\"og:image\" content=\"https:\/\/www.alasmedios.com\/wp-content\/uploads\/2026\/04\/inteligencia-artificial-impacto.png\" \/>\r\n\t<meta property=\"og:image:width\" content=\"2000\" \/>\r\n\t<meta property=\"og:image:height\" content=\"1214\" \/>\r\n\t<meta property=\"og:image:type\" content=\"image\/png\" \/>\r\n<meta name=\"author\" content=\"Keila Rodr\u00edguez Pe\u00f1a\" \/>\r\n<meta name=\"twitter:card\" content=\"summary_large_image\" \/>\r\n<meta name=\"twitter:label1\" content=\"Escrito por\" \/>\n\t<meta name=\"twitter:data1\" content=\"Keila Rodr\u00edguez Pe\u00f1a\" \/>\n\t<meta name=\"twitter:label2\" content=\"Tiempo de lectura\" \/>\n\t<meta name=\"twitter:data2\" content=\"4 minutos\" \/>\r\n<script type=\"application\/ld+json\" class=\"yoast-schema-graph\">{\"@context\":\"https:\\\/\\\/schema.org\",\"@graph\":[{\"@type\":\"Article\",\"@id\":\"https:\\\/\\\/www.alasmedios.com\\\/index.php\\\/2026\\\/04\\\/30\\\/pensar-opcional-alertan-impacto-de-la-inteligencia-artificial-en-la-mente-humana\\\/#article\",\"isPartOf\":{\"@id\":\"https:\\\/\\\/www.alasmedios.com\\\/index.php\\\/2026\\\/04\\\/30\\\/pensar-opcional-alertan-impacto-de-la-inteligencia-artificial-en-la-mente-humana\\\/\"},\"author\":{\"name\":\"Keila Rodr\u00edguez Pe\u00f1a\",\"@id\":\"https:\\\/\\\/www.alasmedios.com\\\/#\\\/schema\\\/person\\\/0ba31bdd19a05ebf5c7fef1fedf99c34\"},\"headline\":\"\u00bfPensar es opcional? Alertan impacto de la inteligencia artificial en la mente humana\",\"datePublished\":\"2026-04-30T19:33:58+00:00\",\"dateModified\":\"2026-04-30T19:35:23+00:00\",\"mainEntityOfPage\":{\"@id\":\"https:\\\/\\\/www.alasmedios.com\\\/index.php\\\/2026\\\/04\\\/30\\\/pensar-opcional-alertan-impacto-de-la-inteligencia-artificial-en-la-mente-humana\\\/\"},\"wordCount\":705,\"commentCount\":0,\"publisher\":{\"@id\":\"https:\\\/\\\/www.alasmedios.com\\\/#organization\"},\"image\":{\"@id\":\"https:\\\/\\\/www.alasmedios.com\\\/index.php\\\/2026\\\/04\\\/30\\\/pensar-opcional-alertan-impacto-de-la-inteligencia-artificial-en-la-mente-humana\\\/#primaryimage\"},\"thumbnailUrl\":\"https:\\\/\\\/www.alasmedios.com\\\/wp-content\\\/uploads\\\/2026\\\/04\\\/inteligencia-artificial-impacto.png\",\"keywords\":[\"inteligencia artificial\",\"pensamiento cr\u00edtico\",\"Salud\"],\"articleSection\":[\"Salud y Sexualidad\"],\"inLanguage\":\"es\",\"potentialAction\":[{\"@type\":\"CommentAction\",\"name\":\"Comment\",\"target\":[\"https:\\\/\\\/www.alasmedios.com\\\/index.php\\\/2026\\\/04\\\/30\\\/pensar-opcional-alertan-impacto-de-la-inteligencia-artificial-en-la-mente-humana\\\/#respond\"]}]},{\"@type\":\"WebPage\",\"@id\":\"https:\\\/\\\/www.alasmedios.com\\\/index.php\\\/2026\\\/04\\\/30\\\/pensar-opcional-alertan-impacto-de-la-inteligencia-artificial-en-la-mente-humana\\\/\",\"url\":\"https:\\\/\\\/www.alasmedios.com\\\/index.php\\\/2026\\\/04\\\/30\\\/pensar-opcional-alertan-impacto-de-la-inteligencia-artificial-en-la-mente-humana\\\/\",\"name\":\"\u00bfPensar es opcional? Alertan impacto de la inteligencia artificial en la mente humana\",\"isPartOf\":{\"@id\":\"https:\\\/\\\/www.alasmedios.com\\\/#website\"},\"primaryImageOfPage\":{\"@id\":\"https:\\\/\\\/www.alasmedios.com\\\/index.php\\\/2026\\\/04\\\/30\\\/pensar-opcional-alertan-impacto-de-la-inteligencia-artificial-en-la-mente-humana\\\/#primaryimage\"},\"image\":{\"@id\":\"https:\\\/\\\/www.alasmedios.com\\\/index.php\\\/2026\\\/04\\\/30\\\/pensar-opcional-alertan-impacto-de-la-inteligencia-artificial-en-la-mente-humana\\\/#primaryimage\"},\"thumbnailUrl\":\"https:\\\/\\\/www.alasmedios.com\\\/wp-content\\\/uploads\\\/2026\\\/04\\\/inteligencia-artificial-impacto.png\",\"datePublished\":\"2026-04-30T19:33:58+00:00\",\"dateModified\":\"2026-04-30T19:35:23+00:00\",\"description\":\"Cada vez es m\u00e1s cotidiano usar inteligencia artificial y reci\u00e9n comenzamos a ver el impacto en la forma que pensamos\",\"breadcrumb\":{\"@id\":\"https:\\\/\\\/www.alasmedios.com\\\/index.php\\\/2026\\\/04\\\/30\\\/pensar-opcional-alertan-impacto-de-la-inteligencia-artificial-en-la-mente-humana\\\/#breadcrumb\"},\"inLanguage\":\"es\",\"potentialAction\":[{\"@type\":\"ReadAction\",\"target\":[\"https:\\\/\\\/www.alasmedios.com\\\/index.php\\\/2026\\\/04\\\/30\\\/pensar-opcional-alertan-impacto-de-la-inteligencia-artificial-en-la-mente-humana\\\/\"]}]},{\"@type\":\"ImageObject\",\"inLanguage\":\"es\",\"@id\":\"https:\\\/\\\/www.alasmedios.com\\\/index.php\\\/2026\\\/04\\\/30\\\/pensar-opcional-alertan-impacto-de-la-inteligencia-artificial-en-la-mente-humana\\\/#primaryimage\",\"url\":\"https:\\\/\\\/www.alasmedios.com\\\/wp-content\\\/uploads\\\/2026\\\/04\\\/inteligencia-artificial-impacto.png\",\"contentUrl\":\"https:\\\/\\\/www.alasmedios.com\\\/wp-content\\\/uploads\\\/2026\\\/04\\\/inteligencia-artificial-impacto.png\",\"width\":2000,\"height\":1214},{\"@type\":\"BreadcrumbList\",\"@id\":\"https:\\\/\\\/www.alasmedios.com\\\/index.php\\\/2026\\\/04\\\/30\\\/pensar-opcional-alertan-impacto-de-la-inteligencia-artificial-en-la-mente-humana\\\/#breadcrumb\",\"itemListElement\":[{\"@type\":\"ListItem\",\"position\":1,\"name\":\"Inicio\",\"item\":\"https:\\\/\\\/www.alasmedios.com\\\/\"},{\"@type\":\"ListItem\",\"position\":2,\"name\":\"\u00bfPensar es opcional? Alertan impacto de la inteligencia artificial en la mente humana\"}]},{\"@type\":\"WebSite\",\"@id\":\"https:\\\/\\\/www.alasmedios.com\\\/#website\",\"url\":\"https:\\\/\\\/www.alasmedios.com\\\/\",\"name\":\"Alas Medios\",\"description\":\"Alas para pensar, Alas para volar, Alas de libertad\",\"publisher\":{\"@id\":\"https:\\\/\\\/www.alasmedios.com\\\/#organization\"},\"potentialAction\":[{\"@type\":\"SearchAction\",\"target\":{\"@type\":\"EntryPoint\",\"urlTemplate\":\"https:\\\/\\\/www.alasmedios.com\\\/?s={search_term_string}\"},\"query-input\":{\"@type\":\"PropertyValueSpecification\",\"valueRequired\":true,\"valueName\":\"search_term_string\"}}],\"inLanguage\":\"es\"},{\"@type\":\"Organization\",\"@id\":\"https:\\\/\\\/www.alasmedios.com\\\/#organization\",\"name\":\"Alas Medios\",\"url\":\"https:\\\/\\\/www.alasmedios.com\\\/\",\"logo\":{\"@type\":\"ImageObject\",\"inLanguage\":\"es\",\"@id\":\"https:\\\/\\\/www.alasmedios.com\\\/#\\\/schema\\\/logo\\\/image\\\/\",\"url\":\"https:\\\/\\\/www.alasmedios.com\\\/wp-content\\\/uploads\\\/2026\\\/01\\\/cropped-cropped-GAM-1.png\",\"contentUrl\":\"https:\\\/\\\/www.alasmedios.com\\\/wp-content\\\/uploads\\\/2026\\\/01\\\/cropped-cropped-GAM-1.png\",\"width\":467,\"height\":235,\"caption\":\"Alas Medios\"},\"image\":{\"@id\":\"https:\\\/\\\/www.alasmedios.com\\\/#\\\/schema\\\/logo\\\/image\\\/\"}},{\"@type\":\"Person\",\"@id\":\"https:\\\/\\\/www.alasmedios.com\\\/#\\\/schema\\\/person\\\/0ba31bdd19a05ebf5c7fef1fedf99c34\",\"name\":\"Keila Rodr\u00edguez Pe\u00f1a\",\"image\":{\"@type\":\"ImageObject\",\"inLanguage\":\"es\",\"@id\":\"https:\\\/\\\/secure.gravatar.com\\\/avatar\\\/a2553a2bfaa601b9d539b617c8793e151bdffb60f9e48a249912f86d4c9ebeef?s=96&d=mm&r=g\",\"url\":\"https:\\\/\\\/secure.gravatar.com\\\/avatar\\\/a2553a2bfaa601b9d539b617c8793e151bdffb60f9e48a249912f86d4c9ebeef?s=96&d=mm&r=g\",\"contentUrl\":\"https:\\\/\\\/secure.gravatar.com\\\/avatar\\\/a2553a2bfaa601b9d539b617c8793e151bdffb60f9e48a249912f86d4c9ebeef?s=96&d=mm&r=g\",\"caption\":\"Keila Rodr\u00edguez Pe\u00f1a\"},\"sameAs\":[\"http:\\\/\\\/www.alasmedios.com\"],\"url\":\"https:\\\/\\\/www.alasmedios.com\\\/index.php\\\/author\\\/keila\\\/\"}]}<\/script>\r\n<!-- \/ Yoast SEO plugin. -->","yoast_head_json":{"title":"\u00bfPensar es opcional? Alertan impacto de la inteligencia artificial en la mente humana","description":"Cada vez es m\u00e1s cotidiano usar inteligencia artificial y reci\u00e9n comenzamos a ver el impacto en la forma que pensamos","robots":{"index":"index","follow":"follow","max-snippet":"max-snippet:-1","max-image-preview":"max-image-preview:large","max-video-preview":"max-video-preview:-1"},"canonical":"https:\/\/www.alasmedios.com\/index.php\/2026\/04\/30\/pensar-opcional-alertan-impacto-de-la-inteligencia-artificial-en-la-mente-humana\/","og_locale":"es_MX","og_type":"article","og_title":"\u00bfPensar es opcional? Alertan impacto de la inteligencia artificial en la mente humana","og_description":"Cada vez es m\u00e1s cotidiano usar inteligencia artificial y reci\u00e9n comenzamos a ver el impacto en la forma que pensamos","og_url":"https:\/\/www.alasmedios.com\/index.php\/2026\/04\/30\/pensar-opcional-alertan-impacto-de-la-inteligencia-artificial-en-la-mente-humana\/","og_site_name":"Alas Medios","article_published_time":"2026-04-30T19:33:58+00:00","article_modified_time":"2026-04-30T19:35:23+00:00","og_image":[{"width":2000,"height":1214,"url":"https:\/\/www.alasmedios.com\/wp-content\/uploads\/2026\/04\/inteligencia-artificial-impacto.png","type":"image\/png"}],"author":"Keila Rodr\u00edguez Pe\u00f1a","twitter_card":"summary_large_image","twitter_misc":{"Escrito por":"Keila Rodr\u00edguez Pe\u00f1a","Tiempo de lectura":"4 minutos"},"schema":{"@context":"https:\/\/schema.org","@graph":[{"@type":"Article","@id":"https:\/\/www.alasmedios.com\/index.php\/2026\/04\/30\/pensar-opcional-alertan-impacto-de-la-inteligencia-artificial-en-la-mente-humana\/#article","isPartOf":{"@id":"https:\/\/www.alasmedios.com\/index.php\/2026\/04\/30\/pensar-opcional-alertan-impacto-de-la-inteligencia-artificial-en-la-mente-humana\/"},"author":{"name":"Keila Rodr\u00edguez Pe\u00f1a","@id":"https:\/\/www.alasmedios.com\/#\/schema\/person\/0ba31bdd19a05ebf5c7fef1fedf99c34"},"headline":"\u00bfPensar es opcional? Alertan impacto de la inteligencia artificial en la mente humana","datePublished":"2026-04-30T19:33:58+00:00","dateModified":"2026-04-30T19:35:23+00:00","mainEntityOfPage":{"@id":"https:\/\/www.alasmedios.com\/index.php\/2026\/04\/30\/pensar-opcional-alertan-impacto-de-la-inteligencia-artificial-en-la-mente-humana\/"},"wordCount":705,"commentCount":0,"publisher":{"@id":"https:\/\/www.alasmedios.com\/#organization"},"image":{"@id":"https:\/\/www.alasmedios.com\/index.php\/2026\/04\/30\/pensar-opcional-alertan-impacto-de-la-inteligencia-artificial-en-la-mente-humana\/#primaryimage"},"thumbnailUrl":"https:\/\/www.alasmedios.com\/wp-content\/uploads\/2026\/04\/inteligencia-artificial-impacto.png","keywords":["inteligencia artificial","pensamiento cr\u00edtico","Salud"],"articleSection":["Salud y Sexualidad"],"inLanguage":"es","potentialAction":[{"@type":"CommentAction","name":"Comment","target":["https:\/\/www.alasmedios.com\/index.php\/2026\/04\/30\/pensar-opcional-alertan-impacto-de-la-inteligencia-artificial-en-la-mente-humana\/#respond"]}]},{"@type":"WebPage","@id":"https:\/\/www.alasmedios.com\/index.php\/2026\/04\/30\/pensar-opcional-alertan-impacto-de-la-inteligencia-artificial-en-la-mente-humana\/","url":"https:\/\/www.alasmedios.com\/index.php\/2026\/04\/30\/pensar-opcional-alertan-impacto-de-la-inteligencia-artificial-en-la-mente-humana\/","name":"\u00bfPensar es opcional? Alertan impacto de la inteligencia artificial en la mente humana","isPartOf":{"@id":"https:\/\/www.alasmedios.com\/#website"},"primaryImageOfPage":{"@id":"https:\/\/www.alasmedios.com\/index.php\/2026\/04\/30\/pensar-opcional-alertan-impacto-de-la-inteligencia-artificial-en-la-mente-humana\/#primaryimage"},"image":{"@id":"https:\/\/www.alasmedios.com\/index.php\/2026\/04\/30\/pensar-opcional-alertan-impacto-de-la-inteligencia-artificial-en-la-mente-humana\/#primaryimage"},"thumbnailUrl":"https:\/\/www.alasmedios.com\/wp-content\/uploads\/2026\/04\/inteligencia-artificial-impacto.png","datePublished":"2026-04-30T19:33:58+00:00","dateModified":"2026-04-30T19:35:23+00:00","description":"Cada vez es m\u00e1s cotidiano usar inteligencia artificial y reci\u00e9n comenzamos a ver el impacto en la forma que pensamos","breadcrumb":{"@id":"https:\/\/www.alasmedios.com\/index.php\/2026\/04\/30\/pensar-opcional-alertan-impacto-de-la-inteligencia-artificial-en-la-mente-humana\/#breadcrumb"},"inLanguage":"es","potentialAction":[{"@type":"ReadAction","target":["https:\/\/www.alasmedios.com\/index.php\/2026\/04\/30\/pensar-opcional-alertan-impacto-de-la-inteligencia-artificial-en-la-mente-humana\/"]}]},{"@type":"ImageObject","inLanguage":"es","@id":"https:\/\/www.alasmedios.com\/index.php\/2026\/04\/30\/pensar-opcional-alertan-impacto-de-la-inteligencia-artificial-en-la-mente-humana\/#primaryimage","url":"https:\/\/www.alasmedios.com\/wp-content\/uploads\/2026\/04\/inteligencia-artificial-impacto.png","contentUrl":"https:\/\/www.alasmedios.com\/wp-content\/uploads\/2026\/04\/inteligencia-artificial-impacto.png","width":2000,"height":1214},{"@type":"BreadcrumbList","@id":"https:\/\/www.alasmedios.com\/index.php\/2026\/04\/30\/pensar-opcional-alertan-impacto-de-la-inteligencia-artificial-en-la-mente-humana\/#breadcrumb","itemListElement":[{"@type":"ListItem","position":1,"name":"Inicio","item":"https:\/\/www.alasmedios.com\/"},{"@type":"ListItem","position":2,"name":"\u00bfPensar es opcional? Alertan impacto de la inteligencia artificial en la mente humana"}]},{"@type":"WebSite","@id":"https:\/\/www.alasmedios.com\/#website","url":"https:\/\/www.alasmedios.com\/","name":"Alas Medios","description":"Alas para pensar, Alas para volar, Alas de libertad","publisher":{"@id":"https:\/\/www.alasmedios.com\/#organization"},"potentialAction":[{"@type":"SearchAction","target":{"@type":"EntryPoint","urlTemplate":"https:\/\/www.alasmedios.com\/?s={search_term_string}"},"query-input":{"@type":"PropertyValueSpecification","valueRequired":true,"valueName":"search_term_string"}}],"inLanguage":"es"},{"@type":"Organization","@id":"https:\/\/www.alasmedios.com\/#organization","name":"Alas Medios","url":"https:\/\/www.alasmedios.com\/","logo":{"@type":"ImageObject","inLanguage":"es","@id":"https:\/\/www.alasmedios.com\/#\/schema\/logo\/image\/","url":"https:\/\/www.alasmedios.com\/wp-content\/uploads\/2026\/01\/cropped-cropped-GAM-1.png","contentUrl":"https:\/\/www.alasmedios.com\/wp-content\/uploads\/2026\/01\/cropped-cropped-GAM-1.png","width":467,"height":235,"caption":"Alas Medios"},"image":{"@id":"https:\/\/www.alasmedios.com\/#\/schema\/logo\/image\/"}},{"@type":"Person","@id":"https:\/\/www.alasmedios.com\/#\/schema\/person\/0ba31bdd19a05ebf5c7fef1fedf99c34","name":"Keila Rodr\u00edguez Pe\u00f1a","image":{"@type":"ImageObject","inLanguage":"es","@id":"https:\/\/secure.gravatar.com\/avatar\/a2553a2bfaa601b9d539b617c8793e151bdffb60f9e48a249912f86d4c9ebeef?s=96&d=mm&r=g","url":"https:\/\/secure.gravatar.com\/avatar\/a2553a2bfaa601b9d539b617c8793e151bdffb60f9e48a249912f86d4c9ebeef?s=96&d=mm&r=g","contentUrl":"https:\/\/secure.gravatar.com\/avatar\/a2553a2bfaa601b9d539b617c8793e151bdffb60f9e48a249912f86d4c9ebeef?s=96&d=mm&r=g","caption":"Keila Rodr\u00edguez Pe\u00f1a"},"sameAs":["http:\/\/www.alasmedios.com"],"url":"https:\/\/www.alasmedios.com\/index.php\/author\/keila\/"}]}},"_links":{"self":[{"href":"https:\/\/www.alasmedios.com\/index.php\/wp-json\/wp\/v2\/posts\/8838","targetHints":{"allow":["GET"]}}],"collection":[{"href":"https:\/\/www.alasmedios.com\/index.php\/wp-json\/wp\/v2\/posts"}],"about":[{"href":"https:\/\/www.alasmedios.com\/index.php\/wp-json\/wp\/v2\/types\/post"}],"author":[{"embeddable":true,"href":"https:\/\/www.alasmedios.com\/index.php\/wp-json\/wp\/v2\/users\/4"}],"replies":[{"embeddable":true,"href":"https:\/\/www.alasmedios.com\/index.php\/wp-json\/wp\/v2\/comments?post=8838"}],"version-history":[{"count":2,"href":"https:\/\/www.alasmedios.com\/index.php\/wp-json\/wp\/v2\/posts\/8838\/revisions"}],"predecessor-version":[{"id":8841,"href":"https:\/\/www.alasmedios.com\/index.php\/wp-json\/wp\/v2\/posts\/8838\/revisions\/8841"}],"wp:featuredmedia":[{"embeddable":true,"href":"https:\/\/www.alasmedios.com\/index.php\/wp-json\/wp\/v2\/media\/8839"}],"wp:attachment":[{"href":"https:\/\/www.alasmedios.com\/index.php\/wp-json\/wp\/v2\/media?parent=8838"}],"wp:term":[{"taxonomy":"category","embeddable":true,"href":"https:\/\/www.alasmedios.com\/index.php\/wp-json\/wp\/v2\/categories?post=8838"},{"taxonomy":"post_tag","embeddable":true,"href":"https:\/\/www.alasmedios.com\/index.php\/wp-json\/wp\/v2\/tags?post=8838"}],"curies":[{"name":"wp","href":"https:\/\/api.w.org\/{rel}","templated":true}]}}