{"id":8835,"date":"2026-04-30T11:21:34","date_gmt":"2026-04-30T17:21:34","guid":{"rendered":"https:\/\/www.alasmedios.com\/?p=8835"},"modified":"2026-04-30T11:21:38","modified_gmt":"2026-04-30T17:21:38","slug":"ninez-con-derechos-no-concesiones-dignidad-respeto-y-proteccion-como-deuda-pendiente","status":"publish","type":"post","link":"https:\/\/www.alasmedios.com\/index.php\/2026\/04\/30\/ninez-con-derechos-no-concesiones-dignidad-respeto-y-proteccion-como-deuda-pendiente\/","title":{"rendered":"Ni\u00f1ez con derechos, no concesiones: dignidad, respeto y protecci\u00f3n como deuda pendiente"},"content":{"rendered":"\n<p>Las <strong>ni\u00f1as <\/strong>y <strong>ni\u00f1os <\/strong>tienen <strong>derechos <\/strong>que deben ser respetados, as\u00ed se protege su dignidad, seguridad y bienestar.<\/p>\n\n\n\n<p>En <strong>M\u00e9xico<\/strong> y en el mundo, las <strong>ni\u00f1as y los ni\u00f1os<\/strong> no son objetos de tutela ni beneficiarios pasivos: son <strong>sujetos de derechos<\/strong>. As\u00ed lo establece la <strong>Organizaci\u00f3n de las Naciones Unidas<\/strong> a trav\u00e9s de la <strong>Convenci\u00f3n sobre los Derechos del Ni\u00f1o<\/strong>, el tratado internacional m\u00e1s ampliamente ratificado, que reconoce garant\u00edas fundamentales como el <strong>derecho a la vida, la supervivencia y el desarrollo<\/strong>, as\u00ed como a vivir con <strong>dignidad y respeto<\/strong>.<\/p>\n\n\n\n<h2 class=\"wp-block-heading\">M\u00e9xico: derechos de ni\u00f1as y ni\u00f1os<\/h2>\n\n\n\n<p>Este marco internacional obliga a los Estados a asegurar que toda persona menor de 18 a\u00f1os crezca libre de <strong>violencia, discriminaci\u00f3n y negligencia<\/strong>, y tenga acceso a <strong>educaci\u00f3n, salud, identidad y participaci\u00f3n<\/strong>. <\/p>\n\n\n\n<p>En el pa\u00eds, estos principios est\u00e1n respaldados por la <strong>Constituci\u00f3n Pol\u00edtica de los Estados Unidos Mexicanos<\/strong>, cuyo <strong>art\u00edculo 4\u00ba<\/strong> establece que en todas las decisiones debe prevalecer el <strong>inter\u00e9s superior de la ni\u00f1ez<\/strong>, un criterio que obliga a autoridades, instituciones y familias a priorizar su bienestar.<\/p>\n\n\n\n<p>CONTIN\u00daA LEYENDO: <a href=\"https:\/\/www.alasmedios.com\/index.php\/2026\/04\/29\/banquetas-libres-congreso-de-puebla-presiona-a-municipios-por-accesibilidad-real\/\" type=\"post\" id=\"8831\">Banquetas libres: Congreso de Puebla presiona a municipios por accesibilidad real<\/a><\/p>\n\n\n\n<p>Adem\u00e1s, la <strong>Ley General de los Derechos de Ni\u00f1as, Ni\u00f1os y Adolescentes<\/strong> detalla un cat\u00e1logo de <strong>derechos espec\u00edficos<\/strong>, entre ellos el <strong>derecho a la integridad personal<\/strong>, a vivir en un entorno libre de <strong>violencia f\u00edsica, psicol\u00f3gica o sexual<\/strong>, a recibir <strong>educaci\u00f3n inclusiva y de calidad<\/strong>, y a ser tratados con <strong>respeto a su dignidad humana<\/strong> en todos los espacios, incluidos el hogar, la escuela y la comunidad.<\/p>\n\n\n\n<p>Sin embargo, los datos muestran una brecha entre la ley y la realidad, de acuerdo con el <strong>Instituto Nacional de Estad\u00edstica y Geograf\u00eda<\/strong>, una proporci\u00f3n significativa de ni\u00f1as, ni\u00f1os y adolescentes en M\u00e9xico ha experimentado alg\u00fan tipo de <strong>violencia en el hogar o en la escuela<\/strong>. A nivel global, la <strong>Fondo de las Naciones Unidas para la Infancia<\/strong> advierte que alrededor de <strong>6 de cada 10 ni\u00f1os de entre 2 y 14 a\u00f1os<\/strong> han sufrido <strong>m\u00e9todos de disciplina violenta<\/strong> en sus hogares.<\/p>\n\n\n\n<h2 class=\"wp-block-heading\">Por la ni\u00f1ez<\/h2>\n\n\n\n<p>El respeto a la ni\u00f1ez no se limita a evitar el maltrato; implica reconocer su <strong>voz<\/strong>, garantizar su <strong>participaci\u00f3n<\/strong> en asuntos que les afectan y promover entornos donde puedan desarrollarse plenamente. La <strong>Comisi\u00f3n Nacional de los Derechos Humanos<\/strong> ha se\u00f1alado que el trato digno incluye tambi\u00e9n erradicar pr\u00e1cticas normalizadas como los <strong>castigos corporales<\/strong>, la humillaci\u00f3n o la exclusi\u00f3n.<\/p>\n\n\n\n<p>TE PUEDE INTERESAR: <a href=\"https:\/\/www.alasmedios.com\/index.php\/2026\/04\/29\/hasta-45-grados-en-hidalgo-protegete-ya-ante-el-calor-extremo\/\" type=\"post\" id=\"8828\">Hasta 45 grados en Hidalgo: prot\u00e9gete ya ante el calor extremo<\/a><\/p>\n\n\n\n<p>La construcci\u00f3n de una sociedad m\u00e1s justa comienza por la manera en que se trata a la infancia. Asegurar <strong>condiciones de igualdad, protecci\u00f3n y afecto<\/strong> no es un gesto opcional, sino una <strong>obligaci\u00f3n legal y \u00e9tica<\/strong>. En ese sentido, el reto no solo recae en las instituciones, sino tambi\u00e9n en las <strong>familias, escuelas y comunidades<\/strong>, donde se forjan las primeras experiencias de respeto o vulneraci\u00f3n.<\/p>\n\n\n\n<p>Reconocer a las <strong>ni\u00f1as y los ni\u00f1os como personas con derechos plenos<\/strong> implica dejar atr\u00e1s visiones adultoc\u00e9ntricas y asumir que su bienestar no puede depender de voluntades individuales.<\/p>\n\n\n<ul class=\"wp-block-latest-posts__list is-grid columns-3 wp-block-latest-posts\"><li><div class=\"wp-block-latest-posts__featured-image\"><img loading=\"lazy\" decoding=\"async\" width=\"150\" height=\"150\" src=\"https:\/\/www.alasmedios.com\/wp-content\/uploads\/2026\/04\/Puebla-el-Congreso-aprobo-el-Protocolo-Homologado-de-Investigacion-de-Delitos-contra-Personas-LGBTTTI-150x150.png\" class=\"attachment-thumbnail size-thumbnail wp-post-image\" alt=\"\" style=\"\" \/><\/div><a class=\"wp-block-latest-posts__post-title\" href=\"https:\/\/www.alasmedios.com\/index.php\/2026\/04\/30\/puebla-impulsa-protocolo-contra-delitos-lgbttti\/\">Puebla impulsa protocolo contra delitos LGBTTTI+<\/a><\/li>\n<li><div class=\"wp-block-latest-posts__featured-image\"><img loading=\"lazy\" decoding=\"async\" width=\"150\" height=\"150\" src=\"https:\/\/www.alasmedios.com\/wp-content\/uploads\/2026\/04\/PEC-Parque-Ecologico-Cubitos-150x150.jpg\" class=\"attachment-thumbnail size-thumbnail wp-post-image\" alt=\"\" style=\"\" \/><\/div><a class=\"wp-block-latest-posts__post-title\" href=\"https:\/\/www.alasmedios.com\/index.php\/2026\/04\/30\/naturaleza-viva-en-pachuca-cubitos-conmemora-a-los-jardines-botanicos\/\">Naturaleza viva en Pachuca: Cubitos conmemora a los jardines bot\u00e1nicos<\/a><\/li>\n<li><div class=\"wp-block-latest-posts__featured-image\"><img loading=\"lazy\" decoding=\"async\" width=\"150\" height=\"150\" src=\"https:\/\/www.alasmedios.com\/wp-content\/uploads\/2026\/04\/inteligencia-artificial-impacto-150x150.png\" class=\"attachment-thumbnail size-thumbnail wp-post-image\" alt=\"\" style=\"\" \/><\/div><a class=\"wp-block-latest-posts__post-title\" href=\"https:\/\/www.alasmedios.com\/index.php\/2026\/04\/30\/pensar-opcional-alertan-impacto-de-la-inteligencia-artificial-en-la-mente-humana\/\">\u00bfPensar es opcional? Alertan impacto de la inteligencia artificial en la mente humana<\/a><\/li>\n<\/ul>","protected":false},"excerpt":{"rendered":"<p>Las ni\u00f1as y ni\u00f1os tienen derechos que deben ser respetados, as\u00ed se protege su dignidad, seguridad y bienestar. En M\u00e9xico<\/p>\n","protected":false},"author":4,"featured_media":8836,"comment_status":"open","ping_status":"open","sticky":false,"template":"","format":"standard","meta":{"colormag_page_container_layout":"default_layout","colormag_page_sidebar_layout":"default_layout","rop_custom_images_group":[],"rop_custom_messages_group":[],"rop_publish_now":"yes","rop_publish_now_accounts":[],"rop_publish_now_history":[],"rop_publish_now_status":"pending","iawp_total_views":3,"footnotes":""},"categories":[42],"tags":[456,190,176],"class_list":["post-8835","post","type-post","status-publish","format-standard","has-post-thumbnail","hentry","category-familia_salud","tag-derechos","tag-ninas","tag-ninos"],"magazineBlocksPostFeaturedMedia":{"thumbnail":"https:\/\/www.alasmedios.com\/wp-content\/uploads\/2026\/04\/ninas-y-ninos-tienen-derechos-150x150.png","medium":"https:\/\/www.alasmedios.com\/wp-content\/uploads\/2026\/04\/ninas-y-ninos-tienen-derechos-300x182.png","medium_large":"https:\/\/www.alasmedios.com\/wp-content\/uploads\/2026\/04\/ninas-y-ninos-tienen-derechos-768x466.png","large":"https:\/\/www.alasmedios.com\/wp-content\/uploads\/2026\/04\/ninas-y-ninos-tienen-derechos-1024x622.png","1536x1536":"https:\/\/www.alasmedios.com\/wp-content\/uploads\/2026\/04\/ninas-y-ninos-tienen-derechos-1536x932.png","2048x2048":"https:\/\/www.alasmedios.com\/wp-content\/uploads\/2026\/04\/ninas-y-ninos-tienen-derechos.png","colormag-highlighted-post":"https:\/\/www.alasmedios.com\/wp-content\/uploads\/2026\/04\/ninas-y-ninos-tienen-derechos-392x272.png","colormag-featured-post-medium":"https:\/\/www.alasmedios.com\/wp-content\/uploads\/2026\/04\/ninas-y-ninos-tienen-derechos-390x205.png","colormag-featured-post-small":"https:\/\/www.alasmedios.com\/wp-content\/uploads\/2026\/04\/ninas-y-ninos-tienen-derechos-130x90.png","colormag-featured-image":"https:\/\/www.alasmedios.com\/wp-content\/uploads\/2026\/04\/ninas-y-ninos-tienen-derechos-800x445.png","colormag-default-news":"https:\/\/www.alasmedios.com\/wp-content\/uploads\/2026\/04\/ninas-y-ninos-tienen-derechos-150x150.png","colormag-featured-image-large":"https:\/\/www.alasmedios.com\/wp-content\/uploads\/2026\/04\/ninas-y-ninos-tienen-derechos-1400x600.png"},"magazineBlocksPostAuthor":{"name":"Keila Rodr\u00edguez Pe\u00f1a","avatar":"https:\/\/secure.gravatar.com\/avatar\/a2553a2bfaa601b9d539b617c8793e151bdffb60f9e48a249912f86d4c9ebeef?s=96&d=mm&r=g"},"magazineBlocksPostCommentsNumber":"0","magazineBlocksPostExcerpt":"Las ni\u00f1as y ni\u00f1os tienen derechos que deben ser respetados, as\u00ed se protege su dignidad, seguridad y bienestar. En M\u00e9xico","magazineBlocksPostCategories":["Familia y Bienestar"],"magazineBlocksPostViewCount":9,"magazineBlocksPostReadTime":3,"magazine_blocks_featured_image_url":{"full":["https:\/\/www.alasmedios.com\/wp-content\/uploads\/2026\/04\/ninas-y-ninos-tienen-derechos.png",2000,1214,false],"medium":["https:\/\/www.alasmedios.com\/wp-content\/uploads\/2026\/04\/ninas-y-ninos-tienen-derechos-300x182.png",300,182,true],"thumbnail":["https:\/\/www.alasmedios.com\/wp-content\/uploads\/2026\/04\/ninas-y-ninos-tienen-derechos-150x150.png",150,150,true]},"magazine_blocks_author":{"display_name":"Keila Rodr\u00edguez Pe\u00f1a","author_link":"https:\/\/www.alasmedios.com\/index.php\/author\/keila\/"},"magazine_blocks_comment":0,"magazine_blocks_author_image":"https:\/\/secure.gravatar.com\/avatar\/a2553a2bfaa601b9d539b617c8793e151bdffb60f9e48a249912f86d4c9ebeef?s=96&d=mm&r=g","magazine_blocks_category":"<a href=\"#\" class=\"category-link category-link-42\">Familia y Bienestar<\/a>","yoast_head":"<!-- This site is optimized with the Yoast SEO plugin v27.5 - https:\/\/yoast.com\/product\/yoast-seo-wordpress\/ -->\r\n<title>Ni\u00f1ez con derechos, no concesiones: dignidad, respeto y protecci\u00f3n como deuda pendiente<\/title>\r\n<meta name=\"description\" content=\"Las ni\u00f1as y ni\u00f1os tienen derechos que deben ser respetados, as\u00ed se protege su dignidad, seguridad y bienestar\" \/>\r\n<meta name=\"robots\" content=\"index, follow, max-snippet:-1, max-image-preview:large, max-video-preview:-1\" \/>\r\n<link rel=\"canonical\" href=\"https:\/\/www.alasmedios.com\/index.php\/2026\/04\/30\/ninez-con-derechos-no-concesiones-dignidad-respeto-y-proteccion-como-deuda-pendiente\/\" \/>\r\n<meta property=\"og:locale\" content=\"es_MX\" \/>\r\n<meta property=\"og:type\" content=\"article\" \/>\r\n<meta property=\"og:title\" content=\"Ni\u00f1ez con derechos, no concesiones: dignidad, respeto y protecci\u00f3n como deuda pendiente\" \/>\r\n<meta property=\"og:description\" content=\"Las ni\u00f1as y ni\u00f1os tienen derechos que deben ser respetados, as\u00ed se protege su dignidad, seguridad y bienestar\" \/>\r\n<meta property=\"og:url\" content=\"https:\/\/www.alasmedios.com\/index.php\/2026\/04\/30\/ninez-con-derechos-no-concesiones-dignidad-respeto-y-proteccion-como-deuda-pendiente\/\" \/>\r\n<meta property=\"og:site_name\" content=\"Alas Medios\" \/>\r\n<meta property=\"article:published_time\" content=\"2026-04-30T17:21:34+00:00\" \/>\r\n<meta property=\"article:modified_time\" content=\"2026-04-30T17:21:38+00:00\" \/>\r\n<meta property=\"og:image\" content=\"https:\/\/www.alasmedios.com\/wp-content\/uploads\/2026\/04\/ninas-y-ninos-tienen-derechos-1024x622.png\" \/>\r\n\t<meta property=\"og:image:width\" content=\"1024\" \/>\r\n\t<meta property=\"og:image:height\" content=\"622\" \/>\r\n\t<meta property=\"og:image:type\" content=\"image\/png\" \/>\r\n<meta name=\"author\" content=\"Keila Rodr\u00edguez Pe\u00f1a\" \/>\r\n<meta name=\"twitter:card\" content=\"summary_large_image\" \/>\r\n<meta name=\"twitter:label1\" content=\"Escrito por\" \/>\n\t<meta name=\"twitter:data1\" content=\"Keila Rodr\u00edguez Pe\u00f1a\" \/>\n\t<meta name=\"twitter:label2\" content=\"Tiempo de lectura\" \/>\n\t<meta name=\"twitter:data2\" content=\"3 minutos\" \/>\r\n<script type=\"application\/ld+json\" class=\"yoast-schema-graph\">{\"@context\":\"https:\\\/\\\/schema.org\",\"@graph\":[{\"@type\":\"Article\",\"@id\":\"https:\\\/\\\/www.alasmedios.com\\\/index.php\\\/2026\\\/04\\\/30\\\/ninez-con-derechos-no-concesiones-dignidad-respeto-y-proteccion-como-deuda-pendiente\\\/#article\",\"isPartOf\":{\"@id\":\"https:\\\/\\\/www.alasmedios.com\\\/index.php\\\/2026\\\/04\\\/30\\\/ninez-con-derechos-no-concesiones-dignidad-respeto-y-proteccion-como-deuda-pendiente\\\/\"},\"author\":{\"name\":\"Keila Rodr\u00edguez Pe\u00f1a\",\"@id\":\"https:\\\/\\\/www.alasmedios.com\\\/#\\\/schema\\\/person\\\/0ba31bdd19a05ebf5c7fef1fedf99c34\"},\"headline\":\"Ni\u00f1ez con derechos, no concesiones: dignidad, respeto y protecci\u00f3n como deuda pendiente\",\"datePublished\":\"2026-04-30T17:21:34+00:00\",\"dateModified\":\"2026-04-30T17:21:38+00:00\",\"mainEntityOfPage\":{\"@id\":\"https:\\\/\\\/www.alasmedios.com\\\/index.php\\\/2026\\\/04\\\/30\\\/ninez-con-derechos-no-concesiones-dignidad-respeto-y-proteccion-como-deuda-pendiente\\\/\"},\"wordCount\":574,\"commentCount\":0,\"publisher\":{\"@id\":\"https:\\\/\\\/www.alasmedios.com\\\/#organization\"},\"image\":{\"@id\":\"https:\\\/\\\/www.alasmedios.com\\\/index.php\\\/2026\\\/04\\\/30\\\/ninez-con-derechos-no-concesiones-dignidad-respeto-y-proteccion-como-deuda-pendiente\\\/#primaryimage\"},\"thumbnailUrl\":\"https:\\\/\\\/www.alasmedios.com\\\/wp-content\\\/uploads\\\/2026\\\/04\\\/ninas-y-ninos-tienen-derechos.png\",\"keywords\":[\"derechos\",\"ni\u00f1as\",\"ni\u00f1os\"],\"articleSection\":[\"Familia y Bienestar\"],\"inLanguage\":\"es\",\"potentialAction\":[{\"@type\":\"CommentAction\",\"name\":\"Comment\",\"target\":[\"https:\\\/\\\/www.alasmedios.com\\\/index.php\\\/2026\\\/04\\\/30\\\/ninez-con-derechos-no-concesiones-dignidad-respeto-y-proteccion-como-deuda-pendiente\\\/#respond\"]}]},{\"@type\":\"WebPage\",\"@id\":\"https:\\\/\\\/www.alasmedios.com\\\/index.php\\\/2026\\\/04\\\/30\\\/ninez-con-derechos-no-concesiones-dignidad-respeto-y-proteccion-como-deuda-pendiente\\\/\",\"url\":\"https:\\\/\\\/www.alasmedios.com\\\/index.php\\\/2026\\\/04\\\/30\\\/ninez-con-derechos-no-concesiones-dignidad-respeto-y-proteccion-como-deuda-pendiente\\\/\",\"name\":\"Ni\u00f1ez con derechos, no concesiones: dignidad, respeto y protecci\u00f3n como deuda pendiente\",\"isPartOf\":{\"@id\":\"https:\\\/\\\/www.alasmedios.com\\\/#website\"},\"primaryImageOfPage\":{\"@id\":\"https:\\\/\\\/www.alasmedios.com\\\/index.php\\\/2026\\\/04\\\/30\\\/ninez-con-derechos-no-concesiones-dignidad-respeto-y-proteccion-como-deuda-pendiente\\\/#primaryimage\"},\"image\":{\"@id\":\"https:\\\/\\\/www.alasmedios.com\\\/index.php\\\/2026\\\/04\\\/30\\\/ninez-con-derechos-no-concesiones-dignidad-respeto-y-proteccion-como-deuda-pendiente\\\/#primaryimage\"},\"thumbnailUrl\":\"https:\\\/\\\/www.alasmedios.com\\\/wp-content\\\/uploads\\\/2026\\\/04\\\/ninas-y-ninos-tienen-derechos.png\",\"datePublished\":\"2026-04-30T17:21:34+00:00\",\"dateModified\":\"2026-04-30T17:21:38+00:00\",\"description\":\"Las ni\u00f1as y ni\u00f1os tienen derechos que deben ser respetados, as\u00ed se protege su dignidad, seguridad y bienestar\",\"breadcrumb\":{\"@id\":\"https:\\\/\\\/www.alasmedios.com\\\/index.php\\\/2026\\\/04\\\/30\\\/ninez-con-derechos-no-concesiones-dignidad-respeto-y-proteccion-como-deuda-pendiente\\\/#breadcrumb\"},\"inLanguage\":\"es\",\"potentialAction\":[{\"@type\":\"ReadAction\",\"target\":[\"https:\\\/\\\/www.alasmedios.com\\\/index.php\\\/2026\\\/04\\\/30\\\/ninez-con-derechos-no-concesiones-dignidad-respeto-y-proteccion-como-deuda-pendiente\\\/\"]}]},{\"@type\":\"ImageObject\",\"inLanguage\":\"es\",\"@id\":\"https:\\\/\\\/www.alasmedios.com\\\/index.php\\\/2026\\\/04\\\/30\\\/ninez-con-derechos-no-concesiones-dignidad-respeto-y-proteccion-como-deuda-pendiente\\\/#primaryimage\",\"url\":\"https:\\\/\\\/www.alasmedios.com\\\/wp-content\\\/uploads\\\/2026\\\/04\\\/ninas-y-ninos-tienen-derechos.png\",\"contentUrl\":\"https:\\\/\\\/www.alasmedios.com\\\/wp-content\\\/uploads\\\/2026\\\/04\\\/ninas-y-ninos-tienen-derechos.png\",\"width\":2000,\"height\":1214},{\"@type\":\"BreadcrumbList\",\"@id\":\"https:\\\/\\\/www.alasmedios.com\\\/index.php\\\/2026\\\/04\\\/30\\\/ninez-con-derechos-no-concesiones-dignidad-respeto-y-proteccion-como-deuda-pendiente\\\/#breadcrumb\",\"itemListElement\":[{\"@type\":\"ListItem\",\"position\":1,\"name\":\"Inicio\",\"item\":\"https:\\\/\\\/www.alasmedios.com\\\/\"},{\"@type\":\"ListItem\",\"position\":2,\"name\":\"Ni\u00f1ez con derechos, no concesiones: dignidad, respeto y protecci\u00f3n como deuda pendiente\"}]},{\"@type\":\"WebSite\",\"@id\":\"https:\\\/\\\/www.alasmedios.com\\\/#website\",\"url\":\"https:\\\/\\\/www.alasmedios.com\\\/\",\"name\":\"Alas Medios\",\"description\":\"Alas para pensar, Alas para volar, Alas de libertad\",\"publisher\":{\"@id\":\"https:\\\/\\\/www.alasmedios.com\\\/#organization\"},\"potentialAction\":[{\"@type\":\"SearchAction\",\"target\":{\"@type\":\"EntryPoint\",\"urlTemplate\":\"https:\\\/\\\/www.alasmedios.com\\\/?s={search_term_string}\"},\"query-input\":{\"@type\":\"PropertyValueSpecification\",\"valueRequired\":true,\"valueName\":\"search_term_string\"}}],\"inLanguage\":\"es\"},{\"@type\":\"Organization\",\"@id\":\"https:\\\/\\\/www.alasmedios.com\\\/#organization\",\"name\":\"Alas Medios\",\"url\":\"https:\\\/\\\/www.alasmedios.com\\\/\",\"logo\":{\"@type\":\"ImageObject\",\"inLanguage\":\"es\",\"@id\":\"https:\\\/\\\/www.alasmedios.com\\\/#\\\/schema\\\/logo\\\/image\\\/\",\"url\":\"https:\\\/\\\/www.alasmedios.com\\\/wp-content\\\/uploads\\\/2026\\\/01\\\/cropped-cropped-GAM-1.png\",\"contentUrl\":\"https:\\\/\\\/www.alasmedios.com\\\/wp-content\\\/uploads\\\/2026\\\/01\\\/cropped-cropped-GAM-1.png\",\"width\":467,\"height\":235,\"caption\":\"Alas Medios\"},\"image\":{\"@id\":\"https:\\\/\\\/www.alasmedios.com\\\/#\\\/schema\\\/logo\\\/image\\\/\"}},{\"@type\":\"Person\",\"@id\":\"https:\\\/\\\/www.alasmedios.com\\\/#\\\/schema\\\/person\\\/0ba31bdd19a05ebf5c7fef1fedf99c34\",\"name\":\"Keila Rodr\u00edguez Pe\u00f1a\",\"image\":{\"@type\":\"ImageObject\",\"inLanguage\":\"es\",\"@id\":\"https:\\\/\\\/secure.gravatar.com\\\/avatar\\\/a2553a2bfaa601b9d539b617c8793e151bdffb60f9e48a249912f86d4c9ebeef?s=96&d=mm&r=g\",\"url\":\"https:\\\/\\\/secure.gravatar.com\\\/avatar\\\/a2553a2bfaa601b9d539b617c8793e151bdffb60f9e48a249912f86d4c9ebeef?s=96&d=mm&r=g\",\"contentUrl\":\"https:\\\/\\\/secure.gravatar.com\\\/avatar\\\/a2553a2bfaa601b9d539b617c8793e151bdffb60f9e48a249912f86d4c9ebeef?s=96&d=mm&r=g\",\"caption\":\"Keila Rodr\u00edguez Pe\u00f1a\"},\"sameAs\":[\"http:\\\/\\\/www.alasmedios.com\"],\"url\":\"https:\\\/\\\/www.alasmedios.com\\\/index.php\\\/author\\\/keila\\\/\"}]}<\/script>\r\n<!-- \/ Yoast SEO plugin. -->","yoast_head_json":{"title":"Ni\u00f1ez con derechos, no concesiones: dignidad, respeto y protecci\u00f3n como deuda pendiente","description":"Las ni\u00f1as y ni\u00f1os tienen derechos que deben ser respetados, as\u00ed se protege su dignidad, seguridad y bienestar","robots":{"index":"index","follow":"follow","max-snippet":"max-snippet:-1","max-image-preview":"max-image-preview:large","max-video-preview":"max-video-preview:-1"},"canonical":"https:\/\/www.alasmedios.com\/index.php\/2026\/04\/30\/ninez-con-derechos-no-concesiones-dignidad-respeto-y-proteccion-como-deuda-pendiente\/","og_locale":"es_MX","og_type":"article","og_title":"Ni\u00f1ez con derechos, no concesiones: dignidad, respeto y protecci\u00f3n como deuda pendiente","og_description":"Las ni\u00f1as y ni\u00f1os tienen derechos que deben ser respetados, as\u00ed se protege su dignidad, seguridad y bienestar","og_url":"https:\/\/www.alasmedios.com\/index.php\/2026\/04\/30\/ninez-con-derechos-no-concesiones-dignidad-respeto-y-proteccion-como-deuda-pendiente\/","og_site_name":"Alas Medios","article_published_time":"2026-04-30T17:21:34+00:00","article_modified_time":"2026-04-30T17:21:38+00:00","og_image":[{"width":1024,"height":622,"url":"https:\/\/www.alasmedios.com\/wp-content\/uploads\/2026\/04\/ninas-y-ninos-tienen-derechos-1024x622.png","type":"image\/png"}],"author":"Keila Rodr\u00edguez Pe\u00f1a","twitter_card":"summary_large_image","twitter_misc":{"Escrito por":"Keila Rodr\u00edguez Pe\u00f1a","Tiempo de lectura":"3 minutos"},"schema":{"@context":"https:\/\/schema.org","@graph":[{"@type":"Article","@id":"https:\/\/www.alasmedios.com\/index.php\/2026\/04\/30\/ninez-con-derechos-no-concesiones-dignidad-respeto-y-proteccion-como-deuda-pendiente\/#article","isPartOf":{"@id":"https:\/\/www.alasmedios.com\/index.php\/2026\/04\/30\/ninez-con-derechos-no-concesiones-dignidad-respeto-y-proteccion-como-deuda-pendiente\/"},"author":{"name":"Keila Rodr\u00edguez Pe\u00f1a","@id":"https:\/\/www.alasmedios.com\/#\/schema\/person\/0ba31bdd19a05ebf5c7fef1fedf99c34"},"headline":"Ni\u00f1ez con derechos, no concesiones: dignidad, respeto y protecci\u00f3n como deuda pendiente","datePublished":"2026-04-30T17:21:34+00:00","dateModified":"2026-04-30T17:21:38+00:00","mainEntityOfPage":{"@id":"https:\/\/www.alasmedios.com\/index.php\/2026\/04\/30\/ninez-con-derechos-no-concesiones-dignidad-respeto-y-proteccion-como-deuda-pendiente\/"},"wordCount":574,"commentCount":0,"publisher":{"@id":"https:\/\/www.alasmedios.com\/#organization"},"image":{"@id":"https:\/\/www.alasmedios.com\/index.php\/2026\/04\/30\/ninez-con-derechos-no-concesiones-dignidad-respeto-y-proteccion-como-deuda-pendiente\/#primaryimage"},"thumbnailUrl":"https:\/\/www.alasmedios.com\/wp-content\/uploads\/2026\/04\/ninas-y-ninos-tienen-derechos.png","keywords":["derechos","ni\u00f1as","ni\u00f1os"],"articleSection":["Familia y Bienestar"],"inLanguage":"es","potentialAction":[{"@type":"CommentAction","name":"Comment","target":["https:\/\/www.alasmedios.com\/index.php\/2026\/04\/30\/ninez-con-derechos-no-concesiones-dignidad-respeto-y-proteccion-como-deuda-pendiente\/#respond"]}]},{"@type":"WebPage","@id":"https:\/\/www.alasmedios.com\/index.php\/2026\/04\/30\/ninez-con-derechos-no-concesiones-dignidad-respeto-y-proteccion-como-deuda-pendiente\/","url":"https:\/\/www.alasmedios.com\/index.php\/2026\/04\/30\/ninez-con-derechos-no-concesiones-dignidad-respeto-y-proteccion-como-deuda-pendiente\/","name":"Ni\u00f1ez con derechos, no concesiones: dignidad, respeto y protecci\u00f3n como deuda pendiente","isPartOf":{"@id":"https:\/\/www.alasmedios.com\/#website"},"primaryImageOfPage":{"@id":"https:\/\/www.alasmedios.com\/index.php\/2026\/04\/30\/ninez-con-derechos-no-concesiones-dignidad-respeto-y-proteccion-como-deuda-pendiente\/#primaryimage"},"image":{"@id":"https:\/\/www.alasmedios.com\/index.php\/2026\/04\/30\/ninez-con-derechos-no-concesiones-dignidad-respeto-y-proteccion-como-deuda-pendiente\/#primaryimage"},"thumbnailUrl":"https:\/\/www.alasmedios.com\/wp-content\/uploads\/2026\/04\/ninas-y-ninos-tienen-derechos.png","datePublished":"2026-04-30T17:21:34+00:00","dateModified":"2026-04-30T17:21:38+00:00","description":"Las ni\u00f1as y ni\u00f1os tienen derechos que deben ser respetados, as\u00ed se protege su dignidad, seguridad y bienestar","breadcrumb":{"@id":"https:\/\/www.alasmedios.com\/index.php\/2026\/04\/30\/ninez-con-derechos-no-concesiones-dignidad-respeto-y-proteccion-como-deuda-pendiente\/#breadcrumb"},"inLanguage":"es","potentialAction":[{"@type":"ReadAction","target":["https:\/\/www.alasmedios.com\/index.php\/2026\/04\/30\/ninez-con-derechos-no-concesiones-dignidad-respeto-y-proteccion-como-deuda-pendiente\/"]}]},{"@type":"ImageObject","inLanguage":"es","@id":"https:\/\/www.alasmedios.com\/index.php\/2026\/04\/30\/ninez-con-derechos-no-concesiones-dignidad-respeto-y-proteccion-como-deuda-pendiente\/#primaryimage","url":"https:\/\/www.alasmedios.com\/wp-content\/uploads\/2026\/04\/ninas-y-ninos-tienen-derechos.png","contentUrl":"https:\/\/www.alasmedios.com\/wp-content\/uploads\/2026\/04\/ninas-y-ninos-tienen-derechos.png","width":2000,"height":1214},{"@type":"BreadcrumbList","@id":"https:\/\/www.alasmedios.com\/index.php\/2026\/04\/30\/ninez-con-derechos-no-concesiones-dignidad-respeto-y-proteccion-como-deuda-pendiente\/#breadcrumb","itemListElement":[{"@type":"ListItem","position":1,"name":"Inicio","item":"https:\/\/www.alasmedios.com\/"},{"@type":"ListItem","position":2,"name":"Ni\u00f1ez con derechos, no concesiones: dignidad, respeto y protecci\u00f3n como deuda pendiente"}]},{"@type":"WebSite","@id":"https:\/\/www.alasmedios.com\/#website","url":"https:\/\/www.alasmedios.com\/","name":"Alas Medios","description":"Alas para pensar, Alas para volar, Alas de libertad","publisher":{"@id":"https:\/\/www.alasmedios.com\/#organization"},"potentialAction":[{"@type":"SearchAction","target":{"@type":"EntryPoint","urlTemplate":"https:\/\/www.alasmedios.com\/?s={search_term_string}"},"query-input":{"@type":"PropertyValueSpecification","valueRequired":true,"valueName":"search_term_string"}}],"inLanguage":"es"},{"@type":"Organization","@id":"https:\/\/www.alasmedios.com\/#organization","name":"Alas Medios","url":"https:\/\/www.alasmedios.com\/","logo":{"@type":"ImageObject","inLanguage":"es","@id":"https:\/\/www.alasmedios.com\/#\/schema\/logo\/image\/","url":"https:\/\/www.alasmedios.com\/wp-content\/uploads\/2026\/01\/cropped-cropped-GAM-1.png","contentUrl":"https:\/\/www.alasmedios.com\/wp-content\/uploads\/2026\/01\/cropped-cropped-GAM-1.png","width":467,"height":235,"caption":"Alas Medios"},"image":{"@id":"https:\/\/www.alasmedios.com\/#\/schema\/logo\/image\/"}},{"@type":"Person","@id":"https:\/\/www.alasmedios.com\/#\/schema\/person\/0ba31bdd19a05ebf5c7fef1fedf99c34","name":"Keila Rodr\u00edguez Pe\u00f1a","image":{"@type":"ImageObject","inLanguage":"es","@id":"https:\/\/secure.gravatar.com\/avatar\/a2553a2bfaa601b9d539b617c8793e151bdffb60f9e48a249912f86d4c9ebeef?s=96&d=mm&r=g","url":"https:\/\/secure.gravatar.com\/avatar\/a2553a2bfaa601b9d539b617c8793e151bdffb60f9e48a249912f86d4c9ebeef?s=96&d=mm&r=g","contentUrl":"https:\/\/secure.gravatar.com\/avatar\/a2553a2bfaa601b9d539b617c8793e151bdffb60f9e48a249912f86d4c9ebeef?s=96&d=mm&r=g","caption":"Keila Rodr\u00edguez Pe\u00f1a"},"sameAs":["http:\/\/www.alasmedios.com"],"url":"https:\/\/www.alasmedios.com\/index.php\/author\/keila\/"}]}},"_links":{"self":[{"href":"https:\/\/www.alasmedios.com\/index.php\/wp-json\/wp\/v2\/posts\/8835","targetHints":{"allow":["GET"]}}],"collection":[{"href":"https:\/\/www.alasmedios.com\/index.php\/wp-json\/wp\/v2\/posts"}],"about":[{"href":"https:\/\/www.alasmedios.com\/index.php\/wp-json\/wp\/v2\/types\/post"}],"author":[{"embeddable":true,"href":"https:\/\/www.alasmedios.com\/index.php\/wp-json\/wp\/v2\/users\/4"}],"replies":[{"embeddable":true,"href":"https:\/\/www.alasmedios.com\/index.php\/wp-json\/wp\/v2\/comments?post=8835"}],"version-history":[{"count":1,"href":"https:\/\/www.alasmedios.com\/index.php\/wp-json\/wp\/v2\/posts\/8835\/revisions"}],"predecessor-version":[{"id":8837,"href":"https:\/\/www.alasmedios.com\/index.php\/wp-json\/wp\/v2\/posts\/8835\/revisions\/8837"}],"wp:featuredmedia":[{"embeddable":true,"href":"https:\/\/www.alasmedios.com\/index.php\/wp-json\/wp\/v2\/media\/8836"}],"wp:attachment":[{"href":"https:\/\/www.alasmedios.com\/index.php\/wp-json\/wp\/v2\/media?parent=8835"}],"wp:term":[{"taxonomy":"category","embeddable":true,"href":"https:\/\/www.alasmedios.com\/index.php\/wp-json\/wp\/v2\/categories?post=8835"},{"taxonomy":"post_tag","embeddable":true,"href":"https:\/\/www.alasmedios.com\/index.php\/wp-json\/wp\/v2\/tags?post=8835"}],"curies":[{"name":"wp","href":"https:\/\/api.w.org\/{rel}","templated":true}]}}