{"id":8828,"date":"2026-04-29T15:33:00","date_gmt":"2026-04-29T21:33:00","guid":{"rendered":"https:\/\/www.alasmedios.com\/?p=8828"},"modified":"2026-04-29T12:49:53","modified_gmt":"2026-04-29T18:49:53","slug":"hasta-45-grados-en-hidalgo-protegete-ya-ante-el-calor-extremo","status":"publish","type":"post","link":"https:\/\/www.alasmedios.com\/index.php\/2026\/04\/29\/hasta-45-grados-en-hidalgo-protegete-ya-ante-el-calor-extremo\/","title":{"rendered":"Hasta 45 grados en Hidalgo: prot\u00e9gete ya ante el calor extremo"},"content":{"rendered":"\n<p><strong>Toma precauciones<\/strong>, las&nbsp;<strong>temperaturas altas<\/strong>&nbsp;llegan a&nbsp;<strong>Hidalgo<\/strong>, se esperan&nbsp;<strong>ondas de calor de 45 \u00b0C<\/strong>,&nbsp;<strong>bebe agua<\/strong>&nbsp;y procura la&nbsp;<strong>sombra<\/strong>.<\/p>\n\n\n\n<p>La&nbsp;<strong>onda de calor<\/strong>&nbsp;no da respiro y se intensifica en&nbsp;<strong>Hidalgo<\/strong>, donde&nbsp;<strong>autoridades advierten<\/strong>&nbsp;un escenario de&nbsp;<strong>temperaturas extremas<\/strong>&nbsp;que podr\u00edan alcanzar entre&nbsp;<strong>40 y 45 \u00b0C<\/strong>&nbsp;de&nbsp;<strong>lunes a jueves<\/strong>, con un&nbsp;<strong>repunte a\u00fan mayor hacia el viernes<\/strong>, cuando se estiman&nbsp;<strong>registros superiores a los 45 \u00b0C<\/strong>, especialmente en la&nbsp;<strong>regi\u00f3n norte y noreste del estado<\/strong>.<\/p>\n\n\n\n<p>El aviso, emitido por la&nbsp;<strong>Subsecretar\u00eda de Protecci\u00f3n Civil y Gesti\u00f3n de Riesgos<\/strong>, coloca a la entidad en un periodo de&nbsp;<strong>alto riesgo clim\u00e1tico<\/strong>, donde la&nbsp;<strong>exposici\u00f3n prolongada al calor<\/strong>&nbsp;puede derivar en&nbsp;<strong>afectaciones a la salud<\/strong>, principalmente en&nbsp;<strong>sectores vulnerables<\/strong>.<\/p>\n\n\n\n<p>CONTIN\u00daA LEYENDO: <a href=\"https:\/\/www.alasmedios.com\/index.php\/2026\/04\/29\/abren-formacion-gratuita-para-trabajadoras-de-cuidados-en-puebla\/\" type=\"post\" id=\"8825\">Abren formaci\u00f3n gratuita para trabajadoras de cuidados en Puebla<\/a><\/p>\n\n\n\n<h2 class=\"wp-block-heading\" id=\"h-medidas-de-seguridad\"><strong>Medidas de seguridad<\/strong><\/h2>\n\n\n\n<p>Frente a este panorama, se insiste en&nbsp;<strong>evitar la exposici\u00f3n al sol<\/strong>&nbsp;entre las&nbsp;<strong>11:00 y las 16:00 horas<\/strong>, considerado el&nbsp;<strong>intervalo m\u00e1s agresivo de radiaci\u00f3n<\/strong>.<\/p>\n\n\n\n<p>A la par, se subraya la necesidad de&nbsp;<strong>mantener una hidrataci\u00f3n constante<\/strong>, incluso sin la sensaci\u00f3n de sed, como una medida b\u00e1sica para prevenir&nbsp;<strong>golpes de calor<\/strong>.<\/p>\n\n\n\n<p>Las&nbsp;<strong>actividades al aire libre<\/strong>&nbsp;deber\u00e1n&nbsp;<strong>replantearse<\/strong>, privilegiando&nbsp;<strong>horarios de menor intensidad t\u00e9rmica<\/strong>&nbsp;y reduciendo el&nbsp;<strong>esfuerzo f\u00edsico<\/strong>&nbsp;en las&nbsp;<strong>horas m\u00e1s cr\u00edticas<\/strong>.<\/p>\n\n\n\n<p>El uso de&nbsp;<strong>ropa ligera<\/strong>, en&nbsp;<strong>colores claros<\/strong>, as\u00ed como&nbsp;<strong>gorra, sombrero o sombrilla<\/strong>, se vuelve parte de la rutina para enfrentar las&nbsp;<strong>altas temperaturas<\/strong>.<\/p>\n\n\n\n<p>Uno de los llamados m\u00e1s urgentes apunta a&nbsp;<strong>evitar dejar a personas o mascotas dentro de veh\u00edculos cerrados<\/strong>, donde el&nbsp;<strong>calor puede escalar r\u00e1pidamente a niveles peligrosos<\/strong>. Asimismo, se pide atenci\u00f3n especial en&nbsp;<strong>ni\u00f1as, ni\u00f1os, personas adultas mayores<\/strong>&nbsp;y quienes padecen&nbsp;<strong>enfermedades cr\u00f3nicas<\/strong>, al ser los&nbsp;<strong>grupos con mayor vulnerabilidad<\/strong>&nbsp;ante estas condiciones.<\/p>\n\n\n\n<p>TE PUEDE INTERESAR: <a href=\"https:\/\/www.alasmedios.com\/index.php\/2026\/04\/29\/arranca-en-uaeh-congreso-internacional-mujeres-feminismos-y-estudios-de-genero\/\" type=\"post\" id=\"8814\">Arranca en UAEH Congreso Internacional Mujeres, Feminismos y Estudios de G\u00e9nero<\/a><\/p>\n\n\n\n<h2 class=\"wp-block-heading\" id=\"h-atencion-a-sintomas\"><strong>\u00a1Atenci\u00f3n a s\u00edntomas!<\/strong><\/h2>\n\n\n\n<p>S\u00edntomas como&nbsp;<strong>mareo, dolor de cabeza, n\u00e1usea, debilidad o desorientaci\u00f3n<\/strong>&nbsp;deben ser atendidos de inmediato, ya que pueden ser se\u00f1ales de una&nbsp;<strong>afectaci\u00f3n grave por calor<\/strong>&nbsp;que requiere&nbsp;<strong>valoraci\u00f3n m\u00e9dica urgente<\/strong>.<\/p>\n\n\n\n<p>Mientras el&nbsp;<strong>term\u00f3metro sigue en ascenso<\/strong>, la recomendaci\u00f3n central es&nbsp;<strong>mantenerse informado<\/strong>&nbsp;a trav\u00e9s de&nbsp;<strong>canales oficiales<\/strong>&nbsp;y atender las&nbsp;<strong>indicaciones de protecci\u00f3n civil y salud<\/strong>, en un contexto donde el&nbsp;<strong>calor deja de ser una incomodidad<\/strong>&nbsp;y se convierte en una&nbsp;<strong>amenaza directa para la poblaci\u00f3n<\/strong>.<\/p>\n\n\n\n<p>Con informaci\u00f3n de <em><strong><a href=\"https:\/\/infolibre.com.mx\/\">Info Libre<\/a><\/strong><\/em>.<\/p>\n\n\n<ul class=\"wp-block-latest-posts__list is-grid columns-3 wp-block-latest-posts\"><li><div class=\"wp-block-latest-posts__featured-image\"><img loading=\"lazy\" decoding=\"async\" width=\"150\" height=\"150\" src=\"https:\/\/www.alasmedios.com\/wp-content\/uploads\/2026\/04\/banquetas-Congreso-de-Puebla-accesibles-150x150.png\" class=\"attachment-thumbnail size-thumbnail wp-post-image\" alt=\"\" style=\"\" \/><\/div><a class=\"wp-block-latest-posts__post-title\" href=\"https:\/\/www.alasmedios.com\/index.php\/2026\/04\/29\/banquetas-libres-congreso-de-puebla-presiona-a-municipios-por-accesibilidad-real\/\">Banquetas libres: Congreso de Puebla presiona a municipios por accesibilidad real<\/a><\/li>\n<li><div class=\"wp-block-latest-posts__featured-image\"><img loading=\"lazy\" decoding=\"async\" width=\"150\" height=\"150\" src=\"https:\/\/www.alasmedios.com\/wp-content\/uploads\/2026\/04\/temperaturas-altas-Hidalgo-calor-de-45-\u00b0C-150x150.png\" class=\"attachment-thumbnail size-thumbnail wp-post-image\" alt=\"\" style=\"\" \/><\/div><a class=\"wp-block-latest-posts__post-title\" href=\"https:\/\/www.alasmedios.com\/index.php\/2026\/04\/29\/hasta-45-grados-en-hidalgo-protegete-ya-ante-el-calor-extremo\/\">Hasta 45 grados en Hidalgo: prot\u00e9gete ya ante el calor extremo<\/a><\/li>\n<li><div class=\"wp-block-latest-posts__featured-image\"><img loading=\"lazy\" decoding=\"async\" width=\"150\" height=\"150\" src=\"https:\/\/www.alasmedios.com\/wp-content\/uploads\/2026\/04\/Puebla-Formacion-trabajo-del-hogar-y-trabajo-de-cuidados-150x150.png\" class=\"attachment-thumbnail size-thumbnail wp-post-image\" alt=\"\" style=\"\" \/><\/div><a class=\"wp-block-latest-posts__post-title\" href=\"https:\/\/www.alasmedios.com\/index.php\/2026\/04\/29\/abren-formacion-gratuita-para-trabajadoras-de-cuidados-en-puebla\/\">Abren formaci\u00f3n gratuita para trabajadoras de cuidados en Puebla<\/a><\/li>\n<\/ul>","protected":false},"excerpt":{"rendered":"<p>Toma precauciones, las&nbsp;temperaturas altas&nbsp;llegan a&nbsp;Hidalgo, se esperan&nbsp;ondas de calor de 45 \u00b0C,&nbsp;bebe agua&nbsp;y procura la&nbsp;sombra. La&nbsp;onda de calor&nbsp;no da respiro<\/p>\n","protected":false},"author":4,"featured_media":8829,"comment_status":"open","ping_status":"open","sticky":false,"template":"","format":"standard","meta":{"colormag_page_container_layout":"default_layout","colormag_page_sidebar_layout":"default_layout","rop_custom_images_group":[],"rop_custom_messages_group":[],"rop_publish_now":"yes","rop_publish_now_accounts":[],"rop_publish_now_history":[],"rop_publish_now_status":"pending","iawp_total_views":0,"footnotes":""},"categories":[41],"tags":[3626,575,3628,136,3627],"class_list":["post-8828","post","type-post","status-publish","format-standard","has-post-thumbnail","hentry","category-hidalgo","tag-calor","tag-clima","tag-ondas-de-calor","tag-salud","tag-temperaturas-altas"],"magazineBlocksPostFeaturedMedia":{"thumbnail":"https:\/\/www.alasmedios.com\/wp-content\/uploads\/2026\/04\/temperaturas-altas-Hidalgo-calor-de-45-\u00b0C-150x150.png","medium":"https:\/\/www.alasmedios.com\/wp-content\/uploads\/2026\/04\/temperaturas-altas-Hidalgo-calor-de-45-\u00b0C-300x182.png","medium_large":"https:\/\/www.alasmedios.com\/wp-content\/uploads\/2026\/04\/temperaturas-altas-Hidalgo-calor-de-45-\u00b0C-768x466.png","large":"https:\/\/www.alasmedios.com\/wp-content\/uploads\/2026\/04\/temperaturas-altas-Hidalgo-calor-de-45-\u00b0C-1024x622.png","1536x1536":"https:\/\/www.alasmedios.com\/wp-content\/uploads\/2026\/04\/temperaturas-altas-Hidalgo-calor-de-45-\u00b0C-1536x932.png","2048x2048":"https:\/\/www.alasmedios.com\/wp-content\/uploads\/2026\/04\/temperaturas-altas-Hidalgo-calor-de-45-\u00b0C.png","colormag-highlighted-post":"https:\/\/www.alasmedios.com\/wp-content\/uploads\/2026\/04\/temperaturas-altas-Hidalgo-calor-de-45-\u00b0C-392x272.png","colormag-featured-post-medium":"https:\/\/www.alasmedios.com\/wp-content\/uploads\/2026\/04\/temperaturas-altas-Hidalgo-calor-de-45-\u00b0C-390x205.png","colormag-featured-post-small":"https:\/\/www.alasmedios.com\/wp-content\/uploads\/2026\/04\/temperaturas-altas-Hidalgo-calor-de-45-\u00b0C-130x90.png","colormag-featured-image":"https:\/\/www.alasmedios.com\/wp-content\/uploads\/2026\/04\/temperaturas-altas-Hidalgo-calor-de-45-\u00b0C-800x445.png","colormag-default-news":"https:\/\/www.alasmedios.com\/wp-content\/uploads\/2026\/04\/temperaturas-altas-Hidalgo-calor-de-45-\u00b0C-150x150.png","colormag-featured-image-large":"https:\/\/www.alasmedios.com\/wp-content\/uploads\/2026\/04\/temperaturas-altas-Hidalgo-calor-de-45-\u00b0C-1400x600.png"},"magazineBlocksPostAuthor":{"name":"Keila Rodr\u00edguez Pe\u00f1a","avatar":"https:\/\/secure.gravatar.com\/avatar\/a2553a2bfaa601b9d539b617c8793e151bdffb60f9e48a249912f86d4c9ebeef?s=96&d=mm&r=g"},"magazineBlocksPostCommentsNumber":"0","magazineBlocksPostExcerpt":"Toma precauciones, las&nbsp;temperaturas altas&nbsp;llegan a&nbsp;Hidalgo, se esperan&nbsp;ondas de calor de 45 \u00b0C,&nbsp;bebe agua&nbsp;y procura la&nbsp;sombra. La&nbsp;onda de calor&nbsp;no da respiro","magazineBlocksPostCategories":["Hidalgo"],"magazineBlocksPostViewCount":3,"magazineBlocksPostReadTime":3,"magazine_blocks_featured_image_url":{"full":["https:\/\/www.alasmedios.com\/wp-content\/uploads\/2026\/04\/temperaturas-altas-Hidalgo-calor-de-45-\u00b0C.png",2000,1214,false],"medium":["https:\/\/www.alasmedios.com\/wp-content\/uploads\/2026\/04\/temperaturas-altas-Hidalgo-calor-de-45-\u00b0C-300x182.png",300,182,true],"thumbnail":["https:\/\/www.alasmedios.com\/wp-content\/uploads\/2026\/04\/temperaturas-altas-Hidalgo-calor-de-45-\u00b0C-150x150.png",150,150,true]},"magazine_blocks_author":{"display_name":"Keila Rodr\u00edguez Pe\u00f1a","author_link":"https:\/\/www.alasmedios.com\/index.php\/author\/keila\/"},"magazine_blocks_comment":0,"magazine_blocks_author_image":"https:\/\/secure.gravatar.com\/avatar\/a2553a2bfaa601b9d539b617c8793e151bdffb60f9e48a249912f86d4c9ebeef?s=96&d=mm&r=g","magazine_blocks_category":"<a href=\"#\" class=\"category-link category-link-41\">Hidalgo<\/a>","yoast_head":"<!-- This site is optimized with the Yoast SEO plugin v27.5 - https:\/\/yoast.com\/product\/yoast-seo-wordpress\/ -->\r\n<title>Hasta 45 grados en Hidalgo: prot\u00e9gete ya ante el calor extremo<\/title>\r\n<meta name=\"description\" content=\"Toma precauciones, las\u00a0temperaturas altas\u00a0llegan a\u00a0Hidalgo, se esperan\u00a0ondas de calor de 45 \u00b0C,\u00a0bebe agua\u00a0y procura la\u00a0sombra\" \/>\r\n<meta name=\"robots\" content=\"index, follow, max-snippet:-1, max-image-preview:large, max-video-preview:-1\" \/>\r\n<link rel=\"canonical\" href=\"https:\/\/www.alasmedios.com\/index.php\/2026\/04\/29\/hasta-45-grados-en-hidalgo-protegete-ya-ante-el-calor-extremo\/\" \/>\r\n<meta property=\"og:locale\" content=\"es_MX\" \/>\r\n<meta property=\"og:type\" content=\"article\" \/>\r\n<meta property=\"og:title\" content=\"Hasta 45 grados en Hidalgo: prot\u00e9gete ya ante el calor extremo\" \/>\r\n<meta property=\"og:description\" content=\"Toma precauciones, las\u00a0temperaturas altas\u00a0llegan a\u00a0Hidalgo, se esperan\u00a0ondas de calor de 45 \u00b0C,\u00a0bebe agua\u00a0y procura la\u00a0sombra\" \/>\r\n<meta property=\"og:url\" content=\"https:\/\/www.alasmedios.com\/index.php\/2026\/04\/29\/hasta-45-grados-en-hidalgo-protegete-ya-ante-el-calor-extremo\/\" \/>\r\n<meta property=\"og:site_name\" content=\"Alas Medios\" \/>\r\n<meta property=\"article:published_time\" content=\"2026-04-29T21:33:00+00:00\" \/>\r\n<meta property=\"og:image\" content=\"https:\/\/www.alasmedios.com\/wp-content\/uploads\/2026\/04\/temperaturas-altas-Hidalgo-calor-de-45-\u00b0C-1024x622.png\" \/>\r\n\t<meta property=\"og:image:width\" content=\"1024\" \/>\r\n\t<meta property=\"og:image:height\" content=\"622\" \/>\r\n\t<meta property=\"og:image:type\" content=\"image\/png\" \/>\r\n<meta name=\"author\" content=\"Keila Rodr\u00edguez Pe\u00f1a\" \/>\r\n<meta name=\"twitter:card\" content=\"summary_large_image\" \/>\r\n<meta name=\"twitter:label1\" content=\"Escrito por\" \/>\n\t<meta name=\"twitter:data1\" content=\"Keila Rodr\u00edguez Pe\u00f1a\" \/>\n\t<meta name=\"twitter:label2\" content=\"Tiempo de lectura\" \/>\n\t<meta name=\"twitter:data2\" content=\"2 minutos\" \/>\r\n<script type=\"application\/ld+json\" class=\"yoast-schema-graph\">{\"@context\":\"https:\\\/\\\/schema.org\",\"@graph\":[{\"@type\":\"Article\",\"@id\":\"https:\\\/\\\/www.alasmedios.com\\\/index.php\\\/2026\\\/04\\\/29\\\/hasta-45-grados-en-hidalgo-protegete-ya-ante-el-calor-extremo\\\/#article\",\"isPartOf\":{\"@id\":\"https:\\\/\\\/www.alasmedios.com\\\/index.php\\\/2026\\\/04\\\/29\\\/hasta-45-grados-en-hidalgo-protegete-ya-ante-el-calor-extremo\\\/\"},\"author\":{\"name\":\"Keila Rodr\u00edguez Pe\u00f1a\",\"@id\":\"https:\\\/\\\/www.alasmedios.com\\\/#\\\/schema\\\/person\\\/0ba31bdd19a05ebf5c7fef1fedf99c34\"},\"headline\":\"Hasta 45 grados en Hidalgo: prot\u00e9gete ya ante el calor extremo\",\"datePublished\":\"2026-04-29T21:33:00+00:00\",\"mainEntityOfPage\":{\"@id\":\"https:\\\/\\\/www.alasmedios.com\\\/index.php\\\/2026\\\/04\\\/29\\\/hasta-45-grados-en-hidalgo-protegete-ya-ante-el-calor-extremo\\\/\"},\"wordCount\":503,\"commentCount\":0,\"publisher\":{\"@id\":\"https:\\\/\\\/www.alasmedios.com\\\/#organization\"},\"image\":{\"@id\":\"https:\\\/\\\/www.alasmedios.com\\\/index.php\\\/2026\\\/04\\\/29\\\/hasta-45-grados-en-hidalgo-protegete-ya-ante-el-calor-extremo\\\/#primaryimage\"},\"thumbnailUrl\":\"https:\\\/\\\/www.alasmedios.com\\\/wp-content\\\/uploads\\\/2026\\\/04\\\/temperaturas-altas-Hidalgo-calor-de-45-\u00b0C.png\",\"keywords\":[\"calor\",\"clima\",\"ondas de calor\",\"Salud\",\"temperaturas altas\"],\"articleSection\":[\"Hidalgo\"],\"inLanguage\":\"es\",\"potentialAction\":[{\"@type\":\"CommentAction\",\"name\":\"Comment\",\"target\":[\"https:\\\/\\\/www.alasmedios.com\\\/index.php\\\/2026\\\/04\\\/29\\\/hasta-45-grados-en-hidalgo-protegete-ya-ante-el-calor-extremo\\\/#respond\"]}]},{\"@type\":\"WebPage\",\"@id\":\"https:\\\/\\\/www.alasmedios.com\\\/index.php\\\/2026\\\/04\\\/29\\\/hasta-45-grados-en-hidalgo-protegete-ya-ante-el-calor-extremo\\\/\",\"url\":\"https:\\\/\\\/www.alasmedios.com\\\/index.php\\\/2026\\\/04\\\/29\\\/hasta-45-grados-en-hidalgo-protegete-ya-ante-el-calor-extremo\\\/\",\"name\":\"Hasta 45 grados en Hidalgo: prot\u00e9gete ya ante el calor extremo\",\"isPartOf\":{\"@id\":\"https:\\\/\\\/www.alasmedios.com\\\/#website\"},\"primaryImageOfPage\":{\"@id\":\"https:\\\/\\\/www.alasmedios.com\\\/index.php\\\/2026\\\/04\\\/29\\\/hasta-45-grados-en-hidalgo-protegete-ya-ante-el-calor-extremo\\\/#primaryimage\"},\"image\":{\"@id\":\"https:\\\/\\\/www.alasmedios.com\\\/index.php\\\/2026\\\/04\\\/29\\\/hasta-45-grados-en-hidalgo-protegete-ya-ante-el-calor-extremo\\\/#primaryimage\"},\"thumbnailUrl\":\"https:\\\/\\\/www.alasmedios.com\\\/wp-content\\\/uploads\\\/2026\\\/04\\\/temperaturas-altas-Hidalgo-calor-de-45-\u00b0C.png\",\"datePublished\":\"2026-04-29T21:33:00+00:00\",\"description\":\"Toma precauciones, las\u00a0temperaturas altas\u00a0llegan a\u00a0Hidalgo, se esperan\u00a0ondas de calor de 45 \u00b0C,\u00a0bebe agua\u00a0y procura la\u00a0sombra\",\"breadcrumb\":{\"@id\":\"https:\\\/\\\/www.alasmedios.com\\\/index.php\\\/2026\\\/04\\\/29\\\/hasta-45-grados-en-hidalgo-protegete-ya-ante-el-calor-extremo\\\/#breadcrumb\"},\"inLanguage\":\"es\",\"potentialAction\":[{\"@type\":\"ReadAction\",\"target\":[\"https:\\\/\\\/www.alasmedios.com\\\/index.php\\\/2026\\\/04\\\/29\\\/hasta-45-grados-en-hidalgo-protegete-ya-ante-el-calor-extremo\\\/\"]}]},{\"@type\":\"ImageObject\",\"inLanguage\":\"es\",\"@id\":\"https:\\\/\\\/www.alasmedios.com\\\/index.php\\\/2026\\\/04\\\/29\\\/hasta-45-grados-en-hidalgo-protegete-ya-ante-el-calor-extremo\\\/#primaryimage\",\"url\":\"https:\\\/\\\/www.alasmedios.com\\\/wp-content\\\/uploads\\\/2026\\\/04\\\/temperaturas-altas-Hidalgo-calor-de-45-\u00b0C.png\",\"contentUrl\":\"https:\\\/\\\/www.alasmedios.com\\\/wp-content\\\/uploads\\\/2026\\\/04\\\/temperaturas-altas-Hidalgo-calor-de-45-\u00b0C.png\",\"width\":2000,\"height\":1214},{\"@type\":\"BreadcrumbList\",\"@id\":\"https:\\\/\\\/www.alasmedios.com\\\/index.php\\\/2026\\\/04\\\/29\\\/hasta-45-grados-en-hidalgo-protegete-ya-ante-el-calor-extremo\\\/#breadcrumb\",\"itemListElement\":[{\"@type\":\"ListItem\",\"position\":1,\"name\":\"Inicio\",\"item\":\"https:\\\/\\\/www.alasmedios.com\\\/\"},{\"@type\":\"ListItem\",\"position\":2,\"name\":\"Hasta 45 grados en Hidalgo: prot\u00e9gete ya ante el calor extremo\"}]},{\"@type\":\"WebSite\",\"@id\":\"https:\\\/\\\/www.alasmedios.com\\\/#website\",\"url\":\"https:\\\/\\\/www.alasmedios.com\\\/\",\"name\":\"Alas Medios\",\"description\":\"Alas para pensar, Alas para volar, Alas de libertad\",\"publisher\":{\"@id\":\"https:\\\/\\\/www.alasmedios.com\\\/#organization\"},\"potentialAction\":[{\"@type\":\"SearchAction\",\"target\":{\"@type\":\"EntryPoint\",\"urlTemplate\":\"https:\\\/\\\/www.alasmedios.com\\\/?s={search_term_string}\"},\"query-input\":{\"@type\":\"PropertyValueSpecification\",\"valueRequired\":true,\"valueName\":\"search_term_string\"}}],\"inLanguage\":\"es\"},{\"@type\":\"Organization\",\"@id\":\"https:\\\/\\\/www.alasmedios.com\\\/#organization\",\"name\":\"Alas Medios\",\"url\":\"https:\\\/\\\/www.alasmedios.com\\\/\",\"logo\":{\"@type\":\"ImageObject\",\"inLanguage\":\"es\",\"@id\":\"https:\\\/\\\/www.alasmedios.com\\\/#\\\/schema\\\/logo\\\/image\\\/\",\"url\":\"https:\\\/\\\/www.alasmedios.com\\\/wp-content\\\/uploads\\\/2026\\\/01\\\/cropped-cropped-GAM-1.png\",\"contentUrl\":\"https:\\\/\\\/www.alasmedios.com\\\/wp-content\\\/uploads\\\/2026\\\/01\\\/cropped-cropped-GAM-1.png\",\"width\":467,\"height\":235,\"caption\":\"Alas Medios\"},\"image\":{\"@id\":\"https:\\\/\\\/www.alasmedios.com\\\/#\\\/schema\\\/logo\\\/image\\\/\"}},{\"@type\":\"Person\",\"@id\":\"https:\\\/\\\/www.alasmedios.com\\\/#\\\/schema\\\/person\\\/0ba31bdd19a05ebf5c7fef1fedf99c34\",\"name\":\"Keila Rodr\u00edguez Pe\u00f1a\",\"image\":{\"@type\":\"ImageObject\",\"inLanguage\":\"es\",\"@id\":\"https:\\\/\\\/secure.gravatar.com\\\/avatar\\\/a2553a2bfaa601b9d539b617c8793e151bdffb60f9e48a249912f86d4c9ebeef?s=96&d=mm&r=g\",\"url\":\"https:\\\/\\\/secure.gravatar.com\\\/avatar\\\/a2553a2bfaa601b9d539b617c8793e151bdffb60f9e48a249912f86d4c9ebeef?s=96&d=mm&r=g\",\"contentUrl\":\"https:\\\/\\\/secure.gravatar.com\\\/avatar\\\/a2553a2bfaa601b9d539b617c8793e151bdffb60f9e48a249912f86d4c9ebeef?s=96&d=mm&r=g\",\"caption\":\"Keila Rodr\u00edguez Pe\u00f1a\"},\"sameAs\":[\"http:\\\/\\\/www.alasmedios.com\"],\"url\":\"https:\\\/\\\/www.alasmedios.com\\\/index.php\\\/author\\\/keila\\\/\"}]}<\/script>\r\n<!-- \/ Yoast SEO plugin. -->","yoast_head_json":{"title":"Hasta 45 grados en Hidalgo: prot\u00e9gete ya ante el calor extremo","description":"Toma precauciones, las\u00a0temperaturas altas\u00a0llegan a\u00a0Hidalgo, se esperan\u00a0ondas de calor de 45 \u00b0C,\u00a0bebe agua\u00a0y procura la\u00a0sombra","robots":{"index":"index","follow":"follow","max-snippet":"max-snippet:-1","max-image-preview":"max-image-preview:large","max-video-preview":"max-video-preview:-1"},"canonical":"https:\/\/www.alasmedios.com\/index.php\/2026\/04\/29\/hasta-45-grados-en-hidalgo-protegete-ya-ante-el-calor-extremo\/","og_locale":"es_MX","og_type":"article","og_title":"Hasta 45 grados en Hidalgo: prot\u00e9gete ya ante el calor extremo","og_description":"Toma precauciones, las\u00a0temperaturas altas\u00a0llegan a\u00a0Hidalgo, se esperan\u00a0ondas de calor de 45 \u00b0C,\u00a0bebe agua\u00a0y procura la\u00a0sombra","og_url":"https:\/\/www.alasmedios.com\/index.php\/2026\/04\/29\/hasta-45-grados-en-hidalgo-protegete-ya-ante-el-calor-extremo\/","og_site_name":"Alas Medios","article_published_time":"2026-04-29T21:33:00+00:00","og_image":[{"width":1024,"height":622,"url":"https:\/\/www.alasmedios.com\/wp-content\/uploads\/2026\/04\/temperaturas-altas-Hidalgo-calor-de-45-\u00b0C-1024x622.png","type":"image\/png"}],"author":"Keila Rodr\u00edguez Pe\u00f1a","twitter_card":"summary_large_image","twitter_misc":{"Escrito por":"Keila Rodr\u00edguez Pe\u00f1a","Tiempo de lectura":"2 minutos"},"schema":{"@context":"https:\/\/schema.org","@graph":[{"@type":"Article","@id":"https:\/\/www.alasmedios.com\/index.php\/2026\/04\/29\/hasta-45-grados-en-hidalgo-protegete-ya-ante-el-calor-extremo\/#article","isPartOf":{"@id":"https:\/\/www.alasmedios.com\/index.php\/2026\/04\/29\/hasta-45-grados-en-hidalgo-protegete-ya-ante-el-calor-extremo\/"},"author":{"name":"Keila Rodr\u00edguez Pe\u00f1a","@id":"https:\/\/www.alasmedios.com\/#\/schema\/person\/0ba31bdd19a05ebf5c7fef1fedf99c34"},"headline":"Hasta 45 grados en Hidalgo: prot\u00e9gete ya ante el calor extremo","datePublished":"2026-04-29T21:33:00+00:00","mainEntityOfPage":{"@id":"https:\/\/www.alasmedios.com\/index.php\/2026\/04\/29\/hasta-45-grados-en-hidalgo-protegete-ya-ante-el-calor-extremo\/"},"wordCount":503,"commentCount":0,"publisher":{"@id":"https:\/\/www.alasmedios.com\/#organization"},"image":{"@id":"https:\/\/www.alasmedios.com\/index.php\/2026\/04\/29\/hasta-45-grados-en-hidalgo-protegete-ya-ante-el-calor-extremo\/#primaryimage"},"thumbnailUrl":"https:\/\/www.alasmedios.com\/wp-content\/uploads\/2026\/04\/temperaturas-altas-Hidalgo-calor-de-45-\u00b0C.png","keywords":["calor","clima","ondas de calor","Salud","temperaturas altas"],"articleSection":["Hidalgo"],"inLanguage":"es","potentialAction":[{"@type":"CommentAction","name":"Comment","target":["https:\/\/www.alasmedios.com\/index.php\/2026\/04\/29\/hasta-45-grados-en-hidalgo-protegete-ya-ante-el-calor-extremo\/#respond"]}]},{"@type":"WebPage","@id":"https:\/\/www.alasmedios.com\/index.php\/2026\/04\/29\/hasta-45-grados-en-hidalgo-protegete-ya-ante-el-calor-extremo\/","url":"https:\/\/www.alasmedios.com\/index.php\/2026\/04\/29\/hasta-45-grados-en-hidalgo-protegete-ya-ante-el-calor-extremo\/","name":"Hasta 45 grados en Hidalgo: prot\u00e9gete ya ante el calor extremo","isPartOf":{"@id":"https:\/\/www.alasmedios.com\/#website"},"primaryImageOfPage":{"@id":"https:\/\/www.alasmedios.com\/index.php\/2026\/04\/29\/hasta-45-grados-en-hidalgo-protegete-ya-ante-el-calor-extremo\/#primaryimage"},"image":{"@id":"https:\/\/www.alasmedios.com\/index.php\/2026\/04\/29\/hasta-45-grados-en-hidalgo-protegete-ya-ante-el-calor-extremo\/#primaryimage"},"thumbnailUrl":"https:\/\/www.alasmedios.com\/wp-content\/uploads\/2026\/04\/temperaturas-altas-Hidalgo-calor-de-45-\u00b0C.png","datePublished":"2026-04-29T21:33:00+00:00","description":"Toma precauciones, las\u00a0temperaturas altas\u00a0llegan a\u00a0Hidalgo, se esperan\u00a0ondas de calor de 45 \u00b0C,\u00a0bebe agua\u00a0y procura la\u00a0sombra","breadcrumb":{"@id":"https:\/\/www.alasmedios.com\/index.php\/2026\/04\/29\/hasta-45-grados-en-hidalgo-protegete-ya-ante-el-calor-extremo\/#breadcrumb"},"inLanguage":"es","potentialAction":[{"@type":"ReadAction","target":["https:\/\/www.alasmedios.com\/index.php\/2026\/04\/29\/hasta-45-grados-en-hidalgo-protegete-ya-ante-el-calor-extremo\/"]}]},{"@type":"ImageObject","inLanguage":"es","@id":"https:\/\/www.alasmedios.com\/index.php\/2026\/04\/29\/hasta-45-grados-en-hidalgo-protegete-ya-ante-el-calor-extremo\/#primaryimage","url":"https:\/\/www.alasmedios.com\/wp-content\/uploads\/2026\/04\/temperaturas-altas-Hidalgo-calor-de-45-\u00b0C.png","contentUrl":"https:\/\/www.alasmedios.com\/wp-content\/uploads\/2026\/04\/temperaturas-altas-Hidalgo-calor-de-45-\u00b0C.png","width":2000,"height":1214},{"@type":"BreadcrumbList","@id":"https:\/\/www.alasmedios.com\/index.php\/2026\/04\/29\/hasta-45-grados-en-hidalgo-protegete-ya-ante-el-calor-extremo\/#breadcrumb","itemListElement":[{"@type":"ListItem","position":1,"name":"Inicio","item":"https:\/\/www.alasmedios.com\/"},{"@type":"ListItem","position":2,"name":"Hasta 45 grados en Hidalgo: prot\u00e9gete ya ante el calor extremo"}]},{"@type":"WebSite","@id":"https:\/\/www.alasmedios.com\/#website","url":"https:\/\/www.alasmedios.com\/","name":"Alas Medios","description":"Alas para pensar, Alas para volar, Alas de libertad","publisher":{"@id":"https:\/\/www.alasmedios.com\/#organization"},"potentialAction":[{"@type":"SearchAction","target":{"@type":"EntryPoint","urlTemplate":"https:\/\/www.alasmedios.com\/?s={search_term_string}"},"query-input":{"@type":"PropertyValueSpecification","valueRequired":true,"valueName":"search_term_string"}}],"inLanguage":"es"},{"@type":"Organization","@id":"https:\/\/www.alasmedios.com\/#organization","name":"Alas Medios","url":"https:\/\/www.alasmedios.com\/","logo":{"@type":"ImageObject","inLanguage":"es","@id":"https:\/\/www.alasmedios.com\/#\/schema\/logo\/image\/","url":"https:\/\/www.alasmedios.com\/wp-content\/uploads\/2026\/01\/cropped-cropped-GAM-1.png","contentUrl":"https:\/\/www.alasmedios.com\/wp-content\/uploads\/2026\/01\/cropped-cropped-GAM-1.png","width":467,"height":235,"caption":"Alas Medios"},"image":{"@id":"https:\/\/www.alasmedios.com\/#\/schema\/logo\/image\/"}},{"@type":"Person","@id":"https:\/\/www.alasmedios.com\/#\/schema\/person\/0ba31bdd19a05ebf5c7fef1fedf99c34","name":"Keila Rodr\u00edguez Pe\u00f1a","image":{"@type":"ImageObject","inLanguage":"es","@id":"https:\/\/secure.gravatar.com\/avatar\/a2553a2bfaa601b9d539b617c8793e151bdffb60f9e48a249912f86d4c9ebeef?s=96&d=mm&r=g","url":"https:\/\/secure.gravatar.com\/avatar\/a2553a2bfaa601b9d539b617c8793e151bdffb60f9e48a249912f86d4c9ebeef?s=96&d=mm&r=g","contentUrl":"https:\/\/secure.gravatar.com\/avatar\/a2553a2bfaa601b9d539b617c8793e151bdffb60f9e48a249912f86d4c9ebeef?s=96&d=mm&r=g","caption":"Keila Rodr\u00edguez Pe\u00f1a"},"sameAs":["http:\/\/www.alasmedios.com"],"url":"https:\/\/www.alasmedios.com\/index.php\/author\/keila\/"}]}},"_links":{"self":[{"href":"https:\/\/www.alasmedios.com\/index.php\/wp-json\/wp\/v2\/posts\/8828","targetHints":{"allow":["GET"]}}],"collection":[{"href":"https:\/\/www.alasmedios.com\/index.php\/wp-json\/wp\/v2\/posts"}],"about":[{"href":"https:\/\/www.alasmedios.com\/index.php\/wp-json\/wp\/v2\/types\/post"}],"author":[{"embeddable":true,"href":"https:\/\/www.alasmedios.com\/index.php\/wp-json\/wp\/v2\/users\/4"}],"replies":[{"embeddable":true,"href":"https:\/\/www.alasmedios.com\/index.php\/wp-json\/wp\/v2\/comments?post=8828"}],"version-history":[{"count":1,"href":"https:\/\/www.alasmedios.com\/index.php\/wp-json\/wp\/v2\/posts\/8828\/revisions"}],"predecessor-version":[{"id":8830,"href":"https:\/\/www.alasmedios.com\/index.php\/wp-json\/wp\/v2\/posts\/8828\/revisions\/8830"}],"wp:featuredmedia":[{"embeddable":true,"href":"https:\/\/www.alasmedios.com\/index.php\/wp-json\/wp\/v2\/media\/8829"}],"wp:attachment":[{"href":"https:\/\/www.alasmedios.com\/index.php\/wp-json\/wp\/v2\/media?parent=8828"}],"wp:term":[{"taxonomy":"category","embeddable":true,"href":"https:\/\/www.alasmedios.com\/index.php\/wp-json\/wp\/v2\/categories?post=8828"},{"taxonomy":"post_tag","embeddable":true,"href":"https:\/\/www.alasmedios.com\/index.php\/wp-json\/wp\/v2\/tags?post=8828"}],"curies":[{"name":"wp","href":"https:\/\/api.w.org\/{rel}","templated":true}]}}