{"id":8821,"date":"2026-04-29T12:18:07","date_gmt":"2026-04-29T18:18:07","guid":{"rendered":"https:\/\/www.alasmedios.com\/?p=8821"},"modified":"2026-04-29T12:18:11","modified_gmt":"2026-04-29T18:18:11","slug":"alerta-en-todo-mexico-asi-sera-el-simulacro-nacional","status":"publish","type":"post","link":"https:\/\/www.alasmedios.com\/index.php\/2026\/04\/29\/alerta-en-todo-mexico-asi-sera-el-simulacro-nacional\/","title":{"rendered":"Alerta en todo M\u00e9xico: as\u00ed ser\u00e1 el Simulacro Nacional"},"content":{"rendered":"\n<p>Pon atenci\u00f3n y no te asustes: <strong>M\u00e9xico <\/strong>celebrar\u00e1 el <strong>primer Simulacro Nacional 2026,<\/strong> y s\u00ed, tu celular podr\u00e1 sonar con una <strong>alerta<\/strong>.<\/p>\n\n\n\n<p>El pa\u00eds se alista para un ejercicio clave en materia de prevenci\u00f3n: el <strong>Primer Simulacro Nacional 2026<\/strong> se llevar\u00e1 a cabo el <strong>6 de mayo a las 11:00 horas (tiempo del centro)<\/strong>, con una <strong>hip\u00f3tesis de sismo de magnitud 8.2<\/strong> que activar\u00e1 protocolos en todo M\u00e9xico.<\/p>\n\n\n\n<p>Durante este ejercicio, la <strong>alerta s\u00edsmica<\/strong> sonar\u00e1 en <strong>altavoces<\/strong> y, por primera vez de forma masiva, llegar\u00e1 tambi\u00e9n a <strong>tel\u00e9fonos celulares<\/strong>, donde los usuarios recibir\u00e1n previamente un mensaje con la palabra clave <strong>\u201cSIMULACRO\u201d<\/strong>, acompa\u00f1ado del aviso: <strong>\u201cEste es un mensaje para probar la funcionalidad del Sistema Nacional de Alertas del Gobierno de M\u00e9xico-ESTO ES UN SIMULACRO\u201d<\/strong>.<\/p>\n\n\n\n<p>CONTIN\u00daA LEYENDO: <a href=\"https:\/\/www.alasmedios.com\/index.php\/2026\/04\/29\/arranca-en-uaeh-congreso-internacional-mujeres-feminismos-y-estudios-de-generoor-se-realiza-durante-tres-dias-en-la-uaeh-participan-especialistas-investigadores-estudiantes-de-iberoamerica-canad\/\" type=\"post\" id=\"8814\">Arranca en UAEH Congreso Internacional Mujeres, Feminismos y Estudios de G\u00e9nero<\/a><\/p>\n\n\n\n<p>El escenario planteado contempla un <strong>epicentro en las costas de Guerrero<\/strong>, a <strong>55 kil\u00f3metros al noroeste de Acapulco<\/strong>, entre <strong>Petatl\u00e1n y Coyuca de Ben\u00edtez<\/strong>, lo que permitir\u00e1 simular condiciones de alta intensidad y evaluar la capacidad de respuesta en distintos puntos del pa\u00eds.<\/p>\n\n\n\n<p>La <strong>Coordinaci\u00f3n Nacional de Protecci\u00f3n Civil<\/strong> subraya que este ejercicio tiene como objetivo fortalecer la <strong>cultura de protecci\u00f3n civil<\/strong>, as\u00ed como mejorar la <strong>capacidad de reacci\u00f3n<\/strong> de la poblaci\u00f3n, instituciones y brigadas ante una emergencia real.<\/p>\n\n\n\n<p>Como parte de la preparaci\u00f3n, se mantiene abierto el <strong>registro de inmuebles<\/strong> \u2014hogares, escuelas y oficinas\u2014 a trav\u00e9s de la plataforma digital oficial, cuyo cierre est\u00e1 previsto para el <strong>5 de mayo a las 23:59 horas<\/strong>, incentivando la participaci\u00f3n organizada.<\/p>\n\n\n\n<p>Las recomendaciones son claras: <strong>identificar zonas de menor riesgo<\/strong>, ubicar <strong>rutas de evacuaci\u00f3n<\/strong>, <strong>suspender actividades al escuchar la alerta<\/strong> y actuar de forma ordenada, ya sea evacuando o repleg\u00e1ndose en espacios seguros. Tambi\u00e9n se sugiere considerar a las <strong>mascotas<\/strong>, integr\u00e1ndolas en el <strong>kit de emergencia<\/strong>.<\/p>\n\n\n<ul class=\"wp-block-latest-posts__list is-grid columns-3 wp-block-latest-posts\"><li><div class=\"wp-block-latest-posts__featured-image\"><img loading=\"lazy\" decoding=\"async\" width=\"150\" height=\"150\" src=\"https:\/\/www.alasmedios.com\/wp-content\/uploads\/2026\/04\/banquetas-Congreso-de-Puebla-accesibles-150x150.png\" class=\"attachment-thumbnail size-thumbnail wp-post-image\" alt=\"\" style=\"\" \/><\/div><a class=\"wp-block-latest-posts__post-title\" href=\"https:\/\/www.alasmedios.com\/index.php\/2026\/04\/29\/banquetas-libres-congreso-de-puebla-presiona-a-municipios-por-accesibilidad-real\/\">Banquetas libres: Congreso de Puebla presiona a municipios por accesibilidad real<\/a><\/li>\n<li><div class=\"wp-block-latest-posts__featured-image\"><img loading=\"lazy\" decoding=\"async\" width=\"150\" height=\"150\" src=\"https:\/\/www.alasmedios.com\/wp-content\/uploads\/2026\/04\/temperaturas-altas-Hidalgo-calor-de-45-\u00b0C-150x150.png\" class=\"attachment-thumbnail size-thumbnail wp-post-image\" alt=\"\" style=\"\" \/><\/div><a class=\"wp-block-latest-posts__post-title\" href=\"https:\/\/www.alasmedios.com\/index.php\/2026\/04\/29\/hasta-45-grados-en-hidalgo-protegete-ya-ante-el-calor-extremo\/\">Hasta 45 grados en Hidalgo: prot\u00e9gete ya ante el calor extremo<\/a><\/li>\n<li><div class=\"wp-block-latest-posts__featured-image\"><img loading=\"lazy\" decoding=\"async\" width=\"150\" height=\"150\" src=\"https:\/\/www.alasmedios.com\/wp-content\/uploads\/2026\/04\/Puebla-Formacion-trabajo-del-hogar-y-trabajo-de-cuidados-150x150.png\" class=\"attachment-thumbnail size-thumbnail wp-post-image\" alt=\"\" style=\"\" \/><\/div><a class=\"wp-block-latest-posts__post-title\" href=\"https:\/\/www.alasmedios.com\/index.php\/2026\/04\/29\/abren-formacion-gratuita-para-trabajadoras-de-cuidados-en-puebla\/\">Abren formaci\u00f3n gratuita para trabajadoras de cuidados en Puebla<\/a><\/li>\n<\/ul>","protected":false},"excerpt":{"rendered":"<p>Pon atenci\u00f3n y no te asustes: M\u00e9xico celebrar\u00e1 el primer Simulacro Nacional 2026, y s\u00ed, tu celular podr\u00e1 sonar con<\/p>\n","protected":false},"author":4,"featured_media":8823,"comment_status":"open","ping_status":"open","sticky":false,"template":"","format":"standard","meta":{"colormag_page_container_layout":"default_layout","colormag_page_sidebar_layout":"default_layout","rop_custom_images_group":[],"rop_custom_messages_group":[],"rop_publish_now":"yes","rop_publish_now_accounts":[],"rop_publish_now_history":[],"rop_publish_now_status":"pending","iawp_total_views":5,"footnotes":""},"categories":[3222],"tags":[166,2723],"class_list":["post-8821","post","type-post","status-publish","format-standard","has-post-thumbnail","hentry","category-mexico","tag-mexico","tag-simulacro-nacional"],"magazineBlocksPostFeaturedMedia":{"thumbnail":"https:\/\/www.alasmedios.com\/wp-content\/uploads\/2026\/04\/Mexico-primer-Simulacro-Nacional-2026-150x150.png","medium":"https:\/\/www.alasmedios.com\/wp-content\/uploads\/2026\/04\/Mexico-primer-Simulacro-Nacional-2026-300x182.png","medium_large":"https:\/\/www.alasmedios.com\/wp-content\/uploads\/2026\/04\/Mexico-primer-Simulacro-Nacional-2026-768x466.png","large":"https:\/\/www.alasmedios.com\/wp-content\/uploads\/2026\/04\/Mexico-primer-Simulacro-Nacional-2026-1024x622.png","1536x1536":"https:\/\/www.alasmedios.com\/wp-content\/uploads\/2026\/04\/Mexico-primer-Simulacro-Nacional-2026-1536x932.png","2048x2048":"https:\/\/www.alasmedios.com\/wp-content\/uploads\/2026\/04\/Mexico-primer-Simulacro-Nacional-2026.png","colormag-highlighted-post":"https:\/\/www.alasmedios.com\/wp-content\/uploads\/2026\/04\/Mexico-primer-Simulacro-Nacional-2026-392x272.png","colormag-featured-post-medium":"https:\/\/www.alasmedios.com\/wp-content\/uploads\/2026\/04\/Mexico-primer-Simulacro-Nacional-2026-390x205.png","colormag-featured-post-small":"https:\/\/www.alasmedios.com\/wp-content\/uploads\/2026\/04\/Mexico-primer-Simulacro-Nacional-2026-130x90.png","colormag-featured-image":"https:\/\/www.alasmedios.com\/wp-content\/uploads\/2026\/04\/Mexico-primer-Simulacro-Nacional-2026-800x445.png","colormag-default-news":"https:\/\/www.alasmedios.com\/wp-content\/uploads\/2026\/04\/Mexico-primer-Simulacro-Nacional-2026-150x150.png","colormag-featured-image-large":"https:\/\/www.alasmedios.com\/wp-content\/uploads\/2026\/04\/Mexico-primer-Simulacro-Nacional-2026-1400x600.png"},"magazineBlocksPostAuthor":{"name":"Keila Rodr\u00edguez Pe\u00f1a","avatar":"https:\/\/secure.gravatar.com\/avatar\/a2553a2bfaa601b9d539b617c8793e151bdffb60f9e48a249912f86d4c9ebeef?s=96&d=mm&r=g"},"magazineBlocksPostCommentsNumber":"0","magazineBlocksPostExcerpt":"Pon atenci\u00f3n y no te asustes: M\u00e9xico celebrar\u00e1 el primer Simulacro Nacional 2026, y s\u00ed, tu celular podr\u00e1 sonar con","magazineBlocksPostCategories":["M\u00e9xico"],"magazineBlocksPostViewCount":7,"magazineBlocksPostReadTime":2,"magazine_blocks_featured_image_url":{"full":["https:\/\/www.alasmedios.com\/wp-content\/uploads\/2026\/04\/Mexico-primer-Simulacro-Nacional-2026.png",2000,1214,false],"medium":["https:\/\/www.alasmedios.com\/wp-content\/uploads\/2026\/04\/Mexico-primer-Simulacro-Nacional-2026-300x182.png",300,182,true],"thumbnail":["https:\/\/www.alasmedios.com\/wp-content\/uploads\/2026\/04\/Mexico-primer-Simulacro-Nacional-2026-150x150.png",150,150,true]},"magazine_blocks_author":{"display_name":"Keila Rodr\u00edguez Pe\u00f1a","author_link":"https:\/\/www.alasmedios.com\/index.php\/author\/keila\/"},"magazine_blocks_comment":0,"magazine_blocks_author_image":"https:\/\/secure.gravatar.com\/avatar\/a2553a2bfaa601b9d539b617c8793e151bdffb60f9e48a249912f86d4c9ebeef?s=96&d=mm&r=g","magazine_blocks_category":"<a href=\"#\" class=\"category-link category-link-3222\">M\u00e9xico<\/a>","yoast_head":"<!-- This site is optimized with the Yoast SEO plugin v27.5 - https:\/\/yoast.com\/product\/yoast-seo-wordpress\/ -->\r\n<title>Alerta en todo M\u00e9xico: as\u00ed ser\u00e1 el Simulacro Nacional<\/title>\r\n<meta name=\"description\" content=\"Pon atenci\u00f3n y no te asustes: M\u00e9xico celebrar\u00e1 el primer Simulacro Nacional 2026, y s\u00ed, tu celular podr\u00e1 sonar con una alerta\" \/>\r\n<meta name=\"robots\" content=\"index, follow, max-snippet:-1, max-image-preview:large, max-video-preview:-1\" \/>\r\n<link rel=\"canonical\" href=\"https:\/\/www.alasmedios.com\/index.php\/2026\/04\/29\/alerta-en-todo-mexico-asi-sera-el-simulacro-nacional\/\" \/>\r\n<meta property=\"og:locale\" content=\"es_MX\" \/>\r\n<meta property=\"og:type\" content=\"article\" \/>\r\n<meta property=\"og:title\" content=\"Alerta en todo M\u00e9xico: as\u00ed ser\u00e1 el Simulacro Nacional\" \/>\r\n<meta property=\"og:description\" content=\"Pon atenci\u00f3n y no te asustes: M\u00e9xico celebrar\u00e1 el primer Simulacro Nacional 2026, y s\u00ed, tu celular podr\u00e1 sonar con una alerta\" \/>\r\n<meta property=\"og:url\" content=\"https:\/\/www.alasmedios.com\/index.php\/2026\/04\/29\/alerta-en-todo-mexico-asi-sera-el-simulacro-nacional\/\" \/>\r\n<meta property=\"og:site_name\" content=\"Alas Medios\" \/>\r\n<meta property=\"article:published_time\" content=\"2026-04-29T18:18:07+00:00\" \/>\r\n<meta property=\"article:modified_time\" content=\"2026-04-29T18:18:11+00:00\" \/>\r\n<meta property=\"og:image\" content=\"https:\/\/www.alasmedios.com\/wp-content\/uploads\/2026\/04\/Mexico-primer-Simulacro-Nacional-2026.png\" \/>\r\n\t<meta property=\"og:image:width\" content=\"2000\" \/>\r\n\t<meta property=\"og:image:height\" content=\"1214\" \/>\r\n\t<meta property=\"og:image:type\" content=\"image\/png\" \/>\r\n<meta name=\"author\" content=\"Keila Rodr\u00edguez Pe\u00f1a\" \/>\r\n<meta name=\"twitter:card\" content=\"summary_large_image\" \/>\r\n<meta name=\"twitter:label1\" content=\"Escrito por\" \/>\n\t<meta name=\"twitter:data1\" content=\"Keila Rodr\u00edguez Pe\u00f1a\" \/>\n\t<meta name=\"twitter:label2\" content=\"Tiempo de lectura\" \/>\n\t<meta name=\"twitter:data2\" content=\"2 minutos\" \/>\r\n<script type=\"application\/ld+json\" class=\"yoast-schema-graph\">{\"@context\":\"https:\\\/\\\/schema.org\",\"@graph\":[{\"@type\":\"Article\",\"@id\":\"https:\\\/\\\/www.alasmedios.com\\\/index.php\\\/2026\\\/04\\\/29\\\/alerta-en-todo-mexico-asi-sera-el-simulacro-nacional\\\/#article\",\"isPartOf\":{\"@id\":\"https:\\\/\\\/www.alasmedios.com\\\/index.php\\\/2026\\\/04\\\/29\\\/alerta-en-todo-mexico-asi-sera-el-simulacro-nacional\\\/\"},\"author\":{\"name\":\"Keila Rodr\u00edguez Pe\u00f1a\",\"@id\":\"https:\\\/\\\/www.alasmedios.com\\\/#\\\/schema\\\/person\\\/0ba31bdd19a05ebf5c7fef1fedf99c34\"},\"headline\":\"Alerta en todo M\u00e9xico: as\u00ed ser\u00e1 el Simulacro Nacional\",\"datePublished\":\"2026-04-29T18:18:07+00:00\",\"dateModified\":\"2026-04-29T18:18:11+00:00\",\"mainEntityOfPage\":{\"@id\":\"https:\\\/\\\/www.alasmedios.com\\\/index.php\\\/2026\\\/04\\\/29\\\/alerta-en-todo-mexico-asi-sera-el-simulacro-nacional\\\/\"},\"wordCount\":333,\"commentCount\":0,\"publisher\":{\"@id\":\"https:\\\/\\\/www.alasmedios.com\\\/#organization\"},\"image\":{\"@id\":\"https:\\\/\\\/www.alasmedios.com\\\/index.php\\\/2026\\\/04\\\/29\\\/alerta-en-todo-mexico-asi-sera-el-simulacro-nacional\\\/#primaryimage\"},\"thumbnailUrl\":\"https:\\\/\\\/www.alasmedios.com\\\/wp-content\\\/uploads\\\/2026\\\/04\\\/Mexico-primer-Simulacro-Nacional-2026.png\",\"keywords\":[\"M\u00e9xico\",\"Simulacro Nacional\"],\"articleSection\":[\"M\u00e9xico\"],\"inLanguage\":\"es\",\"potentialAction\":[{\"@type\":\"CommentAction\",\"name\":\"Comment\",\"target\":[\"https:\\\/\\\/www.alasmedios.com\\\/index.php\\\/2026\\\/04\\\/29\\\/alerta-en-todo-mexico-asi-sera-el-simulacro-nacional\\\/#respond\"]}]},{\"@type\":\"WebPage\",\"@id\":\"https:\\\/\\\/www.alasmedios.com\\\/index.php\\\/2026\\\/04\\\/29\\\/alerta-en-todo-mexico-asi-sera-el-simulacro-nacional\\\/\",\"url\":\"https:\\\/\\\/www.alasmedios.com\\\/index.php\\\/2026\\\/04\\\/29\\\/alerta-en-todo-mexico-asi-sera-el-simulacro-nacional\\\/\",\"name\":\"Alerta en todo M\u00e9xico: as\u00ed ser\u00e1 el Simulacro Nacional\",\"isPartOf\":{\"@id\":\"https:\\\/\\\/www.alasmedios.com\\\/#website\"},\"primaryImageOfPage\":{\"@id\":\"https:\\\/\\\/www.alasmedios.com\\\/index.php\\\/2026\\\/04\\\/29\\\/alerta-en-todo-mexico-asi-sera-el-simulacro-nacional\\\/#primaryimage\"},\"image\":{\"@id\":\"https:\\\/\\\/www.alasmedios.com\\\/index.php\\\/2026\\\/04\\\/29\\\/alerta-en-todo-mexico-asi-sera-el-simulacro-nacional\\\/#primaryimage\"},\"thumbnailUrl\":\"https:\\\/\\\/www.alasmedios.com\\\/wp-content\\\/uploads\\\/2026\\\/04\\\/Mexico-primer-Simulacro-Nacional-2026.png\",\"datePublished\":\"2026-04-29T18:18:07+00:00\",\"dateModified\":\"2026-04-29T18:18:11+00:00\",\"description\":\"Pon atenci\u00f3n y no te asustes: M\u00e9xico celebrar\u00e1 el primer Simulacro Nacional 2026, y s\u00ed, tu celular podr\u00e1 sonar con una alerta\",\"breadcrumb\":{\"@id\":\"https:\\\/\\\/www.alasmedios.com\\\/index.php\\\/2026\\\/04\\\/29\\\/alerta-en-todo-mexico-asi-sera-el-simulacro-nacional\\\/#breadcrumb\"},\"inLanguage\":\"es\",\"potentialAction\":[{\"@type\":\"ReadAction\",\"target\":[\"https:\\\/\\\/www.alasmedios.com\\\/index.php\\\/2026\\\/04\\\/29\\\/alerta-en-todo-mexico-asi-sera-el-simulacro-nacional\\\/\"]}]},{\"@type\":\"ImageObject\",\"inLanguage\":\"es\",\"@id\":\"https:\\\/\\\/www.alasmedios.com\\\/index.php\\\/2026\\\/04\\\/29\\\/alerta-en-todo-mexico-asi-sera-el-simulacro-nacional\\\/#primaryimage\",\"url\":\"https:\\\/\\\/www.alasmedios.com\\\/wp-content\\\/uploads\\\/2026\\\/04\\\/Mexico-primer-Simulacro-Nacional-2026.png\",\"contentUrl\":\"https:\\\/\\\/www.alasmedios.com\\\/wp-content\\\/uploads\\\/2026\\\/04\\\/Mexico-primer-Simulacro-Nacional-2026.png\",\"width\":2000,\"height\":1214},{\"@type\":\"BreadcrumbList\",\"@id\":\"https:\\\/\\\/www.alasmedios.com\\\/index.php\\\/2026\\\/04\\\/29\\\/alerta-en-todo-mexico-asi-sera-el-simulacro-nacional\\\/#breadcrumb\",\"itemListElement\":[{\"@type\":\"ListItem\",\"position\":1,\"name\":\"Inicio\",\"item\":\"https:\\\/\\\/www.alasmedios.com\\\/\"},{\"@type\":\"ListItem\",\"position\":2,\"name\":\"Alerta en todo M\u00e9xico: as\u00ed ser\u00e1 el Simulacro Nacional\"}]},{\"@type\":\"WebSite\",\"@id\":\"https:\\\/\\\/www.alasmedios.com\\\/#website\",\"url\":\"https:\\\/\\\/www.alasmedios.com\\\/\",\"name\":\"Alas Medios\",\"description\":\"Alas para pensar, Alas para volar, Alas de libertad\",\"publisher\":{\"@id\":\"https:\\\/\\\/www.alasmedios.com\\\/#organization\"},\"potentialAction\":[{\"@type\":\"SearchAction\",\"target\":{\"@type\":\"EntryPoint\",\"urlTemplate\":\"https:\\\/\\\/www.alasmedios.com\\\/?s={search_term_string}\"},\"query-input\":{\"@type\":\"PropertyValueSpecification\",\"valueRequired\":true,\"valueName\":\"search_term_string\"}}],\"inLanguage\":\"es\"},{\"@type\":\"Organization\",\"@id\":\"https:\\\/\\\/www.alasmedios.com\\\/#organization\",\"name\":\"Alas Medios\",\"url\":\"https:\\\/\\\/www.alasmedios.com\\\/\",\"logo\":{\"@type\":\"ImageObject\",\"inLanguage\":\"es\",\"@id\":\"https:\\\/\\\/www.alasmedios.com\\\/#\\\/schema\\\/logo\\\/image\\\/\",\"url\":\"https:\\\/\\\/www.alasmedios.com\\\/wp-content\\\/uploads\\\/2026\\\/01\\\/cropped-cropped-GAM-1.png\",\"contentUrl\":\"https:\\\/\\\/www.alasmedios.com\\\/wp-content\\\/uploads\\\/2026\\\/01\\\/cropped-cropped-GAM-1.png\",\"width\":467,\"height\":235,\"caption\":\"Alas Medios\"},\"image\":{\"@id\":\"https:\\\/\\\/www.alasmedios.com\\\/#\\\/schema\\\/logo\\\/image\\\/\"}},{\"@type\":\"Person\",\"@id\":\"https:\\\/\\\/www.alasmedios.com\\\/#\\\/schema\\\/person\\\/0ba31bdd19a05ebf5c7fef1fedf99c34\",\"name\":\"Keila Rodr\u00edguez Pe\u00f1a\",\"image\":{\"@type\":\"ImageObject\",\"inLanguage\":\"es\",\"@id\":\"https:\\\/\\\/secure.gravatar.com\\\/avatar\\\/a2553a2bfaa601b9d539b617c8793e151bdffb60f9e48a249912f86d4c9ebeef?s=96&d=mm&r=g\",\"url\":\"https:\\\/\\\/secure.gravatar.com\\\/avatar\\\/a2553a2bfaa601b9d539b617c8793e151bdffb60f9e48a249912f86d4c9ebeef?s=96&d=mm&r=g\",\"contentUrl\":\"https:\\\/\\\/secure.gravatar.com\\\/avatar\\\/a2553a2bfaa601b9d539b617c8793e151bdffb60f9e48a249912f86d4c9ebeef?s=96&d=mm&r=g\",\"caption\":\"Keila Rodr\u00edguez Pe\u00f1a\"},\"sameAs\":[\"http:\\\/\\\/www.alasmedios.com\"],\"url\":\"https:\\\/\\\/www.alasmedios.com\\\/index.php\\\/author\\\/keila\\\/\"}]}<\/script>\r\n<!-- \/ Yoast SEO plugin. -->","yoast_head_json":{"title":"Alerta en todo M\u00e9xico: as\u00ed ser\u00e1 el Simulacro Nacional","description":"Pon atenci\u00f3n y no te asustes: M\u00e9xico celebrar\u00e1 el primer Simulacro Nacional 2026, y s\u00ed, tu celular podr\u00e1 sonar con una alerta","robots":{"index":"index","follow":"follow","max-snippet":"max-snippet:-1","max-image-preview":"max-image-preview:large","max-video-preview":"max-video-preview:-1"},"canonical":"https:\/\/www.alasmedios.com\/index.php\/2026\/04\/29\/alerta-en-todo-mexico-asi-sera-el-simulacro-nacional\/","og_locale":"es_MX","og_type":"article","og_title":"Alerta en todo M\u00e9xico: as\u00ed ser\u00e1 el Simulacro Nacional","og_description":"Pon atenci\u00f3n y no te asustes: M\u00e9xico celebrar\u00e1 el primer Simulacro Nacional 2026, y s\u00ed, tu celular podr\u00e1 sonar con una alerta","og_url":"https:\/\/www.alasmedios.com\/index.php\/2026\/04\/29\/alerta-en-todo-mexico-asi-sera-el-simulacro-nacional\/","og_site_name":"Alas Medios","article_published_time":"2026-04-29T18:18:07+00:00","article_modified_time":"2026-04-29T18:18:11+00:00","og_image":[{"width":2000,"height":1214,"url":"https:\/\/www.alasmedios.com\/wp-content\/uploads\/2026\/04\/Mexico-primer-Simulacro-Nacional-2026.png","type":"image\/png"}],"author":"Keila Rodr\u00edguez Pe\u00f1a","twitter_card":"summary_large_image","twitter_misc":{"Escrito por":"Keila Rodr\u00edguez Pe\u00f1a","Tiempo de lectura":"2 minutos"},"schema":{"@context":"https:\/\/schema.org","@graph":[{"@type":"Article","@id":"https:\/\/www.alasmedios.com\/index.php\/2026\/04\/29\/alerta-en-todo-mexico-asi-sera-el-simulacro-nacional\/#article","isPartOf":{"@id":"https:\/\/www.alasmedios.com\/index.php\/2026\/04\/29\/alerta-en-todo-mexico-asi-sera-el-simulacro-nacional\/"},"author":{"name":"Keila Rodr\u00edguez Pe\u00f1a","@id":"https:\/\/www.alasmedios.com\/#\/schema\/person\/0ba31bdd19a05ebf5c7fef1fedf99c34"},"headline":"Alerta en todo M\u00e9xico: as\u00ed ser\u00e1 el Simulacro Nacional","datePublished":"2026-04-29T18:18:07+00:00","dateModified":"2026-04-29T18:18:11+00:00","mainEntityOfPage":{"@id":"https:\/\/www.alasmedios.com\/index.php\/2026\/04\/29\/alerta-en-todo-mexico-asi-sera-el-simulacro-nacional\/"},"wordCount":333,"commentCount":0,"publisher":{"@id":"https:\/\/www.alasmedios.com\/#organization"},"image":{"@id":"https:\/\/www.alasmedios.com\/index.php\/2026\/04\/29\/alerta-en-todo-mexico-asi-sera-el-simulacro-nacional\/#primaryimage"},"thumbnailUrl":"https:\/\/www.alasmedios.com\/wp-content\/uploads\/2026\/04\/Mexico-primer-Simulacro-Nacional-2026.png","keywords":["M\u00e9xico","Simulacro Nacional"],"articleSection":["M\u00e9xico"],"inLanguage":"es","potentialAction":[{"@type":"CommentAction","name":"Comment","target":["https:\/\/www.alasmedios.com\/index.php\/2026\/04\/29\/alerta-en-todo-mexico-asi-sera-el-simulacro-nacional\/#respond"]}]},{"@type":"WebPage","@id":"https:\/\/www.alasmedios.com\/index.php\/2026\/04\/29\/alerta-en-todo-mexico-asi-sera-el-simulacro-nacional\/","url":"https:\/\/www.alasmedios.com\/index.php\/2026\/04\/29\/alerta-en-todo-mexico-asi-sera-el-simulacro-nacional\/","name":"Alerta en todo M\u00e9xico: as\u00ed ser\u00e1 el Simulacro Nacional","isPartOf":{"@id":"https:\/\/www.alasmedios.com\/#website"},"primaryImageOfPage":{"@id":"https:\/\/www.alasmedios.com\/index.php\/2026\/04\/29\/alerta-en-todo-mexico-asi-sera-el-simulacro-nacional\/#primaryimage"},"image":{"@id":"https:\/\/www.alasmedios.com\/index.php\/2026\/04\/29\/alerta-en-todo-mexico-asi-sera-el-simulacro-nacional\/#primaryimage"},"thumbnailUrl":"https:\/\/www.alasmedios.com\/wp-content\/uploads\/2026\/04\/Mexico-primer-Simulacro-Nacional-2026.png","datePublished":"2026-04-29T18:18:07+00:00","dateModified":"2026-04-29T18:18:11+00:00","description":"Pon atenci\u00f3n y no te asustes: M\u00e9xico celebrar\u00e1 el primer Simulacro Nacional 2026, y s\u00ed, tu celular podr\u00e1 sonar con una alerta","breadcrumb":{"@id":"https:\/\/www.alasmedios.com\/index.php\/2026\/04\/29\/alerta-en-todo-mexico-asi-sera-el-simulacro-nacional\/#breadcrumb"},"inLanguage":"es","potentialAction":[{"@type":"ReadAction","target":["https:\/\/www.alasmedios.com\/index.php\/2026\/04\/29\/alerta-en-todo-mexico-asi-sera-el-simulacro-nacional\/"]}]},{"@type":"ImageObject","inLanguage":"es","@id":"https:\/\/www.alasmedios.com\/index.php\/2026\/04\/29\/alerta-en-todo-mexico-asi-sera-el-simulacro-nacional\/#primaryimage","url":"https:\/\/www.alasmedios.com\/wp-content\/uploads\/2026\/04\/Mexico-primer-Simulacro-Nacional-2026.png","contentUrl":"https:\/\/www.alasmedios.com\/wp-content\/uploads\/2026\/04\/Mexico-primer-Simulacro-Nacional-2026.png","width":2000,"height":1214},{"@type":"BreadcrumbList","@id":"https:\/\/www.alasmedios.com\/index.php\/2026\/04\/29\/alerta-en-todo-mexico-asi-sera-el-simulacro-nacional\/#breadcrumb","itemListElement":[{"@type":"ListItem","position":1,"name":"Inicio","item":"https:\/\/www.alasmedios.com\/"},{"@type":"ListItem","position":2,"name":"Alerta en todo M\u00e9xico: as\u00ed ser\u00e1 el Simulacro Nacional"}]},{"@type":"WebSite","@id":"https:\/\/www.alasmedios.com\/#website","url":"https:\/\/www.alasmedios.com\/","name":"Alas Medios","description":"Alas para pensar, Alas para volar, Alas de libertad","publisher":{"@id":"https:\/\/www.alasmedios.com\/#organization"},"potentialAction":[{"@type":"SearchAction","target":{"@type":"EntryPoint","urlTemplate":"https:\/\/www.alasmedios.com\/?s={search_term_string}"},"query-input":{"@type":"PropertyValueSpecification","valueRequired":true,"valueName":"search_term_string"}}],"inLanguage":"es"},{"@type":"Organization","@id":"https:\/\/www.alasmedios.com\/#organization","name":"Alas Medios","url":"https:\/\/www.alasmedios.com\/","logo":{"@type":"ImageObject","inLanguage":"es","@id":"https:\/\/www.alasmedios.com\/#\/schema\/logo\/image\/","url":"https:\/\/www.alasmedios.com\/wp-content\/uploads\/2026\/01\/cropped-cropped-GAM-1.png","contentUrl":"https:\/\/www.alasmedios.com\/wp-content\/uploads\/2026\/01\/cropped-cropped-GAM-1.png","width":467,"height":235,"caption":"Alas Medios"},"image":{"@id":"https:\/\/www.alasmedios.com\/#\/schema\/logo\/image\/"}},{"@type":"Person","@id":"https:\/\/www.alasmedios.com\/#\/schema\/person\/0ba31bdd19a05ebf5c7fef1fedf99c34","name":"Keila Rodr\u00edguez Pe\u00f1a","image":{"@type":"ImageObject","inLanguage":"es","@id":"https:\/\/secure.gravatar.com\/avatar\/a2553a2bfaa601b9d539b617c8793e151bdffb60f9e48a249912f86d4c9ebeef?s=96&d=mm&r=g","url":"https:\/\/secure.gravatar.com\/avatar\/a2553a2bfaa601b9d539b617c8793e151bdffb60f9e48a249912f86d4c9ebeef?s=96&d=mm&r=g","contentUrl":"https:\/\/secure.gravatar.com\/avatar\/a2553a2bfaa601b9d539b617c8793e151bdffb60f9e48a249912f86d4c9ebeef?s=96&d=mm&r=g","caption":"Keila Rodr\u00edguez Pe\u00f1a"},"sameAs":["http:\/\/www.alasmedios.com"],"url":"https:\/\/www.alasmedios.com\/index.php\/author\/keila\/"}]}},"_links":{"self":[{"href":"https:\/\/www.alasmedios.com\/index.php\/wp-json\/wp\/v2\/posts\/8821","targetHints":{"allow":["GET"]}}],"collection":[{"href":"https:\/\/www.alasmedios.com\/index.php\/wp-json\/wp\/v2\/posts"}],"about":[{"href":"https:\/\/www.alasmedios.com\/index.php\/wp-json\/wp\/v2\/types\/post"}],"author":[{"embeddable":true,"href":"https:\/\/www.alasmedios.com\/index.php\/wp-json\/wp\/v2\/users\/4"}],"replies":[{"embeddable":true,"href":"https:\/\/www.alasmedios.com\/index.php\/wp-json\/wp\/v2\/comments?post=8821"}],"version-history":[{"count":1,"href":"https:\/\/www.alasmedios.com\/index.php\/wp-json\/wp\/v2\/posts\/8821\/revisions"}],"predecessor-version":[{"id":8824,"href":"https:\/\/www.alasmedios.com\/index.php\/wp-json\/wp\/v2\/posts\/8821\/revisions\/8824"}],"wp:featuredmedia":[{"embeddable":true,"href":"https:\/\/www.alasmedios.com\/index.php\/wp-json\/wp\/v2\/media\/8823"}],"wp:attachment":[{"href":"https:\/\/www.alasmedios.com\/index.php\/wp-json\/wp\/v2\/media?parent=8821"}],"wp:term":[{"taxonomy":"category","embeddable":true,"href":"https:\/\/www.alasmedios.com\/index.php\/wp-json\/wp\/v2\/categories?post=8821"},{"taxonomy":"post_tag","embeddable":true,"href":"https:\/\/www.alasmedios.com\/index.php\/wp-json\/wp\/v2\/tags?post=8821"}],"curies":[{"name":"wp","href":"https:\/\/api.w.org\/{rel}","templated":true}]}}