{"id":8818,"date":"2026-04-29T08:50:52","date_gmt":"2026-04-29T14:50:52","guid":{"rendered":"https:\/\/www.alasmedios.com\/?p=8818"},"modified":"2026-04-29T08:50:57","modified_gmt":"2026-04-29T14:50:57","slug":"pachuquilla-se-llena-de-risas-fiesta-para-celebrar-a-la-ninez-en-mineral-de-la-reforma","status":"publish","type":"post","link":"https:\/\/www.alasmedios.com\/index.php\/2026\/04\/29\/pachuquilla-se-llena-de-risas-fiesta-para-celebrar-a-la-ninez-en-mineral-de-la-reforma\/","title":{"rendered":"Pachuquilla se llena de risas: fiesta para celebrar a la ni\u00f1ez en Mineral de la Reforma"},"content":{"rendered":"\n<p><strong>Mineral de la Reforma<\/strong>, <strong>Hidalgo<\/strong>, festejar\u00e1 a la ni\u00f1ez con <strong>\u201cTodas y Todos a Jugar\u201d<\/strong>, en <strong>Pachuquilla<\/strong>, aqu\u00ed te contamos d\u00f3nde y cu\u00e1ndo.<\/p>\n\n\n\n<p>Las calles de <strong>Mineral de la Reforma<\/strong> se preparan para transformarse en un escenario de <strong>alegr\u00eda colectiva<\/strong>, donde las <strong>ni\u00f1as y ni\u00f1os<\/strong> ser\u00e1n protagonistas de una jornada pensada para jugar, convivir y apropiarse del espacio p\u00fablico desde la felicidad compartida.<\/p>\n\n\n\n<h2 class=\"wp-block-heading\"><strong>Todas y Todos a Jugar<\/strong><\/h2>\n\n\n\n<p>Este <strong>30 de abril<\/strong>, la <strong>Explanada de Pachuquilla<\/strong> ser\u00e1 el punto de encuentro para el evento <strong>\u201cTodas y Todos a Jugar\u201d<\/strong>, una apuesta por convertir el <strong>D\u00eda de la Ni\u00f1a y el Ni\u00f1o<\/strong> en una experiencia comunitaria que va m\u00e1s all\u00e1 de los festejos tradicionales. La cita es a partir de las <strong>4:00 p.m.<\/strong>, con un programa que mezcla <strong>espect\u00e1culo, juego y convivencia familiar<\/strong>.<\/p>\n\n\n\n<p>CONTIN\u00daA LEYENDO: <a href=\"https:\/\/www.alasmedios.com\/index.php\/2026\/04\/28\/apan-convoca-a-productores-a-capacitacion-contra-el-gusano-barrenador\/\" type=\"post\" id=\"8804\">Apan convoca a productores a capacitaci\u00f3n contra el gusano barrenador<\/a><\/p>\n\n\n\n<p>Desde temprano, el ambiente arrancar\u00e1 con un <strong>recorrido tem\u00e1tico con Batman y T\u00edo Lalo<\/strong>, seguido del <strong>show del Mago Roandy<\/strong> y una <strong>rifa sorpresa<\/strong> dirigida a las y los m\u00e1s peque\u00f1os. Conforme avance la tarde, el programa suma el <strong>show de los amigos<\/strong> y culmina con una funci\u00f3n de <strong>lucha libre<\/strong>, uno de los atractivos m\u00e1s esperados.<\/p>\n\n\n\n<h3 class=\"wp-block-heading\">La oferta no se limita al escenario<\/h3>\n\n\n\n<p>El evento desplegar\u00e1 una amplia gama de actividades: <strong>juegos inflables<\/strong>, <strong>granja interactiva<\/strong>, <strong>circuito vial de polic\u00edas<\/strong>, <strong>cami\u00f3n de bomberos<\/strong>, <strong>ambulancia<\/strong>, <strong>f\u00fatbol<\/strong>, as\u00ed como espacios de <strong>adopciones<\/strong>, <strong>bazar<\/strong>, <strong>comedor comunitario<\/strong>, <strong>exposici\u00f3n de artesanos<\/strong> y una <strong>feria interactiva de la diferencia<\/strong>, pensada para integrar y sensibilizar a la comunidad.<\/p>\n\n\n\n<iframe loading=\"lazy\" src=\"https:\/\/www.facebook.com\/plugins\/post.php?href=https%3A%2F%2Fwww.facebook.com%2Fpermalink.php%3Fstory_fbid%3Dpfbid0FxZSVqpYSFBdyPfUDAJctcwzoFXnDgxoLmUpdGeck62WHJuyBMrygrYDyfJNPUNUl%26id%3D61566569136839&#038;show_text=true&#038;width=500\" width=\"500\" height=\"699\" style=\"border:none;overflow:hidden\" scrolling=\"no\" frameborder=\"0\" allowfullscreen=\"true\" allow=\"autoplay; clipboard-write; encrypted-media; picture-in-picture; web-share\"><\/iframe>\n\n\n\n<p>El festejo se plantea como un recordatorio de que la <strong>felicidad infantil tambi\u00e9n se construye en colectivo<\/strong>, en espacios donde el juego se convierte en lenguaje com\u00fan y la comunidad en punto de encuentro.<\/p>\n\n\n\n<p>TE PUEDE INTERESAR: <a href=\"https:\/\/www.alasmedios.com\/index.php\/2026\/04\/28\/mexico-nueva-vacuna-en-embarazo-busca-proteger-a-recien-nacidos-de-infecciones-respiratorias\/\" type=\"post\" id=\"8809\">M\u00e9xico: nueva vacuna en embarazo busca proteger a reci\u00e9n nacidos de infecciones respiratorias<\/a><\/p>\n\n\n\n<p>La invitaci\u00f3n es abierta: <strong>familias completas<\/strong> est\u00e1n convocadas a sumarse a una jornada donde la risa, el juego y la convivencia buscan ocupar el centro de la vida p\u00fablica, al menos por un d\u00eda.<\/p>\n\n\n<ul class=\"wp-block-latest-posts__list is-grid columns-3 wp-block-latest-posts\"><li><div class=\"wp-block-latest-posts__featured-image\"><img loading=\"lazy\" decoding=\"async\" width=\"150\" height=\"150\" src=\"https:\/\/www.alasmedios.com\/wp-content\/uploads\/2026\/04\/Puebla-Formacion-trabajo-del-hogar-y-trabajo-de-cuidados-150x150.png\" class=\"attachment-thumbnail size-thumbnail wp-post-image\" alt=\"\" style=\"\" \/><\/div><a class=\"wp-block-latest-posts__post-title\" href=\"https:\/\/www.alasmedios.com\/index.php\/2026\/04\/29\/abren-formacion-gratuita-para-trabajadoras-de-cuidados-en-puebla\/\">Abren formaci\u00f3n gratuita para trabajadoras de cuidados en Puebla<\/a><\/li>\n<li><div class=\"wp-block-latest-posts__featured-image\"><img loading=\"lazy\" decoding=\"async\" width=\"150\" height=\"150\" src=\"https:\/\/www.alasmedios.com\/wp-content\/uploads\/2026\/04\/Mexico-primer-Simulacro-Nacional-2026-150x150.png\" class=\"attachment-thumbnail size-thumbnail wp-post-image\" alt=\"\" style=\"\" \/><\/div><a class=\"wp-block-latest-posts__post-title\" href=\"https:\/\/www.alasmedios.com\/index.php\/2026\/04\/29\/alerta-en-todo-mexico-asi-sera-el-simulacro-nacional\/\">Alerta en todo M\u00e9xico: as\u00ed ser\u00e1 el Simulacro Nacional<\/a><\/li>\n<li><div class=\"wp-block-latest-posts__featured-image\"><img loading=\"lazy\" decoding=\"async\" width=\"150\" height=\"150\" src=\"https:\/\/www.alasmedios.com\/wp-content\/uploads\/2026\/04\/uaeh9-150x150.jpg\" class=\"attachment-thumbnail size-thumbnail wp-post-image\" alt=\"Arranca en UAEH Congreso Internacional Mujeres, Feminismos y Estudios de G\u00e9nero\" style=\"\" \/><\/div><a class=\"wp-block-latest-posts__post-title\" href=\"https:\/\/www.alasmedios.com\/index.php\/2026\/04\/29\/arranca-en-uaeh-congreso-internacional-mujeres-feminismos-y-estudios-de-genero\/\">Arranca en UAEH Congreso Internacional Mujeres, Feminismos y Estudios de G\u00e9nero<\/a><\/li>\n<\/ul>","protected":false},"excerpt":{"rendered":"<p>Mineral de la Reforma, Hidalgo, festejar\u00e1 a la ni\u00f1ez con \u201cTodas y Todos a Jugar\u201d, en Pachuquilla, aqu\u00ed te contamos<\/p>\n","protected":false},"author":4,"featured_media":8819,"comment_status":"open","ping_status":"open","sticky":false,"template":"","format":"standard","meta":{"colormag_page_container_layout":"default_layout","colormag_page_sidebar_layout":"default_layout","rop_custom_images_group":[],"rop_custom_messages_group":[],"rop_publish_now":"yes","rop_publish_now_accounts":[],"rop_publish_now_history":[],"rop_publish_now_status":"pending","iawp_total_views":1,"footnotes":""},"categories":[41,3529],"tags":[1771,590,2042,3624],"class_list":["post-8818","post","type-post","status-publish","format-standard","has-post-thumbnail","hentry","category-hidalgo","category-municipios","tag-dia-de-la-nina-y-el-nino","tag-mineral-de-la-reforma","tag-pachuquilla","tag-todas-y-todos-a-jugar"],"magazineBlocksPostFeaturedMedia":{"thumbnail":"https:\/\/www.alasmedios.com\/wp-content\/uploads\/2026\/04\/Todas-y-Todos-a-Jugar-Pachuquilla-150x150.png","medium":"https:\/\/www.alasmedios.com\/wp-content\/uploads\/2026\/04\/Todas-y-Todos-a-Jugar-Pachuquilla-300x182.png","medium_large":"https:\/\/www.alasmedios.com\/wp-content\/uploads\/2026\/04\/Todas-y-Todos-a-Jugar-Pachuquilla-768x466.png","large":"https:\/\/www.alasmedios.com\/wp-content\/uploads\/2026\/04\/Todas-y-Todos-a-Jugar-Pachuquilla-1024x622.png","1536x1536":"https:\/\/www.alasmedios.com\/wp-content\/uploads\/2026\/04\/Todas-y-Todos-a-Jugar-Pachuquilla-1536x932.png","2048x2048":"https:\/\/www.alasmedios.com\/wp-content\/uploads\/2026\/04\/Todas-y-Todos-a-Jugar-Pachuquilla.png","colormag-highlighted-post":"https:\/\/www.alasmedios.com\/wp-content\/uploads\/2026\/04\/Todas-y-Todos-a-Jugar-Pachuquilla-392x272.png","colormag-featured-post-medium":"https:\/\/www.alasmedios.com\/wp-content\/uploads\/2026\/04\/Todas-y-Todos-a-Jugar-Pachuquilla-390x205.png","colormag-featured-post-small":"https:\/\/www.alasmedios.com\/wp-content\/uploads\/2026\/04\/Todas-y-Todos-a-Jugar-Pachuquilla-130x90.png","colormag-featured-image":"https:\/\/www.alasmedios.com\/wp-content\/uploads\/2026\/04\/Todas-y-Todos-a-Jugar-Pachuquilla-800x445.png","colormag-default-news":"https:\/\/www.alasmedios.com\/wp-content\/uploads\/2026\/04\/Todas-y-Todos-a-Jugar-Pachuquilla-150x150.png","colormag-featured-image-large":"https:\/\/www.alasmedios.com\/wp-content\/uploads\/2026\/04\/Todas-y-Todos-a-Jugar-Pachuquilla-1400x600.png"},"magazineBlocksPostAuthor":{"name":"Keila Rodr\u00edguez Pe\u00f1a","avatar":"https:\/\/secure.gravatar.com\/avatar\/a2553a2bfaa601b9d539b617c8793e151bdffb60f9e48a249912f86d4c9ebeef?s=96&d=mm&r=g"},"magazineBlocksPostCommentsNumber":"0","magazineBlocksPostExcerpt":"Mineral de la Reforma, Hidalgo, festejar\u00e1 a la ni\u00f1ez con \u201cTodas y Todos a Jugar\u201d, en Pachuquilla, aqu\u00ed te contamos","magazineBlocksPostCategories":["Hidalgo","Municipios"],"magazineBlocksPostViewCount":3,"magazineBlocksPostReadTime":2,"magazine_blocks_featured_image_url":{"full":["https:\/\/www.alasmedios.com\/wp-content\/uploads\/2026\/04\/Todas-y-Todos-a-Jugar-Pachuquilla.png",2000,1214,false],"medium":["https:\/\/www.alasmedios.com\/wp-content\/uploads\/2026\/04\/Todas-y-Todos-a-Jugar-Pachuquilla-300x182.png",300,182,true],"thumbnail":["https:\/\/www.alasmedios.com\/wp-content\/uploads\/2026\/04\/Todas-y-Todos-a-Jugar-Pachuquilla-150x150.png",150,150,true]},"magazine_blocks_author":{"display_name":"Keila Rodr\u00edguez Pe\u00f1a","author_link":"https:\/\/www.alasmedios.com\/index.php\/author\/keila\/"},"magazine_blocks_comment":0,"magazine_blocks_author_image":"https:\/\/secure.gravatar.com\/avatar\/a2553a2bfaa601b9d539b617c8793e151bdffb60f9e48a249912f86d4c9ebeef?s=96&d=mm&r=g","magazine_blocks_category":"<a href=\"#\" class=\"category-link category-link-41\">Hidalgo<\/a> <a href=\"#\" class=\"category-link category-link-3529\">Municipios<\/a>","yoast_head":"<!-- This site is optimized with the Yoast SEO plugin v27.5 - https:\/\/yoast.com\/product\/yoast-seo-wordpress\/ -->\r\n<title>Pachuquilla se llena de risas: fiesta para celebrar a la ni\u00f1ez en Mineral de la Reforma<\/title>\r\n<meta name=\"description\" content=\"Mineral de la Reforma, Hidalgo, festejar\u00e1 a la ni\u00f1ez con \u201cTodas y Todos a Jugar\u201d, en Pachuquilla, aqu\u00ed te contamos d\u00f3nde y cu\u00e1ndo\" \/>\r\n<meta name=\"robots\" content=\"index, follow, max-snippet:-1, max-image-preview:large, max-video-preview:-1\" \/>\r\n<link rel=\"canonical\" href=\"https:\/\/www.alasmedios.com\/index.php\/2026\/04\/29\/pachuquilla-se-llena-de-risas-fiesta-para-celebrar-a-la-ninez-en-mineral-de-la-reforma\/\" \/>\r\n<meta property=\"og:locale\" content=\"es_MX\" \/>\r\n<meta property=\"og:type\" content=\"article\" \/>\r\n<meta property=\"og:title\" content=\"Pachuquilla se llena de risas: fiesta para celebrar a la ni\u00f1ez en Mineral de la Reforma\" \/>\r\n<meta property=\"og:description\" content=\"Mineral de la Reforma, Hidalgo, festejar\u00e1 a la ni\u00f1ez con \u201cTodas y Todos a Jugar\u201d, en Pachuquilla, aqu\u00ed te contamos d\u00f3nde y cu\u00e1ndo\" \/>\r\n<meta property=\"og:url\" content=\"https:\/\/www.alasmedios.com\/index.php\/2026\/04\/29\/pachuquilla-se-llena-de-risas-fiesta-para-celebrar-a-la-ninez-en-mineral-de-la-reforma\/\" \/>\r\n<meta property=\"og:site_name\" content=\"Alas Medios\" \/>\r\n<meta property=\"article:published_time\" content=\"2026-04-29T14:50:52+00:00\" \/>\r\n<meta property=\"article:modified_time\" content=\"2026-04-29T14:50:57+00:00\" \/>\r\n<meta property=\"og:image\" content=\"https:\/\/www.alasmedios.com\/wp-content\/uploads\/2026\/04\/Todas-y-Todos-a-Jugar-Pachuquilla-1024x622.png\" \/>\r\n\t<meta property=\"og:image:width\" content=\"1024\" \/>\r\n\t<meta property=\"og:image:height\" content=\"622\" \/>\r\n\t<meta property=\"og:image:type\" content=\"image\/png\" \/>\r\n<meta name=\"author\" content=\"Keila Rodr\u00edguez Pe\u00f1a\" \/>\r\n<meta name=\"twitter:card\" content=\"summary_large_image\" \/>\r\n<meta name=\"twitter:label1\" content=\"Escrito por\" \/>\n\t<meta name=\"twitter:data1\" content=\"Keila Rodr\u00edguez Pe\u00f1a\" \/>\n\t<meta name=\"twitter:label2\" content=\"Tiempo de lectura\" \/>\n\t<meta name=\"twitter:data2\" content=\"2 minutos\" \/>\r\n<script type=\"application\/ld+json\" class=\"yoast-schema-graph\">{\"@context\":\"https:\\\/\\\/schema.org\",\"@graph\":[{\"@type\":\"Article\",\"@id\":\"https:\\\/\\\/www.alasmedios.com\\\/index.php\\\/2026\\\/04\\\/29\\\/pachuquilla-se-llena-de-risas-fiesta-para-celebrar-a-la-ninez-en-mineral-de-la-reforma\\\/#article\",\"isPartOf\":{\"@id\":\"https:\\\/\\\/www.alasmedios.com\\\/index.php\\\/2026\\\/04\\\/29\\\/pachuquilla-se-llena-de-risas-fiesta-para-celebrar-a-la-ninez-en-mineral-de-la-reforma\\\/\"},\"author\":{\"name\":\"Keila Rodr\u00edguez Pe\u00f1a\",\"@id\":\"https:\\\/\\\/www.alasmedios.com\\\/#\\\/schema\\\/person\\\/0ba31bdd19a05ebf5c7fef1fedf99c34\"},\"headline\":\"Pachuquilla se llena de risas: fiesta para celebrar a la ni\u00f1ez en Mineral de la Reforma\",\"datePublished\":\"2026-04-29T14:50:52+00:00\",\"dateModified\":\"2026-04-29T14:50:57+00:00\",\"mainEntityOfPage\":{\"@id\":\"https:\\\/\\\/www.alasmedios.com\\\/index.php\\\/2026\\\/04\\\/29\\\/pachuquilla-se-llena-de-risas-fiesta-para-celebrar-a-la-ninez-en-mineral-de-la-reforma\\\/\"},\"wordCount\":388,\"commentCount\":0,\"publisher\":{\"@id\":\"https:\\\/\\\/www.alasmedios.com\\\/#organization\"},\"image\":{\"@id\":\"https:\\\/\\\/www.alasmedios.com\\\/index.php\\\/2026\\\/04\\\/29\\\/pachuquilla-se-llena-de-risas-fiesta-para-celebrar-a-la-ninez-en-mineral-de-la-reforma\\\/#primaryimage\"},\"thumbnailUrl\":\"https:\\\/\\\/www.alasmedios.com\\\/wp-content\\\/uploads\\\/2026\\\/04\\\/Todas-y-Todos-a-Jugar-Pachuquilla.png\",\"keywords\":[\"D\u00eda de la Ni\u00f1a y el Ni\u00f1o\",\"Mineral de la Reforma\",\"Pachuquilla\",\"Todas y Todos a Jugar\"],\"articleSection\":[\"Hidalgo\",\"Municipios\"],\"inLanguage\":\"es\",\"potentialAction\":[{\"@type\":\"CommentAction\",\"name\":\"Comment\",\"target\":[\"https:\\\/\\\/www.alasmedios.com\\\/index.php\\\/2026\\\/04\\\/29\\\/pachuquilla-se-llena-de-risas-fiesta-para-celebrar-a-la-ninez-en-mineral-de-la-reforma\\\/#respond\"]}]},{\"@type\":\"WebPage\",\"@id\":\"https:\\\/\\\/www.alasmedios.com\\\/index.php\\\/2026\\\/04\\\/29\\\/pachuquilla-se-llena-de-risas-fiesta-para-celebrar-a-la-ninez-en-mineral-de-la-reforma\\\/\",\"url\":\"https:\\\/\\\/www.alasmedios.com\\\/index.php\\\/2026\\\/04\\\/29\\\/pachuquilla-se-llena-de-risas-fiesta-para-celebrar-a-la-ninez-en-mineral-de-la-reforma\\\/\",\"name\":\"Pachuquilla se llena de risas: fiesta para celebrar a la ni\u00f1ez en Mineral de la Reforma\",\"isPartOf\":{\"@id\":\"https:\\\/\\\/www.alasmedios.com\\\/#website\"},\"primaryImageOfPage\":{\"@id\":\"https:\\\/\\\/www.alasmedios.com\\\/index.php\\\/2026\\\/04\\\/29\\\/pachuquilla-se-llena-de-risas-fiesta-para-celebrar-a-la-ninez-en-mineral-de-la-reforma\\\/#primaryimage\"},\"image\":{\"@id\":\"https:\\\/\\\/www.alasmedios.com\\\/index.php\\\/2026\\\/04\\\/29\\\/pachuquilla-se-llena-de-risas-fiesta-para-celebrar-a-la-ninez-en-mineral-de-la-reforma\\\/#primaryimage\"},\"thumbnailUrl\":\"https:\\\/\\\/www.alasmedios.com\\\/wp-content\\\/uploads\\\/2026\\\/04\\\/Todas-y-Todos-a-Jugar-Pachuquilla.png\",\"datePublished\":\"2026-04-29T14:50:52+00:00\",\"dateModified\":\"2026-04-29T14:50:57+00:00\",\"description\":\"Mineral de la Reforma, Hidalgo, festejar\u00e1 a la ni\u00f1ez con \u201cTodas y Todos a Jugar\u201d, en Pachuquilla, aqu\u00ed te contamos d\u00f3nde y cu\u00e1ndo\",\"breadcrumb\":{\"@id\":\"https:\\\/\\\/www.alasmedios.com\\\/index.php\\\/2026\\\/04\\\/29\\\/pachuquilla-se-llena-de-risas-fiesta-para-celebrar-a-la-ninez-en-mineral-de-la-reforma\\\/#breadcrumb\"},\"inLanguage\":\"es\",\"potentialAction\":[{\"@type\":\"ReadAction\",\"target\":[\"https:\\\/\\\/www.alasmedios.com\\\/index.php\\\/2026\\\/04\\\/29\\\/pachuquilla-se-llena-de-risas-fiesta-para-celebrar-a-la-ninez-en-mineral-de-la-reforma\\\/\"]}]},{\"@type\":\"ImageObject\",\"inLanguage\":\"es\",\"@id\":\"https:\\\/\\\/www.alasmedios.com\\\/index.php\\\/2026\\\/04\\\/29\\\/pachuquilla-se-llena-de-risas-fiesta-para-celebrar-a-la-ninez-en-mineral-de-la-reforma\\\/#primaryimage\",\"url\":\"https:\\\/\\\/www.alasmedios.com\\\/wp-content\\\/uploads\\\/2026\\\/04\\\/Todas-y-Todos-a-Jugar-Pachuquilla.png\",\"contentUrl\":\"https:\\\/\\\/www.alasmedios.com\\\/wp-content\\\/uploads\\\/2026\\\/04\\\/Todas-y-Todos-a-Jugar-Pachuquilla.png\",\"width\":2000,\"height\":1214},{\"@type\":\"BreadcrumbList\",\"@id\":\"https:\\\/\\\/www.alasmedios.com\\\/index.php\\\/2026\\\/04\\\/29\\\/pachuquilla-se-llena-de-risas-fiesta-para-celebrar-a-la-ninez-en-mineral-de-la-reforma\\\/#breadcrumb\",\"itemListElement\":[{\"@type\":\"ListItem\",\"position\":1,\"name\":\"Inicio\",\"item\":\"https:\\\/\\\/www.alasmedios.com\\\/\"},{\"@type\":\"ListItem\",\"position\":2,\"name\":\"Pachuquilla se llena de risas: fiesta para celebrar a la ni\u00f1ez en Mineral de la Reforma\"}]},{\"@type\":\"WebSite\",\"@id\":\"https:\\\/\\\/www.alasmedios.com\\\/#website\",\"url\":\"https:\\\/\\\/www.alasmedios.com\\\/\",\"name\":\"Alas Medios\",\"description\":\"Alas para pensar, Alas para volar, Alas de libertad\",\"publisher\":{\"@id\":\"https:\\\/\\\/www.alasmedios.com\\\/#organization\"},\"potentialAction\":[{\"@type\":\"SearchAction\",\"target\":{\"@type\":\"EntryPoint\",\"urlTemplate\":\"https:\\\/\\\/www.alasmedios.com\\\/?s={search_term_string}\"},\"query-input\":{\"@type\":\"PropertyValueSpecification\",\"valueRequired\":true,\"valueName\":\"search_term_string\"}}],\"inLanguage\":\"es\"},{\"@type\":\"Organization\",\"@id\":\"https:\\\/\\\/www.alasmedios.com\\\/#organization\",\"name\":\"Alas Medios\",\"url\":\"https:\\\/\\\/www.alasmedios.com\\\/\",\"logo\":{\"@type\":\"ImageObject\",\"inLanguage\":\"es\",\"@id\":\"https:\\\/\\\/www.alasmedios.com\\\/#\\\/schema\\\/logo\\\/image\\\/\",\"url\":\"https:\\\/\\\/www.alasmedios.com\\\/wp-content\\\/uploads\\\/2026\\\/01\\\/cropped-cropped-GAM-1.png\",\"contentUrl\":\"https:\\\/\\\/www.alasmedios.com\\\/wp-content\\\/uploads\\\/2026\\\/01\\\/cropped-cropped-GAM-1.png\",\"width\":467,\"height\":235,\"caption\":\"Alas Medios\"},\"image\":{\"@id\":\"https:\\\/\\\/www.alasmedios.com\\\/#\\\/schema\\\/logo\\\/image\\\/\"}},{\"@type\":\"Person\",\"@id\":\"https:\\\/\\\/www.alasmedios.com\\\/#\\\/schema\\\/person\\\/0ba31bdd19a05ebf5c7fef1fedf99c34\",\"name\":\"Keila Rodr\u00edguez Pe\u00f1a\",\"image\":{\"@type\":\"ImageObject\",\"inLanguage\":\"es\",\"@id\":\"https:\\\/\\\/secure.gravatar.com\\\/avatar\\\/a2553a2bfaa601b9d539b617c8793e151bdffb60f9e48a249912f86d4c9ebeef?s=96&d=mm&r=g\",\"url\":\"https:\\\/\\\/secure.gravatar.com\\\/avatar\\\/a2553a2bfaa601b9d539b617c8793e151bdffb60f9e48a249912f86d4c9ebeef?s=96&d=mm&r=g\",\"contentUrl\":\"https:\\\/\\\/secure.gravatar.com\\\/avatar\\\/a2553a2bfaa601b9d539b617c8793e151bdffb60f9e48a249912f86d4c9ebeef?s=96&d=mm&r=g\",\"caption\":\"Keila Rodr\u00edguez Pe\u00f1a\"},\"sameAs\":[\"http:\\\/\\\/www.alasmedios.com\"],\"url\":\"https:\\\/\\\/www.alasmedios.com\\\/index.php\\\/author\\\/keila\\\/\"}]}<\/script>\r\n<!-- \/ Yoast SEO plugin. -->","yoast_head_json":{"title":"Pachuquilla se llena de risas: fiesta para celebrar a la ni\u00f1ez en Mineral de la Reforma","description":"Mineral de la Reforma, Hidalgo, festejar\u00e1 a la ni\u00f1ez con \u201cTodas y Todos a Jugar\u201d, en Pachuquilla, aqu\u00ed te contamos d\u00f3nde y cu\u00e1ndo","robots":{"index":"index","follow":"follow","max-snippet":"max-snippet:-1","max-image-preview":"max-image-preview:large","max-video-preview":"max-video-preview:-1"},"canonical":"https:\/\/www.alasmedios.com\/index.php\/2026\/04\/29\/pachuquilla-se-llena-de-risas-fiesta-para-celebrar-a-la-ninez-en-mineral-de-la-reforma\/","og_locale":"es_MX","og_type":"article","og_title":"Pachuquilla se llena de risas: fiesta para celebrar a la ni\u00f1ez en Mineral de la Reforma","og_description":"Mineral de la Reforma, Hidalgo, festejar\u00e1 a la ni\u00f1ez con \u201cTodas y Todos a Jugar\u201d, en Pachuquilla, aqu\u00ed te contamos d\u00f3nde y cu\u00e1ndo","og_url":"https:\/\/www.alasmedios.com\/index.php\/2026\/04\/29\/pachuquilla-se-llena-de-risas-fiesta-para-celebrar-a-la-ninez-en-mineral-de-la-reforma\/","og_site_name":"Alas Medios","article_published_time":"2026-04-29T14:50:52+00:00","article_modified_time":"2026-04-29T14:50:57+00:00","og_image":[{"width":1024,"height":622,"url":"https:\/\/www.alasmedios.com\/wp-content\/uploads\/2026\/04\/Todas-y-Todos-a-Jugar-Pachuquilla-1024x622.png","type":"image\/png"}],"author":"Keila Rodr\u00edguez Pe\u00f1a","twitter_card":"summary_large_image","twitter_misc":{"Escrito por":"Keila Rodr\u00edguez Pe\u00f1a","Tiempo de lectura":"2 minutos"},"schema":{"@context":"https:\/\/schema.org","@graph":[{"@type":"Article","@id":"https:\/\/www.alasmedios.com\/index.php\/2026\/04\/29\/pachuquilla-se-llena-de-risas-fiesta-para-celebrar-a-la-ninez-en-mineral-de-la-reforma\/#article","isPartOf":{"@id":"https:\/\/www.alasmedios.com\/index.php\/2026\/04\/29\/pachuquilla-se-llena-de-risas-fiesta-para-celebrar-a-la-ninez-en-mineral-de-la-reforma\/"},"author":{"name":"Keila Rodr\u00edguez Pe\u00f1a","@id":"https:\/\/www.alasmedios.com\/#\/schema\/person\/0ba31bdd19a05ebf5c7fef1fedf99c34"},"headline":"Pachuquilla se llena de risas: fiesta para celebrar a la ni\u00f1ez en Mineral de la Reforma","datePublished":"2026-04-29T14:50:52+00:00","dateModified":"2026-04-29T14:50:57+00:00","mainEntityOfPage":{"@id":"https:\/\/www.alasmedios.com\/index.php\/2026\/04\/29\/pachuquilla-se-llena-de-risas-fiesta-para-celebrar-a-la-ninez-en-mineral-de-la-reforma\/"},"wordCount":388,"commentCount":0,"publisher":{"@id":"https:\/\/www.alasmedios.com\/#organization"},"image":{"@id":"https:\/\/www.alasmedios.com\/index.php\/2026\/04\/29\/pachuquilla-se-llena-de-risas-fiesta-para-celebrar-a-la-ninez-en-mineral-de-la-reforma\/#primaryimage"},"thumbnailUrl":"https:\/\/www.alasmedios.com\/wp-content\/uploads\/2026\/04\/Todas-y-Todos-a-Jugar-Pachuquilla.png","keywords":["D\u00eda de la Ni\u00f1a y el Ni\u00f1o","Mineral de la Reforma","Pachuquilla","Todas y Todos a Jugar"],"articleSection":["Hidalgo","Municipios"],"inLanguage":"es","potentialAction":[{"@type":"CommentAction","name":"Comment","target":["https:\/\/www.alasmedios.com\/index.php\/2026\/04\/29\/pachuquilla-se-llena-de-risas-fiesta-para-celebrar-a-la-ninez-en-mineral-de-la-reforma\/#respond"]}]},{"@type":"WebPage","@id":"https:\/\/www.alasmedios.com\/index.php\/2026\/04\/29\/pachuquilla-se-llena-de-risas-fiesta-para-celebrar-a-la-ninez-en-mineral-de-la-reforma\/","url":"https:\/\/www.alasmedios.com\/index.php\/2026\/04\/29\/pachuquilla-se-llena-de-risas-fiesta-para-celebrar-a-la-ninez-en-mineral-de-la-reforma\/","name":"Pachuquilla se llena de risas: fiesta para celebrar a la ni\u00f1ez en Mineral de la Reforma","isPartOf":{"@id":"https:\/\/www.alasmedios.com\/#website"},"primaryImageOfPage":{"@id":"https:\/\/www.alasmedios.com\/index.php\/2026\/04\/29\/pachuquilla-se-llena-de-risas-fiesta-para-celebrar-a-la-ninez-en-mineral-de-la-reforma\/#primaryimage"},"image":{"@id":"https:\/\/www.alasmedios.com\/index.php\/2026\/04\/29\/pachuquilla-se-llena-de-risas-fiesta-para-celebrar-a-la-ninez-en-mineral-de-la-reforma\/#primaryimage"},"thumbnailUrl":"https:\/\/www.alasmedios.com\/wp-content\/uploads\/2026\/04\/Todas-y-Todos-a-Jugar-Pachuquilla.png","datePublished":"2026-04-29T14:50:52+00:00","dateModified":"2026-04-29T14:50:57+00:00","description":"Mineral de la Reforma, Hidalgo, festejar\u00e1 a la ni\u00f1ez con \u201cTodas y Todos a Jugar\u201d, en Pachuquilla, aqu\u00ed te contamos d\u00f3nde y cu\u00e1ndo","breadcrumb":{"@id":"https:\/\/www.alasmedios.com\/index.php\/2026\/04\/29\/pachuquilla-se-llena-de-risas-fiesta-para-celebrar-a-la-ninez-en-mineral-de-la-reforma\/#breadcrumb"},"inLanguage":"es","potentialAction":[{"@type":"ReadAction","target":["https:\/\/www.alasmedios.com\/index.php\/2026\/04\/29\/pachuquilla-se-llena-de-risas-fiesta-para-celebrar-a-la-ninez-en-mineral-de-la-reforma\/"]}]},{"@type":"ImageObject","inLanguage":"es","@id":"https:\/\/www.alasmedios.com\/index.php\/2026\/04\/29\/pachuquilla-se-llena-de-risas-fiesta-para-celebrar-a-la-ninez-en-mineral-de-la-reforma\/#primaryimage","url":"https:\/\/www.alasmedios.com\/wp-content\/uploads\/2026\/04\/Todas-y-Todos-a-Jugar-Pachuquilla.png","contentUrl":"https:\/\/www.alasmedios.com\/wp-content\/uploads\/2026\/04\/Todas-y-Todos-a-Jugar-Pachuquilla.png","width":2000,"height":1214},{"@type":"BreadcrumbList","@id":"https:\/\/www.alasmedios.com\/index.php\/2026\/04\/29\/pachuquilla-se-llena-de-risas-fiesta-para-celebrar-a-la-ninez-en-mineral-de-la-reforma\/#breadcrumb","itemListElement":[{"@type":"ListItem","position":1,"name":"Inicio","item":"https:\/\/www.alasmedios.com\/"},{"@type":"ListItem","position":2,"name":"Pachuquilla se llena de risas: fiesta para celebrar a la ni\u00f1ez en Mineral de la Reforma"}]},{"@type":"WebSite","@id":"https:\/\/www.alasmedios.com\/#website","url":"https:\/\/www.alasmedios.com\/","name":"Alas Medios","description":"Alas para pensar, Alas para volar, Alas de libertad","publisher":{"@id":"https:\/\/www.alasmedios.com\/#organization"},"potentialAction":[{"@type":"SearchAction","target":{"@type":"EntryPoint","urlTemplate":"https:\/\/www.alasmedios.com\/?s={search_term_string}"},"query-input":{"@type":"PropertyValueSpecification","valueRequired":true,"valueName":"search_term_string"}}],"inLanguage":"es"},{"@type":"Organization","@id":"https:\/\/www.alasmedios.com\/#organization","name":"Alas Medios","url":"https:\/\/www.alasmedios.com\/","logo":{"@type":"ImageObject","inLanguage":"es","@id":"https:\/\/www.alasmedios.com\/#\/schema\/logo\/image\/","url":"https:\/\/www.alasmedios.com\/wp-content\/uploads\/2026\/01\/cropped-cropped-GAM-1.png","contentUrl":"https:\/\/www.alasmedios.com\/wp-content\/uploads\/2026\/01\/cropped-cropped-GAM-1.png","width":467,"height":235,"caption":"Alas Medios"},"image":{"@id":"https:\/\/www.alasmedios.com\/#\/schema\/logo\/image\/"}},{"@type":"Person","@id":"https:\/\/www.alasmedios.com\/#\/schema\/person\/0ba31bdd19a05ebf5c7fef1fedf99c34","name":"Keila Rodr\u00edguez Pe\u00f1a","image":{"@type":"ImageObject","inLanguage":"es","@id":"https:\/\/secure.gravatar.com\/avatar\/a2553a2bfaa601b9d539b617c8793e151bdffb60f9e48a249912f86d4c9ebeef?s=96&d=mm&r=g","url":"https:\/\/secure.gravatar.com\/avatar\/a2553a2bfaa601b9d539b617c8793e151bdffb60f9e48a249912f86d4c9ebeef?s=96&d=mm&r=g","contentUrl":"https:\/\/secure.gravatar.com\/avatar\/a2553a2bfaa601b9d539b617c8793e151bdffb60f9e48a249912f86d4c9ebeef?s=96&d=mm&r=g","caption":"Keila Rodr\u00edguez Pe\u00f1a"},"sameAs":["http:\/\/www.alasmedios.com"],"url":"https:\/\/www.alasmedios.com\/index.php\/author\/keila\/"}]}},"_links":{"self":[{"href":"https:\/\/www.alasmedios.com\/index.php\/wp-json\/wp\/v2\/posts\/8818","targetHints":{"allow":["GET"]}}],"collection":[{"href":"https:\/\/www.alasmedios.com\/index.php\/wp-json\/wp\/v2\/posts"}],"about":[{"href":"https:\/\/www.alasmedios.com\/index.php\/wp-json\/wp\/v2\/types\/post"}],"author":[{"embeddable":true,"href":"https:\/\/www.alasmedios.com\/index.php\/wp-json\/wp\/v2\/users\/4"}],"replies":[{"embeddable":true,"href":"https:\/\/www.alasmedios.com\/index.php\/wp-json\/wp\/v2\/comments?post=8818"}],"version-history":[{"count":1,"href":"https:\/\/www.alasmedios.com\/index.php\/wp-json\/wp\/v2\/posts\/8818\/revisions"}],"predecessor-version":[{"id":8820,"href":"https:\/\/www.alasmedios.com\/index.php\/wp-json\/wp\/v2\/posts\/8818\/revisions\/8820"}],"wp:featuredmedia":[{"embeddable":true,"href":"https:\/\/www.alasmedios.com\/index.php\/wp-json\/wp\/v2\/media\/8819"}],"wp:attachment":[{"href":"https:\/\/www.alasmedios.com\/index.php\/wp-json\/wp\/v2\/media?parent=8818"}],"wp:term":[{"taxonomy":"category","embeddable":true,"href":"https:\/\/www.alasmedios.com\/index.php\/wp-json\/wp\/v2\/categories?post=8818"},{"taxonomy":"post_tag","embeddable":true,"href":"https:\/\/www.alasmedios.com\/index.php\/wp-json\/wp\/v2\/tags?post=8818"}],"curies":[{"name":"wp","href":"https:\/\/api.w.org\/{rel}","templated":true}]}}