{"id":8814,"date":"2026-04-29T09:15:00","date_gmt":"2026-04-29T15:15:00","guid":{"rendered":"https:\/\/www.alasmedios.com\/?p=8814"},"modified":"2026-04-29T10:50:25","modified_gmt":"2026-04-29T16:50:25","slug":"arranca-en-uaeh-congreso-internacional-mujeres-feminismos-y-estudios-de-genero","status":"publish","type":"post","link":"https:\/\/www.alasmedios.com\/index.php\/2026\/04\/29\/arranca-en-uaeh-congreso-internacional-mujeres-feminismos-y-estudios-de-genero\/","title":{"rendered":"Arranca en UAEH Congreso Internacional Mujeres, Feminismos y Estudios de G\u00e9nero"},"content":{"rendered":"\n<p>\u201cEs necesaria la continuidad de estos foros, ya que fortalece el an\u00e1lisis multidisciplinario, articula redes entre la academia y la sociedad, adem\u00e1s de convocar a especialistas que abordan el mismo t\u00f3pico en otras latitudes, lo que contribuye a generar propuestas de pol\u00edticas p\u00fablicas en favor de la poblaci\u00f3n\u201d, expuso Octavio Castillo Acosta, rector de la Universidad Aut\u00f3noma del Estado de Hidalgo (UAEH).<\/p>\n\n\n\n<p>Dijo lo anterior, al inaugurar la vig\u00e9sima segunda edici\u00f3n del <strong>Congreso Internacional Mujeres, Feminismos y Estudios de G\u00e9nero<\/strong> del Instituto de Ciencias Sociales y Humanidades (ICSHu), considerado un espacio de reflexi\u00f3n cr\u00edtica sobre los desaf\u00edos en materia de igualdad, inclusi\u00f3n y justicia.<\/p>\n\n\n\n<p>estudiantes de Iberoam\u00e9rica, Canad\u00e1 y Estados Unidos<\/p>\n\n\n\n<figure class=\"wp-block-image size-large\"><img loading=\"lazy\" decoding=\"async\" width=\"1024\" height=\"683\" src=\"https:\/\/www.alasmedios.com\/wp-content\/uploads\/2026\/04\/uaeh9-1024x683.jpg\" alt=\"\" class=\"wp-image-8815\" srcset=\"https:\/\/www.alasmedios.com\/wp-content\/uploads\/2026\/04\/uaeh9-1024x683.jpg 1024w, https:\/\/www.alasmedios.com\/wp-content\/uploads\/2026\/04\/uaeh9-300x200.jpg 300w, https:\/\/www.alasmedios.com\/wp-content\/uploads\/2026\/04\/uaeh9-768x512.jpg 768w, https:\/\/www.alasmedios.com\/wp-content\/uploads\/2026\/04\/uaeh9-1536x1024.jpg 1536w, https:\/\/www.alasmedios.com\/wp-content\/uploads\/2026\/04\/uaeh9-2048x1365.jpg 2048w\" sizes=\"auto, (max-width: 1024px) 100vw, 1024px\" \/><\/figure>\n\n\n\n<p>Por su parte, Ivone Ju\u00e1rez Ram\u00edrez, directora del ICSHu, destac\u00f3 que este Congreso representa \u201cuna apuesta \u00e9tica, cient\u00edfica y social ante contextos de violencia, crisis de seguridad e incertidumbre global\u201d. En su intervenci\u00f3n, la investigadora Talina Merit Olvera Mej\u00eda, coordinadora del encuentro, apunt\u00f3 que se trata de una \u201cplataforma de di\u00e1logo sobre <strong>desigualdades de g\u00e9nero, violencias estructurale<\/strong>s y diversas realidades\u201d.<\/p>\n\n\n\n<p>Con la tem\u00e1tica de \u201cG\u00e9nero y pol\u00edtica: Hacia un mundo m\u00e1s equitativo\u201d, la jornada es organizada este a\u00f1o por el \u00c1rea Acad\u00e9mica de Ciencias Pol\u00edticas y Administraci\u00f3n P\u00fablica. Participar\u00e1n urante tres d\u00edas acad\u00e9micos de <strong>Iberoam\u00e9rica, Canad\u00e1 y Estados Unidos<\/strong>, adem\u00e1s de contar con representaci\u00f3n de las 32 entidades federativas; mientras que Hidalgo aporta 206 investigaciones provenientes de 15 municipios.<\/p>\n\n\n\n<p>Habr\u00e1 102 mesas de trabajo, presenciales y virtuales, que abordar\u00e1n 18 l\u00edneas tem\u00e1ticas, como violencia de g\u00e9nero, derechos humanos, participaci\u00f3n pol\u00edtica, migraci\u00f3n, trabajo, ciberfeminismo, inteligencia artificial, discapacidad, neurodiversidades y nuevas masculinidades.<\/p>\n\n\n\n<figure class=\"wp-block-image size-medium\"><img loading=\"lazy\" decoding=\"async\" width=\"300\" height=\"200\" src=\"https:\/\/www.alasmedios.com\/wp-content\/uploads\/2026\/04\/uaeh11-300x200.jpg\" alt=\"Arranca en UAEH Congreso Internacional Mujeres, Feminismos y Estudios de G\u00e9nero\" class=\"wp-image-8816\" srcset=\"https:\/\/www.alasmedios.com\/wp-content\/uploads\/2026\/04\/uaeh11-300x200.jpg 300w, https:\/\/www.alasmedios.com\/wp-content\/uploads\/2026\/04\/uaeh11-1024x683.jpg 1024w, https:\/\/www.alasmedios.com\/wp-content\/uploads\/2026\/04\/uaeh11-768x512.jpg 768w, https:\/\/www.alasmedios.com\/wp-content\/uploads\/2026\/04\/uaeh11-1536x1024.jpg 1536w, https:\/\/www.alasmedios.com\/wp-content\/uploads\/2026\/04\/uaeh11-2048x1365.jpg 2048w\" sizes=\"auto, (max-width: 300px) 100vw, 300px\" \/><\/figure>\n\n\n\n<p>Adem\u00e1s habr\u00e1 cinco conferencias magistrales, tres paneles de expertas, actividades culturales, una exposici\u00f3n pict\u00f3rica, proyecciones documentales, lectura de poes\u00eda, muestras artesanales y una urna electr\u00f3nica para recabar opiniones sobre la materia.<\/p>\n","protected":false},"excerpt":{"rendered":"<p>estudiantes de Iberoam\u00e9rica, Canad\u00e1 y Estados Unidos <\/p>\n","protected":false},"author":1,"featured_media":8815,"comment_status":"open","ping_status":"open","sticky":false,"template":"","format":"standard","meta":{"colormag_page_container_layout":"default_layout","colormag_page_sidebar_layout":"default_layout","rop_custom_images_group":[],"rop_custom_messages_group":[],"rop_publish_now":"yes","rop_publish_now_accounts":[],"rop_publish_now_history":[],"rop_publish_now_status":"pending","iawp_total_views":2,"footnotes":""},"categories":[41],"tags":[456,3623,99,53,121],"class_list":["post-8814","post","type-post","status-publish","format-standard","has-post-thumbnail","hentry","category-hidalgo","tag-derechos","tag-feminismos-2","tag-hidalgo","tag-mujeres","tag-violencia-de-genero-2"],"magazineBlocksPostFeaturedMedia":{"thumbnail":"https:\/\/www.alasmedios.com\/wp-content\/uploads\/2026\/04\/uaeh9-150x150.jpg","medium":"https:\/\/www.alasmedios.com\/wp-content\/uploads\/2026\/04\/uaeh9-300x200.jpg","medium_large":"https:\/\/www.alasmedios.com\/wp-content\/uploads\/2026\/04\/uaeh9-768x512.jpg","large":"https:\/\/www.alasmedios.com\/wp-content\/uploads\/2026\/04\/uaeh9-1024x683.jpg","1536x1536":"https:\/\/www.alasmedios.com\/wp-content\/uploads\/2026\/04\/uaeh9-1536x1024.jpg","2048x2048":"https:\/\/www.alasmedios.com\/wp-content\/uploads\/2026\/04\/uaeh9-2048x1365.jpg","colormag-highlighted-post":"https:\/\/www.alasmedios.com\/wp-content\/uploads\/2026\/04\/uaeh9-392x272.jpg","colormag-featured-post-medium":"https:\/\/www.alasmedios.com\/wp-content\/uploads\/2026\/04\/uaeh9-390x205.jpg","colormag-featured-post-small":"https:\/\/www.alasmedios.com\/wp-content\/uploads\/2026\/04\/uaeh9-130x90.jpg","colormag-featured-image":"https:\/\/www.alasmedios.com\/wp-content\/uploads\/2026\/04\/uaeh9-800x445.jpg","colormag-default-news":"https:\/\/www.alasmedios.com\/wp-content\/uploads\/2026\/04\/uaeh9-150x150.jpg","colormag-featured-image-large":"https:\/\/www.alasmedios.com\/wp-content\/uploads\/2026\/04\/uaeh9-1400x600.jpg"},"magazineBlocksPostAuthor":{"name":"admin","avatar":"https:\/\/secure.gravatar.com\/avatar\/5edfa2692bdacc5e6ee805c626c50cb44cebb065f092d9a1067d89f74dacd326?s=96&d=mm&r=g"},"magazineBlocksPostCommentsNumber":"0","magazineBlocksPostExcerpt":"estudiantes de Iberoam\u00e9rica, Canad\u00e1 y Estados Unidos ","magazineBlocksPostCategories":["Hidalgo"],"magazineBlocksPostViewCount":9,"magazineBlocksPostReadTime":2,"magazine_blocks_featured_image_url":{"full":["https:\/\/www.alasmedios.com\/wp-content\/uploads\/2026\/04\/uaeh9-scaled.jpg",2560,1707,false],"medium":["https:\/\/www.alasmedios.com\/wp-content\/uploads\/2026\/04\/uaeh9-300x200.jpg",300,200,true],"thumbnail":["https:\/\/www.alasmedios.com\/wp-content\/uploads\/2026\/04\/uaeh9-150x150.jpg",150,150,true]},"magazine_blocks_author":{"display_name":"admin","author_link":"https:\/\/www.alasmedios.com\/index.php\/author\/admin\/"},"magazine_blocks_comment":0,"magazine_blocks_author_image":"https:\/\/secure.gravatar.com\/avatar\/5edfa2692bdacc5e6ee805c626c50cb44cebb065f092d9a1067d89f74dacd326?s=96&d=mm&r=g","magazine_blocks_category":"<a href=\"#\" class=\"category-link category-link-41\">Hidalgo<\/a>","yoast_head":"<!-- This site is optimized with the Yoast SEO plugin v27.5 - https:\/\/yoast.com\/product\/yoast-seo-wordpress\/ -->\r\n<title>Arranca en UAEH Congreso Internacional Mujeres, Feminismos y Estudios de G\u00e9nero - Alas Medios<\/title>\r\n<meta name=\"robots\" content=\"index, follow, max-snippet:-1, max-image-preview:large, max-video-preview:-1\" \/>\r\n<link rel=\"canonical\" href=\"https:\/\/www.alasmedios.com\/index.php\/2026\/04\/29\/arranca-en-uaeh-congreso-internacional-mujeres-feminismos-y-estudios-de-genero\/\" \/>\r\n<meta property=\"og:locale\" content=\"es_MX\" \/>\r\n<meta property=\"og:type\" content=\"article\" \/>\r\n<meta property=\"og:title\" content=\"Arranca en UAEH Congreso Internacional Mujeres, Feminismos y Estudios de G\u00e9nero - Alas Medios\" \/>\r\n<meta property=\"og:description\" content=\"estudiantes de Iberoam\u00e9rica, Canad\u00e1 y Estados Unidos\" \/>\r\n<meta property=\"og:url\" content=\"https:\/\/www.alasmedios.com\/index.php\/2026\/04\/29\/arranca-en-uaeh-congreso-internacional-mujeres-feminismos-y-estudios-de-genero\/\" \/>\r\n<meta property=\"og:site_name\" content=\"Alas Medios\" \/>\r\n<meta property=\"article:published_time\" content=\"2026-04-29T15:15:00+00:00\" \/>\r\n<meta property=\"article:modified_time\" content=\"2026-04-29T16:50:25+00:00\" \/>\r\n<meta property=\"og:image\" content=\"https:\/\/www.alasmedios.com\/wp-content\/uploads\/2026\/04\/uaeh9-scaled.jpg\" \/>\r\n\t<meta property=\"og:image:width\" content=\"2560\" \/>\r\n\t<meta property=\"og:image:height\" content=\"1707\" \/>\r\n\t<meta property=\"og:image:type\" content=\"image\/jpeg\" \/>\r\n<meta name=\"author\" content=\"admin\" \/>\r\n<meta name=\"twitter:card\" content=\"summary_large_image\" \/>\r\n<meta name=\"twitter:label1\" content=\"Escrito por\" \/>\n\t<meta name=\"twitter:data1\" content=\"admin\" \/>\n\t<meta name=\"twitter:label2\" content=\"Tiempo de lectura\" \/>\n\t<meta name=\"twitter:data2\" content=\"2 minutos\" \/>\r\n<script type=\"application\/ld+json\" class=\"yoast-schema-graph\">{\"@context\":\"https:\\\/\\\/schema.org\",\"@graph\":[{\"@type\":\"Article\",\"@id\":\"https:\\\/\\\/www.alasmedios.com\\\/index.php\\\/2026\\\/04\\\/29\\\/arranca-en-uaeh-congreso-internacional-mujeres-feminismos-y-estudios-de-genero\\\/#article\",\"isPartOf\":{\"@id\":\"https:\\\/\\\/www.alasmedios.com\\\/index.php\\\/2026\\\/04\\\/29\\\/arranca-en-uaeh-congreso-internacional-mujeres-feminismos-y-estudios-de-genero\\\/\"},\"author\":{\"name\":\"admin\",\"@id\":\"https:\\\/\\\/www.alasmedios.com\\\/#\\\/schema\\\/person\\\/dce82c64034294fb30f5004c9d99c1ca\"},\"headline\":\"Arranca en UAEH Congreso Internacional Mujeres, Feminismos y Estudios de G\u00e9nero\",\"datePublished\":\"2026-04-29T15:15:00+00:00\",\"dateModified\":\"2026-04-29T16:50:25+00:00\",\"mainEntityOfPage\":{\"@id\":\"https:\\\/\\\/www.alasmedios.com\\\/index.php\\\/2026\\\/04\\\/29\\\/arranca-en-uaeh-congreso-internacional-mujeres-feminismos-y-estudios-de-genero\\\/\"},\"wordCount\":348,\"commentCount\":0,\"publisher\":{\"@id\":\"https:\\\/\\\/www.alasmedios.com\\\/#organization\"},\"image\":{\"@id\":\"https:\\\/\\\/www.alasmedios.com\\\/index.php\\\/2026\\\/04\\\/29\\\/arranca-en-uaeh-congreso-internacional-mujeres-feminismos-y-estudios-de-genero\\\/#primaryimage\"},\"thumbnailUrl\":\"https:\\\/\\\/www.alasmedios.com\\\/wp-content\\\/uploads\\\/2026\\\/04\\\/uaeh9-scaled.jpg\",\"keywords\":[\"derechos\",\"feminismos;\",\"Hidalgo\",\"Mujeres\",\"violencia de g\u00e9nero\"],\"articleSection\":[\"Hidalgo\"],\"inLanguage\":\"es\",\"potentialAction\":[{\"@type\":\"CommentAction\",\"name\":\"Comment\",\"target\":[\"https:\\\/\\\/www.alasmedios.com\\\/index.php\\\/2026\\\/04\\\/29\\\/arranca-en-uaeh-congreso-internacional-mujeres-feminismos-y-estudios-de-genero\\\/#respond\"]}]},{\"@type\":\"WebPage\",\"@id\":\"https:\\\/\\\/www.alasmedios.com\\\/index.php\\\/2026\\\/04\\\/29\\\/arranca-en-uaeh-congreso-internacional-mujeres-feminismos-y-estudios-de-genero\\\/\",\"url\":\"https:\\\/\\\/www.alasmedios.com\\\/index.php\\\/2026\\\/04\\\/29\\\/arranca-en-uaeh-congreso-internacional-mujeres-feminismos-y-estudios-de-genero\\\/\",\"name\":\"Arranca en UAEH Congreso Internacional Mujeres, Feminismos y Estudios de G\u00e9nero - Alas Medios\",\"isPartOf\":{\"@id\":\"https:\\\/\\\/www.alasmedios.com\\\/#website\"},\"primaryImageOfPage\":{\"@id\":\"https:\\\/\\\/www.alasmedios.com\\\/index.php\\\/2026\\\/04\\\/29\\\/arranca-en-uaeh-congreso-internacional-mujeres-feminismos-y-estudios-de-genero\\\/#primaryimage\"},\"image\":{\"@id\":\"https:\\\/\\\/www.alasmedios.com\\\/index.php\\\/2026\\\/04\\\/29\\\/arranca-en-uaeh-congreso-internacional-mujeres-feminismos-y-estudios-de-genero\\\/#primaryimage\"},\"thumbnailUrl\":\"https:\\\/\\\/www.alasmedios.com\\\/wp-content\\\/uploads\\\/2026\\\/04\\\/uaeh9-scaled.jpg\",\"datePublished\":\"2026-04-29T15:15:00+00:00\",\"dateModified\":\"2026-04-29T16:50:25+00:00\",\"breadcrumb\":{\"@id\":\"https:\\\/\\\/www.alasmedios.com\\\/index.php\\\/2026\\\/04\\\/29\\\/arranca-en-uaeh-congreso-internacional-mujeres-feminismos-y-estudios-de-genero\\\/#breadcrumb\"},\"inLanguage\":\"es\",\"potentialAction\":[{\"@type\":\"ReadAction\",\"target\":[\"https:\\\/\\\/www.alasmedios.com\\\/index.php\\\/2026\\\/04\\\/29\\\/arranca-en-uaeh-congreso-internacional-mujeres-feminismos-y-estudios-de-genero\\\/\"]}]},{\"@type\":\"ImageObject\",\"inLanguage\":\"es\",\"@id\":\"https:\\\/\\\/www.alasmedios.com\\\/index.php\\\/2026\\\/04\\\/29\\\/arranca-en-uaeh-congreso-internacional-mujeres-feminismos-y-estudios-de-genero\\\/#primaryimage\",\"url\":\"https:\\\/\\\/www.alasmedios.com\\\/wp-content\\\/uploads\\\/2026\\\/04\\\/uaeh9-scaled.jpg\",\"contentUrl\":\"https:\\\/\\\/www.alasmedios.com\\\/wp-content\\\/uploads\\\/2026\\\/04\\\/uaeh9-scaled.jpg\",\"width\":2560,\"height\":1707,\"caption\":\"Arranca en UAEH Congreso Internacional Mujeres, Feminismos y Estudios de G\u00e9nero\"},{\"@type\":\"BreadcrumbList\",\"@id\":\"https:\\\/\\\/www.alasmedios.com\\\/index.php\\\/2026\\\/04\\\/29\\\/arranca-en-uaeh-congreso-internacional-mujeres-feminismos-y-estudios-de-genero\\\/#breadcrumb\",\"itemListElement\":[{\"@type\":\"ListItem\",\"position\":1,\"name\":\"Inicio\",\"item\":\"https:\\\/\\\/www.alasmedios.com\\\/\"},{\"@type\":\"ListItem\",\"position\":2,\"name\":\"Arranca en UAEH Congreso Internacional Mujeres, Feminismos y Estudios de G\u00e9nero\"}]},{\"@type\":\"WebSite\",\"@id\":\"https:\\\/\\\/www.alasmedios.com\\\/#website\",\"url\":\"https:\\\/\\\/www.alasmedios.com\\\/\",\"name\":\"Alas Medios\",\"description\":\"Alas para pensar, Alas para volar, Alas de libertad\",\"publisher\":{\"@id\":\"https:\\\/\\\/www.alasmedios.com\\\/#organization\"},\"potentialAction\":[{\"@type\":\"SearchAction\",\"target\":{\"@type\":\"EntryPoint\",\"urlTemplate\":\"https:\\\/\\\/www.alasmedios.com\\\/?s={search_term_string}\"},\"query-input\":{\"@type\":\"PropertyValueSpecification\",\"valueRequired\":true,\"valueName\":\"search_term_string\"}}],\"inLanguage\":\"es\"},{\"@type\":\"Organization\",\"@id\":\"https:\\\/\\\/www.alasmedios.com\\\/#organization\",\"name\":\"Alas Medios\",\"url\":\"https:\\\/\\\/www.alasmedios.com\\\/\",\"logo\":{\"@type\":\"ImageObject\",\"inLanguage\":\"es\",\"@id\":\"https:\\\/\\\/www.alasmedios.com\\\/#\\\/schema\\\/logo\\\/image\\\/\",\"url\":\"https:\\\/\\\/www.alasmedios.com\\\/wp-content\\\/uploads\\\/2026\\\/01\\\/cropped-cropped-GAM-1.png\",\"contentUrl\":\"https:\\\/\\\/www.alasmedios.com\\\/wp-content\\\/uploads\\\/2026\\\/01\\\/cropped-cropped-GAM-1.png\",\"width\":467,\"height\":235,\"caption\":\"Alas Medios\"},\"image\":{\"@id\":\"https:\\\/\\\/www.alasmedios.com\\\/#\\\/schema\\\/logo\\\/image\\\/\"}},{\"@type\":\"Person\",\"@id\":\"https:\\\/\\\/www.alasmedios.com\\\/#\\\/schema\\\/person\\\/dce82c64034294fb30f5004c9d99c1ca\",\"name\":\"admin\",\"image\":{\"@type\":\"ImageObject\",\"inLanguage\":\"es\",\"@id\":\"https:\\\/\\\/secure.gravatar.com\\\/avatar\\\/5edfa2692bdacc5e6ee805c626c50cb44cebb065f092d9a1067d89f74dacd326?s=96&d=mm&r=g\",\"url\":\"https:\\\/\\\/secure.gravatar.com\\\/avatar\\\/5edfa2692bdacc5e6ee805c626c50cb44cebb065f092d9a1067d89f74dacd326?s=96&d=mm&r=g\",\"contentUrl\":\"https:\\\/\\\/secure.gravatar.com\\\/avatar\\\/5edfa2692bdacc5e6ee805c626c50cb44cebb065f092d9a1067d89f74dacd326?s=96&d=mm&r=g\",\"caption\":\"admin\"},\"sameAs\":[\"https:\\\/\\\/www.alasmedios.com\"],\"url\":\"https:\\\/\\\/www.alasmedios.com\\\/index.php\\\/author\\\/admin\\\/\"}]}<\/script>\r\n<!-- \/ Yoast SEO plugin. -->","yoast_head_json":{"title":"Arranca en UAEH Congreso Internacional Mujeres, Feminismos y Estudios de G\u00e9nero - Alas Medios","robots":{"index":"index","follow":"follow","max-snippet":"max-snippet:-1","max-image-preview":"max-image-preview:large","max-video-preview":"max-video-preview:-1"},"canonical":"https:\/\/www.alasmedios.com\/index.php\/2026\/04\/29\/arranca-en-uaeh-congreso-internacional-mujeres-feminismos-y-estudios-de-genero\/","og_locale":"es_MX","og_type":"article","og_title":"Arranca en UAEH Congreso Internacional Mujeres, Feminismos y Estudios de G\u00e9nero - Alas Medios","og_description":"estudiantes de Iberoam\u00e9rica, Canad\u00e1 y Estados Unidos","og_url":"https:\/\/www.alasmedios.com\/index.php\/2026\/04\/29\/arranca-en-uaeh-congreso-internacional-mujeres-feminismos-y-estudios-de-genero\/","og_site_name":"Alas Medios","article_published_time":"2026-04-29T15:15:00+00:00","article_modified_time":"2026-04-29T16:50:25+00:00","og_image":[{"width":2560,"height":1707,"url":"https:\/\/www.alasmedios.com\/wp-content\/uploads\/2026\/04\/uaeh9-scaled.jpg","type":"image\/jpeg"}],"author":"admin","twitter_card":"summary_large_image","twitter_misc":{"Escrito por":"admin","Tiempo de lectura":"2 minutos"},"schema":{"@context":"https:\/\/schema.org","@graph":[{"@type":"Article","@id":"https:\/\/www.alasmedios.com\/index.php\/2026\/04\/29\/arranca-en-uaeh-congreso-internacional-mujeres-feminismos-y-estudios-de-genero\/#article","isPartOf":{"@id":"https:\/\/www.alasmedios.com\/index.php\/2026\/04\/29\/arranca-en-uaeh-congreso-internacional-mujeres-feminismos-y-estudios-de-genero\/"},"author":{"name":"admin","@id":"https:\/\/www.alasmedios.com\/#\/schema\/person\/dce82c64034294fb30f5004c9d99c1ca"},"headline":"Arranca en UAEH Congreso Internacional Mujeres, Feminismos y Estudios de G\u00e9nero","datePublished":"2026-04-29T15:15:00+00:00","dateModified":"2026-04-29T16:50:25+00:00","mainEntityOfPage":{"@id":"https:\/\/www.alasmedios.com\/index.php\/2026\/04\/29\/arranca-en-uaeh-congreso-internacional-mujeres-feminismos-y-estudios-de-genero\/"},"wordCount":348,"commentCount":0,"publisher":{"@id":"https:\/\/www.alasmedios.com\/#organization"},"image":{"@id":"https:\/\/www.alasmedios.com\/index.php\/2026\/04\/29\/arranca-en-uaeh-congreso-internacional-mujeres-feminismos-y-estudios-de-genero\/#primaryimage"},"thumbnailUrl":"https:\/\/www.alasmedios.com\/wp-content\/uploads\/2026\/04\/uaeh9-scaled.jpg","keywords":["derechos","feminismos;","Hidalgo","Mujeres","violencia de g\u00e9nero"],"articleSection":["Hidalgo"],"inLanguage":"es","potentialAction":[{"@type":"CommentAction","name":"Comment","target":["https:\/\/www.alasmedios.com\/index.php\/2026\/04\/29\/arranca-en-uaeh-congreso-internacional-mujeres-feminismos-y-estudios-de-genero\/#respond"]}]},{"@type":"WebPage","@id":"https:\/\/www.alasmedios.com\/index.php\/2026\/04\/29\/arranca-en-uaeh-congreso-internacional-mujeres-feminismos-y-estudios-de-genero\/","url":"https:\/\/www.alasmedios.com\/index.php\/2026\/04\/29\/arranca-en-uaeh-congreso-internacional-mujeres-feminismos-y-estudios-de-genero\/","name":"Arranca en UAEH Congreso Internacional Mujeres, Feminismos y Estudios de G\u00e9nero - Alas Medios","isPartOf":{"@id":"https:\/\/www.alasmedios.com\/#website"},"primaryImageOfPage":{"@id":"https:\/\/www.alasmedios.com\/index.php\/2026\/04\/29\/arranca-en-uaeh-congreso-internacional-mujeres-feminismos-y-estudios-de-genero\/#primaryimage"},"image":{"@id":"https:\/\/www.alasmedios.com\/index.php\/2026\/04\/29\/arranca-en-uaeh-congreso-internacional-mujeres-feminismos-y-estudios-de-genero\/#primaryimage"},"thumbnailUrl":"https:\/\/www.alasmedios.com\/wp-content\/uploads\/2026\/04\/uaeh9-scaled.jpg","datePublished":"2026-04-29T15:15:00+00:00","dateModified":"2026-04-29T16:50:25+00:00","breadcrumb":{"@id":"https:\/\/www.alasmedios.com\/index.php\/2026\/04\/29\/arranca-en-uaeh-congreso-internacional-mujeres-feminismos-y-estudios-de-genero\/#breadcrumb"},"inLanguage":"es","potentialAction":[{"@type":"ReadAction","target":["https:\/\/www.alasmedios.com\/index.php\/2026\/04\/29\/arranca-en-uaeh-congreso-internacional-mujeres-feminismos-y-estudios-de-genero\/"]}]},{"@type":"ImageObject","inLanguage":"es","@id":"https:\/\/www.alasmedios.com\/index.php\/2026\/04\/29\/arranca-en-uaeh-congreso-internacional-mujeres-feminismos-y-estudios-de-genero\/#primaryimage","url":"https:\/\/www.alasmedios.com\/wp-content\/uploads\/2026\/04\/uaeh9-scaled.jpg","contentUrl":"https:\/\/www.alasmedios.com\/wp-content\/uploads\/2026\/04\/uaeh9-scaled.jpg","width":2560,"height":1707,"caption":"Arranca en UAEH Congreso Internacional Mujeres, Feminismos y Estudios de G\u00e9nero"},{"@type":"BreadcrumbList","@id":"https:\/\/www.alasmedios.com\/index.php\/2026\/04\/29\/arranca-en-uaeh-congreso-internacional-mujeres-feminismos-y-estudios-de-genero\/#breadcrumb","itemListElement":[{"@type":"ListItem","position":1,"name":"Inicio","item":"https:\/\/www.alasmedios.com\/"},{"@type":"ListItem","position":2,"name":"Arranca en UAEH Congreso Internacional Mujeres, Feminismos y Estudios de G\u00e9nero"}]},{"@type":"WebSite","@id":"https:\/\/www.alasmedios.com\/#website","url":"https:\/\/www.alasmedios.com\/","name":"Alas Medios","description":"Alas para pensar, Alas para volar, Alas de libertad","publisher":{"@id":"https:\/\/www.alasmedios.com\/#organization"},"potentialAction":[{"@type":"SearchAction","target":{"@type":"EntryPoint","urlTemplate":"https:\/\/www.alasmedios.com\/?s={search_term_string}"},"query-input":{"@type":"PropertyValueSpecification","valueRequired":true,"valueName":"search_term_string"}}],"inLanguage":"es"},{"@type":"Organization","@id":"https:\/\/www.alasmedios.com\/#organization","name":"Alas Medios","url":"https:\/\/www.alasmedios.com\/","logo":{"@type":"ImageObject","inLanguage":"es","@id":"https:\/\/www.alasmedios.com\/#\/schema\/logo\/image\/","url":"https:\/\/www.alasmedios.com\/wp-content\/uploads\/2026\/01\/cropped-cropped-GAM-1.png","contentUrl":"https:\/\/www.alasmedios.com\/wp-content\/uploads\/2026\/01\/cropped-cropped-GAM-1.png","width":467,"height":235,"caption":"Alas Medios"},"image":{"@id":"https:\/\/www.alasmedios.com\/#\/schema\/logo\/image\/"}},{"@type":"Person","@id":"https:\/\/www.alasmedios.com\/#\/schema\/person\/dce82c64034294fb30f5004c9d99c1ca","name":"admin","image":{"@type":"ImageObject","inLanguage":"es","@id":"https:\/\/secure.gravatar.com\/avatar\/5edfa2692bdacc5e6ee805c626c50cb44cebb065f092d9a1067d89f74dacd326?s=96&d=mm&r=g","url":"https:\/\/secure.gravatar.com\/avatar\/5edfa2692bdacc5e6ee805c626c50cb44cebb065f092d9a1067d89f74dacd326?s=96&d=mm&r=g","contentUrl":"https:\/\/secure.gravatar.com\/avatar\/5edfa2692bdacc5e6ee805c626c50cb44cebb065f092d9a1067d89f74dacd326?s=96&d=mm&r=g","caption":"admin"},"sameAs":["https:\/\/www.alasmedios.com"],"url":"https:\/\/www.alasmedios.com\/index.php\/author\/admin\/"}]}},"_links":{"self":[{"href":"https:\/\/www.alasmedios.com\/index.php\/wp-json\/wp\/v2\/posts\/8814","targetHints":{"allow":["GET"]}}],"collection":[{"href":"https:\/\/www.alasmedios.com\/index.php\/wp-json\/wp\/v2\/posts"}],"about":[{"href":"https:\/\/www.alasmedios.com\/index.php\/wp-json\/wp\/v2\/types\/post"}],"author":[{"embeddable":true,"href":"https:\/\/www.alasmedios.com\/index.php\/wp-json\/wp\/v2\/users\/1"}],"replies":[{"embeddable":true,"href":"https:\/\/www.alasmedios.com\/index.php\/wp-json\/wp\/v2\/comments?post=8814"}],"version-history":[{"count":1,"href":"https:\/\/www.alasmedios.com\/index.php\/wp-json\/wp\/v2\/posts\/8814\/revisions"}],"predecessor-version":[{"id":8817,"href":"https:\/\/www.alasmedios.com\/index.php\/wp-json\/wp\/v2\/posts\/8814\/revisions\/8817"}],"wp:featuredmedia":[{"embeddable":true,"href":"https:\/\/www.alasmedios.com\/index.php\/wp-json\/wp\/v2\/media\/8815"}],"wp:attachment":[{"href":"https:\/\/www.alasmedios.com\/index.php\/wp-json\/wp\/v2\/media?parent=8814"}],"wp:term":[{"taxonomy":"category","embeddable":true,"href":"https:\/\/www.alasmedios.com\/index.php\/wp-json\/wp\/v2\/categories?post=8814"},{"taxonomy":"post_tag","embeddable":true,"href":"https:\/\/www.alasmedios.com\/index.php\/wp-json\/wp\/v2\/tags?post=8814"}],"curies":[{"name":"wp","href":"https:\/\/api.w.org\/{rel}","templated":true}]}}