{"id":8799,"date":"2026-04-28T14:33:00","date_gmt":"2026-04-28T20:33:00","guid":{"rendered":"https:\/\/www.alasmedios.com\/?p=8799"},"modified":"2026-04-28T12:14:35","modified_gmt":"2026-04-28T18:14:35","slug":"daniela-gaxiola-empuja-a-mexico-cierra-con-fuerza-la-copa-del-mundo-de-ciclismo-de-pista","status":"publish","type":"post","link":"https:\/\/www.alasmedios.com\/index.php\/2026\/04\/28\/daniela-gaxiola-empuja-a-mexico-cierra-con-fuerza-la-copa-del-mundo-de-ciclismo-de-pista\/","title":{"rendered":"Daniela Gaxiola empuja a M\u00e9xico: cierra con fuerza la Copa del Mundo de Ciclismo de Pista"},"content":{"rendered":"\n<p>Durante la <strong>Copa del Mundo de Ciclismo de Pista<\/strong>, realizada en Malasia, <strong>Daniela Gaxiola<\/strong> se colg\u00f3 la medalla de plata en el <strong>keirin femenil<\/strong>, coloc\u00f3 a <strong>M\u00e9xico <\/strong>en un cierre potente.<\/p>\n\n\n\n<p>En una <strong>final al l\u00edmite, definida por fotofinish<\/strong>, la ciclista <strong>Daniela Gaxiola<\/strong> volvi\u00f3 a responder en la pista y se colg\u00f3 la <strong>medalla de plata en keirin femenil<\/strong>, resultado que impuls\u00f3 a <strong>M\u00e9xico<\/strong> a cerrar con fuerza su participaci\u00f3n en la <strong>Copa del Mundo de Ciclismo de Pista<\/strong>, celebrada en <strong>Nilai, Malasia<\/strong>, bajo la organizaci\u00f3n de la <strong>Uni\u00f3n Ciclista Internacional (UCI)<\/strong>.<\/p>\n\n\n\n<p>La prueba fue dominada por la china <strong>Lijuan Wang<\/strong>, quien se qued\u00f3 con el <strong>oro<\/strong>, mientras que la brit\u00e1nica <strong>Emma Finucane<\/strong> complet\u00f3 el podio con el <strong>bronce<\/strong>. En la misma competencia, la mexicana <strong>Yuli Paola Verdugo Osuna<\/strong> finaliz\u00f3 en la <strong>posici\u00f3n 17<\/strong>.<\/p>\n\n\n\n<p>CONTIN\u00daA LEYENDO: <a href=\"https:\/\/www.alasmedios.com\/index.php\/2026\/04\/28\/hidalgo-albergaria-olimpiada-nacional-2027-sheinbaum\/\" type=\"post\" id=\"8790\">Hidalgo albergar\u00eda Olimpiada Nacional 2027: Sheinbaum<\/a><\/p>\n\n\n\n<p>El resultado de <strong>Gaxiola<\/strong> no es aislado. La pedalista, ya referente continental, viene de firmar un <strong>hist\u00f3rico sexto lugar en los Juegos Ol\u00edmpicos de Par\u00eds 2024<\/strong> en esta misma prueba, una marca sin precedentes para una ciclista mexicana y latinoamericana desde la inclusi\u00f3n del keirin en <strong>Londres 2012<\/strong>.<\/p>\n\n\n\n<figure class=\"wp-block-image size-large\"><img loading=\"lazy\" decoding=\"async\" width=\"1024\" height=\"683\" src=\"https:\/\/www.alasmedios.com\/wp-content\/uploads\/2026\/04\/Daniela-Gaxiola-1-1024x683.jpg\" alt=\"\" class=\"wp-image-8806\" srcset=\"https:\/\/www.alasmedios.com\/wp-content\/uploads\/2026\/04\/Daniela-Gaxiola-1-1024x683.jpg 1024w, https:\/\/www.alasmedios.com\/wp-content\/uploads\/2026\/04\/Daniela-Gaxiola-1-300x200.jpg 300w, https:\/\/www.alasmedios.com\/wp-content\/uploads\/2026\/04\/Daniela-Gaxiola-1-768x512.jpg 768w, https:\/\/www.alasmedios.com\/wp-content\/uploads\/2026\/04\/Daniela-Gaxiola-1.jpg 1500w\" sizes=\"auto, (max-width: 1024px) 100vw, 1024px\" \/><\/figure>\n\n\n\n<h2 class=\"wp-block-heading\"><strong>Copa del Mundo de Ciclismo de Pista<\/strong><\/h2>\n\n\n\n<p>Con este cierre, la delegaci\u00f3n nacional termin\u00f3 la etapa de <strong>Malasia<\/strong> con <strong>tres preseas<\/strong> (dos platas y un bronce), lo que le permiti\u00f3 ubicarse en la <strong>d\u00e9cima posici\u00f3n del medallero general<\/strong>, en un certamen dominado por <strong>China, Pa\u00edses Bajos y Noruega<\/strong>.<\/p>\n\n\n\n<p>En el balance global del serial 2026, <strong>M\u00e9xico acumul\u00f3 seis medallas: un oro, dos platas y tres bronces<\/strong>, mostrando regularidad en las tres paradas: <strong>Australia, Hong Kong (China) y Malasia<\/strong>. Destaca la actuaci\u00f3n de <strong>Yareli Acevedo Mendoza<\/strong>, quien aport\u00f3 <strong>oro en eliminaci\u00f3n<\/strong>, adem\u00e1s de medallas en <strong>\u00f3mnium y madison<\/strong>, junto a <strong>Sof\u00eda Arreola Navarro<\/strong>.<\/p>\n\n\n\n<p>En la \u00faltima escala, adem\u00e1s de la plata de <strong>Gaxiola<\/strong>, el equipo sum\u00f3 otra <strong>plata en eliminaci\u00f3n<\/strong> con <strong>Acevedo Mendoza<\/strong> y un <strong>bronce en velocidad por equipos femenil<\/strong>, integrado por <strong>Gaxiola, Verdugo Osuna y Mar\u00eda Jos\u00e9 Vizca\u00edno Garc\u00eda<\/strong>.<\/p>\n\n\n\n<p>TE PUEDE INTERESAR: <a href=\"https:\/\/www.alasmedios.com\/index.php\/2026\/04\/27\/esperanza-de-vida-en-mexico-crece-6-7-pero-persisten-anos-con-mala-salud-alerta-unam\/\" type=\"post\" id=\"8774\">Esperanza de vida en M\u00e9xico crece 6.7%, pero persisten a\u00f1os con mala salud, alerta UNAM<\/a><\/p>\n\n\n\n<p>M\u00e1s all\u00e1 del podio, el serial marca el pulso del ciclismo mundial: estos resultados comienzan a definir la <strong>jerarqu\u00eda rumbo al Campeonato Mundial de Ciclismo en Pista 2026<\/strong>, programado del <strong>14 al 18 de octubre en Shangh\u00e1i, China<\/strong>, y el camino hacia los <strong>Juegos Ol\u00edmpicos de Los \u00c1ngeles 2028<\/strong>.<\/p>\n\n\n\n<figure class=\"wp-block-image size-large\"><img loading=\"lazy\" decoding=\"async\" width=\"1024\" height=\"683\" src=\"https:\/\/www.alasmedios.com\/wp-content\/uploads\/2026\/04\/Yareli-Acevedo-Mendoza-1024x683.jpg\" alt=\"\" class=\"wp-image-8807\" srcset=\"https:\/\/www.alasmedios.com\/wp-content\/uploads\/2026\/04\/Yareli-Acevedo-Mendoza-1024x683.jpg 1024w, https:\/\/www.alasmedios.com\/wp-content\/uploads\/2026\/04\/Yareli-Acevedo-Mendoza-300x200.jpg 300w, https:\/\/www.alasmedios.com\/wp-content\/uploads\/2026\/04\/Yareli-Acevedo-Mendoza-768x512.jpg 768w, https:\/\/www.alasmedios.com\/wp-content\/uploads\/2026\/04\/Yareli-Acevedo-Mendoza.jpg 1500w\" sizes=\"auto, (max-width: 1024px) 100vw, 1024px\" \/><\/figure>\n\n\n\n<p>Con una generaci\u00f3n que responde, <strong>M\u00e9xico sale de Malasia con ritmo competitivo y la mira puesta en lo m\u00e1s alto del ciclismo de pista internacional<\/strong>.<\/p>\n\n\n<ul class=\"wp-block-latest-posts__list is-grid columns-3 wp-block-latest-posts\"><li><div class=\"wp-block-latest-posts__featured-image\"><img loading=\"lazy\" decoding=\"async\" width=\"150\" height=\"150\" src=\"https:\/\/www.alasmedios.com\/wp-content\/uploads\/2026\/04\/vacuna-embarazo-150x150.png\" class=\"attachment-thumbnail size-thumbnail wp-post-image\" alt=\"\" style=\"\" \/><\/div><a class=\"wp-block-latest-posts__post-title\" href=\"https:\/\/www.alasmedios.com\/index.php\/2026\/04\/28\/mexico-nueva-vacuna-en-embarazo-busca-proteger-a-recien-nacidos-de-infecciones-respiratorias\/\">M\u00e9xico: nueva vacuna en embarazo busca proteger a reci\u00e9n nacidos de infecciones respiratorias<\/a><\/li>\n<li><div class=\"wp-block-latest-posts__featured-image\"><img loading=\"lazy\" decoding=\"async\" width=\"150\" height=\"150\" src=\"https:\/\/www.alasmedios.com\/wp-content\/uploads\/2026\/04\/gusano-barrenador-capacitacion-Apan-150x150.jpg\" class=\"attachment-thumbnail size-thumbnail wp-post-image\" alt=\"\" style=\"\" \/><\/div><a class=\"wp-block-latest-posts__post-title\" href=\"https:\/\/www.alasmedios.com\/index.php\/2026\/04\/28\/apan-convoca-a-productores-a-capacitacion-contra-el-gusano-barrenador\/\">Apan convoca a productores a capacitaci\u00f3n contra el gusano barrenador<\/a><\/li>\n<li><div class=\"wp-block-latest-posts__featured-image\"><img loading=\"lazy\" decoding=\"async\" width=\"150\" height=\"150\" src=\"https:\/\/www.alasmedios.com\/wp-content\/uploads\/2026\/04\/Daniela-Gaxiola-pocio-copa-mundial-de-ciclismo-de-pista-150x150.jpg\" class=\"attachment-thumbnail size-thumbnail wp-post-image\" alt=\"\" style=\"\" \/><\/div><a class=\"wp-block-latest-posts__post-title\" href=\"https:\/\/www.alasmedios.com\/index.php\/2026\/04\/28\/daniela-gaxiola-empuja-a-mexico-cierra-con-fuerza-la-copa-del-mundo-de-ciclismo-de-pista\/\">Daniela Gaxiola empuja a M\u00e9xico: cierra con fuerza la Copa del Mundo de Ciclismo de Pista<\/a><\/li>\n<\/ul>","protected":false},"excerpt":{"rendered":"<p>Durante la Copa del Mundo de Ciclismo de Pista, realizada en Malasia, Daniela Gaxiola se colg\u00f3 la medalla de plata<\/p>\n","protected":false},"author":4,"featured_media":8805,"comment_status":"open","ping_status":"open","sticky":false,"template":"","format":"standard","meta":{"colormag_page_container_layout":"default_layout","colormag_page_sidebar_layout":"default_layout","rop_custom_images_group":[],"rop_custom_messages_group":[],"rop_publish_now":"yes","rop_publish_now_accounts":[],"rop_publish_now_history":[],"rop_publish_now_status":"pending","iawp_total_views":0,"footnotes":""},"categories":[3223],"tags":[1443,3620,3619,1650],"class_list":["post-8799","post","type-post","status-publish","format-standard","has-post-thumbnail","hentry","category-deportes","tag-ciclismo-de-pista","tag-copa-del-mundo-de-ciclismo-de-pista","tag-daniela-gaxiola","tag-yareli-acevedo-mendoza-2"],"magazineBlocksPostFeaturedMedia":{"thumbnail":"https:\/\/www.alasmedios.com\/wp-content\/uploads\/2026\/04\/Daniela-Gaxiola-pocio-copa-mundial-de-ciclismo-de-pista-150x150.jpg","medium":"https:\/\/www.alasmedios.com\/wp-content\/uploads\/2026\/04\/Daniela-Gaxiola-pocio-copa-mundial-de-ciclismo-de-pista-300x175.jpg","medium_large":"https:\/\/www.alasmedios.com\/wp-content\/uploads\/2026\/04\/Daniela-Gaxiola-pocio-copa-mundial-de-ciclismo-de-pista.jpg","large":"https:\/\/www.alasmedios.com\/wp-content\/uploads\/2026\/04\/Daniela-Gaxiola-pocio-copa-mundial-de-ciclismo-de-pista.jpg","1536x1536":"https:\/\/www.alasmedios.com\/wp-content\/uploads\/2026\/04\/Daniela-Gaxiola-pocio-copa-mundial-de-ciclismo-de-pista.jpg","2048x2048":"https:\/\/www.alasmedios.com\/wp-content\/uploads\/2026\/04\/Daniela-Gaxiola-pocio-copa-mundial-de-ciclismo-de-pista.jpg","colormag-highlighted-post":"https:\/\/www.alasmedios.com\/wp-content\/uploads\/2026\/04\/Daniela-Gaxiola-pocio-copa-mundial-de-ciclismo-de-pista-392x272.jpg","colormag-featured-post-medium":"https:\/\/www.alasmedios.com\/wp-content\/uploads\/2026\/04\/Daniela-Gaxiola-pocio-copa-mundial-de-ciclismo-de-pista-390x205.jpg","colormag-featured-post-small":"https:\/\/www.alasmedios.com\/wp-content\/uploads\/2026\/04\/Daniela-Gaxiola-pocio-copa-mundial-de-ciclismo-de-pista-130x90.jpg","colormag-featured-image":"https:\/\/www.alasmedios.com\/wp-content\/uploads\/2026\/04\/Daniela-Gaxiola-pocio-copa-mundial-de-ciclismo-de-pista.jpg","colormag-default-news":"https:\/\/www.alasmedios.com\/wp-content\/uploads\/2026\/04\/Daniela-Gaxiola-pocio-copa-mundial-de-ciclismo-de-pista-150x150.jpg","colormag-featured-image-large":"https:\/\/www.alasmedios.com\/wp-content\/uploads\/2026\/04\/Daniela-Gaxiola-pocio-copa-mundial-de-ciclismo-de-pista.jpg"},"magazineBlocksPostAuthor":{"name":"Keila Rodr\u00edguez Pe\u00f1a","avatar":"https:\/\/secure.gravatar.com\/avatar\/a2553a2bfaa601b9d539b617c8793e151bdffb60f9e48a249912f86d4c9ebeef?s=96&d=mm&r=g"},"magazineBlocksPostCommentsNumber":"0","magazineBlocksPostExcerpt":"Durante la Copa del Mundo de Ciclismo de Pista, realizada en Malasia, Daniela Gaxiola se colg\u00f3 la medalla de plata","magazineBlocksPostCategories":["Deportes"],"magazineBlocksPostViewCount":4,"magazineBlocksPostReadTime":3,"magazine_blocks_featured_image_url":{"full":["https:\/\/www.alasmedios.com\/wp-content\/uploads\/2026\/04\/Daniela-Gaxiola-pocio-copa-mundial-de-ciclismo-de-pista.jpg",650,380,false],"medium":["https:\/\/www.alasmedios.com\/wp-content\/uploads\/2026\/04\/Daniela-Gaxiola-pocio-copa-mundial-de-ciclismo-de-pista-300x175.jpg",300,175,true],"thumbnail":["https:\/\/www.alasmedios.com\/wp-content\/uploads\/2026\/04\/Daniela-Gaxiola-pocio-copa-mundial-de-ciclismo-de-pista-150x150.jpg",150,150,true]},"magazine_blocks_author":{"display_name":"Keila Rodr\u00edguez Pe\u00f1a","author_link":"https:\/\/www.alasmedios.com\/index.php\/author\/keila\/"},"magazine_blocks_comment":0,"magazine_blocks_author_image":"https:\/\/secure.gravatar.com\/avatar\/a2553a2bfaa601b9d539b617c8793e151bdffb60f9e48a249912f86d4c9ebeef?s=96&d=mm&r=g","magazine_blocks_category":"<a href=\"#\" class=\"category-link category-link-3223\">Deportes<\/a>","yoast_head":"<!-- This site is optimized with the Yoast SEO plugin v27.5 - https:\/\/yoast.com\/product\/yoast-seo-wordpress\/ -->\r\n<title>Daniela Gaxiola empuja a M\u00e9xico: cierra con fuerza la Copa del Mundo de Ciclismo de Pista<\/title>\r\n<meta name=\"description\" content=\"La Copa del Mundo de Ciclismo de Pista se realiz\u00f3 en Malasia, Daniela Gaxiola se colg\u00f3 la medalla para M\u00e9xico\" \/>\r\n<meta name=\"robots\" content=\"index, follow, max-snippet:-1, max-image-preview:large, max-video-preview:-1\" \/>\r\n<link rel=\"canonical\" href=\"https:\/\/www.alasmedios.com\/index.php\/2026\/04\/28\/daniela-gaxiola-empuja-a-mexico-cierra-con-fuerza-la-copa-del-mundo-de-ciclismo-de-pista\/\" \/>\r\n<meta property=\"og:locale\" content=\"es_MX\" \/>\r\n<meta property=\"og:type\" content=\"article\" \/>\r\n<meta property=\"og:title\" content=\"Daniela Gaxiola empuja a M\u00e9xico: cierra con fuerza la Copa del Mundo de Ciclismo de Pista\" \/>\r\n<meta property=\"og:description\" content=\"La Copa del Mundo de Ciclismo de Pista se realiz\u00f3 en Malasia, Daniela Gaxiola se colg\u00f3 la medalla para M\u00e9xico\" \/>\r\n<meta property=\"og:url\" content=\"https:\/\/www.alasmedios.com\/index.php\/2026\/04\/28\/daniela-gaxiola-empuja-a-mexico-cierra-con-fuerza-la-copa-del-mundo-de-ciclismo-de-pista\/\" \/>\r\n<meta property=\"og:site_name\" content=\"Alas Medios\" \/>\r\n<meta property=\"article:published_time\" content=\"2026-04-28T20:33:00+00:00\" \/>\r\n<meta property=\"og:image\" content=\"https:\/\/www.alasmedios.com\/wp-content\/uploads\/2026\/04\/Daniela-Gaxiola-pocio-copa-mundial-de-ciclismo-de-pista.jpg\" \/>\r\n\t<meta property=\"og:image:width\" content=\"650\" \/>\r\n\t<meta property=\"og:image:height\" content=\"380\" \/>\r\n\t<meta property=\"og:image:type\" content=\"image\/jpeg\" \/>\r\n<meta name=\"author\" content=\"Keila Rodr\u00edguez Pe\u00f1a\" \/>\r\n<meta name=\"twitter:card\" content=\"summary_large_image\" \/>\r\n<meta name=\"twitter:label1\" content=\"Escrito por\" \/>\n\t<meta name=\"twitter:data1\" content=\"Keila Rodr\u00edguez Pe\u00f1a\" \/>\n\t<meta name=\"twitter:label2\" content=\"Tiempo de lectura\" \/>\n\t<meta name=\"twitter:data2\" content=\"3 minutos\" \/>\r\n<script type=\"application\/ld+json\" class=\"yoast-schema-graph\">{\"@context\":\"https:\\\/\\\/schema.org\",\"@graph\":[{\"@type\":\"Article\",\"@id\":\"https:\\\/\\\/www.alasmedios.com\\\/index.php\\\/2026\\\/04\\\/28\\\/daniela-gaxiola-empuja-a-mexico-cierra-con-fuerza-la-copa-del-mundo-de-ciclismo-de-pista\\\/#article\",\"isPartOf\":{\"@id\":\"https:\\\/\\\/www.alasmedios.com\\\/index.php\\\/2026\\\/04\\\/28\\\/daniela-gaxiola-empuja-a-mexico-cierra-con-fuerza-la-copa-del-mundo-de-ciclismo-de-pista\\\/\"},\"author\":{\"name\":\"Keila Rodr\u00edguez Pe\u00f1a\",\"@id\":\"https:\\\/\\\/www.alasmedios.com\\\/#\\\/schema\\\/person\\\/0ba31bdd19a05ebf5c7fef1fedf99c34\"},\"headline\":\"Daniela Gaxiola empuja a M\u00e9xico: cierra con fuerza la Copa del Mundo de Ciclismo de Pista\",\"datePublished\":\"2026-04-28T20:33:00+00:00\",\"mainEntityOfPage\":{\"@id\":\"https:\\\/\\\/www.alasmedios.com\\\/index.php\\\/2026\\\/04\\\/28\\\/daniela-gaxiola-empuja-a-mexico-cierra-con-fuerza-la-copa-del-mundo-de-ciclismo-de-pista\\\/\"},\"wordCount\":466,\"commentCount\":0,\"publisher\":{\"@id\":\"https:\\\/\\\/www.alasmedios.com\\\/#organization\"},\"image\":{\"@id\":\"https:\\\/\\\/www.alasmedios.com\\\/index.php\\\/2026\\\/04\\\/28\\\/daniela-gaxiola-empuja-a-mexico-cierra-con-fuerza-la-copa-del-mundo-de-ciclismo-de-pista\\\/#primaryimage\"},\"thumbnailUrl\":\"https:\\\/\\\/www.alasmedios.com\\\/wp-content\\\/uploads\\\/2026\\\/04\\\/Daniela-Gaxiola-pocio-copa-mundial-de-ciclismo-de-pista.jpg\",\"keywords\":[\"ciclismo de pista\",\"Copa del Mundo de Ciclismo de Pista\",\"Daniela Gaxiola\",\"Yareli Acevedo Mendoza\"],\"articleSection\":[\"Deportes\"],\"inLanguage\":\"es\",\"potentialAction\":[{\"@type\":\"CommentAction\",\"name\":\"Comment\",\"target\":[\"https:\\\/\\\/www.alasmedios.com\\\/index.php\\\/2026\\\/04\\\/28\\\/daniela-gaxiola-empuja-a-mexico-cierra-con-fuerza-la-copa-del-mundo-de-ciclismo-de-pista\\\/#respond\"]}]},{\"@type\":\"WebPage\",\"@id\":\"https:\\\/\\\/www.alasmedios.com\\\/index.php\\\/2026\\\/04\\\/28\\\/daniela-gaxiola-empuja-a-mexico-cierra-con-fuerza-la-copa-del-mundo-de-ciclismo-de-pista\\\/\",\"url\":\"https:\\\/\\\/www.alasmedios.com\\\/index.php\\\/2026\\\/04\\\/28\\\/daniela-gaxiola-empuja-a-mexico-cierra-con-fuerza-la-copa-del-mundo-de-ciclismo-de-pista\\\/\",\"name\":\"Daniela Gaxiola empuja a M\u00e9xico: cierra con fuerza la Copa del Mundo de Ciclismo de Pista\",\"isPartOf\":{\"@id\":\"https:\\\/\\\/www.alasmedios.com\\\/#website\"},\"primaryImageOfPage\":{\"@id\":\"https:\\\/\\\/www.alasmedios.com\\\/index.php\\\/2026\\\/04\\\/28\\\/daniela-gaxiola-empuja-a-mexico-cierra-con-fuerza-la-copa-del-mundo-de-ciclismo-de-pista\\\/#primaryimage\"},\"image\":{\"@id\":\"https:\\\/\\\/www.alasmedios.com\\\/index.php\\\/2026\\\/04\\\/28\\\/daniela-gaxiola-empuja-a-mexico-cierra-con-fuerza-la-copa-del-mundo-de-ciclismo-de-pista\\\/#primaryimage\"},\"thumbnailUrl\":\"https:\\\/\\\/www.alasmedios.com\\\/wp-content\\\/uploads\\\/2026\\\/04\\\/Daniela-Gaxiola-pocio-copa-mundial-de-ciclismo-de-pista.jpg\",\"datePublished\":\"2026-04-28T20:33:00+00:00\",\"description\":\"La Copa del Mundo de Ciclismo de Pista se realiz\u00f3 en Malasia, Daniela Gaxiola se colg\u00f3 la medalla para M\u00e9xico\",\"breadcrumb\":{\"@id\":\"https:\\\/\\\/www.alasmedios.com\\\/index.php\\\/2026\\\/04\\\/28\\\/daniela-gaxiola-empuja-a-mexico-cierra-con-fuerza-la-copa-del-mundo-de-ciclismo-de-pista\\\/#breadcrumb\"},\"inLanguage\":\"es\",\"potentialAction\":[{\"@type\":\"ReadAction\",\"target\":[\"https:\\\/\\\/www.alasmedios.com\\\/index.php\\\/2026\\\/04\\\/28\\\/daniela-gaxiola-empuja-a-mexico-cierra-con-fuerza-la-copa-del-mundo-de-ciclismo-de-pista\\\/\"]}]},{\"@type\":\"ImageObject\",\"inLanguage\":\"es\",\"@id\":\"https:\\\/\\\/www.alasmedios.com\\\/index.php\\\/2026\\\/04\\\/28\\\/daniela-gaxiola-empuja-a-mexico-cierra-con-fuerza-la-copa-del-mundo-de-ciclismo-de-pista\\\/#primaryimage\",\"url\":\"https:\\\/\\\/www.alasmedios.com\\\/wp-content\\\/uploads\\\/2026\\\/04\\\/Daniela-Gaxiola-pocio-copa-mundial-de-ciclismo-de-pista.jpg\",\"contentUrl\":\"https:\\\/\\\/www.alasmedios.com\\\/wp-content\\\/uploads\\\/2026\\\/04\\\/Daniela-Gaxiola-pocio-copa-mundial-de-ciclismo-de-pista.jpg\",\"width\":650,\"height\":380},{\"@type\":\"BreadcrumbList\",\"@id\":\"https:\\\/\\\/www.alasmedios.com\\\/index.php\\\/2026\\\/04\\\/28\\\/daniela-gaxiola-empuja-a-mexico-cierra-con-fuerza-la-copa-del-mundo-de-ciclismo-de-pista\\\/#breadcrumb\",\"itemListElement\":[{\"@type\":\"ListItem\",\"position\":1,\"name\":\"Inicio\",\"item\":\"https:\\\/\\\/www.alasmedios.com\\\/\"},{\"@type\":\"ListItem\",\"position\":2,\"name\":\"Daniela Gaxiola empuja a M\u00e9xico: cierra con fuerza la Copa del Mundo de Ciclismo de Pista\"}]},{\"@type\":\"WebSite\",\"@id\":\"https:\\\/\\\/www.alasmedios.com\\\/#website\",\"url\":\"https:\\\/\\\/www.alasmedios.com\\\/\",\"name\":\"Alas Medios\",\"description\":\"Alas para pensar, Alas para volar, Alas de libertad\",\"publisher\":{\"@id\":\"https:\\\/\\\/www.alasmedios.com\\\/#organization\"},\"potentialAction\":[{\"@type\":\"SearchAction\",\"target\":{\"@type\":\"EntryPoint\",\"urlTemplate\":\"https:\\\/\\\/www.alasmedios.com\\\/?s={search_term_string}\"},\"query-input\":{\"@type\":\"PropertyValueSpecification\",\"valueRequired\":true,\"valueName\":\"search_term_string\"}}],\"inLanguage\":\"es\"},{\"@type\":\"Organization\",\"@id\":\"https:\\\/\\\/www.alasmedios.com\\\/#organization\",\"name\":\"Alas Medios\",\"url\":\"https:\\\/\\\/www.alasmedios.com\\\/\",\"logo\":{\"@type\":\"ImageObject\",\"inLanguage\":\"es\",\"@id\":\"https:\\\/\\\/www.alasmedios.com\\\/#\\\/schema\\\/logo\\\/image\\\/\",\"url\":\"https:\\\/\\\/www.alasmedios.com\\\/wp-content\\\/uploads\\\/2026\\\/01\\\/cropped-cropped-GAM-1.png\",\"contentUrl\":\"https:\\\/\\\/www.alasmedios.com\\\/wp-content\\\/uploads\\\/2026\\\/01\\\/cropped-cropped-GAM-1.png\",\"width\":467,\"height\":235,\"caption\":\"Alas Medios\"},\"image\":{\"@id\":\"https:\\\/\\\/www.alasmedios.com\\\/#\\\/schema\\\/logo\\\/image\\\/\"}},{\"@type\":\"Person\",\"@id\":\"https:\\\/\\\/www.alasmedios.com\\\/#\\\/schema\\\/person\\\/0ba31bdd19a05ebf5c7fef1fedf99c34\",\"name\":\"Keila Rodr\u00edguez Pe\u00f1a\",\"image\":{\"@type\":\"ImageObject\",\"inLanguage\":\"es\",\"@id\":\"https:\\\/\\\/secure.gravatar.com\\\/avatar\\\/a2553a2bfaa601b9d539b617c8793e151bdffb60f9e48a249912f86d4c9ebeef?s=96&d=mm&r=g\",\"url\":\"https:\\\/\\\/secure.gravatar.com\\\/avatar\\\/a2553a2bfaa601b9d539b617c8793e151bdffb60f9e48a249912f86d4c9ebeef?s=96&d=mm&r=g\",\"contentUrl\":\"https:\\\/\\\/secure.gravatar.com\\\/avatar\\\/a2553a2bfaa601b9d539b617c8793e151bdffb60f9e48a249912f86d4c9ebeef?s=96&d=mm&r=g\",\"caption\":\"Keila Rodr\u00edguez Pe\u00f1a\"},\"sameAs\":[\"http:\\\/\\\/www.alasmedios.com\"],\"url\":\"https:\\\/\\\/www.alasmedios.com\\\/index.php\\\/author\\\/keila\\\/\"}]}<\/script>\r\n<!-- \/ Yoast SEO plugin. -->","yoast_head_json":{"title":"Daniela Gaxiola empuja a M\u00e9xico: cierra con fuerza la Copa del Mundo de Ciclismo de Pista","description":"La Copa del Mundo de Ciclismo de Pista se realiz\u00f3 en Malasia, Daniela Gaxiola se colg\u00f3 la medalla para M\u00e9xico","robots":{"index":"index","follow":"follow","max-snippet":"max-snippet:-1","max-image-preview":"max-image-preview:large","max-video-preview":"max-video-preview:-1"},"canonical":"https:\/\/www.alasmedios.com\/index.php\/2026\/04\/28\/daniela-gaxiola-empuja-a-mexico-cierra-con-fuerza-la-copa-del-mundo-de-ciclismo-de-pista\/","og_locale":"es_MX","og_type":"article","og_title":"Daniela Gaxiola empuja a M\u00e9xico: cierra con fuerza la Copa del Mundo de Ciclismo de Pista","og_description":"La Copa del Mundo de Ciclismo de Pista se realiz\u00f3 en Malasia, Daniela Gaxiola se colg\u00f3 la medalla para M\u00e9xico","og_url":"https:\/\/www.alasmedios.com\/index.php\/2026\/04\/28\/daniela-gaxiola-empuja-a-mexico-cierra-con-fuerza-la-copa-del-mundo-de-ciclismo-de-pista\/","og_site_name":"Alas Medios","article_published_time":"2026-04-28T20:33:00+00:00","og_image":[{"width":650,"height":380,"url":"https:\/\/www.alasmedios.com\/wp-content\/uploads\/2026\/04\/Daniela-Gaxiola-pocio-copa-mundial-de-ciclismo-de-pista.jpg","type":"image\/jpeg"}],"author":"Keila Rodr\u00edguez Pe\u00f1a","twitter_card":"summary_large_image","twitter_misc":{"Escrito por":"Keila Rodr\u00edguez Pe\u00f1a","Tiempo de lectura":"3 minutos"},"schema":{"@context":"https:\/\/schema.org","@graph":[{"@type":"Article","@id":"https:\/\/www.alasmedios.com\/index.php\/2026\/04\/28\/daniela-gaxiola-empuja-a-mexico-cierra-con-fuerza-la-copa-del-mundo-de-ciclismo-de-pista\/#article","isPartOf":{"@id":"https:\/\/www.alasmedios.com\/index.php\/2026\/04\/28\/daniela-gaxiola-empuja-a-mexico-cierra-con-fuerza-la-copa-del-mundo-de-ciclismo-de-pista\/"},"author":{"name":"Keila Rodr\u00edguez Pe\u00f1a","@id":"https:\/\/www.alasmedios.com\/#\/schema\/person\/0ba31bdd19a05ebf5c7fef1fedf99c34"},"headline":"Daniela Gaxiola empuja a M\u00e9xico: cierra con fuerza la Copa del Mundo de Ciclismo de Pista","datePublished":"2026-04-28T20:33:00+00:00","mainEntityOfPage":{"@id":"https:\/\/www.alasmedios.com\/index.php\/2026\/04\/28\/daniela-gaxiola-empuja-a-mexico-cierra-con-fuerza-la-copa-del-mundo-de-ciclismo-de-pista\/"},"wordCount":466,"commentCount":0,"publisher":{"@id":"https:\/\/www.alasmedios.com\/#organization"},"image":{"@id":"https:\/\/www.alasmedios.com\/index.php\/2026\/04\/28\/daniela-gaxiola-empuja-a-mexico-cierra-con-fuerza-la-copa-del-mundo-de-ciclismo-de-pista\/#primaryimage"},"thumbnailUrl":"https:\/\/www.alasmedios.com\/wp-content\/uploads\/2026\/04\/Daniela-Gaxiola-pocio-copa-mundial-de-ciclismo-de-pista.jpg","keywords":["ciclismo de pista","Copa del Mundo de Ciclismo de Pista","Daniela Gaxiola","Yareli Acevedo Mendoza"],"articleSection":["Deportes"],"inLanguage":"es","potentialAction":[{"@type":"CommentAction","name":"Comment","target":["https:\/\/www.alasmedios.com\/index.php\/2026\/04\/28\/daniela-gaxiola-empuja-a-mexico-cierra-con-fuerza-la-copa-del-mundo-de-ciclismo-de-pista\/#respond"]}]},{"@type":"WebPage","@id":"https:\/\/www.alasmedios.com\/index.php\/2026\/04\/28\/daniela-gaxiola-empuja-a-mexico-cierra-con-fuerza-la-copa-del-mundo-de-ciclismo-de-pista\/","url":"https:\/\/www.alasmedios.com\/index.php\/2026\/04\/28\/daniela-gaxiola-empuja-a-mexico-cierra-con-fuerza-la-copa-del-mundo-de-ciclismo-de-pista\/","name":"Daniela Gaxiola empuja a M\u00e9xico: cierra con fuerza la Copa del Mundo de Ciclismo de Pista","isPartOf":{"@id":"https:\/\/www.alasmedios.com\/#website"},"primaryImageOfPage":{"@id":"https:\/\/www.alasmedios.com\/index.php\/2026\/04\/28\/daniela-gaxiola-empuja-a-mexico-cierra-con-fuerza-la-copa-del-mundo-de-ciclismo-de-pista\/#primaryimage"},"image":{"@id":"https:\/\/www.alasmedios.com\/index.php\/2026\/04\/28\/daniela-gaxiola-empuja-a-mexico-cierra-con-fuerza-la-copa-del-mundo-de-ciclismo-de-pista\/#primaryimage"},"thumbnailUrl":"https:\/\/www.alasmedios.com\/wp-content\/uploads\/2026\/04\/Daniela-Gaxiola-pocio-copa-mundial-de-ciclismo-de-pista.jpg","datePublished":"2026-04-28T20:33:00+00:00","description":"La Copa del Mundo de Ciclismo de Pista se realiz\u00f3 en Malasia, Daniela Gaxiola se colg\u00f3 la medalla para M\u00e9xico","breadcrumb":{"@id":"https:\/\/www.alasmedios.com\/index.php\/2026\/04\/28\/daniela-gaxiola-empuja-a-mexico-cierra-con-fuerza-la-copa-del-mundo-de-ciclismo-de-pista\/#breadcrumb"},"inLanguage":"es","potentialAction":[{"@type":"ReadAction","target":["https:\/\/www.alasmedios.com\/index.php\/2026\/04\/28\/daniela-gaxiola-empuja-a-mexico-cierra-con-fuerza-la-copa-del-mundo-de-ciclismo-de-pista\/"]}]},{"@type":"ImageObject","inLanguage":"es","@id":"https:\/\/www.alasmedios.com\/index.php\/2026\/04\/28\/daniela-gaxiola-empuja-a-mexico-cierra-con-fuerza-la-copa-del-mundo-de-ciclismo-de-pista\/#primaryimage","url":"https:\/\/www.alasmedios.com\/wp-content\/uploads\/2026\/04\/Daniela-Gaxiola-pocio-copa-mundial-de-ciclismo-de-pista.jpg","contentUrl":"https:\/\/www.alasmedios.com\/wp-content\/uploads\/2026\/04\/Daniela-Gaxiola-pocio-copa-mundial-de-ciclismo-de-pista.jpg","width":650,"height":380},{"@type":"BreadcrumbList","@id":"https:\/\/www.alasmedios.com\/index.php\/2026\/04\/28\/daniela-gaxiola-empuja-a-mexico-cierra-con-fuerza-la-copa-del-mundo-de-ciclismo-de-pista\/#breadcrumb","itemListElement":[{"@type":"ListItem","position":1,"name":"Inicio","item":"https:\/\/www.alasmedios.com\/"},{"@type":"ListItem","position":2,"name":"Daniela Gaxiola empuja a M\u00e9xico: cierra con fuerza la Copa del Mundo de Ciclismo de Pista"}]},{"@type":"WebSite","@id":"https:\/\/www.alasmedios.com\/#website","url":"https:\/\/www.alasmedios.com\/","name":"Alas Medios","description":"Alas para pensar, Alas para volar, Alas de libertad","publisher":{"@id":"https:\/\/www.alasmedios.com\/#organization"},"potentialAction":[{"@type":"SearchAction","target":{"@type":"EntryPoint","urlTemplate":"https:\/\/www.alasmedios.com\/?s={search_term_string}"},"query-input":{"@type":"PropertyValueSpecification","valueRequired":true,"valueName":"search_term_string"}}],"inLanguage":"es"},{"@type":"Organization","@id":"https:\/\/www.alasmedios.com\/#organization","name":"Alas Medios","url":"https:\/\/www.alasmedios.com\/","logo":{"@type":"ImageObject","inLanguage":"es","@id":"https:\/\/www.alasmedios.com\/#\/schema\/logo\/image\/","url":"https:\/\/www.alasmedios.com\/wp-content\/uploads\/2026\/01\/cropped-cropped-GAM-1.png","contentUrl":"https:\/\/www.alasmedios.com\/wp-content\/uploads\/2026\/01\/cropped-cropped-GAM-1.png","width":467,"height":235,"caption":"Alas Medios"},"image":{"@id":"https:\/\/www.alasmedios.com\/#\/schema\/logo\/image\/"}},{"@type":"Person","@id":"https:\/\/www.alasmedios.com\/#\/schema\/person\/0ba31bdd19a05ebf5c7fef1fedf99c34","name":"Keila Rodr\u00edguez Pe\u00f1a","image":{"@type":"ImageObject","inLanguage":"es","@id":"https:\/\/secure.gravatar.com\/avatar\/a2553a2bfaa601b9d539b617c8793e151bdffb60f9e48a249912f86d4c9ebeef?s=96&d=mm&r=g","url":"https:\/\/secure.gravatar.com\/avatar\/a2553a2bfaa601b9d539b617c8793e151bdffb60f9e48a249912f86d4c9ebeef?s=96&d=mm&r=g","contentUrl":"https:\/\/secure.gravatar.com\/avatar\/a2553a2bfaa601b9d539b617c8793e151bdffb60f9e48a249912f86d4c9ebeef?s=96&d=mm&r=g","caption":"Keila Rodr\u00edguez Pe\u00f1a"},"sameAs":["http:\/\/www.alasmedios.com"],"url":"https:\/\/www.alasmedios.com\/index.php\/author\/keila\/"}]}},"_links":{"self":[{"href":"https:\/\/www.alasmedios.com\/index.php\/wp-json\/wp\/v2\/posts\/8799","targetHints":{"allow":["GET"]}}],"collection":[{"href":"https:\/\/www.alasmedios.com\/index.php\/wp-json\/wp\/v2\/posts"}],"about":[{"href":"https:\/\/www.alasmedios.com\/index.php\/wp-json\/wp\/v2\/types\/post"}],"author":[{"embeddable":true,"href":"https:\/\/www.alasmedios.com\/index.php\/wp-json\/wp\/v2\/users\/4"}],"replies":[{"embeddable":true,"href":"https:\/\/www.alasmedios.com\/index.php\/wp-json\/wp\/v2\/comments?post=8799"}],"version-history":[{"count":1,"href":"https:\/\/www.alasmedios.com\/index.php\/wp-json\/wp\/v2\/posts\/8799\/revisions"}],"predecessor-version":[{"id":8808,"href":"https:\/\/www.alasmedios.com\/index.php\/wp-json\/wp\/v2\/posts\/8799\/revisions\/8808"}],"wp:featuredmedia":[{"embeddable":true,"href":"https:\/\/www.alasmedios.com\/index.php\/wp-json\/wp\/v2\/media\/8805"}],"wp:attachment":[{"href":"https:\/\/www.alasmedios.com\/index.php\/wp-json\/wp\/v2\/media?parent=8799"}],"wp:term":[{"taxonomy":"category","embeddable":true,"href":"https:\/\/www.alasmedios.com\/index.php\/wp-json\/wp\/v2\/categories?post=8799"},{"taxonomy":"post_tag","embeddable":true,"href":"https:\/\/www.alasmedios.com\/index.php\/wp-json\/wp\/v2\/tags?post=8799"}],"curies":[{"name":"wp","href":"https:\/\/api.w.org\/{rel}","templated":true}]}}