{"id":8795,"date":"2026-04-28T13:30:00","date_gmt":"2026-04-28T19:30:00","guid":{"rendered":"https:\/\/www.alasmedios.com\/?p=8795"},"modified":"2026-04-28T11:39:02","modified_gmt":"2026-04-28T17:39:02","slug":"tianguis-turistico-van-por-mas-de-1500-negocios-puebla-sera-sede-en-2027","status":"publish","type":"post","link":"https:\/\/www.alasmedios.com\/index.php\/2026\/04\/28\/tianguis-turistico-van-por-mas-de-1500-negocios-puebla-sera-sede-en-2027\/","title":{"rendered":"Tianguis Tur\u00edstico: van por m\u00e1s de 1,500 negocios, Puebla ser\u00e1 sede en 2027"},"content":{"rendered":"\n<p>Para la<strong> edici\u00f3n 51 del Tianguis Tur\u00edstico<\/strong>, <strong>Puebla <\/strong>se posiciona como <strong>sede<\/strong>, esperan la participaci\u00f3n de m\u00e1s de<strong> 1,500 negocios<\/strong>.<\/p>\n\n\n\n<p>El estado de <strong>Puebla<\/strong> refuerza su presencia en el <strong>Tianguis Tur\u00edstico<\/strong>, al proyectarse como uno de los destinos m\u00e1s activos del pa\u00eds y asegurar la <strong>sede de este encuentro en 2027<\/strong>, uno de los escaparates m\u00e1s importantes para la industria a nivel nacional.<\/p>\n\n\n\n<p>Durante la <strong>edici\u00f3n n\u00famero 50 del Tianguis Tur\u00edstico<\/strong>, realizada en <strong>Acapulco, Guerrero<\/strong>, la <strong>secretaria de Desarrollo Tur\u00edstico, Carla L\u00f3pez-Malo Villal\u00f3n<\/strong>, en representaci\u00f3n del gobernador <strong>Alejandro Armenta Mier<\/strong>, encabez\u00f3 la <strong>inauguraci\u00f3n del pabell\u00f3n de Puebla<\/strong>, donde se espera concretar <strong>m\u00e1s de mil 500 citas de negocios<\/strong>.<\/p>\n\n\n\n<p>CONTIN\u00daA LEYENDO: <a href=\"https:\/\/www.alasmedios.com\/index.php\/2026\/04\/28\/puebla-80-detenidos-y-capturan-operador-de-los-pericos\/\" type=\"post\" id=\"8794\">Puebla: 80 detenidos y capturan operador de \u201cLos Pericos\u201d<\/a><\/p>\n\n\n\n<p>La delegaci\u00f3n poblana est\u00e1 integrada por <strong>m\u00e1s de 130 participantes<\/strong>, entre <strong>presidentes municipales de Pueblos M\u00e1gicos, hoteleros, restauranteros, cocineras tradicionales y artesanos<\/strong>, quienes presentan una <strong>oferta tur\u00edstica diversificada<\/strong> que apuesta por atraer visitantes nacionales e internacionales.<\/p>\n\n\n\n<figure class=\"wp-block-image size-large\"><img loading=\"lazy\" decoding=\"async\" width=\"1024\" height=\"683\" src=\"https:\/\/www.alasmedios.com\/wp-content\/uploads\/2026\/04\/Tianguis-Turistico-Puebla-2-1024x683.jpeg\" alt=\"\" class=\"wp-image-8801\" srcset=\"https:\/\/www.alasmedios.com\/wp-content\/uploads\/2026\/04\/Tianguis-Turistico-Puebla-2-1024x683.jpeg 1024w, https:\/\/www.alasmedios.com\/wp-content\/uploads\/2026\/04\/Tianguis-Turistico-Puebla-2-300x200.jpeg 300w, https:\/\/www.alasmedios.com\/wp-content\/uploads\/2026\/04\/Tianguis-Turistico-Puebla-2-768x512.jpeg 768w, https:\/\/www.alasmedios.com\/wp-content\/uploads\/2026\/04\/Tianguis-Turistico-Puebla-2.jpeg 1280w\" sizes=\"auto, (max-width: 1024px) 100vw, 1024px\" \/><\/figure>\n\n\n\n<p>En paralelo, se confirm\u00f3 que <strong>Puebla recibir\u00e1 la estafeta del Tianguis Tur\u00edstico<\/strong> para convertirse en <strong>sede en 2027<\/strong>, lo que posiciona a la entidad como un <strong>punto estrat\u00e9gico para el desarrollo tur\u00edstico<\/strong> y la generaci\u00f3n de <strong>derrama econ\u00f3mica<\/strong>.<\/p>\n\n\n\n<p>Dentro del pabell\u00f3n poblano, adem\u00e1s de las <strong>citas de negocio<\/strong>, se prev\u00e9 la <strong>firma de convenios<\/strong> y la participaci\u00f3n en <strong>m\u00e1s de ocho nominaciones<\/strong>, como parte de una estrategia para fortalecer la presencia del estado en el sector.<\/p>\n\n\n\n<p>El encuentro re\u00fane a <strong>nueve pa\u00edses invitados<\/strong>, con <strong>Colombia como pa\u00eds invitado<\/strong>, adem\u00e1s de m\u00e1s de <strong>8 mil participantes<\/strong>, <strong>mil 300 empresas expositoras<\/strong> y una proyecci\u00f3n de <strong>58 mil citas de negocio<\/strong>, lo que representa un crecimiento significativo frente a ediciones anteriores.<\/p>\n\n\n\n<p>En este contexto, el <strong>Tianguis Tur\u00edstico<\/strong> se consolida como una <strong>plataforma clave para alianzas, inversi\u00f3n y promoci\u00f3n<\/strong>, donde <strong>Puebla<\/strong> busca capitalizar su <strong>riqueza hist\u00f3rica, cultural y gastron\u00f3mica<\/strong> para atraer nuevos mercados.<\/p>\n\n\n\n<p>TE PUEDE INTERESAR: <a href=\"https:\/\/www.alasmedios.com\/index.php\/2026\/04\/28\/hidalgo-albergaria-olimpiada-nacional-2027-sheinbaum\/\" type=\"post\" id=\"8790\">Hidalgo albergar\u00eda Olimpiada Nacional 2027: Sheinbaum<\/a><\/p>\n\n\n\n<figure class=\"wp-block-image size-large\"><img loading=\"lazy\" decoding=\"async\" width=\"1024\" height=\"683\" src=\"https:\/\/www.alasmedios.com\/wp-content\/uploads\/2026\/04\/Tianguis-Turistico-Puebla-1-1024x683.jpeg\" alt=\"\" class=\"wp-image-8802\" srcset=\"https:\/\/www.alasmedios.com\/wp-content\/uploads\/2026\/04\/Tianguis-Turistico-Puebla-1-1024x683.jpeg 1024w, https:\/\/www.alasmedios.com\/wp-content\/uploads\/2026\/04\/Tianguis-Turistico-Puebla-1-300x200.jpeg 300w, https:\/\/www.alasmedios.com\/wp-content\/uploads\/2026\/04\/Tianguis-Turistico-Puebla-1-768x512.jpeg 768w, https:\/\/www.alasmedios.com\/wp-content\/uploads\/2026\/04\/Tianguis-Turistico-Puebla-1.jpeg 1280w\" sizes=\"auto, (max-width: 1024px) 100vw, 1024px\" \/><\/figure>\n\n\n\n<p>Adem\u00e1s, se anunciaron <strong>nuevas conexiones tur\u00edsticas<\/strong>, como la ruta hacia <strong>Zihuatanejo<\/strong> y la pr\u00f3xima conexi\u00f3n con <strong>Huatulco<\/strong>, lo que ampl\u00eda las posibilidades de movilidad y fortalece el <strong>intercambio regional<\/strong>.<\/p>\n\n\n<ul class=\"wp-block-latest-posts__list is-grid columns-3 wp-block-latest-posts\"><li><div class=\"wp-block-latest-posts__featured-image\"><img loading=\"lazy\" decoding=\"async\" width=\"150\" height=\"150\" src=\"https:\/\/www.alasmedios.com\/wp-content\/uploads\/2026\/04\/vacuna-embarazo-150x150.png\" class=\"attachment-thumbnail size-thumbnail wp-post-image\" alt=\"\" style=\"\" \/><\/div><a class=\"wp-block-latest-posts__post-title\" href=\"https:\/\/www.alasmedios.com\/index.php\/2026\/04\/28\/mexico-nueva-vacuna-en-embarazo-busca-proteger-a-recien-nacidos-de-infecciones-respiratorias\/\">M\u00e9xico: nueva vacuna en embarazo busca proteger a reci\u00e9n nacidos de infecciones respiratorias<\/a><\/li>\n<li><div class=\"wp-block-latest-posts__featured-image\"><img loading=\"lazy\" decoding=\"async\" width=\"150\" height=\"150\" src=\"https:\/\/www.alasmedios.com\/wp-content\/uploads\/2026\/04\/gusano-barrenador-capacitacion-Apan-150x150.jpg\" class=\"attachment-thumbnail size-thumbnail wp-post-image\" alt=\"\" style=\"\" \/><\/div><a class=\"wp-block-latest-posts__post-title\" href=\"https:\/\/www.alasmedios.com\/index.php\/2026\/04\/28\/apan-convoca-a-productores-a-capacitacion-contra-el-gusano-barrenador\/\">Apan convoca a productores a capacitaci\u00f3n contra el gusano barrenador<\/a><\/li>\n<li><div class=\"wp-block-latest-posts__featured-image\"><img loading=\"lazy\" decoding=\"async\" width=\"150\" height=\"150\" src=\"https:\/\/www.alasmedios.com\/wp-content\/uploads\/2026\/04\/Daniela-Gaxiola-pocio-copa-mundial-de-ciclismo-de-pista-150x150.jpg\" class=\"attachment-thumbnail size-thumbnail wp-post-image\" alt=\"\" style=\"\" \/><\/div><a class=\"wp-block-latest-posts__post-title\" href=\"https:\/\/www.alasmedios.com\/index.php\/2026\/04\/28\/daniela-gaxiola-empuja-a-mexico-cierra-con-fuerza-la-copa-del-mundo-de-ciclismo-de-pista\/\">Daniela Gaxiola empuja a M\u00e9xico: cierra con fuerza la Copa del Mundo de Ciclismo de Pista<\/a><\/li>\n<\/ul>","protected":false},"excerpt":{"rendered":"<p>Para la edici\u00f3n 51 del Tianguis Tur\u00edstico, Puebla se posiciona como sede, esperan la participaci\u00f3n de m\u00e1s de 1,500 negocios.<\/p>\n","protected":false},"author":4,"featured_media":8800,"comment_status":"open","ping_status":"open","sticky":false,"template":"","format":"standard","meta":{"colormag_page_container_layout":"default_layout","colormag_page_sidebar_layout":"default_layout","rop_custom_images_group":[],"rop_custom_messages_group":[],"rop_publish_now":"yes","rop_publish_now_accounts":[],"rop_publish_now_history":[],"rop_publish_now_status":"pending","iawp_total_views":0,"footnotes":""},"categories":[3527,3222],"tags":[76,1363,3618],"class_list":["post-8795","post","type-post","status-publish","format-standard","has-post-thumbnail","hentry","category-cultura-y-turismo","category-mexico","tag-negocios","tag-puebla","tag-tianguis-turistico"],"magazineBlocksPostFeaturedMedia":{"thumbnail":"https:\/\/www.alasmedios.com\/wp-content\/uploads\/2026\/04\/Tianguis-Turistico-Puebla-150x150.jpeg","medium":"https:\/\/www.alasmedios.com\/wp-content\/uploads\/2026\/04\/Tianguis-Turistico-Puebla-300x200.jpeg","medium_large":"https:\/\/www.alasmedios.com\/wp-content\/uploads\/2026\/04\/Tianguis-Turistico-Puebla-768x512.jpeg","large":"https:\/\/www.alasmedios.com\/wp-content\/uploads\/2026\/04\/Tianguis-Turistico-Puebla-1024x683.jpeg","1536x1536":"https:\/\/www.alasmedios.com\/wp-content\/uploads\/2026\/04\/Tianguis-Turistico-Puebla.jpeg","2048x2048":"https:\/\/www.alasmedios.com\/wp-content\/uploads\/2026\/04\/Tianguis-Turistico-Puebla.jpeg","colormag-highlighted-post":"https:\/\/www.alasmedios.com\/wp-content\/uploads\/2026\/04\/Tianguis-Turistico-Puebla-392x272.jpeg","colormag-featured-post-medium":"https:\/\/www.alasmedios.com\/wp-content\/uploads\/2026\/04\/Tianguis-Turistico-Puebla-390x205.jpeg","colormag-featured-post-small":"https:\/\/www.alasmedios.com\/wp-content\/uploads\/2026\/04\/Tianguis-Turistico-Puebla-130x90.jpeg","colormag-featured-image":"https:\/\/www.alasmedios.com\/wp-content\/uploads\/2026\/04\/Tianguis-Turistico-Puebla-800x445.jpeg","colormag-default-news":"https:\/\/www.alasmedios.com\/wp-content\/uploads\/2026\/04\/Tianguis-Turistico-Puebla-150x150.jpeg","colormag-featured-image-large":"https:\/\/www.alasmedios.com\/wp-content\/uploads\/2026\/04\/Tianguis-Turistico-Puebla-1280x600.jpeg"},"magazineBlocksPostAuthor":{"name":"Keila Rodr\u00edguez Pe\u00f1a","avatar":"https:\/\/secure.gravatar.com\/avatar\/a2553a2bfaa601b9d539b617c8793e151bdffb60f9e48a249912f86d4c9ebeef?s=96&d=mm&r=g"},"magazineBlocksPostCommentsNumber":"0","magazineBlocksPostExcerpt":"Para la edici\u00f3n 51 del Tianguis Tur\u00edstico, Puebla se posiciona como sede, esperan la participaci\u00f3n de m\u00e1s de 1,500 negocios.","magazineBlocksPostCategories":["Cultura y Turismo","M\u00e9xico"],"magazineBlocksPostViewCount":4,"magazineBlocksPostReadTime":2,"magazine_blocks_featured_image_url":{"full":["https:\/\/www.alasmedios.com\/wp-content\/uploads\/2026\/04\/Tianguis-Turistico-Puebla.jpeg",1280,854,false],"medium":["https:\/\/www.alasmedios.com\/wp-content\/uploads\/2026\/04\/Tianguis-Turistico-Puebla-300x200.jpeg",300,200,true],"thumbnail":["https:\/\/www.alasmedios.com\/wp-content\/uploads\/2026\/04\/Tianguis-Turistico-Puebla-150x150.jpeg",150,150,true]},"magazine_blocks_author":{"display_name":"Keila Rodr\u00edguez Pe\u00f1a","author_link":"https:\/\/www.alasmedios.com\/index.php\/author\/keila\/"},"magazine_blocks_comment":0,"magazine_blocks_author_image":"https:\/\/secure.gravatar.com\/avatar\/a2553a2bfaa601b9d539b617c8793e151bdffb60f9e48a249912f86d4c9ebeef?s=96&d=mm&r=g","magazine_blocks_category":"<a href=\"#\" class=\"category-link category-link-3527\">Cultura y Turismo<\/a> <a href=\"#\" class=\"category-link category-link-3222\">M\u00e9xico<\/a>","yoast_head":"<!-- This site is optimized with the Yoast SEO plugin v27.5 - https:\/\/yoast.com\/product\/yoast-seo-wordpress\/ -->\r\n<title>Tianguis Tur\u00edstico: van por m\u00e1s de 1,500 negocios, Puebla ser\u00e1 sede en 2027<\/title>\r\n<meta name=\"description\" content=\"Para la edici\u00f3n 51 del Tianguis Tur\u00edstico, Puebla se posiciona como sede, esperan la participaci\u00f3n de m\u00e1s de 1,500 negocios\" \/>\r\n<meta name=\"robots\" content=\"index, follow, max-snippet:-1, max-image-preview:large, max-video-preview:-1\" \/>\r\n<link rel=\"canonical\" href=\"https:\/\/www.alasmedios.com\/index.php\/2026\/04\/28\/tianguis-turistico-van-por-mas-de-1500-negocios-puebla-sera-sede-en-2027\/\" \/>\r\n<meta property=\"og:locale\" content=\"es_MX\" \/>\r\n<meta property=\"og:type\" content=\"article\" \/>\r\n<meta property=\"og:title\" content=\"Tianguis Tur\u00edstico: van por m\u00e1s de 1,500 negocios, Puebla ser\u00e1 sede en 2027\" \/>\r\n<meta property=\"og:description\" content=\"Para la edici\u00f3n 51 del Tianguis Tur\u00edstico, Puebla se posiciona como sede, esperan la participaci\u00f3n de m\u00e1s de 1,500 negocios\" \/>\r\n<meta property=\"og:url\" content=\"https:\/\/www.alasmedios.com\/index.php\/2026\/04\/28\/tianguis-turistico-van-por-mas-de-1500-negocios-puebla-sera-sede-en-2027\/\" \/>\r\n<meta property=\"og:site_name\" content=\"Alas Medios\" \/>\r\n<meta property=\"article:published_time\" content=\"2026-04-28T19:30:00+00:00\" \/>\r\n<meta property=\"og:image\" content=\"https:\/\/www.alasmedios.com\/wp-content\/uploads\/2026\/04\/Tianguis-Turistico-Puebla.jpeg\" \/>\r\n\t<meta property=\"og:image:width\" content=\"1280\" \/>\r\n\t<meta property=\"og:image:height\" content=\"854\" \/>\r\n\t<meta property=\"og:image:type\" content=\"image\/jpeg\" \/>\r\n<meta name=\"author\" content=\"Keila Rodr\u00edguez Pe\u00f1a\" \/>\r\n<meta name=\"twitter:card\" content=\"summary_large_image\" \/>\r\n<meta name=\"twitter:label1\" content=\"Escrito por\" \/>\n\t<meta name=\"twitter:data1\" content=\"Keila Rodr\u00edguez Pe\u00f1a\" \/>\n\t<meta name=\"twitter:label2\" content=\"Tiempo de lectura\" \/>\n\t<meta name=\"twitter:data2\" content=\"3 minutos\" \/>\r\n<script type=\"application\/ld+json\" class=\"yoast-schema-graph\">{\"@context\":\"https:\\\/\\\/schema.org\",\"@graph\":[{\"@type\":\"Article\",\"@id\":\"https:\\\/\\\/www.alasmedios.com\\\/index.php\\\/2026\\\/04\\\/28\\\/tianguis-turistico-van-por-mas-de-1500-negocios-puebla-sera-sede-en-2027\\\/#article\",\"isPartOf\":{\"@id\":\"https:\\\/\\\/www.alasmedios.com\\\/index.php\\\/2026\\\/04\\\/28\\\/tianguis-turistico-van-por-mas-de-1500-negocios-puebla-sera-sede-en-2027\\\/\"},\"author\":{\"name\":\"Keila Rodr\u00edguez Pe\u00f1a\",\"@id\":\"https:\\\/\\\/www.alasmedios.com\\\/#\\\/schema\\\/person\\\/0ba31bdd19a05ebf5c7fef1fedf99c34\"},\"headline\":\"Tianguis Tur\u00edstico: van por m\u00e1s de 1,500 negocios, Puebla ser\u00e1 sede en 2027\",\"datePublished\":\"2026-04-28T19:30:00+00:00\",\"mainEntityOfPage\":{\"@id\":\"https:\\\/\\\/www.alasmedios.com\\\/index.php\\\/2026\\\/04\\\/28\\\/tianguis-turistico-van-por-mas-de-1500-negocios-puebla-sera-sede-en-2027\\\/\"},\"wordCount\":392,\"commentCount\":0,\"publisher\":{\"@id\":\"https:\\\/\\\/www.alasmedios.com\\\/#organization\"},\"image\":{\"@id\":\"https:\\\/\\\/www.alasmedios.com\\\/index.php\\\/2026\\\/04\\\/28\\\/tianguis-turistico-van-por-mas-de-1500-negocios-puebla-sera-sede-en-2027\\\/#primaryimage\"},\"thumbnailUrl\":\"https:\\\/\\\/www.alasmedios.com\\\/wp-content\\\/uploads\\\/2026\\\/04\\\/Tianguis-Turistico-Puebla.jpeg\",\"keywords\":[\"Negocios\",\"Puebla\",\"Tianguis Tur\u00edstico\"],\"articleSection\":[\"Cultura y Turismo\",\"M\u00e9xico\"],\"inLanguage\":\"es\",\"potentialAction\":[{\"@type\":\"CommentAction\",\"name\":\"Comment\",\"target\":[\"https:\\\/\\\/www.alasmedios.com\\\/index.php\\\/2026\\\/04\\\/28\\\/tianguis-turistico-van-por-mas-de-1500-negocios-puebla-sera-sede-en-2027\\\/#respond\"]}]},{\"@type\":\"WebPage\",\"@id\":\"https:\\\/\\\/www.alasmedios.com\\\/index.php\\\/2026\\\/04\\\/28\\\/tianguis-turistico-van-por-mas-de-1500-negocios-puebla-sera-sede-en-2027\\\/\",\"url\":\"https:\\\/\\\/www.alasmedios.com\\\/index.php\\\/2026\\\/04\\\/28\\\/tianguis-turistico-van-por-mas-de-1500-negocios-puebla-sera-sede-en-2027\\\/\",\"name\":\"Tianguis Tur\u00edstico: van por m\u00e1s de 1,500 negocios, Puebla ser\u00e1 sede en 2027\",\"isPartOf\":{\"@id\":\"https:\\\/\\\/www.alasmedios.com\\\/#website\"},\"primaryImageOfPage\":{\"@id\":\"https:\\\/\\\/www.alasmedios.com\\\/index.php\\\/2026\\\/04\\\/28\\\/tianguis-turistico-van-por-mas-de-1500-negocios-puebla-sera-sede-en-2027\\\/#primaryimage\"},\"image\":{\"@id\":\"https:\\\/\\\/www.alasmedios.com\\\/index.php\\\/2026\\\/04\\\/28\\\/tianguis-turistico-van-por-mas-de-1500-negocios-puebla-sera-sede-en-2027\\\/#primaryimage\"},\"thumbnailUrl\":\"https:\\\/\\\/www.alasmedios.com\\\/wp-content\\\/uploads\\\/2026\\\/04\\\/Tianguis-Turistico-Puebla.jpeg\",\"datePublished\":\"2026-04-28T19:30:00+00:00\",\"description\":\"Para la edici\u00f3n 51 del Tianguis Tur\u00edstico, Puebla se posiciona como sede, esperan la participaci\u00f3n de m\u00e1s de 1,500 negocios\",\"breadcrumb\":{\"@id\":\"https:\\\/\\\/www.alasmedios.com\\\/index.php\\\/2026\\\/04\\\/28\\\/tianguis-turistico-van-por-mas-de-1500-negocios-puebla-sera-sede-en-2027\\\/#breadcrumb\"},\"inLanguage\":\"es\",\"potentialAction\":[{\"@type\":\"ReadAction\",\"target\":[\"https:\\\/\\\/www.alasmedios.com\\\/index.php\\\/2026\\\/04\\\/28\\\/tianguis-turistico-van-por-mas-de-1500-negocios-puebla-sera-sede-en-2027\\\/\"]}]},{\"@type\":\"ImageObject\",\"inLanguage\":\"es\",\"@id\":\"https:\\\/\\\/www.alasmedios.com\\\/index.php\\\/2026\\\/04\\\/28\\\/tianguis-turistico-van-por-mas-de-1500-negocios-puebla-sera-sede-en-2027\\\/#primaryimage\",\"url\":\"https:\\\/\\\/www.alasmedios.com\\\/wp-content\\\/uploads\\\/2026\\\/04\\\/Tianguis-Turistico-Puebla.jpeg\",\"contentUrl\":\"https:\\\/\\\/www.alasmedios.com\\\/wp-content\\\/uploads\\\/2026\\\/04\\\/Tianguis-Turistico-Puebla.jpeg\",\"width\":1280,\"height\":854},{\"@type\":\"BreadcrumbList\",\"@id\":\"https:\\\/\\\/www.alasmedios.com\\\/index.php\\\/2026\\\/04\\\/28\\\/tianguis-turistico-van-por-mas-de-1500-negocios-puebla-sera-sede-en-2027\\\/#breadcrumb\",\"itemListElement\":[{\"@type\":\"ListItem\",\"position\":1,\"name\":\"Inicio\",\"item\":\"https:\\\/\\\/www.alasmedios.com\\\/\"},{\"@type\":\"ListItem\",\"position\":2,\"name\":\"Tianguis Tur\u00edstico: van por m\u00e1s de 1,500 negocios, Puebla ser\u00e1 sede en 2027\"}]},{\"@type\":\"WebSite\",\"@id\":\"https:\\\/\\\/www.alasmedios.com\\\/#website\",\"url\":\"https:\\\/\\\/www.alasmedios.com\\\/\",\"name\":\"Alas Medios\",\"description\":\"Alas para pensar, Alas para volar, Alas de libertad\",\"publisher\":{\"@id\":\"https:\\\/\\\/www.alasmedios.com\\\/#organization\"},\"potentialAction\":[{\"@type\":\"SearchAction\",\"target\":{\"@type\":\"EntryPoint\",\"urlTemplate\":\"https:\\\/\\\/www.alasmedios.com\\\/?s={search_term_string}\"},\"query-input\":{\"@type\":\"PropertyValueSpecification\",\"valueRequired\":true,\"valueName\":\"search_term_string\"}}],\"inLanguage\":\"es\"},{\"@type\":\"Organization\",\"@id\":\"https:\\\/\\\/www.alasmedios.com\\\/#organization\",\"name\":\"Alas Medios\",\"url\":\"https:\\\/\\\/www.alasmedios.com\\\/\",\"logo\":{\"@type\":\"ImageObject\",\"inLanguage\":\"es\",\"@id\":\"https:\\\/\\\/www.alasmedios.com\\\/#\\\/schema\\\/logo\\\/image\\\/\",\"url\":\"https:\\\/\\\/www.alasmedios.com\\\/wp-content\\\/uploads\\\/2026\\\/01\\\/cropped-cropped-GAM-1.png\",\"contentUrl\":\"https:\\\/\\\/www.alasmedios.com\\\/wp-content\\\/uploads\\\/2026\\\/01\\\/cropped-cropped-GAM-1.png\",\"width\":467,\"height\":235,\"caption\":\"Alas Medios\"},\"image\":{\"@id\":\"https:\\\/\\\/www.alasmedios.com\\\/#\\\/schema\\\/logo\\\/image\\\/\"}},{\"@type\":\"Person\",\"@id\":\"https:\\\/\\\/www.alasmedios.com\\\/#\\\/schema\\\/person\\\/0ba31bdd19a05ebf5c7fef1fedf99c34\",\"name\":\"Keila Rodr\u00edguez Pe\u00f1a\",\"image\":{\"@type\":\"ImageObject\",\"inLanguage\":\"es\",\"@id\":\"https:\\\/\\\/secure.gravatar.com\\\/avatar\\\/a2553a2bfaa601b9d539b617c8793e151bdffb60f9e48a249912f86d4c9ebeef?s=96&d=mm&r=g\",\"url\":\"https:\\\/\\\/secure.gravatar.com\\\/avatar\\\/a2553a2bfaa601b9d539b617c8793e151bdffb60f9e48a249912f86d4c9ebeef?s=96&d=mm&r=g\",\"contentUrl\":\"https:\\\/\\\/secure.gravatar.com\\\/avatar\\\/a2553a2bfaa601b9d539b617c8793e151bdffb60f9e48a249912f86d4c9ebeef?s=96&d=mm&r=g\",\"caption\":\"Keila Rodr\u00edguez Pe\u00f1a\"},\"sameAs\":[\"http:\\\/\\\/www.alasmedios.com\"],\"url\":\"https:\\\/\\\/www.alasmedios.com\\\/index.php\\\/author\\\/keila\\\/\"}]}<\/script>\r\n<!-- \/ Yoast SEO plugin. -->","yoast_head_json":{"title":"Tianguis Tur\u00edstico: van por m\u00e1s de 1,500 negocios, Puebla ser\u00e1 sede en 2027","description":"Para la edici\u00f3n 51 del Tianguis Tur\u00edstico, Puebla se posiciona como sede, esperan la participaci\u00f3n de m\u00e1s de 1,500 negocios","robots":{"index":"index","follow":"follow","max-snippet":"max-snippet:-1","max-image-preview":"max-image-preview:large","max-video-preview":"max-video-preview:-1"},"canonical":"https:\/\/www.alasmedios.com\/index.php\/2026\/04\/28\/tianguis-turistico-van-por-mas-de-1500-negocios-puebla-sera-sede-en-2027\/","og_locale":"es_MX","og_type":"article","og_title":"Tianguis Tur\u00edstico: van por m\u00e1s de 1,500 negocios, Puebla ser\u00e1 sede en 2027","og_description":"Para la edici\u00f3n 51 del Tianguis Tur\u00edstico, Puebla se posiciona como sede, esperan la participaci\u00f3n de m\u00e1s de 1,500 negocios","og_url":"https:\/\/www.alasmedios.com\/index.php\/2026\/04\/28\/tianguis-turistico-van-por-mas-de-1500-negocios-puebla-sera-sede-en-2027\/","og_site_name":"Alas Medios","article_published_time":"2026-04-28T19:30:00+00:00","og_image":[{"width":1280,"height":854,"url":"https:\/\/www.alasmedios.com\/wp-content\/uploads\/2026\/04\/Tianguis-Turistico-Puebla.jpeg","type":"image\/jpeg"}],"author":"Keila Rodr\u00edguez Pe\u00f1a","twitter_card":"summary_large_image","twitter_misc":{"Escrito por":"Keila Rodr\u00edguez Pe\u00f1a","Tiempo de lectura":"3 minutos"},"schema":{"@context":"https:\/\/schema.org","@graph":[{"@type":"Article","@id":"https:\/\/www.alasmedios.com\/index.php\/2026\/04\/28\/tianguis-turistico-van-por-mas-de-1500-negocios-puebla-sera-sede-en-2027\/#article","isPartOf":{"@id":"https:\/\/www.alasmedios.com\/index.php\/2026\/04\/28\/tianguis-turistico-van-por-mas-de-1500-negocios-puebla-sera-sede-en-2027\/"},"author":{"name":"Keila Rodr\u00edguez Pe\u00f1a","@id":"https:\/\/www.alasmedios.com\/#\/schema\/person\/0ba31bdd19a05ebf5c7fef1fedf99c34"},"headline":"Tianguis Tur\u00edstico: van por m\u00e1s de 1,500 negocios, Puebla ser\u00e1 sede en 2027","datePublished":"2026-04-28T19:30:00+00:00","mainEntityOfPage":{"@id":"https:\/\/www.alasmedios.com\/index.php\/2026\/04\/28\/tianguis-turistico-van-por-mas-de-1500-negocios-puebla-sera-sede-en-2027\/"},"wordCount":392,"commentCount":0,"publisher":{"@id":"https:\/\/www.alasmedios.com\/#organization"},"image":{"@id":"https:\/\/www.alasmedios.com\/index.php\/2026\/04\/28\/tianguis-turistico-van-por-mas-de-1500-negocios-puebla-sera-sede-en-2027\/#primaryimage"},"thumbnailUrl":"https:\/\/www.alasmedios.com\/wp-content\/uploads\/2026\/04\/Tianguis-Turistico-Puebla.jpeg","keywords":["Negocios","Puebla","Tianguis Tur\u00edstico"],"articleSection":["Cultura y Turismo","M\u00e9xico"],"inLanguage":"es","potentialAction":[{"@type":"CommentAction","name":"Comment","target":["https:\/\/www.alasmedios.com\/index.php\/2026\/04\/28\/tianguis-turistico-van-por-mas-de-1500-negocios-puebla-sera-sede-en-2027\/#respond"]}]},{"@type":"WebPage","@id":"https:\/\/www.alasmedios.com\/index.php\/2026\/04\/28\/tianguis-turistico-van-por-mas-de-1500-negocios-puebla-sera-sede-en-2027\/","url":"https:\/\/www.alasmedios.com\/index.php\/2026\/04\/28\/tianguis-turistico-van-por-mas-de-1500-negocios-puebla-sera-sede-en-2027\/","name":"Tianguis Tur\u00edstico: van por m\u00e1s de 1,500 negocios, Puebla ser\u00e1 sede en 2027","isPartOf":{"@id":"https:\/\/www.alasmedios.com\/#website"},"primaryImageOfPage":{"@id":"https:\/\/www.alasmedios.com\/index.php\/2026\/04\/28\/tianguis-turistico-van-por-mas-de-1500-negocios-puebla-sera-sede-en-2027\/#primaryimage"},"image":{"@id":"https:\/\/www.alasmedios.com\/index.php\/2026\/04\/28\/tianguis-turistico-van-por-mas-de-1500-negocios-puebla-sera-sede-en-2027\/#primaryimage"},"thumbnailUrl":"https:\/\/www.alasmedios.com\/wp-content\/uploads\/2026\/04\/Tianguis-Turistico-Puebla.jpeg","datePublished":"2026-04-28T19:30:00+00:00","description":"Para la edici\u00f3n 51 del Tianguis Tur\u00edstico, Puebla se posiciona como sede, esperan la participaci\u00f3n de m\u00e1s de 1,500 negocios","breadcrumb":{"@id":"https:\/\/www.alasmedios.com\/index.php\/2026\/04\/28\/tianguis-turistico-van-por-mas-de-1500-negocios-puebla-sera-sede-en-2027\/#breadcrumb"},"inLanguage":"es","potentialAction":[{"@type":"ReadAction","target":["https:\/\/www.alasmedios.com\/index.php\/2026\/04\/28\/tianguis-turistico-van-por-mas-de-1500-negocios-puebla-sera-sede-en-2027\/"]}]},{"@type":"ImageObject","inLanguage":"es","@id":"https:\/\/www.alasmedios.com\/index.php\/2026\/04\/28\/tianguis-turistico-van-por-mas-de-1500-negocios-puebla-sera-sede-en-2027\/#primaryimage","url":"https:\/\/www.alasmedios.com\/wp-content\/uploads\/2026\/04\/Tianguis-Turistico-Puebla.jpeg","contentUrl":"https:\/\/www.alasmedios.com\/wp-content\/uploads\/2026\/04\/Tianguis-Turistico-Puebla.jpeg","width":1280,"height":854},{"@type":"BreadcrumbList","@id":"https:\/\/www.alasmedios.com\/index.php\/2026\/04\/28\/tianguis-turistico-van-por-mas-de-1500-negocios-puebla-sera-sede-en-2027\/#breadcrumb","itemListElement":[{"@type":"ListItem","position":1,"name":"Inicio","item":"https:\/\/www.alasmedios.com\/"},{"@type":"ListItem","position":2,"name":"Tianguis Tur\u00edstico: van por m\u00e1s de 1,500 negocios, Puebla ser\u00e1 sede en 2027"}]},{"@type":"WebSite","@id":"https:\/\/www.alasmedios.com\/#website","url":"https:\/\/www.alasmedios.com\/","name":"Alas Medios","description":"Alas para pensar, Alas para volar, Alas de libertad","publisher":{"@id":"https:\/\/www.alasmedios.com\/#organization"},"potentialAction":[{"@type":"SearchAction","target":{"@type":"EntryPoint","urlTemplate":"https:\/\/www.alasmedios.com\/?s={search_term_string}"},"query-input":{"@type":"PropertyValueSpecification","valueRequired":true,"valueName":"search_term_string"}}],"inLanguage":"es"},{"@type":"Organization","@id":"https:\/\/www.alasmedios.com\/#organization","name":"Alas Medios","url":"https:\/\/www.alasmedios.com\/","logo":{"@type":"ImageObject","inLanguage":"es","@id":"https:\/\/www.alasmedios.com\/#\/schema\/logo\/image\/","url":"https:\/\/www.alasmedios.com\/wp-content\/uploads\/2026\/01\/cropped-cropped-GAM-1.png","contentUrl":"https:\/\/www.alasmedios.com\/wp-content\/uploads\/2026\/01\/cropped-cropped-GAM-1.png","width":467,"height":235,"caption":"Alas Medios"},"image":{"@id":"https:\/\/www.alasmedios.com\/#\/schema\/logo\/image\/"}},{"@type":"Person","@id":"https:\/\/www.alasmedios.com\/#\/schema\/person\/0ba31bdd19a05ebf5c7fef1fedf99c34","name":"Keila Rodr\u00edguez Pe\u00f1a","image":{"@type":"ImageObject","inLanguage":"es","@id":"https:\/\/secure.gravatar.com\/avatar\/a2553a2bfaa601b9d539b617c8793e151bdffb60f9e48a249912f86d4c9ebeef?s=96&d=mm&r=g","url":"https:\/\/secure.gravatar.com\/avatar\/a2553a2bfaa601b9d539b617c8793e151bdffb60f9e48a249912f86d4c9ebeef?s=96&d=mm&r=g","contentUrl":"https:\/\/secure.gravatar.com\/avatar\/a2553a2bfaa601b9d539b617c8793e151bdffb60f9e48a249912f86d4c9ebeef?s=96&d=mm&r=g","caption":"Keila Rodr\u00edguez Pe\u00f1a"},"sameAs":["http:\/\/www.alasmedios.com"],"url":"https:\/\/www.alasmedios.com\/index.php\/author\/keila\/"}]}},"_links":{"self":[{"href":"https:\/\/www.alasmedios.com\/index.php\/wp-json\/wp\/v2\/posts\/8795","targetHints":{"allow":["GET"]}}],"collection":[{"href":"https:\/\/www.alasmedios.com\/index.php\/wp-json\/wp\/v2\/posts"}],"about":[{"href":"https:\/\/www.alasmedios.com\/index.php\/wp-json\/wp\/v2\/types\/post"}],"author":[{"embeddable":true,"href":"https:\/\/www.alasmedios.com\/index.php\/wp-json\/wp\/v2\/users\/4"}],"replies":[{"embeddable":true,"href":"https:\/\/www.alasmedios.com\/index.php\/wp-json\/wp\/v2\/comments?post=8795"}],"version-history":[{"count":1,"href":"https:\/\/www.alasmedios.com\/index.php\/wp-json\/wp\/v2\/posts\/8795\/revisions"}],"predecessor-version":[{"id":8803,"href":"https:\/\/www.alasmedios.com\/index.php\/wp-json\/wp\/v2\/posts\/8795\/revisions\/8803"}],"wp:featuredmedia":[{"embeddable":true,"href":"https:\/\/www.alasmedios.com\/index.php\/wp-json\/wp\/v2\/media\/8800"}],"wp:attachment":[{"href":"https:\/\/www.alasmedios.com\/index.php\/wp-json\/wp\/v2\/media?parent=8795"}],"wp:term":[{"taxonomy":"category","embeddable":true,"href":"https:\/\/www.alasmedios.com\/index.php\/wp-json\/wp\/v2\/categories?post=8795"},{"taxonomy":"post_tag","embeddable":true,"href":"https:\/\/www.alasmedios.com\/index.php\/wp-json\/wp\/v2\/tags?post=8795"}],"curies":[{"name":"wp","href":"https:\/\/api.w.org\/{rel}","templated":true}]}}