{"id":8794,"date":"2026-04-28T11:14:18","date_gmt":"2026-04-28T17:14:18","guid":{"rendered":"https:\/\/www.alasmedios.com\/?p=8794"},"modified":"2026-04-28T11:14:21","modified_gmt":"2026-04-28T17:14:21","slug":"puebla-80-detenidos-y-capturan-operador-de-los-pericos","status":"publish","type":"post","link":"https:\/\/www.alasmedios.com\/index.php\/2026\/04\/28\/puebla-80-detenidos-y-capturan-operador-de-los-pericos\/","title":{"rendered":"Puebla: 80 detenidos y capturan operador de \u201cLos Pericos\u201d"},"content":{"rendered":"\n<p>En <strong>Puebla <\/strong>las autoridades de seguridad lograron la <strong>detenci\u00f3n de 80 personas<\/strong>, as\u00ed como la<strong> captura del un operador clave de Los Pericos.<\/strong><\/p>\n\n\n\n<p>Un despliegue de <strong>231 acciones operativas<\/strong> en distintos puntos del estado deriv\u00f3 en la <strong>detenci\u00f3n de 80 personas<\/strong> en <strong>Puebla<\/strong>, durante el periodo del <strong>20 al 26 de abril<\/strong>, como parte de estrategias coordinadas entre corporaciones de seguridad.<\/p>\n\n\n\n<p>Entre los resultados destaca la <strong>captura del principal operador de \u201cLos Pericos\u201d<\/strong>, grupo delictivo vinculado a <strong>extorsi\u00f3n, robo de hidrocarburo, distribuci\u00f3n de estupefacientes y acopio de armamento<\/strong> en <strong>Puebla y Veracruz<\/strong>. En otro hecho relevante, fue asegurado un hombre en posesi\u00f3n de <strong>m\u00e1s de 106 envoltorios con marihuana y cristal<\/strong>.<\/p>\n\n\n\n<p>CONTIN\u00daA LEYENDO: <a href=\"https:\/\/www.alasmedios.com\/index.php\/2026\/04\/27\/congreso-de-puebla-urge-a-ayuntamientos-a-cumplir-medidas-para-victimas-de-violencia\/\" type=\"post\" id=\"8777\">Congreso de Puebla urge a Ayuntamientos a cumplir medidas para v\u00edctimas de violencia<\/a><\/p>\n\n\n\n<p>Las acciones incluyeron un <strong>operativo por aire y tierra<\/strong> sobre la <strong>carretera federal Puebla-Tehuac\u00e1n<\/strong>, con participaci\u00f3n de la <strong>Polic\u00eda Estatal Preventiva<\/strong> y corporaciones municipales de <strong>Tecamachalco, San Salvador Huixcolotla, Palmar de Bravo, Los Reyes de Ju\u00e1rez y Tochtepec<\/strong>.<\/p>\n\n\n\n<p>Durante el mismo periodo, las autoridades informaron el <strong>aseguramiento de 222 dosis de posible droga<\/strong>, la <strong>inhabilitaci\u00f3n de dos tomas clandestinas<\/strong> y la recuperaci\u00f3n de <strong>mil 125 litros de hidrocarburo<\/strong>. Adem\u00e1s, se report\u00f3 la <strong>recuperaci\u00f3n de 63 veh\u00edculos con reporte de robo<\/strong> y el <strong>aseguramiento de 28 unidades m\u00e1s<\/strong> relacionadas con actividades il\u00edcitas.<\/p>\n\n\n\n<p>Las acciones fueron realizadas en coordinaci\u00f3n entre la <strong>Secretar\u00eda de Seguridad P\u00fablica<\/strong>, la <strong>Secretar\u00eda de Marina (SEMAR)<\/strong>, la <strong>Secretar\u00eda de la Defensa Nacional (DEFENSA)<\/strong>, la <strong>Guardia Nacional (GN)<\/strong> y corporaciones municipales, en un esquema de <strong>operaci\u00f3n interinstitucional<\/strong>.<\/p>\n\n\n<ul class=\"wp-block-latest-posts__list is-grid columns-3 wp-block-latest-posts\"><li><div class=\"wp-block-latest-posts__featured-image\"><img loading=\"lazy\" decoding=\"async\" width=\"150\" height=\"150\" src=\"https:\/\/www.alasmedios.com\/wp-content\/uploads\/2026\/04\/vacuna-embarazo-150x150.png\" class=\"attachment-thumbnail size-thumbnail wp-post-image\" alt=\"\" style=\"\" \/><\/div><a class=\"wp-block-latest-posts__post-title\" href=\"https:\/\/www.alasmedios.com\/index.php\/2026\/04\/28\/mexico-nueva-vacuna-en-embarazo-busca-proteger-a-recien-nacidos-de-infecciones-respiratorias\/\">M\u00e9xico: nueva vacuna en embarazo busca proteger a reci\u00e9n nacidos de infecciones respiratorias<\/a><\/li>\n<li><div class=\"wp-block-latest-posts__featured-image\"><img loading=\"lazy\" decoding=\"async\" width=\"150\" height=\"150\" src=\"https:\/\/www.alasmedios.com\/wp-content\/uploads\/2026\/04\/gusano-barrenador-capacitacion-Apan-150x150.jpg\" class=\"attachment-thumbnail size-thumbnail wp-post-image\" alt=\"\" style=\"\" \/><\/div><a class=\"wp-block-latest-posts__post-title\" href=\"https:\/\/www.alasmedios.com\/index.php\/2026\/04\/28\/apan-convoca-a-productores-a-capacitacion-contra-el-gusano-barrenador\/\">Apan convoca a productores a capacitaci\u00f3n contra el gusano barrenador<\/a><\/li>\n<li><div class=\"wp-block-latest-posts__featured-image\"><img loading=\"lazy\" decoding=\"async\" width=\"150\" height=\"150\" src=\"https:\/\/www.alasmedios.com\/wp-content\/uploads\/2026\/04\/Daniela-Gaxiola-pocio-copa-mundial-de-ciclismo-de-pista-150x150.jpg\" class=\"attachment-thumbnail size-thumbnail wp-post-image\" alt=\"\" style=\"\" \/><\/div><a class=\"wp-block-latest-posts__post-title\" href=\"https:\/\/www.alasmedios.com\/index.php\/2026\/04\/28\/daniela-gaxiola-empuja-a-mexico-cierra-con-fuerza-la-copa-del-mundo-de-ciclismo-de-pista\/\">Daniela Gaxiola empuja a M\u00e9xico: cierra con fuerza la Copa del Mundo de Ciclismo de Pista<\/a><\/li>\n<\/ul>","protected":false},"excerpt":{"rendered":"<p>En Puebla las autoridades de seguridad lograron la detenci\u00f3n de 80 personas, as\u00ed como la captura del un operador clave<\/p>\n","protected":false},"author":4,"featured_media":8796,"comment_status":"open","ping_status":"open","sticky":false,"template":"","format":"standard","meta":{"colormag_page_container_layout":"default_layout","colormag_page_sidebar_layout":"default_layout","rop_custom_images_group":[],"rop_custom_messages_group":[],"rop_publish_now":"yes","rop_publish_now_accounts":[],"rop_publish_now_history":[],"rop_publish_now_status":"pending","iawp_total_views":1,"footnotes":""},"categories":[3222],"tags":[3616,1363],"class_list":["post-8794","post","type-post","status-publish","format-standard","has-post-thumbnail","hentry","category-mexico","tag-detenidos","tag-puebla"],"magazineBlocksPostFeaturedMedia":{"thumbnail":"https:\/\/www.alasmedios.com\/wp-content\/uploads\/2026\/04\/Puebla-detencion-Los-Pericos-150x150.jpeg","medium":"https:\/\/www.alasmedios.com\/wp-content\/uploads\/2026\/04\/Puebla-detencion-Los-Pericos-300x201.jpeg","medium_large":"https:\/\/www.alasmedios.com\/wp-content\/uploads\/2026\/04\/Puebla-detencion-Los-Pericos-768x514.jpeg","large":"https:\/\/www.alasmedios.com\/wp-content\/uploads\/2026\/04\/Puebla-detencion-Los-Pericos-1024x685.jpeg","1536x1536":"https:\/\/www.alasmedios.com\/wp-content\/uploads\/2026\/04\/Puebla-detencion-Los-Pericos-1536x1027.jpeg","2048x2048":"https:\/\/www.alasmedios.com\/wp-content\/uploads\/2026\/04\/Puebla-detencion-Los-Pericos.jpeg","colormag-highlighted-post":"https:\/\/www.alasmedios.com\/wp-content\/uploads\/2026\/04\/Puebla-detencion-Los-Pericos-392x272.jpeg","colormag-featured-post-medium":"https:\/\/www.alasmedios.com\/wp-content\/uploads\/2026\/04\/Puebla-detencion-Los-Pericos-390x205.jpeg","colormag-featured-post-small":"https:\/\/www.alasmedios.com\/wp-content\/uploads\/2026\/04\/Puebla-detencion-Los-Pericos-130x90.jpeg","colormag-featured-image":"https:\/\/www.alasmedios.com\/wp-content\/uploads\/2026\/04\/Puebla-detencion-Los-Pericos-800x445.jpeg","colormag-default-news":"https:\/\/www.alasmedios.com\/wp-content\/uploads\/2026\/04\/Puebla-detencion-Los-Pericos-150x150.jpeg","colormag-featured-image-large":"https:\/\/www.alasmedios.com\/wp-content\/uploads\/2026\/04\/Puebla-detencion-Los-Pericos-1400x600.jpeg"},"magazineBlocksPostAuthor":{"name":"Keila Rodr\u00edguez Pe\u00f1a","avatar":"https:\/\/secure.gravatar.com\/avatar\/a2553a2bfaa601b9d539b617c8793e151bdffb60f9e48a249912f86d4c9ebeef?s=96&d=mm&r=g"},"magazineBlocksPostCommentsNumber":"0","magazineBlocksPostExcerpt":"En Puebla las autoridades de seguridad lograron la detenci\u00f3n de 80 personas, as\u00ed como la captura del un operador clave","magazineBlocksPostCategories":["M\u00e9xico"],"magazineBlocksPostViewCount":4,"magazineBlocksPostReadTime":2,"magazine_blocks_featured_image_url":{"full":["https:\/\/www.alasmedios.com\/wp-content\/uploads\/2026\/04\/Puebla-detencion-Los-Pericos.jpeg",1600,1070,false],"medium":["https:\/\/www.alasmedios.com\/wp-content\/uploads\/2026\/04\/Puebla-detencion-Los-Pericos-300x201.jpeg",300,201,true],"thumbnail":["https:\/\/www.alasmedios.com\/wp-content\/uploads\/2026\/04\/Puebla-detencion-Los-Pericos-150x150.jpeg",150,150,true]},"magazine_blocks_author":{"display_name":"Keila Rodr\u00edguez Pe\u00f1a","author_link":"https:\/\/www.alasmedios.com\/index.php\/author\/keila\/"},"magazine_blocks_comment":0,"magazine_blocks_author_image":"https:\/\/secure.gravatar.com\/avatar\/a2553a2bfaa601b9d539b617c8793e151bdffb60f9e48a249912f86d4c9ebeef?s=96&d=mm&r=g","magazine_blocks_category":"<a href=\"#\" class=\"category-link category-link-3222\">M\u00e9xico<\/a>","yoast_head":"<!-- This site is optimized with the Yoast SEO plugin v27.5 - https:\/\/yoast.com\/product\/yoast-seo-wordpress\/ -->\r\n<title>Puebla: 80 detenidos y capturan operador de \u201cLos Pericos\u201d<\/title>\r\n<meta name=\"description\" content=\"En Puebla las autoridades de seguridad lograron la detenci\u00f3n de 80 personas, as\u00ed como la captura del un operador clave de Los Pericos\" \/>\r\n<meta name=\"robots\" content=\"index, follow, max-snippet:-1, max-image-preview:large, max-video-preview:-1\" \/>\r\n<link rel=\"canonical\" href=\"https:\/\/www.alasmedios.com\/index.php\/2026\/04\/28\/puebla-80-detenidos-y-capturan-operador-de-los-pericos\/\" \/>\r\n<meta property=\"og:locale\" content=\"es_MX\" \/>\r\n<meta property=\"og:type\" content=\"article\" \/>\r\n<meta property=\"og:title\" content=\"Puebla: 80 detenidos y capturan operador de \u201cLos Pericos\u201d\" \/>\r\n<meta property=\"og:description\" content=\"En Puebla las autoridades de seguridad lograron la detenci\u00f3n de 80 personas, as\u00ed como la captura del un operador clave de Los Pericos\" \/>\r\n<meta property=\"og:url\" content=\"https:\/\/www.alasmedios.com\/index.php\/2026\/04\/28\/puebla-80-detenidos-y-capturan-operador-de-los-pericos\/\" \/>\r\n<meta property=\"og:site_name\" content=\"Alas Medios\" \/>\r\n<meta property=\"article:published_time\" content=\"2026-04-28T17:14:18+00:00\" \/>\r\n<meta property=\"article:modified_time\" content=\"2026-04-28T17:14:21+00:00\" \/>\r\n<meta property=\"og:image\" content=\"https:\/\/www.alasmedios.com\/wp-content\/uploads\/2026\/04\/Puebla-detencion-Los-Pericos.jpeg\" \/>\r\n\t<meta property=\"og:image:width\" content=\"1600\" \/>\r\n\t<meta property=\"og:image:height\" content=\"1070\" \/>\r\n\t<meta property=\"og:image:type\" content=\"image\/jpeg\" \/>\r\n<meta name=\"author\" content=\"Keila Rodr\u00edguez Pe\u00f1a\" \/>\r\n<meta name=\"twitter:card\" content=\"summary_large_image\" \/>\r\n<meta name=\"twitter:label1\" content=\"Escrito por\" \/>\n\t<meta name=\"twitter:data1\" content=\"Keila Rodr\u00edguez Pe\u00f1a\" \/>\n\t<meta name=\"twitter:label2\" content=\"Tiempo de lectura\" \/>\n\t<meta name=\"twitter:data2\" content=\"2 minutos\" \/>\r\n<script type=\"application\/ld+json\" class=\"yoast-schema-graph\">{\"@context\":\"https:\\\/\\\/schema.org\",\"@graph\":[{\"@type\":\"Article\",\"@id\":\"https:\\\/\\\/www.alasmedios.com\\\/index.php\\\/2026\\\/04\\\/28\\\/puebla-80-detenidos-y-capturan-operador-de-los-pericos\\\/#article\",\"isPartOf\":{\"@id\":\"https:\\\/\\\/www.alasmedios.com\\\/index.php\\\/2026\\\/04\\\/28\\\/puebla-80-detenidos-y-capturan-operador-de-los-pericos\\\/\"},\"author\":{\"name\":\"Keila Rodr\u00edguez Pe\u00f1a\",\"@id\":\"https:\\\/\\\/www.alasmedios.com\\\/#\\\/schema\\\/person\\\/0ba31bdd19a05ebf5c7fef1fedf99c34\"},\"headline\":\"Puebla: 80 detenidos y capturan operador de \u201cLos Pericos\u201d\",\"datePublished\":\"2026-04-28T17:14:18+00:00\",\"dateModified\":\"2026-04-28T17:14:21+00:00\",\"mainEntityOfPage\":{\"@id\":\"https:\\\/\\\/www.alasmedios.com\\\/index.php\\\/2026\\\/04\\\/28\\\/puebla-80-detenidos-y-capturan-operador-de-los-pericos\\\/\"},\"wordCount\":277,\"commentCount\":0,\"publisher\":{\"@id\":\"https:\\\/\\\/www.alasmedios.com\\\/#organization\"},\"image\":{\"@id\":\"https:\\\/\\\/www.alasmedios.com\\\/index.php\\\/2026\\\/04\\\/28\\\/puebla-80-detenidos-y-capturan-operador-de-los-pericos\\\/#primaryimage\"},\"thumbnailUrl\":\"https:\\\/\\\/www.alasmedios.com\\\/wp-content\\\/uploads\\\/2026\\\/04\\\/Puebla-detencion-Los-Pericos.jpeg\",\"keywords\":[\"detenidos\",\"Puebla\"],\"articleSection\":[\"M\u00e9xico\"],\"inLanguage\":\"es\",\"potentialAction\":[{\"@type\":\"CommentAction\",\"name\":\"Comment\",\"target\":[\"https:\\\/\\\/www.alasmedios.com\\\/index.php\\\/2026\\\/04\\\/28\\\/puebla-80-detenidos-y-capturan-operador-de-los-pericos\\\/#respond\"]}]},{\"@type\":\"WebPage\",\"@id\":\"https:\\\/\\\/www.alasmedios.com\\\/index.php\\\/2026\\\/04\\\/28\\\/puebla-80-detenidos-y-capturan-operador-de-los-pericos\\\/\",\"url\":\"https:\\\/\\\/www.alasmedios.com\\\/index.php\\\/2026\\\/04\\\/28\\\/puebla-80-detenidos-y-capturan-operador-de-los-pericos\\\/\",\"name\":\"Puebla: 80 detenidos y capturan operador de \u201cLos Pericos\u201d\",\"isPartOf\":{\"@id\":\"https:\\\/\\\/www.alasmedios.com\\\/#website\"},\"primaryImageOfPage\":{\"@id\":\"https:\\\/\\\/www.alasmedios.com\\\/index.php\\\/2026\\\/04\\\/28\\\/puebla-80-detenidos-y-capturan-operador-de-los-pericos\\\/#primaryimage\"},\"image\":{\"@id\":\"https:\\\/\\\/www.alasmedios.com\\\/index.php\\\/2026\\\/04\\\/28\\\/puebla-80-detenidos-y-capturan-operador-de-los-pericos\\\/#primaryimage\"},\"thumbnailUrl\":\"https:\\\/\\\/www.alasmedios.com\\\/wp-content\\\/uploads\\\/2026\\\/04\\\/Puebla-detencion-Los-Pericos.jpeg\",\"datePublished\":\"2026-04-28T17:14:18+00:00\",\"dateModified\":\"2026-04-28T17:14:21+00:00\",\"description\":\"En Puebla las autoridades de seguridad lograron la detenci\u00f3n de 80 personas, as\u00ed como la captura del un operador clave de Los Pericos\",\"breadcrumb\":{\"@id\":\"https:\\\/\\\/www.alasmedios.com\\\/index.php\\\/2026\\\/04\\\/28\\\/puebla-80-detenidos-y-capturan-operador-de-los-pericos\\\/#breadcrumb\"},\"inLanguage\":\"es\",\"potentialAction\":[{\"@type\":\"ReadAction\",\"target\":[\"https:\\\/\\\/www.alasmedios.com\\\/index.php\\\/2026\\\/04\\\/28\\\/puebla-80-detenidos-y-capturan-operador-de-los-pericos\\\/\"]}]},{\"@type\":\"ImageObject\",\"inLanguage\":\"es\",\"@id\":\"https:\\\/\\\/www.alasmedios.com\\\/index.php\\\/2026\\\/04\\\/28\\\/puebla-80-detenidos-y-capturan-operador-de-los-pericos\\\/#primaryimage\",\"url\":\"https:\\\/\\\/www.alasmedios.com\\\/wp-content\\\/uploads\\\/2026\\\/04\\\/Puebla-detencion-Los-Pericos.jpeg\",\"contentUrl\":\"https:\\\/\\\/www.alasmedios.com\\\/wp-content\\\/uploads\\\/2026\\\/04\\\/Puebla-detencion-Los-Pericos.jpeg\",\"width\":1600,\"height\":1070},{\"@type\":\"BreadcrumbList\",\"@id\":\"https:\\\/\\\/www.alasmedios.com\\\/index.php\\\/2026\\\/04\\\/28\\\/puebla-80-detenidos-y-capturan-operador-de-los-pericos\\\/#breadcrumb\",\"itemListElement\":[{\"@type\":\"ListItem\",\"position\":1,\"name\":\"Inicio\",\"item\":\"https:\\\/\\\/www.alasmedios.com\\\/\"},{\"@type\":\"ListItem\",\"position\":2,\"name\":\"Puebla: 80 detenidos y capturan operador de \u201cLos Pericos\u201d\"}]},{\"@type\":\"WebSite\",\"@id\":\"https:\\\/\\\/www.alasmedios.com\\\/#website\",\"url\":\"https:\\\/\\\/www.alasmedios.com\\\/\",\"name\":\"Alas Medios\",\"description\":\"Alas para pensar, Alas para volar, Alas de libertad\",\"publisher\":{\"@id\":\"https:\\\/\\\/www.alasmedios.com\\\/#organization\"},\"potentialAction\":[{\"@type\":\"SearchAction\",\"target\":{\"@type\":\"EntryPoint\",\"urlTemplate\":\"https:\\\/\\\/www.alasmedios.com\\\/?s={search_term_string}\"},\"query-input\":{\"@type\":\"PropertyValueSpecification\",\"valueRequired\":true,\"valueName\":\"search_term_string\"}}],\"inLanguage\":\"es\"},{\"@type\":\"Organization\",\"@id\":\"https:\\\/\\\/www.alasmedios.com\\\/#organization\",\"name\":\"Alas Medios\",\"url\":\"https:\\\/\\\/www.alasmedios.com\\\/\",\"logo\":{\"@type\":\"ImageObject\",\"inLanguage\":\"es\",\"@id\":\"https:\\\/\\\/www.alasmedios.com\\\/#\\\/schema\\\/logo\\\/image\\\/\",\"url\":\"https:\\\/\\\/www.alasmedios.com\\\/wp-content\\\/uploads\\\/2026\\\/01\\\/cropped-cropped-GAM-1.png\",\"contentUrl\":\"https:\\\/\\\/www.alasmedios.com\\\/wp-content\\\/uploads\\\/2026\\\/01\\\/cropped-cropped-GAM-1.png\",\"width\":467,\"height\":235,\"caption\":\"Alas Medios\"},\"image\":{\"@id\":\"https:\\\/\\\/www.alasmedios.com\\\/#\\\/schema\\\/logo\\\/image\\\/\"}},{\"@type\":\"Person\",\"@id\":\"https:\\\/\\\/www.alasmedios.com\\\/#\\\/schema\\\/person\\\/0ba31bdd19a05ebf5c7fef1fedf99c34\",\"name\":\"Keila Rodr\u00edguez Pe\u00f1a\",\"image\":{\"@type\":\"ImageObject\",\"inLanguage\":\"es\",\"@id\":\"https:\\\/\\\/secure.gravatar.com\\\/avatar\\\/a2553a2bfaa601b9d539b617c8793e151bdffb60f9e48a249912f86d4c9ebeef?s=96&d=mm&r=g\",\"url\":\"https:\\\/\\\/secure.gravatar.com\\\/avatar\\\/a2553a2bfaa601b9d539b617c8793e151bdffb60f9e48a249912f86d4c9ebeef?s=96&d=mm&r=g\",\"contentUrl\":\"https:\\\/\\\/secure.gravatar.com\\\/avatar\\\/a2553a2bfaa601b9d539b617c8793e151bdffb60f9e48a249912f86d4c9ebeef?s=96&d=mm&r=g\",\"caption\":\"Keila Rodr\u00edguez Pe\u00f1a\"},\"sameAs\":[\"http:\\\/\\\/www.alasmedios.com\"],\"url\":\"https:\\\/\\\/www.alasmedios.com\\\/index.php\\\/author\\\/keila\\\/\"}]}<\/script>\r\n<!-- \/ Yoast SEO plugin. -->","yoast_head_json":{"title":"Puebla: 80 detenidos y capturan operador de \u201cLos Pericos\u201d","description":"En Puebla las autoridades de seguridad lograron la detenci\u00f3n de 80 personas, as\u00ed como la captura del un operador clave de Los Pericos","robots":{"index":"index","follow":"follow","max-snippet":"max-snippet:-1","max-image-preview":"max-image-preview:large","max-video-preview":"max-video-preview:-1"},"canonical":"https:\/\/www.alasmedios.com\/index.php\/2026\/04\/28\/puebla-80-detenidos-y-capturan-operador-de-los-pericos\/","og_locale":"es_MX","og_type":"article","og_title":"Puebla: 80 detenidos y capturan operador de \u201cLos Pericos\u201d","og_description":"En Puebla las autoridades de seguridad lograron la detenci\u00f3n de 80 personas, as\u00ed como la captura del un operador clave de Los Pericos","og_url":"https:\/\/www.alasmedios.com\/index.php\/2026\/04\/28\/puebla-80-detenidos-y-capturan-operador-de-los-pericos\/","og_site_name":"Alas Medios","article_published_time":"2026-04-28T17:14:18+00:00","article_modified_time":"2026-04-28T17:14:21+00:00","og_image":[{"width":1600,"height":1070,"url":"https:\/\/www.alasmedios.com\/wp-content\/uploads\/2026\/04\/Puebla-detencion-Los-Pericos.jpeg","type":"image\/jpeg"}],"author":"Keila Rodr\u00edguez Pe\u00f1a","twitter_card":"summary_large_image","twitter_misc":{"Escrito por":"Keila Rodr\u00edguez Pe\u00f1a","Tiempo de lectura":"2 minutos"},"schema":{"@context":"https:\/\/schema.org","@graph":[{"@type":"Article","@id":"https:\/\/www.alasmedios.com\/index.php\/2026\/04\/28\/puebla-80-detenidos-y-capturan-operador-de-los-pericos\/#article","isPartOf":{"@id":"https:\/\/www.alasmedios.com\/index.php\/2026\/04\/28\/puebla-80-detenidos-y-capturan-operador-de-los-pericos\/"},"author":{"name":"Keila Rodr\u00edguez Pe\u00f1a","@id":"https:\/\/www.alasmedios.com\/#\/schema\/person\/0ba31bdd19a05ebf5c7fef1fedf99c34"},"headline":"Puebla: 80 detenidos y capturan operador de \u201cLos Pericos\u201d","datePublished":"2026-04-28T17:14:18+00:00","dateModified":"2026-04-28T17:14:21+00:00","mainEntityOfPage":{"@id":"https:\/\/www.alasmedios.com\/index.php\/2026\/04\/28\/puebla-80-detenidos-y-capturan-operador-de-los-pericos\/"},"wordCount":277,"commentCount":0,"publisher":{"@id":"https:\/\/www.alasmedios.com\/#organization"},"image":{"@id":"https:\/\/www.alasmedios.com\/index.php\/2026\/04\/28\/puebla-80-detenidos-y-capturan-operador-de-los-pericos\/#primaryimage"},"thumbnailUrl":"https:\/\/www.alasmedios.com\/wp-content\/uploads\/2026\/04\/Puebla-detencion-Los-Pericos.jpeg","keywords":["detenidos","Puebla"],"articleSection":["M\u00e9xico"],"inLanguage":"es","potentialAction":[{"@type":"CommentAction","name":"Comment","target":["https:\/\/www.alasmedios.com\/index.php\/2026\/04\/28\/puebla-80-detenidos-y-capturan-operador-de-los-pericos\/#respond"]}]},{"@type":"WebPage","@id":"https:\/\/www.alasmedios.com\/index.php\/2026\/04\/28\/puebla-80-detenidos-y-capturan-operador-de-los-pericos\/","url":"https:\/\/www.alasmedios.com\/index.php\/2026\/04\/28\/puebla-80-detenidos-y-capturan-operador-de-los-pericos\/","name":"Puebla: 80 detenidos y capturan operador de \u201cLos Pericos\u201d","isPartOf":{"@id":"https:\/\/www.alasmedios.com\/#website"},"primaryImageOfPage":{"@id":"https:\/\/www.alasmedios.com\/index.php\/2026\/04\/28\/puebla-80-detenidos-y-capturan-operador-de-los-pericos\/#primaryimage"},"image":{"@id":"https:\/\/www.alasmedios.com\/index.php\/2026\/04\/28\/puebla-80-detenidos-y-capturan-operador-de-los-pericos\/#primaryimage"},"thumbnailUrl":"https:\/\/www.alasmedios.com\/wp-content\/uploads\/2026\/04\/Puebla-detencion-Los-Pericos.jpeg","datePublished":"2026-04-28T17:14:18+00:00","dateModified":"2026-04-28T17:14:21+00:00","description":"En Puebla las autoridades de seguridad lograron la detenci\u00f3n de 80 personas, as\u00ed como la captura del un operador clave de Los Pericos","breadcrumb":{"@id":"https:\/\/www.alasmedios.com\/index.php\/2026\/04\/28\/puebla-80-detenidos-y-capturan-operador-de-los-pericos\/#breadcrumb"},"inLanguage":"es","potentialAction":[{"@type":"ReadAction","target":["https:\/\/www.alasmedios.com\/index.php\/2026\/04\/28\/puebla-80-detenidos-y-capturan-operador-de-los-pericos\/"]}]},{"@type":"ImageObject","inLanguage":"es","@id":"https:\/\/www.alasmedios.com\/index.php\/2026\/04\/28\/puebla-80-detenidos-y-capturan-operador-de-los-pericos\/#primaryimage","url":"https:\/\/www.alasmedios.com\/wp-content\/uploads\/2026\/04\/Puebla-detencion-Los-Pericos.jpeg","contentUrl":"https:\/\/www.alasmedios.com\/wp-content\/uploads\/2026\/04\/Puebla-detencion-Los-Pericos.jpeg","width":1600,"height":1070},{"@type":"BreadcrumbList","@id":"https:\/\/www.alasmedios.com\/index.php\/2026\/04\/28\/puebla-80-detenidos-y-capturan-operador-de-los-pericos\/#breadcrumb","itemListElement":[{"@type":"ListItem","position":1,"name":"Inicio","item":"https:\/\/www.alasmedios.com\/"},{"@type":"ListItem","position":2,"name":"Puebla: 80 detenidos y capturan operador de \u201cLos Pericos\u201d"}]},{"@type":"WebSite","@id":"https:\/\/www.alasmedios.com\/#website","url":"https:\/\/www.alasmedios.com\/","name":"Alas Medios","description":"Alas para pensar, Alas para volar, Alas de libertad","publisher":{"@id":"https:\/\/www.alasmedios.com\/#organization"},"potentialAction":[{"@type":"SearchAction","target":{"@type":"EntryPoint","urlTemplate":"https:\/\/www.alasmedios.com\/?s={search_term_string}"},"query-input":{"@type":"PropertyValueSpecification","valueRequired":true,"valueName":"search_term_string"}}],"inLanguage":"es"},{"@type":"Organization","@id":"https:\/\/www.alasmedios.com\/#organization","name":"Alas Medios","url":"https:\/\/www.alasmedios.com\/","logo":{"@type":"ImageObject","inLanguage":"es","@id":"https:\/\/www.alasmedios.com\/#\/schema\/logo\/image\/","url":"https:\/\/www.alasmedios.com\/wp-content\/uploads\/2026\/01\/cropped-cropped-GAM-1.png","contentUrl":"https:\/\/www.alasmedios.com\/wp-content\/uploads\/2026\/01\/cropped-cropped-GAM-1.png","width":467,"height":235,"caption":"Alas Medios"},"image":{"@id":"https:\/\/www.alasmedios.com\/#\/schema\/logo\/image\/"}},{"@type":"Person","@id":"https:\/\/www.alasmedios.com\/#\/schema\/person\/0ba31bdd19a05ebf5c7fef1fedf99c34","name":"Keila Rodr\u00edguez Pe\u00f1a","image":{"@type":"ImageObject","inLanguage":"es","@id":"https:\/\/secure.gravatar.com\/avatar\/a2553a2bfaa601b9d539b617c8793e151bdffb60f9e48a249912f86d4c9ebeef?s=96&d=mm&r=g","url":"https:\/\/secure.gravatar.com\/avatar\/a2553a2bfaa601b9d539b617c8793e151bdffb60f9e48a249912f86d4c9ebeef?s=96&d=mm&r=g","contentUrl":"https:\/\/secure.gravatar.com\/avatar\/a2553a2bfaa601b9d539b617c8793e151bdffb60f9e48a249912f86d4c9ebeef?s=96&d=mm&r=g","caption":"Keila Rodr\u00edguez Pe\u00f1a"},"sameAs":["http:\/\/www.alasmedios.com"],"url":"https:\/\/www.alasmedios.com\/index.php\/author\/keila\/"}]}},"_links":{"self":[{"href":"https:\/\/www.alasmedios.com\/index.php\/wp-json\/wp\/v2\/posts\/8794","targetHints":{"allow":["GET"]}}],"collection":[{"href":"https:\/\/www.alasmedios.com\/index.php\/wp-json\/wp\/v2\/posts"}],"about":[{"href":"https:\/\/www.alasmedios.com\/index.php\/wp-json\/wp\/v2\/types\/post"}],"author":[{"embeddable":true,"href":"https:\/\/www.alasmedios.com\/index.php\/wp-json\/wp\/v2\/users\/4"}],"replies":[{"embeddable":true,"href":"https:\/\/www.alasmedios.com\/index.php\/wp-json\/wp\/v2\/comments?post=8794"}],"version-history":[{"count":2,"href":"https:\/\/www.alasmedios.com\/index.php\/wp-json\/wp\/v2\/posts\/8794\/revisions"}],"predecessor-version":[{"id":8798,"href":"https:\/\/www.alasmedios.com\/index.php\/wp-json\/wp\/v2\/posts\/8794\/revisions\/8798"}],"wp:featuredmedia":[{"embeddable":true,"href":"https:\/\/www.alasmedios.com\/index.php\/wp-json\/wp\/v2\/media\/8796"}],"wp:attachment":[{"href":"https:\/\/www.alasmedios.com\/index.php\/wp-json\/wp\/v2\/media?parent=8794"}],"wp:term":[{"taxonomy":"category","embeddable":true,"href":"https:\/\/www.alasmedios.com\/index.php\/wp-json\/wp\/v2\/categories?post=8794"},{"taxonomy":"post_tag","embeddable":true,"href":"https:\/\/www.alasmedios.com\/index.php\/wp-json\/wp\/v2\/tags?post=8794"}],"curies":[{"name":"wp","href":"https:\/\/api.w.org\/{rel}","templated":true}]}}