{"id":8790,"date":"2026-04-28T09:39:42","date_gmt":"2026-04-28T15:39:42","guid":{"rendered":"https:\/\/www.alasmedios.com\/?p=8790"},"modified":"2026-04-28T09:39:47","modified_gmt":"2026-04-28T15:39:47","slug":"hidalgo-albergaria-olimpiada-nacional-2027-sheinbaum","status":"publish","type":"post","link":"https:\/\/www.alasmedios.com\/index.php\/2026\/04\/28\/hidalgo-albergaria-olimpiada-nacional-2027-sheinbaum\/","title":{"rendered":"Hidalgo albergar\u00eda Olimpiada Nacional 2027: Sheinbaum"},"content":{"rendered":"\n<p>El&nbsp;<strong>deporte&nbsp;<\/strong>podr\u00eda tener nueva casa grande.&nbsp;<strong>Hidalgo&nbsp;<\/strong>entra a la conversaci\u00f3n con fuerza para convertirse en&nbsp;<strong>sede de la Olimpiada Nacional y Paralimpiada Nacional CONADE 2027.<\/strong><\/p>\n\n\n\n<p>Impulsado por la reciente inauguraci\u00f3n de una&nbsp;<strong>ciudad deportiva de alto rendimiento<\/strong>&nbsp;en&nbsp;<strong>Pachuca<\/strong>, un complejo que ya juega en ligas mayores.<\/p>\n\n\n\n<p>Durante una conferencia matutina, la presidenta&nbsp;<strong>Claudia Sheinbaum<\/strong>&nbsp;dej\u00f3 entrever la intenci\u00f3n de que el estado hidalguense sea anfitri\u00f3n del m\u00e1ximo encuentro deportivo juvenil del pa\u00eds,&nbsp;<strong>Olimpiada Nacional y Paralimpiada Nacional CONADE 2027<\/strong>. La propuesta llega tras el paso del evento por&nbsp;<strong>Puebla<\/strong>, con la mira puesta ahora en un escenario que presume infraestructura lista para competir.<\/p>\n\n\n\n<p>CONTIN\u00daA LEYENDO: <a href=\"https:\/\/www.alasmedios.com\/index.php\/2026\/04\/27\/hidalgo-concluye-con-10-medallas-y-dominio-femenil-en-la-olimpiada-nacional-conade-2026\/\" type=\"post\" id=\"8764\">Hidalgo concluye con 10 medallas y dominio femenil en la Olimpiada Nacional CONADE 2026<\/a><\/p>\n\n\n\n<p>El proyecto, encabezado por el gobernador&nbsp;<strong>Julio Menchaca<\/strong>, y respaldado por&nbsp;<strong>\u00d3scar \u201cEl Conejo\u201d P\u00e9rez<\/strong>, titular del deporte en la entidad, representa una&nbsp;<strong>inversi\u00f3n cercana a los 600 millones de pesos<\/strong>. La apuesta no es menor: se trata de un espacio dise\u00f1ado para albergar&nbsp;<strong>disciplinas ol\u00edmpicas y paral\u00edmpicas<\/strong>, con instalaciones que buscan responder a est\u00e1ndares de alto rendimiento.<\/p>\n\n\n\n<figure class=\"wp-block-image size-full\"><img loading=\"lazy\" decoding=\"async\" width=\"1024\" height=\"768\" src=\"https:\/\/www.alasmedios.com\/wp-content\/uploads\/2026\/04\/Olimpiada-Nacional-y-Paralimpiada-Nacional-CONADE-2027-Hidalgo.jpg\" alt=\"\" class=\"wp-image-8792\" srcset=\"https:\/\/www.alasmedios.com\/wp-content\/uploads\/2026\/04\/Olimpiada-Nacional-y-Paralimpiada-Nacional-CONADE-2027-Hidalgo.jpg 1024w, https:\/\/www.alasmedios.com\/wp-content\/uploads\/2026\/04\/Olimpiada-Nacional-y-Paralimpiada-Nacional-CONADE-2027-Hidalgo-300x225.jpg 300w, https:\/\/www.alasmedios.com\/wp-content\/uploads\/2026\/04\/Olimpiada-Nacional-y-Paralimpiada-Nacional-CONADE-2027-Hidalgo-768x576.jpg 768w\" sizes=\"auto, (max-width: 1024px) 100vw, 1024px\" \/><\/figure>\n\n\n\n<p>La nueva ciudad deportiva cuenta con\u00a0<strong>alberca, pista de tart\u00e1n, canchas m\u00faltiples, centro de salud y \u00e1reas de alimentaci\u00f3n<\/strong>, configurando un ecosistema pensado tanto para entrenamiento como para competencia. En palabras que resonaron como convocatoria, se destac\u00f3 el esfuerzo local por consolidar un recinto que pueda recibir eventos de gran escala.<\/p>\n\n\n\n<p>El complejo ya comenz\u00f3 a activarse con actividades como una&nbsp;<strong>clase nacional de b\u00e9isbol<\/strong>, en la que participaron autoridades y deportistas, marcando el tono de un espacio que aspira a convertirse en punto de encuentro para el talento nacional.<\/p>\n\n\n\n<p>TE PUEDE INTERESAR: <a href=\"https:\/\/www.alasmedios.com\/index.php\/2026\/04\/28\/anuncian-acciones-para-la-recuperacion-en-hidalgo-tras-la-vaguada-monzonica\/\" type=\"post\" id=\"8786\">Anuncian acciones para la recuperaci\u00f3n en Hidalgo tras la vaguada monz\u00f3nica<\/a><\/p>\n\n\n\n<p>Aunque la designaci\u00f3n oficial a\u00fan no se concreta, Hidalgo ya se coloca en la l\u00ednea de salida. Con infraestructura reci\u00e9n estrenada y respaldo institucional, el estado busca anotar el siguiente punto: traer la&nbsp;<strong>Olimpiada Nacional y Paralimpiada Nacional CONADE 2027<\/strong>&nbsp;y convertir a Pachuca en el epicentro del deporte juvenil en M\u00e9xico.<\/p>\n\n\n<ul class=\"wp-block-latest-posts__list is-grid columns-3 wp-block-latest-posts\"><li><div class=\"wp-block-latest-posts__featured-image\"><img loading=\"lazy\" decoding=\"async\" width=\"150\" height=\"150\" src=\"https:\/\/www.alasmedios.com\/wp-content\/uploads\/2026\/04\/vacuna-embarazo-150x150.png\" class=\"attachment-thumbnail size-thumbnail wp-post-image\" alt=\"\" style=\"\" \/><\/div><a class=\"wp-block-latest-posts__post-title\" href=\"https:\/\/www.alasmedios.com\/index.php\/2026\/04\/28\/mexico-nueva-vacuna-en-embarazo-busca-proteger-a-recien-nacidos-de-infecciones-respiratorias\/\">M\u00e9xico: nueva vacuna en embarazo busca proteger a reci\u00e9n nacidos de infecciones respiratorias<\/a><\/li>\n<li><div class=\"wp-block-latest-posts__featured-image\"><img loading=\"lazy\" decoding=\"async\" width=\"150\" height=\"150\" src=\"https:\/\/www.alasmedios.com\/wp-content\/uploads\/2026\/04\/gusano-barrenador-capacitacion-Apan-150x150.jpg\" class=\"attachment-thumbnail size-thumbnail wp-post-image\" alt=\"\" style=\"\" \/><\/div><a class=\"wp-block-latest-posts__post-title\" href=\"https:\/\/www.alasmedios.com\/index.php\/2026\/04\/28\/apan-convoca-a-productores-a-capacitacion-contra-el-gusano-barrenador\/\">Apan convoca a productores a capacitaci\u00f3n contra el gusano barrenador<\/a><\/li>\n<li><div class=\"wp-block-latest-posts__featured-image\"><img loading=\"lazy\" decoding=\"async\" width=\"150\" height=\"150\" src=\"https:\/\/www.alasmedios.com\/wp-content\/uploads\/2026\/04\/Daniela-Gaxiola-pocio-copa-mundial-de-ciclismo-de-pista-150x150.jpg\" class=\"attachment-thumbnail size-thumbnail wp-post-image\" alt=\"\" style=\"\" \/><\/div><a class=\"wp-block-latest-posts__post-title\" href=\"https:\/\/www.alasmedios.com\/index.php\/2026\/04\/28\/daniela-gaxiola-empuja-a-mexico-cierra-con-fuerza-la-copa-del-mundo-de-ciclismo-de-pista\/\">Daniela Gaxiola empuja a M\u00e9xico: cierra con fuerza la Copa del Mundo de Ciclismo de Pista<\/a><\/li>\n<\/ul>","protected":false},"excerpt":{"rendered":"<p>El&nbsp;deporte&nbsp;podr\u00eda tener nueva casa grande.&nbsp;Hidalgo&nbsp;entra a la conversaci\u00f3n con fuerza para convertirse en&nbsp;sede de la Olimpiada Nacional y Paralimpiada Nacional<\/p>\n","protected":false},"author":4,"featured_media":8791,"comment_status":"open","ping_status":"open","sticky":false,"template":"","format":"standard","meta":{"colormag_page_container_layout":"default_layout","colormag_page_sidebar_layout":"default_layout","rop_custom_images_group":[],"rop_custom_messages_group":[],"rop_publish_now":"yes","rop_publish_now_accounts":[],"rop_publish_now_history":[],"rop_publish_now_status":"pending","iawp_total_views":6,"footnotes":""},"categories":[3223,41],"tags":[99,3614,3615],"class_list":["post-8790","post","type-post","status-publish","format-standard","has-post-thumbnail","hentry","category-deportes","category-hidalgo","tag-hidalgo","tag-olimpiada-nacional-conade-2027","tag-paralimpiada-nacional-conade-2027"],"magazineBlocksPostFeaturedMedia":{"thumbnail":"https:\/\/www.alasmedios.com\/wp-content\/uploads\/2026\/04\/Olimpiada-Nacional-y-Paralimpiada-Nacional-CONADE-2026-150x150.jpg","medium":"https:\/\/www.alasmedios.com\/wp-content\/uploads\/2026\/04\/Olimpiada-Nacional-y-Paralimpiada-Nacional-CONADE-2026-300x200.jpg","medium_large":"https:\/\/www.alasmedios.com\/wp-content\/uploads\/2026\/04\/Olimpiada-Nacional-y-Paralimpiada-Nacional-CONADE-2026-768x513.jpg","large":"https:\/\/www.alasmedios.com\/wp-content\/uploads\/2026\/04\/Olimpiada-Nacional-y-Paralimpiada-Nacional-CONADE-2026-1024x683.jpg","1536x1536":"https:\/\/www.alasmedios.com\/wp-content\/uploads\/2026\/04\/Olimpiada-Nacional-y-Paralimpiada-Nacional-CONADE-2026.jpg","2048x2048":"https:\/\/www.alasmedios.com\/wp-content\/uploads\/2026\/04\/Olimpiada-Nacional-y-Paralimpiada-Nacional-CONADE-2026.jpg","colormag-highlighted-post":"https:\/\/www.alasmedios.com\/wp-content\/uploads\/2026\/04\/Olimpiada-Nacional-y-Paralimpiada-Nacional-CONADE-2026-392x272.jpg","colormag-featured-post-medium":"https:\/\/www.alasmedios.com\/wp-content\/uploads\/2026\/04\/Olimpiada-Nacional-y-Paralimpiada-Nacional-CONADE-2026-390x205.jpg","colormag-featured-post-small":"https:\/\/www.alasmedios.com\/wp-content\/uploads\/2026\/04\/Olimpiada-Nacional-y-Paralimpiada-Nacional-CONADE-2026-130x90.jpg","colormag-featured-image":"https:\/\/www.alasmedios.com\/wp-content\/uploads\/2026\/04\/Olimpiada-Nacional-y-Paralimpiada-Nacional-CONADE-2026-800x445.jpg","colormag-default-news":"https:\/\/www.alasmedios.com\/wp-content\/uploads\/2026\/04\/Olimpiada-Nacional-y-Paralimpiada-Nacional-CONADE-2026-150x150.jpg","colormag-featured-image-large":"https:\/\/www.alasmedios.com\/wp-content\/uploads\/2026\/04\/Olimpiada-Nacional-y-Paralimpiada-Nacional-CONADE-2026-1400x600.jpg"},"magazineBlocksPostAuthor":{"name":"Keila Rodr\u00edguez Pe\u00f1a","avatar":"https:\/\/secure.gravatar.com\/avatar\/a2553a2bfaa601b9d539b617c8793e151bdffb60f9e48a249912f86d4c9ebeef?s=96&d=mm&r=g"},"magazineBlocksPostCommentsNumber":"0","magazineBlocksPostExcerpt":"El&nbsp;deporte&nbsp;podr\u00eda tener nueva casa grande.&nbsp;Hidalgo&nbsp;entra a la conversaci\u00f3n con fuerza para convertirse en&nbsp;sede de la Olimpiada Nacional y Paralimpiada Nacional","magazineBlocksPostCategories":["Deportes","Hidalgo"],"magazineBlocksPostViewCount":11,"magazineBlocksPostReadTime":2,"magazine_blocks_featured_image_url":{"full":["https:\/\/www.alasmedios.com\/wp-content\/uploads\/2026\/04\/Olimpiada-Nacional-y-Paralimpiada-Nacional-CONADE-2026.jpg",1536,1025,false],"medium":["https:\/\/www.alasmedios.com\/wp-content\/uploads\/2026\/04\/Olimpiada-Nacional-y-Paralimpiada-Nacional-CONADE-2026-300x200.jpg",300,200,true],"thumbnail":["https:\/\/www.alasmedios.com\/wp-content\/uploads\/2026\/04\/Olimpiada-Nacional-y-Paralimpiada-Nacional-CONADE-2026-150x150.jpg",150,150,true]},"magazine_blocks_author":{"display_name":"Keila Rodr\u00edguez Pe\u00f1a","author_link":"https:\/\/www.alasmedios.com\/index.php\/author\/keila\/"},"magazine_blocks_comment":0,"magazine_blocks_author_image":"https:\/\/secure.gravatar.com\/avatar\/a2553a2bfaa601b9d539b617c8793e151bdffb60f9e48a249912f86d4c9ebeef?s=96&d=mm&r=g","magazine_blocks_category":"<a href=\"#\" class=\"category-link category-link-3223\">Deportes<\/a> <a href=\"#\" class=\"category-link category-link-41\">Hidalgo<\/a>","yoast_head":"<!-- This site is optimized with the Yoast SEO plugin v27.5 - https:\/\/yoast.com\/product\/yoast-seo-wordpress\/ -->\r\n<title>Hidalgo albergar\u00eda Olimpiada Nacional 2027: Sheinbaum<\/title>\r\n<meta name=\"description\" content=\"Hidalgo\u00a0entra a la conversaci\u00f3n con fuerza para convertirse en\u00a0sede de la Olimpiada Nacional y Paralimpiada Nacional CONADE 2027\" \/>\r\n<meta name=\"robots\" content=\"index, follow, max-snippet:-1, max-image-preview:large, max-video-preview:-1\" \/>\r\n<link rel=\"canonical\" href=\"https:\/\/www.alasmedios.com\/index.php\/2026\/04\/28\/hidalgo-albergaria-olimpiada-nacional-2027-sheinbaum\/\" \/>\r\n<meta property=\"og:locale\" content=\"es_MX\" \/>\r\n<meta property=\"og:type\" content=\"article\" \/>\r\n<meta property=\"og:title\" content=\"Hidalgo albergar\u00eda Olimpiada Nacional 2027: Sheinbaum\" \/>\r\n<meta property=\"og:description\" content=\"Hidalgo\u00a0entra a la conversaci\u00f3n con fuerza para convertirse en\u00a0sede de la Olimpiada Nacional y Paralimpiada Nacional CONADE 2027\" \/>\r\n<meta property=\"og:url\" content=\"https:\/\/www.alasmedios.com\/index.php\/2026\/04\/28\/hidalgo-albergaria-olimpiada-nacional-2027-sheinbaum\/\" \/>\r\n<meta property=\"og:site_name\" content=\"Alas Medios\" \/>\r\n<meta property=\"article:published_time\" content=\"2026-04-28T15:39:42+00:00\" \/>\r\n<meta property=\"article:modified_time\" content=\"2026-04-28T15:39:47+00:00\" \/>\r\n<meta property=\"og:image\" content=\"https:\/\/www.alasmedios.com\/wp-content\/uploads\/2026\/04\/Olimpiada-Nacional-y-Paralimpiada-Nacional-CONADE-2026.jpg\" \/>\r\n\t<meta property=\"og:image:width\" content=\"1536\" \/>\r\n\t<meta property=\"og:image:height\" content=\"1025\" \/>\r\n\t<meta property=\"og:image:type\" content=\"image\/jpeg\" \/>\r\n<meta name=\"author\" content=\"Keila Rodr\u00edguez Pe\u00f1a\" \/>\r\n<meta name=\"twitter:card\" content=\"summary_large_image\" \/>\r\n<meta name=\"twitter:label1\" content=\"Escrito por\" \/>\n\t<meta name=\"twitter:data1\" content=\"Keila Rodr\u00edguez Pe\u00f1a\" \/>\n\t<meta name=\"twitter:label2\" content=\"Tiempo de lectura\" \/>\n\t<meta name=\"twitter:data2\" content=\"2 minutos\" \/>\r\n<script type=\"application\/ld+json\" class=\"yoast-schema-graph\">{\"@context\":\"https:\\\/\\\/schema.org\",\"@graph\":[{\"@type\":\"Article\",\"@id\":\"https:\\\/\\\/www.alasmedios.com\\\/index.php\\\/2026\\\/04\\\/28\\\/hidalgo-albergaria-olimpiada-nacional-2027-sheinbaum\\\/#article\",\"isPartOf\":{\"@id\":\"https:\\\/\\\/www.alasmedios.com\\\/index.php\\\/2026\\\/04\\\/28\\\/hidalgo-albergaria-olimpiada-nacional-2027-sheinbaum\\\/\"},\"author\":{\"name\":\"Keila Rodr\u00edguez Pe\u00f1a\",\"@id\":\"https:\\\/\\\/www.alasmedios.com\\\/#\\\/schema\\\/person\\\/0ba31bdd19a05ebf5c7fef1fedf99c34\"},\"headline\":\"Hidalgo albergar\u00eda Olimpiada Nacional 2027: Sheinbaum\",\"datePublished\":\"2026-04-28T15:39:42+00:00\",\"dateModified\":\"2026-04-28T15:39:47+00:00\",\"mainEntityOfPage\":{\"@id\":\"https:\\\/\\\/www.alasmedios.com\\\/index.php\\\/2026\\\/04\\\/28\\\/hidalgo-albergaria-olimpiada-nacional-2027-sheinbaum\\\/\"},\"wordCount\":380,\"commentCount\":0,\"publisher\":{\"@id\":\"https:\\\/\\\/www.alasmedios.com\\\/#organization\"},\"image\":{\"@id\":\"https:\\\/\\\/www.alasmedios.com\\\/index.php\\\/2026\\\/04\\\/28\\\/hidalgo-albergaria-olimpiada-nacional-2027-sheinbaum\\\/#primaryimage\"},\"thumbnailUrl\":\"https:\\\/\\\/www.alasmedios.com\\\/wp-content\\\/uploads\\\/2026\\\/04\\\/Olimpiada-Nacional-y-Paralimpiada-Nacional-CONADE-2026.jpg\",\"keywords\":[\"Hidalgo\",\"Olimpiada Nacional CONADE 2027\",\"Paralimpiada Nacional CONADE 2027\"],\"articleSection\":[\"Deportes\",\"Hidalgo\"],\"inLanguage\":\"es\",\"potentialAction\":[{\"@type\":\"CommentAction\",\"name\":\"Comment\",\"target\":[\"https:\\\/\\\/www.alasmedios.com\\\/index.php\\\/2026\\\/04\\\/28\\\/hidalgo-albergaria-olimpiada-nacional-2027-sheinbaum\\\/#respond\"]}]},{\"@type\":\"WebPage\",\"@id\":\"https:\\\/\\\/www.alasmedios.com\\\/index.php\\\/2026\\\/04\\\/28\\\/hidalgo-albergaria-olimpiada-nacional-2027-sheinbaum\\\/\",\"url\":\"https:\\\/\\\/www.alasmedios.com\\\/index.php\\\/2026\\\/04\\\/28\\\/hidalgo-albergaria-olimpiada-nacional-2027-sheinbaum\\\/\",\"name\":\"Hidalgo albergar\u00eda Olimpiada Nacional 2027: Sheinbaum\",\"isPartOf\":{\"@id\":\"https:\\\/\\\/www.alasmedios.com\\\/#website\"},\"primaryImageOfPage\":{\"@id\":\"https:\\\/\\\/www.alasmedios.com\\\/index.php\\\/2026\\\/04\\\/28\\\/hidalgo-albergaria-olimpiada-nacional-2027-sheinbaum\\\/#primaryimage\"},\"image\":{\"@id\":\"https:\\\/\\\/www.alasmedios.com\\\/index.php\\\/2026\\\/04\\\/28\\\/hidalgo-albergaria-olimpiada-nacional-2027-sheinbaum\\\/#primaryimage\"},\"thumbnailUrl\":\"https:\\\/\\\/www.alasmedios.com\\\/wp-content\\\/uploads\\\/2026\\\/04\\\/Olimpiada-Nacional-y-Paralimpiada-Nacional-CONADE-2026.jpg\",\"datePublished\":\"2026-04-28T15:39:42+00:00\",\"dateModified\":\"2026-04-28T15:39:47+00:00\",\"description\":\"Hidalgo\u00a0entra a la conversaci\u00f3n con fuerza para convertirse en\u00a0sede de la Olimpiada Nacional y Paralimpiada Nacional CONADE 2027\",\"breadcrumb\":{\"@id\":\"https:\\\/\\\/www.alasmedios.com\\\/index.php\\\/2026\\\/04\\\/28\\\/hidalgo-albergaria-olimpiada-nacional-2027-sheinbaum\\\/#breadcrumb\"},\"inLanguage\":\"es\",\"potentialAction\":[{\"@type\":\"ReadAction\",\"target\":[\"https:\\\/\\\/www.alasmedios.com\\\/index.php\\\/2026\\\/04\\\/28\\\/hidalgo-albergaria-olimpiada-nacional-2027-sheinbaum\\\/\"]}]},{\"@type\":\"ImageObject\",\"inLanguage\":\"es\",\"@id\":\"https:\\\/\\\/www.alasmedios.com\\\/index.php\\\/2026\\\/04\\\/28\\\/hidalgo-albergaria-olimpiada-nacional-2027-sheinbaum\\\/#primaryimage\",\"url\":\"https:\\\/\\\/www.alasmedios.com\\\/wp-content\\\/uploads\\\/2026\\\/04\\\/Olimpiada-Nacional-y-Paralimpiada-Nacional-CONADE-2026.jpg\",\"contentUrl\":\"https:\\\/\\\/www.alasmedios.com\\\/wp-content\\\/uploads\\\/2026\\\/04\\\/Olimpiada-Nacional-y-Paralimpiada-Nacional-CONADE-2026.jpg\",\"width\":1536,\"height\":1025},{\"@type\":\"BreadcrumbList\",\"@id\":\"https:\\\/\\\/www.alasmedios.com\\\/index.php\\\/2026\\\/04\\\/28\\\/hidalgo-albergaria-olimpiada-nacional-2027-sheinbaum\\\/#breadcrumb\",\"itemListElement\":[{\"@type\":\"ListItem\",\"position\":1,\"name\":\"Inicio\",\"item\":\"https:\\\/\\\/www.alasmedios.com\\\/\"},{\"@type\":\"ListItem\",\"position\":2,\"name\":\"Hidalgo albergar\u00eda Olimpiada Nacional 2027: Sheinbaum\"}]},{\"@type\":\"WebSite\",\"@id\":\"https:\\\/\\\/www.alasmedios.com\\\/#website\",\"url\":\"https:\\\/\\\/www.alasmedios.com\\\/\",\"name\":\"Alas Medios\",\"description\":\"Alas para pensar, Alas para volar, Alas de libertad\",\"publisher\":{\"@id\":\"https:\\\/\\\/www.alasmedios.com\\\/#organization\"},\"potentialAction\":[{\"@type\":\"SearchAction\",\"target\":{\"@type\":\"EntryPoint\",\"urlTemplate\":\"https:\\\/\\\/www.alasmedios.com\\\/?s={search_term_string}\"},\"query-input\":{\"@type\":\"PropertyValueSpecification\",\"valueRequired\":true,\"valueName\":\"search_term_string\"}}],\"inLanguage\":\"es\"},{\"@type\":\"Organization\",\"@id\":\"https:\\\/\\\/www.alasmedios.com\\\/#organization\",\"name\":\"Alas Medios\",\"url\":\"https:\\\/\\\/www.alasmedios.com\\\/\",\"logo\":{\"@type\":\"ImageObject\",\"inLanguage\":\"es\",\"@id\":\"https:\\\/\\\/www.alasmedios.com\\\/#\\\/schema\\\/logo\\\/image\\\/\",\"url\":\"https:\\\/\\\/www.alasmedios.com\\\/wp-content\\\/uploads\\\/2026\\\/01\\\/cropped-cropped-GAM-1.png\",\"contentUrl\":\"https:\\\/\\\/www.alasmedios.com\\\/wp-content\\\/uploads\\\/2026\\\/01\\\/cropped-cropped-GAM-1.png\",\"width\":467,\"height\":235,\"caption\":\"Alas Medios\"},\"image\":{\"@id\":\"https:\\\/\\\/www.alasmedios.com\\\/#\\\/schema\\\/logo\\\/image\\\/\"}},{\"@type\":\"Person\",\"@id\":\"https:\\\/\\\/www.alasmedios.com\\\/#\\\/schema\\\/person\\\/0ba31bdd19a05ebf5c7fef1fedf99c34\",\"name\":\"Keila Rodr\u00edguez Pe\u00f1a\",\"image\":{\"@type\":\"ImageObject\",\"inLanguage\":\"es\",\"@id\":\"https:\\\/\\\/secure.gravatar.com\\\/avatar\\\/a2553a2bfaa601b9d539b617c8793e151bdffb60f9e48a249912f86d4c9ebeef?s=96&d=mm&r=g\",\"url\":\"https:\\\/\\\/secure.gravatar.com\\\/avatar\\\/a2553a2bfaa601b9d539b617c8793e151bdffb60f9e48a249912f86d4c9ebeef?s=96&d=mm&r=g\",\"contentUrl\":\"https:\\\/\\\/secure.gravatar.com\\\/avatar\\\/a2553a2bfaa601b9d539b617c8793e151bdffb60f9e48a249912f86d4c9ebeef?s=96&d=mm&r=g\",\"caption\":\"Keila Rodr\u00edguez Pe\u00f1a\"},\"sameAs\":[\"http:\\\/\\\/www.alasmedios.com\"],\"url\":\"https:\\\/\\\/www.alasmedios.com\\\/index.php\\\/author\\\/keila\\\/\"}]}<\/script>\r\n<!-- \/ Yoast SEO plugin. -->","yoast_head_json":{"title":"Hidalgo albergar\u00eda Olimpiada Nacional 2027: Sheinbaum","description":"Hidalgo\u00a0entra a la conversaci\u00f3n con fuerza para convertirse en\u00a0sede de la Olimpiada Nacional y Paralimpiada Nacional CONADE 2027","robots":{"index":"index","follow":"follow","max-snippet":"max-snippet:-1","max-image-preview":"max-image-preview:large","max-video-preview":"max-video-preview:-1"},"canonical":"https:\/\/www.alasmedios.com\/index.php\/2026\/04\/28\/hidalgo-albergaria-olimpiada-nacional-2027-sheinbaum\/","og_locale":"es_MX","og_type":"article","og_title":"Hidalgo albergar\u00eda Olimpiada Nacional 2027: Sheinbaum","og_description":"Hidalgo\u00a0entra a la conversaci\u00f3n con fuerza para convertirse en\u00a0sede de la Olimpiada Nacional y Paralimpiada Nacional CONADE 2027","og_url":"https:\/\/www.alasmedios.com\/index.php\/2026\/04\/28\/hidalgo-albergaria-olimpiada-nacional-2027-sheinbaum\/","og_site_name":"Alas Medios","article_published_time":"2026-04-28T15:39:42+00:00","article_modified_time":"2026-04-28T15:39:47+00:00","og_image":[{"width":1536,"height":1025,"url":"https:\/\/www.alasmedios.com\/wp-content\/uploads\/2026\/04\/Olimpiada-Nacional-y-Paralimpiada-Nacional-CONADE-2026.jpg","type":"image\/jpeg"}],"author":"Keila Rodr\u00edguez Pe\u00f1a","twitter_card":"summary_large_image","twitter_misc":{"Escrito por":"Keila Rodr\u00edguez Pe\u00f1a","Tiempo de lectura":"2 minutos"},"schema":{"@context":"https:\/\/schema.org","@graph":[{"@type":"Article","@id":"https:\/\/www.alasmedios.com\/index.php\/2026\/04\/28\/hidalgo-albergaria-olimpiada-nacional-2027-sheinbaum\/#article","isPartOf":{"@id":"https:\/\/www.alasmedios.com\/index.php\/2026\/04\/28\/hidalgo-albergaria-olimpiada-nacional-2027-sheinbaum\/"},"author":{"name":"Keila Rodr\u00edguez Pe\u00f1a","@id":"https:\/\/www.alasmedios.com\/#\/schema\/person\/0ba31bdd19a05ebf5c7fef1fedf99c34"},"headline":"Hidalgo albergar\u00eda Olimpiada Nacional 2027: Sheinbaum","datePublished":"2026-04-28T15:39:42+00:00","dateModified":"2026-04-28T15:39:47+00:00","mainEntityOfPage":{"@id":"https:\/\/www.alasmedios.com\/index.php\/2026\/04\/28\/hidalgo-albergaria-olimpiada-nacional-2027-sheinbaum\/"},"wordCount":380,"commentCount":0,"publisher":{"@id":"https:\/\/www.alasmedios.com\/#organization"},"image":{"@id":"https:\/\/www.alasmedios.com\/index.php\/2026\/04\/28\/hidalgo-albergaria-olimpiada-nacional-2027-sheinbaum\/#primaryimage"},"thumbnailUrl":"https:\/\/www.alasmedios.com\/wp-content\/uploads\/2026\/04\/Olimpiada-Nacional-y-Paralimpiada-Nacional-CONADE-2026.jpg","keywords":["Hidalgo","Olimpiada Nacional CONADE 2027","Paralimpiada Nacional CONADE 2027"],"articleSection":["Deportes","Hidalgo"],"inLanguage":"es","potentialAction":[{"@type":"CommentAction","name":"Comment","target":["https:\/\/www.alasmedios.com\/index.php\/2026\/04\/28\/hidalgo-albergaria-olimpiada-nacional-2027-sheinbaum\/#respond"]}]},{"@type":"WebPage","@id":"https:\/\/www.alasmedios.com\/index.php\/2026\/04\/28\/hidalgo-albergaria-olimpiada-nacional-2027-sheinbaum\/","url":"https:\/\/www.alasmedios.com\/index.php\/2026\/04\/28\/hidalgo-albergaria-olimpiada-nacional-2027-sheinbaum\/","name":"Hidalgo albergar\u00eda Olimpiada Nacional 2027: Sheinbaum","isPartOf":{"@id":"https:\/\/www.alasmedios.com\/#website"},"primaryImageOfPage":{"@id":"https:\/\/www.alasmedios.com\/index.php\/2026\/04\/28\/hidalgo-albergaria-olimpiada-nacional-2027-sheinbaum\/#primaryimage"},"image":{"@id":"https:\/\/www.alasmedios.com\/index.php\/2026\/04\/28\/hidalgo-albergaria-olimpiada-nacional-2027-sheinbaum\/#primaryimage"},"thumbnailUrl":"https:\/\/www.alasmedios.com\/wp-content\/uploads\/2026\/04\/Olimpiada-Nacional-y-Paralimpiada-Nacional-CONADE-2026.jpg","datePublished":"2026-04-28T15:39:42+00:00","dateModified":"2026-04-28T15:39:47+00:00","description":"Hidalgo\u00a0entra a la conversaci\u00f3n con fuerza para convertirse en\u00a0sede de la Olimpiada Nacional y Paralimpiada Nacional CONADE 2027","breadcrumb":{"@id":"https:\/\/www.alasmedios.com\/index.php\/2026\/04\/28\/hidalgo-albergaria-olimpiada-nacional-2027-sheinbaum\/#breadcrumb"},"inLanguage":"es","potentialAction":[{"@type":"ReadAction","target":["https:\/\/www.alasmedios.com\/index.php\/2026\/04\/28\/hidalgo-albergaria-olimpiada-nacional-2027-sheinbaum\/"]}]},{"@type":"ImageObject","inLanguage":"es","@id":"https:\/\/www.alasmedios.com\/index.php\/2026\/04\/28\/hidalgo-albergaria-olimpiada-nacional-2027-sheinbaum\/#primaryimage","url":"https:\/\/www.alasmedios.com\/wp-content\/uploads\/2026\/04\/Olimpiada-Nacional-y-Paralimpiada-Nacional-CONADE-2026.jpg","contentUrl":"https:\/\/www.alasmedios.com\/wp-content\/uploads\/2026\/04\/Olimpiada-Nacional-y-Paralimpiada-Nacional-CONADE-2026.jpg","width":1536,"height":1025},{"@type":"BreadcrumbList","@id":"https:\/\/www.alasmedios.com\/index.php\/2026\/04\/28\/hidalgo-albergaria-olimpiada-nacional-2027-sheinbaum\/#breadcrumb","itemListElement":[{"@type":"ListItem","position":1,"name":"Inicio","item":"https:\/\/www.alasmedios.com\/"},{"@type":"ListItem","position":2,"name":"Hidalgo albergar\u00eda Olimpiada Nacional 2027: Sheinbaum"}]},{"@type":"WebSite","@id":"https:\/\/www.alasmedios.com\/#website","url":"https:\/\/www.alasmedios.com\/","name":"Alas Medios","description":"Alas para pensar, Alas para volar, Alas de libertad","publisher":{"@id":"https:\/\/www.alasmedios.com\/#organization"},"potentialAction":[{"@type":"SearchAction","target":{"@type":"EntryPoint","urlTemplate":"https:\/\/www.alasmedios.com\/?s={search_term_string}"},"query-input":{"@type":"PropertyValueSpecification","valueRequired":true,"valueName":"search_term_string"}}],"inLanguage":"es"},{"@type":"Organization","@id":"https:\/\/www.alasmedios.com\/#organization","name":"Alas Medios","url":"https:\/\/www.alasmedios.com\/","logo":{"@type":"ImageObject","inLanguage":"es","@id":"https:\/\/www.alasmedios.com\/#\/schema\/logo\/image\/","url":"https:\/\/www.alasmedios.com\/wp-content\/uploads\/2026\/01\/cropped-cropped-GAM-1.png","contentUrl":"https:\/\/www.alasmedios.com\/wp-content\/uploads\/2026\/01\/cropped-cropped-GAM-1.png","width":467,"height":235,"caption":"Alas Medios"},"image":{"@id":"https:\/\/www.alasmedios.com\/#\/schema\/logo\/image\/"}},{"@type":"Person","@id":"https:\/\/www.alasmedios.com\/#\/schema\/person\/0ba31bdd19a05ebf5c7fef1fedf99c34","name":"Keila Rodr\u00edguez Pe\u00f1a","image":{"@type":"ImageObject","inLanguage":"es","@id":"https:\/\/secure.gravatar.com\/avatar\/a2553a2bfaa601b9d539b617c8793e151bdffb60f9e48a249912f86d4c9ebeef?s=96&d=mm&r=g","url":"https:\/\/secure.gravatar.com\/avatar\/a2553a2bfaa601b9d539b617c8793e151bdffb60f9e48a249912f86d4c9ebeef?s=96&d=mm&r=g","contentUrl":"https:\/\/secure.gravatar.com\/avatar\/a2553a2bfaa601b9d539b617c8793e151bdffb60f9e48a249912f86d4c9ebeef?s=96&d=mm&r=g","caption":"Keila Rodr\u00edguez Pe\u00f1a"},"sameAs":["http:\/\/www.alasmedios.com"],"url":"https:\/\/www.alasmedios.com\/index.php\/author\/keila\/"}]}},"_links":{"self":[{"href":"https:\/\/www.alasmedios.com\/index.php\/wp-json\/wp\/v2\/posts\/8790","targetHints":{"allow":["GET"]}}],"collection":[{"href":"https:\/\/www.alasmedios.com\/index.php\/wp-json\/wp\/v2\/posts"}],"about":[{"href":"https:\/\/www.alasmedios.com\/index.php\/wp-json\/wp\/v2\/types\/post"}],"author":[{"embeddable":true,"href":"https:\/\/www.alasmedios.com\/index.php\/wp-json\/wp\/v2\/users\/4"}],"replies":[{"embeddable":true,"href":"https:\/\/www.alasmedios.com\/index.php\/wp-json\/wp\/v2\/comments?post=8790"}],"version-history":[{"count":1,"href":"https:\/\/www.alasmedios.com\/index.php\/wp-json\/wp\/v2\/posts\/8790\/revisions"}],"predecessor-version":[{"id":8793,"href":"https:\/\/www.alasmedios.com\/index.php\/wp-json\/wp\/v2\/posts\/8790\/revisions\/8793"}],"wp:featuredmedia":[{"embeddable":true,"href":"https:\/\/www.alasmedios.com\/index.php\/wp-json\/wp\/v2\/media\/8791"}],"wp:attachment":[{"href":"https:\/\/www.alasmedios.com\/index.php\/wp-json\/wp\/v2\/media?parent=8790"}],"wp:term":[{"taxonomy":"category","embeddable":true,"href":"https:\/\/www.alasmedios.com\/index.php\/wp-json\/wp\/v2\/categories?post=8790"},{"taxonomy":"post_tag","embeddable":true,"href":"https:\/\/www.alasmedios.com\/index.php\/wp-json\/wp\/v2\/tags?post=8790"}],"curies":[{"name":"wp","href":"https:\/\/api.w.org\/{rel}","templated":true}]}}