{"id":8786,"date":"2026-04-28T08:09:00","date_gmt":"2026-04-28T14:09:00","guid":{"rendered":"https:\/\/www.alasmedios.com\/?p=8786"},"modified":"2026-04-27T23:29:17","modified_gmt":"2026-04-28T05:29:17","slug":"anuncian-acciones-para-la-recuperacion-en-hidalgo-tras-la-vaguada-monzonica","status":"publish","type":"post","link":"https:\/\/www.alasmedios.com\/index.php\/2026\/04\/28\/anuncian-acciones-para-la-recuperacion-en-hidalgo-tras-la-vaguada-monzonica\/","title":{"rendered":"Anuncian acciones para la recuperaci\u00f3n en Hidalgo tras la vaguada monz\u00f3nica"},"content":{"rendered":"\n<p>Acciones emprendidas para las familias afectadas por la <strong>vaguada monz\u00f3nica<\/strong>, registrada en octubre de 2025, fueron se\u00f1aladas por secretarios de infraestructura, bienestar social y desarrollo econ\u00f3mico, del <strong>gobierno estatal de Hidalgo<\/strong>.<\/p>\n\n\n\n<p>Fueron <strong>contratadas 34 obras por m\u00e1s de 336 millones de pesos,<\/strong> destinadas a la rehabilitaci\u00f3n de la red carretera estatal y caminos rurales en diversos municipios afectados, se\u00f1al\u00f3 el titular de la Secretar\u00eda de Infraestructura P\u00fablica y Desarrollo Urbano Sostenible (SIPDUS), Alejandro S\u00e1nchez Garc\u00eda.<\/p>\n\n\n\n<p>Adem\u00e1s, en la <strong>segunda fase se suman 18 obras por 770 millones de pesos<\/strong>, que se encuentran en marcha, adem\u00e1s de la tercera etapa conformada por 50 proyectos adicionales, con una inversi\u00f3n aproximada de 602 millones de pesos, lo que permitir\u00e1 fortalecer tanto la conectividad como la movilidad en las regiones afectadas.<\/p>\n\n\n\n<p>Te podr\u00eda interesar <\/p>\n\n\n\n<p>Por su parte, en el \u00e1mbito federal, el delegado de la Secretar\u00eda de Infraestructura, Comunicaciones y Transportes (SICT), Pablo Olvera S\u00e1nchez, detall\u00f3 que se <strong>invertir\u00e1n \u201csiete mil 452.5 millones de pesos en Hidalgo<\/strong>, de los cuales 4 mil 980 millones se destinan directamente a la reconstrucci\u00f3n por da\u00f1os ocasionados por las lluvias, adem\u00e1s de recursos para conservaci\u00f3n, modernizaci\u00f3n y caminos artesanales\u201d.<\/p>\n\n\n\n<figure class=\"wp-block-image size-large\"><img loading=\"lazy\" decoding=\"async\" width=\"1024\" height=\"683\" src=\"https:\/\/www.alasmedios.com\/wp-content\/uploads\/2026\/04\/CONFERENCIA-DE-PRENSA-21-1024x683.jpg\" alt=\"\" class=\"wp-image-8787\" srcset=\"https:\/\/www.alasmedios.com\/wp-content\/uploads\/2026\/04\/CONFERENCIA-DE-PRENSA-21-1024x683.jpg 1024w, https:\/\/www.alasmedios.com\/wp-content\/uploads\/2026\/04\/CONFERENCIA-DE-PRENSA-21-300x200.jpg 300w, https:\/\/www.alasmedios.com\/wp-content\/uploads\/2026\/04\/CONFERENCIA-DE-PRENSA-21-768x512.jpg 768w, https:\/\/www.alasmedios.com\/wp-content\/uploads\/2026\/04\/CONFERENCIA-DE-PRENSA-21-1536x1024.jpg 1536w, https:\/\/www.alasmedios.com\/wp-content\/uploads\/2026\/04\/CONFERENCIA-DE-PRENSA-21-2048x1365.jpg 2048w\" sizes=\"auto, (max-width: 1024px) 100vw, 1024px\" \/><\/figure>\n\n\n\n<p>El secretario de Bienestar e Inclusi\u00f3n Social, Ricardo G\u00f3mez Moreno, inform\u00f3 que se han destinado m\u00e1s de 155 millones de pesos en apoyos directos, beneficiando a 15 mil 500 personas de 343 comunidades en 28 municipios.<\/p>\n\n\n\n<p>Adem\u00e1s, durante la ma\u00f1anera de este lunes, el secretario de Desarrollo Econ\u00f3mico, Carlos Henkel Escorza, subray\u00f3 que Hidalgo mantiene \u201cun entorno de confianza para la inversi\u00f3n, al registrar m\u00e1s de 125 mil millones de pesos en inversi\u00f3n privada acumulada, lo que se traduce en 163 mil empleos directos e indirectos\u201d.<\/p>\n\n\n\n<p>Inform\u00f3 que Hidalgo ser\u00e1 invitado de honor en la Feria Aeroespacial M\u00e9xico (FAMEX) 2027.<\/p>\n","protected":false},"excerpt":{"rendered":"<p>Acciones emprendidas para las familias afectadas por la vaguada monz\u00f3nica, registrada en octubre de 2025, fueron se\u00f1aladas por secretarios de<\/p>\n","protected":false},"author":1,"featured_media":8787,"comment_status":"open","ping_status":"open","sticky":false,"template":"","format":"standard","meta":{"colormag_page_container_layout":"default_layout","colormag_page_sidebar_layout":"default_layout","rop_custom_images_group":[],"rop_custom_messages_group":[],"rop_publish_now":"yes","rop_publish_now_accounts":[],"rop_publish_now_history":[],"rop_publish_now_status":"pending","iawp_total_views":2,"footnotes":""},"categories":[41],"tags":[99,3611,3613,3612],"class_list":["post-8786","post","type-post","status-publish","format-standard","has-post-thumbnail","hentry","category-hidalgo","tag-hidalgo","tag-reconstruccion-2","tag-recuperacion-2","tag-vaguada-monzonica"],"magazineBlocksPostFeaturedMedia":{"thumbnail":"https:\/\/www.alasmedios.com\/wp-content\/uploads\/2026\/04\/CONFERENCIA-DE-PRENSA-21-150x150.jpg","medium":"https:\/\/www.alasmedios.com\/wp-content\/uploads\/2026\/04\/CONFERENCIA-DE-PRENSA-21-300x200.jpg","medium_large":"https:\/\/www.alasmedios.com\/wp-content\/uploads\/2026\/04\/CONFERENCIA-DE-PRENSA-21-768x512.jpg","large":"https:\/\/www.alasmedios.com\/wp-content\/uploads\/2026\/04\/CONFERENCIA-DE-PRENSA-21-1024x683.jpg","1536x1536":"https:\/\/www.alasmedios.com\/wp-content\/uploads\/2026\/04\/CONFERENCIA-DE-PRENSA-21-1536x1024.jpg","2048x2048":"https:\/\/www.alasmedios.com\/wp-content\/uploads\/2026\/04\/CONFERENCIA-DE-PRENSA-21-2048x1365.jpg","colormag-highlighted-post":"https:\/\/www.alasmedios.com\/wp-content\/uploads\/2026\/04\/CONFERENCIA-DE-PRENSA-21-392x272.jpg","colormag-featured-post-medium":"https:\/\/www.alasmedios.com\/wp-content\/uploads\/2026\/04\/CONFERENCIA-DE-PRENSA-21-390x205.jpg","colormag-featured-post-small":"https:\/\/www.alasmedios.com\/wp-content\/uploads\/2026\/04\/CONFERENCIA-DE-PRENSA-21-130x90.jpg","colormag-featured-image":"https:\/\/www.alasmedios.com\/wp-content\/uploads\/2026\/04\/CONFERENCIA-DE-PRENSA-21-800x445.jpg","colormag-default-news":"https:\/\/www.alasmedios.com\/wp-content\/uploads\/2026\/04\/CONFERENCIA-DE-PRENSA-21-150x150.jpg","colormag-featured-image-large":"https:\/\/www.alasmedios.com\/wp-content\/uploads\/2026\/04\/CONFERENCIA-DE-PRENSA-21-1400x600.jpg"},"magazineBlocksPostAuthor":{"name":"admin","avatar":"https:\/\/secure.gravatar.com\/avatar\/5edfa2692bdacc5e6ee805c626c50cb44cebb065f092d9a1067d89f74dacd326?s=96&d=mm&r=g"},"magazineBlocksPostCommentsNumber":"0","magazineBlocksPostExcerpt":"Acciones emprendidas para las familias afectadas por la vaguada monz\u00f3nica, registrada en octubre de 2025, fueron se\u00f1aladas por secretarios de","magazineBlocksPostCategories":["Hidalgo"],"magazineBlocksPostViewCount":6,"magazineBlocksPostReadTime":2,"magazine_blocks_featured_image_url":{"full":["https:\/\/www.alasmedios.com\/wp-content\/uploads\/2026\/04\/CONFERENCIA-DE-PRENSA-21-scaled.jpg",2560,1707,false],"medium":["https:\/\/www.alasmedios.com\/wp-content\/uploads\/2026\/04\/CONFERENCIA-DE-PRENSA-21-300x200.jpg",300,200,true],"thumbnail":["https:\/\/www.alasmedios.com\/wp-content\/uploads\/2026\/04\/CONFERENCIA-DE-PRENSA-21-150x150.jpg",150,150,true]},"magazine_blocks_author":{"display_name":"admin","author_link":"https:\/\/www.alasmedios.com\/index.php\/author\/admin\/"},"magazine_blocks_comment":0,"magazine_blocks_author_image":"https:\/\/secure.gravatar.com\/avatar\/5edfa2692bdacc5e6ee805c626c50cb44cebb065f092d9a1067d89f74dacd326?s=96&d=mm&r=g","magazine_blocks_category":"<a href=\"#\" class=\"category-link category-link-41\">Hidalgo<\/a>","yoast_head":"<!-- This site is optimized with the Yoast SEO plugin v27.5 - https:\/\/yoast.com\/product\/yoast-seo-wordpress\/ -->\r\n<title>Anuncian acciones para la recuperaci\u00f3n en Hidalgo tras la vaguada monz\u00f3nica - Alas Medios<\/title>\r\n<meta name=\"description\" content=\"Anuncian acciones para la recuperaci\u00f3n en Hidalgo tras la vaguada monz\u00f3nica, que afect\u00f3 zonas de la sierra y huasteca del estado\" \/>\r\n<meta name=\"robots\" content=\"index, follow, max-snippet:-1, max-image-preview:large, max-video-preview:-1\" \/>\r\n<link rel=\"canonical\" href=\"https:\/\/www.alasmedios.com\/index.php\/2026\/04\/28\/anuncian-acciones-para-la-recuperacion-en-hidalgo-tras-la-vaguada-monzonica\/\" \/>\r\n<meta property=\"og:locale\" content=\"es_MX\" \/>\r\n<meta property=\"og:type\" content=\"article\" \/>\r\n<meta property=\"og:title\" content=\"Anuncian acciones para la recuperaci\u00f3n en Hidalgo tras la vaguada monz\u00f3nica - Alas Medios\" \/>\r\n<meta property=\"og:description\" content=\"Anuncian acciones para la recuperaci\u00f3n en Hidalgo tras la vaguada monz\u00f3nica, que afect\u00f3 zonas de la sierra y huasteca del estado\" \/>\r\n<meta property=\"og:url\" content=\"https:\/\/www.alasmedios.com\/index.php\/2026\/04\/28\/anuncian-acciones-para-la-recuperacion-en-hidalgo-tras-la-vaguada-monzonica\/\" \/>\r\n<meta property=\"og:site_name\" content=\"Alas Medios\" \/>\r\n<meta property=\"article:published_time\" content=\"2026-04-28T14:09:00+00:00\" \/>\r\n<meta property=\"og:image\" content=\"https:\/\/www.alasmedios.com\/wp-content\/uploads\/2026\/04\/CONFERENCIA-DE-PRENSA-21-scaled.jpg\" \/>\r\n\t<meta property=\"og:image:width\" content=\"2560\" \/>\r\n\t<meta property=\"og:image:height\" content=\"1707\" \/>\r\n\t<meta property=\"og:image:type\" content=\"image\/jpeg\" \/>\r\n<meta name=\"author\" content=\"admin\" \/>\r\n<meta name=\"twitter:card\" content=\"summary_large_image\" \/>\r\n<meta name=\"twitter:label1\" content=\"Escrito por\" \/>\n\t<meta name=\"twitter:data1\" content=\"admin\" \/>\n\t<meta name=\"twitter:label2\" content=\"Tiempo de lectura\" \/>\n\t<meta name=\"twitter:data2\" content=\"2 minutos\" \/>\r\n<script type=\"application\/ld+json\" class=\"yoast-schema-graph\">{\"@context\":\"https:\\\/\\\/schema.org\",\"@graph\":[{\"@type\":\"Article\",\"@id\":\"https:\\\/\\\/www.alasmedios.com\\\/index.php\\\/2026\\\/04\\\/28\\\/anuncian-acciones-para-la-recuperacion-en-hidalgo-tras-la-vaguada-monzonica\\\/#article\",\"isPartOf\":{\"@id\":\"https:\\\/\\\/www.alasmedios.com\\\/index.php\\\/2026\\\/04\\\/28\\\/anuncian-acciones-para-la-recuperacion-en-hidalgo-tras-la-vaguada-monzonica\\\/\"},\"author\":{\"name\":\"admin\",\"@id\":\"https:\\\/\\\/www.alasmedios.com\\\/#\\\/schema\\\/person\\\/dce82c64034294fb30f5004c9d99c1ca\"},\"headline\":\"Anuncian acciones para la recuperaci\u00f3n en Hidalgo tras la vaguada monz\u00f3nica\",\"datePublished\":\"2026-04-28T14:09:00+00:00\",\"mainEntityOfPage\":{\"@id\":\"https:\\\/\\\/www.alasmedios.com\\\/index.php\\\/2026\\\/04\\\/28\\\/anuncian-acciones-para-la-recuperacion-en-hidalgo-tras-la-vaguada-monzonica\\\/\"},\"wordCount\":318,\"commentCount\":0,\"publisher\":{\"@id\":\"https:\\\/\\\/www.alasmedios.com\\\/#organization\"},\"image\":{\"@id\":\"https:\\\/\\\/www.alasmedios.com\\\/index.php\\\/2026\\\/04\\\/28\\\/anuncian-acciones-para-la-recuperacion-en-hidalgo-tras-la-vaguada-monzonica\\\/#primaryimage\"},\"thumbnailUrl\":\"https:\\\/\\\/www.alasmedios.com\\\/wp-content\\\/uploads\\\/2026\\\/04\\\/CONFERENCIA-DE-PRENSA-21-scaled.jpg\",\"keywords\":[\"Hidalgo\",\"reconstruccion;\",\"recuperaci\u00f3n;\",\"vaguada monz\u00f3nica;\"],\"articleSection\":[\"Hidalgo\"],\"inLanguage\":\"es\",\"potentialAction\":[{\"@type\":\"CommentAction\",\"name\":\"Comment\",\"target\":[\"https:\\\/\\\/www.alasmedios.com\\\/index.php\\\/2026\\\/04\\\/28\\\/anuncian-acciones-para-la-recuperacion-en-hidalgo-tras-la-vaguada-monzonica\\\/#respond\"]}]},{\"@type\":\"WebPage\",\"@id\":\"https:\\\/\\\/www.alasmedios.com\\\/index.php\\\/2026\\\/04\\\/28\\\/anuncian-acciones-para-la-recuperacion-en-hidalgo-tras-la-vaguada-monzonica\\\/\",\"url\":\"https:\\\/\\\/www.alasmedios.com\\\/index.php\\\/2026\\\/04\\\/28\\\/anuncian-acciones-para-la-recuperacion-en-hidalgo-tras-la-vaguada-monzonica\\\/\",\"name\":\"Anuncian acciones para la recuperaci\u00f3n en Hidalgo tras la vaguada monz\u00f3nica - Alas Medios\",\"isPartOf\":{\"@id\":\"https:\\\/\\\/www.alasmedios.com\\\/#website\"},\"primaryImageOfPage\":{\"@id\":\"https:\\\/\\\/www.alasmedios.com\\\/index.php\\\/2026\\\/04\\\/28\\\/anuncian-acciones-para-la-recuperacion-en-hidalgo-tras-la-vaguada-monzonica\\\/#primaryimage\"},\"image\":{\"@id\":\"https:\\\/\\\/www.alasmedios.com\\\/index.php\\\/2026\\\/04\\\/28\\\/anuncian-acciones-para-la-recuperacion-en-hidalgo-tras-la-vaguada-monzonica\\\/#primaryimage\"},\"thumbnailUrl\":\"https:\\\/\\\/www.alasmedios.com\\\/wp-content\\\/uploads\\\/2026\\\/04\\\/CONFERENCIA-DE-PRENSA-21-scaled.jpg\",\"datePublished\":\"2026-04-28T14:09:00+00:00\",\"description\":\"Anuncian acciones para la recuperaci\u00f3n en Hidalgo tras la vaguada monz\u00f3nica, que afect\u00f3 zonas de la sierra y huasteca del estado\",\"breadcrumb\":{\"@id\":\"https:\\\/\\\/www.alasmedios.com\\\/index.php\\\/2026\\\/04\\\/28\\\/anuncian-acciones-para-la-recuperacion-en-hidalgo-tras-la-vaguada-monzonica\\\/#breadcrumb\"},\"inLanguage\":\"es\",\"potentialAction\":[{\"@type\":\"ReadAction\",\"target\":[\"https:\\\/\\\/www.alasmedios.com\\\/index.php\\\/2026\\\/04\\\/28\\\/anuncian-acciones-para-la-recuperacion-en-hidalgo-tras-la-vaguada-monzonica\\\/\"]}]},{\"@type\":\"ImageObject\",\"inLanguage\":\"es\",\"@id\":\"https:\\\/\\\/www.alasmedios.com\\\/index.php\\\/2026\\\/04\\\/28\\\/anuncian-acciones-para-la-recuperacion-en-hidalgo-tras-la-vaguada-monzonica\\\/#primaryimage\",\"url\":\"https:\\\/\\\/www.alasmedios.com\\\/wp-content\\\/uploads\\\/2026\\\/04\\\/CONFERENCIA-DE-PRENSA-21-scaled.jpg\",\"contentUrl\":\"https:\\\/\\\/www.alasmedios.com\\\/wp-content\\\/uploads\\\/2026\\\/04\\\/CONFERENCIA-DE-PRENSA-21-scaled.jpg\",\"width\":2560,\"height\":1707,\"caption\":\"Anuncian acciones para la recuperaci\u00f3n en Hidalgo tras la vaguada monz\u00f3nica\"},{\"@type\":\"BreadcrumbList\",\"@id\":\"https:\\\/\\\/www.alasmedios.com\\\/index.php\\\/2026\\\/04\\\/28\\\/anuncian-acciones-para-la-recuperacion-en-hidalgo-tras-la-vaguada-monzonica\\\/#breadcrumb\",\"itemListElement\":[{\"@type\":\"ListItem\",\"position\":1,\"name\":\"Inicio\",\"item\":\"https:\\\/\\\/www.alasmedios.com\\\/\"},{\"@type\":\"ListItem\",\"position\":2,\"name\":\"Anuncian acciones para la recuperaci\u00f3n en Hidalgo tras la vaguada monz\u00f3nica\"}]},{\"@type\":\"WebSite\",\"@id\":\"https:\\\/\\\/www.alasmedios.com\\\/#website\",\"url\":\"https:\\\/\\\/www.alasmedios.com\\\/\",\"name\":\"Alas Medios\",\"description\":\"Alas para pensar, Alas para volar, Alas de libertad\",\"publisher\":{\"@id\":\"https:\\\/\\\/www.alasmedios.com\\\/#organization\"},\"potentialAction\":[{\"@type\":\"SearchAction\",\"target\":{\"@type\":\"EntryPoint\",\"urlTemplate\":\"https:\\\/\\\/www.alasmedios.com\\\/?s={search_term_string}\"},\"query-input\":{\"@type\":\"PropertyValueSpecification\",\"valueRequired\":true,\"valueName\":\"search_term_string\"}}],\"inLanguage\":\"es\"},{\"@type\":\"Organization\",\"@id\":\"https:\\\/\\\/www.alasmedios.com\\\/#organization\",\"name\":\"Alas Medios\",\"url\":\"https:\\\/\\\/www.alasmedios.com\\\/\",\"logo\":{\"@type\":\"ImageObject\",\"inLanguage\":\"es\",\"@id\":\"https:\\\/\\\/www.alasmedios.com\\\/#\\\/schema\\\/logo\\\/image\\\/\",\"url\":\"https:\\\/\\\/www.alasmedios.com\\\/wp-content\\\/uploads\\\/2026\\\/01\\\/cropped-cropped-GAM-1.png\",\"contentUrl\":\"https:\\\/\\\/www.alasmedios.com\\\/wp-content\\\/uploads\\\/2026\\\/01\\\/cropped-cropped-GAM-1.png\",\"width\":467,\"height\":235,\"caption\":\"Alas Medios\"},\"image\":{\"@id\":\"https:\\\/\\\/www.alasmedios.com\\\/#\\\/schema\\\/logo\\\/image\\\/\"}},{\"@type\":\"Person\",\"@id\":\"https:\\\/\\\/www.alasmedios.com\\\/#\\\/schema\\\/person\\\/dce82c64034294fb30f5004c9d99c1ca\",\"name\":\"admin\",\"image\":{\"@type\":\"ImageObject\",\"inLanguage\":\"es\",\"@id\":\"https:\\\/\\\/secure.gravatar.com\\\/avatar\\\/5edfa2692bdacc5e6ee805c626c50cb44cebb065f092d9a1067d89f74dacd326?s=96&d=mm&r=g\",\"url\":\"https:\\\/\\\/secure.gravatar.com\\\/avatar\\\/5edfa2692bdacc5e6ee805c626c50cb44cebb065f092d9a1067d89f74dacd326?s=96&d=mm&r=g\",\"contentUrl\":\"https:\\\/\\\/secure.gravatar.com\\\/avatar\\\/5edfa2692bdacc5e6ee805c626c50cb44cebb065f092d9a1067d89f74dacd326?s=96&d=mm&r=g\",\"caption\":\"admin\"},\"sameAs\":[\"https:\\\/\\\/www.alasmedios.com\"],\"url\":\"https:\\\/\\\/www.alasmedios.com\\\/index.php\\\/author\\\/admin\\\/\"}]}<\/script>\r\n<!-- \/ Yoast SEO plugin. -->","yoast_head_json":{"title":"Anuncian acciones para la recuperaci\u00f3n en Hidalgo tras la vaguada monz\u00f3nica - Alas Medios","description":"Anuncian acciones para la recuperaci\u00f3n en Hidalgo tras la vaguada monz\u00f3nica, que afect\u00f3 zonas de la sierra y huasteca del estado","robots":{"index":"index","follow":"follow","max-snippet":"max-snippet:-1","max-image-preview":"max-image-preview:large","max-video-preview":"max-video-preview:-1"},"canonical":"https:\/\/www.alasmedios.com\/index.php\/2026\/04\/28\/anuncian-acciones-para-la-recuperacion-en-hidalgo-tras-la-vaguada-monzonica\/","og_locale":"es_MX","og_type":"article","og_title":"Anuncian acciones para la recuperaci\u00f3n en Hidalgo tras la vaguada monz\u00f3nica - Alas Medios","og_description":"Anuncian acciones para la recuperaci\u00f3n en Hidalgo tras la vaguada monz\u00f3nica, que afect\u00f3 zonas de la sierra y huasteca del estado","og_url":"https:\/\/www.alasmedios.com\/index.php\/2026\/04\/28\/anuncian-acciones-para-la-recuperacion-en-hidalgo-tras-la-vaguada-monzonica\/","og_site_name":"Alas Medios","article_published_time":"2026-04-28T14:09:00+00:00","og_image":[{"width":2560,"height":1707,"url":"https:\/\/www.alasmedios.com\/wp-content\/uploads\/2026\/04\/CONFERENCIA-DE-PRENSA-21-scaled.jpg","type":"image\/jpeg"}],"author":"admin","twitter_card":"summary_large_image","twitter_misc":{"Escrito por":"admin","Tiempo de lectura":"2 minutos"},"schema":{"@context":"https:\/\/schema.org","@graph":[{"@type":"Article","@id":"https:\/\/www.alasmedios.com\/index.php\/2026\/04\/28\/anuncian-acciones-para-la-recuperacion-en-hidalgo-tras-la-vaguada-monzonica\/#article","isPartOf":{"@id":"https:\/\/www.alasmedios.com\/index.php\/2026\/04\/28\/anuncian-acciones-para-la-recuperacion-en-hidalgo-tras-la-vaguada-monzonica\/"},"author":{"name":"admin","@id":"https:\/\/www.alasmedios.com\/#\/schema\/person\/dce82c64034294fb30f5004c9d99c1ca"},"headline":"Anuncian acciones para la recuperaci\u00f3n en Hidalgo tras la vaguada monz\u00f3nica","datePublished":"2026-04-28T14:09:00+00:00","mainEntityOfPage":{"@id":"https:\/\/www.alasmedios.com\/index.php\/2026\/04\/28\/anuncian-acciones-para-la-recuperacion-en-hidalgo-tras-la-vaguada-monzonica\/"},"wordCount":318,"commentCount":0,"publisher":{"@id":"https:\/\/www.alasmedios.com\/#organization"},"image":{"@id":"https:\/\/www.alasmedios.com\/index.php\/2026\/04\/28\/anuncian-acciones-para-la-recuperacion-en-hidalgo-tras-la-vaguada-monzonica\/#primaryimage"},"thumbnailUrl":"https:\/\/www.alasmedios.com\/wp-content\/uploads\/2026\/04\/CONFERENCIA-DE-PRENSA-21-scaled.jpg","keywords":["Hidalgo","reconstruccion;","recuperaci\u00f3n;","vaguada monz\u00f3nica;"],"articleSection":["Hidalgo"],"inLanguage":"es","potentialAction":[{"@type":"CommentAction","name":"Comment","target":["https:\/\/www.alasmedios.com\/index.php\/2026\/04\/28\/anuncian-acciones-para-la-recuperacion-en-hidalgo-tras-la-vaguada-monzonica\/#respond"]}]},{"@type":"WebPage","@id":"https:\/\/www.alasmedios.com\/index.php\/2026\/04\/28\/anuncian-acciones-para-la-recuperacion-en-hidalgo-tras-la-vaguada-monzonica\/","url":"https:\/\/www.alasmedios.com\/index.php\/2026\/04\/28\/anuncian-acciones-para-la-recuperacion-en-hidalgo-tras-la-vaguada-monzonica\/","name":"Anuncian acciones para la recuperaci\u00f3n en Hidalgo tras la vaguada monz\u00f3nica - Alas Medios","isPartOf":{"@id":"https:\/\/www.alasmedios.com\/#website"},"primaryImageOfPage":{"@id":"https:\/\/www.alasmedios.com\/index.php\/2026\/04\/28\/anuncian-acciones-para-la-recuperacion-en-hidalgo-tras-la-vaguada-monzonica\/#primaryimage"},"image":{"@id":"https:\/\/www.alasmedios.com\/index.php\/2026\/04\/28\/anuncian-acciones-para-la-recuperacion-en-hidalgo-tras-la-vaguada-monzonica\/#primaryimage"},"thumbnailUrl":"https:\/\/www.alasmedios.com\/wp-content\/uploads\/2026\/04\/CONFERENCIA-DE-PRENSA-21-scaled.jpg","datePublished":"2026-04-28T14:09:00+00:00","description":"Anuncian acciones para la recuperaci\u00f3n en Hidalgo tras la vaguada monz\u00f3nica, que afect\u00f3 zonas de la sierra y huasteca del estado","breadcrumb":{"@id":"https:\/\/www.alasmedios.com\/index.php\/2026\/04\/28\/anuncian-acciones-para-la-recuperacion-en-hidalgo-tras-la-vaguada-monzonica\/#breadcrumb"},"inLanguage":"es","potentialAction":[{"@type":"ReadAction","target":["https:\/\/www.alasmedios.com\/index.php\/2026\/04\/28\/anuncian-acciones-para-la-recuperacion-en-hidalgo-tras-la-vaguada-monzonica\/"]}]},{"@type":"ImageObject","inLanguage":"es","@id":"https:\/\/www.alasmedios.com\/index.php\/2026\/04\/28\/anuncian-acciones-para-la-recuperacion-en-hidalgo-tras-la-vaguada-monzonica\/#primaryimage","url":"https:\/\/www.alasmedios.com\/wp-content\/uploads\/2026\/04\/CONFERENCIA-DE-PRENSA-21-scaled.jpg","contentUrl":"https:\/\/www.alasmedios.com\/wp-content\/uploads\/2026\/04\/CONFERENCIA-DE-PRENSA-21-scaled.jpg","width":2560,"height":1707,"caption":"Anuncian acciones para la recuperaci\u00f3n en Hidalgo tras la vaguada monz\u00f3nica"},{"@type":"BreadcrumbList","@id":"https:\/\/www.alasmedios.com\/index.php\/2026\/04\/28\/anuncian-acciones-para-la-recuperacion-en-hidalgo-tras-la-vaguada-monzonica\/#breadcrumb","itemListElement":[{"@type":"ListItem","position":1,"name":"Inicio","item":"https:\/\/www.alasmedios.com\/"},{"@type":"ListItem","position":2,"name":"Anuncian acciones para la recuperaci\u00f3n en Hidalgo tras la vaguada monz\u00f3nica"}]},{"@type":"WebSite","@id":"https:\/\/www.alasmedios.com\/#website","url":"https:\/\/www.alasmedios.com\/","name":"Alas Medios","description":"Alas para pensar, Alas para volar, Alas de libertad","publisher":{"@id":"https:\/\/www.alasmedios.com\/#organization"},"potentialAction":[{"@type":"SearchAction","target":{"@type":"EntryPoint","urlTemplate":"https:\/\/www.alasmedios.com\/?s={search_term_string}"},"query-input":{"@type":"PropertyValueSpecification","valueRequired":true,"valueName":"search_term_string"}}],"inLanguage":"es"},{"@type":"Organization","@id":"https:\/\/www.alasmedios.com\/#organization","name":"Alas Medios","url":"https:\/\/www.alasmedios.com\/","logo":{"@type":"ImageObject","inLanguage":"es","@id":"https:\/\/www.alasmedios.com\/#\/schema\/logo\/image\/","url":"https:\/\/www.alasmedios.com\/wp-content\/uploads\/2026\/01\/cropped-cropped-GAM-1.png","contentUrl":"https:\/\/www.alasmedios.com\/wp-content\/uploads\/2026\/01\/cropped-cropped-GAM-1.png","width":467,"height":235,"caption":"Alas Medios"},"image":{"@id":"https:\/\/www.alasmedios.com\/#\/schema\/logo\/image\/"}},{"@type":"Person","@id":"https:\/\/www.alasmedios.com\/#\/schema\/person\/dce82c64034294fb30f5004c9d99c1ca","name":"admin","image":{"@type":"ImageObject","inLanguage":"es","@id":"https:\/\/secure.gravatar.com\/avatar\/5edfa2692bdacc5e6ee805c626c50cb44cebb065f092d9a1067d89f74dacd326?s=96&d=mm&r=g","url":"https:\/\/secure.gravatar.com\/avatar\/5edfa2692bdacc5e6ee805c626c50cb44cebb065f092d9a1067d89f74dacd326?s=96&d=mm&r=g","contentUrl":"https:\/\/secure.gravatar.com\/avatar\/5edfa2692bdacc5e6ee805c626c50cb44cebb065f092d9a1067d89f74dacd326?s=96&d=mm&r=g","caption":"admin"},"sameAs":["https:\/\/www.alasmedios.com"],"url":"https:\/\/www.alasmedios.com\/index.php\/author\/admin\/"}]}},"_links":{"self":[{"href":"https:\/\/www.alasmedios.com\/index.php\/wp-json\/wp\/v2\/posts\/8786","targetHints":{"allow":["GET"]}}],"collection":[{"href":"https:\/\/www.alasmedios.com\/index.php\/wp-json\/wp\/v2\/posts"}],"about":[{"href":"https:\/\/www.alasmedios.com\/index.php\/wp-json\/wp\/v2\/types\/post"}],"author":[{"embeddable":true,"href":"https:\/\/www.alasmedios.com\/index.php\/wp-json\/wp\/v2\/users\/1"}],"replies":[{"embeddable":true,"href":"https:\/\/www.alasmedios.com\/index.php\/wp-json\/wp\/v2\/comments?post=8786"}],"version-history":[{"count":1,"href":"https:\/\/www.alasmedios.com\/index.php\/wp-json\/wp\/v2\/posts\/8786\/revisions"}],"predecessor-version":[{"id":8788,"href":"https:\/\/www.alasmedios.com\/index.php\/wp-json\/wp\/v2\/posts\/8786\/revisions\/8788"}],"wp:featuredmedia":[{"embeddable":true,"href":"https:\/\/www.alasmedios.com\/index.php\/wp-json\/wp\/v2\/media\/8787"}],"wp:attachment":[{"href":"https:\/\/www.alasmedios.com\/index.php\/wp-json\/wp\/v2\/media?parent=8786"}],"wp:term":[{"taxonomy":"category","embeddable":true,"href":"https:\/\/www.alasmedios.com\/index.php\/wp-json\/wp\/v2\/categories?post=8786"},{"taxonomy":"post_tag","embeddable":true,"href":"https:\/\/www.alasmedios.com\/index.php\/wp-json\/wp\/v2\/tags?post=8786"}],"curies":[{"name":"wp","href":"https:\/\/api.w.org\/{rel}","templated":true}]}}