{"id":8771,"date":"2026-04-27T13:53:25","date_gmt":"2026-04-27T19:53:25","guid":{"rendered":"https:\/\/www.alasmedios.com\/?p=8771"},"modified":"2026-04-27T13:53:29","modified_gmt":"2026-04-27T19:53:29","slug":"la-violencia-empieza-en-casa-la-mitad-de-la-infancia-en-mexico-crece-entre-agresiones-alerta-unicef","status":"publish","type":"post","link":"https:\/\/www.alasmedios.com\/index.php\/2026\/04\/27\/la-violencia-empieza-en-casa-la-mitad-de-la-infancia-en-mexico-crece-entre-agresiones-alerta-unicef\/","title":{"rendered":"La violencia empieza en casa: la mitad de la infancia en M\u00e9xico crece entre agresiones, alerta Unicef"},"content":{"rendered":"\n<p>En <strong>M\u00e9xico<\/strong>, al menos<strong> 20 millones de ni\u00f1as y ni\u00f1os<\/strong> ha sufrido <strong>violencia <\/strong>dentro de su hogar, los actos violentos suelen relacionarse con <strong>m\u00e9todos de disciplina, <\/strong>seg\u00fan <strong>UNICEF.<\/strong><\/p>\n\n\n\n<p>La casa, ese espacio que deber\u00eda ser refugio, se ha convertido para millones en un terreno hostil. En M\u00e9xico, <strong>uno de cada dos ni\u00f1as, ni\u00f1os y adolescentes<\/strong> ha sufrido alg\u00fan tipo de <strong>violencia en su hogar<\/strong>, advierte UNICEF, dejando al descubierto una crisis silenciosa que impacta de lleno en la <strong>salud mental y el desarrollo<\/strong> de la infancia.<\/p>\n\n\n\n<p>Las cifras son contundentes: al menos <strong>20 millones de menores de entre 1 y 14 a\u00f1os<\/strong> han sido sometidos a <strong>m\u00e9todos de disciplina violentos<\/strong>. A esto se suma un dato alarmante: <strong>70.8 por ciento de las lesiones por agresiones<\/strong> atendidas en menores ocurren dentro de la <strong>vivienda<\/strong>, el lugar donde deber\u00edan sentirse m\u00e1s seguros.<\/p>\n\n\n\n<p>CONTIN\u00daA LEYENDO: <a href=\"https:\/\/www.alasmedios.com\/index.php\/2026\/04\/25\/caso-vialidad-argentina-ratifica-decomiso-millonario-a-cristina-kirchner\/\" type=\"post\" id=\"8761\">Caso Vialidad: Argentina ratifica decomiso millonario a Cristina Kirchner<\/a><\/p>\n\n\n\n<p>El organismo internacional advierte que estas experiencias no se quedan en el momento del golpe o la agresi\u00f3n verbal. Las secuelas alcanzan el <strong>rendimiento escolar<\/strong>, el <strong>aprendizaje<\/strong> y el <strong>equilibrio emocional<\/strong>, afectando el desarrollo integral de ni\u00f1as, ni\u00f1os y adolescentes. La violencia, subraya, no solo deja marcas f\u00edsicas: <strong>\u201csiempre deja huellas\u201d<\/strong> en la conducta y la forma de relacionarse.<\/p>\n\n\n\n<p>Entre las consecuencias m\u00e1s graves se encuentran el desarrollo de <strong>problemas de salud mental<\/strong>, <strong>conductas antisociales<\/strong>, <strong>abandono del hogar<\/strong> e incluso la <strong>reproducci\u00f3n de ciclos de violencia<\/strong>, normalizados desde edades tempranas.<\/p>\n\n\n\n<p>El impacto no es solo individual. La violencia contra la infancia tambi\u00e9n tiene un costo colectivo: genera <strong>p\u00e9rdidas econ\u00f3micas y sociales<\/strong>, reduce la <strong>productividad<\/strong> y provoca gastos en salud y seguridad que, a nivel global, pueden representar entre el <strong>2 y el 10 por ciento del PIB<\/strong>.<\/p>\n\n\n\n<p>TE PUEDE INTERESAR: <a href=\"https:\/\/www.alasmedios.com\/index.php\/2026\/04\/27\/huaquechula-tradicion-de-mas-de-200-anos-convoca-a-miles-este-3-de-mayo\/\" type=\"post\" id=\"8767\">Huaquechula: tradici\u00f3n de m\u00e1s de 200 a\u00f1os convoca a miles este 3 de mayo<\/a><\/p>\n\n\n\n<p>Ante este panorama, UNICEF insiste en la urgencia de impulsar una <strong>pol\u00edtica de Estado basada en la crianza positiva<\/strong>, que promueva entornos libres de violencia y ofrezca herramientas a madres, padres y personas cuidadoras para educar sin recurrir a agresiones f\u00edsicas, verbales o emocionales.<\/p>\n\n\n<ul class=\"wp-block-latest-posts__list is-grid columns-3 wp-block-latest-posts\"><li><div class=\"wp-block-latest-posts__featured-image\"><img loading=\"lazy\" decoding=\"async\" width=\"150\" height=\"150\" src=\"https:\/\/www.alasmedios.com\/wp-content\/uploads\/2026\/04\/Congreso-Puebla-proteccion-de-victimas-de-violencia-150x150.png\" class=\"attachment-thumbnail size-thumbnail wp-post-image\" alt=\"\" style=\"\" \/><\/div><a class=\"wp-block-latest-posts__post-title\" href=\"https:\/\/www.alasmedios.com\/index.php\/2026\/04\/27\/congreso-de-puebla-urge-a-ayuntamientos-a-cumplir-medidas-para-victimas-de-violencia\/\">Congreso de Puebla urge a Ayuntamientos a cumplir medidas para v\u00edctimas de violencia<\/a><\/li>\n<li><div class=\"wp-block-latest-posts__featured-image\"><img loading=\"lazy\" decoding=\"async\" width=\"150\" height=\"150\" src=\"https:\/\/www.alasmedios.com\/wp-content\/uploads\/2026\/04\/esperanza-de-vida-en-Mexico-150x150.png\" class=\"attachment-thumbnail size-thumbnail wp-post-image\" alt=\"\" style=\"\" \/><\/div><a class=\"wp-block-latest-posts__post-title\" href=\"https:\/\/www.alasmedios.com\/index.php\/2026\/04\/27\/esperanza-de-vida-en-mexico-crece-6-7-pero-persisten-anos-con-mala-salud-alerta-unam\/\">Esperanza de vida en M\u00e9xico crece 6.7%, pero persisten a\u00f1os con mala salud, alerta UNAM<\/a><\/li>\n<li><div class=\"wp-block-latest-posts__featured-image\"><img loading=\"lazy\" decoding=\"async\" width=\"150\" height=\"150\" src=\"https:\/\/www.alasmedios.com\/wp-content\/uploads\/2026\/04\/Mexico-ninas-y-ninos-violencia-UNICEF-150x150.png\" class=\"attachment-thumbnail size-thumbnail wp-post-image\" alt=\"\" style=\"\" \/><\/div><a class=\"wp-block-latest-posts__post-title\" href=\"https:\/\/www.alasmedios.com\/index.php\/2026\/04\/27\/la-violencia-empieza-en-casa-la-mitad-de-la-infancia-en-mexico-crece-entre-agresiones-alerta-unicef\/\">La violencia empieza en casa: la mitad de la infancia en M\u00e9xico crece entre agresiones, alerta Unicef<\/a><\/li>\n<\/ul>","protected":false},"excerpt":{"rendered":"<p>En M\u00e9xico, al menos 20 millones de ni\u00f1as y ni\u00f1os ha sufrido violencia dentro de su hogar, los actos violentos<\/p>\n","protected":false},"author":4,"featured_media":8772,"comment_status":"open","ping_status":"open","sticky":false,"template":"","format":"standard","meta":{"colormag_page_container_layout":"default_layout","colormag_page_sidebar_layout":"default_layout","rop_custom_images_group":[],"rop_custom_messages_group":[],"rop_publish_now":"yes","rop_publish_now_accounts":[],"rop_publish_now_history":[],"rop_publish_now_status":"pending","iawp_total_views":3,"footnotes":""},"categories":[42,3222],"tags":[456,175,182],"class_list":["post-8771","post","type-post","status-publish","format-standard","has-post-thumbnail","hentry","category-familia_salud","category-mexico","tag-derechos","tag-infancias","tag-violencia"],"magazineBlocksPostFeaturedMedia":{"thumbnail":"https:\/\/www.alasmedios.com\/wp-content\/uploads\/2026\/04\/Mexico-ninas-y-ninos-violencia-UNICEF-150x150.png","medium":"https:\/\/www.alasmedios.com\/wp-content\/uploads\/2026\/04\/Mexico-ninas-y-ninos-violencia-UNICEF-300x182.png","medium_large":"https:\/\/www.alasmedios.com\/wp-content\/uploads\/2026\/04\/Mexico-ninas-y-ninos-violencia-UNICEF-768x466.png","large":"https:\/\/www.alasmedios.com\/wp-content\/uploads\/2026\/04\/Mexico-ninas-y-ninos-violencia-UNICEF-1024x622.png","1536x1536":"https:\/\/www.alasmedios.com\/wp-content\/uploads\/2026\/04\/Mexico-ninas-y-ninos-violencia-UNICEF-1536x932.png","2048x2048":"https:\/\/www.alasmedios.com\/wp-content\/uploads\/2026\/04\/Mexico-ninas-y-ninos-violencia-UNICEF.png","colormag-highlighted-post":"https:\/\/www.alasmedios.com\/wp-content\/uploads\/2026\/04\/Mexico-ninas-y-ninos-violencia-UNICEF-392x272.png","colormag-featured-post-medium":"https:\/\/www.alasmedios.com\/wp-content\/uploads\/2026\/04\/Mexico-ninas-y-ninos-violencia-UNICEF-390x205.png","colormag-featured-post-small":"https:\/\/www.alasmedios.com\/wp-content\/uploads\/2026\/04\/Mexico-ninas-y-ninos-violencia-UNICEF-130x90.png","colormag-featured-image":"https:\/\/www.alasmedios.com\/wp-content\/uploads\/2026\/04\/Mexico-ninas-y-ninos-violencia-UNICEF-800x445.png","colormag-default-news":"https:\/\/www.alasmedios.com\/wp-content\/uploads\/2026\/04\/Mexico-ninas-y-ninos-violencia-UNICEF-150x150.png","colormag-featured-image-large":"https:\/\/www.alasmedios.com\/wp-content\/uploads\/2026\/04\/Mexico-ninas-y-ninos-violencia-UNICEF-1400x600.png"},"magazineBlocksPostAuthor":{"name":"Keila Rodr\u00edguez Pe\u00f1a","avatar":"https:\/\/secure.gravatar.com\/avatar\/a2553a2bfaa601b9d539b617c8793e151bdffb60f9e48a249912f86d4c9ebeef?s=96&d=mm&r=g"},"magazineBlocksPostCommentsNumber":"0","magazineBlocksPostExcerpt":"En M\u00e9xico, al menos 20 millones de ni\u00f1as y ni\u00f1os ha sufrido violencia dentro de su hogar, los actos violentos","magazineBlocksPostCategories":["Familia y Bienestar","M\u00e9xico"],"magazineBlocksPostViewCount":10,"magazineBlocksPostReadTime":2,"magazine_blocks_featured_image_url":{"full":["https:\/\/www.alasmedios.com\/wp-content\/uploads\/2026\/04\/Mexico-ninas-y-ninos-violencia-UNICEF.png",2000,1214,false],"medium":["https:\/\/www.alasmedios.com\/wp-content\/uploads\/2026\/04\/Mexico-ninas-y-ninos-violencia-UNICEF-300x182.png",300,182,true],"thumbnail":["https:\/\/www.alasmedios.com\/wp-content\/uploads\/2026\/04\/Mexico-ninas-y-ninos-violencia-UNICEF-150x150.png",150,150,true]},"magazine_blocks_author":{"display_name":"Keila Rodr\u00edguez Pe\u00f1a","author_link":"https:\/\/www.alasmedios.com\/index.php\/author\/keila\/"},"magazine_blocks_comment":0,"magazine_blocks_author_image":"https:\/\/secure.gravatar.com\/avatar\/a2553a2bfaa601b9d539b617c8793e151bdffb60f9e48a249912f86d4c9ebeef?s=96&d=mm&r=g","magazine_blocks_category":"<a href=\"#\" class=\"category-link category-link-42\">Familia y Bienestar<\/a> <a href=\"#\" class=\"category-link category-link-3222\">M\u00e9xico<\/a>","yoast_head":"<!-- This site is optimized with the Yoast SEO plugin v27.4 - https:\/\/yoast.com\/product\/yoast-seo-wordpress\/ -->\r\n<title>La violencia empieza en casa: la mitad de la infancia en M\u00e9xico crece entre agresiones, alerta Unicef<\/title>\r\n<meta name=\"description\" content=\"En M\u00e9xico, al menos 20 millones de ni\u00f1as y ni\u00f1os ha sufrido violencia dentro de su hogar, lo justifican con m\u00e9todos de disciplina, UNICEF\" \/>\r\n<meta name=\"robots\" content=\"index, follow, max-snippet:-1, max-image-preview:large, max-video-preview:-1\" \/>\r\n<link rel=\"canonical\" href=\"https:\/\/www.alasmedios.com\/index.php\/2026\/04\/27\/la-violencia-empieza-en-casa-la-mitad-de-la-infancia-en-mexico-crece-entre-agresiones-alerta-unicef\/\" \/>\r\n<meta property=\"og:locale\" content=\"es_MX\" \/>\r\n<meta property=\"og:type\" content=\"article\" \/>\r\n<meta property=\"og:title\" content=\"La violencia empieza en casa: la mitad de la infancia en M\u00e9xico crece entre agresiones, alerta Unicef\" \/>\r\n<meta property=\"og:description\" content=\"En M\u00e9xico, al menos 20 millones de ni\u00f1as y ni\u00f1os ha sufrido violencia dentro de su hogar, lo justifican con m\u00e9todos de disciplina, UNICEF\" \/>\r\n<meta property=\"og:url\" content=\"https:\/\/www.alasmedios.com\/index.php\/2026\/04\/27\/la-violencia-empieza-en-casa-la-mitad-de-la-infancia-en-mexico-crece-entre-agresiones-alerta-unicef\/\" \/>\r\n<meta property=\"og:site_name\" content=\"Alas Medios\" \/>\r\n<meta property=\"article:published_time\" content=\"2026-04-27T19:53:25+00:00\" \/>\r\n<meta property=\"article:modified_time\" content=\"2026-04-27T19:53:29+00:00\" \/>\r\n<meta property=\"og:image\" content=\"https:\/\/www.alasmedios.com\/wp-content\/uploads\/2026\/04\/Mexico-ninas-y-ninos-violencia-UNICEF-1024x622.png\" \/>\r\n\t<meta property=\"og:image:width\" content=\"1024\" \/>\r\n\t<meta property=\"og:image:height\" content=\"622\" \/>\r\n\t<meta property=\"og:image:type\" content=\"image\/png\" \/>\r\n<meta name=\"author\" content=\"Keila Rodr\u00edguez Pe\u00f1a\" \/>\r\n<meta name=\"twitter:card\" content=\"summary_large_image\" \/>\r\n<meta name=\"twitter:label1\" content=\"Escrito por\" \/>\n\t<meta name=\"twitter:data1\" content=\"Keila Rodr\u00edguez Pe\u00f1a\" \/>\n\t<meta name=\"twitter:label2\" content=\"Tiempo de lectura\" \/>\n\t<meta name=\"twitter:data2\" content=\"2 minutos\" \/>\r\n<script type=\"application\/ld+json\" class=\"yoast-schema-graph\">{\"@context\":\"https:\\\/\\\/schema.org\",\"@graph\":[{\"@type\":\"Article\",\"@id\":\"https:\\\/\\\/www.alasmedios.com\\\/index.php\\\/2026\\\/04\\\/27\\\/la-violencia-empieza-en-casa-la-mitad-de-la-infancia-en-mexico-crece-entre-agresiones-alerta-unicef\\\/#article\",\"isPartOf\":{\"@id\":\"https:\\\/\\\/www.alasmedios.com\\\/index.php\\\/2026\\\/04\\\/27\\\/la-violencia-empieza-en-casa-la-mitad-de-la-infancia-en-mexico-crece-entre-agresiones-alerta-unicef\\\/\"},\"author\":{\"name\":\"Keila Rodr\u00edguez Pe\u00f1a\",\"@id\":\"https:\\\/\\\/www.alasmedios.com\\\/#\\\/schema\\\/person\\\/0ba31bdd19a05ebf5c7fef1fedf99c34\"},\"headline\":\"La violencia empieza en casa: la mitad de la infancia en M\u00e9xico crece entre agresiones, alerta Unicef\",\"datePublished\":\"2026-04-27T19:53:25+00:00\",\"dateModified\":\"2026-04-27T19:53:29+00:00\",\"mainEntityOfPage\":{\"@id\":\"https:\\\/\\\/www.alasmedios.com\\\/index.php\\\/2026\\\/04\\\/27\\\/la-violencia-empieza-en-casa-la-mitad-de-la-infancia-en-mexico-crece-entre-agresiones-alerta-unicef\\\/\"},\"wordCount\":387,\"commentCount\":0,\"publisher\":{\"@id\":\"https:\\\/\\\/www.alasmedios.com\\\/#organization\"},\"image\":{\"@id\":\"https:\\\/\\\/www.alasmedios.com\\\/index.php\\\/2026\\\/04\\\/27\\\/la-violencia-empieza-en-casa-la-mitad-de-la-infancia-en-mexico-crece-entre-agresiones-alerta-unicef\\\/#primaryimage\"},\"thumbnailUrl\":\"https:\\\/\\\/www.alasmedios.com\\\/wp-content\\\/uploads\\\/2026\\\/04\\\/Mexico-ninas-y-ninos-violencia-UNICEF.png\",\"keywords\":[\"derechos\",\"infancias\",\"violencia\"],\"articleSection\":[\"Familia y Bienestar\",\"M\u00e9xico\"],\"inLanguage\":\"es\",\"potentialAction\":[{\"@type\":\"CommentAction\",\"name\":\"Comment\",\"target\":[\"https:\\\/\\\/www.alasmedios.com\\\/index.php\\\/2026\\\/04\\\/27\\\/la-violencia-empieza-en-casa-la-mitad-de-la-infancia-en-mexico-crece-entre-agresiones-alerta-unicef\\\/#respond\"]}]},{\"@type\":\"WebPage\",\"@id\":\"https:\\\/\\\/www.alasmedios.com\\\/index.php\\\/2026\\\/04\\\/27\\\/la-violencia-empieza-en-casa-la-mitad-de-la-infancia-en-mexico-crece-entre-agresiones-alerta-unicef\\\/\",\"url\":\"https:\\\/\\\/www.alasmedios.com\\\/index.php\\\/2026\\\/04\\\/27\\\/la-violencia-empieza-en-casa-la-mitad-de-la-infancia-en-mexico-crece-entre-agresiones-alerta-unicef\\\/\",\"name\":\"La violencia empieza en casa: la mitad de la infancia en M\u00e9xico crece entre agresiones, alerta Unicef\",\"isPartOf\":{\"@id\":\"https:\\\/\\\/www.alasmedios.com\\\/#website\"},\"primaryImageOfPage\":{\"@id\":\"https:\\\/\\\/www.alasmedios.com\\\/index.php\\\/2026\\\/04\\\/27\\\/la-violencia-empieza-en-casa-la-mitad-de-la-infancia-en-mexico-crece-entre-agresiones-alerta-unicef\\\/#primaryimage\"},\"image\":{\"@id\":\"https:\\\/\\\/www.alasmedios.com\\\/index.php\\\/2026\\\/04\\\/27\\\/la-violencia-empieza-en-casa-la-mitad-de-la-infancia-en-mexico-crece-entre-agresiones-alerta-unicef\\\/#primaryimage\"},\"thumbnailUrl\":\"https:\\\/\\\/www.alasmedios.com\\\/wp-content\\\/uploads\\\/2026\\\/04\\\/Mexico-ninas-y-ninos-violencia-UNICEF.png\",\"datePublished\":\"2026-04-27T19:53:25+00:00\",\"dateModified\":\"2026-04-27T19:53:29+00:00\",\"description\":\"En M\u00e9xico, al menos 20 millones de ni\u00f1as y ni\u00f1os ha sufrido violencia dentro de su hogar, lo justifican con m\u00e9todos de disciplina, UNICEF\",\"breadcrumb\":{\"@id\":\"https:\\\/\\\/www.alasmedios.com\\\/index.php\\\/2026\\\/04\\\/27\\\/la-violencia-empieza-en-casa-la-mitad-de-la-infancia-en-mexico-crece-entre-agresiones-alerta-unicef\\\/#breadcrumb\"},\"inLanguage\":\"es\",\"potentialAction\":[{\"@type\":\"ReadAction\",\"target\":[\"https:\\\/\\\/www.alasmedios.com\\\/index.php\\\/2026\\\/04\\\/27\\\/la-violencia-empieza-en-casa-la-mitad-de-la-infancia-en-mexico-crece-entre-agresiones-alerta-unicef\\\/\"]}]},{\"@type\":\"ImageObject\",\"inLanguage\":\"es\",\"@id\":\"https:\\\/\\\/www.alasmedios.com\\\/index.php\\\/2026\\\/04\\\/27\\\/la-violencia-empieza-en-casa-la-mitad-de-la-infancia-en-mexico-crece-entre-agresiones-alerta-unicef\\\/#primaryimage\",\"url\":\"https:\\\/\\\/www.alasmedios.com\\\/wp-content\\\/uploads\\\/2026\\\/04\\\/Mexico-ninas-y-ninos-violencia-UNICEF.png\",\"contentUrl\":\"https:\\\/\\\/www.alasmedios.com\\\/wp-content\\\/uploads\\\/2026\\\/04\\\/Mexico-ninas-y-ninos-violencia-UNICEF.png\",\"width\":2000,\"height\":1214},{\"@type\":\"BreadcrumbList\",\"@id\":\"https:\\\/\\\/www.alasmedios.com\\\/index.php\\\/2026\\\/04\\\/27\\\/la-violencia-empieza-en-casa-la-mitad-de-la-infancia-en-mexico-crece-entre-agresiones-alerta-unicef\\\/#breadcrumb\",\"itemListElement\":[{\"@type\":\"ListItem\",\"position\":1,\"name\":\"Inicio\",\"item\":\"https:\\\/\\\/www.alasmedios.com\\\/\"},{\"@type\":\"ListItem\",\"position\":2,\"name\":\"La violencia empieza en casa: la mitad de la infancia en M\u00e9xico crece entre agresiones, alerta Unicef\"}]},{\"@type\":\"WebSite\",\"@id\":\"https:\\\/\\\/www.alasmedios.com\\\/#website\",\"url\":\"https:\\\/\\\/www.alasmedios.com\\\/\",\"name\":\"Alas Medios\",\"description\":\"Alas para pensar, Alas para volar, Alas de libertad\",\"publisher\":{\"@id\":\"https:\\\/\\\/www.alasmedios.com\\\/#organization\"},\"potentialAction\":[{\"@type\":\"SearchAction\",\"target\":{\"@type\":\"EntryPoint\",\"urlTemplate\":\"https:\\\/\\\/www.alasmedios.com\\\/?s={search_term_string}\"},\"query-input\":{\"@type\":\"PropertyValueSpecification\",\"valueRequired\":true,\"valueName\":\"search_term_string\"}}],\"inLanguage\":\"es\"},{\"@type\":\"Organization\",\"@id\":\"https:\\\/\\\/www.alasmedios.com\\\/#organization\",\"name\":\"Alas Medios\",\"url\":\"https:\\\/\\\/www.alasmedios.com\\\/\",\"logo\":{\"@type\":\"ImageObject\",\"inLanguage\":\"es\",\"@id\":\"https:\\\/\\\/www.alasmedios.com\\\/#\\\/schema\\\/logo\\\/image\\\/\",\"url\":\"https:\\\/\\\/www.alasmedios.com\\\/wp-content\\\/uploads\\\/2026\\\/01\\\/cropped-cropped-GAM-1.png\",\"contentUrl\":\"https:\\\/\\\/www.alasmedios.com\\\/wp-content\\\/uploads\\\/2026\\\/01\\\/cropped-cropped-GAM-1.png\",\"width\":467,\"height\":235,\"caption\":\"Alas Medios\"},\"image\":{\"@id\":\"https:\\\/\\\/www.alasmedios.com\\\/#\\\/schema\\\/logo\\\/image\\\/\"}},{\"@type\":\"Person\",\"@id\":\"https:\\\/\\\/www.alasmedios.com\\\/#\\\/schema\\\/person\\\/0ba31bdd19a05ebf5c7fef1fedf99c34\",\"name\":\"Keila Rodr\u00edguez Pe\u00f1a\",\"image\":{\"@type\":\"ImageObject\",\"inLanguage\":\"es\",\"@id\":\"https:\\\/\\\/secure.gravatar.com\\\/avatar\\\/a2553a2bfaa601b9d539b617c8793e151bdffb60f9e48a249912f86d4c9ebeef?s=96&d=mm&r=g\",\"url\":\"https:\\\/\\\/secure.gravatar.com\\\/avatar\\\/a2553a2bfaa601b9d539b617c8793e151bdffb60f9e48a249912f86d4c9ebeef?s=96&d=mm&r=g\",\"contentUrl\":\"https:\\\/\\\/secure.gravatar.com\\\/avatar\\\/a2553a2bfaa601b9d539b617c8793e151bdffb60f9e48a249912f86d4c9ebeef?s=96&d=mm&r=g\",\"caption\":\"Keila Rodr\u00edguez Pe\u00f1a\"},\"sameAs\":[\"http:\\\/\\\/www.alasmedios.com\"],\"url\":\"https:\\\/\\\/www.alasmedios.com\\\/index.php\\\/author\\\/keila\\\/\"}]}<\/script>\r\n<!-- \/ Yoast SEO plugin. -->","yoast_head_json":{"title":"La violencia empieza en casa: la mitad de la infancia en M\u00e9xico crece entre agresiones, alerta Unicef","description":"En M\u00e9xico, al menos 20 millones de ni\u00f1as y ni\u00f1os ha sufrido violencia dentro de su hogar, lo justifican con m\u00e9todos de disciplina, UNICEF","robots":{"index":"index","follow":"follow","max-snippet":"max-snippet:-1","max-image-preview":"max-image-preview:large","max-video-preview":"max-video-preview:-1"},"canonical":"https:\/\/www.alasmedios.com\/index.php\/2026\/04\/27\/la-violencia-empieza-en-casa-la-mitad-de-la-infancia-en-mexico-crece-entre-agresiones-alerta-unicef\/","og_locale":"es_MX","og_type":"article","og_title":"La violencia empieza en casa: la mitad de la infancia en M\u00e9xico crece entre agresiones, alerta Unicef","og_description":"En M\u00e9xico, al menos 20 millones de ni\u00f1as y ni\u00f1os ha sufrido violencia dentro de su hogar, lo justifican con m\u00e9todos de disciplina, UNICEF","og_url":"https:\/\/www.alasmedios.com\/index.php\/2026\/04\/27\/la-violencia-empieza-en-casa-la-mitad-de-la-infancia-en-mexico-crece-entre-agresiones-alerta-unicef\/","og_site_name":"Alas Medios","article_published_time":"2026-04-27T19:53:25+00:00","article_modified_time":"2026-04-27T19:53:29+00:00","og_image":[{"width":1024,"height":622,"url":"https:\/\/www.alasmedios.com\/wp-content\/uploads\/2026\/04\/Mexico-ninas-y-ninos-violencia-UNICEF-1024x622.png","type":"image\/png"}],"author":"Keila Rodr\u00edguez Pe\u00f1a","twitter_card":"summary_large_image","twitter_misc":{"Escrito por":"Keila Rodr\u00edguez Pe\u00f1a","Tiempo de lectura":"2 minutos"},"schema":{"@context":"https:\/\/schema.org","@graph":[{"@type":"Article","@id":"https:\/\/www.alasmedios.com\/index.php\/2026\/04\/27\/la-violencia-empieza-en-casa-la-mitad-de-la-infancia-en-mexico-crece-entre-agresiones-alerta-unicef\/#article","isPartOf":{"@id":"https:\/\/www.alasmedios.com\/index.php\/2026\/04\/27\/la-violencia-empieza-en-casa-la-mitad-de-la-infancia-en-mexico-crece-entre-agresiones-alerta-unicef\/"},"author":{"name":"Keila Rodr\u00edguez Pe\u00f1a","@id":"https:\/\/www.alasmedios.com\/#\/schema\/person\/0ba31bdd19a05ebf5c7fef1fedf99c34"},"headline":"La violencia empieza en casa: la mitad de la infancia en M\u00e9xico crece entre agresiones, alerta Unicef","datePublished":"2026-04-27T19:53:25+00:00","dateModified":"2026-04-27T19:53:29+00:00","mainEntityOfPage":{"@id":"https:\/\/www.alasmedios.com\/index.php\/2026\/04\/27\/la-violencia-empieza-en-casa-la-mitad-de-la-infancia-en-mexico-crece-entre-agresiones-alerta-unicef\/"},"wordCount":387,"commentCount":0,"publisher":{"@id":"https:\/\/www.alasmedios.com\/#organization"},"image":{"@id":"https:\/\/www.alasmedios.com\/index.php\/2026\/04\/27\/la-violencia-empieza-en-casa-la-mitad-de-la-infancia-en-mexico-crece-entre-agresiones-alerta-unicef\/#primaryimage"},"thumbnailUrl":"https:\/\/www.alasmedios.com\/wp-content\/uploads\/2026\/04\/Mexico-ninas-y-ninos-violencia-UNICEF.png","keywords":["derechos","infancias","violencia"],"articleSection":["Familia y Bienestar","M\u00e9xico"],"inLanguage":"es","potentialAction":[{"@type":"CommentAction","name":"Comment","target":["https:\/\/www.alasmedios.com\/index.php\/2026\/04\/27\/la-violencia-empieza-en-casa-la-mitad-de-la-infancia-en-mexico-crece-entre-agresiones-alerta-unicef\/#respond"]}]},{"@type":"WebPage","@id":"https:\/\/www.alasmedios.com\/index.php\/2026\/04\/27\/la-violencia-empieza-en-casa-la-mitad-de-la-infancia-en-mexico-crece-entre-agresiones-alerta-unicef\/","url":"https:\/\/www.alasmedios.com\/index.php\/2026\/04\/27\/la-violencia-empieza-en-casa-la-mitad-de-la-infancia-en-mexico-crece-entre-agresiones-alerta-unicef\/","name":"La violencia empieza en casa: la mitad de la infancia en M\u00e9xico crece entre agresiones, alerta Unicef","isPartOf":{"@id":"https:\/\/www.alasmedios.com\/#website"},"primaryImageOfPage":{"@id":"https:\/\/www.alasmedios.com\/index.php\/2026\/04\/27\/la-violencia-empieza-en-casa-la-mitad-de-la-infancia-en-mexico-crece-entre-agresiones-alerta-unicef\/#primaryimage"},"image":{"@id":"https:\/\/www.alasmedios.com\/index.php\/2026\/04\/27\/la-violencia-empieza-en-casa-la-mitad-de-la-infancia-en-mexico-crece-entre-agresiones-alerta-unicef\/#primaryimage"},"thumbnailUrl":"https:\/\/www.alasmedios.com\/wp-content\/uploads\/2026\/04\/Mexico-ninas-y-ninos-violencia-UNICEF.png","datePublished":"2026-04-27T19:53:25+00:00","dateModified":"2026-04-27T19:53:29+00:00","description":"En M\u00e9xico, al menos 20 millones de ni\u00f1as y ni\u00f1os ha sufrido violencia dentro de su hogar, lo justifican con m\u00e9todos de disciplina, UNICEF","breadcrumb":{"@id":"https:\/\/www.alasmedios.com\/index.php\/2026\/04\/27\/la-violencia-empieza-en-casa-la-mitad-de-la-infancia-en-mexico-crece-entre-agresiones-alerta-unicef\/#breadcrumb"},"inLanguage":"es","potentialAction":[{"@type":"ReadAction","target":["https:\/\/www.alasmedios.com\/index.php\/2026\/04\/27\/la-violencia-empieza-en-casa-la-mitad-de-la-infancia-en-mexico-crece-entre-agresiones-alerta-unicef\/"]}]},{"@type":"ImageObject","inLanguage":"es","@id":"https:\/\/www.alasmedios.com\/index.php\/2026\/04\/27\/la-violencia-empieza-en-casa-la-mitad-de-la-infancia-en-mexico-crece-entre-agresiones-alerta-unicef\/#primaryimage","url":"https:\/\/www.alasmedios.com\/wp-content\/uploads\/2026\/04\/Mexico-ninas-y-ninos-violencia-UNICEF.png","contentUrl":"https:\/\/www.alasmedios.com\/wp-content\/uploads\/2026\/04\/Mexico-ninas-y-ninos-violencia-UNICEF.png","width":2000,"height":1214},{"@type":"BreadcrumbList","@id":"https:\/\/www.alasmedios.com\/index.php\/2026\/04\/27\/la-violencia-empieza-en-casa-la-mitad-de-la-infancia-en-mexico-crece-entre-agresiones-alerta-unicef\/#breadcrumb","itemListElement":[{"@type":"ListItem","position":1,"name":"Inicio","item":"https:\/\/www.alasmedios.com\/"},{"@type":"ListItem","position":2,"name":"La violencia empieza en casa: la mitad de la infancia en M\u00e9xico crece entre agresiones, alerta Unicef"}]},{"@type":"WebSite","@id":"https:\/\/www.alasmedios.com\/#website","url":"https:\/\/www.alasmedios.com\/","name":"Alas Medios","description":"Alas para pensar, Alas para volar, Alas de libertad","publisher":{"@id":"https:\/\/www.alasmedios.com\/#organization"},"potentialAction":[{"@type":"SearchAction","target":{"@type":"EntryPoint","urlTemplate":"https:\/\/www.alasmedios.com\/?s={search_term_string}"},"query-input":{"@type":"PropertyValueSpecification","valueRequired":true,"valueName":"search_term_string"}}],"inLanguage":"es"},{"@type":"Organization","@id":"https:\/\/www.alasmedios.com\/#organization","name":"Alas Medios","url":"https:\/\/www.alasmedios.com\/","logo":{"@type":"ImageObject","inLanguage":"es","@id":"https:\/\/www.alasmedios.com\/#\/schema\/logo\/image\/","url":"https:\/\/www.alasmedios.com\/wp-content\/uploads\/2026\/01\/cropped-cropped-GAM-1.png","contentUrl":"https:\/\/www.alasmedios.com\/wp-content\/uploads\/2026\/01\/cropped-cropped-GAM-1.png","width":467,"height":235,"caption":"Alas Medios"},"image":{"@id":"https:\/\/www.alasmedios.com\/#\/schema\/logo\/image\/"}},{"@type":"Person","@id":"https:\/\/www.alasmedios.com\/#\/schema\/person\/0ba31bdd19a05ebf5c7fef1fedf99c34","name":"Keila Rodr\u00edguez Pe\u00f1a","image":{"@type":"ImageObject","inLanguage":"es","@id":"https:\/\/secure.gravatar.com\/avatar\/a2553a2bfaa601b9d539b617c8793e151bdffb60f9e48a249912f86d4c9ebeef?s=96&d=mm&r=g","url":"https:\/\/secure.gravatar.com\/avatar\/a2553a2bfaa601b9d539b617c8793e151bdffb60f9e48a249912f86d4c9ebeef?s=96&d=mm&r=g","contentUrl":"https:\/\/secure.gravatar.com\/avatar\/a2553a2bfaa601b9d539b617c8793e151bdffb60f9e48a249912f86d4c9ebeef?s=96&d=mm&r=g","caption":"Keila Rodr\u00edguez Pe\u00f1a"},"sameAs":["http:\/\/www.alasmedios.com"],"url":"https:\/\/www.alasmedios.com\/index.php\/author\/keila\/"}]}},"_links":{"self":[{"href":"https:\/\/www.alasmedios.com\/index.php\/wp-json\/wp\/v2\/posts\/8771","targetHints":{"allow":["GET"]}}],"collection":[{"href":"https:\/\/www.alasmedios.com\/index.php\/wp-json\/wp\/v2\/posts"}],"about":[{"href":"https:\/\/www.alasmedios.com\/index.php\/wp-json\/wp\/v2\/types\/post"}],"author":[{"embeddable":true,"href":"https:\/\/www.alasmedios.com\/index.php\/wp-json\/wp\/v2\/users\/4"}],"replies":[{"embeddable":true,"href":"https:\/\/www.alasmedios.com\/index.php\/wp-json\/wp\/v2\/comments?post=8771"}],"version-history":[{"count":1,"href":"https:\/\/www.alasmedios.com\/index.php\/wp-json\/wp\/v2\/posts\/8771\/revisions"}],"predecessor-version":[{"id":8773,"href":"https:\/\/www.alasmedios.com\/index.php\/wp-json\/wp\/v2\/posts\/8771\/revisions\/8773"}],"wp:featuredmedia":[{"embeddable":true,"href":"https:\/\/www.alasmedios.com\/index.php\/wp-json\/wp\/v2\/media\/8772"}],"wp:attachment":[{"href":"https:\/\/www.alasmedios.com\/index.php\/wp-json\/wp\/v2\/media?parent=8771"}],"wp:term":[{"taxonomy":"category","embeddable":true,"href":"https:\/\/www.alasmedios.com\/index.php\/wp-json\/wp\/v2\/categories?post=8771"},{"taxonomy":"post_tag","embeddable":true,"href":"https:\/\/www.alasmedios.com\/index.php\/wp-json\/wp\/v2\/tags?post=8771"}],"curies":[{"name":"wp","href":"https:\/\/api.w.org\/{rel}","templated":true}]}}