{"id":8767,"date":"2026-04-27T13:35:22","date_gmt":"2026-04-27T19:35:22","guid":{"rendered":"https:\/\/www.alasmedios.com\/?p=8767"},"modified":"2026-04-27T13:35:26","modified_gmt":"2026-04-27T19:35:26","slug":"huaquechula-tradicion-de-mas-de-200-anos-convoca-a-miles-este-3-de-mayo","status":"publish","type":"post","link":"https:\/\/www.alasmedios.com\/index.php\/2026\/04\/27\/huaquechula-tradicion-de-mas-de-200-anos-convoca-a-miles-este-3-de-mayo\/","title":{"rendered":"Huaquechula: tradici\u00f3n de m\u00e1s de 200 a\u00f1os convoca a miles este 3 de mayo"},"content":{"rendered":"\n<p>El <strong>D\u00eda de la Santa Cruz<\/strong> se celebrar\u00e1 en <strong>Huaquechula<\/strong>, <strong>Puebla<\/strong>, una tradici\u00f3n con m\u00e1s de 200 a\u00f1os de historia espera miles de visitantes.<\/p>\n\n\n\n<p>En Huaquechula, Puebla, la fe se mezcla con el aroma de la cocina tradicional para dar vida a una de sus celebraciones m\u00e1s emblem\u00e1ticas: el <strong>\u201cD\u00eda de la Santa Cruz\u201d<\/strong>, una festividad con <strong>m\u00e1s de 200 a\u00f1os de historia<\/strong> que se mantiene como <strong>Patrimonio Cultural del Estado de Puebla<\/strong>.<\/p>\n\n\n\n<p>El coraz\u00f3n de esta tradici\u00f3n lo conforman <strong>34 mayordom\u00edas<\/strong>, divididas en partes iguales entre <strong>chocolate<\/strong> y <strong>mole poblano<\/strong>, que abren sus puertas para compartir estos platillos de manera <strong>gratuita<\/strong> con habitantes y visitantes. Se trata de una experiencia donde la <strong>gastronom\u00eda y la devoci\u00f3n<\/strong> se entrelazan en cada rinc\u00f3n del municipio.<\/p>\n\n\n\n<p>CONTIN\u00daA LEYENDO: <a href=\"https:\/\/www.alasmedios.com\/index.php\/2026\/04\/25\/localizan-con-vida-en-aguascalientes-a-adolescente-desaparecida-en-puebla\/\" type=\"post\" id=\"8758\">Localizan con vida en Aguascalientes a adolescente desaparecida en Puebla<\/a><\/p>\n\n\n\n<p>Autoridades estatales y municipales destacaron que esta celebraci\u00f3n no solo preserva las ra\u00edces, sino que tambi\u00e9n fortalece el <strong>turismo religioso<\/strong>, al reunir a comunidades enteras en torno a la fe. <strong>Matilde Sierra S\u00e1nchez<\/strong>, en representaci\u00f3n de la Secretar\u00eda de Desarrollo Tur\u00edstico encabezada por <strong>Carla L\u00f3pez-Malo Villal\u00f3n<\/strong>, subray\u00f3 que esta fiesta refleja el <strong>sentimiento y la identidad colectiva<\/strong> de la regi\u00f3n.<\/p>\n\n\n\n<p>Por su parte, el presidente municipal <strong>Ra\u00fal Mar\u00edn Espinoza<\/strong> extendi\u00f3 la invitaci\u00f3n para sumarse a los festejos, donde se espera la participaci\u00f3n de <strong>al menos 5 mil personas<\/strong> en las principales actividades, como la <strong>misa y la procesi\u00f3n<\/strong>.<\/p>\n\n\n\n<figure class=\"wp-block-image size-large\"><img loading=\"lazy\" decoding=\"async\" width=\"1024\" height=\"698\" src=\"https:\/\/www.alasmedios.com\/wp-content\/uploads\/2026\/04\/Dia-de-la-Santa-Cruz-Huaquechula-Puebla-1-1024x698.jpg\" alt=\"\" class=\"wp-image-8769\" srcset=\"https:\/\/www.alasmedios.com\/wp-content\/uploads\/2026\/04\/Dia-de-la-Santa-Cruz-Huaquechula-Puebla-1-1024x698.jpg 1024w, https:\/\/www.alasmedios.com\/wp-content\/uploads\/2026\/04\/Dia-de-la-Santa-Cruz-Huaquechula-Puebla-1-300x204.jpg 300w, https:\/\/www.alasmedios.com\/wp-content\/uploads\/2026\/04\/Dia-de-la-Santa-Cruz-Huaquechula-Puebla-1-768x523.jpg 768w, https:\/\/www.alasmedios.com\/wp-content\/uploads\/2026\/04\/Dia-de-la-Santa-Cruz-Huaquechula-Puebla-1-1536x1046.jpg 1536w, https:\/\/www.alasmedios.com\/wp-content\/uploads\/2026\/04\/Dia-de-la-Santa-Cruz-Huaquechula-Puebla-1-130x90.jpg 130w, https:\/\/www.alasmedios.com\/wp-content\/uploads\/2026\/04\/Dia-de-la-Santa-Cruz-Huaquechula-Puebla-1.jpg 2048w\" sizes=\"auto, (max-width: 1024px) 100vw, 1024px\" \/><\/figure>\n\n\n\n<h2 class=\"wp-block-heading\"><strong>Programa cultural<\/strong><\/h2>\n\n\n\n<p><strong>2 de mayo<\/strong><\/p>\n\n\n\n<ul class=\"wp-block-list\">\n<li><strong>17:00 horas<\/strong> \u2013 <strong>Entrega de toritos de pirotecnia<\/strong> | Explanada<\/li>\n<\/ul>\n\n\n\n<p><strong>3 de mayo \u2013 D\u00eda de la Santa Cruz<\/strong><\/p>\n\n\n\n<ul class=\"wp-block-list\">\n<li><strong>06:00 horas<\/strong> \u2013 <strong>Ma\u00f1anitas<\/strong> | Hermandades<\/li>\n\n\n\n<li><strong>07:00 horas<\/strong> \u2013 <strong>Tiliches de Oaxaca (Comparsa Municipal DIF)<\/strong> | Explanada<\/li>\n\n\n\n<li><strong>07:00 horas<\/strong> \u2013 <strong>Mayordom\u00eda de chocolate \/ Recorrido de topiles<\/strong> | Hermandades<\/li>\n\n\n\n<li><strong>11:00 horas<\/strong> \u2013 <strong>Presentaci\u00f3n de Tecuanes \u201cPies de \u00c1ngeles\u201d<\/strong> | Explanada<\/li>\n\n\n\n<li><strong>11:40 horas<\/strong> \u2013 <strong>Carnaval Indios de San Jer\u00f3nimo Caleras<\/strong> | Explanada<\/li>\n\n\n\n<li><strong>12:00 horas<\/strong> \u2013 <strong>Misa en honor de la Santa Cruz<\/strong> | Parroquia<\/li>\n\n\n\n<li><strong>14:30 horas<\/strong> \u2013 <strong>Mayordom\u00eda de mole \/ Recorrido de topiles<\/strong> | Hermandades<\/li>\n\n\n\n<li><strong>17:00 horas<\/strong> \u2013 <strong>Comparsa Charros de San Jer\u00f3nimo<\/strong> | Explanada<\/li>\n\n\n\n<li><strong>17:30 horas<\/strong> \u2013 <strong>Danza de las Ofrendas de San Jer\u00f3nimo Coyula<\/strong> | Explanada<\/li>\n\n\n\n<li><strong>18:00 horas<\/strong> \u2013 <strong>Procesi\u00f3n<\/strong> | Parroquia<\/li>\n\n\n\n<li><strong>18:00 horas<\/strong> \u2013 <strong>Presentaci\u00f3n de Jarabes Poblanos<\/strong> | Explanada<\/li>\n\n\n\n<li><strong>18:30 horas<\/strong> \u2013 <strong>Ballet Folkl\u00f3rico Xochipitzahuatl (Mart\u00ednez de la Torre, Veracruz)<\/strong> | Explanada<\/li>\n\n\n\n<li><strong>20:00 horas<\/strong> \u2013 <strong>Quema de toritos<\/strong> | Explanada<\/li>\n\n\n\n<li><strong>21:00 horas<\/strong> \u2013 <strong>Baile con banda \u201cLa Razza del Compa Edgar\u201d<\/strong> | Explanada<\/li>\n<\/ul>\n\n\n\n<p>TE PUEDE INTERESAR: <a href=\"https:\/\/www.alasmedios.com\/index.php\/2026\/04\/27\/hidalgo-concluye-con-10-medallas-y-dominio-femenil-en-la-olimpiada-nacional-conade-2026\/\" type=\"post\" id=\"8764\">Hidalgo concluye con 10 medallas y dominio femenil en la Olimpiada Nacional CONADE 2026<\/a><\/p>\n\n\n\n<p>En Huaquechula, la celebraci\u00f3n no solo se observa: se <strong>vive, se comparte y se saborea<\/strong>, en una muestra viva de la riqueza cultural que sigue latiendo generaci\u00f3n tras generaci\u00f3n.<\/p>\n\n\n<ul class=\"wp-block-latest-posts__list is-grid columns-3 wp-block-latest-posts\"><li><div class=\"wp-block-latest-posts__featured-image\"><img loading=\"lazy\" decoding=\"async\" width=\"150\" height=\"150\" src=\"https:\/\/www.alasmedios.com\/wp-content\/uploads\/2026\/04\/Dia-de-la-Nina-y-el-Nino-Mineral-del-Monte-150x150.png\" class=\"attachment-thumbnail size-thumbnail wp-post-image\" alt=\"\" style=\"\" \/><\/div><a class=\"wp-block-latest-posts__post-title\" href=\"https:\/\/www.alasmedios.com\/index.php\/2026\/04\/27\/sombreros-juegos-y-sonrisas-mineral-del-monte-alista-fiesta-vaquera-para-ninas-y-ninos\/\">Sombreros, juegos y sonrisas: Mineral del Monte alista fiesta vaquera para ni\u00f1as y ni\u00f1os<\/a><\/li>\n<li><div class=\"wp-block-latest-posts__featured-image\"><img loading=\"lazy\" decoding=\"async\" width=\"150\" height=\"150\" src=\"https:\/\/www.alasmedios.com\/wp-content\/uploads\/2026\/04\/Congreso-Puebla-proteccion-de-victimas-de-violencia-150x150.png\" class=\"attachment-thumbnail size-thumbnail wp-post-image\" alt=\"\" style=\"\" \/><\/div><a class=\"wp-block-latest-posts__post-title\" href=\"https:\/\/www.alasmedios.com\/index.php\/2026\/04\/27\/congreso-de-puebla-urge-a-ayuntamientos-a-cumplir-medidas-para-victimas-de-violencia\/\">Congreso de Puebla urge a Ayuntamientos a cumplir medidas para v\u00edctimas de violencia<\/a><\/li>\n<li><div class=\"wp-block-latest-posts__featured-image\"><img loading=\"lazy\" decoding=\"async\" width=\"150\" height=\"150\" src=\"https:\/\/www.alasmedios.com\/wp-content\/uploads\/2026\/04\/esperanza-de-vida-en-Mexico-150x150.png\" class=\"attachment-thumbnail size-thumbnail wp-post-image\" alt=\"\" style=\"\" \/><\/div><a class=\"wp-block-latest-posts__post-title\" href=\"https:\/\/www.alasmedios.com\/index.php\/2026\/04\/27\/esperanza-de-vida-en-mexico-crece-6-7-pero-persisten-anos-con-mala-salud-alerta-unam\/\">Esperanza de vida en M\u00e9xico crece 6.7%, pero persisten a\u00f1os con mala salud, alerta UNAM<\/a><\/li>\n<\/ul>","protected":false},"excerpt":{"rendered":"<p>El D\u00eda de la Santa Cruz se celebrar\u00e1 en Huaquechula, Puebla, una tradici\u00f3n con m\u00e1s de 200 a\u00f1os de historia<\/p>\n","protected":false},"author":4,"featured_media":8768,"comment_status":"open","ping_status":"open","sticky":false,"template":"","format":"standard","meta":{"colormag_page_container_layout":"default_layout","colormag_page_sidebar_layout":"default_layout","rop_custom_images_group":[],"rop_custom_messages_group":[],"rop_publish_now":"yes","rop_publish_now_accounts":[],"rop_publish_now_history":[],"rop_publish_now_status":"pending","iawp_total_views":3,"footnotes":""},"categories":[3222],"tags":[3609,3608,1363],"class_list":["post-8767","post","type-post","status-publish","format-standard","has-post-thumbnail","hentry","category-mexico","tag-dia-de-la-santa-cruz","tag-huaquechula","tag-puebla"],"magazineBlocksPostFeaturedMedia":{"thumbnail":"https:\/\/www.alasmedios.com\/wp-content\/uploads\/2026\/04\/Dia-de-la-Santa-Cruz-Huaquechula-Puebla-150x150.jpg","medium":"https:\/\/www.alasmedios.com\/wp-content\/uploads\/2026\/04\/Dia-de-la-Santa-Cruz-Huaquechula-Puebla-300x242.jpg","medium_large":"https:\/\/www.alasmedios.com\/wp-content\/uploads\/2026\/04\/Dia-de-la-Santa-Cruz-Huaquechula-Puebla-768x619.jpg","large":"https:\/\/www.alasmedios.com\/wp-content\/uploads\/2026\/04\/Dia-de-la-Santa-Cruz-Huaquechula-Puebla-1024x825.jpg","1536x1536":"https:\/\/www.alasmedios.com\/wp-content\/uploads\/2026\/04\/Dia-de-la-Santa-Cruz-Huaquechula-Puebla-1536x1238.jpg","2048x2048":"https:\/\/www.alasmedios.com\/wp-content\/uploads\/2026\/04\/Dia-de-la-Santa-Cruz-Huaquechula-Puebla.jpg","colormag-highlighted-post":"https:\/\/www.alasmedios.com\/wp-content\/uploads\/2026\/04\/Dia-de-la-Santa-Cruz-Huaquechula-Puebla-392x272.jpg","colormag-featured-post-medium":"https:\/\/www.alasmedios.com\/wp-content\/uploads\/2026\/04\/Dia-de-la-Santa-Cruz-Huaquechula-Puebla-390x205.jpg","colormag-featured-post-small":"https:\/\/www.alasmedios.com\/wp-content\/uploads\/2026\/04\/Dia-de-la-Santa-Cruz-Huaquechula-Puebla-130x90.jpg","colormag-featured-image":"https:\/\/www.alasmedios.com\/wp-content\/uploads\/2026\/04\/Dia-de-la-Santa-Cruz-Huaquechula-Puebla-800x445.jpg","colormag-default-news":"https:\/\/www.alasmedios.com\/wp-content\/uploads\/2026\/04\/Dia-de-la-Santa-Cruz-Huaquechula-Puebla-150x150.jpg","colormag-featured-image-large":"https:\/\/www.alasmedios.com\/wp-content\/uploads\/2026\/04\/Dia-de-la-Santa-Cruz-Huaquechula-Puebla-1400x600.jpg"},"magazineBlocksPostAuthor":{"name":"Keila Rodr\u00edguez Pe\u00f1a","avatar":"https:\/\/secure.gravatar.com\/avatar\/a2553a2bfaa601b9d539b617c8793e151bdffb60f9e48a249912f86d4c9ebeef?s=96&d=mm&r=g"},"magazineBlocksPostCommentsNumber":"0","magazineBlocksPostExcerpt":"El D\u00eda de la Santa Cruz se celebrar\u00e1 en Huaquechula, Puebla, una tradici\u00f3n con m\u00e1s de 200 a\u00f1os de historia","magazineBlocksPostCategories":["M\u00e9xico"],"magazineBlocksPostViewCount":10,"magazineBlocksPostReadTime":3,"magazine_blocks_featured_image_url":{"full":["https:\/\/www.alasmedios.com\/wp-content\/uploads\/2026\/04\/Dia-de-la-Santa-Cruz-Huaquechula-Puebla.jpg",2048,1650,false],"medium":["https:\/\/www.alasmedios.com\/wp-content\/uploads\/2026\/04\/Dia-de-la-Santa-Cruz-Huaquechula-Puebla-300x242.jpg",300,242,true],"thumbnail":["https:\/\/www.alasmedios.com\/wp-content\/uploads\/2026\/04\/Dia-de-la-Santa-Cruz-Huaquechula-Puebla-150x150.jpg",150,150,true]},"magazine_blocks_author":{"display_name":"Keila Rodr\u00edguez Pe\u00f1a","author_link":"https:\/\/www.alasmedios.com\/index.php\/author\/keila\/"},"magazine_blocks_comment":0,"magazine_blocks_author_image":"https:\/\/secure.gravatar.com\/avatar\/a2553a2bfaa601b9d539b617c8793e151bdffb60f9e48a249912f86d4c9ebeef?s=96&d=mm&r=g","magazine_blocks_category":"<a href=\"#\" class=\"category-link category-link-3222\">M\u00e9xico<\/a>","yoast_head":"<!-- This site is optimized with the Yoast SEO plugin v27.4 - https:\/\/yoast.com\/product\/yoast-seo-wordpress\/ -->\r\n<title>Huaquechula: tradici\u00f3n de m\u00e1s de 200 a\u00f1os convoca a miles este 3 de mayo<\/title>\r\n<meta name=\"description\" content=\"El D\u00eda de la Santa Cruz se celebrar\u00e1 en Huaquechula, Puebla, una tradici\u00f3n con m\u00e1s de 200 a\u00f1os de historia espera miles de visitantes\" \/>\r\n<meta name=\"robots\" content=\"index, follow, max-snippet:-1, max-image-preview:large, max-video-preview:-1\" \/>\r\n<link rel=\"canonical\" href=\"https:\/\/www.alasmedios.com\/index.php\/2026\/04\/27\/huaquechula-tradicion-de-mas-de-200-anos-convoca-a-miles-este-3-de-mayo\/\" \/>\r\n<meta property=\"og:locale\" content=\"es_MX\" \/>\r\n<meta property=\"og:type\" content=\"article\" \/>\r\n<meta property=\"og:title\" content=\"Huaquechula: tradici\u00f3n de m\u00e1s de 200 a\u00f1os convoca a miles este 3 de mayo\" \/>\r\n<meta property=\"og:description\" content=\"El D\u00eda de la Santa Cruz se celebrar\u00e1 en Huaquechula, Puebla, una tradici\u00f3n con m\u00e1s de 200 a\u00f1os de historia espera miles de visitantes\" \/>\r\n<meta property=\"og:url\" content=\"https:\/\/www.alasmedios.com\/index.php\/2026\/04\/27\/huaquechula-tradicion-de-mas-de-200-anos-convoca-a-miles-este-3-de-mayo\/\" \/>\r\n<meta property=\"og:site_name\" content=\"Alas Medios\" \/>\r\n<meta property=\"article:published_time\" content=\"2026-04-27T19:35:22+00:00\" \/>\r\n<meta property=\"article:modified_time\" content=\"2026-04-27T19:35:26+00:00\" \/>\r\n<meta property=\"og:image\" content=\"https:\/\/www.alasmedios.com\/wp-content\/uploads\/2026\/04\/Dia-de-la-Santa-Cruz-Huaquechula-Puebla.jpg\" \/>\r\n\t<meta property=\"og:image:width\" content=\"2048\" \/>\r\n\t<meta property=\"og:image:height\" content=\"1650\" \/>\r\n\t<meta property=\"og:image:type\" content=\"image\/jpeg\" \/>\r\n<meta name=\"author\" content=\"Keila Rodr\u00edguez Pe\u00f1a\" \/>\r\n<meta name=\"twitter:card\" content=\"summary_large_image\" \/>\r\n<meta name=\"twitter:label1\" content=\"Escrito por\" \/>\n\t<meta name=\"twitter:data1\" content=\"Keila Rodr\u00edguez Pe\u00f1a\" \/>\n\t<meta name=\"twitter:label2\" content=\"Tiempo de lectura\" \/>\n\t<meta name=\"twitter:data2\" content=\"3 minutos\" \/>\r\n<script type=\"application\/ld+json\" class=\"yoast-schema-graph\">{\"@context\":\"https:\\\/\\\/schema.org\",\"@graph\":[{\"@type\":\"Article\",\"@id\":\"https:\\\/\\\/www.alasmedios.com\\\/index.php\\\/2026\\\/04\\\/27\\\/huaquechula-tradicion-de-mas-de-200-anos-convoca-a-miles-este-3-de-mayo\\\/#article\",\"isPartOf\":{\"@id\":\"https:\\\/\\\/www.alasmedios.com\\\/index.php\\\/2026\\\/04\\\/27\\\/huaquechula-tradicion-de-mas-de-200-anos-convoca-a-miles-este-3-de-mayo\\\/\"},\"author\":{\"name\":\"Keila Rodr\u00edguez Pe\u00f1a\",\"@id\":\"https:\\\/\\\/www.alasmedios.com\\\/#\\\/schema\\\/person\\\/0ba31bdd19a05ebf5c7fef1fedf99c34\"},\"headline\":\"Huaquechula: tradici\u00f3n de m\u00e1s de 200 a\u00f1os convoca a miles este 3 de mayo\",\"datePublished\":\"2026-04-27T19:35:22+00:00\",\"dateModified\":\"2026-04-27T19:35:26+00:00\",\"mainEntityOfPage\":{\"@id\":\"https:\\\/\\\/www.alasmedios.com\\\/index.php\\\/2026\\\/04\\\/27\\\/huaquechula-tradicion-de-mas-de-200-anos-convoca-a-miles-este-3-de-mayo\\\/\"},\"wordCount\":456,\"commentCount\":0,\"publisher\":{\"@id\":\"https:\\\/\\\/www.alasmedios.com\\\/#organization\"},\"image\":{\"@id\":\"https:\\\/\\\/www.alasmedios.com\\\/index.php\\\/2026\\\/04\\\/27\\\/huaquechula-tradicion-de-mas-de-200-anos-convoca-a-miles-este-3-de-mayo\\\/#primaryimage\"},\"thumbnailUrl\":\"https:\\\/\\\/www.alasmedios.com\\\/wp-content\\\/uploads\\\/2026\\\/04\\\/Dia-de-la-Santa-Cruz-Huaquechula-Puebla.jpg\",\"keywords\":[\"D\u00eda de la Santa Cruz\",\"Huaquechula\",\"Puebla\"],\"articleSection\":[\"M\u00e9xico\"],\"inLanguage\":\"es\",\"potentialAction\":[{\"@type\":\"CommentAction\",\"name\":\"Comment\",\"target\":[\"https:\\\/\\\/www.alasmedios.com\\\/index.php\\\/2026\\\/04\\\/27\\\/huaquechula-tradicion-de-mas-de-200-anos-convoca-a-miles-este-3-de-mayo\\\/#respond\"]}]},{\"@type\":\"WebPage\",\"@id\":\"https:\\\/\\\/www.alasmedios.com\\\/index.php\\\/2026\\\/04\\\/27\\\/huaquechula-tradicion-de-mas-de-200-anos-convoca-a-miles-este-3-de-mayo\\\/\",\"url\":\"https:\\\/\\\/www.alasmedios.com\\\/index.php\\\/2026\\\/04\\\/27\\\/huaquechula-tradicion-de-mas-de-200-anos-convoca-a-miles-este-3-de-mayo\\\/\",\"name\":\"Huaquechula: tradici\u00f3n de m\u00e1s de 200 a\u00f1os convoca a miles este 3 de mayo\",\"isPartOf\":{\"@id\":\"https:\\\/\\\/www.alasmedios.com\\\/#website\"},\"primaryImageOfPage\":{\"@id\":\"https:\\\/\\\/www.alasmedios.com\\\/index.php\\\/2026\\\/04\\\/27\\\/huaquechula-tradicion-de-mas-de-200-anos-convoca-a-miles-este-3-de-mayo\\\/#primaryimage\"},\"image\":{\"@id\":\"https:\\\/\\\/www.alasmedios.com\\\/index.php\\\/2026\\\/04\\\/27\\\/huaquechula-tradicion-de-mas-de-200-anos-convoca-a-miles-este-3-de-mayo\\\/#primaryimage\"},\"thumbnailUrl\":\"https:\\\/\\\/www.alasmedios.com\\\/wp-content\\\/uploads\\\/2026\\\/04\\\/Dia-de-la-Santa-Cruz-Huaquechula-Puebla.jpg\",\"datePublished\":\"2026-04-27T19:35:22+00:00\",\"dateModified\":\"2026-04-27T19:35:26+00:00\",\"description\":\"El D\u00eda de la Santa Cruz se celebrar\u00e1 en Huaquechula, Puebla, una tradici\u00f3n con m\u00e1s de 200 a\u00f1os de historia espera miles de visitantes\",\"breadcrumb\":{\"@id\":\"https:\\\/\\\/www.alasmedios.com\\\/index.php\\\/2026\\\/04\\\/27\\\/huaquechula-tradicion-de-mas-de-200-anos-convoca-a-miles-este-3-de-mayo\\\/#breadcrumb\"},\"inLanguage\":\"es\",\"potentialAction\":[{\"@type\":\"ReadAction\",\"target\":[\"https:\\\/\\\/www.alasmedios.com\\\/index.php\\\/2026\\\/04\\\/27\\\/huaquechula-tradicion-de-mas-de-200-anos-convoca-a-miles-este-3-de-mayo\\\/\"]}]},{\"@type\":\"ImageObject\",\"inLanguage\":\"es\",\"@id\":\"https:\\\/\\\/www.alasmedios.com\\\/index.php\\\/2026\\\/04\\\/27\\\/huaquechula-tradicion-de-mas-de-200-anos-convoca-a-miles-este-3-de-mayo\\\/#primaryimage\",\"url\":\"https:\\\/\\\/www.alasmedios.com\\\/wp-content\\\/uploads\\\/2026\\\/04\\\/Dia-de-la-Santa-Cruz-Huaquechula-Puebla.jpg\",\"contentUrl\":\"https:\\\/\\\/www.alasmedios.com\\\/wp-content\\\/uploads\\\/2026\\\/04\\\/Dia-de-la-Santa-Cruz-Huaquechula-Puebla.jpg\",\"width\":2048,\"height\":1650},{\"@type\":\"BreadcrumbList\",\"@id\":\"https:\\\/\\\/www.alasmedios.com\\\/index.php\\\/2026\\\/04\\\/27\\\/huaquechula-tradicion-de-mas-de-200-anos-convoca-a-miles-este-3-de-mayo\\\/#breadcrumb\",\"itemListElement\":[{\"@type\":\"ListItem\",\"position\":1,\"name\":\"Inicio\",\"item\":\"https:\\\/\\\/www.alasmedios.com\\\/\"},{\"@type\":\"ListItem\",\"position\":2,\"name\":\"Huaquechula: tradici\u00f3n de m\u00e1s de 200 a\u00f1os convoca a miles este 3 de mayo\"}]},{\"@type\":\"WebSite\",\"@id\":\"https:\\\/\\\/www.alasmedios.com\\\/#website\",\"url\":\"https:\\\/\\\/www.alasmedios.com\\\/\",\"name\":\"Alas Medios\",\"description\":\"Alas para pensar, Alas para volar, Alas de libertad\",\"publisher\":{\"@id\":\"https:\\\/\\\/www.alasmedios.com\\\/#organization\"},\"potentialAction\":[{\"@type\":\"SearchAction\",\"target\":{\"@type\":\"EntryPoint\",\"urlTemplate\":\"https:\\\/\\\/www.alasmedios.com\\\/?s={search_term_string}\"},\"query-input\":{\"@type\":\"PropertyValueSpecification\",\"valueRequired\":true,\"valueName\":\"search_term_string\"}}],\"inLanguage\":\"es\"},{\"@type\":\"Organization\",\"@id\":\"https:\\\/\\\/www.alasmedios.com\\\/#organization\",\"name\":\"Alas Medios\",\"url\":\"https:\\\/\\\/www.alasmedios.com\\\/\",\"logo\":{\"@type\":\"ImageObject\",\"inLanguage\":\"es\",\"@id\":\"https:\\\/\\\/www.alasmedios.com\\\/#\\\/schema\\\/logo\\\/image\\\/\",\"url\":\"https:\\\/\\\/www.alasmedios.com\\\/wp-content\\\/uploads\\\/2026\\\/01\\\/cropped-cropped-GAM-1.png\",\"contentUrl\":\"https:\\\/\\\/www.alasmedios.com\\\/wp-content\\\/uploads\\\/2026\\\/01\\\/cropped-cropped-GAM-1.png\",\"width\":467,\"height\":235,\"caption\":\"Alas Medios\"},\"image\":{\"@id\":\"https:\\\/\\\/www.alasmedios.com\\\/#\\\/schema\\\/logo\\\/image\\\/\"}},{\"@type\":\"Person\",\"@id\":\"https:\\\/\\\/www.alasmedios.com\\\/#\\\/schema\\\/person\\\/0ba31bdd19a05ebf5c7fef1fedf99c34\",\"name\":\"Keila Rodr\u00edguez Pe\u00f1a\",\"image\":{\"@type\":\"ImageObject\",\"inLanguage\":\"es\",\"@id\":\"https:\\\/\\\/secure.gravatar.com\\\/avatar\\\/a2553a2bfaa601b9d539b617c8793e151bdffb60f9e48a249912f86d4c9ebeef?s=96&d=mm&r=g\",\"url\":\"https:\\\/\\\/secure.gravatar.com\\\/avatar\\\/a2553a2bfaa601b9d539b617c8793e151bdffb60f9e48a249912f86d4c9ebeef?s=96&d=mm&r=g\",\"contentUrl\":\"https:\\\/\\\/secure.gravatar.com\\\/avatar\\\/a2553a2bfaa601b9d539b617c8793e151bdffb60f9e48a249912f86d4c9ebeef?s=96&d=mm&r=g\",\"caption\":\"Keila Rodr\u00edguez Pe\u00f1a\"},\"sameAs\":[\"http:\\\/\\\/www.alasmedios.com\"],\"url\":\"https:\\\/\\\/www.alasmedios.com\\\/index.php\\\/author\\\/keila\\\/\"}]}<\/script>\r\n<!-- \/ Yoast SEO plugin. -->","yoast_head_json":{"title":"Huaquechula: tradici\u00f3n de m\u00e1s de 200 a\u00f1os convoca a miles este 3 de mayo","description":"El D\u00eda de la Santa Cruz se celebrar\u00e1 en Huaquechula, Puebla, una tradici\u00f3n con m\u00e1s de 200 a\u00f1os de historia espera miles de visitantes","robots":{"index":"index","follow":"follow","max-snippet":"max-snippet:-1","max-image-preview":"max-image-preview:large","max-video-preview":"max-video-preview:-1"},"canonical":"https:\/\/www.alasmedios.com\/index.php\/2026\/04\/27\/huaquechula-tradicion-de-mas-de-200-anos-convoca-a-miles-este-3-de-mayo\/","og_locale":"es_MX","og_type":"article","og_title":"Huaquechula: tradici\u00f3n de m\u00e1s de 200 a\u00f1os convoca a miles este 3 de mayo","og_description":"El D\u00eda de la Santa Cruz se celebrar\u00e1 en Huaquechula, Puebla, una tradici\u00f3n con m\u00e1s de 200 a\u00f1os de historia espera miles de visitantes","og_url":"https:\/\/www.alasmedios.com\/index.php\/2026\/04\/27\/huaquechula-tradicion-de-mas-de-200-anos-convoca-a-miles-este-3-de-mayo\/","og_site_name":"Alas Medios","article_published_time":"2026-04-27T19:35:22+00:00","article_modified_time":"2026-04-27T19:35:26+00:00","og_image":[{"width":2048,"height":1650,"url":"https:\/\/www.alasmedios.com\/wp-content\/uploads\/2026\/04\/Dia-de-la-Santa-Cruz-Huaquechula-Puebla.jpg","type":"image\/jpeg"}],"author":"Keila Rodr\u00edguez Pe\u00f1a","twitter_card":"summary_large_image","twitter_misc":{"Escrito por":"Keila Rodr\u00edguez Pe\u00f1a","Tiempo de lectura":"3 minutos"},"schema":{"@context":"https:\/\/schema.org","@graph":[{"@type":"Article","@id":"https:\/\/www.alasmedios.com\/index.php\/2026\/04\/27\/huaquechula-tradicion-de-mas-de-200-anos-convoca-a-miles-este-3-de-mayo\/#article","isPartOf":{"@id":"https:\/\/www.alasmedios.com\/index.php\/2026\/04\/27\/huaquechula-tradicion-de-mas-de-200-anos-convoca-a-miles-este-3-de-mayo\/"},"author":{"name":"Keila Rodr\u00edguez Pe\u00f1a","@id":"https:\/\/www.alasmedios.com\/#\/schema\/person\/0ba31bdd19a05ebf5c7fef1fedf99c34"},"headline":"Huaquechula: tradici\u00f3n de m\u00e1s de 200 a\u00f1os convoca a miles este 3 de mayo","datePublished":"2026-04-27T19:35:22+00:00","dateModified":"2026-04-27T19:35:26+00:00","mainEntityOfPage":{"@id":"https:\/\/www.alasmedios.com\/index.php\/2026\/04\/27\/huaquechula-tradicion-de-mas-de-200-anos-convoca-a-miles-este-3-de-mayo\/"},"wordCount":456,"commentCount":0,"publisher":{"@id":"https:\/\/www.alasmedios.com\/#organization"},"image":{"@id":"https:\/\/www.alasmedios.com\/index.php\/2026\/04\/27\/huaquechula-tradicion-de-mas-de-200-anos-convoca-a-miles-este-3-de-mayo\/#primaryimage"},"thumbnailUrl":"https:\/\/www.alasmedios.com\/wp-content\/uploads\/2026\/04\/Dia-de-la-Santa-Cruz-Huaquechula-Puebla.jpg","keywords":["D\u00eda de la Santa Cruz","Huaquechula","Puebla"],"articleSection":["M\u00e9xico"],"inLanguage":"es","potentialAction":[{"@type":"CommentAction","name":"Comment","target":["https:\/\/www.alasmedios.com\/index.php\/2026\/04\/27\/huaquechula-tradicion-de-mas-de-200-anos-convoca-a-miles-este-3-de-mayo\/#respond"]}]},{"@type":"WebPage","@id":"https:\/\/www.alasmedios.com\/index.php\/2026\/04\/27\/huaquechula-tradicion-de-mas-de-200-anos-convoca-a-miles-este-3-de-mayo\/","url":"https:\/\/www.alasmedios.com\/index.php\/2026\/04\/27\/huaquechula-tradicion-de-mas-de-200-anos-convoca-a-miles-este-3-de-mayo\/","name":"Huaquechula: tradici\u00f3n de m\u00e1s de 200 a\u00f1os convoca a miles este 3 de mayo","isPartOf":{"@id":"https:\/\/www.alasmedios.com\/#website"},"primaryImageOfPage":{"@id":"https:\/\/www.alasmedios.com\/index.php\/2026\/04\/27\/huaquechula-tradicion-de-mas-de-200-anos-convoca-a-miles-este-3-de-mayo\/#primaryimage"},"image":{"@id":"https:\/\/www.alasmedios.com\/index.php\/2026\/04\/27\/huaquechula-tradicion-de-mas-de-200-anos-convoca-a-miles-este-3-de-mayo\/#primaryimage"},"thumbnailUrl":"https:\/\/www.alasmedios.com\/wp-content\/uploads\/2026\/04\/Dia-de-la-Santa-Cruz-Huaquechula-Puebla.jpg","datePublished":"2026-04-27T19:35:22+00:00","dateModified":"2026-04-27T19:35:26+00:00","description":"El D\u00eda de la Santa Cruz se celebrar\u00e1 en Huaquechula, Puebla, una tradici\u00f3n con m\u00e1s de 200 a\u00f1os de historia espera miles de visitantes","breadcrumb":{"@id":"https:\/\/www.alasmedios.com\/index.php\/2026\/04\/27\/huaquechula-tradicion-de-mas-de-200-anos-convoca-a-miles-este-3-de-mayo\/#breadcrumb"},"inLanguage":"es","potentialAction":[{"@type":"ReadAction","target":["https:\/\/www.alasmedios.com\/index.php\/2026\/04\/27\/huaquechula-tradicion-de-mas-de-200-anos-convoca-a-miles-este-3-de-mayo\/"]}]},{"@type":"ImageObject","inLanguage":"es","@id":"https:\/\/www.alasmedios.com\/index.php\/2026\/04\/27\/huaquechula-tradicion-de-mas-de-200-anos-convoca-a-miles-este-3-de-mayo\/#primaryimage","url":"https:\/\/www.alasmedios.com\/wp-content\/uploads\/2026\/04\/Dia-de-la-Santa-Cruz-Huaquechula-Puebla.jpg","contentUrl":"https:\/\/www.alasmedios.com\/wp-content\/uploads\/2026\/04\/Dia-de-la-Santa-Cruz-Huaquechula-Puebla.jpg","width":2048,"height":1650},{"@type":"BreadcrumbList","@id":"https:\/\/www.alasmedios.com\/index.php\/2026\/04\/27\/huaquechula-tradicion-de-mas-de-200-anos-convoca-a-miles-este-3-de-mayo\/#breadcrumb","itemListElement":[{"@type":"ListItem","position":1,"name":"Inicio","item":"https:\/\/www.alasmedios.com\/"},{"@type":"ListItem","position":2,"name":"Huaquechula: tradici\u00f3n de m\u00e1s de 200 a\u00f1os convoca a miles este 3 de mayo"}]},{"@type":"WebSite","@id":"https:\/\/www.alasmedios.com\/#website","url":"https:\/\/www.alasmedios.com\/","name":"Alas Medios","description":"Alas para pensar, Alas para volar, Alas de libertad","publisher":{"@id":"https:\/\/www.alasmedios.com\/#organization"},"potentialAction":[{"@type":"SearchAction","target":{"@type":"EntryPoint","urlTemplate":"https:\/\/www.alasmedios.com\/?s={search_term_string}"},"query-input":{"@type":"PropertyValueSpecification","valueRequired":true,"valueName":"search_term_string"}}],"inLanguage":"es"},{"@type":"Organization","@id":"https:\/\/www.alasmedios.com\/#organization","name":"Alas Medios","url":"https:\/\/www.alasmedios.com\/","logo":{"@type":"ImageObject","inLanguage":"es","@id":"https:\/\/www.alasmedios.com\/#\/schema\/logo\/image\/","url":"https:\/\/www.alasmedios.com\/wp-content\/uploads\/2026\/01\/cropped-cropped-GAM-1.png","contentUrl":"https:\/\/www.alasmedios.com\/wp-content\/uploads\/2026\/01\/cropped-cropped-GAM-1.png","width":467,"height":235,"caption":"Alas Medios"},"image":{"@id":"https:\/\/www.alasmedios.com\/#\/schema\/logo\/image\/"}},{"@type":"Person","@id":"https:\/\/www.alasmedios.com\/#\/schema\/person\/0ba31bdd19a05ebf5c7fef1fedf99c34","name":"Keila Rodr\u00edguez Pe\u00f1a","image":{"@type":"ImageObject","inLanguage":"es","@id":"https:\/\/secure.gravatar.com\/avatar\/a2553a2bfaa601b9d539b617c8793e151bdffb60f9e48a249912f86d4c9ebeef?s=96&d=mm&r=g","url":"https:\/\/secure.gravatar.com\/avatar\/a2553a2bfaa601b9d539b617c8793e151bdffb60f9e48a249912f86d4c9ebeef?s=96&d=mm&r=g","contentUrl":"https:\/\/secure.gravatar.com\/avatar\/a2553a2bfaa601b9d539b617c8793e151bdffb60f9e48a249912f86d4c9ebeef?s=96&d=mm&r=g","caption":"Keila Rodr\u00edguez Pe\u00f1a"},"sameAs":["http:\/\/www.alasmedios.com"],"url":"https:\/\/www.alasmedios.com\/index.php\/author\/keila\/"}]}},"_links":{"self":[{"href":"https:\/\/www.alasmedios.com\/index.php\/wp-json\/wp\/v2\/posts\/8767","targetHints":{"allow":["GET"]}}],"collection":[{"href":"https:\/\/www.alasmedios.com\/index.php\/wp-json\/wp\/v2\/posts"}],"about":[{"href":"https:\/\/www.alasmedios.com\/index.php\/wp-json\/wp\/v2\/types\/post"}],"author":[{"embeddable":true,"href":"https:\/\/www.alasmedios.com\/index.php\/wp-json\/wp\/v2\/users\/4"}],"replies":[{"embeddable":true,"href":"https:\/\/www.alasmedios.com\/index.php\/wp-json\/wp\/v2\/comments?post=8767"}],"version-history":[{"count":1,"href":"https:\/\/www.alasmedios.com\/index.php\/wp-json\/wp\/v2\/posts\/8767\/revisions"}],"predecessor-version":[{"id":8770,"href":"https:\/\/www.alasmedios.com\/index.php\/wp-json\/wp\/v2\/posts\/8767\/revisions\/8770"}],"wp:featuredmedia":[{"embeddable":true,"href":"https:\/\/www.alasmedios.com\/index.php\/wp-json\/wp\/v2\/media\/8768"}],"wp:attachment":[{"href":"https:\/\/www.alasmedios.com\/index.php\/wp-json\/wp\/v2\/media?parent=8767"}],"wp:term":[{"taxonomy":"category","embeddable":true,"href":"https:\/\/www.alasmedios.com\/index.php\/wp-json\/wp\/v2\/categories?post=8767"},{"taxonomy":"post_tag","embeddable":true,"href":"https:\/\/www.alasmedios.com\/index.php\/wp-json\/wp\/v2\/tags?post=8767"}],"curies":[{"name":"wp","href":"https:\/\/api.w.org\/{rel}","templated":true}]}}