{"id":8257,"date":"2026-03-17T07:34:00","date_gmt":"2026-03-17T13:34:00","guid":{"rendered":"https:\/\/www.alasmedios.com\/?p=8257"},"modified":"2026-03-16T14:50:12","modified_gmt":"2026-03-16T20:50:12","slug":"reubican-enjambre-de-abejas-en-mixquiahuala","status":"publish","type":"post","link":"https:\/\/www.alasmedios.com\/index.php\/2026\/03\/17\/reubican-enjambre-de-abejas-en-mixquiahuala\/","title":{"rendered":"Reubican enjambre de abejas en Mixquiahuala"},"content":{"rendered":"\n<p>En <strong>Mixquiahuala <\/strong>lograron reubicar un enjambre de abejas, el personal de <strong>Protecci\u00f3n Civil y Bomberos <\/strong>del municipio hab\u00eda sido capacitado para estos casos.<\/p>\n\n\n\n<p>Personal de la <strong>Direcci\u00f3n de Protecci\u00f3n Civil y Bomberos de Mixquiahuala de Ju\u00e1rez<\/strong> realiz\u00f3 con \u00e9xito la <strong>reubicaci\u00f3n de un enjambre de abejas<\/strong> que se encontraba dentro de un \u00e1rbol, luego de recibir <strong>capacitaci\u00f3n especializada y equipamiento adecuado<\/strong> para atender este tipo de situaciones.<\/p>\n\n\n\n<p>La preparaci\u00f3n del personal fue impartida por <strong>Axel Aldaz Castillo<\/strong>, <strong>Coordinador del Programa Nacional para el Control de la Abeja Africana en Hidalgo<\/strong>, perteneciente a la <strong>Secretar\u00eda de Agricultura y Desarrollo Rural<\/strong>, quien brind\u00f3 conocimientos t\u00e9cnicos sobre <strong>manejo seguro y responsable de enjambres<\/strong>.<\/p>\n\n\n\n<p>CONTIN\u00daA LEYENDO: <a href=\"https:\/\/www.alasmedios.com\/index.php\/2026\/03\/16\/las-10-mujeres-mas-ricas-del-mundo-en-2026-fortunas-que-superan-los-30-mil-mdd\/\" type=\"post\" id=\"8254\">Las 10 mujeres m\u00e1s ricas del mundo en 2026: fortunas que superan los 30 mil mdd<\/a><\/p>\n\n\n\n<p>Gracias a esta formaci\u00f3n y a la <strong>adquisici\u00f3n de equipos de apicultura de calidad<\/strong>, el personal de la corporaci\u00f3n pudo realizar la <strong>reubicaci\u00f3n del enjambre sin poner en riesgo a la poblaci\u00f3n ni afectar a los insectos<\/strong>, una pr\u00e1ctica que anteriormente requer\u00eda solicitar el apoyo de <strong>apicultores externos<\/strong>.<\/p>\n\n\n\n<iframe loading=\"lazy\" src=\"https:\/\/www.facebook.com\/plugins\/post.php?href=https%3A%2F%2Fwww.facebook.com%2Fpermalink.php%3Fstory_fbid%3Dpfbid02y6StVRsiZVtr4Vn2VnsV5pDZVAwiy6V8LMneiUCHtrdke1Yo7o6dBjss3KHMs9Kjl%26id%3D61566477271440&#038;show_text=true&#038;width=500\" width=\"500\" height=\"690\" style=\"border:none;overflow:hidden\" scrolling=\"no\" frameborder=\"0\" allowfullscreen=\"true\" allow=\"autoplay; clipboard-write; encrypted-media; picture-in-picture; web-share\"><\/iframe>\n\n\n\n<p>Esta dependencia de especialistas implicaba en ocasiones <strong>retrasos en los tiempos de respuesta<\/strong>, debido a la disponibilidad limitada de quienes se dedicaban a estas labores, situaci\u00f3n que ahora se busca reducir con <strong>capacitaci\u00f3n directa al personal de emergencia<\/strong>.<\/p>\n\n\n\n<p>La intervenci\u00f3n permiti\u00f3 <strong>preservar a las abejas y trasladarlas a un entorno adecuado<\/strong>, destacando la importancia de estos insectos para el <strong>equilibrio ambiental, la polinizaci\u00f3n y la producci\u00f3n de alimentos<\/strong>.<\/p>\n\n\n\n<p>Con este tipo de acciones, la <strong>Direcci\u00f3n de Protecci\u00f3n Civil y Bomberos de Mixquiahuala de Ju\u00e1rez<\/strong> fortalece su capacidad de respuesta ante incidentes relacionados con <strong>fauna y biodiversidad<\/strong>, promoviendo al mismo tiempo <strong>pr\u00e1cticas que priorizan el respeto por el medio ambiente y los seres vivos<\/strong>.<\/p>\n\n\n<ul class=\"wp-block-latest-posts__list is-grid columns-3 wp-block-latest-posts\"><li><div class=\"wp-block-latest-posts__featured-image\"><img loading=\"lazy\" decoding=\"async\" width=\"150\" height=\"150\" src=\"https:\/\/www.alasmedios.com\/wp-content\/uploads\/2026\/05\/AMPEP-inteligencia-artificial-150x150.jpg\" class=\"attachment-thumbnail size-thumbnail wp-post-image\" alt=\"\" style=\"\" \/><\/div><a class=\"wp-block-latest-posts__post-title\" href=\"https:\/\/www.alasmedios.com\/index.php\/2026\/05\/01\/periodismo-frente-a-la-ia-ampep-asume-liderazgo-y-apuesta-por-contar-historias-con-alma\/\">Periodismo frente a la IA: AMPEP asume liderazgo y apuesta por contar historias con \u201calma\u201d<\/a><\/li>\n<li><div class=\"wp-block-latest-posts__featured-image\"><img loading=\"lazy\" decoding=\"async\" width=\"150\" height=\"150\" src=\"https:\/\/www.alasmedios.com\/wp-content\/uploads\/2026\/05\/Hidalgo-viene-un-respiro-con-el-frente-frio-48-150x150.png\" class=\"attachment-thumbnail size-thumbnail wp-post-image\" alt=\"\" style=\"\" \/><\/div><a class=\"wp-block-latest-posts__post-title\" href=\"https:\/\/www.alasmedios.com\/index.php\/2026\/05\/01\/frente-frio-48-un-alivio-asi-impactara-en-hidalgo\/\">Frente fr\u00edo 48, un alivio: as\u00ed impactar\u00e1 en Hidalgo<\/a><\/li>\n<li><div class=\"wp-block-latest-posts__featured-image\"><img loading=\"lazy\" decoding=\"async\" width=\"150\" height=\"150\" src=\"https:\/\/www.alasmedios.com\/wp-content\/uploads\/2026\/05\/mujeres-depresion-posparto-150x150.png\" class=\"attachment-thumbnail size-thumbnail wp-post-image\" alt=\"\" style=\"\" \/><\/div><a class=\"wp-block-latest-posts__post-title\" href=\"https:\/\/www.alasmedios.com\/index.php\/2026\/05\/01\/1-de-cada-15-mujeres-sufre-depresion-posparto\/\">1 de cada 15 mujeres sufre depresi\u00f3n posparto<\/a><\/li>\n<\/ul>","protected":false},"excerpt":{"rendered":"<p>En Mixquiahuala lograron reubicar un enjambre de abejas, el personal de Protecci\u00f3n Civil y Bomberos del municipio hab\u00eda sido capacitado<\/p>\n","protected":false},"author":4,"featured_media":8258,"comment_status":"open","ping_status":"open","sticky":false,"template":"","format":"standard","meta":{"colormag_page_container_layout":"default_layout","colormag_page_sidebar_layout":"default_layout","rop_custom_images_group":[],"rop_custom_messages_group":[],"rop_publish_now":"yes","rop_publish_now_accounts":[],"rop_publish_now_history":[],"rop_publish_now_status":"pending","iawp_total_views":8,"footnotes":""},"categories":[41],"tags":[725,528],"class_list":["post-8257","post","type-post","status-publish","format-standard","has-post-thumbnail","hentry","category-hidalgo","tag-medio-ambiente","tag-mixquiahuala"],"magazineBlocksPostFeaturedMedia":{"thumbnail":"https:\/\/www.alasmedios.com\/wp-content\/uploads\/2026\/03\/abejas-Mixquiahuala-150x150.png","medium":"https:\/\/www.alasmedios.com\/wp-content\/uploads\/2026\/03\/abejas-Mixquiahuala-300x182.png","medium_large":"https:\/\/www.alasmedios.com\/wp-content\/uploads\/2026\/03\/abejas-Mixquiahuala-768x466.png","large":"https:\/\/www.alasmedios.com\/wp-content\/uploads\/2026\/03\/abejas-Mixquiahuala-1024x622.png","1536x1536":"https:\/\/www.alasmedios.com\/wp-content\/uploads\/2026\/03\/abejas-Mixquiahuala-1536x932.png","2048x2048":"https:\/\/www.alasmedios.com\/wp-content\/uploads\/2026\/03\/abejas-Mixquiahuala.png","colormag-highlighted-post":"https:\/\/www.alasmedios.com\/wp-content\/uploads\/2026\/03\/abejas-Mixquiahuala-392x272.png","colormag-featured-post-medium":"https:\/\/www.alasmedios.com\/wp-content\/uploads\/2026\/03\/abejas-Mixquiahuala-390x205.png","colormag-featured-post-small":"https:\/\/www.alasmedios.com\/wp-content\/uploads\/2026\/03\/abejas-Mixquiahuala-130x90.png","colormag-featured-image":"https:\/\/www.alasmedios.com\/wp-content\/uploads\/2026\/03\/abejas-Mixquiahuala-800x445.png","colormag-default-news":"https:\/\/www.alasmedios.com\/wp-content\/uploads\/2026\/03\/abejas-Mixquiahuala-150x150.png","colormag-featured-image-large":"https:\/\/www.alasmedios.com\/wp-content\/uploads\/2026\/03\/abejas-Mixquiahuala-1400x600.png"},"magazineBlocksPostAuthor":{"name":"Keila Rodr\u00edguez Pe\u00f1a","avatar":"https:\/\/secure.gravatar.com\/avatar\/a2553a2bfaa601b9d539b617c8793e151bdffb60f9e48a249912f86d4c9ebeef?s=96&d=mm&r=g"},"magazineBlocksPostCommentsNumber":"0","magazineBlocksPostExcerpt":"En Mixquiahuala lograron reubicar un enjambre de abejas, el personal de Protecci\u00f3n Civil y Bomberos del municipio hab\u00eda sido capacitado","magazineBlocksPostCategories":["Hidalgo"],"magazineBlocksPostViewCount":15,"magazineBlocksPostReadTime":2,"magazine_blocks_featured_image_url":{"full":["https:\/\/www.alasmedios.com\/wp-content\/uploads\/2026\/03\/abejas-Mixquiahuala.png",2000,1214,false],"medium":["https:\/\/www.alasmedios.com\/wp-content\/uploads\/2026\/03\/abejas-Mixquiahuala-300x182.png",300,182,true],"thumbnail":["https:\/\/www.alasmedios.com\/wp-content\/uploads\/2026\/03\/abejas-Mixquiahuala-150x150.png",150,150,true]},"magazine_blocks_author":{"display_name":"Keila Rodr\u00edguez Pe\u00f1a","author_link":"https:\/\/www.alasmedios.com\/index.php\/author\/keila\/"},"magazine_blocks_comment":0,"magazine_blocks_author_image":"https:\/\/secure.gravatar.com\/avatar\/a2553a2bfaa601b9d539b617c8793e151bdffb60f9e48a249912f86d4c9ebeef?s=96&d=mm&r=g","magazine_blocks_category":"<a href=\"#\" class=\"category-link category-link-41\">Hidalgo<\/a>","yoast_head":"<!-- This site is optimized with the Yoast SEO plugin v27.5 - https:\/\/yoast.com\/product\/yoast-seo-wordpress\/ -->\r\n<title>Reubican enjambre de abejas en Mixquiahuala<\/title>\r\n<meta name=\"description\" content=\"En Mixquiahuala lograron reubicar un enjambre de abejas, el personal de Protecci\u00f3n Civil y Bomberos del municipio hab\u00edan sido capacitados\" \/>\r\n<meta name=\"robots\" content=\"index, follow, max-snippet:-1, max-image-preview:large, max-video-preview:-1\" \/>\r\n<link rel=\"canonical\" href=\"https:\/\/www.alasmedios.com\/index.php\/2026\/03\/17\/reubican-enjambre-de-abejas-en-mixquiahuala\/\" \/>\r\n<meta property=\"og:locale\" content=\"es_MX\" \/>\r\n<meta property=\"og:type\" content=\"article\" \/>\r\n<meta property=\"og:title\" content=\"Reubican enjambre de abejas en Mixquiahuala\" \/>\r\n<meta property=\"og:description\" content=\"En Mixquiahuala lograron reubicar un enjambre de abejas, el personal de Protecci\u00f3n Civil y Bomberos del municipio hab\u00edan sido capacitados\" \/>\r\n<meta property=\"og:url\" content=\"https:\/\/www.alasmedios.com\/index.php\/2026\/03\/17\/reubican-enjambre-de-abejas-en-mixquiahuala\/\" \/>\r\n<meta property=\"og:site_name\" content=\"Alas Medios\" \/>\r\n<meta property=\"article:published_time\" content=\"2026-03-17T13:34:00+00:00\" \/>\r\n<meta property=\"og:image\" content=\"https:\/\/www.alasmedios.com\/wp-content\/uploads\/2026\/03\/abejas-Mixquiahuala-1024x622.png\" \/>\r\n\t<meta property=\"og:image:width\" content=\"1024\" \/>\r\n\t<meta property=\"og:image:height\" content=\"622\" \/>\r\n\t<meta property=\"og:image:type\" content=\"image\/png\" \/>\r\n<meta name=\"author\" content=\"Keila Rodr\u00edguez Pe\u00f1a\" \/>\r\n<meta name=\"twitter:card\" content=\"summary_large_image\" \/>\r\n<meta name=\"twitter:label1\" content=\"Escrito por\" \/>\n\t<meta name=\"twitter:data1\" content=\"Keila Rodr\u00edguez Pe\u00f1a\" \/>\n\t<meta name=\"twitter:label2\" content=\"Tiempo de lectura\" \/>\n\t<meta name=\"twitter:data2\" content=\"2 minutos\" \/>\r\n<script type=\"application\/ld+json\" class=\"yoast-schema-graph\">{\"@context\":\"https:\\\/\\\/schema.org\",\"@graph\":[{\"@type\":\"Article\",\"@id\":\"https:\\\/\\\/www.alasmedios.com\\\/index.php\\\/2026\\\/03\\\/17\\\/reubican-enjambre-de-abejas-en-mixquiahuala\\\/#article\",\"isPartOf\":{\"@id\":\"https:\\\/\\\/www.alasmedios.com\\\/index.php\\\/2026\\\/03\\\/17\\\/reubican-enjambre-de-abejas-en-mixquiahuala\\\/\"},\"author\":{\"name\":\"Keila Rodr\u00edguez Pe\u00f1a\",\"@id\":\"https:\\\/\\\/www.alasmedios.com\\\/#\\\/schema\\\/person\\\/0ba31bdd19a05ebf5c7fef1fedf99c34\"},\"headline\":\"Reubican enjambre de abejas en Mixquiahuala\",\"datePublished\":\"2026-03-17T13:34:00+00:00\",\"mainEntityOfPage\":{\"@id\":\"https:\\\/\\\/www.alasmedios.com\\\/index.php\\\/2026\\\/03\\\/17\\\/reubican-enjambre-de-abejas-en-mixquiahuala\\\/\"},\"wordCount\":320,\"commentCount\":0,\"publisher\":{\"@id\":\"https:\\\/\\\/www.alasmedios.com\\\/#organization\"},\"image\":{\"@id\":\"https:\\\/\\\/www.alasmedios.com\\\/index.php\\\/2026\\\/03\\\/17\\\/reubican-enjambre-de-abejas-en-mixquiahuala\\\/#primaryimage\"},\"thumbnailUrl\":\"https:\\\/\\\/www.alasmedios.com\\\/wp-content\\\/uploads\\\/2026\\\/03\\\/abejas-Mixquiahuala.png\",\"keywords\":[\"Medio Ambiente\",\"Mixquiahuala\"],\"articleSection\":[\"Hidalgo\"],\"inLanguage\":\"es\",\"potentialAction\":[{\"@type\":\"CommentAction\",\"name\":\"Comment\",\"target\":[\"https:\\\/\\\/www.alasmedios.com\\\/index.php\\\/2026\\\/03\\\/17\\\/reubican-enjambre-de-abejas-en-mixquiahuala\\\/#respond\"]}]},{\"@type\":\"WebPage\",\"@id\":\"https:\\\/\\\/www.alasmedios.com\\\/index.php\\\/2026\\\/03\\\/17\\\/reubican-enjambre-de-abejas-en-mixquiahuala\\\/\",\"url\":\"https:\\\/\\\/www.alasmedios.com\\\/index.php\\\/2026\\\/03\\\/17\\\/reubican-enjambre-de-abejas-en-mixquiahuala\\\/\",\"name\":\"Reubican enjambre de abejas en Mixquiahuala\",\"isPartOf\":{\"@id\":\"https:\\\/\\\/www.alasmedios.com\\\/#website\"},\"primaryImageOfPage\":{\"@id\":\"https:\\\/\\\/www.alasmedios.com\\\/index.php\\\/2026\\\/03\\\/17\\\/reubican-enjambre-de-abejas-en-mixquiahuala\\\/#primaryimage\"},\"image\":{\"@id\":\"https:\\\/\\\/www.alasmedios.com\\\/index.php\\\/2026\\\/03\\\/17\\\/reubican-enjambre-de-abejas-en-mixquiahuala\\\/#primaryimage\"},\"thumbnailUrl\":\"https:\\\/\\\/www.alasmedios.com\\\/wp-content\\\/uploads\\\/2026\\\/03\\\/abejas-Mixquiahuala.png\",\"datePublished\":\"2026-03-17T13:34:00+00:00\",\"description\":\"En Mixquiahuala lograron reubicar un enjambre de abejas, el personal de Protecci\u00f3n Civil y Bomberos del municipio hab\u00edan sido capacitados\",\"breadcrumb\":{\"@id\":\"https:\\\/\\\/www.alasmedios.com\\\/index.php\\\/2026\\\/03\\\/17\\\/reubican-enjambre-de-abejas-en-mixquiahuala\\\/#breadcrumb\"},\"inLanguage\":\"es\",\"potentialAction\":[{\"@type\":\"ReadAction\",\"target\":[\"https:\\\/\\\/www.alasmedios.com\\\/index.php\\\/2026\\\/03\\\/17\\\/reubican-enjambre-de-abejas-en-mixquiahuala\\\/\"]}]},{\"@type\":\"ImageObject\",\"inLanguage\":\"es\",\"@id\":\"https:\\\/\\\/www.alasmedios.com\\\/index.php\\\/2026\\\/03\\\/17\\\/reubican-enjambre-de-abejas-en-mixquiahuala\\\/#primaryimage\",\"url\":\"https:\\\/\\\/www.alasmedios.com\\\/wp-content\\\/uploads\\\/2026\\\/03\\\/abejas-Mixquiahuala.png\",\"contentUrl\":\"https:\\\/\\\/www.alasmedios.com\\\/wp-content\\\/uploads\\\/2026\\\/03\\\/abejas-Mixquiahuala.png\",\"width\":2000,\"height\":1214},{\"@type\":\"BreadcrumbList\",\"@id\":\"https:\\\/\\\/www.alasmedios.com\\\/index.php\\\/2026\\\/03\\\/17\\\/reubican-enjambre-de-abejas-en-mixquiahuala\\\/#breadcrumb\",\"itemListElement\":[{\"@type\":\"ListItem\",\"position\":1,\"name\":\"Inicio\",\"item\":\"https:\\\/\\\/www.alasmedios.com\\\/\"},{\"@type\":\"ListItem\",\"position\":2,\"name\":\"Reubican enjambre de abejas en Mixquiahuala\"}]},{\"@type\":\"WebSite\",\"@id\":\"https:\\\/\\\/www.alasmedios.com\\\/#website\",\"url\":\"https:\\\/\\\/www.alasmedios.com\\\/\",\"name\":\"Alas Medios\",\"description\":\"Alas para pensar, Alas para volar, Alas de libertad\",\"publisher\":{\"@id\":\"https:\\\/\\\/www.alasmedios.com\\\/#organization\"},\"potentialAction\":[{\"@type\":\"SearchAction\",\"target\":{\"@type\":\"EntryPoint\",\"urlTemplate\":\"https:\\\/\\\/www.alasmedios.com\\\/?s={search_term_string}\"},\"query-input\":{\"@type\":\"PropertyValueSpecification\",\"valueRequired\":true,\"valueName\":\"search_term_string\"}}],\"inLanguage\":\"es\"},{\"@type\":\"Organization\",\"@id\":\"https:\\\/\\\/www.alasmedios.com\\\/#organization\",\"name\":\"Alas Medios\",\"url\":\"https:\\\/\\\/www.alasmedios.com\\\/\",\"logo\":{\"@type\":\"ImageObject\",\"inLanguage\":\"es\",\"@id\":\"https:\\\/\\\/www.alasmedios.com\\\/#\\\/schema\\\/logo\\\/image\\\/\",\"url\":\"https:\\\/\\\/www.alasmedios.com\\\/wp-content\\\/uploads\\\/2026\\\/01\\\/cropped-cropped-GAM-1.png\",\"contentUrl\":\"https:\\\/\\\/www.alasmedios.com\\\/wp-content\\\/uploads\\\/2026\\\/01\\\/cropped-cropped-GAM-1.png\",\"width\":467,\"height\":235,\"caption\":\"Alas Medios\"},\"image\":{\"@id\":\"https:\\\/\\\/www.alasmedios.com\\\/#\\\/schema\\\/logo\\\/image\\\/\"}},{\"@type\":\"Person\",\"@id\":\"https:\\\/\\\/www.alasmedios.com\\\/#\\\/schema\\\/person\\\/0ba31bdd19a05ebf5c7fef1fedf99c34\",\"name\":\"Keila Rodr\u00edguez Pe\u00f1a\",\"image\":{\"@type\":\"ImageObject\",\"inLanguage\":\"es\",\"@id\":\"https:\\\/\\\/secure.gravatar.com\\\/avatar\\\/a2553a2bfaa601b9d539b617c8793e151bdffb60f9e48a249912f86d4c9ebeef?s=96&d=mm&r=g\",\"url\":\"https:\\\/\\\/secure.gravatar.com\\\/avatar\\\/a2553a2bfaa601b9d539b617c8793e151bdffb60f9e48a249912f86d4c9ebeef?s=96&d=mm&r=g\",\"contentUrl\":\"https:\\\/\\\/secure.gravatar.com\\\/avatar\\\/a2553a2bfaa601b9d539b617c8793e151bdffb60f9e48a249912f86d4c9ebeef?s=96&d=mm&r=g\",\"caption\":\"Keila Rodr\u00edguez Pe\u00f1a\"},\"sameAs\":[\"http:\\\/\\\/www.alasmedios.com\"],\"url\":\"https:\\\/\\\/www.alasmedios.com\\\/index.php\\\/author\\\/keila\\\/\"}]}<\/script>\r\n<!-- \/ Yoast SEO plugin. -->","yoast_head_json":{"title":"Reubican enjambre de abejas en Mixquiahuala","description":"En Mixquiahuala lograron reubicar un enjambre de abejas, el personal de Protecci\u00f3n Civil y Bomberos del municipio hab\u00edan sido capacitados","robots":{"index":"index","follow":"follow","max-snippet":"max-snippet:-1","max-image-preview":"max-image-preview:large","max-video-preview":"max-video-preview:-1"},"canonical":"https:\/\/www.alasmedios.com\/index.php\/2026\/03\/17\/reubican-enjambre-de-abejas-en-mixquiahuala\/","og_locale":"es_MX","og_type":"article","og_title":"Reubican enjambre de abejas en Mixquiahuala","og_description":"En Mixquiahuala lograron reubicar un enjambre de abejas, el personal de Protecci\u00f3n Civil y Bomberos del municipio hab\u00edan sido capacitados","og_url":"https:\/\/www.alasmedios.com\/index.php\/2026\/03\/17\/reubican-enjambre-de-abejas-en-mixquiahuala\/","og_site_name":"Alas Medios","article_published_time":"2026-03-17T13:34:00+00:00","og_image":[{"width":1024,"height":622,"url":"https:\/\/www.alasmedios.com\/wp-content\/uploads\/2026\/03\/abejas-Mixquiahuala-1024x622.png","type":"image\/png"}],"author":"Keila Rodr\u00edguez Pe\u00f1a","twitter_card":"summary_large_image","twitter_misc":{"Escrito por":"Keila Rodr\u00edguez Pe\u00f1a","Tiempo de lectura":"2 minutos"},"schema":{"@context":"https:\/\/schema.org","@graph":[{"@type":"Article","@id":"https:\/\/www.alasmedios.com\/index.php\/2026\/03\/17\/reubican-enjambre-de-abejas-en-mixquiahuala\/#article","isPartOf":{"@id":"https:\/\/www.alasmedios.com\/index.php\/2026\/03\/17\/reubican-enjambre-de-abejas-en-mixquiahuala\/"},"author":{"name":"Keila Rodr\u00edguez Pe\u00f1a","@id":"https:\/\/www.alasmedios.com\/#\/schema\/person\/0ba31bdd19a05ebf5c7fef1fedf99c34"},"headline":"Reubican enjambre de abejas en Mixquiahuala","datePublished":"2026-03-17T13:34:00+00:00","mainEntityOfPage":{"@id":"https:\/\/www.alasmedios.com\/index.php\/2026\/03\/17\/reubican-enjambre-de-abejas-en-mixquiahuala\/"},"wordCount":320,"commentCount":0,"publisher":{"@id":"https:\/\/www.alasmedios.com\/#organization"},"image":{"@id":"https:\/\/www.alasmedios.com\/index.php\/2026\/03\/17\/reubican-enjambre-de-abejas-en-mixquiahuala\/#primaryimage"},"thumbnailUrl":"https:\/\/www.alasmedios.com\/wp-content\/uploads\/2026\/03\/abejas-Mixquiahuala.png","keywords":["Medio Ambiente","Mixquiahuala"],"articleSection":["Hidalgo"],"inLanguage":"es","potentialAction":[{"@type":"CommentAction","name":"Comment","target":["https:\/\/www.alasmedios.com\/index.php\/2026\/03\/17\/reubican-enjambre-de-abejas-en-mixquiahuala\/#respond"]}]},{"@type":"WebPage","@id":"https:\/\/www.alasmedios.com\/index.php\/2026\/03\/17\/reubican-enjambre-de-abejas-en-mixquiahuala\/","url":"https:\/\/www.alasmedios.com\/index.php\/2026\/03\/17\/reubican-enjambre-de-abejas-en-mixquiahuala\/","name":"Reubican enjambre de abejas en Mixquiahuala","isPartOf":{"@id":"https:\/\/www.alasmedios.com\/#website"},"primaryImageOfPage":{"@id":"https:\/\/www.alasmedios.com\/index.php\/2026\/03\/17\/reubican-enjambre-de-abejas-en-mixquiahuala\/#primaryimage"},"image":{"@id":"https:\/\/www.alasmedios.com\/index.php\/2026\/03\/17\/reubican-enjambre-de-abejas-en-mixquiahuala\/#primaryimage"},"thumbnailUrl":"https:\/\/www.alasmedios.com\/wp-content\/uploads\/2026\/03\/abejas-Mixquiahuala.png","datePublished":"2026-03-17T13:34:00+00:00","description":"En Mixquiahuala lograron reubicar un enjambre de abejas, el personal de Protecci\u00f3n Civil y Bomberos del municipio hab\u00edan sido capacitados","breadcrumb":{"@id":"https:\/\/www.alasmedios.com\/index.php\/2026\/03\/17\/reubican-enjambre-de-abejas-en-mixquiahuala\/#breadcrumb"},"inLanguage":"es","potentialAction":[{"@type":"ReadAction","target":["https:\/\/www.alasmedios.com\/index.php\/2026\/03\/17\/reubican-enjambre-de-abejas-en-mixquiahuala\/"]}]},{"@type":"ImageObject","inLanguage":"es","@id":"https:\/\/www.alasmedios.com\/index.php\/2026\/03\/17\/reubican-enjambre-de-abejas-en-mixquiahuala\/#primaryimage","url":"https:\/\/www.alasmedios.com\/wp-content\/uploads\/2026\/03\/abejas-Mixquiahuala.png","contentUrl":"https:\/\/www.alasmedios.com\/wp-content\/uploads\/2026\/03\/abejas-Mixquiahuala.png","width":2000,"height":1214},{"@type":"BreadcrumbList","@id":"https:\/\/www.alasmedios.com\/index.php\/2026\/03\/17\/reubican-enjambre-de-abejas-en-mixquiahuala\/#breadcrumb","itemListElement":[{"@type":"ListItem","position":1,"name":"Inicio","item":"https:\/\/www.alasmedios.com\/"},{"@type":"ListItem","position":2,"name":"Reubican enjambre de abejas en Mixquiahuala"}]},{"@type":"WebSite","@id":"https:\/\/www.alasmedios.com\/#website","url":"https:\/\/www.alasmedios.com\/","name":"Alas Medios","description":"Alas para pensar, Alas para volar, Alas de libertad","publisher":{"@id":"https:\/\/www.alasmedios.com\/#organization"},"potentialAction":[{"@type":"SearchAction","target":{"@type":"EntryPoint","urlTemplate":"https:\/\/www.alasmedios.com\/?s={search_term_string}"},"query-input":{"@type":"PropertyValueSpecification","valueRequired":true,"valueName":"search_term_string"}}],"inLanguage":"es"},{"@type":"Organization","@id":"https:\/\/www.alasmedios.com\/#organization","name":"Alas Medios","url":"https:\/\/www.alasmedios.com\/","logo":{"@type":"ImageObject","inLanguage":"es","@id":"https:\/\/www.alasmedios.com\/#\/schema\/logo\/image\/","url":"https:\/\/www.alasmedios.com\/wp-content\/uploads\/2026\/01\/cropped-cropped-GAM-1.png","contentUrl":"https:\/\/www.alasmedios.com\/wp-content\/uploads\/2026\/01\/cropped-cropped-GAM-1.png","width":467,"height":235,"caption":"Alas Medios"},"image":{"@id":"https:\/\/www.alasmedios.com\/#\/schema\/logo\/image\/"}},{"@type":"Person","@id":"https:\/\/www.alasmedios.com\/#\/schema\/person\/0ba31bdd19a05ebf5c7fef1fedf99c34","name":"Keila Rodr\u00edguez Pe\u00f1a","image":{"@type":"ImageObject","inLanguage":"es","@id":"https:\/\/secure.gravatar.com\/avatar\/a2553a2bfaa601b9d539b617c8793e151bdffb60f9e48a249912f86d4c9ebeef?s=96&d=mm&r=g","url":"https:\/\/secure.gravatar.com\/avatar\/a2553a2bfaa601b9d539b617c8793e151bdffb60f9e48a249912f86d4c9ebeef?s=96&d=mm&r=g","contentUrl":"https:\/\/secure.gravatar.com\/avatar\/a2553a2bfaa601b9d539b617c8793e151bdffb60f9e48a249912f86d4c9ebeef?s=96&d=mm&r=g","caption":"Keila Rodr\u00edguez Pe\u00f1a"},"sameAs":["http:\/\/www.alasmedios.com"],"url":"https:\/\/www.alasmedios.com\/index.php\/author\/keila\/"}]}},"_links":{"self":[{"href":"https:\/\/www.alasmedios.com\/index.php\/wp-json\/wp\/v2\/posts\/8257","targetHints":{"allow":["GET"]}}],"collection":[{"href":"https:\/\/www.alasmedios.com\/index.php\/wp-json\/wp\/v2\/posts"}],"about":[{"href":"https:\/\/www.alasmedios.com\/index.php\/wp-json\/wp\/v2\/types\/post"}],"author":[{"embeddable":true,"href":"https:\/\/www.alasmedios.com\/index.php\/wp-json\/wp\/v2\/users\/4"}],"replies":[{"embeddable":true,"href":"https:\/\/www.alasmedios.com\/index.php\/wp-json\/wp\/v2\/comments?post=8257"}],"version-history":[{"count":2,"href":"https:\/\/www.alasmedios.com\/index.php\/wp-json\/wp\/v2\/posts\/8257\/revisions"}],"predecessor-version":[{"id":8260,"href":"https:\/\/www.alasmedios.com\/index.php\/wp-json\/wp\/v2\/posts\/8257\/revisions\/8260"}],"wp:featuredmedia":[{"embeddable":true,"href":"https:\/\/www.alasmedios.com\/index.php\/wp-json\/wp\/v2\/media\/8258"}],"wp:attachment":[{"href":"https:\/\/www.alasmedios.com\/index.php\/wp-json\/wp\/v2\/media?parent=8257"}],"wp:term":[{"taxonomy":"category","embeddable":true,"href":"https:\/\/www.alasmedios.com\/index.php\/wp-json\/wp\/v2\/categories?post=8257"},{"taxonomy":"post_tag","embeddable":true,"href":"https:\/\/www.alasmedios.com\/index.php\/wp-json\/wp\/v2\/tags?post=8257"}],"curies":[{"name":"wp","href":"https:\/\/api.w.org\/{rel}","templated":true}]}}