{"id":8251,"date":"2026-03-16T13:39:45","date_gmt":"2026-03-16T19:39:45","guid":{"rendered":"https:\/\/www.alasmedios.com\/?p=8251"},"modified":"2026-03-16T13:39:49","modified_gmt":"2026-03-16T19:39:49","slug":"centros-libre-llevan-talleres-para-reconocer-y-prevenir-la-violencia-en-municipios-de-hidalgo","status":"publish","type":"post","link":"https:\/\/www.alasmedios.com\/index.php\/2026\/03\/16\/centros-libre-llevan-talleres-para-reconocer-y-prevenir-la-violencia-en-municipios-de-hidalgo\/","title":{"rendered":"Centros LIBRE llevan talleres para reconocer y prevenir la violencia en municipios de Hidalgo"},"content":{"rendered":"\n<p>Previniendo la violencia de g\u00e9nero en los municipios de  <strong>Mixquiahuala de Ju\u00e1rez, Pachuca, Mineral de la Reforma, Ixmiquilpan y Zimap\u00e1n<\/strong>, Centros Libre crean talleres.<\/p>\n\n\n\n<p>Hablar de <strong>violencia<\/strong>, reconocerla y aprender a <strong>prevenirla<\/strong> forma parte de los procesos que buscan impulsar <strong>comunidades m\u00e1s igualitarias y entornos de respeto<\/strong>. En este contexto, el <strong>Instituto Hidalguense de las Mujeres (IHM)<\/strong> desarroll\u00f3 diversas <strong>actividades de sensibilizaci\u00f3n<\/strong> en distintos municipios del estado.<\/p>\n\n\n\n<p>A trav\u00e9s de los <strong>Centros LIBRE<\/strong>, se realizaron <strong>talleres y pl\u00e1ticas<\/strong> dirigidas a <strong>estudiantes, docentes, madres y padres de familia<\/strong>, con el prop\u00f3sito de promover la <strong>reflexi\u00f3n y el di\u00e1logo<\/strong> sobre las distintas formas en que la violencia puede manifestarse en la vida cotidiana.<\/p>\n\n\n\n<p>CONTIN\u00daA LEYENDO: <a href=\"https:\/\/www.alasmedios.com\/index.php\/2026\/03\/16\/grupo-de-abuelas-cuidadoras-practica-canto-en-pachuca\/\" type=\"post\" id=\"8246\">Grupo de abuelas cuidadoras practica canto en Pachuca<\/a><\/p>\n\n\n\n<p>Las actividades se llevaron a cabo en municipios como <strong>Mixquiahuala de Ju\u00e1rez, Pachuca de Soto, Mineral de la Reforma, Ixmiquilpan y Zimap\u00e1n<\/strong>, donde se generaron espacios de encuentro para <strong>analizar, identificar y prevenir situaciones de violencia<\/strong> desde distintos \u00e1mbitos sociales.<\/p>\n\n\n\n<iframe loading=\"lazy\" src=\"https:\/\/www.facebook.com\/plugins\/post.php?href=https%3A%2F%2Fwww.facebook.com%2Fihmujeres%2Fposts%2Fpfbid028DF6wCqiznpPah1dSvVYsq5Fp3joPqmUkshqyoUcoPt82aNm2zjwoT2KPuFnxE3rl&#038;show_text=true&#038;width=500\" width=\"500\" height=\"793\" style=\"border:none;overflow:hidden\" scrolling=\"no\" frameborder=\"0\" allowfullscreen=\"true\" allow=\"autoplay; clipboard-write; encrypted-media; picture-in-picture; web-share\"><\/iframe>\n\n\n\n<p>Durante estas jornadas se abordaron temas como los <strong>tipos y modalidades de la violencia<\/strong>, los <strong>mitos del amor rom\u00e1ntico<\/strong>, la <strong>cultura de paz<\/strong>, el <strong>buen trato<\/strong> y el <strong>reconocimiento de emociones y derechos<\/strong>, con el objetivo de fortalecer herramientas que permitan <strong>detectar se\u00f1ales de violencia y fomentar relaciones basadas en el respeto<\/strong>.<\/p>\n\n\n\n<p>Estas actividades buscan abrir <strong>espacios de aprendizaje y sensibilizaci\u00f3n comunitaria<\/strong>, donde las y los participantes puedan <strong>reflexionar sobre sus entornos y promover pr\u00e1cticas que contribuyan a una convivencia m\u00e1s equitativa<\/strong>.<\/p>\n\n\n<ul class=\"wp-block-latest-posts__list is-grid columns-3 wp-block-latest-posts\"><li><div class=\"wp-block-latest-posts__featured-image\"><img loading=\"lazy\" decoding=\"async\" width=\"150\" height=\"150\" src=\"https:\/\/www.alasmedios.com\/wp-content\/uploads\/2026\/05\/AMPEP-inteligencia-artificial-150x150.jpg\" class=\"attachment-thumbnail size-thumbnail wp-post-image\" alt=\"\" style=\"\" \/><\/div><a class=\"wp-block-latest-posts__post-title\" href=\"https:\/\/www.alasmedios.com\/index.php\/2026\/05\/01\/periodismo-frente-a-la-ia-ampep-asume-liderazgo-y-apuesta-por-contar-historias-con-alma\/\">Periodismo frente a la IA: AMPEP asume liderazgo y apuesta por contar historias con \u201calma\u201d<\/a><\/li>\n<li><div class=\"wp-block-latest-posts__featured-image\"><img loading=\"lazy\" decoding=\"async\" width=\"150\" height=\"150\" src=\"https:\/\/www.alasmedios.com\/wp-content\/uploads\/2026\/05\/Hidalgo-viene-un-respiro-con-el-frente-frio-48-150x150.png\" class=\"attachment-thumbnail size-thumbnail wp-post-image\" alt=\"\" style=\"\" \/><\/div><a class=\"wp-block-latest-posts__post-title\" href=\"https:\/\/www.alasmedios.com\/index.php\/2026\/05\/01\/frente-frio-48-un-alivio-asi-impactara-en-hidalgo\/\">Frente fr\u00edo 48, un alivio: as\u00ed impactar\u00e1 en Hidalgo<\/a><\/li>\n<li><div class=\"wp-block-latest-posts__featured-image\"><img loading=\"lazy\" decoding=\"async\" width=\"150\" height=\"150\" src=\"https:\/\/www.alasmedios.com\/wp-content\/uploads\/2026\/05\/mujeres-depresion-posparto-150x150.png\" class=\"attachment-thumbnail size-thumbnail wp-post-image\" alt=\"\" style=\"\" \/><\/div><a class=\"wp-block-latest-posts__post-title\" href=\"https:\/\/www.alasmedios.com\/index.php\/2026\/05\/01\/1-de-cada-15-mujeres-sufre-depresion-posparto\/\">1 de cada 15 mujeres sufre depresi\u00f3n posparto<\/a><\/li>\n<\/ul>","protected":false},"excerpt":{"rendered":"<p>Previniendo la violencia de g\u00e9nero en los municipios de Mixquiahuala de Ju\u00e1rez, Pachuca, Mineral de la Reforma, Ixmiquilpan y Zimap\u00e1n,<\/p>\n","protected":false},"author":4,"featured_media":8252,"comment_status":"open","ping_status":"open","sticky":false,"template":"","format":"standard","meta":{"colormag_page_container_layout":"default_layout","colormag_page_sidebar_layout":"default_layout","rop_custom_images_group":[],"rop_custom_messages_group":[],"rop_publish_now":"yes","rop_publish_now_accounts":[],"rop_publish_now_history":[],"rop_publish_now_status":"pending","iawp_total_views":3,"footnotes":""},"categories":[41],"tags":[1599,99,53],"class_list":["post-8251","post","type-post","status-publish","format-standard","has-post-thumbnail","hentry","category-hidalgo","tag-centros-libre","tag-hidalgo","tag-mujeres"],"magazineBlocksPostFeaturedMedia":{"thumbnail":"https:\/\/www.alasmedios.com\/wp-content\/uploads\/2026\/03\/talleres-Centros-Libre-150x150.jpg","medium":"https:\/\/www.alasmedios.com\/wp-content\/uploads\/2026\/03\/talleres-Centros-Libre-300x225.jpg","medium_large":"https:\/\/www.alasmedios.com\/wp-content\/uploads\/2026\/03\/talleres-Centros-Libre-768x576.jpg","large":"https:\/\/www.alasmedios.com\/wp-content\/uploads\/2026\/03\/talleres-Centros-Libre-1024x768.jpg","1536x1536":"https:\/\/www.alasmedios.com\/wp-content\/uploads\/2026\/03\/talleres-Centros-Libre-1536x1152.jpg","2048x2048":"https:\/\/www.alasmedios.com\/wp-content\/uploads\/2026\/03\/talleres-Centros-Libre.jpg","colormag-highlighted-post":"https:\/\/www.alasmedios.com\/wp-content\/uploads\/2026\/03\/talleres-Centros-Libre-392x272.jpg","colormag-featured-post-medium":"https:\/\/www.alasmedios.com\/wp-content\/uploads\/2026\/03\/talleres-Centros-Libre-390x205.jpg","colormag-featured-post-small":"https:\/\/www.alasmedios.com\/wp-content\/uploads\/2026\/03\/talleres-Centros-Libre-130x90.jpg","colormag-featured-image":"https:\/\/www.alasmedios.com\/wp-content\/uploads\/2026\/03\/talleres-Centros-Libre-800x445.jpg","colormag-default-news":"https:\/\/www.alasmedios.com\/wp-content\/uploads\/2026\/03\/talleres-Centros-Libre-150x150.jpg","colormag-featured-image-large":"https:\/\/www.alasmedios.com\/wp-content\/uploads\/2026\/03\/talleres-Centros-Libre-1400x600.jpg"},"magazineBlocksPostAuthor":{"name":"Keila Rodr\u00edguez Pe\u00f1a","avatar":"https:\/\/secure.gravatar.com\/avatar\/a2553a2bfaa601b9d539b617c8793e151bdffb60f9e48a249912f86d4c9ebeef?s=96&d=mm&r=g"},"magazineBlocksPostCommentsNumber":"0","magazineBlocksPostExcerpt":"Previniendo la violencia de g\u00e9nero en los municipios de Mixquiahuala de Ju\u00e1rez, Pachuca, Mineral de la Reforma, Ixmiquilpan y Zimap\u00e1n,","magazineBlocksPostCategories":["Hidalgo"],"magazineBlocksPostViewCount":20,"magazineBlocksPostReadTime":2,"magazine_blocks_featured_image_url":{"full":["https:\/\/www.alasmedios.com\/wp-content\/uploads\/2026\/03\/talleres-Centros-Libre.jpg",1600,1200,false],"medium":["https:\/\/www.alasmedios.com\/wp-content\/uploads\/2026\/03\/talleres-Centros-Libre-300x225.jpg",300,225,true],"thumbnail":["https:\/\/www.alasmedios.com\/wp-content\/uploads\/2026\/03\/talleres-Centros-Libre-150x150.jpg",150,150,true]},"magazine_blocks_author":{"display_name":"Keila Rodr\u00edguez Pe\u00f1a","author_link":"https:\/\/www.alasmedios.com\/index.php\/author\/keila\/"},"magazine_blocks_comment":0,"magazine_blocks_author_image":"https:\/\/secure.gravatar.com\/avatar\/a2553a2bfaa601b9d539b617c8793e151bdffb60f9e48a249912f86d4c9ebeef?s=96&d=mm&r=g","magazine_blocks_category":"<a href=\"#\" class=\"category-link category-link-41\">Hidalgo<\/a>","yoast_head":"<!-- This site is optimized with the Yoast SEO plugin v27.5 - https:\/\/yoast.com\/product\/yoast-seo-wordpress\/ -->\r\n<title>Centros LIBRE llevan talleres para reconocer y prevenir la violencia en municipios de Hidalgo<\/title>\r\n<meta name=\"description\" content=\"Previniendo la violencia de g\u00e9nero en Mixquiahuala, Pachuca, Mineral de la Reforma, Ixmiquilpan y Zimap\u00e1n, Centros Libre crea talleres\" \/>\r\n<meta name=\"robots\" content=\"index, follow, max-snippet:-1, max-image-preview:large, max-video-preview:-1\" \/>\r\n<link rel=\"canonical\" href=\"https:\/\/www.alasmedios.com\/index.php\/2026\/03\/16\/centros-libre-llevan-talleres-para-reconocer-y-prevenir-la-violencia-en-municipios-de-hidalgo\/\" \/>\r\n<meta property=\"og:locale\" content=\"es_MX\" \/>\r\n<meta property=\"og:type\" content=\"article\" \/>\r\n<meta property=\"og:title\" content=\"Centros LIBRE llevan talleres para reconocer y prevenir la violencia en municipios de Hidalgo\" \/>\r\n<meta property=\"og:description\" content=\"Previniendo la violencia de g\u00e9nero en Mixquiahuala, Pachuca, Mineral de la Reforma, Ixmiquilpan y Zimap\u00e1n, Centros Libre crea talleres\" \/>\r\n<meta property=\"og:url\" content=\"https:\/\/www.alasmedios.com\/index.php\/2026\/03\/16\/centros-libre-llevan-talleres-para-reconocer-y-prevenir-la-violencia-en-municipios-de-hidalgo\/\" \/>\r\n<meta property=\"og:site_name\" content=\"Alas Medios\" \/>\r\n<meta property=\"article:published_time\" content=\"2026-03-16T19:39:45+00:00\" \/>\r\n<meta property=\"article:modified_time\" content=\"2026-03-16T19:39:49+00:00\" \/>\r\n<meta property=\"og:image\" content=\"https:\/\/www.alasmedios.com\/wp-content\/uploads\/2026\/03\/talleres-Centros-Libre.jpg\" \/>\r\n\t<meta property=\"og:image:width\" content=\"1600\" \/>\r\n\t<meta property=\"og:image:height\" content=\"1200\" \/>\r\n\t<meta property=\"og:image:type\" content=\"image\/jpeg\" \/>\r\n<meta name=\"author\" content=\"Keila Rodr\u00edguez Pe\u00f1a\" \/>\r\n<meta name=\"twitter:card\" content=\"summary_large_image\" \/>\r\n<meta name=\"twitter:label1\" content=\"Escrito por\" \/>\n\t<meta name=\"twitter:data1\" content=\"Keila Rodr\u00edguez Pe\u00f1a\" \/>\n\t<meta name=\"twitter:label2\" content=\"Tiempo de lectura\" \/>\n\t<meta name=\"twitter:data2\" content=\"2 minutos\" \/>\r\n<script type=\"application\/ld+json\" class=\"yoast-schema-graph\">{\"@context\":\"https:\\\/\\\/schema.org\",\"@graph\":[{\"@type\":\"Article\",\"@id\":\"https:\\\/\\\/www.alasmedios.com\\\/index.php\\\/2026\\\/03\\\/16\\\/centros-libre-llevan-talleres-para-reconocer-y-prevenir-la-violencia-en-municipios-de-hidalgo\\\/#article\",\"isPartOf\":{\"@id\":\"https:\\\/\\\/www.alasmedios.com\\\/index.php\\\/2026\\\/03\\\/16\\\/centros-libre-llevan-talleres-para-reconocer-y-prevenir-la-violencia-en-municipios-de-hidalgo\\\/\"},\"author\":{\"name\":\"Keila Rodr\u00edguez Pe\u00f1a\",\"@id\":\"https:\\\/\\\/www.alasmedios.com\\\/#\\\/schema\\\/person\\\/0ba31bdd19a05ebf5c7fef1fedf99c34\"},\"headline\":\"Centros LIBRE llevan talleres para reconocer y prevenir la violencia en municipios de Hidalgo\",\"datePublished\":\"2026-03-16T19:39:45+00:00\",\"dateModified\":\"2026-03-16T19:39:49+00:00\",\"mainEntityOfPage\":{\"@id\":\"https:\\\/\\\/www.alasmedios.com\\\/index.php\\\/2026\\\/03\\\/16\\\/centros-libre-llevan-talleres-para-reconocer-y-prevenir-la-violencia-en-municipios-de-hidalgo\\\/\"},\"wordCount\":275,\"commentCount\":0,\"publisher\":{\"@id\":\"https:\\\/\\\/www.alasmedios.com\\\/#organization\"},\"image\":{\"@id\":\"https:\\\/\\\/www.alasmedios.com\\\/index.php\\\/2026\\\/03\\\/16\\\/centros-libre-llevan-talleres-para-reconocer-y-prevenir-la-violencia-en-municipios-de-hidalgo\\\/#primaryimage\"},\"thumbnailUrl\":\"https:\\\/\\\/www.alasmedios.com\\\/wp-content\\\/uploads\\\/2026\\\/03\\\/talleres-Centros-Libre.jpg\",\"keywords\":[\"Centros LIBRE\",\"Hidalgo\",\"Mujeres\"],\"articleSection\":[\"Hidalgo\"],\"inLanguage\":\"es\",\"potentialAction\":[{\"@type\":\"CommentAction\",\"name\":\"Comment\",\"target\":[\"https:\\\/\\\/www.alasmedios.com\\\/index.php\\\/2026\\\/03\\\/16\\\/centros-libre-llevan-talleres-para-reconocer-y-prevenir-la-violencia-en-municipios-de-hidalgo\\\/#respond\"]}]},{\"@type\":\"WebPage\",\"@id\":\"https:\\\/\\\/www.alasmedios.com\\\/index.php\\\/2026\\\/03\\\/16\\\/centros-libre-llevan-talleres-para-reconocer-y-prevenir-la-violencia-en-municipios-de-hidalgo\\\/\",\"url\":\"https:\\\/\\\/www.alasmedios.com\\\/index.php\\\/2026\\\/03\\\/16\\\/centros-libre-llevan-talleres-para-reconocer-y-prevenir-la-violencia-en-municipios-de-hidalgo\\\/\",\"name\":\"Centros LIBRE llevan talleres para reconocer y prevenir la violencia en municipios de Hidalgo\",\"isPartOf\":{\"@id\":\"https:\\\/\\\/www.alasmedios.com\\\/#website\"},\"primaryImageOfPage\":{\"@id\":\"https:\\\/\\\/www.alasmedios.com\\\/index.php\\\/2026\\\/03\\\/16\\\/centros-libre-llevan-talleres-para-reconocer-y-prevenir-la-violencia-en-municipios-de-hidalgo\\\/#primaryimage\"},\"image\":{\"@id\":\"https:\\\/\\\/www.alasmedios.com\\\/index.php\\\/2026\\\/03\\\/16\\\/centros-libre-llevan-talleres-para-reconocer-y-prevenir-la-violencia-en-municipios-de-hidalgo\\\/#primaryimage\"},\"thumbnailUrl\":\"https:\\\/\\\/www.alasmedios.com\\\/wp-content\\\/uploads\\\/2026\\\/03\\\/talleres-Centros-Libre.jpg\",\"datePublished\":\"2026-03-16T19:39:45+00:00\",\"dateModified\":\"2026-03-16T19:39:49+00:00\",\"description\":\"Previniendo la violencia de g\u00e9nero en Mixquiahuala, Pachuca, Mineral de la Reforma, Ixmiquilpan y Zimap\u00e1n, Centros Libre crea talleres\",\"breadcrumb\":{\"@id\":\"https:\\\/\\\/www.alasmedios.com\\\/index.php\\\/2026\\\/03\\\/16\\\/centros-libre-llevan-talleres-para-reconocer-y-prevenir-la-violencia-en-municipios-de-hidalgo\\\/#breadcrumb\"},\"inLanguage\":\"es\",\"potentialAction\":[{\"@type\":\"ReadAction\",\"target\":[\"https:\\\/\\\/www.alasmedios.com\\\/index.php\\\/2026\\\/03\\\/16\\\/centros-libre-llevan-talleres-para-reconocer-y-prevenir-la-violencia-en-municipios-de-hidalgo\\\/\"]}]},{\"@type\":\"ImageObject\",\"inLanguage\":\"es\",\"@id\":\"https:\\\/\\\/www.alasmedios.com\\\/index.php\\\/2026\\\/03\\\/16\\\/centros-libre-llevan-talleres-para-reconocer-y-prevenir-la-violencia-en-municipios-de-hidalgo\\\/#primaryimage\",\"url\":\"https:\\\/\\\/www.alasmedios.com\\\/wp-content\\\/uploads\\\/2026\\\/03\\\/talleres-Centros-Libre.jpg\",\"contentUrl\":\"https:\\\/\\\/www.alasmedios.com\\\/wp-content\\\/uploads\\\/2026\\\/03\\\/talleres-Centros-Libre.jpg\",\"width\":1600,\"height\":1200},{\"@type\":\"BreadcrumbList\",\"@id\":\"https:\\\/\\\/www.alasmedios.com\\\/index.php\\\/2026\\\/03\\\/16\\\/centros-libre-llevan-talleres-para-reconocer-y-prevenir-la-violencia-en-municipios-de-hidalgo\\\/#breadcrumb\",\"itemListElement\":[{\"@type\":\"ListItem\",\"position\":1,\"name\":\"Inicio\",\"item\":\"https:\\\/\\\/www.alasmedios.com\\\/\"},{\"@type\":\"ListItem\",\"position\":2,\"name\":\"Centros LIBRE llevan talleres para reconocer y prevenir la violencia en municipios de Hidalgo\"}]},{\"@type\":\"WebSite\",\"@id\":\"https:\\\/\\\/www.alasmedios.com\\\/#website\",\"url\":\"https:\\\/\\\/www.alasmedios.com\\\/\",\"name\":\"Alas Medios\",\"description\":\"Alas para pensar, Alas para volar, Alas de libertad\",\"publisher\":{\"@id\":\"https:\\\/\\\/www.alasmedios.com\\\/#organization\"},\"potentialAction\":[{\"@type\":\"SearchAction\",\"target\":{\"@type\":\"EntryPoint\",\"urlTemplate\":\"https:\\\/\\\/www.alasmedios.com\\\/?s={search_term_string}\"},\"query-input\":{\"@type\":\"PropertyValueSpecification\",\"valueRequired\":true,\"valueName\":\"search_term_string\"}}],\"inLanguage\":\"es\"},{\"@type\":\"Organization\",\"@id\":\"https:\\\/\\\/www.alasmedios.com\\\/#organization\",\"name\":\"Alas Medios\",\"url\":\"https:\\\/\\\/www.alasmedios.com\\\/\",\"logo\":{\"@type\":\"ImageObject\",\"inLanguage\":\"es\",\"@id\":\"https:\\\/\\\/www.alasmedios.com\\\/#\\\/schema\\\/logo\\\/image\\\/\",\"url\":\"https:\\\/\\\/www.alasmedios.com\\\/wp-content\\\/uploads\\\/2026\\\/01\\\/cropped-cropped-GAM-1.png\",\"contentUrl\":\"https:\\\/\\\/www.alasmedios.com\\\/wp-content\\\/uploads\\\/2026\\\/01\\\/cropped-cropped-GAM-1.png\",\"width\":467,\"height\":235,\"caption\":\"Alas Medios\"},\"image\":{\"@id\":\"https:\\\/\\\/www.alasmedios.com\\\/#\\\/schema\\\/logo\\\/image\\\/\"}},{\"@type\":\"Person\",\"@id\":\"https:\\\/\\\/www.alasmedios.com\\\/#\\\/schema\\\/person\\\/0ba31bdd19a05ebf5c7fef1fedf99c34\",\"name\":\"Keila Rodr\u00edguez Pe\u00f1a\",\"image\":{\"@type\":\"ImageObject\",\"inLanguage\":\"es\",\"@id\":\"https:\\\/\\\/secure.gravatar.com\\\/avatar\\\/a2553a2bfaa601b9d539b617c8793e151bdffb60f9e48a249912f86d4c9ebeef?s=96&d=mm&r=g\",\"url\":\"https:\\\/\\\/secure.gravatar.com\\\/avatar\\\/a2553a2bfaa601b9d539b617c8793e151bdffb60f9e48a249912f86d4c9ebeef?s=96&d=mm&r=g\",\"contentUrl\":\"https:\\\/\\\/secure.gravatar.com\\\/avatar\\\/a2553a2bfaa601b9d539b617c8793e151bdffb60f9e48a249912f86d4c9ebeef?s=96&d=mm&r=g\",\"caption\":\"Keila Rodr\u00edguez Pe\u00f1a\"},\"sameAs\":[\"http:\\\/\\\/www.alasmedios.com\"],\"url\":\"https:\\\/\\\/www.alasmedios.com\\\/index.php\\\/author\\\/keila\\\/\"}]}<\/script>\r\n<!-- \/ Yoast SEO plugin. -->","yoast_head_json":{"title":"Centros LIBRE llevan talleres para reconocer y prevenir la violencia en municipios de Hidalgo","description":"Previniendo la violencia de g\u00e9nero en Mixquiahuala, Pachuca, Mineral de la Reforma, Ixmiquilpan y Zimap\u00e1n, Centros Libre crea talleres","robots":{"index":"index","follow":"follow","max-snippet":"max-snippet:-1","max-image-preview":"max-image-preview:large","max-video-preview":"max-video-preview:-1"},"canonical":"https:\/\/www.alasmedios.com\/index.php\/2026\/03\/16\/centros-libre-llevan-talleres-para-reconocer-y-prevenir-la-violencia-en-municipios-de-hidalgo\/","og_locale":"es_MX","og_type":"article","og_title":"Centros LIBRE llevan talleres para reconocer y prevenir la violencia en municipios de Hidalgo","og_description":"Previniendo la violencia de g\u00e9nero en Mixquiahuala, Pachuca, Mineral de la Reforma, Ixmiquilpan y Zimap\u00e1n, Centros Libre crea talleres","og_url":"https:\/\/www.alasmedios.com\/index.php\/2026\/03\/16\/centros-libre-llevan-talleres-para-reconocer-y-prevenir-la-violencia-en-municipios-de-hidalgo\/","og_site_name":"Alas Medios","article_published_time":"2026-03-16T19:39:45+00:00","article_modified_time":"2026-03-16T19:39:49+00:00","og_image":[{"width":1600,"height":1200,"url":"https:\/\/www.alasmedios.com\/wp-content\/uploads\/2026\/03\/talleres-Centros-Libre.jpg","type":"image\/jpeg"}],"author":"Keila Rodr\u00edguez Pe\u00f1a","twitter_card":"summary_large_image","twitter_misc":{"Escrito por":"Keila Rodr\u00edguez Pe\u00f1a","Tiempo de lectura":"2 minutos"},"schema":{"@context":"https:\/\/schema.org","@graph":[{"@type":"Article","@id":"https:\/\/www.alasmedios.com\/index.php\/2026\/03\/16\/centros-libre-llevan-talleres-para-reconocer-y-prevenir-la-violencia-en-municipios-de-hidalgo\/#article","isPartOf":{"@id":"https:\/\/www.alasmedios.com\/index.php\/2026\/03\/16\/centros-libre-llevan-talleres-para-reconocer-y-prevenir-la-violencia-en-municipios-de-hidalgo\/"},"author":{"name":"Keila Rodr\u00edguez Pe\u00f1a","@id":"https:\/\/www.alasmedios.com\/#\/schema\/person\/0ba31bdd19a05ebf5c7fef1fedf99c34"},"headline":"Centros LIBRE llevan talleres para reconocer y prevenir la violencia en municipios de Hidalgo","datePublished":"2026-03-16T19:39:45+00:00","dateModified":"2026-03-16T19:39:49+00:00","mainEntityOfPage":{"@id":"https:\/\/www.alasmedios.com\/index.php\/2026\/03\/16\/centros-libre-llevan-talleres-para-reconocer-y-prevenir-la-violencia-en-municipios-de-hidalgo\/"},"wordCount":275,"commentCount":0,"publisher":{"@id":"https:\/\/www.alasmedios.com\/#organization"},"image":{"@id":"https:\/\/www.alasmedios.com\/index.php\/2026\/03\/16\/centros-libre-llevan-talleres-para-reconocer-y-prevenir-la-violencia-en-municipios-de-hidalgo\/#primaryimage"},"thumbnailUrl":"https:\/\/www.alasmedios.com\/wp-content\/uploads\/2026\/03\/talleres-Centros-Libre.jpg","keywords":["Centros LIBRE","Hidalgo","Mujeres"],"articleSection":["Hidalgo"],"inLanguage":"es","potentialAction":[{"@type":"CommentAction","name":"Comment","target":["https:\/\/www.alasmedios.com\/index.php\/2026\/03\/16\/centros-libre-llevan-talleres-para-reconocer-y-prevenir-la-violencia-en-municipios-de-hidalgo\/#respond"]}]},{"@type":"WebPage","@id":"https:\/\/www.alasmedios.com\/index.php\/2026\/03\/16\/centros-libre-llevan-talleres-para-reconocer-y-prevenir-la-violencia-en-municipios-de-hidalgo\/","url":"https:\/\/www.alasmedios.com\/index.php\/2026\/03\/16\/centros-libre-llevan-talleres-para-reconocer-y-prevenir-la-violencia-en-municipios-de-hidalgo\/","name":"Centros LIBRE llevan talleres para reconocer y prevenir la violencia en municipios de Hidalgo","isPartOf":{"@id":"https:\/\/www.alasmedios.com\/#website"},"primaryImageOfPage":{"@id":"https:\/\/www.alasmedios.com\/index.php\/2026\/03\/16\/centros-libre-llevan-talleres-para-reconocer-y-prevenir-la-violencia-en-municipios-de-hidalgo\/#primaryimage"},"image":{"@id":"https:\/\/www.alasmedios.com\/index.php\/2026\/03\/16\/centros-libre-llevan-talleres-para-reconocer-y-prevenir-la-violencia-en-municipios-de-hidalgo\/#primaryimage"},"thumbnailUrl":"https:\/\/www.alasmedios.com\/wp-content\/uploads\/2026\/03\/talleres-Centros-Libre.jpg","datePublished":"2026-03-16T19:39:45+00:00","dateModified":"2026-03-16T19:39:49+00:00","description":"Previniendo la violencia de g\u00e9nero en Mixquiahuala, Pachuca, Mineral de la Reforma, Ixmiquilpan y Zimap\u00e1n, Centros Libre crea talleres","breadcrumb":{"@id":"https:\/\/www.alasmedios.com\/index.php\/2026\/03\/16\/centros-libre-llevan-talleres-para-reconocer-y-prevenir-la-violencia-en-municipios-de-hidalgo\/#breadcrumb"},"inLanguage":"es","potentialAction":[{"@type":"ReadAction","target":["https:\/\/www.alasmedios.com\/index.php\/2026\/03\/16\/centros-libre-llevan-talleres-para-reconocer-y-prevenir-la-violencia-en-municipios-de-hidalgo\/"]}]},{"@type":"ImageObject","inLanguage":"es","@id":"https:\/\/www.alasmedios.com\/index.php\/2026\/03\/16\/centros-libre-llevan-talleres-para-reconocer-y-prevenir-la-violencia-en-municipios-de-hidalgo\/#primaryimage","url":"https:\/\/www.alasmedios.com\/wp-content\/uploads\/2026\/03\/talleres-Centros-Libre.jpg","contentUrl":"https:\/\/www.alasmedios.com\/wp-content\/uploads\/2026\/03\/talleres-Centros-Libre.jpg","width":1600,"height":1200},{"@type":"BreadcrumbList","@id":"https:\/\/www.alasmedios.com\/index.php\/2026\/03\/16\/centros-libre-llevan-talleres-para-reconocer-y-prevenir-la-violencia-en-municipios-de-hidalgo\/#breadcrumb","itemListElement":[{"@type":"ListItem","position":1,"name":"Inicio","item":"https:\/\/www.alasmedios.com\/"},{"@type":"ListItem","position":2,"name":"Centros LIBRE llevan talleres para reconocer y prevenir la violencia en municipios de Hidalgo"}]},{"@type":"WebSite","@id":"https:\/\/www.alasmedios.com\/#website","url":"https:\/\/www.alasmedios.com\/","name":"Alas Medios","description":"Alas para pensar, Alas para volar, Alas de libertad","publisher":{"@id":"https:\/\/www.alasmedios.com\/#organization"},"potentialAction":[{"@type":"SearchAction","target":{"@type":"EntryPoint","urlTemplate":"https:\/\/www.alasmedios.com\/?s={search_term_string}"},"query-input":{"@type":"PropertyValueSpecification","valueRequired":true,"valueName":"search_term_string"}}],"inLanguage":"es"},{"@type":"Organization","@id":"https:\/\/www.alasmedios.com\/#organization","name":"Alas Medios","url":"https:\/\/www.alasmedios.com\/","logo":{"@type":"ImageObject","inLanguage":"es","@id":"https:\/\/www.alasmedios.com\/#\/schema\/logo\/image\/","url":"https:\/\/www.alasmedios.com\/wp-content\/uploads\/2026\/01\/cropped-cropped-GAM-1.png","contentUrl":"https:\/\/www.alasmedios.com\/wp-content\/uploads\/2026\/01\/cropped-cropped-GAM-1.png","width":467,"height":235,"caption":"Alas Medios"},"image":{"@id":"https:\/\/www.alasmedios.com\/#\/schema\/logo\/image\/"}},{"@type":"Person","@id":"https:\/\/www.alasmedios.com\/#\/schema\/person\/0ba31bdd19a05ebf5c7fef1fedf99c34","name":"Keila Rodr\u00edguez Pe\u00f1a","image":{"@type":"ImageObject","inLanguage":"es","@id":"https:\/\/secure.gravatar.com\/avatar\/a2553a2bfaa601b9d539b617c8793e151bdffb60f9e48a249912f86d4c9ebeef?s=96&d=mm&r=g","url":"https:\/\/secure.gravatar.com\/avatar\/a2553a2bfaa601b9d539b617c8793e151bdffb60f9e48a249912f86d4c9ebeef?s=96&d=mm&r=g","contentUrl":"https:\/\/secure.gravatar.com\/avatar\/a2553a2bfaa601b9d539b617c8793e151bdffb60f9e48a249912f86d4c9ebeef?s=96&d=mm&r=g","caption":"Keila Rodr\u00edguez Pe\u00f1a"},"sameAs":["http:\/\/www.alasmedios.com"],"url":"https:\/\/www.alasmedios.com\/index.php\/author\/keila\/"}]}},"_links":{"self":[{"href":"https:\/\/www.alasmedios.com\/index.php\/wp-json\/wp\/v2\/posts\/8251","targetHints":{"allow":["GET"]}}],"collection":[{"href":"https:\/\/www.alasmedios.com\/index.php\/wp-json\/wp\/v2\/posts"}],"about":[{"href":"https:\/\/www.alasmedios.com\/index.php\/wp-json\/wp\/v2\/types\/post"}],"author":[{"embeddable":true,"href":"https:\/\/www.alasmedios.com\/index.php\/wp-json\/wp\/v2\/users\/4"}],"replies":[{"embeddable":true,"href":"https:\/\/www.alasmedios.com\/index.php\/wp-json\/wp\/v2\/comments?post=8251"}],"version-history":[{"count":1,"href":"https:\/\/www.alasmedios.com\/index.php\/wp-json\/wp\/v2\/posts\/8251\/revisions"}],"predecessor-version":[{"id":8253,"href":"https:\/\/www.alasmedios.com\/index.php\/wp-json\/wp\/v2\/posts\/8251\/revisions\/8253"}],"wp:featuredmedia":[{"embeddable":true,"href":"https:\/\/www.alasmedios.com\/index.php\/wp-json\/wp\/v2\/media\/8252"}],"wp:attachment":[{"href":"https:\/\/www.alasmedios.com\/index.php\/wp-json\/wp\/v2\/media?parent=8251"}],"wp:term":[{"taxonomy":"category","embeddable":true,"href":"https:\/\/www.alasmedios.com\/index.php\/wp-json\/wp\/v2\/categories?post=8251"},{"taxonomy":"post_tag","embeddable":true,"href":"https:\/\/www.alasmedios.com\/index.php\/wp-json\/wp\/v2\/tags?post=8251"}],"curies":[{"name":"wp","href":"https:\/\/api.w.org\/{rel}","templated":true}]}}