{"id":8246,"date":"2026-03-16T09:46:12","date_gmt":"2026-03-16T15:46:12","guid":{"rendered":"https:\/\/www.alasmedios.com\/?p=8246"},"modified":"2026-03-16T09:46:16","modified_gmt":"2026-03-16T15:46:16","slug":"grupo-de-abuelas-cuidadoras-practica-canto-en-pachuca","status":"publish","type":"post","link":"https:\/\/www.alasmedios.com\/index.php\/2026\/03\/16\/grupo-de-abuelas-cuidadoras-practica-canto-en-pachuca\/","title":{"rendered":"Grupo de abuelas cuidadoras practica canto en Pachuca"},"content":{"rendered":"\n<p><em>Con el apoyo de la <strong>Secretar\u00eda de las Mujeres Pachuca<\/strong>, un <strong>grupo de abuelas cuidadoras<\/strong> practic\u00f3 canto junto a la soprano <strong>Adriana Mu\u00f1oz<\/strong>.<\/em><\/p>\n\n\n\n<p><strong>Acompa\u00f1adas por la soprano Adriana Mu\u00f1oz<\/strong>, integrante del <strong>voluntariado de la Secretar\u00eda de las Mujeres Pachuca<\/strong>, un <strong>grupo de abuelas cuidadoras<\/strong> encontr\u00f3 en el canto un espacio para <strong>reapropiarse de su voz y de su historia<\/strong>.<\/p>\n\n\n\n<p>En cada ensayo y en cada melod\u00eda, las participantes <strong>exploran su capacidad de expresarse<\/strong>, dejando que la m\u00fasica se convierta en una forma de <strong>reconectar con su identidad y su fuerza interior<\/strong>.<\/p>\n\n\n\n<p>CONTIN\u00daA LEYENDO: <a href=\"https:\/\/www.alasmedios.com\/index.php\/2026\/03\/14\/ihm-imparte-conferencia-masculinidades-en-pachuca\/\" type=\"post\" id=\"8242\">IHM: imparte conferencia \u201cMasculinidades\u201d en Pachuca<\/a><\/p>\n\n\n\n<p>La iniciativa busca que las <strong>abuelas cuidadoras<\/strong>, muchas veces invisibilizadas por las responsabilidades familiares, <strong>encuentren un momento para s\u00ed mismas<\/strong>, donde su voz sea escuchada y valorada.<\/p>\n\n\n\n<figure class=\"wp-block-gallery has-nested-images columns-default is-cropped wp-block-gallery-1 is-layout-flex wp-block-gallery-is-layout-flex\">\n<figure class=\"wp-block-image size-large\"><img loading=\"lazy\" decoding=\"async\" width=\"1024\" height=\"768\" data-id=\"8248\" src=\"https:\/\/www.alasmedios.com\/wp-content\/uploads\/2026\/03\/abuelas-cuidadoras-canto-Pachuca-1-1024x768.jpg\" alt=\"\" class=\"wp-image-8248\" srcset=\"https:\/\/www.alasmedios.com\/wp-content\/uploads\/2026\/03\/abuelas-cuidadoras-canto-Pachuca-1-1024x768.jpg 1024w, https:\/\/www.alasmedios.com\/wp-content\/uploads\/2026\/03\/abuelas-cuidadoras-canto-Pachuca-1-300x225.jpg 300w, https:\/\/www.alasmedios.com\/wp-content\/uploads\/2026\/03\/abuelas-cuidadoras-canto-Pachuca-1-768x576.jpg 768w, https:\/\/www.alasmedios.com\/wp-content\/uploads\/2026\/03\/abuelas-cuidadoras-canto-Pachuca-1-1536x1152.jpg 1536w, https:\/\/www.alasmedios.com\/wp-content\/uploads\/2026\/03\/abuelas-cuidadoras-canto-Pachuca-1.jpg 2048w\" sizes=\"auto, (max-width: 1024px) 100vw, 1024px\" \/><\/figure>\n\n\n\n<figure class=\"wp-block-image size-large\"><img loading=\"lazy\" decoding=\"async\" width=\"1024\" height=\"768\" data-id=\"8249\" src=\"https:\/\/www.alasmedios.com\/wp-content\/uploads\/2026\/03\/abuelas-cuidadoras-canto-Pachuca-2-1024x768.jpg\" alt=\"\" class=\"wp-image-8249\" srcset=\"https:\/\/www.alasmedios.com\/wp-content\/uploads\/2026\/03\/abuelas-cuidadoras-canto-Pachuca-2-1024x768.jpg 1024w, https:\/\/www.alasmedios.com\/wp-content\/uploads\/2026\/03\/abuelas-cuidadoras-canto-Pachuca-2-300x225.jpg 300w, https:\/\/www.alasmedios.com\/wp-content\/uploads\/2026\/03\/abuelas-cuidadoras-canto-Pachuca-2-768x576.jpg 768w, https:\/\/www.alasmedios.com\/wp-content\/uploads\/2026\/03\/abuelas-cuidadoras-canto-Pachuca-2-1536x1152.jpg 1536w, https:\/\/www.alasmedios.com\/wp-content\/uploads\/2026\/03\/abuelas-cuidadoras-canto-Pachuca-2.jpg 2048w\" sizes=\"auto, (max-width: 1024px) 100vw, 1024px\" \/><\/figure>\n<\/figure>\n\n\n\n<p>A trav\u00e9s del acompa\u00f1amiento vocal y emocional, las participantes descubren que <strong>cantar tambi\u00e9n puede ser un acto de afirmaci\u00f3n personal<\/strong>, un recordatorio de que <strong>su voz es poder, identidad y derecho a ser escuchadas<\/strong>.<\/p>\n\n\n\n<p>Entre notas, risas y aprendizaje colectivo, el grupo demuestra que <strong>la m\u00fasica puede abrir caminos para la expresi\u00f3n, la confianza y la comunidad<\/strong>, incluso en etapas de la vida donde pocas veces se piensa en nuevos comienzos.<\/p>\n\n\n<ul class=\"wp-block-latest-posts__list is-grid columns-3 wp-block-latest-posts\"><li><div class=\"wp-block-latest-posts__featured-image\"><img loading=\"lazy\" decoding=\"async\" width=\"150\" height=\"150\" src=\"https:\/\/www.alasmedios.com\/wp-content\/uploads\/2026\/05\/AMPEP-inteligencia-artificial-150x150.jpg\" class=\"attachment-thumbnail size-thumbnail wp-post-image\" alt=\"\" style=\"\" \/><\/div><a class=\"wp-block-latest-posts__post-title\" href=\"https:\/\/www.alasmedios.com\/index.php\/2026\/05\/01\/periodismo-frente-a-la-ia-ampep-asume-liderazgo-y-apuesta-por-contar-historias-con-alma\/\">Periodismo frente a la IA: AMPEP asume liderazgo y apuesta por contar historias con \u201calma\u201d<\/a><\/li>\n<li><div class=\"wp-block-latest-posts__featured-image\"><img loading=\"lazy\" decoding=\"async\" width=\"150\" height=\"150\" src=\"https:\/\/www.alasmedios.com\/wp-content\/uploads\/2026\/05\/Hidalgo-viene-un-respiro-con-el-frente-frio-48-150x150.png\" class=\"attachment-thumbnail size-thumbnail wp-post-image\" alt=\"\" style=\"\" \/><\/div><a class=\"wp-block-latest-posts__post-title\" href=\"https:\/\/www.alasmedios.com\/index.php\/2026\/05\/01\/frente-frio-48-un-alivio-asi-impactara-en-hidalgo\/\">Frente fr\u00edo 48, un alivio: as\u00ed impactar\u00e1 en Hidalgo<\/a><\/li>\n<li><div class=\"wp-block-latest-posts__featured-image\"><img loading=\"lazy\" decoding=\"async\" width=\"150\" height=\"150\" src=\"https:\/\/www.alasmedios.com\/wp-content\/uploads\/2026\/05\/mujeres-depresion-posparto-150x150.png\" class=\"attachment-thumbnail size-thumbnail wp-post-image\" alt=\"\" style=\"\" \/><\/div><a class=\"wp-block-latest-posts__post-title\" href=\"https:\/\/www.alasmedios.com\/index.php\/2026\/05\/01\/1-de-cada-15-mujeres-sufre-depresion-posparto\/\">1 de cada 15 mujeres sufre depresi\u00f3n posparto<\/a><\/li>\n<\/ul>","protected":false},"excerpt":{"rendered":"<p>Con el apoyo de la Secretar\u00eda de las Mujeres Pachuca, un grupo de abuelas cuidadoras practic\u00f3 canto junto a la<\/p>\n","protected":false},"author":4,"featured_media":8247,"comment_status":"open","ping_status":"open","sticky":false,"template":"","format":"standard","meta":{"colormag_page_container_layout":"default_layout","colormag_page_sidebar_layout":"default_layout","rop_custom_images_group":[],"rop_custom_messages_group":[],"rop_publish_now":"yes","rop_publish_now_accounts":[],"rop_publish_now_history":[],"rop_publish_now_status":"pending","iawp_total_views":7,"footnotes":""},"categories":[41],"tags":[3468,53,87],"class_list":["post-8246","post","type-post","status-publish","format-standard","has-post-thumbnail","hentry","category-hidalgo","tag-canto","tag-mujeres","tag-pachuca"],"magazineBlocksPostFeaturedMedia":{"thumbnail":"https:\/\/www.alasmedios.com\/wp-content\/uploads\/2026\/03\/abuelas-cuidadoras-canto-Pachuca-150x150.jpg","medium":"https:\/\/www.alasmedios.com\/wp-content\/uploads\/2026\/03\/abuelas-cuidadoras-canto-Pachuca-300x225.jpg","medium_large":"https:\/\/www.alasmedios.com\/wp-content\/uploads\/2026\/03\/abuelas-cuidadoras-canto-Pachuca-768x576.jpg","large":"https:\/\/www.alasmedios.com\/wp-content\/uploads\/2026\/03\/abuelas-cuidadoras-canto-Pachuca-1024x768.jpg","1536x1536":"https:\/\/www.alasmedios.com\/wp-content\/uploads\/2026\/03\/abuelas-cuidadoras-canto-Pachuca-1536x1152.jpg","2048x2048":"https:\/\/www.alasmedios.com\/wp-content\/uploads\/2026\/03\/abuelas-cuidadoras-canto-Pachuca.jpg","colormag-highlighted-post":"https:\/\/www.alasmedios.com\/wp-content\/uploads\/2026\/03\/abuelas-cuidadoras-canto-Pachuca-392x272.jpg","colormag-featured-post-medium":"https:\/\/www.alasmedios.com\/wp-content\/uploads\/2026\/03\/abuelas-cuidadoras-canto-Pachuca-390x205.jpg","colormag-featured-post-small":"https:\/\/www.alasmedios.com\/wp-content\/uploads\/2026\/03\/abuelas-cuidadoras-canto-Pachuca-130x90.jpg","colormag-featured-image":"https:\/\/www.alasmedios.com\/wp-content\/uploads\/2026\/03\/abuelas-cuidadoras-canto-Pachuca-800x445.jpg","colormag-default-news":"https:\/\/www.alasmedios.com\/wp-content\/uploads\/2026\/03\/abuelas-cuidadoras-canto-Pachuca-150x150.jpg","colormag-featured-image-large":"https:\/\/www.alasmedios.com\/wp-content\/uploads\/2026\/03\/abuelas-cuidadoras-canto-Pachuca-1400x600.jpg"},"magazineBlocksPostAuthor":{"name":"Keila Rodr\u00edguez Pe\u00f1a","avatar":"https:\/\/secure.gravatar.com\/avatar\/a2553a2bfaa601b9d539b617c8793e151bdffb60f9e48a249912f86d4c9ebeef?s=96&d=mm&r=g"},"magazineBlocksPostCommentsNumber":"0","magazineBlocksPostExcerpt":"Con el apoyo de la Secretar\u00eda de las Mujeres Pachuca, un grupo de abuelas cuidadoras practic\u00f3 canto junto a la","magazineBlocksPostCategories":["Hidalgo"],"magazineBlocksPostViewCount":30,"magazineBlocksPostReadTime":2,"magazine_blocks_featured_image_url":{"full":["https:\/\/www.alasmedios.com\/wp-content\/uploads\/2026\/03\/abuelas-cuidadoras-canto-Pachuca.jpg",2048,1536,false],"medium":["https:\/\/www.alasmedios.com\/wp-content\/uploads\/2026\/03\/abuelas-cuidadoras-canto-Pachuca-300x225.jpg",300,225,true],"thumbnail":["https:\/\/www.alasmedios.com\/wp-content\/uploads\/2026\/03\/abuelas-cuidadoras-canto-Pachuca-150x150.jpg",150,150,true]},"magazine_blocks_author":{"display_name":"Keila Rodr\u00edguez Pe\u00f1a","author_link":"https:\/\/www.alasmedios.com\/index.php\/author\/keila\/"},"magazine_blocks_comment":0,"magazine_blocks_author_image":"https:\/\/secure.gravatar.com\/avatar\/a2553a2bfaa601b9d539b617c8793e151bdffb60f9e48a249912f86d4c9ebeef?s=96&d=mm&r=g","magazine_blocks_category":"<a href=\"#\" class=\"category-link category-link-41\">Hidalgo<\/a>","yoast_head":"<!-- This site is optimized with the Yoast SEO plugin v27.5 - https:\/\/yoast.com\/product\/yoast-seo-wordpress\/ -->\r\n<title>Grupo de abuelas cuidadoras practica canto en Pachuca<\/title>\r\n<meta name=\"description\" content=\"Con el apoyo de la Secretar\u00eda de las Mujeres Pachuca, un grupo de abuelas cuidadoras practic\u00f3 canto junto a la soprano Adriana Mu\u00f1oz\" \/>\r\n<meta name=\"robots\" content=\"index, follow, max-snippet:-1, max-image-preview:large, max-video-preview:-1\" \/>\r\n<link rel=\"canonical\" href=\"https:\/\/www.alasmedios.com\/index.php\/2026\/03\/16\/grupo-de-abuelas-cuidadoras-practica-canto-en-pachuca\/\" \/>\r\n<meta property=\"og:locale\" content=\"es_MX\" \/>\r\n<meta property=\"og:type\" content=\"article\" \/>\r\n<meta property=\"og:title\" content=\"Grupo de abuelas cuidadoras practica canto en Pachuca\" \/>\r\n<meta property=\"og:description\" content=\"Con el apoyo de la Secretar\u00eda de las Mujeres Pachuca, un grupo de abuelas cuidadoras practic\u00f3 canto junto a la soprano Adriana Mu\u00f1oz\" \/>\r\n<meta property=\"og:url\" content=\"https:\/\/www.alasmedios.com\/index.php\/2026\/03\/16\/grupo-de-abuelas-cuidadoras-practica-canto-en-pachuca\/\" \/>\r\n<meta property=\"og:site_name\" content=\"Alas Medios\" \/>\r\n<meta property=\"article:published_time\" content=\"2026-03-16T15:46:12+00:00\" \/>\r\n<meta property=\"article:modified_time\" content=\"2026-03-16T15:46:16+00:00\" \/>\r\n<meta property=\"og:image\" content=\"https:\/\/www.alasmedios.com\/wp-content\/uploads\/2026\/03\/abuelas-cuidadoras-canto-Pachuca.jpg\" \/>\r\n\t<meta property=\"og:image:width\" content=\"2048\" \/>\r\n\t<meta property=\"og:image:height\" content=\"1536\" \/>\r\n\t<meta property=\"og:image:type\" content=\"image\/jpeg\" \/>\r\n<meta name=\"author\" content=\"Keila Rodr\u00edguez Pe\u00f1a\" \/>\r\n<meta name=\"twitter:card\" content=\"summary_large_image\" \/>\r\n<meta name=\"twitter:label1\" content=\"Escrito por\" \/>\n\t<meta name=\"twitter:data1\" content=\"Keila Rodr\u00edguez Pe\u00f1a\" \/>\n\t<meta name=\"twitter:label2\" content=\"Tiempo de lectura\" \/>\n\t<meta name=\"twitter:data2\" content=\"2 minutos\" \/>\r\n<script type=\"application\/ld+json\" class=\"yoast-schema-graph\">{\"@context\":\"https:\\\/\\\/schema.org\",\"@graph\":[{\"@type\":\"Article\",\"@id\":\"https:\\\/\\\/www.alasmedios.com\\\/index.php\\\/2026\\\/03\\\/16\\\/grupo-de-abuelas-cuidadoras-practica-canto-en-pachuca\\\/#article\",\"isPartOf\":{\"@id\":\"https:\\\/\\\/www.alasmedios.com\\\/index.php\\\/2026\\\/03\\\/16\\\/grupo-de-abuelas-cuidadoras-practica-canto-en-pachuca\\\/\"},\"author\":{\"name\":\"Keila Rodr\u00edguez Pe\u00f1a\",\"@id\":\"https:\\\/\\\/www.alasmedios.com\\\/#\\\/schema\\\/person\\\/0ba31bdd19a05ebf5c7fef1fedf99c34\"},\"headline\":\"Grupo de abuelas cuidadoras practica canto en Pachuca\",\"datePublished\":\"2026-03-16T15:46:12+00:00\",\"dateModified\":\"2026-03-16T15:46:16+00:00\",\"mainEntityOfPage\":{\"@id\":\"https:\\\/\\\/www.alasmedios.com\\\/index.php\\\/2026\\\/03\\\/16\\\/grupo-de-abuelas-cuidadoras-practica-canto-en-pachuca\\\/\"},\"wordCount\":219,\"commentCount\":0,\"publisher\":{\"@id\":\"https:\\\/\\\/www.alasmedios.com\\\/#organization\"},\"image\":{\"@id\":\"https:\\\/\\\/www.alasmedios.com\\\/index.php\\\/2026\\\/03\\\/16\\\/grupo-de-abuelas-cuidadoras-practica-canto-en-pachuca\\\/#primaryimage\"},\"thumbnailUrl\":\"https:\\\/\\\/www.alasmedios.com\\\/wp-content\\\/uploads\\\/2026\\\/03\\\/abuelas-cuidadoras-canto-Pachuca.jpg\",\"keywords\":[\"canto\",\"Mujeres\",\"Pachuca\"],\"articleSection\":[\"Hidalgo\"],\"inLanguage\":\"es\",\"potentialAction\":[{\"@type\":\"CommentAction\",\"name\":\"Comment\",\"target\":[\"https:\\\/\\\/www.alasmedios.com\\\/index.php\\\/2026\\\/03\\\/16\\\/grupo-de-abuelas-cuidadoras-practica-canto-en-pachuca\\\/#respond\"]}]},{\"@type\":\"WebPage\",\"@id\":\"https:\\\/\\\/www.alasmedios.com\\\/index.php\\\/2026\\\/03\\\/16\\\/grupo-de-abuelas-cuidadoras-practica-canto-en-pachuca\\\/\",\"url\":\"https:\\\/\\\/www.alasmedios.com\\\/index.php\\\/2026\\\/03\\\/16\\\/grupo-de-abuelas-cuidadoras-practica-canto-en-pachuca\\\/\",\"name\":\"Grupo de abuelas cuidadoras practica canto en Pachuca\",\"isPartOf\":{\"@id\":\"https:\\\/\\\/www.alasmedios.com\\\/#website\"},\"primaryImageOfPage\":{\"@id\":\"https:\\\/\\\/www.alasmedios.com\\\/index.php\\\/2026\\\/03\\\/16\\\/grupo-de-abuelas-cuidadoras-practica-canto-en-pachuca\\\/#primaryimage\"},\"image\":{\"@id\":\"https:\\\/\\\/www.alasmedios.com\\\/index.php\\\/2026\\\/03\\\/16\\\/grupo-de-abuelas-cuidadoras-practica-canto-en-pachuca\\\/#primaryimage\"},\"thumbnailUrl\":\"https:\\\/\\\/www.alasmedios.com\\\/wp-content\\\/uploads\\\/2026\\\/03\\\/abuelas-cuidadoras-canto-Pachuca.jpg\",\"datePublished\":\"2026-03-16T15:46:12+00:00\",\"dateModified\":\"2026-03-16T15:46:16+00:00\",\"description\":\"Con el apoyo de la Secretar\u00eda de las Mujeres Pachuca, un grupo de abuelas cuidadoras practic\u00f3 canto junto a la soprano Adriana Mu\u00f1oz\",\"breadcrumb\":{\"@id\":\"https:\\\/\\\/www.alasmedios.com\\\/index.php\\\/2026\\\/03\\\/16\\\/grupo-de-abuelas-cuidadoras-practica-canto-en-pachuca\\\/#breadcrumb\"},\"inLanguage\":\"es\",\"potentialAction\":[{\"@type\":\"ReadAction\",\"target\":[\"https:\\\/\\\/www.alasmedios.com\\\/index.php\\\/2026\\\/03\\\/16\\\/grupo-de-abuelas-cuidadoras-practica-canto-en-pachuca\\\/\"]}]},{\"@type\":\"ImageObject\",\"inLanguage\":\"es\",\"@id\":\"https:\\\/\\\/www.alasmedios.com\\\/index.php\\\/2026\\\/03\\\/16\\\/grupo-de-abuelas-cuidadoras-practica-canto-en-pachuca\\\/#primaryimage\",\"url\":\"https:\\\/\\\/www.alasmedios.com\\\/wp-content\\\/uploads\\\/2026\\\/03\\\/abuelas-cuidadoras-canto-Pachuca.jpg\",\"contentUrl\":\"https:\\\/\\\/www.alasmedios.com\\\/wp-content\\\/uploads\\\/2026\\\/03\\\/abuelas-cuidadoras-canto-Pachuca.jpg\",\"width\":2048,\"height\":1536},{\"@type\":\"BreadcrumbList\",\"@id\":\"https:\\\/\\\/www.alasmedios.com\\\/index.php\\\/2026\\\/03\\\/16\\\/grupo-de-abuelas-cuidadoras-practica-canto-en-pachuca\\\/#breadcrumb\",\"itemListElement\":[{\"@type\":\"ListItem\",\"position\":1,\"name\":\"Inicio\",\"item\":\"https:\\\/\\\/www.alasmedios.com\\\/\"},{\"@type\":\"ListItem\",\"position\":2,\"name\":\"Grupo de abuelas cuidadoras practica canto en Pachuca\"}]},{\"@type\":\"WebSite\",\"@id\":\"https:\\\/\\\/www.alasmedios.com\\\/#website\",\"url\":\"https:\\\/\\\/www.alasmedios.com\\\/\",\"name\":\"Alas Medios\",\"description\":\"Alas para pensar, Alas para volar, Alas de libertad\",\"publisher\":{\"@id\":\"https:\\\/\\\/www.alasmedios.com\\\/#organization\"},\"potentialAction\":[{\"@type\":\"SearchAction\",\"target\":{\"@type\":\"EntryPoint\",\"urlTemplate\":\"https:\\\/\\\/www.alasmedios.com\\\/?s={search_term_string}\"},\"query-input\":{\"@type\":\"PropertyValueSpecification\",\"valueRequired\":true,\"valueName\":\"search_term_string\"}}],\"inLanguage\":\"es\"},{\"@type\":\"Organization\",\"@id\":\"https:\\\/\\\/www.alasmedios.com\\\/#organization\",\"name\":\"Alas Medios\",\"url\":\"https:\\\/\\\/www.alasmedios.com\\\/\",\"logo\":{\"@type\":\"ImageObject\",\"inLanguage\":\"es\",\"@id\":\"https:\\\/\\\/www.alasmedios.com\\\/#\\\/schema\\\/logo\\\/image\\\/\",\"url\":\"https:\\\/\\\/www.alasmedios.com\\\/wp-content\\\/uploads\\\/2026\\\/01\\\/cropped-cropped-GAM-1.png\",\"contentUrl\":\"https:\\\/\\\/www.alasmedios.com\\\/wp-content\\\/uploads\\\/2026\\\/01\\\/cropped-cropped-GAM-1.png\",\"width\":467,\"height\":235,\"caption\":\"Alas Medios\"},\"image\":{\"@id\":\"https:\\\/\\\/www.alasmedios.com\\\/#\\\/schema\\\/logo\\\/image\\\/\"}},{\"@type\":\"Person\",\"@id\":\"https:\\\/\\\/www.alasmedios.com\\\/#\\\/schema\\\/person\\\/0ba31bdd19a05ebf5c7fef1fedf99c34\",\"name\":\"Keila Rodr\u00edguez Pe\u00f1a\",\"image\":{\"@type\":\"ImageObject\",\"inLanguage\":\"es\",\"@id\":\"https:\\\/\\\/secure.gravatar.com\\\/avatar\\\/a2553a2bfaa601b9d539b617c8793e151bdffb60f9e48a249912f86d4c9ebeef?s=96&d=mm&r=g\",\"url\":\"https:\\\/\\\/secure.gravatar.com\\\/avatar\\\/a2553a2bfaa601b9d539b617c8793e151bdffb60f9e48a249912f86d4c9ebeef?s=96&d=mm&r=g\",\"contentUrl\":\"https:\\\/\\\/secure.gravatar.com\\\/avatar\\\/a2553a2bfaa601b9d539b617c8793e151bdffb60f9e48a249912f86d4c9ebeef?s=96&d=mm&r=g\",\"caption\":\"Keila Rodr\u00edguez Pe\u00f1a\"},\"sameAs\":[\"http:\\\/\\\/www.alasmedios.com\"],\"url\":\"https:\\\/\\\/www.alasmedios.com\\\/index.php\\\/author\\\/keila\\\/\"}]}<\/script>\r\n<!-- \/ Yoast SEO plugin. -->","yoast_head_json":{"title":"Grupo de abuelas cuidadoras practica canto en Pachuca","description":"Con el apoyo de la Secretar\u00eda de las Mujeres Pachuca, un grupo de abuelas cuidadoras practic\u00f3 canto junto a la soprano Adriana Mu\u00f1oz","robots":{"index":"index","follow":"follow","max-snippet":"max-snippet:-1","max-image-preview":"max-image-preview:large","max-video-preview":"max-video-preview:-1"},"canonical":"https:\/\/www.alasmedios.com\/index.php\/2026\/03\/16\/grupo-de-abuelas-cuidadoras-practica-canto-en-pachuca\/","og_locale":"es_MX","og_type":"article","og_title":"Grupo de abuelas cuidadoras practica canto en Pachuca","og_description":"Con el apoyo de la Secretar\u00eda de las Mujeres Pachuca, un grupo de abuelas cuidadoras practic\u00f3 canto junto a la soprano Adriana Mu\u00f1oz","og_url":"https:\/\/www.alasmedios.com\/index.php\/2026\/03\/16\/grupo-de-abuelas-cuidadoras-practica-canto-en-pachuca\/","og_site_name":"Alas Medios","article_published_time":"2026-03-16T15:46:12+00:00","article_modified_time":"2026-03-16T15:46:16+00:00","og_image":[{"width":2048,"height":1536,"url":"https:\/\/www.alasmedios.com\/wp-content\/uploads\/2026\/03\/abuelas-cuidadoras-canto-Pachuca.jpg","type":"image\/jpeg"}],"author":"Keila Rodr\u00edguez Pe\u00f1a","twitter_card":"summary_large_image","twitter_misc":{"Escrito por":"Keila Rodr\u00edguez Pe\u00f1a","Tiempo de lectura":"2 minutos"},"schema":{"@context":"https:\/\/schema.org","@graph":[{"@type":"Article","@id":"https:\/\/www.alasmedios.com\/index.php\/2026\/03\/16\/grupo-de-abuelas-cuidadoras-practica-canto-en-pachuca\/#article","isPartOf":{"@id":"https:\/\/www.alasmedios.com\/index.php\/2026\/03\/16\/grupo-de-abuelas-cuidadoras-practica-canto-en-pachuca\/"},"author":{"name":"Keila Rodr\u00edguez Pe\u00f1a","@id":"https:\/\/www.alasmedios.com\/#\/schema\/person\/0ba31bdd19a05ebf5c7fef1fedf99c34"},"headline":"Grupo de abuelas cuidadoras practica canto en Pachuca","datePublished":"2026-03-16T15:46:12+00:00","dateModified":"2026-03-16T15:46:16+00:00","mainEntityOfPage":{"@id":"https:\/\/www.alasmedios.com\/index.php\/2026\/03\/16\/grupo-de-abuelas-cuidadoras-practica-canto-en-pachuca\/"},"wordCount":219,"commentCount":0,"publisher":{"@id":"https:\/\/www.alasmedios.com\/#organization"},"image":{"@id":"https:\/\/www.alasmedios.com\/index.php\/2026\/03\/16\/grupo-de-abuelas-cuidadoras-practica-canto-en-pachuca\/#primaryimage"},"thumbnailUrl":"https:\/\/www.alasmedios.com\/wp-content\/uploads\/2026\/03\/abuelas-cuidadoras-canto-Pachuca.jpg","keywords":["canto","Mujeres","Pachuca"],"articleSection":["Hidalgo"],"inLanguage":"es","potentialAction":[{"@type":"CommentAction","name":"Comment","target":["https:\/\/www.alasmedios.com\/index.php\/2026\/03\/16\/grupo-de-abuelas-cuidadoras-practica-canto-en-pachuca\/#respond"]}]},{"@type":"WebPage","@id":"https:\/\/www.alasmedios.com\/index.php\/2026\/03\/16\/grupo-de-abuelas-cuidadoras-practica-canto-en-pachuca\/","url":"https:\/\/www.alasmedios.com\/index.php\/2026\/03\/16\/grupo-de-abuelas-cuidadoras-practica-canto-en-pachuca\/","name":"Grupo de abuelas cuidadoras practica canto en Pachuca","isPartOf":{"@id":"https:\/\/www.alasmedios.com\/#website"},"primaryImageOfPage":{"@id":"https:\/\/www.alasmedios.com\/index.php\/2026\/03\/16\/grupo-de-abuelas-cuidadoras-practica-canto-en-pachuca\/#primaryimage"},"image":{"@id":"https:\/\/www.alasmedios.com\/index.php\/2026\/03\/16\/grupo-de-abuelas-cuidadoras-practica-canto-en-pachuca\/#primaryimage"},"thumbnailUrl":"https:\/\/www.alasmedios.com\/wp-content\/uploads\/2026\/03\/abuelas-cuidadoras-canto-Pachuca.jpg","datePublished":"2026-03-16T15:46:12+00:00","dateModified":"2026-03-16T15:46:16+00:00","description":"Con el apoyo de la Secretar\u00eda de las Mujeres Pachuca, un grupo de abuelas cuidadoras practic\u00f3 canto junto a la soprano Adriana Mu\u00f1oz","breadcrumb":{"@id":"https:\/\/www.alasmedios.com\/index.php\/2026\/03\/16\/grupo-de-abuelas-cuidadoras-practica-canto-en-pachuca\/#breadcrumb"},"inLanguage":"es","potentialAction":[{"@type":"ReadAction","target":["https:\/\/www.alasmedios.com\/index.php\/2026\/03\/16\/grupo-de-abuelas-cuidadoras-practica-canto-en-pachuca\/"]}]},{"@type":"ImageObject","inLanguage":"es","@id":"https:\/\/www.alasmedios.com\/index.php\/2026\/03\/16\/grupo-de-abuelas-cuidadoras-practica-canto-en-pachuca\/#primaryimage","url":"https:\/\/www.alasmedios.com\/wp-content\/uploads\/2026\/03\/abuelas-cuidadoras-canto-Pachuca.jpg","contentUrl":"https:\/\/www.alasmedios.com\/wp-content\/uploads\/2026\/03\/abuelas-cuidadoras-canto-Pachuca.jpg","width":2048,"height":1536},{"@type":"BreadcrumbList","@id":"https:\/\/www.alasmedios.com\/index.php\/2026\/03\/16\/grupo-de-abuelas-cuidadoras-practica-canto-en-pachuca\/#breadcrumb","itemListElement":[{"@type":"ListItem","position":1,"name":"Inicio","item":"https:\/\/www.alasmedios.com\/"},{"@type":"ListItem","position":2,"name":"Grupo de abuelas cuidadoras practica canto en Pachuca"}]},{"@type":"WebSite","@id":"https:\/\/www.alasmedios.com\/#website","url":"https:\/\/www.alasmedios.com\/","name":"Alas Medios","description":"Alas para pensar, Alas para volar, Alas de libertad","publisher":{"@id":"https:\/\/www.alasmedios.com\/#organization"},"potentialAction":[{"@type":"SearchAction","target":{"@type":"EntryPoint","urlTemplate":"https:\/\/www.alasmedios.com\/?s={search_term_string}"},"query-input":{"@type":"PropertyValueSpecification","valueRequired":true,"valueName":"search_term_string"}}],"inLanguage":"es"},{"@type":"Organization","@id":"https:\/\/www.alasmedios.com\/#organization","name":"Alas Medios","url":"https:\/\/www.alasmedios.com\/","logo":{"@type":"ImageObject","inLanguage":"es","@id":"https:\/\/www.alasmedios.com\/#\/schema\/logo\/image\/","url":"https:\/\/www.alasmedios.com\/wp-content\/uploads\/2026\/01\/cropped-cropped-GAM-1.png","contentUrl":"https:\/\/www.alasmedios.com\/wp-content\/uploads\/2026\/01\/cropped-cropped-GAM-1.png","width":467,"height":235,"caption":"Alas Medios"},"image":{"@id":"https:\/\/www.alasmedios.com\/#\/schema\/logo\/image\/"}},{"@type":"Person","@id":"https:\/\/www.alasmedios.com\/#\/schema\/person\/0ba31bdd19a05ebf5c7fef1fedf99c34","name":"Keila Rodr\u00edguez Pe\u00f1a","image":{"@type":"ImageObject","inLanguage":"es","@id":"https:\/\/secure.gravatar.com\/avatar\/a2553a2bfaa601b9d539b617c8793e151bdffb60f9e48a249912f86d4c9ebeef?s=96&d=mm&r=g","url":"https:\/\/secure.gravatar.com\/avatar\/a2553a2bfaa601b9d539b617c8793e151bdffb60f9e48a249912f86d4c9ebeef?s=96&d=mm&r=g","contentUrl":"https:\/\/secure.gravatar.com\/avatar\/a2553a2bfaa601b9d539b617c8793e151bdffb60f9e48a249912f86d4c9ebeef?s=96&d=mm&r=g","caption":"Keila Rodr\u00edguez Pe\u00f1a"},"sameAs":["http:\/\/www.alasmedios.com"],"url":"https:\/\/www.alasmedios.com\/index.php\/author\/keila\/"}]}},"_links":{"self":[{"href":"https:\/\/www.alasmedios.com\/index.php\/wp-json\/wp\/v2\/posts\/8246","targetHints":{"allow":["GET"]}}],"collection":[{"href":"https:\/\/www.alasmedios.com\/index.php\/wp-json\/wp\/v2\/posts"}],"about":[{"href":"https:\/\/www.alasmedios.com\/index.php\/wp-json\/wp\/v2\/types\/post"}],"author":[{"embeddable":true,"href":"https:\/\/www.alasmedios.com\/index.php\/wp-json\/wp\/v2\/users\/4"}],"replies":[{"embeddable":true,"href":"https:\/\/www.alasmedios.com\/index.php\/wp-json\/wp\/v2\/comments?post=8246"}],"version-history":[{"count":1,"href":"https:\/\/www.alasmedios.com\/index.php\/wp-json\/wp\/v2\/posts\/8246\/revisions"}],"predecessor-version":[{"id":8250,"href":"https:\/\/www.alasmedios.com\/index.php\/wp-json\/wp\/v2\/posts\/8246\/revisions\/8250"}],"wp:featuredmedia":[{"embeddable":true,"href":"https:\/\/www.alasmedios.com\/index.php\/wp-json\/wp\/v2\/media\/8247"}],"wp:attachment":[{"href":"https:\/\/www.alasmedios.com\/index.php\/wp-json\/wp\/v2\/media?parent=8246"}],"wp:term":[{"taxonomy":"category","embeddable":true,"href":"https:\/\/www.alasmedios.com\/index.php\/wp-json\/wp\/v2\/categories?post=8246"},{"taxonomy":"post_tag","embeddable":true,"href":"https:\/\/www.alasmedios.com\/index.php\/wp-json\/wp\/v2\/tags?post=8246"}],"curies":[{"name":"wp","href":"https:\/\/api.w.org\/{rel}","templated":true}]}}