{"id":8230,"date":"2026-03-13T15:52:00","date_gmt":"2026-03-13T21:52:00","guid":{"rendered":"https:\/\/www.alasmedios.com\/?p=8230"},"modified":"2026-03-13T13:01:31","modified_gmt":"2026-03-13T19:01:31","slug":"abren-registro-para-apoyo-alimentario-a-embarazadas-y-madres-con-ninos-menores-de-4-anos-en-tulancingo","status":"publish","type":"post","link":"https:\/\/www.alasmedios.com\/index.php\/2026\/03\/13\/abren-registro-para-apoyo-alimentario-a-embarazadas-y-madres-con-ninos-menores-de-4-anos-en-tulancingo\/","title":{"rendered":"Abren registro para apoyo alimentario a embarazadas y madres con ni\u00f1os menores de 4 a\u00f1os en Tulancingo"},"content":{"rendered":"\n<p>En Tulancingo buscan fortalecer la <strong>nutrici\u00f3n y el desarrollo infantil <\/strong>con el programa de <strong> Atenci\u00f3n Alimentaria<\/strong>, si est\u00e1s embarazada o tienes un ni\u00f1o menor a 4 a\u00f1os puedes solicitar el apoyo.<\/p>\n\n\n\n<p>El <strong>Sistema DIF Tulancingo<\/strong> abri\u00f3 la <strong>convocatoria para integrarse al Programa de Atenci\u00f3n Alimentaria en los Primeros 1,000 D\u00edas y Primera Infancia<\/strong>, una iniciativa dirigida a <strong>mujeres embarazadas y madres con ni\u00f1as y ni\u00f1os menores de cuatro a\u00f1os<\/strong>, con el objetivo de fortalecer la <strong>nutrici\u00f3n y el desarrollo infantil durante las primeras etapas de vida<\/strong>.<\/p>\n\n\n\n<p>A trav\u00e9s de este programa, las beneficiarias podr\u00e1n acceder a <strong>canastas alimentarias nutritivas<\/strong> y <strong>orientaci\u00f3n sobre cuidado y alimentaci\u00f3n infantil<\/strong>, acciones enfocadas en mejorar el <strong>estado nutricional de los menores durante sus primeros mil d\u00edas de vida<\/strong>, una etapa considerada clave para su desarrollo f\u00edsico y cognitivo.<\/p>\n\n\n\n<p>CONTIN\u00daA LEYENDO: <a href=\"https:\/\/www.alasmedios.com\/index.php\/2026\/03\/06\/que-es-un-desorden-alimenticio-y-como-operan-las-comunidades-ana-y-mia\/\" type=\"post\" id=\"8126\">Qu\u00e9 es un desorden alimenticio y c\u00f3mo operan las comunidades \u201cAna y M\u00eda\u201d<\/a><\/p>\n\n\n\n<p>La convocatoria es coordinada por la <strong>Direcci\u00f3n de Asistencia Alimentaria del DIF municipal<\/strong>, mientras que <strong>la selecci\u00f3n final de beneficiarias estar\u00e1 a cargo del DIF estatal<\/strong>.<\/p>\n\n\n\n<p>Las personas interesadas deber\u00e1n <strong>presentar su documentaci\u00f3n en las oficinas del Sistema DIF Tulancingo<\/strong>, espec\u00edficamente en el <strong>Departamento de Asistencia Alimentaria<\/strong>, en un horario de <strong>lunes a viernes de 8:30 a 14:00 horas<\/strong>.<\/p>\n\n\n\n<p>Entre los <strong>requisitos principales<\/strong> se encuentran <strong>CURP<\/strong>, <strong>comprobante de domicilio que acredite residencia en Tulancingo<\/strong>, <strong>n\u00famero telef\u00f3nico de contacto<\/strong> e <strong>identificaci\u00f3n oficial<\/strong>. Adem\u00e1s, el programa est\u00e1 dirigido a mujeres que <strong>se encuentren a partir del segundo trimestre de embarazo o que tengan hijas o hijos menores de cuatro a\u00f1os<\/strong>.<\/p>\n\n\n\n<p>Las autoridades locales se\u00f1alaron que el programa busca <strong>reforzar la alimentaci\u00f3n durante los primeros a\u00f1os de vida<\/strong>, etapa fundamental para prevenir <strong>problemas de nutrici\u00f3n y favorecer un crecimiento saludable<\/strong>.<\/p>\n\n\n\n<p>Para mayores informes, las personas interesadas pueden comunicarse al <strong>775 755 8450, extensi\u00f3n 1176<\/strong>.<\/p>\n\n\n<ul class=\"wp-block-latest-posts__list is-grid columns-3 wp-block-latest-posts\"><li><div class=\"wp-block-latest-posts__featured-image\"><img loading=\"lazy\" decoding=\"async\" width=\"150\" height=\"150\" src=\"https:\/\/www.alasmedios.com\/wp-content\/uploads\/2026\/05\/AMPEP-inteligencia-artificial-150x150.jpg\" class=\"attachment-thumbnail size-thumbnail wp-post-image\" alt=\"\" style=\"\" \/><\/div><a class=\"wp-block-latest-posts__post-title\" href=\"https:\/\/www.alasmedios.com\/index.php\/2026\/05\/01\/periodismo-frente-a-la-ia-ampep-asume-liderazgo-y-apuesta-por-contar-historias-con-alma\/\">Periodismo frente a la IA: AMPEP asume liderazgo y apuesta por contar historias con \u201calma\u201d<\/a><\/li>\n<li><div class=\"wp-block-latest-posts__featured-image\"><img loading=\"lazy\" decoding=\"async\" width=\"150\" height=\"150\" src=\"https:\/\/www.alasmedios.com\/wp-content\/uploads\/2026\/05\/Hidalgo-viene-un-respiro-con-el-frente-frio-48-150x150.png\" class=\"attachment-thumbnail size-thumbnail wp-post-image\" alt=\"\" style=\"\" \/><\/div><a class=\"wp-block-latest-posts__post-title\" href=\"https:\/\/www.alasmedios.com\/index.php\/2026\/05\/01\/frente-frio-48-un-alivio-asi-impactara-en-hidalgo\/\">Frente fr\u00edo 48, un alivio: as\u00ed impactar\u00e1 en Hidalgo<\/a><\/li>\n<li><div class=\"wp-block-latest-posts__featured-image\"><img loading=\"lazy\" decoding=\"async\" width=\"150\" height=\"150\" src=\"https:\/\/www.alasmedios.com\/wp-content\/uploads\/2026\/05\/mujeres-depresion-posparto-150x150.png\" class=\"attachment-thumbnail size-thumbnail wp-post-image\" alt=\"\" style=\"\" \/><\/div><a class=\"wp-block-latest-posts__post-title\" href=\"https:\/\/www.alasmedios.com\/index.php\/2026\/05\/01\/1-de-cada-15-mujeres-sufre-depresion-posparto\/\">1 de cada 15 mujeres sufre depresi\u00f3n posparto<\/a><\/li>\n<\/ul>","protected":false},"excerpt":{"rendered":"<p>En Tulancingo buscan fortalecer la nutrici\u00f3n y el desarrollo infantil con el programa de Atenci\u00f3n Alimentaria, si est\u00e1s embarazada o<\/p>\n","protected":false},"author":4,"featured_media":8231,"comment_status":"open","ping_status":"open","sticky":false,"template":"","format":"standard","meta":{"colormag_page_container_layout":"default_layout","colormag_page_sidebar_layout":"default_layout","rop_custom_images_group":[],"rop_custom_messages_group":[],"rop_publish_now":"yes","rop_publish_now_accounts":[],"rop_publish_now_history":[],"rop_publish_now_status":"pending","iawp_total_views":3,"footnotes":""},"categories":[42,41],"tags":[219,175,1586,136,584],"class_list":["post-8230","post","type-post","status-publish","format-standard","has-post-thumbnail","hentry","category-familia_salud","category-hidalgo","tag-embarazo","tag-infancias","tag-nutricion","tag-salud","tag-tulancingo"],"magazineBlocksPostFeaturedMedia":{"thumbnail":"https:\/\/www.alasmedios.com\/wp-content\/uploads\/2026\/03\/Abren-registro-para-apoyo-alimentario-a-embarazadas-y-madres-con-ninos-menores-de-4-anos-en-Tulancingo-150x150.png","medium":"https:\/\/www.alasmedios.com\/wp-content\/uploads\/2026\/03\/Abren-registro-para-apoyo-alimentario-a-embarazadas-y-madres-con-ninos-menores-de-4-anos-en-Tulancingo-300x182.png","medium_large":"https:\/\/www.alasmedios.com\/wp-content\/uploads\/2026\/03\/Abren-registro-para-apoyo-alimentario-a-embarazadas-y-madres-con-ninos-menores-de-4-anos-en-Tulancingo-768x466.png","large":"https:\/\/www.alasmedios.com\/wp-content\/uploads\/2026\/03\/Abren-registro-para-apoyo-alimentario-a-embarazadas-y-madres-con-ninos-menores-de-4-anos-en-Tulancingo-1024x622.png","1536x1536":"https:\/\/www.alasmedios.com\/wp-content\/uploads\/2026\/03\/Abren-registro-para-apoyo-alimentario-a-embarazadas-y-madres-con-ninos-menores-de-4-anos-en-Tulancingo-1536x932.png","2048x2048":"https:\/\/www.alasmedios.com\/wp-content\/uploads\/2026\/03\/Abren-registro-para-apoyo-alimentario-a-embarazadas-y-madres-con-ninos-menores-de-4-anos-en-Tulancingo.png","colormag-highlighted-post":"https:\/\/www.alasmedios.com\/wp-content\/uploads\/2026\/03\/Abren-registro-para-apoyo-alimentario-a-embarazadas-y-madres-con-ninos-menores-de-4-anos-en-Tulancingo-392x272.png","colormag-featured-post-medium":"https:\/\/www.alasmedios.com\/wp-content\/uploads\/2026\/03\/Abren-registro-para-apoyo-alimentario-a-embarazadas-y-madres-con-ninos-menores-de-4-anos-en-Tulancingo-390x205.png","colormag-featured-post-small":"https:\/\/www.alasmedios.com\/wp-content\/uploads\/2026\/03\/Abren-registro-para-apoyo-alimentario-a-embarazadas-y-madres-con-ninos-menores-de-4-anos-en-Tulancingo-130x90.png","colormag-featured-image":"https:\/\/www.alasmedios.com\/wp-content\/uploads\/2026\/03\/Abren-registro-para-apoyo-alimentario-a-embarazadas-y-madres-con-ninos-menores-de-4-anos-en-Tulancingo-800x445.png","colormag-default-news":"https:\/\/www.alasmedios.com\/wp-content\/uploads\/2026\/03\/Abren-registro-para-apoyo-alimentario-a-embarazadas-y-madres-con-ninos-menores-de-4-anos-en-Tulancingo-150x150.png","colormag-featured-image-large":"https:\/\/www.alasmedios.com\/wp-content\/uploads\/2026\/03\/Abren-registro-para-apoyo-alimentario-a-embarazadas-y-madres-con-ninos-menores-de-4-anos-en-Tulancingo-1400x600.png"},"magazineBlocksPostAuthor":{"name":"Keila Rodr\u00edguez Pe\u00f1a","avatar":"https:\/\/secure.gravatar.com\/avatar\/a2553a2bfaa601b9d539b617c8793e151bdffb60f9e48a249912f86d4c9ebeef?s=96&d=mm&r=g"},"magazineBlocksPostCommentsNumber":"0","magazineBlocksPostExcerpt":"En Tulancingo buscan fortalecer la nutrici\u00f3n y el desarrollo infantil con el programa de Atenci\u00f3n Alimentaria, si est\u00e1s embarazada o","magazineBlocksPostCategories":["Familia y Bienestar","Hidalgo"],"magazineBlocksPostViewCount":9,"magazineBlocksPostReadTime":2,"magazine_blocks_featured_image_url":{"full":["https:\/\/www.alasmedios.com\/wp-content\/uploads\/2026\/03\/Abren-registro-para-apoyo-alimentario-a-embarazadas-y-madres-con-ninos-menores-de-4-anos-en-Tulancingo.png",2000,1214,false],"medium":["https:\/\/www.alasmedios.com\/wp-content\/uploads\/2026\/03\/Abren-registro-para-apoyo-alimentario-a-embarazadas-y-madres-con-ninos-menores-de-4-anos-en-Tulancingo-300x182.png",300,182,true],"thumbnail":["https:\/\/www.alasmedios.com\/wp-content\/uploads\/2026\/03\/Abren-registro-para-apoyo-alimentario-a-embarazadas-y-madres-con-ninos-menores-de-4-anos-en-Tulancingo-150x150.png",150,150,true]},"magazine_blocks_author":{"display_name":"Keila Rodr\u00edguez Pe\u00f1a","author_link":"https:\/\/www.alasmedios.com\/index.php\/author\/keila\/"},"magazine_blocks_comment":0,"magazine_blocks_author_image":"https:\/\/secure.gravatar.com\/avatar\/a2553a2bfaa601b9d539b617c8793e151bdffb60f9e48a249912f86d4c9ebeef?s=96&d=mm&r=g","magazine_blocks_category":"<a href=\"#\" class=\"category-link category-link-42\">Familia y Bienestar<\/a> <a href=\"#\" class=\"category-link category-link-41\">Hidalgo<\/a>","yoast_head":"<!-- This site is optimized with the Yoast SEO plugin v27.5 - https:\/\/yoast.com\/product\/yoast-seo-wordpress\/ -->\r\n<title>Abren registro para apoyo alimentario a embarazadas y madres con ni\u00f1os menores de 4 a\u00f1os en Tulancingo - Alas Medios<\/title>\r\n<meta name=\"description\" content=\"En Tulancingo buscan fortalecer la nutrici\u00f3n y el desarrollo infantil con el programa de Atenci\u00f3n Alimentaria\" \/>\r\n<meta name=\"robots\" content=\"index, follow, max-snippet:-1, max-image-preview:large, max-video-preview:-1\" \/>\r\n<link rel=\"canonical\" href=\"https:\/\/www.alasmedios.com\/index.php\/2026\/03\/13\/abren-registro-para-apoyo-alimentario-a-embarazadas-y-madres-con-ninos-menores-de-4-anos-en-tulancingo\/\" \/>\r\n<meta property=\"og:locale\" content=\"es_MX\" \/>\r\n<meta property=\"og:type\" content=\"article\" \/>\r\n<meta property=\"og:title\" content=\"Abren registro para apoyo alimentario a embarazadas y madres con ni\u00f1os menores de 4 a\u00f1os en Tulancingo - Alas Medios\" \/>\r\n<meta property=\"og:description\" content=\"En Tulancingo buscan fortalecer la nutrici\u00f3n y el desarrollo infantil con el programa de Atenci\u00f3n Alimentaria\" \/>\r\n<meta property=\"og:url\" content=\"https:\/\/www.alasmedios.com\/index.php\/2026\/03\/13\/abren-registro-para-apoyo-alimentario-a-embarazadas-y-madres-con-ninos-menores-de-4-anos-en-tulancingo\/\" \/>\r\n<meta property=\"og:site_name\" content=\"Alas Medios\" \/>\r\n<meta property=\"article:published_time\" content=\"2026-03-13T21:52:00+00:00\" \/>\r\n<meta property=\"og:image\" content=\"https:\/\/www.alasmedios.com\/wp-content\/uploads\/2026\/03\/Abren-registro-para-apoyo-alimentario-a-embarazadas-y-madres-con-ninos-menores-de-4-anos-en-Tulancingo-1024x622.png\" \/>\r\n\t<meta property=\"og:image:width\" content=\"1024\" \/>\r\n\t<meta property=\"og:image:height\" content=\"622\" \/>\r\n\t<meta property=\"og:image:type\" content=\"image\/png\" \/>\r\n<meta name=\"author\" content=\"Keila Rodr\u00edguez Pe\u00f1a\" \/>\r\n<meta name=\"twitter:card\" content=\"summary_large_image\" \/>\r\n<meta name=\"twitter:label1\" content=\"Escrito por\" \/>\n\t<meta name=\"twitter:data1\" content=\"Keila Rodr\u00edguez Pe\u00f1a\" \/>\n\t<meta name=\"twitter:label2\" content=\"Tiempo de lectura\" \/>\n\t<meta name=\"twitter:data2\" content=\"2 minutos\" \/>\r\n<script type=\"application\/ld+json\" class=\"yoast-schema-graph\">{\"@context\":\"https:\\\/\\\/schema.org\",\"@graph\":[{\"@type\":\"Article\",\"@id\":\"https:\\\/\\\/www.alasmedios.com\\\/index.php\\\/2026\\\/03\\\/13\\\/abren-registro-para-apoyo-alimentario-a-embarazadas-y-madres-con-ninos-menores-de-4-anos-en-tulancingo\\\/#article\",\"isPartOf\":{\"@id\":\"https:\\\/\\\/www.alasmedios.com\\\/index.php\\\/2026\\\/03\\\/13\\\/abren-registro-para-apoyo-alimentario-a-embarazadas-y-madres-con-ninos-menores-de-4-anos-en-tulancingo\\\/\"},\"author\":{\"name\":\"Keila Rodr\u00edguez Pe\u00f1a\",\"@id\":\"https:\\\/\\\/www.alasmedios.com\\\/#\\\/schema\\\/person\\\/0ba31bdd19a05ebf5c7fef1fedf99c34\"},\"headline\":\"Abren registro para apoyo alimentario a embarazadas y madres con ni\u00f1os menores de 4 a\u00f1os en Tulancingo\",\"datePublished\":\"2026-03-13T21:52:00+00:00\",\"mainEntityOfPage\":{\"@id\":\"https:\\\/\\\/www.alasmedios.com\\\/index.php\\\/2026\\\/03\\\/13\\\/abren-registro-para-apoyo-alimentario-a-embarazadas-y-madres-con-ninos-menores-de-4-anos-en-tulancingo\\\/\"},\"wordCount\":344,\"commentCount\":0,\"publisher\":{\"@id\":\"https:\\\/\\\/www.alasmedios.com\\\/#organization\"},\"image\":{\"@id\":\"https:\\\/\\\/www.alasmedios.com\\\/index.php\\\/2026\\\/03\\\/13\\\/abren-registro-para-apoyo-alimentario-a-embarazadas-y-madres-con-ninos-menores-de-4-anos-en-tulancingo\\\/#primaryimage\"},\"thumbnailUrl\":\"https:\\\/\\\/www.alasmedios.com\\\/wp-content\\\/uploads\\\/2026\\\/03\\\/Abren-registro-para-apoyo-alimentario-a-embarazadas-y-madres-con-ninos-menores-de-4-anos-en-Tulancingo.png\",\"keywords\":[\"embarazo\",\"infancias\",\"nutrici\u00f3n\",\"Salud\",\"Tulancingo\"],\"articleSection\":[\"Familia y Bienestar\",\"Hidalgo\"],\"inLanguage\":\"es\",\"potentialAction\":[{\"@type\":\"CommentAction\",\"name\":\"Comment\",\"target\":[\"https:\\\/\\\/www.alasmedios.com\\\/index.php\\\/2026\\\/03\\\/13\\\/abren-registro-para-apoyo-alimentario-a-embarazadas-y-madres-con-ninos-menores-de-4-anos-en-tulancingo\\\/#respond\"]}]},{\"@type\":\"WebPage\",\"@id\":\"https:\\\/\\\/www.alasmedios.com\\\/index.php\\\/2026\\\/03\\\/13\\\/abren-registro-para-apoyo-alimentario-a-embarazadas-y-madres-con-ninos-menores-de-4-anos-en-tulancingo\\\/\",\"url\":\"https:\\\/\\\/www.alasmedios.com\\\/index.php\\\/2026\\\/03\\\/13\\\/abren-registro-para-apoyo-alimentario-a-embarazadas-y-madres-con-ninos-menores-de-4-anos-en-tulancingo\\\/\",\"name\":\"Abren registro para apoyo alimentario a embarazadas y madres con ni\u00f1os menores de 4 a\u00f1os en Tulancingo - Alas Medios\",\"isPartOf\":{\"@id\":\"https:\\\/\\\/www.alasmedios.com\\\/#website\"},\"primaryImageOfPage\":{\"@id\":\"https:\\\/\\\/www.alasmedios.com\\\/index.php\\\/2026\\\/03\\\/13\\\/abren-registro-para-apoyo-alimentario-a-embarazadas-y-madres-con-ninos-menores-de-4-anos-en-tulancingo\\\/#primaryimage\"},\"image\":{\"@id\":\"https:\\\/\\\/www.alasmedios.com\\\/index.php\\\/2026\\\/03\\\/13\\\/abren-registro-para-apoyo-alimentario-a-embarazadas-y-madres-con-ninos-menores-de-4-anos-en-tulancingo\\\/#primaryimage\"},\"thumbnailUrl\":\"https:\\\/\\\/www.alasmedios.com\\\/wp-content\\\/uploads\\\/2026\\\/03\\\/Abren-registro-para-apoyo-alimentario-a-embarazadas-y-madres-con-ninos-menores-de-4-anos-en-Tulancingo.png\",\"datePublished\":\"2026-03-13T21:52:00+00:00\",\"description\":\"En Tulancingo buscan fortalecer la nutrici\u00f3n y el desarrollo infantil con el programa de Atenci\u00f3n Alimentaria\",\"breadcrumb\":{\"@id\":\"https:\\\/\\\/www.alasmedios.com\\\/index.php\\\/2026\\\/03\\\/13\\\/abren-registro-para-apoyo-alimentario-a-embarazadas-y-madres-con-ninos-menores-de-4-anos-en-tulancingo\\\/#breadcrumb\"},\"inLanguage\":\"es\",\"potentialAction\":[{\"@type\":\"ReadAction\",\"target\":[\"https:\\\/\\\/www.alasmedios.com\\\/index.php\\\/2026\\\/03\\\/13\\\/abren-registro-para-apoyo-alimentario-a-embarazadas-y-madres-con-ninos-menores-de-4-anos-en-tulancingo\\\/\"]}]},{\"@type\":\"ImageObject\",\"inLanguage\":\"es\",\"@id\":\"https:\\\/\\\/www.alasmedios.com\\\/index.php\\\/2026\\\/03\\\/13\\\/abren-registro-para-apoyo-alimentario-a-embarazadas-y-madres-con-ninos-menores-de-4-anos-en-tulancingo\\\/#primaryimage\",\"url\":\"https:\\\/\\\/www.alasmedios.com\\\/wp-content\\\/uploads\\\/2026\\\/03\\\/Abren-registro-para-apoyo-alimentario-a-embarazadas-y-madres-con-ninos-menores-de-4-anos-en-Tulancingo.png\",\"contentUrl\":\"https:\\\/\\\/www.alasmedios.com\\\/wp-content\\\/uploads\\\/2026\\\/03\\\/Abren-registro-para-apoyo-alimentario-a-embarazadas-y-madres-con-ninos-menores-de-4-anos-en-Tulancingo.png\",\"width\":2000,\"height\":1214},{\"@type\":\"BreadcrumbList\",\"@id\":\"https:\\\/\\\/www.alasmedios.com\\\/index.php\\\/2026\\\/03\\\/13\\\/abren-registro-para-apoyo-alimentario-a-embarazadas-y-madres-con-ninos-menores-de-4-anos-en-tulancingo\\\/#breadcrumb\",\"itemListElement\":[{\"@type\":\"ListItem\",\"position\":1,\"name\":\"Inicio\",\"item\":\"https:\\\/\\\/www.alasmedios.com\\\/\"},{\"@type\":\"ListItem\",\"position\":2,\"name\":\"Abren registro para apoyo alimentario a embarazadas y madres con ni\u00f1os menores de 4 a\u00f1os en Tulancingo\"}]},{\"@type\":\"WebSite\",\"@id\":\"https:\\\/\\\/www.alasmedios.com\\\/#website\",\"url\":\"https:\\\/\\\/www.alasmedios.com\\\/\",\"name\":\"Alas Medios\",\"description\":\"Alas para pensar, Alas para volar, Alas de libertad\",\"publisher\":{\"@id\":\"https:\\\/\\\/www.alasmedios.com\\\/#organization\"},\"potentialAction\":[{\"@type\":\"SearchAction\",\"target\":{\"@type\":\"EntryPoint\",\"urlTemplate\":\"https:\\\/\\\/www.alasmedios.com\\\/?s={search_term_string}\"},\"query-input\":{\"@type\":\"PropertyValueSpecification\",\"valueRequired\":true,\"valueName\":\"search_term_string\"}}],\"inLanguage\":\"es\"},{\"@type\":\"Organization\",\"@id\":\"https:\\\/\\\/www.alasmedios.com\\\/#organization\",\"name\":\"Alas Medios\",\"url\":\"https:\\\/\\\/www.alasmedios.com\\\/\",\"logo\":{\"@type\":\"ImageObject\",\"inLanguage\":\"es\",\"@id\":\"https:\\\/\\\/www.alasmedios.com\\\/#\\\/schema\\\/logo\\\/image\\\/\",\"url\":\"https:\\\/\\\/www.alasmedios.com\\\/wp-content\\\/uploads\\\/2026\\\/01\\\/cropped-cropped-GAM-1.png\",\"contentUrl\":\"https:\\\/\\\/www.alasmedios.com\\\/wp-content\\\/uploads\\\/2026\\\/01\\\/cropped-cropped-GAM-1.png\",\"width\":467,\"height\":235,\"caption\":\"Alas Medios\"},\"image\":{\"@id\":\"https:\\\/\\\/www.alasmedios.com\\\/#\\\/schema\\\/logo\\\/image\\\/\"}},{\"@type\":\"Person\",\"@id\":\"https:\\\/\\\/www.alasmedios.com\\\/#\\\/schema\\\/person\\\/0ba31bdd19a05ebf5c7fef1fedf99c34\",\"name\":\"Keila Rodr\u00edguez Pe\u00f1a\",\"image\":{\"@type\":\"ImageObject\",\"inLanguage\":\"es\",\"@id\":\"https:\\\/\\\/secure.gravatar.com\\\/avatar\\\/a2553a2bfaa601b9d539b617c8793e151bdffb60f9e48a249912f86d4c9ebeef?s=96&d=mm&r=g\",\"url\":\"https:\\\/\\\/secure.gravatar.com\\\/avatar\\\/a2553a2bfaa601b9d539b617c8793e151bdffb60f9e48a249912f86d4c9ebeef?s=96&d=mm&r=g\",\"contentUrl\":\"https:\\\/\\\/secure.gravatar.com\\\/avatar\\\/a2553a2bfaa601b9d539b617c8793e151bdffb60f9e48a249912f86d4c9ebeef?s=96&d=mm&r=g\",\"caption\":\"Keila Rodr\u00edguez Pe\u00f1a\"},\"sameAs\":[\"http:\\\/\\\/www.alasmedios.com\"],\"url\":\"https:\\\/\\\/www.alasmedios.com\\\/index.php\\\/author\\\/keila\\\/\"}]}<\/script>\r\n<!-- \/ Yoast SEO plugin. -->","yoast_head_json":{"title":"Abren registro para apoyo alimentario a embarazadas y madres con ni\u00f1os menores de 4 a\u00f1os en Tulancingo - Alas Medios","description":"En Tulancingo buscan fortalecer la nutrici\u00f3n y el desarrollo infantil con el programa de Atenci\u00f3n Alimentaria","robots":{"index":"index","follow":"follow","max-snippet":"max-snippet:-1","max-image-preview":"max-image-preview:large","max-video-preview":"max-video-preview:-1"},"canonical":"https:\/\/www.alasmedios.com\/index.php\/2026\/03\/13\/abren-registro-para-apoyo-alimentario-a-embarazadas-y-madres-con-ninos-menores-de-4-anos-en-tulancingo\/","og_locale":"es_MX","og_type":"article","og_title":"Abren registro para apoyo alimentario a embarazadas y madres con ni\u00f1os menores de 4 a\u00f1os en Tulancingo - Alas Medios","og_description":"En Tulancingo buscan fortalecer la nutrici\u00f3n y el desarrollo infantil con el programa de Atenci\u00f3n Alimentaria","og_url":"https:\/\/www.alasmedios.com\/index.php\/2026\/03\/13\/abren-registro-para-apoyo-alimentario-a-embarazadas-y-madres-con-ninos-menores-de-4-anos-en-tulancingo\/","og_site_name":"Alas Medios","article_published_time":"2026-03-13T21:52:00+00:00","og_image":[{"width":1024,"height":622,"url":"https:\/\/www.alasmedios.com\/wp-content\/uploads\/2026\/03\/Abren-registro-para-apoyo-alimentario-a-embarazadas-y-madres-con-ninos-menores-de-4-anos-en-Tulancingo-1024x622.png","type":"image\/png"}],"author":"Keila Rodr\u00edguez Pe\u00f1a","twitter_card":"summary_large_image","twitter_misc":{"Escrito por":"Keila Rodr\u00edguez Pe\u00f1a","Tiempo de lectura":"2 minutos"},"schema":{"@context":"https:\/\/schema.org","@graph":[{"@type":"Article","@id":"https:\/\/www.alasmedios.com\/index.php\/2026\/03\/13\/abren-registro-para-apoyo-alimentario-a-embarazadas-y-madres-con-ninos-menores-de-4-anos-en-tulancingo\/#article","isPartOf":{"@id":"https:\/\/www.alasmedios.com\/index.php\/2026\/03\/13\/abren-registro-para-apoyo-alimentario-a-embarazadas-y-madres-con-ninos-menores-de-4-anos-en-tulancingo\/"},"author":{"name":"Keila Rodr\u00edguez Pe\u00f1a","@id":"https:\/\/www.alasmedios.com\/#\/schema\/person\/0ba31bdd19a05ebf5c7fef1fedf99c34"},"headline":"Abren registro para apoyo alimentario a embarazadas y madres con ni\u00f1os menores de 4 a\u00f1os en Tulancingo","datePublished":"2026-03-13T21:52:00+00:00","mainEntityOfPage":{"@id":"https:\/\/www.alasmedios.com\/index.php\/2026\/03\/13\/abren-registro-para-apoyo-alimentario-a-embarazadas-y-madres-con-ninos-menores-de-4-anos-en-tulancingo\/"},"wordCount":344,"commentCount":0,"publisher":{"@id":"https:\/\/www.alasmedios.com\/#organization"},"image":{"@id":"https:\/\/www.alasmedios.com\/index.php\/2026\/03\/13\/abren-registro-para-apoyo-alimentario-a-embarazadas-y-madres-con-ninos-menores-de-4-anos-en-tulancingo\/#primaryimage"},"thumbnailUrl":"https:\/\/www.alasmedios.com\/wp-content\/uploads\/2026\/03\/Abren-registro-para-apoyo-alimentario-a-embarazadas-y-madres-con-ninos-menores-de-4-anos-en-Tulancingo.png","keywords":["embarazo","infancias","nutrici\u00f3n","Salud","Tulancingo"],"articleSection":["Familia y Bienestar","Hidalgo"],"inLanguage":"es","potentialAction":[{"@type":"CommentAction","name":"Comment","target":["https:\/\/www.alasmedios.com\/index.php\/2026\/03\/13\/abren-registro-para-apoyo-alimentario-a-embarazadas-y-madres-con-ninos-menores-de-4-anos-en-tulancingo\/#respond"]}]},{"@type":"WebPage","@id":"https:\/\/www.alasmedios.com\/index.php\/2026\/03\/13\/abren-registro-para-apoyo-alimentario-a-embarazadas-y-madres-con-ninos-menores-de-4-anos-en-tulancingo\/","url":"https:\/\/www.alasmedios.com\/index.php\/2026\/03\/13\/abren-registro-para-apoyo-alimentario-a-embarazadas-y-madres-con-ninos-menores-de-4-anos-en-tulancingo\/","name":"Abren registro para apoyo alimentario a embarazadas y madres con ni\u00f1os menores de 4 a\u00f1os en Tulancingo - Alas Medios","isPartOf":{"@id":"https:\/\/www.alasmedios.com\/#website"},"primaryImageOfPage":{"@id":"https:\/\/www.alasmedios.com\/index.php\/2026\/03\/13\/abren-registro-para-apoyo-alimentario-a-embarazadas-y-madres-con-ninos-menores-de-4-anos-en-tulancingo\/#primaryimage"},"image":{"@id":"https:\/\/www.alasmedios.com\/index.php\/2026\/03\/13\/abren-registro-para-apoyo-alimentario-a-embarazadas-y-madres-con-ninos-menores-de-4-anos-en-tulancingo\/#primaryimage"},"thumbnailUrl":"https:\/\/www.alasmedios.com\/wp-content\/uploads\/2026\/03\/Abren-registro-para-apoyo-alimentario-a-embarazadas-y-madres-con-ninos-menores-de-4-anos-en-Tulancingo.png","datePublished":"2026-03-13T21:52:00+00:00","description":"En Tulancingo buscan fortalecer la nutrici\u00f3n y el desarrollo infantil con el programa de Atenci\u00f3n Alimentaria","breadcrumb":{"@id":"https:\/\/www.alasmedios.com\/index.php\/2026\/03\/13\/abren-registro-para-apoyo-alimentario-a-embarazadas-y-madres-con-ninos-menores-de-4-anos-en-tulancingo\/#breadcrumb"},"inLanguage":"es","potentialAction":[{"@type":"ReadAction","target":["https:\/\/www.alasmedios.com\/index.php\/2026\/03\/13\/abren-registro-para-apoyo-alimentario-a-embarazadas-y-madres-con-ninos-menores-de-4-anos-en-tulancingo\/"]}]},{"@type":"ImageObject","inLanguage":"es","@id":"https:\/\/www.alasmedios.com\/index.php\/2026\/03\/13\/abren-registro-para-apoyo-alimentario-a-embarazadas-y-madres-con-ninos-menores-de-4-anos-en-tulancingo\/#primaryimage","url":"https:\/\/www.alasmedios.com\/wp-content\/uploads\/2026\/03\/Abren-registro-para-apoyo-alimentario-a-embarazadas-y-madres-con-ninos-menores-de-4-anos-en-Tulancingo.png","contentUrl":"https:\/\/www.alasmedios.com\/wp-content\/uploads\/2026\/03\/Abren-registro-para-apoyo-alimentario-a-embarazadas-y-madres-con-ninos-menores-de-4-anos-en-Tulancingo.png","width":2000,"height":1214},{"@type":"BreadcrumbList","@id":"https:\/\/www.alasmedios.com\/index.php\/2026\/03\/13\/abren-registro-para-apoyo-alimentario-a-embarazadas-y-madres-con-ninos-menores-de-4-anos-en-tulancingo\/#breadcrumb","itemListElement":[{"@type":"ListItem","position":1,"name":"Inicio","item":"https:\/\/www.alasmedios.com\/"},{"@type":"ListItem","position":2,"name":"Abren registro para apoyo alimentario a embarazadas y madres con ni\u00f1os menores de 4 a\u00f1os en Tulancingo"}]},{"@type":"WebSite","@id":"https:\/\/www.alasmedios.com\/#website","url":"https:\/\/www.alasmedios.com\/","name":"Alas Medios","description":"Alas para pensar, Alas para volar, Alas de libertad","publisher":{"@id":"https:\/\/www.alasmedios.com\/#organization"},"potentialAction":[{"@type":"SearchAction","target":{"@type":"EntryPoint","urlTemplate":"https:\/\/www.alasmedios.com\/?s={search_term_string}"},"query-input":{"@type":"PropertyValueSpecification","valueRequired":true,"valueName":"search_term_string"}}],"inLanguage":"es"},{"@type":"Organization","@id":"https:\/\/www.alasmedios.com\/#organization","name":"Alas Medios","url":"https:\/\/www.alasmedios.com\/","logo":{"@type":"ImageObject","inLanguage":"es","@id":"https:\/\/www.alasmedios.com\/#\/schema\/logo\/image\/","url":"https:\/\/www.alasmedios.com\/wp-content\/uploads\/2026\/01\/cropped-cropped-GAM-1.png","contentUrl":"https:\/\/www.alasmedios.com\/wp-content\/uploads\/2026\/01\/cropped-cropped-GAM-1.png","width":467,"height":235,"caption":"Alas Medios"},"image":{"@id":"https:\/\/www.alasmedios.com\/#\/schema\/logo\/image\/"}},{"@type":"Person","@id":"https:\/\/www.alasmedios.com\/#\/schema\/person\/0ba31bdd19a05ebf5c7fef1fedf99c34","name":"Keila Rodr\u00edguez Pe\u00f1a","image":{"@type":"ImageObject","inLanguage":"es","@id":"https:\/\/secure.gravatar.com\/avatar\/a2553a2bfaa601b9d539b617c8793e151bdffb60f9e48a249912f86d4c9ebeef?s=96&d=mm&r=g","url":"https:\/\/secure.gravatar.com\/avatar\/a2553a2bfaa601b9d539b617c8793e151bdffb60f9e48a249912f86d4c9ebeef?s=96&d=mm&r=g","contentUrl":"https:\/\/secure.gravatar.com\/avatar\/a2553a2bfaa601b9d539b617c8793e151bdffb60f9e48a249912f86d4c9ebeef?s=96&d=mm&r=g","caption":"Keila Rodr\u00edguez Pe\u00f1a"},"sameAs":["http:\/\/www.alasmedios.com"],"url":"https:\/\/www.alasmedios.com\/index.php\/author\/keila\/"}]}},"_links":{"self":[{"href":"https:\/\/www.alasmedios.com\/index.php\/wp-json\/wp\/v2\/posts\/8230","targetHints":{"allow":["GET"]}}],"collection":[{"href":"https:\/\/www.alasmedios.com\/index.php\/wp-json\/wp\/v2\/posts"}],"about":[{"href":"https:\/\/www.alasmedios.com\/index.php\/wp-json\/wp\/v2\/types\/post"}],"author":[{"embeddable":true,"href":"https:\/\/www.alasmedios.com\/index.php\/wp-json\/wp\/v2\/users\/4"}],"replies":[{"embeddable":true,"href":"https:\/\/www.alasmedios.com\/index.php\/wp-json\/wp\/v2\/comments?post=8230"}],"version-history":[{"count":1,"href":"https:\/\/www.alasmedios.com\/index.php\/wp-json\/wp\/v2\/posts\/8230\/revisions"}],"predecessor-version":[{"id":8232,"href":"https:\/\/www.alasmedios.com\/index.php\/wp-json\/wp\/v2\/posts\/8230\/revisions\/8232"}],"wp:featuredmedia":[{"embeddable":true,"href":"https:\/\/www.alasmedios.com\/index.php\/wp-json\/wp\/v2\/media\/8231"}],"wp:attachment":[{"href":"https:\/\/www.alasmedios.com\/index.php\/wp-json\/wp\/v2\/media?parent=8230"}],"wp:term":[{"taxonomy":"category","embeddable":true,"href":"https:\/\/www.alasmedios.com\/index.php\/wp-json\/wp\/v2\/categories?post=8230"},{"taxonomy":"post_tag","embeddable":true,"href":"https:\/\/www.alasmedios.com\/index.php\/wp-json\/wp\/v2\/tags?post=8230"}],"curies":[{"name":"wp","href":"https:\/\/api.w.org\/{rel}","templated":true}]}}