{"id":8227,"date":"2026-03-13T14:34:00","date_gmt":"2026-03-13T20:34:00","guid":{"rendered":"https:\/\/www.alasmedios.com\/?p=8227"},"modified":"2026-03-13T12:46:38","modified_gmt":"2026-03-13T18:46:38","slug":"cromma-fest-arte-musica-y-cultura-independiente-se-reunen-en-pachuca","status":"publish","type":"post","link":"https:\/\/www.alasmedios.com\/index.php\/2026\/03\/13\/cromma-fest-arte-musica-y-cultura-independiente-se-reunen-en-pachuca\/","title":{"rendered":"CROMMA FEST: arte, m\u00fasica y cultura independiente se re\u00fanen en Pachuca"},"content":{"rendered":"\n<p>\u00bfYa tienes planes para este s\u00e1bado? A Pachuca llega el <strong>CROMMA FEST<\/strong>, festival de m\u00fasica, arte y cultura te espera en el <strong>Centro Cultural del Ferrocarril<\/strong>.<\/p>\n\n\n\n<p>El <strong>Centro Cultural del Ferrocarril<\/strong>, en <strong>Pachuca<\/strong>, ser\u00e1 sede de <strong>CROMMA FEST<\/strong>, un <strong>festival multidisciplinario de arte y cultura<\/strong> que busca reunir a artistas, creadores y p\u00fablico en una jornada dedicada a la <strong>expresi\u00f3n art\u00edstica, la convivencia y la creatividad<\/strong>.<\/p>\n\n\n\n<p>El evento es organizado por <strong>Cromma Hause<\/strong> y se realizar\u00e1 el <strong>14 de marzo<\/strong>, de <strong>11:00 a 19:00 horas<\/strong>, con <strong>entrada libre<\/strong> y actividades pensadas para <strong>toda la familia<\/strong>.<\/p>\n\n\n\n<p>CONTIN\u00daA LEYENDO: <a href=\"https:\/\/www.alasmedios.com\/index.php\/2026\/03\/13\/lanzan-convocatoria-para-la-xlv-muestra-gastronomica-de-santiago-de-anaya\/\" type=\"post\" id=\"8224\">Lanzan convocatoria para la XLV Muestra Gastron\u00f3mica de Santiago de Anaya<\/a><\/p>\n\n\n\n<p>Durante el festival se presentar\u00e1 una <strong>amplia cartelera de m\u00fasica, danza, performance, literatura y arte urbano<\/strong>, con la participaci\u00f3n de diversos <strong>artistas locales y colectivos independientes<\/strong>.<\/p>\n\n\n\n<h3 class=\"wp-block-heading\">\u00bfQu\u00e9 esperar en el CROMMA FEST?<\/h3>\n\n\n\n<p>Entre las actividades programadas destacan <strong>presentaciones en vivo<\/strong>, como el <strong>mural en vivo de Fano Art y Tony Orc<\/strong>, el <strong>dance cover de Winxy<\/strong>, el <strong>spoken word de Dalila<\/strong>, as\u00ed como espect\u00e1culos de <strong>danza del vientre con Laura M\u00e9ndez<\/strong> y propuestas musicales de <strong>PHCO, Hommie Simon\u2019s, At Delirium, Vell\u00fcr, ZEROFLOX y FEBE<\/strong>.<\/p>\n\n\n\n<iframe loading=\"lazy\" src=\"https:\/\/www.facebook.com\/plugins\/post.php?href=https%3A%2F%2Fwww.facebook.com%2FCulturaHidalgo%2Fposts%2Fpfbid02VqjoUJvTpYyiayD6GZPSRi25wsM7Ln86VKSTTiHQL4i4AEC7ZUpSPXyuCjsBjFtpl&#038;show_text=true&#038;width=500\" width=\"500\" height=\"699\" style=\"border:none;overflow:hidden\" scrolling=\"no\" frameborder=\"0\" allowfullscreen=\"true\" allow=\"autoplay; clipboard-write; encrypted-media; picture-in-picture; web-share\"><\/iframe>\n\n\n\n<p>Tambi\u00e9n habr\u00e1 espacio para la <strong>literatura y el performance<\/strong>, con la <strong>lectura de poes\u00eda de Blanca GTZ<\/strong>, la <strong>presentaci\u00f3n del libro \u201cPor poco no llegamos: Dolores la cazadora\u201d de Janet P\u00e9rez Islas<\/strong>, y el <strong>performance \u201c\u00bfEscuchaste?\u201d<\/strong>.<\/p>\n\n\n\n<p>El programa incluye adem\u00e1s <strong>presentaciones de danza<\/strong> con grupos y creadores como <strong>Conte Estudio, Abraham L\u00f3pez, Creart Company, Roberto Dur\u00e1n y la compa\u00f1\u00eda de Cromma<\/strong>, adem\u00e1s de un <strong>recital de alumnos de m\u00fasica de Cromma Hause<\/strong>, dirigido por el profesor <strong>Nox Lein<\/strong>.<\/p>\n\n\n\n<p>TE PUEDE INTERESAR: <a href=\"https:\/\/www.alasmedios.com\/index.php\/2026\/03\/11\/16-animales-regresan-a-su-habitat-en-la-barranca-de-metztitlan\/\" type=\"post\" id=\"8172\">16 animales regresan a su h\u00e1bitat en la Barranca de Metztitl\u00e1n<\/a><\/p>\n\n\n\n<p>Como parte del festival se impartir\u00e1n <strong>talleres abiertos al p\u00fablico<\/strong>, entre ellos <strong>tatuajes gr\u00e1ficos temporales con Flor Maldonado<\/strong>, <strong>reimaginaci\u00f3n textil con Ad\u00e1n Missael Hern\u00e1ndez Garrido<\/strong>, <strong>lectura y escritura creativa para ni\u00f1as y ni\u00f1os con Jair Alburquerque<\/strong>, y actividades de <strong>cianotipia, poes\u00eda experimental y conceptualizaci\u00f3n art\u00edstica<\/strong>.<\/p>\n\n\n\n<p>El evento tambi\u00e9n contar\u00e1 con un <strong>tianguis cultural<\/strong>, donde se ofrecer\u00e1n <strong>arte, artesan\u00edas, comida, juguetes y productos de proyectos independientes<\/strong>, en un espacio que busca impulsar la <strong>econom\u00eda creativa y el talento local<\/strong>.<\/p>\n\n\n\n<p>De acuerdo con los organizadores, <strong>CROMMA FEST<\/strong> pretende consolidarse como <strong>un punto de encuentro para el arte emergente<\/strong>, donde distintas disciplinas convivan y el p\u00fablico pueda acercarse a <strong>propuestas culturales alternativas<\/strong> en un ambiente abierto y familiar.<\/p>\n\n\n\n<p>Para m\u00e1s informaci\u00f3n, las personas interesadas pueden comunicarse al <strong>557 860 2772<\/strong>.<\/p>\n\n\n<ul class=\"wp-block-latest-posts__list is-grid columns-3 wp-block-latest-posts\"><li><div class=\"wp-block-latest-posts__featured-image\"><img loading=\"lazy\" decoding=\"async\" width=\"150\" height=\"150\" src=\"https:\/\/www.alasmedios.com\/wp-content\/uploads\/2026\/04\/Dia-de-la-Nina-y-el-Nino-Mineral-del-Monte-150x150.png\" class=\"attachment-thumbnail size-thumbnail wp-post-image\" alt=\"\" style=\"\" \/><\/div><a class=\"wp-block-latest-posts__post-title\" href=\"https:\/\/www.alasmedios.com\/index.php\/2026\/04\/27\/sombreros-juegos-y-sonrisas-mineral-del-monte-alista-fiesta-vaquera-para-ninas-y-ninos\/\">Sombreros, juegos y sonrisas: Mineral del Monte alista fiesta vaquera para ni\u00f1as y ni\u00f1os<\/a><\/li>\n<li><div class=\"wp-block-latest-posts__featured-image\"><img loading=\"lazy\" decoding=\"async\" width=\"150\" height=\"150\" src=\"https:\/\/www.alasmedios.com\/wp-content\/uploads\/2026\/04\/Congreso-Puebla-proteccion-de-victimas-de-violencia-150x150.png\" class=\"attachment-thumbnail size-thumbnail wp-post-image\" alt=\"\" style=\"\" \/><\/div><a class=\"wp-block-latest-posts__post-title\" href=\"https:\/\/www.alasmedios.com\/index.php\/2026\/04\/27\/congreso-de-puebla-urge-a-ayuntamientos-a-cumplir-medidas-para-victimas-de-violencia\/\">Congreso de Puebla urge a Ayuntamientos a cumplir medidas para v\u00edctimas de violencia<\/a><\/li>\n<li><div class=\"wp-block-latest-posts__featured-image\"><img loading=\"lazy\" decoding=\"async\" width=\"150\" height=\"150\" src=\"https:\/\/www.alasmedios.com\/wp-content\/uploads\/2026\/04\/esperanza-de-vida-en-Mexico-150x150.png\" class=\"attachment-thumbnail size-thumbnail wp-post-image\" alt=\"\" style=\"\" \/><\/div><a class=\"wp-block-latest-posts__post-title\" href=\"https:\/\/www.alasmedios.com\/index.php\/2026\/04\/27\/esperanza-de-vida-en-mexico-crece-6-7-pero-persisten-anos-con-mala-salud-alerta-unam\/\">Esperanza de vida en M\u00e9xico crece 6.7%, pero persisten a\u00f1os con mala salud, alerta UNAM<\/a><\/li>\n<\/ul>\n\n\n<p><\/p>\n","protected":false},"excerpt":{"rendered":"<p>\u00bfYa tienes planes para este s\u00e1bado? A Pachuca llega el CROMMA FEST, festival de m\u00fasica, arte y cultura te espera<\/p>\n","protected":false},"author":4,"featured_media":8228,"comment_status":"open","ping_status":"open","sticky":false,"template":"","format":"standard","meta":{"colormag_page_container_layout":"default_layout","colormag_page_sidebar_layout":"default_layout","rop_custom_images_group":[],"rop_custom_messages_group":[],"rop_publish_now":"yes","rop_publish_now_accounts":[],"rop_publish_now_history":[],"rop_publish_now_status":"pending","iawp_total_views":2,"footnotes":""},"categories":[41],"tags":[52,3461,75,87,74],"class_list":["post-8227","post","type-post","status-publish","format-standard","has-post-thumbnail","hentry","category-hidalgo","tag-arte","tag-cromma-fest","tag-cultura","tag-pachuca","tag-turismo"],"magazineBlocksPostFeaturedMedia":{"thumbnail":"https:\/\/www.alasmedios.com\/wp-content\/uploads\/2026\/03\/Pachuca-CROMMA-FEST-150x150.png","medium":"https:\/\/www.alasmedios.com\/wp-content\/uploads\/2026\/03\/Pachuca-CROMMA-FEST-300x182.png","medium_large":"https:\/\/www.alasmedios.com\/wp-content\/uploads\/2026\/03\/Pachuca-CROMMA-FEST-768x466.png","large":"https:\/\/www.alasmedios.com\/wp-content\/uploads\/2026\/03\/Pachuca-CROMMA-FEST-1024x622.png","1536x1536":"https:\/\/www.alasmedios.com\/wp-content\/uploads\/2026\/03\/Pachuca-CROMMA-FEST-1536x932.png","2048x2048":"https:\/\/www.alasmedios.com\/wp-content\/uploads\/2026\/03\/Pachuca-CROMMA-FEST.png","colormag-highlighted-post":"https:\/\/www.alasmedios.com\/wp-content\/uploads\/2026\/03\/Pachuca-CROMMA-FEST-392x272.png","colormag-featured-post-medium":"https:\/\/www.alasmedios.com\/wp-content\/uploads\/2026\/03\/Pachuca-CROMMA-FEST-390x205.png","colormag-featured-post-small":"https:\/\/www.alasmedios.com\/wp-content\/uploads\/2026\/03\/Pachuca-CROMMA-FEST-130x90.png","colormag-featured-image":"https:\/\/www.alasmedios.com\/wp-content\/uploads\/2026\/03\/Pachuca-CROMMA-FEST-800x445.png","colormag-default-news":"https:\/\/www.alasmedios.com\/wp-content\/uploads\/2026\/03\/Pachuca-CROMMA-FEST-150x150.png","colormag-featured-image-large":"https:\/\/www.alasmedios.com\/wp-content\/uploads\/2026\/03\/Pachuca-CROMMA-FEST-1400x600.png"},"magazineBlocksPostAuthor":{"name":"Keila Rodr\u00edguez Pe\u00f1a","avatar":"https:\/\/secure.gravatar.com\/avatar\/a2553a2bfaa601b9d539b617c8793e151bdffb60f9e48a249912f86d4c9ebeef?s=96&d=mm&r=g"},"magazineBlocksPostCommentsNumber":"0","magazineBlocksPostExcerpt":"\u00bfYa tienes planes para este s\u00e1bado? A Pachuca llega el CROMMA FEST, festival de m\u00fasica, arte y cultura te espera","magazineBlocksPostCategories":["Hidalgo"],"magazineBlocksPostViewCount":17,"magazineBlocksPostReadTime":3,"magazine_blocks_featured_image_url":{"full":["https:\/\/www.alasmedios.com\/wp-content\/uploads\/2026\/03\/Pachuca-CROMMA-FEST.png",2000,1214,false],"medium":["https:\/\/www.alasmedios.com\/wp-content\/uploads\/2026\/03\/Pachuca-CROMMA-FEST-300x182.png",300,182,true],"thumbnail":["https:\/\/www.alasmedios.com\/wp-content\/uploads\/2026\/03\/Pachuca-CROMMA-FEST-150x150.png",150,150,true]},"magazine_blocks_author":{"display_name":"Keila Rodr\u00edguez Pe\u00f1a","author_link":"https:\/\/www.alasmedios.com\/index.php\/author\/keila\/"},"magazine_blocks_comment":0,"magazine_blocks_author_image":"https:\/\/secure.gravatar.com\/avatar\/a2553a2bfaa601b9d539b617c8793e151bdffb60f9e48a249912f86d4c9ebeef?s=96&d=mm&r=g","magazine_blocks_category":"<a href=\"#\" class=\"category-link category-link-41\">Hidalgo<\/a>","yoast_head":"<!-- This site is optimized with the Yoast SEO plugin v27.4 - https:\/\/yoast.com\/product\/yoast-seo-wordpress\/ -->\r\n<title>CROMMA FEST: arte, m\u00fasica y cultura independiente se re\u00fanen en Pachuca<\/title>\r\n<meta name=\"description\" content=\"\u00bfYa tienes planes para el s\u00e1bado? A Pachuca llega el CROMMA FEST, festival de m\u00fasica, arte y cultura en el Centro Cultural del Ferrocarril\" \/>\r\n<meta name=\"robots\" content=\"index, follow, max-snippet:-1, max-image-preview:large, max-video-preview:-1\" \/>\r\n<link rel=\"canonical\" href=\"https:\/\/www.alasmedios.com\/index.php\/2026\/03\/13\/cromma-fest-arte-musica-y-cultura-independiente-se-reunen-en-pachuca\/\" \/>\r\n<meta property=\"og:locale\" content=\"es_MX\" \/>\r\n<meta property=\"og:type\" content=\"article\" \/>\r\n<meta property=\"og:title\" content=\"CROMMA FEST: arte, m\u00fasica y cultura independiente se re\u00fanen en Pachuca\" \/>\r\n<meta property=\"og:description\" content=\"\u00bfYa tienes planes para el s\u00e1bado? A Pachuca llega el CROMMA FEST, festival de m\u00fasica, arte y cultura en el Centro Cultural del Ferrocarril\" \/>\r\n<meta property=\"og:url\" content=\"https:\/\/www.alasmedios.com\/index.php\/2026\/03\/13\/cromma-fest-arte-musica-y-cultura-independiente-se-reunen-en-pachuca\/\" \/>\r\n<meta property=\"og:site_name\" content=\"Alas Medios\" \/>\r\n<meta property=\"article:published_time\" content=\"2026-03-13T20:34:00+00:00\" \/>\r\n<meta property=\"og:image\" content=\"https:\/\/www.alasmedios.com\/wp-content\/uploads\/2026\/03\/Pachuca-CROMMA-FEST-1024x622.png\" \/>\r\n\t<meta property=\"og:image:width\" content=\"1024\" \/>\r\n\t<meta property=\"og:image:height\" content=\"622\" \/>\r\n\t<meta property=\"og:image:type\" content=\"image\/png\" \/>\r\n<meta name=\"author\" content=\"Keila Rodr\u00edguez Pe\u00f1a\" \/>\r\n<meta name=\"twitter:card\" content=\"summary_large_image\" \/>\r\n<meta name=\"twitter:label1\" content=\"Escrito por\" \/>\n\t<meta name=\"twitter:data1\" content=\"Keila Rodr\u00edguez Pe\u00f1a\" \/>\n\t<meta name=\"twitter:label2\" content=\"Tiempo de lectura\" \/>\n\t<meta name=\"twitter:data2\" content=\"3 minutos\" \/>\r\n<script type=\"application\/ld+json\" class=\"yoast-schema-graph\">{\"@context\":\"https:\\\/\\\/schema.org\",\"@graph\":[{\"@type\":\"Article\",\"@id\":\"https:\\\/\\\/www.alasmedios.com\\\/index.php\\\/2026\\\/03\\\/13\\\/cromma-fest-arte-musica-y-cultura-independiente-se-reunen-en-pachuca\\\/#article\",\"isPartOf\":{\"@id\":\"https:\\\/\\\/www.alasmedios.com\\\/index.php\\\/2026\\\/03\\\/13\\\/cromma-fest-arte-musica-y-cultura-independiente-se-reunen-en-pachuca\\\/\"},\"author\":{\"name\":\"Keila Rodr\u00edguez Pe\u00f1a\",\"@id\":\"https:\\\/\\\/www.alasmedios.com\\\/#\\\/schema\\\/person\\\/0ba31bdd19a05ebf5c7fef1fedf99c34\"},\"headline\":\"CROMMA FEST: arte, m\u00fasica y cultura independiente se re\u00fanen en Pachuca\",\"datePublished\":\"2026-03-13T20:34:00+00:00\",\"mainEntityOfPage\":{\"@id\":\"https:\\\/\\\/www.alasmedios.com\\\/index.php\\\/2026\\\/03\\\/13\\\/cromma-fest-arte-musica-y-cultura-independiente-se-reunen-en-pachuca\\\/\"},\"wordCount\":460,\"commentCount\":0,\"publisher\":{\"@id\":\"https:\\\/\\\/www.alasmedios.com\\\/#organization\"},\"image\":{\"@id\":\"https:\\\/\\\/www.alasmedios.com\\\/index.php\\\/2026\\\/03\\\/13\\\/cromma-fest-arte-musica-y-cultura-independiente-se-reunen-en-pachuca\\\/#primaryimage\"},\"thumbnailUrl\":\"https:\\\/\\\/www.alasmedios.com\\\/wp-content\\\/uploads\\\/2026\\\/03\\\/Pachuca-CROMMA-FEST.png\",\"keywords\":[\"Arte\",\"Cromma Fest\",\"Cultura\",\"Pachuca\",\"Turismo\"],\"articleSection\":[\"Hidalgo\"],\"inLanguage\":\"es\",\"potentialAction\":[{\"@type\":\"CommentAction\",\"name\":\"Comment\",\"target\":[\"https:\\\/\\\/www.alasmedios.com\\\/index.php\\\/2026\\\/03\\\/13\\\/cromma-fest-arte-musica-y-cultura-independiente-se-reunen-en-pachuca\\\/#respond\"]}]},{\"@type\":\"WebPage\",\"@id\":\"https:\\\/\\\/www.alasmedios.com\\\/index.php\\\/2026\\\/03\\\/13\\\/cromma-fest-arte-musica-y-cultura-independiente-se-reunen-en-pachuca\\\/\",\"url\":\"https:\\\/\\\/www.alasmedios.com\\\/index.php\\\/2026\\\/03\\\/13\\\/cromma-fest-arte-musica-y-cultura-independiente-se-reunen-en-pachuca\\\/\",\"name\":\"CROMMA FEST: arte, m\u00fasica y cultura independiente se re\u00fanen en Pachuca\",\"isPartOf\":{\"@id\":\"https:\\\/\\\/www.alasmedios.com\\\/#website\"},\"primaryImageOfPage\":{\"@id\":\"https:\\\/\\\/www.alasmedios.com\\\/index.php\\\/2026\\\/03\\\/13\\\/cromma-fest-arte-musica-y-cultura-independiente-se-reunen-en-pachuca\\\/#primaryimage\"},\"image\":{\"@id\":\"https:\\\/\\\/www.alasmedios.com\\\/index.php\\\/2026\\\/03\\\/13\\\/cromma-fest-arte-musica-y-cultura-independiente-se-reunen-en-pachuca\\\/#primaryimage\"},\"thumbnailUrl\":\"https:\\\/\\\/www.alasmedios.com\\\/wp-content\\\/uploads\\\/2026\\\/03\\\/Pachuca-CROMMA-FEST.png\",\"datePublished\":\"2026-03-13T20:34:00+00:00\",\"description\":\"\u00bfYa tienes planes para el s\u00e1bado? A Pachuca llega el CROMMA FEST, festival de m\u00fasica, arte y cultura en el Centro Cultural del Ferrocarril\",\"breadcrumb\":{\"@id\":\"https:\\\/\\\/www.alasmedios.com\\\/index.php\\\/2026\\\/03\\\/13\\\/cromma-fest-arte-musica-y-cultura-independiente-se-reunen-en-pachuca\\\/#breadcrumb\"},\"inLanguage\":\"es\",\"potentialAction\":[{\"@type\":\"ReadAction\",\"target\":[\"https:\\\/\\\/www.alasmedios.com\\\/index.php\\\/2026\\\/03\\\/13\\\/cromma-fest-arte-musica-y-cultura-independiente-se-reunen-en-pachuca\\\/\"]}]},{\"@type\":\"ImageObject\",\"inLanguage\":\"es\",\"@id\":\"https:\\\/\\\/www.alasmedios.com\\\/index.php\\\/2026\\\/03\\\/13\\\/cromma-fest-arte-musica-y-cultura-independiente-se-reunen-en-pachuca\\\/#primaryimage\",\"url\":\"https:\\\/\\\/www.alasmedios.com\\\/wp-content\\\/uploads\\\/2026\\\/03\\\/Pachuca-CROMMA-FEST.png\",\"contentUrl\":\"https:\\\/\\\/www.alasmedios.com\\\/wp-content\\\/uploads\\\/2026\\\/03\\\/Pachuca-CROMMA-FEST.png\",\"width\":2000,\"height\":1214},{\"@type\":\"BreadcrumbList\",\"@id\":\"https:\\\/\\\/www.alasmedios.com\\\/index.php\\\/2026\\\/03\\\/13\\\/cromma-fest-arte-musica-y-cultura-independiente-se-reunen-en-pachuca\\\/#breadcrumb\",\"itemListElement\":[{\"@type\":\"ListItem\",\"position\":1,\"name\":\"Inicio\",\"item\":\"https:\\\/\\\/www.alasmedios.com\\\/\"},{\"@type\":\"ListItem\",\"position\":2,\"name\":\"CROMMA FEST: arte, m\u00fasica y cultura independiente se re\u00fanen en Pachuca\"}]},{\"@type\":\"WebSite\",\"@id\":\"https:\\\/\\\/www.alasmedios.com\\\/#website\",\"url\":\"https:\\\/\\\/www.alasmedios.com\\\/\",\"name\":\"Alas Medios\",\"description\":\"Alas para pensar, Alas para volar, Alas de libertad\",\"publisher\":{\"@id\":\"https:\\\/\\\/www.alasmedios.com\\\/#organization\"},\"potentialAction\":[{\"@type\":\"SearchAction\",\"target\":{\"@type\":\"EntryPoint\",\"urlTemplate\":\"https:\\\/\\\/www.alasmedios.com\\\/?s={search_term_string}\"},\"query-input\":{\"@type\":\"PropertyValueSpecification\",\"valueRequired\":true,\"valueName\":\"search_term_string\"}}],\"inLanguage\":\"es\"},{\"@type\":\"Organization\",\"@id\":\"https:\\\/\\\/www.alasmedios.com\\\/#organization\",\"name\":\"Alas Medios\",\"url\":\"https:\\\/\\\/www.alasmedios.com\\\/\",\"logo\":{\"@type\":\"ImageObject\",\"inLanguage\":\"es\",\"@id\":\"https:\\\/\\\/www.alasmedios.com\\\/#\\\/schema\\\/logo\\\/image\\\/\",\"url\":\"https:\\\/\\\/www.alasmedios.com\\\/wp-content\\\/uploads\\\/2026\\\/01\\\/cropped-cropped-GAM-1.png\",\"contentUrl\":\"https:\\\/\\\/www.alasmedios.com\\\/wp-content\\\/uploads\\\/2026\\\/01\\\/cropped-cropped-GAM-1.png\",\"width\":467,\"height\":235,\"caption\":\"Alas Medios\"},\"image\":{\"@id\":\"https:\\\/\\\/www.alasmedios.com\\\/#\\\/schema\\\/logo\\\/image\\\/\"}},{\"@type\":\"Person\",\"@id\":\"https:\\\/\\\/www.alasmedios.com\\\/#\\\/schema\\\/person\\\/0ba31bdd19a05ebf5c7fef1fedf99c34\",\"name\":\"Keila Rodr\u00edguez Pe\u00f1a\",\"image\":{\"@type\":\"ImageObject\",\"inLanguage\":\"es\",\"@id\":\"https:\\\/\\\/secure.gravatar.com\\\/avatar\\\/a2553a2bfaa601b9d539b617c8793e151bdffb60f9e48a249912f86d4c9ebeef?s=96&d=mm&r=g\",\"url\":\"https:\\\/\\\/secure.gravatar.com\\\/avatar\\\/a2553a2bfaa601b9d539b617c8793e151bdffb60f9e48a249912f86d4c9ebeef?s=96&d=mm&r=g\",\"contentUrl\":\"https:\\\/\\\/secure.gravatar.com\\\/avatar\\\/a2553a2bfaa601b9d539b617c8793e151bdffb60f9e48a249912f86d4c9ebeef?s=96&d=mm&r=g\",\"caption\":\"Keila Rodr\u00edguez Pe\u00f1a\"},\"sameAs\":[\"http:\\\/\\\/www.alasmedios.com\"],\"url\":\"https:\\\/\\\/www.alasmedios.com\\\/index.php\\\/author\\\/keila\\\/\"}]}<\/script>\r\n<!-- \/ Yoast SEO plugin. -->","yoast_head_json":{"title":"CROMMA FEST: arte, m\u00fasica y cultura independiente se re\u00fanen en Pachuca","description":"\u00bfYa tienes planes para el s\u00e1bado? A Pachuca llega el CROMMA FEST, festival de m\u00fasica, arte y cultura en el Centro Cultural del Ferrocarril","robots":{"index":"index","follow":"follow","max-snippet":"max-snippet:-1","max-image-preview":"max-image-preview:large","max-video-preview":"max-video-preview:-1"},"canonical":"https:\/\/www.alasmedios.com\/index.php\/2026\/03\/13\/cromma-fest-arte-musica-y-cultura-independiente-se-reunen-en-pachuca\/","og_locale":"es_MX","og_type":"article","og_title":"CROMMA FEST: arte, m\u00fasica y cultura independiente se re\u00fanen en Pachuca","og_description":"\u00bfYa tienes planes para el s\u00e1bado? A Pachuca llega el CROMMA FEST, festival de m\u00fasica, arte y cultura en el Centro Cultural del Ferrocarril","og_url":"https:\/\/www.alasmedios.com\/index.php\/2026\/03\/13\/cromma-fest-arte-musica-y-cultura-independiente-se-reunen-en-pachuca\/","og_site_name":"Alas Medios","article_published_time":"2026-03-13T20:34:00+00:00","og_image":[{"width":1024,"height":622,"url":"https:\/\/www.alasmedios.com\/wp-content\/uploads\/2026\/03\/Pachuca-CROMMA-FEST-1024x622.png","type":"image\/png"}],"author":"Keila Rodr\u00edguez Pe\u00f1a","twitter_card":"summary_large_image","twitter_misc":{"Escrito por":"Keila Rodr\u00edguez Pe\u00f1a","Tiempo de lectura":"3 minutos"},"schema":{"@context":"https:\/\/schema.org","@graph":[{"@type":"Article","@id":"https:\/\/www.alasmedios.com\/index.php\/2026\/03\/13\/cromma-fest-arte-musica-y-cultura-independiente-se-reunen-en-pachuca\/#article","isPartOf":{"@id":"https:\/\/www.alasmedios.com\/index.php\/2026\/03\/13\/cromma-fest-arte-musica-y-cultura-independiente-se-reunen-en-pachuca\/"},"author":{"name":"Keila Rodr\u00edguez Pe\u00f1a","@id":"https:\/\/www.alasmedios.com\/#\/schema\/person\/0ba31bdd19a05ebf5c7fef1fedf99c34"},"headline":"CROMMA FEST: arte, m\u00fasica y cultura independiente se re\u00fanen en Pachuca","datePublished":"2026-03-13T20:34:00+00:00","mainEntityOfPage":{"@id":"https:\/\/www.alasmedios.com\/index.php\/2026\/03\/13\/cromma-fest-arte-musica-y-cultura-independiente-se-reunen-en-pachuca\/"},"wordCount":460,"commentCount":0,"publisher":{"@id":"https:\/\/www.alasmedios.com\/#organization"},"image":{"@id":"https:\/\/www.alasmedios.com\/index.php\/2026\/03\/13\/cromma-fest-arte-musica-y-cultura-independiente-se-reunen-en-pachuca\/#primaryimage"},"thumbnailUrl":"https:\/\/www.alasmedios.com\/wp-content\/uploads\/2026\/03\/Pachuca-CROMMA-FEST.png","keywords":["Arte","Cromma Fest","Cultura","Pachuca","Turismo"],"articleSection":["Hidalgo"],"inLanguage":"es","potentialAction":[{"@type":"CommentAction","name":"Comment","target":["https:\/\/www.alasmedios.com\/index.php\/2026\/03\/13\/cromma-fest-arte-musica-y-cultura-independiente-se-reunen-en-pachuca\/#respond"]}]},{"@type":"WebPage","@id":"https:\/\/www.alasmedios.com\/index.php\/2026\/03\/13\/cromma-fest-arte-musica-y-cultura-independiente-se-reunen-en-pachuca\/","url":"https:\/\/www.alasmedios.com\/index.php\/2026\/03\/13\/cromma-fest-arte-musica-y-cultura-independiente-se-reunen-en-pachuca\/","name":"CROMMA FEST: arte, m\u00fasica y cultura independiente se re\u00fanen en Pachuca","isPartOf":{"@id":"https:\/\/www.alasmedios.com\/#website"},"primaryImageOfPage":{"@id":"https:\/\/www.alasmedios.com\/index.php\/2026\/03\/13\/cromma-fest-arte-musica-y-cultura-independiente-se-reunen-en-pachuca\/#primaryimage"},"image":{"@id":"https:\/\/www.alasmedios.com\/index.php\/2026\/03\/13\/cromma-fest-arte-musica-y-cultura-independiente-se-reunen-en-pachuca\/#primaryimage"},"thumbnailUrl":"https:\/\/www.alasmedios.com\/wp-content\/uploads\/2026\/03\/Pachuca-CROMMA-FEST.png","datePublished":"2026-03-13T20:34:00+00:00","description":"\u00bfYa tienes planes para el s\u00e1bado? A Pachuca llega el CROMMA FEST, festival de m\u00fasica, arte y cultura en el Centro Cultural del Ferrocarril","breadcrumb":{"@id":"https:\/\/www.alasmedios.com\/index.php\/2026\/03\/13\/cromma-fest-arte-musica-y-cultura-independiente-se-reunen-en-pachuca\/#breadcrumb"},"inLanguage":"es","potentialAction":[{"@type":"ReadAction","target":["https:\/\/www.alasmedios.com\/index.php\/2026\/03\/13\/cromma-fest-arte-musica-y-cultura-independiente-se-reunen-en-pachuca\/"]}]},{"@type":"ImageObject","inLanguage":"es","@id":"https:\/\/www.alasmedios.com\/index.php\/2026\/03\/13\/cromma-fest-arte-musica-y-cultura-independiente-se-reunen-en-pachuca\/#primaryimage","url":"https:\/\/www.alasmedios.com\/wp-content\/uploads\/2026\/03\/Pachuca-CROMMA-FEST.png","contentUrl":"https:\/\/www.alasmedios.com\/wp-content\/uploads\/2026\/03\/Pachuca-CROMMA-FEST.png","width":2000,"height":1214},{"@type":"BreadcrumbList","@id":"https:\/\/www.alasmedios.com\/index.php\/2026\/03\/13\/cromma-fest-arte-musica-y-cultura-independiente-se-reunen-en-pachuca\/#breadcrumb","itemListElement":[{"@type":"ListItem","position":1,"name":"Inicio","item":"https:\/\/www.alasmedios.com\/"},{"@type":"ListItem","position":2,"name":"CROMMA FEST: arte, m\u00fasica y cultura independiente se re\u00fanen en Pachuca"}]},{"@type":"WebSite","@id":"https:\/\/www.alasmedios.com\/#website","url":"https:\/\/www.alasmedios.com\/","name":"Alas Medios","description":"Alas para pensar, Alas para volar, Alas de libertad","publisher":{"@id":"https:\/\/www.alasmedios.com\/#organization"},"potentialAction":[{"@type":"SearchAction","target":{"@type":"EntryPoint","urlTemplate":"https:\/\/www.alasmedios.com\/?s={search_term_string}"},"query-input":{"@type":"PropertyValueSpecification","valueRequired":true,"valueName":"search_term_string"}}],"inLanguage":"es"},{"@type":"Organization","@id":"https:\/\/www.alasmedios.com\/#organization","name":"Alas Medios","url":"https:\/\/www.alasmedios.com\/","logo":{"@type":"ImageObject","inLanguage":"es","@id":"https:\/\/www.alasmedios.com\/#\/schema\/logo\/image\/","url":"https:\/\/www.alasmedios.com\/wp-content\/uploads\/2026\/01\/cropped-cropped-GAM-1.png","contentUrl":"https:\/\/www.alasmedios.com\/wp-content\/uploads\/2026\/01\/cropped-cropped-GAM-1.png","width":467,"height":235,"caption":"Alas Medios"},"image":{"@id":"https:\/\/www.alasmedios.com\/#\/schema\/logo\/image\/"}},{"@type":"Person","@id":"https:\/\/www.alasmedios.com\/#\/schema\/person\/0ba31bdd19a05ebf5c7fef1fedf99c34","name":"Keila Rodr\u00edguez Pe\u00f1a","image":{"@type":"ImageObject","inLanguage":"es","@id":"https:\/\/secure.gravatar.com\/avatar\/a2553a2bfaa601b9d539b617c8793e151bdffb60f9e48a249912f86d4c9ebeef?s=96&d=mm&r=g","url":"https:\/\/secure.gravatar.com\/avatar\/a2553a2bfaa601b9d539b617c8793e151bdffb60f9e48a249912f86d4c9ebeef?s=96&d=mm&r=g","contentUrl":"https:\/\/secure.gravatar.com\/avatar\/a2553a2bfaa601b9d539b617c8793e151bdffb60f9e48a249912f86d4c9ebeef?s=96&d=mm&r=g","caption":"Keila Rodr\u00edguez Pe\u00f1a"},"sameAs":["http:\/\/www.alasmedios.com"],"url":"https:\/\/www.alasmedios.com\/index.php\/author\/keila\/"}]}},"_links":{"self":[{"href":"https:\/\/www.alasmedios.com\/index.php\/wp-json\/wp\/v2\/posts\/8227","targetHints":{"allow":["GET"]}}],"collection":[{"href":"https:\/\/www.alasmedios.com\/index.php\/wp-json\/wp\/v2\/posts"}],"about":[{"href":"https:\/\/www.alasmedios.com\/index.php\/wp-json\/wp\/v2\/types\/post"}],"author":[{"embeddable":true,"href":"https:\/\/www.alasmedios.com\/index.php\/wp-json\/wp\/v2\/users\/4"}],"replies":[{"embeddable":true,"href":"https:\/\/www.alasmedios.com\/index.php\/wp-json\/wp\/v2\/comments?post=8227"}],"version-history":[{"count":1,"href":"https:\/\/www.alasmedios.com\/index.php\/wp-json\/wp\/v2\/posts\/8227\/revisions"}],"predecessor-version":[{"id":8229,"href":"https:\/\/www.alasmedios.com\/index.php\/wp-json\/wp\/v2\/posts\/8227\/revisions\/8229"}],"wp:featuredmedia":[{"embeddable":true,"href":"https:\/\/www.alasmedios.com\/index.php\/wp-json\/wp\/v2\/media\/8228"}],"wp:attachment":[{"href":"https:\/\/www.alasmedios.com\/index.php\/wp-json\/wp\/v2\/media?parent=8227"}],"wp:term":[{"taxonomy":"category","embeddable":true,"href":"https:\/\/www.alasmedios.com\/index.php\/wp-json\/wp\/v2\/categories?post=8227"},{"taxonomy":"post_tag","embeddable":true,"href":"https:\/\/www.alasmedios.com\/index.php\/wp-json\/wp\/v2\/tags?post=8227"}],"curies":[{"name":"wp","href":"https:\/\/api.w.org\/{rel}","templated":true}]}}