{"id":8224,"date":"2026-03-13T12:23:02","date_gmt":"2026-03-13T18:23:02","guid":{"rendered":"https:\/\/www.alasmedios.com\/?p=8224"},"modified":"2026-03-13T13:29:33","modified_gmt":"2026-03-13T19:29:33","slug":"lanzan-convocatoria-para-la-xlv-muestra-gastronomica-de-santiago-de-anaya","status":"publish","type":"post","link":"https:\/\/www.alasmedios.com\/index.php\/2026\/03\/13\/lanzan-convocatoria-para-la-xlv-muestra-gastronomica-de-santiago-de-anaya\/","title":{"rendered":"Lanzan convocatoria para la XLV Muestra Gastron\u00f3mica de Santiago de Anaya"},"content":{"rendered":"\n<p>Si quieres demostrar tu dotes culinarios esta es tu oportunidad, han lanzado la convocatoria para la <strong>XLV Muestra Gastron\u00f3mica de Santiago de Anaya<\/strong>.<\/p>\n\n\n\n<p>Las recetas heredadas por generaciones volver\u00e1n a ocupar el centro de la escena. <strong>Cocineras y cocineros tradicionales del Valle del Mezquital<\/strong> fueron convocados a participar en la <strong>XLV Muestra Gastron\u00f3mica de Santiago de Anaya<\/strong>, uno de los encuentros culinarios m\u00e1s representativos de la regi\u00f3n.<\/p>\n\n\n\n<p>La convocatoria fue emitida por el <strong>Gobierno del Estado de Hidalgo<\/strong> y la <strong>Administraci\u00f3n Municipal 2024-2027 de Santiago de Anaya<\/strong>, quienes invitaron a <strong>personas mayores de 18 a\u00f1os<\/strong> a presentar sus platillos en este evento que se realizar\u00e1 <strong>los d\u00edas 3, 4 y 5 de abril de 2026<\/strong> en el municipio hidalguense.<\/p>\n\n\n\n<p>SIGUE LEYENDO: <a href=\"https:\/\/www.alasmedios.com\/index.php\/2026\/03\/13\/organizan-camping-mineral-del-chico-mujer\/\" type=\"post\" id=\"8216\">Organizan camping y ceremonia hol\u00edstica en Mineral del Chico por el D\u00eda de la Mujer<\/a><\/p>\n\n\n\n<p>El certamen busca <strong>preservar la identidad culinaria del Valle del Mezquital<\/strong>, por lo que los participantes deber\u00e1n preparar sus recetas <strong>exclusivamente con ingredientes tradicionales de la regi\u00f3n<\/strong>. En caso de utilizar <strong>flora o fauna<\/strong>, se deber\u00e1 acreditar su <strong>procedencia legal conforme a la Ley General de Vida Silvestre<\/strong>, salvo cuando se trate \u00fanicamente del <strong>aprovechamiento de frutos o floraci\u00f3n<\/strong>.<\/p>\n\n\n\n<h2 class=\"wp-block-heading\">Platillos tradicionales, postres y pulque<\/h2>\n\n\n\n<p>El concurso se desarrollar\u00e1 en <strong>dos categor\u00edas principales<\/strong>. El <strong>s\u00e1bado 4 de abril<\/strong> estar\u00e1 dedicado al <strong>concurso de platillos tradicionales<\/strong>, donde las y los participantes deber\u00e1n explicar el <strong>nombre del platillo, el proceso de cocci\u00f3n<\/strong> \u2014ya sea <strong>asado, hervido, al vapor u horneado<\/strong>\u2014 y los <strong>ingredientes principales<\/strong>.<\/p>\n\n\n\n<p>Para el <strong>domingo 5 de abril<\/strong>, la competencia se dividir\u00e1 entre <strong>postres elaborados con productos del Valle del Mezquital<\/strong> y <strong>pulques y curados<\/strong>, en los que se permitir\u00e1 el uso de <strong>ingredientes innovadores provenientes de la regi\u00f3n<\/strong>.<\/p>\n\n\n\n<iframe loading=\"lazy\" src=\"https:\/\/www.facebook.com\/plugins\/post.php?href=https%3A%2F%2Fwww.facebook.com%2Fpermalink.php%3Fstory_fbid%3Dpfbid02LzES68X4nbhyYMnrr415uaZpWH5NJxo41ud6NGpbd7RGTwJFHCicnqZyM74yQvtMl%26id%3D100069225189490&#038;show_text=true&#038;width=500\" width=\"500\" height=\"629\" style=\"border:none;overflow:hidden\" scrolling=\"no\" frameborder=\"0\" allowfullscreen=\"true\" allow=\"autoplay; clipboard-write; encrypted-media; picture-in-picture; web-share\"><\/iframe>\n\n\n\n<p>Quienes deseen participar deber\u00e1n <strong>acreditar ser residentes del Valle del Mezquital<\/strong> y presentar <strong>dos copias de identificaci\u00f3n oficial (INE) y CURP<\/strong> el d\u00eda del concurso.<\/p>\n\n\n\n<h2 class=\"wp-block-heading\">Tradici\u00f3n, historia y recetas heredadas<\/h2>\n\n\n\n<p>Entre las condiciones del certamen se establece que cada concursante deber\u00e1 presentar <strong>un platillo que responda a una costumbre familiar o que haya sido aprendido de sus ancestros<\/strong>, como parte del objetivo de <strong>preservar las tradiciones culinarias de la regi\u00f3n<\/strong>.<\/p>\n\n\n\n<p>TE PUEDE INTERESAR: <a href=\"https:\/\/www.alasmedios.com\/index.php\/2026\/03\/12\/mujeres-de-mineral-del-monte-participan-en-curso-de-trufas-y-chocolates\/\" type=\"post\" id=\"8210\">Mujeres de Mineral del Monte participan en curso de trufas y chocolates<\/a><\/p>\n\n\n\n<p>La <strong>recepci\u00f3n de participantes<\/strong> ser\u00e1 de <strong>7:30 a 9:30 de la ma\u00f1ana<\/strong>, con un <strong>aforo m\u00e1ximo de 1,400 concursantes<\/strong>. Cada participante deber\u00e1 llevar <strong>raciones suficientes para al menos 20 personas<\/strong>, adem\u00e1s de <strong>presentar por escrito la receta<\/strong> y <strong>utilizar vestimenta tradicional del Valle del Mezquital<\/strong>, as\u00ed como <strong>utensilios caracter\u00edsticos de la regi\u00f3n<\/strong>.<\/p>\n\n\n\n<p>El jurado evaluar\u00e1 aspectos como <strong>originalidad de la receta, uso de ingredientes regionales, sabor, explicaci\u00f3n del proceso de elaboraci\u00f3n, vestimenta y utensilios utilizados<\/strong>.<\/p>\n\n\n\n<h2 class=\"wp-block-heading\">Premios y reconocimiento a la cocina tradicional<\/h2>\n\n\n\n<p>Las y los participantes que ingresen al concurso recibir\u00e1n <strong>una despensa<\/strong>, mientras que los mejores platillos obtendr\u00e1n distintos premios.<\/p>\n\n\n\n<p>En el <strong>concurso de platillos tradicionales<\/strong>, el <strong>primer lugar<\/strong> recibir\u00e1 <strong>10 mil pesos y un refrigerador<\/strong>, el <strong>segundo lugar 7 mil pesos y un calentador solar<\/strong>, y el <strong>tercer lugar 3 mil pesos y un paquete de l\u00e1minas<\/strong>. Del <strong>cuarto al lugar 25<\/strong> se entregar\u00e1 <strong>una licuadora<\/strong>.<\/p>\n\n\n\n<p>En la categor\u00eda de <strong>postres<\/strong>, el <strong>primer lugar<\/strong> obtendr\u00e1 <strong>8 mil pesos<\/strong>, el <strong>segundo 5 mil pesos<\/strong> y el <strong>tercero 2 mil pesos<\/strong>, mientras que del <strong>cuarto al lugar 15<\/strong> se premiar\u00e1 con <strong>una licuadora<\/strong>.<\/p>\n\n\n\n<p>La misma premiaci\u00f3n econ\u00f3mica se aplicar\u00e1 en la categor\u00eda de <strong>pulques y curados<\/strong>.<\/p>\n\n\n\n<p>CONTIN\u00daA LEYENDO: <a href=\"https:\/\/www.alasmedios.com\/index.php\/2026\/03\/12\/capacitan-a-productores-de-huasca-por-cuaresma\/\" type=\"post\" id=\"8201\">Capacitan a productores de Huasca por Cuaresma<\/a><\/p>\n\n\n\n<p>La <strong>Muestra Gastron\u00f3mica de Santiago de Anaya<\/strong> se ha consolidado como <strong>un evento cultural que celebra la riqueza culinaria del Valle del Mezquital<\/strong>, por lo que los organizadores reiteraron que <strong>queda prohibida la elaboraci\u00f3n o exhibici\u00f3n de platillos con flora o fauna silvestre sin los permisos correspondientes<\/strong>.<\/p>\n\n\n\n<p>Cada a\u00f1o, este encuentro re\u00fane <strong>recetas ancestrales, ingredientes del campo hidalguense y saberes transmitidos de generaci\u00f3n en generaci\u00f3n<\/strong>, convirti\u00e9ndose en una vitrina de la <strong>identidad gastron\u00f3mica de la regi\u00f3n<\/strong>.<\/p>\n\n\n<ul class=\"wp-block-latest-posts__list is-grid columns-3 wp-block-latest-posts\"><li><div class=\"wp-block-latest-posts__featured-image\"><img loading=\"lazy\" decoding=\"async\" width=\"150\" height=\"150\" src=\"https:\/\/www.alasmedios.com\/wp-content\/uploads\/2026\/04\/Dia-de-la-Nina-y-el-Nino-Mineral-del-Monte-150x150.png\" class=\"attachment-thumbnail size-thumbnail wp-post-image\" alt=\"\" style=\"\" \/><\/div><a class=\"wp-block-latest-posts__post-title\" href=\"https:\/\/www.alasmedios.com\/index.php\/2026\/04\/27\/sombreros-juegos-y-sonrisas-mineral-del-monte-alista-fiesta-vaquera-para-ninas-y-ninos\/\">Sombreros, juegos y sonrisas: Mineral del Monte alista fiesta vaquera para ni\u00f1as y ni\u00f1os<\/a><\/li>\n<li><div class=\"wp-block-latest-posts__featured-image\"><img loading=\"lazy\" decoding=\"async\" width=\"150\" height=\"150\" src=\"https:\/\/www.alasmedios.com\/wp-content\/uploads\/2026\/04\/Congreso-Puebla-proteccion-de-victimas-de-violencia-150x150.png\" class=\"attachment-thumbnail size-thumbnail wp-post-image\" alt=\"\" style=\"\" \/><\/div><a class=\"wp-block-latest-posts__post-title\" href=\"https:\/\/www.alasmedios.com\/index.php\/2026\/04\/27\/congreso-de-puebla-urge-a-ayuntamientos-a-cumplir-medidas-para-victimas-de-violencia\/\">Congreso de Puebla urge a Ayuntamientos a cumplir medidas para v\u00edctimas de violencia<\/a><\/li>\n<li><div class=\"wp-block-latest-posts__featured-image\"><img loading=\"lazy\" decoding=\"async\" width=\"150\" height=\"150\" src=\"https:\/\/www.alasmedios.com\/wp-content\/uploads\/2026\/04\/esperanza-de-vida-en-Mexico-150x150.png\" class=\"attachment-thumbnail size-thumbnail wp-post-image\" alt=\"\" style=\"\" \/><\/div><a class=\"wp-block-latest-posts__post-title\" href=\"https:\/\/www.alasmedios.com\/index.php\/2026\/04\/27\/esperanza-de-vida-en-mexico-crece-6-7-pero-persisten-anos-con-mala-salud-alerta-unam\/\">Esperanza de vida en M\u00e9xico crece 6.7%, pero persisten a\u00f1os con mala salud, alerta UNAM<\/a><\/li>\n<\/ul>","protected":false},"excerpt":{"rendered":"<p>Si quieres demostrar tu dotes culinarios esta es tu oportunidad, han lanzado la convocatoria para la XLV Muestra Gastron\u00f3mica de<\/p>\n","protected":false},"author":4,"featured_media":8225,"comment_status":"open","ping_status":"open","sticky":false,"template":"","format":"standard","meta":{"colormag_page_container_layout":"default_layout","colormag_page_sidebar_layout":"default_layout","rop_custom_images_group":[],"rop_custom_messages_group":[],"rop_publish_now":"yes","rop_publish_now_accounts":[],"rop_publish_now_history":[],"rop_publish_now_status":"pending","iawp_total_views":9,"footnotes":""},"categories":[43,41],"tags":[75,3464,1583,1582],"class_list":["post-8224","post","type-post","status-publish","format-standard","has-post-thumbnail","hentry","category-el-gusto-es-nuestro","category-hidalgo","tag-cultura","tag-gastronimia","tag-muestra-gastronomica","tag-santiago-de-anaya"],"magazineBlocksPostFeaturedMedia":{"thumbnail":"https:\/\/www.alasmedios.com\/wp-content\/uploads\/2026\/03\/Muestra-gastronomica-Santiago-Anaya-XLIV-150x150.jpg","medium":"https:\/\/www.alasmedios.com\/wp-content\/uploads\/2026\/03\/Muestra-gastronomica-Santiago-Anaya-XLIV-300x200.jpg","medium_large":"https:\/\/www.alasmedios.com\/wp-content\/uploads\/2026\/03\/Muestra-gastronomica-Santiago-Anaya-XLIV-768x512.jpg","large":"https:\/\/www.alasmedios.com\/wp-content\/uploads\/2026\/03\/Muestra-gastronomica-Santiago-Anaya-XLIV.jpg","1536x1536":"https:\/\/www.alasmedios.com\/wp-content\/uploads\/2026\/03\/Muestra-gastronomica-Santiago-Anaya-XLIV.jpg","2048x2048":"https:\/\/www.alasmedios.com\/wp-content\/uploads\/2026\/03\/Muestra-gastronomica-Santiago-Anaya-XLIV.jpg","colormag-highlighted-post":"https:\/\/www.alasmedios.com\/wp-content\/uploads\/2026\/03\/Muestra-gastronomica-Santiago-Anaya-XLIV-392x272.jpg","colormag-featured-post-medium":"https:\/\/www.alasmedios.com\/wp-content\/uploads\/2026\/03\/Muestra-gastronomica-Santiago-Anaya-XLIV-390x205.jpg","colormag-featured-post-small":"https:\/\/www.alasmedios.com\/wp-content\/uploads\/2026\/03\/Muestra-gastronomica-Santiago-Anaya-XLIV-130x90.jpg","colormag-featured-image":"https:\/\/www.alasmedios.com\/wp-content\/uploads\/2026\/03\/Muestra-gastronomica-Santiago-Anaya-XLIV-800x445.jpg","colormag-default-news":"https:\/\/www.alasmedios.com\/wp-content\/uploads\/2026\/03\/Muestra-gastronomica-Santiago-Anaya-XLIV-150x150.jpg","colormag-featured-image-large":"https:\/\/www.alasmedios.com\/wp-content\/uploads\/2026\/03\/Muestra-gastronomica-Santiago-Anaya-XLIV.jpg"},"magazineBlocksPostAuthor":{"name":"Keila Rodr\u00edguez Pe\u00f1a","avatar":"https:\/\/secure.gravatar.com\/avatar\/a2553a2bfaa601b9d539b617c8793e151bdffb60f9e48a249912f86d4c9ebeef?s=96&d=mm&r=g"},"magazineBlocksPostCommentsNumber":"0","magazineBlocksPostExcerpt":"Si quieres demostrar tu dotes culinarios esta es tu oportunidad, han lanzado la convocatoria para la XLV Muestra Gastron\u00f3mica de","magazineBlocksPostCategories":["El Gusto es Nuestro","Hidalgo"],"magazineBlocksPostViewCount":27,"magazineBlocksPostReadTime":4,"magazine_blocks_featured_image_url":{"full":["https:\/\/www.alasmedios.com\/wp-content\/uploads\/2026\/03\/Muestra-gastronomica-Santiago-Anaya-XLIV.jpg",900,600,false],"medium":["https:\/\/www.alasmedios.com\/wp-content\/uploads\/2026\/03\/Muestra-gastronomica-Santiago-Anaya-XLIV-300x200.jpg",300,200,true],"thumbnail":["https:\/\/www.alasmedios.com\/wp-content\/uploads\/2026\/03\/Muestra-gastronomica-Santiago-Anaya-XLIV-150x150.jpg",150,150,true]},"magazine_blocks_author":{"display_name":"Keila Rodr\u00edguez Pe\u00f1a","author_link":"https:\/\/www.alasmedios.com\/index.php\/author\/keila\/"},"magazine_blocks_comment":0,"magazine_blocks_author_image":"https:\/\/secure.gravatar.com\/avatar\/a2553a2bfaa601b9d539b617c8793e151bdffb60f9e48a249912f86d4c9ebeef?s=96&d=mm&r=g","magazine_blocks_category":"<a href=\"#\" class=\"category-link category-link-43\">El Gusto es Nuestro<\/a> <a href=\"#\" class=\"category-link category-link-41\">Hidalgo<\/a>","yoast_head":"<!-- This site is optimized with the Yoast SEO plugin v27.4 - https:\/\/yoast.com\/product\/yoast-seo-wordpress\/ -->\r\n<title>Lanzan convocatoria para la XLV Muestra Gastron\u00f3mica de Santiago de Anaya<\/title>\r\n<meta name=\"description\" content=\"Si quieres demostrar tu dotes culinarios esta es tu oportunidad, han lanzado la convocatoria para la XLV Muestra Gastron\u00f3mica de Santiago de Anaya\" \/>\r\n<meta name=\"robots\" content=\"index, follow, max-snippet:-1, max-image-preview:large, max-video-preview:-1\" \/>\r\n<link rel=\"canonical\" href=\"https:\/\/www.alasmedios.com\/index.php\/2026\/03\/13\/lanzan-convocatoria-para-la-xlv-muestra-gastronomica-de-santiago-de-anaya\/\" \/>\r\n<meta property=\"og:locale\" content=\"es_MX\" \/>\r\n<meta property=\"og:type\" content=\"article\" \/>\r\n<meta property=\"og:title\" content=\"Lanzan convocatoria para la XLV Muestra Gastron\u00f3mica de Santiago de Anaya\" \/>\r\n<meta property=\"og:description\" content=\"Si quieres demostrar tu dotes culinarios esta es tu oportunidad, han lanzado la convocatoria para la XLV Muestra Gastron\u00f3mica de Santiago de Anaya\" \/>\r\n<meta property=\"og:url\" content=\"https:\/\/www.alasmedios.com\/index.php\/2026\/03\/13\/lanzan-convocatoria-para-la-xlv-muestra-gastronomica-de-santiago-de-anaya\/\" \/>\r\n<meta property=\"og:site_name\" content=\"Alas Medios\" \/>\r\n<meta property=\"article:published_time\" content=\"2026-03-13T18:23:02+00:00\" \/>\r\n<meta property=\"article:modified_time\" content=\"2026-03-13T19:29:33+00:00\" \/>\r\n<meta property=\"og:image\" content=\"https:\/\/www.alasmedios.com\/wp-content\/uploads\/2026\/03\/Muestra-gastronomica-Santiago-Anaya-XLIV.jpg\" \/>\r\n\t<meta property=\"og:image:width\" content=\"900\" \/>\r\n\t<meta property=\"og:image:height\" content=\"600\" \/>\r\n\t<meta property=\"og:image:type\" content=\"image\/jpeg\" \/>\r\n<meta name=\"author\" content=\"Keila Rodr\u00edguez Pe\u00f1a\" \/>\r\n<meta name=\"twitter:card\" content=\"summary_large_image\" \/>\r\n<meta name=\"twitter:label1\" content=\"Escrito por\" \/>\n\t<meta name=\"twitter:data1\" content=\"Keila Rodr\u00edguez Pe\u00f1a\" \/>\n\t<meta name=\"twitter:label2\" content=\"Tiempo de lectura\" \/>\n\t<meta name=\"twitter:data2\" content=\"4 minutos\" \/>\r\n<script type=\"application\/ld+json\" class=\"yoast-schema-graph\">{\"@context\":\"https:\\\/\\\/schema.org\",\"@graph\":[{\"@type\":\"Article\",\"@id\":\"https:\\\/\\\/www.alasmedios.com\\\/index.php\\\/2026\\\/03\\\/13\\\/lanzan-convocatoria-para-la-xlv-muestra-gastronomica-de-santiago-de-anaya\\\/#article\",\"isPartOf\":{\"@id\":\"https:\\\/\\\/www.alasmedios.com\\\/index.php\\\/2026\\\/03\\\/13\\\/lanzan-convocatoria-para-la-xlv-muestra-gastronomica-de-santiago-de-anaya\\\/\"},\"author\":{\"name\":\"Keila Rodr\u00edguez Pe\u00f1a\",\"@id\":\"https:\\\/\\\/www.alasmedios.com\\\/#\\\/schema\\\/person\\\/0ba31bdd19a05ebf5c7fef1fedf99c34\"},\"headline\":\"Lanzan convocatoria para la XLV Muestra Gastron\u00f3mica de Santiago de Anaya\",\"datePublished\":\"2026-03-13T18:23:02+00:00\",\"dateModified\":\"2026-03-13T19:29:33+00:00\",\"mainEntityOfPage\":{\"@id\":\"https:\\\/\\\/www.alasmedios.com\\\/index.php\\\/2026\\\/03\\\/13\\\/lanzan-convocatoria-para-la-xlv-muestra-gastronomica-de-santiago-de-anaya\\\/\"},\"wordCount\":692,\"commentCount\":0,\"publisher\":{\"@id\":\"https:\\\/\\\/www.alasmedios.com\\\/#organization\"},\"image\":{\"@id\":\"https:\\\/\\\/www.alasmedios.com\\\/index.php\\\/2026\\\/03\\\/13\\\/lanzan-convocatoria-para-la-xlv-muestra-gastronomica-de-santiago-de-anaya\\\/#primaryimage\"},\"thumbnailUrl\":\"https:\\\/\\\/www.alasmedios.com\\\/wp-content\\\/uploads\\\/2026\\\/03\\\/Muestra-gastronomica-Santiago-Anaya-XLIV.jpg\",\"keywords\":[\"Cultura\",\"gastronim\u00eda\",\"Muestra Gastron\u00f3mica\",\"Santiago de Anaya\"],\"articleSection\":[\"El Gusto es Nuestro\",\"Hidalgo\"],\"inLanguage\":\"es\",\"potentialAction\":[{\"@type\":\"CommentAction\",\"name\":\"Comment\",\"target\":[\"https:\\\/\\\/www.alasmedios.com\\\/index.php\\\/2026\\\/03\\\/13\\\/lanzan-convocatoria-para-la-xlv-muestra-gastronomica-de-santiago-de-anaya\\\/#respond\"]}]},{\"@type\":\"WebPage\",\"@id\":\"https:\\\/\\\/www.alasmedios.com\\\/index.php\\\/2026\\\/03\\\/13\\\/lanzan-convocatoria-para-la-xlv-muestra-gastronomica-de-santiago-de-anaya\\\/\",\"url\":\"https:\\\/\\\/www.alasmedios.com\\\/index.php\\\/2026\\\/03\\\/13\\\/lanzan-convocatoria-para-la-xlv-muestra-gastronomica-de-santiago-de-anaya\\\/\",\"name\":\"Lanzan convocatoria para la XLV Muestra Gastron\u00f3mica de Santiago de Anaya\",\"isPartOf\":{\"@id\":\"https:\\\/\\\/www.alasmedios.com\\\/#website\"},\"primaryImageOfPage\":{\"@id\":\"https:\\\/\\\/www.alasmedios.com\\\/index.php\\\/2026\\\/03\\\/13\\\/lanzan-convocatoria-para-la-xlv-muestra-gastronomica-de-santiago-de-anaya\\\/#primaryimage\"},\"image\":{\"@id\":\"https:\\\/\\\/www.alasmedios.com\\\/index.php\\\/2026\\\/03\\\/13\\\/lanzan-convocatoria-para-la-xlv-muestra-gastronomica-de-santiago-de-anaya\\\/#primaryimage\"},\"thumbnailUrl\":\"https:\\\/\\\/www.alasmedios.com\\\/wp-content\\\/uploads\\\/2026\\\/03\\\/Muestra-gastronomica-Santiago-Anaya-XLIV.jpg\",\"datePublished\":\"2026-03-13T18:23:02+00:00\",\"dateModified\":\"2026-03-13T19:29:33+00:00\",\"description\":\"Si quieres demostrar tu dotes culinarios esta es tu oportunidad, han lanzado la convocatoria para la XLV Muestra Gastron\u00f3mica de Santiago de Anaya\",\"breadcrumb\":{\"@id\":\"https:\\\/\\\/www.alasmedios.com\\\/index.php\\\/2026\\\/03\\\/13\\\/lanzan-convocatoria-para-la-xlv-muestra-gastronomica-de-santiago-de-anaya\\\/#breadcrumb\"},\"inLanguage\":\"es\",\"potentialAction\":[{\"@type\":\"ReadAction\",\"target\":[\"https:\\\/\\\/www.alasmedios.com\\\/index.php\\\/2026\\\/03\\\/13\\\/lanzan-convocatoria-para-la-xlv-muestra-gastronomica-de-santiago-de-anaya\\\/\"]}]},{\"@type\":\"ImageObject\",\"inLanguage\":\"es\",\"@id\":\"https:\\\/\\\/www.alasmedios.com\\\/index.php\\\/2026\\\/03\\\/13\\\/lanzan-convocatoria-para-la-xlv-muestra-gastronomica-de-santiago-de-anaya\\\/#primaryimage\",\"url\":\"https:\\\/\\\/www.alasmedios.com\\\/wp-content\\\/uploads\\\/2026\\\/03\\\/Muestra-gastronomica-Santiago-Anaya-XLIV.jpg\",\"contentUrl\":\"https:\\\/\\\/www.alasmedios.com\\\/wp-content\\\/uploads\\\/2026\\\/03\\\/Muestra-gastronomica-Santiago-Anaya-XLIV.jpg\",\"width\":900,\"height\":600},{\"@type\":\"BreadcrumbList\",\"@id\":\"https:\\\/\\\/www.alasmedios.com\\\/index.php\\\/2026\\\/03\\\/13\\\/lanzan-convocatoria-para-la-xlv-muestra-gastronomica-de-santiago-de-anaya\\\/#breadcrumb\",\"itemListElement\":[{\"@type\":\"ListItem\",\"position\":1,\"name\":\"Inicio\",\"item\":\"https:\\\/\\\/www.alasmedios.com\\\/\"},{\"@type\":\"ListItem\",\"position\":2,\"name\":\"Lanzan convocatoria para la XLV Muestra Gastron\u00f3mica de Santiago de Anaya\"}]},{\"@type\":\"WebSite\",\"@id\":\"https:\\\/\\\/www.alasmedios.com\\\/#website\",\"url\":\"https:\\\/\\\/www.alasmedios.com\\\/\",\"name\":\"Alas Medios\",\"description\":\"Alas para pensar, Alas para volar, Alas de libertad\",\"publisher\":{\"@id\":\"https:\\\/\\\/www.alasmedios.com\\\/#organization\"},\"potentialAction\":[{\"@type\":\"SearchAction\",\"target\":{\"@type\":\"EntryPoint\",\"urlTemplate\":\"https:\\\/\\\/www.alasmedios.com\\\/?s={search_term_string}\"},\"query-input\":{\"@type\":\"PropertyValueSpecification\",\"valueRequired\":true,\"valueName\":\"search_term_string\"}}],\"inLanguage\":\"es\"},{\"@type\":\"Organization\",\"@id\":\"https:\\\/\\\/www.alasmedios.com\\\/#organization\",\"name\":\"Alas Medios\",\"url\":\"https:\\\/\\\/www.alasmedios.com\\\/\",\"logo\":{\"@type\":\"ImageObject\",\"inLanguage\":\"es\",\"@id\":\"https:\\\/\\\/www.alasmedios.com\\\/#\\\/schema\\\/logo\\\/image\\\/\",\"url\":\"https:\\\/\\\/www.alasmedios.com\\\/wp-content\\\/uploads\\\/2026\\\/01\\\/cropped-cropped-GAM-1.png\",\"contentUrl\":\"https:\\\/\\\/www.alasmedios.com\\\/wp-content\\\/uploads\\\/2026\\\/01\\\/cropped-cropped-GAM-1.png\",\"width\":467,\"height\":235,\"caption\":\"Alas Medios\"},\"image\":{\"@id\":\"https:\\\/\\\/www.alasmedios.com\\\/#\\\/schema\\\/logo\\\/image\\\/\"}},{\"@type\":\"Person\",\"@id\":\"https:\\\/\\\/www.alasmedios.com\\\/#\\\/schema\\\/person\\\/0ba31bdd19a05ebf5c7fef1fedf99c34\",\"name\":\"Keila Rodr\u00edguez Pe\u00f1a\",\"image\":{\"@type\":\"ImageObject\",\"inLanguage\":\"es\",\"@id\":\"https:\\\/\\\/secure.gravatar.com\\\/avatar\\\/a2553a2bfaa601b9d539b617c8793e151bdffb60f9e48a249912f86d4c9ebeef?s=96&d=mm&r=g\",\"url\":\"https:\\\/\\\/secure.gravatar.com\\\/avatar\\\/a2553a2bfaa601b9d539b617c8793e151bdffb60f9e48a249912f86d4c9ebeef?s=96&d=mm&r=g\",\"contentUrl\":\"https:\\\/\\\/secure.gravatar.com\\\/avatar\\\/a2553a2bfaa601b9d539b617c8793e151bdffb60f9e48a249912f86d4c9ebeef?s=96&d=mm&r=g\",\"caption\":\"Keila Rodr\u00edguez Pe\u00f1a\"},\"sameAs\":[\"http:\\\/\\\/www.alasmedios.com\"],\"url\":\"https:\\\/\\\/www.alasmedios.com\\\/index.php\\\/author\\\/keila\\\/\"}]}<\/script>\r\n<!-- \/ Yoast SEO plugin. -->","yoast_head_json":{"title":"Lanzan convocatoria para la XLV Muestra Gastron\u00f3mica de Santiago de Anaya","description":"Si quieres demostrar tu dotes culinarios esta es tu oportunidad, han lanzado la convocatoria para la XLV Muestra Gastron\u00f3mica de Santiago de Anaya","robots":{"index":"index","follow":"follow","max-snippet":"max-snippet:-1","max-image-preview":"max-image-preview:large","max-video-preview":"max-video-preview:-1"},"canonical":"https:\/\/www.alasmedios.com\/index.php\/2026\/03\/13\/lanzan-convocatoria-para-la-xlv-muestra-gastronomica-de-santiago-de-anaya\/","og_locale":"es_MX","og_type":"article","og_title":"Lanzan convocatoria para la XLV Muestra Gastron\u00f3mica de Santiago de Anaya","og_description":"Si quieres demostrar tu dotes culinarios esta es tu oportunidad, han lanzado la convocatoria para la XLV Muestra Gastron\u00f3mica de Santiago de Anaya","og_url":"https:\/\/www.alasmedios.com\/index.php\/2026\/03\/13\/lanzan-convocatoria-para-la-xlv-muestra-gastronomica-de-santiago-de-anaya\/","og_site_name":"Alas Medios","article_published_time":"2026-03-13T18:23:02+00:00","article_modified_time":"2026-03-13T19:29:33+00:00","og_image":[{"width":900,"height":600,"url":"https:\/\/www.alasmedios.com\/wp-content\/uploads\/2026\/03\/Muestra-gastronomica-Santiago-Anaya-XLIV.jpg","type":"image\/jpeg"}],"author":"Keila Rodr\u00edguez Pe\u00f1a","twitter_card":"summary_large_image","twitter_misc":{"Escrito por":"Keila Rodr\u00edguez Pe\u00f1a","Tiempo de lectura":"4 minutos"},"schema":{"@context":"https:\/\/schema.org","@graph":[{"@type":"Article","@id":"https:\/\/www.alasmedios.com\/index.php\/2026\/03\/13\/lanzan-convocatoria-para-la-xlv-muestra-gastronomica-de-santiago-de-anaya\/#article","isPartOf":{"@id":"https:\/\/www.alasmedios.com\/index.php\/2026\/03\/13\/lanzan-convocatoria-para-la-xlv-muestra-gastronomica-de-santiago-de-anaya\/"},"author":{"name":"Keila Rodr\u00edguez Pe\u00f1a","@id":"https:\/\/www.alasmedios.com\/#\/schema\/person\/0ba31bdd19a05ebf5c7fef1fedf99c34"},"headline":"Lanzan convocatoria para la XLV Muestra Gastron\u00f3mica de Santiago de Anaya","datePublished":"2026-03-13T18:23:02+00:00","dateModified":"2026-03-13T19:29:33+00:00","mainEntityOfPage":{"@id":"https:\/\/www.alasmedios.com\/index.php\/2026\/03\/13\/lanzan-convocatoria-para-la-xlv-muestra-gastronomica-de-santiago-de-anaya\/"},"wordCount":692,"commentCount":0,"publisher":{"@id":"https:\/\/www.alasmedios.com\/#organization"},"image":{"@id":"https:\/\/www.alasmedios.com\/index.php\/2026\/03\/13\/lanzan-convocatoria-para-la-xlv-muestra-gastronomica-de-santiago-de-anaya\/#primaryimage"},"thumbnailUrl":"https:\/\/www.alasmedios.com\/wp-content\/uploads\/2026\/03\/Muestra-gastronomica-Santiago-Anaya-XLIV.jpg","keywords":["Cultura","gastronim\u00eda","Muestra Gastron\u00f3mica","Santiago de Anaya"],"articleSection":["El Gusto es Nuestro","Hidalgo"],"inLanguage":"es","potentialAction":[{"@type":"CommentAction","name":"Comment","target":["https:\/\/www.alasmedios.com\/index.php\/2026\/03\/13\/lanzan-convocatoria-para-la-xlv-muestra-gastronomica-de-santiago-de-anaya\/#respond"]}]},{"@type":"WebPage","@id":"https:\/\/www.alasmedios.com\/index.php\/2026\/03\/13\/lanzan-convocatoria-para-la-xlv-muestra-gastronomica-de-santiago-de-anaya\/","url":"https:\/\/www.alasmedios.com\/index.php\/2026\/03\/13\/lanzan-convocatoria-para-la-xlv-muestra-gastronomica-de-santiago-de-anaya\/","name":"Lanzan convocatoria para la XLV Muestra Gastron\u00f3mica de Santiago de Anaya","isPartOf":{"@id":"https:\/\/www.alasmedios.com\/#website"},"primaryImageOfPage":{"@id":"https:\/\/www.alasmedios.com\/index.php\/2026\/03\/13\/lanzan-convocatoria-para-la-xlv-muestra-gastronomica-de-santiago-de-anaya\/#primaryimage"},"image":{"@id":"https:\/\/www.alasmedios.com\/index.php\/2026\/03\/13\/lanzan-convocatoria-para-la-xlv-muestra-gastronomica-de-santiago-de-anaya\/#primaryimage"},"thumbnailUrl":"https:\/\/www.alasmedios.com\/wp-content\/uploads\/2026\/03\/Muestra-gastronomica-Santiago-Anaya-XLIV.jpg","datePublished":"2026-03-13T18:23:02+00:00","dateModified":"2026-03-13T19:29:33+00:00","description":"Si quieres demostrar tu dotes culinarios esta es tu oportunidad, han lanzado la convocatoria para la XLV Muestra Gastron\u00f3mica de Santiago de Anaya","breadcrumb":{"@id":"https:\/\/www.alasmedios.com\/index.php\/2026\/03\/13\/lanzan-convocatoria-para-la-xlv-muestra-gastronomica-de-santiago-de-anaya\/#breadcrumb"},"inLanguage":"es","potentialAction":[{"@type":"ReadAction","target":["https:\/\/www.alasmedios.com\/index.php\/2026\/03\/13\/lanzan-convocatoria-para-la-xlv-muestra-gastronomica-de-santiago-de-anaya\/"]}]},{"@type":"ImageObject","inLanguage":"es","@id":"https:\/\/www.alasmedios.com\/index.php\/2026\/03\/13\/lanzan-convocatoria-para-la-xlv-muestra-gastronomica-de-santiago-de-anaya\/#primaryimage","url":"https:\/\/www.alasmedios.com\/wp-content\/uploads\/2026\/03\/Muestra-gastronomica-Santiago-Anaya-XLIV.jpg","contentUrl":"https:\/\/www.alasmedios.com\/wp-content\/uploads\/2026\/03\/Muestra-gastronomica-Santiago-Anaya-XLIV.jpg","width":900,"height":600},{"@type":"BreadcrumbList","@id":"https:\/\/www.alasmedios.com\/index.php\/2026\/03\/13\/lanzan-convocatoria-para-la-xlv-muestra-gastronomica-de-santiago-de-anaya\/#breadcrumb","itemListElement":[{"@type":"ListItem","position":1,"name":"Inicio","item":"https:\/\/www.alasmedios.com\/"},{"@type":"ListItem","position":2,"name":"Lanzan convocatoria para la XLV Muestra Gastron\u00f3mica de Santiago de Anaya"}]},{"@type":"WebSite","@id":"https:\/\/www.alasmedios.com\/#website","url":"https:\/\/www.alasmedios.com\/","name":"Alas Medios","description":"Alas para pensar, Alas para volar, Alas de libertad","publisher":{"@id":"https:\/\/www.alasmedios.com\/#organization"},"potentialAction":[{"@type":"SearchAction","target":{"@type":"EntryPoint","urlTemplate":"https:\/\/www.alasmedios.com\/?s={search_term_string}"},"query-input":{"@type":"PropertyValueSpecification","valueRequired":true,"valueName":"search_term_string"}}],"inLanguage":"es"},{"@type":"Organization","@id":"https:\/\/www.alasmedios.com\/#organization","name":"Alas Medios","url":"https:\/\/www.alasmedios.com\/","logo":{"@type":"ImageObject","inLanguage":"es","@id":"https:\/\/www.alasmedios.com\/#\/schema\/logo\/image\/","url":"https:\/\/www.alasmedios.com\/wp-content\/uploads\/2026\/01\/cropped-cropped-GAM-1.png","contentUrl":"https:\/\/www.alasmedios.com\/wp-content\/uploads\/2026\/01\/cropped-cropped-GAM-1.png","width":467,"height":235,"caption":"Alas Medios"},"image":{"@id":"https:\/\/www.alasmedios.com\/#\/schema\/logo\/image\/"}},{"@type":"Person","@id":"https:\/\/www.alasmedios.com\/#\/schema\/person\/0ba31bdd19a05ebf5c7fef1fedf99c34","name":"Keila Rodr\u00edguez Pe\u00f1a","image":{"@type":"ImageObject","inLanguage":"es","@id":"https:\/\/secure.gravatar.com\/avatar\/a2553a2bfaa601b9d539b617c8793e151bdffb60f9e48a249912f86d4c9ebeef?s=96&d=mm&r=g","url":"https:\/\/secure.gravatar.com\/avatar\/a2553a2bfaa601b9d539b617c8793e151bdffb60f9e48a249912f86d4c9ebeef?s=96&d=mm&r=g","contentUrl":"https:\/\/secure.gravatar.com\/avatar\/a2553a2bfaa601b9d539b617c8793e151bdffb60f9e48a249912f86d4c9ebeef?s=96&d=mm&r=g","caption":"Keila Rodr\u00edguez Pe\u00f1a"},"sameAs":["http:\/\/www.alasmedios.com"],"url":"https:\/\/www.alasmedios.com\/index.php\/author\/keila\/"}]}},"_links":{"self":[{"href":"https:\/\/www.alasmedios.com\/index.php\/wp-json\/wp\/v2\/posts\/8224","targetHints":{"allow":["GET"]}}],"collection":[{"href":"https:\/\/www.alasmedios.com\/index.php\/wp-json\/wp\/v2\/posts"}],"about":[{"href":"https:\/\/www.alasmedios.com\/index.php\/wp-json\/wp\/v2\/types\/post"}],"author":[{"embeddable":true,"href":"https:\/\/www.alasmedios.com\/index.php\/wp-json\/wp\/v2\/users\/4"}],"replies":[{"embeddable":true,"href":"https:\/\/www.alasmedios.com\/index.php\/wp-json\/wp\/v2\/comments?post=8224"}],"version-history":[{"count":1,"href":"https:\/\/www.alasmedios.com\/index.php\/wp-json\/wp\/v2\/posts\/8224\/revisions"}],"predecessor-version":[{"id":8226,"href":"https:\/\/www.alasmedios.com\/index.php\/wp-json\/wp\/v2\/posts\/8224\/revisions\/8226"}],"wp:featuredmedia":[{"embeddable":true,"href":"https:\/\/www.alasmedios.com\/index.php\/wp-json\/wp\/v2\/media\/8225"}],"wp:attachment":[{"href":"https:\/\/www.alasmedios.com\/index.php\/wp-json\/wp\/v2\/media?parent=8224"}],"wp:term":[{"taxonomy":"category","embeddable":true,"href":"https:\/\/www.alasmedios.com\/index.php\/wp-json\/wp\/v2\/categories?post=8224"},{"taxonomy":"post_tag","embeddable":true,"href":"https:\/\/www.alasmedios.com\/index.php\/wp-json\/wp\/v2\/tags?post=8224"}],"curies":[{"name":"wp","href":"https:\/\/api.w.org\/{rel}","templated":true}]}}