{"id":8216,"date":"2026-03-13T08:49:33","date_gmt":"2026-03-13T14:49:33","guid":{"rendered":"https:\/\/www.alasmedios.com\/?p=8216"},"modified":"2026-03-13T13:30:14","modified_gmt":"2026-03-13T19:30:14","slug":"organizan-camping-mineral-del-chico-mujer","status":"publish","type":"post","link":"https:\/\/www.alasmedios.com\/index.php\/2026\/03\/13\/organizan-camping-mineral-del-chico-mujer\/","title":{"rendered":"Organizan camping y ceremonia hol\u00edstica en Mineral del Chico por el D\u00eda de la Mujer"},"content":{"rendered":"\n<p>Siguen las actividades para conmemorar el <strong>D\u00eda Internacional de la Mujer<\/strong>, y la <strong>Instancia Municipal de la Mujer de Tizayuca<\/strong> prepar\u00f3 un <strong>camping en Mineral del Chico<\/strong>.<\/p>\n\n\n\n<p>La <strong>Instancia Municipal de la Mujer de Tizayuca<\/strong> anunci\u00f3 la realizaci\u00f3n de un <strong>camping en Mineral del Chico acompa\u00f1ado de una ceremonia hol\u00edstica<\/strong>, actividad organizada en el marco de la <strong>conmemoraci\u00f3n del D\u00eda Internacional de la Mujer<\/strong>.<\/p>\n\n\n\n<p>De acuerdo con la convocatoria, el <strong>viaje se llevar\u00e1 a cabo el pr\u00f3ximo 20 de marzo<\/strong> y busca ofrecer a las participantes <strong>un espacio de reconexi\u00f3n personal y contacto con la naturaleza<\/strong>, en una experiencia orientada a <strong>reflexionar sobre la feminidad y el bienestar emocional<\/strong>.<\/p>\n\n\n\n<p>CONTIN\u00daA LEYENDO: <a href=\"https:\/\/www.alasmedios.com\/index.php\/2026\/03\/12\/mujeres-de-mineral-del-monte-participan-en-curso-de-trufas-y-chocolates\/\" type=\"post\" id=\"8210\">Mujeres de Mineral del Monte participan en curso de trufas y chocolates<\/a><\/p>\n\n\n\n<p>Las interesadas deber\u00e1n realizar <strong>inscripci\u00f3n presencial<\/strong>, ya que el <strong>cupo es limitado<\/strong>. El registro se llevar\u00e1 a cabo hoy, <strong>viernes 13 de marzo<\/strong>, en las instalaciones de la <strong>Instancia Municipal de la Mujer de Tizayuca<\/strong>, a partir de las <strong>9:00 de la ma\u00f1ana<\/strong> y hasta agotar los lugares disponibles.<\/p>\n\n\n\n<iframe loading=\"lazy\" src=\"https:\/\/www.facebook.com\/plugins\/post.php?href=https%3A%2F%2Fwww.facebook.com%2Finstitutodelamujertizayuca%2Fposts%2Fpfbid02dYQaGkWVB11cXizd4ciwJ1kWyJt3u9HZvEhZ6ngbTKG9TL1c9hveuaNTbzHy81DJl&#038;show_text=true&#038;width=500\" width=\"500\" height=\"653\" style=\"border:none;overflow:hidden\" scrolling=\"no\" frameborder=\"0\" allowfullscreen=\"true\" allow=\"autoplay; clipboard-write; encrypted-media; picture-in-picture; web-share\"><\/iframe>\n\n\n\n<p>Para participar, se solicita <strong>copia de la credencial de elector (INE) con domicilio en Tizayuca<\/strong>, <strong>CURP actualizado<\/strong> y <strong>comprobante de domicilio<\/strong>.<\/p>\n\n\n\n<p>La actividad contempla <strong>una jornada de convivencia al aire libre<\/strong>, as\u00ed como <strong>din\u00e1micas orientadas al bienestar y la reflexi\u00f3n<\/strong>, en un entorno natural como el que ofrece <strong>Mineral del Chico<\/strong>, uno de los destinos forestales m\u00e1s conocidos del estado de <strong>Hidalgo<\/strong>.<\/p>\n\n\n<ul class=\"wp-block-latest-posts__list is-grid columns-3 wp-block-latest-posts\"><li><div class=\"wp-block-latest-posts__featured-image\"><img loading=\"lazy\" decoding=\"async\" width=\"150\" height=\"150\" src=\"https:\/\/www.alasmedios.com\/wp-content\/uploads\/2026\/04\/Congreso-Puebla-proteccion-de-victimas-de-violencia-150x150.png\" class=\"attachment-thumbnail size-thumbnail wp-post-image\" alt=\"\" style=\"\" \/><\/div><a class=\"wp-block-latest-posts__post-title\" href=\"https:\/\/www.alasmedios.com\/index.php\/2026\/04\/27\/congreso-de-puebla-urge-a-ayuntamientos-a-cumplir-medidas-para-victimas-de-violencia\/\">Congreso de Puebla urge a Ayuntamientos a cumplir medidas para v\u00edctimas de violencia<\/a><\/li>\n<li><div class=\"wp-block-latest-posts__featured-image\"><img loading=\"lazy\" decoding=\"async\" width=\"150\" height=\"150\" src=\"https:\/\/www.alasmedios.com\/wp-content\/uploads\/2026\/04\/esperanza-de-vida-en-Mexico-150x150.png\" class=\"attachment-thumbnail size-thumbnail wp-post-image\" alt=\"\" style=\"\" \/><\/div><a class=\"wp-block-latest-posts__post-title\" href=\"https:\/\/www.alasmedios.com\/index.php\/2026\/04\/27\/esperanza-de-vida-en-mexico-crece-6-7-pero-persisten-anos-con-mala-salud-alerta-unam\/\">Esperanza de vida en M\u00e9xico crece 6.7%, pero persisten a\u00f1os con mala salud, alerta UNAM<\/a><\/li>\n<li><div class=\"wp-block-latest-posts__featured-image\"><img loading=\"lazy\" decoding=\"async\" width=\"150\" height=\"150\" src=\"https:\/\/www.alasmedios.com\/wp-content\/uploads\/2026\/04\/Mexico-ninas-y-ninos-violencia-UNICEF-150x150.png\" class=\"attachment-thumbnail size-thumbnail wp-post-image\" alt=\"\" style=\"\" \/><\/div><a class=\"wp-block-latest-posts__post-title\" href=\"https:\/\/www.alasmedios.com\/index.php\/2026\/04\/27\/la-violencia-empieza-en-casa-la-mitad-de-la-infancia-en-mexico-crece-entre-agresiones-alerta-unicef\/\">La violencia empieza en casa: la mitad de la infancia en M\u00e9xico crece entre agresiones, alerta Unicef<\/a><\/li>\n<\/ul>","protected":false},"excerpt":{"rendered":"<p>Siguen las actividades para conmemorar el D\u00eda Internacional de la Mujer, y la Instancia Municipal de la Mujer de Tizayuca<\/p>\n","protected":false},"author":4,"featured_media":8221,"comment_status":"open","ping_status":"open","sticky":false,"template":"","format":"standard","meta":{"colormag_page_container_layout":"default_layout","colormag_page_sidebar_layout":"default_layout","rop_custom_images_group":[],"rop_custom_messages_group":[],"rop_publish_now":"yes","rop_publish_now_accounts":[],"rop_publish_now_history":[],"rop_publish_now_status":"pending","iawp_total_views":7,"footnotes":""},"categories":[41],"tags":[3460,2652,53,652,74],"class_list":["post-8216","post","type-post","status-publish","format-standard","has-post-thumbnail","hentry","category-hidalgo","tag-camping","tag-mineral-del-chico","tag-mujeres","tag-tizayuca","tag-turismo"],"magazineBlocksPostFeaturedMedia":{"thumbnail":"https:\/\/www.alasmedios.com\/wp-content\/uploads\/2026\/03\/Tizayuca-camping-en-Mineral-del-Chico-150x150.png","medium":"https:\/\/www.alasmedios.com\/wp-content\/uploads\/2026\/03\/Tizayuca-camping-en-Mineral-del-Chico-300x182.png","medium_large":"https:\/\/www.alasmedios.com\/wp-content\/uploads\/2026\/03\/Tizayuca-camping-en-Mineral-del-Chico-768x466.png","large":"https:\/\/www.alasmedios.com\/wp-content\/uploads\/2026\/03\/Tizayuca-camping-en-Mineral-del-Chico-1024x622.png","1536x1536":"https:\/\/www.alasmedios.com\/wp-content\/uploads\/2026\/03\/Tizayuca-camping-en-Mineral-del-Chico-1536x932.png","2048x2048":"https:\/\/www.alasmedios.com\/wp-content\/uploads\/2026\/03\/Tizayuca-camping-en-Mineral-del-Chico.png","colormag-highlighted-post":"https:\/\/www.alasmedios.com\/wp-content\/uploads\/2026\/03\/Tizayuca-camping-en-Mineral-del-Chico-392x272.png","colormag-featured-post-medium":"https:\/\/www.alasmedios.com\/wp-content\/uploads\/2026\/03\/Tizayuca-camping-en-Mineral-del-Chico-390x205.png","colormag-featured-post-small":"https:\/\/www.alasmedios.com\/wp-content\/uploads\/2026\/03\/Tizayuca-camping-en-Mineral-del-Chico-130x90.png","colormag-featured-image":"https:\/\/www.alasmedios.com\/wp-content\/uploads\/2026\/03\/Tizayuca-camping-en-Mineral-del-Chico-800x445.png","colormag-default-news":"https:\/\/www.alasmedios.com\/wp-content\/uploads\/2026\/03\/Tizayuca-camping-en-Mineral-del-Chico-150x150.png","colormag-featured-image-large":"https:\/\/www.alasmedios.com\/wp-content\/uploads\/2026\/03\/Tizayuca-camping-en-Mineral-del-Chico-1400x600.png"},"magazineBlocksPostAuthor":{"name":"Keila Rodr\u00edguez Pe\u00f1a","avatar":"https:\/\/secure.gravatar.com\/avatar\/a2553a2bfaa601b9d539b617c8793e151bdffb60f9e48a249912f86d4c9ebeef?s=96&d=mm&r=g"},"magazineBlocksPostCommentsNumber":"0","magazineBlocksPostExcerpt":"Siguen las actividades para conmemorar el D\u00eda Internacional de la Mujer, y la Instancia Municipal de la Mujer de Tizayuca","magazineBlocksPostCategories":["Hidalgo"],"magazineBlocksPostViewCount":19,"magazineBlocksPostReadTime":2,"magazine_blocks_featured_image_url":{"full":["https:\/\/www.alasmedios.com\/wp-content\/uploads\/2026\/03\/Tizayuca-camping-en-Mineral-del-Chico.png",2000,1214,false],"medium":["https:\/\/www.alasmedios.com\/wp-content\/uploads\/2026\/03\/Tizayuca-camping-en-Mineral-del-Chico-300x182.png",300,182,true],"thumbnail":["https:\/\/www.alasmedios.com\/wp-content\/uploads\/2026\/03\/Tizayuca-camping-en-Mineral-del-Chico-150x150.png",150,150,true]},"magazine_blocks_author":{"display_name":"Keila Rodr\u00edguez Pe\u00f1a","author_link":"https:\/\/www.alasmedios.com\/index.php\/author\/keila\/"},"magazine_blocks_comment":0,"magazine_blocks_author_image":"https:\/\/secure.gravatar.com\/avatar\/a2553a2bfaa601b9d539b617c8793e151bdffb60f9e48a249912f86d4c9ebeef?s=96&d=mm&r=g","magazine_blocks_category":"<a href=\"#\" class=\"category-link category-link-41\">Hidalgo<\/a>","yoast_head":"<!-- This site is optimized with the Yoast SEO plugin v27.4 - https:\/\/yoast.com\/product\/yoast-seo-wordpress\/ -->\r\n<title>Organizan camping y ceremonia hol\u00edstica en Mineral del Chico por el D\u00eda de la Mujer<\/title>\r\n<meta name=\"description\" content=\"Siguen las actividades por el D\u00eda Internacional de la Mujer, y la Instancia de la Mujer de Tizayuca prepar\u00f3 un camping en Mineral del Chico\" \/>\r\n<meta name=\"robots\" content=\"index, follow, max-snippet:-1, max-image-preview:large, max-video-preview:-1\" \/>\r\n<link rel=\"canonical\" href=\"https:\/\/www.alasmedios.com\/index.php\/2026\/03\/13\/organizan-camping-mineral-del-chico-mujer\/\" \/>\r\n<meta property=\"og:locale\" content=\"es_MX\" \/>\r\n<meta property=\"og:type\" content=\"article\" \/>\r\n<meta property=\"og:title\" content=\"Organizan camping y ceremonia hol\u00edstica en Mineral del Chico por el D\u00eda de la Mujer\" \/>\r\n<meta property=\"og:description\" content=\"Siguen las actividades por el D\u00eda Internacional de la Mujer, y la Instancia de la Mujer de Tizayuca prepar\u00f3 un camping en Mineral del Chico\" \/>\r\n<meta property=\"og:url\" content=\"https:\/\/www.alasmedios.com\/index.php\/2026\/03\/13\/organizan-camping-mineral-del-chico-mujer\/\" \/>\r\n<meta property=\"og:site_name\" content=\"Alas Medios\" \/>\r\n<meta property=\"article:published_time\" content=\"2026-03-13T14:49:33+00:00\" \/>\r\n<meta property=\"article:modified_time\" content=\"2026-03-13T19:30:14+00:00\" \/>\r\n<meta property=\"og:image\" content=\"https:\/\/www.alasmedios.com\/wp-content\/uploads\/2026\/03\/Tizayuca-camping-en-Mineral-del-Chico-1024x622.png\" \/>\r\n\t<meta property=\"og:image:width\" content=\"1024\" \/>\r\n\t<meta property=\"og:image:height\" content=\"622\" \/>\r\n\t<meta property=\"og:image:type\" content=\"image\/png\" \/>\r\n<meta name=\"author\" content=\"Keila Rodr\u00edguez Pe\u00f1a\" \/>\r\n<meta name=\"twitter:card\" content=\"summary_large_image\" \/>\r\n<meta name=\"twitter:label1\" content=\"Escrito por\" \/>\n\t<meta name=\"twitter:data1\" content=\"Keila Rodr\u00edguez Pe\u00f1a\" \/>\n\t<meta name=\"twitter:label2\" content=\"Tiempo de lectura\" \/>\n\t<meta name=\"twitter:data2\" content=\"2 minutos\" \/>\r\n<script type=\"application\/ld+json\" class=\"yoast-schema-graph\">{\"@context\":\"https:\\\/\\\/schema.org\",\"@graph\":[{\"@type\":\"Article\",\"@id\":\"https:\\\/\\\/www.alasmedios.com\\\/index.php\\\/2026\\\/03\\\/13\\\/organizan-camping-mineral-del-chico-mujer\\\/#article\",\"isPartOf\":{\"@id\":\"https:\\\/\\\/www.alasmedios.com\\\/index.php\\\/2026\\\/03\\\/13\\\/organizan-camping-mineral-del-chico-mujer\\\/\"},\"author\":{\"name\":\"Keila Rodr\u00edguez Pe\u00f1a\",\"@id\":\"https:\\\/\\\/www.alasmedios.com\\\/#\\\/schema\\\/person\\\/0ba31bdd19a05ebf5c7fef1fedf99c34\"},\"headline\":\"Organizan camping y ceremonia hol\u00edstica en Mineral del Chico por el D\u00eda de la Mujer\",\"datePublished\":\"2026-03-13T14:49:33+00:00\",\"dateModified\":\"2026-03-13T19:30:14+00:00\",\"mainEntityOfPage\":{\"@id\":\"https:\\\/\\\/www.alasmedios.com\\\/index.php\\\/2026\\\/03\\\/13\\\/organizan-camping-mineral-del-chico-mujer\\\/\"},\"wordCount\":263,\"commentCount\":0,\"publisher\":{\"@id\":\"https:\\\/\\\/www.alasmedios.com\\\/#organization\"},\"image\":{\"@id\":\"https:\\\/\\\/www.alasmedios.com\\\/index.php\\\/2026\\\/03\\\/13\\\/organizan-camping-mineral-del-chico-mujer\\\/#primaryimage\"},\"thumbnailUrl\":\"https:\\\/\\\/www.alasmedios.com\\\/wp-content\\\/uploads\\\/2026\\\/03\\\/Tizayuca-camping-en-Mineral-del-Chico.png\",\"keywords\":[\"camping\",\"Mineral del Chico\",\"Mujeres\",\"Tizayuca\",\"Turismo\"],\"articleSection\":[\"Hidalgo\"],\"inLanguage\":\"es\",\"potentialAction\":[{\"@type\":\"CommentAction\",\"name\":\"Comment\",\"target\":[\"https:\\\/\\\/www.alasmedios.com\\\/index.php\\\/2026\\\/03\\\/13\\\/organizan-camping-mineral-del-chico-mujer\\\/#respond\"]}]},{\"@type\":\"WebPage\",\"@id\":\"https:\\\/\\\/www.alasmedios.com\\\/index.php\\\/2026\\\/03\\\/13\\\/organizan-camping-mineral-del-chico-mujer\\\/\",\"url\":\"https:\\\/\\\/www.alasmedios.com\\\/index.php\\\/2026\\\/03\\\/13\\\/organizan-camping-mineral-del-chico-mujer\\\/\",\"name\":\"Organizan camping y ceremonia hol\u00edstica en Mineral del Chico por el D\u00eda de la Mujer\",\"isPartOf\":{\"@id\":\"https:\\\/\\\/www.alasmedios.com\\\/#website\"},\"primaryImageOfPage\":{\"@id\":\"https:\\\/\\\/www.alasmedios.com\\\/index.php\\\/2026\\\/03\\\/13\\\/organizan-camping-mineral-del-chico-mujer\\\/#primaryimage\"},\"image\":{\"@id\":\"https:\\\/\\\/www.alasmedios.com\\\/index.php\\\/2026\\\/03\\\/13\\\/organizan-camping-mineral-del-chico-mujer\\\/#primaryimage\"},\"thumbnailUrl\":\"https:\\\/\\\/www.alasmedios.com\\\/wp-content\\\/uploads\\\/2026\\\/03\\\/Tizayuca-camping-en-Mineral-del-Chico.png\",\"datePublished\":\"2026-03-13T14:49:33+00:00\",\"dateModified\":\"2026-03-13T19:30:14+00:00\",\"description\":\"Siguen las actividades por el D\u00eda Internacional de la Mujer, y la Instancia de la Mujer de Tizayuca prepar\u00f3 un camping en Mineral del Chico\",\"breadcrumb\":{\"@id\":\"https:\\\/\\\/www.alasmedios.com\\\/index.php\\\/2026\\\/03\\\/13\\\/organizan-camping-mineral-del-chico-mujer\\\/#breadcrumb\"},\"inLanguage\":\"es\",\"potentialAction\":[{\"@type\":\"ReadAction\",\"target\":[\"https:\\\/\\\/www.alasmedios.com\\\/index.php\\\/2026\\\/03\\\/13\\\/organizan-camping-mineral-del-chico-mujer\\\/\"]}]},{\"@type\":\"ImageObject\",\"inLanguage\":\"es\",\"@id\":\"https:\\\/\\\/www.alasmedios.com\\\/index.php\\\/2026\\\/03\\\/13\\\/organizan-camping-mineral-del-chico-mujer\\\/#primaryimage\",\"url\":\"https:\\\/\\\/www.alasmedios.com\\\/wp-content\\\/uploads\\\/2026\\\/03\\\/Tizayuca-camping-en-Mineral-del-Chico.png\",\"contentUrl\":\"https:\\\/\\\/www.alasmedios.com\\\/wp-content\\\/uploads\\\/2026\\\/03\\\/Tizayuca-camping-en-Mineral-del-Chico.png\",\"width\":2000,\"height\":1214},{\"@type\":\"BreadcrumbList\",\"@id\":\"https:\\\/\\\/www.alasmedios.com\\\/index.php\\\/2026\\\/03\\\/13\\\/organizan-camping-mineral-del-chico-mujer\\\/#breadcrumb\",\"itemListElement\":[{\"@type\":\"ListItem\",\"position\":1,\"name\":\"Inicio\",\"item\":\"https:\\\/\\\/www.alasmedios.com\\\/\"},{\"@type\":\"ListItem\",\"position\":2,\"name\":\"Organizan camping y ceremonia hol\u00edstica en Mineral del Chico por el D\u00eda de la Mujer\"}]},{\"@type\":\"WebSite\",\"@id\":\"https:\\\/\\\/www.alasmedios.com\\\/#website\",\"url\":\"https:\\\/\\\/www.alasmedios.com\\\/\",\"name\":\"Alas Medios\",\"description\":\"Alas para pensar, Alas para volar, Alas de libertad\",\"publisher\":{\"@id\":\"https:\\\/\\\/www.alasmedios.com\\\/#organization\"},\"potentialAction\":[{\"@type\":\"SearchAction\",\"target\":{\"@type\":\"EntryPoint\",\"urlTemplate\":\"https:\\\/\\\/www.alasmedios.com\\\/?s={search_term_string}\"},\"query-input\":{\"@type\":\"PropertyValueSpecification\",\"valueRequired\":true,\"valueName\":\"search_term_string\"}}],\"inLanguage\":\"es\"},{\"@type\":\"Organization\",\"@id\":\"https:\\\/\\\/www.alasmedios.com\\\/#organization\",\"name\":\"Alas Medios\",\"url\":\"https:\\\/\\\/www.alasmedios.com\\\/\",\"logo\":{\"@type\":\"ImageObject\",\"inLanguage\":\"es\",\"@id\":\"https:\\\/\\\/www.alasmedios.com\\\/#\\\/schema\\\/logo\\\/image\\\/\",\"url\":\"https:\\\/\\\/www.alasmedios.com\\\/wp-content\\\/uploads\\\/2026\\\/01\\\/cropped-cropped-GAM-1.png\",\"contentUrl\":\"https:\\\/\\\/www.alasmedios.com\\\/wp-content\\\/uploads\\\/2026\\\/01\\\/cropped-cropped-GAM-1.png\",\"width\":467,\"height\":235,\"caption\":\"Alas Medios\"},\"image\":{\"@id\":\"https:\\\/\\\/www.alasmedios.com\\\/#\\\/schema\\\/logo\\\/image\\\/\"}},{\"@type\":\"Person\",\"@id\":\"https:\\\/\\\/www.alasmedios.com\\\/#\\\/schema\\\/person\\\/0ba31bdd19a05ebf5c7fef1fedf99c34\",\"name\":\"Keila Rodr\u00edguez Pe\u00f1a\",\"image\":{\"@type\":\"ImageObject\",\"inLanguage\":\"es\",\"@id\":\"https:\\\/\\\/secure.gravatar.com\\\/avatar\\\/a2553a2bfaa601b9d539b617c8793e151bdffb60f9e48a249912f86d4c9ebeef?s=96&d=mm&r=g\",\"url\":\"https:\\\/\\\/secure.gravatar.com\\\/avatar\\\/a2553a2bfaa601b9d539b617c8793e151bdffb60f9e48a249912f86d4c9ebeef?s=96&d=mm&r=g\",\"contentUrl\":\"https:\\\/\\\/secure.gravatar.com\\\/avatar\\\/a2553a2bfaa601b9d539b617c8793e151bdffb60f9e48a249912f86d4c9ebeef?s=96&d=mm&r=g\",\"caption\":\"Keila Rodr\u00edguez Pe\u00f1a\"},\"sameAs\":[\"http:\\\/\\\/www.alasmedios.com\"],\"url\":\"https:\\\/\\\/www.alasmedios.com\\\/index.php\\\/author\\\/keila\\\/\"}]}<\/script>\r\n<!-- \/ Yoast SEO plugin. -->","yoast_head_json":{"title":"Organizan camping y ceremonia hol\u00edstica en Mineral del Chico por el D\u00eda de la Mujer","description":"Siguen las actividades por el D\u00eda Internacional de la Mujer, y la Instancia de la Mujer de Tizayuca prepar\u00f3 un camping en Mineral del Chico","robots":{"index":"index","follow":"follow","max-snippet":"max-snippet:-1","max-image-preview":"max-image-preview:large","max-video-preview":"max-video-preview:-1"},"canonical":"https:\/\/www.alasmedios.com\/index.php\/2026\/03\/13\/organizan-camping-mineral-del-chico-mujer\/","og_locale":"es_MX","og_type":"article","og_title":"Organizan camping y ceremonia hol\u00edstica en Mineral del Chico por el D\u00eda de la Mujer","og_description":"Siguen las actividades por el D\u00eda Internacional de la Mujer, y la Instancia de la Mujer de Tizayuca prepar\u00f3 un camping en Mineral del Chico","og_url":"https:\/\/www.alasmedios.com\/index.php\/2026\/03\/13\/organizan-camping-mineral-del-chico-mujer\/","og_site_name":"Alas Medios","article_published_time":"2026-03-13T14:49:33+00:00","article_modified_time":"2026-03-13T19:30:14+00:00","og_image":[{"width":1024,"height":622,"url":"https:\/\/www.alasmedios.com\/wp-content\/uploads\/2026\/03\/Tizayuca-camping-en-Mineral-del-Chico-1024x622.png","type":"image\/png"}],"author":"Keila Rodr\u00edguez Pe\u00f1a","twitter_card":"summary_large_image","twitter_misc":{"Escrito por":"Keila Rodr\u00edguez Pe\u00f1a","Tiempo de lectura":"2 minutos"},"schema":{"@context":"https:\/\/schema.org","@graph":[{"@type":"Article","@id":"https:\/\/www.alasmedios.com\/index.php\/2026\/03\/13\/organizan-camping-mineral-del-chico-mujer\/#article","isPartOf":{"@id":"https:\/\/www.alasmedios.com\/index.php\/2026\/03\/13\/organizan-camping-mineral-del-chico-mujer\/"},"author":{"name":"Keila Rodr\u00edguez Pe\u00f1a","@id":"https:\/\/www.alasmedios.com\/#\/schema\/person\/0ba31bdd19a05ebf5c7fef1fedf99c34"},"headline":"Organizan camping y ceremonia hol\u00edstica en Mineral del Chico por el D\u00eda de la Mujer","datePublished":"2026-03-13T14:49:33+00:00","dateModified":"2026-03-13T19:30:14+00:00","mainEntityOfPage":{"@id":"https:\/\/www.alasmedios.com\/index.php\/2026\/03\/13\/organizan-camping-mineral-del-chico-mujer\/"},"wordCount":263,"commentCount":0,"publisher":{"@id":"https:\/\/www.alasmedios.com\/#organization"},"image":{"@id":"https:\/\/www.alasmedios.com\/index.php\/2026\/03\/13\/organizan-camping-mineral-del-chico-mujer\/#primaryimage"},"thumbnailUrl":"https:\/\/www.alasmedios.com\/wp-content\/uploads\/2026\/03\/Tizayuca-camping-en-Mineral-del-Chico.png","keywords":["camping","Mineral del Chico","Mujeres","Tizayuca","Turismo"],"articleSection":["Hidalgo"],"inLanguage":"es","potentialAction":[{"@type":"CommentAction","name":"Comment","target":["https:\/\/www.alasmedios.com\/index.php\/2026\/03\/13\/organizan-camping-mineral-del-chico-mujer\/#respond"]}]},{"@type":"WebPage","@id":"https:\/\/www.alasmedios.com\/index.php\/2026\/03\/13\/organizan-camping-mineral-del-chico-mujer\/","url":"https:\/\/www.alasmedios.com\/index.php\/2026\/03\/13\/organizan-camping-mineral-del-chico-mujer\/","name":"Organizan camping y ceremonia hol\u00edstica en Mineral del Chico por el D\u00eda de la Mujer","isPartOf":{"@id":"https:\/\/www.alasmedios.com\/#website"},"primaryImageOfPage":{"@id":"https:\/\/www.alasmedios.com\/index.php\/2026\/03\/13\/organizan-camping-mineral-del-chico-mujer\/#primaryimage"},"image":{"@id":"https:\/\/www.alasmedios.com\/index.php\/2026\/03\/13\/organizan-camping-mineral-del-chico-mujer\/#primaryimage"},"thumbnailUrl":"https:\/\/www.alasmedios.com\/wp-content\/uploads\/2026\/03\/Tizayuca-camping-en-Mineral-del-Chico.png","datePublished":"2026-03-13T14:49:33+00:00","dateModified":"2026-03-13T19:30:14+00:00","description":"Siguen las actividades por el D\u00eda Internacional de la Mujer, y la Instancia de la Mujer de Tizayuca prepar\u00f3 un camping en Mineral del Chico","breadcrumb":{"@id":"https:\/\/www.alasmedios.com\/index.php\/2026\/03\/13\/organizan-camping-mineral-del-chico-mujer\/#breadcrumb"},"inLanguage":"es","potentialAction":[{"@type":"ReadAction","target":["https:\/\/www.alasmedios.com\/index.php\/2026\/03\/13\/organizan-camping-mineral-del-chico-mujer\/"]}]},{"@type":"ImageObject","inLanguage":"es","@id":"https:\/\/www.alasmedios.com\/index.php\/2026\/03\/13\/organizan-camping-mineral-del-chico-mujer\/#primaryimage","url":"https:\/\/www.alasmedios.com\/wp-content\/uploads\/2026\/03\/Tizayuca-camping-en-Mineral-del-Chico.png","contentUrl":"https:\/\/www.alasmedios.com\/wp-content\/uploads\/2026\/03\/Tizayuca-camping-en-Mineral-del-Chico.png","width":2000,"height":1214},{"@type":"BreadcrumbList","@id":"https:\/\/www.alasmedios.com\/index.php\/2026\/03\/13\/organizan-camping-mineral-del-chico-mujer\/#breadcrumb","itemListElement":[{"@type":"ListItem","position":1,"name":"Inicio","item":"https:\/\/www.alasmedios.com\/"},{"@type":"ListItem","position":2,"name":"Organizan camping y ceremonia hol\u00edstica en Mineral del Chico por el D\u00eda de la Mujer"}]},{"@type":"WebSite","@id":"https:\/\/www.alasmedios.com\/#website","url":"https:\/\/www.alasmedios.com\/","name":"Alas Medios","description":"Alas para pensar, Alas para volar, Alas de libertad","publisher":{"@id":"https:\/\/www.alasmedios.com\/#organization"},"potentialAction":[{"@type":"SearchAction","target":{"@type":"EntryPoint","urlTemplate":"https:\/\/www.alasmedios.com\/?s={search_term_string}"},"query-input":{"@type":"PropertyValueSpecification","valueRequired":true,"valueName":"search_term_string"}}],"inLanguage":"es"},{"@type":"Organization","@id":"https:\/\/www.alasmedios.com\/#organization","name":"Alas Medios","url":"https:\/\/www.alasmedios.com\/","logo":{"@type":"ImageObject","inLanguage":"es","@id":"https:\/\/www.alasmedios.com\/#\/schema\/logo\/image\/","url":"https:\/\/www.alasmedios.com\/wp-content\/uploads\/2026\/01\/cropped-cropped-GAM-1.png","contentUrl":"https:\/\/www.alasmedios.com\/wp-content\/uploads\/2026\/01\/cropped-cropped-GAM-1.png","width":467,"height":235,"caption":"Alas Medios"},"image":{"@id":"https:\/\/www.alasmedios.com\/#\/schema\/logo\/image\/"}},{"@type":"Person","@id":"https:\/\/www.alasmedios.com\/#\/schema\/person\/0ba31bdd19a05ebf5c7fef1fedf99c34","name":"Keila Rodr\u00edguez Pe\u00f1a","image":{"@type":"ImageObject","inLanguage":"es","@id":"https:\/\/secure.gravatar.com\/avatar\/a2553a2bfaa601b9d539b617c8793e151bdffb60f9e48a249912f86d4c9ebeef?s=96&d=mm&r=g","url":"https:\/\/secure.gravatar.com\/avatar\/a2553a2bfaa601b9d539b617c8793e151bdffb60f9e48a249912f86d4c9ebeef?s=96&d=mm&r=g","contentUrl":"https:\/\/secure.gravatar.com\/avatar\/a2553a2bfaa601b9d539b617c8793e151bdffb60f9e48a249912f86d4c9ebeef?s=96&d=mm&r=g","caption":"Keila Rodr\u00edguez Pe\u00f1a"},"sameAs":["http:\/\/www.alasmedios.com"],"url":"https:\/\/www.alasmedios.com\/index.php\/author\/keila\/"}]}},"_links":{"self":[{"href":"https:\/\/www.alasmedios.com\/index.php\/wp-json\/wp\/v2\/posts\/8216","targetHints":{"allow":["GET"]}}],"collection":[{"href":"https:\/\/www.alasmedios.com\/index.php\/wp-json\/wp\/v2\/posts"}],"about":[{"href":"https:\/\/www.alasmedios.com\/index.php\/wp-json\/wp\/v2\/types\/post"}],"author":[{"embeddable":true,"href":"https:\/\/www.alasmedios.com\/index.php\/wp-json\/wp\/v2\/users\/4"}],"replies":[{"embeddable":true,"href":"https:\/\/www.alasmedios.com\/index.php\/wp-json\/wp\/v2\/comments?post=8216"}],"version-history":[{"count":2,"href":"https:\/\/www.alasmedios.com\/index.php\/wp-json\/wp\/v2\/posts\/8216\/revisions"}],"predecessor-version":[{"id":8222,"href":"https:\/\/www.alasmedios.com\/index.php\/wp-json\/wp\/v2\/posts\/8216\/revisions\/8222"}],"wp:featuredmedia":[{"embeddable":true,"href":"https:\/\/www.alasmedios.com\/index.php\/wp-json\/wp\/v2\/media\/8221"}],"wp:attachment":[{"href":"https:\/\/www.alasmedios.com\/index.php\/wp-json\/wp\/v2\/media?parent=8216"}],"wp:term":[{"taxonomy":"category","embeddable":true,"href":"https:\/\/www.alasmedios.com\/index.php\/wp-json\/wp\/v2\/categories?post=8216"},{"taxonomy":"post_tag","embeddable":true,"href":"https:\/\/www.alasmedios.com\/index.php\/wp-json\/wp\/v2\/tags?post=8216"}],"curies":[{"name":"wp","href":"https:\/\/api.w.org\/{rel}","templated":true}]}}