{"id":8210,"date":"2026-03-12T13:33:26","date_gmt":"2026-03-12T19:33:26","guid":{"rendered":"https:\/\/www.alasmedios.com\/?p=8210"},"modified":"2026-03-12T13:34:13","modified_gmt":"2026-03-12T19:34:13","slug":"mujeres-de-mineral-del-monte-participan-en-curso-de-trufas-y-chocolates","status":"publish","type":"post","link":"https:\/\/www.alasmedios.com\/index.php\/2026\/03\/12\/mujeres-de-mineral-del-monte-participan-en-curso-de-trufas-y-chocolates\/","title":{"rendered":"Mujeres de Mineral del Monte participan en curso de trufas y chocolates"},"content":{"rendered":"\n<p>La <strong>Instancia Municipal para el Desarrollo de las Mujeres de Mineral del Monte<\/strong> realiz\u00f3 el <strong>Curso de Elaboraci\u00f3n de Trufas y Chocolates<\/strong>, las participantes aprendieron las t\u00e9cnicas.<\/p>\n\n\n\n<p><strong>Mujeres de Mineral del Monte iniciaron el Curso de Elaboraci\u00f3n de Trufas y Chocolates<\/strong>, una actividad enfocada en <strong>fortalecer habilidades y promover el emprendimiento<\/strong> entre las participantes del municipio.<\/p>\n\n\n\n<p>El taller es impulsado por la <strong>Instancia Municipal para el Desarrollo de las Mujeres de <a href=\"https:\/\/www.facebook.com\/mujerinst2427\">Mineral del Monte<\/a><\/strong>, con el objetivo de <strong>generar espacios de capacitaci\u00f3n pr\u00e1ctica y aprendizaje<\/strong>.<\/p>\n\n\n\n<p>CONTIN\u00daA LEYENDO: <a href=\"https:\/\/www.alasmedios.com\/index.php\/2026\/03\/12\/vientos-intensos-amenazan-varias-regiones-de-hidalgo-piden-asegurar-techos-y-evitar-quemas\/\" type=\"post\" id=\"8206\">Vientos intensos amenazan varias regiones de Hidalgo; piden asegurar techos y evitar quemas<\/a><\/p>\n\n\n\n<p>La actividad se realiza <strong>en coordinaci\u00f3n con el Instituto Hidalguense de las Mujeres<\/strong>, como parte de las acciones dirigidas a <strong>impulsar la formaci\u00f3n y autonom\u00eda econ\u00f3mica de las participantes<\/strong>.<\/p>\n\n\n\n<figure class=\"wp-block-gallery has-nested-images columns-default is-cropped wp-block-gallery-1 is-layout-flex wp-block-gallery-is-layout-flex\">\n<figure class=\"wp-block-image size-large\"><img loading=\"lazy\" decoding=\"async\" width=\"768\" height=\"1024\" data-id=\"8212\" src=\"https:\/\/www.alasmedios.com\/wp-content\/uploads\/2026\/03\/Mujeres-de-Mineral-del-Monte-participan-en-curso-de-trufas-y-chocolates3-768x1024.jpg\" alt=\"\" class=\"wp-image-8212\" srcset=\"https:\/\/www.alasmedios.com\/wp-content\/uploads\/2026\/03\/Mujeres-de-Mineral-del-Monte-participan-en-curso-de-trufas-y-chocolates3-768x1024.jpg 768w, https:\/\/www.alasmedios.com\/wp-content\/uploads\/2026\/03\/Mujeres-de-Mineral-del-Monte-participan-en-curso-de-trufas-y-chocolates3-225x300.jpg 225w, https:\/\/www.alasmedios.com\/wp-content\/uploads\/2026\/03\/Mujeres-de-Mineral-del-Monte-participan-en-curso-de-trufas-y-chocolates3-1152x1536.jpg 1152w, https:\/\/www.alasmedios.com\/wp-content\/uploads\/2026\/03\/Mujeres-de-Mineral-del-Monte-participan-en-curso-de-trufas-y-chocolates3.jpg 1536w\" sizes=\"auto, (max-width: 768px) 100vw, 768px\" \/><\/figure>\n\n\n\n<figure class=\"wp-block-image size-large\"><img loading=\"lazy\" decoding=\"async\" width=\"768\" height=\"1024\" data-id=\"8213\" src=\"https:\/\/www.alasmedios.com\/wp-content\/uploads\/2026\/03\/Mujeres-de-Mineral-del-Monte-participan-en-curso-de-trufas-y-chocolates2-768x1024.jpg\" alt=\"\" class=\"wp-image-8213\" srcset=\"https:\/\/www.alasmedios.com\/wp-content\/uploads\/2026\/03\/Mujeres-de-Mineral-del-Monte-participan-en-curso-de-trufas-y-chocolates2-768x1024.jpg 768w, https:\/\/www.alasmedios.com\/wp-content\/uploads\/2026\/03\/Mujeres-de-Mineral-del-Monte-participan-en-curso-de-trufas-y-chocolates2-225x300.jpg 225w, https:\/\/www.alasmedios.com\/wp-content\/uploads\/2026\/03\/Mujeres-de-Mineral-del-Monte-participan-en-curso-de-trufas-y-chocolates2-1152x1536.jpg 1152w, https:\/\/www.alasmedios.com\/wp-content\/uploads\/2026\/03\/Mujeres-de-Mineral-del-Monte-participan-en-curso-de-trufas-y-chocolates2.jpg 1536w\" sizes=\"auto, (max-width: 768px) 100vw, 768px\" \/><\/figure>\n\n\n\n<figure class=\"wp-block-image size-large\"><img loading=\"lazy\" decoding=\"async\" width=\"720\" height=\"960\" data-id=\"8214\" src=\"https:\/\/www.alasmedios.com\/wp-content\/uploads\/2026\/03\/Mujeres-de-Mineral-del-Monte-participan-en-curso-de-trufas-y-chocolates1.jpg\" alt=\"\" class=\"wp-image-8214\" srcset=\"https:\/\/www.alasmedios.com\/wp-content\/uploads\/2026\/03\/Mujeres-de-Mineral-del-Monte-participan-en-curso-de-trufas-y-chocolates1.jpg 720w, https:\/\/www.alasmedios.com\/wp-content\/uploads\/2026\/03\/Mujeres-de-Mineral-del-Monte-participan-en-curso-de-trufas-y-chocolates1-225x300.jpg 225w\" sizes=\"auto, (max-width: 720px) 100vw, 720px\" \/><\/figure>\n<\/figure>\n\n\n\n<p>Durante el curso, las asistentes podr\u00e1n <strong>aprender t\u00e9cnicas para la elaboraci\u00f3n de trufas y chocolates<\/strong>, conocimientos que tambi\u00e9n pueden convertirse en <strong>una oportunidad para iniciar proyectos productivos<\/strong>.<\/p>\n\n\n\n<p>Las organizadoras agradecieron la <strong>participaci\u00f3n de las mujeres que se sumaron a esta actividad<\/strong>, destacando el inter\u00e9s por <strong>aprender nuevas habilidades y explorar opciones de desarrollo personal y econ\u00f3mico<\/strong>.<\/p>\n\n\n<ul class=\"wp-block-latest-posts__list is-grid columns-3 wp-block-latest-posts\"><li><div class=\"wp-block-latest-posts__featured-image\"><img loading=\"lazy\" decoding=\"async\" width=\"150\" height=\"150\" src=\"https:\/\/www.alasmedios.com\/wp-content\/uploads\/2026\/04\/Congreso-Puebla-proteccion-de-victimas-de-violencia-150x150.png\" class=\"attachment-thumbnail size-thumbnail wp-post-image\" alt=\"\" style=\"\" \/><\/div><a class=\"wp-block-latest-posts__post-title\" href=\"https:\/\/www.alasmedios.com\/index.php\/2026\/04\/27\/congreso-de-puebla-urge-a-ayuntamientos-a-cumplir-medidas-para-victimas-de-violencia\/\">Congreso de Puebla urge a Ayuntamientos a cumplir medidas para v\u00edctimas de violencia<\/a><\/li>\n<li><div class=\"wp-block-latest-posts__featured-image\"><img loading=\"lazy\" decoding=\"async\" width=\"150\" height=\"150\" src=\"https:\/\/www.alasmedios.com\/wp-content\/uploads\/2026\/04\/esperanza-de-vida-en-Mexico-150x150.png\" class=\"attachment-thumbnail size-thumbnail wp-post-image\" alt=\"\" style=\"\" \/><\/div><a class=\"wp-block-latest-posts__post-title\" href=\"https:\/\/www.alasmedios.com\/index.php\/2026\/04\/27\/esperanza-de-vida-en-mexico-crece-6-7-pero-persisten-anos-con-mala-salud-alerta-unam\/\">Esperanza de vida en M\u00e9xico crece 6.7%, pero persisten a\u00f1os con mala salud, alerta UNAM<\/a><\/li>\n<li><div class=\"wp-block-latest-posts__featured-image\"><img loading=\"lazy\" decoding=\"async\" width=\"150\" height=\"150\" src=\"https:\/\/www.alasmedios.com\/wp-content\/uploads\/2026\/04\/Mexico-ninas-y-ninos-violencia-UNICEF-150x150.png\" class=\"attachment-thumbnail size-thumbnail wp-post-image\" alt=\"\" style=\"\" \/><\/div><a class=\"wp-block-latest-posts__post-title\" href=\"https:\/\/www.alasmedios.com\/index.php\/2026\/04\/27\/la-violencia-empieza-en-casa-la-mitad-de-la-infancia-en-mexico-crece-entre-agresiones-alerta-unicef\/\">La violencia empieza en casa: la mitad de la infancia en M\u00e9xico crece entre agresiones, alerta Unicef<\/a><\/li>\n<\/ul>","protected":false},"excerpt":{"rendered":"<p>La Instancia Municipal para el Desarrollo de las Mujeres de Mineral del Monte realiz\u00f3 el Curso de Elaboraci\u00f3n de Trufas<\/p>\n","protected":false},"author":4,"featured_media":8211,"comment_status":"open","ping_status":"open","sticky":false,"template":"","format":"standard","meta":{"colormag_page_container_layout":"default_layout","colormag_page_sidebar_layout":"default_layout","rop_custom_images_group":[],"rop_custom_messages_group":[],"rop_publish_now":"yes","rop_publish_now_accounts":[],"rop_publish_now_history":[],"rop_publish_now_status":"pending","iawp_total_views":5,"footnotes":""},"categories":[43,41],"tags":[2899,2054,53],"class_list":["post-8210","post","type-post","status-publish","format-standard","has-post-thumbnail","hentry","category-el-gusto-es-nuestro","category-hidalgo","tag-curso","tag-mineral-del-monte","tag-mujeres"],"magazineBlocksPostFeaturedMedia":{"thumbnail":"https:\/\/www.alasmedios.com\/wp-content\/uploads\/2026\/03\/Mujeres-de-Mineral-del-Monte-participan-en-curso-de-trufas-y-chocolates-150x150.jpg","medium":"https:\/\/www.alasmedios.com\/wp-content\/uploads\/2026\/03\/Mujeres-de-Mineral-del-Monte-participan-en-curso-de-trufas-y-chocolates-300x209.jpg","medium_large":"https:\/\/www.alasmedios.com\/wp-content\/uploads\/2026\/03\/Mujeres-de-Mineral-del-Monte-participan-en-curso-de-trufas-y-chocolates-768x535.jpg","large":"https:\/\/www.alasmedios.com\/wp-content\/uploads\/2026\/03\/Mujeres-de-Mineral-del-Monte-participan-en-curso-de-trufas-y-chocolates-1024x713.jpg","1536x1536":"https:\/\/www.alasmedios.com\/wp-content\/uploads\/2026\/03\/Mujeres-de-Mineral-del-Monte-participan-en-curso-de-trufas-y-chocolates-1536x1070.jpg","2048x2048":"https:\/\/www.alasmedios.com\/wp-content\/uploads\/2026\/03\/Mujeres-de-Mineral-del-Monte-participan-en-curso-de-trufas-y-chocolates.jpg","colormag-highlighted-post":"https:\/\/www.alasmedios.com\/wp-content\/uploads\/2026\/03\/Mujeres-de-Mineral-del-Monte-participan-en-curso-de-trufas-y-chocolates-392x272.jpg","colormag-featured-post-medium":"https:\/\/www.alasmedios.com\/wp-content\/uploads\/2026\/03\/Mujeres-de-Mineral-del-Monte-participan-en-curso-de-trufas-y-chocolates-390x205.jpg","colormag-featured-post-small":"https:\/\/www.alasmedios.com\/wp-content\/uploads\/2026\/03\/Mujeres-de-Mineral-del-Monte-participan-en-curso-de-trufas-y-chocolates-130x90.jpg","colormag-featured-image":"https:\/\/www.alasmedios.com\/wp-content\/uploads\/2026\/03\/Mujeres-de-Mineral-del-Monte-participan-en-curso-de-trufas-y-chocolates-800x445.jpg","colormag-default-news":"https:\/\/www.alasmedios.com\/wp-content\/uploads\/2026\/03\/Mujeres-de-Mineral-del-Monte-participan-en-curso-de-trufas-y-chocolates-150x150.jpg","colormag-featured-image-large":"https:\/\/www.alasmedios.com\/wp-content\/uploads\/2026\/03\/Mujeres-de-Mineral-del-Monte-participan-en-curso-de-trufas-y-chocolates-1400x600.jpg"},"magazineBlocksPostAuthor":{"name":"Keila Rodr\u00edguez Pe\u00f1a","avatar":"https:\/\/secure.gravatar.com\/avatar\/a2553a2bfaa601b9d539b617c8793e151bdffb60f9e48a249912f86d4c9ebeef?s=96&d=mm&r=g"},"magazineBlocksPostCommentsNumber":"0","magazineBlocksPostExcerpt":"La Instancia Municipal para el Desarrollo de las Mujeres de Mineral del Monte realiz\u00f3 el Curso de Elaboraci\u00f3n de Trufas","magazineBlocksPostCategories":["El Gusto es Nuestro","Hidalgo"],"magazineBlocksPostViewCount":19,"magazineBlocksPostReadTime":2,"magazine_blocks_featured_image_url":{"full":["https:\/\/www.alasmedios.com\/wp-content\/uploads\/2026\/03\/Mujeres-de-Mineral-del-Monte-participan-en-curso-de-trufas-y-chocolates.jpg",2048,1426,false],"medium":["https:\/\/www.alasmedios.com\/wp-content\/uploads\/2026\/03\/Mujeres-de-Mineral-del-Monte-participan-en-curso-de-trufas-y-chocolates-300x209.jpg",300,209,true],"thumbnail":["https:\/\/www.alasmedios.com\/wp-content\/uploads\/2026\/03\/Mujeres-de-Mineral-del-Monte-participan-en-curso-de-trufas-y-chocolates-150x150.jpg",150,150,true]},"magazine_blocks_author":{"display_name":"Keila Rodr\u00edguez Pe\u00f1a","author_link":"https:\/\/www.alasmedios.com\/index.php\/author\/keila\/"},"magazine_blocks_comment":0,"magazine_blocks_author_image":"https:\/\/secure.gravatar.com\/avatar\/a2553a2bfaa601b9d539b617c8793e151bdffb60f9e48a249912f86d4c9ebeef?s=96&d=mm&r=g","magazine_blocks_category":"<a href=\"#\" class=\"category-link category-link-43\">El Gusto es Nuestro<\/a> <a href=\"#\" class=\"category-link category-link-41\">Hidalgo<\/a>","yoast_head":"<!-- This site is optimized with the Yoast SEO plugin v27.4 - https:\/\/yoast.com\/product\/yoast-seo-wordpress\/ -->\r\n<title>Mujeres de Mineral del Monte participan en curso de trufas y chocolates<\/title>\r\n<meta name=\"description\" content=\"La Instancia Municipal para el Desarrollo de las Mujeres de Mineral del Monte realiz\u00f3 el Curso de Elaboraci\u00f3n de Trufas y Chocolates\" \/>\r\n<meta name=\"robots\" content=\"index, follow, max-snippet:-1, max-image-preview:large, max-video-preview:-1\" \/>\r\n<link rel=\"canonical\" href=\"https:\/\/www.alasmedios.com\/index.php\/2026\/03\/12\/mujeres-de-mineral-del-monte-participan-en-curso-de-trufas-y-chocolates\/\" \/>\r\n<meta property=\"og:locale\" content=\"es_MX\" \/>\r\n<meta property=\"og:type\" content=\"article\" \/>\r\n<meta property=\"og:title\" content=\"Mujeres de Mineral del Monte participan en curso de trufas y chocolates\" \/>\r\n<meta property=\"og:description\" content=\"La Instancia Municipal para el Desarrollo de las Mujeres de Mineral del Monte realiz\u00f3 el Curso de Elaboraci\u00f3n de Trufas y Chocolates\" \/>\r\n<meta property=\"og:url\" content=\"https:\/\/www.alasmedios.com\/index.php\/2026\/03\/12\/mujeres-de-mineral-del-monte-participan-en-curso-de-trufas-y-chocolates\/\" \/>\r\n<meta property=\"og:site_name\" content=\"Alas Medios\" \/>\r\n<meta property=\"article:published_time\" content=\"2026-03-12T19:33:26+00:00\" \/>\r\n<meta property=\"article:modified_time\" content=\"2026-03-12T19:34:13+00:00\" \/>\r\n<meta property=\"og:image\" content=\"https:\/\/www.alasmedios.com\/wp-content\/uploads\/2026\/03\/Mujeres-de-Mineral-del-Monte-participan-en-curso-de-trufas-y-chocolates.jpg\" \/>\r\n\t<meta property=\"og:image:width\" content=\"2048\" \/>\r\n\t<meta property=\"og:image:height\" content=\"1426\" \/>\r\n\t<meta property=\"og:image:type\" content=\"image\/jpeg\" \/>\r\n<meta name=\"author\" content=\"Keila Rodr\u00edguez Pe\u00f1a\" \/>\r\n<meta name=\"twitter:card\" content=\"summary_large_image\" \/>\r\n<meta name=\"twitter:label1\" content=\"Escrito por\" \/>\n\t<meta name=\"twitter:data1\" content=\"Keila Rodr\u00edguez Pe\u00f1a\" \/>\n\t<meta name=\"twitter:label2\" content=\"Tiempo de lectura\" \/>\n\t<meta name=\"twitter:data2\" content=\"2 minutos\" \/>\r\n<script type=\"application\/ld+json\" class=\"yoast-schema-graph\">{\"@context\":\"https:\\\/\\\/schema.org\",\"@graph\":[{\"@type\":\"Article\",\"@id\":\"https:\\\/\\\/www.alasmedios.com\\\/index.php\\\/2026\\\/03\\\/12\\\/mujeres-de-mineral-del-monte-participan-en-curso-de-trufas-y-chocolates\\\/#article\",\"isPartOf\":{\"@id\":\"https:\\\/\\\/www.alasmedios.com\\\/index.php\\\/2026\\\/03\\\/12\\\/mujeres-de-mineral-del-monte-participan-en-curso-de-trufas-y-chocolates\\\/\"},\"author\":{\"name\":\"Keila Rodr\u00edguez Pe\u00f1a\",\"@id\":\"https:\\\/\\\/www.alasmedios.com\\\/#\\\/schema\\\/person\\\/0ba31bdd19a05ebf5c7fef1fedf99c34\"},\"headline\":\"Mujeres de Mineral del Monte participan en curso de trufas y chocolates\",\"datePublished\":\"2026-03-12T19:33:26+00:00\",\"dateModified\":\"2026-03-12T19:34:13+00:00\",\"mainEntityOfPage\":{\"@id\":\"https:\\\/\\\/www.alasmedios.com\\\/index.php\\\/2026\\\/03\\\/12\\\/mujeres-de-mineral-del-monte-participan-en-curso-de-trufas-y-chocolates\\\/\"},\"wordCount\":214,\"commentCount\":0,\"publisher\":{\"@id\":\"https:\\\/\\\/www.alasmedios.com\\\/#organization\"},\"image\":{\"@id\":\"https:\\\/\\\/www.alasmedios.com\\\/index.php\\\/2026\\\/03\\\/12\\\/mujeres-de-mineral-del-monte-participan-en-curso-de-trufas-y-chocolates\\\/#primaryimage\"},\"thumbnailUrl\":\"https:\\\/\\\/www.alasmedios.com\\\/wp-content\\\/uploads\\\/2026\\\/03\\\/Mujeres-de-Mineral-del-Monte-participan-en-curso-de-trufas-y-chocolates.jpg\",\"keywords\":[\"curso\",\"Mineral del Monte\",\"Mujeres\"],\"articleSection\":[\"El Gusto es Nuestro\",\"Hidalgo\"],\"inLanguage\":\"es\",\"potentialAction\":[{\"@type\":\"CommentAction\",\"name\":\"Comment\",\"target\":[\"https:\\\/\\\/www.alasmedios.com\\\/index.php\\\/2026\\\/03\\\/12\\\/mujeres-de-mineral-del-monte-participan-en-curso-de-trufas-y-chocolates\\\/#respond\"]}]},{\"@type\":\"WebPage\",\"@id\":\"https:\\\/\\\/www.alasmedios.com\\\/index.php\\\/2026\\\/03\\\/12\\\/mujeres-de-mineral-del-monte-participan-en-curso-de-trufas-y-chocolates\\\/\",\"url\":\"https:\\\/\\\/www.alasmedios.com\\\/index.php\\\/2026\\\/03\\\/12\\\/mujeres-de-mineral-del-monte-participan-en-curso-de-trufas-y-chocolates\\\/\",\"name\":\"Mujeres de Mineral del Monte participan en curso de trufas y chocolates\",\"isPartOf\":{\"@id\":\"https:\\\/\\\/www.alasmedios.com\\\/#website\"},\"primaryImageOfPage\":{\"@id\":\"https:\\\/\\\/www.alasmedios.com\\\/index.php\\\/2026\\\/03\\\/12\\\/mujeres-de-mineral-del-monte-participan-en-curso-de-trufas-y-chocolates\\\/#primaryimage\"},\"image\":{\"@id\":\"https:\\\/\\\/www.alasmedios.com\\\/index.php\\\/2026\\\/03\\\/12\\\/mujeres-de-mineral-del-monte-participan-en-curso-de-trufas-y-chocolates\\\/#primaryimage\"},\"thumbnailUrl\":\"https:\\\/\\\/www.alasmedios.com\\\/wp-content\\\/uploads\\\/2026\\\/03\\\/Mujeres-de-Mineral-del-Monte-participan-en-curso-de-trufas-y-chocolates.jpg\",\"datePublished\":\"2026-03-12T19:33:26+00:00\",\"dateModified\":\"2026-03-12T19:34:13+00:00\",\"description\":\"La Instancia Municipal para el Desarrollo de las Mujeres de Mineral del Monte realiz\u00f3 el Curso de Elaboraci\u00f3n de Trufas y Chocolates\",\"breadcrumb\":{\"@id\":\"https:\\\/\\\/www.alasmedios.com\\\/index.php\\\/2026\\\/03\\\/12\\\/mujeres-de-mineral-del-monte-participan-en-curso-de-trufas-y-chocolates\\\/#breadcrumb\"},\"inLanguage\":\"es\",\"potentialAction\":[{\"@type\":\"ReadAction\",\"target\":[\"https:\\\/\\\/www.alasmedios.com\\\/index.php\\\/2026\\\/03\\\/12\\\/mujeres-de-mineral-del-monte-participan-en-curso-de-trufas-y-chocolates\\\/\"]}]},{\"@type\":\"ImageObject\",\"inLanguage\":\"es\",\"@id\":\"https:\\\/\\\/www.alasmedios.com\\\/index.php\\\/2026\\\/03\\\/12\\\/mujeres-de-mineral-del-monte-participan-en-curso-de-trufas-y-chocolates\\\/#primaryimage\",\"url\":\"https:\\\/\\\/www.alasmedios.com\\\/wp-content\\\/uploads\\\/2026\\\/03\\\/Mujeres-de-Mineral-del-Monte-participan-en-curso-de-trufas-y-chocolates.jpg\",\"contentUrl\":\"https:\\\/\\\/www.alasmedios.com\\\/wp-content\\\/uploads\\\/2026\\\/03\\\/Mujeres-de-Mineral-del-Monte-participan-en-curso-de-trufas-y-chocolates.jpg\",\"width\":2048,\"height\":1426},{\"@type\":\"BreadcrumbList\",\"@id\":\"https:\\\/\\\/www.alasmedios.com\\\/index.php\\\/2026\\\/03\\\/12\\\/mujeres-de-mineral-del-monte-participan-en-curso-de-trufas-y-chocolates\\\/#breadcrumb\",\"itemListElement\":[{\"@type\":\"ListItem\",\"position\":1,\"name\":\"Inicio\",\"item\":\"https:\\\/\\\/www.alasmedios.com\\\/\"},{\"@type\":\"ListItem\",\"position\":2,\"name\":\"Mujeres de Mineral del Monte participan en curso de trufas y chocolates\"}]},{\"@type\":\"WebSite\",\"@id\":\"https:\\\/\\\/www.alasmedios.com\\\/#website\",\"url\":\"https:\\\/\\\/www.alasmedios.com\\\/\",\"name\":\"Alas Medios\",\"description\":\"Alas para pensar, Alas para volar, Alas de libertad\",\"publisher\":{\"@id\":\"https:\\\/\\\/www.alasmedios.com\\\/#organization\"},\"potentialAction\":[{\"@type\":\"SearchAction\",\"target\":{\"@type\":\"EntryPoint\",\"urlTemplate\":\"https:\\\/\\\/www.alasmedios.com\\\/?s={search_term_string}\"},\"query-input\":{\"@type\":\"PropertyValueSpecification\",\"valueRequired\":true,\"valueName\":\"search_term_string\"}}],\"inLanguage\":\"es\"},{\"@type\":\"Organization\",\"@id\":\"https:\\\/\\\/www.alasmedios.com\\\/#organization\",\"name\":\"Alas Medios\",\"url\":\"https:\\\/\\\/www.alasmedios.com\\\/\",\"logo\":{\"@type\":\"ImageObject\",\"inLanguage\":\"es\",\"@id\":\"https:\\\/\\\/www.alasmedios.com\\\/#\\\/schema\\\/logo\\\/image\\\/\",\"url\":\"https:\\\/\\\/www.alasmedios.com\\\/wp-content\\\/uploads\\\/2026\\\/01\\\/cropped-cropped-GAM-1.png\",\"contentUrl\":\"https:\\\/\\\/www.alasmedios.com\\\/wp-content\\\/uploads\\\/2026\\\/01\\\/cropped-cropped-GAM-1.png\",\"width\":467,\"height\":235,\"caption\":\"Alas Medios\"},\"image\":{\"@id\":\"https:\\\/\\\/www.alasmedios.com\\\/#\\\/schema\\\/logo\\\/image\\\/\"}},{\"@type\":\"Person\",\"@id\":\"https:\\\/\\\/www.alasmedios.com\\\/#\\\/schema\\\/person\\\/0ba31bdd19a05ebf5c7fef1fedf99c34\",\"name\":\"Keila Rodr\u00edguez Pe\u00f1a\",\"image\":{\"@type\":\"ImageObject\",\"inLanguage\":\"es\",\"@id\":\"https:\\\/\\\/secure.gravatar.com\\\/avatar\\\/a2553a2bfaa601b9d539b617c8793e151bdffb60f9e48a249912f86d4c9ebeef?s=96&d=mm&r=g\",\"url\":\"https:\\\/\\\/secure.gravatar.com\\\/avatar\\\/a2553a2bfaa601b9d539b617c8793e151bdffb60f9e48a249912f86d4c9ebeef?s=96&d=mm&r=g\",\"contentUrl\":\"https:\\\/\\\/secure.gravatar.com\\\/avatar\\\/a2553a2bfaa601b9d539b617c8793e151bdffb60f9e48a249912f86d4c9ebeef?s=96&d=mm&r=g\",\"caption\":\"Keila Rodr\u00edguez Pe\u00f1a\"},\"sameAs\":[\"http:\\\/\\\/www.alasmedios.com\"],\"url\":\"https:\\\/\\\/www.alasmedios.com\\\/index.php\\\/author\\\/keila\\\/\"}]}<\/script>\r\n<!-- \/ Yoast SEO plugin. -->","yoast_head_json":{"title":"Mujeres de Mineral del Monte participan en curso de trufas y chocolates","description":"La Instancia Municipal para el Desarrollo de las Mujeres de Mineral del Monte realiz\u00f3 el Curso de Elaboraci\u00f3n de Trufas y Chocolates","robots":{"index":"index","follow":"follow","max-snippet":"max-snippet:-1","max-image-preview":"max-image-preview:large","max-video-preview":"max-video-preview:-1"},"canonical":"https:\/\/www.alasmedios.com\/index.php\/2026\/03\/12\/mujeres-de-mineral-del-monte-participan-en-curso-de-trufas-y-chocolates\/","og_locale":"es_MX","og_type":"article","og_title":"Mujeres de Mineral del Monte participan en curso de trufas y chocolates","og_description":"La Instancia Municipal para el Desarrollo de las Mujeres de Mineral del Monte realiz\u00f3 el Curso de Elaboraci\u00f3n de Trufas y Chocolates","og_url":"https:\/\/www.alasmedios.com\/index.php\/2026\/03\/12\/mujeres-de-mineral-del-monte-participan-en-curso-de-trufas-y-chocolates\/","og_site_name":"Alas Medios","article_published_time":"2026-03-12T19:33:26+00:00","article_modified_time":"2026-03-12T19:34:13+00:00","og_image":[{"width":2048,"height":1426,"url":"https:\/\/www.alasmedios.com\/wp-content\/uploads\/2026\/03\/Mujeres-de-Mineral-del-Monte-participan-en-curso-de-trufas-y-chocolates.jpg","type":"image\/jpeg"}],"author":"Keila Rodr\u00edguez Pe\u00f1a","twitter_card":"summary_large_image","twitter_misc":{"Escrito por":"Keila Rodr\u00edguez Pe\u00f1a","Tiempo de lectura":"2 minutos"},"schema":{"@context":"https:\/\/schema.org","@graph":[{"@type":"Article","@id":"https:\/\/www.alasmedios.com\/index.php\/2026\/03\/12\/mujeres-de-mineral-del-monte-participan-en-curso-de-trufas-y-chocolates\/#article","isPartOf":{"@id":"https:\/\/www.alasmedios.com\/index.php\/2026\/03\/12\/mujeres-de-mineral-del-monte-participan-en-curso-de-trufas-y-chocolates\/"},"author":{"name":"Keila Rodr\u00edguez Pe\u00f1a","@id":"https:\/\/www.alasmedios.com\/#\/schema\/person\/0ba31bdd19a05ebf5c7fef1fedf99c34"},"headline":"Mujeres de Mineral del Monte participan en curso de trufas y chocolates","datePublished":"2026-03-12T19:33:26+00:00","dateModified":"2026-03-12T19:34:13+00:00","mainEntityOfPage":{"@id":"https:\/\/www.alasmedios.com\/index.php\/2026\/03\/12\/mujeres-de-mineral-del-monte-participan-en-curso-de-trufas-y-chocolates\/"},"wordCount":214,"commentCount":0,"publisher":{"@id":"https:\/\/www.alasmedios.com\/#organization"},"image":{"@id":"https:\/\/www.alasmedios.com\/index.php\/2026\/03\/12\/mujeres-de-mineral-del-monte-participan-en-curso-de-trufas-y-chocolates\/#primaryimage"},"thumbnailUrl":"https:\/\/www.alasmedios.com\/wp-content\/uploads\/2026\/03\/Mujeres-de-Mineral-del-Monte-participan-en-curso-de-trufas-y-chocolates.jpg","keywords":["curso","Mineral del Monte","Mujeres"],"articleSection":["El Gusto es Nuestro","Hidalgo"],"inLanguage":"es","potentialAction":[{"@type":"CommentAction","name":"Comment","target":["https:\/\/www.alasmedios.com\/index.php\/2026\/03\/12\/mujeres-de-mineral-del-monte-participan-en-curso-de-trufas-y-chocolates\/#respond"]}]},{"@type":"WebPage","@id":"https:\/\/www.alasmedios.com\/index.php\/2026\/03\/12\/mujeres-de-mineral-del-monte-participan-en-curso-de-trufas-y-chocolates\/","url":"https:\/\/www.alasmedios.com\/index.php\/2026\/03\/12\/mujeres-de-mineral-del-monte-participan-en-curso-de-trufas-y-chocolates\/","name":"Mujeres de Mineral del Monte participan en curso de trufas y chocolates","isPartOf":{"@id":"https:\/\/www.alasmedios.com\/#website"},"primaryImageOfPage":{"@id":"https:\/\/www.alasmedios.com\/index.php\/2026\/03\/12\/mujeres-de-mineral-del-monte-participan-en-curso-de-trufas-y-chocolates\/#primaryimage"},"image":{"@id":"https:\/\/www.alasmedios.com\/index.php\/2026\/03\/12\/mujeres-de-mineral-del-monte-participan-en-curso-de-trufas-y-chocolates\/#primaryimage"},"thumbnailUrl":"https:\/\/www.alasmedios.com\/wp-content\/uploads\/2026\/03\/Mujeres-de-Mineral-del-Monte-participan-en-curso-de-trufas-y-chocolates.jpg","datePublished":"2026-03-12T19:33:26+00:00","dateModified":"2026-03-12T19:34:13+00:00","description":"La Instancia Municipal para el Desarrollo de las Mujeres de Mineral del Monte realiz\u00f3 el Curso de Elaboraci\u00f3n de Trufas y Chocolates","breadcrumb":{"@id":"https:\/\/www.alasmedios.com\/index.php\/2026\/03\/12\/mujeres-de-mineral-del-monte-participan-en-curso-de-trufas-y-chocolates\/#breadcrumb"},"inLanguage":"es","potentialAction":[{"@type":"ReadAction","target":["https:\/\/www.alasmedios.com\/index.php\/2026\/03\/12\/mujeres-de-mineral-del-monte-participan-en-curso-de-trufas-y-chocolates\/"]}]},{"@type":"ImageObject","inLanguage":"es","@id":"https:\/\/www.alasmedios.com\/index.php\/2026\/03\/12\/mujeres-de-mineral-del-monte-participan-en-curso-de-trufas-y-chocolates\/#primaryimage","url":"https:\/\/www.alasmedios.com\/wp-content\/uploads\/2026\/03\/Mujeres-de-Mineral-del-Monte-participan-en-curso-de-trufas-y-chocolates.jpg","contentUrl":"https:\/\/www.alasmedios.com\/wp-content\/uploads\/2026\/03\/Mujeres-de-Mineral-del-Monte-participan-en-curso-de-trufas-y-chocolates.jpg","width":2048,"height":1426},{"@type":"BreadcrumbList","@id":"https:\/\/www.alasmedios.com\/index.php\/2026\/03\/12\/mujeres-de-mineral-del-monte-participan-en-curso-de-trufas-y-chocolates\/#breadcrumb","itemListElement":[{"@type":"ListItem","position":1,"name":"Inicio","item":"https:\/\/www.alasmedios.com\/"},{"@type":"ListItem","position":2,"name":"Mujeres de Mineral del Monte participan en curso de trufas y chocolates"}]},{"@type":"WebSite","@id":"https:\/\/www.alasmedios.com\/#website","url":"https:\/\/www.alasmedios.com\/","name":"Alas Medios","description":"Alas para pensar, Alas para volar, Alas de libertad","publisher":{"@id":"https:\/\/www.alasmedios.com\/#organization"},"potentialAction":[{"@type":"SearchAction","target":{"@type":"EntryPoint","urlTemplate":"https:\/\/www.alasmedios.com\/?s={search_term_string}"},"query-input":{"@type":"PropertyValueSpecification","valueRequired":true,"valueName":"search_term_string"}}],"inLanguage":"es"},{"@type":"Organization","@id":"https:\/\/www.alasmedios.com\/#organization","name":"Alas Medios","url":"https:\/\/www.alasmedios.com\/","logo":{"@type":"ImageObject","inLanguage":"es","@id":"https:\/\/www.alasmedios.com\/#\/schema\/logo\/image\/","url":"https:\/\/www.alasmedios.com\/wp-content\/uploads\/2026\/01\/cropped-cropped-GAM-1.png","contentUrl":"https:\/\/www.alasmedios.com\/wp-content\/uploads\/2026\/01\/cropped-cropped-GAM-1.png","width":467,"height":235,"caption":"Alas Medios"},"image":{"@id":"https:\/\/www.alasmedios.com\/#\/schema\/logo\/image\/"}},{"@type":"Person","@id":"https:\/\/www.alasmedios.com\/#\/schema\/person\/0ba31bdd19a05ebf5c7fef1fedf99c34","name":"Keila Rodr\u00edguez Pe\u00f1a","image":{"@type":"ImageObject","inLanguage":"es","@id":"https:\/\/secure.gravatar.com\/avatar\/a2553a2bfaa601b9d539b617c8793e151bdffb60f9e48a249912f86d4c9ebeef?s=96&d=mm&r=g","url":"https:\/\/secure.gravatar.com\/avatar\/a2553a2bfaa601b9d539b617c8793e151bdffb60f9e48a249912f86d4c9ebeef?s=96&d=mm&r=g","contentUrl":"https:\/\/secure.gravatar.com\/avatar\/a2553a2bfaa601b9d539b617c8793e151bdffb60f9e48a249912f86d4c9ebeef?s=96&d=mm&r=g","caption":"Keila Rodr\u00edguez Pe\u00f1a"},"sameAs":["http:\/\/www.alasmedios.com"],"url":"https:\/\/www.alasmedios.com\/index.php\/author\/keila\/"}]}},"_links":{"self":[{"href":"https:\/\/www.alasmedios.com\/index.php\/wp-json\/wp\/v2\/posts\/8210","targetHints":{"allow":["GET"]}}],"collection":[{"href":"https:\/\/www.alasmedios.com\/index.php\/wp-json\/wp\/v2\/posts"}],"about":[{"href":"https:\/\/www.alasmedios.com\/index.php\/wp-json\/wp\/v2\/types\/post"}],"author":[{"embeddable":true,"href":"https:\/\/www.alasmedios.com\/index.php\/wp-json\/wp\/v2\/users\/4"}],"replies":[{"embeddable":true,"href":"https:\/\/www.alasmedios.com\/index.php\/wp-json\/wp\/v2\/comments?post=8210"}],"version-history":[{"count":1,"href":"https:\/\/www.alasmedios.com\/index.php\/wp-json\/wp\/v2\/posts\/8210\/revisions"}],"predecessor-version":[{"id":8215,"href":"https:\/\/www.alasmedios.com\/index.php\/wp-json\/wp\/v2\/posts\/8210\/revisions\/8215"}],"wp:featuredmedia":[{"embeddable":true,"href":"https:\/\/www.alasmedios.com\/index.php\/wp-json\/wp\/v2\/media\/8211"}],"wp:attachment":[{"href":"https:\/\/www.alasmedios.com\/index.php\/wp-json\/wp\/v2\/media?parent=8210"}],"wp:term":[{"taxonomy":"category","embeddable":true,"href":"https:\/\/www.alasmedios.com\/index.php\/wp-json\/wp\/v2\/categories?post=8210"},{"taxonomy":"post_tag","embeddable":true,"href":"https:\/\/www.alasmedios.com\/index.php\/wp-json\/wp\/v2\/tags?post=8210"}],"curies":[{"name":"wp","href":"https:\/\/api.w.org\/{rel}","templated":true}]}}