{"id":8206,"date":"2026-03-12T12:45:48","date_gmt":"2026-03-12T18:45:48","guid":{"rendered":"https:\/\/www.alasmedios.com\/?p=8206"},"modified":"2026-03-12T12:46:46","modified_gmt":"2026-03-12T18:46:46","slug":"vientos-intensos-amenazan-varias-regiones-de-hidalgo-piden-asegurar-techos-y-evitar-quemas","status":"publish","type":"post","link":"https:\/\/www.alasmedios.com\/index.php\/2026\/03\/12\/vientos-intensos-amenazan-varias-regiones-de-hidalgo-piden-asegurar-techos-y-evitar-quemas\/","title":{"rendered":"Vientos intensos amenazan varias regiones de Hidalgo; piden asegurar techos y evitar quemas"},"content":{"rendered":"\n<p>Ante los <strong>intensos vientos<\/strong>, en <strong>Hidalgo <\/strong>se ha pedido tomar precauciones, asegurar techos y evitar la quema por la posible propagaci\u00f3n de fuego.<\/p>\n\n\n\n<p>La <strong>Subsecretar\u00eda de Protecci\u00f3n Civil y Gesti\u00f3n de Riesgos de Hidalgo<\/strong>, dependiente de la <strong>Secretar\u00eda de Gobierno<\/strong>, advirti\u00f3 que <strong>durante las pr\u00f3ximas horas se prev\u00e9n rachas de viento moderadas a fuertes en diversas regiones del estado<\/strong>, situaci\u00f3n que podr\u00eda generar <strong>riesgos en viviendas, caminos y zonas abiertas<\/strong>.<\/p>\n\n\n\n<p>El <strong>Sistema Estatal de Protecci\u00f3n Civil Hidalgo<\/strong> inform\u00f3 que estas condiciones pueden provocar <strong>ca\u00edda de ramas y \u00e1rboles<\/strong>, as\u00ed como <strong>desprendimiento de l\u00e1minas, lonas y techumbres ligeras<\/strong>, adem\u00e1s de <strong>tolvaneras en caminos y carreteras<\/strong> que podr\u00edan afectar la visibilidad de los conductores.<\/p>\n\n\n\n<p>CONTIN\u00daA LEYENDO: <a href=\"https:\/\/www.alasmedios.com\/index.php\/2026\/03\/12\/capacitan-a-productores-de-huasca-por-cuaresma\/\" type=\"post\" id=\"8201\">Capacitan a productores de Huasca por Cuaresma<\/a><\/p>\n\n\n\n<p>Otro de los riesgos se\u00f1alados es el <strong>aumento en la probabilidad de incendios en pastizales y zonas forestales<\/strong>, ya que <strong>las corrientes de aire favorecen la r\u00e1pida propagaci\u00f3n del fuego<\/strong>.<\/p>\n\n\n\n<p>Ante este escenario, se recomend\u00f3 a la poblaci\u00f3n <strong>asegurar l\u00e1minas, techos, lonas, tinacos y cualquier objeto que pueda desprenderse<\/strong>, adem\u00e1s de <strong>retirar materiales ligeros de azoteas, patios o balcones<\/strong> que puedan ser arrastrados por el viento.<\/p>\n\n\n\n<iframe loading=\"lazy\" src=\"https:\/\/www.facebook.com\/plugins\/post.php?href=https%3A%2F%2Fwww.facebook.com%2FDGPCyGRHgo%2Fposts%2Fpfbid0VT2JSuZJUVhDakUhDZ7dDrPefHuHXREtTmv5unNGcpn91B9pcJeaC1QYpPXoDzGel&#038;show_text=true&#038;width=500\" width=\"500\" height=\"589\" style=\"border:none;overflow:hidden\" scrolling=\"no\" frameborder=\"0\" allowfullscreen=\"true\" allow=\"autoplay; clipboard-write; encrypted-media; picture-in-picture; web-share\"><\/iframe>\n\n\n\n<p>Tambi\u00e9n se pidi\u00f3 <strong>extremar precauciones al conducir<\/strong>, especialmente en <strong>tramos carreteros, puentes y zonas con presencia de polvo<\/strong>, donde las r\u00e1fagas pueden complicar la visibilidad o el control del veh\u00edculo.<\/p>\n\n\n\n<p>Las autoridades exhortaron a <strong>evitar quemas agr\u00edcolas, fogatas o quema de basura<\/strong>, debido a que el viento puede <strong>propagar r\u00e1pidamente las llamas<\/strong> y generar incendios dif\u00edciles de controlar.<\/p>\n\n\n\n<p>TE PUEDE INTERESAR: <a href=\"https:\/\/www.alasmedios.com\/index.php\/2026\/03\/11\/difusion-de-fotos-intimas-en-ixmiquilpan-reaviva-llamado-a-combatir-la-violencia-digital\/\" type=\"post\" id=\"8193\">Difusi\u00f3n de fotos \u00edntimas en Ixmiquilpan reaviva llamado a combatir la violencia digital<\/a><\/p>\n\n\n\n<p>La <strong>Subsecretar\u00eda de Protecci\u00f3n Civil y Gesti\u00f3n de Riesgos<\/strong> pidi\u00f3 a <strong>autoridades municipales y ciudadan\u00eda<\/strong> mantenerse <strong>atentos a los avisos oficiales<\/strong> y tomar precauciones adicionales en <strong>actividades al aire libre o trabajos en altura<\/strong>.<\/p>\n\n\n\n<p>En caso de presentarse alguna emergencia, se record\u00f3 que la poblaci\u00f3n puede <strong>comunicarse al n\u00famero 911<\/strong> o al <strong>566 941 26 06<\/strong> para solicitar apoyo.<\/p>\n\n\n<ul class=\"wp-block-latest-posts__list is-grid columns-3 wp-block-latest-posts\"><li><div class=\"wp-block-latest-posts__featured-image\"><img loading=\"lazy\" decoding=\"async\" width=\"150\" height=\"150\" src=\"https:\/\/www.alasmedios.com\/wp-content\/uploads\/2026\/04\/Mexico-ninas-y-ninos-violencia-UNICEF-150x150.png\" class=\"attachment-thumbnail size-thumbnail wp-post-image\" alt=\"\" style=\"\" \/><\/div><a class=\"wp-block-latest-posts__post-title\" href=\"https:\/\/www.alasmedios.com\/index.php\/2026\/04\/27\/la-violencia-empieza-en-casa-la-mitad-de-la-infancia-en-mexico-crece-entre-agresiones-alerta-unicef\/\">La violencia empieza en casa: la mitad de la infancia en M\u00e9xico crece entre agresiones, alerta Unicef<\/a><\/li>\n<li><div class=\"wp-block-latest-posts__featured-image\"><img loading=\"lazy\" decoding=\"async\" width=\"150\" height=\"150\" src=\"https:\/\/www.alasmedios.com\/wp-content\/uploads\/2026\/04\/Dia-de-la-Santa-Cruz-Huaquechula-Puebla-150x150.jpg\" class=\"attachment-thumbnail size-thumbnail wp-post-image\" alt=\"\" style=\"\" \/><\/div><a class=\"wp-block-latest-posts__post-title\" href=\"https:\/\/www.alasmedios.com\/index.php\/2026\/04\/27\/huaquechula-tradicion-de-mas-de-200-anos-convoca-a-miles-este-3-de-mayo\/\">Huaquechula: tradici\u00f3n de m\u00e1s de 200 a\u00f1os convoca a miles este 3 de mayo<\/a><\/li>\n<li><div class=\"wp-block-latest-posts__featured-image\"><img loading=\"lazy\" decoding=\"async\" width=\"150\" height=\"150\" src=\"https:\/\/www.alasmedios.com\/wp-content\/uploads\/2026\/04\/Olimpiada-Nacional-CONADE-2026-Hidalgo-150x150.png\" class=\"attachment-thumbnail size-thumbnail wp-post-image\" alt=\"\" style=\"\" \/><\/div><a class=\"wp-block-latest-posts__post-title\" href=\"https:\/\/www.alasmedios.com\/index.php\/2026\/04\/27\/hidalgo-concluye-con-10-medallas-y-dominio-femenil-en-la-olimpiada-nacional-conade-2026\/\">Hidalgo concluye con 10 medallas y dominio femenil en la Olimpiada Nacional CONADE 2026<\/a><\/li>\n<\/ul>","protected":false},"excerpt":{"rendered":"<p>Ante los intensos vientos, en Hidalgo se ha pedido tomar precauciones, asegurar techos y evitar la quema por la posible<\/p>\n","protected":false},"author":4,"featured_media":8207,"comment_status":"open","ping_status":"open","sticky":false,"template":"","format":"standard","meta":{"colormag_page_container_layout":"default_layout","colormag_page_sidebar_layout":"default_layout","rop_custom_images_group":[],"rop_custom_messages_group":[],"rop_publish_now":"yes","rop_publish_now_accounts":[],"rop_publish_now_history":[],"rop_publish_now_status":"pending","iawp_total_views":9,"footnotes":""},"categories":[41],"tags":[575,99,3458,3459],"class_list":["post-8206","post","type-post","status-publish","format-standard","has-post-thumbnail","hentry","category-hidalgo","tag-clima","tag-hidalgo","tag-proteccion-civil-y-gestion-de-riesgos-de-hidalgo","tag-viento"],"magazineBlocksPostFeaturedMedia":{"thumbnail":"https:\/\/www.alasmedios.com\/wp-content\/uploads\/2026\/03\/vientos-Hidalgo-150x150.png","medium":"https:\/\/www.alasmedios.com\/wp-content\/uploads\/2026\/03\/vientos-Hidalgo-300x182.png","medium_large":"https:\/\/www.alasmedios.com\/wp-content\/uploads\/2026\/03\/vientos-Hidalgo-768x466.png","large":"https:\/\/www.alasmedios.com\/wp-content\/uploads\/2026\/03\/vientos-Hidalgo-1024x622.png","1536x1536":"https:\/\/www.alasmedios.com\/wp-content\/uploads\/2026\/03\/vientos-Hidalgo-1536x932.png","2048x2048":"https:\/\/www.alasmedios.com\/wp-content\/uploads\/2026\/03\/vientos-Hidalgo.png","colormag-highlighted-post":"https:\/\/www.alasmedios.com\/wp-content\/uploads\/2026\/03\/vientos-Hidalgo-392x272.png","colormag-featured-post-medium":"https:\/\/www.alasmedios.com\/wp-content\/uploads\/2026\/03\/vientos-Hidalgo-390x205.png","colormag-featured-post-small":"https:\/\/www.alasmedios.com\/wp-content\/uploads\/2026\/03\/vientos-Hidalgo-130x90.png","colormag-featured-image":"https:\/\/www.alasmedios.com\/wp-content\/uploads\/2026\/03\/vientos-Hidalgo-800x445.png","colormag-default-news":"https:\/\/www.alasmedios.com\/wp-content\/uploads\/2026\/03\/vientos-Hidalgo-150x150.png","colormag-featured-image-large":"https:\/\/www.alasmedios.com\/wp-content\/uploads\/2026\/03\/vientos-Hidalgo-1400x600.png"},"magazineBlocksPostAuthor":{"name":"Keila Rodr\u00edguez Pe\u00f1a","avatar":"https:\/\/secure.gravatar.com\/avatar\/a2553a2bfaa601b9d539b617c8793e151bdffb60f9e48a249912f86d4c9ebeef?s=96&d=mm&r=g"},"magazineBlocksPostCommentsNumber":"0","magazineBlocksPostExcerpt":"Ante los intensos vientos, en Hidalgo se ha pedido tomar precauciones, asegurar techos y evitar la quema por la posible","magazineBlocksPostCategories":["Hidalgo"],"magazineBlocksPostViewCount":25,"magazineBlocksPostReadTime":2,"magazine_blocks_featured_image_url":{"full":["https:\/\/www.alasmedios.com\/wp-content\/uploads\/2026\/03\/vientos-Hidalgo.png",2000,1214,false],"medium":["https:\/\/www.alasmedios.com\/wp-content\/uploads\/2026\/03\/vientos-Hidalgo-300x182.png",300,182,true],"thumbnail":["https:\/\/www.alasmedios.com\/wp-content\/uploads\/2026\/03\/vientos-Hidalgo-150x150.png",150,150,true]},"magazine_blocks_author":{"display_name":"Keila Rodr\u00edguez Pe\u00f1a","author_link":"https:\/\/www.alasmedios.com\/index.php\/author\/keila\/"},"magazine_blocks_comment":0,"magazine_blocks_author_image":"https:\/\/secure.gravatar.com\/avatar\/a2553a2bfaa601b9d539b617c8793e151bdffb60f9e48a249912f86d4c9ebeef?s=96&d=mm&r=g","magazine_blocks_category":"<a href=\"#\" class=\"category-link category-link-41\">Hidalgo<\/a>","yoast_head":"<!-- This site is optimized with the Yoast SEO plugin v27.4 - https:\/\/yoast.com\/product\/yoast-seo-wordpress\/ -->\r\n<title>Vientos intensos amenazan varias regiones de Hidalgo; piden asegurar techos y evitar quemas<\/title>\r\n<meta name=\"description\" content=\"Ante los intensos vientos, en Hidalgo se ha pedido tomar precauciones, asegurar techos y evitar la quema por la posible propagaci\u00f3n de fuego\" \/>\r\n<meta name=\"robots\" content=\"index, follow, max-snippet:-1, max-image-preview:large, max-video-preview:-1\" \/>\r\n<link rel=\"canonical\" href=\"https:\/\/www.alasmedios.com\/index.php\/2026\/03\/12\/vientos-intensos-amenazan-varias-regiones-de-hidalgo-piden-asegurar-techos-y-evitar-quemas\/\" \/>\r\n<meta property=\"og:locale\" content=\"es_MX\" \/>\r\n<meta property=\"og:type\" content=\"article\" \/>\r\n<meta property=\"og:title\" content=\"Vientos intensos amenazan varias regiones de Hidalgo; piden asegurar techos y evitar quemas\" \/>\r\n<meta property=\"og:description\" content=\"Ante los intensos vientos, en Hidalgo se ha pedido tomar precauciones, asegurar techos y evitar la quema por la posible propagaci\u00f3n de fuego\" \/>\r\n<meta property=\"og:url\" content=\"https:\/\/www.alasmedios.com\/index.php\/2026\/03\/12\/vientos-intensos-amenazan-varias-regiones-de-hidalgo-piden-asegurar-techos-y-evitar-quemas\/\" \/>\r\n<meta property=\"og:site_name\" content=\"Alas Medios\" \/>\r\n<meta property=\"article:published_time\" content=\"2026-03-12T18:45:48+00:00\" \/>\r\n<meta property=\"article:modified_time\" content=\"2026-03-12T18:46:46+00:00\" \/>\r\n<meta property=\"og:image\" content=\"https:\/\/www.alasmedios.com\/wp-content\/uploads\/2026\/03\/vientos-Hidalgo-1024x622.png\" \/>\r\n\t<meta property=\"og:image:width\" content=\"1024\" \/>\r\n\t<meta property=\"og:image:height\" content=\"622\" \/>\r\n\t<meta property=\"og:image:type\" content=\"image\/png\" \/>\r\n<meta name=\"author\" content=\"Keila Rodr\u00edguez Pe\u00f1a\" \/>\r\n<meta name=\"twitter:card\" content=\"summary_large_image\" \/>\r\n<meta name=\"twitter:label1\" content=\"Escrito por\" \/>\n\t<meta name=\"twitter:data1\" content=\"Keila Rodr\u00edguez Pe\u00f1a\" \/>\n\t<meta name=\"twitter:label2\" content=\"Tiempo de lectura\" \/>\n\t<meta name=\"twitter:data2\" content=\"2 minutos\" \/>\r\n<script type=\"application\/ld+json\" class=\"yoast-schema-graph\">{\"@context\":\"https:\\\/\\\/schema.org\",\"@graph\":[{\"@type\":\"Article\",\"@id\":\"https:\\\/\\\/www.alasmedios.com\\\/index.php\\\/2026\\\/03\\\/12\\\/vientos-intensos-amenazan-varias-regiones-de-hidalgo-piden-asegurar-techos-y-evitar-quemas\\\/#article\",\"isPartOf\":{\"@id\":\"https:\\\/\\\/www.alasmedios.com\\\/index.php\\\/2026\\\/03\\\/12\\\/vientos-intensos-amenazan-varias-regiones-de-hidalgo-piden-asegurar-techos-y-evitar-quemas\\\/\"},\"author\":{\"name\":\"Keila Rodr\u00edguez Pe\u00f1a\",\"@id\":\"https:\\\/\\\/www.alasmedios.com\\\/#\\\/schema\\\/person\\\/0ba31bdd19a05ebf5c7fef1fedf99c34\"},\"headline\":\"Vientos intensos amenazan varias regiones de Hidalgo; piden asegurar techos y evitar quemas\",\"datePublished\":\"2026-03-12T18:45:48+00:00\",\"dateModified\":\"2026-03-12T18:46:46+00:00\",\"mainEntityOfPage\":{\"@id\":\"https:\\\/\\\/www.alasmedios.com\\\/index.php\\\/2026\\\/03\\\/12\\\/vientos-intensos-amenazan-varias-regiones-de-hidalgo-piden-asegurar-techos-y-evitar-quemas\\\/\"},\"wordCount\":362,\"commentCount\":0,\"publisher\":{\"@id\":\"https:\\\/\\\/www.alasmedios.com\\\/#organization\"},\"image\":{\"@id\":\"https:\\\/\\\/www.alasmedios.com\\\/index.php\\\/2026\\\/03\\\/12\\\/vientos-intensos-amenazan-varias-regiones-de-hidalgo-piden-asegurar-techos-y-evitar-quemas\\\/#primaryimage\"},\"thumbnailUrl\":\"https:\\\/\\\/www.alasmedios.com\\\/wp-content\\\/uploads\\\/2026\\\/03\\\/vientos-Hidalgo.png\",\"keywords\":[\"clima\",\"Hidalgo\",\"Protecci\u00f3n Civil y Gesti\u00f3n de Riesgos de Hidalgo\",\"viento\"],\"articleSection\":[\"Hidalgo\"],\"inLanguage\":\"es\",\"potentialAction\":[{\"@type\":\"CommentAction\",\"name\":\"Comment\",\"target\":[\"https:\\\/\\\/www.alasmedios.com\\\/index.php\\\/2026\\\/03\\\/12\\\/vientos-intensos-amenazan-varias-regiones-de-hidalgo-piden-asegurar-techos-y-evitar-quemas\\\/#respond\"]}]},{\"@type\":\"WebPage\",\"@id\":\"https:\\\/\\\/www.alasmedios.com\\\/index.php\\\/2026\\\/03\\\/12\\\/vientos-intensos-amenazan-varias-regiones-de-hidalgo-piden-asegurar-techos-y-evitar-quemas\\\/\",\"url\":\"https:\\\/\\\/www.alasmedios.com\\\/index.php\\\/2026\\\/03\\\/12\\\/vientos-intensos-amenazan-varias-regiones-de-hidalgo-piden-asegurar-techos-y-evitar-quemas\\\/\",\"name\":\"Vientos intensos amenazan varias regiones de Hidalgo; piden asegurar techos y evitar quemas\",\"isPartOf\":{\"@id\":\"https:\\\/\\\/www.alasmedios.com\\\/#website\"},\"primaryImageOfPage\":{\"@id\":\"https:\\\/\\\/www.alasmedios.com\\\/index.php\\\/2026\\\/03\\\/12\\\/vientos-intensos-amenazan-varias-regiones-de-hidalgo-piden-asegurar-techos-y-evitar-quemas\\\/#primaryimage\"},\"image\":{\"@id\":\"https:\\\/\\\/www.alasmedios.com\\\/index.php\\\/2026\\\/03\\\/12\\\/vientos-intensos-amenazan-varias-regiones-de-hidalgo-piden-asegurar-techos-y-evitar-quemas\\\/#primaryimage\"},\"thumbnailUrl\":\"https:\\\/\\\/www.alasmedios.com\\\/wp-content\\\/uploads\\\/2026\\\/03\\\/vientos-Hidalgo.png\",\"datePublished\":\"2026-03-12T18:45:48+00:00\",\"dateModified\":\"2026-03-12T18:46:46+00:00\",\"description\":\"Ante los intensos vientos, en Hidalgo se ha pedido tomar precauciones, asegurar techos y evitar la quema por la posible propagaci\u00f3n de fuego\",\"breadcrumb\":{\"@id\":\"https:\\\/\\\/www.alasmedios.com\\\/index.php\\\/2026\\\/03\\\/12\\\/vientos-intensos-amenazan-varias-regiones-de-hidalgo-piden-asegurar-techos-y-evitar-quemas\\\/#breadcrumb\"},\"inLanguage\":\"es\",\"potentialAction\":[{\"@type\":\"ReadAction\",\"target\":[\"https:\\\/\\\/www.alasmedios.com\\\/index.php\\\/2026\\\/03\\\/12\\\/vientos-intensos-amenazan-varias-regiones-de-hidalgo-piden-asegurar-techos-y-evitar-quemas\\\/\"]}]},{\"@type\":\"ImageObject\",\"inLanguage\":\"es\",\"@id\":\"https:\\\/\\\/www.alasmedios.com\\\/index.php\\\/2026\\\/03\\\/12\\\/vientos-intensos-amenazan-varias-regiones-de-hidalgo-piden-asegurar-techos-y-evitar-quemas\\\/#primaryimage\",\"url\":\"https:\\\/\\\/www.alasmedios.com\\\/wp-content\\\/uploads\\\/2026\\\/03\\\/vientos-Hidalgo.png\",\"contentUrl\":\"https:\\\/\\\/www.alasmedios.com\\\/wp-content\\\/uploads\\\/2026\\\/03\\\/vientos-Hidalgo.png\",\"width\":2000,\"height\":1214},{\"@type\":\"BreadcrumbList\",\"@id\":\"https:\\\/\\\/www.alasmedios.com\\\/index.php\\\/2026\\\/03\\\/12\\\/vientos-intensos-amenazan-varias-regiones-de-hidalgo-piden-asegurar-techos-y-evitar-quemas\\\/#breadcrumb\",\"itemListElement\":[{\"@type\":\"ListItem\",\"position\":1,\"name\":\"Inicio\",\"item\":\"https:\\\/\\\/www.alasmedios.com\\\/\"},{\"@type\":\"ListItem\",\"position\":2,\"name\":\"Vientos intensos amenazan varias regiones de Hidalgo; piden asegurar techos y evitar quemas\"}]},{\"@type\":\"WebSite\",\"@id\":\"https:\\\/\\\/www.alasmedios.com\\\/#website\",\"url\":\"https:\\\/\\\/www.alasmedios.com\\\/\",\"name\":\"Alas Medios\",\"description\":\"Alas para pensar, Alas para volar, Alas de libertad\",\"publisher\":{\"@id\":\"https:\\\/\\\/www.alasmedios.com\\\/#organization\"},\"potentialAction\":[{\"@type\":\"SearchAction\",\"target\":{\"@type\":\"EntryPoint\",\"urlTemplate\":\"https:\\\/\\\/www.alasmedios.com\\\/?s={search_term_string}\"},\"query-input\":{\"@type\":\"PropertyValueSpecification\",\"valueRequired\":true,\"valueName\":\"search_term_string\"}}],\"inLanguage\":\"es\"},{\"@type\":\"Organization\",\"@id\":\"https:\\\/\\\/www.alasmedios.com\\\/#organization\",\"name\":\"Alas Medios\",\"url\":\"https:\\\/\\\/www.alasmedios.com\\\/\",\"logo\":{\"@type\":\"ImageObject\",\"inLanguage\":\"es\",\"@id\":\"https:\\\/\\\/www.alasmedios.com\\\/#\\\/schema\\\/logo\\\/image\\\/\",\"url\":\"https:\\\/\\\/www.alasmedios.com\\\/wp-content\\\/uploads\\\/2026\\\/01\\\/cropped-cropped-GAM-1.png\",\"contentUrl\":\"https:\\\/\\\/www.alasmedios.com\\\/wp-content\\\/uploads\\\/2026\\\/01\\\/cropped-cropped-GAM-1.png\",\"width\":467,\"height\":235,\"caption\":\"Alas Medios\"},\"image\":{\"@id\":\"https:\\\/\\\/www.alasmedios.com\\\/#\\\/schema\\\/logo\\\/image\\\/\"}},{\"@type\":\"Person\",\"@id\":\"https:\\\/\\\/www.alasmedios.com\\\/#\\\/schema\\\/person\\\/0ba31bdd19a05ebf5c7fef1fedf99c34\",\"name\":\"Keila Rodr\u00edguez Pe\u00f1a\",\"image\":{\"@type\":\"ImageObject\",\"inLanguage\":\"es\",\"@id\":\"https:\\\/\\\/secure.gravatar.com\\\/avatar\\\/a2553a2bfaa601b9d539b617c8793e151bdffb60f9e48a249912f86d4c9ebeef?s=96&d=mm&r=g\",\"url\":\"https:\\\/\\\/secure.gravatar.com\\\/avatar\\\/a2553a2bfaa601b9d539b617c8793e151bdffb60f9e48a249912f86d4c9ebeef?s=96&d=mm&r=g\",\"contentUrl\":\"https:\\\/\\\/secure.gravatar.com\\\/avatar\\\/a2553a2bfaa601b9d539b617c8793e151bdffb60f9e48a249912f86d4c9ebeef?s=96&d=mm&r=g\",\"caption\":\"Keila Rodr\u00edguez Pe\u00f1a\"},\"sameAs\":[\"http:\\\/\\\/www.alasmedios.com\"],\"url\":\"https:\\\/\\\/www.alasmedios.com\\\/index.php\\\/author\\\/keila\\\/\"}]}<\/script>\r\n<!-- \/ Yoast SEO plugin. -->","yoast_head_json":{"title":"Vientos intensos amenazan varias regiones de Hidalgo; piden asegurar techos y evitar quemas","description":"Ante los intensos vientos, en Hidalgo se ha pedido tomar precauciones, asegurar techos y evitar la quema por la posible propagaci\u00f3n de fuego","robots":{"index":"index","follow":"follow","max-snippet":"max-snippet:-1","max-image-preview":"max-image-preview:large","max-video-preview":"max-video-preview:-1"},"canonical":"https:\/\/www.alasmedios.com\/index.php\/2026\/03\/12\/vientos-intensos-amenazan-varias-regiones-de-hidalgo-piden-asegurar-techos-y-evitar-quemas\/","og_locale":"es_MX","og_type":"article","og_title":"Vientos intensos amenazan varias regiones de Hidalgo; piden asegurar techos y evitar quemas","og_description":"Ante los intensos vientos, en Hidalgo se ha pedido tomar precauciones, asegurar techos y evitar la quema por la posible propagaci\u00f3n de fuego","og_url":"https:\/\/www.alasmedios.com\/index.php\/2026\/03\/12\/vientos-intensos-amenazan-varias-regiones-de-hidalgo-piden-asegurar-techos-y-evitar-quemas\/","og_site_name":"Alas Medios","article_published_time":"2026-03-12T18:45:48+00:00","article_modified_time":"2026-03-12T18:46:46+00:00","og_image":[{"width":1024,"height":622,"url":"https:\/\/www.alasmedios.com\/wp-content\/uploads\/2026\/03\/vientos-Hidalgo-1024x622.png","type":"image\/png"}],"author":"Keila Rodr\u00edguez Pe\u00f1a","twitter_card":"summary_large_image","twitter_misc":{"Escrito por":"Keila Rodr\u00edguez Pe\u00f1a","Tiempo de lectura":"2 minutos"},"schema":{"@context":"https:\/\/schema.org","@graph":[{"@type":"Article","@id":"https:\/\/www.alasmedios.com\/index.php\/2026\/03\/12\/vientos-intensos-amenazan-varias-regiones-de-hidalgo-piden-asegurar-techos-y-evitar-quemas\/#article","isPartOf":{"@id":"https:\/\/www.alasmedios.com\/index.php\/2026\/03\/12\/vientos-intensos-amenazan-varias-regiones-de-hidalgo-piden-asegurar-techos-y-evitar-quemas\/"},"author":{"name":"Keila Rodr\u00edguez Pe\u00f1a","@id":"https:\/\/www.alasmedios.com\/#\/schema\/person\/0ba31bdd19a05ebf5c7fef1fedf99c34"},"headline":"Vientos intensos amenazan varias regiones de Hidalgo; piden asegurar techos y evitar quemas","datePublished":"2026-03-12T18:45:48+00:00","dateModified":"2026-03-12T18:46:46+00:00","mainEntityOfPage":{"@id":"https:\/\/www.alasmedios.com\/index.php\/2026\/03\/12\/vientos-intensos-amenazan-varias-regiones-de-hidalgo-piden-asegurar-techos-y-evitar-quemas\/"},"wordCount":362,"commentCount":0,"publisher":{"@id":"https:\/\/www.alasmedios.com\/#organization"},"image":{"@id":"https:\/\/www.alasmedios.com\/index.php\/2026\/03\/12\/vientos-intensos-amenazan-varias-regiones-de-hidalgo-piden-asegurar-techos-y-evitar-quemas\/#primaryimage"},"thumbnailUrl":"https:\/\/www.alasmedios.com\/wp-content\/uploads\/2026\/03\/vientos-Hidalgo.png","keywords":["clima","Hidalgo","Protecci\u00f3n Civil y Gesti\u00f3n de Riesgos de Hidalgo","viento"],"articleSection":["Hidalgo"],"inLanguage":"es","potentialAction":[{"@type":"CommentAction","name":"Comment","target":["https:\/\/www.alasmedios.com\/index.php\/2026\/03\/12\/vientos-intensos-amenazan-varias-regiones-de-hidalgo-piden-asegurar-techos-y-evitar-quemas\/#respond"]}]},{"@type":"WebPage","@id":"https:\/\/www.alasmedios.com\/index.php\/2026\/03\/12\/vientos-intensos-amenazan-varias-regiones-de-hidalgo-piden-asegurar-techos-y-evitar-quemas\/","url":"https:\/\/www.alasmedios.com\/index.php\/2026\/03\/12\/vientos-intensos-amenazan-varias-regiones-de-hidalgo-piden-asegurar-techos-y-evitar-quemas\/","name":"Vientos intensos amenazan varias regiones de Hidalgo; piden asegurar techos y evitar quemas","isPartOf":{"@id":"https:\/\/www.alasmedios.com\/#website"},"primaryImageOfPage":{"@id":"https:\/\/www.alasmedios.com\/index.php\/2026\/03\/12\/vientos-intensos-amenazan-varias-regiones-de-hidalgo-piden-asegurar-techos-y-evitar-quemas\/#primaryimage"},"image":{"@id":"https:\/\/www.alasmedios.com\/index.php\/2026\/03\/12\/vientos-intensos-amenazan-varias-regiones-de-hidalgo-piden-asegurar-techos-y-evitar-quemas\/#primaryimage"},"thumbnailUrl":"https:\/\/www.alasmedios.com\/wp-content\/uploads\/2026\/03\/vientos-Hidalgo.png","datePublished":"2026-03-12T18:45:48+00:00","dateModified":"2026-03-12T18:46:46+00:00","description":"Ante los intensos vientos, en Hidalgo se ha pedido tomar precauciones, asegurar techos y evitar la quema por la posible propagaci\u00f3n de fuego","breadcrumb":{"@id":"https:\/\/www.alasmedios.com\/index.php\/2026\/03\/12\/vientos-intensos-amenazan-varias-regiones-de-hidalgo-piden-asegurar-techos-y-evitar-quemas\/#breadcrumb"},"inLanguage":"es","potentialAction":[{"@type":"ReadAction","target":["https:\/\/www.alasmedios.com\/index.php\/2026\/03\/12\/vientos-intensos-amenazan-varias-regiones-de-hidalgo-piden-asegurar-techos-y-evitar-quemas\/"]}]},{"@type":"ImageObject","inLanguage":"es","@id":"https:\/\/www.alasmedios.com\/index.php\/2026\/03\/12\/vientos-intensos-amenazan-varias-regiones-de-hidalgo-piden-asegurar-techos-y-evitar-quemas\/#primaryimage","url":"https:\/\/www.alasmedios.com\/wp-content\/uploads\/2026\/03\/vientos-Hidalgo.png","contentUrl":"https:\/\/www.alasmedios.com\/wp-content\/uploads\/2026\/03\/vientos-Hidalgo.png","width":2000,"height":1214},{"@type":"BreadcrumbList","@id":"https:\/\/www.alasmedios.com\/index.php\/2026\/03\/12\/vientos-intensos-amenazan-varias-regiones-de-hidalgo-piden-asegurar-techos-y-evitar-quemas\/#breadcrumb","itemListElement":[{"@type":"ListItem","position":1,"name":"Inicio","item":"https:\/\/www.alasmedios.com\/"},{"@type":"ListItem","position":2,"name":"Vientos intensos amenazan varias regiones de Hidalgo; piden asegurar techos y evitar quemas"}]},{"@type":"WebSite","@id":"https:\/\/www.alasmedios.com\/#website","url":"https:\/\/www.alasmedios.com\/","name":"Alas Medios","description":"Alas para pensar, Alas para volar, Alas de libertad","publisher":{"@id":"https:\/\/www.alasmedios.com\/#organization"},"potentialAction":[{"@type":"SearchAction","target":{"@type":"EntryPoint","urlTemplate":"https:\/\/www.alasmedios.com\/?s={search_term_string}"},"query-input":{"@type":"PropertyValueSpecification","valueRequired":true,"valueName":"search_term_string"}}],"inLanguage":"es"},{"@type":"Organization","@id":"https:\/\/www.alasmedios.com\/#organization","name":"Alas Medios","url":"https:\/\/www.alasmedios.com\/","logo":{"@type":"ImageObject","inLanguage":"es","@id":"https:\/\/www.alasmedios.com\/#\/schema\/logo\/image\/","url":"https:\/\/www.alasmedios.com\/wp-content\/uploads\/2026\/01\/cropped-cropped-GAM-1.png","contentUrl":"https:\/\/www.alasmedios.com\/wp-content\/uploads\/2026\/01\/cropped-cropped-GAM-1.png","width":467,"height":235,"caption":"Alas Medios"},"image":{"@id":"https:\/\/www.alasmedios.com\/#\/schema\/logo\/image\/"}},{"@type":"Person","@id":"https:\/\/www.alasmedios.com\/#\/schema\/person\/0ba31bdd19a05ebf5c7fef1fedf99c34","name":"Keila Rodr\u00edguez Pe\u00f1a","image":{"@type":"ImageObject","inLanguage":"es","@id":"https:\/\/secure.gravatar.com\/avatar\/a2553a2bfaa601b9d539b617c8793e151bdffb60f9e48a249912f86d4c9ebeef?s=96&d=mm&r=g","url":"https:\/\/secure.gravatar.com\/avatar\/a2553a2bfaa601b9d539b617c8793e151bdffb60f9e48a249912f86d4c9ebeef?s=96&d=mm&r=g","contentUrl":"https:\/\/secure.gravatar.com\/avatar\/a2553a2bfaa601b9d539b617c8793e151bdffb60f9e48a249912f86d4c9ebeef?s=96&d=mm&r=g","caption":"Keila Rodr\u00edguez Pe\u00f1a"},"sameAs":["http:\/\/www.alasmedios.com"],"url":"https:\/\/www.alasmedios.com\/index.php\/author\/keila\/"}]}},"_links":{"self":[{"href":"https:\/\/www.alasmedios.com\/index.php\/wp-json\/wp\/v2\/posts\/8206","targetHints":{"allow":["GET"]}}],"collection":[{"href":"https:\/\/www.alasmedios.com\/index.php\/wp-json\/wp\/v2\/posts"}],"about":[{"href":"https:\/\/www.alasmedios.com\/index.php\/wp-json\/wp\/v2\/types\/post"}],"author":[{"embeddable":true,"href":"https:\/\/www.alasmedios.com\/index.php\/wp-json\/wp\/v2\/users\/4"}],"replies":[{"embeddable":true,"href":"https:\/\/www.alasmedios.com\/index.php\/wp-json\/wp\/v2\/comments?post=8206"}],"version-history":[{"count":1,"href":"https:\/\/www.alasmedios.com\/index.php\/wp-json\/wp\/v2\/posts\/8206\/revisions"}],"predecessor-version":[{"id":8208,"href":"https:\/\/www.alasmedios.com\/index.php\/wp-json\/wp\/v2\/posts\/8206\/revisions\/8208"}],"wp:featuredmedia":[{"embeddable":true,"href":"https:\/\/www.alasmedios.com\/index.php\/wp-json\/wp\/v2\/media\/8207"}],"wp:attachment":[{"href":"https:\/\/www.alasmedios.com\/index.php\/wp-json\/wp\/v2\/media?parent=8206"}],"wp:term":[{"taxonomy":"category","embeddable":true,"href":"https:\/\/www.alasmedios.com\/index.php\/wp-json\/wp\/v2\/categories?post=8206"},{"taxonomy":"post_tag","embeddable":true,"href":"https:\/\/www.alasmedios.com\/index.php\/wp-json\/wp\/v2\/tags?post=8206"}],"curies":[{"name":"wp","href":"https:\/\/api.w.org\/{rel}","templated":true}]}}