{"id":8201,"date":"2026-03-12T11:01:54","date_gmt":"2026-03-12T17:01:54","guid":{"rendered":"https:\/\/www.alasmedios.com\/?p=8201"},"modified":"2026-03-12T11:01:58","modified_gmt":"2026-03-12T17:01:58","slug":"capacitan-a-productores-de-huasca-por-cuaresma","status":"publish","type":"post","link":"https:\/\/www.alasmedios.com\/index.php\/2026\/03\/12\/capacitan-a-productores-de-huasca-por-cuaresma\/","title":{"rendered":"Capacitan a productores de Huasca por Cuaresma"},"content":{"rendered":"\n<p>Previniendo la&nbsp;<strong>temporada vacacional por Semana Santa<\/strong>, y por la tradici\u00f3n de&nbsp;<strong>Cuaresma<\/strong>, en&nbsp;<strong>Huasca de Ocampo&nbsp;<\/strong>capacitaron a productores en producci\u00f3n de&nbsp;<strong>pescado<\/strong>.<\/p>\n\n\n\n<p>Ante el incremento en la demanda de productos del mar durante\u00a0<strong>Cuaresma y Semana Santa<\/strong>, productores de la regi\u00f3n participaron en un\u00a0<strong>taller especializado en producci\u00f3n acu\u00edcola<\/strong>\u00a0realizado en el\u00a0<strong>centro ecotur\u00edstico El Zembo<\/strong>, en el municipio de\u00a0<strong>Huasca de Ocampo<\/strong>.<\/p>\n\n\n\n<p>La capacitaci\u00f3n estuvo dirigida a\u00a0<strong>productores de distintos municipios de la regi\u00f3n<\/strong>\u00a0y tuvo como objetivo\u00a0<strong>mejorar las pr\u00e1cticas de cultivo de peces, aumentar la productividad y promover procesos sustentables<\/strong>\u00a0dentro de la actividad acu\u00edcola.<\/p>\n\n\n\n<p>CONTIN\u00daA LEYENDO: <a href=\"https:\/\/www.alasmedios.com\/index.php\/2026\/03\/12\/apan-prestamos-gota-a-gota-y-trata-de-personas\/\">Alertan en Apan sobre pr\u00e9stamos \u201cgota a gota\u201d y trata de personas durante jornada de prevenci\u00f3n<\/a><\/p>\n\n\n\n<p>El taller fue impartido por especialistas del\u00a0<strong>Centro de Investigaci\u00f3n en Alimentaci\u00f3n y Desarrollo (CIAD)<\/strong>, quienes compartieron conocimientos t\u00e9cnicos enfocados en\u00a0<strong>optimizar el manejo de granjas acu\u00edcolas y fortalecer la producci\u00f3n local<\/strong>\u00a0ante temporadas de alta demanda.<\/p>\n\n\n\n<p>Previo a esta actividad, el\u00a0<strong>Centro Pisc\u00edcola San Miguel Regla<\/strong>, ubicado en\u00a0<strong>Huasca de Ocampo<\/strong>, recibi\u00f3 el\u00a0<strong>certificado de sanidad acu\u00edcola<\/strong>\u00a0otorgado por la\u00a0<strong>Secretar\u00eda de Agricultura y Desarrollo Rural<\/strong>, reconocimiento que avala el cumplimiento de est\u00e1ndares en el manejo sanitario de la producci\u00f3n.<\/p>\n\n\n\n<figure class=\"wp-block-gallery has-nested-images columns-default is-cropped wp-block-gallery-1 is-layout-flex wp-block-gallery-is-layout-flex\">\n<figure class=\"wp-block-image size-large\"><img loading=\"lazy\" decoding=\"async\" width=\"1024\" height=\"569\" data-id=\"8203\" src=\"https:\/\/www.alasmedios.com\/wp-content\/uploads\/2026\/03\/Cuaresma-Huasca-de-Ocampo-1-1024x569.jpg\" alt=\"\" class=\"wp-image-8203\" srcset=\"https:\/\/www.alasmedios.com\/wp-content\/uploads\/2026\/03\/Cuaresma-Huasca-de-Ocampo-1-1024x569.jpg 1024w, https:\/\/www.alasmedios.com\/wp-content\/uploads\/2026\/03\/Cuaresma-Huasca-de-Ocampo-1-300x167.jpg 300w, https:\/\/www.alasmedios.com\/wp-content\/uploads\/2026\/03\/Cuaresma-Huasca-de-Ocampo-1-768x426.jpg 768w, https:\/\/www.alasmedios.com\/wp-content\/uploads\/2026\/03\/Cuaresma-Huasca-de-Ocampo-1-1536x853.jpg 1536w, https:\/\/www.alasmedios.com\/wp-content\/uploads\/2026\/03\/Cuaresma-Huasca-de-Ocampo-1-800x445.jpg 800w, https:\/\/www.alasmedios.com\/wp-content\/uploads\/2026\/03\/Cuaresma-Huasca-de-Ocampo-1.jpg 2048w\" sizes=\"auto, (max-width: 1024px) 100vw, 1024px\" \/><\/figure>\n\n\n\n<figure class=\"wp-block-image size-large\"><img loading=\"lazy\" decoding=\"async\" width=\"1024\" height=\"595\" data-id=\"8204\" src=\"https:\/\/www.alasmedios.com\/wp-content\/uploads\/2026\/03\/Cuaresma-Huasca-de-Ocampo-1024x595.jpg\" alt=\"\" class=\"wp-image-8204\" srcset=\"https:\/\/www.alasmedios.com\/wp-content\/uploads\/2026\/03\/Cuaresma-Huasca-de-Ocampo-1024x595.jpg 1024w, https:\/\/www.alasmedios.com\/wp-content\/uploads\/2026\/03\/Cuaresma-Huasca-de-Ocampo-300x174.jpg 300w, https:\/\/www.alasmedios.com\/wp-content\/uploads\/2026\/03\/Cuaresma-Huasca-de-Ocampo-768x446.jpg 768w, https:\/\/www.alasmedios.com\/wp-content\/uploads\/2026\/03\/Cuaresma-Huasca-de-Ocampo-1536x893.jpg 1536w, https:\/\/www.alasmedios.com\/wp-content\/uploads\/2026\/03\/Cuaresma-Huasca-de-Ocampo.jpg 2048w\" sizes=\"auto, (max-width: 1024px) 100vw, 1024px\" \/><\/figure>\n<\/figure>\n\n\n\n<p>Durante la jornada, el&nbsp;<strong>M.V.Z. Efr\u00e9n D\u00edaz Galarza<\/strong>,&nbsp;<strong>director de Desarrollo Rural<\/strong>, destac\u00f3 la participaci\u00f3n de los productores y agradeci\u00f3 la colaboraci\u00f3n del&nbsp;<strong>centro ecotur\u00edstico El Zembo<\/strong>, espacio que fungi\u00f3 como sede de la capacitaci\u00f3n.<\/p>\n\n\n\n<p>El funcionario subray\u00f3 que este tipo de actividades contribuyen a&nbsp;<strong>fortalecer una de las actividades productivas m\u00e1s relevantes de la regi\u00f3n<\/strong>, al tiempo que promueven la&nbsp;<strong>producci\u00f3n responsable y el abastecimiento de alimentos de calidad<\/strong>&nbsp;para la poblaci\u00f3n.<\/p>\n\n\n\n<p>TE PUEDE INTERESAR: <a href=\"https:\/\/www.alasmedios.com\/index.php\/2026\/03\/11\/fuga-de-gas-en-tepeji-del-rio-realizan-quema-controlada-en-empresa-pilgrims-pride\/\" type=\"post\" id=\"8183\">Fuga de gas en Tepeji del R\u00edo; realizan quema controlada en empresa Pilgrim\u2019s Pride<\/a><\/p>\n\n\n\n<p>La capacitaci\u00f3n forma parte de los esfuerzos por\u00a0<strong>impulsar la acuacultura local<\/strong>, especialmente en periodos como\u00a0<strong>Cuaresma y Semana Santa<\/strong>, cuando\u00a0<strong>el consumo de pescado aumenta de manera significativa<\/strong>\u00a0en diversas regiones del pa\u00eds.<\/p>\n\n\n\n<p>Con informaci\u00f3n de <em><strong><a href=\"https:\/\/infolibre.com.mx\/\">Info Libre<\/a><\/strong><\/em>.<a href=\"https:\/\/infolibre.com.mx\/author\/keila-rodriguez\/\"><\/a><\/p>\n\n\n<ul class=\"wp-block-latest-posts__list is-grid columns-3 wp-block-latest-posts\"><li><div class=\"wp-block-latest-posts__featured-image\"><img loading=\"lazy\" decoding=\"async\" width=\"150\" height=\"150\" src=\"https:\/\/www.alasmedios.com\/wp-content\/uploads\/2026\/04\/Olimpiada-Nacional-CONADE-2026-Hidalgo-150x150.png\" class=\"attachment-thumbnail size-thumbnail wp-post-image\" alt=\"\" style=\"\" \/><\/div><a class=\"wp-block-latest-posts__post-title\" href=\"https:\/\/www.alasmedios.com\/index.php\/2026\/04\/27\/hidalgo-concluye-con-10-medallas-y-dominio-femenil-en-la-olimpiada-nacional-conade-2026\/\">Hidalgo concluye con 10 medallas y dominio femenil en la Olimpiada Nacional CONADE 2026<\/a><\/li>\n<li><div class=\"wp-block-latest-posts__featured-image\"><img loading=\"lazy\" decoding=\"async\" width=\"150\" height=\"150\" src=\"https:\/\/www.alasmedios.com\/wp-content\/uploads\/2026\/04\/Argentina-decomisan-bienes-Cristina-Kirchner-150x150.png\" class=\"attachment-thumbnail size-thumbnail wp-post-image\" alt=\"\" style=\"\" \/><\/div><a class=\"wp-block-latest-posts__post-title\" href=\"https:\/\/www.alasmedios.com\/index.php\/2026\/04\/25\/caso-vialidad-argentina-ratifica-decomiso-millonario-a-cristina-kirchner\/\">Caso Vialidad: Argentina ratifica decomiso millonario a Cristina Kirchner<\/a><\/li>\n<li><div class=\"wp-block-latest-posts__featured-image\"><img loading=\"lazy\" decoding=\"async\" width=\"150\" height=\"150\" src=\"https:\/\/www.alasmedios.com\/wp-content\/uploads\/2026\/04\/Puebla-desaparecida-Aguascalientes-150x150.jpeg\" class=\"attachment-thumbnail size-thumbnail wp-post-image\" alt=\"\" style=\"\" \/><\/div><a class=\"wp-block-latest-posts__post-title\" href=\"https:\/\/www.alasmedios.com\/index.php\/2026\/04\/25\/localizan-con-vida-en-aguascalientes-a-adolescente-desaparecida-en-puebla\/\">Localizan con vida en Aguascalientes a adolescente desaparecida en Puebla<\/a><\/li>\n<\/ul>","protected":false},"excerpt":{"rendered":"<p>Previniendo la&nbsp;temporada vacacional por Semana Santa, y por la tradici\u00f3n de&nbsp;Cuaresma, en&nbsp;Huasca de Ocampo&nbsp;capacitaron a productores en producci\u00f3n de&nbsp;pescado. Ante<\/p>\n","protected":false},"author":4,"featured_media":8202,"comment_status":"open","ping_status":"open","sticky":false,"template":"","format":"standard","meta":{"colormag_page_container_layout":"default_layout","colormag_page_sidebar_layout":"default_layout","rop_custom_images_group":[],"rop_custom_messages_group":[],"rop_publish_now":"yes","rop_publish_now_accounts":[],"rop_publish_now_history":[],"rop_publish_now_status":"pending","iawp_total_views":6,"footnotes":""},"categories":[41],"tags":[3457,211,212,1684],"class_list":["post-8201","post","type-post","status-publish","format-standard","has-post-thumbnail","hentry","category-hidalgo","tag-cuaresma","tag-huasca-de-ocampo","tag-pesca","tag-semana-santa"],"magazineBlocksPostFeaturedMedia":{"thumbnail":"https:\/\/www.alasmedios.com\/wp-content\/uploads\/2026\/03\/Cuaresma-Huasca-de-Ocampo-3-150x150.jpg","medium":"https:\/\/www.alasmedios.com\/wp-content\/uploads\/2026\/03\/Cuaresma-Huasca-de-Ocampo-3-300x169.jpg","medium_large":"https:\/\/www.alasmedios.com\/wp-content\/uploads\/2026\/03\/Cuaresma-Huasca-de-Ocampo-3-768x432.jpg","large":"https:\/\/www.alasmedios.com\/wp-content\/uploads\/2026\/03\/Cuaresma-Huasca-de-Ocampo-3-1024x576.jpg","1536x1536":"https:\/\/www.alasmedios.com\/wp-content\/uploads\/2026\/03\/Cuaresma-Huasca-de-Ocampo-3-1536x864.jpg","2048x2048":"https:\/\/www.alasmedios.com\/wp-content\/uploads\/2026\/03\/Cuaresma-Huasca-de-Ocampo-3.jpg","colormag-highlighted-post":"https:\/\/www.alasmedios.com\/wp-content\/uploads\/2026\/03\/Cuaresma-Huasca-de-Ocampo-3-392x272.jpg","colormag-featured-post-medium":"https:\/\/www.alasmedios.com\/wp-content\/uploads\/2026\/03\/Cuaresma-Huasca-de-Ocampo-3-390x205.jpg","colormag-featured-post-small":"https:\/\/www.alasmedios.com\/wp-content\/uploads\/2026\/03\/Cuaresma-Huasca-de-Ocampo-3-130x90.jpg","colormag-featured-image":"https:\/\/www.alasmedios.com\/wp-content\/uploads\/2026\/03\/Cuaresma-Huasca-de-Ocampo-3-800x445.jpg","colormag-default-news":"https:\/\/www.alasmedios.com\/wp-content\/uploads\/2026\/03\/Cuaresma-Huasca-de-Ocampo-3-150x150.jpg","colormag-featured-image-large":"https:\/\/www.alasmedios.com\/wp-content\/uploads\/2026\/03\/Cuaresma-Huasca-de-Ocampo-3-1400x600.jpg"},"magazineBlocksPostAuthor":{"name":"Keila Rodr\u00edguez Pe\u00f1a","avatar":"https:\/\/secure.gravatar.com\/avatar\/a2553a2bfaa601b9d539b617c8793e151bdffb60f9e48a249912f86d4c9ebeef?s=96&d=mm&r=g"},"magazineBlocksPostCommentsNumber":"0","magazineBlocksPostExcerpt":"Previniendo la&nbsp;temporada vacacional por Semana Santa, y por la tradici\u00f3n de&nbsp;Cuaresma, en&nbsp;Huasca de Ocampo&nbsp;capacitaron a productores en producci\u00f3n de&nbsp;pescado. Ante","magazineBlocksPostCategories":["Hidalgo"],"magazineBlocksPostViewCount":21,"magazineBlocksPostReadTime":2,"magazine_blocks_featured_image_url":{"full":["https:\/\/www.alasmedios.com\/wp-content\/uploads\/2026\/03\/Cuaresma-Huasca-de-Ocampo-3.jpg",2048,1152,false],"medium":["https:\/\/www.alasmedios.com\/wp-content\/uploads\/2026\/03\/Cuaresma-Huasca-de-Ocampo-3-300x169.jpg",300,169,true],"thumbnail":["https:\/\/www.alasmedios.com\/wp-content\/uploads\/2026\/03\/Cuaresma-Huasca-de-Ocampo-3-150x150.jpg",150,150,true]},"magazine_blocks_author":{"display_name":"Keila Rodr\u00edguez Pe\u00f1a","author_link":"https:\/\/www.alasmedios.com\/index.php\/author\/keila\/"},"magazine_blocks_comment":0,"magazine_blocks_author_image":"https:\/\/secure.gravatar.com\/avatar\/a2553a2bfaa601b9d539b617c8793e151bdffb60f9e48a249912f86d4c9ebeef?s=96&d=mm&r=g","magazine_blocks_category":"<a href=\"#\" class=\"category-link category-link-41\">Hidalgo<\/a>","yoast_head":"<!-- This site is optimized with the Yoast SEO plugin v27.4 - https:\/\/yoast.com\/product\/yoast-seo-wordpress\/ -->\r\n<title>Capacitan a productores de Huasca por Cuaresma<\/title>\r\n<meta name=\"description\" content=\"Previniendo la\u00a0temporada vacacional por Semana Santa, y por la tradici\u00f3n de\u00a0Cuaresma, en\u00a0Huasca de Ocampo\u00a0capacitaron a productores\" \/>\r\n<meta name=\"robots\" content=\"index, follow, max-snippet:-1, max-image-preview:large, max-video-preview:-1\" \/>\r\n<link rel=\"canonical\" href=\"https:\/\/www.alasmedios.com\/index.php\/2026\/03\/12\/capacitan-a-productores-de-huasca-por-cuaresma\/\" \/>\r\n<meta property=\"og:locale\" content=\"es_MX\" \/>\r\n<meta property=\"og:type\" content=\"article\" \/>\r\n<meta property=\"og:title\" content=\"Capacitan a productores de Huasca por Cuaresma\" \/>\r\n<meta property=\"og:description\" content=\"Previniendo la\u00a0temporada vacacional por Semana Santa, y por la tradici\u00f3n de\u00a0Cuaresma, en\u00a0Huasca de Ocampo\u00a0capacitaron a productores\" \/>\r\n<meta property=\"og:url\" content=\"https:\/\/www.alasmedios.com\/index.php\/2026\/03\/12\/capacitan-a-productores-de-huasca-por-cuaresma\/\" \/>\r\n<meta property=\"og:site_name\" content=\"Alas Medios\" \/>\r\n<meta property=\"article:published_time\" content=\"2026-03-12T17:01:54+00:00\" \/>\r\n<meta property=\"article:modified_time\" content=\"2026-03-12T17:01:58+00:00\" \/>\r\n<meta property=\"og:image\" content=\"https:\/\/www.alasmedios.com\/wp-content\/uploads\/2026\/03\/Cuaresma-Huasca-de-Ocampo-3.jpg\" \/>\r\n\t<meta property=\"og:image:width\" content=\"2048\" \/>\r\n\t<meta property=\"og:image:height\" content=\"1152\" \/>\r\n\t<meta property=\"og:image:type\" content=\"image\/jpeg\" \/>\r\n<meta name=\"author\" content=\"Keila Rodr\u00edguez Pe\u00f1a\" \/>\r\n<meta name=\"twitter:card\" content=\"summary_large_image\" \/>\r\n<meta name=\"twitter:label1\" content=\"Escrito por\" \/>\n\t<meta name=\"twitter:data1\" content=\"Keila Rodr\u00edguez Pe\u00f1a\" \/>\n\t<meta name=\"twitter:label2\" content=\"Tiempo de lectura\" \/>\n\t<meta name=\"twitter:data2\" content=\"3 minutos\" \/>\r\n<script type=\"application\/ld+json\" class=\"yoast-schema-graph\">{\"@context\":\"https:\\\/\\\/schema.org\",\"@graph\":[{\"@type\":\"Article\",\"@id\":\"https:\\\/\\\/www.alasmedios.com\\\/index.php\\\/2026\\\/03\\\/12\\\/capacitan-a-productores-de-huasca-por-cuaresma\\\/#article\",\"isPartOf\":{\"@id\":\"https:\\\/\\\/www.alasmedios.com\\\/index.php\\\/2026\\\/03\\\/12\\\/capacitan-a-productores-de-huasca-por-cuaresma\\\/\"},\"author\":{\"name\":\"Keila Rodr\u00edguez Pe\u00f1a\",\"@id\":\"https:\\\/\\\/www.alasmedios.com\\\/#\\\/schema\\\/person\\\/0ba31bdd19a05ebf5c7fef1fedf99c34\"},\"headline\":\"Capacitan a productores de Huasca por Cuaresma\",\"datePublished\":\"2026-03-12T17:01:54+00:00\",\"dateModified\":\"2026-03-12T17:01:58+00:00\",\"mainEntityOfPage\":{\"@id\":\"https:\\\/\\\/www.alasmedios.com\\\/index.php\\\/2026\\\/03\\\/12\\\/capacitan-a-productores-de-huasca-por-cuaresma\\\/\"},\"wordCount\":386,\"commentCount\":0,\"publisher\":{\"@id\":\"https:\\\/\\\/www.alasmedios.com\\\/#organization\"},\"image\":{\"@id\":\"https:\\\/\\\/www.alasmedios.com\\\/index.php\\\/2026\\\/03\\\/12\\\/capacitan-a-productores-de-huasca-por-cuaresma\\\/#primaryimage\"},\"thumbnailUrl\":\"https:\\\/\\\/www.alasmedios.com\\\/wp-content\\\/uploads\\\/2026\\\/03\\\/Cuaresma-Huasca-de-Ocampo-3.jpg\",\"keywords\":[\"Cuaresma\",\"Huasca de Ocampo\",\"pesca\",\"Semana Santa\"],\"articleSection\":[\"Hidalgo\"],\"inLanguage\":\"es\",\"potentialAction\":[{\"@type\":\"CommentAction\",\"name\":\"Comment\",\"target\":[\"https:\\\/\\\/www.alasmedios.com\\\/index.php\\\/2026\\\/03\\\/12\\\/capacitan-a-productores-de-huasca-por-cuaresma\\\/#respond\"]}]},{\"@type\":\"WebPage\",\"@id\":\"https:\\\/\\\/www.alasmedios.com\\\/index.php\\\/2026\\\/03\\\/12\\\/capacitan-a-productores-de-huasca-por-cuaresma\\\/\",\"url\":\"https:\\\/\\\/www.alasmedios.com\\\/index.php\\\/2026\\\/03\\\/12\\\/capacitan-a-productores-de-huasca-por-cuaresma\\\/\",\"name\":\"Capacitan a productores de Huasca por Cuaresma\",\"isPartOf\":{\"@id\":\"https:\\\/\\\/www.alasmedios.com\\\/#website\"},\"primaryImageOfPage\":{\"@id\":\"https:\\\/\\\/www.alasmedios.com\\\/index.php\\\/2026\\\/03\\\/12\\\/capacitan-a-productores-de-huasca-por-cuaresma\\\/#primaryimage\"},\"image\":{\"@id\":\"https:\\\/\\\/www.alasmedios.com\\\/index.php\\\/2026\\\/03\\\/12\\\/capacitan-a-productores-de-huasca-por-cuaresma\\\/#primaryimage\"},\"thumbnailUrl\":\"https:\\\/\\\/www.alasmedios.com\\\/wp-content\\\/uploads\\\/2026\\\/03\\\/Cuaresma-Huasca-de-Ocampo-3.jpg\",\"datePublished\":\"2026-03-12T17:01:54+00:00\",\"dateModified\":\"2026-03-12T17:01:58+00:00\",\"description\":\"Previniendo la\u00a0temporada vacacional por Semana Santa, y por la tradici\u00f3n de\u00a0Cuaresma, en\u00a0Huasca de Ocampo\u00a0capacitaron a productores\",\"breadcrumb\":{\"@id\":\"https:\\\/\\\/www.alasmedios.com\\\/index.php\\\/2026\\\/03\\\/12\\\/capacitan-a-productores-de-huasca-por-cuaresma\\\/#breadcrumb\"},\"inLanguage\":\"es\",\"potentialAction\":[{\"@type\":\"ReadAction\",\"target\":[\"https:\\\/\\\/www.alasmedios.com\\\/index.php\\\/2026\\\/03\\\/12\\\/capacitan-a-productores-de-huasca-por-cuaresma\\\/\"]}]},{\"@type\":\"ImageObject\",\"inLanguage\":\"es\",\"@id\":\"https:\\\/\\\/www.alasmedios.com\\\/index.php\\\/2026\\\/03\\\/12\\\/capacitan-a-productores-de-huasca-por-cuaresma\\\/#primaryimage\",\"url\":\"https:\\\/\\\/www.alasmedios.com\\\/wp-content\\\/uploads\\\/2026\\\/03\\\/Cuaresma-Huasca-de-Ocampo-3.jpg\",\"contentUrl\":\"https:\\\/\\\/www.alasmedios.com\\\/wp-content\\\/uploads\\\/2026\\\/03\\\/Cuaresma-Huasca-de-Ocampo-3.jpg\",\"width\":2048,\"height\":1152},{\"@type\":\"BreadcrumbList\",\"@id\":\"https:\\\/\\\/www.alasmedios.com\\\/index.php\\\/2026\\\/03\\\/12\\\/capacitan-a-productores-de-huasca-por-cuaresma\\\/#breadcrumb\",\"itemListElement\":[{\"@type\":\"ListItem\",\"position\":1,\"name\":\"Inicio\",\"item\":\"https:\\\/\\\/www.alasmedios.com\\\/\"},{\"@type\":\"ListItem\",\"position\":2,\"name\":\"Capacitan a productores de Huasca por Cuaresma\"}]},{\"@type\":\"WebSite\",\"@id\":\"https:\\\/\\\/www.alasmedios.com\\\/#website\",\"url\":\"https:\\\/\\\/www.alasmedios.com\\\/\",\"name\":\"Alas Medios\",\"description\":\"Alas para pensar, Alas para volar, Alas de libertad\",\"publisher\":{\"@id\":\"https:\\\/\\\/www.alasmedios.com\\\/#organization\"},\"potentialAction\":[{\"@type\":\"SearchAction\",\"target\":{\"@type\":\"EntryPoint\",\"urlTemplate\":\"https:\\\/\\\/www.alasmedios.com\\\/?s={search_term_string}\"},\"query-input\":{\"@type\":\"PropertyValueSpecification\",\"valueRequired\":true,\"valueName\":\"search_term_string\"}}],\"inLanguage\":\"es\"},{\"@type\":\"Organization\",\"@id\":\"https:\\\/\\\/www.alasmedios.com\\\/#organization\",\"name\":\"Alas Medios\",\"url\":\"https:\\\/\\\/www.alasmedios.com\\\/\",\"logo\":{\"@type\":\"ImageObject\",\"inLanguage\":\"es\",\"@id\":\"https:\\\/\\\/www.alasmedios.com\\\/#\\\/schema\\\/logo\\\/image\\\/\",\"url\":\"https:\\\/\\\/www.alasmedios.com\\\/wp-content\\\/uploads\\\/2026\\\/01\\\/cropped-cropped-GAM-1.png\",\"contentUrl\":\"https:\\\/\\\/www.alasmedios.com\\\/wp-content\\\/uploads\\\/2026\\\/01\\\/cropped-cropped-GAM-1.png\",\"width\":467,\"height\":235,\"caption\":\"Alas Medios\"},\"image\":{\"@id\":\"https:\\\/\\\/www.alasmedios.com\\\/#\\\/schema\\\/logo\\\/image\\\/\"}},{\"@type\":\"Person\",\"@id\":\"https:\\\/\\\/www.alasmedios.com\\\/#\\\/schema\\\/person\\\/0ba31bdd19a05ebf5c7fef1fedf99c34\",\"name\":\"Keila Rodr\u00edguez Pe\u00f1a\",\"image\":{\"@type\":\"ImageObject\",\"inLanguage\":\"es\",\"@id\":\"https:\\\/\\\/secure.gravatar.com\\\/avatar\\\/a2553a2bfaa601b9d539b617c8793e151bdffb60f9e48a249912f86d4c9ebeef?s=96&d=mm&r=g\",\"url\":\"https:\\\/\\\/secure.gravatar.com\\\/avatar\\\/a2553a2bfaa601b9d539b617c8793e151bdffb60f9e48a249912f86d4c9ebeef?s=96&d=mm&r=g\",\"contentUrl\":\"https:\\\/\\\/secure.gravatar.com\\\/avatar\\\/a2553a2bfaa601b9d539b617c8793e151bdffb60f9e48a249912f86d4c9ebeef?s=96&d=mm&r=g\",\"caption\":\"Keila Rodr\u00edguez Pe\u00f1a\"},\"sameAs\":[\"http:\\\/\\\/www.alasmedios.com\"],\"url\":\"https:\\\/\\\/www.alasmedios.com\\\/index.php\\\/author\\\/keila\\\/\"}]}<\/script>\r\n<!-- \/ Yoast SEO plugin. -->","yoast_head_json":{"title":"Capacitan a productores de Huasca por Cuaresma","description":"Previniendo la\u00a0temporada vacacional por Semana Santa, y por la tradici\u00f3n de\u00a0Cuaresma, en\u00a0Huasca de Ocampo\u00a0capacitaron a productores","robots":{"index":"index","follow":"follow","max-snippet":"max-snippet:-1","max-image-preview":"max-image-preview:large","max-video-preview":"max-video-preview:-1"},"canonical":"https:\/\/www.alasmedios.com\/index.php\/2026\/03\/12\/capacitan-a-productores-de-huasca-por-cuaresma\/","og_locale":"es_MX","og_type":"article","og_title":"Capacitan a productores de Huasca por Cuaresma","og_description":"Previniendo la\u00a0temporada vacacional por Semana Santa, y por la tradici\u00f3n de\u00a0Cuaresma, en\u00a0Huasca de Ocampo\u00a0capacitaron a productores","og_url":"https:\/\/www.alasmedios.com\/index.php\/2026\/03\/12\/capacitan-a-productores-de-huasca-por-cuaresma\/","og_site_name":"Alas Medios","article_published_time":"2026-03-12T17:01:54+00:00","article_modified_time":"2026-03-12T17:01:58+00:00","og_image":[{"width":2048,"height":1152,"url":"https:\/\/www.alasmedios.com\/wp-content\/uploads\/2026\/03\/Cuaresma-Huasca-de-Ocampo-3.jpg","type":"image\/jpeg"}],"author":"Keila Rodr\u00edguez Pe\u00f1a","twitter_card":"summary_large_image","twitter_misc":{"Escrito por":"Keila Rodr\u00edguez Pe\u00f1a","Tiempo de lectura":"3 minutos"},"schema":{"@context":"https:\/\/schema.org","@graph":[{"@type":"Article","@id":"https:\/\/www.alasmedios.com\/index.php\/2026\/03\/12\/capacitan-a-productores-de-huasca-por-cuaresma\/#article","isPartOf":{"@id":"https:\/\/www.alasmedios.com\/index.php\/2026\/03\/12\/capacitan-a-productores-de-huasca-por-cuaresma\/"},"author":{"name":"Keila Rodr\u00edguez Pe\u00f1a","@id":"https:\/\/www.alasmedios.com\/#\/schema\/person\/0ba31bdd19a05ebf5c7fef1fedf99c34"},"headline":"Capacitan a productores de Huasca por Cuaresma","datePublished":"2026-03-12T17:01:54+00:00","dateModified":"2026-03-12T17:01:58+00:00","mainEntityOfPage":{"@id":"https:\/\/www.alasmedios.com\/index.php\/2026\/03\/12\/capacitan-a-productores-de-huasca-por-cuaresma\/"},"wordCount":386,"commentCount":0,"publisher":{"@id":"https:\/\/www.alasmedios.com\/#organization"},"image":{"@id":"https:\/\/www.alasmedios.com\/index.php\/2026\/03\/12\/capacitan-a-productores-de-huasca-por-cuaresma\/#primaryimage"},"thumbnailUrl":"https:\/\/www.alasmedios.com\/wp-content\/uploads\/2026\/03\/Cuaresma-Huasca-de-Ocampo-3.jpg","keywords":["Cuaresma","Huasca de Ocampo","pesca","Semana Santa"],"articleSection":["Hidalgo"],"inLanguage":"es","potentialAction":[{"@type":"CommentAction","name":"Comment","target":["https:\/\/www.alasmedios.com\/index.php\/2026\/03\/12\/capacitan-a-productores-de-huasca-por-cuaresma\/#respond"]}]},{"@type":"WebPage","@id":"https:\/\/www.alasmedios.com\/index.php\/2026\/03\/12\/capacitan-a-productores-de-huasca-por-cuaresma\/","url":"https:\/\/www.alasmedios.com\/index.php\/2026\/03\/12\/capacitan-a-productores-de-huasca-por-cuaresma\/","name":"Capacitan a productores de Huasca por Cuaresma","isPartOf":{"@id":"https:\/\/www.alasmedios.com\/#website"},"primaryImageOfPage":{"@id":"https:\/\/www.alasmedios.com\/index.php\/2026\/03\/12\/capacitan-a-productores-de-huasca-por-cuaresma\/#primaryimage"},"image":{"@id":"https:\/\/www.alasmedios.com\/index.php\/2026\/03\/12\/capacitan-a-productores-de-huasca-por-cuaresma\/#primaryimage"},"thumbnailUrl":"https:\/\/www.alasmedios.com\/wp-content\/uploads\/2026\/03\/Cuaresma-Huasca-de-Ocampo-3.jpg","datePublished":"2026-03-12T17:01:54+00:00","dateModified":"2026-03-12T17:01:58+00:00","description":"Previniendo la\u00a0temporada vacacional por Semana Santa, y por la tradici\u00f3n de\u00a0Cuaresma, en\u00a0Huasca de Ocampo\u00a0capacitaron a productores","breadcrumb":{"@id":"https:\/\/www.alasmedios.com\/index.php\/2026\/03\/12\/capacitan-a-productores-de-huasca-por-cuaresma\/#breadcrumb"},"inLanguage":"es","potentialAction":[{"@type":"ReadAction","target":["https:\/\/www.alasmedios.com\/index.php\/2026\/03\/12\/capacitan-a-productores-de-huasca-por-cuaresma\/"]}]},{"@type":"ImageObject","inLanguage":"es","@id":"https:\/\/www.alasmedios.com\/index.php\/2026\/03\/12\/capacitan-a-productores-de-huasca-por-cuaresma\/#primaryimage","url":"https:\/\/www.alasmedios.com\/wp-content\/uploads\/2026\/03\/Cuaresma-Huasca-de-Ocampo-3.jpg","contentUrl":"https:\/\/www.alasmedios.com\/wp-content\/uploads\/2026\/03\/Cuaresma-Huasca-de-Ocampo-3.jpg","width":2048,"height":1152},{"@type":"BreadcrumbList","@id":"https:\/\/www.alasmedios.com\/index.php\/2026\/03\/12\/capacitan-a-productores-de-huasca-por-cuaresma\/#breadcrumb","itemListElement":[{"@type":"ListItem","position":1,"name":"Inicio","item":"https:\/\/www.alasmedios.com\/"},{"@type":"ListItem","position":2,"name":"Capacitan a productores de Huasca por Cuaresma"}]},{"@type":"WebSite","@id":"https:\/\/www.alasmedios.com\/#website","url":"https:\/\/www.alasmedios.com\/","name":"Alas Medios","description":"Alas para pensar, Alas para volar, Alas de libertad","publisher":{"@id":"https:\/\/www.alasmedios.com\/#organization"},"potentialAction":[{"@type":"SearchAction","target":{"@type":"EntryPoint","urlTemplate":"https:\/\/www.alasmedios.com\/?s={search_term_string}"},"query-input":{"@type":"PropertyValueSpecification","valueRequired":true,"valueName":"search_term_string"}}],"inLanguage":"es"},{"@type":"Organization","@id":"https:\/\/www.alasmedios.com\/#organization","name":"Alas Medios","url":"https:\/\/www.alasmedios.com\/","logo":{"@type":"ImageObject","inLanguage":"es","@id":"https:\/\/www.alasmedios.com\/#\/schema\/logo\/image\/","url":"https:\/\/www.alasmedios.com\/wp-content\/uploads\/2026\/01\/cropped-cropped-GAM-1.png","contentUrl":"https:\/\/www.alasmedios.com\/wp-content\/uploads\/2026\/01\/cropped-cropped-GAM-1.png","width":467,"height":235,"caption":"Alas Medios"},"image":{"@id":"https:\/\/www.alasmedios.com\/#\/schema\/logo\/image\/"}},{"@type":"Person","@id":"https:\/\/www.alasmedios.com\/#\/schema\/person\/0ba31bdd19a05ebf5c7fef1fedf99c34","name":"Keila Rodr\u00edguez Pe\u00f1a","image":{"@type":"ImageObject","inLanguage":"es","@id":"https:\/\/secure.gravatar.com\/avatar\/a2553a2bfaa601b9d539b617c8793e151bdffb60f9e48a249912f86d4c9ebeef?s=96&d=mm&r=g","url":"https:\/\/secure.gravatar.com\/avatar\/a2553a2bfaa601b9d539b617c8793e151bdffb60f9e48a249912f86d4c9ebeef?s=96&d=mm&r=g","contentUrl":"https:\/\/secure.gravatar.com\/avatar\/a2553a2bfaa601b9d539b617c8793e151bdffb60f9e48a249912f86d4c9ebeef?s=96&d=mm&r=g","caption":"Keila Rodr\u00edguez Pe\u00f1a"},"sameAs":["http:\/\/www.alasmedios.com"],"url":"https:\/\/www.alasmedios.com\/index.php\/author\/keila\/"}]}},"_links":{"self":[{"href":"https:\/\/www.alasmedios.com\/index.php\/wp-json\/wp\/v2\/posts\/8201","targetHints":{"allow":["GET"]}}],"collection":[{"href":"https:\/\/www.alasmedios.com\/index.php\/wp-json\/wp\/v2\/posts"}],"about":[{"href":"https:\/\/www.alasmedios.com\/index.php\/wp-json\/wp\/v2\/types\/post"}],"author":[{"embeddable":true,"href":"https:\/\/www.alasmedios.com\/index.php\/wp-json\/wp\/v2\/users\/4"}],"replies":[{"embeddable":true,"href":"https:\/\/www.alasmedios.com\/index.php\/wp-json\/wp\/v2\/comments?post=8201"}],"version-history":[{"count":1,"href":"https:\/\/www.alasmedios.com\/index.php\/wp-json\/wp\/v2\/posts\/8201\/revisions"}],"predecessor-version":[{"id":8205,"href":"https:\/\/www.alasmedios.com\/index.php\/wp-json\/wp\/v2\/posts\/8201\/revisions\/8205"}],"wp:featuredmedia":[{"embeddable":true,"href":"https:\/\/www.alasmedios.com\/index.php\/wp-json\/wp\/v2\/media\/8202"}],"wp:attachment":[{"href":"https:\/\/www.alasmedios.com\/index.php\/wp-json\/wp\/v2\/media?parent=8201"}],"wp:term":[{"taxonomy":"category","embeddable":true,"href":"https:\/\/www.alasmedios.com\/index.php\/wp-json\/wp\/v2\/categories?post=8201"},{"taxonomy":"post_tag","embeddable":true,"href":"https:\/\/www.alasmedios.com\/index.php\/wp-json\/wp\/v2\/tags?post=8201"}],"curies":[{"name":"wp","href":"https:\/\/api.w.org\/{rel}","templated":true}]}}