{"id":8196,"date":"2026-03-12T09:26:49","date_gmt":"2026-03-12T15:26:49","guid":{"rendered":"https:\/\/www.alasmedios.com\/?p=8196"},"modified":"2026-03-12T10:45:36","modified_gmt":"2026-03-12T16:45:36","slug":"apan-prestamos-gota-a-gota-y-trata-de-personas","status":"publish","type":"post","link":"https:\/\/www.alasmedios.com\/index.php\/2026\/03\/12\/apan-prestamos-gota-a-gota-y-trata-de-personas\/","title":{"rendered":"Alertan en Apan sobre pr\u00e9stamos \u201cgota a gota\u201d y trata de personas durante jornada de prevenci\u00f3n"},"content":{"rendered":"\n<p>En la <strong>Jornada de Prevenci\u00f3n de Delitos \u201cGota a Gota\u201d y Trata de Personas,<\/strong> realizada en <strong>Apan<\/strong>, buscaron dar puntos clave para prevenir y denunciar.<\/p>\n\n\n\n<p>El municipio de <strong>Apan<\/strong> fue sede de una <strong>jornada de prevenci\u00f3n del delito<\/strong> enfocada en dos problem\u00e1ticas que han generado preocupaci\u00f3n en distintas regiones: <strong>la estafa conocida como \u201cgota a gota\u201d<\/strong> y la <strong>trata de personas<\/strong>.<\/p>\n\n\n\n<p>Durante la actividad se explic\u00f3 que el esquema <strong>\u201cgota a gota\u201d<\/strong> consiste en <strong>pr\u00e9stamos ilegales con intereses excesivos<\/strong>, ofrecidos de manera aparentemente r\u00e1pida y sencilla, pero que posteriormente derivan en <strong>cobros violentos, amenazas y extorsi\u00f3n<\/strong> contra quienes aceptan estos cr\u00e9ditos.<\/p>\n\n\n\n<p>CONTIN\u00daA LEYENDO: <a href=\"https:\/\/www.alasmedios.com\/index.php\/2026\/03\/11\/difusion-de-fotos-intimas-en-ixmiquilpan-reaviva-llamado-a-combatir-la-violencia-digital\/\" type=\"post\" id=\"8193\">Difusi\u00f3n de fotos \u00edntimas en Ixmiquilpan reaviva llamado a combatir la violencia digital<\/a><\/p>\n\n\n\n<p>La ponencia sobre este tipo de fraude fue impartida por <strong>Hugo Reyes V\u00e1zquez<\/strong>, <strong>delegado del Instituto Nacional de Migraci\u00f3n<\/strong>, quien detall\u00f3 <strong>c\u00f3mo operan estas redes de financiamiento ilegal<\/strong>, as\u00ed como <strong>las medidas de prevenci\u00f3n que pueden aplicarse desde las instituciones y la ciudadan\u00eda<\/strong> para evitar caer en este tipo de esquemas.<\/p>\n\n\n\n<figure class=\"wp-block-gallery has-nested-images columns-default is-cropped wp-block-gallery-1 is-layout-flex wp-block-gallery-is-layout-flex\">\n<figure class=\"wp-block-image size-large\"><img loading=\"lazy\" decoding=\"async\" width=\"1024\" height=\"576\" data-id=\"8197\" src=\"https:\/\/www.alasmedios.com\/wp-content\/uploads\/2026\/03\/Prevencion-de-Delitos-Gota-a-Gota-y-Trata-de-Personas-2-1024x576.jpg\" alt=\"\" class=\"wp-image-8197\" srcset=\"https:\/\/www.alasmedios.com\/wp-content\/uploads\/2026\/03\/Prevencion-de-Delitos-Gota-a-Gota-y-Trata-de-Personas-2-1024x576.jpg 1024w, https:\/\/www.alasmedios.com\/wp-content\/uploads\/2026\/03\/Prevencion-de-Delitos-Gota-a-Gota-y-Trata-de-Personas-2-300x169.jpg 300w, https:\/\/www.alasmedios.com\/wp-content\/uploads\/2026\/03\/Prevencion-de-Delitos-Gota-a-Gota-y-Trata-de-Personas-2-768x432.jpg 768w, https:\/\/www.alasmedios.com\/wp-content\/uploads\/2026\/03\/Prevencion-de-Delitos-Gota-a-Gota-y-Trata-de-Personas-2-1536x864.jpg 1536w, https:\/\/www.alasmedios.com\/wp-content\/uploads\/2026\/03\/Prevencion-de-Delitos-Gota-a-Gota-y-Trata-de-Personas-2.jpg 2048w\" sizes=\"auto, (max-width: 1024px) 100vw, 1024px\" \/><\/figure>\n\n\n\n<figure class=\"wp-block-image size-large\"><img loading=\"lazy\" decoding=\"async\" width=\"1024\" height=\"576\" data-id=\"8198\" src=\"https:\/\/www.alasmedios.com\/wp-content\/uploads\/2026\/03\/Prevencion-de-Delitos-Gota-a-Gota-y-Trata-de-Personas-1-1024x576.jpg\" alt=\"\" class=\"wp-image-8198\" srcset=\"https:\/\/www.alasmedios.com\/wp-content\/uploads\/2026\/03\/Prevencion-de-Delitos-Gota-a-Gota-y-Trata-de-Personas-1-1024x576.jpg 1024w, https:\/\/www.alasmedios.com\/wp-content\/uploads\/2026\/03\/Prevencion-de-Delitos-Gota-a-Gota-y-Trata-de-Personas-1-300x169.jpg 300w, https:\/\/www.alasmedios.com\/wp-content\/uploads\/2026\/03\/Prevencion-de-Delitos-Gota-a-Gota-y-Trata-de-Personas-1-768x432.jpg 768w, https:\/\/www.alasmedios.com\/wp-content\/uploads\/2026\/03\/Prevencion-de-Delitos-Gota-a-Gota-y-Trata-de-Personas-1-1536x864.jpg 1536w, https:\/\/www.alasmedios.com\/wp-content\/uploads\/2026\/03\/Prevencion-de-Delitos-Gota-a-Gota-y-Trata-de-Personas-1.jpg 2048w\" sizes=\"auto, (max-width: 1024px) 100vw, 1024px\" \/><\/figure>\n<\/figure>\n\n\n\n<p>En la jornada tambi\u00e9n se abord\u00f3 el tema de <strong>la trata de personas<\/strong>, una problem\u00e1tica que requiere <strong>detecci\u00f3n temprana, denuncia y coordinaci\u00f3n entre autoridades<\/strong>. La exposici\u00f3n estuvo a cargo de <strong>Aime Ram\u00edrez Hern\u00e1ndez<\/strong>, tambi\u00e9n ponente del <strong>Instituto Nacional de Migraci\u00f3n<\/strong>, quien subray\u00f3 la importancia de <strong>identificar se\u00f1ales de alerta y fortalecer los mecanismos de atenci\u00f3n a posibles v\u00edctimas<\/strong>.<\/p>\n\n\n\n<p>El encuentro reuni\u00f3 a <strong>autoridades municipales de Emiliano Zapata, Tlanalapa, Apan y Almoloya<\/strong>, con el prop\u00f3sito de <strong>reforzar la coordinaci\u00f3n entre municipios<\/strong> frente a delitos que pueden operar de forma regional.<\/p>\n\n\n\n<p>TE PUEDE INTERESAR: <a href=\"https:\/\/www.alasmedios.com\/index.php\/2026\/03\/11\/realizan-feria-interactiva-de-los-derechos-de-las-mujeres-en-pachuca\/\" type=\"post\" id=\"8187\">Realizan Feria Interactiva de los Derechos de las Mujeres en Pachuca<\/a><\/p>\n\n\n\n<p>Asimismo, particip\u00f3 <strong>Diana Trejo Padilla<\/strong>, <strong>secretaria t\u00e9cnica de la Regi\u00f3n Tepeapulco de la Secretar\u00eda de Gobernaci\u00f3n<\/strong>, quien acompa\u00f1\u00f3 este ejercicio enfocado en <strong>informaci\u00f3n, prevenci\u00f3n y colaboraci\u00f3n institucional para enfrentar delitos que afectan a la poblaci\u00f3n<\/strong>.<\/p>\n\n\n<ul class=\"wp-block-latest-posts__list is-grid columns-3 wp-block-latest-posts\"><li><div class=\"wp-block-latest-posts__featured-image\"><img loading=\"lazy\" decoding=\"async\" width=\"150\" height=\"150\" src=\"https:\/\/www.alasmedios.com\/wp-content\/uploads\/2026\/04\/Olimpiada-Nacional-CONADE-2026-Hidalgo-150x150.png\" class=\"attachment-thumbnail size-thumbnail wp-post-image\" alt=\"\" style=\"\" \/><\/div><a class=\"wp-block-latest-posts__post-title\" href=\"https:\/\/www.alasmedios.com\/index.php\/2026\/04\/27\/hidalgo-concluye-con-10-medallas-y-dominio-femenil-en-la-olimpiada-nacional-conade-2026\/\">Hidalgo concluye con 10 medallas y dominio femenil en la Olimpiada Nacional CONADE 2026<\/a><\/li>\n<li><div class=\"wp-block-latest-posts__featured-image\"><img loading=\"lazy\" decoding=\"async\" width=\"150\" height=\"150\" src=\"https:\/\/www.alasmedios.com\/wp-content\/uploads\/2026\/04\/Argentina-decomisan-bienes-Cristina-Kirchner-150x150.png\" class=\"attachment-thumbnail size-thumbnail wp-post-image\" alt=\"\" style=\"\" \/><\/div><a class=\"wp-block-latest-posts__post-title\" href=\"https:\/\/www.alasmedios.com\/index.php\/2026\/04\/25\/caso-vialidad-argentina-ratifica-decomiso-millonario-a-cristina-kirchner\/\">Caso Vialidad: Argentina ratifica decomiso millonario a Cristina Kirchner<\/a><\/li>\n<li><div class=\"wp-block-latest-posts__featured-image\"><img loading=\"lazy\" decoding=\"async\" width=\"150\" height=\"150\" src=\"https:\/\/www.alasmedios.com\/wp-content\/uploads\/2026\/04\/Puebla-desaparecida-Aguascalientes-150x150.jpeg\" class=\"attachment-thumbnail size-thumbnail wp-post-image\" alt=\"\" style=\"\" \/><\/div><a class=\"wp-block-latest-posts__post-title\" href=\"https:\/\/www.alasmedios.com\/index.php\/2026\/04\/25\/localizan-con-vida-en-aguascalientes-a-adolescente-desaparecida-en-puebla\/\">Localizan con vida en Aguascalientes a adolescente desaparecida en Puebla<\/a><\/li>\n<\/ul>","protected":false},"excerpt":{"rendered":"<p>En la Jornada de Prevenci\u00f3n de Delitos \u201cGota a Gota\u201d y Trata de Personas, realizada en Apan, buscaron dar puntos<\/p>\n","protected":false},"author":4,"featured_media":8199,"comment_status":"open","ping_status":"open","sticky":false,"template":"","format":"standard","meta":{"colormag_page_container_layout":"default_layout","colormag_page_sidebar_layout":"default_layout","rop_custom_images_group":[],"rop_custom_messages_group":[],"rop_publish_now":"initial","rop_publish_now_accounts":[],"rop_publish_now_history":[],"rop_publish_now_status":"pending","iawp_total_views":22,"footnotes":""},"categories":[41],"tags":[1103,603,3455,3456],"class_list":["post-8196","post","type-post","status-publish","format-standard","has-post-thumbnail","hentry","category-hidalgo","tag-apan","tag-economia","tag-prestamos-gota-a-gota","tag-trata-de-personas"],"magazineBlocksPostFeaturedMedia":{"thumbnail":"https:\/\/www.alasmedios.com\/wp-content\/uploads\/2026\/03\/Prevencion-de-Delitos-Gota-a-Gota-y-Trata-de-Personas-150x150.jpg","medium":"https:\/\/www.alasmedios.com\/wp-content\/uploads\/2026\/03\/Prevencion-de-Delitos-Gota-a-Gota-y-Trata-de-Personas-300x169.jpg","medium_large":"https:\/\/www.alasmedios.com\/wp-content\/uploads\/2026\/03\/Prevencion-de-Delitos-Gota-a-Gota-y-Trata-de-Personas-768x432.jpg","large":"https:\/\/www.alasmedios.com\/wp-content\/uploads\/2026\/03\/Prevencion-de-Delitos-Gota-a-Gota-y-Trata-de-Personas-1024x576.jpg","1536x1536":"https:\/\/www.alasmedios.com\/wp-content\/uploads\/2026\/03\/Prevencion-de-Delitos-Gota-a-Gota-y-Trata-de-Personas-1536x864.jpg","2048x2048":"https:\/\/www.alasmedios.com\/wp-content\/uploads\/2026\/03\/Prevencion-de-Delitos-Gota-a-Gota-y-Trata-de-Personas.jpg","colormag-highlighted-post":"https:\/\/www.alasmedios.com\/wp-content\/uploads\/2026\/03\/Prevencion-de-Delitos-Gota-a-Gota-y-Trata-de-Personas-392x272.jpg","colormag-featured-post-medium":"https:\/\/www.alasmedios.com\/wp-content\/uploads\/2026\/03\/Prevencion-de-Delitos-Gota-a-Gota-y-Trata-de-Personas-390x205.jpg","colormag-featured-post-small":"https:\/\/www.alasmedios.com\/wp-content\/uploads\/2026\/03\/Prevencion-de-Delitos-Gota-a-Gota-y-Trata-de-Personas-130x90.jpg","colormag-featured-image":"https:\/\/www.alasmedios.com\/wp-content\/uploads\/2026\/03\/Prevencion-de-Delitos-Gota-a-Gota-y-Trata-de-Personas-800x445.jpg","colormag-default-news":"https:\/\/www.alasmedios.com\/wp-content\/uploads\/2026\/03\/Prevencion-de-Delitos-Gota-a-Gota-y-Trata-de-Personas-150x150.jpg","colormag-featured-image-large":"https:\/\/www.alasmedios.com\/wp-content\/uploads\/2026\/03\/Prevencion-de-Delitos-Gota-a-Gota-y-Trata-de-Personas-1400x600.jpg"},"magazineBlocksPostAuthor":{"name":"Keila Rodr\u00edguez Pe\u00f1a","avatar":"https:\/\/secure.gravatar.com\/avatar\/a2553a2bfaa601b9d539b617c8793e151bdffb60f9e48a249912f86d4c9ebeef?s=96&d=mm&r=g"},"magazineBlocksPostCommentsNumber":"0","magazineBlocksPostExcerpt":"En la Jornada de Prevenci\u00f3n de Delitos \u201cGota a Gota\u201d y Trata de Personas, realizada en Apan, buscaron dar puntos","magazineBlocksPostCategories":["Hidalgo"],"magazineBlocksPostViewCount":31,"magazineBlocksPostReadTime":2,"magazine_blocks_featured_image_url":{"full":["https:\/\/www.alasmedios.com\/wp-content\/uploads\/2026\/03\/Prevencion-de-Delitos-Gota-a-Gota-y-Trata-de-Personas.jpg",2048,1152,false],"medium":["https:\/\/www.alasmedios.com\/wp-content\/uploads\/2026\/03\/Prevencion-de-Delitos-Gota-a-Gota-y-Trata-de-Personas-300x169.jpg",300,169,true],"thumbnail":["https:\/\/www.alasmedios.com\/wp-content\/uploads\/2026\/03\/Prevencion-de-Delitos-Gota-a-Gota-y-Trata-de-Personas-150x150.jpg",150,150,true]},"magazine_blocks_author":{"display_name":"Keila Rodr\u00edguez Pe\u00f1a","author_link":"https:\/\/www.alasmedios.com\/index.php\/author\/keila\/"},"magazine_blocks_comment":0,"magazine_blocks_author_image":"https:\/\/secure.gravatar.com\/avatar\/a2553a2bfaa601b9d539b617c8793e151bdffb60f9e48a249912f86d4c9ebeef?s=96&d=mm&r=g","magazine_blocks_category":"<a href=\"#\" class=\"category-link category-link-41\">Hidalgo<\/a>","yoast_head":"<!-- This site is optimized with the Yoast SEO plugin v27.4 - https:\/\/yoast.com\/product\/yoast-seo-wordpress\/ -->\r\n<title>Alertan en Apan sobre pr\u00e9stamos \u201cgota a gota\u201d y trata de personas durante jornada de prevenci\u00f3n<\/title>\r\n<meta name=\"description\" content=\"En la Jornada de Prevenci\u00f3n de Delitos \u201cGota a Gota\u201d y Trata de Personas, realizada en Apan, dieron puntos clave para prevenir y denunciar\" \/>\r\n<meta name=\"robots\" content=\"index, follow, max-snippet:-1, max-image-preview:large, max-video-preview:-1\" \/>\r\n<link rel=\"canonical\" href=\"https:\/\/www.alasmedios.com\/index.php\/2026\/03\/12\/apan-prestamos-gota-a-gota-y-trata-de-personas\/\" \/>\r\n<meta property=\"og:locale\" content=\"es_MX\" \/>\r\n<meta property=\"og:type\" content=\"article\" \/>\r\n<meta property=\"og:title\" content=\"Alertan en Apan sobre pr\u00e9stamos \u201cgota a gota\u201d y trata de personas durante jornada de prevenci\u00f3n\" \/>\r\n<meta property=\"og:description\" content=\"En la Jornada de Prevenci\u00f3n de Delitos \u201cGota a Gota\u201d y Trata de Personas, realizada en Apan, dieron puntos clave para prevenir y denunciar\" \/>\r\n<meta property=\"og:url\" content=\"https:\/\/www.alasmedios.com\/index.php\/2026\/03\/12\/apan-prestamos-gota-a-gota-y-trata-de-personas\/\" \/>\r\n<meta property=\"og:site_name\" content=\"Alas Medios\" \/>\r\n<meta property=\"article:published_time\" content=\"2026-03-12T15:26:49+00:00\" \/>\r\n<meta property=\"article:modified_time\" content=\"2026-03-12T16:45:36+00:00\" \/>\r\n<meta property=\"og:image\" content=\"https:\/\/www.alasmedios.com\/wp-content\/uploads\/2026\/03\/Prevencion-de-Delitos-Gota-a-Gota-y-Trata-de-Personas.jpg\" \/>\r\n\t<meta property=\"og:image:width\" content=\"2048\" \/>\r\n\t<meta property=\"og:image:height\" content=\"1152\" \/>\r\n\t<meta property=\"og:image:type\" content=\"image\/jpeg\" \/>\r\n<meta name=\"author\" content=\"Keila Rodr\u00edguez Pe\u00f1a\" \/>\r\n<meta name=\"twitter:card\" content=\"summary_large_image\" \/>\r\n<meta name=\"twitter:label1\" content=\"Escrito por\" \/>\n\t<meta name=\"twitter:data1\" content=\"Keila Rodr\u00edguez Pe\u00f1a\" \/>\n\t<meta name=\"twitter:label2\" content=\"Tiempo de lectura\" \/>\n\t<meta name=\"twitter:data2\" content=\"2 minutos\" \/>\r\n<script type=\"application\/ld+json\" class=\"yoast-schema-graph\">{\"@context\":\"https:\\\/\\\/schema.org\",\"@graph\":[{\"@type\":\"Article\",\"@id\":\"https:\\\/\\\/www.alasmedios.com\\\/index.php\\\/2026\\\/03\\\/12\\\/apan-prestamos-gota-a-gota-y-trata-de-personas\\\/#article\",\"isPartOf\":{\"@id\":\"https:\\\/\\\/www.alasmedios.com\\\/index.php\\\/2026\\\/03\\\/12\\\/apan-prestamos-gota-a-gota-y-trata-de-personas\\\/\"},\"author\":{\"name\":\"Keila Rodr\u00edguez Pe\u00f1a\",\"@id\":\"https:\\\/\\\/www.alasmedios.com\\\/#\\\/schema\\\/person\\\/0ba31bdd19a05ebf5c7fef1fedf99c34\"},\"headline\":\"Alertan en Apan sobre pr\u00e9stamos \u201cgota a gota\u201d y trata de personas durante jornada de prevenci\u00f3n\",\"datePublished\":\"2026-03-12T15:26:49+00:00\",\"dateModified\":\"2026-03-12T16:45:36+00:00\",\"mainEntityOfPage\":{\"@id\":\"https:\\\/\\\/www.alasmedios.com\\\/index.php\\\/2026\\\/03\\\/12\\\/apan-prestamos-gota-a-gota-y-trata-de-personas\\\/\"},\"wordCount\":360,\"commentCount\":0,\"publisher\":{\"@id\":\"https:\\\/\\\/www.alasmedios.com\\\/#organization\"},\"image\":{\"@id\":\"https:\\\/\\\/www.alasmedios.com\\\/index.php\\\/2026\\\/03\\\/12\\\/apan-prestamos-gota-a-gota-y-trata-de-personas\\\/#primaryimage\"},\"thumbnailUrl\":\"https:\\\/\\\/www.alasmedios.com\\\/wp-content\\\/uploads\\\/2026\\\/03\\\/Prevencion-de-Delitos-Gota-a-Gota-y-Trata-de-Personas.jpg\",\"keywords\":[\"Apan\",\"econom\u00eda\",\"prestamos Gota a Gota\",\"Trata de personas\"],\"articleSection\":[\"Hidalgo\"],\"inLanguage\":\"es\",\"potentialAction\":[{\"@type\":\"CommentAction\",\"name\":\"Comment\",\"target\":[\"https:\\\/\\\/www.alasmedios.com\\\/index.php\\\/2026\\\/03\\\/12\\\/apan-prestamos-gota-a-gota-y-trata-de-personas\\\/#respond\"]}]},{\"@type\":\"WebPage\",\"@id\":\"https:\\\/\\\/www.alasmedios.com\\\/index.php\\\/2026\\\/03\\\/12\\\/apan-prestamos-gota-a-gota-y-trata-de-personas\\\/\",\"url\":\"https:\\\/\\\/www.alasmedios.com\\\/index.php\\\/2026\\\/03\\\/12\\\/apan-prestamos-gota-a-gota-y-trata-de-personas\\\/\",\"name\":\"Alertan en Apan sobre pr\u00e9stamos \u201cgota a gota\u201d y trata de personas durante jornada de prevenci\u00f3n\",\"isPartOf\":{\"@id\":\"https:\\\/\\\/www.alasmedios.com\\\/#website\"},\"primaryImageOfPage\":{\"@id\":\"https:\\\/\\\/www.alasmedios.com\\\/index.php\\\/2026\\\/03\\\/12\\\/apan-prestamos-gota-a-gota-y-trata-de-personas\\\/#primaryimage\"},\"image\":{\"@id\":\"https:\\\/\\\/www.alasmedios.com\\\/index.php\\\/2026\\\/03\\\/12\\\/apan-prestamos-gota-a-gota-y-trata-de-personas\\\/#primaryimage\"},\"thumbnailUrl\":\"https:\\\/\\\/www.alasmedios.com\\\/wp-content\\\/uploads\\\/2026\\\/03\\\/Prevencion-de-Delitos-Gota-a-Gota-y-Trata-de-Personas.jpg\",\"datePublished\":\"2026-03-12T15:26:49+00:00\",\"dateModified\":\"2026-03-12T16:45:36+00:00\",\"description\":\"En la Jornada de Prevenci\u00f3n de Delitos \u201cGota a Gota\u201d y Trata de Personas, realizada en Apan, dieron puntos clave para prevenir y denunciar\",\"breadcrumb\":{\"@id\":\"https:\\\/\\\/www.alasmedios.com\\\/index.php\\\/2026\\\/03\\\/12\\\/apan-prestamos-gota-a-gota-y-trata-de-personas\\\/#breadcrumb\"},\"inLanguage\":\"es\",\"potentialAction\":[{\"@type\":\"ReadAction\",\"target\":[\"https:\\\/\\\/www.alasmedios.com\\\/index.php\\\/2026\\\/03\\\/12\\\/apan-prestamos-gota-a-gota-y-trata-de-personas\\\/\"]}]},{\"@type\":\"ImageObject\",\"inLanguage\":\"es\",\"@id\":\"https:\\\/\\\/www.alasmedios.com\\\/index.php\\\/2026\\\/03\\\/12\\\/apan-prestamos-gota-a-gota-y-trata-de-personas\\\/#primaryimage\",\"url\":\"https:\\\/\\\/www.alasmedios.com\\\/wp-content\\\/uploads\\\/2026\\\/03\\\/Prevencion-de-Delitos-Gota-a-Gota-y-Trata-de-Personas.jpg\",\"contentUrl\":\"https:\\\/\\\/www.alasmedios.com\\\/wp-content\\\/uploads\\\/2026\\\/03\\\/Prevencion-de-Delitos-Gota-a-Gota-y-Trata-de-Personas.jpg\",\"width\":2048,\"height\":1152},{\"@type\":\"BreadcrumbList\",\"@id\":\"https:\\\/\\\/www.alasmedios.com\\\/index.php\\\/2026\\\/03\\\/12\\\/apan-prestamos-gota-a-gota-y-trata-de-personas\\\/#breadcrumb\",\"itemListElement\":[{\"@type\":\"ListItem\",\"position\":1,\"name\":\"Inicio\",\"item\":\"https:\\\/\\\/www.alasmedios.com\\\/\"},{\"@type\":\"ListItem\",\"position\":2,\"name\":\"Alertan en Apan sobre pr\u00e9stamos \u201cgota a gota\u201d y trata de personas durante jornada de prevenci\u00f3n\"}]},{\"@type\":\"WebSite\",\"@id\":\"https:\\\/\\\/www.alasmedios.com\\\/#website\",\"url\":\"https:\\\/\\\/www.alasmedios.com\\\/\",\"name\":\"Alas Medios\",\"description\":\"Alas para pensar, Alas para volar, Alas de libertad\",\"publisher\":{\"@id\":\"https:\\\/\\\/www.alasmedios.com\\\/#organization\"},\"potentialAction\":[{\"@type\":\"SearchAction\",\"target\":{\"@type\":\"EntryPoint\",\"urlTemplate\":\"https:\\\/\\\/www.alasmedios.com\\\/?s={search_term_string}\"},\"query-input\":{\"@type\":\"PropertyValueSpecification\",\"valueRequired\":true,\"valueName\":\"search_term_string\"}}],\"inLanguage\":\"es\"},{\"@type\":\"Organization\",\"@id\":\"https:\\\/\\\/www.alasmedios.com\\\/#organization\",\"name\":\"Alas Medios\",\"url\":\"https:\\\/\\\/www.alasmedios.com\\\/\",\"logo\":{\"@type\":\"ImageObject\",\"inLanguage\":\"es\",\"@id\":\"https:\\\/\\\/www.alasmedios.com\\\/#\\\/schema\\\/logo\\\/image\\\/\",\"url\":\"https:\\\/\\\/www.alasmedios.com\\\/wp-content\\\/uploads\\\/2026\\\/01\\\/cropped-cropped-GAM-1.png\",\"contentUrl\":\"https:\\\/\\\/www.alasmedios.com\\\/wp-content\\\/uploads\\\/2026\\\/01\\\/cropped-cropped-GAM-1.png\",\"width\":467,\"height\":235,\"caption\":\"Alas Medios\"},\"image\":{\"@id\":\"https:\\\/\\\/www.alasmedios.com\\\/#\\\/schema\\\/logo\\\/image\\\/\"}},{\"@type\":\"Person\",\"@id\":\"https:\\\/\\\/www.alasmedios.com\\\/#\\\/schema\\\/person\\\/0ba31bdd19a05ebf5c7fef1fedf99c34\",\"name\":\"Keila Rodr\u00edguez Pe\u00f1a\",\"image\":{\"@type\":\"ImageObject\",\"inLanguage\":\"es\",\"@id\":\"https:\\\/\\\/secure.gravatar.com\\\/avatar\\\/a2553a2bfaa601b9d539b617c8793e151bdffb60f9e48a249912f86d4c9ebeef?s=96&d=mm&r=g\",\"url\":\"https:\\\/\\\/secure.gravatar.com\\\/avatar\\\/a2553a2bfaa601b9d539b617c8793e151bdffb60f9e48a249912f86d4c9ebeef?s=96&d=mm&r=g\",\"contentUrl\":\"https:\\\/\\\/secure.gravatar.com\\\/avatar\\\/a2553a2bfaa601b9d539b617c8793e151bdffb60f9e48a249912f86d4c9ebeef?s=96&d=mm&r=g\",\"caption\":\"Keila Rodr\u00edguez Pe\u00f1a\"},\"sameAs\":[\"http:\\\/\\\/www.alasmedios.com\"],\"url\":\"https:\\\/\\\/www.alasmedios.com\\\/index.php\\\/author\\\/keila\\\/\"}]}<\/script>\r\n<!-- \/ Yoast SEO plugin. -->","yoast_head_json":{"title":"Alertan en Apan sobre pr\u00e9stamos \u201cgota a gota\u201d y trata de personas durante jornada de prevenci\u00f3n","description":"En la Jornada de Prevenci\u00f3n de Delitos \u201cGota a Gota\u201d y Trata de Personas, realizada en Apan, dieron puntos clave para prevenir y denunciar","robots":{"index":"index","follow":"follow","max-snippet":"max-snippet:-1","max-image-preview":"max-image-preview:large","max-video-preview":"max-video-preview:-1"},"canonical":"https:\/\/www.alasmedios.com\/index.php\/2026\/03\/12\/apan-prestamos-gota-a-gota-y-trata-de-personas\/","og_locale":"es_MX","og_type":"article","og_title":"Alertan en Apan sobre pr\u00e9stamos \u201cgota a gota\u201d y trata de personas durante jornada de prevenci\u00f3n","og_description":"En la Jornada de Prevenci\u00f3n de Delitos \u201cGota a Gota\u201d y Trata de Personas, realizada en Apan, dieron puntos clave para prevenir y denunciar","og_url":"https:\/\/www.alasmedios.com\/index.php\/2026\/03\/12\/apan-prestamos-gota-a-gota-y-trata-de-personas\/","og_site_name":"Alas Medios","article_published_time":"2026-03-12T15:26:49+00:00","article_modified_time":"2026-03-12T16:45:36+00:00","og_image":[{"width":2048,"height":1152,"url":"https:\/\/www.alasmedios.com\/wp-content\/uploads\/2026\/03\/Prevencion-de-Delitos-Gota-a-Gota-y-Trata-de-Personas.jpg","type":"image\/jpeg"}],"author":"Keila Rodr\u00edguez Pe\u00f1a","twitter_card":"summary_large_image","twitter_misc":{"Escrito por":"Keila Rodr\u00edguez Pe\u00f1a","Tiempo de lectura":"2 minutos"},"schema":{"@context":"https:\/\/schema.org","@graph":[{"@type":"Article","@id":"https:\/\/www.alasmedios.com\/index.php\/2026\/03\/12\/apan-prestamos-gota-a-gota-y-trata-de-personas\/#article","isPartOf":{"@id":"https:\/\/www.alasmedios.com\/index.php\/2026\/03\/12\/apan-prestamos-gota-a-gota-y-trata-de-personas\/"},"author":{"name":"Keila Rodr\u00edguez Pe\u00f1a","@id":"https:\/\/www.alasmedios.com\/#\/schema\/person\/0ba31bdd19a05ebf5c7fef1fedf99c34"},"headline":"Alertan en Apan sobre pr\u00e9stamos \u201cgota a gota\u201d y trata de personas durante jornada de prevenci\u00f3n","datePublished":"2026-03-12T15:26:49+00:00","dateModified":"2026-03-12T16:45:36+00:00","mainEntityOfPage":{"@id":"https:\/\/www.alasmedios.com\/index.php\/2026\/03\/12\/apan-prestamos-gota-a-gota-y-trata-de-personas\/"},"wordCount":360,"commentCount":0,"publisher":{"@id":"https:\/\/www.alasmedios.com\/#organization"},"image":{"@id":"https:\/\/www.alasmedios.com\/index.php\/2026\/03\/12\/apan-prestamos-gota-a-gota-y-trata-de-personas\/#primaryimage"},"thumbnailUrl":"https:\/\/www.alasmedios.com\/wp-content\/uploads\/2026\/03\/Prevencion-de-Delitos-Gota-a-Gota-y-Trata-de-Personas.jpg","keywords":["Apan","econom\u00eda","prestamos Gota a Gota","Trata de personas"],"articleSection":["Hidalgo"],"inLanguage":"es","potentialAction":[{"@type":"CommentAction","name":"Comment","target":["https:\/\/www.alasmedios.com\/index.php\/2026\/03\/12\/apan-prestamos-gota-a-gota-y-trata-de-personas\/#respond"]}]},{"@type":"WebPage","@id":"https:\/\/www.alasmedios.com\/index.php\/2026\/03\/12\/apan-prestamos-gota-a-gota-y-trata-de-personas\/","url":"https:\/\/www.alasmedios.com\/index.php\/2026\/03\/12\/apan-prestamos-gota-a-gota-y-trata-de-personas\/","name":"Alertan en Apan sobre pr\u00e9stamos \u201cgota a gota\u201d y trata de personas durante jornada de prevenci\u00f3n","isPartOf":{"@id":"https:\/\/www.alasmedios.com\/#website"},"primaryImageOfPage":{"@id":"https:\/\/www.alasmedios.com\/index.php\/2026\/03\/12\/apan-prestamos-gota-a-gota-y-trata-de-personas\/#primaryimage"},"image":{"@id":"https:\/\/www.alasmedios.com\/index.php\/2026\/03\/12\/apan-prestamos-gota-a-gota-y-trata-de-personas\/#primaryimage"},"thumbnailUrl":"https:\/\/www.alasmedios.com\/wp-content\/uploads\/2026\/03\/Prevencion-de-Delitos-Gota-a-Gota-y-Trata-de-Personas.jpg","datePublished":"2026-03-12T15:26:49+00:00","dateModified":"2026-03-12T16:45:36+00:00","description":"En la Jornada de Prevenci\u00f3n de Delitos \u201cGota a Gota\u201d y Trata de Personas, realizada en Apan, dieron puntos clave para prevenir y denunciar","breadcrumb":{"@id":"https:\/\/www.alasmedios.com\/index.php\/2026\/03\/12\/apan-prestamos-gota-a-gota-y-trata-de-personas\/#breadcrumb"},"inLanguage":"es","potentialAction":[{"@type":"ReadAction","target":["https:\/\/www.alasmedios.com\/index.php\/2026\/03\/12\/apan-prestamos-gota-a-gota-y-trata-de-personas\/"]}]},{"@type":"ImageObject","inLanguage":"es","@id":"https:\/\/www.alasmedios.com\/index.php\/2026\/03\/12\/apan-prestamos-gota-a-gota-y-trata-de-personas\/#primaryimage","url":"https:\/\/www.alasmedios.com\/wp-content\/uploads\/2026\/03\/Prevencion-de-Delitos-Gota-a-Gota-y-Trata-de-Personas.jpg","contentUrl":"https:\/\/www.alasmedios.com\/wp-content\/uploads\/2026\/03\/Prevencion-de-Delitos-Gota-a-Gota-y-Trata-de-Personas.jpg","width":2048,"height":1152},{"@type":"BreadcrumbList","@id":"https:\/\/www.alasmedios.com\/index.php\/2026\/03\/12\/apan-prestamos-gota-a-gota-y-trata-de-personas\/#breadcrumb","itemListElement":[{"@type":"ListItem","position":1,"name":"Inicio","item":"https:\/\/www.alasmedios.com\/"},{"@type":"ListItem","position":2,"name":"Alertan en Apan sobre pr\u00e9stamos \u201cgota a gota\u201d y trata de personas durante jornada de prevenci\u00f3n"}]},{"@type":"WebSite","@id":"https:\/\/www.alasmedios.com\/#website","url":"https:\/\/www.alasmedios.com\/","name":"Alas Medios","description":"Alas para pensar, Alas para volar, Alas de libertad","publisher":{"@id":"https:\/\/www.alasmedios.com\/#organization"},"potentialAction":[{"@type":"SearchAction","target":{"@type":"EntryPoint","urlTemplate":"https:\/\/www.alasmedios.com\/?s={search_term_string}"},"query-input":{"@type":"PropertyValueSpecification","valueRequired":true,"valueName":"search_term_string"}}],"inLanguage":"es"},{"@type":"Organization","@id":"https:\/\/www.alasmedios.com\/#organization","name":"Alas Medios","url":"https:\/\/www.alasmedios.com\/","logo":{"@type":"ImageObject","inLanguage":"es","@id":"https:\/\/www.alasmedios.com\/#\/schema\/logo\/image\/","url":"https:\/\/www.alasmedios.com\/wp-content\/uploads\/2026\/01\/cropped-cropped-GAM-1.png","contentUrl":"https:\/\/www.alasmedios.com\/wp-content\/uploads\/2026\/01\/cropped-cropped-GAM-1.png","width":467,"height":235,"caption":"Alas Medios"},"image":{"@id":"https:\/\/www.alasmedios.com\/#\/schema\/logo\/image\/"}},{"@type":"Person","@id":"https:\/\/www.alasmedios.com\/#\/schema\/person\/0ba31bdd19a05ebf5c7fef1fedf99c34","name":"Keila Rodr\u00edguez Pe\u00f1a","image":{"@type":"ImageObject","inLanguage":"es","@id":"https:\/\/secure.gravatar.com\/avatar\/a2553a2bfaa601b9d539b617c8793e151bdffb60f9e48a249912f86d4c9ebeef?s=96&d=mm&r=g","url":"https:\/\/secure.gravatar.com\/avatar\/a2553a2bfaa601b9d539b617c8793e151bdffb60f9e48a249912f86d4c9ebeef?s=96&d=mm&r=g","contentUrl":"https:\/\/secure.gravatar.com\/avatar\/a2553a2bfaa601b9d539b617c8793e151bdffb60f9e48a249912f86d4c9ebeef?s=96&d=mm&r=g","caption":"Keila Rodr\u00edguez Pe\u00f1a"},"sameAs":["http:\/\/www.alasmedios.com"],"url":"https:\/\/www.alasmedios.com\/index.php\/author\/keila\/"}]}},"_links":{"self":[{"href":"https:\/\/www.alasmedios.com\/index.php\/wp-json\/wp\/v2\/posts\/8196","targetHints":{"allow":["GET"]}}],"collection":[{"href":"https:\/\/www.alasmedios.com\/index.php\/wp-json\/wp\/v2\/posts"}],"about":[{"href":"https:\/\/www.alasmedios.com\/index.php\/wp-json\/wp\/v2\/types\/post"}],"author":[{"embeddable":true,"href":"https:\/\/www.alasmedios.com\/index.php\/wp-json\/wp\/v2\/users\/4"}],"replies":[{"embeddable":true,"href":"https:\/\/www.alasmedios.com\/index.php\/wp-json\/wp\/v2\/comments?post=8196"}],"version-history":[{"count":1,"href":"https:\/\/www.alasmedios.com\/index.php\/wp-json\/wp\/v2\/posts\/8196\/revisions"}],"predecessor-version":[{"id":8200,"href":"https:\/\/www.alasmedios.com\/index.php\/wp-json\/wp\/v2\/posts\/8196\/revisions\/8200"}],"wp:featuredmedia":[{"embeddable":true,"href":"https:\/\/www.alasmedios.com\/index.php\/wp-json\/wp\/v2\/media\/8199"}],"wp:attachment":[{"href":"https:\/\/www.alasmedios.com\/index.php\/wp-json\/wp\/v2\/media?parent=8196"}],"wp:term":[{"taxonomy":"category","embeddable":true,"href":"https:\/\/www.alasmedios.com\/index.php\/wp-json\/wp\/v2\/categories?post=8196"},{"taxonomy":"post_tag","embeddable":true,"href":"https:\/\/www.alasmedios.com\/index.php\/wp-json\/wp\/v2\/tags?post=8196"}],"curies":[{"name":"wp","href":"https:\/\/api.w.org\/{rel}","templated":true}]}}