{"id":8193,"date":"2026-03-11T16:10:39","date_gmt":"2026-03-11T22:10:39","guid":{"rendered":"https:\/\/www.alasmedios.com\/?p=8193"},"modified":"2026-03-11T16:10:47","modified_gmt":"2026-03-11T22:10:47","slug":"difusion-de-fotos-intimas-en-ixmiquilpan-reaviva-llamado-a-combatir-la-violencia-digital","status":"publish","type":"post","link":"https:\/\/www.alasmedios.com\/index.php\/2026\/03\/11\/difusion-de-fotos-intimas-en-ixmiquilpan-reaviva-llamado-a-combatir-la-violencia-digital\/","title":{"rendered":"Difusi\u00f3n de fotos \u00edntimas en Ixmiquilpan reaviva llamado a combatir la violencia digital"},"content":{"rendered":"\n<p>En <strong>Ixmiquilpan <\/strong>se descubri\u00f3 un<strong> grupo de WhatsApp <\/strong>que comparte <strong>fotograf\u00edas <\/strong>intimas de mujeres <strong>sin su consentimiento<\/strong>, algunos <strong>hombres <\/strong>han sido identificados.<\/p>\n\n\n\n<p>La <strong>difusi\u00f3n de fotograf\u00edas \u00edntimas sin consentimiento<\/strong> volvi\u00f3 a evidenciar la problem\u00e1tica de la <strong>violencia digital contra las mujeres<\/strong> en <strong>Ixmiquilpan<\/strong>, luego de que en redes sociales comenzaran a circular <strong>im\u00e1genes privadas de una mujer<\/strong>, presuntamente compartidas sin su autorizaci\u00f3n.<\/p>\n\n\n\n<p>De acuerdo con reportes difundidos en plataformas digitales, las <strong>fotograf\u00edas \u00edntimas fueron distribuidas en grupos y perfiles de redes sociales<\/strong>, se\u00f1alando a un grupo de WhatsApp, lo que provoc\u00f3 que el material se replicara r\u00e1pidamente entre usuarios de la regi\u00f3n.<\/p>\n\n\n\n<p>CONTIN\u00daA LEYENDO: <a href=\"https:\/\/www.alasmedios.com\/index.php\/2025\/03\/13\/violencia-digital-contra-las-mujeres-desafio-para-la-democracia-e-igualdad\/\" type=\"post\" id=\"3793\">Violencia digital contra las mujeres: desaf\u00edo para la democracia e igualdad<\/a><\/p>\n\n\n\n<p>La situaci\u00f3n gener\u00f3 preocupaci\u00f3n entre habitantes y activistas, quienes se\u00f1alaron que este tipo de conductas constituyen <strong>violencia digital<\/strong>, una forma de agresi\u00f3n reconocida en M\u00e9xico dentro de la <strong>Ley Olimpia<\/strong>, la cual sanciona la <strong>divulgaci\u00f3n, distribuci\u00f3n o publicaci\u00f3n de contenido \u00edntimo sin consentimiento<\/strong>.<\/p>\n\n\n\n<p>Especialistas han advertido que la difusi\u00f3n de este material <strong>vulnera la privacidad, la dignidad y la seguridad de las mujeres<\/strong>, adem\u00e1s de provocar <strong>afectaciones emocionales, sociales y familiares<\/strong> para las v\u00edctimas.<\/p>\n\n\n\n<p>Ante hechos como este, tambi\u00e9n se ha planteado la necesidad de <strong>fortalecer la denuncia y los mecanismos de atenci\u00f3n institucional<\/strong>, para garantizar que los casos sean <strong>investigados y sancionados conforme a la ley<\/strong>.<\/p>\n\n\n\n<p>Juristas han explicado que, aunque existe indignaci\u00f3n social ante estos hechos, <strong>la exhibici\u00f3n p\u00fablica de presuntos responsables sin una resoluci\u00f3n judicial<\/strong> puede entrar en conflicto con el <strong>principio de presunci\u00f3n de inocencia<\/strong>, por lo que recomiendan <strong>canalizar los casos por la v\u00eda legal<\/strong>.<\/p>\n\n\n\n<p>TE PUEDE INTERESAR: <a href=\"https:\/\/www.alasmedios.com\/index.php\/2026\/03\/11\/realizan-feria-interactiva-de-los-derechos-de-las-mujeres-en-pachuca\/\" type=\"post\" id=\"8187\">Realizan Feria Interactiva de los Derechos de las Mujeres en Pachuca<\/a><\/p>\n\n\n\n<p>Al ser cuestionada sobre este tipo de situaciones, la presidenta <strong>Claudia Sheinbaum<\/strong> se\u00f1al\u00f3 que <strong>la violencia digital debe enfrentarse mediante la aplicaci\u00f3n de la ley y el fortalecimiento de las denuncias<\/strong>, con el objetivo de <strong>garantizar justicia para las v\u00edctimas y sanciones para quienes cometen estos delitos<\/strong>.<\/p>\n\n\n<ul class=\"wp-block-latest-posts__list is-grid columns-3 wp-block-latest-posts\"><li><div class=\"wp-block-latest-posts__featured-image\"><img loading=\"lazy\" decoding=\"async\" width=\"150\" height=\"150\" src=\"https:\/\/www.alasmedios.com\/wp-content\/uploads\/2026\/04\/Olimpiada-Nacional-CONADE-2026-Hidalgo-150x150.png\" class=\"attachment-thumbnail size-thumbnail wp-post-image\" alt=\"\" style=\"\" \/><\/div><a class=\"wp-block-latest-posts__post-title\" href=\"https:\/\/www.alasmedios.com\/index.php\/2026\/04\/27\/hidalgo-concluye-con-10-medallas-y-dominio-femenil-en-la-olimpiada-nacional-conade-2026\/\">Hidalgo concluye con 10 medallas y dominio femenil en la Olimpiada Nacional CONADE 2026<\/a><\/li>\n<li><div class=\"wp-block-latest-posts__featured-image\"><img loading=\"lazy\" decoding=\"async\" width=\"150\" height=\"150\" src=\"https:\/\/www.alasmedios.com\/wp-content\/uploads\/2026\/04\/Argentina-decomisan-bienes-Cristina-Kirchner-150x150.png\" class=\"attachment-thumbnail size-thumbnail wp-post-image\" alt=\"\" style=\"\" \/><\/div><a class=\"wp-block-latest-posts__post-title\" href=\"https:\/\/www.alasmedios.com\/index.php\/2026\/04\/25\/caso-vialidad-argentina-ratifica-decomiso-millonario-a-cristina-kirchner\/\">Caso Vialidad: Argentina ratifica decomiso millonario a Cristina Kirchner<\/a><\/li>\n<li><div class=\"wp-block-latest-posts__featured-image\"><img loading=\"lazy\" decoding=\"async\" width=\"150\" height=\"150\" src=\"https:\/\/www.alasmedios.com\/wp-content\/uploads\/2026\/04\/Puebla-desaparecida-Aguascalientes-150x150.jpeg\" class=\"attachment-thumbnail size-thumbnail wp-post-image\" alt=\"\" style=\"\" \/><\/div><a class=\"wp-block-latest-posts__post-title\" href=\"https:\/\/www.alasmedios.com\/index.php\/2026\/04\/25\/localizan-con-vida-en-aguascalientes-a-adolescente-desaparecida-en-puebla\/\">Localizan con vida en Aguascalientes a adolescente desaparecida en Puebla<\/a><\/li>\n<\/ul>","protected":false},"excerpt":{"rendered":"<p>En Ixmiquilpan se descubri\u00f3 un grupo de WhatsApp que comparte fotograf\u00edas intimas de mujeres sin su consentimiento, algunos hombres han<\/p>\n","protected":false},"author":4,"featured_media":8194,"comment_status":"open","ping_status":"open","sticky":false,"template":"","format":"standard","meta":{"colormag_page_container_layout":"default_layout","colormag_page_sidebar_layout":"default_layout","rop_custom_images_group":[],"rop_custom_messages_group":[],"rop_publish_now":"initial","rop_publish_now_accounts":[],"rop_publish_now_history":[],"rop_publish_now_status":"pending","iawp_total_views":13,"footnotes":""},"categories":[41],"tags":[958,630,53,121],"class_list":["post-8193","post","type-post","status-publish","format-standard","has-post-thumbnail","hentry","category-hidalgo","tag-ixmiquilpan","tag-ley-olimpia","tag-mujeres","tag-violencia-de-genero-2"],"magazineBlocksPostFeaturedMedia":{"thumbnail":"https:\/\/www.alasmedios.com\/wp-content\/uploads\/2026\/03\/Ixmiquilpan-fotografias-mujeres-sin-consentimiento-150x150.png","medium":"https:\/\/www.alasmedios.com\/wp-content\/uploads\/2026\/03\/Ixmiquilpan-fotografias-mujeres-sin-consentimiento-300x182.png","medium_large":"https:\/\/www.alasmedios.com\/wp-content\/uploads\/2026\/03\/Ixmiquilpan-fotografias-mujeres-sin-consentimiento-768x466.png","large":"https:\/\/www.alasmedios.com\/wp-content\/uploads\/2026\/03\/Ixmiquilpan-fotografias-mujeres-sin-consentimiento-1024x622.png","1536x1536":"https:\/\/www.alasmedios.com\/wp-content\/uploads\/2026\/03\/Ixmiquilpan-fotografias-mujeres-sin-consentimiento-1536x932.png","2048x2048":"https:\/\/www.alasmedios.com\/wp-content\/uploads\/2026\/03\/Ixmiquilpan-fotografias-mujeres-sin-consentimiento.png","colormag-highlighted-post":"https:\/\/www.alasmedios.com\/wp-content\/uploads\/2026\/03\/Ixmiquilpan-fotografias-mujeres-sin-consentimiento-392x272.png","colormag-featured-post-medium":"https:\/\/www.alasmedios.com\/wp-content\/uploads\/2026\/03\/Ixmiquilpan-fotografias-mujeres-sin-consentimiento-390x205.png","colormag-featured-post-small":"https:\/\/www.alasmedios.com\/wp-content\/uploads\/2026\/03\/Ixmiquilpan-fotografias-mujeres-sin-consentimiento-130x90.png","colormag-featured-image":"https:\/\/www.alasmedios.com\/wp-content\/uploads\/2026\/03\/Ixmiquilpan-fotografias-mujeres-sin-consentimiento-800x445.png","colormag-default-news":"https:\/\/www.alasmedios.com\/wp-content\/uploads\/2026\/03\/Ixmiquilpan-fotografias-mujeres-sin-consentimiento-150x150.png","colormag-featured-image-large":"https:\/\/www.alasmedios.com\/wp-content\/uploads\/2026\/03\/Ixmiquilpan-fotografias-mujeres-sin-consentimiento-1400x600.png"},"magazineBlocksPostAuthor":{"name":"Keila Rodr\u00edguez Pe\u00f1a","avatar":"https:\/\/secure.gravatar.com\/avatar\/a2553a2bfaa601b9d539b617c8793e151bdffb60f9e48a249912f86d4c9ebeef?s=96&d=mm&r=g"},"magazineBlocksPostCommentsNumber":"0","magazineBlocksPostExcerpt":"En Ixmiquilpan se descubri\u00f3 un grupo de WhatsApp que comparte fotograf\u00edas intimas de mujeres sin su consentimiento, algunos hombres han","magazineBlocksPostCategories":["Hidalgo"],"magazineBlocksPostViewCount":33,"magazineBlocksPostReadTime":2,"magazine_blocks_featured_image_url":{"full":["https:\/\/www.alasmedios.com\/wp-content\/uploads\/2026\/03\/Ixmiquilpan-fotografias-mujeres-sin-consentimiento.png",2000,1214,false],"medium":["https:\/\/www.alasmedios.com\/wp-content\/uploads\/2026\/03\/Ixmiquilpan-fotografias-mujeres-sin-consentimiento-300x182.png",300,182,true],"thumbnail":["https:\/\/www.alasmedios.com\/wp-content\/uploads\/2026\/03\/Ixmiquilpan-fotografias-mujeres-sin-consentimiento-150x150.png",150,150,true]},"magazine_blocks_author":{"display_name":"Keila Rodr\u00edguez Pe\u00f1a","author_link":"https:\/\/www.alasmedios.com\/index.php\/author\/keila\/"},"magazine_blocks_comment":0,"magazine_blocks_author_image":"https:\/\/secure.gravatar.com\/avatar\/a2553a2bfaa601b9d539b617c8793e151bdffb60f9e48a249912f86d4c9ebeef?s=96&d=mm&r=g","magazine_blocks_category":"<a href=\"#\" class=\"category-link category-link-41\">Hidalgo<\/a>","yoast_head":"<!-- This site is optimized with the Yoast SEO plugin v27.4 - https:\/\/yoast.com\/product\/yoast-seo-wordpress\/ -->\r\n<title>Difusi\u00f3n de fotos \u00edntimas en Ixmiquilpan reaviva llamado a combatir la violencia digital<\/title>\r\n<meta name=\"description\" content=\"En Ixmiquilpan se descubri\u00f3 un grupo de WhatsApp que comparte fotograf\u00edas intimas de mujeres sin su consentimiento\" \/>\r\n<meta name=\"robots\" content=\"index, follow, max-snippet:-1, max-image-preview:large, max-video-preview:-1\" \/>\r\n<link rel=\"canonical\" href=\"https:\/\/www.alasmedios.com\/index.php\/2026\/03\/11\/difusion-de-fotos-intimas-en-ixmiquilpan-reaviva-llamado-a-combatir-la-violencia-digital\/\" \/>\r\n<meta property=\"og:locale\" content=\"es_MX\" \/>\r\n<meta property=\"og:type\" content=\"article\" \/>\r\n<meta property=\"og:title\" content=\"Difusi\u00f3n de fotos \u00edntimas en Ixmiquilpan reaviva llamado a combatir la violencia digital\" \/>\r\n<meta property=\"og:description\" content=\"En Ixmiquilpan se descubri\u00f3 un grupo de WhatsApp que comparte fotograf\u00edas intimas de mujeres sin su consentimiento\" \/>\r\n<meta property=\"og:url\" content=\"https:\/\/www.alasmedios.com\/index.php\/2026\/03\/11\/difusion-de-fotos-intimas-en-ixmiquilpan-reaviva-llamado-a-combatir-la-violencia-digital\/\" \/>\r\n<meta property=\"og:site_name\" content=\"Alas Medios\" \/>\r\n<meta property=\"article:published_time\" content=\"2026-03-11T22:10:39+00:00\" \/>\r\n<meta property=\"article:modified_time\" content=\"2026-03-11T22:10:47+00:00\" \/>\r\n<meta property=\"og:image\" content=\"https:\/\/www.alasmedios.com\/wp-content\/uploads\/2026\/03\/Ixmiquilpan-fotografias-mujeres-sin-consentimiento.png\" \/>\r\n\t<meta property=\"og:image:width\" content=\"2000\" \/>\r\n\t<meta property=\"og:image:height\" content=\"1214\" \/>\r\n\t<meta property=\"og:image:type\" content=\"image\/png\" \/>\r\n<meta name=\"author\" content=\"Keila Rodr\u00edguez Pe\u00f1a\" \/>\r\n<meta name=\"twitter:card\" content=\"summary_large_image\" \/>\r\n<meta name=\"twitter:label1\" content=\"Escrito por\" \/>\n\t<meta name=\"twitter:data1\" content=\"Keila Rodr\u00edguez Pe\u00f1a\" \/>\n\t<meta name=\"twitter:label2\" content=\"Tiempo de lectura\" \/>\n\t<meta name=\"twitter:data2\" content=\"2 minutos\" \/>\r\n<script type=\"application\/ld+json\" class=\"yoast-schema-graph\">{\"@context\":\"https:\\\/\\\/schema.org\",\"@graph\":[{\"@type\":\"Article\",\"@id\":\"https:\\\/\\\/www.alasmedios.com\\\/index.php\\\/2026\\\/03\\\/11\\\/difusion-de-fotos-intimas-en-ixmiquilpan-reaviva-llamado-a-combatir-la-violencia-digital\\\/#article\",\"isPartOf\":{\"@id\":\"https:\\\/\\\/www.alasmedios.com\\\/index.php\\\/2026\\\/03\\\/11\\\/difusion-de-fotos-intimas-en-ixmiquilpan-reaviva-llamado-a-combatir-la-violencia-digital\\\/\"},\"author\":{\"name\":\"Keila Rodr\u00edguez Pe\u00f1a\",\"@id\":\"https:\\\/\\\/www.alasmedios.com\\\/#\\\/schema\\\/person\\\/0ba31bdd19a05ebf5c7fef1fedf99c34\"},\"headline\":\"Difusi\u00f3n de fotos \u00edntimas en Ixmiquilpan reaviva llamado a combatir la violencia digital\",\"datePublished\":\"2026-03-11T22:10:39+00:00\",\"dateModified\":\"2026-03-11T22:10:47+00:00\",\"mainEntityOfPage\":{\"@id\":\"https:\\\/\\\/www.alasmedios.com\\\/index.php\\\/2026\\\/03\\\/11\\\/difusion-de-fotos-intimas-en-ixmiquilpan-reaviva-llamado-a-combatir-la-violencia-digital\\\/\"},\"wordCount\":374,\"commentCount\":0,\"publisher\":{\"@id\":\"https:\\\/\\\/www.alasmedios.com\\\/#organization\"},\"image\":{\"@id\":\"https:\\\/\\\/www.alasmedios.com\\\/index.php\\\/2026\\\/03\\\/11\\\/difusion-de-fotos-intimas-en-ixmiquilpan-reaviva-llamado-a-combatir-la-violencia-digital\\\/#primaryimage\"},\"thumbnailUrl\":\"https:\\\/\\\/www.alasmedios.com\\\/wp-content\\\/uploads\\\/2026\\\/03\\\/Ixmiquilpan-fotografias-mujeres-sin-consentimiento.png\",\"keywords\":[\"Ixmiquilpan\",\"Ley Olimpia\",\"Mujeres\",\"violencia de g\u00e9nero\"],\"articleSection\":[\"Hidalgo\"],\"inLanguage\":\"es\",\"potentialAction\":[{\"@type\":\"CommentAction\",\"name\":\"Comment\",\"target\":[\"https:\\\/\\\/www.alasmedios.com\\\/index.php\\\/2026\\\/03\\\/11\\\/difusion-de-fotos-intimas-en-ixmiquilpan-reaviva-llamado-a-combatir-la-violencia-digital\\\/#respond\"]}]},{\"@type\":\"WebPage\",\"@id\":\"https:\\\/\\\/www.alasmedios.com\\\/index.php\\\/2026\\\/03\\\/11\\\/difusion-de-fotos-intimas-en-ixmiquilpan-reaviva-llamado-a-combatir-la-violencia-digital\\\/\",\"url\":\"https:\\\/\\\/www.alasmedios.com\\\/index.php\\\/2026\\\/03\\\/11\\\/difusion-de-fotos-intimas-en-ixmiquilpan-reaviva-llamado-a-combatir-la-violencia-digital\\\/\",\"name\":\"Difusi\u00f3n de fotos \u00edntimas en Ixmiquilpan reaviva llamado a combatir la violencia digital\",\"isPartOf\":{\"@id\":\"https:\\\/\\\/www.alasmedios.com\\\/#website\"},\"primaryImageOfPage\":{\"@id\":\"https:\\\/\\\/www.alasmedios.com\\\/index.php\\\/2026\\\/03\\\/11\\\/difusion-de-fotos-intimas-en-ixmiquilpan-reaviva-llamado-a-combatir-la-violencia-digital\\\/#primaryimage\"},\"image\":{\"@id\":\"https:\\\/\\\/www.alasmedios.com\\\/index.php\\\/2026\\\/03\\\/11\\\/difusion-de-fotos-intimas-en-ixmiquilpan-reaviva-llamado-a-combatir-la-violencia-digital\\\/#primaryimage\"},\"thumbnailUrl\":\"https:\\\/\\\/www.alasmedios.com\\\/wp-content\\\/uploads\\\/2026\\\/03\\\/Ixmiquilpan-fotografias-mujeres-sin-consentimiento.png\",\"datePublished\":\"2026-03-11T22:10:39+00:00\",\"dateModified\":\"2026-03-11T22:10:47+00:00\",\"description\":\"En Ixmiquilpan se descubri\u00f3 un grupo de WhatsApp que comparte fotograf\u00edas intimas de mujeres sin su consentimiento\",\"breadcrumb\":{\"@id\":\"https:\\\/\\\/www.alasmedios.com\\\/index.php\\\/2026\\\/03\\\/11\\\/difusion-de-fotos-intimas-en-ixmiquilpan-reaviva-llamado-a-combatir-la-violencia-digital\\\/#breadcrumb\"},\"inLanguage\":\"es\",\"potentialAction\":[{\"@type\":\"ReadAction\",\"target\":[\"https:\\\/\\\/www.alasmedios.com\\\/index.php\\\/2026\\\/03\\\/11\\\/difusion-de-fotos-intimas-en-ixmiquilpan-reaviva-llamado-a-combatir-la-violencia-digital\\\/\"]}]},{\"@type\":\"ImageObject\",\"inLanguage\":\"es\",\"@id\":\"https:\\\/\\\/www.alasmedios.com\\\/index.php\\\/2026\\\/03\\\/11\\\/difusion-de-fotos-intimas-en-ixmiquilpan-reaviva-llamado-a-combatir-la-violencia-digital\\\/#primaryimage\",\"url\":\"https:\\\/\\\/www.alasmedios.com\\\/wp-content\\\/uploads\\\/2026\\\/03\\\/Ixmiquilpan-fotografias-mujeres-sin-consentimiento.png\",\"contentUrl\":\"https:\\\/\\\/www.alasmedios.com\\\/wp-content\\\/uploads\\\/2026\\\/03\\\/Ixmiquilpan-fotografias-mujeres-sin-consentimiento.png\",\"width\":2000,\"height\":1214},{\"@type\":\"BreadcrumbList\",\"@id\":\"https:\\\/\\\/www.alasmedios.com\\\/index.php\\\/2026\\\/03\\\/11\\\/difusion-de-fotos-intimas-en-ixmiquilpan-reaviva-llamado-a-combatir-la-violencia-digital\\\/#breadcrumb\",\"itemListElement\":[{\"@type\":\"ListItem\",\"position\":1,\"name\":\"Inicio\",\"item\":\"https:\\\/\\\/www.alasmedios.com\\\/\"},{\"@type\":\"ListItem\",\"position\":2,\"name\":\"Difusi\u00f3n de fotos \u00edntimas en Ixmiquilpan reaviva llamado a combatir la violencia digital\"}]},{\"@type\":\"WebSite\",\"@id\":\"https:\\\/\\\/www.alasmedios.com\\\/#website\",\"url\":\"https:\\\/\\\/www.alasmedios.com\\\/\",\"name\":\"Alas Medios\",\"description\":\"Alas para pensar, Alas para volar, Alas de libertad\",\"publisher\":{\"@id\":\"https:\\\/\\\/www.alasmedios.com\\\/#organization\"},\"potentialAction\":[{\"@type\":\"SearchAction\",\"target\":{\"@type\":\"EntryPoint\",\"urlTemplate\":\"https:\\\/\\\/www.alasmedios.com\\\/?s={search_term_string}\"},\"query-input\":{\"@type\":\"PropertyValueSpecification\",\"valueRequired\":true,\"valueName\":\"search_term_string\"}}],\"inLanguage\":\"es\"},{\"@type\":\"Organization\",\"@id\":\"https:\\\/\\\/www.alasmedios.com\\\/#organization\",\"name\":\"Alas Medios\",\"url\":\"https:\\\/\\\/www.alasmedios.com\\\/\",\"logo\":{\"@type\":\"ImageObject\",\"inLanguage\":\"es\",\"@id\":\"https:\\\/\\\/www.alasmedios.com\\\/#\\\/schema\\\/logo\\\/image\\\/\",\"url\":\"https:\\\/\\\/www.alasmedios.com\\\/wp-content\\\/uploads\\\/2026\\\/01\\\/cropped-cropped-GAM-1.png\",\"contentUrl\":\"https:\\\/\\\/www.alasmedios.com\\\/wp-content\\\/uploads\\\/2026\\\/01\\\/cropped-cropped-GAM-1.png\",\"width\":467,\"height\":235,\"caption\":\"Alas Medios\"},\"image\":{\"@id\":\"https:\\\/\\\/www.alasmedios.com\\\/#\\\/schema\\\/logo\\\/image\\\/\"}},{\"@type\":\"Person\",\"@id\":\"https:\\\/\\\/www.alasmedios.com\\\/#\\\/schema\\\/person\\\/0ba31bdd19a05ebf5c7fef1fedf99c34\",\"name\":\"Keila Rodr\u00edguez Pe\u00f1a\",\"image\":{\"@type\":\"ImageObject\",\"inLanguage\":\"es\",\"@id\":\"https:\\\/\\\/secure.gravatar.com\\\/avatar\\\/a2553a2bfaa601b9d539b617c8793e151bdffb60f9e48a249912f86d4c9ebeef?s=96&d=mm&r=g\",\"url\":\"https:\\\/\\\/secure.gravatar.com\\\/avatar\\\/a2553a2bfaa601b9d539b617c8793e151bdffb60f9e48a249912f86d4c9ebeef?s=96&d=mm&r=g\",\"contentUrl\":\"https:\\\/\\\/secure.gravatar.com\\\/avatar\\\/a2553a2bfaa601b9d539b617c8793e151bdffb60f9e48a249912f86d4c9ebeef?s=96&d=mm&r=g\",\"caption\":\"Keila Rodr\u00edguez Pe\u00f1a\"},\"sameAs\":[\"http:\\\/\\\/www.alasmedios.com\"],\"url\":\"https:\\\/\\\/www.alasmedios.com\\\/index.php\\\/author\\\/keila\\\/\"}]}<\/script>\r\n<!-- \/ Yoast SEO plugin. -->","yoast_head_json":{"title":"Difusi\u00f3n de fotos \u00edntimas en Ixmiquilpan reaviva llamado a combatir la violencia digital","description":"En Ixmiquilpan se descubri\u00f3 un grupo de WhatsApp que comparte fotograf\u00edas intimas de mujeres sin su consentimiento","robots":{"index":"index","follow":"follow","max-snippet":"max-snippet:-1","max-image-preview":"max-image-preview:large","max-video-preview":"max-video-preview:-1"},"canonical":"https:\/\/www.alasmedios.com\/index.php\/2026\/03\/11\/difusion-de-fotos-intimas-en-ixmiquilpan-reaviva-llamado-a-combatir-la-violencia-digital\/","og_locale":"es_MX","og_type":"article","og_title":"Difusi\u00f3n de fotos \u00edntimas en Ixmiquilpan reaviva llamado a combatir la violencia digital","og_description":"En Ixmiquilpan se descubri\u00f3 un grupo de WhatsApp que comparte fotograf\u00edas intimas de mujeres sin su consentimiento","og_url":"https:\/\/www.alasmedios.com\/index.php\/2026\/03\/11\/difusion-de-fotos-intimas-en-ixmiquilpan-reaviva-llamado-a-combatir-la-violencia-digital\/","og_site_name":"Alas Medios","article_published_time":"2026-03-11T22:10:39+00:00","article_modified_time":"2026-03-11T22:10:47+00:00","og_image":[{"width":2000,"height":1214,"url":"https:\/\/www.alasmedios.com\/wp-content\/uploads\/2026\/03\/Ixmiquilpan-fotografias-mujeres-sin-consentimiento.png","type":"image\/png"}],"author":"Keila Rodr\u00edguez Pe\u00f1a","twitter_card":"summary_large_image","twitter_misc":{"Escrito por":"Keila Rodr\u00edguez Pe\u00f1a","Tiempo de lectura":"2 minutos"},"schema":{"@context":"https:\/\/schema.org","@graph":[{"@type":"Article","@id":"https:\/\/www.alasmedios.com\/index.php\/2026\/03\/11\/difusion-de-fotos-intimas-en-ixmiquilpan-reaviva-llamado-a-combatir-la-violencia-digital\/#article","isPartOf":{"@id":"https:\/\/www.alasmedios.com\/index.php\/2026\/03\/11\/difusion-de-fotos-intimas-en-ixmiquilpan-reaviva-llamado-a-combatir-la-violencia-digital\/"},"author":{"name":"Keila Rodr\u00edguez Pe\u00f1a","@id":"https:\/\/www.alasmedios.com\/#\/schema\/person\/0ba31bdd19a05ebf5c7fef1fedf99c34"},"headline":"Difusi\u00f3n de fotos \u00edntimas en Ixmiquilpan reaviva llamado a combatir la violencia digital","datePublished":"2026-03-11T22:10:39+00:00","dateModified":"2026-03-11T22:10:47+00:00","mainEntityOfPage":{"@id":"https:\/\/www.alasmedios.com\/index.php\/2026\/03\/11\/difusion-de-fotos-intimas-en-ixmiquilpan-reaviva-llamado-a-combatir-la-violencia-digital\/"},"wordCount":374,"commentCount":0,"publisher":{"@id":"https:\/\/www.alasmedios.com\/#organization"},"image":{"@id":"https:\/\/www.alasmedios.com\/index.php\/2026\/03\/11\/difusion-de-fotos-intimas-en-ixmiquilpan-reaviva-llamado-a-combatir-la-violencia-digital\/#primaryimage"},"thumbnailUrl":"https:\/\/www.alasmedios.com\/wp-content\/uploads\/2026\/03\/Ixmiquilpan-fotografias-mujeres-sin-consentimiento.png","keywords":["Ixmiquilpan","Ley Olimpia","Mujeres","violencia de g\u00e9nero"],"articleSection":["Hidalgo"],"inLanguage":"es","potentialAction":[{"@type":"CommentAction","name":"Comment","target":["https:\/\/www.alasmedios.com\/index.php\/2026\/03\/11\/difusion-de-fotos-intimas-en-ixmiquilpan-reaviva-llamado-a-combatir-la-violencia-digital\/#respond"]}]},{"@type":"WebPage","@id":"https:\/\/www.alasmedios.com\/index.php\/2026\/03\/11\/difusion-de-fotos-intimas-en-ixmiquilpan-reaviva-llamado-a-combatir-la-violencia-digital\/","url":"https:\/\/www.alasmedios.com\/index.php\/2026\/03\/11\/difusion-de-fotos-intimas-en-ixmiquilpan-reaviva-llamado-a-combatir-la-violencia-digital\/","name":"Difusi\u00f3n de fotos \u00edntimas en Ixmiquilpan reaviva llamado a combatir la violencia digital","isPartOf":{"@id":"https:\/\/www.alasmedios.com\/#website"},"primaryImageOfPage":{"@id":"https:\/\/www.alasmedios.com\/index.php\/2026\/03\/11\/difusion-de-fotos-intimas-en-ixmiquilpan-reaviva-llamado-a-combatir-la-violencia-digital\/#primaryimage"},"image":{"@id":"https:\/\/www.alasmedios.com\/index.php\/2026\/03\/11\/difusion-de-fotos-intimas-en-ixmiquilpan-reaviva-llamado-a-combatir-la-violencia-digital\/#primaryimage"},"thumbnailUrl":"https:\/\/www.alasmedios.com\/wp-content\/uploads\/2026\/03\/Ixmiquilpan-fotografias-mujeres-sin-consentimiento.png","datePublished":"2026-03-11T22:10:39+00:00","dateModified":"2026-03-11T22:10:47+00:00","description":"En Ixmiquilpan se descubri\u00f3 un grupo de WhatsApp que comparte fotograf\u00edas intimas de mujeres sin su consentimiento","breadcrumb":{"@id":"https:\/\/www.alasmedios.com\/index.php\/2026\/03\/11\/difusion-de-fotos-intimas-en-ixmiquilpan-reaviva-llamado-a-combatir-la-violencia-digital\/#breadcrumb"},"inLanguage":"es","potentialAction":[{"@type":"ReadAction","target":["https:\/\/www.alasmedios.com\/index.php\/2026\/03\/11\/difusion-de-fotos-intimas-en-ixmiquilpan-reaviva-llamado-a-combatir-la-violencia-digital\/"]}]},{"@type":"ImageObject","inLanguage":"es","@id":"https:\/\/www.alasmedios.com\/index.php\/2026\/03\/11\/difusion-de-fotos-intimas-en-ixmiquilpan-reaviva-llamado-a-combatir-la-violencia-digital\/#primaryimage","url":"https:\/\/www.alasmedios.com\/wp-content\/uploads\/2026\/03\/Ixmiquilpan-fotografias-mujeres-sin-consentimiento.png","contentUrl":"https:\/\/www.alasmedios.com\/wp-content\/uploads\/2026\/03\/Ixmiquilpan-fotografias-mujeres-sin-consentimiento.png","width":2000,"height":1214},{"@type":"BreadcrumbList","@id":"https:\/\/www.alasmedios.com\/index.php\/2026\/03\/11\/difusion-de-fotos-intimas-en-ixmiquilpan-reaviva-llamado-a-combatir-la-violencia-digital\/#breadcrumb","itemListElement":[{"@type":"ListItem","position":1,"name":"Inicio","item":"https:\/\/www.alasmedios.com\/"},{"@type":"ListItem","position":2,"name":"Difusi\u00f3n de fotos \u00edntimas en Ixmiquilpan reaviva llamado a combatir la violencia digital"}]},{"@type":"WebSite","@id":"https:\/\/www.alasmedios.com\/#website","url":"https:\/\/www.alasmedios.com\/","name":"Alas Medios","description":"Alas para pensar, Alas para volar, Alas de libertad","publisher":{"@id":"https:\/\/www.alasmedios.com\/#organization"},"potentialAction":[{"@type":"SearchAction","target":{"@type":"EntryPoint","urlTemplate":"https:\/\/www.alasmedios.com\/?s={search_term_string}"},"query-input":{"@type":"PropertyValueSpecification","valueRequired":true,"valueName":"search_term_string"}}],"inLanguage":"es"},{"@type":"Organization","@id":"https:\/\/www.alasmedios.com\/#organization","name":"Alas Medios","url":"https:\/\/www.alasmedios.com\/","logo":{"@type":"ImageObject","inLanguage":"es","@id":"https:\/\/www.alasmedios.com\/#\/schema\/logo\/image\/","url":"https:\/\/www.alasmedios.com\/wp-content\/uploads\/2026\/01\/cropped-cropped-GAM-1.png","contentUrl":"https:\/\/www.alasmedios.com\/wp-content\/uploads\/2026\/01\/cropped-cropped-GAM-1.png","width":467,"height":235,"caption":"Alas Medios"},"image":{"@id":"https:\/\/www.alasmedios.com\/#\/schema\/logo\/image\/"}},{"@type":"Person","@id":"https:\/\/www.alasmedios.com\/#\/schema\/person\/0ba31bdd19a05ebf5c7fef1fedf99c34","name":"Keila Rodr\u00edguez Pe\u00f1a","image":{"@type":"ImageObject","inLanguage":"es","@id":"https:\/\/secure.gravatar.com\/avatar\/a2553a2bfaa601b9d539b617c8793e151bdffb60f9e48a249912f86d4c9ebeef?s=96&d=mm&r=g","url":"https:\/\/secure.gravatar.com\/avatar\/a2553a2bfaa601b9d539b617c8793e151bdffb60f9e48a249912f86d4c9ebeef?s=96&d=mm&r=g","contentUrl":"https:\/\/secure.gravatar.com\/avatar\/a2553a2bfaa601b9d539b617c8793e151bdffb60f9e48a249912f86d4c9ebeef?s=96&d=mm&r=g","caption":"Keila Rodr\u00edguez Pe\u00f1a"},"sameAs":["http:\/\/www.alasmedios.com"],"url":"https:\/\/www.alasmedios.com\/index.php\/author\/keila\/"}]}},"_links":{"self":[{"href":"https:\/\/www.alasmedios.com\/index.php\/wp-json\/wp\/v2\/posts\/8193","targetHints":{"allow":["GET"]}}],"collection":[{"href":"https:\/\/www.alasmedios.com\/index.php\/wp-json\/wp\/v2\/posts"}],"about":[{"href":"https:\/\/www.alasmedios.com\/index.php\/wp-json\/wp\/v2\/types\/post"}],"author":[{"embeddable":true,"href":"https:\/\/www.alasmedios.com\/index.php\/wp-json\/wp\/v2\/users\/4"}],"replies":[{"embeddable":true,"href":"https:\/\/www.alasmedios.com\/index.php\/wp-json\/wp\/v2\/comments?post=8193"}],"version-history":[{"count":1,"href":"https:\/\/www.alasmedios.com\/index.php\/wp-json\/wp\/v2\/posts\/8193\/revisions"}],"predecessor-version":[{"id":8195,"href":"https:\/\/www.alasmedios.com\/index.php\/wp-json\/wp\/v2\/posts\/8193\/revisions\/8195"}],"wp:featuredmedia":[{"embeddable":true,"href":"https:\/\/www.alasmedios.com\/index.php\/wp-json\/wp\/v2\/media\/8194"}],"wp:attachment":[{"href":"https:\/\/www.alasmedios.com\/index.php\/wp-json\/wp\/v2\/media?parent=8193"}],"wp:term":[{"taxonomy":"category","embeddable":true,"href":"https:\/\/www.alasmedios.com\/index.php\/wp-json\/wp\/v2\/categories?post=8193"},{"taxonomy":"post_tag","embeddable":true,"href":"https:\/\/www.alasmedios.com\/index.php\/wp-json\/wp\/v2\/tags?post=8193"}],"curies":[{"name":"wp","href":"https:\/\/api.w.org\/{rel}","templated":true}]}}