{"id":8187,"date":"2026-03-11T14:26:28","date_gmt":"2026-03-11T20:26:28","guid":{"rendered":"https:\/\/www.alasmedios.com\/?p=8187"},"modified":"2026-03-11T15:54:23","modified_gmt":"2026-03-11T21:54:23","slug":"realizan-feria-interactiva-de-los-derechos-de-las-mujeres-en-pachuca","status":"publish","type":"post","link":"https:\/\/www.alasmedios.com\/index.php\/2026\/03\/11\/realizan-feria-interactiva-de-los-derechos-de-las-mujeres-en-pachuca\/","title":{"rendered":"Realizan Feria Interactiva de los Derechos de las Mujeres en Pachuca"},"content":{"rendered":"\n<p>En <strong>Pachuca <\/strong>realizaron la <strong>Feria Interactiva de los Derechos Humanos de las Mujeres<\/strong>, con actividades creativas y entusiasmo se dieron a conocer los derechos y servicios.<\/p>\n\n\n\n<p>La <strong><a href=\"https:\/\/www.facebook.com\/profile.php?id=100067172950267\">Secretar\u00eda de las Mujeres de Pachuca<\/a><\/strong> llev\u00f3 a cabo la <strong>Feria Interactiva de los Derechos Humanos de las Mujeres<\/strong> en <strong>Plaza Independencia<\/strong>, un espacio de <strong>aprendizaje, di\u00e1logo y participaci\u00f3n<\/strong> donde se presentaron actividades para <strong>informar y reflexionar sobre los derechos de las mujeres<\/strong>.<\/p>\n\n\n\n<p>Durante la jornada, <strong>Carmen Rinc\u00f3n, secretaria de las Mujeres de Pachuca<\/strong>, explic\u00f3 que la feria se organiz\u00f3 a partir de la <strong>Cartilla de los Derechos de las Mujeres<\/strong>, la cual re\u00fane <strong>15 derechos fundamentales<\/strong>, iniciando con el <strong>derecho a ser libre y feliz<\/strong>.<\/p>\n\n\n\n<p>CONTIN\u00daA LEYENDO: <a href=\"https:\/\/www.alasmedios.com\/index.php\/2026\/03\/11\/fuga-de-gas-en-tepeji-del-rio-realizan-quema-controlada-en-empresa-pilgrims-pride\/\" type=\"post\" id=\"8183\">Fuga de gas en Tepeji del R\u00edo; realizan quema controlada en empresa Pilgrim\u2019s Pride<\/a><\/p>\n\n\n\n<h2 class=\"wp-block-heading\">\u00bfQu\u00e9 actividades presentaron? <\/h2>\n\n\n\n<p>En la entrada del recorrido se instal\u00f3 el <strong>\u201c\u00c1rbol de los Derechos\u201d<\/strong>, una din\u00e1mica impulsada por la <strong>psic\u00f3loga Yara<\/strong>, donde las participantes escribieron <strong>momentos o experiencias en las que se han sentido libres<\/strong>, como una forma simb\u00f3lica de <strong>reflexionar sobre la libertad y la autonom\u00eda personal<\/strong>.<\/p>\n\n\n\n<p>Otro de los espacios abord\u00f3 el <strong>derecho a vivir en familia, en paz y con bienestar<\/strong>, actividad coordinada por el <strong>Sistema DIF Pachuca<\/strong>, donde las asistentes pudieron <strong>construir de forma simb\u00f3lica el tipo de familia que desean<\/strong>, destacando valores como <strong>la confianza, la no violencia y el respeto<\/strong>.<\/p>\n\n\n\n<iframe loading=\"lazy\" src=\"https:\/\/www.facebook.com\/plugins\/video.php?height=314&#038;href=https%3A%2F%2Fwww.facebook.com%2Freel%2F1990225121914981%2F&#038;show_text=false&#038;width=560&#038;t=0\" width=\"560\" height=\"314\" style=\"border:none;overflow:hidden\" scrolling=\"no\" frameborder=\"0\" allowfullscreen=\"true\" allow=\"autoplay; clipboard-write; encrypted-media; picture-in-picture; web-share\" allowFullScreen=\"true\"><\/iframe>\n\n\n\n<p>En el m\u00f3dulo dedicado al <strong>derecho a la educaci\u00f3n<\/strong>, mujeres de colonias de la ciudad compartieron <strong>historias de vida ilustradas en libros<\/strong>, con el objetivo de <strong>reflexionar sobre el acceso a la educaci\u00f3n y el aprendizaje a lo largo de la vida<\/strong>.<\/p>\n\n\n\n<p>Tambi\u00e9n se abordaron los <strong>derechos sexuales y reproductivos<\/strong>, con la participaci\u00f3n de <strong>estudiantes de la Universidad Aut\u00f3noma del Estado de Hidalgo<\/strong>, quienes desarrollaron <strong>din\u00e1micas y juegos interactivos para identificar los derechos relacionados con la salud y la toma de decisiones sobre el propio cuerpo<\/strong>.<\/p>\n\n\n\n<p>Otros espacios trataron temas como el <strong>derecho a la salud<\/strong>, el <strong>derecho a una vivienda digna<\/strong>, el <strong>derecho a la identidad<\/strong>, el <strong>derecho a la cultura<\/strong>, el <strong>derecho a la igualdad<\/strong>, el <strong>derecho al libre tr\u00e1nsito<\/strong> y el <strong>derecho a una vida libre de violencia<\/strong>.<\/p>\n\n\n\n<p>TE PUEDE INTERESAR: <a href=\"https:\/\/www.alasmedios.com\/index.php\/2026\/03\/10\/pescadoras-y-acuacultoras-trabajo-que-mueve-la-pesca-en-mexico\/\" type=\"post\" id=\"8154\">Pescadoras y acuacultoras: trabajo que mueve la pesca en M\u00e9xico<\/a><\/p>\n\n\n\n<p>En el m\u00f3dulo de <strong>derechos comunitarios y vivienda<\/strong>, personal de la <strong>Secretar\u00eda de Obras P\u00fablicas<\/strong> explic\u00f3 los <strong>servicios relacionados con infraestructura b\u00e1sica<\/strong>, como <strong>agua potable, drenaje, pavimentaci\u00f3n, electrificaci\u00f3n y regulaci\u00f3n del uso de suelo<\/strong>, as\u00ed como informaci\u00f3n sobre <strong>programas de apoyo habitacional<\/strong>.<\/p>\n\n\n\n<p>Por su parte, el <strong>Instituto Municipal de Cultura<\/strong> promovi\u00f3 el <strong>derecho a la cultura<\/strong> mediante actividades art\u00edsticas y talleres, destacando la <strong>participaci\u00f3n de mujeres en proyectos de muralismo y creaci\u00f3n art\u00edstica<\/strong> en la ciudad.<\/p>\n\n\n\n<p>En materia de <strong>seguridad y prevenci\u00f3n<\/strong>, el personal de <strong>Seguridad P\u00fablica Municipal<\/strong> present\u00f3 din\u00e1micas para <strong>identificar zonas seguras e inseguras en la ciudad<\/strong>, as\u00ed como herramientas para <strong>gestionar emociones despu\u00e9s de experiencias de violencia o delito<\/strong>.<\/p>\n\n\n\n<p>Otro de los m\u00f3dulos abord\u00f3 el <strong>derecho a una vida libre de violencia<\/strong>, donde se explic\u00f3 la <strong>Ruta de Atenci\u00f3n Integral para Mujeres en Situaci\u00f3n de Violencia<\/strong>, un modelo que busca <strong>evitar la revictimizaci\u00f3n y garantizar atenci\u00f3n en distintas dependencias municipales<\/strong>.<\/p>\n\n\n\n<iframe loading=\"lazy\" src=\"https:\/\/www.facebook.com\/plugins\/post.php?href=https%3A%2F%2Fwww.facebook.com%2FAlasMedios%2Fposts%2Fpfbid08BPHR6nuvxrkp2zjAxoMWvCPhASXBZRc8d2kxFTuL3Y47bSoTuWS451KXSFfNTfDl&#038;show_text=true&#038;width=500\" width=\"500\" height=\"812\" style=\"border:none;overflow:hidden\" scrolling=\"no\" frameborder=\"0\" allowfullscreen=\"true\" allow=\"autoplay; clipboard-write; encrypted-media; picture-in-picture; web-share\"><\/iframe>\n\n\n\n<p>Durante el recorrido tambi\u00e9n se instalaron espacios sobre <strong>derechos pol\u00edticos de las mujeres<\/strong>, donde las participantes reflexionaron sobre <strong>problem\u00e1ticas p\u00fablicas y posibles soluciones desde el ejercicio ciudadano y la participaci\u00f3n pol\u00edtica<\/strong>.<\/p>\n\n\n\n<p>Asimismo, se present\u00f3 una actividad para <strong>visibilizar el valor del trabajo dom\u00e9stico<\/strong>, calculando el <strong>costo econ\u00f3mico de tareas como el cuidado de hijas e hijos, la preparaci\u00f3n de alimentos o las labores del hogar<\/strong>, con el objetivo de <strong>reconocer el trabajo no remunerado que realizan muchas mujeres<\/strong>.<\/p>\n\n\n\n<p>CONTIN\u00daA LEYENDO: <a href=\"https:\/\/www.alasmedios.com\/index.php\/2026\/03\/09\/ihm-ensenan-defensa-personal-en-pachuca\/\" type=\"post\" id=\"8145\">IHM: Ense\u00f1an defensa personal en Pachuca<\/a><\/p>\n\n\n\n<h3 class=\"wp-block-heading\">Apoyo institucional <\/h3>\n\n\n\n<p>La jornada cont\u00f3 con la participaci\u00f3n de <strong>dependencias municipales, instituciones estatales, regidoras del Ayuntamiento de Pachuca y voluntarias<\/strong>, quienes instalaron m\u00f3dulos informativos y actividades para <strong>explicar de manera pr\u00e1ctica el contenido de cada derecho<\/strong>.<\/p>\n\n\n\n<p>Al cierre del evento se entregaron <strong>reconocimientos a las personas y dependencias participantes<\/strong>, destacando el <strong>trabajo interinstitucional para promover los derechos de las mujeres en Pachuca<\/strong>.<\/p>\n\n\n\n<p>Desde la <strong>Secretar\u00eda de las Mujeres de Pachuca<\/strong> se se\u00f1al\u00f3 que este tipo de actividades buscan <strong>acercar informaci\u00f3n, acompa\u00f1amiento y herramientas para fortalecer la autonom\u00eda, el bienestar y el acceso a derechos de las mujeres en la ciudad<\/strong>.<\/p>\n\n\n<ul class=\"wp-block-latest-posts__list is-grid columns-3 wp-block-latest-posts\"><li><div class=\"wp-block-latest-posts__featured-image\"><img loading=\"lazy\" decoding=\"async\" width=\"150\" height=\"150\" src=\"https:\/\/www.alasmedios.com\/wp-content\/uploads\/2026\/04\/Argentina-decomisan-bienes-Cristina-Kirchner-150x150.png\" class=\"attachment-thumbnail size-thumbnail wp-post-image\" alt=\"\" style=\"\" \/><\/div><a class=\"wp-block-latest-posts__post-title\" href=\"https:\/\/www.alasmedios.com\/index.php\/2026\/04\/25\/caso-vialidad-argentina-ratifica-decomiso-millonario-a-cristina-kirchner\/\">Caso Vialidad: Argentina ratifica decomiso millonario a Cristina Kirchner<\/a><\/li>\n<li><div class=\"wp-block-latest-posts__featured-image\"><img loading=\"lazy\" decoding=\"async\" width=\"150\" height=\"150\" src=\"https:\/\/www.alasmedios.com\/wp-content\/uploads\/2026\/04\/Puebla-desaparecida-Aguascalientes-150x150.jpeg\" class=\"attachment-thumbnail size-thumbnail wp-post-image\" alt=\"\" style=\"\" \/><\/div><a class=\"wp-block-latest-posts__post-title\" href=\"https:\/\/www.alasmedios.com\/index.php\/2026\/04\/25\/localizan-con-vida-en-aguascalientes-a-adolescente-desaparecida-en-puebla\/\">Localizan con vida en Aguascalientes a adolescente desaparecida en Puebla<\/a><\/li>\n<li><div class=\"wp-block-latest-posts__featured-image\"><img loading=\"lazy\" decoding=\"async\" width=\"150\" height=\"150\" src=\"https:\/\/www.alasmedios.com\/wp-content\/uploads\/2026\/04\/podio-de-la-Copa-del-Mundo-de-Ciclismo-150x150.jpg\" class=\"attachment-thumbnail size-thumbnail wp-post-image\" alt=\"\" style=\"\" \/><\/div><a class=\"wp-block-latest-posts__post-title\" href=\"https:\/\/www.alasmedios.com\/index.php\/2026\/04\/25\/mexico-arranca-con-doble-podio-en-la-copa-del-mundo-de-pista-en-malasia\/\">M\u00e9xico arranca con doble podio en la Copa del Mundo de Pista en Malasia<\/a><\/li>\n<\/ul>","protected":false},"excerpt":{"rendered":"<p>En Pachuca realizaron la Feria Interactiva de los Derechos Humanos de las Mujeres, con actividades creativas y entusiasmo se dieron<\/p>\n","protected":false},"author":4,"featured_media":8190,"comment_status":"open","ping_status":"open","sticky":false,"template":"","format":"standard","meta":{"colormag_page_container_layout":"default_layout","colormag_page_sidebar_layout":"default_layout","rop_custom_images_group":[],"rop_custom_messages_group":[],"rop_publish_now":"initial","rop_publish_now_accounts":[],"rop_publish_now_history":[],"rop_publish_now_status":"pending","iawp_total_views":16,"footnotes":""},"categories":[41],"tags":[456,53,87],"class_list":["post-8187","post","type-post","status-publish","format-standard","has-post-thumbnail","hentry","category-hidalgo","tag-derechos","tag-mujeres","tag-pachuca"],"magazineBlocksPostFeaturedMedia":{"thumbnail":"https:\/\/www.alasmedios.com\/wp-content\/uploads\/2026\/03\/mujeres-derechos-150x150.jpeg","medium":"https:\/\/www.alasmedios.com\/wp-content\/uploads\/2026\/03\/mujeres-derechos-300x226.jpeg","medium_large":"https:\/\/www.alasmedios.com\/wp-content\/uploads\/2026\/03\/mujeres-derechos-768x578.jpeg","large":"https:\/\/www.alasmedios.com\/wp-content\/uploads\/2026\/03\/mujeres-derechos-1024x771.jpeg","1536x1536":"https:\/\/www.alasmedios.com\/wp-content\/uploads\/2026\/03\/mujeres-derechos-1536x1156.jpeg","2048x2048":"https:\/\/www.alasmedios.com\/wp-content\/uploads\/2026\/03\/mujeres-derechos.jpeg","colormag-highlighted-post":"https:\/\/www.alasmedios.com\/wp-content\/uploads\/2026\/03\/mujeres-derechos-392x272.jpeg","colormag-featured-post-medium":"https:\/\/www.alasmedios.com\/wp-content\/uploads\/2026\/03\/mujeres-derechos-390x205.jpeg","colormag-featured-post-small":"https:\/\/www.alasmedios.com\/wp-content\/uploads\/2026\/03\/mujeres-derechos-130x90.jpeg","colormag-featured-image":"https:\/\/www.alasmedios.com\/wp-content\/uploads\/2026\/03\/mujeres-derechos-800x445.jpeg","colormag-default-news":"https:\/\/www.alasmedios.com\/wp-content\/uploads\/2026\/03\/mujeres-derechos-150x150.jpeg","colormag-featured-image-large":"https:\/\/www.alasmedios.com\/wp-content\/uploads\/2026\/03\/mujeres-derechos-1400x600.jpeg"},"magazineBlocksPostAuthor":{"name":"Keila Rodr\u00edguez Pe\u00f1a","avatar":"https:\/\/secure.gravatar.com\/avatar\/a2553a2bfaa601b9d539b617c8793e151bdffb60f9e48a249912f86d4c9ebeef?s=96&d=mm&r=g"},"magazineBlocksPostCommentsNumber":"0","magazineBlocksPostExcerpt":"En Pachuca realizaron la Feria Interactiva de los Derechos Humanos de las Mujeres, con actividades creativas y entusiasmo se dieron","magazineBlocksPostCategories":["Hidalgo"],"magazineBlocksPostViewCount":31,"magazineBlocksPostReadTime":4,"magazine_blocks_featured_image_url":{"full":["https:\/\/www.alasmedios.com\/wp-content\/uploads\/2026\/03\/mujeres-derechos.jpeg",1600,1204,false],"medium":["https:\/\/www.alasmedios.com\/wp-content\/uploads\/2026\/03\/mujeres-derechos-300x226.jpeg",300,226,true],"thumbnail":["https:\/\/www.alasmedios.com\/wp-content\/uploads\/2026\/03\/mujeres-derechos-150x150.jpeg",150,150,true]},"magazine_blocks_author":{"display_name":"Keila Rodr\u00edguez Pe\u00f1a","author_link":"https:\/\/www.alasmedios.com\/index.php\/author\/keila\/"},"magazine_blocks_comment":0,"magazine_blocks_author_image":"https:\/\/secure.gravatar.com\/avatar\/a2553a2bfaa601b9d539b617c8793e151bdffb60f9e48a249912f86d4c9ebeef?s=96&d=mm&r=g","magazine_blocks_category":"<a href=\"#\" class=\"category-link category-link-41\">Hidalgo<\/a>","yoast_head":"<!-- This site is optimized with the Yoast SEO plugin v27.4 - https:\/\/yoast.com\/product\/yoast-seo-wordpress\/ -->\r\n<title>Realizan Feria Interactiva de los Derechos de las Mujeres en Pachuca<\/title>\r\n<meta name=\"description\" content=\"En Pachuca realizaron la Feria Interactiva de los Derechos Humanos de las Mujeres con actividades creativas\" \/>\r\n<meta name=\"robots\" content=\"index, follow, max-snippet:-1, max-image-preview:large, max-video-preview:-1\" \/>\r\n<link rel=\"canonical\" href=\"https:\/\/www.alasmedios.com\/index.php\/2026\/03\/11\/realizan-feria-interactiva-de-los-derechos-de-las-mujeres-en-pachuca\/\" \/>\r\n<meta property=\"og:locale\" content=\"es_MX\" \/>\r\n<meta property=\"og:type\" content=\"article\" \/>\r\n<meta property=\"og:title\" content=\"Realizan Feria Interactiva de los Derechos de las Mujeres en Pachuca\" \/>\r\n<meta property=\"og:description\" content=\"En Pachuca realizaron la Feria Interactiva de los Derechos Humanos de las Mujeres con actividades creativas\" \/>\r\n<meta property=\"og:url\" content=\"https:\/\/www.alasmedios.com\/index.php\/2026\/03\/11\/realizan-feria-interactiva-de-los-derechos-de-las-mujeres-en-pachuca\/\" \/>\r\n<meta property=\"og:site_name\" content=\"Alas Medios\" \/>\r\n<meta property=\"article:published_time\" content=\"2026-03-11T20:26:28+00:00\" \/>\r\n<meta property=\"article:modified_time\" content=\"2026-03-11T21:54:23+00:00\" \/>\r\n<meta property=\"og:image\" content=\"https:\/\/www.alasmedios.com\/wp-content\/uploads\/2026\/03\/mujeres-derechos.jpeg\" \/>\r\n\t<meta property=\"og:image:width\" content=\"1600\" \/>\r\n\t<meta property=\"og:image:height\" content=\"1204\" \/>\r\n\t<meta property=\"og:image:type\" content=\"image\/jpeg\" \/>\r\n<meta name=\"author\" content=\"Keila Rodr\u00edguez Pe\u00f1a\" \/>\r\n<meta name=\"twitter:card\" content=\"summary_large_image\" \/>\r\n<meta name=\"twitter:label1\" content=\"Escrito por\" \/>\n\t<meta name=\"twitter:data1\" content=\"Keila Rodr\u00edguez Pe\u00f1a\" \/>\n\t<meta name=\"twitter:label2\" content=\"Tiempo de lectura\" \/>\n\t<meta name=\"twitter:data2\" content=\"4 minutos\" \/>\r\n<script type=\"application\/ld+json\" class=\"yoast-schema-graph\">{\"@context\":\"https:\\\/\\\/schema.org\",\"@graph\":[{\"@type\":\"Article\",\"@id\":\"https:\\\/\\\/www.alasmedios.com\\\/index.php\\\/2026\\\/03\\\/11\\\/realizan-feria-interactiva-de-los-derechos-de-las-mujeres-en-pachuca\\\/#article\",\"isPartOf\":{\"@id\":\"https:\\\/\\\/www.alasmedios.com\\\/index.php\\\/2026\\\/03\\\/11\\\/realizan-feria-interactiva-de-los-derechos-de-las-mujeres-en-pachuca\\\/\"},\"author\":{\"name\":\"Keila Rodr\u00edguez Pe\u00f1a\",\"@id\":\"https:\\\/\\\/www.alasmedios.com\\\/#\\\/schema\\\/person\\\/0ba31bdd19a05ebf5c7fef1fedf99c34\"},\"headline\":\"Realizan Feria Interactiva de los Derechos de las Mujeres en Pachuca\",\"datePublished\":\"2026-03-11T20:26:28+00:00\",\"dateModified\":\"2026-03-11T21:54:23+00:00\",\"mainEntityOfPage\":{\"@id\":\"https:\\\/\\\/www.alasmedios.com\\\/index.php\\\/2026\\\/03\\\/11\\\/realizan-feria-interactiva-de-los-derechos-de-las-mujeres-en-pachuca\\\/\"},\"wordCount\":781,\"commentCount\":0,\"publisher\":{\"@id\":\"https:\\\/\\\/www.alasmedios.com\\\/#organization\"},\"image\":{\"@id\":\"https:\\\/\\\/www.alasmedios.com\\\/index.php\\\/2026\\\/03\\\/11\\\/realizan-feria-interactiva-de-los-derechos-de-las-mujeres-en-pachuca\\\/#primaryimage\"},\"thumbnailUrl\":\"https:\\\/\\\/www.alasmedios.com\\\/wp-content\\\/uploads\\\/2026\\\/03\\\/mujeres-derechos.jpeg\",\"keywords\":[\"derechos\",\"Mujeres\",\"Pachuca\"],\"articleSection\":[\"Hidalgo\"],\"inLanguage\":\"es\",\"potentialAction\":[{\"@type\":\"CommentAction\",\"name\":\"Comment\",\"target\":[\"https:\\\/\\\/www.alasmedios.com\\\/index.php\\\/2026\\\/03\\\/11\\\/realizan-feria-interactiva-de-los-derechos-de-las-mujeres-en-pachuca\\\/#respond\"]}]},{\"@type\":\"WebPage\",\"@id\":\"https:\\\/\\\/www.alasmedios.com\\\/index.php\\\/2026\\\/03\\\/11\\\/realizan-feria-interactiva-de-los-derechos-de-las-mujeres-en-pachuca\\\/\",\"url\":\"https:\\\/\\\/www.alasmedios.com\\\/index.php\\\/2026\\\/03\\\/11\\\/realizan-feria-interactiva-de-los-derechos-de-las-mujeres-en-pachuca\\\/\",\"name\":\"Realizan Feria Interactiva de los Derechos de las Mujeres en Pachuca\",\"isPartOf\":{\"@id\":\"https:\\\/\\\/www.alasmedios.com\\\/#website\"},\"primaryImageOfPage\":{\"@id\":\"https:\\\/\\\/www.alasmedios.com\\\/index.php\\\/2026\\\/03\\\/11\\\/realizan-feria-interactiva-de-los-derechos-de-las-mujeres-en-pachuca\\\/#primaryimage\"},\"image\":{\"@id\":\"https:\\\/\\\/www.alasmedios.com\\\/index.php\\\/2026\\\/03\\\/11\\\/realizan-feria-interactiva-de-los-derechos-de-las-mujeres-en-pachuca\\\/#primaryimage\"},\"thumbnailUrl\":\"https:\\\/\\\/www.alasmedios.com\\\/wp-content\\\/uploads\\\/2026\\\/03\\\/mujeres-derechos.jpeg\",\"datePublished\":\"2026-03-11T20:26:28+00:00\",\"dateModified\":\"2026-03-11T21:54:23+00:00\",\"description\":\"En Pachuca realizaron la Feria Interactiva de los Derechos Humanos de las Mujeres con actividades creativas\",\"breadcrumb\":{\"@id\":\"https:\\\/\\\/www.alasmedios.com\\\/index.php\\\/2026\\\/03\\\/11\\\/realizan-feria-interactiva-de-los-derechos-de-las-mujeres-en-pachuca\\\/#breadcrumb\"},\"inLanguage\":\"es\",\"potentialAction\":[{\"@type\":\"ReadAction\",\"target\":[\"https:\\\/\\\/www.alasmedios.com\\\/index.php\\\/2026\\\/03\\\/11\\\/realizan-feria-interactiva-de-los-derechos-de-las-mujeres-en-pachuca\\\/\"]}]},{\"@type\":\"ImageObject\",\"inLanguage\":\"es\",\"@id\":\"https:\\\/\\\/www.alasmedios.com\\\/index.php\\\/2026\\\/03\\\/11\\\/realizan-feria-interactiva-de-los-derechos-de-las-mujeres-en-pachuca\\\/#primaryimage\",\"url\":\"https:\\\/\\\/www.alasmedios.com\\\/wp-content\\\/uploads\\\/2026\\\/03\\\/mujeres-derechos.jpeg\",\"contentUrl\":\"https:\\\/\\\/www.alasmedios.com\\\/wp-content\\\/uploads\\\/2026\\\/03\\\/mujeres-derechos.jpeg\",\"width\":1600,\"height\":1204,\"caption\":\"Foto: A\u00edda Su\u00e1rez\"},{\"@type\":\"BreadcrumbList\",\"@id\":\"https:\\\/\\\/www.alasmedios.com\\\/index.php\\\/2026\\\/03\\\/11\\\/realizan-feria-interactiva-de-los-derechos-de-las-mujeres-en-pachuca\\\/#breadcrumb\",\"itemListElement\":[{\"@type\":\"ListItem\",\"position\":1,\"name\":\"Inicio\",\"item\":\"https:\\\/\\\/www.alasmedios.com\\\/\"},{\"@type\":\"ListItem\",\"position\":2,\"name\":\"Realizan Feria Interactiva de los Derechos de las Mujeres en Pachuca\"}]},{\"@type\":\"WebSite\",\"@id\":\"https:\\\/\\\/www.alasmedios.com\\\/#website\",\"url\":\"https:\\\/\\\/www.alasmedios.com\\\/\",\"name\":\"Alas Medios\",\"description\":\"Alas para pensar, Alas para volar, Alas de libertad\",\"publisher\":{\"@id\":\"https:\\\/\\\/www.alasmedios.com\\\/#organization\"},\"potentialAction\":[{\"@type\":\"SearchAction\",\"target\":{\"@type\":\"EntryPoint\",\"urlTemplate\":\"https:\\\/\\\/www.alasmedios.com\\\/?s={search_term_string}\"},\"query-input\":{\"@type\":\"PropertyValueSpecification\",\"valueRequired\":true,\"valueName\":\"search_term_string\"}}],\"inLanguage\":\"es\"},{\"@type\":\"Organization\",\"@id\":\"https:\\\/\\\/www.alasmedios.com\\\/#organization\",\"name\":\"Alas Medios\",\"url\":\"https:\\\/\\\/www.alasmedios.com\\\/\",\"logo\":{\"@type\":\"ImageObject\",\"inLanguage\":\"es\",\"@id\":\"https:\\\/\\\/www.alasmedios.com\\\/#\\\/schema\\\/logo\\\/image\\\/\",\"url\":\"https:\\\/\\\/www.alasmedios.com\\\/wp-content\\\/uploads\\\/2026\\\/01\\\/cropped-cropped-GAM-1.png\",\"contentUrl\":\"https:\\\/\\\/www.alasmedios.com\\\/wp-content\\\/uploads\\\/2026\\\/01\\\/cropped-cropped-GAM-1.png\",\"width\":467,\"height\":235,\"caption\":\"Alas Medios\"},\"image\":{\"@id\":\"https:\\\/\\\/www.alasmedios.com\\\/#\\\/schema\\\/logo\\\/image\\\/\"}},{\"@type\":\"Person\",\"@id\":\"https:\\\/\\\/www.alasmedios.com\\\/#\\\/schema\\\/person\\\/0ba31bdd19a05ebf5c7fef1fedf99c34\",\"name\":\"Keila Rodr\u00edguez Pe\u00f1a\",\"image\":{\"@type\":\"ImageObject\",\"inLanguage\":\"es\",\"@id\":\"https:\\\/\\\/secure.gravatar.com\\\/avatar\\\/a2553a2bfaa601b9d539b617c8793e151bdffb60f9e48a249912f86d4c9ebeef?s=96&d=mm&r=g\",\"url\":\"https:\\\/\\\/secure.gravatar.com\\\/avatar\\\/a2553a2bfaa601b9d539b617c8793e151bdffb60f9e48a249912f86d4c9ebeef?s=96&d=mm&r=g\",\"contentUrl\":\"https:\\\/\\\/secure.gravatar.com\\\/avatar\\\/a2553a2bfaa601b9d539b617c8793e151bdffb60f9e48a249912f86d4c9ebeef?s=96&d=mm&r=g\",\"caption\":\"Keila Rodr\u00edguez Pe\u00f1a\"},\"sameAs\":[\"http:\\\/\\\/www.alasmedios.com\"],\"url\":\"https:\\\/\\\/www.alasmedios.com\\\/index.php\\\/author\\\/keila\\\/\"}]}<\/script>\r\n<!-- \/ Yoast SEO plugin. -->","yoast_head_json":{"title":"Realizan Feria Interactiva de los Derechos de las Mujeres en Pachuca","description":"En Pachuca realizaron la Feria Interactiva de los Derechos Humanos de las Mujeres con actividades creativas","robots":{"index":"index","follow":"follow","max-snippet":"max-snippet:-1","max-image-preview":"max-image-preview:large","max-video-preview":"max-video-preview:-1"},"canonical":"https:\/\/www.alasmedios.com\/index.php\/2026\/03\/11\/realizan-feria-interactiva-de-los-derechos-de-las-mujeres-en-pachuca\/","og_locale":"es_MX","og_type":"article","og_title":"Realizan Feria Interactiva de los Derechos de las Mujeres en Pachuca","og_description":"En Pachuca realizaron la Feria Interactiva de los Derechos Humanos de las Mujeres con actividades creativas","og_url":"https:\/\/www.alasmedios.com\/index.php\/2026\/03\/11\/realizan-feria-interactiva-de-los-derechos-de-las-mujeres-en-pachuca\/","og_site_name":"Alas Medios","article_published_time":"2026-03-11T20:26:28+00:00","article_modified_time":"2026-03-11T21:54:23+00:00","og_image":[{"width":1600,"height":1204,"url":"https:\/\/www.alasmedios.com\/wp-content\/uploads\/2026\/03\/mujeres-derechos.jpeg","type":"image\/jpeg"}],"author":"Keila Rodr\u00edguez Pe\u00f1a","twitter_card":"summary_large_image","twitter_misc":{"Escrito por":"Keila Rodr\u00edguez Pe\u00f1a","Tiempo de lectura":"4 minutos"},"schema":{"@context":"https:\/\/schema.org","@graph":[{"@type":"Article","@id":"https:\/\/www.alasmedios.com\/index.php\/2026\/03\/11\/realizan-feria-interactiva-de-los-derechos-de-las-mujeres-en-pachuca\/#article","isPartOf":{"@id":"https:\/\/www.alasmedios.com\/index.php\/2026\/03\/11\/realizan-feria-interactiva-de-los-derechos-de-las-mujeres-en-pachuca\/"},"author":{"name":"Keila Rodr\u00edguez Pe\u00f1a","@id":"https:\/\/www.alasmedios.com\/#\/schema\/person\/0ba31bdd19a05ebf5c7fef1fedf99c34"},"headline":"Realizan Feria Interactiva de los Derechos de las Mujeres en Pachuca","datePublished":"2026-03-11T20:26:28+00:00","dateModified":"2026-03-11T21:54:23+00:00","mainEntityOfPage":{"@id":"https:\/\/www.alasmedios.com\/index.php\/2026\/03\/11\/realizan-feria-interactiva-de-los-derechos-de-las-mujeres-en-pachuca\/"},"wordCount":781,"commentCount":0,"publisher":{"@id":"https:\/\/www.alasmedios.com\/#organization"},"image":{"@id":"https:\/\/www.alasmedios.com\/index.php\/2026\/03\/11\/realizan-feria-interactiva-de-los-derechos-de-las-mujeres-en-pachuca\/#primaryimage"},"thumbnailUrl":"https:\/\/www.alasmedios.com\/wp-content\/uploads\/2026\/03\/mujeres-derechos.jpeg","keywords":["derechos","Mujeres","Pachuca"],"articleSection":["Hidalgo"],"inLanguage":"es","potentialAction":[{"@type":"CommentAction","name":"Comment","target":["https:\/\/www.alasmedios.com\/index.php\/2026\/03\/11\/realizan-feria-interactiva-de-los-derechos-de-las-mujeres-en-pachuca\/#respond"]}]},{"@type":"WebPage","@id":"https:\/\/www.alasmedios.com\/index.php\/2026\/03\/11\/realizan-feria-interactiva-de-los-derechos-de-las-mujeres-en-pachuca\/","url":"https:\/\/www.alasmedios.com\/index.php\/2026\/03\/11\/realizan-feria-interactiva-de-los-derechos-de-las-mujeres-en-pachuca\/","name":"Realizan Feria Interactiva de los Derechos de las Mujeres en Pachuca","isPartOf":{"@id":"https:\/\/www.alasmedios.com\/#website"},"primaryImageOfPage":{"@id":"https:\/\/www.alasmedios.com\/index.php\/2026\/03\/11\/realizan-feria-interactiva-de-los-derechos-de-las-mujeres-en-pachuca\/#primaryimage"},"image":{"@id":"https:\/\/www.alasmedios.com\/index.php\/2026\/03\/11\/realizan-feria-interactiva-de-los-derechos-de-las-mujeres-en-pachuca\/#primaryimage"},"thumbnailUrl":"https:\/\/www.alasmedios.com\/wp-content\/uploads\/2026\/03\/mujeres-derechos.jpeg","datePublished":"2026-03-11T20:26:28+00:00","dateModified":"2026-03-11T21:54:23+00:00","description":"En Pachuca realizaron la Feria Interactiva de los Derechos Humanos de las Mujeres con actividades creativas","breadcrumb":{"@id":"https:\/\/www.alasmedios.com\/index.php\/2026\/03\/11\/realizan-feria-interactiva-de-los-derechos-de-las-mujeres-en-pachuca\/#breadcrumb"},"inLanguage":"es","potentialAction":[{"@type":"ReadAction","target":["https:\/\/www.alasmedios.com\/index.php\/2026\/03\/11\/realizan-feria-interactiva-de-los-derechos-de-las-mujeres-en-pachuca\/"]}]},{"@type":"ImageObject","inLanguage":"es","@id":"https:\/\/www.alasmedios.com\/index.php\/2026\/03\/11\/realizan-feria-interactiva-de-los-derechos-de-las-mujeres-en-pachuca\/#primaryimage","url":"https:\/\/www.alasmedios.com\/wp-content\/uploads\/2026\/03\/mujeres-derechos.jpeg","contentUrl":"https:\/\/www.alasmedios.com\/wp-content\/uploads\/2026\/03\/mujeres-derechos.jpeg","width":1600,"height":1204,"caption":"Foto: A\u00edda Su\u00e1rez"},{"@type":"BreadcrumbList","@id":"https:\/\/www.alasmedios.com\/index.php\/2026\/03\/11\/realizan-feria-interactiva-de-los-derechos-de-las-mujeres-en-pachuca\/#breadcrumb","itemListElement":[{"@type":"ListItem","position":1,"name":"Inicio","item":"https:\/\/www.alasmedios.com\/"},{"@type":"ListItem","position":2,"name":"Realizan Feria Interactiva de los Derechos de las Mujeres en Pachuca"}]},{"@type":"WebSite","@id":"https:\/\/www.alasmedios.com\/#website","url":"https:\/\/www.alasmedios.com\/","name":"Alas Medios","description":"Alas para pensar, Alas para volar, Alas de libertad","publisher":{"@id":"https:\/\/www.alasmedios.com\/#organization"},"potentialAction":[{"@type":"SearchAction","target":{"@type":"EntryPoint","urlTemplate":"https:\/\/www.alasmedios.com\/?s={search_term_string}"},"query-input":{"@type":"PropertyValueSpecification","valueRequired":true,"valueName":"search_term_string"}}],"inLanguage":"es"},{"@type":"Organization","@id":"https:\/\/www.alasmedios.com\/#organization","name":"Alas Medios","url":"https:\/\/www.alasmedios.com\/","logo":{"@type":"ImageObject","inLanguage":"es","@id":"https:\/\/www.alasmedios.com\/#\/schema\/logo\/image\/","url":"https:\/\/www.alasmedios.com\/wp-content\/uploads\/2026\/01\/cropped-cropped-GAM-1.png","contentUrl":"https:\/\/www.alasmedios.com\/wp-content\/uploads\/2026\/01\/cropped-cropped-GAM-1.png","width":467,"height":235,"caption":"Alas Medios"},"image":{"@id":"https:\/\/www.alasmedios.com\/#\/schema\/logo\/image\/"}},{"@type":"Person","@id":"https:\/\/www.alasmedios.com\/#\/schema\/person\/0ba31bdd19a05ebf5c7fef1fedf99c34","name":"Keila Rodr\u00edguez Pe\u00f1a","image":{"@type":"ImageObject","inLanguage":"es","@id":"https:\/\/secure.gravatar.com\/avatar\/a2553a2bfaa601b9d539b617c8793e151bdffb60f9e48a249912f86d4c9ebeef?s=96&d=mm&r=g","url":"https:\/\/secure.gravatar.com\/avatar\/a2553a2bfaa601b9d539b617c8793e151bdffb60f9e48a249912f86d4c9ebeef?s=96&d=mm&r=g","contentUrl":"https:\/\/secure.gravatar.com\/avatar\/a2553a2bfaa601b9d539b617c8793e151bdffb60f9e48a249912f86d4c9ebeef?s=96&d=mm&r=g","caption":"Keila Rodr\u00edguez Pe\u00f1a"},"sameAs":["http:\/\/www.alasmedios.com"],"url":"https:\/\/www.alasmedios.com\/index.php\/author\/keila\/"}]}},"_links":{"self":[{"href":"https:\/\/www.alasmedios.com\/index.php\/wp-json\/wp\/v2\/posts\/8187","targetHints":{"allow":["GET"]}}],"collection":[{"href":"https:\/\/www.alasmedios.com\/index.php\/wp-json\/wp\/v2\/posts"}],"about":[{"href":"https:\/\/www.alasmedios.com\/index.php\/wp-json\/wp\/v2\/types\/post"}],"author":[{"embeddable":true,"href":"https:\/\/www.alasmedios.com\/index.php\/wp-json\/wp\/v2\/users\/4"}],"replies":[{"embeddable":true,"href":"https:\/\/www.alasmedios.com\/index.php\/wp-json\/wp\/v2\/comments?post=8187"}],"version-history":[{"count":2,"href":"https:\/\/www.alasmedios.com\/index.php\/wp-json\/wp\/v2\/posts\/8187\/revisions"}],"predecessor-version":[{"id":8192,"href":"https:\/\/www.alasmedios.com\/index.php\/wp-json\/wp\/v2\/posts\/8187\/revisions\/8192"}],"wp:featuredmedia":[{"embeddable":true,"href":"https:\/\/www.alasmedios.com\/index.php\/wp-json\/wp\/v2\/media\/8190"}],"wp:attachment":[{"href":"https:\/\/www.alasmedios.com\/index.php\/wp-json\/wp\/v2\/media?parent=8187"}],"wp:term":[{"taxonomy":"category","embeddable":true,"href":"https:\/\/www.alasmedios.com\/index.php\/wp-json\/wp\/v2\/categories?post=8187"},{"taxonomy":"post_tag","embeddable":true,"href":"https:\/\/www.alasmedios.com\/index.php\/wp-json\/wp\/v2\/tags?post=8187"}],"curies":[{"name":"wp","href":"https:\/\/api.w.org\/{rel}","templated":true}]}}