{"id":8183,"date":"2026-03-11T13:32:30","date_gmt":"2026-03-11T19:32:30","guid":{"rendered":"https:\/\/www.alasmedios.com\/?p=8183"},"modified":"2026-03-11T13:32:35","modified_gmt":"2026-03-11T19:32:35","slug":"fuga-de-gas-en-tepeji-del-rio-realizan-quema-controlada-en-empresa-pilgrims-pride","status":"publish","type":"post","link":"https:\/\/www.alasmedios.com\/index.php\/2026\/03\/11\/fuga-de-gas-en-tepeji-del-rio-realizan-quema-controlada-en-empresa-pilgrims-pride\/","title":{"rendered":"Fuga de gas en Tepeji del R\u00edo; realizan quema controlada en empresa Pilgrim\u2019s Pride"},"content":{"rendered":"\n<p>Habitantes de <strong>Tepeji del R\u00edo<\/strong> reportaron olor a gas, Protecci\u00f3n Civil report\u00f3 una fuga de LP en la empresa <strong>Pilgrim\u2019s Pride<\/strong>, atendieron la situaci\u00f3n.<\/p>\n\n\n\n<p>Una <strong>fuga de gas licuado (gas LP)<\/strong> registrada al interior de la empresa <strong>Pilgrim\u2019s Pride<\/strong>, ubicada en la <strong>colonia San Mateo<\/strong>, en la zona urbana de <strong>Tepeji del R\u00edo<\/strong>, moviliz\u00f3 a cuerpos de emergencia y gener\u00f3 alerta entre habitantes de la zona.<\/p>\n\n\n\n<p>De acuerdo con informaci\u00f3n de la <strong>Unidad Municipal de Protecci\u00f3n Civil y Bomberos de Tepeji del R\u00edo<\/strong>, el incidente fue atendido por personal de emergencia que acudi\u00f3 al lugar para <strong>implementar acciones de control y prevenci\u00f3n de riesgos<\/strong>.<\/p>\n\n\n\n<p>CONTIN\u00daA LEYENDO: <a href=\"https:\/\/www.alasmedios.com\/index.php\/2026\/03\/11\/16-animales-regresan-a-su-habitat-en-la-barranca-de-metztitlan\/\" type=\"post\" id=\"8172\">16 animales regresan a su h\u00e1bitat en la Barranca de Metztitl\u00e1n<\/a><\/p>\n\n\n\n<p>Las autoridades informaron que el manejo de la situaci\u00f3n incluy\u00f3 una <strong>quema controlada del gas<\/strong>, estrategia utilizada para <strong>reducir la presi\u00f3n y evitar riesgos mayores para la poblaci\u00f3n<\/strong>.<\/p>\n\n\n\n<p>En las labores participaron elementos de <strong>Protecci\u00f3n Civil y Bomberos<\/strong>, quienes trabajaron <strong>de manera coordinada con personal de Petr\u00f3leos Mexicanos (Pemex)<\/strong> para ejecutar el procedimiento bajo protocolos de seguridad.<\/p>\n\n\n\n<figure class=\"wp-block-image size-large\"><img loading=\"lazy\" decoding=\"async\" width=\"1024\" height=\"576\" src=\"https:\/\/www.alasmedios.com\/wp-content\/uploads\/2026\/03\/Tepeji-del-Rio-fuga-gas-1-1024x576.jpg\" alt=\"\" class=\"wp-image-8185\" srcset=\"https:\/\/www.alasmedios.com\/wp-content\/uploads\/2026\/03\/Tepeji-del-Rio-fuga-gas-1-1024x576.jpg 1024w, https:\/\/www.alasmedios.com\/wp-content\/uploads\/2026\/03\/Tepeji-del-Rio-fuga-gas-1-300x169.jpg 300w, https:\/\/www.alasmedios.com\/wp-content\/uploads\/2026\/03\/Tepeji-del-Rio-fuga-gas-1-768x432.jpg 768w, https:\/\/www.alasmedios.com\/wp-content\/uploads\/2026\/03\/Tepeji-del-Rio-fuga-gas-1-1536x864.jpg 1536w, https:\/\/www.alasmedios.com\/wp-content\/uploads\/2026\/03\/Tepeji-del-Rio-fuga-gas-1.jpg 1600w\" sizes=\"auto, (max-width: 1024px) 100vw, 1024px\" \/><\/figure>\n\n\n\n<p>De forma paralela, el <strong>Sector Ductos Venta de Carpio, Santa Ana Atzcapotzaltongo<\/strong>, inform\u00f3 que durante la ma\u00f1ana del <strong>mi\u00e9rcoles 11 de marzo de 2026<\/strong> se realizaron <strong>trabajos de desfogue programado<\/strong>, iniciando alrededor de las <strong>10:10 horas<\/strong>.<\/p>\n\n\n\n<p>Las autoridades se\u00f1alaron que <strong>tanto el desfogue como la quema de gas en las instalaciones de Pilgrim\u2019s Pride se llevaron a cabo de manera controlada<\/strong>, siguiendo la <strong>normativa correspondiente para la protecci\u00f3n de la poblaci\u00f3n<\/strong>.<\/p>\n\n\n\n<p>TE PUEDE INTERESAR: <a href=\"https:\/\/www.alasmedios.com\/index.php\/2026\/03\/11\/estatua-de-trump-y-epstein-aparece-frente-al-capitolio-de-eu\/\" type=\"post\" id=\"8179\">Estatua de Trump y Epstein aparece frente al Capitolio de EU<\/a><\/p>\n\n\n\n<p>Ante la situaci\u00f3n, se pidi\u00f3 a la ciudadan\u00eda <strong>mantener la calma, evitar difundir informaci\u00f3n falsa y mantenerse atenta a los reportes oficiales<\/strong>, mientras se desarrollaban las acciones para controlar el incidente.<\/p>\n\n\n\n<p>El operativo permiti\u00f3 <strong>mantener bajo control la fuga de gas<\/strong> y prevenir posibles riesgos en las zonas cercanas a la empresa y a la infraestructura relacionada con el sistema de ductos.<\/p>\n\n\n<ul class=\"wp-block-latest-posts__list is-grid columns-3 wp-block-latest-posts\"><li><div class=\"wp-block-latest-posts__featured-image\"><img loading=\"lazy\" decoding=\"async\" width=\"150\" height=\"150\" src=\"https:\/\/www.alasmedios.com\/wp-content\/uploads\/2026\/04\/Argentina-decomisan-bienes-Cristina-Kirchner-150x150.png\" class=\"attachment-thumbnail size-thumbnail wp-post-image\" alt=\"\" style=\"\" \/><\/div><a class=\"wp-block-latest-posts__post-title\" href=\"https:\/\/www.alasmedios.com\/index.php\/2026\/04\/25\/caso-vialidad-argentina-ratifica-decomiso-millonario-a-cristina-kirchner\/\">Caso Vialidad: Argentina ratifica decomiso millonario a Cristina Kirchner<\/a><\/li>\n<li><div class=\"wp-block-latest-posts__featured-image\"><img loading=\"lazy\" decoding=\"async\" width=\"150\" height=\"150\" src=\"https:\/\/www.alasmedios.com\/wp-content\/uploads\/2026\/04\/Puebla-desaparecida-Aguascalientes-150x150.jpeg\" class=\"attachment-thumbnail size-thumbnail wp-post-image\" alt=\"\" style=\"\" \/><\/div><a class=\"wp-block-latest-posts__post-title\" href=\"https:\/\/www.alasmedios.com\/index.php\/2026\/04\/25\/localizan-con-vida-en-aguascalientes-a-adolescente-desaparecida-en-puebla\/\">Localizan con vida en Aguascalientes a adolescente desaparecida en Puebla<\/a><\/li>\n<li><div class=\"wp-block-latest-posts__featured-image\"><img loading=\"lazy\" decoding=\"async\" width=\"150\" height=\"150\" src=\"https:\/\/www.alasmedios.com\/wp-content\/uploads\/2026\/04\/podio-de-la-Copa-del-Mundo-de-Ciclismo-150x150.jpg\" class=\"attachment-thumbnail size-thumbnail wp-post-image\" alt=\"\" style=\"\" \/><\/div><a class=\"wp-block-latest-posts__post-title\" href=\"https:\/\/www.alasmedios.com\/index.php\/2026\/04\/25\/mexico-arranca-con-doble-podio-en-la-copa-del-mundo-de-pista-en-malasia\/\">M\u00e9xico arranca con doble podio en la Copa del Mundo de Pista en Malasia<\/a><\/li>\n<\/ul>","protected":false},"excerpt":{"rendered":"<p>Habitantes de Tepeji del R\u00edo reportaron olor a gas, Protecci\u00f3n Civil report\u00f3 una fuga de LP en la empresa Pilgrim\u2019s<\/p>\n","protected":false},"author":4,"featured_media":8184,"comment_status":"open","ping_status":"open","sticky":false,"template":"","format":"standard","meta":{"colormag_page_container_layout":"default_layout","colormag_page_sidebar_layout":"default_layout","rop_custom_images_group":[],"rop_custom_messages_group":[],"rop_publish_now":"initial","rop_publish_now_accounts":[],"rop_publish_now_history":[],"rop_publish_now_status":"pending","iawp_total_views":15,"footnotes":""},"categories":[41],"tags":[3454,3453,634],"class_list":["post-8183","post","type-post","status-publish","format-standard","has-post-thumbnail","hentry","category-hidalgo","tag-fuga-de-gas","tag-pilgrims-pride","tag-tepeji-del-rio"],"magazineBlocksPostFeaturedMedia":{"thumbnail":"https:\/\/www.alasmedios.com\/wp-content\/uploads\/2026\/03\/Tepeji-del-Rio-fuga-gas-150x150.png","medium":"https:\/\/www.alasmedios.com\/wp-content\/uploads\/2026\/03\/Tepeji-del-Rio-fuga-gas-300x182.png","medium_large":"https:\/\/www.alasmedios.com\/wp-content\/uploads\/2026\/03\/Tepeji-del-Rio-fuga-gas-768x466.png","large":"https:\/\/www.alasmedios.com\/wp-content\/uploads\/2026\/03\/Tepeji-del-Rio-fuga-gas-1024x622.png","1536x1536":"https:\/\/www.alasmedios.com\/wp-content\/uploads\/2026\/03\/Tepeji-del-Rio-fuga-gas-1536x932.png","2048x2048":"https:\/\/www.alasmedios.com\/wp-content\/uploads\/2026\/03\/Tepeji-del-Rio-fuga-gas.png","colormag-highlighted-post":"https:\/\/www.alasmedios.com\/wp-content\/uploads\/2026\/03\/Tepeji-del-Rio-fuga-gas-392x272.png","colormag-featured-post-medium":"https:\/\/www.alasmedios.com\/wp-content\/uploads\/2026\/03\/Tepeji-del-Rio-fuga-gas-390x205.png","colormag-featured-post-small":"https:\/\/www.alasmedios.com\/wp-content\/uploads\/2026\/03\/Tepeji-del-Rio-fuga-gas-130x90.png","colormag-featured-image":"https:\/\/www.alasmedios.com\/wp-content\/uploads\/2026\/03\/Tepeji-del-Rio-fuga-gas-800x445.png","colormag-default-news":"https:\/\/www.alasmedios.com\/wp-content\/uploads\/2026\/03\/Tepeji-del-Rio-fuga-gas-150x150.png","colormag-featured-image-large":"https:\/\/www.alasmedios.com\/wp-content\/uploads\/2026\/03\/Tepeji-del-Rio-fuga-gas-1400x600.png"},"magazineBlocksPostAuthor":{"name":"Keila Rodr\u00edguez Pe\u00f1a","avatar":"https:\/\/secure.gravatar.com\/avatar\/a2553a2bfaa601b9d539b617c8793e151bdffb60f9e48a249912f86d4c9ebeef?s=96&d=mm&r=g"},"magazineBlocksPostCommentsNumber":"0","magazineBlocksPostExcerpt":"Habitantes de Tepeji del R\u00edo reportaron olor a gas, Protecci\u00f3n Civil report\u00f3 una fuga de LP en la empresa Pilgrim\u2019s","magazineBlocksPostCategories":["Hidalgo"],"magazineBlocksPostViewCount":28,"magazineBlocksPostReadTime":2,"magazine_blocks_featured_image_url":{"full":["https:\/\/www.alasmedios.com\/wp-content\/uploads\/2026\/03\/Tepeji-del-Rio-fuga-gas.png",2000,1214,false],"medium":["https:\/\/www.alasmedios.com\/wp-content\/uploads\/2026\/03\/Tepeji-del-Rio-fuga-gas-300x182.png",300,182,true],"thumbnail":["https:\/\/www.alasmedios.com\/wp-content\/uploads\/2026\/03\/Tepeji-del-Rio-fuga-gas-150x150.png",150,150,true]},"magazine_blocks_author":{"display_name":"Keila Rodr\u00edguez Pe\u00f1a","author_link":"https:\/\/www.alasmedios.com\/index.php\/author\/keila\/"},"magazine_blocks_comment":0,"magazine_blocks_author_image":"https:\/\/secure.gravatar.com\/avatar\/a2553a2bfaa601b9d539b617c8793e151bdffb60f9e48a249912f86d4c9ebeef?s=96&d=mm&r=g","magazine_blocks_category":"<a href=\"#\" class=\"category-link category-link-41\">Hidalgo<\/a>","yoast_head":"<!-- This site is optimized with the Yoast SEO plugin v27.4 - https:\/\/yoast.com\/product\/yoast-seo-wordpress\/ -->\r\n<title>Fuga de gas en Tepeji del R\u00edo; realizan quema controlada en empresa Pilgrim\u2019s Pride<\/title>\r\n<meta name=\"description\" content=\"Habitantes de Tepeji del R\u00edo reportaron olor a gas, Protecci\u00f3n Civil report\u00f3 una fuga de LP en la empresa Pilgrim\u2019s Pride\" \/>\r\n<meta name=\"robots\" content=\"index, follow, max-snippet:-1, max-image-preview:large, max-video-preview:-1\" \/>\r\n<link rel=\"canonical\" href=\"https:\/\/www.alasmedios.com\/index.php\/2026\/03\/11\/fuga-de-gas-en-tepeji-del-rio-realizan-quema-controlada-en-empresa-pilgrims-pride\/\" \/>\r\n<meta property=\"og:locale\" content=\"es_MX\" \/>\r\n<meta property=\"og:type\" content=\"article\" \/>\r\n<meta property=\"og:title\" content=\"Fuga de gas en Tepeji del R\u00edo; realizan quema controlada en empresa Pilgrim\u2019s Pride\" \/>\r\n<meta property=\"og:description\" content=\"Habitantes de Tepeji del R\u00edo reportaron olor a gas, Protecci\u00f3n Civil report\u00f3 una fuga de LP en la empresa Pilgrim\u2019s Pride\" \/>\r\n<meta property=\"og:url\" content=\"https:\/\/www.alasmedios.com\/index.php\/2026\/03\/11\/fuga-de-gas-en-tepeji-del-rio-realizan-quema-controlada-en-empresa-pilgrims-pride\/\" \/>\r\n<meta property=\"og:site_name\" content=\"Alas Medios\" \/>\r\n<meta property=\"article:published_time\" content=\"2026-03-11T19:32:30+00:00\" \/>\r\n<meta property=\"article:modified_time\" content=\"2026-03-11T19:32:35+00:00\" \/>\r\n<meta property=\"og:image\" content=\"https:\/\/www.alasmedios.com\/wp-content\/uploads\/2026\/03\/Tepeji-del-Rio-fuga-gas-1024x622.png\" \/>\r\n\t<meta property=\"og:image:width\" content=\"1024\" \/>\r\n\t<meta property=\"og:image:height\" content=\"622\" \/>\r\n\t<meta property=\"og:image:type\" content=\"image\/png\" \/>\r\n<meta name=\"author\" content=\"Keila Rodr\u00edguez Pe\u00f1a\" \/>\r\n<meta name=\"twitter:card\" content=\"summary_large_image\" \/>\r\n<meta name=\"twitter:label1\" content=\"Escrito por\" \/>\n\t<meta name=\"twitter:data1\" content=\"Keila Rodr\u00edguez Pe\u00f1a\" \/>\n\t<meta name=\"twitter:label2\" content=\"Tiempo de lectura\" \/>\n\t<meta name=\"twitter:data2\" content=\"2 minutos\" \/>\r\n<script type=\"application\/ld+json\" class=\"yoast-schema-graph\">{\"@context\":\"https:\\\/\\\/schema.org\",\"@graph\":[{\"@type\":\"Article\",\"@id\":\"https:\\\/\\\/www.alasmedios.com\\\/index.php\\\/2026\\\/03\\\/11\\\/fuga-de-gas-en-tepeji-del-rio-realizan-quema-controlada-en-empresa-pilgrims-pride\\\/#article\",\"isPartOf\":{\"@id\":\"https:\\\/\\\/www.alasmedios.com\\\/index.php\\\/2026\\\/03\\\/11\\\/fuga-de-gas-en-tepeji-del-rio-realizan-quema-controlada-en-empresa-pilgrims-pride\\\/\"},\"author\":{\"name\":\"Keila Rodr\u00edguez Pe\u00f1a\",\"@id\":\"https:\\\/\\\/www.alasmedios.com\\\/#\\\/schema\\\/person\\\/0ba31bdd19a05ebf5c7fef1fedf99c34\"},\"headline\":\"Fuga de gas en Tepeji del R\u00edo; realizan quema controlada en empresa Pilgrim\u2019s Pride\",\"datePublished\":\"2026-03-11T19:32:30+00:00\",\"dateModified\":\"2026-03-11T19:32:35+00:00\",\"mainEntityOfPage\":{\"@id\":\"https:\\\/\\\/www.alasmedios.com\\\/index.php\\\/2026\\\/03\\\/11\\\/fuga-de-gas-en-tepeji-del-rio-realizan-quema-controlada-en-empresa-pilgrims-pride\\\/\"},\"wordCount\":360,\"commentCount\":0,\"publisher\":{\"@id\":\"https:\\\/\\\/www.alasmedios.com\\\/#organization\"},\"image\":{\"@id\":\"https:\\\/\\\/www.alasmedios.com\\\/index.php\\\/2026\\\/03\\\/11\\\/fuga-de-gas-en-tepeji-del-rio-realizan-quema-controlada-en-empresa-pilgrims-pride\\\/#primaryimage\"},\"thumbnailUrl\":\"https:\\\/\\\/www.alasmedios.com\\\/wp-content\\\/uploads\\\/2026\\\/03\\\/Tepeji-del-Rio-fuga-gas.png\",\"keywords\":[\"fuga de gas\",\"Pilgrim\u2019s Pride\",\"Tepeji del R\u00edo\"],\"articleSection\":[\"Hidalgo\"],\"inLanguage\":\"es\",\"potentialAction\":[{\"@type\":\"CommentAction\",\"name\":\"Comment\",\"target\":[\"https:\\\/\\\/www.alasmedios.com\\\/index.php\\\/2026\\\/03\\\/11\\\/fuga-de-gas-en-tepeji-del-rio-realizan-quema-controlada-en-empresa-pilgrims-pride\\\/#respond\"]}]},{\"@type\":\"WebPage\",\"@id\":\"https:\\\/\\\/www.alasmedios.com\\\/index.php\\\/2026\\\/03\\\/11\\\/fuga-de-gas-en-tepeji-del-rio-realizan-quema-controlada-en-empresa-pilgrims-pride\\\/\",\"url\":\"https:\\\/\\\/www.alasmedios.com\\\/index.php\\\/2026\\\/03\\\/11\\\/fuga-de-gas-en-tepeji-del-rio-realizan-quema-controlada-en-empresa-pilgrims-pride\\\/\",\"name\":\"Fuga de gas en Tepeji del R\u00edo; realizan quema controlada en empresa Pilgrim\u2019s Pride\",\"isPartOf\":{\"@id\":\"https:\\\/\\\/www.alasmedios.com\\\/#website\"},\"primaryImageOfPage\":{\"@id\":\"https:\\\/\\\/www.alasmedios.com\\\/index.php\\\/2026\\\/03\\\/11\\\/fuga-de-gas-en-tepeji-del-rio-realizan-quema-controlada-en-empresa-pilgrims-pride\\\/#primaryimage\"},\"image\":{\"@id\":\"https:\\\/\\\/www.alasmedios.com\\\/index.php\\\/2026\\\/03\\\/11\\\/fuga-de-gas-en-tepeji-del-rio-realizan-quema-controlada-en-empresa-pilgrims-pride\\\/#primaryimage\"},\"thumbnailUrl\":\"https:\\\/\\\/www.alasmedios.com\\\/wp-content\\\/uploads\\\/2026\\\/03\\\/Tepeji-del-Rio-fuga-gas.png\",\"datePublished\":\"2026-03-11T19:32:30+00:00\",\"dateModified\":\"2026-03-11T19:32:35+00:00\",\"description\":\"Habitantes de Tepeji del R\u00edo reportaron olor a gas, Protecci\u00f3n Civil report\u00f3 una fuga de LP en la empresa Pilgrim\u2019s Pride\",\"breadcrumb\":{\"@id\":\"https:\\\/\\\/www.alasmedios.com\\\/index.php\\\/2026\\\/03\\\/11\\\/fuga-de-gas-en-tepeji-del-rio-realizan-quema-controlada-en-empresa-pilgrims-pride\\\/#breadcrumb\"},\"inLanguage\":\"es\",\"potentialAction\":[{\"@type\":\"ReadAction\",\"target\":[\"https:\\\/\\\/www.alasmedios.com\\\/index.php\\\/2026\\\/03\\\/11\\\/fuga-de-gas-en-tepeji-del-rio-realizan-quema-controlada-en-empresa-pilgrims-pride\\\/\"]}]},{\"@type\":\"ImageObject\",\"inLanguage\":\"es\",\"@id\":\"https:\\\/\\\/www.alasmedios.com\\\/index.php\\\/2026\\\/03\\\/11\\\/fuga-de-gas-en-tepeji-del-rio-realizan-quema-controlada-en-empresa-pilgrims-pride\\\/#primaryimage\",\"url\":\"https:\\\/\\\/www.alasmedios.com\\\/wp-content\\\/uploads\\\/2026\\\/03\\\/Tepeji-del-Rio-fuga-gas.png\",\"contentUrl\":\"https:\\\/\\\/www.alasmedios.com\\\/wp-content\\\/uploads\\\/2026\\\/03\\\/Tepeji-del-Rio-fuga-gas.png\",\"width\":2000,\"height\":1214},{\"@type\":\"BreadcrumbList\",\"@id\":\"https:\\\/\\\/www.alasmedios.com\\\/index.php\\\/2026\\\/03\\\/11\\\/fuga-de-gas-en-tepeji-del-rio-realizan-quema-controlada-en-empresa-pilgrims-pride\\\/#breadcrumb\",\"itemListElement\":[{\"@type\":\"ListItem\",\"position\":1,\"name\":\"Inicio\",\"item\":\"https:\\\/\\\/www.alasmedios.com\\\/\"},{\"@type\":\"ListItem\",\"position\":2,\"name\":\"Fuga de gas en Tepeji del R\u00edo; realizan quema controlada en empresa Pilgrim\u2019s Pride\"}]},{\"@type\":\"WebSite\",\"@id\":\"https:\\\/\\\/www.alasmedios.com\\\/#website\",\"url\":\"https:\\\/\\\/www.alasmedios.com\\\/\",\"name\":\"Alas Medios\",\"description\":\"Alas para pensar, Alas para volar, Alas de libertad\",\"publisher\":{\"@id\":\"https:\\\/\\\/www.alasmedios.com\\\/#organization\"},\"potentialAction\":[{\"@type\":\"SearchAction\",\"target\":{\"@type\":\"EntryPoint\",\"urlTemplate\":\"https:\\\/\\\/www.alasmedios.com\\\/?s={search_term_string}\"},\"query-input\":{\"@type\":\"PropertyValueSpecification\",\"valueRequired\":true,\"valueName\":\"search_term_string\"}}],\"inLanguage\":\"es\"},{\"@type\":\"Organization\",\"@id\":\"https:\\\/\\\/www.alasmedios.com\\\/#organization\",\"name\":\"Alas Medios\",\"url\":\"https:\\\/\\\/www.alasmedios.com\\\/\",\"logo\":{\"@type\":\"ImageObject\",\"inLanguage\":\"es\",\"@id\":\"https:\\\/\\\/www.alasmedios.com\\\/#\\\/schema\\\/logo\\\/image\\\/\",\"url\":\"https:\\\/\\\/www.alasmedios.com\\\/wp-content\\\/uploads\\\/2026\\\/01\\\/cropped-cropped-GAM-1.png\",\"contentUrl\":\"https:\\\/\\\/www.alasmedios.com\\\/wp-content\\\/uploads\\\/2026\\\/01\\\/cropped-cropped-GAM-1.png\",\"width\":467,\"height\":235,\"caption\":\"Alas Medios\"},\"image\":{\"@id\":\"https:\\\/\\\/www.alasmedios.com\\\/#\\\/schema\\\/logo\\\/image\\\/\"}},{\"@type\":\"Person\",\"@id\":\"https:\\\/\\\/www.alasmedios.com\\\/#\\\/schema\\\/person\\\/0ba31bdd19a05ebf5c7fef1fedf99c34\",\"name\":\"Keila Rodr\u00edguez Pe\u00f1a\",\"image\":{\"@type\":\"ImageObject\",\"inLanguage\":\"es\",\"@id\":\"https:\\\/\\\/secure.gravatar.com\\\/avatar\\\/a2553a2bfaa601b9d539b617c8793e151bdffb60f9e48a249912f86d4c9ebeef?s=96&d=mm&r=g\",\"url\":\"https:\\\/\\\/secure.gravatar.com\\\/avatar\\\/a2553a2bfaa601b9d539b617c8793e151bdffb60f9e48a249912f86d4c9ebeef?s=96&d=mm&r=g\",\"contentUrl\":\"https:\\\/\\\/secure.gravatar.com\\\/avatar\\\/a2553a2bfaa601b9d539b617c8793e151bdffb60f9e48a249912f86d4c9ebeef?s=96&d=mm&r=g\",\"caption\":\"Keila Rodr\u00edguez Pe\u00f1a\"},\"sameAs\":[\"http:\\\/\\\/www.alasmedios.com\"],\"url\":\"https:\\\/\\\/www.alasmedios.com\\\/index.php\\\/author\\\/keila\\\/\"}]}<\/script>\r\n<!-- \/ Yoast SEO plugin. -->","yoast_head_json":{"title":"Fuga de gas en Tepeji del R\u00edo; realizan quema controlada en empresa Pilgrim\u2019s Pride","description":"Habitantes de Tepeji del R\u00edo reportaron olor a gas, Protecci\u00f3n Civil report\u00f3 una fuga de LP en la empresa Pilgrim\u2019s Pride","robots":{"index":"index","follow":"follow","max-snippet":"max-snippet:-1","max-image-preview":"max-image-preview:large","max-video-preview":"max-video-preview:-1"},"canonical":"https:\/\/www.alasmedios.com\/index.php\/2026\/03\/11\/fuga-de-gas-en-tepeji-del-rio-realizan-quema-controlada-en-empresa-pilgrims-pride\/","og_locale":"es_MX","og_type":"article","og_title":"Fuga de gas en Tepeji del R\u00edo; realizan quema controlada en empresa Pilgrim\u2019s Pride","og_description":"Habitantes de Tepeji del R\u00edo reportaron olor a gas, Protecci\u00f3n Civil report\u00f3 una fuga de LP en la empresa Pilgrim\u2019s Pride","og_url":"https:\/\/www.alasmedios.com\/index.php\/2026\/03\/11\/fuga-de-gas-en-tepeji-del-rio-realizan-quema-controlada-en-empresa-pilgrims-pride\/","og_site_name":"Alas Medios","article_published_time":"2026-03-11T19:32:30+00:00","article_modified_time":"2026-03-11T19:32:35+00:00","og_image":[{"width":1024,"height":622,"url":"https:\/\/www.alasmedios.com\/wp-content\/uploads\/2026\/03\/Tepeji-del-Rio-fuga-gas-1024x622.png","type":"image\/png"}],"author":"Keila Rodr\u00edguez Pe\u00f1a","twitter_card":"summary_large_image","twitter_misc":{"Escrito por":"Keila Rodr\u00edguez Pe\u00f1a","Tiempo de lectura":"2 minutos"},"schema":{"@context":"https:\/\/schema.org","@graph":[{"@type":"Article","@id":"https:\/\/www.alasmedios.com\/index.php\/2026\/03\/11\/fuga-de-gas-en-tepeji-del-rio-realizan-quema-controlada-en-empresa-pilgrims-pride\/#article","isPartOf":{"@id":"https:\/\/www.alasmedios.com\/index.php\/2026\/03\/11\/fuga-de-gas-en-tepeji-del-rio-realizan-quema-controlada-en-empresa-pilgrims-pride\/"},"author":{"name":"Keila Rodr\u00edguez Pe\u00f1a","@id":"https:\/\/www.alasmedios.com\/#\/schema\/person\/0ba31bdd19a05ebf5c7fef1fedf99c34"},"headline":"Fuga de gas en Tepeji del R\u00edo; realizan quema controlada en empresa Pilgrim\u2019s Pride","datePublished":"2026-03-11T19:32:30+00:00","dateModified":"2026-03-11T19:32:35+00:00","mainEntityOfPage":{"@id":"https:\/\/www.alasmedios.com\/index.php\/2026\/03\/11\/fuga-de-gas-en-tepeji-del-rio-realizan-quema-controlada-en-empresa-pilgrims-pride\/"},"wordCount":360,"commentCount":0,"publisher":{"@id":"https:\/\/www.alasmedios.com\/#organization"},"image":{"@id":"https:\/\/www.alasmedios.com\/index.php\/2026\/03\/11\/fuga-de-gas-en-tepeji-del-rio-realizan-quema-controlada-en-empresa-pilgrims-pride\/#primaryimage"},"thumbnailUrl":"https:\/\/www.alasmedios.com\/wp-content\/uploads\/2026\/03\/Tepeji-del-Rio-fuga-gas.png","keywords":["fuga de gas","Pilgrim\u2019s Pride","Tepeji del R\u00edo"],"articleSection":["Hidalgo"],"inLanguage":"es","potentialAction":[{"@type":"CommentAction","name":"Comment","target":["https:\/\/www.alasmedios.com\/index.php\/2026\/03\/11\/fuga-de-gas-en-tepeji-del-rio-realizan-quema-controlada-en-empresa-pilgrims-pride\/#respond"]}]},{"@type":"WebPage","@id":"https:\/\/www.alasmedios.com\/index.php\/2026\/03\/11\/fuga-de-gas-en-tepeji-del-rio-realizan-quema-controlada-en-empresa-pilgrims-pride\/","url":"https:\/\/www.alasmedios.com\/index.php\/2026\/03\/11\/fuga-de-gas-en-tepeji-del-rio-realizan-quema-controlada-en-empresa-pilgrims-pride\/","name":"Fuga de gas en Tepeji del R\u00edo; realizan quema controlada en empresa Pilgrim\u2019s Pride","isPartOf":{"@id":"https:\/\/www.alasmedios.com\/#website"},"primaryImageOfPage":{"@id":"https:\/\/www.alasmedios.com\/index.php\/2026\/03\/11\/fuga-de-gas-en-tepeji-del-rio-realizan-quema-controlada-en-empresa-pilgrims-pride\/#primaryimage"},"image":{"@id":"https:\/\/www.alasmedios.com\/index.php\/2026\/03\/11\/fuga-de-gas-en-tepeji-del-rio-realizan-quema-controlada-en-empresa-pilgrims-pride\/#primaryimage"},"thumbnailUrl":"https:\/\/www.alasmedios.com\/wp-content\/uploads\/2026\/03\/Tepeji-del-Rio-fuga-gas.png","datePublished":"2026-03-11T19:32:30+00:00","dateModified":"2026-03-11T19:32:35+00:00","description":"Habitantes de Tepeji del R\u00edo reportaron olor a gas, Protecci\u00f3n Civil report\u00f3 una fuga de LP en la empresa Pilgrim\u2019s Pride","breadcrumb":{"@id":"https:\/\/www.alasmedios.com\/index.php\/2026\/03\/11\/fuga-de-gas-en-tepeji-del-rio-realizan-quema-controlada-en-empresa-pilgrims-pride\/#breadcrumb"},"inLanguage":"es","potentialAction":[{"@type":"ReadAction","target":["https:\/\/www.alasmedios.com\/index.php\/2026\/03\/11\/fuga-de-gas-en-tepeji-del-rio-realizan-quema-controlada-en-empresa-pilgrims-pride\/"]}]},{"@type":"ImageObject","inLanguage":"es","@id":"https:\/\/www.alasmedios.com\/index.php\/2026\/03\/11\/fuga-de-gas-en-tepeji-del-rio-realizan-quema-controlada-en-empresa-pilgrims-pride\/#primaryimage","url":"https:\/\/www.alasmedios.com\/wp-content\/uploads\/2026\/03\/Tepeji-del-Rio-fuga-gas.png","contentUrl":"https:\/\/www.alasmedios.com\/wp-content\/uploads\/2026\/03\/Tepeji-del-Rio-fuga-gas.png","width":2000,"height":1214},{"@type":"BreadcrumbList","@id":"https:\/\/www.alasmedios.com\/index.php\/2026\/03\/11\/fuga-de-gas-en-tepeji-del-rio-realizan-quema-controlada-en-empresa-pilgrims-pride\/#breadcrumb","itemListElement":[{"@type":"ListItem","position":1,"name":"Inicio","item":"https:\/\/www.alasmedios.com\/"},{"@type":"ListItem","position":2,"name":"Fuga de gas en Tepeji del R\u00edo; realizan quema controlada en empresa Pilgrim\u2019s Pride"}]},{"@type":"WebSite","@id":"https:\/\/www.alasmedios.com\/#website","url":"https:\/\/www.alasmedios.com\/","name":"Alas Medios","description":"Alas para pensar, Alas para volar, Alas de libertad","publisher":{"@id":"https:\/\/www.alasmedios.com\/#organization"},"potentialAction":[{"@type":"SearchAction","target":{"@type":"EntryPoint","urlTemplate":"https:\/\/www.alasmedios.com\/?s={search_term_string}"},"query-input":{"@type":"PropertyValueSpecification","valueRequired":true,"valueName":"search_term_string"}}],"inLanguage":"es"},{"@type":"Organization","@id":"https:\/\/www.alasmedios.com\/#organization","name":"Alas Medios","url":"https:\/\/www.alasmedios.com\/","logo":{"@type":"ImageObject","inLanguage":"es","@id":"https:\/\/www.alasmedios.com\/#\/schema\/logo\/image\/","url":"https:\/\/www.alasmedios.com\/wp-content\/uploads\/2026\/01\/cropped-cropped-GAM-1.png","contentUrl":"https:\/\/www.alasmedios.com\/wp-content\/uploads\/2026\/01\/cropped-cropped-GAM-1.png","width":467,"height":235,"caption":"Alas Medios"},"image":{"@id":"https:\/\/www.alasmedios.com\/#\/schema\/logo\/image\/"}},{"@type":"Person","@id":"https:\/\/www.alasmedios.com\/#\/schema\/person\/0ba31bdd19a05ebf5c7fef1fedf99c34","name":"Keila Rodr\u00edguez Pe\u00f1a","image":{"@type":"ImageObject","inLanguage":"es","@id":"https:\/\/secure.gravatar.com\/avatar\/a2553a2bfaa601b9d539b617c8793e151bdffb60f9e48a249912f86d4c9ebeef?s=96&d=mm&r=g","url":"https:\/\/secure.gravatar.com\/avatar\/a2553a2bfaa601b9d539b617c8793e151bdffb60f9e48a249912f86d4c9ebeef?s=96&d=mm&r=g","contentUrl":"https:\/\/secure.gravatar.com\/avatar\/a2553a2bfaa601b9d539b617c8793e151bdffb60f9e48a249912f86d4c9ebeef?s=96&d=mm&r=g","caption":"Keila Rodr\u00edguez Pe\u00f1a"},"sameAs":["http:\/\/www.alasmedios.com"],"url":"https:\/\/www.alasmedios.com\/index.php\/author\/keila\/"}]}},"_links":{"self":[{"href":"https:\/\/www.alasmedios.com\/index.php\/wp-json\/wp\/v2\/posts\/8183","targetHints":{"allow":["GET"]}}],"collection":[{"href":"https:\/\/www.alasmedios.com\/index.php\/wp-json\/wp\/v2\/posts"}],"about":[{"href":"https:\/\/www.alasmedios.com\/index.php\/wp-json\/wp\/v2\/types\/post"}],"author":[{"embeddable":true,"href":"https:\/\/www.alasmedios.com\/index.php\/wp-json\/wp\/v2\/users\/4"}],"replies":[{"embeddable":true,"href":"https:\/\/www.alasmedios.com\/index.php\/wp-json\/wp\/v2\/comments?post=8183"}],"version-history":[{"count":1,"href":"https:\/\/www.alasmedios.com\/index.php\/wp-json\/wp\/v2\/posts\/8183\/revisions"}],"predecessor-version":[{"id":8186,"href":"https:\/\/www.alasmedios.com\/index.php\/wp-json\/wp\/v2\/posts\/8183\/revisions\/8186"}],"wp:featuredmedia":[{"embeddable":true,"href":"https:\/\/www.alasmedios.com\/index.php\/wp-json\/wp\/v2\/media\/8184"}],"wp:attachment":[{"href":"https:\/\/www.alasmedios.com\/index.php\/wp-json\/wp\/v2\/media?parent=8183"}],"wp:term":[{"taxonomy":"category","embeddable":true,"href":"https:\/\/www.alasmedios.com\/index.php\/wp-json\/wp\/v2\/categories?post=8183"},{"taxonomy":"post_tag","embeddable":true,"href":"https:\/\/www.alasmedios.com\/index.php\/wp-json\/wp\/v2\/tags?post=8183"}],"curies":[{"name":"wp","href":"https:\/\/api.w.org\/{rel}","templated":true}]}}