{"id":8179,"date":"2026-03-11T12:05:17","date_gmt":"2026-03-11T18:05:17","guid":{"rendered":"https:\/\/www.alasmedios.com\/?p=8179"},"modified":"2026-03-11T12:05:23","modified_gmt":"2026-03-11T18:05:23","slug":"estatua-de-trump-y-epstein-aparece-frente-al-capitolio-de-eu","status":"publish","type":"post","link":"https:\/\/www.alasmedios.com\/index.php\/2026\/03\/11\/estatua-de-trump-y-epstein-aparece-frente-al-capitolio-de-eu\/","title":{"rendered":"Estatua de Trump y Epstein aparece frente al Capitolio de EU"},"content":{"rendered":"\n<p>Una <strong>escultura monumental que representa al presidente de Estados Unidos, Donald Trump, junto al fallecido delincuente sexual Jeffrey Epstein<\/strong> fue instalada el martes en el <strong>National Mall<\/strong>, muy cerca del <strong>Capitolio estadounidense<\/strong>, generando sorpresa entre visitantes y nuevas reacciones pol\u00edticas.<\/p>\n\n\n\n<p>La obra, titulada <strong>\u201cKing of the World\u201d<\/strong>, recrea la <strong>ic\u00f3nica escena de la pel\u00edcula <em>Titanic<\/em> (1997)<\/strong> en la que los protagonistas se colocan juntos en la proa del barco. En la pieza, <strong>Trump y Epstein aparecen en una postura similar<\/strong>, evocando ese momento cinematogr\u00e1fico.<\/p>\n\n\n\n<p>En la base de la estructura se coloc\u00f3 una placa que hace alusi\u00f3n a la cinta y afirma que <strong>\u201ceste monumento honra el v\u00ednculo entre Donald Trump y Jeffrey Epstein\u201d<\/strong>, una frase que ha sido interpretada como <strong>cr\u00edtica pol\u00edtica y social<\/strong>.<\/p>\n\n\n\n<p>CONTIN\u00daA LEYENDO: <a href=\"https:\/\/www.alasmedios.com\/index.php\/2026\/03\/04\/ningun-pais-garantiza-justicia-plena-para-mujeres-y-ninas\/\" type=\"post\" id=\"8078\">Ning\u00fan pa\u00eds garantiza justicia plena para mujeres y ni\u00f1as<\/a><\/p>\n\n\n\n<p>La escultura fue instalada frente a <strong>pancartas con im\u00e1genes de Trump y Epstein<\/strong> acompa\u00f1adas de la frase <strong>\u201cMake America Safe Again\u201d<\/strong>, mientras <strong>turistas y visitantes del National Mall<\/strong> fueron vistos tomando fotograf\u00edas del inusual montaje.<\/p>\n\n\n\n<p>De acuerdo con informaci\u00f3n difundida por <strong>The New Republic<\/strong>, la pieza forma parte de una serie de <strong>instalaciones de protesta del colectivo an\u00f3nimo Secret Handshake<\/strong>, cuyos integrantes no han revelado su identidad.<\/p>\n\n\n\n<p>No es la primera acci\u00f3n del grupo en el lugar. En <strong>septiembre<\/strong>, colocaron frente al <strong>Capitolio<\/strong> una <strong>escultura que mostraba a Trump y Epstein tomados de la mano<\/strong>, aunque la instalaci\u00f3n fue retirada poco tiempo despu\u00e9s.<\/p>\n\n\n\n<p>El colectivo tambi\u00e9n ha realizado otras intervenciones provocadoras, entre ellas <strong>una estatua de excremento dirigida a los participantes del asalto del 6 de enero al Capitolio<\/strong> y <strong>una r\u00e9plica gigante de la supuesta carta de cumplea\u00f1os que Trump habr\u00eda enviado a Epstein<\/strong>.<\/p>\n\n\n\n<figure class=\"wp-block-image size-large\"><img loading=\"lazy\" decoding=\"async\" width=\"1024\" height=\"683\" src=\"https:\/\/www.alasmedios.com\/wp-content\/uploads\/2026\/03\/the-king-of-the-world-1024x683.jpg\" alt=\"\" class=\"wp-image-8181\" srcset=\"https:\/\/www.alasmedios.com\/wp-content\/uploads\/2026\/03\/the-king-of-the-world-1024x683.jpg 1024w, https:\/\/www.alasmedios.com\/wp-content\/uploads\/2026\/03\/the-king-of-the-world-300x200.jpg 300w, https:\/\/www.alasmedios.com\/wp-content\/uploads\/2026\/03\/the-king-of-the-world-768x512.jpg 768w, https:\/\/www.alasmedios.com\/wp-content\/uploads\/2026\/03\/the-king-of-the-world-1536x1025.jpg 1536w, https:\/\/www.alasmedios.com\/wp-content\/uploads\/2026\/03\/the-king-of-the-world.jpg 2048w\" sizes=\"auto, (max-width: 1024px) 100vw, 1024px\" \/><\/figure>\n\n\n\n<p>La aparici\u00f3n de la nueva escultura coincide con un periodo de <strong>intenso escrutinio p\u00fablico sobre la relaci\u00f3n entre Donald Trump y Jeffrey Epstein<\/strong>, luego de que el <strong>Departamento de Justicia<\/strong> comenzara a publicar archivos relacionados con el caso en cumplimiento de la <strong>Ley de Transparencia de los Archivos Epstein<\/strong>, promulgada en noviembre.<\/p>\n\n\n\n<p>TE PUEDE INTERESAR: <a href=\"https:\/\/www.alasmedios.com\/index.php\/2026\/03\/05\/sobrevivir-no-es-justicia-la-vida-despues-de-la-mutilacion-genital-femenina\/\" type=\"post\" id=\"8087\">Sobrevivir no es justicia: la vida despu\u00e9s de la mutilaci\u00f3n genital femenina<\/a><\/p>\n\n\n\n<p>Entre los documentos divulgados se menciona a <strong>Trump y a otras figuras de alto perfil<\/strong>. A comienzos de este mes se public\u00f3 un nuevo lote que incluye <strong>tres memorandos del FBI<\/strong> basados en entrevistas con una mujer que afirm\u00f3 que <strong>Trump la agredi\u00f3 sexualmente<\/strong>.<\/p>\n\n\n\n<p>La <strong>secretaria de prensa de la Casa Blanca, Karoline Leavitt<\/strong>, rechaz\u00f3 la acusaci\u00f3n y la calific\u00f3 como <strong>\u201ccompletamente infundada\u201d y \u201crespaldada por cero pruebas cre\u00edbles\u201d<\/strong>.<\/p>\n\n\n\n<p>En paralelo, <strong>legisladores dem\u00f3cratas<\/strong> han solicitado que <strong>Donald Trump testifique ante el Comit\u00e9 de Supervisi\u00f3n de la C\u00e1mara de Representantes<\/strong>, organismo que ya ha tomado declaraci\u00f3n a <strong>Bill Clinton, Hillary Clinton<\/strong> y <strong>Les Wexner<\/strong>, antiguo asociado de Epstein. <strong>Republicanos<\/strong>, por su parte, sostienen que el mandatario <strong>ha sido exonerado de cualquier irregularidad<\/strong>.<\/p>\n\n\n\n<p><strong>Donald Trump conoci\u00f3 a Jeffrey Epstein en c\u00edrculos sociales durante las d\u00e9cadas de 1990 y 2000<\/strong>, periodo en el que ambos fueron <strong>fotografiados juntos en lugares como Mar-a-Lago y el hotel Plaza de Nueva York<\/strong>.<\/p>\n\n\n\n<p>En <strong>2017<\/strong>, Epstein lleg\u00f3 a afirmar al autor <strong>Michael Wolff<\/strong> que Trump era su <strong>\u201cmejor amigo\u201d<\/strong>, dos a\u00f1os antes de su <strong>muerte en prisi\u00f3n en 2019<\/strong>, que fue determinada como <strong>suicidio<\/strong>.<\/p>\n\n\n\n<p>CONTIN\u00daA LEYENDO: <a href=\"https:\/\/www.alasmedios.com\/index.php\/2026\/03\/11\/16-animales-regresan-a-su-habitat-en-la-barranca-de-metztitlan\/\" type=\"post\" id=\"8172\">16 animales regresan a su h\u00e1bitat en la Barranca de Metztitl\u00e1n<\/a><\/p>\n\n\n\n<p>El presidente estadounidense sostiene que <strong>rompi\u00f3 contacto con Epstein hace a\u00f1os<\/strong>, niega haber cometido <strong>irregularidades<\/strong> y ha descrito el <strong>caso Epstein<\/strong> como un <strong>\u201cenga\u00f1o\u201d impulsado por los dem\u00f3cratas<\/strong>.<\/p>\n\n\n<ul class=\"wp-block-latest-posts__list is-grid columns-3 wp-block-latest-posts\"><li><div class=\"wp-block-latest-posts__featured-image\"><img loading=\"lazy\" decoding=\"async\" width=\"150\" height=\"150\" src=\"https:\/\/www.alasmedios.com\/wp-content\/uploads\/2026\/04\/Argentina-decomisan-bienes-Cristina-Kirchner-150x150.png\" class=\"attachment-thumbnail size-thumbnail wp-post-image\" alt=\"\" style=\"\" \/><\/div><a class=\"wp-block-latest-posts__post-title\" href=\"https:\/\/www.alasmedios.com\/index.php\/2026\/04\/25\/caso-vialidad-argentina-ratifica-decomiso-millonario-a-cristina-kirchner\/\">Caso Vialidad: Argentina ratifica decomiso millonario a Cristina Kirchner<\/a><\/li>\n<li><div class=\"wp-block-latest-posts__featured-image\"><img loading=\"lazy\" decoding=\"async\" width=\"150\" height=\"150\" src=\"https:\/\/www.alasmedios.com\/wp-content\/uploads\/2026\/04\/Puebla-desaparecida-Aguascalientes-150x150.jpeg\" class=\"attachment-thumbnail size-thumbnail wp-post-image\" alt=\"\" style=\"\" \/><\/div><a class=\"wp-block-latest-posts__post-title\" href=\"https:\/\/www.alasmedios.com\/index.php\/2026\/04\/25\/localizan-con-vida-en-aguascalientes-a-adolescente-desaparecida-en-puebla\/\">Localizan con vida en Aguascalientes a adolescente desaparecida en Puebla<\/a><\/li>\n<li><div class=\"wp-block-latest-posts__featured-image\"><img loading=\"lazy\" decoding=\"async\" width=\"150\" height=\"150\" src=\"https:\/\/www.alasmedios.com\/wp-content\/uploads\/2026\/04\/podio-de-la-Copa-del-Mundo-de-Ciclismo-150x150.jpg\" class=\"attachment-thumbnail size-thumbnail wp-post-image\" alt=\"\" style=\"\" \/><\/div><a class=\"wp-block-latest-posts__post-title\" href=\"https:\/\/www.alasmedios.com\/index.php\/2026\/04\/25\/mexico-arranca-con-doble-podio-en-la-copa-del-mundo-de-pista-en-malasia\/\">M\u00e9xico arranca con doble podio en la Copa del Mundo de Pista en Malasia<\/a><\/li>\n<\/ul>","protected":false},"excerpt":{"rendered":"<p>Una escultura monumental que representa al presidente de Estados Unidos, Donald Trump, junto al fallecido delincuente sexual Jeffrey Epstein fue<\/p>\n","protected":false},"author":4,"featured_media":8180,"comment_status":"open","ping_status":"open","sticky":false,"template":"","format":"standard","meta":{"colormag_page_container_layout":"default_layout","colormag_page_sidebar_layout":"default_layout","rop_custom_images_group":[],"rop_custom_messages_group":[],"rop_publish_now":"initial","rop_publish_now_accounts":[],"rop_publish_now_history":[],"rop_publish_now_status":"pending","iawp_total_views":9,"footnotes":""},"categories":[3229],"tags":[3452,815,757,3369],"class_list":["post-8179","post","type-post","status-publish","format-standard","has-post-thumbnail","hentry","category-mundo-extranjero","tag-archivos-epstein","tag-donald-trump","tag-estados-unidos","tag-jeffrey-epstein"],"magazineBlocksPostFeaturedMedia":{"thumbnail":"https:\/\/www.alasmedios.com\/wp-content\/uploads\/2026\/03\/trump-y-epstein-150x150.jpg","medium":"https:\/\/www.alasmedios.com\/wp-content\/uploads\/2026\/03\/trump-y-epstein-300x200.jpg","medium_large":"https:\/\/www.alasmedios.com\/wp-content\/uploads\/2026\/03\/trump-y-epstein-768x512.jpg","large":"https:\/\/www.alasmedios.com\/wp-content\/uploads\/2026\/03\/trump-y-epstein-1024x683.jpg","1536x1536":"https:\/\/www.alasmedios.com\/wp-content\/uploads\/2026\/03\/trump-y-epstein-1536x1025.jpg","2048x2048":"https:\/\/www.alasmedios.com\/wp-content\/uploads\/2026\/03\/trump-y-epstein.jpg","colormag-highlighted-post":"https:\/\/www.alasmedios.com\/wp-content\/uploads\/2026\/03\/trump-y-epstein-392x272.jpg","colormag-featured-post-medium":"https:\/\/www.alasmedios.com\/wp-content\/uploads\/2026\/03\/trump-y-epstein-390x205.jpg","colormag-featured-post-small":"https:\/\/www.alasmedios.com\/wp-content\/uploads\/2026\/03\/trump-y-epstein-130x90.jpg","colormag-featured-image":"https:\/\/www.alasmedios.com\/wp-content\/uploads\/2026\/03\/trump-y-epstein-800x445.jpg","colormag-default-news":"https:\/\/www.alasmedios.com\/wp-content\/uploads\/2026\/03\/trump-y-epstein-150x150.jpg","colormag-featured-image-large":"https:\/\/www.alasmedios.com\/wp-content\/uploads\/2026\/03\/trump-y-epstein-1400x600.jpg"},"magazineBlocksPostAuthor":{"name":"Keila Rodr\u00edguez Pe\u00f1a","avatar":"https:\/\/secure.gravatar.com\/avatar\/a2553a2bfaa601b9d539b617c8793e151bdffb60f9e48a249912f86d4c9ebeef?s=96&d=mm&r=g"},"magazineBlocksPostCommentsNumber":"0","magazineBlocksPostExcerpt":"Una escultura monumental que representa al presidente de Estados Unidos, Donald Trump, junto al fallecido delincuente sexual Jeffrey Epstein fue","magazineBlocksPostCategories":["Mundo"],"magazineBlocksPostViewCount":28,"magazineBlocksPostReadTime":4,"magazine_blocks_featured_image_url":{"full":["https:\/\/www.alasmedios.com\/wp-content\/uploads\/2026\/03\/trump-y-epstein.jpg",2048,1366,false],"medium":["https:\/\/www.alasmedios.com\/wp-content\/uploads\/2026\/03\/trump-y-epstein-300x200.jpg",300,200,true],"thumbnail":["https:\/\/www.alasmedios.com\/wp-content\/uploads\/2026\/03\/trump-y-epstein-150x150.jpg",150,150,true]},"magazine_blocks_author":{"display_name":"Keila Rodr\u00edguez Pe\u00f1a","author_link":"https:\/\/www.alasmedios.com\/index.php\/author\/keila\/"},"magazine_blocks_comment":0,"magazine_blocks_author_image":"https:\/\/secure.gravatar.com\/avatar\/a2553a2bfaa601b9d539b617c8793e151bdffb60f9e48a249912f86d4c9ebeef?s=96&d=mm&r=g","magazine_blocks_category":"<a href=\"#\" class=\"category-link category-link-3229\">Mundo<\/a>","yoast_head":"<!-- This site is optimized with the Yoast SEO plugin v27.4 - https:\/\/yoast.com\/product\/yoast-seo-wordpress\/ -->\r\n<title>Estatua de Trump y Epstein aparece frente al Capitolio de EU<\/title>\r\n<meta name=\"description\" content=\"Una escultura que representa a Donald Trump, junto a Jeffrey Epstein fue instalada en el National Mall, cerca del Capitolio estadounidense\" \/>\r\n<meta name=\"robots\" content=\"index, follow, max-snippet:-1, max-image-preview:large, max-video-preview:-1\" \/>\r\n<link rel=\"canonical\" href=\"https:\/\/www.alasmedios.com\/index.php\/2026\/03\/11\/estatua-de-trump-y-epstein-aparece-frente-al-capitolio-de-eu\/\" \/>\r\n<meta property=\"og:locale\" content=\"es_MX\" \/>\r\n<meta property=\"og:type\" content=\"article\" \/>\r\n<meta property=\"og:title\" content=\"Estatua de Trump y Epstein aparece frente al Capitolio de EU\" \/>\r\n<meta property=\"og:description\" content=\"Una escultura que representa a Donald Trump, junto a Jeffrey Epstein fue instalada en el National Mall, cerca del Capitolio estadounidense\" \/>\r\n<meta property=\"og:url\" content=\"https:\/\/www.alasmedios.com\/index.php\/2026\/03\/11\/estatua-de-trump-y-epstein-aparece-frente-al-capitolio-de-eu\/\" \/>\r\n<meta property=\"og:site_name\" content=\"Alas Medios\" \/>\r\n<meta property=\"article:published_time\" content=\"2026-03-11T18:05:17+00:00\" \/>\r\n<meta property=\"article:modified_time\" content=\"2026-03-11T18:05:23+00:00\" \/>\r\n<meta property=\"og:image\" content=\"https:\/\/www.alasmedios.com\/wp-content\/uploads\/2026\/03\/trump-y-epstein.jpg\" \/>\r\n\t<meta property=\"og:image:width\" content=\"2048\" \/>\r\n\t<meta property=\"og:image:height\" content=\"1366\" \/>\r\n\t<meta property=\"og:image:type\" content=\"image\/jpeg\" \/>\r\n<meta name=\"author\" content=\"Keila Rodr\u00edguez Pe\u00f1a\" \/>\r\n<meta name=\"twitter:card\" content=\"summary_large_image\" \/>\r\n<meta name=\"twitter:label1\" content=\"Escrito por\" \/>\n\t<meta name=\"twitter:data1\" content=\"Keila Rodr\u00edguez Pe\u00f1a\" \/>\n\t<meta name=\"twitter:label2\" content=\"Tiempo de lectura\" \/>\n\t<meta name=\"twitter:data2\" content=\"4 minutos\" \/>\r\n<script type=\"application\/ld+json\" class=\"yoast-schema-graph\">{\"@context\":\"https:\\\/\\\/schema.org\",\"@graph\":[{\"@type\":\"Article\",\"@id\":\"https:\\\/\\\/www.alasmedios.com\\\/index.php\\\/2026\\\/03\\\/11\\\/estatua-de-trump-y-epstein-aparece-frente-al-capitolio-de-eu\\\/#article\",\"isPartOf\":{\"@id\":\"https:\\\/\\\/www.alasmedios.com\\\/index.php\\\/2026\\\/03\\\/11\\\/estatua-de-trump-y-epstein-aparece-frente-al-capitolio-de-eu\\\/\"},\"author\":{\"name\":\"Keila Rodr\u00edguez Pe\u00f1a\",\"@id\":\"https:\\\/\\\/www.alasmedios.com\\\/#\\\/schema\\\/person\\\/0ba31bdd19a05ebf5c7fef1fedf99c34\"},\"headline\":\"Estatua de Trump y Epstein aparece frente al Capitolio de EU\",\"datePublished\":\"2026-03-11T18:05:17+00:00\",\"dateModified\":\"2026-03-11T18:05:23+00:00\",\"mainEntityOfPage\":{\"@id\":\"https:\\\/\\\/www.alasmedios.com\\\/index.php\\\/2026\\\/03\\\/11\\\/estatua-de-trump-y-epstein-aparece-frente-al-capitolio-de-eu\\\/\"},\"wordCount\":625,\"commentCount\":0,\"publisher\":{\"@id\":\"https:\\\/\\\/www.alasmedios.com\\\/#organization\"},\"image\":{\"@id\":\"https:\\\/\\\/www.alasmedios.com\\\/index.php\\\/2026\\\/03\\\/11\\\/estatua-de-trump-y-epstein-aparece-frente-al-capitolio-de-eu\\\/#primaryimage\"},\"thumbnailUrl\":\"https:\\\/\\\/www.alasmedios.com\\\/wp-content\\\/uploads\\\/2026\\\/03\\\/trump-y-epstein.jpg\",\"keywords\":[\"archivos Epstein\",\"Donald Trump\",\"Estados Unidos\",\"Jeffrey Epstein\"],\"articleSection\":[\"Mundo\"],\"inLanguage\":\"es\",\"potentialAction\":[{\"@type\":\"CommentAction\",\"name\":\"Comment\",\"target\":[\"https:\\\/\\\/www.alasmedios.com\\\/index.php\\\/2026\\\/03\\\/11\\\/estatua-de-trump-y-epstein-aparece-frente-al-capitolio-de-eu\\\/#respond\"]}]},{\"@type\":\"WebPage\",\"@id\":\"https:\\\/\\\/www.alasmedios.com\\\/index.php\\\/2026\\\/03\\\/11\\\/estatua-de-trump-y-epstein-aparece-frente-al-capitolio-de-eu\\\/\",\"url\":\"https:\\\/\\\/www.alasmedios.com\\\/index.php\\\/2026\\\/03\\\/11\\\/estatua-de-trump-y-epstein-aparece-frente-al-capitolio-de-eu\\\/\",\"name\":\"Estatua de Trump y Epstein aparece frente al Capitolio de EU\",\"isPartOf\":{\"@id\":\"https:\\\/\\\/www.alasmedios.com\\\/#website\"},\"primaryImageOfPage\":{\"@id\":\"https:\\\/\\\/www.alasmedios.com\\\/index.php\\\/2026\\\/03\\\/11\\\/estatua-de-trump-y-epstein-aparece-frente-al-capitolio-de-eu\\\/#primaryimage\"},\"image\":{\"@id\":\"https:\\\/\\\/www.alasmedios.com\\\/index.php\\\/2026\\\/03\\\/11\\\/estatua-de-trump-y-epstein-aparece-frente-al-capitolio-de-eu\\\/#primaryimage\"},\"thumbnailUrl\":\"https:\\\/\\\/www.alasmedios.com\\\/wp-content\\\/uploads\\\/2026\\\/03\\\/trump-y-epstein.jpg\",\"datePublished\":\"2026-03-11T18:05:17+00:00\",\"dateModified\":\"2026-03-11T18:05:23+00:00\",\"description\":\"Una escultura que representa a Donald Trump, junto a Jeffrey Epstein fue instalada en el National Mall, cerca del Capitolio estadounidense\",\"breadcrumb\":{\"@id\":\"https:\\\/\\\/www.alasmedios.com\\\/index.php\\\/2026\\\/03\\\/11\\\/estatua-de-trump-y-epstein-aparece-frente-al-capitolio-de-eu\\\/#breadcrumb\"},\"inLanguage\":\"es\",\"potentialAction\":[{\"@type\":\"ReadAction\",\"target\":[\"https:\\\/\\\/www.alasmedios.com\\\/index.php\\\/2026\\\/03\\\/11\\\/estatua-de-trump-y-epstein-aparece-frente-al-capitolio-de-eu\\\/\"]}]},{\"@type\":\"ImageObject\",\"inLanguage\":\"es\",\"@id\":\"https:\\\/\\\/www.alasmedios.com\\\/index.php\\\/2026\\\/03\\\/11\\\/estatua-de-trump-y-epstein-aparece-frente-al-capitolio-de-eu\\\/#primaryimage\",\"url\":\"https:\\\/\\\/www.alasmedios.com\\\/wp-content\\\/uploads\\\/2026\\\/03\\\/trump-y-epstein.jpg\",\"contentUrl\":\"https:\\\/\\\/www.alasmedios.com\\\/wp-content\\\/uploads\\\/2026\\\/03\\\/trump-y-epstein.jpg\",\"width\":2048,\"height\":1366},{\"@type\":\"BreadcrumbList\",\"@id\":\"https:\\\/\\\/www.alasmedios.com\\\/index.php\\\/2026\\\/03\\\/11\\\/estatua-de-trump-y-epstein-aparece-frente-al-capitolio-de-eu\\\/#breadcrumb\",\"itemListElement\":[{\"@type\":\"ListItem\",\"position\":1,\"name\":\"Inicio\",\"item\":\"https:\\\/\\\/www.alasmedios.com\\\/\"},{\"@type\":\"ListItem\",\"position\":2,\"name\":\"Estatua de Trump y Epstein aparece frente al Capitolio de EU\"}]},{\"@type\":\"WebSite\",\"@id\":\"https:\\\/\\\/www.alasmedios.com\\\/#website\",\"url\":\"https:\\\/\\\/www.alasmedios.com\\\/\",\"name\":\"Alas Medios\",\"description\":\"Alas para pensar, Alas para volar, Alas de libertad\",\"publisher\":{\"@id\":\"https:\\\/\\\/www.alasmedios.com\\\/#organization\"},\"potentialAction\":[{\"@type\":\"SearchAction\",\"target\":{\"@type\":\"EntryPoint\",\"urlTemplate\":\"https:\\\/\\\/www.alasmedios.com\\\/?s={search_term_string}\"},\"query-input\":{\"@type\":\"PropertyValueSpecification\",\"valueRequired\":true,\"valueName\":\"search_term_string\"}}],\"inLanguage\":\"es\"},{\"@type\":\"Organization\",\"@id\":\"https:\\\/\\\/www.alasmedios.com\\\/#organization\",\"name\":\"Alas Medios\",\"url\":\"https:\\\/\\\/www.alasmedios.com\\\/\",\"logo\":{\"@type\":\"ImageObject\",\"inLanguage\":\"es\",\"@id\":\"https:\\\/\\\/www.alasmedios.com\\\/#\\\/schema\\\/logo\\\/image\\\/\",\"url\":\"https:\\\/\\\/www.alasmedios.com\\\/wp-content\\\/uploads\\\/2026\\\/01\\\/cropped-cropped-GAM-1.png\",\"contentUrl\":\"https:\\\/\\\/www.alasmedios.com\\\/wp-content\\\/uploads\\\/2026\\\/01\\\/cropped-cropped-GAM-1.png\",\"width\":467,\"height\":235,\"caption\":\"Alas Medios\"},\"image\":{\"@id\":\"https:\\\/\\\/www.alasmedios.com\\\/#\\\/schema\\\/logo\\\/image\\\/\"}},{\"@type\":\"Person\",\"@id\":\"https:\\\/\\\/www.alasmedios.com\\\/#\\\/schema\\\/person\\\/0ba31bdd19a05ebf5c7fef1fedf99c34\",\"name\":\"Keila Rodr\u00edguez Pe\u00f1a\",\"image\":{\"@type\":\"ImageObject\",\"inLanguage\":\"es\",\"@id\":\"https:\\\/\\\/secure.gravatar.com\\\/avatar\\\/a2553a2bfaa601b9d539b617c8793e151bdffb60f9e48a249912f86d4c9ebeef?s=96&d=mm&r=g\",\"url\":\"https:\\\/\\\/secure.gravatar.com\\\/avatar\\\/a2553a2bfaa601b9d539b617c8793e151bdffb60f9e48a249912f86d4c9ebeef?s=96&d=mm&r=g\",\"contentUrl\":\"https:\\\/\\\/secure.gravatar.com\\\/avatar\\\/a2553a2bfaa601b9d539b617c8793e151bdffb60f9e48a249912f86d4c9ebeef?s=96&d=mm&r=g\",\"caption\":\"Keila Rodr\u00edguez Pe\u00f1a\"},\"sameAs\":[\"http:\\\/\\\/www.alasmedios.com\"],\"url\":\"https:\\\/\\\/www.alasmedios.com\\\/index.php\\\/author\\\/keila\\\/\"}]}<\/script>\r\n<!-- \/ Yoast SEO plugin. -->","yoast_head_json":{"title":"Estatua de Trump y Epstein aparece frente al Capitolio de EU","description":"Una escultura que representa a Donald Trump, junto a Jeffrey Epstein fue instalada en el National Mall, cerca del Capitolio estadounidense","robots":{"index":"index","follow":"follow","max-snippet":"max-snippet:-1","max-image-preview":"max-image-preview:large","max-video-preview":"max-video-preview:-1"},"canonical":"https:\/\/www.alasmedios.com\/index.php\/2026\/03\/11\/estatua-de-trump-y-epstein-aparece-frente-al-capitolio-de-eu\/","og_locale":"es_MX","og_type":"article","og_title":"Estatua de Trump y Epstein aparece frente al Capitolio de EU","og_description":"Una escultura que representa a Donald Trump, junto a Jeffrey Epstein fue instalada en el National Mall, cerca del Capitolio estadounidense","og_url":"https:\/\/www.alasmedios.com\/index.php\/2026\/03\/11\/estatua-de-trump-y-epstein-aparece-frente-al-capitolio-de-eu\/","og_site_name":"Alas Medios","article_published_time":"2026-03-11T18:05:17+00:00","article_modified_time":"2026-03-11T18:05:23+00:00","og_image":[{"width":2048,"height":1366,"url":"https:\/\/www.alasmedios.com\/wp-content\/uploads\/2026\/03\/trump-y-epstein.jpg","type":"image\/jpeg"}],"author":"Keila Rodr\u00edguez Pe\u00f1a","twitter_card":"summary_large_image","twitter_misc":{"Escrito por":"Keila Rodr\u00edguez Pe\u00f1a","Tiempo de lectura":"4 minutos"},"schema":{"@context":"https:\/\/schema.org","@graph":[{"@type":"Article","@id":"https:\/\/www.alasmedios.com\/index.php\/2026\/03\/11\/estatua-de-trump-y-epstein-aparece-frente-al-capitolio-de-eu\/#article","isPartOf":{"@id":"https:\/\/www.alasmedios.com\/index.php\/2026\/03\/11\/estatua-de-trump-y-epstein-aparece-frente-al-capitolio-de-eu\/"},"author":{"name":"Keila Rodr\u00edguez Pe\u00f1a","@id":"https:\/\/www.alasmedios.com\/#\/schema\/person\/0ba31bdd19a05ebf5c7fef1fedf99c34"},"headline":"Estatua de Trump y Epstein aparece frente al Capitolio de EU","datePublished":"2026-03-11T18:05:17+00:00","dateModified":"2026-03-11T18:05:23+00:00","mainEntityOfPage":{"@id":"https:\/\/www.alasmedios.com\/index.php\/2026\/03\/11\/estatua-de-trump-y-epstein-aparece-frente-al-capitolio-de-eu\/"},"wordCount":625,"commentCount":0,"publisher":{"@id":"https:\/\/www.alasmedios.com\/#organization"},"image":{"@id":"https:\/\/www.alasmedios.com\/index.php\/2026\/03\/11\/estatua-de-trump-y-epstein-aparece-frente-al-capitolio-de-eu\/#primaryimage"},"thumbnailUrl":"https:\/\/www.alasmedios.com\/wp-content\/uploads\/2026\/03\/trump-y-epstein.jpg","keywords":["archivos Epstein","Donald Trump","Estados Unidos","Jeffrey Epstein"],"articleSection":["Mundo"],"inLanguage":"es","potentialAction":[{"@type":"CommentAction","name":"Comment","target":["https:\/\/www.alasmedios.com\/index.php\/2026\/03\/11\/estatua-de-trump-y-epstein-aparece-frente-al-capitolio-de-eu\/#respond"]}]},{"@type":"WebPage","@id":"https:\/\/www.alasmedios.com\/index.php\/2026\/03\/11\/estatua-de-trump-y-epstein-aparece-frente-al-capitolio-de-eu\/","url":"https:\/\/www.alasmedios.com\/index.php\/2026\/03\/11\/estatua-de-trump-y-epstein-aparece-frente-al-capitolio-de-eu\/","name":"Estatua de Trump y Epstein aparece frente al Capitolio de EU","isPartOf":{"@id":"https:\/\/www.alasmedios.com\/#website"},"primaryImageOfPage":{"@id":"https:\/\/www.alasmedios.com\/index.php\/2026\/03\/11\/estatua-de-trump-y-epstein-aparece-frente-al-capitolio-de-eu\/#primaryimage"},"image":{"@id":"https:\/\/www.alasmedios.com\/index.php\/2026\/03\/11\/estatua-de-trump-y-epstein-aparece-frente-al-capitolio-de-eu\/#primaryimage"},"thumbnailUrl":"https:\/\/www.alasmedios.com\/wp-content\/uploads\/2026\/03\/trump-y-epstein.jpg","datePublished":"2026-03-11T18:05:17+00:00","dateModified":"2026-03-11T18:05:23+00:00","description":"Una escultura que representa a Donald Trump, junto a Jeffrey Epstein fue instalada en el National Mall, cerca del Capitolio estadounidense","breadcrumb":{"@id":"https:\/\/www.alasmedios.com\/index.php\/2026\/03\/11\/estatua-de-trump-y-epstein-aparece-frente-al-capitolio-de-eu\/#breadcrumb"},"inLanguage":"es","potentialAction":[{"@type":"ReadAction","target":["https:\/\/www.alasmedios.com\/index.php\/2026\/03\/11\/estatua-de-trump-y-epstein-aparece-frente-al-capitolio-de-eu\/"]}]},{"@type":"ImageObject","inLanguage":"es","@id":"https:\/\/www.alasmedios.com\/index.php\/2026\/03\/11\/estatua-de-trump-y-epstein-aparece-frente-al-capitolio-de-eu\/#primaryimage","url":"https:\/\/www.alasmedios.com\/wp-content\/uploads\/2026\/03\/trump-y-epstein.jpg","contentUrl":"https:\/\/www.alasmedios.com\/wp-content\/uploads\/2026\/03\/trump-y-epstein.jpg","width":2048,"height":1366},{"@type":"BreadcrumbList","@id":"https:\/\/www.alasmedios.com\/index.php\/2026\/03\/11\/estatua-de-trump-y-epstein-aparece-frente-al-capitolio-de-eu\/#breadcrumb","itemListElement":[{"@type":"ListItem","position":1,"name":"Inicio","item":"https:\/\/www.alasmedios.com\/"},{"@type":"ListItem","position":2,"name":"Estatua de Trump y Epstein aparece frente al Capitolio de EU"}]},{"@type":"WebSite","@id":"https:\/\/www.alasmedios.com\/#website","url":"https:\/\/www.alasmedios.com\/","name":"Alas Medios","description":"Alas para pensar, Alas para volar, Alas de libertad","publisher":{"@id":"https:\/\/www.alasmedios.com\/#organization"},"potentialAction":[{"@type":"SearchAction","target":{"@type":"EntryPoint","urlTemplate":"https:\/\/www.alasmedios.com\/?s={search_term_string}"},"query-input":{"@type":"PropertyValueSpecification","valueRequired":true,"valueName":"search_term_string"}}],"inLanguage":"es"},{"@type":"Organization","@id":"https:\/\/www.alasmedios.com\/#organization","name":"Alas Medios","url":"https:\/\/www.alasmedios.com\/","logo":{"@type":"ImageObject","inLanguage":"es","@id":"https:\/\/www.alasmedios.com\/#\/schema\/logo\/image\/","url":"https:\/\/www.alasmedios.com\/wp-content\/uploads\/2026\/01\/cropped-cropped-GAM-1.png","contentUrl":"https:\/\/www.alasmedios.com\/wp-content\/uploads\/2026\/01\/cropped-cropped-GAM-1.png","width":467,"height":235,"caption":"Alas Medios"},"image":{"@id":"https:\/\/www.alasmedios.com\/#\/schema\/logo\/image\/"}},{"@type":"Person","@id":"https:\/\/www.alasmedios.com\/#\/schema\/person\/0ba31bdd19a05ebf5c7fef1fedf99c34","name":"Keila Rodr\u00edguez Pe\u00f1a","image":{"@type":"ImageObject","inLanguage":"es","@id":"https:\/\/secure.gravatar.com\/avatar\/a2553a2bfaa601b9d539b617c8793e151bdffb60f9e48a249912f86d4c9ebeef?s=96&d=mm&r=g","url":"https:\/\/secure.gravatar.com\/avatar\/a2553a2bfaa601b9d539b617c8793e151bdffb60f9e48a249912f86d4c9ebeef?s=96&d=mm&r=g","contentUrl":"https:\/\/secure.gravatar.com\/avatar\/a2553a2bfaa601b9d539b617c8793e151bdffb60f9e48a249912f86d4c9ebeef?s=96&d=mm&r=g","caption":"Keila Rodr\u00edguez Pe\u00f1a"},"sameAs":["http:\/\/www.alasmedios.com"],"url":"https:\/\/www.alasmedios.com\/index.php\/author\/keila\/"}]}},"_links":{"self":[{"href":"https:\/\/www.alasmedios.com\/index.php\/wp-json\/wp\/v2\/posts\/8179","targetHints":{"allow":["GET"]}}],"collection":[{"href":"https:\/\/www.alasmedios.com\/index.php\/wp-json\/wp\/v2\/posts"}],"about":[{"href":"https:\/\/www.alasmedios.com\/index.php\/wp-json\/wp\/v2\/types\/post"}],"author":[{"embeddable":true,"href":"https:\/\/www.alasmedios.com\/index.php\/wp-json\/wp\/v2\/users\/4"}],"replies":[{"embeddable":true,"href":"https:\/\/www.alasmedios.com\/index.php\/wp-json\/wp\/v2\/comments?post=8179"}],"version-history":[{"count":1,"href":"https:\/\/www.alasmedios.com\/index.php\/wp-json\/wp\/v2\/posts\/8179\/revisions"}],"predecessor-version":[{"id":8182,"href":"https:\/\/www.alasmedios.com\/index.php\/wp-json\/wp\/v2\/posts\/8179\/revisions\/8182"}],"wp:featuredmedia":[{"embeddable":true,"href":"https:\/\/www.alasmedios.com\/index.php\/wp-json\/wp\/v2\/media\/8180"}],"wp:attachment":[{"href":"https:\/\/www.alasmedios.com\/index.php\/wp-json\/wp\/v2\/media?parent=8179"}],"wp:term":[{"taxonomy":"category","embeddable":true,"href":"https:\/\/www.alasmedios.com\/index.php\/wp-json\/wp\/v2\/categories?post=8179"},{"taxonomy":"post_tag","embeddable":true,"href":"https:\/\/www.alasmedios.com\/index.php\/wp-json\/wp\/v2\/tags?post=8179"}],"curies":[{"name":"wp","href":"https:\/\/api.w.org\/{rel}","templated":true}]}}