{"id":8172,"date":"2026-03-11T09:32:11","date_gmt":"2026-03-11T15:32:11","guid":{"rendered":"https:\/\/www.alasmedios.com\/?p=8172"},"modified":"2026-03-11T09:32:18","modified_gmt":"2026-03-11T15:32:18","slug":"16-animales-regresan-a-su-habitat-en-la-barranca-de-metztitlan","status":"publish","type":"post","link":"https:\/\/www.alasmedios.com\/index.php\/2026\/03\/11\/16-animales-regresan-a-su-habitat-en-la-barranca-de-metztitlan\/","title":{"rendered":"16 animales regresan a su h\u00e1bitat en la Barranca de Metztitl\u00e1n"},"content":{"rendered":"\n<p>Gracias a la labor de la&nbsp;<strong>Unidad de Rehabilitaci\u00f3n de Fauna Silvestre de Pachuca,<\/strong>&nbsp;<strong>16 animales regresaron a su h\u00e1bitat&nbsp;<\/strong>en la&nbsp;<strong>Reserva de la Bi\u00f3sfera de la Barranca de Metztitl\u00e1n<\/strong>.<\/p>\n\n\n\n<p>Luego de completar un proceso de recuperaci\u00f3n y atenci\u00f3n especializada,&nbsp;<strong>16 ejemplares de fauna silvestre<\/strong>&nbsp;fueron liberados en su entorno natural tras ser rehabilitados en la&nbsp;<strong>Unidad de Rehabilitaci\u00f3n de Fauna Silvestre de Pachuca<\/strong>, como parte de las acciones permanentes para la&nbsp;<strong>protecci\u00f3n y conservaci\u00f3n de la vida silvestre<\/strong>.<\/p>\n\n\n\n<p>La liberaci\u00f3n, la primera realizada durante&nbsp;<strong>2026<\/strong>, se llev\u00f3 a cabo en coordinaci\u00f3n con la&nbsp;<strong>Procuradur\u00eda Federal de Protecci\u00f3n al Ambiente (PROFEPA)<\/strong>&nbsp;y la&nbsp;<strong>Reserva de la Bi\u00f3sfera de la Barranca de Metztitl\u00e1n<\/strong>, un&nbsp;<strong>\u00c1rea Natural Protegida<\/strong>&nbsp;que ofrece las condiciones adecuadas para su adaptaci\u00f3n y supervivencia.<\/p>\n\n\n\n<p>CONTIN\u00daA LEYENDO: <a href=\"https:\/\/www.alasmedios.com\/index.php\/2026\/03\/10\/cine-bajo-las-estrellas-en-huazalingo-proyectaran-cortos-animados-gratis-para-toda-la-familia\/\" type=\"post\" id=\"8169\">Cine bajo las estrellas en Huazalingo: proyectar\u00e1n cortos animados gratis para toda la familia<\/a><\/p>\n\n\n\n<p>Los animales recibieron atenci\u00f3n especializada dentro de las instalaciones municipales, donde personal capacitado realiz\u00f3&nbsp;<strong>valoraciones m\u00e9dicas, recuperaci\u00f3n f\u00edsica, alimentaci\u00f3n controlada y seguimiento constante<\/strong>, con el objetivo de garantizar que estuvieran en condiciones \u00f3ptimas para regresar a su entorno natural.<\/p>\n\n\n\n<figure class=\"wp-block-gallery has-nested-images columns-default is-cropped wp-block-gallery-1 is-layout-flex wp-block-gallery-is-layout-flex\">\n<figure class=\"wp-block-image size-large\"><img loading=\"lazy\" decoding=\"async\" width=\"1024\" height=\"768\" data-id=\"8174\" src=\"https:\/\/www.alasmedios.com\/wp-content\/uploads\/2026\/03\/16-animales-regresaron-a-su-habitat-Pachuca-3-1024x768.jpg\" alt=\"\" class=\"wp-image-8174\" srcset=\"https:\/\/www.alasmedios.com\/wp-content\/uploads\/2026\/03\/16-animales-regresaron-a-su-habitat-Pachuca-3-1024x768.jpg 1024w, https:\/\/www.alasmedios.com\/wp-content\/uploads\/2026\/03\/16-animales-regresaron-a-su-habitat-Pachuca-3-300x225.jpg 300w, https:\/\/www.alasmedios.com\/wp-content\/uploads\/2026\/03\/16-animales-regresaron-a-su-habitat-Pachuca-3-768x576.jpg 768w, https:\/\/www.alasmedios.com\/wp-content\/uploads\/2026\/03\/16-animales-regresaron-a-su-habitat-Pachuca-3.jpg 1280w\" sizes=\"auto, (max-width: 1024px) 100vw, 1024px\" \/><\/figure>\n\n\n\n<figure class=\"wp-block-image size-large\"><img loading=\"lazy\" decoding=\"async\" width=\"1024\" height=\"680\" data-id=\"8175\" src=\"https:\/\/www.alasmedios.com\/wp-content\/uploads\/2026\/03\/16-animales-regresaron-a-su-habitat-Pachuca-2-1024x680.jpg\" alt=\"\" class=\"wp-image-8175\" srcset=\"https:\/\/www.alasmedios.com\/wp-content\/uploads\/2026\/03\/16-animales-regresaron-a-su-habitat-Pachuca-2-1024x680.jpg 1024w, https:\/\/www.alasmedios.com\/wp-content\/uploads\/2026\/03\/16-animales-regresaron-a-su-habitat-Pachuca-2-300x199.jpg 300w, https:\/\/www.alasmedios.com\/wp-content\/uploads\/2026\/03\/16-animales-regresaron-a-su-habitat-Pachuca-2-768x510.jpg 768w, https:\/\/www.alasmedios.com\/wp-content\/uploads\/2026\/03\/16-animales-regresaron-a-su-habitat-Pachuca-2.jpg 1280w\" sizes=\"auto, (max-width: 1024px) 100vw, 1024px\" \/><\/figure>\n<\/figure>\n\n\n\n<p>Entre los ejemplares liberados se encuentran&nbsp;<strong>1 coyote, 10 lechuzas, 1 cacomixtle, 2 tlacuaches, 1 cern\u00edcalo y 1 ardill\u00f3n de roca<\/strong>, especies que forman parte del&nbsp;<strong>ecosistema regional<\/strong>&nbsp;y que cumplen funciones clave dentro de la biodiversidad local.<\/p>\n\n\n\n<p>Una vez concluido su proceso de rehabilitaci\u00f3n, los animales fueron trasladados a la&nbsp;<strong>Reserva de la Bi\u00f3sfera de la Barranca de Metztitl\u00e1n<\/strong>, donde su liberaci\u00f3n se realiz\u00f3 bajo&nbsp;<strong>supervisi\u00f3n de autoridades ambientales<\/strong>&nbsp;y siguiendo los&nbsp;<strong>protocolos establecidos para el manejo responsable de fauna silvestre<\/strong>.<\/p>\n\n\n\n<p>La&nbsp;<strong>Unidad de Rehabilitaci\u00f3n de Fauna Silvestre de Pachuca<\/strong>&nbsp;brinda atenci\u00f3n a animales que han sido&nbsp;<strong>rescatados, entregados voluntariamente o puestos bajo resguardo por autoridades ambientales<\/strong>, con el objetivo de favorecer su&nbsp;<strong>recuperaci\u00f3n y eventual reintegraci\u00f3n al medio natural<\/strong>.<\/p>\n\n\n\n<figure class=\"wp-block-gallery has-nested-images columns-default is-cropped wp-block-gallery-2 is-layout-flex wp-block-gallery-is-layout-flex\">\n<figure class=\"wp-block-image size-large\"><img loading=\"lazy\" decoding=\"async\" width=\"1024\" height=\"768\" data-id=\"8177\" src=\"https:\/\/www.alasmedios.com\/wp-content\/uploads\/2026\/03\/16-animales-regresaron-a-su-habitat-Pachuca-5-1024x768.jpg\" alt=\"\" class=\"wp-image-8177\" srcset=\"https:\/\/www.alasmedios.com\/wp-content\/uploads\/2026\/03\/16-animales-regresaron-a-su-habitat-Pachuca-5-1024x768.jpg 1024w, https:\/\/www.alasmedios.com\/wp-content\/uploads\/2026\/03\/16-animales-regresaron-a-su-habitat-Pachuca-5-300x225.jpg 300w, https:\/\/www.alasmedios.com\/wp-content\/uploads\/2026\/03\/16-animales-regresaron-a-su-habitat-Pachuca-5-768x576.jpg 768w, https:\/\/www.alasmedios.com\/wp-content\/uploads\/2026\/03\/16-animales-regresaron-a-su-habitat-Pachuca-5.jpg 1280w\" sizes=\"auto, (max-width: 1024px) 100vw, 1024px\" \/><\/figure>\n\n\n\n<figure class=\"wp-block-image size-large\"><img loading=\"lazy\" decoding=\"async\" width=\"1024\" height=\"1024\" data-id=\"8176\" src=\"https:\/\/www.alasmedios.com\/wp-content\/uploads\/2026\/03\/16-animales-regresaron-a-su-habitat-Pachuca-4-1024x1024.jpg\" alt=\"\" class=\"wp-image-8176\" srcset=\"https:\/\/www.alasmedios.com\/wp-content\/uploads\/2026\/03\/16-animales-regresaron-a-su-habitat-Pachuca-4-1024x1024.jpg 1024w, https:\/\/www.alasmedios.com\/wp-content\/uploads\/2026\/03\/16-animales-regresaron-a-su-habitat-Pachuca-4-300x300.jpg 300w, https:\/\/www.alasmedios.com\/wp-content\/uploads\/2026\/03\/16-animales-regresaron-a-su-habitat-Pachuca-4-150x150.jpg 150w, https:\/\/www.alasmedios.com\/wp-content\/uploads\/2026\/03\/16-animales-regresaron-a-su-habitat-Pachuca-4-768x768.jpg 768w, https:\/\/www.alasmedios.com\/wp-content\/uploads\/2026\/03\/16-animales-regresaron-a-su-habitat-Pachuca-4.jpg 1280w\" sizes=\"auto, (max-width: 1024px) 100vw, 1024px\" \/><\/figure>\n<\/figure>\n\n\n\n<p>TE PUEDE INTERESAR: <a href=\"https:\/\/www.alasmedios.com\/index.php\/2026\/03\/10\/tulancingo-honra-a-las-mujeres-con-escultura-y-acciones-contra-la-violencia\/\" type=\"post\" id=\"8161\">Tulancingo honra a las mujeres con escultura y acciones contra la violencia<\/a><\/p>\n\n\n\n<p>La colaboraci\u00f3n entre autoridades locales, federales y responsables de&nbsp;<strong>\u00e1reas naturales protegidas<\/strong>&nbsp;busca fortalecer las estrategias de conservaci\u00f3n, asegurando que los ejemplares atendidos puedan&nbsp;<strong>regresar a espacios adecuados para su desarrollo y permanencia dentro del ecosistema<\/strong>.<\/p>\n\n\n\n<p>Con informaci\u00f3n de <a href=\"https:\/\/infolibre.com.mx\/\"><strong><em>Info Libre<\/em><\/strong><\/a>.<\/p>\n\n\n<ul class=\"wp-block-latest-posts__list is-grid columns-3 wp-block-latest-posts\"><li><div class=\"wp-block-latest-posts__featured-image\"><img loading=\"lazy\" decoding=\"async\" width=\"150\" height=\"150\" src=\"https:\/\/www.alasmedios.com\/wp-content\/uploads\/2026\/04\/Argentina-decomisan-bienes-Cristina-Kirchner-150x150.png\" class=\"attachment-thumbnail size-thumbnail wp-post-image\" alt=\"\" style=\"\" \/><\/div><a class=\"wp-block-latest-posts__post-title\" href=\"https:\/\/www.alasmedios.com\/index.php\/2026\/04\/25\/caso-vialidad-argentina-ratifica-decomiso-millonario-a-cristina-kirchner\/\">Caso Vialidad: Argentina ratifica decomiso millonario a Cristina Kirchner<\/a><\/li>\n<li><div class=\"wp-block-latest-posts__featured-image\"><img loading=\"lazy\" decoding=\"async\" width=\"150\" height=\"150\" src=\"https:\/\/www.alasmedios.com\/wp-content\/uploads\/2026\/04\/Puebla-desaparecida-Aguascalientes-150x150.jpeg\" class=\"attachment-thumbnail size-thumbnail wp-post-image\" alt=\"\" style=\"\" \/><\/div><a class=\"wp-block-latest-posts__post-title\" href=\"https:\/\/www.alasmedios.com\/index.php\/2026\/04\/25\/localizan-con-vida-en-aguascalientes-a-adolescente-desaparecida-en-puebla\/\">Localizan con vida en Aguascalientes a adolescente desaparecida en Puebla<\/a><\/li>\n<li><div class=\"wp-block-latest-posts__featured-image\"><img loading=\"lazy\" decoding=\"async\" width=\"150\" height=\"150\" src=\"https:\/\/www.alasmedios.com\/wp-content\/uploads\/2026\/04\/podio-de-la-Copa-del-Mundo-de-Ciclismo-150x150.jpg\" class=\"attachment-thumbnail size-thumbnail wp-post-image\" alt=\"\" style=\"\" \/><\/div><a class=\"wp-block-latest-posts__post-title\" href=\"https:\/\/www.alasmedios.com\/index.php\/2026\/04\/25\/mexico-arranca-con-doble-podio-en-la-copa-del-mundo-de-pista-en-malasia\/\">M\u00e9xico arranca con doble podio en la Copa del Mundo de Pista en Malasia<\/a><\/li>\n<\/ul>","protected":false},"excerpt":{"rendered":"<p>Gracias a la labor de la&nbsp;Unidad de Rehabilitaci\u00f3n de Fauna Silvestre de Pachuca,&nbsp;16 animales regresaron a su h\u00e1bitat&nbsp;en la&nbsp;Reserva de<\/p>\n","protected":false},"author":4,"featured_media":8173,"comment_status":"open","ping_status":"open","sticky":false,"template":"","format":"standard","meta":{"colormag_page_container_layout":"default_layout","colormag_page_sidebar_layout":"default_layout","rop_custom_images_group":[],"rop_custom_messages_group":[],"rop_publish_now":"initial","rop_publish_now_accounts":[],"rop_publish_now_history":[],"rop_publish_now_status":"pending","iawp_total_views":6,"footnotes":""},"categories":[41],"tags":[99,725,2259,3066],"class_list":["post-8172","post","type-post","status-publish","format-standard","has-post-thumbnail","hentry","category-hidalgo","tag-hidalgo","tag-medio-ambiente","tag-metztitlan","tag-proteccion-animal"],"magazineBlocksPostFeaturedMedia":{"thumbnail":"https:\/\/www.alasmedios.com\/wp-content\/uploads\/2026\/03\/16-animales-regresaron-a-su-habitat-Pachuca-150x150.jpg","medium":"https:\/\/www.alasmedios.com\/wp-content\/uploads\/2026\/03\/16-animales-regresaron-a-su-habitat-Pachuca-300x199.jpg","medium_large":"https:\/\/www.alasmedios.com\/wp-content\/uploads\/2026\/03\/16-animales-regresaron-a-su-habitat-Pachuca-768x510.jpg","large":"https:\/\/www.alasmedios.com\/wp-content\/uploads\/2026\/03\/16-animales-regresaron-a-su-habitat-Pachuca-1024x680.jpg","1536x1536":"https:\/\/www.alasmedios.com\/wp-content\/uploads\/2026\/03\/16-animales-regresaron-a-su-habitat-Pachuca.jpg","2048x2048":"https:\/\/www.alasmedios.com\/wp-content\/uploads\/2026\/03\/16-animales-regresaron-a-su-habitat-Pachuca.jpg","colormag-highlighted-post":"https:\/\/www.alasmedios.com\/wp-content\/uploads\/2026\/03\/16-animales-regresaron-a-su-habitat-Pachuca-392x272.jpg","colormag-featured-post-medium":"https:\/\/www.alasmedios.com\/wp-content\/uploads\/2026\/03\/16-animales-regresaron-a-su-habitat-Pachuca-390x205.jpg","colormag-featured-post-small":"https:\/\/www.alasmedios.com\/wp-content\/uploads\/2026\/03\/16-animales-regresaron-a-su-habitat-Pachuca-130x90.jpg","colormag-featured-image":"https:\/\/www.alasmedios.com\/wp-content\/uploads\/2026\/03\/16-animales-regresaron-a-su-habitat-Pachuca-800x445.jpg","colormag-default-news":"https:\/\/www.alasmedios.com\/wp-content\/uploads\/2026\/03\/16-animales-regresaron-a-su-habitat-Pachuca-150x150.jpg","colormag-featured-image-large":"https:\/\/www.alasmedios.com\/wp-content\/uploads\/2026\/03\/16-animales-regresaron-a-su-habitat-Pachuca-1280x600.jpg"},"magazineBlocksPostAuthor":{"name":"Keila Rodr\u00edguez Pe\u00f1a","avatar":"https:\/\/secure.gravatar.com\/avatar\/a2553a2bfaa601b9d539b617c8793e151bdffb60f9e48a249912f86d4c9ebeef?s=96&d=mm&r=g"},"magazineBlocksPostCommentsNumber":"0","magazineBlocksPostExcerpt":"Gracias a la labor de la&nbsp;Unidad de Rehabilitaci\u00f3n de Fauna Silvestre de Pachuca,&nbsp;16 animales regresaron a su h\u00e1bitat&nbsp;en la&nbsp;Reserva de","magazineBlocksPostCategories":["Hidalgo"],"magazineBlocksPostViewCount":26,"magazineBlocksPostReadTime":3,"magazine_blocks_featured_image_url":{"full":["https:\/\/www.alasmedios.com\/wp-content\/uploads\/2026\/03\/16-animales-regresaron-a-su-habitat-Pachuca.jpg",1280,850,false],"medium":["https:\/\/www.alasmedios.com\/wp-content\/uploads\/2026\/03\/16-animales-regresaron-a-su-habitat-Pachuca-300x199.jpg",300,199,true],"thumbnail":["https:\/\/www.alasmedios.com\/wp-content\/uploads\/2026\/03\/16-animales-regresaron-a-su-habitat-Pachuca-150x150.jpg",150,150,true]},"magazine_blocks_author":{"display_name":"Keila Rodr\u00edguez Pe\u00f1a","author_link":"https:\/\/www.alasmedios.com\/index.php\/author\/keila\/"},"magazine_blocks_comment":0,"magazine_blocks_author_image":"https:\/\/secure.gravatar.com\/avatar\/a2553a2bfaa601b9d539b617c8793e151bdffb60f9e48a249912f86d4c9ebeef?s=96&d=mm&r=g","magazine_blocks_category":"<a href=\"#\" class=\"category-link category-link-41\">Hidalgo<\/a>","yoast_head":"<!-- This site is optimized with the Yoast SEO plugin v27.4 - https:\/\/yoast.com\/product\/yoast-seo-wordpress\/ -->\r\n<title>16 animales regresan a su h\u00e1bitat en la Barranca de Metztitl\u00e1n<\/title>\r\n<meta name=\"description\" content=\"Gracias a la labor de la\u00a0Unidad de Rehabilitaci\u00f3n de Fauna Silvestre de Pachuca,\u00a016 animales regresaron a su h\u00e1bitat\" \/>\r\n<meta name=\"robots\" content=\"index, follow, max-snippet:-1, max-image-preview:large, max-video-preview:-1\" \/>\r\n<link rel=\"canonical\" href=\"https:\/\/www.alasmedios.com\/index.php\/2026\/03\/11\/16-animales-regresan-a-su-habitat-en-la-barranca-de-metztitlan\/\" \/>\r\n<meta property=\"og:locale\" content=\"es_MX\" \/>\r\n<meta property=\"og:type\" content=\"article\" \/>\r\n<meta property=\"og:title\" content=\"16 animales regresan a su h\u00e1bitat en la Barranca de Metztitl\u00e1n\" \/>\r\n<meta property=\"og:description\" content=\"Gracias a la labor de la\u00a0Unidad de Rehabilitaci\u00f3n de Fauna Silvestre de Pachuca,\u00a016 animales regresaron a su h\u00e1bitat\" \/>\r\n<meta property=\"og:url\" content=\"https:\/\/www.alasmedios.com\/index.php\/2026\/03\/11\/16-animales-regresan-a-su-habitat-en-la-barranca-de-metztitlan\/\" \/>\r\n<meta property=\"og:site_name\" content=\"Alas Medios\" \/>\r\n<meta property=\"article:published_time\" content=\"2026-03-11T15:32:11+00:00\" \/>\r\n<meta property=\"article:modified_time\" content=\"2026-03-11T15:32:18+00:00\" \/>\r\n<meta property=\"og:image\" content=\"https:\/\/www.alasmedios.com\/wp-content\/uploads\/2026\/03\/16-animales-regresaron-a-su-habitat-Pachuca.jpg\" \/>\r\n\t<meta property=\"og:image:width\" content=\"1280\" \/>\r\n\t<meta property=\"og:image:height\" content=\"850\" \/>\r\n\t<meta property=\"og:image:type\" content=\"image\/jpeg\" \/>\r\n<meta name=\"author\" content=\"Keila Rodr\u00edguez Pe\u00f1a\" \/>\r\n<meta name=\"twitter:card\" content=\"summary_large_image\" \/>\r\n<meta name=\"twitter:label1\" content=\"Escrito por\" \/>\n\t<meta name=\"twitter:data1\" content=\"Keila Rodr\u00edguez Pe\u00f1a\" \/>\n\t<meta name=\"twitter:label2\" content=\"Tiempo de lectura\" \/>\n\t<meta name=\"twitter:data2\" content=\"3 minutos\" \/>\r\n<script type=\"application\/ld+json\" class=\"yoast-schema-graph\">{\"@context\":\"https:\\\/\\\/schema.org\",\"@graph\":[{\"@type\":\"Article\",\"@id\":\"https:\\\/\\\/www.alasmedios.com\\\/index.php\\\/2026\\\/03\\\/11\\\/16-animales-regresan-a-su-habitat-en-la-barranca-de-metztitlan\\\/#article\",\"isPartOf\":{\"@id\":\"https:\\\/\\\/www.alasmedios.com\\\/index.php\\\/2026\\\/03\\\/11\\\/16-animales-regresan-a-su-habitat-en-la-barranca-de-metztitlan\\\/\"},\"author\":{\"name\":\"Keila Rodr\u00edguez Pe\u00f1a\",\"@id\":\"https:\\\/\\\/www.alasmedios.com\\\/#\\\/schema\\\/person\\\/0ba31bdd19a05ebf5c7fef1fedf99c34\"},\"headline\":\"16 animales regresan a su h\u00e1bitat en la Barranca de Metztitl\u00e1n\",\"datePublished\":\"2026-03-11T15:32:11+00:00\",\"dateModified\":\"2026-03-11T15:32:18+00:00\",\"mainEntityOfPage\":{\"@id\":\"https:\\\/\\\/www.alasmedios.com\\\/index.php\\\/2026\\\/03\\\/11\\\/16-animales-regresan-a-su-habitat-en-la-barranca-de-metztitlan\\\/\"},\"wordCount\":428,\"commentCount\":0,\"publisher\":{\"@id\":\"https:\\\/\\\/www.alasmedios.com\\\/#organization\"},\"image\":{\"@id\":\"https:\\\/\\\/www.alasmedios.com\\\/index.php\\\/2026\\\/03\\\/11\\\/16-animales-regresan-a-su-habitat-en-la-barranca-de-metztitlan\\\/#primaryimage\"},\"thumbnailUrl\":\"https:\\\/\\\/www.alasmedios.com\\\/wp-content\\\/uploads\\\/2026\\\/03\\\/16-animales-regresaron-a-su-habitat-Pachuca.jpg\",\"keywords\":[\"Hidalgo\",\"Medio Ambiente\",\"Metztitl\u00e1n\",\"protecci\u00f3n animal\"],\"articleSection\":[\"Hidalgo\"],\"inLanguage\":\"es\",\"potentialAction\":[{\"@type\":\"CommentAction\",\"name\":\"Comment\",\"target\":[\"https:\\\/\\\/www.alasmedios.com\\\/index.php\\\/2026\\\/03\\\/11\\\/16-animales-regresan-a-su-habitat-en-la-barranca-de-metztitlan\\\/#respond\"]}]},{\"@type\":\"WebPage\",\"@id\":\"https:\\\/\\\/www.alasmedios.com\\\/index.php\\\/2026\\\/03\\\/11\\\/16-animales-regresan-a-su-habitat-en-la-barranca-de-metztitlan\\\/\",\"url\":\"https:\\\/\\\/www.alasmedios.com\\\/index.php\\\/2026\\\/03\\\/11\\\/16-animales-regresan-a-su-habitat-en-la-barranca-de-metztitlan\\\/\",\"name\":\"16 animales regresan a su h\u00e1bitat en la Barranca de Metztitl\u00e1n\",\"isPartOf\":{\"@id\":\"https:\\\/\\\/www.alasmedios.com\\\/#website\"},\"primaryImageOfPage\":{\"@id\":\"https:\\\/\\\/www.alasmedios.com\\\/index.php\\\/2026\\\/03\\\/11\\\/16-animales-regresan-a-su-habitat-en-la-barranca-de-metztitlan\\\/#primaryimage\"},\"image\":{\"@id\":\"https:\\\/\\\/www.alasmedios.com\\\/index.php\\\/2026\\\/03\\\/11\\\/16-animales-regresan-a-su-habitat-en-la-barranca-de-metztitlan\\\/#primaryimage\"},\"thumbnailUrl\":\"https:\\\/\\\/www.alasmedios.com\\\/wp-content\\\/uploads\\\/2026\\\/03\\\/16-animales-regresaron-a-su-habitat-Pachuca.jpg\",\"datePublished\":\"2026-03-11T15:32:11+00:00\",\"dateModified\":\"2026-03-11T15:32:18+00:00\",\"description\":\"Gracias a la labor de la\u00a0Unidad de Rehabilitaci\u00f3n de Fauna Silvestre de Pachuca,\u00a016 animales regresaron a su h\u00e1bitat\",\"breadcrumb\":{\"@id\":\"https:\\\/\\\/www.alasmedios.com\\\/index.php\\\/2026\\\/03\\\/11\\\/16-animales-regresan-a-su-habitat-en-la-barranca-de-metztitlan\\\/#breadcrumb\"},\"inLanguage\":\"es\",\"potentialAction\":[{\"@type\":\"ReadAction\",\"target\":[\"https:\\\/\\\/www.alasmedios.com\\\/index.php\\\/2026\\\/03\\\/11\\\/16-animales-regresan-a-su-habitat-en-la-barranca-de-metztitlan\\\/\"]}]},{\"@type\":\"ImageObject\",\"inLanguage\":\"es\",\"@id\":\"https:\\\/\\\/www.alasmedios.com\\\/index.php\\\/2026\\\/03\\\/11\\\/16-animales-regresan-a-su-habitat-en-la-barranca-de-metztitlan\\\/#primaryimage\",\"url\":\"https:\\\/\\\/www.alasmedios.com\\\/wp-content\\\/uploads\\\/2026\\\/03\\\/16-animales-regresaron-a-su-habitat-Pachuca.jpg\",\"contentUrl\":\"https:\\\/\\\/www.alasmedios.com\\\/wp-content\\\/uploads\\\/2026\\\/03\\\/16-animales-regresaron-a-su-habitat-Pachuca.jpg\",\"width\":1280,\"height\":850},{\"@type\":\"BreadcrumbList\",\"@id\":\"https:\\\/\\\/www.alasmedios.com\\\/index.php\\\/2026\\\/03\\\/11\\\/16-animales-regresan-a-su-habitat-en-la-barranca-de-metztitlan\\\/#breadcrumb\",\"itemListElement\":[{\"@type\":\"ListItem\",\"position\":1,\"name\":\"Inicio\",\"item\":\"https:\\\/\\\/www.alasmedios.com\\\/\"},{\"@type\":\"ListItem\",\"position\":2,\"name\":\"16 animales regresan a su h\u00e1bitat en la Barranca de Metztitl\u00e1n\"}]},{\"@type\":\"WebSite\",\"@id\":\"https:\\\/\\\/www.alasmedios.com\\\/#website\",\"url\":\"https:\\\/\\\/www.alasmedios.com\\\/\",\"name\":\"Alas Medios\",\"description\":\"Alas para pensar, Alas para volar, Alas de libertad\",\"publisher\":{\"@id\":\"https:\\\/\\\/www.alasmedios.com\\\/#organization\"},\"potentialAction\":[{\"@type\":\"SearchAction\",\"target\":{\"@type\":\"EntryPoint\",\"urlTemplate\":\"https:\\\/\\\/www.alasmedios.com\\\/?s={search_term_string}\"},\"query-input\":{\"@type\":\"PropertyValueSpecification\",\"valueRequired\":true,\"valueName\":\"search_term_string\"}}],\"inLanguage\":\"es\"},{\"@type\":\"Organization\",\"@id\":\"https:\\\/\\\/www.alasmedios.com\\\/#organization\",\"name\":\"Alas Medios\",\"url\":\"https:\\\/\\\/www.alasmedios.com\\\/\",\"logo\":{\"@type\":\"ImageObject\",\"inLanguage\":\"es\",\"@id\":\"https:\\\/\\\/www.alasmedios.com\\\/#\\\/schema\\\/logo\\\/image\\\/\",\"url\":\"https:\\\/\\\/www.alasmedios.com\\\/wp-content\\\/uploads\\\/2026\\\/01\\\/cropped-cropped-GAM-1.png\",\"contentUrl\":\"https:\\\/\\\/www.alasmedios.com\\\/wp-content\\\/uploads\\\/2026\\\/01\\\/cropped-cropped-GAM-1.png\",\"width\":467,\"height\":235,\"caption\":\"Alas Medios\"},\"image\":{\"@id\":\"https:\\\/\\\/www.alasmedios.com\\\/#\\\/schema\\\/logo\\\/image\\\/\"}},{\"@type\":\"Person\",\"@id\":\"https:\\\/\\\/www.alasmedios.com\\\/#\\\/schema\\\/person\\\/0ba31bdd19a05ebf5c7fef1fedf99c34\",\"name\":\"Keila Rodr\u00edguez Pe\u00f1a\",\"image\":{\"@type\":\"ImageObject\",\"inLanguage\":\"es\",\"@id\":\"https:\\\/\\\/secure.gravatar.com\\\/avatar\\\/a2553a2bfaa601b9d539b617c8793e151bdffb60f9e48a249912f86d4c9ebeef?s=96&d=mm&r=g\",\"url\":\"https:\\\/\\\/secure.gravatar.com\\\/avatar\\\/a2553a2bfaa601b9d539b617c8793e151bdffb60f9e48a249912f86d4c9ebeef?s=96&d=mm&r=g\",\"contentUrl\":\"https:\\\/\\\/secure.gravatar.com\\\/avatar\\\/a2553a2bfaa601b9d539b617c8793e151bdffb60f9e48a249912f86d4c9ebeef?s=96&d=mm&r=g\",\"caption\":\"Keila Rodr\u00edguez Pe\u00f1a\"},\"sameAs\":[\"http:\\\/\\\/www.alasmedios.com\"],\"url\":\"https:\\\/\\\/www.alasmedios.com\\\/index.php\\\/author\\\/keila\\\/\"}]}<\/script>\r\n<!-- \/ Yoast SEO plugin. -->","yoast_head_json":{"title":"16 animales regresan a su h\u00e1bitat en la Barranca de Metztitl\u00e1n","description":"Gracias a la labor de la\u00a0Unidad de Rehabilitaci\u00f3n de Fauna Silvestre de Pachuca,\u00a016 animales regresaron a su h\u00e1bitat","robots":{"index":"index","follow":"follow","max-snippet":"max-snippet:-1","max-image-preview":"max-image-preview:large","max-video-preview":"max-video-preview:-1"},"canonical":"https:\/\/www.alasmedios.com\/index.php\/2026\/03\/11\/16-animales-regresan-a-su-habitat-en-la-barranca-de-metztitlan\/","og_locale":"es_MX","og_type":"article","og_title":"16 animales regresan a su h\u00e1bitat en la Barranca de Metztitl\u00e1n","og_description":"Gracias a la labor de la\u00a0Unidad de Rehabilitaci\u00f3n de Fauna Silvestre de Pachuca,\u00a016 animales regresaron a su h\u00e1bitat","og_url":"https:\/\/www.alasmedios.com\/index.php\/2026\/03\/11\/16-animales-regresan-a-su-habitat-en-la-barranca-de-metztitlan\/","og_site_name":"Alas Medios","article_published_time":"2026-03-11T15:32:11+00:00","article_modified_time":"2026-03-11T15:32:18+00:00","og_image":[{"width":1280,"height":850,"url":"https:\/\/www.alasmedios.com\/wp-content\/uploads\/2026\/03\/16-animales-regresaron-a-su-habitat-Pachuca.jpg","type":"image\/jpeg"}],"author":"Keila Rodr\u00edguez Pe\u00f1a","twitter_card":"summary_large_image","twitter_misc":{"Escrito por":"Keila Rodr\u00edguez Pe\u00f1a","Tiempo de lectura":"3 minutos"},"schema":{"@context":"https:\/\/schema.org","@graph":[{"@type":"Article","@id":"https:\/\/www.alasmedios.com\/index.php\/2026\/03\/11\/16-animales-regresan-a-su-habitat-en-la-barranca-de-metztitlan\/#article","isPartOf":{"@id":"https:\/\/www.alasmedios.com\/index.php\/2026\/03\/11\/16-animales-regresan-a-su-habitat-en-la-barranca-de-metztitlan\/"},"author":{"name":"Keila Rodr\u00edguez Pe\u00f1a","@id":"https:\/\/www.alasmedios.com\/#\/schema\/person\/0ba31bdd19a05ebf5c7fef1fedf99c34"},"headline":"16 animales regresan a su h\u00e1bitat en la Barranca de Metztitl\u00e1n","datePublished":"2026-03-11T15:32:11+00:00","dateModified":"2026-03-11T15:32:18+00:00","mainEntityOfPage":{"@id":"https:\/\/www.alasmedios.com\/index.php\/2026\/03\/11\/16-animales-regresan-a-su-habitat-en-la-barranca-de-metztitlan\/"},"wordCount":428,"commentCount":0,"publisher":{"@id":"https:\/\/www.alasmedios.com\/#organization"},"image":{"@id":"https:\/\/www.alasmedios.com\/index.php\/2026\/03\/11\/16-animales-regresan-a-su-habitat-en-la-barranca-de-metztitlan\/#primaryimage"},"thumbnailUrl":"https:\/\/www.alasmedios.com\/wp-content\/uploads\/2026\/03\/16-animales-regresaron-a-su-habitat-Pachuca.jpg","keywords":["Hidalgo","Medio Ambiente","Metztitl\u00e1n","protecci\u00f3n animal"],"articleSection":["Hidalgo"],"inLanguage":"es","potentialAction":[{"@type":"CommentAction","name":"Comment","target":["https:\/\/www.alasmedios.com\/index.php\/2026\/03\/11\/16-animales-regresan-a-su-habitat-en-la-barranca-de-metztitlan\/#respond"]}]},{"@type":"WebPage","@id":"https:\/\/www.alasmedios.com\/index.php\/2026\/03\/11\/16-animales-regresan-a-su-habitat-en-la-barranca-de-metztitlan\/","url":"https:\/\/www.alasmedios.com\/index.php\/2026\/03\/11\/16-animales-regresan-a-su-habitat-en-la-barranca-de-metztitlan\/","name":"16 animales regresan a su h\u00e1bitat en la Barranca de Metztitl\u00e1n","isPartOf":{"@id":"https:\/\/www.alasmedios.com\/#website"},"primaryImageOfPage":{"@id":"https:\/\/www.alasmedios.com\/index.php\/2026\/03\/11\/16-animales-regresan-a-su-habitat-en-la-barranca-de-metztitlan\/#primaryimage"},"image":{"@id":"https:\/\/www.alasmedios.com\/index.php\/2026\/03\/11\/16-animales-regresan-a-su-habitat-en-la-barranca-de-metztitlan\/#primaryimage"},"thumbnailUrl":"https:\/\/www.alasmedios.com\/wp-content\/uploads\/2026\/03\/16-animales-regresaron-a-su-habitat-Pachuca.jpg","datePublished":"2026-03-11T15:32:11+00:00","dateModified":"2026-03-11T15:32:18+00:00","description":"Gracias a la labor de la\u00a0Unidad de Rehabilitaci\u00f3n de Fauna Silvestre de Pachuca,\u00a016 animales regresaron a su h\u00e1bitat","breadcrumb":{"@id":"https:\/\/www.alasmedios.com\/index.php\/2026\/03\/11\/16-animales-regresan-a-su-habitat-en-la-barranca-de-metztitlan\/#breadcrumb"},"inLanguage":"es","potentialAction":[{"@type":"ReadAction","target":["https:\/\/www.alasmedios.com\/index.php\/2026\/03\/11\/16-animales-regresan-a-su-habitat-en-la-barranca-de-metztitlan\/"]}]},{"@type":"ImageObject","inLanguage":"es","@id":"https:\/\/www.alasmedios.com\/index.php\/2026\/03\/11\/16-animales-regresan-a-su-habitat-en-la-barranca-de-metztitlan\/#primaryimage","url":"https:\/\/www.alasmedios.com\/wp-content\/uploads\/2026\/03\/16-animales-regresaron-a-su-habitat-Pachuca.jpg","contentUrl":"https:\/\/www.alasmedios.com\/wp-content\/uploads\/2026\/03\/16-animales-regresaron-a-su-habitat-Pachuca.jpg","width":1280,"height":850},{"@type":"BreadcrumbList","@id":"https:\/\/www.alasmedios.com\/index.php\/2026\/03\/11\/16-animales-regresan-a-su-habitat-en-la-barranca-de-metztitlan\/#breadcrumb","itemListElement":[{"@type":"ListItem","position":1,"name":"Inicio","item":"https:\/\/www.alasmedios.com\/"},{"@type":"ListItem","position":2,"name":"16 animales regresan a su h\u00e1bitat en la Barranca de Metztitl\u00e1n"}]},{"@type":"WebSite","@id":"https:\/\/www.alasmedios.com\/#website","url":"https:\/\/www.alasmedios.com\/","name":"Alas Medios","description":"Alas para pensar, Alas para volar, Alas de libertad","publisher":{"@id":"https:\/\/www.alasmedios.com\/#organization"},"potentialAction":[{"@type":"SearchAction","target":{"@type":"EntryPoint","urlTemplate":"https:\/\/www.alasmedios.com\/?s={search_term_string}"},"query-input":{"@type":"PropertyValueSpecification","valueRequired":true,"valueName":"search_term_string"}}],"inLanguage":"es"},{"@type":"Organization","@id":"https:\/\/www.alasmedios.com\/#organization","name":"Alas Medios","url":"https:\/\/www.alasmedios.com\/","logo":{"@type":"ImageObject","inLanguage":"es","@id":"https:\/\/www.alasmedios.com\/#\/schema\/logo\/image\/","url":"https:\/\/www.alasmedios.com\/wp-content\/uploads\/2026\/01\/cropped-cropped-GAM-1.png","contentUrl":"https:\/\/www.alasmedios.com\/wp-content\/uploads\/2026\/01\/cropped-cropped-GAM-1.png","width":467,"height":235,"caption":"Alas Medios"},"image":{"@id":"https:\/\/www.alasmedios.com\/#\/schema\/logo\/image\/"}},{"@type":"Person","@id":"https:\/\/www.alasmedios.com\/#\/schema\/person\/0ba31bdd19a05ebf5c7fef1fedf99c34","name":"Keila Rodr\u00edguez Pe\u00f1a","image":{"@type":"ImageObject","inLanguage":"es","@id":"https:\/\/secure.gravatar.com\/avatar\/a2553a2bfaa601b9d539b617c8793e151bdffb60f9e48a249912f86d4c9ebeef?s=96&d=mm&r=g","url":"https:\/\/secure.gravatar.com\/avatar\/a2553a2bfaa601b9d539b617c8793e151bdffb60f9e48a249912f86d4c9ebeef?s=96&d=mm&r=g","contentUrl":"https:\/\/secure.gravatar.com\/avatar\/a2553a2bfaa601b9d539b617c8793e151bdffb60f9e48a249912f86d4c9ebeef?s=96&d=mm&r=g","caption":"Keila Rodr\u00edguez Pe\u00f1a"},"sameAs":["http:\/\/www.alasmedios.com"],"url":"https:\/\/www.alasmedios.com\/index.php\/author\/keila\/"}]}},"_links":{"self":[{"href":"https:\/\/www.alasmedios.com\/index.php\/wp-json\/wp\/v2\/posts\/8172","targetHints":{"allow":["GET"]}}],"collection":[{"href":"https:\/\/www.alasmedios.com\/index.php\/wp-json\/wp\/v2\/posts"}],"about":[{"href":"https:\/\/www.alasmedios.com\/index.php\/wp-json\/wp\/v2\/types\/post"}],"author":[{"embeddable":true,"href":"https:\/\/www.alasmedios.com\/index.php\/wp-json\/wp\/v2\/users\/4"}],"replies":[{"embeddable":true,"href":"https:\/\/www.alasmedios.com\/index.php\/wp-json\/wp\/v2\/comments?post=8172"}],"version-history":[{"count":1,"href":"https:\/\/www.alasmedios.com\/index.php\/wp-json\/wp\/v2\/posts\/8172\/revisions"}],"predecessor-version":[{"id":8178,"href":"https:\/\/www.alasmedios.com\/index.php\/wp-json\/wp\/v2\/posts\/8172\/revisions\/8178"}],"wp:featuredmedia":[{"embeddable":true,"href":"https:\/\/www.alasmedios.com\/index.php\/wp-json\/wp\/v2\/media\/8173"}],"wp:attachment":[{"href":"https:\/\/www.alasmedios.com\/index.php\/wp-json\/wp\/v2\/media?parent=8172"}],"wp:term":[{"taxonomy":"category","embeddable":true,"href":"https:\/\/www.alasmedios.com\/index.php\/wp-json\/wp\/v2\/categories?post=8172"},{"taxonomy":"post_tag","embeddable":true,"href":"https:\/\/www.alasmedios.com\/index.php\/wp-json\/wp\/v2\/tags?post=8172"}],"curies":[{"name":"wp","href":"https:\/\/api.w.org\/{rel}","templated":true}]}}