{"id":8169,"date":"2026-03-10T13:42:00","date_gmt":"2026-03-10T19:42:00","guid":{"rendered":"https:\/\/www.alasmedios.com\/?p=8169"},"modified":"2026-03-13T13:17:04","modified_gmt":"2026-03-13T19:17:04","slug":"cine-bajo-las-estrellas-en-huazalingo-proyectaran-cortos-animados-gratis-para-toda-la-familia","status":"publish","type":"post","link":"https:\/\/www.alasmedios.com\/index.php\/2026\/03\/10\/cine-bajo-las-estrellas-en-huazalingo-proyectaran-cortos-animados-gratis-para-toda-la-familia\/","title":{"rendered":"Cine bajo las estrellas en Huazalingo: proyectar\u00e1n cortos animados gratis para toda la familia"},"content":{"rendered":"\n<p>Llevando <strong>Cine Comunitario<\/strong>, la <strong>Secretar\u00eda de Cultura de Hidalgo<\/strong>, presenta en <strong>Huazalingo<\/strong> la proyecci\u00f3n de <strong>cortos animados<\/strong> para toda la familia.<\/p>\n\n\n\n<p>Una nueva <strong>funci\u00f3n de cine comunitario<\/strong> llegar\u00e1 al municipio de <strong><a href=\"https:\/\/www.facebook.com\/AyuntamientoDeHuazalingo\">Huazalingo<\/a><\/strong>, donde habitantes podr\u00e1n disfrutar de <strong>cortos animados en una proyecci\u00f3n gratuita<\/strong> pensada para reunir a familias y vecinos en torno al cine.<\/p>\n\n\n\n<p>La actividad se realizar\u00e1 el <strong>mi\u00e9rcoles 11 de marzo a las 18:00 horas<\/strong> en el <strong>auditorio de la Escuela Primaria \u201cG\u00f3mez Far\u00edas\u201d<\/strong>, ubicada en la <strong>comunidad de San Francisco<\/strong>, en <strong>Huazalingo, Hidalgo<\/strong>.<\/p>\n\n\n\n<p>SIGUE LEYENDO: <a href=\"https:\/\/www.alasmedios.com\/index.php\/2026\/03\/10\/tulancingo-honra-a-las-mujeres-con-escultura-y-acciones-contra-la-violencia\/\" type=\"post\" id=\"8161\">Tulancingo honra a las mujeres con escultura y acciones contra la violencia<\/a><\/p>\n\n\n\n<p>De acuerdo con la convocatoria, la funci\u00f3n forma parte de una estrategia de <strong>cine comunitario<\/strong>, cuyo objetivo es <strong>acercar actividades culturales a las comunidades<\/strong> y promover espacios de <strong>convivencia familiar y social<\/strong>.<\/p>\n\n\n\n<iframe loading=\"lazy\" src=\"https:\/\/www.facebook.com\/plugins\/post.php?href=https%3A%2F%2Fwww.facebook.com%2FCulturaHidalgo%2Fposts%2Fpfbid0Pm6g8BDxBu8dvLQyS95Dc6ySTH8U5ftkjYrDLDJjVCnbbsyyETzqAbN8w3SFYcLwl&#038;show_text=true&#038;width=500\" width=\"500\" height=\"660\" style=\"border:none;overflow:hidden\" scrolling=\"no\" frameborder=\"0\" allowfullscreen=\"true\" allow=\"autoplay; clipboard-write; encrypted-media; picture-in-picture; web-share\"><\/iframe>\n\n\n\n<p>Durante la jornada se proyectar\u00e1 una <strong>selecci\u00f3n de cortos animados<\/strong>, en un evento con <strong>entrada libre<\/strong>, por lo que ni\u00f1as, ni\u00f1os y personas adultas podr\u00e1n asistir sin costo.<\/p>\n\n\n\n<p>La invitaci\u00f3n est\u00e1 abierta a la poblaci\u00f3n de <strong>Huazalingo y comunidades cercanas<\/strong>, con la intenci\u00f3n de <strong>compartir una tarde de cine en comunidad<\/strong> y fortalecer los espacios culturales en la regi\u00f3n.<\/p>\n\n\n<ul class=\"wp-block-latest-posts__list is-grid columns-3 wp-block-latest-posts\"><li><div class=\"wp-block-latest-posts__featured-image\"><img loading=\"lazy\" decoding=\"async\" width=\"150\" height=\"150\" src=\"https:\/\/www.alasmedios.com\/wp-content\/uploads\/2026\/04\/Argentina-decomisan-bienes-Cristina-Kirchner-150x150.png\" class=\"attachment-thumbnail size-thumbnail wp-post-image\" alt=\"\" style=\"\" \/><\/div><a class=\"wp-block-latest-posts__post-title\" href=\"https:\/\/www.alasmedios.com\/index.php\/2026\/04\/25\/caso-vialidad-argentina-ratifica-decomiso-millonario-a-cristina-kirchner\/\">Caso Vialidad: Argentina ratifica decomiso millonario a Cristina Kirchner<\/a><\/li>\n<li><div class=\"wp-block-latest-posts__featured-image\"><img loading=\"lazy\" decoding=\"async\" width=\"150\" height=\"150\" src=\"https:\/\/www.alasmedios.com\/wp-content\/uploads\/2026\/04\/Puebla-desaparecida-Aguascalientes-150x150.jpeg\" class=\"attachment-thumbnail size-thumbnail wp-post-image\" alt=\"\" style=\"\" \/><\/div><a class=\"wp-block-latest-posts__post-title\" href=\"https:\/\/www.alasmedios.com\/index.php\/2026\/04\/25\/localizan-con-vida-en-aguascalientes-a-adolescente-desaparecida-en-puebla\/\">Localizan con vida en Aguascalientes a adolescente desaparecida en Puebla<\/a><\/li>\n<li><div class=\"wp-block-latest-posts__featured-image\"><img loading=\"lazy\" decoding=\"async\" width=\"150\" height=\"150\" src=\"https:\/\/www.alasmedios.com\/wp-content\/uploads\/2026\/04\/podio-de-la-Copa-del-Mundo-de-Ciclismo-150x150.jpg\" class=\"attachment-thumbnail size-thumbnail wp-post-image\" alt=\"\" style=\"\" \/><\/div><a class=\"wp-block-latest-posts__post-title\" href=\"https:\/\/www.alasmedios.com\/index.php\/2026\/04\/25\/mexico-arranca-con-doble-podio-en-la-copa-del-mundo-de-pista-en-malasia\/\">M\u00e9xico arranca con doble podio en la Copa del Mundo de Pista en Malasia<\/a><\/li>\n<\/ul>","protected":false},"excerpt":{"rendered":"<p>Llevando Cine Comunitario, la Secretar\u00eda de Cultura de Hidalgo, presenta en Huazalingo la proyecci\u00f3n de cortos animados para toda la<\/p>\n","protected":false},"author":4,"featured_media":8170,"comment_status":"open","ping_status":"open","sticky":false,"template":"","format":"standard","meta":{"colormag_page_container_layout":"default_layout","colormag_page_sidebar_layout":"default_layout","rop_custom_images_group":[],"rop_custom_messages_group":[],"rop_publish_now":"initial","rop_publish_now_accounts":[],"rop_publish_now_history":[],"rop_publish_now_status":"pending","iawp_total_views":2,"footnotes":""},"categories":[41],"tags":[3462,3463,2907],"class_list":["post-8169","post","type-post","status-publish","format-standard","has-post-thumbnail","hentry","category-hidalgo","tag-cine-comunitario","tag-cortos-animados","tag-huazalingo"],"magazineBlocksPostFeaturedMedia":{"thumbnail":"https:\/\/www.alasmedios.com\/wp-content\/uploads\/2026\/03\/Cine-Comunitario-Huazalingo-150x150.png","medium":"https:\/\/www.alasmedios.com\/wp-content\/uploads\/2026\/03\/Cine-Comunitario-Huazalingo-300x182.png","medium_large":"https:\/\/www.alasmedios.com\/wp-content\/uploads\/2026\/03\/Cine-Comunitario-Huazalingo-768x466.png","large":"https:\/\/www.alasmedios.com\/wp-content\/uploads\/2026\/03\/Cine-Comunitario-Huazalingo-1024x622.png","1536x1536":"https:\/\/www.alasmedios.com\/wp-content\/uploads\/2026\/03\/Cine-Comunitario-Huazalingo-1536x932.png","2048x2048":"https:\/\/www.alasmedios.com\/wp-content\/uploads\/2026\/03\/Cine-Comunitario-Huazalingo.png","colormag-highlighted-post":"https:\/\/www.alasmedios.com\/wp-content\/uploads\/2026\/03\/Cine-Comunitario-Huazalingo-392x272.png","colormag-featured-post-medium":"https:\/\/www.alasmedios.com\/wp-content\/uploads\/2026\/03\/Cine-Comunitario-Huazalingo-390x205.png","colormag-featured-post-small":"https:\/\/www.alasmedios.com\/wp-content\/uploads\/2026\/03\/Cine-Comunitario-Huazalingo-130x90.png","colormag-featured-image":"https:\/\/www.alasmedios.com\/wp-content\/uploads\/2026\/03\/Cine-Comunitario-Huazalingo-800x445.png","colormag-default-news":"https:\/\/www.alasmedios.com\/wp-content\/uploads\/2026\/03\/Cine-Comunitario-Huazalingo-150x150.png","colormag-featured-image-large":"https:\/\/www.alasmedios.com\/wp-content\/uploads\/2026\/03\/Cine-Comunitario-Huazalingo-1400x600.png"},"magazineBlocksPostAuthor":{"name":"Keila Rodr\u00edguez Pe\u00f1a","avatar":"https:\/\/secure.gravatar.com\/avatar\/a2553a2bfaa601b9d539b617c8793e151bdffb60f9e48a249912f86d4c9ebeef?s=96&d=mm&r=g"},"magazineBlocksPostCommentsNumber":"0","magazineBlocksPostExcerpt":"Llevando Cine Comunitario, la Secretar\u00eda de Cultura de Hidalgo, presenta en Huazalingo la proyecci\u00f3n de cortos animados para toda la","magazineBlocksPostCategories":["Hidalgo"],"magazineBlocksPostViewCount":26,"magazineBlocksPostReadTime":2,"magazine_blocks_featured_image_url":{"full":["https:\/\/www.alasmedios.com\/wp-content\/uploads\/2026\/03\/Cine-Comunitario-Huazalingo.png",2000,1214,false],"medium":["https:\/\/www.alasmedios.com\/wp-content\/uploads\/2026\/03\/Cine-Comunitario-Huazalingo-300x182.png",300,182,true],"thumbnail":["https:\/\/www.alasmedios.com\/wp-content\/uploads\/2026\/03\/Cine-Comunitario-Huazalingo-150x150.png",150,150,true]},"magazine_blocks_author":{"display_name":"Keila Rodr\u00edguez Pe\u00f1a","author_link":"https:\/\/www.alasmedios.com\/index.php\/author\/keila\/"},"magazine_blocks_comment":0,"magazine_blocks_author_image":"https:\/\/secure.gravatar.com\/avatar\/a2553a2bfaa601b9d539b617c8793e151bdffb60f9e48a249912f86d4c9ebeef?s=96&d=mm&r=g","magazine_blocks_category":"<a href=\"#\" class=\"category-link category-link-41\">Hidalgo<\/a>","yoast_head":"<!-- This site is optimized with the Yoast SEO plugin v27.4 - https:\/\/yoast.com\/product\/yoast-seo-wordpress\/ -->\r\n<title>Cine bajo las estrellas en Huazalingo: proyectar\u00e1n cortos animados gratis para toda la familia<\/title>\r\n<meta name=\"description\" content=\"Llevando Cine Comunitario, la Secretar\u00eda de Cultura de Hidalgo, presenta en Huazalingo la proyecci\u00f3n de cortos animados para toda la familia\" \/>\r\n<meta name=\"robots\" content=\"index, follow, max-snippet:-1, max-image-preview:large, max-video-preview:-1\" \/>\r\n<link rel=\"canonical\" href=\"https:\/\/www.alasmedios.com\/index.php\/2026\/03\/10\/cine-bajo-las-estrellas-en-huazalingo-proyectaran-cortos-animados-gratis-para-toda-la-familia\/\" \/>\r\n<meta property=\"og:locale\" content=\"es_MX\" \/>\r\n<meta property=\"og:type\" content=\"article\" \/>\r\n<meta property=\"og:title\" content=\"Cine bajo las estrellas en Huazalingo: proyectar\u00e1n cortos animados gratis para toda la familia\" \/>\r\n<meta property=\"og:description\" content=\"Llevando Cine Comunitario, la Secretar\u00eda de Cultura de Hidalgo, presenta en Huazalingo la proyecci\u00f3n de cortos animados para toda la familia\" \/>\r\n<meta property=\"og:url\" content=\"https:\/\/www.alasmedios.com\/index.php\/2026\/03\/10\/cine-bajo-las-estrellas-en-huazalingo-proyectaran-cortos-animados-gratis-para-toda-la-familia\/\" \/>\r\n<meta property=\"og:site_name\" content=\"Alas Medios\" \/>\r\n<meta property=\"article:published_time\" content=\"2026-03-10T19:42:00+00:00\" \/>\r\n<meta property=\"article:modified_time\" content=\"2026-03-13T19:17:04+00:00\" \/>\r\n<meta property=\"og:image\" content=\"https:\/\/www.alasmedios.com\/wp-content\/uploads\/2026\/03\/Cine-Comunitario-Huazalingo-1024x622.png\" \/>\r\n\t<meta property=\"og:image:width\" content=\"1024\" \/>\r\n\t<meta property=\"og:image:height\" content=\"622\" \/>\r\n\t<meta property=\"og:image:type\" content=\"image\/png\" \/>\r\n<meta name=\"author\" content=\"Keila Rodr\u00edguez Pe\u00f1a\" \/>\r\n<meta name=\"twitter:card\" content=\"summary_large_image\" \/>\r\n<meta name=\"twitter:label1\" content=\"Escrito por\" \/>\n\t<meta name=\"twitter:data1\" content=\"Keila Rodr\u00edguez Pe\u00f1a\" \/>\n\t<meta name=\"twitter:label2\" content=\"Tiempo de lectura\" \/>\n\t<meta name=\"twitter:data2\" content=\"2 minutos\" \/>\r\n<script type=\"application\/ld+json\" class=\"yoast-schema-graph\">{\"@context\":\"https:\\\/\\\/schema.org\",\"@graph\":[{\"@type\":\"Article\",\"@id\":\"https:\\\/\\\/www.alasmedios.com\\\/index.php\\\/2026\\\/03\\\/10\\\/cine-bajo-las-estrellas-en-huazalingo-proyectaran-cortos-animados-gratis-para-toda-la-familia\\\/#article\",\"isPartOf\":{\"@id\":\"https:\\\/\\\/www.alasmedios.com\\\/index.php\\\/2026\\\/03\\\/10\\\/cine-bajo-las-estrellas-en-huazalingo-proyectaran-cortos-animados-gratis-para-toda-la-familia\\\/\"},\"author\":{\"name\":\"Keila Rodr\u00edguez Pe\u00f1a\",\"@id\":\"https:\\\/\\\/www.alasmedios.com\\\/#\\\/schema\\\/person\\\/0ba31bdd19a05ebf5c7fef1fedf99c34\"},\"headline\":\"Cine bajo las estrellas en Huazalingo: proyectar\u00e1n cortos animados gratis para toda la familia\",\"datePublished\":\"2026-03-10T19:42:00+00:00\",\"dateModified\":\"2026-03-13T19:17:04+00:00\",\"mainEntityOfPage\":{\"@id\":\"https:\\\/\\\/www.alasmedios.com\\\/index.php\\\/2026\\\/03\\\/10\\\/cine-bajo-las-estrellas-en-huazalingo-proyectaran-cortos-animados-gratis-para-toda-la-familia\\\/\"},\"wordCount\":221,\"commentCount\":0,\"publisher\":{\"@id\":\"https:\\\/\\\/www.alasmedios.com\\\/#organization\"},\"image\":{\"@id\":\"https:\\\/\\\/www.alasmedios.com\\\/index.php\\\/2026\\\/03\\\/10\\\/cine-bajo-las-estrellas-en-huazalingo-proyectaran-cortos-animados-gratis-para-toda-la-familia\\\/#primaryimage\"},\"thumbnailUrl\":\"https:\\\/\\\/www.alasmedios.com\\\/wp-content\\\/uploads\\\/2026\\\/03\\\/Cine-Comunitario-Huazalingo.png\",\"keywords\":[\"Cine Comunitario\",\"cortos animados\",\"Huazalingo\"],\"articleSection\":[\"Hidalgo\"],\"inLanguage\":\"es\",\"potentialAction\":[{\"@type\":\"CommentAction\",\"name\":\"Comment\",\"target\":[\"https:\\\/\\\/www.alasmedios.com\\\/index.php\\\/2026\\\/03\\\/10\\\/cine-bajo-las-estrellas-en-huazalingo-proyectaran-cortos-animados-gratis-para-toda-la-familia\\\/#respond\"]}]},{\"@type\":\"WebPage\",\"@id\":\"https:\\\/\\\/www.alasmedios.com\\\/index.php\\\/2026\\\/03\\\/10\\\/cine-bajo-las-estrellas-en-huazalingo-proyectaran-cortos-animados-gratis-para-toda-la-familia\\\/\",\"url\":\"https:\\\/\\\/www.alasmedios.com\\\/index.php\\\/2026\\\/03\\\/10\\\/cine-bajo-las-estrellas-en-huazalingo-proyectaran-cortos-animados-gratis-para-toda-la-familia\\\/\",\"name\":\"Cine bajo las estrellas en Huazalingo: proyectar\u00e1n cortos animados gratis para toda la familia\",\"isPartOf\":{\"@id\":\"https:\\\/\\\/www.alasmedios.com\\\/#website\"},\"primaryImageOfPage\":{\"@id\":\"https:\\\/\\\/www.alasmedios.com\\\/index.php\\\/2026\\\/03\\\/10\\\/cine-bajo-las-estrellas-en-huazalingo-proyectaran-cortos-animados-gratis-para-toda-la-familia\\\/#primaryimage\"},\"image\":{\"@id\":\"https:\\\/\\\/www.alasmedios.com\\\/index.php\\\/2026\\\/03\\\/10\\\/cine-bajo-las-estrellas-en-huazalingo-proyectaran-cortos-animados-gratis-para-toda-la-familia\\\/#primaryimage\"},\"thumbnailUrl\":\"https:\\\/\\\/www.alasmedios.com\\\/wp-content\\\/uploads\\\/2026\\\/03\\\/Cine-Comunitario-Huazalingo.png\",\"datePublished\":\"2026-03-10T19:42:00+00:00\",\"dateModified\":\"2026-03-13T19:17:04+00:00\",\"description\":\"Llevando Cine Comunitario, la Secretar\u00eda de Cultura de Hidalgo, presenta en Huazalingo la proyecci\u00f3n de cortos animados para toda la familia\",\"breadcrumb\":{\"@id\":\"https:\\\/\\\/www.alasmedios.com\\\/index.php\\\/2026\\\/03\\\/10\\\/cine-bajo-las-estrellas-en-huazalingo-proyectaran-cortos-animados-gratis-para-toda-la-familia\\\/#breadcrumb\"},\"inLanguage\":\"es\",\"potentialAction\":[{\"@type\":\"ReadAction\",\"target\":[\"https:\\\/\\\/www.alasmedios.com\\\/index.php\\\/2026\\\/03\\\/10\\\/cine-bajo-las-estrellas-en-huazalingo-proyectaran-cortos-animados-gratis-para-toda-la-familia\\\/\"]}]},{\"@type\":\"ImageObject\",\"inLanguage\":\"es\",\"@id\":\"https:\\\/\\\/www.alasmedios.com\\\/index.php\\\/2026\\\/03\\\/10\\\/cine-bajo-las-estrellas-en-huazalingo-proyectaran-cortos-animados-gratis-para-toda-la-familia\\\/#primaryimage\",\"url\":\"https:\\\/\\\/www.alasmedios.com\\\/wp-content\\\/uploads\\\/2026\\\/03\\\/Cine-Comunitario-Huazalingo.png\",\"contentUrl\":\"https:\\\/\\\/www.alasmedios.com\\\/wp-content\\\/uploads\\\/2026\\\/03\\\/Cine-Comunitario-Huazalingo.png\",\"width\":2000,\"height\":1214},{\"@type\":\"BreadcrumbList\",\"@id\":\"https:\\\/\\\/www.alasmedios.com\\\/index.php\\\/2026\\\/03\\\/10\\\/cine-bajo-las-estrellas-en-huazalingo-proyectaran-cortos-animados-gratis-para-toda-la-familia\\\/#breadcrumb\",\"itemListElement\":[{\"@type\":\"ListItem\",\"position\":1,\"name\":\"Inicio\",\"item\":\"https:\\\/\\\/www.alasmedios.com\\\/\"},{\"@type\":\"ListItem\",\"position\":2,\"name\":\"Cine bajo las estrellas en Huazalingo: proyectar\u00e1n cortos animados gratis para toda la familia\"}]},{\"@type\":\"WebSite\",\"@id\":\"https:\\\/\\\/www.alasmedios.com\\\/#website\",\"url\":\"https:\\\/\\\/www.alasmedios.com\\\/\",\"name\":\"Alas Medios\",\"description\":\"Alas para pensar, Alas para volar, Alas de libertad\",\"publisher\":{\"@id\":\"https:\\\/\\\/www.alasmedios.com\\\/#organization\"},\"potentialAction\":[{\"@type\":\"SearchAction\",\"target\":{\"@type\":\"EntryPoint\",\"urlTemplate\":\"https:\\\/\\\/www.alasmedios.com\\\/?s={search_term_string}\"},\"query-input\":{\"@type\":\"PropertyValueSpecification\",\"valueRequired\":true,\"valueName\":\"search_term_string\"}}],\"inLanguage\":\"es\"},{\"@type\":\"Organization\",\"@id\":\"https:\\\/\\\/www.alasmedios.com\\\/#organization\",\"name\":\"Alas Medios\",\"url\":\"https:\\\/\\\/www.alasmedios.com\\\/\",\"logo\":{\"@type\":\"ImageObject\",\"inLanguage\":\"es\",\"@id\":\"https:\\\/\\\/www.alasmedios.com\\\/#\\\/schema\\\/logo\\\/image\\\/\",\"url\":\"https:\\\/\\\/www.alasmedios.com\\\/wp-content\\\/uploads\\\/2026\\\/01\\\/cropped-cropped-GAM-1.png\",\"contentUrl\":\"https:\\\/\\\/www.alasmedios.com\\\/wp-content\\\/uploads\\\/2026\\\/01\\\/cropped-cropped-GAM-1.png\",\"width\":467,\"height\":235,\"caption\":\"Alas Medios\"},\"image\":{\"@id\":\"https:\\\/\\\/www.alasmedios.com\\\/#\\\/schema\\\/logo\\\/image\\\/\"}},{\"@type\":\"Person\",\"@id\":\"https:\\\/\\\/www.alasmedios.com\\\/#\\\/schema\\\/person\\\/0ba31bdd19a05ebf5c7fef1fedf99c34\",\"name\":\"Keila Rodr\u00edguez Pe\u00f1a\",\"image\":{\"@type\":\"ImageObject\",\"inLanguage\":\"es\",\"@id\":\"https:\\\/\\\/secure.gravatar.com\\\/avatar\\\/a2553a2bfaa601b9d539b617c8793e151bdffb60f9e48a249912f86d4c9ebeef?s=96&d=mm&r=g\",\"url\":\"https:\\\/\\\/secure.gravatar.com\\\/avatar\\\/a2553a2bfaa601b9d539b617c8793e151bdffb60f9e48a249912f86d4c9ebeef?s=96&d=mm&r=g\",\"contentUrl\":\"https:\\\/\\\/secure.gravatar.com\\\/avatar\\\/a2553a2bfaa601b9d539b617c8793e151bdffb60f9e48a249912f86d4c9ebeef?s=96&d=mm&r=g\",\"caption\":\"Keila Rodr\u00edguez Pe\u00f1a\"},\"sameAs\":[\"http:\\\/\\\/www.alasmedios.com\"],\"url\":\"https:\\\/\\\/www.alasmedios.com\\\/index.php\\\/author\\\/keila\\\/\"}]}<\/script>\r\n<!-- \/ Yoast SEO plugin. -->","yoast_head_json":{"title":"Cine bajo las estrellas en Huazalingo: proyectar\u00e1n cortos animados gratis para toda la familia","description":"Llevando Cine Comunitario, la Secretar\u00eda de Cultura de Hidalgo, presenta en Huazalingo la proyecci\u00f3n de cortos animados para toda la familia","robots":{"index":"index","follow":"follow","max-snippet":"max-snippet:-1","max-image-preview":"max-image-preview:large","max-video-preview":"max-video-preview:-1"},"canonical":"https:\/\/www.alasmedios.com\/index.php\/2026\/03\/10\/cine-bajo-las-estrellas-en-huazalingo-proyectaran-cortos-animados-gratis-para-toda-la-familia\/","og_locale":"es_MX","og_type":"article","og_title":"Cine bajo las estrellas en Huazalingo: proyectar\u00e1n cortos animados gratis para toda la familia","og_description":"Llevando Cine Comunitario, la Secretar\u00eda de Cultura de Hidalgo, presenta en Huazalingo la proyecci\u00f3n de cortos animados para toda la familia","og_url":"https:\/\/www.alasmedios.com\/index.php\/2026\/03\/10\/cine-bajo-las-estrellas-en-huazalingo-proyectaran-cortos-animados-gratis-para-toda-la-familia\/","og_site_name":"Alas Medios","article_published_time":"2026-03-10T19:42:00+00:00","article_modified_time":"2026-03-13T19:17:04+00:00","og_image":[{"width":1024,"height":622,"url":"https:\/\/www.alasmedios.com\/wp-content\/uploads\/2026\/03\/Cine-Comunitario-Huazalingo-1024x622.png","type":"image\/png"}],"author":"Keila Rodr\u00edguez Pe\u00f1a","twitter_card":"summary_large_image","twitter_misc":{"Escrito por":"Keila Rodr\u00edguez Pe\u00f1a","Tiempo de lectura":"2 minutos"},"schema":{"@context":"https:\/\/schema.org","@graph":[{"@type":"Article","@id":"https:\/\/www.alasmedios.com\/index.php\/2026\/03\/10\/cine-bajo-las-estrellas-en-huazalingo-proyectaran-cortos-animados-gratis-para-toda-la-familia\/#article","isPartOf":{"@id":"https:\/\/www.alasmedios.com\/index.php\/2026\/03\/10\/cine-bajo-las-estrellas-en-huazalingo-proyectaran-cortos-animados-gratis-para-toda-la-familia\/"},"author":{"name":"Keila Rodr\u00edguez Pe\u00f1a","@id":"https:\/\/www.alasmedios.com\/#\/schema\/person\/0ba31bdd19a05ebf5c7fef1fedf99c34"},"headline":"Cine bajo las estrellas en Huazalingo: proyectar\u00e1n cortos animados gratis para toda la familia","datePublished":"2026-03-10T19:42:00+00:00","dateModified":"2026-03-13T19:17:04+00:00","mainEntityOfPage":{"@id":"https:\/\/www.alasmedios.com\/index.php\/2026\/03\/10\/cine-bajo-las-estrellas-en-huazalingo-proyectaran-cortos-animados-gratis-para-toda-la-familia\/"},"wordCount":221,"commentCount":0,"publisher":{"@id":"https:\/\/www.alasmedios.com\/#organization"},"image":{"@id":"https:\/\/www.alasmedios.com\/index.php\/2026\/03\/10\/cine-bajo-las-estrellas-en-huazalingo-proyectaran-cortos-animados-gratis-para-toda-la-familia\/#primaryimage"},"thumbnailUrl":"https:\/\/www.alasmedios.com\/wp-content\/uploads\/2026\/03\/Cine-Comunitario-Huazalingo.png","keywords":["Cine Comunitario","cortos animados","Huazalingo"],"articleSection":["Hidalgo"],"inLanguage":"es","potentialAction":[{"@type":"CommentAction","name":"Comment","target":["https:\/\/www.alasmedios.com\/index.php\/2026\/03\/10\/cine-bajo-las-estrellas-en-huazalingo-proyectaran-cortos-animados-gratis-para-toda-la-familia\/#respond"]}]},{"@type":"WebPage","@id":"https:\/\/www.alasmedios.com\/index.php\/2026\/03\/10\/cine-bajo-las-estrellas-en-huazalingo-proyectaran-cortos-animados-gratis-para-toda-la-familia\/","url":"https:\/\/www.alasmedios.com\/index.php\/2026\/03\/10\/cine-bajo-las-estrellas-en-huazalingo-proyectaran-cortos-animados-gratis-para-toda-la-familia\/","name":"Cine bajo las estrellas en Huazalingo: proyectar\u00e1n cortos animados gratis para toda la familia","isPartOf":{"@id":"https:\/\/www.alasmedios.com\/#website"},"primaryImageOfPage":{"@id":"https:\/\/www.alasmedios.com\/index.php\/2026\/03\/10\/cine-bajo-las-estrellas-en-huazalingo-proyectaran-cortos-animados-gratis-para-toda-la-familia\/#primaryimage"},"image":{"@id":"https:\/\/www.alasmedios.com\/index.php\/2026\/03\/10\/cine-bajo-las-estrellas-en-huazalingo-proyectaran-cortos-animados-gratis-para-toda-la-familia\/#primaryimage"},"thumbnailUrl":"https:\/\/www.alasmedios.com\/wp-content\/uploads\/2026\/03\/Cine-Comunitario-Huazalingo.png","datePublished":"2026-03-10T19:42:00+00:00","dateModified":"2026-03-13T19:17:04+00:00","description":"Llevando Cine Comunitario, la Secretar\u00eda de Cultura de Hidalgo, presenta en Huazalingo la proyecci\u00f3n de cortos animados para toda la familia","breadcrumb":{"@id":"https:\/\/www.alasmedios.com\/index.php\/2026\/03\/10\/cine-bajo-las-estrellas-en-huazalingo-proyectaran-cortos-animados-gratis-para-toda-la-familia\/#breadcrumb"},"inLanguage":"es","potentialAction":[{"@type":"ReadAction","target":["https:\/\/www.alasmedios.com\/index.php\/2026\/03\/10\/cine-bajo-las-estrellas-en-huazalingo-proyectaran-cortos-animados-gratis-para-toda-la-familia\/"]}]},{"@type":"ImageObject","inLanguage":"es","@id":"https:\/\/www.alasmedios.com\/index.php\/2026\/03\/10\/cine-bajo-las-estrellas-en-huazalingo-proyectaran-cortos-animados-gratis-para-toda-la-familia\/#primaryimage","url":"https:\/\/www.alasmedios.com\/wp-content\/uploads\/2026\/03\/Cine-Comunitario-Huazalingo.png","contentUrl":"https:\/\/www.alasmedios.com\/wp-content\/uploads\/2026\/03\/Cine-Comunitario-Huazalingo.png","width":2000,"height":1214},{"@type":"BreadcrumbList","@id":"https:\/\/www.alasmedios.com\/index.php\/2026\/03\/10\/cine-bajo-las-estrellas-en-huazalingo-proyectaran-cortos-animados-gratis-para-toda-la-familia\/#breadcrumb","itemListElement":[{"@type":"ListItem","position":1,"name":"Inicio","item":"https:\/\/www.alasmedios.com\/"},{"@type":"ListItem","position":2,"name":"Cine bajo las estrellas en Huazalingo: proyectar\u00e1n cortos animados gratis para toda la familia"}]},{"@type":"WebSite","@id":"https:\/\/www.alasmedios.com\/#website","url":"https:\/\/www.alasmedios.com\/","name":"Alas Medios","description":"Alas para pensar, Alas para volar, Alas de libertad","publisher":{"@id":"https:\/\/www.alasmedios.com\/#organization"},"potentialAction":[{"@type":"SearchAction","target":{"@type":"EntryPoint","urlTemplate":"https:\/\/www.alasmedios.com\/?s={search_term_string}"},"query-input":{"@type":"PropertyValueSpecification","valueRequired":true,"valueName":"search_term_string"}}],"inLanguage":"es"},{"@type":"Organization","@id":"https:\/\/www.alasmedios.com\/#organization","name":"Alas Medios","url":"https:\/\/www.alasmedios.com\/","logo":{"@type":"ImageObject","inLanguage":"es","@id":"https:\/\/www.alasmedios.com\/#\/schema\/logo\/image\/","url":"https:\/\/www.alasmedios.com\/wp-content\/uploads\/2026\/01\/cropped-cropped-GAM-1.png","contentUrl":"https:\/\/www.alasmedios.com\/wp-content\/uploads\/2026\/01\/cropped-cropped-GAM-1.png","width":467,"height":235,"caption":"Alas Medios"},"image":{"@id":"https:\/\/www.alasmedios.com\/#\/schema\/logo\/image\/"}},{"@type":"Person","@id":"https:\/\/www.alasmedios.com\/#\/schema\/person\/0ba31bdd19a05ebf5c7fef1fedf99c34","name":"Keila Rodr\u00edguez Pe\u00f1a","image":{"@type":"ImageObject","inLanguage":"es","@id":"https:\/\/secure.gravatar.com\/avatar\/a2553a2bfaa601b9d539b617c8793e151bdffb60f9e48a249912f86d4c9ebeef?s=96&d=mm&r=g","url":"https:\/\/secure.gravatar.com\/avatar\/a2553a2bfaa601b9d539b617c8793e151bdffb60f9e48a249912f86d4c9ebeef?s=96&d=mm&r=g","contentUrl":"https:\/\/secure.gravatar.com\/avatar\/a2553a2bfaa601b9d539b617c8793e151bdffb60f9e48a249912f86d4c9ebeef?s=96&d=mm&r=g","caption":"Keila Rodr\u00edguez Pe\u00f1a"},"sameAs":["http:\/\/www.alasmedios.com"],"url":"https:\/\/www.alasmedios.com\/index.php\/author\/keila\/"}]}},"_links":{"self":[{"href":"https:\/\/www.alasmedios.com\/index.php\/wp-json\/wp\/v2\/posts\/8169","targetHints":{"allow":["GET"]}}],"collection":[{"href":"https:\/\/www.alasmedios.com\/index.php\/wp-json\/wp\/v2\/posts"}],"about":[{"href":"https:\/\/www.alasmedios.com\/index.php\/wp-json\/wp\/v2\/types\/post"}],"author":[{"embeddable":true,"href":"https:\/\/www.alasmedios.com\/index.php\/wp-json\/wp\/v2\/users\/4"}],"replies":[{"embeddable":true,"href":"https:\/\/www.alasmedios.com\/index.php\/wp-json\/wp\/v2\/comments?post=8169"}],"version-history":[{"count":1,"href":"https:\/\/www.alasmedios.com\/index.php\/wp-json\/wp\/v2\/posts\/8169\/revisions"}],"predecessor-version":[{"id":8171,"href":"https:\/\/www.alasmedios.com\/index.php\/wp-json\/wp\/v2\/posts\/8169\/revisions\/8171"}],"wp:featuredmedia":[{"embeddable":true,"href":"https:\/\/www.alasmedios.com\/index.php\/wp-json\/wp\/v2\/media\/8170"}],"wp:attachment":[{"href":"https:\/\/www.alasmedios.com\/index.php\/wp-json\/wp\/v2\/media?parent=8169"}],"wp:term":[{"taxonomy":"category","embeddable":true,"href":"https:\/\/www.alasmedios.com\/index.php\/wp-json\/wp\/v2\/categories?post=8169"},{"taxonomy":"post_tag","embeddable":true,"href":"https:\/\/www.alasmedios.com\/index.php\/wp-json\/wp\/v2\/tags?post=8169"}],"curies":[{"name":"wp","href":"https:\/\/api.w.org\/{rel}","templated":true}]}}