{"id":8151,"date":"2026-03-09T16:12:14","date_gmt":"2026-03-09T22:12:14","guid":{"rendered":"https:\/\/www.alasmedios.com\/?p=8151"},"modified":"2026-03-09T16:12:19","modified_gmt":"2026-03-09T22:12:19","slug":"inah-reconoce-a-cientificas-que-investigan-resguardan-y-cuentan-la-historia-de-mexico","status":"publish","type":"post","link":"https:\/\/www.alasmedios.com\/index.php\/2026\/03\/09\/inah-reconoce-a-cientificas-que-investigan-resguardan-y-cuentan-la-historia-de-mexico\/","title":{"rendered":"INAH: reconoce a cient\u00edficas que investigan, resguardan y cuentan la historia de M\u00e9xico"},"content":{"rendered":"\n<p>El <strong>Instituto Nacional de Antropolog\u00eda e Historia (INAH)<\/strong> reconoci\u00f3 a las <strong>cient\u00edficas <\/strong>que se desarrollan en la instituci\u00f3n por su trabajo preservando la historia y cultura.<\/p>\n\n\n\n<p>En excavaciones, archivos, laboratorios y museos, <strong>mujeres especialistas<\/strong> contribuyen todos los d\u00edas al conocimiento y preservaci\u00f3n de la historia del pa\u00eds. En el marco del <strong>8 de marzo, D\u00eda Internacional de la Mujer<\/strong>, se reconoce la labor de quienes integran el <strong><a href=\"https:\/\/inah.gob.mx\/\">INAH<\/a><\/strong> y participan activamente en el estudio, resguardo y difusi\u00f3n del <strong>patrimonio cultural de M\u00e9xico<\/strong>.<\/p>\n\n\n\n<p>Desde distintas disciplinas, las <strong>mujeres del INAH<\/strong> desarrollan trabajo cient\u00edfico y cultural en campos como la <strong>arqueolog\u00eda, ling\u00fc\u00edstica, antropolog\u00eda, historia, conservaci\u00f3n y restauraci\u00f3n<\/strong>, as\u00ed como en la <strong>museograf\u00eda, educaci\u00f3n patrimonial y gesti\u00f3n de museos y zonas arqueol\u00f3gicas<\/strong>.<\/p>\n\n\n\n<p>CONTIN\u00daA LEYENDO: <a href=\"https:\/\/www.alasmedios.com\/index.php\/2026\/03\/09\/ihm-ensenan-defensa-personal-en-pachuca\/\" type=\"post\" id=\"8145\">IHM: Ense\u00f1an defensa personal en Pachuca<\/a><\/p>\n\n\n\n<p>Su presencia es clave en proyectos de investigaci\u00f3n y preservaci\u00f3n que permiten comprender mejor las culturas del pasado y su v\u00ednculo con el presente. A trav\u00e9s de su trabajo, ampl\u00edan las perspectivas desde las cuales se interpreta y protege el patrimonio hist\u00f3rico del pa\u00eds.<\/p>\n\n\n\n<p>Entre estas especialistas destaca la <strong>arque\u00f3loga y cient\u00edfica Lourdes L\u00f3pez Camacho<\/strong>, cuya trayectoria refleja el <strong>compromiso, rigor acad\u00e9mico y vocaci\u00f3n cient\u00edfica<\/strong> con los que muchas investigadoras han enriquecido el conocimiento sobre las civilizaciones que habitaron el territorio mexicano.<\/p>\n\n\n\n<p>Las labores de estas profesionales se desarrollan en m\u00faltiples espacios: <strong>excavaciones arqueol\u00f3gicas, laboratorios, archivos hist\u00f3ricos, museos y trabajo comunitario<\/strong>, donde su participaci\u00f3n resulta fundamental para documentar, estudiar y conservar los vestigios materiales y simb\u00f3licos de distintas culturas.<\/p>\n\n\n<ul class=\"wp-block-latest-posts__list is-grid columns-3 wp-block-latest-posts\"><li><div class=\"wp-block-latest-posts__featured-image\"><img loading=\"lazy\" decoding=\"async\" width=\"150\" height=\"150\" src=\"https:\/\/www.alasmedios.com\/wp-content\/uploads\/2026\/04\/Argentina-decomisan-bienes-Cristina-Kirchner-150x150.png\" class=\"attachment-thumbnail size-thumbnail wp-post-image\" alt=\"\" style=\"\" \/><\/div><a class=\"wp-block-latest-posts__post-title\" href=\"https:\/\/www.alasmedios.com\/index.php\/2026\/04\/25\/caso-vialidad-argentina-ratifica-decomiso-millonario-a-cristina-kirchner\/\">Caso Vialidad: Argentina ratifica decomiso millonario a Cristina Kirchner<\/a><\/li>\n<li><div class=\"wp-block-latest-posts__featured-image\"><img loading=\"lazy\" decoding=\"async\" width=\"150\" height=\"150\" src=\"https:\/\/www.alasmedios.com\/wp-content\/uploads\/2026\/04\/Puebla-desaparecida-Aguascalientes-150x150.jpeg\" class=\"attachment-thumbnail size-thumbnail wp-post-image\" alt=\"\" style=\"\" \/><\/div><a class=\"wp-block-latest-posts__post-title\" href=\"https:\/\/www.alasmedios.com\/index.php\/2026\/04\/25\/localizan-con-vida-en-aguascalientes-a-adolescente-desaparecida-en-puebla\/\">Localizan con vida en Aguascalientes a adolescente desaparecida en Puebla<\/a><\/li>\n<li><div class=\"wp-block-latest-posts__featured-image\"><img loading=\"lazy\" decoding=\"async\" width=\"150\" height=\"150\" src=\"https:\/\/www.alasmedios.com\/wp-content\/uploads\/2026\/04\/podio-de-la-Copa-del-Mundo-de-Ciclismo-150x150.jpg\" class=\"attachment-thumbnail size-thumbnail wp-post-image\" alt=\"\" style=\"\" \/><\/div><a class=\"wp-block-latest-posts__post-title\" href=\"https:\/\/www.alasmedios.com\/index.php\/2026\/04\/25\/mexico-arranca-con-doble-podio-en-la-copa-del-mundo-de-pista-en-malasia\/\">M\u00e9xico arranca con doble podio en la Copa del Mundo de Pista en Malasia<\/a><\/li>\n<\/ul>\n\n\n<p><\/p>\n","protected":false},"excerpt":{"rendered":"<p>El Instituto Nacional de Antropolog\u00eda e Historia (INAH) reconoci\u00f3 a las cient\u00edficas que se desarrollan en la instituci\u00f3n por su<\/p>\n","protected":false},"author":4,"featured_media":8152,"comment_status":"open","ping_status":"open","sticky":false,"template":"","format":"standard","meta":{"colormag_page_container_layout":"default_layout","colormag_page_sidebar_layout":"default_layout","rop_custom_images_group":[],"rop_custom_messages_group":[],"rop_publish_now":"initial","rop_publish_now_accounts":[],"rop_publish_now_history":[],"rop_publish_now_status":"pending","iawp_total_views":6,"footnotes":""},"categories":[3222],"tags":[1197,2172,2404,53],"class_list":["post-8151","post","type-post","status-publish","format-standard","has-post-thumbnail","hentry","category-mexico","tag-ciencia","tag-cientifica","tag-inah","tag-mujeres"],"magazineBlocksPostFeaturedMedia":{"thumbnail":"https:\/\/www.alasmedios.com\/wp-content\/uploads\/2026\/03\/INAH-cientificas-mujeres-150x150.png","medium":"https:\/\/www.alasmedios.com\/wp-content\/uploads\/2026\/03\/INAH-cientificas-mujeres-300x182.png","medium_large":"https:\/\/www.alasmedios.com\/wp-content\/uploads\/2026\/03\/INAH-cientificas-mujeres-768x466.png","large":"https:\/\/www.alasmedios.com\/wp-content\/uploads\/2026\/03\/INAH-cientificas-mujeres-1024x622.png","1536x1536":"https:\/\/www.alasmedios.com\/wp-content\/uploads\/2026\/03\/INAH-cientificas-mujeres-1536x932.png","2048x2048":"https:\/\/www.alasmedios.com\/wp-content\/uploads\/2026\/03\/INAH-cientificas-mujeres.png","colormag-highlighted-post":"https:\/\/www.alasmedios.com\/wp-content\/uploads\/2026\/03\/INAH-cientificas-mujeres-392x272.png","colormag-featured-post-medium":"https:\/\/www.alasmedios.com\/wp-content\/uploads\/2026\/03\/INAH-cientificas-mujeres-390x205.png","colormag-featured-post-small":"https:\/\/www.alasmedios.com\/wp-content\/uploads\/2026\/03\/INAH-cientificas-mujeres-130x90.png","colormag-featured-image":"https:\/\/www.alasmedios.com\/wp-content\/uploads\/2026\/03\/INAH-cientificas-mujeres-800x445.png","colormag-default-news":"https:\/\/www.alasmedios.com\/wp-content\/uploads\/2026\/03\/INAH-cientificas-mujeres-150x150.png","colormag-featured-image-large":"https:\/\/www.alasmedios.com\/wp-content\/uploads\/2026\/03\/INAH-cientificas-mujeres-1400x600.png"},"magazineBlocksPostAuthor":{"name":"Keila Rodr\u00edguez Pe\u00f1a","avatar":"https:\/\/secure.gravatar.com\/avatar\/a2553a2bfaa601b9d539b617c8793e151bdffb60f9e48a249912f86d4c9ebeef?s=96&d=mm&r=g"},"magazineBlocksPostCommentsNumber":"0","magazineBlocksPostExcerpt":"El Instituto Nacional de Antropolog\u00eda e Historia (INAH) reconoci\u00f3 a las cient\u00edficas que se desarrollan en la instituci\u00f3n por su","magazineBlocksPostCategories":["M\u00e9xico"],"magazineBlocksPostViewCount":26,"magazineBlocksPostReadTime":2,"magazine_blocks_featured_image_url":{"full":["https:\/\/www.alasmedios.com\/wp-content\/uploads\/2026\/03\/INAH-cientificas-mujeres.png",2000,1214,false],"medium":["https:\/\/www.alasmedios.com\/wp-content\/uploads\/2026\/03\/INAH-cientificas-mujeres-300x182.png",300,182,true],"thumbnail":["https:\/\/www.alasmedios.com\/wp-content\/uploads\/2026\/03\/INAH-cientificas-mujeres-150x150.png",150,150,true]},"magazine_blocks_author":{"display_name":"Keila Rodr\u00edguez Pe\u00f1a","author_link":"https:\/\/www.alasmedios.com\/index.php\/author\/keila\/"},"magazine_blocks_comment":0,"magazine_blocks_author_image":"https:\/\/secure.gravatar.com\/avatar\/a2553a2bfaa601b9d539b617c8793e151bdffb60f9e48a249912f86d4c9ebeef?s=96&d=mm&r=g","magazine_blocks_category":"<a href=\"#\" class=\"category-link category-link-3222\">M\u00e9xico<\/a>","yoast_head":"<!-- This site is optimized with the Yoast SEO plugin v27.4 - https:\/\/yoast.com\/product\/yoast-seo-wordpress\/ -->\r\n<title>INAH: reconoce a cient\u00edficas que investigan, resguardan y cuentan la historia de M\u00e9xico<\/title>\r\n<meta name=\"description\" content=\"El INAH reconoci\u00f3 a las cient\u00edficas que se desarrollan en la instituci\u00f3n por su trabajo preservando la historia y cultura\" \/>\r\n<meta name=\"robots\" content=\"index, follow, max-snippet:-1, max-image-preview:large, max-video-preview:-1\" \/>\r\n<link rel=\"canonical\" href=\"https:\/\/www.alasmedios.com\/index.php\/2026\/03\/09\/inah-reconoce-a-cientificas-que-investigan-resguardan-y-cuentan-la-historia-de-mexico\/\" \/>\r\n<meta property=\"og:locale\" content=\"es_MX\" \/>\r\n<meta property=\"og:type\" content=\"article\" \/>\r\n<meta property=\"og:title\" content=\"INAH: reconoce a cient\u00edficas que investigan, resguardan y cuentan la historia de M\u00e9xico\" \/>\r\n<meta property=\"og:description\" content=\"El INAH reconoci\u00f3 a las cient\u00edficas que se desarrollan en la instituci\u00f3n por su trabajo preservando la historia y cultura\" \/>\r\n<meta property=\"og:url\" content=\"https:\/\/www.alasmedios.com\/index.php\/2026\/03\/09\/inah-reconoce-a-cientificas-que-investigan-resguardan-y-cuentan-la-historia-de-mexico\/\" \/>\r\n<meta property=\"og:site_name\" content=\"Alas Medios\" \/>\r\n<meta property=\"article:published_time\" content=\"2026-03-09T22:12:14+00:00\" \/>\r\n<meta property=\"article:modified_time\" content=\"2026-03-09T22:12:19+00:00\" \/>\r\n<meta property=\"og:image\" content=\"https:\/\/www.alasmedios.com\/wp-content\/uploads\/2026\/03\/INAH-cientificas-mujeres-1024x622.png\" \/>\r\n\t<meta property=\"og:image:width\" content=\"1024\" \/>\r\n\t<meta property=\"og:image:height\" content=\"622\" \/>\r\n\t<meta property=\"og:image:type\" content=\"image\/png\" \/>\r\n<meta name=\"author\" content=\"Keila Rodr\u00edguez Pe\u00f1a\" \/>\r\n<meta name=\"twitter:card\" content=\"summary_large_image\" \/>\r\n<meta name=\"twitter:label1\" content=\"Escrito por\" \/>\n\t<meta name=\"twitter:data1\" content=\"Keila Rodr\u00edguez Pe\u00f1a\" \/>\n\t<meta name=\"twitter:label2\" content=\"Tiempo de lectura\" \/>\n\t<meta name=\"twitter:data2\" content=\"2 minutos\" \/>\r\n<script type=\"application\/ld+json\" class=\"yoast-schema-graph\">{\"@context\":\"https:\\\/\\\/schema.org\",\"@graph\":[{\"@type\":\"Article\",\"@id\":\"https:\\\/\\\/www.alasmedios.com\\\/index.php\\\/2026\\\/03\\\/09\\\/inah-reconoce-a-cientificas-que-investigan-resguardan-y-cuentan-la-historia-de-mexico\\\/#article\",\"isPartOf\":{\"@id\":\"https:\\\/\\\/www.alasmedios.com\\\/index.php\\\/2026\\\/03\\\/09\\\/inah-reconoce-a-cientificas-que-investigan-resguardan-y-cuentan-la-historia-de-mexico\\\/\"},\"author\":{\"name\":\"Keila Rodr\u00edguez Pe\u00f1a\",\"@id\":\"https:\\\/\\\/www.alasmedios.com\\\/#\\\/schema\\\/person\\\/0ba31bdd19a05ebf5c7fef1fedf99c34\"},\"headline\":\"INAH: reconoce a cient\u00edficas que investigan, resguardan y cuentan la historia de M\u00e9xico\",\"datePublished\":\"2026-03-09T22:12:14+00:00\",\"dateModified\":\"2026-03-09T22:12:19+00:00\",\"mainEntityOfPage\":{\"@id\":\"https:\\\/\\\/www.alasmedios.com\\\/index.php\\\/2026\\\/03\\\/09\\\/inah-reconoce-a-cientificas-que-investigan-resguardan-y-cuentan-la-historia-de-mexico\\\/\"},\"wordCount\":299,\"commentCount\":0,\"publisher\":{\"@id\":\"https:\\\/\\\/www.alasmedios.com\\\/#organization\"},\"image\":{\"@id\":\"https:\\\/\\\/www.alasmedios.com\\\/index.php\\\/2026\\\/03\\\/09\\\/inah-reconoce-a-cientificas-que-investigan-resguardan-y-cuentan-la-historia-de-mexico\\\/#primaryimage\"},\"thumbnailUrl\":\"https:\\\/\\\/www.alasmedios.com\\\/wp-content\\\/uploads\\\/2026\\\/03\\\/INAH-cientificas-mujeres.png\",\"keywords\":[\"ciencia\",\"cient\u00edfica\",\"INAH\",\"Mujeres\"],\"articleSection\":[\"M\u00e9xico\"],\"inLanguage\":\"es\",\"potentialAction\":[{\"@type\":\"CommentAction\",\"name\":\"Comment\",\"target\":[\"https:\\\/\\\/www.alasmedios.com\\\/index.php\\\/2026\\\/03\\\/09\\\/inah-reconoce-a-cientificas-que-investigan-resguardan-y-cuentan-la-historia-de-mexico\\\/#respond\"]}]},{\"@type\":\"WebPage\",\"@id\":\"https:\\\/\\\/www.alasmedios.com\\\/index.php\\\/2026\\\/03\\\/09\\\/inah-reconoce-a-cientificas-que-investigan-resguardan-y-cuentan-la-historia-de-mexico\\\/\",\"url\":\"https:\\\/\\\/www.alasmedios.com\\\/index.php\\\/2026\\\/03\\\/09\\\/inah-reconoce-a-cientificas-que-investigan-resguardan-y-cuentan-la-historia-de-mexico\\\/\",\"name\":\"INAH: reconoce a cient\u00edficas que investigan, resguardan y cuentan la historia de M\u00e9xico\",\"isPartOf\":{\"@id\":\"https:\\\/\\\/www.alasmedios.com\\\/#website\"},\"primaryImageOfPage\":{\"@id\":\"https:\\\/\\\/www.alasmedios.com\\\/index.php\\\/2026\\\/03\\\/09\\\/inah-reconoce-a-cientificas-que-investigan-resguardan-y-cuentan-la-historia-de-mexico\\\/#primaryimage\"},\"image\":{\"@id\":\"https:\\\/\\\/www.alasmedios.com\\\/index.php\\\/2026\\\/03\\\/09\\\/inah-reconoce-a-cientificas-que-investigan-resguardan-y-cuentan-la-historia-de-mexico\\\/#primaryimage\"},\"thumbnailUrl\":\"https:\\\/\\\/www.alasmedios.com\\\/wp-content\\\/uploads\\\/2026\\\/03\\\/INAH-cientificas-mujeres.png\",\"datePublished\":\"2026-03-09T22:12:14+00:00\",\"dateModified\":\"2026-03-09T22:12:19+00:00\",\"description\":\"El INAH reconoci\u00f3 a las cient\u00edficas que se desarrollan en la instituci\u00f3n por su trabajo preservando la historia y cultura\",\"breadcrumb\":{\"@id\":\"https:\\\/\\\/www.alasmedios.com\\\/index.php\\\/2026\\\/03\\\/09\\\/inah-reconoce-a-cientificas-que-investigan-resguardan-y-cuentan-la-historia-de-mexico\\\/#breadcrumb\"},\"inLanguage\":\"es\",\"potentialAction\":[{\"@type\":\"ReadAction\",\"target\":[\"https:\\\/\\\/www.alasmedios.com\\\/index.php\\\/2026\\\/03\\\/09\\\/inah-reconoce-a-cientificas-que-investigan-resguardan-y-cuentan-la-historia-de-mexico\\\/\"]}]},{\"@type\":\"ImageObject\",\"inLanguage\":\"es\",\"@id\":\"https:\\\/\\\/www.alasmedios.com\\\/index.php\\\/2026\\\/03\\\/09\\\/inah-reconoce-a-cientificas-que-investigan-resguardan-y-cuentan-la-historia-de-mexico\\\/#primaryimage\",\"url\":\"https:\\\/\\\/www.alasmedios.com\\\/wp-content\\\/uploads\\\/2026\\\/03\\\/INAH-cientificas-mujeres.png\",\"contentUrl\":\"https:\\\/\\\/www.alasmedios.com\\\/wp-content\\\/uploads\\\/2026\\\/03\\\/INAH-cientificas-mujeres.png\",\"width\":2000,\"height\":1214},{\"@type\":\"BreadcrumbList\",\"@id\":\"https:\\\/\\\/www.alasmedios.com\\\/index.php\\\/2026\\\/03\\\/09\\\/inah-reconoce-a-cientificas-que-investigan-resguardan-y-cuentan-la-historia-de-mexico\\\/#breadcrumb\",\"itemListElement\":[{\"@type\":\"ListItem\",\"position\":1,\"name\":\"Inicio\",\"item\":\"https:\\\/\\\/www.alasmedios.com\\\/\"},{\"@type\":\"ListItem\",\"position\":2,\"name\":\"INAH: reconoce a cient\u00edficas que investigan, resguardan y cuentan la historia de M\u00e9xico\"}]},{\"@type\":\"WebSite\",\"@id\":\"https:\\\/\\\/www.alasmedios.com\\\/#website\",\"url\":\"https:\\\/\\\/www.alasmedios.com\\\/\",\"name\":\"Alas Medios\",\"description\":\"Alas para pensar, Alas para volar, Alas de libertad\",\"publisher\":{\"@id\":\"https:\\\/\\\/www.alasmedios.com\\\/#organization\"},\"potentialAction\":[{\"@type\":\"SearchAction\",\"target\":{\"@type\":\"EntryPoint\",\"urlTemplate\":\"https:\\\/\\\/www.alasmedios.com\\\/?s={search_term_string}\"},\"query-input\":{\"@type\":\"PropertyValueSpecification\",\"valueRequired\":true,\"valueName\":\"search_term_string\"}}],\"inLanguage\":\"es\"},{\"@type\":\"Organization\",\"@id\":\"https:\\\/\\\/www.alasmedios.com\\\/#organization\",\"name\":\"Alas Medios\",\"url\":\"https:\\\/\\\/www.alasmedios.com\\\/\",\"logo\":{\"@type\":\"ImageObject\",\"inLanguage\":\"es\",\"@id\":\"https:\\\/\\\/www.alasmedios.com\\\/#\\\/schema\\\/logo\\\/image\\\/\",\"url\":\"https:\\\/\\\/www.alasmedios.com\\\/wp-content\\\/uploads\\\/2026\\\/01\\\/cropped-cropped-GAM-1.png\",\"contentUrl\":\"https:\\\/\\\/www.alasmedios.com\\\/wp-content\\\/uploads\\\/2026\\\/01\\\/cropped-cropped-GAM-1.png\",\"width\":467,\"height\":235,\"caption\":\"Alas Medios\"},\"image\":{\"@id\":\"https:\\\/\\\/www.alasmedios.com\\\/#\\\/schema\\\/logo\\\/image\\\/\"}},{\"@type\":\"Person\",\"@id\":\"https:\\\/\\\/www.alasmedios.com\\\/#\\\/schema\\\/person\\\/0ba31bdd19a05ebf5c7fef1fedf99c34\",\"name\":\"Keila Rodr\u00edguez Pe\u00f1a\",\"image\":{\"@type\":\"ImageObject\",\"inLanguage\":\"es\",\"@id\":\"https:\\\/\\\/secure.gravatar.com\\\/avatar\\\/a2553a2bfaa601b9d539b617c8793e151bdffb60f9e48a249912f86d4c9ebeef?s=96&d=mm&r=g\",\"url\":\"https:\\\/\\\/secure.gravatar.com\\\/avatar\\\/a2553a2bfaa601b9d539b617c8793e151bdffb60f9e48a249912f86d4c9ebeef?s=96&d=mm&r=g\",\"contentUrl\":\"https:\\\/\\\/secure.gravatar.com\\\/avatar\\\/a2553a2bfaa601b9d539b617c8793e151bdffb60f9e48a249912f86d4c9ebeef?s=96&d=mm&r=g\",\"caption\":\"Keila Rodr\u00edguez Pe\u00f1a\"},\"sameAs\":[\"http:\\\/\\\/www.alasmedios.com\"],\"url\":\"https:\\\/\\\/www.alasmedios.com\\\/index.php\\\/author\\\/keila\\\/\"}]}<\/script>\r\n<!-- \/ Yoast SEO plugin. -->","yoast_head_json":{"title":"INAH: reconoce a cient\u00edficas que investigan, resguardan y cuentan la historia de M\u00e9xico","description":"El INAH reconoci\u00f3 a las cient\u00edficas que se desarrollan en la instituci\u00f3n por su trabajo preservando la historia y cultura","robots":{"index":"index","follow":"follow","max-snippet":"max-snippet:-1","max-image-preview":"max-image-preview:large","max-video-preview":"max-video-preview:-1"},"canonical":"https:\/\/www.alasmedios.com\/index.php\/2026\/03\/09\/inah-reconoce-a-cientificas-que-investigan-resguardan-y-cuentan-la-historia-de-mexico\/","og_locale":"es_MX","og_type":"article","og_title":"INAH: reconoce a cient\u00edficas que investigan, resguardan y cuentan la historia de M\u00e9xico","og_description":"El INAH reconoci\u00f3 a las cient\u00edficas que se desarrollan en la instituci\u00f3n por su trabajo preservando la historia y cultura","og_url":"https:\/\/www.alasmedios.com\/index.php\/2026\/03\/09\/inah-reconoce-a-cientificas-que-investigan-resguardan-y-cuentan-la-historia-de-mexico\/","og_site_name":"Alas Medios","article_published_time":"2026-03-09T22:12:14+00:00","article_modified_time":"2026-03-09T22:12:19+00:00","og_image":[{"width":1024,"height":622,"url":"https:\/\/www.alasmedios.com\/wp-content\/uploads\/2026\/03\/INAH-cientificas-mujeres-1024x622.png","type":"image\/png"}],"author":"Keila Rodr\u00edguez Pe\u00f1a","twitter_card":"summary_large_image","twitter_misc":{"Escrito por":"Keila Rodr\u00edguez Pe\u00f1a","Tiempo de lectura":"2 minutos"},"schema":{"@context":"https:\/\/schema.org","@graph":[{"@type":"Article","@id":"https:\/\/www.alasmedios.com\/index.php\/2026\/03\/09\/inah-reconoce-a-cientificas-que-investigan-resguardan-y-cuentan-la-historia-de-mexico\/#article","isPartOf":{"@id":"https:\/\/www.alasmedios.com\/index.php\/2026\/03\/09\/inah-reconoce-a-cientificas-que-investigan-resguardan-y-cuentan-la-historia-de-mexico\/"},"author":{"name":"Keila Rodr\u00edguez Pe\u00f1a","@id":"https:\/\/www.alasmedios.com\/#\/schema\/person\/0ba31bdd19a05ebf5c7fef1fedf99c34"},"headline":"INAH: reconoce a cient\u00edficas que investigan, resguardan y cuentan la historia de M\u00e9xico","datePublished":"2026-03-09T22:12:14+00:00","dateModified":"2026-03-09T22:12:19+00:00","mainEntityOfPage":{"@id":"https:\/\/www.alasmedios.com\/index.php\/2026\/03\/09\/inah-reconoce-a-cientificas-que-investigan-resguardan-y-cuentan-la-historia-de-mexico\/"},"wordCount":299,"commentCount":0,"publisher":{"@id":"https:\/\/www.alasmedios.com\/#organization"},"image":{"@id":"https:\/\/www.alasmedios.com\/index.php\/2026\/03\/09\/inah-reconoce-a-cientificas-que-investigan-resguardan-y-cuentan-la-historia-de-mexico\/#primaryimage"},"thumbnailUrl":"https:\/\/www.alasmedios.com\/wp-content\/uploads\/2026\/03\/INAH-cientificas-mujeres.png","keywords":["ciencia","cient\u00edfica","INAH","Mujeres"],"articleSection":["M\u00e9xico"],"inLanguage":"es","potentialAction":[{"@type":"CommentAction","name":"Comment","target":["https:\/\/www.alasmedios.com\/index.php\/2026\/03\/09\/inah-reconoce-a-cientificas-que-investigan-resguardan-y-cuentan-la-historia-de-mexico\/#respond"]}]},{"@type":"WebPage","@id":"https:\/\/www.alasmedios.com\/index.php\/2026\/03\/09\/inah-reconoce-a-cientificas-que-investigan-resguardan-y-cuentan-la-historia-de-mexico\/","url":"https:\/\/www.alasmedios.com\/index.php\/2026\/03\/09\/inah-reconoce-a-cientificas-que-investigan-resguardan-y-cuentan-la-historia-de-mexico\/","name":"INAH: reconoce a cient\u00edficas que investigan, resguardan y cuentan la historia de M\u00e9xico","isPartOf":{"@id":"https:\/\/www.alasmedios.com\/#website"},"primaryImageOfPage":{"@id":"https:\/\/www.alasmedios.com\/index.php\/2026\/03\/09\/inah-reconoce-a-cientificas-que-investigan-resguardan-y-cuentan-la-historia-de-mexico\/#primaryimage"},"image":{"@id":"https:\/\/www.alasmedios.com\/index.php\/2026\/03\/09\/inah-reconoce-a-cientificas-que-investigan-resguardan-y-cuentan-la-historia-de-mexico\/#primaryimage"},"thumbnailUrl":"https:\/\/www.alasmedios.com\/wp-content\/uploads\/2026\/03\/INAH-cientificas-mujeres.png","datePublished":"2026-03-09T22:12:14+00:00","dateModified":"2026-03-09T22:12:19+00:00","description":"El INAH reconoci\u00f3 a las cient\u00edficas que se desarrollan en la instituci\u00f3n por su trabajo preservando la historia y cultura","breadcrumb":{"@id":"https:\/\/www.alasmedios.com\/index.php\/2026\/03\/09\/inah-reconoce-a-cientificas-que-investigan-resguardan-y-cuentan-la-historia-de-mexico\/#breadcrumb"},"inLanguage":"es","potentialAction":[{"@type":"ReadAction","target":["https:\/\/www.alasmedios.com\/index.php\/2026\/03\/09\/inah-reconoce-a-cientificas-que-investigan-resguardan-y-cuentan-la-historia-de-mexico\/"]}]},{"@type":"ImageObject","inLanguage":"es","@id":"https:\/\/www.alasmedios.com\/index.php\/2026\/03\/09\/inah-reconoce-a-cientificas-que-investigan-resguardan-y-cuentan-la-historia-de-mexico\/#primaryimage","url":"https:\/\/www.alasmedios.com\/wp-content\/uploads\/2026\/03\/INAH-cientificas-mujeres.png","contentUrl":"https:\/\/www.alasmedios.com\/wp-content\/uploads\/2026\/03\/INAH-cientificas-mujeres.png","width":2000,"height":1214},{"@type":"BreadcrumbList","@id":"https:\/\/www.alasmedios.com\/index.php\/2026\/03\/09\/inah-reconoce-a-cientificas-que-investigan-resguardan-y-cuentan-la-historia-de-mexico\/#breadcrumb","itemListElement":[{"@type":"ListItem","position":1,"name":"Inicio","item":"https:\/\/www.alasmedios.com\/"},{"@type":"ListItem","position":2,"name":"INAH: reconoce a cient\u00edficas que investigan, resguardan y cuentan la historia de M\u00e9xico"}]},{"@type":"WebSite","@id":"https:\/\/www.alasmedios.com\/#website","url":"https:\/\/www.alasmedios.com\/","name":"Alas Medios","description":"Alas para pensar, Alas para volar, Alas de libertad","publisher":{"@id":"https:\/\/www.alasmedios.com\/#organization"},"potentialAction":[{"@type":"SearchAction","target":{"@type":"EntryPoint","urlTemplate":"https:\/\/www.alasmedios.com\/?s={search_term_string}"},"query-input":{"@type":"PropertyValueSpecification","valueRequired":true,"valueName":"search_term_string"}}],"inLanguage":"es"},{"@type":"Organization","@id":"https:\/\/www.alasmedios.com\/#organization","name":"Alas Medios","url":"https:\/\/www.alasmedios.com\/","logo":{"@type":"ImageObject","inLanguage":"es","@id":"https:\/\/www.alasmedios.com\/#\/schema\/logo\/image\/","url":"https:\/\/www.alasmedios.com\/wp-content\/uploads\/2026\/01\/cropped-cropped-GAM-1.png","contentUrl":"https:\/\/www.alasmedios.com\/wp-content\/uploads\/2026\/01\/cropped-cropped-GAM-1.png","width":467,"height":235,"caption":"Alas Medios"},"image":{"@id":"https:\/\/www.alasmedios.com\/#\/schema\/logo\/image\/"}},{"@type":"Person","@id":"https:\/\/www.alasmedios.com\/#\/schema\/person\/0ba31bdd19a05ebf5c7fef1fedf99c34","name":"Keila Rodr\u00edguez Pe\u00f1a","image":{"@type":"ImageObject","inLanguage":"es","@id":"https:\/\/secure.gravatar.com\/avatar\/a2553a2bfaa601b9d539b617c8793e151bdffb60f9e48a249912f86d4c9ebeef?s=96&d=mm&r=g","url":"https:\/\/secure.gravatar.com\/avatar\/a2553a2bfaa601b9d539b617c8793e151bdffb60f9e48a249912f86d4c9ebeef?s=96&d=mm&r=g","contentUrl":"https:\/\/secure.gravatar.com\/avatar\/a2553a2bfaa601b9d539b617c8793e151bdffb60f9e48a249912f86d4c9ebeef?s=96&d=mm&r=g","caption":"Keila Rodr\u00edguez Pe\u00f1a"},"sameAs":["http:\/\/www.alasmedios.com"],"url":"https:\/\/www.alasmedios.com\/index.php\/author\/keila\/"}]}},"_links":{"self":[{"href":"https:\/\/www.alasmedios.com\/index.php\/wp-json\/wp\/v2\/posts\/8151","targetHints":{"allow":["GET"]}}],"collection":[{"href":"https:\/\/www.alasmedios.com\/index.php\/wp-json\/wp\/v2\/posts"}],"about":[{"href":"https:\/\/www.alasmedios.com\/index.php\/wp-json\/wp\/v2\/types\/post"}],"author":[{"embeddable":true,"href":"https:\/\/www.alasmedios.com\/index.php\/wp-json\/wp\/v2\/users\/4"}],"replies":[{"embeddable":true,"href":"https:\/\/www.alasmedios.com\/index.php\/wp-json\/wp\/v2\/comments?post=8151"}],"version-history":[{"count":1,"href":"https:\/\/www.alasmedios.com\/index.php\/wp-json\/wp\/v2\/posts\/8151\/revisions"}],"predecessor-version":[{"id":8153,"href":"https:\/\/www.alasmedios.com\/index.php\/wp-json\/wp\/v2\/posts\/8151\/revisions\/8153"}],"wp:featuredmedia":[{"embeddable":true,"href":"https:\/\/www.alasmedios.com\/index.php\/wp-json\/wp\/v2\/media\/8152"}],"wp:attachment":[{"href":"https:\/\/www.alasmedios.com\/index.php\/wp-json\/wp\/v2\/media?parent=8151"}],"wp:term":[{"taxonomy":"category","embeddable":true,"href":"https:\/\/www.alasmedios.com\/index.php\/wp-json\/wp\/v2\/categories?post=8151"},{"taxonomy":"post_tag","embeddable":true,"href":"https:\/\/www.alasmedios.com\/index.php\/wp-json\/wp\/v2\/tags?post=8151"}],"curies":[{"name":"wp","href":"https:\/\/api.w.org\/{rel}","templated":true}]}}