{"id":8148,"date":"2026-03-09T09:38:00","date_gmt":"2026-03-09T15:38:00","guid":{"rendered":"https:\/\/www.alasmedios.com\/?p=8148"},"modified":"2026-03-08T22:52:41","modified_gmt":"2026-03-09T04:52:41","slug":"mujeres-toman-las-calles-de-pachuca-por-el-8m","status":"publish","type":"post","link":"https:\/\/www.alasmedios.com\/index.php\/2026\/03\/09\/mujeres-toman-las-calles-de-pachuca-por-el-8m\/","title":{"rendered":"Mujeres toman las calles de Pachuca por el 8M"},"content":{"rendered":"\n<p>En <strong>Pachuca<\/strong>, decenas de <strong>mujeres <\/strong>salieron a tomar las calles para exigir justicia y derechos, en conmemoraci\u00f3n al <strong>8M<\/strong>, tomaron una ruta alterna a la usual.<\/p>\n\n\n\n<p>Mujeres participaron este <strong>8 de marzo<\/strong> en la movilizaci\u00f3n por el <strong>D\u00eda Internacional de las Mujeres<\/strong> en <strong>Pachuca<\/strong>, donde el contingente avanz\u00f3 por distintas vialidades de la capital hidalguense hasta llegar a la <strong>Rotonda de los Hidalguenses Ilustres<\/strong>, punto en el que reson\u00f3 con fuerza la exigencia de <strong>justicia<\/strong>.<\/p>\n\n\n\n<p>La jornada estuvo marcada por <strong>consignas, altavoces, pu\u00f1os en alto, poemas escritos para el 8M, mantas y cartulinas<\/strong>, adem\u00e1s de <strong>mariposas multicolores<\/strong> que acompa\u00f1aron el recorrido. En diversos carteles tambi\u00e9n se observaban frases como <strong>\u201cesas morras s\u00ed me representan\u201d<\/strong>, mientras el ruido colectivo de la protesta se convirti\u00f3 en una forma de <strong>recordar a las mujeres v\u00edctimas de violencia y feminicidio<\/strong>.<\/p>\n\n\n\n<p>CONTIN\u00daA LEYENDO: <a href=\"https:\/\/www.alasmedios.com\/index.php\/2026\/03\/07\/uno-de-cada-tres-hombres-de-la-generacion-z-quiere-mujeres-obedientes\/\" type=\"post\" id=\"8132\">Uno de cada tres hombres de la Generaci\u00f3n Z quiere mujeres \u201cobedientes\u201d<\/a><\/p>\n\n\n\n<p>El contingente avanz\u00f3 como una <strong>marea morada<\/strong> por vialidades cercanas al <strong>R\u00edo de las Avenidas<\/strong>, luego de que autoridades instalaran <strong>vallas met\u00e1licas<\/strong> y desplegaran un <strong>operativo de seguridad<\/strong> en <strong>Plaza Ju\u00e1rez<\/strong> y en el <strong>Reloj Monumental de Pachuca<\/strong>, espacios que en a\u00f1os anteriores han concentrado parte de las protestas durante el <strong>8M<\/strong>.<\/p>\n\n\n\n<p>Debido a estas medidas, la movilizaci\u00f3n sigui\u00f3 <strong>una ruta distinta a la de a\u00f1os anteriores<\/strong>, evitando el paso por el <strong>centro hist\u00f3rico<\/strong> de la ciudad.<\/p>\n\n\n\n<p>Previo al inicio de la marcha, un grupo de mujeres se concentr\u00f3 en el <strong>Monumento a la Mujer<\/strong>, donde colocaron un <strong>tendedero de denuncia<\/strong> para visibilizar <strong>casos de abuso sexual y hostigamiento<\/strong>, acompa\u00f1ados de <strong>fotograf\u00edas de presuntos agresores<\/strong>.<\/p>\n\n\n\n<p>A lo largo del recorrido, el <strong>color violeta<\/strong> predomin\u00f3 en <strong>carteles, prendas y humo<\/strong>, que finalmente envolvieron la <strong>Rotonda de los Hidalguenses Ilustres<\/strong>, convertida en uno de los puntos simb\u00f3licos de la protesta para <strong>exigir justicia por los feminicidios y las v\u00edctimas de violencia<\/strong>.<\/p>\n\n\n\n<p>TE PUEDE INTERESAR: <a href=\"https:\/\/www.alasmedios.com\/index.php\/2026\/03\/07\/buscar-hasta-debajo-de-las-piedras-madres-buscadoras\/\" type=\"post\" id=\"8129\">Buscar hasta debajo de las piedras: madres buscadoras<\/a><\/p>\n\n\n\n<p>Entre las consignas que acompa\u00f1aron la movilizaci\u00f3n destacaron <strong>\u201cNi perd\u00f3n ni olvido al estado y al macho violador\u201d<\/strong>, <strong>\u201csomos las nietas de las brujas que no pudieron quemar\u201d<\/strong> y <strong>\u201cno que no, s\u00ed que s\u00ed, ya volvimos a salir\u201d<\/strong>, coreadas por miles de mujeres que recorrieron la ciudad como un <strong>caudal morado que volvi\u00f3 a ocupar las calles de Pachuca<\/strong>.<\/p>\n\n\n<ul class=\"wp-block-latest-posts__list is-grid columns-3 wp-block-latest-posts\"><li><div class=\"wp-block-latest-posts__featured-image\"><img loading=\"lazy\" decoding=\"async\" width=\"150\" height=\"150\" src=\"https:\/\/www.alasmedios.com\/wp-content\/uploads\/2026\/04\/Argentina-decomisan-bienes-Cristina-Kirchner-150x150.png\" class=\"attachment-thumbnail size-thumbnail wp-post-image\" alt=\"\" style=\"\" \/><\/div><a class=\"wp-block-latest-posts__post-title\" href=\"https:\/\/www.alasmedios.com\/index.php\/2026\/04\/25\/caso-vialidad-argentina-ratifica-decomiso-millonario-a-cristina-kirchner\/\">Caso Vialidad: Argentina ratifica decomiso millonario a Cristina Kirchner<\/a><\/li>\n<li><div class=\"wp-block-latest-posts__featured-image\"><img loading=\"lazy\" decoding=\"async\" width=\"150\" height=\"150\" src=\"https:\/\/www.alasmedios.com\/wp-content\/uploads\/2026\/04\/Puebla-desaparecida-Aguascalientes-150x150.jpeg\" class=\"attachment-thumbnail size-thumbnail wp-post-image\" alt=\"\" style=\"\" \/><\/div><a class=\"wp-block-latest-posts__post-title\" href=\"https:\/\/www.alasmedios.com\/index.php\/2026\/04\/25\/localizan-con-vida-en-aguascalientes-a-adolescente-desaparecida-en-puebla\/\">Localizan con vida en Aguascalientes a adolescente desaparecida en Puebla<\/a><\/li>\n<li><div class=\"wp-block-latest-posts__featured-image\"><img loading=\"lazy\" decoding=\"async\" width=\"150\" height=\"150\" src=\"https:\/\/www.alasmedios.com\/wp-content\/uploads\/2026\/04\/podio-de-la-Copa-del-Mundo-de-Ciclismo-150x150.jpg\" class=\"attachment-thumbnail size-thumbnail wp-post-image\" alt=\"\" style=\"\" \/><\/div><a class=\"wp-block-latest-posts__post-title\" href=\"https:\/\/www.alasmedios.com\/index.php\/2026\/04\/25\/mexico-arranca-con-doble-podio-en-la-copa-del-mundo-de-pista-en-malasia\/\">M\u00e9xico arranca con doble podio en la Copa del Mundo de Pista en Malasia<\/a><\/li>\n<\/ul>","protected":false},"excerpt":{"rendered":"<p>En Pachuca, decenas de mujeres salieron a tomar las calles para exigir justicia y derechos, en conmemoraci\u00f3n al 8M, tomaron<\/p>\n","protected":false},"author":4,"featured_media":8149,"comment_status":"open","ping_status":"open","sticky":false,"template":"","format":"standard","meta":{"colormag_page_container_layout":"default_layout","colormag_page_sidebar_layout":"default_layout","rop_custom_images_group":[],"rop_custom_messages_group":[],"rop_publish_now":"initial","rop_publish_now_accounts":[],"rop_publish_now_history":[],"rop_publish_now_status":"pending","iawp_total_views":11,"footnotes":""},"categories":[41],"tags":[99,53,87],"class_list":["post-8148","post","type-post","status-publish","format-standard","has-post-thumbnail","hentry","category-hidalgo","tag-hidalgo","tag-mujeres","tag-pachuca"],"magazineBlocksPostFeaturedMedia":{"thumbnail":"https:\/\/www.alasmedios.com\/wp-content\/uploads\/2026\/03\/8M-Pachuca2026-foto-de-Osca-Sanchez-150x150.jpg","medium":"https:\/\/www.alasmedios.com\/wp-content\/uploads\/2026\/03\/8M-Pachuca2026-foto-de-Osca-Sanchez-300x225.jpg","medium_large":"https:\/\/www.alasmedios.com\/wp-content\/uploads\/2026\/03\/8M-Pachuca2026-foto-de-Osca-Sanchez-768x576.jpg","large":"https:\/\/www.alasmedios.com\/wp-content\/uploads\/2026\/03\/8M-Pachuca2026-foto-de-Osca-Sanchez-1024x768.jpg","1536x1536":"https:\/\/www.alasmedios.com\/wp-content\/uploads\/2026\/03\/8M-Pachuca2026-foto-de-Osca-Sanchez-1536x1152.jpg","2048x2048":"https:\/\/www.alasmedios.com\/wp-content\/uploads\/2026\/03\/8M-Pachuca2026-foto-de-Osca-Sanchez.jpg","colormag-highlighted-post":"https:\/\/www.alasmedios.com\/wp-content\/uploads\/2026\/03\/8M-Pachuca2026-foto-de-Osca-Sanchez-392x272.jpg","colormag-featured-post-medium":"https:\/\/www.alasmedios.com\/wp-content\/uploads\/2026\/03\/8M-Pachuca2026-foto-de-Osca-Sanchez-390x205.jpg","colormag-featured-post-small":"https:\/\/www.alasmedios.com\/wp-content\/uploads\/2026\/03\/8M-Pachuca2026-foto-de-Osca-Sanchez-130x90.jpg","colormag-featured-image":"https:\/\/www.alasmedios.com\/wp-content\/uploads\/2026\/03\/8M-Pachuca2026-foto-de-Osca-Sanchez-800x445.jpg","colormag-default-news":"https:\/\/www.alasmedios.com\/wp-content\/uploads\/2026\/03\/8M-Pachuca2026-foto-de-Osca-Sanchez-150x150.jpg","colormag-featured-image-large":"https:\/\/www.alasmedios.com\/wp-content\/uploads\/2026\/03\/8M-Pachuca2026-foto-de-Osca-Sanchez-1400x600.jpg"},"magazineBlocksPostAuthor":{"name":"Keila Rodr\u00edguez Pe\u00f1a","avatar":"https:\/\/secure.gravatar.com\/avatar\/a2553a2bfaa601b9d539b617c8793e151bdffb60f9e48a249912f86d4c9ebeef?s=96&d=mm&r=g"},"magazineBlocksPostCommentsNumber":"0","magazineBlocksPostExcerpt":"En Pachuca, decenas de mujeres salieron a tomar las calles para exigir justicia y derechos, en conmemoraci\u00f3n al 8M, tomaron","magazineBlocksPostCategories":["Hidalgo"],"magazineBlocksPostViewCount":29,"magazineBlocksPostReadTime":3,"magazine_blocks_featured_image_url":{"full":["https:\/\/www.alasmedios.com\/wp-content\/uploads\/2026\/03\/8M-Pachuca2026-foto-de-Osca-Sanchez.jpg",1600,1200,false],"medium":["https:\/\/www.alasmedios.com\/wp-content\/uploads\/2026\/03\/8M-Pachuca2026-foto-de-Osca-Sanchez-300x225.jpg",300,225,true],"thumbnail":["https:\/\/www.alasmedios.com\/wp-content\/uploads\/2026\/03\/8M-Pachuca2026-foto-de-Osca-Sanchez-150x150.jpg",150,150,true]},"magazine_blocks_author":{"display_name":"Keila Rodr\u00edguez Pe\u00f1a","author_link":"https:\/\/www.alasmedios.com\/index.php\/author\/keila\/"},"magazine_blocks_comment":0,"magazine_blocks_author_image":"https:\/\/secure.gravatar.com\/avatar\/a2553a2bfaa601b9d539b617c8793e151bdffb60f9e48a249912f86d4c9ebeef?s=96&d=mm&r=g","magazine_blocks_category":"<a href=\"#\" class=\"category-link category-link-41\">Hidalgo<\/a>","yoast_head":"<!-- This site is optimized with the Yoast SEO plugin v27.4 - https:\/\/yoast.com\/product\/yoast-seo-wordpress\/ -->\r\n<title>Mujeres toman las calles de Pachuca por el 8M<\/title>\r\n<meta name=\"description\" content=\"En Pachuca, decenas de mujeres salieron a tomar las calles para exigir justicia y derechos, en conmemoraci\u00f3n al 8M\" \/>\r\n<meta name=\"robots\" content=\"index, follow, max-snippet:-1, max-image-preview:large, max-video-preview:-1\" \/>\r\n<link rel=\"canonical\" href=\"https:\/\/www.alasmedios.com\/index.php\/2026\/03\/09\/mujeres-toman-las-calles-de-pachuca-por-el-8m\/\" \/>\r\n<meta property=\"og:locale\" content=\"es_MX\" \/>\r\n<meta property=\"og:type\" content=\"article\" \/>\r\n<meta property=\"og:title\" content=\"Mujeres toman las calles de Pachuca por el 8M\" \/>\r\n<meta property=\"og:description\" content=\"En Pachuca, decenas de mujeres salieron a tomar las calles para exigir justicia y derechos, en conmemoraci\u00f3n al 8M\" \/>\r\n<meta property=\"og:url\" content=\"https:\/\/www.alasmedios.com\/index.php\/2026\/03\/09\/mujeres-toman-las-calles-de-pachuca-por-el-8m\/\" \/>\r\n<meta property=\"og:site_name\" content=\"Alas Medios\" \/>\r\n<meta property=\"article:published_time\" content=\"2026-03-09T15:38:00+00:00\" \/>\r\n<meta property=\"og:image\" content=\"https:\/\/www.alasmedios.com\/wp-content\/uploads\/2026\/03\/8M-Pachuca2026-foto-de-Osca-Sanchez.jpg\" \/>\r\n\t<meta property=\"og:image:width\" content=\"1600\" \/>\r\n\t<meta property=\"og:image:height\" content=\"1200\" \/>\r\n\t<meta property=\"og:image:type\" content=\"image\/jpeg\" \/>\r\n<meta name=\"author\" content=\"Keila Rodr\u00edguez Pe\u00f1a\" \/>\r\n<meta name=\"twitter:card\" content=\"summary_large_image\" \/>\r\n<meta name=\"twitter:label1\" content=\"Escrito por\" \/>\n\t<meta name=\"twitter:data1\" content=\"Keila Rodr\u00edguez Pe\u00f1a\" \/>\n\t<meta name=\"twitter:label2\" content=\"Tiempo de lectura\" \/>\n\t<meta name=\"twitter:data2\" content=\"2 minutos\" \/>\r\n<script type=\"application\/ld+json\" class=\"yoast-schema-graph\">{\"@context\":\"https:\\\/\\\/schema.org\",\"@graph\":[{\"@type\":\"Article\",\"@id\":\"https:\\\/\\\/www.alasmedios.com\\\/index.php\\\/2026\\\/03\\\/09\\\/mujeres-toman-las-calles-de-pachuca-por-el-8m\\\/#article\",\"isPartOf\":{\"@id\":\"https:\\\/\\\/www.alasmedios.com\\\/index.php\\\/2026\\\/03\\\/09\\\/mujeres-toman-las-calles-de-pachuca-por-el-8m\\\/\"},\"author\":{\"name\":\"Keila Rodr\u00edguez Pe\u00f1a\",\"@id\":\"https:\\\/\\\/www.alasmedios.com\\\/#\\\/schema\\\/person\\\/0ba31bdd19a05ebf5c7fef1fedf99c34\"},\"headline\":\"Mujeres toman las calles de Pachuca por el 8M\",\"datePublished\":\"2026-03-09T15:38:00+00:00\",\"mainEntityOfPage\":{\"@id\":\"https:\\\/\\\/www.alasmedios.com\\\/index.php\\\/2026\\\/03\\\/09\\\/mujeres-toman-las-calles-de-pachuca-por-el-8m\\\/\"},\"wordCount\":412,\"commentCount\":0,\"publisher\":{\"@id\":\"https:\\\/\\\/www.alasmedios.com\\\/#organization\"},\"image\":{\"@id\":\"https:\\\/\\\/www.alasmedios.com\\\/index.php\\\/2026\\\/03\\\/09\\\/mujeres-toman-las-calles-de-pachuca-por-el-8m\\\/#primaryimage\"},\"thumbnailUrl\":\"https:\\\/\\\/www.alasmedios.com\\\/wp-content\\\/uploads\\\/2026\\\/03\\\/8M-Pachuca2026-foto-de-Osca-Sanchez.jpg\",\"keywords\":[\"Hidalgo\",\"Mujeres\",\"Pachuca\"],\"articleSection\":[\"Hidalgo\"],\"inLanguage\":\"es\",\"potentialAction\":[{\"@type\":\"CommentAction\",\"name\":\"Comment\",\"target\":[\"https:\\\/\\\/www.alasmedios.com\\\/index.php\\\/2026\\\/03\\\/09\\\/mujeres-toman-las-calles-de-pachuca-por-el-8m\\\/#respond\"]}]},{\"@type\":\"WebPage\",\"@id\":\"https:\\\/\\\/www.alasmedios.com\\\/index.php\\\/2026\\\/03\\\/09\\\/mujeres-toman-las-calles-de-pachuca-por-el-8m\\\/\",\"url\":\"https:\\\/\\\/www.alasmedios.com\\\/index.php\\\/2026\\\/03\\\/09\\\/mujeres-toman-las-calles-de-pachuca-por-el-8m\\\/\",\"name\":\"Mujeres toman las calles de Pachuca por el 8M\",\"isPartOf\":{\"@id\":\"https:\\\/\\\/www.alasmedios.com\\\/#website\"},\"primaryImageOfPage\":{\"@id\":\"https:\\\/\\\/www.alasmedios.com\\\/index.php\\\/2026\\\/03\\\/09\\\/mujeres-toman-las-calles-de-pachuca-por-el-8m\\\/#primaryimage\"},\"image\":{\"@id\":\"https:\\\/\\\/www.alasmedios.com\\\/index.php\\\/2026\\\/03\\\/09\\\/mujeres-toman-las-calles-de-pachuca-por-el-8m\\\/#primaryimage\"},\"thumbnailUrl\":\"https:\\\/\\\/www.alasmedios.com\\\/wp-content\\\/uploads\\\/2026\\\/03\\\/8M-Pachuca2026-foto-de-Osca-Sanchez.jpg\",\"datePublished\":\"2026-03-09T15:38:00+00:00\",\"description\":\"En Pachuca, decenas de mujeres salieron a tomar las calles para exigir justicia y derechos, en conmemoraci\u00f3n al 8M\",\"breadcrumb\":{\"@id\":\"https:\\\/\\\/www.alasmedios.com\\\/index.php\\\/2026\\\/03\\\/09\\\/mujeres-toman-las-calles-de-pachuca-por-el-8m\\\/#breadcrumb\"},\"inLanguage\":\"es\",\"potentialAction\":[{\"@type\":\"ReadAction\",\"target\":[\"https:\\\/\\\/www.alasmedios.com\\\/index.php\\\/2026\\\/03\\\/09\\\/mujeres-toman-las-calles-de-pachuca-por-el-8m\\\/\"]}]},{\"@type\":\"ImageObject\",\"inLanguage\":\"es\",\"@id\":\"https:\\\/\\\/www.alasmedios.com\\\/index.php\\\/2026\\\/03\\\/09\\\/mujeres-toman-las-calles-de-pachuca-por-el-8m\\\/#primaryimage\",\"url\":\"https:\\\/\\\/www.alasmedios.com\\\/wp-content\\\/uploads\\\/2026\\\/03\\\/8M-Pachuca2026-foto-de-Osca-Sanchez.jpg\",\"contentUrl\":\"https:\\\/\\\/www.alasmedios.com\\\/wp-content\\\/uploads\\\/2026\\\/03\\\/8M-Pachuca2026-foto-de-Osca-Sanchez.jpg\",\"width\":1600,\"height\":1200,\"caption\":\"Foto: Oscar S\u00e1nchez \\\/ Info Libre\"},{\"@type\":\"BreadcrumbList\",\"@id\":\"https:\\\/\\\/www.alasmedios.com\\\/index.php\\\/2026\\\/03\\\/09\\\/mujeres-toman-las-calles-de-pachuca-por-el-8m\\\/#breadcrumb\",\"itemListElement\":[{\"@type\":\"ListItem\",\"position\":1,\"name\":\"Inicio\",\"item\":\"https:\\\/\\\/www.alasmedios.com\\\/\"},{\"@type\":\"ListItem\",\"position\":2,\"name\":\"Mujeres toman las calles de Pachuca por el 8M\"}]},{\"@type\":\"WebSite\",\"@id\":\"https:\\\/\\\/www.alasmedios.com\\\/#website\",\"url\":\"https:\\\/\\\/www.alasmedios.com\\\/\",\"name\":\"Alas Medios\",\"description\":\"Alas para pensar, Alas para volar, Alas de libertad\",\"publisher\":{\"@id\":\"https:\\\/\\\/www.alasmedios.com\\\/#organization\"},\"potentialAction\":[{\"@type\":\"SearchAction\",\"target\":{\"@type\":\"EntryPoint\",\"urlTemplate\":\"https:\\\/\\\/www.alasmedios.com\\\/?s={search_term_string}\"},\"query-input\":{\"@type\":\"PropertyValueSpecification\",\"valueRequired\":true,\"valueName\":\"search_term_string\"}}],\"inLanguage\":\"es\"},{\"@type\":\"Organization\",\"@id\":\"https:\\\/\\\/www.alasmedios.com\\\/#organization\",\"name\":\"Alas Medios\",\"url\":\"https:\\\/\\\/www.alasmedios.com\\\/\",\"logo\":{\"@type\":\"ImageObject\",\"inLanguage\":\"es\",\"@id\":\"https:\\\/\\\/www.alasmedios.com\\\/#\\\/schema\\\/logo\\\/image\\\/\",\"url\":\"https:\\\/\\\/www.alasmedios.com\\\/wp-content\\\/uploads\\\/2026\\\/01\\\/cropped-cropped-GAM-1.png\",\"contentUrl\":\"https:\\\/\\\/www.alasmedios.com\\\/wp-content\\\/uploads\\\/2026\\\/01\\\/cropped-cropped-GAM-1.png\",\"width\":467,\"height\":235,\"caption\":\"Alas Medios\"},\"image\":{\"@id\":\"https:\\\/\\\/www.alasmedios.com\\\/#\\\/schema\\\/logo\\\/image\\\/\"}},{\"@type\":\"Person\",\"@id\":\"https:\\\/\\\/www.alasmedios.com\\\/#\\\/schema\\\/person\\\/0ba31bdd19a05ebf5c7fef1fedf99c34\",\"name\":\"Keila Rodr\u00edguez Pe\u00f1a\",\"image\":{\"@type\":\"ImageObject\",\"inLanguage\":\"es\",\"@id\":\"https:\\\/\\\/secure.gravatar.com\\\/avatar\\\/a2553a2bfaa601b9d539b617c8793e151bdffb60f9e48a249912f86d4c9ebeef?s=96&d=mm&r=g\",\"url\":\"https:\\\/\\\/secure.gravatar.com\\\/avatar\\\/a2553a2bfaa601b9d539b617c8793e151bdffb60f9e48a249912f86d4c9ebeef?s=96&d=mm&r=g\",\"contentUrl\":\"https:\\\/\\\/secure.gravatar.com\\\/avatar\\\/a2553a2bfaa601b9d539b617c8793e151bdffb60f9e48a249912f86d4c9ebeef?s=96&d=mm&r=g\",\"caption\":\"Keila Rodr\u00edguez Pe\u00f1a\"},\"sameAs\":[\"http:\\\/\\\/www.alasmedios.com\"],\"url\":\"https:\\\/\\\/www.alasmedios.com\\\/index.php\\\/author\\\/keila\\\/\"}]}<\/script>\r\n<!-- \/ Yoast SEO plugin. -->","yoast_head_json":{"title":"Mujeres toman las calles de Pachuca por el 8M","description":"En Pachuca, decenas de mujeres salieron a tomar las calles para exigir justicia y derechos, en conmemoraci\u00f3n al 8M","robots":{"index":"index","follow":"follow","max-snippet":"max-snippet:-1","max-image-preview":"max-image-preview:large","max-video-preview":"max-video-preview:-1"},"canonical":"https:\/\/www.alasmedios.com\/index.php\/2026\/03\/09\/mujeres-toman-las-calles-de-pachuca-por-el-8m\/","og_locale":"es_MX","og_type":"article","og_title":"Mujeres toman las calles de Pachuca por el 8M","og_description":"En Pachuca, decenas de mujeres salieron a tomar las calles para exigir justicia y derechos, en conmemoraci\u00f3n al 8M","og_url":"https:\/\/www.alasmedios.com\/index.php\/2026\/03\/09\/mujeres-toman-las-calles-de-pachuca-por-el-8m\/","og_site_name":"Alas Medios","article_published_time":"2026-03-09T15:38:00+00:00","og_image":[{"width":1600,"height":1200,"url":"https:\/\/www.alasmedios.com\/wp-content\/uploads\/2026\/03\/8M-Pachuca2026-foto-de-Osca-Sanchez.jpg","type":"image\/jpeg"}],"author":"Keila Rodr\u00edguez Pe\u00f1a","twitter_card":"summary_large_image","twitter_misc":{"Escrito por":"Keila Rodr\u00edguez Pe\u00f1a","Tiempo de lectura":"2 minutos"},"schema":{"@context":"https:\/\/schema.org","@graph":[{"@type":"Article","@id":"https:\/\/www.alasmedios.com\/index.php\/2026\/03\/09\/mujeres-toman-las-calles-de-pachuca-por-el-8m\/#article","isPartOf":{"@id":"https:\/\/www.alasmedios.com\/index.php\/2026\/03\/09\/mujeres-toman-las-calles-de-pachuca-por-el-8m\/"},"author":{"name":"Keila Rodr\u00edguez Pe\u00f1a","@id":"https:\/\/www.alasmedios.com\/#\/schema\/person\/0ba31bdd19a05ebf5c7fef1fedf99c34"},"headline":"Mujeres toman las calles de Pachuca por el 8M","datePublished":"2026-03-09T15:38:00+00:00","mainEntityOfPage":{"@id":"https:\/\/www.alasmedios.com\/index.php\/2026\/03\/09\/mujeres-toman-las-calles-de-pachuca-por-el-8m\/"},"wordCount":412,"commentCount":0,"publisher":{"@id":"https:\/\/www.alasmedios.com\/#organization"},"image":{"@id":"https:\/\/www.alasmedios.com\/index.php\/2026\/03\/09\/mujeres-toman-las-calles-de-pachuca-por-el-8m\/#primaryimage"},"thumbnailUrl":"https:\/\/www.alasmedios.com\/wp-content\/uploads\/2026\/03\/8M-Pachuca2026-foto-de-Osca-Sanchez.jpg","keywords":["Hidalgo","Mujeres","Pachuca"],"articleSection":["Hidalgo"],"inLanguage":"es","potentialAction":[{"@type":"CommentAction","name":"Comment","target":["https:\/\/www.alasmedios.com\/index.php\/2026\/03\/09\/mujeres-toman-las-calles-de-pachuca-por-el-8m\/#respond"]}]},{"@type":"WebPage","@id":"https:\/\/www.alasmedios.com\/index.php\/2026\/03\/09\/mujeres-toman-las-calles-de-pachuca-por-el-8m\/","url":"https:\/\/www.alasmedios.com\/index.php\/2026\/03\/09\/mujeres-toman-las-calles-de-pachuca-por-el-8m\/","name":"Mujeres toman las calles de Pachuca por el 8M","isPartOf":{"@id":"https:\/\/www.alasmedios.com\/#website"},"primaryImageOfPage":{"@id":"https:\/\/www.alasmedios.com\/index.php\/2026\/03\/09\/mujeres-toman-las-calles-de-pachuca-por-el-8m\/#primaryimage"},"image":{"@id":"https:\/\/www.alasmedios.com\/index.php\/2026\/03\/09\/mujeres-toman-las-calles-de-pachuca-por-el-8m\/#primaryimage"},"thumbnailUrl":"https:\/\/www.alasmedios.com\/wp-content\/uploads\/2026\/03\/8M-Pachuca2026-foto-de-Osca-Sanchez.jpg","datePublished":"2026-03-09T15:38:00+00:00","description":"En Pachuca, decenas de mujeres salieron a tomar las calles para exigir justicia y derechos, en conmemoraci\u00f3n al 8M","breadcrumb":{"@id":"https:\/\/www.alasmedios.com\/index.php\/2026\/03\/09\/mujeres-toman-las-calles-de-pachuca-por-el-8m\/#breadcrumb"},"inLanguage":"es","potentialAction":[{"@type":"ReadAction","target":["https:\/\/www.alasmedios.com\/index.php\/2026\/03\/09\/mujeres-toman-las-calles-de-pachuca-por-el-8m\/"]}]},{"@type":"ImageObject","inLanguage":"es","@id":"https:\/\/www.alasmedios.com\/index.php\/2026\/03\/09\/mujeres-toman-las-calles-de-pachuca-por-el-8m\/#primaryimage","url":"https:\/\/www.alasmedios.com\/wp-content\/uploads\/2026\/03\/8M-Pachuca2026-foto-de-Osca-Sanchez.jpg","contentUrl":"https:\/\/www.alasmedios.com\/wp-content\/uploads\/2026\/03\/8M-Pachuca2026-foto-de-Osca-Sanchez.jpg","width":1600,"height":1200,"caption":"Foto: Oscar S\u00e1nchez \/ Info Libre"},{"@type":"BreadcrumbList","@id":"https:\/\/www.alasmedios.com\/index.php\/2026\/03\/09\/mujeres-toman-las-calles-de-pachuca-por-el-8m\/#breadcrumb","itemListElement":[{"@type":"ListItem","position":1,"name":"Inicio","item":"https:\/\/www.alasmedios.com\/"},{"@type":"ListItem","position":2,"name":"Mujeres toman las calles de Pachuca por el 8M"}]},{"@type":"WebSite","@id":"https:\/\/www.alasmedios.com\/#website","url":"https:\/\/www.alasmedios.com\/","name":"Alas Medios","description":"Alas para pensar, Alas para volar, Alas de libertad","publisher":{"@id":"https:\/\/www.alasmedios.com\/#organization"},"potentialAction":[{"@type":"SearchAction","target":{"@type":"EntryPoint","urlTemplate":"https:\/\/www.alasmedios.com\/?s={search_term_string}"},"query-input":{"@type":"PropertyValueSpecification","valueRequired":true,"valueName":"search_term_string"}}],"inLanguage":"es"},{"@type":"Organization","@id":"https:\/\/www.alasmedios.com\/#organization","name":"Alas Medios","url":"https:\/\/www.alasmedios.com\/","logo":{"@type":"ImageObject","inLanguage":"es","@id":"https:\/\/www.alasmedios.com\/#\/schema\/logo\/image\/","url":"https:\/\/www.alasmedios.com\/wp-content\/uploads\/2026\/01\/cropped-cropped-GAM-1.png","contentUrl":"https:\/\/www.alasmedios.com\/wp-content\/uploads\/2026\/01\/cropped-cropped-GAM-1.png","width":467,"height":235,"caption":"Alas Medios"},"image":{"@id":"https:\/\/www.alasmedios.com\/#\/schema\/logo\/image\/"}},{"@type":"Person","@id":"https:\/\/www.alasmedios.com\/#\/schema\/person\/0ba31bdd19a05ebf5c7fef1fedf99c34","name":"Keila Rodr\u00edguez Pe\u00f1a","image":{"@type":"ImageObject","inLanguage":"es","@id":"https:\/\/secure.gravatar.com\/avatar\/a2553a2bfaa601b9d539b617c8793e151bdffb60f9e48a249912f86d4c9ebeef?s=96&d=mm&r=g","url":"https:\/\/secure.gravatar.com\/avatar\/a2553a2bfaa601b9d539b617c8793e151bdffb60f9e48a249912f86d4c9ebeef?s=96&d=mm&r=g","contentUrl":"https:\/\/secure.gravatar.com\/avatar\/a2553a2bfaa601b9d539b617c8793e151bdffb60f9e48a249912f86d4c9ebeef?s=96&d=mm&r=g","caption":"Keila Rodr\u00edguez Pe\u00f1a"},"sameAs":["http:\/\/www.alasmedios.com"],"url":"https:\/\/www.alasmedios.com\/index.php\/author\/keila\/"}]}},"_links":{"self":[{"href":"https:\/\/www.alasmedios.com\/index.php\/wp-json\/wp\/v2\/posts\/8148","targetHints":{"allow":["GET"]}}],"collection":[{"href":"https:\/\/www.alasmedios.com\/index.php\/wp-json\/wp\/v2\/posts"}],"about":[{"href":"https:\/\/www.alasmedios.com\/index.php\/wp-json\/wp\/v2\/types\/post"}],"author":[{"embeddable":true,"href":"https:\/\/www.alasmedios.com\/index.php\/wp-json\/wp\/v2\/users\/4"}],"replies":[{"embeddable":true,"href":"https:\/\/www.alasmedios.com\/index.php\/wp-json\/wp\/v2\/comments?post=8148"}],"version-history":[{"count":1,"href":"https:\/\/www.alasmedios.com\/index.php\/wp-json\/wp\/v2\/posts\/8148\/revisions"}],"predecessor-version":[{"id":8150,"href":"https:\/\/www.alasmedios.com\/index.php\/wp-json\/wp\/v2\/posts\/8148\/revisions\/8150"}],"wp:featuredmedia":[{"embeddable":true,"href":"https:\/\/www.alasmedios.com\/index.php\/wp-json\/wp\/v2\/media\/8149"}],"wp:attachment":[{"href":"https:\/\/www.alasmedios.com\/index.php\/wp-json\/wp\/v2\/media?parent=8148"}],"wp:term":[{"taxonomy":"category","embeddable":true,"href":"https:\/\/www.alasmedios.com\/index.php\/wp-json\/wp\/v2\/categories?post=8148"},{"taxonomy":"post_tag","embeddable":true,"href":"https:\/\/www.alasmedios.com\/index.php\/wp-json\/wp\/v2\/tags?post=8148"}],"curies":[{"name":"wp","href":"https:\/\/api.w.org\/{rel}","templated":true}]}}