{"id":8135,"date":"2026-03-07T15:22:48","date_gmt":"2026-03-07T21:22:48","guid":{"rendered":"https:\/\/www.alasmedios.com\/?p=8135"},"modified":"2026-03-07T15:23:26","modified_gmt":"2026-03-07T21:23:26","slug":"mural-en-pachuca-impulsa-mensajes-contra-la-violencia-hacia-mujeres","status":"publish","type":"post","link":"https:\/\/www.alasmedios.com\/index.php\/2026\/03\/07\/mural-en-pachuca-impulsa-mensajes-contra-la-violencia-hacia-mujeres\/","title":{"rendered":"Mural en Pachuca impulsa mensajes contra la violencia hacia mujeres"},"content":{"rendered":"\n<p>En <strong>Pachuca<\/strong>, ni\u00f1as y ni\u00f1os participaron en la creaci\u00f3n de un mural contra la violencia a mujeres y ni\u00f1as, actividad por el D\u00eda Internacional de la Mujer.<\/p>\n\n\n\n<p><strong>Ni\u00f1as y ni\u00f1os tomaron los pinceles<\/strong> para dar vida a un mural en el <strong>Callej\u00f3n del Viento<\/strong>, en <strong>Pachuca<\/strong>, una obra colectiva que busca promover <strong>una vida libre de violencia para mujeres y ni\u00f1as<\/strong>.<\/p>\n\n\n\n<p>La actividad se realiz\u00f3 con la participaci\u00f3n de un grupo de <strong>infancias<\/strong>, quienes fueron protagonistas en la creaci\u00f3n del mural que hoy forma parte del espacio p\u00fablico de la ciudad.<\/p>\n\n\n\n<p>Durante la inauguraci\u00f3n estuvo presente la <strong><a href=\"https:\/\/www.facebook.com\/profile.php?id=100067172950267\">Secretar\u00eda de las Mujeres Pachuca<\/a><\/strong>, que acompa\u00f1\u00f3 al <strong>Instituto Municipal para la Juventud Pachuca<\/strong> en este proyecto enfocado en <strong>la participaci\u00f3n de ni\u00f1as y ni\u00f1os en la construcci\u00f3n de entornos m\u00e1s igualitarios<\/strong>.<\/p>\n\n\n\n<p>CONTIN\u00daA LEYENDO: <a href=\"https:\/\/www.alasmedios.com\/index.php\/2026\/03\/06\/curso-gratuito-de-trufas-y-paletas-de-chocolate-en-mineral-del-monte\/\" type=\"post\" id=\"8115\">Curso gratuito de trufas y paletas de chocolate en Mineral del Monte<\/a><\/p>\n\n\n\n<p>El mural se convirti\u00f3 en un <strong>mensaje visual de reflexi\u00f3n y conciencia<\/strong>, donde las infancias expresaron, a trav\u00e9s del arte, la importancia de <strong>crecer en espacios libres de violencia<\/strong>.<\/p>\n\n\n\n<figure class=\"wp-block-gallery has-nested-images columns-default is-cropped wp-block-gallery-1 is-layout-flex wp-block-gallery-is-layout-flex\">\n<figure class=\"wp-block-image size-large\"><img loading=\"lazy\" decoding=\"async\" width=\"1024\" height=\"999\" data-id=\"8137\" src=\"https:\/\/www.alasmedios.com\/wp-content\/uploads\/2026\/03\/mural-Pachuca-violencia-3-1024x999.jpg\" alt=\"\" class=\"wp-image-8137\" srcset=\"https:\/\/www.alasmedios.com\/wp-content\/uploads\/2026\/03\/mural-Pachuca-violencia-3-1024x999.jpg 1024w, https:\/\/www.alasmedios.com\/wp-content\/uploads\/2026\/03\/mural-Pachuca-violencia-3-300x293.jpg 300w, https:\/\/www.alasmedios.com\/wp-content\/uploads\/2026\/03\/mural-Pachuca-violencia-3-768x749.jpg 768w, https:\/\/www.alasmedios.com\/wp-content\/uploads\/2026\/03\/mural-Pachuca-violencia-3-1536x1499.jpg 1536w, https:\/\/www.alasmedios.com\/wp-content\/uploads\/2026\/03\/mural-Pachuca-violencia-3.jpg 2048w\" sizes=\"auto, (max-width: 1024px) 100vw, 1024px\" \/><\/figure>\n\n\n\n<figure class=\"wp-block-image size-large\"><img loading=\"lazy\" decoding=\"async\" width=\"1024\" height=\"768\" data-id=\"8139\" src=\"https:\/\/www.alasmedios.com\/wp-content\/uploads\/2026\/03\/mural-Pachuca-violencia-2-1024x768.jpg\" alt=\"\" class=\"wp-image-8139\" srcset=\"https:\/\/www.alasmedios.com\/wp-content\/uploads\/2026\/03\/mural-Pachuca-violencia-2-1024x768.jpg 1024w, https:\/\/www.alasmedios.com\/wp-content\/uploads\/2026\/03\/mural-Pachuca-violencia-2-300x225.jpg 300w, https:\/\/www.alasmedios.com\/wp-content\/uploads\/2026\/03\/mural-Pachuca-violencia-2-768x576.jpg 768w, https:\/\/www.alasmedios.com\/wp-content\/uploads\/2026\/03\/mural-Pachuca-violencia-2-1536x1152.jpg 1536w, https:\/\/www.alasmedios.com\/wp-content\/uploads\/2026\/03\/mural-Pachuca-violencia-2.jpg 2048w\" sizes=\"auto, (max-width: 1024px) 100vw, 1024px\" \/><\/figure>\n\n\n\n<figure class=\"wp-block-image size-large\"><img loading=\"lazy\" decoding=\"async\" width=\"1024\" height=\"768\" data-id=\"8138\" src=\"https:\/\/www.alasmedios.com\/wp-content\/uploads\/2026\/03\/mural-Pachuca-violencia-4-1024x768.jpg\" alt=\"\" class=\"wp-image-8138\" srcset=\"https:\/\/www.alasmedios.com\/wp-content\/uploads\/2026\/03\/mural-Pachuca-violencia-4-1024x768.jpg 1024w, https:\/\/www.alasmedios.com\/wp-content\/uploads\/2026\/03\/mural-Pachuca-violencia-4-300x225.jpg 300w, https:\/\/www.alasmedios.com\/wp-content\/uploads\/2026\/03\/mural-Pachuca-violencia-4-768x576.jpg 768w, https:\/\/www.alasmedios.com\/wp-content\/uploads\/2026\/03\/mural-Pachuca-violencia-4-1536x1152.jpg 1536w, https:\/\/www.alasmedios.com\/wp-content\/uploads\/2026\/03\/mural-Pachuca-violencia-4.jpg 2048w\" sizes=\"auto, (max-width: 1024px) 100vw, 1024px\" \/><\/figure>\n<\/figure>\n\n\n\n<p>La iniciativa se enmarca en las actividades relacionadas con el <strong>8 de marzo, D\u00eda Internacional de la Mujer<\/strong>, una fecha que busca <strong>visibilizar la lucha por los derechos de las mujeres y la erradicaci\u00f3n de la violencia de g\u00e9nero<\/strong>.<\/p>\n\n\n<ul class=\"wp-block-latest-posts__list is-grid columns-3 wp-block-latest-posts\"><li><div class=\"wp-block-latest-posts__featured-image\"><img loading=\"lazy\" decoding=\"async\" width=\"150\" height=\"150\" src=\"https:\/\/www.alasmedios.com\/wp-content\/uploads\/2026\/04\/Argentina-decomisan-bienes-Cristina-Kirchner-150x150.png\" class=\"attachment-thumbnail size-thumbnail wp-post-image\" alt=\"\" style=\"\" \/><\/div><a class=\"wp-block-latest-posts__post-title\" href=\"https:\/\/www.alasmedios.com\/index.php\/2026\/04\/25\/caso-vialidad-argentina-ratifica-decomiso-millonario-a-cristina-kirchner\/\">Caso Vialidad: Argentina ratifica decomiso millonario a Cristina Kirchner<\/a><\/li>\n<li><div class=\"wp-block-latest-posts__featured-image\"><img loading=\"lazy\" decoding=\"async\" width=\"150\" height=\"150\" src=\"https:\/\/www.alasmedios.com\/wp-content\/uploads\/2026\/04\/Puebla-desaparecida-Aguascalientes-150x150.jpeg\" class=\"attachment-thumbnail size-thumbnail wp-post-image\" alt=\"\" style=\"\" \/><\/div><a class=\"wp-block-latest-posts__post-title\" href=\"https:\/\/www.alasmedios.com\/index.php\/2026\/04\/25\/localizan-con-vida-en-aguascalientes-a-adolescente-desaparecida-en-puebla\/\">Localizan con vida en Aguascalientes a adolescente desaparecida en Puebla<\/a><\/li>\n<li><div class=\"wp-block-latest-posts__featured-image\"><img loading=\"lazy\" decoding=\"async\" width=\"150\" height=\"150\" src=\"https:\/\/www.alasmedios.com\/wp-content\/uploads\/2026\/04\/podio-de-la-Copa-del-Mundo-de-Ciclismo-150x150.jpg\" class=\"attachment-thumbnail size-thumbnail wp-post-image\" alt=\"\" style=\"\" \/><\/div><a class=\"wp-block-latest-posts__post-title\" href=\"https:\/\/www.alasmedios.com\/index.php\/2026\/04\/25\/mexico-arranca-con-doble-podio-en-la-copa-del-mundo-de-pista-en-malasia\/\">M\u00e9xico arranca con doble podio en la Copa del Mundo de Pista en Malasia<\/a><\/li>\n<\/ul>","protected":false},"excerpt":{"rendered":"<p>En Pachuca, ni\u00f1as y ni\u00f1os participaron en la creaci\u00f3n de un mural contra la violencia a mujeres y ni\u00f1as, actividad<\/p>\n","protected":false},"author":4,"featured_media":8136,"comment_status":"open","ping_status":"open","sticky":false,"template":"","format":"standard","meta":{"colormag_page_container_layout":"default_layout","colormag_page_sidebar_layout":"default_layout","rop_custom_images_group":[],"rop_custom_messages_group":[],"rop_publish_now":"initial","rop_publish_now_accounts":[],"rop_publish_now_history":[],"rop_publish_now_status":"pending","iawp_total_views":12,"footnotes":""},"categories":[41],"tags":[52,99,928,87,121],"class_list":["post-8135","post","type-post","status-publish","format-standard","has-post-thumbnail","hentry","category-hidalgo","tag-arte","tag-hidalgo","tag-mural","tag-pachuca","tag-violencia-de-genero-2"],"magazineBlocksPostFeaturedMedia":{"thumbnail":"https:\/\/www.alasmedios.com\/wp-content\/uploads\/2026\/03\/mural-Pachuca-violencia-150x150.jpg","medium":"https:\/\/www.alasmedios.com\/wp-content\/uploads\/2026\/03\/mural-Pachuca-violencia-300x191.jpg","medium_large":"https:\/\/www.alasmedios.com\/wp-content\/uploads\/2026\/03\/mural-Pachuca-violencia-768x490.jpg","large":"https:\/\/www.alasmedios.com\/wp-content\/uploads\/2026\/03\/mural-Pachuca-violencia-1024x653.jpg","1536x1536":"https:\/\/www.alasmedios.com\/wp-content\/uploads\/2026\/03\/mural-Pachuca-violencia-1536x980.jpg","2048x2048":"https:\/\/www.alasmedios.com\/wp-content\/uploads\/2026\/03\/mural-Pachuca-violencia.jpg","colormag-highlighted-post":"https:\/\/www.alasmedios.com\/wp-content\/uploads\/2026\/03\/mural-Pachuca-violencia-392x272.jpg","colormag-featured-post-medium":"https:\/\/www.alasmedios.com\/wp-content\/uploads\/2026\/03\/mural-Pachuca-violencia-390x205.jpg","colormag-featured-post-small":"https:\/\/www.alasmedios.com\/wp-content\/uploads\/2026\/03\/mural-Pachuca-violencia-130x90.jpg","colormag-featured-image":"https:\/\/www.alasmedios.com\/wp-content\/uploads\/2026\/03\/mural-Pachuca-violencia-800x445.jpg","colormag-default-news":"https:\/\/www.alasmedios.com\/wp-content\/uploads\/2026\/03\/mural-Pachuca-violencia-150x150.jpg","colormag-featured-image-large":"https:\/\/www.alasmedios.com\/wp-content\/uploads\/2026\/03\/mural-Pachuca-violencia-1400x600.jpg"},"magazineBlocksPostAuthor":{"name":"Keila Rodr\u00edguez Pe\u00f1a","avatar":"https:\/\/secure.gravatar.com\/avatar\/a2553a2bfaa601b9d539b617c8793e151bdffb60f9e48a249912f86d4c9ebeef?s=96&d=mm&r=g"},"magazineBlocksPostCommentsNumber":"0","magazineBlocksPostExcerpt":"En Pachuca, ni\u00f1as y ni\u00f1os participaron en la creaci\u00f3n de un mural contra la violencia a mujeres y ni\u00f1as, actividad","magazineBlocksPostCategories":["Hidalgo"],"magazineBlocksPostViewCount":41,"magazineBlocksPostReadTime":2,"magazine_blocks_featured_image_url":{"full":["https:\/\/www.alasmedios.com\/wp-content\/uploads\/2026\/03\/mural-Pachuca-violencia.jpg",2048,1306,false],"medium":["https:\/\/www.alasmedios.com\/wp-content\/uploads\/2026\/03\/mural-Pachuca-violencia-300x191.jpg",300,191,true],"thumbnail":["https:\/\/www.alasmedios.com\/wp-content\/uploads\/2026\/03\/mural-Pachuca-violencia-150x150.jpg",150,150,true]},"magazine_blocks_author":{"display_name":"Keila Rodr\u00edguez Pe\u00f1a","author_link":"https:\/\/www.alasmedios.com\/index.php\/author\/keila\/"},"magazine_blocks_comment":0,"magazine_blocks_author_image":"https:\/\/secure.gravatar.com\/avatar\/a2553a2bfaa601b9d539b617c8793e151bdffb60f9e48a249912f86d4c9ebeef?s=96&d=mm&r=g","magazine_blocks_category":"<a href=\"#\" class=\"category-link category-link-41\">Hidalgo<\/a>","yoast_head":"<!-- This site is optimized with the Yoast SEO plugin v27.4 - https:\/\/yoast.com\/product\/yoast-seo-wordpress\/ -->\r\n<title>Mural en Pachuca impulsa mensajes contra la violencia hacia mujeres<\/title>\r\n<meta name=\"description\" content=\"Ni\u00f1as y ni\u00f1os dieron vida a un mural en el Callej\u00f3n del Viento, en Pachuca, una obra colectiva que busca promover una vida libre de violencia\" \/>\r\n<meta name=\"robots\" content=\"index, follow, max-snippet:-1, max-image-preview:large, max-video-preview:-1\" \/>\r\n<link rel=\"canonical\" href=\"https:\/\/www.alasmedios.com\/index.php\/2026\/03\/07\/mural-en-pachuca-impulsa-mensajes-contra-la-violencia-hacia-mujeres\/\" \/>\r\n<meta property=\"og:locale\" content=\"es_MX\" \/>\r\n<meta property=\"og:type\" content=\"article\" \/>\r\n<meta property=\"og:title\" content=\"Mural en Pachuca impulsa mensajes contra la violencia hacia mujeres\" \/>\r\n<meta property=\"og:description\" content=\"Ni\u00f1as y ni\u00f1os dieron vida a un mural en el Callej\u00f3n del Viento, en Pachuca, una obra colectiva que busca promover una vida libre de violencia\" \/>\r\n<meta property=\"og:url\" content=\"https:\/\/www.alasmedios.com\/index.php\/2026\/03\/07\/mural-en-pachuca-impulsa-mensajes-contra-la-violencia-hacia-mujeres\/\" \/>\r\n<meta property=\"og:site_name\" content=\"Alas Medios\" \/>\r\n<meta property=\"article:published_time\" content=\"2026-03-07T21:22:48+00:00\" \/>\r\n<meta property=\"article:modified_time\" content=\"2026-03-07T21:23:26+00:00\" \/>\r\n<meta property=\"og:image\" content=\"https:\/\/www.alasmedios.com\/wp-content\/uploads\/2026\/03\/mural-Pachuca-violencia.jpg\" \/>\r\n\t<meta property=\"og:image:width\" content=\"2048\" \/>\r\n\t<meta property=\"og:image:height\" content=\"1306\" \/>\r\n\t<meta property=\"og:image:type\" content=\"image\/jpeg\" \/>\r\n<meta name=\"author\" content=\"Keila Rodr\u00edguez Pe\u00f1a\" \/>\r\n<meta name=\"twitter:card\" content=\"summary_large_image\" \/>\r\n<meta name=\"twitter:label1\" content=\"Escrito por\" \/>\n\t<meta name=\"twitter:data1\" content=\"Keila Rodr\u00edguez Pe\u00f1a\" \/>\n\t<meta name=\"twitter:label2\" content=\"Tiempo de lectura\" \/>\n\t<meta name=\"twitter:data2\" content=\"2 minutos\" \/>\r\n<script type=\"application\/ld+json\" class=\"yoast-schema-graph\">{\"@context\":\"https:\\\/\\\/schema.org\",\"@graph\":[{\"@type\":\"Article\",\"@id\":\"https:\\\/\\\/www.alasmedios.com\\\/index.php\\\/2026\\\/03\\\/07\\\/mural-en-pachuca-impulsa-mensajes-contra-la-violencia-hacia-mujeres\\\/#article\",\"isPartOf\":{\"@id\":\"https:\\\/\\\/www.alasmedios.com\\\/index.php\\\/2026\\\/03\\\/07\\\/mural-en-pachuca-impulsa-mensajes-contra-la-violencia-hacia-mujeres\\\/\"},\"author\":{\"name\":\"Keila Rodr\u00edguez Pe\u00f1a\",\"@id\":\"https:\\\/\\\/www.alasmedios.com\\\/#\\\/schema\\\/person\\\/0ba31bdd19a05ebf5c7fef1fedf99c34\"},\"headline\":\"Mural en Pachuca impulsa mensajes contra la violencia hacia mujeres\",\"datePublished\":\"2026-03-07T21:22:48+00:00\",\"dateModified\":\"2026-03-07T21:23:26+00:00\",\"mainEntityOfPage\":{\"@id\":\"https:\\\/\\\/www.alasmedios.com\\\/index.php\\\/2026\\\/03\\\/07\\\/mural-en-pachuca-impulsa-mensajes-contra-la-violencia-hacia-mujeres\\\/\"},\"wordCount\":245,\"commentCount\":0,\"publisher\":{\"@id\":\"https:\\\/\\\/www.alasmedios.com\\\/#organization\"},\"image\":{\"@id\":\"https:\\\/\\\/www.alasmedios.com\\\/index.php\\\/2026\\\/03\\\/07\\\/mural-en-pachuca-impulsa-mensajes-contra-la-violencia-hacia-mujeres\\\/#primaryimage\"},\"thumbnailUrl\":\"https:\\\/\\\/www.alasmedios.com\\\/wp-content\\\/uploads\\\/2026\\\/03\\\/mural-Pachuca-violencia.jpg\",\"keywords\":[\"Arte\",\"Hidalgo\",\"mural\",\"Pachuca\",\"violencia de g\u00e9nero\"],\"articleSection\":[\"Hidalgo\"],\"inLanguage\":\"es\",\"potentialAction\":[{\"@type\":\"CommentAction\",\"name\":\"Comment\",\"target\":[\"https:\\\/\\\/www.alasmedios.com\\\/index.php\\\/2026\\\/03\\\/07\\\/mural-en-pachuca-impulsa-mensajes-contra-la-violencia-hacia-mujeres\\\/#respond\"]}]},{\"@type\":\"WebPage\",\"@id\":\"https:\\\/\\\/www.alasmedios.com\\\/index.php\\\/2026\\\/03\\\/07\\\/mural-en-pachuca-impulsa-mensajes-contra-la-violencia-hacia-mujeres\\\/\",\"url\":\"https:\\\/\\\/www.alasmedios.com\\\/index.php\\\/2026\\\/03\\\/07\\\/mural-en-pachuca-impulsa-mensajes-contra-la-violencia-hacia-mujeres\\\/\",\"name\":\"Mural en Pachuca impulsa mensajes contra la violencia hacia mujeres\",\"isPartOf\":{\"@id\":\"https:\\\/\\\/www.alasmedios.com\\\/#website\"},\"primaryImageOfPage\":{\"@id\":\"https:\\\/\\\/www.alasmedios.com\\\/index.php\\\/2026\\\/03\\\/07\\\/mural-en-pachuca-impulsa-mensajes-contra-la-violencia-hacia-mujeres\\\/#primaryimage\"},\"image\":{\"@id\":\"https:\\\/\\\/www.alasmedios.com\\\/index.php\\\/2026\\\/03\\\/07\\\/mural-en-pachuca-impulsa-mensajes-contra-la-violencia-hacia-mujeres\\\/#primaryimage\"},\"thumbnailUrl\":\"https:\\\/\\\/www.alasmedios.com\\\/wp-content\\\/uploads\\\/2026\\\/03\\\/mural-Pachuca-violencia.jpg\",\"datePublished\":\"2026-03-07T21:22:48+00:00\",\"dateModified\":\"2026-03-07T21:23:26+00:00\",\"description\":\"Ni\u00f1as y ni\u00f1os dieron vida a un mural en el Callej\u00f3n del Viento, en Pachuca, una obra colectiva que busca promover una vida libre de violencia\",\"breadcrumb\":{\"@id\":\"https:\\\/\\\/www.alasmedios.com\\\/index.php\\\/2026\\\/03\\\/07\\\/mural-en-pachuca-impulsa-mensajes-contra-la-violencia-hacia-mujeres\\\/#breadcrumb\"},\"inLanguage\":\"es\",\"potentialAction\":[{\"@type\":\"ReadAction\",\"target\":[\"https:\\\/\\\/www.alasmedios.com\\\/index.php\\\/2026\\\/03\\\/07\\\/mural-en-pachuca-impulsa-mensajes-contra-la-violencia-hacia-mujeres\\\/\"]}]},{\"@type\":\"ImageObject\",\"inLanguage\":\"es\",\"@id\":\"https:\\\/\\\/www.alasmedios.com\\\/index.php\\\/2026\\\/03\\\/07\\\/mural-en-pachuca-impulsa-mensajes-contra-la-violencia-hacia-mujeres\\\/#primaryimage\",\"url\":\"https:\\\/\\\/www.alasmedios.com\\\/wp-content\\\/uploads\\\/2026\\\/03\\\/mural-Pachuca-violencia.jpg\",\"contentUrl\":\"https:\\\/\\\/www.alasmedios.com\\\/wp-content\\\/uploads\\\/2026\\\/03\\\/mural-Pachuca-violencia.jpg\",\"width\":2048,\"height\":1306},{\"@type\":\"BreadcrumbList\",\"@id\":\"https:\\\/\\\/www.alasmedios.com\\\/index.php\\\/2026\\\/03\\\/07\\\/mural-en-pachuca-impulsa-mensajes-contra-la-violencia-hacia-mujeres\\\/#breadcrumb\",\"itemListElement\":[{\"@type\":\"ListItem\",\"position\":1,\"name\":\"Inicio\",\"item\":\"https:\\\/\\\/www.alasmedios.com\\\/\"},{\"@type\":\"ListItem\",\"position\":2,\"name\":\"Mural en Pachuca impulsa mensajes contra la violencia hacia mujeres\"}]},{\"@type\":\"WebSite\",\"@id\":\"https:\\\/\\\/www.alasmedios.com\\\/#website\",\"url\":\"https:\\\/\\\/www.alasmedios.com\\\/\",\"name\":\"Alas Medios\",\"description\":\"Alas para pensar, Alas para volar, Alas de libertad\",\"publisher\":{\"@id\":\"https:\\\/\\\/www.alasmedios.com\\\/#organization\"},\"potentialAction\":[{\"@type\":\"SearchAction\",\"target\":{\"@type\":\"EntryPoint\",\"urlTemplate\":\"https:\\\/\\\/www.alasmedios.com\\\/?s={search_term_string}\"},\"query-input\":{\"@type\":\"PropertyValueSpecification\",\"valueRequired\":true,\"valueName\":\"search_term_string\"}}],\"inLanguage\":\"es\"},{\"@type\":\"Organization\",\"@id\":\"https:\\\/\\\/www.alasmedios.com\\\/#organization\",\"name\":\"Alas Medios\",\"url\":\"https:\\\/\\\/www.alasmedios.com\\\/\",\"logo\":{\"@type\":\"ImageObject\",\"inLanguage\":\"es\",\"@id\":\"https:\\\/\\\/www.alasmedios.com\\\/#\\\/schema\\\/logo\\\/image\\\/\",\"url\":\"https:\\\/\\\/www.alasmedios.com\\\/wp-content\\\/uploads\\\/2026\\\/01\\\/cropped-cropped-GAM-1.png\",\"contentUrl\":\"https:\\\/\\\/www.alasmedios.com\\\/wp-content\\\/uploads\\\/2026\\\/01\\\/cropped-cropped-GAM-1.png\",\"width\":467,\"height\":235,\"caption\":\"Alas Medios\"},\"image\":{\"@id\":\"https:\\\/\\\/www.alasmedios.com\\\/#\\\/schema\\\/logo\\\/image\\\/\"}},{\"@type\":\"Person\",\"@id\":\"https:\\\/\\\/www.alasmedios.com\\\/#\\\/schema\\\/person\\\/0ba31bdd19a05ebf5c7fef1fedf99c34\",\"name\":\"Keila Rodr\u00edguez Pe\u00f1a\",\"image\":{\"@type\":\"ImageObject\",\"inLanguage\":\"es\",\"@id\":\"https:\\\/\\\/secure.gravatar.com\\\/avatar\\\/a2553a2bfaa601b9d539b617c8793e151bdffb60f9e48a249912f86d4c9ebeef?s=96&d=mm&r=g\",\"url\":\"https:\\\/\\\/secure.gravatar.com\\\/avatar\\\/a2553a2bfaa601b9d539b617c8793e151bdffb60f9e48a249912f86d4c9ebeef?s=96&d=mm&r=g\",\"contentUrl\":\"https:\\\/\\\/secure.gravatar.com\\\/avatar\\\/a2553a2bfaa601b9d539b617c8793e151bdffb60f9e48a249912f86d4c9ebeef?s=96&d=mm&r=g\",\"caption\":\"Keila Rodr\u00edguez Pe\u00f1a\"},\"sameAs\":[\"http:\\\/\\\/www.alasmedios.com\"],\"url\":\"https:\\\/\\\/www.alasmedios.com\\\/index.php\\\/author\\\/keila\\\/\"}]}<\/script>\r\n<!-- \/ Yoast SEO plugin. -->","yoast_head_json":{"title":"Mural en Pachuca impulsa mensajes contra la violencia hacia mujeres","description":"Ni\u00f1as y ni\u00f1os dieron vida a un mural en el Callej\u00f3n del Viento, en Pachuca, una obra colectiva que busca promover una vida libre de violencia","robots":{"index":"index","follow":"follow","max-snippet":"max-snippet:-1","max-image-preview":"max-image-preview:large","max-video-preview":"max-video-preview:-1"},"canonical":"https:\/\/www.alasmedios.com\/index.php\/2026\/03\/07\/mural-en-pachuca-impulsa-mensajes-contra-la-violencia-hacia-mujeres\/","og_locale":"es_MX","og_type":"article","og_title":"Mural en Pachuca impulsa mensajes contra la violencia hacia mujeres","og_description":"Ni\u00f1as y ni\u00f1os dieron vida a un mural en el Callej\u00f3n del Viento, en Pachuca, una obra colectiva que busca promover una vida libre de violencia","og_url":"https:\/\/www.alasmedios.com\/index.php\/2026\/03\/07\/mural-en-pachuca-impulsa-mensajes-contra-la-violencia-hacia-mujeres\/","og_site_name":"Alas Medios","article_published_time":"2026-03-07T21:22:48+00:00","article_modified_time":"2026-03-07T21:23:26+00:00","og_image":[{"width":2048,"height":1306,"url":"https:\/\/www.alasmedios.com\/wp-content\/uploads\/2026\/03\/mural-Pachuca-violencia.jpg","type":"image\/jpeg"}],"author":"Keila Rodr\u00edguez Pe\u00f1a","twitter_card":"summary_large_image","twitter_misc":{"Escrito por":"Keila Rodr\u00edguez Pe\u00f1a","Tiempo de lectura":"2 minutos"},"schema":{"@context":"https:\/\/schema.org","@graph":[{"@type":"Article","@id":"https:\/\/www.alasmedios.com\/index.php\/2026\/03\/07\/mural-en-pachuca-impulsa-mensajes-contra-la-violencia-hacia-mujeres\/#article","isPartOf":{"@id":"https:\/\/www.alasmedios.com\/index.php\/2026\/03\/07\/mural-en-pachuca-impulsa-mensajes-contra-la-violencia-hacia-mujeres\/"},"author":{"name":"Keila Rodr\u00edguez Pe\u00f1a","@id":"https:\/\/www.alasmedios.com\/#\/schema\/person\/0ba31bdd19a05ebf5c7fef1fedf99c34"},"headline":"Mural en Pachuca impulsa mensajes contra la violencia hacia mujeres","datePublished":"2026-03-07T21:22:48+00:00","dateModified":"2026-03-07T21:23:26+00:00","mainEntityOfPage":{"@id":"https:\/\/www.alasmedios.com\/index.php\/2026\/03\/07\/mural-en-pachuca-impulsa-mensajes-contra-la-violencia-hacia-mujeres\/"},"wordCount":245,"commentCount":0,"publisher":{"@id":"https:\/\/www.alasmedios.com\/#organization"},"image":{"@id":"https:\/\/www.alasmedios.com\/index.php\/2026\/03\/07\/mural-en-pachuca-impulsa-mensajes-contra-la-violencia-hacia-mujeres\/#primaryimage"},"thumbnailUrl":"https:\/\/www.alasmedios.com\/wp-content\/uploads\/2026\/03\/mural-Pachuca-violencia.jpg","keywords":["Arte","Hidalgo","mural","Pachuca","violencia de g\u00e9nero"],"articleSection":["Hidalgo"],"inLanguage":"es","potentialAction":[{"@type":"CommentAction","name":"Comment","target":["https:\/\/www.alasmedios.com\/index.php\/2026\/03\/07\/mural-en-pachuca-impulsa-mensajes-contra-la-violencia-hacia-mujeres\/#respond"]}]},{"@type":"WebPage","@id":"https:\/\/www.alasmedios.com\/index.php\/2026\/03\/07\/mural-en-pachuca-impulsa-mensajes-contra-la-violencia-hacia-mujeres\/","url":"https:\/\/www.alasmedios.com\/index.php\/2026\/03\/07\/mural-en-pachuca-impulsa-mensajes-contra-la-violencia-hacia-mujeres\/","name":"Mural en Pachuca impulsa mensajes contra la violencia hacia mujeres","isPartOf":{"@id":"https:\/\/www.alasmedios.com\/#website"},"primaryImageOfPage":{"@id":"https:\/\/www.alasmedios.com\/index.php\/2026\/03\/07\/mural-en-pachuca-impulsa-mensajes-contra-la-violencia-hacia-mujeres\/#primaryimage"},"image":{"@id":"https:\/\/www.alasmedios.com\/index.php\/2026\/03\/07\/mural-en-pachuca-impulsa-mensajes-contra-la-violencia-hacia-mujeres\/#primaryimage"},"thumbnailUrl":"https:\/\/www.alasmedios.com\/wp-content\/uploads\/2026\/03\/mural-Pachuca-violencia.jpg","datePublished":"2026-03-07T21:22:48+00:00","dateModified":"2026-03-07T21:23:26+00:00","description":"Ni\u00f1as y ni\u00f1os dieron vida a un mural en el Callej\u00f3n del Viento, en Pachuca, una obra colectiva que busca promover una vida libre de violencia","breadcrumb":{"@id":"https:\/\/www.alasmedios.com\/index.php\/2026\/03\/07\/mural-en-pachuca-impulsa-mensajes-contra-la-violencia-hacia-mujeres\/#breadcrumb"},"inLanguage":"es","potentialAction":[{"@type":"ReadAction","target":["https:\/\/www.alasmedios.com\/index.php\/2026\/03\/07\/mural-en-pachuca-impulsa-mensajes-contra-la-violencia-hacia-mujeres\/"]}]},{"@type":"ImageObject","inLanguage":"es","@id":"https:\/\/www.alasmedios.com\/index.php\/2026\/03\/07\/mural-en-pachuca-impulsa-mensajes-contra-la-violencia-hacia-mujeres\/#primaryimage","url":"https:\/\/www.alasmedios.com\/wp-content\/uploads\/2026\/03\/mural-Pachuca-violencia.jpg","contentUrl":"https:\/\/www.alasmedios.com\/wp-content\/uploads\/2026\/03\/mural-Pachuca-violencia.jpg","width":2048,"height":1306},{"@type":"BreadcrumbList","@id":"https:\/\/www.alasmedios.com\/index.php\/2026\/03\/07\/mural-en-pachuca-impulsa-mensajes-contra-la-violencia-hacia-mujeres\/#breadcrumb","itemListElement":[{"@type":"ListItem","position":1,"name":"Inicio","item":"https:\/\/www.alasmedios.com\/"},{"@type":"ListItem","position":2,"name":"Mural en Pachuca impulsa mensajes contra la violencia hacia mujeres"}]},{"@type":"WebSite","@id":"https:\/\/www.alasmedios.com\/#website","url":"https:\/\/www.alasmedios.com\/","name":"Alas Medios","description":"Alas para pensar, Alas para volar, Alas de libertad","publisher":{"@id":"https:\/\/www.alasmedios.com\/#organization"},"potentialAction":[{"@type":"SearchAction","target":{"@type":"EntryPoint","urlTemplate":"https:\/\/www.alasmedios.com\/?s={search_term_string}"},"query-input":{"@type":"PropertyValueSpecification","valueRequired":true,"valueName":"search_term_string"}}],"inLanguage":"es"},{"@type":"Organization","@id":"https:\/\/www.alasmedios.com\/#organization","name":"Alas Medios","url":"https:\/\/www.alasmedios.com\/","logo":{"@type":"ImageObject","inLanguage":"es","@id":"https:\/\/www.alasmedios.com\/#\/schema\/logo\/image\/","url":"https:\/\/www.alasmedios.com\/wp-content\/uploads\/2026\/01\/cropped-cropped-GAM-1.png","contentUrl":"https:\/\/www.alasmedios.com\/wp-content\/uploads\/2026\/01\/cropped-cropped-GAM-1.png","width":467,"height":235,"caption":"Alas Medios"},"image":{"@id":"https:\/\/www.alasmedios.com\/#\/schema\/logo\/image\/"}},{"@type":"Person","@id":"https:\/\/www.alasmedios.com\/#\/schema\/person\/0ba31bdd19a05ebf5c7fef1fedf99c34","name":"Keila Rodr\u00edguez Pe\u00f1a","image":{"@type":"ImageObject","inLanguage":"es","@id":"https:\/\/secure.gravatar.com\/avatar\/a2553a2bfaa601b9d539b617c8793e151bdffb60f9e48a249912f86d4c9ebeef?s=96&d=mm&r=g","url":"https:\/\/secure.gravatar.com\/avatar\/a2553a2bfaa601b9d539b617c8793e151bdffb60f9e48a249912f86d4c9ebeef?s=96&d=mm&r=g","contentUrl":"https:\/\/secure.gravatar.com\/avatar\/a2553a2bfaa601b9d539b617c8793e151bdffb60f9e48a249912f86d4c9ebeef?s=96&d=mm&r=g","caption":"Keila Rodr\u00edguez Pe\u00f1a"},"sameAs":["http:\/\/www.alasmedios.com"],"url":"https:\/\/www.alasmedios.com\/index.php\/author\/keila\/"}]}},"_links":{"self":[{"href":"https:\/\/www.alasmedios.com\/index.php\/wp-json\/wp\/v2\/posts\/8135","targetHints":{"allow":["GET"]}}],"collection":[{"href":"https:\/\/www.alasmedios.com\/index.php\/wp-json\/wp\/v2\/posts"}],"about":[{"href":"https:\/\/www.alasmedios.com\/index.php\/wp-json\/wp\/v2\/types\/post"}],"author":[{"embeddable":true,"href":"https:\/\/www.alasmedios.com\/index.php\/wp-json\/wp\/v2\/users\/4"}],"replies":[{"embeddable":true,"href":"https:\/\/www.alasmedios.com\/index.php\/wp-json\/wp\/v2\/comments?post=8135"}],"version-history":[{"count":1,"href":"https:\/\/www.alasmedios.com\/index.php\/wp-json\/wp\/v2\/posts\/8135\/revisions"}],"predecessor-version":[{"id":8140,"href":"https:\/\/www.alasmedios.com\/index.php\/wp-json\/wp\/v2\/posts\/8135\/revisions\/8140"}],"wp:featuredmedia":[{"embeddable":true,"href":"https:\/\/www.alasmedios.com\/index.php\/wp-json\/wp\/v2\/media\/8136"}],"wp:attachment":[{"href":"https:\/\/www.alasmedios.com\/index.php\/wp-json\/wp\/v2\/media?parent=8135"}],"wp:term":[{"taxonomy":"category","embeddable":true,"href":"https:\/\/www.alasmedios.com\/index.php\/wp-json\/wp\/v2\/categories?post=8135"},{"taxonomy":"post_tag","embeddable":true,"href":"https:\/\/www.alasmedios.com\/index.php\/wp-json\/wp\/v2\/tags?post=8135"}],"curies":[{"name":"wp","href":"https:\/\/api.w.org\/{rel}","templated":true}]}}