{"id":8126,"date":"2026-03-06T17:22:00","date_gmt":"2026-03-06T23:22:00","guid":{"rendered":"https:\/\/www.alasmedios.com\/?p=8126"},"modified":"2026-03-06T13:34:41","modified_gmt":"2026-03-06T19:34:41","slug":"que-es-un-desorden-alimenticio-y-como-operan-las-comunidades-ana-y-mia","status":"publish","type":"post","link":"https:\/\/www.alasmedios.com\/index.php\/2026\/03\/06\/que-es-un-desorden-alimenticio-y-como-operan-las-comunidades-ana-y-mia\/","title":{"rendered":"Qu\u00e9 es un desorden alimenticio y c\u00f3mo operan las comunidades \u201cAna y M\u00eda\u201d"},"content":{"rendered":"\n<p>Los <strong>trastornos de la conducta alimentaria (TCA)<\/strong>, tambi\u00e9n llamados <strong>des\u00f3rdenes alimenticios<\/strong>, son enfermedades complejas que afectan la relaci\u00f3n de una persona con la comida, el peso y la imagen corporal. No se trata de simples \u201cdietas extremas\u201d, sino de <strong>trastornos psicol\u00f3gicos graves<\/strong> que pueden poner en riesgo la vida.<\/p>\n\n\n\n<p>De acuerdo con la <strong>Comisi\u00f3n Nacional de Salud Mental y Adicciones<\/strong>, los trastornos alimentarios se caracterizan por <strong>alteraciones graves y persistentes en las conductas alimentarias<\/strong>, acompa\u00f1adas de <strong>pensamientos y emociones intensas relacionadas con el peso y la comida<\/strong>. Estas condiciones pueden afectar la salud f\u00edsica, mental y social de quienes las padecen.<\/p>\n\n\n\n<p>Entre los diagn\u00f3sticos m\u00e1s conocidos se encuentran la <strong>anorexia nerviosa<\/strong>, la <strong>bulimia nerviosa<\/strong> y el <strong>trastorno por atrac\u00f3n<\/strong>, aunque existen otras variantes cl\u00ednicas reconocidas por especialistas.<\/p>\n\n\n\n<p>CONTIN\u00daA LEYENDO: <a href=\"https:\/\/www.alasmedios.com\/index.php\/2026\/03\/06\/efecto-rebote-de-ozempic-pacientes-recuperan-hasta-60-del-peso-perdido\/\" type=\"post\" id=\"8106\">\u201cEfecto rebote\u201d de Ozempic: pacientes recuperan hasta 60% del peso perdido<\/a><\/p>\n\n\n\n<h3 class=\"wp-block-heading\">Cuando comer se convierte en una lucha<\/h3>\n\n\n\n<p>La <strong>anorexia nerviosa<\/strong> se caracteriza por un <strong>miedo intenso a subir de peso<\/strong> y por la <strong>restricci\u00f3n extrema de alimentos<\/strong>, lo que puede provocar desnutrici\u00f3n severa y problemas m\u00e9dicos graves.<\/p>\n\n\n\n<p>En contraste, la <strong>bulimia nerviosa<\/strong> suele manifestarse mediante <strong>episodios de atracones seguidos de conductas compensatorias<\/strong>, como provocar el v\u00f3mito, abusar de laxantes o realizar ejercicio excesivo para evitar el aumento de peso.<\/p>\n\n\n\n<blockquote class=\"tiktok-embed\" cite=\"https:\/\/www.tiktok.com\/@alasmedios\/video\/7613964575683169556\" data-video-id=\"7613964575683169556\" style=\"max-width: 605px;min-width: 325px;\" > <section> <a target=\"_blank\" title=\"@alasmedios\" href=\"https:\/\/www.tiktok.com\/@alasmedios?refer=embed\">@alasmedios<\/a> \ud83d\udfe3 <a title=\"rumboal8m\" target=\"_blank\" href=\"https:\/\/www.tiktok.com\/tag\/rumboal8m?refer=embed\">#RumboAl8M<\/a> te recomendamos escuchar la canci\u00f3n \u201cAna y M\u00eda\u201d de <a title=\"mu\u00f1eki77a\" target=\"_blank\" href=\"https:\/\/www.tiktok.com\/tag\/mu%C3%B1eki77a?refer=embed\">#Mu\u00f1eki77A<\/a>, sobre <a title=\"des\u00f3rdenesalimenticios\" target=\"_blank\" href=\"https:\/\/www.tiktok.com\/tag\/des%C3%B3rdenesalimenticios?refer=embed\">#Des\u00f3rdenesAlimenticios<\/a>  <a title=\"m\u00fasica\" target=\"_blank\" href=\"https:\/\/www.tiktok.com\/tag\/m%C3%BAsica?refer=embed\">#m\u00fasica<\/a> <a title=\"8m\" target=\"_blank\" href=\"https:\/\/www.tiktok.com\/tag\/8m?refer=embed\">#8M<\/a> <a target=\"_blank\" title=\"\u266c sonido original - AlasMedios\" href=\"https:\/\/www.tiktok.com\/music\/sonido-original-7613964668914141972?refer=embed\">\u266c sonido original &#8211; AlasMedios<\/a> <\/section> <\/blockquote> <script async src=\"https:\/\/www.tiktok.com\/embed.js\"><\/script>\n\n\n\n<p>Estos trastornos <strong>pueden comenzar en la adolescencia<\/strong>, etapa en la que la presi\u00f3n social, la construcci\u00f3n de la identidad y los est\u00e1ndares de belleza influyen con mayor fuerza.<\/p>\n\n\n\n<p>Adem\u00e1s, se consideran especialmente peligrosos porque <strong>tienen una de las tasas de mortalidad m\u00e1s altas entre las enfermedades psiqui\u00e1tricas<\/strong>, debido tanto a complicaciones f\u00edsicas como a problemas asociados como depresi\u00f3n o ansiedad.<\/p>\n\n\n\n<h3 class=\"wp-block-heading\">\u201cAna y M\u00eda\u201d: cuando el trastorno se romantiza<\/h3>\n\n\n\n<p>En internet circulan comunidades conocidas como <strong>\u201cAna y M\u00eda\u201d<\/strong>, t\u00e9rminos utilizados para referirse a <strong>la anorexia (\u201cAna\u201d) y la bulimia (\u201cM\u00eda\u201d)<\/strong> como si fueran identidades o estilos de vida.<\/p>\n\n\n\n<p>TE PUEDE INTERESAR: <a href=\"https:\/\/www.alasmedios.com\/index.php\/2026\/03\/05\/las-ninas-no-deberian-ser-madres-alerta-de-genero\/\" type=\"post\" id=\"8099\">Las ni\u00f1as no deber\u00edan ser madres: alerta de g\u00e9nero<\/a><\/p>\n\n\n\n<p>Estos espacios, presentes desde antiguos foros hasta redes sociales actuales, comparten <strong>consejos para restringir alimentos, ocultar conductas alimentarias peligrosas o mantener pesos extremadamente bajos<\/strong>. Especialistas advierten que estos contenidos <strong>pueden incentivar y normalizar pr\u00e1cticas da\u00f1inas<\/strong>, especialmente entre adolescentes.<\/p>\n\n\n\n<p>Incluso cuando estas comunidades han sido restringidas por plataformas digitales, muchas reaparecen mediante <strong>c\u00f3digos, hashtags o contenidos disfrazados<\/strong>, lo que dificulta su detecci\u00f3n y control.<\/p>\n\n\n\n<h3 class=\"wp-block-heading\">Un problema de salud que requiere atenci\u00f3n<\/h3>\n\n\n\n<p>Los <strong>trastornos alimenticios no son una cuesti\u00f3n de voluntad<\/strong>, sino <strong>enfermedades complejas que requieren atenci\u00f3n m\u00e9dica y psicol\u00f3gica<\/strong>.<\/p>\n\n\n\n<p>Detectar se\u00f1ales de alerta \u2014como <strong>obsesi\u00f3n con el peso, miedo intenso a comer, atracones recurrentes o conductas de purga<\/strong>\u2014 puede ser clave para buscar ayuda temprana y evitar complicaciones.<\/p>\n\n\n\n<p>CONTIN\u00daA LEYENDO: <a href=\"https:\/\/www.alasmedios.com\/index.php\/2026\/03\/05\/primera-marcha-del-8m-que-esperar-y-que-llevar\/\" type=\"post\" id=\"8102\">Primera marcha del 8M: qu\u00e9 esperar y qu\u00e9 llevar<\/a><\/p>\n\n\n\n<p>La presi\u00f3n est\u00e9tica y la desinformaci\u00f3n circulan con rapidez, es menester <strong>informar, prevenir y hablar abiertamente sobre los trastornos alimentarios<\/strong>, para evitar que el silencio siga alimentando una enfermedad que muchas veces permanece oculta.<\/p>\n\n\n<ul class=\"wp-block-latest-posts__list is-grid columns-3 wp-block-latest-posts\"><li><div class=\"wp-block-latest-posts__featured-image\"><img loading=\"lazy\" decoding=\"async\" width=\"150\" height=\"150\" src=\"https:\/\/www.alasmedios.com\/wp-content\/uploads\/2026\/04\/Argentina-decomisan-bienes-Cristina-Kirchner-150x150.png\" class=\"attachment-thumbnail size-thumbnail wp-post-image\" alt=\"\" style=\"\" \/><\/div><a class=\"wp-block-latest-posts__post-title\" href=\"https:\/\/www.alasmedios.com\/index.php\/2026\/04\/25\/caso-vialidad-argentina-ratifica-decomiso-millonario-a-cristina-kirchner\/\">Caso Vialidad: Argentina ratifica decomiso millonario a Cristina Kirchner<\/a><\/li>\n<li><div class=\"wp-block-latest-posts__featured-image\"><img loading=\"lazy\" decoding=\"async\" width=\"150\" height=\"150\" src=\"https:\/\/www.alasmedios.com\/wp-content\/uploads\/2026\/04\/Puebla-desaparecida-Aguascalientes-150x150.jpeg\" class=\"attachment-thumbnail size-thumbnail wp-post-image\" alt=\"\" style=\"\" \/><\/div><a class=\"wp-block-latest-posts__post-title\" href=\"https:\/\/www.alasmedios.com\/index.php\/2026\/04\/25\/localizan-con-vida-en-aguascalientes-a-adolescente-desaparecida-en-puebla\/\">Localizan con vida en Aguascalientes a adolescente desaparecida en Puebla<\/a><\/li>\n<li><div class=\"wp-block-latest-posts__featured-image\"><img loading=\"lazy\" decoding=\"async\" width=\"150\" height=\"150\" src=\"https:\/\/www.alasmedios.com\/wp-content\/uploads\/2026\/04\/podio-de-la-Copa-del-Mundo-de-Ciclismo-150x150.jpg\" class=\"attachment-thumbnail size-thumbnail wp-post-image\" alt=\"\" style=\"\" \/><\/div><a class=\"wp-block-latest-posts__post-title\" href=\"https:\/\/www.alasmedios.com\/index.php\/2026\/04\/25\/mexico-arranca-con-doble-podio-en-la-copa-del-mundo-de-pista-en-malasia\/\">M\u00e9xico arranca con doble podio en la Copa del Mundo de Pista en Malasia<\/a><\/li>\n<\/ul>","protected":false},"excerpt":{"rendered":"<p>Los trastornos de la conducta alimentaria (TCA), tambi\u00e9n llamados des\u00f3rdenes alimenticios, son enfermedades complejas que afectan la relaci\u00f3n de una<\/p>\n","protected":false},"author":4,"featured_media":8127,"comment_status":"open","ping_status":"open","sticky":false,"template":"","format":"standard","meta":{"colormag_page_container_layout":"default_layout","colormag_page_sidebar_layout":"default_layout","rop_custom_images_group":[],"rop_custom_messages_group":[],"rop_publish_now":"initial","rop_publish_now_accounts":[],"rop_publish_now_history":[],"rop_publish_now_status":"pending","iawp_total_views":2,"footnotes":""},"categories":[45,42],"tags":[3446,136,3447],"class_list":["post-8126","post","type-post","status-publish","format-standard","has-post-thumbnail","hentry","category-ellas-dicen","category-familia_salud","tag-desordenes-alimenticios","tag-salud","tag-tca"],"magazineBlocksPostFeaturedMedia":{"thumbnail":"https:\/\/www.alasmedios.com\/wp-content\/uploads\/2026\/03\/desordenes-alimenticios-150x150.png","medium":"https:\/\/www.alasmedios.com\/wp-content\/uploads\/2026\/03\/desordenes-alimenticios-300x182.png","medium_large":"https:\/\/www.alasmedios.com\/wp-content\/uploads\/2026\/03\/desordenes-alimenticios-768x466.png","large":"https:\/\/www.alasmedios.com\/wp-content\/uploads\/2026\/03\/desordenes-alimenticios-1024x622.png","1536x1536":"https:\/\/www.alasmedios.com\/wp-content\/uploads\/2026\/03\/desordenes-alimenticios-1536x932.png","2048x2048":"https:\/\/www.alasmedios.com\/wp-content\/uploads\/2026\/03\/desordenes-alimenticios.png","colormag-highlighted-post":"https:\/\/www.alasmedios.com\/wp-content\/uploads\/2026\/03\/desordenes-alimenticios-392x272.png","colormag-featured-post-medium":"https:\/\/www.alasmedios.com\/wp-content\/uploads\/2026\/03\/desordenes-alimenticios-390x205.png","colormag-featured-post-small":"https:\/\/www.alasmedios.com\/wp-content\/uploads\/2026\/03\/desordenes-alimenticios-130x90.png","colormag-featured-image":"https:\/\/www.alasmedios.com\/wp-content\/uploads\/2026\/03\/desordenes-alimenticios-800x445.png","colormag-default-news":"https:\/\/www.alasmedios.com\/wp-content\/uploads\/2026\/03\/desordenes-alimenticios-150x150.png","colormag-featured-image-large":"https:\/\/www.alasmedios.com\/wp-content\/uploads\/2026\/03\/desordenes-alimenticios-1400x600.png"},"magazineBlocksPostAuthor":{"name":"Keila Rodr\u00edguez Pe\u00f1a","avatar":"https:\/\/secure.gravatar.com\/avatar\/a2553a2bfaa601b9d539b617c8793e151bdffb60f9e48a249912f86d4c9ebeef?s=96&d=mm&r=g"},"magazineBlocksPostCommentsNumber":"0","magazineBlocksPostExcerpt":"Los trastornos de la conducta alimentaria (TCA), tambi\u00e9n llamados des\u00f3rdenes alimenticios, son enfermedades complejas que afectan la relaci\u00f3n de una","magazineBlocksPostCategories":["Ellas Dicen","Familia y Bienestar"],"magazineBlocksPostViewCount":26,"magazineBlocksPostReadTime":3,"magazine_blocks_featured_image_url":{"full":["https:\/\/www.alasmedios.com\/wp-content\/uploads\/2026\/03\/desordenes-alimenticios.png",2000,1214,false],"medium":["https:\/\/www.alasmedios.com\/wp-content\/uploads\/2026\/03\/desordenes-alimenticios-300x182.png",300,182,true],"thumbnail":["https:\/\/www.alasmedios.com\/wp-content\/uploads\/2026\/03\/desordenes-alimenticios-150x150.png",150,150,true]},"magazine_blocks_author":{"display_name":"Keila Rodr\u00edguez Pe\u00f1a","author_link":"https:\/\/www.alasmedios.com\/index.php\/author\/keila\/"},"magazine_blocks_comment":0,"magazine_blocks_author_image":"https:\/\/secure.gravatar.com\/avatar\/a2553a2bfaa601b9d539b617c8793e151bdffb60f9e48a249912f86d4c9ebeef?s=96&d=mm&r=g","magazine_blocks_category":"<a href=\"#\" class=\"category-link category-link-45\">Ellas Dicen<\/a> <a href=\"#\" class=\"category-link category-link-42\">Familia y Bienestar<\/a>","yoast_head":"<!-- This site is optimized with the Yoast SEO plugin v27.4 - https:\/\/yoast.com\/product\/yoast-seo-wordpress\/ -->\r\n<title>Qu\u00e9 es un desorden alimenticio y c\u00f3mo operan las comunidades \u201cAna y M\u00eda\u201d<\/title>\r\n<meta name=\"description\" content=\"Los des\u00f3rdenes alimenticios, son enfermedades complejas que afectan la relaci\u00f3n de una persona con la comida, el peso y la imagen corporal\" \/>\r\n<meta name=\"robots\" content=\"index, follow, max-snippet:-1, max-image-preview:large, max-video-preview:-1\" \/>\r\n<link rel=\"canonical\" href=\"https:\/\/www.alasmedios.com\/index.php\/2026\/03\/06\/que-es-un-desorden-alimenticio-y-como-operan-las-comunidades-ana-y-mia\/\" \/>\r\n<meta property=\"og:locale\" content=\"es_MX\" \/>\r\n<meta property=\"og:type\" content=\"article\" \/>\r\n<meta property=\"og:title\" content=\"Qu\u00e9 es un desorden alimenticio y c\u00f3mo operan las comunidades \u201cAna y M\u00eda\u201d\" \/>\r\n<meta property=\"og:description\" content=\"Los des\u00f3rdenes alimenticios, son enfermedades complejas que afectan la relaci\u00f3n de una persona con la comida, el peso y la imagen corporal\" \/>\r\n<meta property=\"og:url\" content=\"https:\/\/www.alasmedios.com\/index.php\/2026\/03\/06\/que-es-un-desorden-alimenticio-y-como-operan-las-comunidades-ana-y-mia\/\" \/>\r\n<meta property=\"og:site_name\" content=\"Alas Medios\" \/>\r\n<meta property=\"article:published_time\" content=\"2026-03-06T23:22:00+00:00\" \/>\r\n<meta property=\"og:image\" content=\"https:\/\/www.alasmedios.com\/wp-content\/uploads\/2026\/03\/desordenes-alimenticios-1024x622.png\" \/>\r\n\t<meta property=\"og:image:width\" content=\"1024\" \/>\r\n\t<meta property=\"og:image:height\" content=\"622\" \/>\r\n\t<meta property=\"og:image:type\" content=\"image\/png\" \/>\r\n<meta name=\"author\" content=\"Keila Rodr\u00edguez Pe\u00f1a\" \/>\r\n<meta name=\"twitter:card\" content=\"summary_large_image\" \/>\r\n<meta name=\"twitter:label1\" content=\"Escrito por\" \/>\n\t<meta name=\"twitter:data1\" content=\"Keila Rodr\u00edguez Pe\u00f1a\" \/>\n\t<meta name=\"twitter:label2\" content=\"Tiempo de lectura\" \/>\n\t<meta name=\"twitter:data2\" content=\"3 minutos\" \/>\r\n<script type=\"application\/ld+json\" class=\"yoast-schema-graph\">{\"@context\":\"https:\\\/\\\/schema.org\",\"@graph\":[{\"@type\":\"Article\",\"@id\":\"https:\\\/\\\/www.alasmedios.com\\\/index.php\\\/2026\\\/03\\\/06\\\/que-es-un-desorden-alimenticio-y-como-operan-las-comunidades-ana-y-mia\\\/#article\",\"isPartOf\":{\"@id\":\"https:\\\/\\\/www.alasmedios.com\\\/index.php\\\/2026\\\/03\\\/06\\\/que-es-un-desorden-alimenticio-y-como-operan-las-comunidades-ana-y-mia\\\/\"},\"author\":{\"name\":\"Keila Rodr\u00edguez Pe\u00f1a\",\"@id\":\"https:\\\/\\\/www.alasmedios.com\\\/#\\\/schema\\\/person\\\/0ba31bdd19a05ebf5c7fef1fedf99c34\"},\"headline\":\"Qu\u00e9 es un desorden alimenticio y c\u00f3mo operan las comunidades \u201cAna y M\u00eda\u201d\",\"datePublished\":\"2026-03-06T23:22:00+00:00\",\"mainEntityOfPage\":{\"@id\":\"https:\\\/\\\/www.alasmedios.com\\\/index.php\\\/2026\\\/03\\\/06\\\/que-es-un-desorden-alimenticio-y-como-operan-las-comunidades-ana-y-mia\\\/\"},\"wordCount\":567,\"commentCount\":0,\"publisher\":{\"@id\":\"https:\\\/\\\/www.alasmedios.com\\\/#organization\"},\"image\":{\"@id\":\"https:\\\/\\\/www.alasmedios.com\\\/index.php\\\/2026\\\/03\\\/06\\\/que-es-un-desorden-alimenticio-y-como-operan-las-comunidades-ana-y-mia\\\/#primaryimage\"},\"thumbnailUrl\":\"https:\\\/\\\/www.alasmedios.com\\\/wp-content\\\/uploads\\\/2026\\\/03\\\/desordenes-alimenticios.png\",\"keywords\":[\"des\u00f3rdenes alimenticios\",\"Salud\",\"TCA\"],\"articleSection\":[\"Ellas Dicen\",\"Familia y Bienestar\"],\"inLanguage\":\"es\",\"potentialAction\":[{\"@type\":\"CommentAction\",\"name\":\"Comment\",\"target\":[\"https:\\\/\\\/www.alasmedios.com\\\/index.php\\\/2026\\\/03\\\/06\\\/que-es-un-desorden-alimenticio-y-como-operan-las-comunidades-ana-y-mia\\\/#respond\"]}]},{\"@type\":\"WebPage\",\"@id\":\"https:\\\/\\\/www.alasmedios.com\\\/index.php\\\/2026\\\/03\\\/06\\\/que-es-un-desorden-alimenticio-y-como-operan-las-comunidades-ana-y-mia\\\/\",\"url\":\"https:\\\/\\\/www.alasmedios.com\\\/index.php\\\/2026\\\/03\\\/06\\\/que-es-un-desorden-alimenticio-y-como-operan-las-comunidades-ana-y-mia\\\/\",\"name\":\"Qu\u00e9 es un desorden alimenticio y c\u00f3mo operan las comunidades \u201cAna y M\u00eda\u201d\",\"isPartOf\":{\"@id\":\"https:\\\/\\\/www.alasmedios.com\\\/#website\"},\"primaryImageOfPage\":{\"@id\":\"https:\\\/\\\/www.alasmedios.com\\\/index.php\\\/2026\\\/03\\\/06\\\/que-es-un-desorden-alimenticio-y-como-operan-las-comunidades-ana-y-mia\\\/#primaryimage\"},\"image\":{\"@id\":\"https:\\\/\\\/www.alasmedios.com\\\/index.php\\\/2026\\\/03\\\/06\\\/que-es-un-desorden-alimenticio-y-como-operan-las-comunidades-ana-y-mia\\\/#primaryimage\"},\"thumbnailUrl\":\"https:\\\/\\\/www.alasmedios.com\\\/wp-content\\\/uploads\\\/2026\\\/03\\\/desordenes-alimenticios.png\",\"datePublished\":\"2026-03-06T23:22:00+00:00\",\"description\":\"Los des\u00f3rdenes alimenticios, son enfermedades complejas que afectan la relaci\u00f3n de una persona con la comida, el peso y la imagen corporal\",\"breadcrumb\":{\"@id\":\"https:\\\/\\\/www.alasmedios.com\\\/index.php\\\/2026\\\/03\\\/06\\\/que-es-un-desorden-alimenticio-y-como-operan-las-comunidades-ana-y-mia\\\/#breadcrumb\"},\"inLanguage\":\"es\",\"potentialAction\":[{\"@type\":\"ReadAction\",\"target\":[\"https:\\\/\\\/www.alasmedios.com\\\/index.php\\\/2026\\\/03\\\/06\\\/que-es-un-desorden-alimenticio-y-como-operan-las-comunidades-ana-y-mia\\\/\"]}]},{\"@type\":\"ImageObject\",\"inLanguage\":\"es\",\"@id\":\"https:\\\/\\\/www.alasmedios.com\\\/index.php\\\/2026\\\/03\\\/06\\\/que-es-un-desorden-alimenticio-y-como-operan-las-comunidades-ana-y-mia\\\/#primaryimage\",\"url\":\"https:\\\/\\\/www.alasmedios.com\\\/wp-content\\\/uploads\\\/2026\\\/03\\\/desordenes-alimenticios.png\",\"contentUrl\":\"https:\\\/\\\/www.alasmedios.com\\\/wp-content\\\/uploads\\\/2026\\\/03\\\/desordenes-alimenticios.png\",\"width\":2000,\"height\":1214},{\"@type\":\"BreadcrumbList\",\"@id\":\"https:\\\/\\\/www.alasmedios.com\\\/index.php\\\/2026\\\/03\\\/06\\\/que-es-un-desorden-alimenticio-y-como-operan-las-comunidades-ana-y-mia\\\/#breadcrumb\",\"itemListElement\":[{\"@type\":\"ListItem\",\"position\":1,\"name\":\"Inicio\",\"item\":\"https:\\\/\\\/www.alasmedios.com\\\/\"},{\"@type\":\"ListItem\",\"position\":2,\"name\":\"Qu\u00e9 es un desorden alimenticio y c\u00f3mo operan las comunidades \u201cAna y M\u00eda\u201d\"}]},{\"@type\":\"WebSite\",\"@id\":\"https:\\\/\\\/www.alasmedios.com\\\/#website\",\"url\":\"https:\\\/\\\/www.alasmedios.com\\\/\",\"name\":\"Alas Medios\",\"description\":\"Alas para pensar, Alas para volar, Alas de libertad\",\"publisher\":{\"@id\":\"https:\\\/\\\/www.alasmedios.com\\\/#organization\"},\"potentialAction\":[{\"@type\":\"SearchAction\",\"target\":{\"@type\":\"EntryPoint\",\"urlTemplate\":\"https:\\\/\\\/www.alasmedios.com\\\/?s={search_term_string}\"},\"query-input\":{\"@type\":\"PropertyValueSpecification\",\"valueRequired\":true,\"valueName\":\"search_term_string\"}}],\"inLanguage\":\"es\"},{\"@type\":\"Organization\",\"@id\":\"https:\\\/\\\/www.alasmedios.com\\\/#organization\",\"name\":\"Alas Medios\",\"url\":\"https:\\\/\\\/www.alasmedios.com\\\/\",\"logo\":{\"@type\":\"ImageObject\",\"inLanguage\":\"es\",\"@id\":\"https:\\\/\\\/www.alasmedios.com\\\/#\\\/schema\\\/logo\\\/image\\\/\",\"url\":\"https:\\\/\\\/www.alasmedios.com\\\/wp-content\\\/uploads\\\/2026\\\/01\\\/cropped-cropped-GAM-1.png\",\"contentUrl\":\"https:\\\/\\\/www.alasmedios.com\\\/wp-content\\\/uploads\\\/2026\\\/01\\\/cropped-cropped-GAM-1.png\",\"width\":467,\"height\":235,\"caption\":\"Alas Medios\"},\"image\":{\"@id\":\"https:\\\/\\\/www.alasmedios.com\\\/#\\\/schema\\\/logo\\\/image\\\/\"}},{\"@type\":\"Person\",\"@id\":\"https:\\\/\\\/www.alasmedios.com\\\/#\\\/schema\\\/person\\\/0ba31bdd19a05ebf5c7fef1fedf99c34\",\"name\":\"Keila Rodr\u00edguez Pe\u00f1a\",\"image\":{\"@type\":\"ImageObject\",\"inLanguage\":\"es\",\"@id\":\"https:\\\/\\\/secure.gravatar.com\\\/avatar\\\/a2553a2bfaa601b9d539b617c8793e151bdffb60f9e48a249912f86d4c9ebeef?s=96&d=mm&r=g\",\"url\":\"https:\\\/\\\/secure.gravatar.com\\\/avatar\\\/a2553a2bfaa601b9d539b617c8793e151bdffb60f9e48a249912f86d4c9ebeef?s=96&d=mm&r=g\",\"contentUrl\":\"https:\\\/\\\/secure.gravatar.com\\\/avatar\\\/a2553a2bfaa601b9d539b617c8793e151bdffb60f9e48a249912f86d4c9ebeef?s=96&d=mm&r=g\",\"caption\":\"Keila Rodr\u00edguez Pe\u00f1a\"},\"sameAs\":[\"http:\\\/\\\/www.alasmedios.com\"],\"url\":\"https:\\\/\\\/www.alasmedios.com\\\/index.php\\\/author\\\/keila\\\/\"}]}<\/script>\r\n<!-- \/ Yoast SEO plugin. -->","yoast_head_json":{"title":"Qu\u00e9 es un desorden alimenticio y c\u00f3mo operan las comunidades \u201cAna y M\u00eda\u201d","description":"Los des\u00f3rdenes alimenticios, son enfermedades complejas que afectan la relaci\u00f3n de una persona con la comida, el peso y la imagen corporal","robots":{"index":"index","follow":"follow","max-snippet":"max-snippet:-1","max-image-preview":"max-image-preview:large","max-video-preview":"max-video-preview:-1"},"canonical":"https:\/\/www.alasmedios.com\/index.php\/2026\/03\/06\/que-es-un-desorden-alimenticio-y-como-operan-las-comunidades-ana-y-mia\/","og_locale":"es_MX","og_type":"article","og_title":"Qu\u00e9 es un desorden alimenticio y c\u00f3mo operan las comunidades \u201cAna y M\u00eda\u201d","og_description":"Los des\u00f3rdenes alimenticios, son enfermedades complejas que afectan la relaci\u00f3n de una persona con la comida, el peso y la imagen corporal","og_url":"https:\/\/www.alasmedios.com\/index.php\/2026\/03\/06\/que-es-un-desorden-alimenticio-y-como-operan-las-comunidades-ana-y-mia\/","og_site_name":"Alas Medios","article_published_time":"2026-03-06T23:22:00+00:00","og_image":[{"width":1024,"height":622,"url":"https:\/\/www.alasmedios.com\/wp-content\/uploads\/2026\/03\/desordenes-alimenticios-1024x622.png","type":"image\/png"}],"author":"Keila Rodr\u00edguez Pe\u00f1a","twitter_card":"summary_large_image","twitter_misc":{"Escrito por":"Keila Rodr\u00edguez Pe\u00f1a","Tiempo de lectura":"3 minutos"},"schema":{"@context":"https:\/\/schema.org","@graph":[{"@type":"Article","@id":"https:\/\/www.alasmedios.com\/index.php\/2026\/03\/06\/que-es-un-desorden-alimenticio-y-como-operan-las-comunidades-ana-y-mia\/#article","isPartOf":{"@id":"https:\/\/www.alasmedios.com\/index.php\/2026\/03\/06\/que-es-un-desorden-alimenticio-y-como-operan-las-comunidades-ana-y-mia\/"},"author":{"name":"Keila Rodr\u00edguez Pe\u00f1a","@id":"https:\/\/www.alasmedios.com\/#\/schema\/person\/0ba31bdd19a05ebf5c7fef1fedf99c34"},"headline":"Qu\u00e9 es un desorden alimenticio y c\u00f3mo operan las comunidades \u201cAna y M\u00eda\u201d","datePublished":"2026-03-06T23:22:00+00:00","mainEntityOfPage":{"@id":"https:\/\/www.alasmedios.com\/index.php\/2026\/03\/06\/que-es-un-desorden-alimenticio-y-como-operan-las-comunidades-ana-y-mia\/"},"wordCount":567,"commentCount":0,"publisher":{"@id":"https:\/\/www.alasmedios.com\/#organization"},"image":{"@id":"https:\/\/www.alasmedios.com\/index.php\/2026\/03\/06\/que-es-un-desorden-alimenticio-y-como-operan-las-comunidades-ana-y-mia\/#primaryimage"},"thumbnailUrl":"https:\/\/www.alasmedios.com\/wp-content\/uploads\/2026\/03\/desordenes-alimenticios.png","keywords":["des\u00f3rdenes alimenticios","Salud","TCA"],"articleSection":["Ellas Dicen","Familia y Bienestar"],"inLanguage":"es","potentialAction":[{"@type":"CommentAction","name":"Comment","target":["https:\/\/www.alasmedios.com\/index.php\/2026\/03\/06\/que-es-un-desorden-alimenticio-y-como-operan-las-comunidades-ana-y-mia\/#respond"]}]},{"@type":"WebPage","@id":"https:\/\/www.alasmedios.com\/index.php\/2026\/03\/06\/que-es-un-desorden-alimenticio-y-como-operan-las-comunidades-ana-y-mia\/","url":"https:\/\/www.alasmedios.com\/index.php\/2026\/03\/06\/que-es-un-desorden-alimenticio-y-como-operan-las-comunidades-ana-y-mia\/","name":"Qu\u00e9 es un desorden alimenticio y c\u00f3mo operan las comunidades \u201cAna y M\u00eda\u201d","isPartOf":{"@id":"https:\/\/www.alasmedios.com\/#website"},"primaryImageOfPage":{"@id":"https:\/\/www.alasmedios.com\/index.php\/2026\/03\/06\/que-es-un-desorden-alimenticio-y-como-operan-las-comunidades-ana-y-mia\/#primaryimage"},"image":{"@id":"https:\/\/www.alasmedios.com\/index.php\/2026\/03\/06\/que-es-un-desorden-alimenticio-y-como-operan-las-comunidades-ana-y-mia\/#primaryimage"},"thumbnailUrl":"https:\/\/www.alasmedios.com\/wp-content\/uploads\/2026\/03\/desordenes-alimenticios.png","datePublished":"2026-03-06T23:22:00+00:00","description":"Los des\u00f3rdenes alimenticios, son enfermedades complejas que afectan la relaci\u00f3n de una persona con la comida, el peso y la imagen corporal","breadcrumb":{"@id":"https:\/\/www.alasmedios.com\/index.php\/2026\/03\/06\/que-es-un-desorden-alimenticio-y-como-operan-las-comunidades-ana-y-mia\/#breadcrumb"},"inLanguage":"es","potentialAction":[{"@type":"ReadAction","target":["https:\/\/www.alasmedios.com\/index.php\/2026\/03\/06\/que-es-un-desorden-alimenticio-y-como-operan-las-comunidades-ana-y-mia\/"]}]},{"@type":"ImageObject","inLanguage":"es","@id":"https:\/\/www.alasmedios.com\/index.php\/2026\/03\/06\/que-es-un-desorden-alimenticio-y-como-operan-las-comunidades-ana-y-mia\/#primaryimage","url":"https:\/\/www.alasmedios.com\/wp-content\/uploads\/2026\/03\/desordenes-alimenticios.png","contentUrl":"https:\/\/www.alasmedios.com\/wp-content\/uploads\/2026\/03\/desordenes-alimenticios.png","width":2000,"height":1214},{"@type":"BreadcrumbList","@id":"https:\/\/www.alasmedios.com\/index.php\/2026\/03\/06\/que-es-un-desorden-alimenticio-y-como-operan-las-comunidades-ana-y-mia\/#breadcrumb","itemListElement":[{"@type":"ListItem","position":1,"name":"Inicio","item":"https:\/\/www.alasmedios.com\/"},{"@type":"ListItem","position":2,"name":"Qu\u00e9 es un desorden alimenticio y c\u00f3mo operan las comunidades \u201cAna y M\u00eda\u201d"}]},{"@type":"WebSite","@id":"https:\/\/www.alasmedios.com\/#website","url":"https:\/\/www.alasmedios.com\/","name":"Alas Medios","description":"Alas para pensar, Alas para volar, Alas de libertad","publisher":{"@id":"https:\/\/www.alasmedios.com\/#organization"},"potentialAction":[{"@type":"SearchAction","target":{"@type":"EntryPoint","urlTemplate":"https:\/\/www.alasmedios.com\/?s={search_term_string}"},"query-input":{"@type":"PropertyValueSpecification","valueRequired":true,"valueName":"search_term_string"}}],"inLanguage":"es"},{"@type":"Organization","@id":"https:\/\/www.alasmedios.com\/#organization","name":"Alas Medios","url":"https:\/\/www.alasmedios.com\/","logo":{"@type":"ImageObject","inLanguage":"es","@id":"https:\/\/www.alasmedios.com\/#\/schema\/logo\/image\/","url":"https:\/\/www.alasmedios.com\/wp-content\/uploads\/2026\/01\/cropped-cropped-GAM-1.png","contentUrl":"https:\/\/www.alasmedios.com\/wp-content\/uploads\/2026\/01\/cropped-cropped-GAM-1.png","width":467,"height":235,"caption":"Alas Medios"},"image":{"@id":"https:\/\/www.alasmedios.com\/#\/schema\/logo\/image\/"}},{"@type":"Person","@id":"https:\/\/www.alasmedios.com\/#\/schema\/person\/0ba31bdd19a05ebf5c7fef1fedf99c34","name":"Keila Rodr\u00edguez Pe\u00f1a","image":{"@type":"ImageObject","inLanguage":"es","@id":"https:\/\/secure.gravatar.com\/avatar\/a2553a2bfaa601b9d539b617c8793e151bdffb60f9e48a249912f86d4c9ebeef?s=96&d=mm&r=g","url":"https:\/\/secure.gravatar.com\/avatar\/a2553a2bfaa601b9d539b617c8793e151bdffb60f9e48a249912f86d4c9ebeef?s=96&d=mm&r=g","contentUrl":"https:\/\/secure.gravatar.com\/avatar\/a2553a2bfaa601b9d539b617c8793e151bdffb60f9e48a249912f86d4c9ebeef?s=96&d=mm&r=g","caption":"Keila Rodr\u00edguez Pe\u00f1a"},"sameAs":["http:\/\/www.alasmedios.com"],"url":"https:\/\/www.alasmedios.com\/index.php\/author\/keila\/"}]}},"_links":{"self":[{"href":"https:\/\/www.alasmedios.com\/index.php\/wp-json\/wp\/v2\/posts\/8126","targetHints":{"allow":["GET"]}}],"collection":[{"href":"https:\/\/www.alasmedios.com\/index.php\/wp-json\/wp\/v2\/posts"}],"about":[{"href":"https:\/\/www.alasmedios.com\/index.php\/wp-json\/wp\/v2\/types\/post"}],"author":[{"embeddable":true,"href":"https:\/\/www.alasmedios.com\/index.php\/wp-json\/wp\/v2\/users\/4"}],"replies":[{"embeddable":true,"href":"https:\/\/www.alasmedios.com\/index.php\/wp-json\/wp\/v2\/comments?post=8126"}],"version-history":[{"count":1,"href":"https:\/\/www.alasmedios.com\/index.php\/wp-json\/wp\/v2\/posts\/8126\/revisions"}],"predecessor-version":[{"id":8128,"href":"https:\/\/www.alasmedios.com\/index.php\/wp-json\/wp\/v2\/posts\/8126\/revisions\/8128"}],"wp:featuredmedia":[{"embeddable":true,"href":"https:\/\/www.alasmedios.com\/index.php\/wp-json\/wp\/v2\/media\/8127"}],"wp:attachment":[{"href":"https:\/\/www.alasmedios.com\/index.php\/wp-json\/wp\/v2\/media?parent=8126"}],"wp:term":[{"taxonomy":"category","embeddable":true,"href":"https:\/\/www.alasmedios.com\/index.php\/wp-json\/wp\/v2\/categories?post=8126"},{"taxonomy":"post_tag","embeddable":true,"href":"https:\/\/www.alasmedios.com\/index.php\/wp-json\/wp\/v2\/tags?post=8126"}],"curies":[{"name":"wp","href":"https:\/\/api.w.org\/{rel}","templated":true}]}}