{"id":8099,"date":"2026-03-05T14:16:00","date_gmt":"2026-03-05T20:16:00","guid":{"rendered":"https:\/\/www.alasmedios.com\/?p=8099"},"modified":"2026-03-05T14:15:15","modified_gmt":"2026-03-05T20:15:15","slug":"las-ninas-no-deberian-ser-madres-alerta-de-genero","status":"publish","type":"post","link":"https:\/\/www.alasmedios.com\/index.php\/2026\/03\/05\/las-ninas-no-deberian-ser-madres-alerta-de-genero\/","title":{"rendered":"Las ni\u00f1as no deber\u00edan ser madres: alerta de g\u00e9nero"},"content":{"rendered":"\n<p>En M\u00e9xico, miles de ni\u00f1as se convierten en madres cada a\u00f1o, una realidad que <strong>no puede entenderse como maternidad temprana, sino como una forma de violencia contra la infancia<\/strong>.<\/p>\n\n\n\n<p>De acuerdo con <strong>datos de la Secretar\u00eda de Salud<\/strong>, en <strong>2024 se registraron 7 mil 975 nacimientos de ni\u00f1as de entre 10 y 14 a\u00f1os<\/strong>, lo que significa que <strong>alrededor de 22 menores de edad dieron a luz cada d\u00eda<\/strong> en el pa\u00eds.<\/p>\n\n\n\n<p>Las cifras forman parte de un fen\u00f3meno m\u00e1s amplio: <strong>en 2023 hubo m\u00e1s de 101 mil nacimientos de madres de entre 10 y 17 a\u00f1os<\/strong>, lo que refleja que los embarazos en menores siguen siendo un problema persistente de salud p\u00fablica y derechos humanos.<\/p>\n\n\n\n<p>CONTIN\u00daA LEYENDO: <a href=\"https:\/\/www.alasmedios.com\/index.php\/2026\/03\/05\/sobrevivir-no-es-justicia-la-vida-despues-de-la-mutilacion-genital-femenina\/\" type=\"post\" id=\"8087\">Sobrevivir no es justicia: la vida despu\u00e9s de la mutilaci\u00f3n genital femenina<\/a><\/p>\n\n\n\n<p>Cuando una ni\u00f1a queda embarazada <strong>no se trata de una decisi\u00f3n reproductiva<\/strong>, sino de una se\u00f1al de alerta. En muchos casos, el embarazo infantil est\u00e1 vinculado con <strong>violencia sexual, coerci\u00f3n o relaciones desiguales con hombres adultos<\/strong>, lo que agrava la vulneraci\u00f3n de derechos de las menores.<\/p>\n\n\n\n<p><strong>Las ni\u00f1as que se convierten en madres suelen abandonar la escuela<\/strong>, enfrentan mayores riesgos m\u00e9dicos durante el embarazo y ven reducidas sus oportunidades educativas y laborales, lo que perpet\u00faa ciclos de desigualdad y pobreza.<\/p>\n\n\n\n<h3 class=\"wp-block-heading\">Buscan reconocer el embarazo infantil como violencia de g\u00e9nero en Hidalgo<\/h3>\n\n\n\n<p>En <strong>Hidalgo<\/strong>, el tema ha comenzado a discutirse en el \u00e1mbito legislativo y de derechos humanos, <strong>reconocer el embarazo infantil como una forma de violencia de g\u00e9nero<\/strong>, con el objetivo de <strong>visibilizar que una ni\u00f1a embarazada es, en la mayor\u00eda de los casos, v\u00edctima de abuso o coerci\u00f3n<\/strong>.<\/p>\n\n\n\n<iframe loading=\"lazy\" src=\"https:\/\/www.facebook.com\/plugins\/post.php?href=https%3A%2F%2Fwww.facebook.com%2FGrupoAlasMedios%2Fposts%2Fpfbid06nTTH3R7Hucc13rANchWhZvGozdasn3c3PjhDC4TZgEFhtyy5gkBvnpHq3g2qX2ul&#038;show_text=true&#038;width=500\" width=\"500\" height=\"484\" style=\"border:none;overflow:hidden\" scrolling=\"no\" frameborder=\"0\" allowfullscreen=\"true\" allow=\"autoplay; clipboard-write; encrypted-media; picture-in-picture; web-share\"><\/iframe>\n\n\n\n<p>La propuesta busca reforzar la obligaci\u00f3n de las autoridades de <strong>investigar estos casos con perspectiva de g\u00e9nero y de protecci\u00f3n a la infancia<\/strong>, adem\u00e1s de activar mecanismos de atenci\u00f3n m\u00e9dica, psicol\u00f3gica y legal para las menores afectadas.<\/p>\n\n\n\n<p>TE PUEDE INTERESAR: <a href=\"https:\/\/www.alasmedios.com\/index.php\/2026\/03\/04\/ley-sabina-pachuca-hidalgo-convoca-a-realizar-tendedero-este-8m\/\" type=\"post\" id=\"8084\">Ley Sabina Pachuca Hidalgo convoca a realizar tendedero este 8M<\/a><\/p>\n\n\n\n<p>El debate ocurre en un contexto en el que organismos internacionales y organizaciones civiles insisten en un principio claro: <strong>las ni\u00f1as tienen derecho a la infancia, a la educaci\u00f3n y a una vida libre de violencia<\/strong>.<\/p>\n\n\n\n<p><strong>Las ni\u00f1as no deber\u00edan ser madres; deber\u00edan estar en la escuela, jugando y creciendo en entornos seguros<\/strong>.<\/p>\n\n\n<ul class=\"wp-block-latest-posts__list is-grid columns-3 wp-block-latest-posts\"><li><div class=\"wp-block-latest-posts__featured-image\"><img loading=\"lazy\" decoding=\"async\" width=\"150\" height=\"150\" src=\"https:\/\/www.alasmedios.com\/wp-content\/uploads\/2026\/04\/Argentina-decomisan-bienes-Cristina-Kirchner-150x150.png\" class=\"attachment-thumbnail size-thumbnail wp-post-image\" alt=\"\" style=\"\" \/><\/div><a class=\"wp-block-latest-posts__post-title\" href=\"https:\/\/www.alasmedios.com\/index.php\/2026\/04\/25\/caso-vialidad-argentina-ratifica-decomiso-millonario-a-cristina-kirchner\/\">Caso Vialidad: Argentina ratifica decomiso millonario a Cristina Kirchner<\/a><\/li>\n<li><div class=\"wp-block-latest-posts__featured-image\"><img loading=\"lazy\" decoding=\"async\" width=\"150\" height=\"150\" src=\"https:\/\/www.alasmedios.com\/wp-content\/uploads\/2026\/04\/Puebla-desaparecida-Aguascalientes-150x150.jpeg\" class=\"attachment-thumbnail size-thumbnail wp-post-image\" alt=\"\" style=\"\" \/><\/div><a class=\"wp-block-latest-posts__post-title\" href=\"https:\/\/www.alasmedios.com\/index.php\/2026\/04\/25\/localizan-con-vida-en-aguascalientes-a-adolescente-desaparecida-en-puebla\/\">Localizan con vida en Aguascalientes a adolescente desaparecida en Puebla<\/a><\/li>\n<li><div class=\"wp-block-latest-posts__featured-image\"><img loading=\"lazy\" decoding=\"async\" width=\"150\" height=\"150\" src=\"https:\/\/www.alasmedios.com\/wp-content\/uploads\/2026\/04\/podio-de-la-Copa-del-Mundo-de-Ciclismo-150x150.jpg\" class=\"attachment-thumbnail size-thumbnail wp-post-image\" alt=\"\" style=\"\" \/><\/div><a class=\"wp-block-latest-posts__post-title\" href=\"https:\/\/www.alasmedios.com\/index.php\/2026\/04\/25\/mexico-arranca-con-doble-podio-en-la-copa-del-mundo-de-pista-en-malasia\/\">M\u00e9xico arranca con doble podio en la Copa del Mundo de Pista en Malasia<\/a><\/li>\n<\/ul>","protected":false},"excerpt":{"rendered":"<p>En M\u00e9xico, miles de ni\u00f1as se convierten en madres cada a\u00f1o, una realidad que no puede entenderse como maternidad temprana,<\/p>\n","protected":false},"author":4,"featured_media":8100,"comment_status":"open","ping_status":"open","sticky":false,"template":"","format":"standard","meta":{"colormag_page_container_layout":"default_layout","colormag_page_sidebar_layout":"default_layout","rop_custom_images_group":[],"rop_custom_messages_group":[],"rop_publish_now":"initial","rop_publish_now_accounts":[],"rop_publish_now_history":[],"rop_publish_now_status":"pending","iawp_total_views":9,"footnotes":""},"categories":[45,42],"tags":[456,234,190,136,121],"class_list":["post-8099","post","type-post","status-publish","format-standard","has-post-thumbnail","hentry","category-ellas-dicen","category-familia_salud","tag-derechos","tag-embarazo-infantil","tag-ninas","tag-salud","tag-violencia-de-genero-2"],"magazineBlocksPostFeaturedMedia":{"thumbnail":"https:\/\/www.alasmedios.com\/wp-content\/uploads\/2026\/03\/Las-ninas-no-deberian-ser-madres-alerta-de-genero-150x150.png","medium":"https:\/\/www.alasmedios.com\/wp-content\/uploads\/2026\/03\/Las-ninas-no-deberian-ser-madres-alerta-de-genero-300x182.png","medium_large":"https:\/\/www.alasmedios.com\/wp-content\/uploads\/2026\/03\/Las-ninas-no-deberian-ser-madres-alerta-de-genero-768x466.png","large":"https:\/\/www.alasmedios.com\/wp-content\/uploads\/2026\/03\/Las-ninas-no-deberian-ser-madres-alerta-de-genero-1024x622.png","1536x1536":"https:\/\/www.alasmedios.com\/wp-content\/uploads\/2026\/03\/Las-ninas-no-deberian-ser-madres-alerta-de-genero-1536x932.png","2048x2048":"https:\/\/www.alasmedios.com\/wp-content\/uploads\/2026\/03\/Las-ninas-no-deberian-ser-madres-alerta-de-genero.png","colormag-highlighted-post":"https:\/\/www.alasmedios.com\/wp-content\/uploads\/2026\/03\/Las-ninas-no-deberian-ser-madres-alerta-de-genero-392x272.png","colormag-featured-post-medium":"https:\/\/www.alasmedios.com\/wp-content\/uploads\/2026\/03\/Las-ninas-no-deberian-ser-madres-alerta-de-genero-390x205.png","colormag-featured-post-small":"https:\/\/www.alasmedios.com\/wp-content\/uploads\/2026\/03\/Las-ninas-no-deberian-ser-madres-alerta-de-genero-130x90.png","colormag-featured-image":"https:\/\/www.alasmedios.com\/wp-content\/uploads\/2026\/03\/Las-ninas-no-deberian-ser-madres-alerta-de-genero-800x445.png","colormag-default-news":"https:\/\/www.alasmedios.com\/wp-content\/uploads\/2026\/03\/Las-ninas-no-deberian-ser-madres-alerta-de-genero-150x150.png","colormag-featured-image-large":"https:\/\/www.alasmedios.com\/wp-content\/uploads\/2026\/03\/Las-ninas-no-deberian-ser-madres-alerta-de-genero-1400x600.png"},"magazineBlocksPostAuthor":{"name":"Keila Rodr\u00edguez Pe\u00f1a","avatar":"https:\/\/secure.gravatar.com\/avatar\/a2553a2bfaa601b9d539b617c8793e151bdffb60f9e48a249912f86d4c9ebeef?s=96&d=mm&r=g"},"magazineBlocksPostCommentsNumber":"0","magazineBlocksPostExcerpt":"En M\u00e9xico, miles de ni\u00f1as se convierten en madres cada a\u00f1o, una realidad que no puede entenderse como maternidad temprana,","magazineBlocksPostCategories":["Ellas Dicen","Familia y Bienestar"],"magazineBlocksPostViewCount":21,"magazineBlocksPostReadTime":3,"magazine_blocks_featured_image_url":{"full":["https:\/\/www.alasmedios.com\/wp-content\/uploads\/2026\/03\/Las-ninas-no-deberian-ser-madres-alerta-de-genero.png",2000,1214,false],"medium":["https:\/\/www.alasmedios.com\/wp-content\/uploads\/2026\/03\/Las-ninas-no-deberian-ser-madres-alerta-de-genero-300x182.png",300,182,true],"thumbnail":["https:\/\/www.alasmedios.com\/wp-content\/uploads\/2026\/03\/Las-ninas-no-deberian-ser-madres-alerta-de-genero-150x150.png",150,150,true]},"magazine_blocks_author":{"display_name":"Keila Rodr\u00edguez Pe\u00f1a","author_link":"https:\/\/www.alasmedios.com\/index.php\/author\/keila\/"},"magazine_blocks_comment":0,"magazine_blocks_author_image":"https:\/\/secure.gravatar.com\/avatar\/a2553a2bfaa601b9d539b617c8793e151bdffb60f9e48a249912f86d4c9ebeef?s=96&d=mm&r=g","magazine_blocks_category":"<a href=\"#\" class=\"category-link category-link-45\">Ellas Dicen<\/a> <a href=\"#\" class=\"category-link category-link-42\">Familia y Bienestar<\/a>","yoast_head":"<!-- This site is optimized with the Yoast SEO plugin v27.4 - https:\/\/yoast.com\/product\/yoast-seo-wordpress\/ -->\r\n<title>Las ni\u00f1as no deber\u00edan ser madres: alerta de g\u00e9nero<\/title>\r\n<meta name=\"description\" content=\"En M\u00e9xico, miles de ni\u00f1as se convierten en madres cada a\u00f1o, no puede entenderse como maternidad temprana, es una forma de violencia\" \/>\r\n<meta name=\"robots\" content=\"index, follow, max-snippet:-1, max-image-preview:large, max-video-preview:-1\" \/>\r\n<link rel=\"canonical\" href=\"https:\/\/www.alasmedios.com\/index.php\/2026\/03\/05\/las-ninas-no-deberian-ser-madres-alerta-de-genero\/\" \/>\r\n<meta property=\"og:locale\" content=\"es_MX\" \/>\r\n<meta property=\"og:type\" content=\"article\" \/>\r\n<meta property=\"og:title\" content=\"Las ni\u00f1as no deber\u00edan ser madres: alerta de g\u00e9nero\" \/>\r\n<meta property=\"og:description\" content=\"En M\u00e9xico, miles de ni\u00f1as se convierten en madres cada a\u00f1o, no puede entenderse como maternidad temprana, es una forma de violencia\" \/>\r\n<meta property=\"og:url\" content=\"https:\/\/www.alasmedios.com\/index.php\/2026\/03\/05\/las-ninas-no-deberian-ser-madres-alerta-de-genero\/\" \/>\r\n<meta property=\"og:site_name\" content=\"Alas Medios\" \/>\r\n<meta property=\"article:published_time\" content=\"2026-03-05T20:16:00+00:00\" \/>\r\n<meta property=\"og:image\" content=\"https:\/\/www.alasmedios.com\/wp-content\/uploads\/2026\/03\/Las-ninas-no-deberian-ser-madres-alerta-de-genero.png\" \/>\r\n\t<meta property=\"og:image:width\" content=\"2000\" \/>\r\n\t<meta property=\"og:image:height\" content=\"1214\" \/>\r\n\t<meta property=\"og:image:type\" content=\"image\/png\" \/>\r\n<meta name=\"author\" content=\"Keila Rodr\u00edguez Pe\u00f1a\" \/>\r\n<meta name=\"twitter:card\" content=\"summary_large_image\" \/>\r\n<meta name=\"twitter:label1\" content=\"Escrito por\" \/>\n\t<meta name=\"twitter:data1\" content=\"Keila Rodr\u00edguez Pe\u00f1a\" \/>\n\t<meta name=\"twitter:label2\" content=\"Tiempo de lectura\" \/>\n\t<meta name=\"twitter:data2\" content=\"2 minutos\" \/>\r\n<script type=\"application\/ld+json\" class=\"yoast-schema-graph\">{\"@context\":\"https:\\\/\\\/schema.org\",\"@graph\":[{\"@type\":\"Article\",\"@id\":\"https:\\\/\\\/www.alasmedios.com\\\/index.php\\\/2026\\\/03\\\/05\\\/las-ninas-no-deberian-ser-madres-alerta-de-genero\\\/#article\",\"isPartOf\":{\"@id\":\"https:\\\/\\\/www.alasmedios.com\\\/index.php\\\/2026\\\/03\\\/05\\\/las-ninas-no-deberian-ser-madres-alerta-de-genero\\\/\"},\"author\":{\"name\":\"Keila Rodr\u00edguez Pe\u00f1a\",\"@id\":\"https:\\\/\\\/www.alasmedios.com\\\/#\\\/schema\\\/person\\\/0ba31bdd19a05ebf5c7fef1fedf99c34\"},\"headline\":\"Las ni\u00f1as no deber\u00edan ser madres: alerta de g\u00e9nero\",\"datePublished\":\"2026-03-05T20:16:00+00:00\",\"mainEntityOfPage\":{\"@id\":\"https:\\\/\\\/www.alasmedios.com\\\/index.php\\\/2026\\\/03\\\/05\\\/las-ninas-no-deberian-ser-madres-alerta-de-genero\\\/\"},\"wordCount\":416,\"commentCount\":0,\"publisher\":{\"@id\":\"https:\\\/\\\/www.alasmedios.com\\\/#organization\"},\"image\":{\"@id\":\"https:\\\/\\\/www.alasmedios.com\\\/index.php\\\/2026\\\/03\\\/05\\\/las-ninas-no-deberian-ser-madres-alerta-de-genero\\\/#primaryimage\"},\"thumbnailUrl\":\"https:\\\/\\\/www.alasmedios.com\\\/wp-content\\\/uploads\\\/2026\\\/03\\\/Las-ninas-no-deberian-ser-madres-alerta-de-genero.png\",\"keywords\":[\"derechos\",\"embarazo infantil\",\"ni\u00f1as\",\"Salud\",\"violencia de g\u00e9nero\"],\"articleSection\":[\"Ellas Dicen\",\"Familia y Bienestar\"],\"inLanguage\":\"es\",\"potentialAction\":[{\"@type\":\"CommentAction\",\"name\":\"Comment\",\"target\":[\"https:\\\/\\\/www.alasmedios.com\\\/index.php\\\/2026\\\/03\\\/05\\\/las-ninas-no-deberian-ser-madres-alerta-de-genero\\\/#respond\"]}]},{\"@type\":\"WebPage\",\"@id\":\"https:\\\/\\\/www.alasmedios.com\\\/index.php\\\/2026\\\/03\\\/05\\\/las-ninas-no-deberian-ser-madres-alerta-de-genero\\\/\",\"url\":\"https:\\\/\\\/www.alasmedios.com\\\/index.php\\\/2026\\\/03\\\/05\\\/las-ninas-no-deberian-ser-madres-alerta-de-genero\\\/\",\"name\":\"Las ni\u00f1as no deber\u00edan ser madres: alerta de g\u00e9nero\",\"isPartOf\":{\"@id\":\"https:\\\/\\\/www.alasmedios.com\\\/#website\"},\"primaryImageOfPage\":{\"@id\":\"https:\\\/\\\/www.alasmedios.com\\\/index.php\\\/2026\\\/03\\\/05\\\/las-ninas-no-deberian-ser-madres-alerta-de-genero\\\/#primaryimage\"},\"image\":{\"@id\":\"https:\\\/\\\/www.alasmedios.com\\\/index.php\\\/2026\\\/03\\\/05\\\/las-ninas-no-deberian-ser-madres-alerta-de-genero\\\/#primaryimage\"},\"thumbnailUrl\":\"https:\\\/\\\/www.alasmedios.com\\\/wp-content\\\/uploads\\\/2026\\\/03\\\/Las-ninas-no-deberian-ser-madres-alerta-de-genero.png\",\"datePublished\":\"2026-03-05T20:16:00+00:00\",\"description\":\"En M\u00e9xico, miles de ni\u00f1as se convierten en madres cada a\u00f1o, no puede entenderse como maternidad temprana, es una forma de violencia\",\"breadcrumb\":{\"@id\":\"https:\\\/\\\/www.alasmedios.com\\\/index.php\\\/2026\\\/03\\\/05\\\/las-ninas-no-deberian-ser-madres-alerta-de-genero\\\/#breadcrumb\"},\"inLanguage\":\"es\",\"potentialAction\":[{\"@type\":\"ReadAction\",\"target\":[\"https:\\\/\\\/www.alasmedios.com\\\/index.php\\\/2026\\\/03\\\/05\\\/las-ninas-no-deberian-ser-madres-alerta-de-genero\\\/\"]}]},{\"@type\":\"ImageObject\",\"inLanguage\":\"es\",\"@id\":\"https:\\\/\\\/www.alasmedios.com\\\/index.php\\\/2026\\\/03\\\/05\\\/las-ninas-no-deberian-ser-madres-alerta-de-genero\\\/#primaryimage\",\"url\":\"https:\\\/\\\/www.alasmedios.com\\\/wp-content\\\/uploads\\\/2026\\\/03\\\/Las-ninas-no-deberian-ser-madres-alerta-de-genero.png\",\"contentUrl\":\"https:\\\/\\\/www.alasmedios.com\\\/wp-content\\\/uploads\\\/2026\\\/03\\\/Las-ninas-no-deberian-ser-madres-alerta-de-genero.png\",\"width\":2000,\"height\":1214},{\"@type\":\"BreadcrumbList\",\"@id\":\"https:\\\/\\\/www.alasmedios.com\\\/index.php\\\/2026\\\/03\\\/05\\\/las-ninas-no-deberian-ser-madres-alerta-de-genero\\\/#breadcrumb\",\"itemListElement\":[{\"@type\":\"ListItem\",\"position\":1,\"name\":\"Inicio\",\"item\":\"https:\\\/\\\/www.alasmedios.com\\\/\"},{\"@type\":\"ListItem\",\"position\":2,\"name\":\"Las ni\u00f1as no deber\u00edan ser madres: alerta de g\u00e9nero\"}]},{\"@type\":\"WebSite\",\"@id\":\"https:\\\/\\\/www.alasmedios.com\\\/#website\",\"url\":\"https:\\\/\\\/www.alasmedios.com\\\/\",\"name\":\"Alas Medios\",\"description\":\"Alas para pensar, Alas para volar, Alas de libertad\",\"publisher\":{\"@id\":\"https:\\\/\\\/www.alasmedios.com\\\/#organization\"},\"potentialAction\":[{\"@type\":\"SearchAction\",\"target\":{\"@type\":\"EntryPoint\",\"urlTemplate\":\"https:\\\/\\\/www.alasmedios.com\\\/?s={search_term_string}\"},\"query-input\":{\"@type\":\"PropertyValueSpecification\",\"valueRequired\":true,\"valueName\":\"search_term_string\"}}],\"inLanguage\":\"es\"},{\"@type\":\"Organization\",\"@id\":\"https:\\\/\\\/www.alasmedios.com\\\/#organization\",\"name\":\"Alas Medios\",\"url\":\"https:\\\/\\\/www.alasmedios.com\\\/\",\"logo\":{\"@type\":\"ImageObject\",\"inLanguage\":\"es\",\"@id\":\"https:\\\/\\\/www.alasmedios.com\\\/#\\\/schema\\\/logo\\\/image\\\/\",\"url\":\"https:\\\/\\\/www.alasmedios.com\\\/wp-content\\\/uploads\\\/2026\\\/01\\\/cropped-cropped-GAM-1.png\",\"contentUrl\":\"https:\\\/\\\/www.alasmedios.com\\\/wp-content\\\/uploads\\\/2026\\\/01\\\/cropped-cropped-GAM-1.png\",\"width\":467,\"height\":235,\"caption\":\"Alas Medios\"},\"image\":{\"@id\":\"https:\\\/\\\/www.alasmedios.com\\\/#\\\/schema\\\/logo\\\/image\\\/\"}},{\"@type\":\"Person\",\"@id\":\"https:\\\/\\\/www.alasmedios.com\\\/#\\\/schema\\\/person\\\/0ba31bdd19a05ebf5c7fef1fedf99c34\",\"name\":\"Keila Rodr\u00edguez Pe\u00f1a\",\"image\":{\"@type\":\"ImageObject\",\"inLanguage\":\"es\",\"@id\":\"https:\\\/\\\/secure.gravatar.com\\\/avatar\\\/a2553a2bfaa601b9d539b617c8793e151bdffb60f9e48a249912f86d4c9ebeef?s=96&d=mm&r=g\",\"url\":\"https:\\\/\\\/secure.gravatar.com\\\/avatar\\\/a2553a2bfaa601b9d539b617c8793e151bdffb60f9e48a249912f86d4c9ebeef?s=96&d=mm&r=g\",\"contentUrl\":\"https:\\\/\\\/secure.gravatar.com\\\/avatar\\\/a2553a2bfaa601b9d539b617c8793e151bdffb60f9e48a249912f86d4c9ebeef?s=96&d=mm&r=g\",\"caption\":\"Keila Rodr\u00edguez Pe\u00f1a\"},\"sameAs\":[\"http:\\\/\\\/www.alasmedios.com\"],\"url\":\"https:\\\/\\\/www.alasmedios.com\\\/index.php\\\/author\\\/keila\\\/\"}]}<\/script>\r\n<!-- \/ Yoast SEO plugin. -->","yoast_head_json":{"title":"Las ni\u00f1as no deber\u00edan ser madres: alerta de g\u00e9nero","description":"En M\u00e9xico, miles de ni\u00f1as se convierten en madres cada a\u00f1o, no puede entenderse como maternidad temprana, es una forma de violencia","robots":{"index":"index","follow":"follow","max-snippet":"max-snippet:-1","max-image-preview":"max-image-preview:large","max-video-preview":"max-video-preview:-1"},"canonical":"https:\/\/www.alasmedios.com\/index.php\/2026\/03\/05\/las-ninas-no-deberian-ser-madres-alerta-de-genero\/","og_locale":"es_MX","og_type":"article","og_title":"Las ni\u00f1as no deber\u00edan ser madres: alerta de g\u00e9nero","og_description":"En M\u00e9xico, miles de ni\u00f1as se convierten en madres cada a\u00f1o, no puede entenderse como maternidad temprana, es una forma de violencia","og_url":"https:\/\/www.alasmedios.com\/index.php\/2026\/03\/05\/las-ninas-no-deberian-ser-madres-alerta-de-genero\/","og_site_name":"Alas Medios","article_published_time":"2026-03-05T20:16:00+00:00","og_image":[{"width":2000,"height":1214,"url":"https:\/\/www.alasmedios.com\/wp-content\/uploads\/2026\/03\/Las-ninas-no-deberian-ser-madres-alerta-de-genero.png","type":"image\/png"}],"author":"Keila Rodr\u00edguez Pe\u00f1a","twitter_card":"summary_large_image","twitter_misc":{"Escrito por":"Keila Rodr\u00edguez Pe\u00f1a","Tiempo de lectura":"2 minutos"},"schema":{"@context":"https:\/\/schema.org","@graph":[{"@type":"Article","@id":"https:\/\/www.alasmedios.com\/index.php\/2026\/03\/05\/las-ninas-no-deberian-ser-madres-alerta-de-genero\/#article","isPartOf":{"@id":"https:\/\/www.alasmedios.com\/index.php\/2026\/03\/05\/las-ninas-no-deberian-ser-madres-alerta-de-genero\/"},"author":{"name":"Keila Rodr\u00edguez Pe\u00f1a","@id":"https:\/\/www.alasmedios.com\/#\/schema\/person\/0ba31bdd19a05ebf5c7fef1fedf99c34"},"headline":"Las ni\u00f1as no deber\u00edan ser madres: alerta de g\u00e9nero","datePublished":"2026-03-05T20:16:00+00:00","mainEntityOfPage":{"@id":"https:\/\/www.alasmedios.com\/index.php\/2026\/03\/05\/las-ninas-no-deberian-ser-madres-alerta-de-genero\/"},"wordCount":416,"commentCount":0,"publisher":{"@id":"https:\/\/www.alasmedios.com\/#organization"},"image":{"@id":"https:\/\/www.alasmedios.com\/index.php\/2026\/03\/05\/las-ninas-no-deberian-ser-madres-alerta-de-genero\/#primaryimage"},"thumbnailUrl":"https:\/\/www.alasmedios.com\/wp-content\/uploads\/2026\/03\/Las-ninas-no-deberian-ser-madres-alerta-de-genero.png","keywords":["derechos","embarazo infantil","ni\u00f1as","Salud","violencia de g\u00e9nero"],"articleSection":["Ellas Dicen","Familia y Bienestar"],"inLanguage":"es","potentialAction":[{"@type":"CommentAction","name":"Comment","target":["https:\/\/www.alasmedios.com\/index.php\/2026\/03\/05\/las-ninas-no-deberian-ser-madres-alerta-de-genero\/#respond"]}]},{"@type":"WebPage","@id":"https:\/\/www.alasmedios.com\/index.php\/2026\/03\/05\/las-ninas-no-deberian-ser-madres-alerta-de-genero\/","url":"https:\/\/www.alasmedios.com\/index.php\/2026\/03\/05\/las-ninas-no-deberian-ser-madres-alerta-de-genero\/","name":"Las ni\u00f1as no deber\u00edan ser madres: alerta de g\u00e9nero","isPartOf":{"@id":"https:\/\/www.alasmedios.com\/#website"},"primaryImageOfPage":{"@id":"https:\/\/www.alasmedios.com\/index.php\/2026\/03\/05\/las-ninas-no-deberian-ser-madres-alerta-de-genero\/#primaryimage"},"image":{"@id":"https:\/\/www.alasmedios.com\/index.php\/2026\/03\/05\/las-ninas-no-deberian-ser-madres-alerta-de-genero\/#primaryimage"},"thumbnailUrl":"https:\/\/www.alasmedios.com\/wp-content\/uploads\/2026\/03\/Las-ninas-no-deberian-ser-madres-alerta-de-genero.png","datePublished":"2026-03-05T20:16:00+00:00","description":"En M\u00e9xico, miles de ni\u00f1as se convierten en madres cada a\u00f1o, no puede entenderse como maternidad temprana, es una forma de violencia","breadcrumb":{"@id":"https:\/\/www.alasmedios.com\/index.php\/2026\/03\/05\/las-ninas-no-deberian-ser-madres-alerta-de-genero\/#breadcrumb"},"inLanguage":"es","potentialAction":[{"@type":"ReadAction","target":["https:\/\/www.alasmedios.com\/index.php\/2026\/03\/05\/las-ninas-no-deberian-ser-madres-alerta-de-genero\/"]}]},{"@type":"ImageObject","inLanguage":"es","@id":"https:\/\/www.alasmedios.com\/index.php\/2026\/03\/05\/las-ninas-no-deberian-ser-madres-alerta-de-genero\/#primaryimage","url":"https:\/\/www.alasmedios.com\/wp-content\/uploads\/2026\/03\/Las-ninas-no-deberian-ser-madres-alerta-de-genero.png","contentUrl":"https:\/\/www.alasmedios.com\/wp-content\/uploads\/2026\/03\/Las-ninas-no-deberian-ser-madres-alerta-de-genero.png","width":2000,"height":1214},{"@type":"BreadcrumbList","@id":"https:\/\/www.alasmedios.com\/index.php\/2026\/03\/05\/las-ninas-no-deberian-ser-madres-alerta-de-genero\/#breadcrumb","itemListElement":[{"@type":"ListItem","position":1,"name":"Inicio","item":"https:\/\/www.alasmedios.com\/"},{"@type":"ListItem","position":2,"name":"Las ni\u00f1as no deber\u00edan ser madres: alerta de g\u00e9nero"}]},{"@type":"WebSite","@id":"https:\/\/www.alasmedios.com\/#website","url":"https:\/\/www.alasmedios.com\/","name":"Alas Medios","description":"Alas para pensar, Alas para volar, Alas de libertad","publisher":{"@id":"https:\/\/www.alasmedios.com\/#organization"},"potentialAction":[{"@type":"SearchAction","target":{"@type":"EntryPoint","urlTemplate":"https:\/\/www.alasmedios.com\/?s={search_term_string}"},"query-input":{"@type":"PropertyValueSpecification","valueRequired":true,"valueName":"search_term_string"}}],"inLanguage":"es"},{"@type":"Organization","@id":"https:\/\/www.alasmedios.com\/#organization","name":"Alas Medios","url":"https:\/\/www.alasmedios.com\/","logo":{"@type":"ImageObject","inLanguage":"es","@id":"https:\/\/www.alasmedios.com\/#\/schema\/logo\/image\/","url":"https:\/\/www.alasmedios.com\/wp-content\/uploads\/2026\/01\/cropped-cropped-GAM-1.png","contentUrl":"https:\/\/www.alasmedios.com\/wp-content\/uploads\/2026\/01\/cropped-cropped-GAM-1.png","width":467,"height":235,"caption":"Alas Medios"},"image":{"@id":"https:\/\/www.alasmedios.com\/#\/schema\/logo\/image\/"}},{"@type":"Person","@id":"https:\/\/www.alasmedios.com\/#\/schema\/person\/0ba31bdd19a05ebf5c7fef1fedf99c34","name":"Keila Rodr\u00edguez Pe\u00f1a","image":{"@type":"ImageObject","inLanguage":"es","@id":"https:\/\/secure.gravatar.com\/avatar\/a2553a2bfaa601b9d539b617c8793e151bdffb60f9e48a249912f86d4c9ebeef?s=96&d=mm&r=g","url":"https:\/\/secure.gravatar.com\/avatar\/a2553a2bfaa601b9d539b617c8793e151bdffb60f9e48a249912f86d4c9ebeef?s=96&d=mm&r=g","contentUrl":"https:\/\/secure.gravatar.com\/avatar\/a2553a2bfaa601b9d539b617c8793e151bdffb60f9e48a249912f86d4c9ebeef?s=96&d=mm&r=g","caption":"Keila Rodr\u00edguez Pe\u00f1a"},"sameAs":["http:\/\/www.alasmedios.com"],"url":"https:\/\/www.alasmedios.com\/index.php\/author\/keila\/"}]}},"_links":{"self":[{"href":"https:\/\/www.alasmedios.com\/index.php\/wp-json\/wp\/v2\/posts\/8099","targetHints":{"allow":["GET"]}}],"collection":[{"href":"https:\/\/www.alasmedios.com\/index.php\/wp-json\/wp\/v2\/posts"}],"about":[{"href":"https:\/\/www.alasmedios.com\/index.php\/wp-json\/wp\/v2\/types\/post"}],"author":[{"embeddable":true,"href":"https:\/\/www.alasmedios.com\/index.php\/wp-json\/wp\/v2\/users\/4"}],"replies":[{"embeddable":true,"href":"https:\/\/www.alasmedios.com\/index.php\/wp-json\/wp\/v2\/comments?post=8099"}],"version-history":[{"count":1,"href":"https:\/\/www.alasmedios.com\/index.php\/wp-json\/wp\/v2\/posts\/8099\/revisions"}],"predecessor-version":[{"id":8101,"href":"https:\/\/www.alasmedios.com\/index.php\/wp-json\/wp\/v2\/posts\/8099\/revisions\/8101"}],"wp:featuredmedia":[{"embeddable":true,"href":"https:\/\/www.alasmedios.com\/index.php\/wp-json\/wp\/v2\/media\/8100"}],"wp:attachment":[{"href":"https:\/\/www.alasmedios.com\/index.php\/wp-json\/wp\/v2\/media?parent=8099"}],"wp:term":[{"taxonomy":"category","embeddable":true,"href":"https:\/\/www.alasmedios.com\/index.php\/wp-json\/wp\/v2\/categories?post=8099"},{"taxonomy":"post_tag","embeddable":true,"href":"https:\/\/www.alasmedios.com\/index.php\/wp-json\/wp\/v2\/tags?post=8099"}],"curies":[{"name":"wp","href":"https:\/\/api.w.org\/{rel}","templated":true}]}}