{"id":8087,"date":"2026-03-05T06:58:00","date_gmt":"2026-03-05T12:58:00","guid":{"rendered":"https:\/\/www.alasmedios.com\/?p=8087"},"modified":"2026-03-05T07:39:06","modified_gmt":"2026-03-05T13:39:06","slug":"sobrevivir-no-es-justicia-la-vida-despues-de-la-mutilacion-genital-femenina","status":"publish","type":"post","link":"https:\/\/www.alasmedios.com\/index.php\/2026\/03\/05\/sobrevivir-no-es-justicia-la-vida-despues-de-la-mutilacion-genital-femenina\/","title":{"rendered":"Sobrevivir no es justicia: la vida despu\u00e9s de la mutilaci\u00f3n genital femenina"},"content":{"rendered":"\n<p>Para millones de mujeres y ni\u00f1as, la <strong>mutilaci\u00f3n genital femenina (MGF)<\/strong> no termina el d\u00eda del corte; la herida contin\u00faa en forma de <strong>trauma, silencio, complicaciones de salud y exclusi\u00f3n social<\/strong>, mientras la justicia rara vez alcanza a reparar el da\u00f1o.<\/p>\n\n\n\n<p>En <strong>Kenya<\/strong>, donde la MGF est\u00e1 prohibida desde hace m\u00e1s de una d\u00e9cada, las supervivientes advierten que la ley no basta. \u201cEs importante llevar a los perpetradores ante la justicia, pero \u00bfqui\u00e9n apoya la sanaci\u00f3n y el futuro de la ni\u00f1a?\u201d, cuestiona <strong>Catherine Mootian<\/strong>, superviviente y directora de la organizaci\u00f3n <strong>AfyAfrica<\/strong>.<\/p>\n\n\n\n<p>Mootian fue mutilada a los 12 a\u00f1os en la comunidad mas\u00e1i. Recuerda la madrugada en que fue sorprendida junto a su hermana. Lo que sigui\u00f3 no fue solo el procedimiento, sino <strong>d\u00e9cadas de verg\u00fcenza, miedo y autocensura<\/strong>. \u201cEl trauma sigue ah\u00ed, bajo la superficie\u201d, afirma.<\/p>\n\n\n\n<h3 class=\"wp-block-heading\"><strong>La presi\u00f3n social que mantiene viva la pr\u00e1ctica<\/strong><\/h3>\n\n\n\n<p>Aunque ilegal, la MGF persiste en comunidades donde el matrimonio define la supervivencia econ\u00f3mica y social. Negarse puede significar <strong>exclusi\u00f3n, p\u00e9rdida de protecci\u00f3n y rechazo comunitario<\/strong>.<\/p>\n\n\n\n<p>CONTIN\u00daA LEYENDO: <a href=\"https:\/\/www.alasmedios.com\/index.php\/2026\/03\/04\/ley-sabina-pachuca-hidalgo-convoca-a-realizar-tendedero-este-8m\/\" type=\"post\" id=\"8084\">Ley Sabina Pachuca Hidalgo convoca a realizar tendedero este 8M<\/a><\/p>\n\n\n\n<p>Para <strong>Tony Mwebia<\/strong>, director de <strong>Men End FGM<\/strong>, el papel de los hombres es determinante. \u201cNo son espectadores. Deciden qu\u00e9 es aceptable. Si esperan que se mutile a las mujeres, la pr\u00e1ctica continuar\u00e1 aunque sea ilegal\u201d, sostiene.<\/p>\n\n\n\n<p>Muchos j\u00f3venes dicen oponerse, pero callan cuando llega el momento del matrimonio. \u201cEl silencio se convierte en anuencia\u201d, advierte.<\/p>\n\n\n\n<h3 class=\"wp-block-heading\"><strong>Consecuencias para toda la vida<\/strong><\/h3>\n\n\n\n<p>Las secuelas f\u00edsicas incluyen <strong>complicaciones en el parto, abortos espont\u00e1neos y ces\u00e1reas forzadas<\/strong>. Las emocionales pueden reaparecer a\u00f1os despu\u00e9s, en relaciones o durante la maternidad.<\/p>\n\n\n\n<p>Un estudio realizado en 2023 en 15 pa\u00edses estim\u00f3 que <strong>cada 12 minutos muere una ni\u00f1a a causa de la MGF<\/strong>, debido a complicaciones inmediatas o de largo plazo. La pr\u00e1ctica constituye una <strong>violaci\u00f3n de los derechos humanos<\/strong> y una <strong>emergencia de salud p\u00fablica<\/strong>.<\/p>\n\n\n\n<figure class=\"wp-block-image size-large\"><img loading=\"lazy\" decoding=\"async\" width=\"1024\" height=\"622\" src=\"https:\/\/www.alasmedios.com\/wp-content\/uploads\/2026\/03\/mgf-1024x622.png\" alt=\"\" class=\"wp-image-8090\" srcset=\"https:\/\/www.alasmedios.com\/wp-content\/uploads\/2026\/03\/mgf-1024x622.png 1024w, https:\/\/www.alasmedios.com\/wp-content\/uploads\/2026\/03\/mgf-300x182.png 300w, https:\/\/www.alasmedios.com\/wp-content\/uploads\/2026\/03\/mgf-768x466.png 768w, https:\/\/www.alasmedios.com\/wp-content\/uploads\/2026\/03\/mgf-1536x932.png 1536w, https:\/\/www.alasmedios.com\/wp-content\/uploads\/2026\/03\/mgf.png 2000w\" sizes=\"auto, (max-width: 1024px) 100vw, 1024px\" \/><\/figure>\n\n\n\n<p>En el condado donde trabaja AfyAfrica, explica Mootian, hay <strong>m\u00e1s de 500 supervivientes y solo tres psic\u00f3logos del gobierno<\/strong>, lo que evidencia la brecha entre prohibici\u00f3n legal y acceso real a apoyo.<\/p>\n\n\n\n<h3 class=\"wp-block-heading\"><strong>Cuando la ley tambi\u00e9n est\u00e1 en riesgo<\/strong><\/h3>\n\n\n\n<p>El caso de <strong>Gambia<\/strong> muestra la fragilidad de los avances. Aunque la MGF es ilegal desde 2015, en 2024 legisladores intentaron revertir la prohibici\u00f3n. En enero de 2026, l\u00edderes religiosos y un diputado presentaron una demanda ante el <strong>Tribunal Supremo<\/strong> para anularla, alegando motivos constitucionales y religiosos. El proceso sigue en curso.<\/p>\n\n\n\n<p>TE PUEDE INTERESAR: <a href=\"https:\/\/www.alasmedios.com\/index.php\/2026\/02\/06\/el-cuerpo-bajo-control-la-lucha-global-por-erradicar-la-mutilacion-genital-femenina\/\" type=\"post\" id=\"7746\">El cuerpo bajo control: la lucha global por erradicar la Mutilaci\u00f3n Genital Femenina<\/a><\/p>\n\n\n\n<p>Si la prohibici\u00f3n se revocara, las mujeres perder\u00edan la base legal para denunciar abusos y exigir protecci\u00f3n. El mensaje ser\u00eda claro: <strong>la ley dejar\u00eda de estar de su lado<\/strong>.<\/p>\n\n\n\n<h3 class=\"wp-block-heading\"><strong>Sanar tambi\u00e9n es justicia<\/strong><\/h3>\n\n\n\n<p>Para Mootian, la justicia no se limita al castigo penal. Implica <strong>financiar apoyo psicol\u00f3gico, protecci\u00f3n, educaci\u00f3n y recuperaci\u00f3n<\/strong>. \u201cLas leyes importan, pero sin recursos sostenidos las supervivientes cargan solas con las consecuencias\u201d, subraya.<\/p>\n\n\n\n<p>En comunidades donde la presi\u00f3n social a\u00fan pesa m\u00e1s que la prohibici\u00f3n, el cambio tambi\u00e9n pasa por romper el silencio. Cuando hombres y mujeres rechazan p\u00fablicamente la pr\u00e1ctica, se abre un margen para que las ni\u00f1as puedan decir no sin ser castigadas.<\/p>\n\n\n\n<p>Sobrevivir a la MGF no es el final de la historia. Es el inicio de otra lucha: la de recuperar el cuerpo, la voz y el derecho a una vida libre de violencia.<\/p>\n\n\n<ul class=\"wp-block-latest-posts__list is-grid columns-3 wp-block-latest-posts\"><li><div class=\"wp-block-latest-posts__featured-image\"><img loading=\"lazy\" decoding=\"async\" width=\"150\" height=\"150\" src=\"https:\/\/www.alasmedios.com\/wp-content\/uploads\/2026\/04\/Argentina-decomisan-bienes-Cristina-Kirchner-150x150.png\" class=\"attachment-thumbnail size-thumbnail wp-post-image\" alt=\"\" style=\"\" \/><\/div><a class=\"wp-block-latest-posts__post-title\" href=\"https:\/\/www.alasmedios.com\/index.php\/2026\/04\/25\/caso-vialidad-argentina-ratifica-decomiso-millonario-a-cristina-kirchner\/\">Caso Vialidad: Argentina ratifica decomiso millonario a Cristina Kirchner<\/a><\/li>\n<li><div class=\"wp-block-latest-posts__featured-image\"><img loading=\"lazy\" decoding=\"async\" width=\"150\" height=\"150\" src=\"https:\/\/www.alasmedios.com\/wp-content\/uploads\/2026\/04\/Puebla-desaparecida-Aguascalientes-150x150.jpeg\" class=\"attachment-thumbnail size-thumbnail wp-post-image\" alt=\"\" style=\"\" \/><\/div><a class=\"wp-block-latest-posts__post-title\" href=\"https:\/\/www.alasmedios.com\/index.php\/2026\/04\/25\/localizan-con-vida-en-aguascalientes-a-adolescente-desaparecida-en-puebla\/\">Localizan con vida en Aguascalientes a adolescente desaparecida en Puebla<\/a><\/li>\n<li><div class=\"wp-block-latest-posts__featured-image\"><img loading=\"lazy\" decoding=\"async\" width=\"150\" height=\"150\" src=\"https:\/\/www.alasmedios.com\/wp-content\/uploads\/2026\/04\/podio-de-la-Copa-del-Mundo-de-Ciclismo-150x150.jpg\" class=\"attachment-thumbnail size-thumbnail wp-post-image\" alt=\"\" style=\"\" \/><\/div><a class=\"wp-block-latest-posts__post-title\" href=\"https:\/\/www.alasmedios.com\/index.php\/2026\/04\/25\/mexico-arranca-con-doble-podio-en-la-copa-del-mundo-de-pista-en-malasia\/\">M\u00e9xico arranca con doble podio en la Copa del Mundo de Pista en Malasia<\/a><\/li>\n<\/ul>","protected":false},"excerpt":{"rendered":"<p>Para millones de mujeres y ni\u00f1as, la mutilaci\u00f3n genital femenina (MGF) no termina el d\u00eda del corte; la herida contin\u00faa<\/p>\n","protected":false},"author":4,"featured_media":8089,"comment_status":"open","ping_status":"open","sticky":false,"template":"","format":"standard","meta":{"colormag_page_container_layout":"default_layout","colormag_page_sidebar_layout":"default_layout","rop_custom_images_group":[],"rop_custom_messages_group":[],"rop_publish_now":"initial","rop_publish_now_accounts":[],"rop_publish_now_history":[],"rop_publish_now_status":"pending","iawp_total_views":9,"footnotes":""},"categories":[45,3229,44],"tags":[456,1250,2537,136],"class_list":["post-8087","post","type-post","status-publish","format-standard","has-post-thumbnail","hentry","category-ellas-dicen","category-mundo-extranjero","category-sexualidad","tag-derechos","tag-mgf","tag-mutilacion-genital-femenina","tag-salud"],"magazineBlocksPostFeaturedMedia":{"thumbnail":"https:\/\/www.alasmedios.com\/wp-content\/uploads\/2026\/03\/Catherine-Mootian-150x150.png","medium":"https:\/\/www.alasmedios.com\/wp-content\/uploads\/2026\/03\/Catherine-Mootian-300x182.png","medium_large":"https:\/\/www.alasmedios.com\/wp-content\/uploads\/2026\/03\/Catherine-Mootian-768x466.png","large":"https:\/\/www.alasmedios.com\/wp-content\/uploads\/2026\/03\/Catherine-Mootian-1024x622.png","1536x1536":"https:\/\/www.alasmedios.com\/wp-content\/uploads\/2026\/03\/Catherine-Mootian-1536x932.png","2048x2048":"https:\/\/www.alasmedios.com\/wp-content\/uploads\/2026\/03\/Catherine-Mootian.png","colormag-highlighted-post":"https:\/\/www.alasmedios.com\/wp-content\/uploads\/2026\/03\/Catherine-Mootian-392x272.png","colormag-featured-post-medium":"https:\/\/www.alasmedios.com\/wp-content\/uploads\/2026\/03\/Catherine-Mootian-390x205.png","colormag-featured-post-small":"https:\/\/www.alasmedios.com\/wp-content\/uploads\/2026\/03\/Catherine-Mootian-130x90.png","colormag-featured-image":"https:\/\/www.alasmedios.com\/wp-content\/uploads\/2026\/03\/Catherine-Mootian-800x445.png","colormag-default-news":"https:\/\/www.alasmedios.com\/wp-content\/uploads\/2026\/03\/Catherine-Mootian-150x150.png","colormag-featured-image-large":"https:\/\/www.alasmedios.com\/wp-content\/uploads\/2026\/03\/Catherine-Mootian-1400x600.png"},"magazineBlocksPostAuthor":{"name":"Keila Rodr\u00edguez Pe\u00f1a","avatar":"https:\/\/secure.gravatar.com\/avatar\/a2553a2bfaa601b9d539b617c8793e151bdffb60f9e48a249912f86d4c9ebeef?s=96&d=mm&r=g"},"magazineBlocksPostCommentsNumber":"0","magazineBlocksPostExcerpt":"Para millones de mujeres y ni\u00f1as, la mutilaci\u00f3n genital femenina (MGF) no termina el d\u00eda del corte; la herida contin\u00faa","magazineBlocksPostCategories":["Ellas Dicen","Mundo","Salud y Sexualidad"],"magazineBlocksPostViewCount":29,"magazineBlocksPostReadTime":4,"magazine_blocks_featured_image_url":{"full":["https:\/\/www.alasmedios.com\/wp-content\/uploads\/2026\/03\/Catherine-Mootian.png",2000,1214,false],"medium":["https:\/\/www.alasmedios.com\/wp-content\/uploads\/2026\/03\/Catherine-Mootian-300x182.png",300,182,true],"thumbnail":["https:\/\/www.alasmedios.com\/wp-content\/uploads\/2026\/03\/Catherine-Mootian-150x150.png",150,150,true]},"magazine_blocks_author":{"display_name":"Keila Rodr\u00edguez Pe\u00f1a","author_link":"https:\/\/www.alasmedios.com\/index.php\/author\/keila\/"},"magazine_blocks_comment":0,"magazine_blocks_author_image":"https:\/\/secure.gravatar.com\/avatar\/a2553a2bfaa601b9d539b617c8793e151bdffb60f9e48a249912f86d4c9ebeef?s=96&d=mm&r=g","magazine_blocks_category":"<a href=\"#\" class=\"category-link category-link-45\">Ellas Dicen<\/a> <a href=\"#\" class=\"category-link category-link-3229\">Mundo<\/a> <a href=\"#\" class=\"category-link category-link-44\">Salud y Sexualidad<\/a>","yoast_head":"<!-- This site is optimized with the Yoast SEO plugin v27.4 - https:\/\/yoast.com\/product\/yoast-seo-wordpress\/ -->\r\n<title>Sobrevivir no es justicia: la vida despu\u00e9s de la mutilaci\u00f3n genital femenina<\/title>\r\n<meta name=\"description\" content=\"Para millones de mujeres y ni\u00f1as, la mutilaci\u00f3n genital femenina (MGF) no termina el d\u00eda del corte; la herida contin\u00faa en forma de trauma\" \/>\r\n<meta name=\"robots\" content=\"index, follow, max-snippet:-1, max-image-preview:large, max-video-preview:-1\" \/>\r\n<link rel=\"canonical\" href=\"https:\/\/www.alasmedios.com\/index.php\/2026\/03\/05\/sobrevivir-no-es-justicia-la-vida-despues-de-la-mutilacion-genital-femenina\/\" \/>\r\n<meta property=\"og:locale\" content=\"es_MX\" \/>\r\n<meta property=\"og:type\" content=\"article\" \/>\r\n<meta property=\"og:title\" content=\"Sobrevivir no es justicia: la vida despu\u00e9s de la mutilaci\u00f3n genital femenina\" \/>\r\n<meta property=\"og:description\" content=\"Para millones de mujeres y ni\u00f1as, la mutilaci\u00f3n genital femenina (MGF) no termina el d\u00eda del corte; la herida contin\u00faa en forma de trauma\" \/>\r\n<meta property=\"og:url\" content=\"https:\/\/www.alasmedios.com\/index.php\/2026\/03\/05\/sobrevivir-no-es-justicia-la-vida-despues-de-la-mutilacion-genital-femenina\/\" \/>\r\n<meta property=\"og:site_name\" content=\"Alas Medios\" \/>\r\n<meta property=\"article:published_time\" content=\"2026-03-05T12:58:00+00:00\" \/>\r\n<meta property=\"article:modified_time\" content=\"2026-03-05T13:39:06+00:00\" \/>\r\n<meta property=\"og:image\" content=\"https:\/\/www.alasmedios.com\/wp-content\/uploads\/2026\/03\/Catherine-Mootian.png\" \/>\r\n\t<meta property=\"og:image:width\" content=\"2000\" \/>\r\n\t<meta property=\"og:image:height\" content=\"1214\" \/>\r\n\t<meta property=\"og:image:type\" content=\"image\/png\" \/>\r\n<meta name=\"author\" content=\"Keila Rodr\u00edguez Pe\u00f1a\" \/>\r\n<meta name=\"twitter:card\" content=\"summary_large_image\" \/>\r\n<meta name=\"twitter:label1\" content=\"Escrito por\" \/>\n\t<meta name=\"twitter:data1\" content=\"Keila Rodr\u00edguez Pe\u00f1a\" \/>\n\t<meta name=\"twitter:label2\" content=\"Tiempo de lectura\" \/>\n\t<meta name=\"twitter:data2\" content=\"3 minutos\" \/>\r\n<script type=\"application\/ld+json\" class=\"yoast-schema-graph\">{\"@context\":\"https:\\\/\\\/schema.org\",\"@graph\":[{\"@type\":\"Article\",\"@id\":\"https:\\\/\\\/www.alasmedios.com\\\/index.php\\\/2026\\\/03\\\/05\\\/sobrevivir-no-es-justicia-la-vida-despues-de-la-mutilacion-genital-femenina\\\/#article\",\"isPartOf\":{\"@id\":\"https:\\\/\\\/www.alasmedios.com\\\/index.php\\\/2026\\\/03\\\/05\\\/sobrevivir-no-es-justicia-la-vida-despues-de-la-mutilacion-genital-femenina\\\/\"},\"author\":{\"name\":\"Keila Rodr\u00edguez Pe\u00f1a\",\"@id\":\"https:\\\/\\\/www.alasmedios.com\\\/#\\\/schema\\\/person\\\/0ba31bdd19a05ebf5c7fef1fedf99c34\"},\"headline\":\"Sobrevivir no es justicia: la vida despu\u00e9s de la mutilaci\u00f3n genital femenina\",\"datePublished\":\"2026-03-05T12:58:00+00:00\",\"dateModified\":\"2026-03-05T13:39:06+00:00\",\"mainEntityOfPage\":{\"@id\":\"https:\\\/\\\/www.alasmedios.com\\\/index.php\\\/2026\\\/03\\\/05\\\/sobrevivir-no-es-justicia-la-vida-despues-de-la-mutilacion-genital-femenina\\\/\"},\"wordCount\":627,\"commentCount\":0,\"publisher\":{\"@id\":\"https:\\\/\\\/www.alasmedios.com\\\/#organization\"},\"image\":{\"@id\":\"https:\\\/\\\/www.alasmedios.com\\\/index.php\\\/2026\\\/03\\\/05\\\/sobrevivir-no-es-justicia-la-vida-despues-de-la-mutilacion-genital-femenina\\\/#primaryimage\"},\"thumbnailUrl\":\"https:\\\/\\\/www.alasmedios.com\\\/wp-content\\\/uploads\\\/2026\\\/03\\\/Catherine-Mootian.png\",\"keywords\":[\"derechos\",\"MGF\",\"mutilaci\u00f3n genital femenina\",\"Salud\"],\"articleSection\":[\"Ellas Dicen\",\"Mundo\",\"Salud y Sexualidad\"],\"inLanguage\":\"es\",\"potentialAction\":[{\"@type\":\"CommentAction\",\"name\":\"Comment\",\"target\":[\"https:\\\/\\\/www.alasmedios.com\\\/index.php\\\/2026\\\/03\\\/05\\\/sobrevivir-no-es-justicia-la-vida-despues-de-la-mutilacion-genital-femenina\\\/#respond\"]}]},{\"@type\":\"WebPage\",\"@id\":\"https:\\\/\\\/www.alasmedios.com\\\/index.php\\\/2026\\\/03\\\/05\\\/sobrevivir-no-es-justicia-la-vida-despues-de-la-mutilacion-genital-femenina\\\/\",\"url\":\"https:\\\/\\\/www.alasmedios.com\\\/index.php\\\/2026\\\/03\\\/05\\\/sobrevivir-no-es-justicia-la-vida-despues-de-la-mutilacion-genital-femenina\\\/\",\"name\":\"Sobrevivir no es justicia: la vida despu\u00e9s de la mutilaci\u00f3n genital femenina\",\"isPartOf\":{\"@id\":\"https:\\\/\\\/www.alasmedios.com\\\/#website\"},\"primaryImageOfPage\":{\"@id\":\"https:\\\/\\\/www.alasmedios.com\\\/index.php\\\/2026\\\/03\\\/05\\\/sobrevivir-no-es-justicia-la-vida-despues-de-la-mutilacion-genital-femenina\\\/#primaryimage\"},\"image\":{\"@id\":\"https:\\\/\\\/www.alasmedios.com\\\/index.php\\\/2026\\\/03\\\/05\\\/sobrevivir-no-es-justicia-la-vida-despues-de-la-mutilacion-genital-femenina\\\/#primaryimage\"},\"thumbnailUrl\":\"https:\\\/\\\/www.alasmedios.com\\\/wp-content\\\/uploads\\\/2026\\\/03\\\/Catherine-Mootian.png\",\"datePublished\":\"2026-03-05T12:58:00+00:00\",\"dateModified\":\"2026-03-05T13:39:06+00:00\",\"description\":\"Para millones de mujeres y ni\u00f1as, la mutilaci\u00f3n genital femenina (MGF) no termina el d\u00eda del corte; la herida contin\u00faa en forma de trauma\",\"breadcrumb\":{\"@id\":\"https:\\\/\\\/www.alasmedios.com\\\/index.php\\\/2026\\\/03\\\/05\\\/sobrevivir-no-es-justicia-la-vida-despues-de-la-mutilacion-genital-femenina\\\/#breadcrumb\"},\"inLanguage\":\"es\",\"potentialAction\":[{\"@type\":\"ReadAction\",\"target\":[\"https:\\\/\\\/www.alasmedios.com\\\/index.php\\\/2026\\\/03\\\/05\\\/sobrevivir-no-es-justicia-la-vida-despues-de-la-mutilacion-genital-femenina\\\/\"]}]},{\"@type\":\"ImageObject\",\"inLanguage\":\"es\",\"@id\":\"https:\\\/\\\/www.alasmedios.com\\\/index.php\\\/2026\\\/03\\\/05\\\/sobrevivir-no-es-justicia-la-vida-despues-de-la-mutilacion-genital-femenina\\\/#primaryimage\",\"url\":\"https:\\\/\\\/www.alasmedios.com\\\/wp-content\\\/uploads\\\/2026\\\/03\\\/Catherine-Mootian.png\",\"contentUrl\":\"https:\\\/\\\/www.alasmedios.com\\\/wp-content\\\/uploads\\\/2026\\\/03\\\/Catherine-Mootian.png\",\"width\":2000,\"height\":1214},{\"@type\":\"BreadcrumbList\",\"@id\":\"https:\\\/\\\/www.alasmedios.com\\\/index.php\\\/2026\\\/03\\\/05\\\/sobrevivir-no-es-justicia-la-vida-despues-de-la-mutilacion-genital-femenina\\\/#breadcrumb\",\"itemListElement\":[{\"@type\":\"ListItem\",\"position\":1,\"name\":\"Inicio\",\"item\":\"https:\\\/\\\/www.alasmedios.com\\\/\"},{\"@type\":\"ListItem\",\"position\":2,\"name\":\"Sobrevivir no es justicia: la vida despu\u00e9s de la mutilaci\u00f3n genital femenina\"}]},{\"@type\":\"WebSite\",\"@id\":\"https:\\\/\\\/www.alasmedios.com\\\/#website\",\"url\":\"https:\\\/\\\/www.alasmedios.com\\\/\",\"name\":\"Alas Medios\",\"description\":\"Alas para pensar, Alas para volar, Alas de libertad\",\"publisher\":{\"@id\":\"https:\\\/\\\/www.alasmedios.com\\\/#organization\"},\"potentialAction\":[{\"@type\":\"SearchAction\",\"target\":{\"@type\":\"EntryPoint\",\"urlTemplate\":\"https:\\\/\\\/www.alasmedios.com\\\/?s={search_term_string}\"},\"query-input\":{\"@type\":\"PropertyValueSpecification\",\"valueRequired\":true,\"valueName\":\"search_term_string\"}}],\"inLanguage\":\"es\"},{\"@type\":\"Organization\",\"@id\":\"https:\\\/\\\/www.alasmedios.com\\\/#organization\",\"name\":\"Alas Medios\",\"url\":\"https:\\\/\\\/www.alasmedios.com\\\/\",\"logo\":{\"@type\":\"ImageObject\",\"inLanguage\":\"es\",\"@id\":\"https:\\\/\\\/www.alasmedios.com\\\/#\\\/schema\\\/logo\\\/image\\\/\",\"url\":\"https:\\\/\\\/www.alasmedios.com\\\/wp-content\\\/uploads\\\/2026\\\/01\\\/cropped-cropped-GAM-1.png\",\"contentUrl\":\"https:\\\/\\\/www.alasmedios.com\\\/wp-content\\\/uploads\\\/2026\\\/01\\\/cropped-cropped-GAM-1.png\",\"width\":467,\"height\":235,\"caption\":\"Alas Medios\"},\"image\":{\"@id\":\"https:\\\/\\\/www.alasmedios.com\\\/#\\\/schema\\\/logo\\\/image\\\/\"}},{\"@type\":\"Person\",\"@id\":\"https:\\\/\\\/www.alasmedios.com\\\/#\\\/schema\\\/person\\\/0ba31bdd19a05ebf5c7fef1fedf99c34\",\"name\":\"Keila Rodr\u00edguez Pe\u00f1a\",\"image\":{\"@type\":\"ImageObject\",\"inLanguage\":\"es\",\"@id\":\"https:\\\/\\\/secure.gravatar.com\\\/avatar\\\/a2553a2bfaa601b9d539b617c8793e151bdffb60f9e48a249912f86d4c9ebeef?s=96&d=mm&r=g\",\"url\":\"https:\\\/\\\/secure.gravatar.com\\\/avatar\\\/a2553a2bfaa601b9d539b617c8793e151bdffb60f9e48a249912f86d4c9ebeef?s=96&d=mm&r=g\",\"contentUrl\":\"https:\\\/\\\/secure.gravatar.com\\\/avatar\\\/a2553a2bfaa601b9d539b617c8793e151bdffb60f9e48a249912f86d4c9ebeef?s=96&d=mm&r=g\",\"caption\":\"Keila Rodr\u00edguez Pe\u00f1a\"},\"sameAs\":[\"http:\\\/\\\/www.alasmedios.com\"],\"url\":\"https:\\\/\\\/www.alasmedios.com\\\/index.php\\\/author\\\/keila\\\/\"}]}<\/script>\r\n<!-- \/ Yoast SEO plugin. -->","yoast_head_json":{"title":"Sobrevivir no es justicia: la vida despu\u00e9s de la mutilaci\u00f3n genital femenina","description":"Para millones de mujeres y ni\u00f1as, la mutilaci\u00f3n genital femenina (MGF) no termina el d\u00eda del corte; la herida contin\u00faa en forma de trauma","robots":{"index":"index","follow":"follow","max-snippet":"max-snippet:-1","max-image-preview":"max-image-preview:large","max-video-preview":"max-video-preview:-1"},"canonical":"https:\/\/www.alasmedios.com\/index.php\/2026\/03\/05\/sobrevivir-no-es-justicia-la-vida-despues-de-la-mutilacion-genital-femenina\/","og_locale":"es_MX","og_type":"article","og_title":"Sobrevivir no es justicia: la vida despu\u00e9s de la mutilaci\u00f3n genital femenina","og_description":"Para millones de mujeres y ni\u00f1as, la mutilaci\u00f3n genital femenina (MGF) no termina el d\u00eda del corte; la herida contin\u00faa en forma de trauma","og_url":"https:\/\/www.alasmedios.com\/index.php\/2026\/03\/05\/sobrevivir-no-es-justicia-la-vida-despues-de-la-mutilacion-genital-femenina\/","og_site_name":"Alas Medios","article_published_time":"2026-03-05T12:58:00+00:00","article_modified_time":"2026-03-05T13:39:06+00:00","og_image":[{"width":2000,"height":1214,"url":"https:\/\/www.alasmedios.com\/wp-content\/uploads\/2026\/03\/Catherine-Mootian.png","type":"image\/png"}],"author":"Keila Rodr\u00edguez Pe\u00f1a","twitter_card":"summary_large_image","twitter_misc":{"Escrito por":"Keila Rodr\u00edguez Pe\u00f1a","Tiempo de lectura":"3 minutos"},"schema":{"@context":"https:\/\/schema.org","@graph":[{"@type":"Article","@id":"https:\/\/www.alasmedios.com\/index.php\/2026\/03\/05\/sobrevivir-no-es-justicia-la-vida-despues-de-la-mutilacion-genital-femenina\/#article","isPartOf":{"@id":"https:\/\/www.alasmedios.com\/index.php\/2026\/03\/05\/sobrevivir-no-es-justicia-la-vida-despues-de-la-mutilacion-genital-femenina\/"},"author":{"name":"Keila Rodr\u00edguez Pe\u00f1a","@id":"https:\/\/www.alasmedios.com\/#\/schema\/person\/0ba31bdd19a05ebf5c7fef1fedf99c34"},"headline":"Sobrevivir no es justicia: la vida despu\u00e9s de la mutilaci\u00f3n genital femenina","datePublished":"2026-03-05T12:58:00+00:00","dateModified":"2026-03-05T13:39:06+00:00","mainEntityOfPage":{"@id":"https:\/\/www.alasmedios.com\/index.php\/2026\/03\/05\/sobrevivir-no-es-justicia-la-vida-despues-de-la-mutilacion-genital-femenina\/"},"wordCount":627,"commentCount":0,"publisher":{"@id":"https:\/\/www.alasmedios.com\/#organization"},"image":{"@id":"https:\/\/www.alasmedios.com\/index.php\/2026\/03\/05\/sobrevivir-no-es-justicia-la-vida-despues-de-la-mutilacion-genital-femenina\/#primaryimage"},"thumbnailUrl":"https:\/\/www.alasmedios.com\/wp-content\/uploads\/2026\/03\/Catherine-Mootian.png","keywords":["derechos","MGF","mutilaci\u00f3n genital femenina","Salud"],"articleSection":["Ellas Dicen","Mundo","Salud y Sexualidad"],"inLanguage":"es","potentialAction":[{"@type":"CommentAction","name":"Comment","target":["https:\/\/www.alasmedios.com\/index.php\/2026\/03\/05\/sobrevivir-no-es-justicia-la-vida-despues-de-la-mutilacion-genital-femenina\/#respond"]}]},{"@type":"WebPage","@id":"https:\/\/www.alasmedios.com\/index.php\/2026\/03\/05\/sobrevivir-no-es-justicia-la-vida-despues-de-la-mutilacion-genital-femenina\/","url":"https:\/\/www.alasmedios.com\/index.php\/2026\/03\/05\/sobrevivir-no-es-justicia-la-vida-despues-de-la-mutilacion-genital-femenina\/","name":"Sobrevivir no es justicia: la vida despu\u00e9s de la mutilaci\u00f3n genital femenina","isPartOf":{"@id":"https:\/\/www.alasmedios.com\/#website"},"primaryImageOfPage":{"@id":"https:\/\/www.alasmedios.com\/index.php\/2026\/03\/05\/sobrevivir-no-es-justicia-la-vida-despues-de-la-mutilacion-genital-femenina\/#primaryimage"},"image":{"@id":"https:\/\/www.alasmedios.com\/index.php\/2026\/03\/05\/sobrevivir-no-es-justicia-la-vida-despues-de-la-mutilacion-genital-femenina\/#primaryimage"},"thumbnailUrl":"https:\/\/www.alasmedios.com\/wp-content\/uploads\/2026\/03\/Catherine-Mootian.png","datePublished":"2026-03-05T12:58:00+00:00","dateModified":"2026-03-05T13:39:06+00:00","description":"Para millones de mujeres y ni\u00f1as, la mutilaci\u00f3n genital femenina (MGF) no termina el d\u00eda del corte; la herida contin\u00faa en forma de trauma","breadcrumb":{"@id":"https:\/\/www.alasmedios.com\/index.php\/2026\/03\/05\/sobrevivir-no-es-justicia-la-vida-despues-de-la-mutilacion-genital-femenina\/#breadcrumb"},"inLanguage":"es","potentialAction":[{"@type":"ReadAction","target":["https:\/\/www.alasmedios.com\/index.php\/2026\/03\/05\/sobrevivir-no-es-justicia-la-vida-despues-de-la-mutilacion-genital-femenina\/"]}]},{"@type":"ImageObject","inLanguage":"es","@id":"https:\/\/www.alasmedios.com\/index.php\/2026\/03\/05\/sobrevivir-no-es-justicia-la-vida-despues-de-la-mutilacion-genital-femenina\/#primaryimage","url":"https:\/\/www.alasmedios.com\/wp-content\/uploads\/2026\/03\/Catherine-Mootian.png","contentUrl":"https:\/\/www.alasmedios.com\/wp-content\/uploads\/2026\/03\/Catherine-Mootian.png","width":2000,"height":1214},{"@type":"BreadcrumbList","@id":"https:\/\/www.alasmedios.com\/index.php\/2026\/03\/05\/sobrevivir-no-es-justicia-la-vida-despues-de-la-mutilacion-genital-femenina\/#breadcrumb","itemListElement":[{"@type":"ListItem","position":1,"name":"Inicio","item":"https:\/\/www.alasmedios.com\/"},{"@type":"ListItem","position":2,"name":"Sobrevivir no es justicia: la vida despu\u00e9s de la mutilaci\u00f3n genital femenina"}]},{"@type":"WebSite","@id":"https:\/\/www.alasmedios.com\/#website","url":"https:\/\/www.alasmedios.com\/","name":"Alas Medios","description":"Alas para pensar, Alas para volar, Alas de libertad","publisher":{"@id":"https:\/\/www.alasmedios.com\/#organization"},"potentialAction":[{"@type":"SearchAction","target":{"@type":"EntryPoint","urlTemplate":"https:\/\/www.alasmedios.com\/?s={search_term_string}"},"query-input":{"@type":"PropertyValueSpecification","valueRequired":true,"valueName":"search_term_string"}}],"inLanguage":"es"},{"@type":"Organization","@id":"https:\/\/www.alasmedios.com\/#organization","name":"Alas Medios","url":"https:\/\/www.alasmedios.com\/","logo":{"@type":"ImageObject","inLanguage":"es","@id":"https:\/\/www.alasmedios.com\/#\/schema\/logo\/image\/","url":"https:\/\/www.alasmedios.com\/wp-content\/uploads\/2026\/01\/cropped-cropped-GAM-1.png","contentUrl":"https:\/\/www.alasmedios.com\/wp-content\/uploads\/2026\/01\/cropped-cropped-GAM-1.png","width":467,"height":235,"caption":"Alas Medios"},"image":{"@id":"https:\/\/www.alasmedios.com\/#\/schema\/logo\/image\/"}},{"@type":"Person","@id":"https:\/\/www.alasmedios.com\/#\/schema\/person\/0ba31bdd19a05ebf5c7fef1fedf99c34","name":"Keila Rodr\u00edguez Pe\u00f1a","image":{"@type":"ImageObject","inLanguage":"es","@id":"https:\/\/secure.gravatar.com\/avatar\/a2553a2bfaa601b9d539b617c8793e151bdffb60f9e48a249912f86d4c9ebeef?s=96&d=mm&r=g","url":"https:\/\/secure.gravatar.com\/avatar\/a2553a2bfaa601b9d539b617c8793e151bdffb60f9e48a249912f86d4c9ebeef?s=96&d=mm&r=g","contentUrl":"https:\/\/secure.gravatar.com\/avatar\/a2553a2bfaa601b9d539b617c8793e151bdffb60f9e48a249912f86d4c9ebeef?s=96&d=mm&r=g","caption":"Keila Rodr\u00edguez Pe\u00f1a"},"sameAs":["http:\/\/www.alasmedios.com"],"url":"https:\/\/www.alasmedios.com\/index.php\/author\/keila\/"}]}},"_links":{"self":[{"href":"https:\/\/www.alasmedios.com\/index.php\/wp-json\/wp\/v2\/posts\/8087","targetHints":{"allow":["GET"]}}],"collection":[{"href":"https:\/\/www.alasmedios.com\/index.php\/wp-json\/wp\/v2\/posts"}],"about":[{"href":"https:\/\/www.alasmedios.com\/index.php\/wp-json\/wp\/v2\/types\/post"}],"author":[{"embeddable":true,"href":"https:\/\/www.alasmedios.com\/index.php\/wp-json\/wp\/v2\/users\/4"}],"replies":[{"embeddable":true,"href":"https:\/\/www.alasmedios.com\/index.php\/wp-json\/wp\/v2\/comments?post=8087"}],"version-history":[{"count":1,"href":"https:\/\/www.alasmedios.com\/index.php\/wp-json\/wp\/v2\/posts\/8087\/revisions"}],"predecessor-version":[{"id":8091,"href":"https:\/\/www.alasmedios.com\/index.php\/wp-json\/wp\/v2\/posts\/8087\/revisions\/8091"}],"wp:featuredmedia":[{"embeddable":true,"href":"https:\/\/www.alasmedios.com\/index.php\/wp-json\/wp\/v2\/media\/8089"}],"wp:attachment":[{"href":"https:\/\/www.alasmedios.com\/index.php\/wp-json\/wp\/v2\/media?parent=8087"}],"wp:term":[{"taxonomy":"category","embeddable":true,"href":"https:\/\/www.alasmedios.com\/index.php\/wp-json\/wp\/v2\/categories?post=8087"},{"taxonomy":"post_tag","embeddable":true,"href":"https:\/\/www.alasmedios.com\/index.php\/wp-json\/wp\/v2\/tags?post=8087"}],"curies":[{"name":"wp","href":"https:\/\/api.w.org\/{rel}","templated":true}]}}