{"id":8081,"date":"2026-03-04T13:37:29","date_gmt":"2026-03-04T19:37:29","guid":{"rendered":"https:\/\/www.alasmedios.com\/?p=8081"},"modified":"2026-03-04T13:37:36","modified_gmt":"2026-03-04T19:37:36","slug":"vida-digna-requiere-salud-mental-seguridad-alimentaria-y-estabilidad-economica","status":"publish","type":"post","link":"https:\/\/www.alasmedios.com\/index.php\/2026\/03\/04\/vida-digna-requiere-salud-mental-seguridad-alimentaria-y-estabilidad-economica\/","title":{"rendered":"Vida digna requiere salud mental, seguridad alimentaria y estabilidad econ\u00f3mica"},"content":{"rendered":"\n<p>Tener una <strong>vida digna<\/strong> requiere de un enfoque de <strong>bienestar <\/strong>m\u00faltiple, la<strong> econom\u00eda,<\/strong> la <strong>salud<\/strong>, incluso la alimentaci\u00f3n juegan un papel importante.<\/p>\n\n\n\n<p>El concepto de <strong>vida digna<\/strong>, m\u00e1s all\u00e1 de una idea aspiracional, est\u00e1 estrechamente relacionado con <strong>acceso a salud mental integral<\/strong>, <strong>seguridad alimentaria real<\/strong> y <strong>estabilidad econ\u00f3mica<\/strong> que permita vivir sin carencias b\u00e1sicas, seg\u00fan datos de organismos internacionales y estudios especializados.<\/p>\n\n\n\n<h3 class=\"wp-block-heading\"><strong>Salud mental como base del bienestar<\/strong><\/h3>\n\n\n\n<p>La <strong>salud mental<\/strong> se ha convertido en una crisis global, afectando a m\u00e1s de <strong>mil millones de personas en el mundo<\/strong>, con trastornos como <strong>depresi\u00f3n y ansiedad<\/strong> entre los m\u00e1s prevalentes, y mayores tasas observadas en mujeres que en hombres, especialmente entre quienes cargan con m\u00faltiples roles sociales y laborales. <\/p>\n\n\n\n<p>CONTIN\u00daA LEYENDO: <a href=\"https:\/\/www.alasmedios.com\/index.php\/2025\/08\/14\/seguridad-social-el-talon-de-aquiles-casi-la-mitad-de-mexico-sin-proteccion\/\" type=\"post\" id=\"5807\">Seguridad social, el tal\u00f3n de Aquiles: casi la mitad de M\u00e9xico sin protecci\u00f3n<\/a><\/p>\n\n\n\n<p>La carga de estos padecimientos impacta el bienestar personal, la productividad y la cohesi\u00f3n social.<\/p>\n\n\n\n<p>Pero el acceso a la <strong>salud mental<\/strong> no siempre es posible, en muchos casos depende de la econom\u00eda y algunos m\u00e1s del acceso a la alimentaci\u00f3n.<\/p>\n\n\n\n<h3 class=\"wp-block-heading\"><strong>Acceso a alimentos adecuados y seguridad alimentaria<\/strong><\/h3>\n\n\n\n<p>La <strong>seguridad alimentaria<\/strong> es otro pilar de la dignidad humana; a nivel global, un n\u00famero elevado de personas enfrenta<strong> inseguridad alimentaria<\/strong>, lo que significa que no pueden acceder regularmente a alimentos suficientes, inocuos y nutritivos. <\/p>\n\n\n\n<p>En 2023, alrededor del <strong>28,9% de la poblaci\u00f3n mundial (unos 2 330 millones de personas)<\/strong> experiment\u00f3 <strong>inseguridad alimentaria moderada o grave<\/strong>, seg\u00fan estimaciones de agencias de la ONU como la <strong>FAO<\/strong>, <strong>UNICEF<\/strong> y el <strong>Programa Mundial de Alimentos<\/strong>. Esta situaci\u00f3n est\u00e1 lejos de la meta global de erradicar el hambre para 2030 (ODS 2).<\/p>\n\n\n\n<p>En <strong>Am\u00e9rica Latina y el Caribe<\/strong>, la regi\u00f3n ha registrado avances en la reducci\u00f3n de la subalimentaci\u00f3n por cuarto a\u00f1o consecutivo, aunque persisten retos relacionados con el acceso econ\u00f3mico a una <strong>dieta saludable<\/strong>.<\/p>\n\n\n\n<h3 class=\"wp-block-heading\"><strong>La econom\u00eda como factor determinante<\/strong><\/h3>\n\n\n\n<p>La <strong>estabilidad econ\u00f3mica<\/strong> individual y familiar es esencial para que las personas puedan satisfacer necesidades b\u00e1sicas como alimentaci\u00f3n, vivienda, salud y educaci\u00f3n. <\/p>\n\n\n\n<p>TE PUEDE INTERESAR: <a href=\"https:\/\/www.alasmedios.com\/index.php\/2024\/10\/18\/inseguridad-alimentaria\/\" type=\"post\" id=\"2321\">Inseguridad alimentaria<\/a><\/p>\n\n\n\n<p>Indicadores de desarrollo humano y bienestar demuestran que la falta de ingresos adecuados y la <strong>pobreza estructural<\/strong> tienen efectos negativos profundos sobre la<strong> salud f\u00edsica y mental<\/strong>. <\/p>\n\n\n\n<p>La <strong>Organizaci\u00f3n Mundial de la Salud (OMS)<\/strong> se\u00f1ala que factores sociales como la pobreza, el desempleo y la discriminaci\u00f3n pueden tener un impacto mayor en la salud y bienestar que incluso factores gen\u00e9ticos, e incluso reducir la esperanza de vida hasta en d\u00e9cadas en contextos de desigualdad extrema.<\/p>\n\n\n\n<h3 class=\"wp-block-heading\"><strong>Una vida digna es multidimensional<\/strong><\/h3>\n\n\n\n<p>El concepto de <strong>igualdad social<\/strong> est\u00e1 estrechamente vinculado con la capacidad de las personas para ejercer sus derechos civiles y sociales, lo que incluye condiciones para acceder a <strong>servicios de salud, educaci\u00f3n, alimentaci\u00f3n adecuada y oportunidades econ\u00f3micas sostenibles<\/strong>. <\/p>\n\n\n\n<p>La falta de estos elementos limita la posibilidad de llevar una vida plena, saludable y segura.<\/p>\n\n\n\n<p>TE PUEDE INTERESAR: <a href=\"https:\/\/www.alasmedios.com\/index.php\/2026\/02\/12\/comer-bien-con-24-pesos-tulancingo-apuesta-por-comedores-municipales\/\" type=\"post\" id=\"7806\">Comer bien con 24 pesos: Tulancingo apuesta por comedores municipales<\/a><\/p>\n\n\n\n<p>En conjunto, <strong>salud mental, seguridad alimentaria y estabilidad econ\u00f3mica<\/strong> emergen como componentes inseparables de una <strong>vida digna<\/strong>: la ausencia de alguno de estos factores afecta el bienestar individual, repercute en el tejido social, profundizando desigualdades y perpetuando vulnerabilidades. <\/p>\n\n\n<ul class=\"wp-block-latest-posts__list is-grid columns-3 wp-block-latest-posts\"><li><div class=\"wp-block-latest-posts__featured-image\"><img loading=\"lazy\" decoding=\"async\" width=\"150\" height=\"150\" src=\"https:\/\/www.alasmedios.com\/wp-content\/uploads\/2026\/04\/Argentina-decomisan-bienes-Cristina-Kirchner-150x150.png\" class=\"attachment-thumbnail size-thumbnail wp-post-image\" alt=\"\" style=\"\" \/><\/div><a class=\"wp-block-latest-posts__post-title\" href=\"https:\/\/www.alasmedios.com\/index.php\/2026\/04\/25\/caso-vialidad-argentina-ratifica-decomiso-millonario-a-cristina-kirchner\/\">Caso Vialidad: Argentina ratifica decomiso millonario a Cristina Kirchner<\/a><\/li>\n<li><div class=\"wp-block-latest-posts__featured-image\"><img loading=\"lazy\" decoding=\"async\" width=\"150\" height=\"150\" src=\"https:\/\/www.alasmedios.com\/wp-content\/uploads\/2026\/04\/Puebla-desaparecida-Aguascalientes-150x150.jpeg\" class=\"attachment-thumbnail size-thumbnail wp-post-image\" alt=\"\" style=\"\" \/><\/div><a class=\"wp-block-latest-posts__post-title\" href=\"https:\/\/www.alasmedios.com\/index.php\/2026\/04\/25\/localizan-con-vida-en-aguascalientes-a-adolescente-desaparecida-en-puebla\/\">Localizan con vida en Aguascalientes a adolescente desaparecida en Puebla<\/a><\/li>\n<li><div class=\"wp-block-latest-posts__featured-image\"><img loading=\"lazy\" decoding=\"async\" width=\"150\" height=\"150\" src=\"https:\/\/www.alasmedios.com\/wp-content\/uploads\/2026\/04\/podio-de-la-Copa-del-Mundo-de-Ciclismo-150x150.jpg\" class=\"attachment-thumbnail size-thumbnail wp-post-image\" alt=\"\" style=\"\" \/><\/div><a class=\"wp-block-latest-posts__post-title\" href=\"https:\/\/www.alasmedios.com\/index.php\/2026\/04\/25\/mexico-arranca-con-doble-podio-en-la-copa-del-mundo-de-pista-en-malasia\/\">M\u00e9xico arranca con doble podio en la Copa del Mundo de Pista en Malasia<\/a><\/li>\n<\/ul>","protected":false},"excerpt":{"rendered":"<p>Tener una vida digna requiere de un enfoque de bienestar m\u00faltiple, la econom\u00eda, la salud, incluso la alimentaci\u00f3n juegan un<\/p>\n","protected":false},"author":4,"featured_media":8082,"comment_status":"open","ping_status":"open","sticky":false,"template":"","format":"standard","meta":{"colormag_page_container_layout":"default_layout","colormag_page_sidebar_layout":"default_layout","rop_custom_images_group":[],"rop_custom_messages_group":[],"rop_publish_now":"initial","rop_publish_now_accounts":[],"rop_publish_now_history":[],"rop_publish_now_status":"pending","iawp_total_views":3,"footnotes":""},"categories":[42],"tags":[603,136,3442,2840],"class_list":["post-8081","post","type-post","status-publish","format-standard","has-post-thumbnail","hentry","category-familia_salud","tag-economia","tag-salud","tag-seguridad-alimentaria","tag-vida-digna"],"magazineBlocksPostFeaturedMedia":{"thumbnail":"https:\/\/www.alasmedios.com\/wp-content\/uploads\/2026\/03\/vida-digna-150x150.png","medium":"https:\/\/www.alasmedios.com\/wp-content\/uploads\/2026\/03\/vida-digna-300x182.png","medium_large":"https:\/\/www.alasmedios.com\/wp-content\/uploads\/2026\/03\/vida-digna-768x466.png","large":"https:\/\/www.alasmedios.com\/wp-content\/uploads\/2026\/03\/vida-digna-1024x622.png","1536x1536":"https:\/\/www.alasmedios.com\/wp-content\/uploads\/2026\/03\/vida-digna-1536x932.png","2048x2048":"https:\/\/www.alasmedios.com\/wp-content\/uploads\/2026\/03\/vida-digna.png","colormag-highlighted-post":"https:\/\/www.alasmedios.com\/wp-content\/uploads\/2026\/03\/vida-digna-392x272.png","colormag-featured-post-medium":"https:\/\/www.alasmedios.com\/wp-content\/uploads\/2026\/03\/vida-digna-390x205.png","colormag-featured-post-small":"https:\/\/www.alasmedios.com\/wp-content\/uploads\/2026\/03\/vida-digna-130x90.png","colormag-featured-image":"https:\/\/www.alasmedios.com\/wp-content\/uploads\/2026\/03\/vida-digna-800x445.png","colormag-default-news":"https:\/\/www.alasmedios.com\/wp-content\/uploads\/2026\/03\/vida-digna-150x150.png","colormag-featured-image-large":"https:\/\/www.alasmedios.com\/wp-content\/uploads\/2026\/03\/vida-digna-1400x600.png"},"magazineBlocksPostAuthor":{"name":"Keila Rodr\u00edguez Pe\u00f1a","avatar":"https:\/\/secure.gravatar.com\/avatar\/a2553a2bfaa601b9d539b617c8793e151bdffb60f9e48a249912f86d4c9ebeef?s=96&d=mm&r=g"},"magazineBlocksPostCommentsNumber":"0","magazineBlocksPostExcerpt":"Tener una vida digna requiere de un enfoque de bienestar m\u00faltiple, la econom\u00eda, la salud, incluso la alimentaci\u00f3n juegan un","magazineBlocksPostCategories":["Familia y Bienestar"],"magazineBlocksPostViewCount":19,"magazineBlocksPostReadTime":3,"magazine_blocks_featured_image_url":{"full":["https:\/\/www.alasmedios.com\/wp-content\/uploads\/2026\/03\/vida-digna.png",2000,1214,false],"medium":["https:\/\/www.alasmedios.com\/wp-content\/uploads\/2026\/03\/vida-digna-300x182.png",300,182,true],"thumbnail":["https:\/\/www.alasmedios.com\/wp-content\/uploads\/2026\/03\/vida-digna-150x150.png",150,150,true]},"magazine_blocks_author":{"display_name":"Keila Rodr\u00edguez Pe\u00f1a","author_link":"https:\/\/www.alasmedios.com\/index.php\/author\/keila\/"},"magazine_blocks_comment":0,"magazine_blocks_author_image":"https:\/\/secure.gravatar.com\/avatar\/a2553a2bfaa601b9d539b617c8793e151bdffb60f9e48a249912f86d4c9ebeef?s=96&d=mm&r=g","magazine_blocks_category":"<a href=\"#\" class=\"category-link category-link-42\">Familia y Bienestar<\/a>","yoast_head":"<!-- This site is optimized with the Yoast SEO plugin v27.4 - https:\/\/yoast.com\/product\/yoast-seo-wordpress\/ -->\r\n<title>Vida digna requiere salud mental, seguridad alimentaria y estabilidad econ\u00f3mica<\/title>\r\n<meta name=\"description\" content=\"Tener una vida digna requiere de un enfoque de bienestar m\u00faltiple, la econom\u00eda, la salud, incluso la alimentaci\u00f3n juegan un papel importante\" \/>\r\n<meta name=\"robots\" content=\"index, follow, max-snippet:-1, max-image-preview:large, max-video-preview:-1\" \/>\r\n<link rel=\"canonical\" href=\"https:\/\/www.alasmedios.com\/index.php\/2026\/03\/04\/vida-digna-requiere-salud-mental-seguridad-alimentaria-y-estabilidad-economica\/\" \/>\r\n<meta property=\"og:locale\" content=\"es_MX\" \/>\r\n<meta property=\"og:type\" content=\"article\" \/>\r\n<meta property=\"og:title\" content=\"Vida digna requiere salud mental, seguridad alimentaria y estabilidad econ\u00f3mica\" \/>\r\n<meta property=\"og:description\" content=\"Tener una vida digna requiere de un enfoque de bienestar m\u00faltiple, la econom\u00eda, la salud, incluso la alimentaci\u00f3n juegan un papel importante\" \/>\r\n<meta property=\"og:url\" content=\"https:\/\/www.alasmedios.com\/index.php\/2026\/03\/04\/vida-digna-requiere-salud-mental-seguridad-alimentaria-y-estabilidad-economica\/\" \/>\r\n<meta property=\"og:site_name\" content=\"Alas Medios\" \/>\r\n<meta property=\"article:published_time\" content=\"2026-03-04T19:37:29+00:00\" \/>\r\n<meta property=\"article:modified_time\" content=\"2026-03-04T19:37:36+00:00\" \/>\r\n<meta property=\"og:image\" content=\"https:\/\/www.alasmedios.com\/wp-content\/uploads\/2026\/03\/vida-digna-1024x622.png\" \/>\r\n\t<meta property=\"og:image:width\" content=\"1024\" \/>\r\n\t<meta property=\"og:image:height\" content=\"622\" \/>\r\n\t<meta property=\"og:image:type\" content=\"image\/png\" \/>\r\n<meta name=\"author\" content=\"Keila Rodr\u00edguez Pe\u00f1a\" \/>\r\n<meta name=\"twitter:card\" content=\"summary_large_image\" \/>\r\n<meta name=\"twitter:label1\" content=\"Escrito por\" \/>\n\t<meta name=\"twitter:data1\" content=\"Keila Rodr\u00edguez Pe\u00f1a\" \/>\n\t<meta name=\"twitter:label2\" content=\"Tiempo de lectura\" \/>\n\t<meta name=\"twitter:data2\" content=\"3 minutos\" \/>\r\n<script type=\"application\/ld+json\" class=\"yoast-schema-graph\">{\"@context\":\"https:\\\/\\\/schema.org\",\"@graph\":[{\"@type\":\"Article\",\"@id\":\"https:\\\/\\\/www.alasmedios.com\\\/index.php\\\/2026\\\/03\\\/04\\\/vida-digna-requiere-salud-mental-seguridad-alimentaria-y-estabilidad-economica\\\/#article\",\"isPartOf\":{\"@id\":\"https:\\\/\\\/www.alasmedios.com\\\/index.php\\\/2026\\\/03\\\/04\\\/vida-digna-requiere-salud-mental-seguridad-alimentaria-y-estabilidad-economica\\\/\"},\"author\":{\"name\":\"Keila Rodr\u00edguez Pe\u00f1a\",\"@id\":\"https:\\\/\\\/www.alasmedios.com\\\/#\\\/schema\\\/person\\\/0ba31bdd19a05ebf5c7fef1fedf99c34\"},\"headline\":\"Vida digna requiere salud mental, seguridad alimentaria y estabilidad econ\u00f3mica\",\"datePublished\":\"2026-03-04T19:37:29+00:00\",\"dateModified\":\"2026-03-04T19:37:36+00:00\",\"mainEntityOfPage\":{\"@id\":\"https:\\\/\\\/www.alasmedios.com\\\/index.php\\\/2026\\\/03\\\/04\\\/vida-digna-requiere-salud-mental-seguridad-alimentaria-y-estabilidad-economica\\\/\"},\"wordCount\":568,\"commentCount\":0,\"publisher\":{\"@id\":\"https:\\\/\\\/www.alasmedios.com\\\/#organization\"},\"image\":{\"@id\":\"https:\\\/\\\/www.alasmedios.com\\\/index.php\\\/2026\\\/03\\\/04\\\/vida-digna-requiere-salud-mental-seguridad-alimentaria-y-estabilidad-economica\\\/#primaryimage\"},\"thumbnailUrl\":\"https:\\\/\\\/www.alasmedios.com\\\/wp-content\\\/uploads\\\/2026\\\/03\\\/vida-digna.png\",\"keywords\":[\"econom\u00eda\",\"Salud\",\"seguridad alimentaria\",\"vida digna\"],\"articleSection\":[\"Familia y Bienestar\"],\"inLanguage\":\"es\",\"potentialAction\":[{\"@type\":\"CommentAction\",\"name\":\"Comment\",\"target\":[\"https:\\\/\\\/www.alasmedios.com\\\/index.php\\\/2026\\\/03\\\/04\\\/vida-digna-requiere-salud-mental-seguridad-alimentaria-y-estabilidad-economica\\\/#respond\"]}]},{\"@type\":\"WebPage\",\"@id\":\"https:\\\/\\\/www.alasmedios.com\\\/index.php\\\/2026\\\/03\\\/04\\\/vida-digna-requiere-salud-mental-seguridad-alimentaria-y-estabilidad-economica\\\/\",\"url\":\"https:\\\/\\\/www.alasmedios.com\\\/index.php\\\/2026\\\/03\\\/04\\\/vida-digna-requiere-salud-mental-seguridad-alimentaria-y-estabilidad-economica\\\/\",\"name\":\"Vida digna requiere salud mental, seguridad alimentaria y estabilidad econ\u00f3mica\",\"isPartOf\":{\"@id\":\"https:\\\/\\\/www.alasmedios.com\\\/#website\"},\"primaryImageOfPage\":{\"@id\":\"https:\\\/\\\/www.alasmedios.com\\\/index.php\\\/2026\\\/03\\\/04\\\/vida-digna-requiere-salud-mental-seguridad-alimentaria-y-estabilidad-economica\\\/#primaryimage\"},\"image\":{\"@id\":\"https:\\\/\\\/www.alasmedios.com\\\/index.php\\\/2026\\\/03\\\/04\\\/vida-digna-requiere-salud-mental-seguridad-alimentaria-y-estabilidad-economica\\\/#primaryimage\"},\"thumbnailUrl\":\"https:\\\/\\\/www.alasmedios.com\\\/wp-content\\\/uploads\\\/2026\\\/03\\\/vida-digna.png\",\"datePublished\":\"2026-03-04T19:37:29+00:00\",\"dateModified\":\"2026-03-04T19:37:36+00:00\",\"description\":\"Tener una vida digna requiere de un enfoque de bienestar m\u00faltiple, la econom\u00eda, la salud, incluso la alimentaci\u00f3n juegan un papel importante\",\"breadcrumb\":{\"@id\":\"https:\\\/\\\/www.alasmedios.com\\\/index.php\\\/2026\\\/03\\\/04\\\/vida-digna-requiere-salud-mental-seguridad-alimentaria-y-estabilidad-economica\\\/#breadcrumb\"},\"inLanguage\":\"es\",\"potentialAction\":[{\"@type\":\"ReadAction\",\"target\":[\"https:\\\/\\\/www.alasmedios.com\\\/index.php\\\/2026\\\/03\\\/04\\\/vida-digna-requiere-salud-mental-seguridad-alimentaria-y-estabilidad-economica\\\/\"]}]},{\"@type\":\"ImageObject\",\"inLanguage\":\"es\",\"@id\":\"https:\\\/\\\/www.alasmedios.com\\\/index.php\\\/2026\\\/03\\\/04\\\/vida-digna-requiere-salud-mental-seguridad-alimentaria-y-estabilidad-economica\\\/#primaryimage\",\"url\":\"https:\\\/\\\/www.alasmedios.com\\\/wp-content\\\/uploads\\\/2026\\\/03\\\/vida-digna.png\",\"contentUrl\":\"https:\\\/\\\/www.alasmedios.com\\\/wp-content\\\/uploads\\\/2026\\\/03\\\/vida-digna.png\",\"width\":2000,\"height\":1214},{\"@type\":\"BreadcrumbList\",\"@id\":\"https:\\\/\\\/www.alasmedios.com\\\/index.php\\\/2026\\\/03\\\/04\\\/vida-digna-requiere-salud-mental-seguridad-alimentaria-y-estabilidad-economica\\\/#breadcrumb\",\"itemListElement\":[{\"@type\":\"ListItem\",\"position\":1,\"name\":\"Inicio\",\"item\":\"https:\\\/\\\/www.alasmedios.com\\\/\"},{\"@type\":\"ListItem\",\"position\":2,\"name\":\"Vida digna requiere salud mental, seguridad alimentaria y estabilidad econ\u00f3mica\"}]},{\"@type\":\"WebSite\",\"@id\":\"https:\\\/\\\/www.alasmedios.com\\\/#website\",\"url\":\"https:\\\/\\\/www.alasmedios.com\\\/\",\"name\":\"Alas Medios\",\"description\":\"Alas para pensar, Alas para volar, Alas de libertad\",\"publisher\":{\"@id\":\"https:\\\/\\\/www.alasmedios.com\\\/#organization\"},\"potentialAction\":[{\"@type\":\"SearchAction\",\"target\":{\"@type\":\"EntryPoint\",\"urlTemplate\":\"https:\\\/\\\/www.alasmedios.com\\\/?s={search_term_string}\"},\"query-input\":{\"@type\":\"PropertyValueSpecification\",\"valueRequired\":true,\"valueName\":\"search_term_string\"}}],\"inLanguage\":\"es\"},{\"@type\":\"Organization\",\"@id\":\"https:\\\/\\\/www.alasmedios.com\\\/#organization\",\"name\":\"Alas Medios\",\"url\":\"https:\\\/\\\/www.alasmedios.com\\\/\",\"logo\":{\"@type\":\"ImageObject\",\"inLanguage\":\"es\",\"@id\":\"https:\\\/\\\/www.alasmedios.com\\\/#\\\/schema\\\/logo\\\/image\\\/\",\"url\":\"https:\\\/\\\/www.alasmedios.com\\\/wp-content\\\/uploads\\\/2026\\\/01\\\/cropped-cropped-GAM-1.png\",\"contentUrl\":\"https:\\\/\\\/www.alasmedios.com\\\/wp-content\\\/uploads\\\/2026\\\/01\\\/cropped-cropped-GAM-1.png\",\"width\":467,\"height\":235,\"caption\":\"Alas Medios\"},\"image\":{\"@id\":\"https:\\\/\\\/www.alasmedios.com\\\/#\\\/schema\\\/logo\\\/image\\\/\"}},{\"@type\":\"Person\",\"@id\":\"https:\\\/\\\/www.alasmedios.com\\\/#\\\/schema\\\/person\\\/0ba31bdd19a05ebf5c7fef1fedf99c34\",\"name\":\"Keila Rodr\u00edguez Pe\u00f1a\",\"image\":{\"@type\":\"ImageObject\",\"inLanguage\":\"es\",\"@id\":\"https:\\\/\\\/secure.gravatar.com\\\/avatar\\\/a2553a2bfaa601b9d539b617c8793e151bdffb60f9e48a249912f86d4c9ebeef?s=96&d=mm&r=g\",\"url\":\"https:\\\/\\\/secure.gravatar.com\\\/avatar\\\/a2553a2bfaa601b9d539b617c8793e151bdffb60f9e48a249912f86d4c9ebeef?s=96&d=mm&r=g\",\"contentUrl\":\"https:\\\/\\\/secure.gravatar.com\\\/avatar\\\/a2553a2bfaa601b9d539b617c8793e151bdffb60f9e48a249912f86d4c9ebeef?s=96&d=mm&r=g\",\"caption\":\"Keila Rodr\u00edguez Pe\u00f1a\"},\"sameAs\":[\"http:\\\/\\\/www.alasmedios.com\"],\"url\":\"https:\\\/\\\/www.alasmedios.com\\\/index.php\\\/author\\\/keila\\\/\"}]}<\/script>\r\n<!-- \/ Yoast SEO plugin. -->","yoast_head_json":{"title":"Vida digna requiere salud mental, seguridad alimentaria y estabilidad econ\u00f3mica","description":"Tener una vida digna requiere de un enfoque de bienestar m\u00faltiple, la econom\u00eda, la salud, incluso la alimentaci\u00f3n juegan un papel importante","robots":{"index":"index","follow":"follow","max-snippet":"max-snippet:-1","max-image-preview":"max-image-preview:large","max-video-preview":"max-video-preview:-1"},"canonical":"https:\/\/www.alasmedios.com\/index.php\/2026\/03\/04\/vida-digna-requiere-salud-mental-seguridad-alimentaria-y-estabilidad-economica\/","og_locale":"es_MX","og_type":"article","og_title":"Vida digna requiere salud mental, seguridad alimentaria y estabilidad econ\u00f3mica","og_description":"Tener una vida digna requiere de un enfoque de bienestar m\u00faltiple, la econom\u00eda, la salud, incluso la alimentaci\u00f3n juegan un papel importante","og_url":"https:\/\/www.alasmedios.com\/index.php\/2026\/03\/04\/vida-digna-requiere-salud-mental-seguridad-alimentaria-y-estabilidad-economica\/","og_site_name":"Alas Medios","article_published_time":"2026-03-04T19:37:29+00:00","article_modified_time":"2026-03-04T19:37:36+00:00","og_image":[{"width":1024,"height":622,"url":"https:\/\/www.alasmedios.com\/wp-content\/uploads\/2026\/03\/vida-digna-1024x622.png","type":"image\/png"}],"author":"Keila Rodr\u00edguez Pe\u00f1a","twitter_card":"summary_large_image","twitter_misc":{"Escrito por":"Keila Rodr\u00edguez Pe\u00f1a","Tiempo de lectura":"3 minutos"},"schema":{"@context":"https:\/\/schema.org","@graph":[{"@type":"Article","@id":"https:\/\/www.alasmedios.com\/index.php\/2026\/03\/04\/vida-digna-requiere-salud-mental-seguridad-alimentaria-y-estabilidad-economica\/#article","isPartOf":{"@id":"https:\/\/www.alasmedios.com\/index.php\/2026\/03\/04\/vida-digna-requiere-salud-mental-seguridad-alimentaria-y-estabilidad-economica\/"},"author":{"name":"Keila Rodr\u00edguez Pe\u00f1a","@id":"https:\/\/www.alasmedios.com\/#\/schema\/person\/0ba31bdd19a05ebf5c7fef1fedf99c34"},"headline":"Vida digna requiere salud mental, seguridad alimentaria y estabilidad econ\u00f3mica","datePublished":"2026-03-04T19:37:29+00:00","dateModified":"2026-03-04T19:37:36+00:00","mainEntityOfPage":{"@id":"https:\/\/www.alasmedios.com\/index.php\/2026\/03\/04\/vida-digna-requiere-salud-mental-seguridad-alimentaria-y-estabilidad-economica\/"},"wordCount":568,"commentCount":0,"publisher":{"@id":"https:\/\/www.alasmedios.com\/#organization"},"image":{"@id":"https:\/\/www.alasmedios.com\/index.php\/2026\/03\/04\/vida-digna-requiere-salud-mental-seguridad-alimentaria-y-estabilidad-economica\/#primaryimage"},"thumbnailUrl":"https:\/\/www.alasmedios.com\/wp-content\/uploads\/2026\/03\/vida-digna.png","keywords":["econom\u00eda","Salud","seguridad alimentaria","vida digna"],"articleSection":["Familia y Bienestar"],"inLanguage":"es","potentialAction":[{"@type":"CommentAction","name":"Comment","target":["https:\/\/www.alasmedios.com\/index.php\/2026\/03\/04\/vida-digna-requiere-salud-mental-seguridad-alimentaria-y-estabilidad-economica\/#respond"]}]},{"@type":"WebPage","@id":"https:\/\/www.alasmedios.com\/index.php\/2026\/03\/04\/vida-digna-requiere-salud-mental-seguridad-alimentaria-y-estabilidad-economica\/","url":"https:\/\/www.alasmedios.com\/index.php\/2026\/03\/04\/vida-digna-requiere-salud-mental-seguridad-alimentaria-y-estabilidad-economica\/","name":"Vida digna requiere salud mental, seguridad alimentaria y estabilidad econ\u00f3mica","isPartOf":{"@id":"https:\/\/www.alasmedios.com\/#website"},"primaryImageOfPage":{"@id":"https:\/\/www.alasmedios.com\/index.php\/2026\/03\/04\/vida-digna-requiere-salud-mental-seguridad-alimentaria-y-estabilidad-economica\/#primaryimage"},"image":{"@id":"https:\/\/www.alasmedios.com\/index.php\/2026\/03\/04\/vida-digna-requiere-salud-mental-seguridad-alimentaria-y-estabilidad-economica\/#primaryimage"},"thumbnailUrl":"https:\/\/www.alasmedios.com\/wp-content\/uploads\/2026\/03\/vida-digna.png","datePublished":"2026-03-04T19:37:29+00:00","dateModified":"2026-03-04T19:37:36+00:00","description":"Tener una vida digna requiere de un enfoque de bienestar m\u00faltiple, la econom\u00eda, la salud, incluso la alimentaci\u00f3n juegan un papel importante","breadcrumb":{"@id":"https:\/\/www.alasmedios.com\/index.php\/2026\/03\/04\/vida-digna-requiere-salud-mental-seguridad-alimentaria-y-estabilidad-economica\/#breadcrumb"},"inLanguage":"es","potentialAction":[{"@type":"ReadAction","target":["https:\/\/www.alasmedios.com\/index.php\/2026\/03\/04\/vida-digna-requiere-salud-mental-seguridad-alimentaria-y-estabilidad-economica\/"]}]},{"@type":"ImageObject","inLanguage":"es","@id":"https:\/\/www.alasmedios.com\/index.php\/2026\/03\/04\/vida-digna-requiere-salud-mental-seguridad-alimentaria-y-estabilidad-economica\/#primaryimage","url":"https:\/\/www.alasmedios.com\/wp-content\/uploads\/2026\/03\/vida-digna.png","contentUrl":"https:\/\/www.alasmedios.com\/wp-content\/uploads\/2026\/03\/vida-digna.png","width":2000,"height":1214},{"@type":"BreadcrumbList","@id":"https:\/\/www.alasmedios.com\/index.php\/2026\/03\/04\/vida-digna-requiere-salud-mental-seguridad-alimentaria-y-estabilidad-economica\/#breadcrumb","itemListElement":[{"@type":"ListItem","position":1,"name":"Inicio","item":"https:\/\/www.alasmedios.com\/"},{"@type":"ListItem","position":2,"name":"Vida digna requiere salud mental, seguridad alimentaria y estabilidad econ\u00f3mica"}]},{"@type":"WebSite","@id":"https:\/\/www.alasmedios.com\/#website","url":"https:\/\/www.alasmedios.com\/","name":"Alas Medios","description":"Alas para pensar, Alas para volar, Alas de libertad","publisher":{"@id":"https:\/\/www.alasmedios.com\/#organization"},"potentialAction":[{"@type":"SearchAction","target":{"@type":"EntryPoint","urlTemplate":"https:\/\/www.alasmedios.com\/?s={search_term_string}"},"query-input":{"@type":"PropertyValueSpecification","valueRequired":true,"valueName":"search_term_string"}}],"inLanguage":"es"},{"@type":"Organization","@id":"https:\/\/www.alasmedios.com\/#organization","name":"Alas Medios","url":"https:\/\/www.alasmedios.com\/","logo":{"@type":"ImageObject","inLanguage":"es","@id":"https:\/\/www.alasmedios.com\/#\/schema\/logo\/image\/","url":"https:\/\/www.alasmedios.com\/wp-content\/uploads\/2026\/01\/cropped-cropped-GAM-1.png","contentUrl":"https:\/\/www.alasmedios.com\/wp-content\/uploads\/2026\/01\/cropped-cropped-GAM-1.png","width":467,"height":235,"caption":"Alas Medios"},"image":{"@id":"https:\/\/www.alasmedios.com\/#\/schema\/logo\/image\/"}},{"@type":"Person","@id":"https:\/\/www.alasmedios.com\/#\/schema\/person\/0ba31bdd19a05ebf5c7fef1fedf99c34","name":"Keila Rodr\u00edguez Pe\u00f1a","image":{"@type":"ImageObject","inLanguage":"es","@id":"https:\/\/secure.gravatar.com\/avatar\/a2553a2bfaa601b9d539b617c8793e151bdffb60f9e48a249912f86d4c9ebeef?s=96&d=mm&r=g","url":"https:\/\/secure.gravatar.com\/avatar\/a2553a2bfaa601b9d539b617c8793e151bdffb60f9e48a249912f86d4c9ebeef?s=96&d=mm&r=g","contentUrl":"https:\/\/secure.gravatar.com\/avatar\/a2553a2bfaa601b9d539b617c8793e151bdffb60f9e48a249912f86d4c9ebeef?s=96&d=mm&r=g","caption":"Keila Rodr\u00edguez Pe\u00f1a"},"sameAs":["http:\/\/www.alasmedios.com"],"url":"https:\/\/www.alasmedios.com\/index.php\/author\/keila\/"}]}},"_links":{"self":[{"href":"https:\/\/www.alasmedios.com\/index.php\/wp-json\/wp\/v2\/posts\/8081","targetHints":{"allow":["GET"]}}],"collection":[{"href":"https:\/\/www.alasmedios.com\/index.php\/wp-json\/wp\/v2\/posts"}],"about":[{"href":"https:\/\/www.alasmedios.com\/index.php\/wp-json\/wp\/v2\/types\/post"}],"author":[{"embeddable":true,"href":"https:\/\/www.alasmedios.com\/index.php\/wp-json\/wp\/v2\/users\/4"}],"replies":[{"embeddable":true,"href":"https:\/\/www.alasmedios.com\/index.php\/wp-json\/wp\/v2\/comments?post=8081"}],"version-history":[{"count":1,"href":"https:\/\/www.alasmedios.com\/index.php\/wp-json\/wp\/v2\/posts\/8081\/revisions"}],"predecessor-version":[{"id":8083,"href":"https:\/\/www.alasmedios.com\/index.php\/wp-json\/wp\/v2\/posts\/8081\/revisions\/8083"}],"wp:featuredmedia":[{"embeddable":true,"href":"https:\/\/www.alasmedios.com\/index.php\/wp-json\/wp\/v2\/media\/8082"}],"wp:attachment":[{"href":"https:\/\/www.alasmedios.com\/index.php\/wp-json\/wp\/v2\/media?parent=8081"}],"wp:term":[{"taxonomy":"category","embeddable":true,"href":"https:\/\/www.alasmedios.com\/index.php\/wp-json\/wp\/v2\/categories?post=8081"},{"taxonomy":"post_tag","embeddable":true,"href":"https:\/\/www.alasmedios.com\/index.php\/wp-json\/wp\/v2\/tags?post=8081"}],"curies":[{"name":"wp","href":"https:\/\/api.w.org\/{rel}","templated":true}]}}