{"id":8078,"date":"2026-03-04T12:24:42","date_gmt":"2026-03-04T18:24:42","guid":{"rendered":"https:\/\/www.alasmedios.com\/?p=8078"},"modified":"2026-03-04T12:24:48","modified_gmt":"2026-03-04T18:24:48","slug":"ningun-pais-garantiza-justicia-plena-para-mujeres-y-ninas","status":"publish","type":"post","link":"https:\/\/www.alasmedios.com\/index.php\/2026\/03\/04\/ningun-pais-garantiza-justicia-plena-para-mujeres-y-ninas\/","title":{"rendered":"Ning\u00fan pa\u00eds garantiza justicia plena para mujeres y ni\u00f1as"},"content":{"rendered":"\n<p><em>Las desigualdades en el mundo contin\u00faan, ONU Mujeres ha declarado que ning\u00fan pa\u00eds garantiza la justicia plena para mujeres y ni\u00f1as.<\/em><\/p>\n\n\n\n<p>En pleno <strong>D\u00eda Internacional de la Mujer 2026<\/strong>, <strong>ONU Mujeres<\/strong> lanz\u00f3 una advertencia contundente: <strong>ning\u00fan pa\u00eds del mundo ha alcanzado la plena igualdad jur\u00eddica para mujeres y ni\u00f1as<\/strong>. A pesar de d\u00e9cadas de compromisos internacionales, la justicia sigue teniendo un rostro desigual.<\/p>\n\n\n\n<p>De acuerdo con el informe del Secretario General de la <strong>ONU<\/strong>, titulado <strong>\u201cGarantizar y fortalecer el acceso a la justicia para todas las mujeres y las ni\u00f1as\u201d<\/strong>, a nivel global las mujeres poseen apenas <strong>el 64 por ciento de los derechos legales<\/strong> que tienen los hombres. Esta brecha se traduce en <strong>discriminaci\u00f3n, violencia y exclusi\u00f3n<\/strong> en distintas etapas de la vida.<\/p>\n\n\n\n<p>CONTIN\u00daA LEYENDO: <a href=\"https:\/\/www.alasmedios.com\/index.php\/2026\/03\/03\/riesgos-en-el-embarazo-cambios-corporales-emocionales-y-complicaciones-silenciosas\/\" type=\"post\" id=\"8058\">Riesgos en el embarazo: cambios corporales, emocionales y complicaciones silenciosas<\/a><\/p>\n\n\n\n<p>Las cifras revelan un panorama alarmante: en el <strong>54 por ciento de los pa\u00edses<\/strong>, la <strong>violaci\u00f3n<\/strong> no est\u00e1 definida legalmente con base en el <strong>consentimiento<\/strong>, lo que deja a miles de mujeres sin reconocimiento jur\u00eddico de la agresi\u00f3n sufrida. Adem\u00e1s, en casi <strong>tres de cada cuatro pa\u00edses<\/strong>, la legislaci\u00f3n permite que una <strong>ni\u00f1a sea obligada a casarse<\/strong>. En materia laboral, el <strong>44 por ciento de las naciones<\/strong> no garantiza por ley la <strong>igualdad salarial por trabajo de igual valor<\/strong>.<\/p>\n\n\n\n<p>\u201c<strong>Un sistema judicial que falla a la mitad de la poblaci\u00f3n no puede alardear de estar defendiendo la justicia<\/strong>\u201d, afirm\u00f3 <strong>Sima Bahous<\/strong>, directora ejecutiva de <strong>ONU Mujeres<\/strong>, al advertir que la negaci\u00f3n de justicia no s\u00f3lo afecta a las v\u00edctimas, sino que erosiona la legitimidad institucional y debilita el Estado de derecho.<\/p>\n\n\n\n<p>El organismo tambi\u00e9n alert\u00f3 sobre un <strong>retroceso global en los derechos de las mujeres<\/strong>. En distintos pa\u00edses se est\u00e1n <strong>reformando leyes para restringir libertades<\/strong>, mientras crece la <strong>violencia digital<\/strong> en un entorno donde la tecnolog\u00eda avanza m\u00e1s r\u00e1pido que la regulaci\u00f3n. En contextos de guerra, la <strong>violaci\u00f3n como arma de conflicto<\/strong> sigue presente, y los casos reportados de <strong>violencia sexual han aumentado 87 por ciento en dos a\u00f1os<\/strong>.<\/p>\n\n\n\n<p>Aunque el informe reconoce avances \u2014como que el <strong>87 por ciento de los pa\u00edses cuentan con leyes contra la violencia dom\u00e9stica<\/strong> y que m\u00e1s de 40 han reforzado protecciones constitucionales en la \u00faltima d\u00e9cada\u2014, advierte que <strong>las leyes por s\u00ed solas no garantizan justicia<\/strong>. Persisten barreras como el <strong>costo de los procesos judiciales, la falta de confianza en las instituciones, el idioma y la estigmatizaci\u00f3n de las v\u00edctimas<\/strong>, factores que permiten que incluso delitos como el <strong>femicidio<\/strong> queden impunes.<\/p>\n\n\n\n<p>TE PUEDE INTERESAR: <a href=\"https:\/\/www.alasmedios.com\/index.php\/2026\/03\/02\/madres-autonomas-la-maternidad-que-no-depende-de-un-estado-civil\/\" type=\"post\" id=\"8034\">Madres aut\u00f3nomas: la maternidad que no depende de un estado civil<\/a><\/p>\n\n\n\n<p>Bajo el lema <strong>\u201cDerechos. Justicia. Acci\u00f3n. Por y para todas\u201d<\/strong>, <strong>ONU Mujeres<\/strong> llam\u00f3 a adoptar <strong>medidas urgentes y decididas<\/strong> para frenar la impunidad y garantizar igualdad real, tanto en la ley como en la pr\u00e1ctica. La conmemoraci\u00f3n del 8 de marzo coincidir\u00e1 este a\u00f1o con la apertura del <strong>70.\u00ba per\u00edodo de sesiones de la Comisi\u00f3n de la Condici\u00f3n Jur\u00eddica y Social de la Mujer<\/strong>, el principal \u00f3rgano intergubernamental de la ONU en materia de igualdad de g\u00e9nero, que sesionar\u00e1 el <strong>9 de marzo de 2026<\/strong> en la Asamblea General.<\/p>\n\n\n\n<p>La advertencia es clara: la igualdad jur\u00eddica sigue siendo una promesa pendiente, y el acceso a la justicia contin\u00faa siendo un privilegio, no un derecho garantizado, para millones de mujeres y ni\u00f1as en el mundo.<\/p>\n\n\n<ul class=\"wp-block-latest-posts__list is-grid columns-3 wp-block-latest-posts\"><li><div class=\"wp-block-latest-posts__featured-image\"><img loading=\"lazy\" decoding=\"async\" width=\"150\" height=\"150\" src=\"https:\/\/www.alasmedios.com\/wp-content\/uploads\/2026\/04\/Argentina-decomisan-bienes-Cristina-Kirchner-150x150.png\" class=\"attachment-thumbnail size-thumbnail wp-post-image\" alt=\"\" style=\"\" \/><\/div><a class=\"wp-block-latest-posts__post-title\" href=\"https:\/\/www.alasmedios.com\/index.php\/2026\/04\/25\/caso-vialidad-argentina-ratifica-decomiso-millonario-a-cristina-kirchner\/\">Caso Vialidad: Argentina ratifica decomiso millonario a Cristina Kirchner<\/a><\/li>\n<li><div class=\"wp-block-latest-posts__featured-image\"><img loading=\"lazy\" decoding=\"async\" width=\"150\" height=\"150\" src=\"https:\/\/www.alasmedios.com\/wp-content\/uploads\/2026\/04\/Puebla-desaparecida-Aguascalientes-150x150.jpeg\" class=\"attachment-thumbnail size-thumbnail wp-post-image\" alt=\"\" style=\"\" \/><\/div><a class=\"wp-block-latest-posts__post-title\" href=\"https:\/\/www.alasmedios.com\/index.php\/2026\/04\/25\/localizan-con-vida-en-aguascalientes-a-adolescente-desaparecida-en-puebla\/\">Localizan con vida en Aguascalientes a adolescente desaparecida en Puebla<\/a><\/li>\n<li><div class=\"wp-block-latest-posts__featured-image\"><img loading=\"lazy\" decoding=\"async\" width=\"150\" height=\"150\" src=\"https:\/\/www.alasmedios.com\/wp-content\/uploads\/2026\/04\/podio-de-la-Copa-del-Mundo-de-Ciclismo-150x150.jpg\" class=\"attachment-thumbnail size-thumbnail wp-post-image\" alt=\"\" style=\"\" \/><\/div><a class=\"wp-block-latest-posts__post-title\" href=\"https:\/\/www.alasmedios.com\/index.php\/2026\/04\/25\/mexico-arranca-con-doble-podio-en-la-copa-del-mundo-de-pista-en-malasia\/\">M\u00e9xico arranca con doble podio en la Copa del Mundo de Pista en Malasia<\/a><\/li>\n<\/ul>","protected":false},"excerpt":{"rendered":"<p>Las desigualdades en el mundo contin\u00faan, ONU Mujeres ha declarado que ning\u00fan pa\u00eds garantiza la justicia plena para mujeres y<\/p>\n","protected":false},"author":4,"featured_media":8079,"comment_status":"open","ping_status":"open","sticky":false,"template":"","format":"standard","meta":{"colormag_page_container_layout":"default_layout","colormag_page_sidebar_layout":"default_layout","rop_custom_images_group":[],"rop_custom_messages_group":[],"rop_publish_now":"initial","rop_publish_now_accounts":[],"rop_publish_now_history":[],"rop_publish_now_status":"pending","iawp_total_views":8,"footnotes":""},"categories":[45,3229],"tags":[456,497,53,842],"class_list":["post-8078","post","type-post","status-publish","format-standard","has-post-thumbnail","hentry","category-ellas-dicen","category-mundo-extranjero","tag-derechos","tag-justicia","tag-mujeres","tag-onu-mujeres"],"magazineBlocksPostFeaturedMedia":{"thumbnail":"https:\/\/www.alasmedios.com\/wp-content\/uploads\/2026\/03\/ningun-pais-garantiza-justicia-plena-para-mujeres-y-ninas-150x150.png","medium":"https:\/\/www.alasmedios.com\/wp-content\/uploads\/2026\/03\/ningun-pais-garantiza-justicia-plena-para-mujeres-y-ninas-300x182.png","medium_large":"https:\/\/www.alasmedios.com\/wp-content\/uploads\/2026\/03\/ningun-pais-garantiza-justicia-plena-para-mujeres-y-ninas-768x466.png","large":"https:\/\/www.alasmedios.com\/wp-content\/uploads\/2026\/03\/ningun-pais-garantiza-justicia-plena-para-mujeres-y-ninas-1024x622.png","1536x1536":"https:\/\/www.alasmedios.com\/wp-content\/uploads\/2026\/03\/ningun-pais-garantiza-justicia-plena-para-mujeres-y-ninas-1536x932.png","2048x2048":"https:\/\/www.alasmedios.com\/wp-content\/uploads\/2026\/03\/ningun-pais-garantiza-justicia-plena-para-mujeres-y-ninas.png","colormag-highlighted-post":"https:\/\/www.alasmedios.com\/wp-content\/uploads\/2026\/03\/ningun-pais-garantiza-justicia-plena-para-mujeres-y-ninas-392x272.png","colormag-featured-post-medium":"https:\/\/www.alasmedios.com\/wp-content\/uploads\/2026\/03\/ningun-pais-garantiza-justicia-plena-para-mujeres-y-ninas-390x205.png","colormag-featured-post-small":"https:\/\/www.alasmedios.com\/wp-content\/uploads\/2026\/03\/ningun-pais-garantiza-justicia-plena-para-mujeres-y-ninas-130x90.png","colormag-featured-image":"https:\/\/www.alasmedios.com\/wp-content\/uploads\/2026\/03\/ningun-pais-garantiza-justicia-plena-para-mujeres-y-ninas-800x445.png","colormag-default-news":"https:\/\/www.alasmedios.com\/wp-content\/uploads\/2026\/03\/ningun-pais-garantiza-justicia-plena-para-mujeres-y-ninas-150x150.png","colormag-featured-image-large":"https:\/\/www.alasmedios.com\/wp-content\/uploads\/2026\/03\/ningun-pais-garantiza-justicia-plena-para-mujeres-y-ninas-1400x600.png"},"magazineBlocksPostAuthor":{"name":"Keila Rodr\u00edguez Pe\u00f1a","avatar":"https:\/\/secure.gravatar.com\/avatar\/a2553a2bfaa601b9d539b617c8793e151bdffb60f9e48a249912f86d4c9ebeef?s=96&d=mm&r=g"},"magazineBlocksPostCommentsNumber":"0","magazineBlocksPostExcerpt":"Las desigualdades en el mundo contin\u00faan, ONU Mujeres ha declarado que ning\u00fan pa\u00eds garantiza la justicia plena para mujeres y","magazineBlocksPostCategories":["Ellas Dicen","Mundo"],"magazineBlocksPostViewCount":26,"magazineBlocksPostReadTime":3,"magazine_blocks_featured_image_url":{"full":["https:\/\/www.alasmedios.com\/wp-content\/uploads\/2026\/03\/ningun-pais-garantiza-justicia-plena-para-mujeres-y-ninas.png",2000,1214,false],"medium":["https:\/\/www.alasmedios.com\/wp-content\/uploads\/2026\/03\/ningun-pais-garantiza-justicia-plena-para-mujeres-y-ninas-300x182.png",300,182,true],"thumbnail":["https:\/\/www.alasmedios.com\/wp-content\/uploads\/2026\/03\/ningun-pais-garantiza-justicia-plena-para-mujeres-y-ninas-150x150.png",150,150,true]},"magazine_blocks_author":{"display_name":"Keila Rodr\u00edguez Pe\u00f1a","author_link":"https:\/\/www.alasmedios.com\/index.php\/author\/keila\/"},"magazine_blocks_comment":0,"magazine_blocks_author_image":"https:\/\/secure.gravatar.com\/avatar\/a2553a2bfaa601b9d539b617c8793e151bdffb60f9e48a249912f86d4c9ebeef?s=96&d=mm&r=g","magazine_blocks_category":"<a href=\"#\" class=\"category-link category-link-45\">Ellas Dicen<\/a> <a href=\"#\" class=\"category-link category-link-3229\">Mundo<\/a>","yoast_head":"<!-- This site is optimized with the Yoast SEO plugin v27.4 - https:\/\/yoast.com\/product\/yoast-seo-wordpress\/ -->\r\n<title>Ning\u00fan pa\u00eds garantiza justicia plena para mujeres y ni\u00f1as<\/title>\r\n<meta name=\"description\" content=\"Las desigualdades en el mundo contin\u00faan, ONU Mujeres ha declarado que ning\u00fan pa\u00eds garantiza la justicia plena para mujeres y ni\u00f1as\" \/>\r\n<meta name=\"robots\" content=\"index, follow, max-snippet:-1, max-image-preview:large, max-video-preview:-1\" \/>\r\n<link rel=\"canonical\" href=\"https:\/\/www.alasmedios.com\/index.php\/2026\/03\/04\/ningun-pais-garantiza-justicia-plena-para-mujeres-y-ninas\/\" \/>\r\n<meta property=\"og:locale\" content=\"es_MX\" \/>\r\n<meta property=\"og:type\" content=\"article\" \/>\r\n<meta property=\"og:title\" content=\"Ning\u00fan pa\u00eds garantiza justicia plena para mujeres y ni\u00f1as\" \/>\r\n<meta property=\"og:description\" content=\"Las desigualdades en el mundo contin\u00faan, ONU Mujeres ha declarado que ning\u00fan pa\u00eds garantiza la justicia plena para mujeres y ni\u00f1as\" \/>\r\n<meta property=\"og:url\" content=\"https:\/\/www.alasmedios.com\/index.php\/2026\/03\/04\/ningun-pais-garantiza-justicia-plena-para-mujeres-y-ninas\/\" \/>\r\n<meta property=\"og:site_name\" content=\"Alas Medios\" \/>\r\n<meta property=\"article:published_time\" content=\"2026-03-04T18:24:42+00:00\" \/>\r\n<meta property=\"article:modified_time\" content=\"2026-03-04T18:24:48+00:00\" \/>\r\n<meta property=\"og:image\" content=\"https:\/\/www.alasmedios.com\/wp-content\/uploads\/2026\/03\/ningun-pais-garantiza-justicia-plena-para-mujeres-y-ninas-1024x622.png\" \/>\r\n\t<meta property=\"og:image:width\" content=\"1024\" \/>\r\n\t<meta property=\"og:image:height\" content=\"622\" \/>\r\n\t<meta property=\"og:image:type\" content=\"image\/png\" \/>\r\n<meta name=\"author\" content=\"Keila Rodr\u00edguez Pe\u00f1a\" \/>\r\n<meta name=\"twitter:card\" content=\"summary_large_image\" \/>\r\n<meta name=\"twitter:label1\" content=\"Escrito por\" \/>\n\t<meta name=\"twitter:data1\" content=\"Keila Rodr\u00edguez Pe\u00f1a\" \/>\n\t<meta name=\"twitter:label2\" content=\"Tiempo de lectura\" \/>\n\t<meta name=\"twitter:data2\" content=\"3 minutos\" \/>\r\n<script type=\"application\/ld+json\" class=\"yoast-schema-graph\">{\"@context\":\"https:\\\/\\\/schema.org\",\"@graph\":[{\"@type\":\"Article\",\"@id\":\"https:\\\/\\\/www.alasmedios.com\\\/index.php\\\/2026\\\/03\\\/04\\\/ningun-pais-garantiza-justicia-plena-para-mujeres-y-ninas\\\/#article\",\"isPartOf\":{\"@id\":\"https:\\\/\\\/www.alasmedios.com\\\/index.php\\\/2026\\\/03\\\/04\\\/ningun-pais-garantiza-justicia-plena-para-mujeres-y-ninas\\\/\"},\"author\":{\"name\":\"Keila Rodr\u00edguez Pe\u00f1a\",\"@id\":\"https:\\\/\\\/www.alasmedios.com\\\/#\\\/schema\\\/person\\\/0ba31bdd19a05ebf5c7fef1fedf99c34\"},\"headline\":\"Ning\u00fan pa\u00eds garantiza justicia plena para mujeres y ni\u00f1as\",\"datePublished\":\"2026-03-04T18:24:42+00:00\",\"dateModified\":\"2026-03-04T18:24:48+00:00\",\"mainEntityOfPage\":{\"@id\":\"https:\\\/\\\/www.alasmedios.com\\\/index.php\\\/2026\\\/03\\\/04\\\/ningun-pais-garantiza-justicia-plena-para-mujeres-y-ninas\\\/\"},\"wordCount\":607,\"commentCount\":0,\"publisher\":{\"@id\":\"https:\\\/\\\/www.alasmedios.com\\\/#organization\"},\"image\":{\"@id\":\"https:\\\/\\\/www.alasmedios.com\\\/index.php\\\/2026\\\/03\\\/04\\\/ningun-pais-garantiza-justicia-plena-para-mujeres-y-ninas\\\/#primaryimage\"},\"thumbnailUrl\":\"https:\\\/\\\/www.alasmedios.com\\\/wp-content\\\/uploads\\\/2026\\\/03\\\/ningun-pais-garantiza-justicia-plena-para-mujeres-y-ninas.png\",\"keywords\":[\"derechos\",\"justicia\",\"Mujeres\",\"ONU Mujeres\"],\"articleSection\":[\"Ellas Dicen\",\"Mundo\"],\"inLanguage\":\"es\",\"potentialAction\":[{\"@type\":\"CommentAction\",\"name\":\"Comment\",\"target\":[\"https:\\\/\\\/www.alasmedios.com\\\/index.php\\\/2026\\\/03\\\/04\\\/ningun-pais-garantiza-justicia-plena-para-mujeres-y-ninas\\\/#respond\"]}]},{\"@type\":\"WebPage\",\"@id\":\"https:\\\/\\\/www.alasmedios.com\\\/index.php\\\/2026\\\/03\\\/04\\\/ningun-pais-garantiza-justicia-plena-para-mujeres-y-ninas\\\/\",\"url\":\"https:\\\/\\\/www.alasmedios.com\\\/index.php\\\/2026\\\/03\\\/04\\\/ningun-pais-garantiza-justicia-plena-para-mujeres-y-ninas\\\/\",\"name\":\"Ning\u00fan pa\u00eds garantiza justicia plena para mujeres y ni\u00f1as\",\"isPartOf\":{\"@id\":\"https:\\\/\\\/www.alasmedios.com\\\/#website\"},\"primaryImageOfPage\":{\"@id\":\"https:\\\/\\\/www.alasmedios.com\\\/index.php\\\/2026\\\/03\\\/04\\\/ningun-pais-garantiza-justicia-plena-para-mujeres-y-ninas\\\/#primaryimage\"},\"image\":{\"@id\":\"https:\\\/\\\/www.alasmedios.com\\\/index.php\\\/2026\\\/03\\\/04\\\/ningun-pais-garantiza-justicia-plena-para-mujeres-y-ninas\\\/#primaryimage\"},\"thumbnailUrl\":\"https:\\\/\\\/www.alasmedios.com\\\/wp-content\\\/uploads\\\/2026\\\/03\\\/ningun-pais-garantiza-justicia-plena-para-mujeres-y-ninas.png\",\"datePublished\":\"2026-03-04T18:24:42+00:00\",\"dateModified\":\"2026-03-04T18:24:48+00:00\",\"description\":\"Las desigualdades en el mundo contin\u00faan, ONU Mujeres ha declarado que ning\u00fan pa\u00eds garantiza la justicia plena para mujeres y ni\u00f1as\",\"breadcrumb\":{\"@id\":\"https:\\\/\\\/www.alasmedios.com\\\/index.php\\\/2026\\\/03\\\/04\\\/ningun-pais-garantiza-justicia-plena-para-mujeres-y-ninas\\\/#breadcrumb\"},\"inLanguage\":\"es\",\"potentialAction\":[{\"@type\":\"ReadAction\",\"target\":[\"https:\\\/\\\/www.alasmedios.com\\\/index.php\\\/2026\\\/03\\\/04\\\/ningun-pais-garantiza-justicia-plena-para-mujeres-y-ninas\\\/\"]}]},{\"@type\":\"ImageObject\",\"inLanguage\":\"es\",\"@id\":\"https:\\\/\\\/www.alasmedios.com\\\/index.php\\\/2026\\\/03\\\/04\\\/ningun-pais-garantiza-justicia-plena-para-mujeres-y-ninas\\\/#primaryimage\",\"url\":\"https:\\\/\\\/www.alasmedios.com\\\/wp-content\\\/uploads\\\/2026\\\/03\\\/ningun-pais-garantiza-justicia-plena-para-mujeres-y-ninas.png\",\"contentUrl\":\"https:\\\/\\\/www.alasmedios.com\\\/wp-content\\\/uploads\\\/2026\\\/03\\\/ningun-pais-garantiza-justicia-plena-para-mujeres-y-ninas.png\",\"width\":2000,\"height\":1214},{\"@type\":\"BreadcrumbList\",\"@id\":\"https:\\\/\\\/www.alasmedios.com\\\/index.php\\\/2026\\\/03\\\/04\\\/ningun-pais-garantiza-justicia-plena-para-mujeres-y-ninas\\\/#breadcrumb\",\"itemListElement\":[{\"@type\":\"ListItem\",\"position\":1,\"name\":\"Inicio\",\"item\":\"https:\\\/\\\/www.alasmedios.com\\\/\"},{\"@type\":\"ListItem\",\"position\":2,\"name\":\"Ning\u00fan pa\u00eds garantiza justicia plena para mujeres y ni\u00f1as\"}]},{\"@type\":\"WebSite\",\"@id\":\"https:\\\/\\\/www.alasmedios.com\\\/#website\",\"url\":\"https:\\\/\\\/www.alasmedios.com\\\/\",\"name\":\"Alas Medios\",\"description\":\"Alas para pensar, Alas para volar, Alas de libertad\",\"publisher\":{\"@id\":\"https:\\\/\\\/www.alasmedios.com\\\/#organization\"},\"potentialAction\":[{\"@type\":\"SearchAction\",\"target\":{\"@type\":\"EntryPoint\",\"urlTemplate\":\"https:\\\/\\\/www.alasmedios.com\\\/?s={search_term_string}\"},\"query-input\":{\"@type\":\"PropertyValueSpecification\",\"valueRequired\":true,\"valueName\":\"search_term_string\"}}],\"inLanguage\":\"es\"},{\"@type\":\"Organization\",\"@id\":\"https:\\\/\\\/www.alasmedios.com\\\/#organization\",\"name\":\"Alas Medios\",\"url\":\"https:\\\/\\\/www.alasmedios.com\\\/\",\"logo\":{\"@type\":\"ImageObject\",\"inLanguage\":\"es\",\"@id\":\"https:\\\/\\\/www.alasmedios.com\\\/#\\\/schema\\\/logo\\\/image\\\/\",\"url\":\"https:\\\/\\\/www.alasmedios.com\\\/wp-content\\\/uploads\\\/2026\\\/01\\\/cropped-cropped-GAM-1.png\",\"contentUrl\":\"https:\\\/\\\/www.alasmedios.com\\\/wp-content\\\/uploads\\\/2026\\\/01\\\/cropped-cropped-GAM-1.png\",\"width\":467,\"height\":235,\"caption\":\"Alas Medios\"},\"image\":{\"@id\":\"https:\\\/\\\/www.alasmedios.com\\\/#\\\/schema\\\/logo\\\/image\\\/\"}},{\"@type\":\"Person\",\"@id\":\"https:\\\/\\\/www.alasmedios.com\\\/#\\\/schema\\\/person\\\/0ba31bdd19a05ebf5c7fef1fedf99c34\",\"name\":\"Keila Rodr\u00edguez Pe\u00f1a\",\"image\":{\"@type\":\"ImageObject\",\"inLanguage\":\"es\",\"@id\":\"https:\\\/\\\/secure.gravatar.com\\\/avatar\\\/a2553a2bfaa601b9d539b617c8793e151bdffb60f9e48a249912f86d4c9ebeef?s=96&d=mm&r=g\",\"url\":\"https:\\\/\\\/secure.gravatar.com\\\/avatar\\\/a2553a2bfaa601b9d539b617c8793e151bdffb60f9e48a249912f86d4c9ebeef?s=96&d=mm&r=g\",\"contentUrl\":\"https:\\\/\\\/secure.gravatar.com\\\/avatar\\\/a2553a2bfaa601b9d539b617c8793e151bdffb60f9e48a249912f86d4c9ebeef?s=96&d=mm&r=g\",\"caption\":\"Keila Rodr\u00edguez Pe\u00f1a\"},\"sameAs\":[\"http:\\\/\\\/www.alasmedios.com\"],\"url\":\"https:\\\/\\\/www.alasmedios.com\\\/index.php\\\/author\\\/keila\\\/\"}]}<\/script>\r\n<!-- \/ Yoast SEO plugin. -->","yoast_head_json":{"title":"Ning\u00fan pa\u00eds garantiza justicia plena para mujeres y ni\u00f1as","description":"Las desigualdades en el mundo contin\u00faan, ONU Mujeres ha declarado que ning\u00fan pa\u00eds garantiza la justicia plena para mujeres y ni\u00f1as","robots":{"index":"index","follow":"follow","max-snippet":"max-snippet:-1","max-image-preview":"max-image-preview:large","max-video-preview":"max-video-preview:-1"},"canonical":"https:\/\/www.alasmedios.com\/index.php\/2026\/03\/04\/ningun-pais-garantiza-justicia-plena-para-mujeres-y-ninas\/","og_locale":"es_MX","og_type":"article","og_title":"Ning\u00fan pa\u00eds garantiza justicia plena para mujeres y ni\u00f1as","og_description":"Las desigualdades en el mundo contin\u00faan, ONU Mujeres ha declarado que ning\u00fan pa\u00eds garantiza la justicia plena para mujeres y ni\u00f1as","og_url":"https:\/\/www.alasmedios.com\/index.php\/2026\/03\/04\/ningun-pais-garantiza-justicia-plena-para-mujeres-y-ninas\/","og_site_name":"Alas Medios","article_published_time":"2026-03-04T18:24:42+00:00","article_modified_time":"2026-03-04T18:24:48+00:00","og_image":[{"width":1024,"height":622,"url":"https:\/\/www.alasmedios.com\/wp-content\/uploads\/2026\/03\/ningun-pais-garantiza-justicia-plena-para-mujeres-y-ninas-1024x622.png","type":"image\/png"}],"author":"Keila Rodr\u00edguez Pe\u00f1a","twitter_card":"summary_large_image","twitter_misc":{"Escrito por":"Keila Rodr\u00edguez Pe\u00f1a","Tiempo de lectura":"3 minutos"},"schema":{"@context":"https:\/\/schema.org","@graph":[{"@type":"Article","@id":"https:\/\/www.alasmedios.com\/index.php\/2026\/03\/04\/ningun-pais-garantiza-justicia-plena-para-mujeres-y-ninas\/#article","isPartOf":{"@id":"https:\/\/www.alasmedios.com\/index.php\/2026\/03\/04\/ningun-pais-garantiza-justicia-plena-para-mujeres-y-ninas\/"},"author":{"name":"Keila Rodr\u00edguez Pe\u00f1a","@id":"https:\/\/www.alasmedios.com\/#\/schema\/person\/0ba31bdd19a05ebf5c7fef1fedf99c34"},"headline":"Ning\u00fan pa\u00eds garantiza justicia plena para mujeres y ni\u00f1as","datePublished":"2026-03-04T18:24:42+00:00","dateModified":"2026-03-04T18:24:48+00:00","mainEntityOfPage":{"@id":"https:\/\/www.alasmedios.com\/index.php\/2026\/03\/04\/ningun-pais-garantiza-justicia-plena-para-mujeres-y-ninas\/"},"wordCount":607,"commentCount":0,"publisher":{"@id":"https:\/\/www.alasmedios.com\/#organization"},"image":{"@id":"https:\/\/www.alasmedios.com\/index.php\/2026\/03\/04\/ningun-pais-garantiza-justicia-plena-para-mujeres-y-ninas\/#primaryimage"},"thumbnailUrl":"https:\/\/www.alasmedios.com\/wp-content\/uploads\/2026\/03\/ningun-pais-garantiza-justicia-plena-para-mujeres-y-ninas.png","keywords":["derechos","justicia","Mujeres","ONU Mujeres"],"articleSection":["Ellas Dicen","Mundo"],"inLanguage":"es","potentialAction":[{"@type":"CommentAction","name":"Comment","target":["https:\/\/www.alasmedios.com\/index.php\/2026\/03\/04\/ningun-pais-garantiza-justicia-plena-para-mujeres-y-ninas\/#respond"]}]},{"@type":"WebPage","@id":"https:\/\/www.alasmedios.com\/index.php\/2026\/03\/04\/ningun-pais-garantiza-justicia-plena-para-mujeres-y-ninas\/","url":"https:\/\/www.alasmedios.com\/index.php\/2026\/03\/04\/ningun-pais-garantiza-justicia-plena-para-mujeres-y-ninas\/","name":"Ning\u00fan pa\u00eds garantiza justicia plena para mujeres y ni\u00f1as","isPartOf":{"@id":"https:\/\/www.alasmedios.com\/#website"},"primaryImageOfPage":{"@id":"https:\/\/www.alasmedios.com\/index.php\/2026\/03\/04\/ningun-pais-garantiza-justicia-plena-para-mujeres-y-ninas\/#primaryimage"},"image":{"@id":"https:\/\/www.alasmedios.com\/index.php\/2026\/03\/04\/ningun-pais-garantiza-justicia-plena-para-mujeres-y-ninas\/#primaryimage"},"thumbnailUrl":"https:\/\/www.alasmedios.com\/wp-content\/uploads\/2026\/03\/ningun-pais-garantiza-justicia-plena-para-mujeres-y-ninas.png","datePublished":"2026-03-04T18:24:42+00:00","dateModified":"2026-03-04T18:24:48+00:00","description":"Las desigualdades en el mundo contin\u00faan, ONU Mujeres ha declarado que ning\u00fan pa\u00eds garantiza la justicia plena para mujeres y ni\u00f1as","breadcrumb":{"@id":"https:\/\/www.alasmedios.com\/index.php\/2026\/03\/04\/ningun-pais-garantiza-justicia-plena-para-mujeres-y-ninas\/#breadcrumb"},"inLanguage":"es","potentialAction":[{"@type":"ReadAction","target":["https:\/\/www.alasmedios.com\/index.php\/2026\/03\/04\/ningun-pais-garantiza-justicia-plena-para-mujeres-y-ninas\/"]}]},{"@type":"ImageObject","inLanguage":"es","@id":"https:\/\/www.alasmedios.com\/index.php\/2026\/03\/04\/ningun-pais-garantiza-justicia-plena-para-mujeres-y-ninas\/#primaryimage","url":"https:\/\/www.alasmedios.com\/wp-content\/uploads\/2026\/03\/ningun-pais-garantiza-justicia-plena-para-mujeres-y-ninas.png","contentUrl":"https:\/\/www.alasmedios.com\/wp-content\/uploads\/2026\/03\/ningun-pais-garantiza-justicia-plena-para-mujeres-y-ninas.png","width":2000,"height":1214},{"@type":"BreadcrumbList","@id":"https:\/\/www.alasmedios.com\/index.php\/2026\/03\/04\/ningun-pais-garantiza-justicia-plena-para-mujeres-y-ninas\/#breadcrumb","itemListElement":[{"@type":"ListItem","position":1,"name":"Inicio","item":"https:\/\/www.alasmedios.com\/"},{"@type":"ListItem","position":2,"name":"Ning\u00fan pa\u00eds garantiza justicia plena para mujeres y ni\u00f1as"}]},{"@type":"WebSite","@id":"https:\/\/www.alasmedios.com\/#website","url":"https:\/\/www.alasmedios.com\/","name":"Alas Medios","description":"Alas para pensar, Alas para volar, Alas de libertad","publisher":{"@id":"https:\/\/www.alasmedios.com\/#organization"},"potentialAction":[{"@type":"SearchAction","target":{"@type":"EntryPoint","urlTemplate":"https:\/\/www.alasmedios.com\/?s={search_term_string}"},"query-input":{"@type":"PropertyValueSpecification","valueRequired":true,"valueName":"search_term_string"}}],"inLanguage":"es"},{"@type":"Organization","@id":"https:\/\/www.alasmedios.com\/#organization","name":"Alas Medios","url":"https:\/\/www.alasmedios.com\/","logo":{"@type":"ImageObject","inLanguage":"es","@id":"https:\/\/www.alasmedios.com\/#\/schema\/logo\/image\/","url":"https:\/\/www.alasmedios.com\/wp-content\/uploads\/2026\/01\/cropped-cropped-GAM-1.png","contentUrl":"https:\/\/www.alasmedios.com\/wp-content\/uploads\/2026\/01\/cropped-cropped-GAM-1.png","width":467,"height":235,"caption":"Alas Medios"},"image":{"@id":"https:\/\/www.alasmedios.com\/#\/schema\/logo\/image\/"}},{"@type":"Person","@id":"https:\/\/www.alasmedios.com\/#\/schema\/person\/0ba31bdd19a05ebf5c7fef1fedf99c34","name":"Keila Rodr\u00edguez Pe\u00f1a","image":{"@type":"ImageObject","inLanguage":"es","@id":"https:\/\/secure.gravatar.com\/avatar\/a2553a2bfaa601b9d539b617c8793e151bdffb60f9e48a249912f86d4c9ebeef?s=96&d=mm&r=g","url":"https:\/\/secure.gravatar.com\/avatar\/a2553a2bfaa601b9d539b617c8793e151bdffb60f9e48a249912f86d4c9ebeef?s=96&d=mm&r=g","contentUrl":"https:\/\/secure.gravatar.com\/avatar\/a2553a2bfaa601b9d539b617c8793e151bdffb60f9e48a249912f86d4c9ebeef?s=96&d=mm&r=g","caption":"Keila Rodr\u00edguez Pe\u00f1a"},"sameAs":["http:\/\/www.alasmedios.com"],"url":"https:\/\/www.alasmedios.com\/index.php\/author\/keila\/"}]}},"_links":{"self":[{"href":"https:\/\/www.alasmedios.com\/index.php\/wp-json\/wp\/v2\/posts\/8078","targetHints":{"allow":["GET"]}}],"collection":[{"href":"https:\/\/www.alasmedios.com\/index.php\/wp-json\/wp\/v2\/posts"}],"about":[{"href":"https:\/\/www.alasmedios.com\/index.php\/wp-json\/wp\/v2\/types\/post"}],"author":[{"embeddable":true,"href":"https:\/\/www.alasmedios.com\/index.php\/wp-json\/wp\/v2\/users\/4"}],"replies":[{"embeddable":true,"href":"https:\/\/www.alasmedios.com\/index.php\/wp-json\/wp\/v2\/comments?post=8078"}],"version-history":[{"count":1,"href":"https:\/\/www.alasmedios.com\/index.php\/wp-json\/wp\/v2\/posts\/8078\/revisions"}],"predecessor-version":[{"id":8080,"href":"https:\/\/www.alasmedios.com\/index.php\/wp-json\/wp\/v2\/posts\/8078\/revisions\/8080"}],"wp:featuredmedia":[{"embeddable":true,"href":"https:\/\/www.alasmedios.com\/index.php\/wp-json\/wp\/v2\/media\/8079"}],"wp:attachment":[{"href":"https:\/\/www.alasmedios.com\/index.php\/wp-json\/wp\/v2\/media?parent=8078"}],"wp:term":[{"taxonomy":"category","embeddable":true,"href":"https:\/\/www.alasmedios.com\/index.php\/wp-json\/wp\/v2\/categories?post=8078"},{"taxonomy":"post_tag","embeddable":true,"href":"https:\/\/www.alasmedios.com\/index.php\/wp-json\/wp\/v2\/tags?post=8078"}],"curies":[{"name":"wp","href":"https:\/\/api.w.org\/{rel}","templated":true}]}}