{"id":8061,"date":"2026-03-03T15:30:00","date_gmt":"2026-03-03T21:30:00","guid":{"rendered":"https:\/\/www.alasmedios.com\/?p=8061"},"modified":"2026-03-03T16:56:11","modified_gmt":"2026-03-03T22:56:11","slug":"formas-de-vivir-el-8m-desde-la-reflexion-el-arte-y-la-colectividad","status":"publish","type":"post","link":"https:\/\/www.alasmedios.com\/index.php\/2026\/03\/03\/formas-de-vivir-el-8m-desde-la-reflexion-el-arte-y-la-colectividad\/","title":{"rendered":"Formas de vivir el 8M desde la reflexi\u00f3n, el arte y la colectividad"},"content":{"rendered":"\n<p>El <strong>8 de marzo, D\u00eda Internacional de la Mujer<\/strong>, es un momento para la <strong>memoria, la denuncia y la construcci\u00f3n colectiva<\/strong>. Aunque la <strong>marcha<\/strong> es una de las expresiones m\u00e1s visibles, existen m\u00faltiples maneras de habitar el <strong>8M<\/strong> desde lo \u00edntimo, lo cultural y lo comunitario.<\/p>\n\n\n\n<p>Claro que tambi\u00e9n: puedes no hacer algo, est\u00e1s en tu derecho y est\u00e1 completamente bien.<\/p>\n\n\n\n<p>Aqu\u00ed algunas <strong>opciones de actividades<\/strong> para conmemorar la fecha desde distintos espacios.<\/p>\n\n\n\n<h3 class=\"wp-block-heading\"><strong>Ver documentales, pel\u00edculas, series, sobre las luchas de las mujeres<\/strong><\/h3>\n\n\n\n<p>Organizar una funci\u00f3n en casa, en la escuela o en un espacio comunitario puede abrir conversaciones necesarias. Materiales audiovisuales sobre <strong>violencia de g\u00e9nero, brecha salarial, maternidades, trabajo dom\u00e9stico no remunerado o movimientos feministas<\/strong> permiten ampliar la mirada y comprender que las luchas actuales tienen ra\u00edces hist\u00f3ricas.<\/p>\n\n\n\n<p>CONTIN\u00daA LEYENDO: <a href=\"https:\/\/www.alasmedios.com\/index.php\/2026\/02\/19\/divorcio-alpinista-normalizar-el-feminicidio\/\" data-type=\"post\" data-id=\"7851\">Divorcio alpinista: normalizar el feminicidio<\/a><\/p>\n\n\n\n<blockquote class=\"instagram-media\" data-instgrm-captioned data-instgrm-permalink=\"https:\/\/www.instagram.com\/reel\/DO9JfXQkd9-\/?utm_source=ig_embed&amp;utm_campaign=loading\" data-instgrm-version=\"14\" style=\" background:#FFF; border:0; border-radius:3px; box-shadow:0 0 1px 0 rgba(0,0,0,0.5),0 1px 10px 0 rgba(0,0,0,0.15); margin: 1px; max-width:540px; min-width:326px; padding:0; width:99.375%; width:-webkit-calc(100% - 2px); width:calc(100% - 2px);\"><div style=\"padding:16px;\"> <a href=\"https:\/\/www.instagram.com\/reel\/DO9JfXQkd9-\/?utm_source=ig_embed&amp;utm_campaign=loading\" style=\" background:#FFFFFF; line-height:0; padding:0 0; text-align:center; text-decoration:none; width:100%;\" target=\"_blank\"> <div style=\" display: flex; flex-direction: row; align-items: center;\"> <div style=\"background-color: #F4F4F4; border-radius: 50%; flex-grow: 0; height: 40px; margin-right: 14px; width: 40px;\"><\/div> <div style=\"display: flex; flex-direction: column; flex-grow: 1; justify-content: center;\"> <div style=\" background-color: #F4F4F4; border-radius: 4px; flex-grow: 0; height: 14px; margin-bottom: 6px; width: 100px;\"><\/div> <div style=\" background-color: #F4F4F4; border-radius: 4px; flex-grow: 0; height: 14px; width: 60px;\"><\/div><\/div><\/div><div style=\"padding: 19% 0;\"><\/div> <div style=\"display:block; height:50px; margin:0 auto 12px; width:50px;\"><svg width=\"50px\" height=\"50px\" viewBox=\"0 0 60 60\" version=\"1.1\" xmlns=\"https:\/\/www.w3.org\/2000\/svg\" xmlns:xlink=\"https:\/\/www.w3.org\/1999\/xlink\"><g stroke=\"none\" stroke-width=\"1\" fill=\"none\" fill-rule=\"evenodd\"><g transform=\"translate(-511.000000, -20.000000)\" fill=\"#000000\"><g><path d=\"M556.869,30.41 C554.814,30.41 553.148,32.076 553.148,34.131 C553.148,36.186 554.814,37.852 556.869,37.852 C558.924,37.852 560.59,36.186 560.59,34.131 C560.59,32.076 558.924,30.41 556.869,30.41 M541,60.657 C535.114,60.657 530.342,55.887 530.342,50 C530.342,44.114 535.114,39.342 541,39.342 C546.887,39.342 551.658,44.114 551.658,50 C551.658,55.887 546.887,60.657 541,60.657 M541,33.886 C532.1,33.886 524.886,41.1 524.886,50 C524.886,58.899 532.1,66.113 541,66.113 C549.9,66.113 557.115,58.899 557.115,50 C557.115,41.1 549.9,33.886 541,33.886 M565.378,62.101 C565.244,65.022 564.756,66.606 564.346,67.663 C563.803,69.06 563.154,70.057 562.106,71.106 C561.058,72.155 560.06,72.803 558.662,73.347 C557.607,73.757 556.021,74.244 553.102,74.378 C549.944,74.521 548.997,74.552 541,74.552 C533.003,74.552 532.056,74.521 528.898,74.378 C525.979,74.244 524.393,73.757 523.338,73.347 C521.94,72.803 520.942,72.155 519.894,71.106 C518.846,70.057 518.197,69.06 517.654,67.663 C517.244,66.606 516.755,65.022 516.623,62.101 C516.479,58.943 516.448,57.996 516.448,50 C516.448,42.003 516.479,41.056 516.623,37.899 C516.755,34.978 517.244,33.391 517.654,32.338 C518.197,30.938 518.846,29.942 519.894,28.894 C520.942,27.846 521.94,27.196 523.338,26.654 C524.393,26.244 525.979,25.756 528.898,25.623 C532.057,25.479 533.004,25.448 541,25.448 C548.997,25.448 549.943,25.479 553.102,25.623 C556.021,25.756 557.607,26.244 558.662,26.654 C560.06,27.196 561.058,27.846 562.106,28.894 C563.154,29.942 563.803,30.938 564.346,32.338 C564.756,33.391 565.244,34.978 565.378,37.899 C565.522,41.056 565.552,42.003 565.552,50 C565.552,57.996 565.522,58.943 565.378,62.101 M570.82,37.631 C570.674,34.438 570.167,32.258 569.425,30.349 C568.659,28.377 567.633,26.702 565.965,25.035 C564.297,23.368 562.623,22.342 560.652,21.575 C558.743,20.834 556.562,20.326 553.369,20.18 C550.169,20.033 549.148,20 541,20 C532.853,20 531.831,20.033 528.631,20.18 C525.438,20.326 523.257,20.834 521.349,21.575 C519.376,22.342 517.703,23.368 516.035,25.035 C514.368,26.702 513.342,28.377 512.574,30.349 C511.834,32.258 511.326,34.438 511.181,37.631 C511.035,40.831 511,41.851 511,50 C511,58.147 511.035,59.17 511.181,62.369 C511.326,65.562 511.834,67.743 512.574,69.651 C513.342,71.625 514.368,73.296 516.035,74.965 C517.703,76.634 519.376,77.658 521.349,78.425 C523.257,79.167 525.438,79.673 528.631,79.82 C531.831,79.965 532.853,80.001 541,80.001 C549.148,80.001 550.169,79.965 553.369,79.82 C556.562,79.673 558.743,79.167 560.652,78.425 C562.623,77.658 564.297,76.634 565.965,74.965 C567.633,73.296 568.659,71.625 569.425,69.651 C570.167,67.743 570.674,65.562 570.82,62.369 C570.966,59.17 571,58.147 571,50 C571,41.851 570.966,40.831 570.82,37.631\"><\/path><\/g><\/g><\/g><\/svg><\/div><div style=\"padding-top: 8px;\"> <div style=\" color:#3897f0; font-family:Arial,sans-serif; font-size:14px; font-style:normal; font-weight:550; line-height:18px;\">Ver esta publicaci\u00f3n en Instagram<\/div><\/div><div style=\"padding: 12.5% 0;\"><\/div> <div style=\"display: flex; flex-direction: row; margin-bottom: 14px; align-items: center;\"><div> <div style=\"background-color: #F4F4F4; border-radius: 50%; height: 12.5px; width: 12.5px; transform: translateX(0px) translateY(7px);\"><\/div> <div style=\"background-color: #F4F4F4; height: 12.5px; transform: rotate(-45deg) translateX(3px) translateY(1px); width: 12.5px; flex-grow: 0; margin-right: 14px; margin-left: 2px;\"><\/div> <div style=\"background-color: #F4F4F4; border-radius: 50%; height: 12.5px; width: 12.5px; transform: translateX(9px) translateY(-18px);\"><\/div><\/div><div style=\"margin-left: 8px;\"> <div style=\" background-color: #F4F4F4; border-radius: 50%; flex-grow: 0; height: 20px; width: 20px;\"><\/div> <div style=\" width: 0; height: 0; border-top: 2px solid transparent; border-left: 6px solid #f4f4f4; border-bottom: 2px solid transparent; transform: translateX(16px) translateY(-4px) rotate(30deg)\"><\/div><\/div><div style=\"margin-left: auto;\"> <div style=\" width: 0px; border-top: 8px solid #F4F4F4; border-right: 8px solid transparent; transform: translateY(16px);\"><\/div> <div style=\" background-color: #F4F4F4; flex-grow: 0; height: 12px; width: 16px; transform: translateY(-4px);\"><\/div> <div style=\" width: 0; height: 0; border-top: 8px solid #F4F4F4; border-left: 8px solid transparent; transform: translateY(-4px) translateX(8px);\"><\/div><\/div><\/div> <div style=\"display: flex; flex-direction: column; flex-grow: 1; justify-content: center; margin-bottom: 24px;\"> <div style=\" background-color: #F4F4F4; border-radius: 4px; flex-grow: 0; height: 14px; margin-bottom: 6px; width: 224px;\"><\/div> <div style=\" background-color: #F4F4F4; border-radius: 4px; flex-grow: 0; height: 14px; width: 144px;\"><\/div><\/div><\/a><p style=\" color:#c9c8cd; font-family:Arial,sans-serif; font-size:14px; line-height:17px; margin-bottom:0; margin-top:8px; overflow:hidden; padding:8px 0 7px; text-align:center; text-overflow:ellipsis; white-space:nowrap;\"><a href=\"https:\/\/www.instagram.com\/reel\/DO9JfXQkd9-\/?utm_source=ig_embed&amp;utm_campaign=loading\" style=\" color:#c9c8cd; font-family:Arial,sans-serif; font-size:14px; font-style:normal; font-weight:normal; line-height:17px; text-decoration:none;\" target=\"_blank\">Una publicaci\u00f3n compartida por Grupo Alas Medios (@grupo.alasmedios)<\/a><\/p><\/div><\/blockquote>\n<script async src=\"\/\/www.instagram.com\/embed.js\"><\/script>\n\n\n\n<p>Despu\u00e9s de la proyecci\u00f3n, una <strong>charla colectiva<\/strong> ayuda a procesar lo visto y compartir experiencias.<\/p>\n\n\n\n<p>Algunas recomendaciones que te ofrecemos son: <a href=\"https:\/\/www.alasmedios.com\/index.php\/2026\/02\/24\/el-pan-de-la-guerra-animacion-sobre-como-el-poder-borra-a-las-mujeres\/\">El pan de la guerra<\/a>, <a href=\"https:\/\/www.alasmedios.com\/index.php\/2025\/09\/23\/cosas-de-mujeres-grito-de-mas-de-cuatro-decadas-que-sigue-vigente\/\">Cosas de mujeres<\/a>, <a href=\"https:\/\/www.alasmedios.com\/index.php\/2025\/11\/07\/cometierra-cuando-la-tierra-habla-por-los-que-ya-no-pueden-hacerlo\/\">Cometierra<\/a> y <a href=\"https:\/\/www.alasmedios.com\/index.php\/2025\/06\/02\/las-tres-muertes-de-marisela-escobedo\/\">Las Tres Muertes de Marisela Escobedo<\/a>.<\/p>\n\n\n\n<h3 class=\"wp-block-heading\"><strong>Pintar y crear desde la experiencia propia<\/strong><\/h3>\n\n\n\n<p>El arte es una herramienta pol\u00edtica y emocional. Pintar carteles, ilustraciones, murales o crear en un cuaderno puede ser una forma de <strong>expresar rabia, esperanza, duelo o resistencia<\/strong>.<\/p>\n\n\n\n<p>Reunirse con amigas para una tarde de pintura convierte el acto creativo en un espacio de <strong>acompa\u00f1amiento y escucha<\/strong>, por supuesto que tambi\u00e9n puedes hacerlo sola y no necesitas saber dibujar, s\u00f3lo toma un lienzo y expr\u00e9sate.<\/p>\n\n\n\n<p>TE PUEDE INTERESAR: <a href=\"https:\/\/www.alasmedios.com\/index.php\/2026\/02\/20\/aquelarre-cihuacoatl-convoca-a-mujeres-y-colectivas-a-encuentro-feminista-el-arte-como-resistencia-en-pachuca\/\" data-type=\"post\" data-id=\"7860\">Aquelarre Cihuac\u00f3atl convoca a mujeres y colectivas a \u201cEncuentro feminista: El arte como resistencia\u201d en Pachuca<\/a><\/p>\n\n\n\n<h3 class=\"wp-block-heading\"><strong>Declamar poes\u00eda y leer en voz alta<\/strong><\/h3>\n\n\n\n<p>La palabra tambi\u00e9n es territorio. Leer y declamar <strong>poes\u00eda escrita por mujeres<\/strong>, textos propios o fragmentos de autoras que han marcado la historia del feminismo puede ser un ejercicio de memoria y reivindicaci\u00f3n.<\/p>\n\n\n\n<p>Un c\u00edrculo de lectura o una velada literaria el 8M puede convertirse en un acto simb\u00f3lico de <strong>reconocimiento y sororidad<\/strong>.<\/p>\n\n\n\n<p>Date voz: sabemos que muchas mujeres escriben y no con la intenci\u00f3n de publicar, puedes hacerlo \u00edntimo y compartir tus escritos con tus amigas, tambi\u00e9n puedes grabar un v\u00eddeo o crear una publicaci\u00f3n para redes: haz lo que te haga sentir c\u00f3moda.<\/p>\n\n\n\n<h3 class=\"wp-block-heading\"><strong>Conversar sin prisa<\/strong><\/h3>\n\n\n\n<p>A veces, lo m\u00e1s transformador es sentarse a hablar. <strong>Compartir experiencias <\/strong>sobre trabajo, maternidad, relaciones, violencia, sue\u00f1os o proyectos personales fortalece redes de apoyo.<\/p>\n\n\n\n<p>El <strong>8M<\/strong> tambi\u00e9n puede ser un d\u00eda para preguntar: \u00bfc\u00f3mo estamos?, \u00bfqu\u00e9 necesitamos?, \u00bfqu\u00e9 nos duele?, \u00bfqu\u00e9 queremos cambiar?<\/p>\n\n\n\n<p>Escucharnos, apoyarnos y comprobar que <strong>no est\u00e1s sola <\/strong>es importante: t\u00fa importas.<\/p>\n\n\n\n<h3 class=\"wp-block-heading\"><strong>Marchar y ocupar el espacio p\u00fablico<\/strong><\/h3>\n\n\n\n<p>Para muchas mujeres, la <strong>marcha del 8M<\/strong> es un acto de denuncia y visibilizaci\u00f3n. Salir a las calles implica exigir <strong>igualdad, justicia y el fin de las violencias<\/strong>.<\/p>\n\n\n\n<p>CONTIN\u00daA LEYENDO: <a href=\"https:\/\/www.alasmedios.com\/index.php\/2026\/03\/02\/tizayuca-alista-agenda-violeta-rodadas-murales-y-circulos-de-sororidad-por-las-mujeres\/\" data-type=\"post\" data-id=\"8025\">Tizayuca alista agenda violeta: rodadas, murales y c\u00edrculos de sororidad por las mujeres<\/a><\/p>\n\n\n\n<p>Participar puede hacerse desde distintos niveles: marchando, documentando, apoyando con agua o acompa\u00f1ando a quienes asisten por primera vez.<\/p>\n\n\n\n<p><strong>Marchar es un derecho: ej\u00e9rcelo si as\u00ed lo deseas.<\/strong><\/p>\n\n\n\n<p>El <strong>8 de marzo<\/strong> admite m\u00faltiples formas de participaci\u00f3n, no hay una manera correcta de conmemorar la fecha. Lo esencial es que cada actividad \u2014desde una conversaci\u00f3n \u00edntima hasta una movilizaci\u00f3n masiva\u2014 contribuya a mantener viva la conversaci\u00f3n sobre los <strong>derechos y luchas de las mujeres<\/strong>.<\/p>\n\n\n<ul class=\"wp-block-latest-posts__list is-grid columns-3 wp-block-latest-posts\"><li><div class=\"wp-block-latest-posts__featured-image\"><img loading=\"lazy\" decoding=\"async\" width=\"150\" height=\"150\" src=\"https:\/\/www.alasmedios.com\/wp-content\/uploads\/2026\/04\/Argentina-decomisan-bienes-Cristina-Kirchner-150x150.png\" class=\"attachment-thumbnail size-thumbnail wp-post-image\" alt=\"\" style=\"\" \/><\/div><a class=\"wp-block-latest-posts__post-title\" href=\"https:\/\/www.alasmedios.com\/index.php\/2026\/04\/25\/caso-vialidad-argentina-ratifica-decomiso-millonario-a-cristina-kirchner\/\">Caso Vialidad: Argentina ratifica decomiso millonario a Cristina Kirchner<\/a><\/li>\n<li><div class=\"wp-block-latest-posts__featured-image\"><img loading=\"lazy\" decoding=\"async\" width=\"150\" height=\"150\" src=\"https:\/\/www.alasmedios.com\/wp-content\/uploads\/2026\/04\/Puebla-desaparecida-Aguascalientes-150x150.jpeg\" class=\"attachment-thumbnail size-thumbnail wp-post-image\" alt=\"\" style=\"\" \/><\/div><a class=\"wp-block-latest-posts__post-title\" href=\"https:\/\/www.alasmedios.com\/index.php\/2026\/04\/25\/localizan-con-vida-en-aguascalientes-a-adolescente-desaparecida-en-puebla\/\">Localizan con vida en Aguascalientes a adolescente desaparecida en Puebla<\/a><\/li>\n<li><div class=\"wp-block-latest-posts__featured-image\"><img loading=\"lazy\" decoding=\"async\" width=\"150\" height=\"150\" src=\"https:\/\/www.alasmedios.com\/wp-content\/uploads\/2026\/04\/podio-de-la-Copa-del-Mundo-de-Ciclismo-150x150.jpg\" class=\"attachment-thumbnail size-thumbnail wp-post-image\" alt=\"\" style=\"\" \/><\/div><a class=\"wp-block-latest-posts__post-title\" href=\"https:\/\/www.alasmedios.com\/index.php\/2026\/04\/25\/mexico-arranca-con-doble-podio-en-la-copa-del-mundo-de-pista-en-malasia\/\">M\u00e9xico arranca con doble podio en la Copa del Mundo de Pista en Malasia<\/a><\/li>\n<\/ul>","protected":false},"excerpt":{"rendered":"<p>El 8 de marzo, D\u00eda Internacional de la Mujer, es un momento para la memoria, la denuncia y la construcci\u00f3n<\/p>\n","protected":false},"author":4,"featured_media":8062,"comment_status":"open","ping_status":"open","sticky":false,"template":"","format":"standard","meta":{"colormag_page_container_layout":"default_layout","colormag_page_sidebar_layout":"default_layout","rop_custom_images_group":[],"rop_custom_messages_group":[],"rop_publish_now":"initial","rop_publish_now_accounts":[],"rop_publish_now_history":[],"rop_publish_now_status":"pending","iawp_total_views":10,"footnotes":""},"categories":[45],"tags":[1470,3439,53,1449],"class_list":["post-8061","post","type-post","status-publish","format-standard","has-post-thumbnail","hentry","category-ellas-dicen","tag-8m","tag-dia-internacional-de-la-mujer","tag-mujeres","tag-rumbo-al-8m"],"magazineBlocksPostFeaturedMedia":{"thumbnail":"https:\/\/www.alasmedios.com\/wp-content\/uploads\/2026\/03\/Formas-de-vivir-el-8M-desde-la-reflexion-el-arte-y-la-colectividad-150x150.png","medium":"https:\/\/www.alasmedios.com\/wp-content\/uploads\/2026\/03\/Formas-de-vivir-el-8M-desde-la-reflexion-el-arte-y-la-colectividad-300x182.png","medium_large":"https:\/\/www.alasmedios.com\/wp-content\/uploads\/2026\/03\/Formas-de-vivir-el-8M-desde-la-reflexion-el-arte-y-la-colectividad-768x466.png","large":"https:\/\/www.alasmedios.com\/wp-content\/uploads\/2026\/03\/Formas-de-vivir-el-8M-desde-la-reflexion-el-arte-y-la-colectividad-1024x622.png","1536x1536":"https:\/\/www.alasmedios.com\/wp-content\/uploads\/2026\/03\/Formas-de-vivir-el-8M-desde-la-reflexion-el-arte-y-la-colectividad-1536x932.png","2048x2048":"https:\/\/www.alasmedios.com\/wp-content\/uploads\/2026\/03\/Formas-de-vivir-el-8M-desde-la-reflexion-el-arte-y-la-colectividad.png","colormag-highlighted-post":"https:\/\/www.alasmedios.com\/wp-content\/uploads\/2026\/03\/Formas-de-vivir-el-8M-desde-la-reflexion-el-arte-y-la-colectividad-392x272.png","colormag-featured-post-medium":"https:\/\/www.alasmedios.com\/wp-content\/uploads\/2026\/03\/Formas-de-vivir-el-8M-desde-la-reflexion-el-arte-y-la-colectividad-390x205.png","colormag-featured-post-small":"https:\/\/www.alasmedios.com\/wp-content\/uploads\/2026\/03\/Formas-de-vivir-el-8M-desde-la-reflexion-el-arte-y-la-colectividad-130x90.png","colormag-featured-image":"https:\/\/www.alasmedios.com\/wp-content\/uploads\/2026\/03\/Formas-de-vivir-el-8M-desde-la-reflexion-el-arte-y-la-colectividad-800x445.png","colormag-default-news":"https:\/\/www.alasmedios.com\/wp-content\/uploads\/2026\/03\/Formas-de-vivir-el-8M-desde-la-reflexion-el-arte-y-la-colectividad-150x150.png","colormag-featured-image-large":"https:\/\/www.alasmedios.com\/wp-content\/uploads\/2026\/03\/Formas-de-vivir-el-8M-desde-la-reflexion-el-arte-y-la-colectividad-1400x600.png"},"magazineBlocksPostAuthor":{"name":"Keila Rodr\u00edguez Pe\u00f1a","avatar":"https:\/\/secure.gravatar.com\/avatar\/a2553a2bfaa601b9d539b617c8793e151bdffb60f9e48a249912f86d4c9ebeef?s=96&d=mm&r=g"},"magazineBlocksPostCommentsNumber":"0","magazineBlocksPostExcerpt":"El 8 de marzo, D\u00eda Internacional de la Mujer, es un momento para la memoria, la denuncia y la construcci\u00f3n","magazineBlocksPostCategories":["Ellas Dicen"],"magazineBlocksPostViewCount":30,"magazineBlocksPostReadTime":4,"magazine_blocks_featured_image_url":{"full":["https:\/\/www.alasmedios.com\/wp-content\/uploads\/2026\/03\/Formas-de-vivir-el-8M-desde-la-reflexion-el-arte-y-la-colectividad.png",2000,1214,false],"medium":["https:\/\/www.alasmedios.com\/wp-content\/uploads\/2026\/03\/Formas-de-vivir-el-8M-desde-la-reflexion-el-arte-y-la-colectividad-300x182.png",300,182,true],"thumbnail":["https:\/\/www.alasmedios.com\/wp-content\/uploads\/2026\/03\/Formas-de-vivir-el-8M-desde-la-reflexion-el-arte-y-la-colectividad-150x150.png",150,150,true]},"magazine_blocks_author":{"display_name":"Keila Rodr\u00edguez Pe\u00f1a","author_link":"https:\/\/www.alasmedios.com\/index.php\/author\/keila\/"},"magazine_blocks_comment":0,"magazine_blocks_author_image":"https:\/\/secure.gravatar.com\/avatar\/a2553a2bfaa601b9d539b617c8793e151bdffb60f9e48a249912f86d4c9ebeef?s=96&d=mm&r=g","magazine_blocks_category":"<a href=\"#\" class=\"category-link category-link-45\">Ellas Dicen<\/a>","yoast_head":"<!-- This site is optimized with the Yoast SEO plugin v27.4 - https:\/\/yoast.com\/product\/yoast-seo-wordpress\/ -->\r\n<title>Formas de vivir el 8M desde la reflexi\u00f3n, el arte y la colectividad<\/title>\r\n<meta name=\"description\" content=\"8M, D\u00eda Internacional de la Mujer, es un momento para la memoria, la denuncia y la construcci\u00f3n colectiva, te recomendamos algunas actividades\" \/>\r\n<meta name=\"robots\" content=\"index, follow, max-snippet:-1, max-image-preview:large, max-video-preview:-1\" \/>\r\n<link rel=\"canonical\" href=\"https:\/\/www.alasmedios.com\/index.php\/2026\/03\/03\/formas-de-vivir-el-8m-desde-la-reflexion-el-arte-y-la-colectividad\/\" \/>\r\n<meta property=\"og:locale\" content=\"es_MX\" \/>\r\n<meta property=\"og:type\" content=\"article\" \/>\r\n<meta property=\"og:title\" content=\"Formas de vivir el 8M desde la reflexi\u00f3n, el arte y la colectividad\" \/>\r\n<meta property=\"og:description\" content=\"8M, D\u00eda Internacional de la Mujer, es un momento para la memoria, la denuncia y la construcci\u00f3n colectiva, te recomendamos algunas actividades\" \/>\r\n<meta property=\"og:url\" content=\"https:\/\/www.alasmedios.com\/index.php\/2026\/03\/03\/formas-de-vivir-el-8m-desde-la-reflexion-el-arte-y-la-colectividad\/\" \/>\r\n<meta property=\"og:site_name\" content=\"Alas Medios\" \/>\r\n<meta property=\"article:published_time\" content=\"2026-03-03T21:30:00+00:00\" \/>\r\n<meta property=\"article:modified_time\" content=\"2026-03-03T22:56:11+00:00\" \/>\r\n<meta property=\"og:image\" content=\"https:\/\/www.alasmedios.com\/wp-content\/uploads\/2026\/03\/Formas-de-vivir-el-8M-desde-la-reflexion-el-arte-y-la-colectividad-1024x622.png\" \/>\r\n\t<meta property=\"og:image:width\" content=\"1024\" \/>\r\n\t<meta property=\"og:image:height\" content=\"622\" \/>\r\n\t<meta property=\"og:image:type\" content=\"image\/png\" \/>\r\n<meta name=\"author\" content=\"Keila Rodr\u00edguez Pe\u00f1a\" \/>\r\n<meta name=\"twitter:card\" content=\"summary_large_image\" \/>\r\n<meta name=\"twitter:label1\" content=\"Escrito por\" \/>\n\t<meta name=\"twitter:data1\" content=\"Keila Rodr\u00edguez Pe\u00f1a\" \/>\n\t<meta name=\"twitter:label2\" content=\"Tiempo de lectura\" \/>\n\t<meta name=\"twitter:data2\" content=\"3 minutos\" \/>\r\n<script type=\"application\/ld+json\" class=\"yoast-schema-graph\">{\"@context\":\"https:\\\/\\\/schema.org\",\"@graph\":[{\"@type\":\"Article\",\"@id\":\"https:\\\/\\\/www.alasmedios.com\\\/index.php\\\/2026\\\/03\\\/03\\\/formas-de-vivir-el-8m-desde-la-reflexion-el-arte-y-la-colectividad\\\/#article\",\"isPartOf\":{\"@id\":\"https:\\\/\\\/www.alasmedios.com\\\/index.php\\\/2026\\\/03\\\/03\\\/formas-de-vivir-el-8m-desde-la-reflexion-el-arte-y-la-colectividad\\\/\"},\"author\":{\"name\":\"Keila Rodr\u00edguez Pe\u00f1a\",\"@id\":\"https:\\\/\\\/www.alasmedios.com\\\/#\\\/schema\\\/person\\\/0ba31bdd19a05ebf5c7fef1fedf99c34\"},\"headline\":\"Formas de vivir el 8M desde la reflexi\u00f3n, el arte y la colectividad\",\"datePublished\":\"2026-03-03T21:30:00+00:00\",\"dateModified\":\"2026-03-03T22:56:11+00:00\",\"mainEntityOfPage\":{\"@id\":\"https:\\\/\\\/www.alasmedios.com\\\/index.php\\\/2026\\\/03\\\/03\\\/formas-de-vivir-el-8m-desde-la-reflexion-el-arte-y-la-colectividad\\\/\"},\"wordCount\":624,\"commentCount\":0,\"publisher\":{\"@id\":\"https:\\\/\\\/www.alasmedios.com\\\/#organization\"},\"image\":{\"@id\":\"https:\\\/\\\/www.alasmedios.com\\\/index.php\\\/2026\\\/03\\\/03\\\/formas-de-vivir-el-8m-desde-la-reflexion-el-arte-y-la-colectividad\\\/#primaryimage\"},\"thumbnailUrl\":\"https:\\\/\\\/www.alasmedios.com\\\/wp-content\\\/uploads\\\/2026\\\/03\\\/Formas-de-vivir-el-8M-desde-la-reflexion-el-arte-y-la-colectividad.png\",\"keywords\":[\"8M\",\"D\u00eda Internacional de la Mujer\",\"Mujeres\",\"Rumbo al 8M\"],\"articleSection\":[\"Ellas Dicen\"],\"inLanguage\":\"es\",\"potentialAction\":[{\"@type\":\"CommentAction\",\"name\":\"Comment\",\"target\":[\"https:\\\/\\\/www.alasmedios.com\\\/index.php\\\/2026\\\/03\\\/03\\\/formas-de-vivir-el-8m-desde-la-reflexion-el-arte-y-la-colectividad\\\/#respond\"]}]},{\"@type\":\"WebPage\",\"@id\":\"https:\\\/\\\/www.alasmedios.com\\\/index.php\\\/2026\\\/03\\\/03\\\/formas-de-vivir-el-8m-desde-la-reflexion-el-arte-y-la-colectividad\\\/\",\"url\":\"https:\\\/\\\/www.alasmedios.com\\\/index.php\\\/2026\\\/03\\\/03\\\/formas-de-vivir-el-8m-desde-la-reflexion-el-arte-y-la-colectividad\\\/\",\"name\":\"Formas de vivir el 8M desde la reflexi\u00f3n, el arte y la colectividad\",\"isPartOf\":{\"@id\":\"https:\\\/\\\/www.alasmedios.com\\\/#website\"},\"primaryImageOfPage\":{\"@id\":\"https:\\\/\\\/www.alasmedios.com\\\/index.php\\\/2026\\\/03\\\/03\\\/formas-de-vivir-el-8m-desde-la-reflexion-el-arte-y-la-colectividad\\\/#primaryimage\"},\"image\":{\"@id\":\"https:\\\/\\\/www.alasmedios.com\\\/index.php\\\/2026\\\/03\\\/03\\\/formas-de-vivir-el-8m-desde-la-reflexion-el-arte-y-la-colectividad\\\/#primaryimage\"},\"thumbnailUrl\":\"https:\\\/\\\/www.alasmedios.com\\\/wp-content\\\/uploads\\\/2026\\\/03\\\/Formas-de-vivir-el-8M-desde-la-reflexion-el-arte-y-la-colectividad.png\",\"datePublished\":\"2026-03-03T21:30:00+00:00\",\"dateModified\":\"2026-03-03T22:56:11+00:00\",\"description\":\"8M, D\u00eda Internacional de la Mujer, es un momento para la memoria, la denuncia y la construcci\u00f3n colectiva, te recomendamos algunas actividades\",\"breadcrumb\":{\"@id\":\"https:\\\/\\\/www.alasmedios.com\\\/index.php\\\/2026\\\/03\\\/03\\\/formas-de-vivir-el-8m-desde-la-reflexion-el-arte-y-la-colectividad\\\/#breadcrumb\"},\"inLanguage\":\"es\",\"potentialAction\":[{\"@type\":\"ReadAction\",\"target\":[\"https:\\\/\\\/www.alasmedios.com\\\/index.php\\\/2026\\\/03\\\/03\\\/formas-de-vivir-el-8m-desde-la-reflexion-el-arte-y-la-colectividad\\\/\"]}]},{\"@type\":\"ImageObject\",\"inLanguage\":\"es\",\"@id\":\"https:\\\/\\\/www.alasmedios.com\\\/index.php\\\/2026\\\/03\\\/03\\\/formas-de-vivir-el-8m-desde-la-reflexion-el-arte-y-la-colectividad\\\/#primaryimage\",\"url\":\"https:\\\/\\\/www.alasmedios.com\\\/wp-content\\\/uploads\\\/2026\\\/03\\\/Formas-de-vivir-el-8M-desde-la-reflexion-el-arte-y-la-colectividad.png\",\"contentUrl\":\"https:\\\/\\\/www.alasmedios.com\\\/wp-content\\\/uploads\\\/2026\\\/03\\\/Formas-de-vivir-el-8M-desde-la-reflexion-el-arte-y-la-colectividad.png\",\"width\":2000,\"height\":1214},{\"@type\":\"BreadcrumbList\",\"@id\":\"https:\\\/\\\/www.alasmedios.com\\\/index.php\\\/2026\\\/03\\\/03\\\/formas-de-vivir-el-8m-desde-la-reflexion-el-arte-y-la-colectividad\\\/#breadcrumb\",\"itemListElement\":[{\"@type\":\"ListItem\",\"position\":1,\"name\":\"Inicio\",\"item\":\"https:\\\/\\\/www.alasmedios.com\\\/\"},{\"@type\":\"ListItem\",\"position\":2,\"name\":\"Formas de vivir el 8M desde la reflexi\u00f3n, el arte y la colectividad\"}]},{\"@type\":\"WebSite\",\"@id\":\"https:\\\/\\\/www.alasmedios.com\\\/#website\",\"url\":\"https:\\\/\\\/www.alasmedios.com\\\/\",\"name\":\"Alas Medios\",\"description\":\"Alas para pensar, Alas para volar, Alas de libertad\",\"publisher\":{\"@id\":\"https:\\\/\\\/www.alasmedios.com\\\/#organization\"},\"potentialAction\":[{\"@type\":\"SearchAction\",\"target\":{\"@type\":\"EntryPoint\",\"urlTemplate\":\"https:\\\/\\\/www.alasmedios.com\\\/?s={search_term_string}\"},\"query-input\":{\"@type\":\"PropertyValueSpecification\",\"valueRequired\":true,\"valueName\":\"search_term_string\"}}],\"inLanguage\":\"es\"},{\"@type\":\"Organization\",\"@id\":\"https:\\\/\\\/www.alasmedios.com\\\/#organization\",\"name\":\"Alas Medios\",\"url\":\"https:\\\/\\\/www.alasmedios.com\\\/\",\"logo\":{\"@type\":\"ImageObject\",\"inLanguage\":\"es\",\"@id\":\"https:\\\/\\\/www.alasmedios.com\\\/#\\\/schema\\\/logo\\\/image\\\/\",\"url\":\"https:\\\/\\\/www.alasmedios.com\\\/wp-content\\\/uploads\\\/2026\\\/01\\\/cropped-cropped-GAM-1.png\",\"contentUrl\":\"https:\\\/\\\/www.alasmedios.com\\\/wp-content\\\/uploads\\\/2026\\\/01\\\/cropped-cropped-GAM-1.png\",\"width\":467,\"height\":235,\"caption\":\"Alas Medios\"},\"image\":{\"@id\":\"https:\\\/\\\/www.alasmedios.com\\\/#\\\/schema\\\/logo\\\/image\\\/\"}},{\"@type\":\"Person\",\"@id\":\"https:\\\/\\\/www.alasmedios.com\\\/#\\\/schema\\\/person\\\/0ba31bdd19a05ebf5c7fef1fedf99c34\",\"name\":\"Keila Rodr\u00edguez Pe\u00f1a\",\"image\":{\"@type\":\"ImageObject\",\"inLanguage\":\"es\",\"@id\":\"https:\\\/\\\/secure.gravatar.com\\\/avatar\\\/a2553a2bfaa601b9d539b617c8793e151bdffb60f9e48a249912f86d4c9ebeef?s=96&d=mm&r=g\",\"url\":\"https:\\\/\\\/secure.gravatar.com\\\/avatar\\\/a2553a2bfaa601b9d539b617c8793e151bdffb60f9e48a249912f86d4c9ebeef?s=96&d=mm&r=g\",\"contentUrl\":\"https:\\\/\\\/secure.gravatar.com\\\/avatar\\\/a2553a2bfaa601b9d539b617c8793e151bdffb60f9e48a249912f86d4c9ebeef?s=96&d=mm&r=g\",\"caption\":\"Keila Rodr\u00edguez Pe\u00f1a\"},\"sameAs\":[\"http:\\\/\\\/www.alasmedios.com\"],\"url\":\"https:\\\/\\\/www.alasmedios.com\\\/index.php\\\/author\\\/keila\\\/\"}]}<\/script>\r\n<!-- \/ Yoast SEO plugin. -->","yoast_head_json":{"title":"Formas de vivir el 8M desde la reflexi\u00f3n, el arte y la colectividad","description":"8M, D\u00eda Internacional de la Mujer, es un momento para la memoria, la denuncia y la construcci\u00f3n colectiva, te recomendamos algunas actividades","robots":{"index":"index","follow":"follow","max-snippet":"max-snippet:-1","max-image-preview":"max-image-preview:large","max-video-preview":"max-video-preview:-1"},"canonical":"https:\/\/www.alasmedios.com\/index.php\/2026\/03\/03\/formas-de-vivir-el-8m-desde-la-reflexion-el-arte-y-la-colectividad\/","og_locale":"es_MX","og_type":"article","og_title":"Formas de vivir el 8M desde la reflexi\u00f3n, el arte y la colectividad","og_description":"8M, D\u00eda Internacional de la Mujer, es un momento para la memoria, la denuncia y la construcci\u00f3n colectiva, te recomendamos algunas actividades","og_url":"https:\/\/www.alasmedios.com\/index.php\/2026\/03\/03\/formas-de-vivir-el-8m-desde-la-reflexion-el-arte-y-la-colectividad\/","og_site_name":"Alas Medios","article_published_time":"2026-03-03T21:30:00+00:00","article_modified_time":"2026-03-03T22:56:11+00:00","og_image":[{"width":1024,"height":622,"url":"https:\/\/www.alasmedios.com\/wp-content\/uploads\/2026\/03\/Formas-de-vivir-el-8M-desde-la-reflexion-el-arte-y-la-colectividad-1024x622.png","type":"image\/png"}],"author":"Keila Rodr\u00edguez Pe\u00f1a","twitter_card":"summary_large_image","twitter_misc":{"Escrito por":"Keila Rodr\u00edguez Pe\u00f1a","Tiempo de lectura":"3 minutos"},"schema":{"@context":"https:\/\/schema.org","@graph":[{"@type":"Article","@id":"https:\/\/www.alasmedios.com\/index.php\/2026\/03\/03\/formas-de-vivir-el-8m-desde-la-reflexion-el-arte-y-la-colectividad\/#article","isPartOf":{"@id":"https:\/\/www.alasmedios.com\/index.php\/2026\/03\/03\/formas-de-vivir-el-8m-desde-la-reflexion-el-arte-y-la-colectividad\/"},"author":{"name":"Keila Rodr\u00edguez Pe\u00f1a","@id":"https:\/\/www.alasmedios.com\/#\/schema\/person\/0ba31bdd19a05ebf5c7fef1fedf99c34"},"headline":"Formas de vivir el 8M desde la reflexi\u00f3n, el arte y la colectividad","datePublished":"2026-03-03T21:30:00+00:00","dateModified":"2026-03-03T22:56:11+00:00","mainEntityOfPage":{"@id":"https:\/\/www.alasmedios.com\/index.php\/2026\/03\/03\/formas-de-vivir-el-8m-desde-la-reflexion-el-arte-y-la-colectividad\/"},"wordCount":624,"commentCount":0,"publisher":{"@id":"https:\/\/www.alasmedios.com\/#organization"},"image":{"@id":"https:\/\/www.alasmedios.com\/index.php\/2026\/03\/03\/formas-de-vivir-el-8m-desde-la-reflexion-el-arte-y-la-colectividad\/#primaryimage"},"thumbnailUrl":"https:\/\/www.alasmedios.com\/wp-content\/uploads\/2026\/03\/Formas-de-vivir-el-8M-desde-la-reflexion-el-arte-y-la-colectividad.png","keywords":["8M","D\u00eda Internacional de la Mujer","Mujeres","Rumbo al 8M"],"articleSection":["Ellas Dicen"],"inLanguage":"es","potentialAction":[{"@type":"CommentAction","name":"Comment","target":["https:\/\/www.alasmedios.com\/index.php\/2026\/03\/03\/formas-de-vivir-el-8m-desde-la-reflexion-el-arte-y-la-colectividad\/#respond"]}]},{"@type":"WebPage","@id":"https:\/\/www.alasmedios.com\/index.php\/2026\/03\/03\/formas-de-vivir-el-8m-desde-la-reflexion-el-arte-y-la-colectividad\/","url":"https:\/\/www.alasmedios.com\/index.php\/2026\/03\/03\/formas-de-vivir-el-8m-desde-la-reflexion-el-arte-y-la-colectividad\/","name":"Formas de vivir el 8M desde la reflexi\u00f3n, el arte y la colectividad","isPartOf":{"@id":"https:\/\/www.alasmedios.com\/#website"},"primaryImageOfPage":{"@id":"https:\/\/www.alasmedios.com\/index.php\/2026\/03\/03\/formas-de-vivir-el-8m-desde-la-reflexion-el-arte-y-la-colectividad\/#primaryimage"},"image":{"@id":"https:\/\/www.alasmedios.com\/index.php\/2026\/03\/03\/formas-de-vivir-el-8m-desde-la-reflexion-el-arte-y-la-colectividad\/#primaryimage"},"thumbnailUrl":"https:\/\/www.alasmedios.com\/wp-content\/uploads\/2026\/03\/Formas-de-vivir-el-8M-desde-la-reflexion-el-arte-y-la-colectividad.png","datePublished":"2026-03-03T21:30:00+00:00","dateModified":"2026-03-03T22:56:11+00:00","description":"8M, D\u00eda Internacional de la Mujer, es un momento para la memoria, la denuncia y la construcci\u00f3n colectiva, te recomendamos algunas actividades","breadcrumb":{"@id":"https:\/\/www.alasmedios.com\/index.php\/2026\/03\/03\/formas-de-vivir-el-8m-desde-la-reflexion-el-arte-y-la-colectividad\/#breadcrumb"},"inLanguage":"es","potentialAction":[{"@type":"ReadAction","target":["https:\/\/www.alasmedios.com\/index.php\/2026\/03\/03\/formas-de-vivir-el-8m-desde-la-reflexion-el-arte-y-la-colectividad\/"]}]},{"@type":"ImageObject","inLanguage":"es","@id":"https:\/\/www.alasmedios.com\/index.php\/2026\/03\/03\/formas-de-vivir-el-8m-desde-la-reflexion-el-arte-y-la-colectividad\/#primaryimage","url":"https:\/\/www.alasmedios.com\/wp-content\/uploads\/2026\/03\/Formas-de-vivir-el-8M-desde-la-reflexion-el-arte-y-la-colectividad.png","contentUrl":"https:\/\/www.alasmedios.com\/wp-content\/uploads\/2026\/03\/Formas-de-vivir-el-8M-desde-la-reflexion-el-arte-y-la-colectividad.png","width":2000,"height":1214},{"@type":"BreadcrumbList","@id":"https:\/\/www.alasmedios.com\/index.php\/2026\/03\/03\/formas-de-vivir-el-8m-desde-la-reflexion-el-arte-y-la-colectividad\/#breadcrumb","itemListElement":[{"@type":"ListItem","position":1,"name":"Inicio","item":"https:\/\/www.alasmedios.com\/"},{"@type":"ListItem","position":2,"name":"Formas de vivir el 8M desde la reflexi\u00f3n, el arte y la colectividad"}]},{"@type":"WebSite","@id":"https:\/\/www.alasmedios.com\/#website","url":"https:\/\/www.alasmedios.com\/","name":"Alas Medios","description":"Alas para pensar, Alas para volar, Alas de libertad","publisher":{"@id":"https:\/\/www.alasmedios.com\/#organization"},"potentialAction":[{"@type":"SearchAction","target":{"@type":"EntryPoint","urlTemplate":"https:\/\/www.alasmedios.com\/?s={search_term_string}"},"query-input":{"@type":"PropertyValueSpecification","valueRequired":true,"valueName":"search_term_string"}}],"inLanguage":"es"},{"@type":"Organization","@id":"https:\/\/www.alasmedios.com\/#organization","name":"Alas Medios","url":"https:\/\/www.alasmedios.com\/","logo":{"@type":"ImageObject","inLanguage":"es","@id":"https:\/\/www.alasmedios.com\/#\/schema\/logo\/image\/","url":"https:\/\/www.alasmedios.com\/wp-content\/uploads\/2026\/01\/cropped-cropped-GAM-1.png","contentUrl":"https:\/\/www.alasmedios.com\/wp-content\/uploads\/2026\/01\/cropped-cropped-GAM-1.png","width":467,"height":235,"caption":"Alas Medios"},"image":{"@id":"https:\/\/www.alasmedios.com\/#\/schema\/logo\/image\/"}},{"@type":"Person","@id":"https:\/\/www.alasmedios.com\/#\/schema\/person\/0ba31bdd19a05ebf5c7fef1fedf99c34","name":"Keila Rodr\u00edguez Pe\u00f1a","image":{"@type":"ImageObject","inLanguage":"es","@id":"https:\/\/secure.gravatar.com\/avatar\/a2553a2bfaa601b9d539b617c8793e151bdffb60f9e48a249912f86d4c9ebeef?s=96&d=mm&r=g","url":"https:\/\/secure.gravatar.com\/avatar\/a2553a2bfaa601b9d539b617c8793e151bdffb60f9e48a249912f86d4c9ebeef?s=96&d=mm&r=g","contentUrl":"https:\/\/secure.gravatar.com\/avatar\/a2553a2bfaa601b9d539b617c8793e151bdffb60f9e48a249912f86d4c9ebeef?s=96&d=mm&r=g","caption":"Keila Rodr\u00edguez Pe\u00f1a"},"sameAs":["http:\/\/www.alasmedios.com"],"url":"https:\/\/www.alasmedios.com\/index.php\/author\/keila\/"}]}},"_links":{"self":[{"href":"https:\/\/www.alasmedios.com\/index.php\/wp-json\/wp\/v2\/posts\/8061","targetHints":{"allow":["GET"]}}],"collection":[{"href":"https:\/\/www.alasmedios.com\/index.php\/wp-json\/wp\/v2\/posts"}],"about":[{"href":"https:\/\/www.alasmedios.com\/index.php\/wp-json\/wp\/v2\/types\/post"}],"author":[{"embeddable":true,"href":"https:\/\/www.alasmedios.com\/index.php\/wp-json\/wp\/v2\/users\/4"}],"replies":[{"embeddable":true,"href":"https:\/\/www.alasmedios.com\/index.php\/wp-json\/wp\/v2\/comments?post=8061"}],"version-history":[{"count":1,"href":"https:\/\/www.alasmedios.com\/index.php\/wp-json\/wp\/v2\/posts\/8061\/revisions"}],"predecessor-version":[{"id":8063,"href":"https:\/\/www.alasmedios.com\/index.php\/wp-json\/wp\/v2\/posts\/8061\/revisions\/8063"}],"wp:featuredmedia":[{"embeddable":true,"href":"https:\/\/www.alasmedios.com\/index.php\/wp-json\/wp\/v2\/media\/8062"}],"wp:attachment":[{"href":"https:\/\/www.alasmedios.com\/index.php\/wp-json\/wp\/v2\/media?parent=8061"}],"wp:term":[{"taxonomy":"category","embeddable":true,"href":"https:\/\/www.alasmedios.com\/index.php\/wp-json\/wp\/v2\/categories?post=8061"},{"taxonomy":"post_tag","embeddable":true,"href":"https:\/\/www.alasmedios.com\/index.php\/wp-json\/wp\/v2\/tags?post=8061"}],"curies":[{"name":"wp","href":"https:\/\/api.w.org\/{rel}","templated":true}]}}