{"id":7629,"date":"2026-01-29T09:58:32","date_gmt":"2026-01-29T15:58:32","guid":{"rendered":"https:\/\/www.alasmedios.com\/?p=7629"},"modified":"2026-01-29T09:58:32","modified_gmt":"2026-01-29T15:58:32","slug":"taller-gratuito-ensenara-a-crear-huertos-y-composta-en-pachuca","status":"publish","type":"post","link":"https:\/\/www.alasmedios.com\/index.php\/2026\/01\/29\/taller-gratuito-ensenara-a-crear-huertos-y-composta-en-pachuca\/","title":{"rendered":"Taller gratuito ense\u00f1ar\u00e1 a crear huertos y composta en Pachuca"},"content":{"rendered":"\n<p>La <strong>Secretar\u00eda de las Mujeres de Pachuca<\/strong>, en coordinaci\u00f3n con la <strong>Secretar\u00eda de Medio Ambiente y Desarrollo Sustentable<\/strong>, lanz\u00f3 la invitaci\u00f3n al taller <strong>\u201cMi primer huerto y composta\u201d<\/strong>, una actividad pr\u00e1ctica orientada a <strong>aprender a cultivar alimentos<\/strong>, <strong>reducir gastos en casa<\/strong> y <strong>cuidar la salud y el medio ambiente<\/strong>.<\/p>\n\n\n\n<p>El taller ser\u00e1 <strong>gratuito<\/strong>, con <strong>cupo limitado<\/strong> y se impartir\u00e1 en <strong>una \u00fanica sesi\u00f3n<\/strong>, pensada para personas que desean <strong>iniciarse desde cero<\/strong> en la producci\u00f3n de alimentos y el <strong>aprovechamiento de residuos org\u00e1nicos<\/strong>.<\/p>\n\n\n\n<p>La actividad se llevar\u00e1 a cabo el <strong>5 de febrero de 2026<\/strong>, en un horario de <strong>9:00 a 11:00 horas<\/strong>, en la <strong>calle Miguel Hidalgo #303<\/strong>, en <strong>Pachuca de Soto<\/strong>.<\/p>\n\n\n\n<p>CONTIN\u00daA LEYENDO: <a href=\"https:\/\/www.alasmedios.com\/index.php\/2026\/01\/28\/atlantes-de-tula-gigantes-de-piedra-que-sostienen-la-memoria-tolteca\/\" data-type=\"post\" data-id=\"7625\">Atlantes de Tula: gigantes de piedra que sostienen la memoria tolteca<\/a><\/p>\n\n\n\n<p>Durante la jornada, las y los asistentes aprender\u00e1n c\u00f3mo <strong>cosechar sus propios alimentos<\/strong>, iniciar un <strong>huerto dom\u00e9stico<\/strong>, elaborar <strong>composta<\/strong> y aplicar pr\u00e1cticas sencillas que impactan positivamente en la <strong>econom\u00eda familiar<\/strong> y en el <strong>entorno ambiental<\/strong>.<\/p>\n\n\n\n<figure class=\"wp-block-image size-large\"><img loading=\"lazy\" decoding=\"async\" width=\"819\" height=\"1024\" src=\"https:\/\/www.alasmedios.com\/wp-content\/uploads\/2026\/01\/composta-Pachuca-819x1024.jpg\" alt=\"\" class=\"wp-image-7630\" srcset=\"https:\/\/www.alasmedios.com\/wp-content\/uploads\/2026\/01\/composta-Pachuca-819x1024.jpg 819w, https:\/\/www.alasmedios.com\/wp-content\/uploads\/2026\/01\/composta-Pachuca-240x300.jpg 240w, https:\/\/www.alasmedios.com\/wp-content\/uploads\/2026\/01\/composta-Pachuca-768x960.jpg 768w, https:\/\/www.alasmedios.com\/wp-content\/uploads\/2026\/01\/composta-Pachuca-1229x1536.jpg 1229w, https:\/\/www.alasmedios.com\/wp-content\/uploads\/2026\/01\/composta-Pachuca.jpg 1638w\" sizes=\"auto, (max-width: 819px) 100vw, 819px\" \/><\/figure>\n\n\n\n<p>El taller <strong>\u201cMi primer huerto y composta\u201d<\/strong>, organizado por la <strong>Secretar\u00eda Municipal de las Mujeres<\/strong>, busca generar un espacio para <strong>aprender, compartir y fortalecer la autonom\u00eda desde lo cotidiano<\/strong>, mediante acciones sustentables al alcance de todas y todos.<\/p>\n\n\n\n<p>El <strong>registro previo<\/strong> es indispensable y puede realizarse a trav\u00e9s del <a href=\"https:\/\/docs.google.com\/forms\/d\/e\/1FAIpQLSfgn2TaoSYUAyvTWsyjWm-reKictOSYTK_gndR6EiyIk9K9MA\/viewform?fbclid=IwY2xjawPoYqdleHRuA2FlbQIxMABicmlkETFqM2FOYVFHVmhiSFZ0Qktwc3J0YwZhcHBfaWQQMjIyMDM5MTc4ODIwMDg5MgABHj2sEhN3gf7gQdtaCL9vLbVg71vo9_Mxkgwrb-0BYstfjRcLg1QGIizsjMbZ_aem_vkoC2CM4r6ETBGJCQxnrxg\">enlace<\/a>.<\/p>\n\n\n<ul class=\"wp-block-latest-posts__list is-grid columns-3 wp-block-latest-posts\"><li><div class=\"wp-block-latest-posts__featured-image\"><img loading=\"lazy\" decoding=\"async\" width=\"150\" height=\"150\" src=\"https:\/\/www.alasmedios.com\/wp-content\/uploads\/2026\/05\/AMPEP-inteligencia-artificial-150x150.jpg\" class=\"attachment-thumbnail size-thumbnail wp-post-image\" alt=\"\" style=\"\" \/><\/div><a class=\"wp-block-latest-posts__post-title\" href=\"https:\/\/www.alasmedios.com\/index.php\/2026\/05\/01\/periodismo-frente-a-la-ia-ampep-asume-liderazgo-y-apuesta-por-contar-historias-con-alma\/\">Periodismo frente a la IA: AMPEP asume liderazgo y apuesta por contar historias con \u201calma\u201d<\/a><\/li>\n<li><div class=\"wp-block-latest-posts__featured-image\"><img loading=\"lazy\" decoding=\"async\" width=\"150\" height=\"150\" src=\"https:\/\/www.alasmedios.com\/wp-content\/uploads\/2026\/05\/Hidalgo-viene-un-respiro-con-el-frente-frio-48-150x150.png\" class=\"attachment-thumbnail size-thumbnail wp-post-image\" alt=\"\" style=\"\" \/><\/div><a class=\"wp-block-latest-posts__post-title\" href=\"https:\/\/www.alasmedios.com\/index.php\/2026\/05\/01\/frente-frio-48-un-alivio-asi-impactara-en-hidalgo\/\">Frente fr\u00edo 48, un alivio: as\u00ed impactar\u00e1 en Hidalgo<\/a><\/li>\n<li><div class=\"wp-block-latest-posts__featured-image\"><img loading=\"lazy\" decoding=\"async\" width=\"150\" height=\"150\" src=\"https:\/\/www.alasmedios.com\/wp-content\/uploads\/2026\/05\/mujeres-depresion-posparto-150x150.png\" class=\"attachment-thumbnail size-thumbnail wp-post-image\" alt=\"\" style=\"\" \/><\/div><a class=\"wp-block-latest-posts__post-title\" href=\"https:\/\/www.alasmedios.com\/index.php\/2026\/05\/01\/1-de-cada-15-mujeres-sufre-depresion-posparto\/\">1 de cada 15 mujeres sufre depresi\u00f3n posparto<\/a><\/li>\n<\/ul>","protected":false},"excerpt":{"rendered":"<p>La Secretar\u00eda de las Mujeres de Pachuca, en coordinaci\u00f3n con la Secretar\u00eda de Medio Ambiente y Desarrollo Sustentable, lanz\u00f3 la<\/p>\n","protected":false},"author":4,"featured_media":7631,"comment_status":"open","ping_status":"open","sticky":false,"template":"","format":"standard","meta":{"colormag_page_container_layout":"default_layout","colormag_page_sidebar_layout":"default_layout","rop_custom_images_group":[],"rop_custom_messages_group":[],"rop_publish_now":"initial","rop_publish_now_accounts":[],"rop_publish_now_history":[],"rop_publish_now_status":"pending","iawp_total_views":1,"footnotes":""},"categories":[41],"tags":[3328,99,725,87,1122],"class_list":["post-7629","post","type-post","status-publish","format-standard","has-post-thumbnail","hentry","category-hidalgo","tag-composta","tag-hidalgo","tag-medio-ambiente","tag-pachuca","tag-taller"],"magazineBlocksPostFeaturedMedia":{"thumbnail":"https:\/\/www.alasmedios.com\/wp-content\/uploads\/2026\/01\/Taller-gratuito-ensenara-a-crear-huertos-y-composta-en-Pachuca-150x150.png","medium":"https:\/\/www.alasmedios.com\/wp-content\/uploads\/2026\/01\/Taller-gratuito-ensenara-a-crear-huertos-y-composta-en-Pachuca-300x182.png","medium_large":"https:\/\/www.alasmedios.com\/wp-content\/uploads\/2026\/01\/Taller-gratuito-ensenara-a-crear-huertos-y-composta-en-Pachuca-768x466.png","large":"https:\/\/www.alasmedios.com\/wp-content\/uploads\/2026\/01\/Taller-gratuito-ensenara-a-crear-huertos-y-composta-en-Pachuca-1024x622.png","1536x1536":"https:\/\/www.alasmedios.com\/wp-content\/uploads\/2026\/01\/Taller-gratuito-ensenara-a-crear-huertos-y-composta-en-Pachuca-1536x932.png","2048x2048":"https:\/\/www.alasmedios.com\/wp-content\/uploads\/2026\/01\/Taller-gratuito-ensenara-a-crear-huertos-y-composta-en-Pachuca.png","colormag-highlighted-post":"https:\/\/www.alasmedios.com\/wp-content\/uploads\/2026\/01\/Taller-gratuito-ensenara-a-crear-huertos-y-composta-en-Pachuca-392x272.png","colormag-featured-post-medium":"https:\/\/www.alasmedios.com\/wp-content\/uploads\/2026\/01\/Taller-gratuito-ensenara-a-crear-huertos-y-composta-en-Pachuca-390x205.png","colormag-featured-post-small":"https:\/\/www.alasmedios.com\/wp-content\/uploads\/2026\/01\/Taller-gratuito-ensenara-a-crear-huertos-y-composta-en-Pachuca-130x90.png","colormag-featured-image":"https:\/\/www.alasmedios.com\/wp-content\/uploads\/2026\/01\/Taller-gratuito-ensenara-a-crear-huertos-y-composta-en-Pachuca-800x445.png","colormag-default-news":"https:\/\/www.alasmedios.com\/wp-content\/uploads\/2026\/01\/Taller-gratuito-ensenara-a-crear-huertos-y-composta-en-Pachuca-150x150.png","colormag-featured-image-large":"https:\/\/www.alasmedios.com\/wp-content\/uploads\/2026\/01\/Taller-gratuito-ensenara-a-crear-huertos-y-composta-en-Pachuca-1400x600.png"},"magazineBlocksPostAuthor":{"name":"Keila Rodr\u00edguez Pe\u00f1a","avatar":"https:\/\/secure.gravatar.com\/avatar\/a2553a2bfaa601b9d539b617c8793e151bdffb60f9e48a249912f86d4c9ebeef?s=96&d=mm&r=g"},"magazineBlocksPostCommentsNumber":"0","magazineBlocksPostExcerpt":"La Secretar\u00eda de las Mujeres de Pachuca, en coordinaci\u00f3n con la Secretar\u00eda de Medio Ambiente y Desarrollo Sustentable, lanz\u00f3 la","magazineBlocksPostCategories":["Hidalgo"],"magazineBlocksPostViewCount":94,"magazineBlocksPostReadTime":2,"magazine_blocks_featured_image_url":{"full":["https:\/\/www.alasmedios.com\/wp-content\/uploads\/2026\/01\/Taller-gratuito-ensenara-a-crear-huertos-y-composta-en-Pachuca.png",2000,1214,false],"medium":["https:\/\/www.alasmedios.com\/wp-content\/uploads\/2026\/01\/Taller-gratuito-ensenara-a-crear-huertos-y-composta-en-Pachuca-300x182.png",300,182,true],"thumbnail":["https:\/\/www.alasmedios.com\/wp-content\/uploads\/2026\/01\/Taller-gratuito-ensenara-a-crear-huertos-y-composta-en-Pachuca-150x150.png",150,150,true]},"magazine_blocks_author":{"display_name":"Keila Rodr\u00edguez Pe\u00f1a","author_link":"https:\/\/www.alasmedios.com\/index.php\/author\/keila\/"},"magazine_blocks_comment":0,"magazine_blocks_author_image":"https:\/\/secure.gravatar.com\/avatar\/a2553a2bfaa601b9d539b617c8793e151bdffb60f9e48a249912f86d4c9ebeef?s=96&d=mm&r=g","magazine_blocks_category":"<a href=\"#\" class=\"category-link category-link-41\">Hidalgo<\/a>","yoast_head":"<!-- This site is optimized with the Yoast SEO plugin v27.5 - https:\/\/yoast.com\/product\/yoast-seo-wordpress\/ -->\r\n<title>Taller gratuito ense\u00f1ar\u00e1 a crear huertos y composta en Pachuca - Alas Medios<\/title>\r\n<meta name=\"robots\" content=\"index, follow, max-snippet:-1, max-image-preview:large, max-video-preview:-1\" \/>\r\n<link rel=\"canonical\" href=\"https:\/\/www.alasmedios.com\/index.php\/2026\/01\/29\/taller-gratuito-ensenara-a-crear-huertos-y-composta-en-pachuca\/\" \/>\r\n<meta property=\"og:locale\" content=\"es_MX\" \/>\r\n<meta property=\"og:type\" content=\"article\" \/>\r\n<meta property=\"og:title\" content=\"Taller gratuito ense\u00f1ar\u00e1 a crear huertos y composta en Pachuca - Alas Medios\" \/>\r\n<meta property=\"og:description\" content=\"La Secretar\u00eda de las Mujeres de Pachuca, en coordinaci\u00f3n con la Secretar\u00eda de Medio Ambiente y Desarrollo Sustentable, lanz\u00f3 la\" \/>\r\n<meta property=\"og:url\" content=\"https:\/\/www.alasmedios.com\/index.php\/2026\/01\/29\/taller-gratuito-ensenara-a-crear-huertos-y-composta-en-pachuca\/\" \/>\r\n<meta property=\"og:site_name\" content=\"Alas Medios\" \/>\r\n<meta property=\"article:published_time\" content=\"2026-01-29T15:58:32+00:00\" \/>\r\n<meta property=\"og:image\" content=\"https:\/\/www.alasmedios.com\/wp-content\/uploads\/2026\/01\/Taller-gratuito-ensenara-a-crear-huertos-y-composta-en-Pachuca-1024x622.png\" \/>\r\n\t<meta property=\"og:image:width\" content=\"1024\" \/>\r\n\t<meta property=\"og:image:height\" content=\"622\" \/>\r\n\t<meta property=\"og:image:type\" content=\"image\/png\" \/>\r\n<meta name=\"author\" content=\"Keila Rodr\u00edguez Pe\u00f1a\" \/>\r\n<meta name=\"twitter:card\" content=\"summary_large_image\" \/>\r\n<meta name=\"twitter:label1\" content=\"Escrito por\" \/>\n\t<meta name=\"twitter:data1\" content=\"Keila Rodr\u00edguez Pe\u00f1a\" \/>\n\t<meta name=\"twitter:label2\" content=\"Tiempo de lectura\" \/>\n\t<meta name=\"twitter:data2\" content=\"1 minuto\" \/>\r\n<script type=\"application\/ld+json\" class=\"yoast-schema-graph\">{\"@context\":\"https:\\\/\\\/schema.org\",\"@graph\":[{\"@type\":\"Article\",\"@id\":\"https:\\\/\\\/www.alasmedios.com\\\/index.php\\\/2026\\\/01\\\/29\\\/taller-gratuito-ensenara-a-crear-huertos-y-composta-en-pachuca\\\/#article\",\"isPartOf\":{\"@id\":\"https:\\\/\\\/www.alasmedios.com\\\/index.php\\\/2026\\\/01\\\/29\\\/taller-gratuito-ensenara-a-crear-huertos-y-composta-en-pachuca\\\/\"},\"author\":{\"name\":\"Keila Rodr\u00edguez Pe\u00f1a\",\"@id\":\"https:\\\/\\\/www.alasmedios.com\\\/#\\\/schema\\\/person\\\/0ba31bdd19a05ebf5c7fef1fedf99c34\"},\"headline\":\"Taller gratuito ense\u00f1ar\u00e1 a crear huertos y composta en Pachuca\",\"datePublished\":\"2026-01-29T15:58:32+00:00\",\"mainEntityOfPage\":{\"@id\":\"https:\\\/\\\/www.alasmedios.com\\\/index.php\\\/2026\\\/01\\\/29\\\/taller-gratuito-ensenara-a-crear-huertos-y-composta-en-pachuca\\\/\"},\"wordCount\":233,\"commentCount\":0,\"publisher\":{\"@id\":\"https:\\\/\\\/www.alasmedios.com\\\/#organization\"},\"image\":{\"@id\":\"https:\\\/\\\/www.alasmedios.com\\\/index.php\\\/2026\\\/01\\\/29\\\/taller-gratuito-ensenara-a-crear-huertos-y-composta-en-pachuca\\\/#primaryimage\"},\"thumbnailUrl\":\"https:\\\/\\\/www.alasmedios.com\\\/wp-content\\\/uploads\\\/2026\\\/01\\\/Taller-gratuito-ensenara-a-crear-huertos-y-composta-en-Pachuca.png\",\"keywords\":[\"composta\",\"Hidalgo\",\"Medio Ambiente\",\"Pachuca\",\"taller\"],\"articleSection\":[\"Hidalgo\"],\"inLanguage\":\"es\",\"potentialAction\":[{\"@type\":\"CommentAction\",\"name\":\"Comment\",\"target\":[\"https:\\\/\\\/www.alasmedios.com\\\/index.php\\\/2026\\\/01\\\/29\\\/taller-gratuito-ensenara-a-crear-huertos-y-composta-en-pachuca\\\/#respond\"]}]},{\"@type\":\"WebPage\",\"@id\":\"https:\\\/\\\/www.alasmedios.com\\\/index.php\\\/2026\\\/01\\\/29\\\/taller-gratuito-ensenara-a-crear-huertos-y-composta-en-pachuca\\\/\",\"url\":\"https:\\\/\\\/www.alasmedios.com\\\/index.php\\\/2026\\\/01\\\/29\\\/taller-gratuito-ensenara-a-crear-huertos-y-composta-en-pachuca\\\/\",\"name\":\"Taller gratuito ense\u00f1ar\u00e1 a crear huertos y composta en Pachuca - Alas Medios\",\"isPartOf\":{\"@id\":\"https:\\\/\\\/www.alasmedios.com\\\/#website\"},\"primaryImageOfPage\":{\"@id\":\"https:\\\/\\\/www.alasmedios.com\\\/index.php\\\/2026\\\/01\\\/29\\\/taller-gratuito-ensenara-a-crear-huertos-y-composta-en-pachuca\\\/#primaryimage\"},\"image\":{\"@id\":\"https:\\\/\\\/www.alasmedios.com\\\/index.php\\\/2026\\\/01\\\/29\\\/taller-gratuito-ensenara-a-crear-huertos-y-composta-en-pachuca\\\/#primaryimage\"},\"thumbnailUrl\":\"https:\\\/\\\/www.alasmedios.com\\\/wp-content\\\/uploads\\\/2026\\\/01\\\/Taller-gratuito-ensenara-a-crear-huertos-y-composta-en-Pachuca.png\",\"datePublished\":\"2026-01-29T15:58:32+00:00\",\"breadcrumb\":{\"@id\":\"https:\\\/\\\/www.alasmedios.com\\\/index.php\\\/2026\\\/01\\\/29\\\/taller-gratuito-ensenara-a-crear-huertos-y-composta-en-pachuca\\\/#breadcrumb\"},\"inLanguage\":\"es\",\"potentialAction\":[{\"@type\":\"ReadAction\",\"target\":[\"https:\\\/\\\/www.alasmedios.com\\\/index.php\\\/2026\\\/01\\\/29\\\/taller-gratuito-ensenara-a-crear-huertos-y-composta-en-pachuca\\\/\"]}]},{\"@type\":\"ImageObject\",\"inLanguage\":\"es\",\"@id\":\"https:\\\/\\\/www.alasmedios.com\\\/index.php\\\/2026\\\/01\\\/29\\\/taller-gratuito-ensenara-a-crear-huertos-y-composta-en-pachuca\\\/#primaryimage\",\"url\":\"https:\\\/\\\/www.alasmedios.com\\\/wp-content\\\/uploads\\\/2026\\\/01\\\/Taller-gratuito-ensenara-a-crear-huertos-y-composta-en-Pachuca.png\",\"contentUrl\":\"https:\\\/\\\/www.alasmedios.com\\\/wp-content\\\/uploads\\\/2026\\\/01\\\/Taller-gratuito-ensenara-a-crear-huertos-y-composta-en-Pachuca.png\",\"width\":2000,\"height\":1214},{\"@type\":\"BreadcrumbList\",\"@id\":\"https:\\\/\\\/www.alasmedios.com\\\/index.php\\\/2026\\\/01\\\/29\\\/taller-gratuito-ensenara-a-crear-huertos-y-composta-en-pachuca\\\/#breadcrumb\",\"itemListElement\":[{\"@type\":\"ListItem\",\"position\":1,\"name\":\"Inicio\",\"item\":\"https:\\\/\\\/www.alasmedios.com\\\/\"},{\"@type\":\"ListItem\",\"position\":2,\"name\":\"Taller gratuito ense\u00f1ar\u00e1 a crear huertos y composta en Pachuca\"}]},{\"@type\":\"WebSite\",\"@id\":\"https:\\\/\\\/www.alasmedios.com\\\/#website\",\"url\":\"https:\\\/\\\/www.alasmedios.com\\\/\",\"name\":\"Alas Medios\",\"description\":\"Alas para pensar, Alas para volar, Alas de libertad\",\"publisher\":{\"@id\":\"https:\\\/\\\/www.alasmedios.com\\\/#organization\"},\"potentialAction\":[{\"@type\":\"SearchAction\",\"target\":{\"@type\":\"EntryPoint\",\"urlTemplate\":\"https:\\\/\\\/www.alasmedios.com\\\/?s={search_term_string}\"},\"query-input\":{\"@type\":\"PropertyValueSpecification\",\"valueRequired\":true,\"valueName\":\"search_term_string\"}}],\"inLanguage\":\"es\"},{\"@type\":\"Organization\",\"@id\":\"https:\\\/\\\/www.alasmedios.com\\\/#organization\",\"name\":\"Alas Medios\",\"url\":\"https:\\\/\\\/www.alasmedios.com\\\/\",\"logo\":{\"@type\":\"ImageObject\",\"inLanguage\":\"es\",\"@id\":\"https:\\\/\\\/www.alasmedios.com\\\/#\\\/schema\\\/logo\\\/image\\\/\",\"url\":\"https:\\\/\\\/www.alasmedios.com\\\/wp-content\\\/uploads\\\/2026\\\/01\\\/cropped-cropped-GAM-1.png\",\"contentUrl\":\"https:\\\/\\\/www.alasmedios.com\\\/wp-content\\\/uploads\\\/2026\\\/01\\\/cropped-cropped-GAM-1.png\",\"width\":467,\"height\":235,\"caption\":\"Alas Medios\"},\"image\":{\"@id\":\"https:\\\/\\\/www.alasmedios.com\\\/#\\\/schema\\\/logo\\\/image\\\/\"}},{\"@type\":\"Person\",\"@id\":\"https:\\\/\\\/www.alasmedios.com\\\/#\\\/schema\\\/person\\\/0ba31bdd19a05ebf5c7fef1fedf99c34\",\"name\":\"Keila Rodr\u00edguez Pe\u00f1a\",\"image\":{\"@type\":\"ImageObject\",\"inLanguage\":\"es\",\"@id\":\"https:\\\/\\\/secure.gravatar.com\\\/avatar\\\/a2553a2bfaa601b9d539b617c8793e151bdffb60f9e48a249912f86d4c9ebeef?s=96&d=mm&r=g\",\"url\":\"https:\\\/\\\/secure.gravatar.com\\\/avatar\\\/a2553a2bfaa601b9d539b617c8793e151bdffb60f9e48a249912f86d4c9ebeef?s=96&d=mm&r=g\",\"contentUrl\":\"https:\\\/\\\/secure.gravatar.com\\\/avatar\\\/a2553a2bfaa601b9d539b617c8793e151bdffb60f9e48a249912f86d4c9ebeef?s=96&d=mm&r=g\",\"caption\":\"Keila Rodr\u00edguez Pe\u00f1a\"},\"sameAs\":[\"http:\\\/\\\/www.alasmedios.com\"],\"url\":\"https:\\\/\\\/www.alasmedios.com\\\/index.php\\\/author\\\/keila\\\/\"}]}<\/script>\r\n<!-- \/ Yoast SEO plugin. -->","yoast_head_json":{"title":"Taller gratuito ense\u00f1ar\u00e1 a crear huertos y composta en Pachuca - Alas Medios","robots":{"index":"index","follow":"follow","max-snippet":"max-snippet:-1","max-image-preview":"max-image-preview:large","max-video-preview":"max-video-preview:-1"},"canonical":"https:\/\/www.alasmedios.com\/index.php\/2026\/01\/29\/taller-gratuito-ensenara-a-crear-huertos-y-composta-en-pachuca\/","og_locale":"es_MX","og_type":"article","og_title":"Taller gratuito ense\u00f1ar\u00e1 a crear huertos y composta en Pachuca - Alas Medios","og_description":"La Secretar\u00eda de las Mujeres de Pachuca, en coordinaci\u00f3n con la Secretar\u00eda de Medio Ambiente y Desarrollo Sustentable, lanz\u00f3 la","og_url":"https:\/\/www.alasmedios.com\/index.php\/2026\/01\/29\/taller-gratuito-ensenara-a-crear-huertos-y-composta-en-pachuca\/","og_site_name":"Alas Medios","article_published_time":"2026-01-29T15:58:32+00:00","og_image":[{"width":1024,"height":622,"url":"https:\/\/www.alasmedios.com\/wp-content\/uploads\/2026\/01\/Taller-gratuito-ensenara-a-crear-huertos-y-composta-en-Pachuca-1024x622.png","type":"image\/png"}],"author":"Keila Rodr\u00edguez Pe\u00f1a","twitter_card":"summary_large_image","twitter_misc":{"Escrito por":"Keila Rodr\u00edguez Pe\u00f1a","Tiempo de lectura":"1 minuto"},"schema":{"@context":"https:\/\/schema.org","@graph":[{"@type":"Article","@id":"https:\/\/www.alasmedios.com\/index.php\/2026\/01\/29\/taller-gratuito-ensenara-a-crear-huertos-y-composta-en-pachuca\/#article","isPartOf":{"@id":"https:\/\/www.alasmedios.com\/index.php\/2026\/01\/29\/taller-gratuito-ensenara-a-crear-huertos-y-composta-en-pachuca\/"},"author":{"name":"Keila Rodr\u00edguez Pe\u00f1a","@id":"https:\/\/www.alasmedios.com\/#\/schema\/person\/0ba31bdd19a05ebf5c7fef1fedf99c34"},"headline":"Taller gratuito ense\u00f1ar\u00e1 a crear huertos y composta en Pachuca","datePublished":"2026-01-29T15:58:32+00:00","mainEntityOfPage":{"@id":"https:\/\/www.alasmedios.com\/index.php\/2026\/01\/29\/taller-gratuito-ensenara-a-crear-huertos-y-composta-en-pachuca\/"},"wordCount":233,"commentCount":0,"publisher":{"@id":"https:\/\/www.alasmedios.com\/#organization"},"image":{"@id":"https:\/\/www.alasmedios.com\/index.php\/2026\/01\/29\/taller-gratuito-ensenara-a-crear-huertos-y-composta-en-pachuca\/#primaryimage"},"thumbnailUrl":"https:\/\/www.alasmedios.com\/wp-content\/uploads\/2026\/01\/Taller-gratuito-ensenara-a-crear-huertos-y-composta-en-Pachuca.png","keywords":["composta","Hidalgo","Medio Ambiente","Pachuca","taller"],"articleSection":["Hidalgo"],"inLanguage":"es","potentialAction":[{"@type":"CommentAction","name":"Comment","target":["https:\/\/www.alasmedios.com\/index.php\/2026\/01\/29\/taller-gratuito-ensenara-a-crear-huertos-y-composta-en-pachuca\/#respond"]}]},{"@type":"WebPage","@id":"https:\/\/www.alasmedios.com\/index.php\/2026\/01\/29\/taller-gratuito-ensenara-a-crear-huertos-y-composta-en-pachuca\/","url":"https:\/\/www.alasmedios.com\/index.php\/2026\/01\/29\/taller-gratuito-ensenara-a-crear-huertos-y-composta-en-pachuca\/","name":"Taller gratuito ense\u00f1ar\u00e1 a crear huertos y composta en Pachuca - Alas Medios","isPartOf":{"@id":"https:\/\/www.alasmedios.com\/#website"},"primaryImageOfPage":{"@id":"https:\/\/www.alasmedios.com\/index.php\/2026\/01\/29\/taller-gratuito-ensenara-a-crear-huertos-y-composta-en-pachuca\/#primaryimage"},"image":{"@id":"https:\/\/www.alasmedios.com\/index.php\/2026\/01\/29\/taller-gratuito-ensenara-a-crear-huertos-y-composta-en-pachuca\/#primaryimage"},"thumbnailUrl":"https:\/\/www.alasmedios.com\/wp-content\/uploads\/2026\/01\/Taller-gratuito-ensenara-a-crear-huertos-y-composta-en-Pachuca.png","datePublished":"2026-01-29T15:58:32+00:00","breadcrumb":{"@id":"https:\/\/www.alasmedios.com\/index.php\/2026\/01\/29\/taller-gratuito-ensenara-a-crear-huertos-y-composta-en-pachuca\/#breadcrumb"},"inLanguage":"es","potentialAction":[{"@type":"ReadAction","target":["https:\/\/www.alasmedios.com\/index.php\/2026\/01\/29\/taller-gratuito-ensenara-a-crear-huertos-y-composta-en-pachuca\/"]}]},{"@type":"ImageObject","inLanguage":"es","@id":"https:\/\/www.alasmedios.com\/index.php\/2026\/01\/29\/taller-gratuito-ensenara-a-crear-huertos-y-composta-en-pachuca\/#primaryimage","url":"https:\/\/www.alasmedios.com\/wp-content\/uploads\/2026\/01\/Taller-gratuito-ensenara-a-crear-huertos-y-composta-en-Pachuca.png","contentUrl":"https:\/\/www.alasmedios.com\/wp-content\/uploads\/2026\/01\/Taller-gratuito-ensenara-a-crear-huertos-y-composta-en-Pachuca.png","width":2000,"height":1214},{"@type":"BreadcrumbList","@id":"https:\/\/www.alasmedios.com\/index.php\/2026\/01\/29\/taller-gratuito-ensenara-a-crear-huertos-y-composta-en-pachuca\/#breadcrumb","itemListElement":[{"@type":"ListItem","position":1,"name":"Inicio","item":"https:\/\/www.alasmedios.com\/"},{"@type":"ListItem","position":2,"name":"Taller gratuito ense\u00f1ar\u00e1 a crear huertos y composta en Pachuca"}]},{"@type":"WebSite","@id":"https:\/\/www.alasmedios.com\/#website","url":"https:\/\/www.alasmedios.com\/","name":"Alas Medios","description":"Alas para pensar, Alas para volar, Alas de libertad","publisher":{"@id":"https:\/\/www.alasmedios.com\/#organization"},"potentialAction":[{"@type":"SearchAction","target":{"@type":"EntryPoint","urlTemplate":"https:\/\/www.alasmedios.com\/?s={search_term_string}"},"query-input":{"@type":"PropertyValueSpecification","valueRequired":true,"valueName":"search_term_string"}}],"inLanguage":"es"},{"@type":"Organization","@id":"https:\/\/www.alasmedios.com\/#organization","name":"Alas Medios","url":"https:\/\/www.alasmedios.com\/","logo":{"@type":"ImageObject","inLanguage":"es","@id":"https:\/\/www.alasmedios.com\/#\/schema\/logo\/image\/","url":"https:\/\/www.alasmedios.com\/wp-content\/uploads\/2026\/01\/cropped-cropped-GAM-1.png","contentUrl":"https:\/\/www.alasmedios.com\/wp-content\/uploads\/2026\/01\/cropped-cropped-GAM-1.png","width":467,"height":235,"caption":"Alas Medios"},"image":{"@id":"https:\/\/www.alasmedios.com\/#\/schema\/logo\/image\/"}},{"@type":"Person","@id":"https:\/\/www.alasmedios.com\/#\/schema\/person\/0ba31bdd19a05ebf5c7fef1fedf99c34","name":"Keila Rodr\u00edguez Pe\u00f1a","image":{"@type":"ImageObject","inLanguage":"es","@id":"https:\/\/secure.gravatar.com\/avatar\/a2553a2bfaa601b9d539b617c8793e151bdffb60f9e48a249912f86d4c9ebeef?s=96&d=mm&r=g","url":"https:\/\/secure.gravatar.com\/avatar\/a2553a2bfaa601b9d539b617c8793e151bdffb60f9e48a249912f86d4c9ebeef?s=96&d=mm&r=g","contentUrl":"https:\/\/secure.gravatar.com\/avatar\/a2553a2bfaa601b9d539b617c8793e151bdffb60f9e48a249912f86d4c9ebeef?s=96&d=mm&r=g","caption":"Keila Rodr\u00edguez Pe\u00f1a"},"sameAs":["http:\/\/www.alasmedios.com"],"url":"https:\/\/www.alasmedios.com\/index.php\/author\/keila\/"}]}},"_links":{"self":[{"href":"https:\/\/www.alasmedios.com\/index.php\/wp-json\/wp\/v2\/posts\/7629","targetHints":{"allow":["GET"]}}],"collection":[{"href":"https:\/\/www.alasmedios.com\/index.php\/wp-json\/wp\/v2\/posts"}],"about":[{"href":"https:\/\/www.alasmedios.com\/index.php\/wp-json\/wp\/v2\/types\/post"}],"author":[{"embeddable":true,"href":"https:\/\/www.alasmedios.com\/index.php\/wp-json\/wp\/v2\/users\/4"}],"replies":[{"embeddable":true,"href":"https:\/\/www.alasmedios.com\/index.php\/wp-json\/wp\/v2\/comments?post=7629"}],"version-history":[{"count":1,"href":"https:\/\/www.alasmedios.com\/index.php\/wp-json\/wp\/v2\/posts\/7629\/revisions"}],"predecessor-version":[{"id":7632,"href":"https:\/\/www.alasmedios.com\/index.php\/wp-json\/wp\/v2\/posts\/7629\/revisions\/7632"}],"wp:featuredmedia":[{"embeddable":true,"href":"https:\/\/www.alasmedios.com\/index.php\/wp-json\/wp\/v2\/media\/7631"}],"wp:attachment":[{"href":"https:\/\/www.alasmedios.com\/index.php\/wp-json\/wp\/v2\/media?parent=7629"}],"wp:term":[{"taxonomy":"category","embeddable":true,"href":"https:\/\/www.alasmedios.com\/index.php\/wp-json\/wp\/v2\/categories?post=7629"},{"taxonomy":"post_tag","embeddable":true,"href":"https:\/\/www.alasmedios.com\/index.php\/wp-json\/wp\/v2\/tags?post=7629"}],"curies":[{"name":"wp","href":"https:\/\/api.w.org\/{rel}","templated":true}]}}