{"id":7625,"date":"2026-01-28T14:40:00","date_gmt":"2026-01-28T20:40:00","guid":{"rendered":"https:\/\/www.alasmedios.com\/?p=7625"},"modified":"2026-01-28T12:47:19","modified_gmt":"2026-01-28T18:47:19","slug":"atlantes-de-tula-gigantes-de-piedra-que-sostienen-la-memoria-tolteca","status":"publish","type":"post","link":"https:\/\/www.alasmedios.com\/index.php\/2026\/01\/28\/atlantes-de-tula-gigantes-de-piedra-que-sostienen-la-memoria-tolteca\/","title":{"rendered":"Atlantes de Tula: gigantes de piedra que sostienen la memoria tolteca"},"content":{"rendered":"\n<p>En el coraz\u00f3n del valle donde floreci\u00f3 la grandeza tolteca, la <strong>zona arqueol\u00f3gica de Tula<\/strong>, antigua <strong>Tollan-Xicocotitlan<\/strong>, se levanta como un viaje abierto al pasado. <\/p>\n\n\n\n<p>Entre plazas, basamentos y relieves, este sitio resguarda uno de los legados m\u00e1s poderosos del <strong>Poscl\u00e1sico mesoamericano<\/strong>, una ciudad que entre los <strong>siglos X y XII<\/strong> fue eje pol\u00edtico, ceremonial y simb\u00f3lico del Altiplano Central.<\/p>\n\n\n\n<p>Dominando el horizonte desde lo alto de la <strong>Pir\u00e1mide B<\/strong>, dedicada a <strong>Tlahuizcalpantecuhtli<\/strong>, emergen los imponentes <strong>atlantes de Tula<\/strong>: cuatro esculturas antropomorfas de <strong>basalto<\/strong>, con <strong>4.60 metros de altura<\/strong> y un peso cercano a <strong>8.5 toneladas<\/strong> cada una. <\/p>\n\n\n\n<p>No son figuras decorativas: estas <strong>columnas-guerrero<\/strong> sosten\u00edan la techumbre del templo, fusionando <strong>arquitectura y escultura<\/strong> en una misma visi\u00f3n ritual.<\/p>\n\n\n\n<p>CONTIN\u00daA LEYENDO: <a href=\"https:\/\/www.alasmedios.com\/index.php\/2025\/12\/27\/vacaciones-repetidas-por-que-volver-al-mismo-lugar-se-vuelve-refugio\/\" data-type=\"post\" data-id=\"7263\">Vacaciones repetidas: por qu\u00e9 volver al mismo lugar se vuelve refugio<\/a><\/p>\n\n\n\n<p>Tallados en <strong>cuatro secciones<\/strong> y ensamblados mediante el sistema de <strong>\u201ccaja y espiga\u201d<\/strong>, los atlantes revelan el alto dominio t\u00e9cnico de la cultura tolteca. Las exploraciones encabezadas en <strong>1941 por Jorge R. Acosta<\/strong> permitieron recuperar las piezas, entonces fragmentadas; su <strong>reconstrucci\u00f3n y colocaci\u00f3n definitiva<\/strong> en la cima de la pir\u00e1mide se concret\u00f3 en <strong>1960<\/strong>, tras a\u00f1os de estudio y restauraci\u00f3n.<\/p>\n\n\n\n<p>La <strong>iconograf\u00eda<\/strong> de los atlantes habla de guerra, ritual y cosmos. Conservan restos de <strong>policrom\u00eda<\/strong> en tonos <strong>amarillo, azul, blanco y rojo<\/strong>, y portan s\u00edmbolos del guerrero tolteca: <strong>\u00e1tlatl, dardos, cuchillo de s\u00edlex, arma curva, j\u00edcara para copal y pectorales<\/strong>. <\/p>\n\n\n\n<p>Las l\u00edneas rojas sobre las piernas y la decoraci\u00f3n corporal refuerzan la interpretaci\u00f3n del templo como un espacio dedicado a <strong>Quetzalc\u00f3atl<\/strong>, en su advocaci\u00f3n como <strong>Venus<\/strong>, el lucero asociado al movimiento y al renacer c\u00edclico.<\/p>\n\n\n\n<p>Correspondientes a la <strong>fase Tollan (950\u20131200 d. C.)<\/strong>, los atlantes no son solo vestigios p\u00e9treos: son <strong>guardianes de una ciudad<\/strong> que supo articular poder, religi\u00f3n y t\u00e9cnica a trav\u00e9s de la piedra. Hoy, permanecen como un s\u00edmbolo vivo de la <strong>memoria tolteca<\/strong>.<\/p>\n\n\n\n<p>El <strong>conjunto arqueol\u00f3gico de Tula<\/strong>, investigado y conservado por el <strong>INAH<\/strong>, invita a recorrer una historia escrita en basalto, donde <strong>paisaje, simbolismo y arquitectura<\/strong> siguen dialogando con el presente. Visitar Tula es mirar al cielo desde la piedra y entender c\u00f3mo el pasado a\u00fan sostiene nuestra identidad.<\/p>\n\n\n\n<p>TE PUEDE INTERESAR: <a href=\"https:\/\/www.alasmedios.com\/index.php\/2026\/01\/28\/ice-va-a-los-juegos-olimpicos-de-milan-cortina\/\" data-type=\"post\" data-id=\"7622\">ICE va a los Juegos Ol\u00edmpicos de Mil\u00e1n-Cortina<\/a><\/p>\n\n\n\n<h3 class=\"wp-block-heading\"><strong>Informaci\u00f3n para visitantes<\/strong><\/h3>\n\n\n\n<ul class=\"wp-block-list\">\n<li><strong>Horario:<\/strong> lunes a domingo, <strong>9:00 a 18:00 horas<\/strong><\/li>\n\n\n\n<li><strong>\u00daltimo acceso:<\/strong> <strong>16:30 horas<\/strong><\/li>\n\n\n\n<li><strong>Costo general:<\/strong> <strong>$210.00 pesos<\/strong><\/li>\n\n\n\n<li><strong>Nacionales y extranjeros con residencia en M\u00e9xico:<\/strong> <strong>$105.00 pesos<\/strong><\/li>\n\n\n\n<li><strong>Zona Arqueol\u00f3gica de Tula<\/strong>, <strong>boulevard Tula\u2013Iturbe km 2.5, El Salitre, 42800, Tula de Allende, Hidalgo<\/strong><\/li>\n<\/ul>\n\n\n<ul class=\"wp-block-latest-posts__list is-grid columns-3 wp-block-latest-posts\"><li><div class=\"wp-block-latest-posts__featured-image\"><img loading=\"lazy\" decoding=\"async\" width=\"150\" height=\"150\" src=\"https:\/\/www.alasmedios.com\/wp-content\/uploads\/2026\/05\/USEP-calidad-hospitalaria-150x150.jpeg\" class=\"attachment-thumbnail size-thumbnail wp-post-image\" alt=\"\" style=\"\" \/><\/div><a class=\"wp-block-latest-posts__post-title\" href=\"https:\/\/www.alasmedios.com\/index.php\/2026\/05\/01\/usep-activa-formacion-para-prevenir-riesgos-en-la-atencion-medica\/\">USEP activa formaci\u00f3n para prevenir riesgos en la atenci\u00f3n m\u00e9dica<\/a><\/li>\n<li><div class=\"wp-block-latest-posts__featured-image\"><img loading=\"lazy\" decoding=\"async\" width=\"150\" height=\"150\" src=\"https:\/\/www.alasmedios.com\/wp-content\/uploads\/2026\/05\/Super-Final-de-la-Copa-del-Mundo-de-Clavados-2026-150x150.jpeg\" class=\"attachment-thumbnail size-thumbnail wp-post-image\" alt=\"\" style=\"\" \/><\/div><a class=\"wp-block-latest-posts__post-title\" href=\"https:\/\/www.alasmedios.com\/index.php\/2026\/05\/01\/mexico-se-lanza-por-la-cima-once-clavadistas-buscan-la-gloria-mundial-en-pekin-2026\/\">M\u00e9xico se lanza por la cima: once clavadistas buscan la gloria mundial en Pek\u00edn 2026<\/a><\/li>\n<li><div class=\"wp-block-latest-posts__featured-image\"><img loading=\"lazy\" decoding=\"async\" width=\"150\" height=\"150\" src=\"https:\/\/www.alasmedios.com\/wp-content\/uploads\/2026\/04\/Puebla-el-Congreso-aprobo-el-Protocolo-Homologado-de-Investigacion-de-Delitos-contra-Personas-LGBTTTI-150x150.png\" class=\"attachment-thumbnail size-thumbnail wp-post-image\" alt=\"\" style=\"\" \/><\/div><a class=\"wp-block-latest-posts__post-title\" href=\"https:\/\/www.alasmedios.com\/index.php\/2026\/04\/30\/puebla-impulsa-protocolo-contra-delitos-lgbttti\/\">Puebla impulsa protocolo contra delitos LGBTTTI+<\/a><\/li>\n<\/ul>","protected":false},"excerpt":{"rendered":"<p>En el coraz\u00f3n del valle donde floreci\u00f3 la grandeza tolteca, la zona arqueol\u00f3gica de Tula, antigua Tollan-Xicocotitlan, se levanta como<\/p>\n","protected":false},"author":4,"featured_media":7626,"comment_status":"open","ping_status":"open","sticky":false,"template":"","format":"standard","meta":{"colormag_page_container_layout":"default_layout","colormag_page_sidebar_layout":"default_layout","rop_custom_images_group":[],"rop_custom_messages_group":[],"rop_publish_now":"initial","rop_publish_now_accounts":[],"rop_publish_now_history":[],"rop_publish_now_status":"pending","iawp_total_views":1,"footnotes":""},"categories":[41],"tags":[3327,75,99,3292,768,74],"class_list":["post-7625","post","type-post","status-publish","format-standard","has-post-thumbnail","hentry","category-hidalgo","tag-atlantes-de-tula","tag-cultura","tag-hidalgo","tag-patrimonio","tag-tula-de-allende","tag-turismo"],"magazineBlocksPostFeaturedMedia":{"thumbnail":"https:\/\/www.alasmedios.com\/wp-content\/uploads\/2026\/01\/Atlantes-de-Tula-gigantes-de-piedra-que-sostienen-la-memoria-tolteca-150x150.png","medium":"https:\/\/www.alasmedios.com\/wp-content\/uploads\/2026\/01\/Atlantes-de-Tula-gigantes-de-piedra-que-sostienen-la-memoria-tolteca-300x182.png","medium_large":"https:\/\/www.alasmedios.com\/wp-content\/uploads\/2026\/01\/Atlantes-de-Tula-gigantes-de-piedra-que-sostienen-la-memoria-tolteca-768x466.png","large":"https:\/\/www.alasmedios.com\/wp-content\/uploads\/2026\/01\/Atlantes-de-Tula-gigantes-de-piedra-que-sostienen-la-memoria-tolteca-1024x622.png","1536x1536":"https:\/\/www.alasmedios.com\/wp-content\/uploads\/2026\/01\/Atlantes-de-Tula-gigantes-de-piedra-que-sostienen-la-memoria-tolteca-1536x932.png","2048x2048":"https:\/\/www.alasmedios.com\/wp-content\/uploads\/2026\/01\/Atlantes-de-Tula-gigantes-de-piedra-que-sostienen-la-memoria-tolteca.png","colormag-highlighted-post":"https:\/\/www.alasmedios.com\/wp-content\/uploads\/2026\/01\/Atlantes-de-Tula-gigantes-de-piedra-que-sostienen-la-memoria-tolteca-392x272.png","colormag-featured-post-medium":"https:\/\/www.alasmedios.com\/wp-content\/uploads\/2026\/01\/Atlantes-de-Tula-gigantes-de-piedra-que-sostienen-la-memoria-tolteca-390x205.png","colormag-featured-post-small":"https:\/\/www.alasmedios.com\/wp-content\/uploads\/2026\/01\/Atlantes-de-Tula-gigantes-de-piedra-que-sostienen-la-memoria-tolteca-130x90.png","colormag-featured-image":"https:\/\/www.alasmedios.com\/wp-content\/uploads\/2026\/01\/Atlantes-de-Tula-gigantes-de-piedra-que-sostienen-la-memoria-tolteca-800x445.png","colormag-default-news":"https:\/\/www.alasmedios.com\/wp-content\/uploads\/2026\/01\/Atlantes-de-Tula-gigantes-de-piedra-que-sostienen-la-memoria-tolteca-150x150.png","colormag-featured-image-large":"https:\/\/www.alasmedios.com\/wp-content\/uploads\/2026\/01\/Atlantes-de-Tula-gigantes-de-piedra-que-sostienen-la-memoria-tolteca-1400x600.png"},"magazineBlocksPostAuthor":{"name":"Keila Rodr\u00edguez Pe\u00f1a","avatar":"https:\/\/secure.gravatar.com\/avatar\/a2553a2bfaa601b9d539b617c8793e151bdffb60f9e48a249912f86d4c9ebeef?s=96&d=mm&r=g"},"magazineBlocksPostCommentsNumber":"0","magazineBlocksPostExcerpt":"En el coraz\u00f3n del valle donde floreci\u00f3 la grandeza tolteca, la zona arqueol\u00f3gica de Tula, antigua Tollan-Xicocotitlan, se levanta como","magazineBlocksPostCategories":["Hidalgo"],"magazineBlocksPostViewCount":79,"magazineBlocksPostReadTime":3,"magazine_blocks_featured_image_url":{"full":["https:\/\/www.alasmedios.com\/wp-content\/uploads\/2026\/01\/Atlantes-de-Tula-gigantes-de-piedra-que-sostienen-la-memoria-tolteca.png",2000,1214,false],"medium":["https:\/\/www.alasmedios.com\/wp-content\/uploads\/2026\/01\/Atlantes-de-Tula-gigantes-de-piedra-que-sostienen-la-memoria-tolteca-300x182.png",300,182,true],"thumbnail":["https:\/\/www.alasmedios.com\/wp-content\/uploads\/2026\/01\/Atlantes-de-Tula-gigantes-de-piedra-que-sostienen-la-memoria-tolteca-150x150.png",150,150,true]},"magazine_blocks_author":{"display_name":"Keila Rodr\u00edguez Pe\u00f1a","author_link":"https:\/\/www.alasmedios.com\/index.php\/author\/keila\/"},"magazine_blocks_comment":0,"magazine_blocks_author_image":"https:\/\/secure.gravatar.com\/avatar\/a2553a2bfaa601b9d539b617c8793e151bdffb60f9e48a249912f86d4c9ebeef?s=96&d=mm&r=g","magazine_blocks_category":"<a href=\"#\" class=\"category-link category-link-41\">Hidalgo<\/a>","yoast_head":"<!-- This site is optimized with the Yoast SEO plugin v27.5 - https:\/\/yoast.com\/product\/yoast-seo-wordpress\/ -->\r\n<title>Atlantes de Tula: gigantes de piedra que sostienen la memoria tolteca - Alas Medios<\/title>\r\n<meta name=\"robots\" content=\"index, follow, max-snippet:-1, max-image-preview:large, max-video-preview:-1\" \/>\r\n<link rel=\"canonical\" href=\"https:\/\/www.alasmedios.com\/index.php\/2026\/01\/28\/atlantes-de-tula-gigantes-de-piedra-que-sostienen-la-memoria-tolteca\/\" \/>\r\n<meta property=\"og:locale\" content=\"es_MX\" \/>\r\n<meta property=\"og:type\" content=\"article\" \/>\r\n<meta property=\"og:title\" content=\"Atlantes de Tula: gigantes de piedra que sostienen la memoria tolteca - Alas Medios\" \/>\r\n<meta property=\"og:description\" content=\"En el coraz\u00f3n del valle donde floreci\u00f3 la grandeza tolteca, la zona arqueol\u00f3gica de Tula, antigua Tollan-Xicocotitlan, se levanta como\" \/>\r\n<meta property=\"og:url\" content=\"https:\/\/www.alasmedios.com\/index.php\/2026\/01\/28\/atlantes-de-tula-gigantes-de-piedra-que-sostienen-la-memoria-tolteca\/\" \/>\r\n<meta property=\"og:site_name\" content=\"Alas Medios\" \/>\r\n<meta property=\"article:published_time\" content=\"2026-01-28T20:40:00+00:00\" \/>\r\n<meta property=\"og:image\" content=\"https:\/\/www.alasmedios.com\/wp-content\/uploads\/2026\/01\/Atlantes-de-Tula-gigantes-de-piedra-que-sostienen-la-memoria-tolteca.png\" \/>\r\n\t<meta property=\"og:image:width\" content=\"2000\" \/>\r\n\t<meta property=\"og:image:height\" content=\"1214\" \/>\r\n\t<meta property=\"og:image:type\" content=\"image\/png\" \/>\r\n<meta name=\"author\" content=\"Keila Rodr\u00edguez Pe\u00f1a\" \/>\r\n<meta name=\"twitter:card\" content=\"summary_large_image\" \/>\r\n<meta name=\"twitter:label1\" content=\"Escrito por\" \/>\n\t<meta name=\"twitter:data1\" content=\"Keila Rodr\u00edguez Pe\u00f1a\" \/>\n\t<meta name=\"twitter:label2\" content=\"Tiempo de lectura\" \/>\n\t<meta name=\"twitter:data2\" content=\"2 minutos\" \/>\r\n<script type=\"application\/ld+json\" class=\"yoast-schema-graph\">{\"@context\":\"https:\\\/\\\/schema.org\",\"@graph\":[{\"@type\":\"Article\",\"@id\":\"https:\\\/\\\/www.alasmedios.com\\\/index.php\\\/2026\\\/01\\\/28\\\/atlantes-de-tula-gigantes-de-piedra-que-sostienen-la-memoria-tolteca\\\/#article\",\"isPartOf\":{\"@id\":\"https:\\\/\\\/www.alasmedios.com\\\/index.php\\\/2026\\\/01\\\/28\\\/atlantes-de-tula-gigantes-de-piedra-que-sostienen-la-memoria-tolteca\\\/\"},\"author\":{\"name\":\"Keila Rodr\u00edguez Pe\u00f1a\",\"@id\":\"https:\\\/\\\/www.alasmedios.com\\\/#\\\/schema\\\/person\\\/0ba31bdd19a05ebf5c7fef1fedf99c34\"},\"headline\":\"Atlantes de Tula: gigantes de piedra que sostienen la memoria tolteca\",\"datePublished\":\"2026-01-28T20:40:00+00:00\",\"mainEntityOfPage\":{\"@id\":\"https:\\\/\\\/www.alasmedios.com\\\/index.php\\\/2026\\\/01\\\/28\\\/atlantes-de-tula-gigantes-de-piedra-que-sostienen-la-memoria-tolteca\\\/\"},\"wordCount\":449,\"commentCount\":0,\"publisher\":{\"@id\":\"https:\\\/\\\/www.alasmedios.com\\\/#organization\"},\"image\":{\"@id\":\"https:\\\/\\\/www.alasmedios.com\\\/index.php\\\/2026\\\/01\\\/28\\\/atlantes-de-tula-gigantes-de-piedra-que-sostienen-la-memoria-tolteca\\\/#primaryimage\"},\"thumbnailUrl\":\"https:\\\/\\\/www.alasmedios.com\\\/wp-content\\\/uploads\\\/2026\\\/01\\\/Atlantes-de-Tula-gigantes-de-piedra-que-sostienen-la-memoria-tolteca.png\",\"keywords\":[\"Atlantes de Tula\",\"Cultura\",\"Hidalgo\",\"patrimonio\",\"Tula de Allende\",\"Turismo\"],\"articleSection\":[\"Hidalgo\"],\"inLanguage\":\"es\",\"potentialAction\":[{\"@type\":\"CommentAction\",\"name\":\"Comment\",\"target\":[\"https:\\\/\\\/www.alasmedios.com\\\/index.php\\\/2026\\\/01\\\/28\\\/atlantes-de-tula-gigantes-de-piedra-que-sostienen-la-memoria-tolteca\\\/#respond\"]}]},{\"@type\":\"WebPage\",\"@id\":\"https:\\\/\\\/www.alasmedios.com\\\/index.php\\\/2026\\\/01\\\/28\\\/atlantes-de-tula-gigantes-de-piedra-que-sostienen-la-memoria-tolteca\\\/\",\"url\":\"https:\\\/\\\/www.alasmedios.com\\\/index.php\\\/2026\\\/01\\\/28\\\/atlantes-de-tula-gigantes-de-piedra-que-sostienen-la-memoria-tolteca\\\/\",\"name\":\"Atlantes de Tula: gigantes de piedra que sostienen la memoria tolteca - Alas Medios\",\"isPartOf\":{\"@id\":\"https:\\\/\\\/www.alasmedios.com\\\/#website\"},\"primaryImageOfPage\":{\"@id\":\"https:\\\/\\\/www.alasmedios.com\\\/index.php\\\/2026\\\/01\\\/28\\\/atlantes-de-tula-gigantes-de-piedra-que-sostienen-la-memoria-tolteca\\\/#primaryimage\"},\"image\":{\"@id\":\"https:\\\/\\\/www.alasmedios.com\\\/index.php\\\/2026\\\/01\\\/28\\\/atlantes-de-tula-gigantes-de-piedra-que-sostienen-la-memoria-tolteca\\\/#primaryimage\"},\"thumbnailUrl\":\"https:\\\/\\\/www.alasmedios.com\\\/wp-content\\\/uploads\\\/2026\\\/01\\\/Atlantes-de-Tula-gigantes-de-piedra-que-sostienen-la-memoria-tolteca.png\",\"datePublished\":\"2026-01-28T20:40:00+00:00\",\"breadcrumb\":{\"@id\":\"https:\\\/\\\/www.alasmedios.com\\\/index.php\\\/2026\\\/01\\\/28\\\/atlantes-de-tula-gigantes-de-piedra-que-sostienen-la-memoria-tolteca\\\/#breadcrumb\"},\"inLanguage\":\"es\",\"potentialAction\":[{\"@type\":\"ReadAction\",\"target\":[\"https:\\\/\\\/www.alasmedios.com\\\/index.php\\\/2026\\\/01\\\/28\\\/atlantes-de-tula-gigantes-de-piedra-que-sostienen-la-memoria-tolteca\\\/\"]}]},{\"@type\":\"ImageObject\",\"inLanguage\":\"es\",\"@id\":\"https:\\\/\\\/www.alasmedios.com\\\/index.php\\\/2026\\\/01\\\/28\\\/atlantes-de-tula-gigantes-de-piedra-que-sostienen-la-memoria-tolteca\\\/#primaryimage\",\"url\":\"https:\\\/\\\/www.alasmedios.com\\\/wp-content\\\/uploads\\\/2026\\\/01\\\/Atlantes-de-Tula-gigantes-de-piedra-que-sostienen-la-memoria-tolteca.png\",\"contentUrl\":\"https:\\\/\\\/www.alasmedios.com\\\/wp-content\\\/uploads\\\/2026\\\/01\\\/Atlantes-de-Tula-gigantes-de-piedra-que-sostienen-la-memoria-tolteca.png\",\"width\":2000,\"height\":1214},{\"@type\":\"BreadcrumbList\",\"@id\":\"https:\\\/\\\/www.alasmedios.com\\\/index.php\\\/2026\\\/01\\\/28\\\/atlantes-de-tula-gigantes-de-piedra-que-sostienen-la-memoria-tolteca\\\/#breadcrumb\",\"itemListElement\":[{\"@type\":\"ListItem\",\"position\":1,\"name\":\"Inicio\",\"item\":\"https:\\\/\\\/www.alasmedios.com\\\/\"},{\"@type\":\"ListItem\",\"position\":2,\"name\":\"Atlantes de Tula: gigantes de piedra que sostienen la memoria tolteca\"}]},{\"@type\":\"WebSite\",\"@id\":\"https:\\\/\\\/www.alasmedios.com\\\/#website\",\"url\":\"https:\\\/\\\/www.alasmedios.com\\\/\",\"name\":\"Alas Medios\",\"description\":\"Alas para pensar, Alas para volar, Alas de libertad\",\"publisher\":{\"@id\":\"https:\\\/\\\/www.alasmedios.com\\\/#organization\"},\"potentialAction\":[{\"@type\":\"SearchAction\",\"target\":{\"@type\":\"EntryPoint\",\"urlTemplate\":\"https:\\\/\\\/www.alasmedios.com\\\/?s={search_term_string}\"},\"query-input\":{\"@type\":\"PropertyValueSpecification\",\"valueRequired\":true,\"valueName\":\"search_term_string\"}}],\"inLanguage\":\"es\"},{\"@type\":\"Organization\",\"@id\":\"https:\\\/\\\/www.alasmedios.com\\\/#organization\",\"name\":\"Alas Medios\",\"url\":\"https:\\\/\\\/www.alasmedios.com\\\/\",\"logo\":{\"@type\":\"ImageObject\",\"inLanguage\":\"es\",\"@id\":\"https:\\\/\\\/www.alasmedios.com\\\/#\\\/schema\\\/logo\\\/image\\\/\",\"url\":\"https:\\\/\\\/www.alasmedios.com\\\/wp-content\\\/uploads\\\/2026\\\/01\\\/cropped-cropped-GAM-1.png\",\"contentUrl\":\"https:\\\/\\\/www.alasmedios.com\\\/wp-content\\\/uploads\\\/2026\\\/01\\\/cropped-cropped-GAM-1.png\",\"width\":467,\"height\":235,\"caption\":\"Alas Medios\"},\"image\":{\"@id\":\"https:\\\/\\\/www.alasmedios.com\\\/#\\\/schema\\\/logo\\\/image\\\/\"}},{\"@type\":\"Person\",\"@id\":\"https:\\\/\\\/www.alasmedios.com\\\/#\\\/schema\\\/person\\\/0ba31bdd19a05ebf5c7fef1fedf99c34\",\"name\":\"Keila Rodr\u00edguez Pe\u00f1a\",\"image\":{\"@type\":\"ImageObject\",\"inLanguage\":\"es\",\"@id\":\"https:\\\/\\\/secure.gravatar.com\\\/avatar\\\/a2553a2bfaa601b9d539b617c8793e151bdffb60f9e48a249912f86d4c9ebeef?s=96&d=mm&r=g\",\"url\":\"https:\\\/\\\/secure.gravatar.com\\\/avatar\\\/a2553a2bfaa601b9d539b617c8793e151bdffb60f9e48a249912f86d4c9ebeef?s=96&d=mm&r=g\",\"contentUrl\":\"https:\\\/\\\/secure.gravatar.com\\\/avatar\\\/a2553a2bfaa601b9d539b617c8793e151bdffb60f9e48a249912f86d4c9ebeef?s=96&d=mm&r=g\",\"caption\":\"Keila Rodr\u00edguez Pe\u00f1a\"},\"sameAs\":[\"http:\\\/\\\/www.alasmedios.com\"],\"url\":\"https:\\\/\\\/www.alasmedios.com\\\/index.php\\\/author\\\/keila\\\/\"}]}<\/script>\r\n<!-- \/ Yoast SEO plugin. -->","yoast_head_json":{"title":"Atlantes de Tula: gigantes de piedra que sostienen la memoria tolteca - Alas Medios","robots":{"index":"index","follow":"follow","max-snippet":"max-snippet:-1","max-image-preview":"max-image-preview:large","max-video-preview":"max-video-preview:-1"},"canonical":"https:\/\/www.alasmedios.com\/index.php\/2026\/01\/28\/atlantes-de-tula-gigantes-de-piedra-que-sostienen-la-memoria-tolteca\/","og_locale":"es_MX","og_type":"article","og_title":"Atlantes de Tula: gigantes de piedra que sostienen la memoria tolteca - Alas Medios","og_description":"En el coraz\u00f3n del valle donde floreci\u00f3 la grandeza tolteca, la zona arqueol\u00f3gica de Tula, antigua Tollan-Xicocotitlan, se levanta como","og_url":"https:\/\/www.alasmedios.com\/index.php\/2026\/01\/28\/atlantes-de-tula-gigantes-de-piedra-que-sostienen-la-memoria-tolteca\/","og_site_name":"Alas Medios","article_published_time":"2026-01-28T20:40:00+00:00","og_image":[{"width":2000,"height":1214,"url":"https:\/\/www.alasmedios.com\/wp-content\/uploads\/2026\/01\/Atlantes-de-Tula-gigantes-de-piedra-que-sostienen-la-memoria-tolteca.png","type":"image\/png"}],"author":"Keila Rodr\u00edguez Pe\u00f1a","twitter_card":"summary_large_image","twitter_misc":{"Escrito por":"Keila Rodr\u00edguez Pe\u00f1a","Tiempo de lectura":"2 minutos"},"schema":{"@context":"https:\/\/schema.org","@graph":[{"@type":"Article","@id":"https:\/\/www.alasmedios.com\/index.php\/2026\/01\/28\/atlantes-de-tula-gigantes-de-piedra-que-sostienen-la-memoria-tolteca\/#article","isPartOf":{"@id":"https:\/\/www.alasmedios.com\/index.php\/2026\/01\/28\/atlantes-de-tula-gigantes-de-piedra-que-sostienen-la-memoria-tolteca\/"},"author":{"name":"Keila Rodr\u00edguez Pe\u00f1a","@id":"https:\/\/www.alasmedios.com\/#\/schema\/person\/0ba31bdd19a05ebf5c7fef1fedf99c34"},"headline":"Atlantes de Tula: gigantes de piedra que sostienen la memoria tolteca","datePublished":"2026-01-28T20:40:00+00:00","mainEntityOfPage":{"@id":"https:\/\/www.alasmedios.com\/index.php\/2026\/01\/28\/atlantes-de-tula-gigantes-de-piedra-que-sostienen-la-memoria-tolteca\/"},"wordCount":449,"commentCount":0,"publisher":{"@id":"https:\/\/www.alasmedios.com\/#organization"},"image":{"@id":"https:\/\/www.alasmedios.com\/index.php\/2026\/01\/28\/atlantes-de-tula-gigantes-de-piedra-que-sostienen-la-memoria-tolteca\/#primaryimage"},"thumbnailUrl":"https:\/\/www.alasmedios.com\/wp-content\/uploads\/2026\/01\/Atlantes-de-Tula-gigantes-de-piedra-que-sostienen-la-memoria-tolteca.png","keywords":["Atlantes de Tula","Cultura","Hidalgo","patrimonio","Tula de Allende","Turismo"],"articleSection":["Hidalgo"],"inLanguage":"es","potentialAction":[{"@type":"CommentAction","name":"Comment","target":["https:\/\/www.alasmedios.com\/index.php\/2026\/01\/28\/atlantes-de-tula-gigantes-de-piedra-que-sostienen-la-memoria-tolteca\/#respond"]}]},{"@type":"WebPage","@id":"https:\/\/www.alasmedios.com\/index.php\/2026\/01\/28\/atlantes-de-tula-gigantes-de-piedra-que-sostienen-la-memoria-tolteca\/","url":"https:\/\/www.alasmedios.com\/index.php\/2026\/01\/28\/atlantes-de-tula-gigantes-de-piedra-que-sostienen-la-memoria-tolteca\/","name":"Atlantes de Tula: gigantes de piedra que sostienen la memoria tolteca - Alas Medios","isPartOf":{"@id":"https:\/\/www.alasmedios.com\/#website"},"primaryImageOfPage":{"@id":"https:\/\/www.alasmedios.com\/index.php\/2026\/01\/28\/atlantes-de-tula-gigantes-de-piedra-que-sostienen-la-memoria-tolteca\/#primaryimage"},"image":{"@id":"https:\/\/www.alasmedios.com\/index.php\/2026\/01\/28\/atlantes-de-tula-gigantes-de-piedra-que-sostienen-la-memoria-tolteca\/#primaryimage"},"thumbnailUrl":"https:\/\/www.alasmedios.com\/wp-content\/uploads\/2026\/01\/Atlantes-de-Tula-gigantes-de-piedra-que-sostienen-la-memoria-tolteca.png","datePublished":"2026-01-28T20:40:00+00:00","breadcrumb":{"@id":"https:\/\/www.alasmedios.com\/index.php\/2026\/01\/28\/atlantes-de-tula-gigantes-de-piedra-que-sostienen-la-memoria-tolteca\/#breadcrumb"},"inLanguage":"es","potentialAction":[{"@type":"ReadAction","target":["https:\/\/www.alasmedios.com\/index.php\/2026\/01\/28\/atlantes-de-tula-gigantes-de-piedra-que-sostienen-la-memoria-tolteca\/"]}]},{"@type":"ImageObject","inLanguage":"es","@id":"https:\/\/www.alasmedios.com\/index.php\/2026\/01\/28\/atlantes-de-tula-gigantes-de-piedra-que-sostienen-la-memoria-tolteca\/#primaryimage","url":"https:\/\/www.alasmedios.com\/wp-content\/uploads\/2026\/01\/Atlantes-de-Tula-gigantes-de-piedra-que-sostienen-la-memoria-tolteca.png","contentUrl":"https:\/\/www.alasmedios.com\/wp-content\/uploads\/2026\/01\/Atlantes-de-Tula-gigantes-de-piedra-que-sostienen-la-memoria-tolteca.png","width":2000,"height":1214},{"@type":"BreadcrumbList","@id":"https:\/\/www.alasmedios.com\/index.php\/2026\/01\/28\/atlantes-de-tula-gigantes-de-piedra-que-sostienen-la-memoria-tolteca\/#breadcrumb","itemListElement":[{"@type":"ListItem","position":1,"name":"Inicio","item":"https:\/\/www.alasmedios.com\/"},{"@type":"ListItem","position":2,"name":"Atlantes de Tula: gigantes de piedra que sostienen la memoria tolteca"}]},{"@type":"WebSite","@id":"https:\/\/www.alasmedios.com\/#website","url":"https:\/\/www.alasmedios.com\/","name":"Alas Medios","description":"Alas para pensar, Alas para volar, Alas de libertad","publisher":{"@id":"https:\/\/www.alasmedios.com\/#organization"},"potentialAction":[{"@type":"SearchAction","target":{"@type":"EntryPoint","urlTemplate":"https:\/\/www.alasmedios.com\/?s={search_term_string}"},"query-input":{"@type":"PropertyValueSpecification","valueRequired":true,"valueName":"search_term_string"}}],"inLanguage":"es"},{"@type":"Organization","@id":"https:\/\/www.alasmedios.com\/#organization","name":"Alas Medios","url":"https:\/\/www.alasmedios.com\/","logo":{"@type":"ImageObject","inLanguage":"es","@id":"https:\/\/www.alasmedios.com\/#\/schema\/logo\/image\/","url":"https:\/\/www.alasmedios.com\/wp-content\/uploads\/2026\/01\/cropped-cropped-GAM-1.png","contentUrl":"https:\/\/www.alasmedios.com\/wp-content\/uploads\/2026\/01\/cropped-cropped-GAM-1.png","width":467,"height":235,"caption":"Alas Medios"},"image":{"@id":"https:\/\/www.alasmedios.com\/#\/schema\/logo\/image\/"}},{"@type":"Person","@id":"https:\/\/www.alasmedios.com\/#\/schema\/person\/0ba31bdd19a05ebf5c7fef1fedf99c34","name":"Keila Rodr\u00edguez Pe\u00f1a","image":{"@type":"ImageObject","inLanguage":"es","@id":"https:\/\/secure.gravatar.com\/avatar\/a2553a2bfaa601b9d539b617c8793e151bdffb60f9e48a249912f86d4c9ebeef?s=96&d=mm&r=g","url":"https:\/\/secure.gravatar.com\/avatar\/a2553a2bfaa601b9d539b617c8793e151bdffb60f9e48a249912f86d4c9ebeef?s=96&d=mm&r=g","contentUrl":"https:\/\/secure.gravatar.com\/avatar\/a2553a2bfaa601b9d539b617c8793e151bdffb60f9e48a249912f86d4c9ebeef?s=96&d=mm&r=g","caption":"Keila Rodr\u00edguez Pe\u00f1a"},"sameAs":["http:\/\/www.alasmedios.com"],"url":"https:\/\/www.alasmedios.com\/index.php\/author\/keila\/"}]}},"_links":{"self":[{"href":"https:\/\/www.alasmedios.com\/index.php\/wp-json\/wp\/v2\/posts\/7625","targetHints":{"allow":["GET"]}}],"collection":[{"href":"https:\/\/www.alasmedios.com\/index.php\/wp-json\/wp\/v2\/posts"}],"about":[{"href":"https:\/\/www.alasmedios.com\/index.php\/wp-json\/wp\/v2\/types\/post"}],"author":[{"embeddable":true,"href":"https:\/\/www.alasmedios.com\/index.php\/wp-json\/wp\/v2\/users\/4"}],"replies":[{"embeddable":true,"href":"https:\/\/www.alasmedios.com\/index.php\/wp-json\/wp\/v2\/comments?post=7625"}],"version-history":[{"count":1,"href":"https:\/\/www.alasmedios.com\/index.php\/wp-json\/wp\/v2\/posts\/7625\/revisions"}],"predecessor-version":[{"id":7627,"href":"https:\/\/www.alasmedios.com\/index.php\/wp-json\/wp\/v2\/posts\/7625\/revisions\/7627"}],"wp:featuredmedia":[{"embeddable":true,"href":"https:\/\/www.alasmedios.com\/index.php\/wp-json\/wp\/v2\/media\/7626"}],"wp:attachment":[{"href":"https:\/\/www.alasmedios.com\/index.php\/wp-json\/wp\/v2\/media?parent=7625"}],"wp:term":[{"taxonomy":"category","embeddable":true,"href":"https:\/\/www.alasmedios.com\/index.php\/wp-json\/wp\/v2\/categories?post=7625"},{"taxonomy":"post_tag","embeddable":true,"href":"https:\/\/www.alasmedios.com\/index.php\/wp-json\/wp\/v2\/tags?post=7625"}],"curies":[{"name":"wp","href":"https:\/\/api.w.org\/{rel}","templated":true}]}}