{"id":7622,"date":"2026-01-28T10:15:04","date_gmt":"2026-01-28T16:15:04","guid":{"rendered":"https:\/\/www.alasmedios.com\/?p=7622"},"modified":"2026-01-28T10:15:04","modified_gmt":"2026-01-28T16:15:04","slug":"ice-va-a-los-juegos-olimpicos-de-milan-cortina","status":"publish","type":"post","link":"https:\/\/www.alasmedios.com\/index.php\/2026\/01\/28\/ice-va-a-los-juegos-olimpicos-de-milan-cortina\/","title":{"rendered":"ICE va a los Juegos Ol\u00edmpicos de Mil\u00e1n-Cortina"},"content":{"rendered":"\n<p>La antesala de los <strong>Juegos Ol\u00edmpicos de Invierno de Mil\u00e1n-Cortina<\/strong>, programados para iniciar el <strong>6 de febrero<\/strong>, qued\u00f3 marcada por la <strong>pol\u00e9mica y la indignaci\u00f3n en Italia<\/strong> tras confirmarse que <strong>Estados Unidos enviar\u00e1 agentes del Servicio de Inmigraci\u00f3n y Control de Aduanas (ICE)<\/strong> para apoyar sus <strong>operaciones de seguridad<\/strong> durante el evento deportivo.<\/p>\n\n\n\n<p>El anuncio de la agencia estadounidense \u2014cuyos elementos han sido vinculados recientemente a un <strong>tiroteo mortal en Mine\u00e1polis<\/strong>\u2014 encendi\u00f3 la alarma en sectores pol\u00edticos y sociales italianos, donde se cuestiona la presencia de un cuerpo extranjero con antecedentes pol\u00e9micos en territorio nacional.<\/p>\n\n\n\n<p>La controversia escal\u00f3 cuando el <strong>alcalde de Mil\u00e1n, Beppe Sala<\/strong>, rechaz\u00f3 abiertamente la decisi\u00f3n. \u201c<strong>Es una milicia que mata\u2026 por supuesto que no son bienvenidos en Mil\u00e1n<\/strong>\u201d, declar\u00f3 el edil a la radio italiana, dejando clara la tensi\u00f3n que atraviesa a la ciudad sede.<\/p>\n\n\n\n<p>CONTIN\u00daA LEYENDO: <a href=\"https:\/\/www.alasmedios.com\/index.php\/2026\/01\/28\/abren-registro-para-bodas-colectivas-2026-en-pachuca\/\" data-type=\"post\" data-id=\"7618\">Abren registro para Bodas Colectivas 2026 en Pachuca<\/a><\/p>\n\n\n\n<p>Desde el <strong>ICE<\/strong>, un portavoz busc\u00f3 contener el conflicto al subrayar que <em><strong>\u201ctodas las operaciones de seguridad permanecen bajo la autoridad italiana\u201d<\/strong>,<\/em> y que su participaci\u00f3n no implica acciones aut\u00f3nomas.<\/p>\n\n\n\n<h3 class=\"wp-block-heading\"><strong>\u00bfQu\u00e9 har\u00e1 realmente el ICE en Italia?<\/strong><\/h3>\n\n\n\n<p>De acuerdo con fuentes de la <strong>embajada de Estados Unidos en Roma<\/strong>, diversas <strong>agencias federales estadounidenses<\/strong> han participado en ediciones anteriores de los Juegos Ol\u00edmpicos, aunque no siempre de forma visible. Sin embargo, no hab\u00eda quedado claro si el <strong>ICE<\/strong> hab\u00eda intervenido directamente en el pasado.<\/p>\n\n\n\n<p>En un comunicado difundido el martes, la agencia precis\u00f3 que su <strong>Divisi\u00f3n de Investigaciones de Seguridad Nacional (HSI)<\/strong> colabora con el <strong>Servicio de Seguridad Diplom\u00e1tica del Departamento de Estado<\/strong> y con el <strong>pa\u00eds anfitri\u00f3n<\/strong> para <strong>evaluar y mitigar riesgos de organizaciones criminales transnacionales<\/strong>. <\/p>\n\n\n\n<p>Tambi\u00e9n aclar\u00f3 que <strong>no realizar\u00e1 operaciones de control migratorio fuera de Estados Unidos<\/strong>.<\/p>\n\n\n\n<h3 class=\"wp-block-heading\"><strong>Reacciones oficiales y giro en el discurso<\/strong><\/h3>\n\n\n\n<p>El <strong>ministro del Interior italiano, Matteo Piantedosi<\/strong>, afirm\u00f3 inicialmente no tener conocimiento del desplazamiento de agentes migratorios estadounidenses y rest\u00f3 importancia al tema, se\u00f1alando que las delegaciones extranjeras suelen elegir su propia seguridad. <em>\u201c<strong>No veo cu\u00e1l es el problema, es algo completamente normal<\/strong>\u201d<\/em>, sostuvo.<\/p>\n\n\n\n<p>TE PUEDE INTERESAR: <a href=\"https:\/\/www.alasmedios.com\/index.php\/2026\/01\/27\/mas-de-1800-violaciones-documentadas-en-el-conflicto-de-sudan\/\" data-type=\"post\" data-id=\"7612\">M\u00e1s de 1,800 violaciones documentadas en el conflicto de Sud\u00e1n<\/a><\/p>\n\n\n\n<p>No obstante, conforme crecieron las cr\u00edticas \u2014alimentadas por las <strong>im\u00e1genes del operativo en Mine\u00e1polis<\/strong>\u2014 el debate se intensific\u00f3. El fin de semana, durante el operativo en el que muri\u00f3 el enfermero de <strong>37 a\u00f1os Alex Pretti<\/strong>, <strong>dos periodistas de la cadena p\u00fablica Rai<\/strong> denunciaron <strong>amenazas por parte de funcionarios del ICE<\/strong> mientras documentaban las acciones policiales. Un reportaje televisivo mostr\u00f3 a un agente advirtiendo que <strong>romper\u00edan la ventanilla del veh\u00edculo<\/strong> si continuaban grabando.<\/p>\n\n\n\n<p>Ante el aumento de la presi\u00f3n p\u00fablica, <strong>Piantedosi<\/strong> endureci\u00f3 su postura y asegur\u00f3 el lunes que <em><strong>\u201cel ICE no operar\u00e1 en territorio italiano\u201d<\/strong>,<\/em> al tiempo que aclar\u00f3 que <strong>Estados Unidos no hab\u00eda comunicado una lista formal de su personal de seguridad<\/strong>, cuya protecci\u00f3n \u2014dijo\u2014 corresponde al <strong>Estado italiano<\/strong>.<\/p>\n\n\n\n<h3 class=\"wp-block-heading\"><strong>Tensi\u00f3n pol\u00edtica y cr\u00edticas al gobierno<\/strong><\/h3>\n\n\n\n<p>La decisi\u00f3n tambi\u00e9n fractur\u00f3 el escenario pol\u00edtico. El <strong>gobernador de Lombard\u00eda, Attilio Fontana<\/strong>, intent\u00f3 bajar el tono al sugerir que los agentes del ICE estar\u00edan destinados \u00fanicamente a la <strong>protecci\u00f3n del vicepresidente estadounidense JD Vance y del secretario de Estado Marco Rubio<\/strong>.<\/p>\n\n\n\n<p>CONTIN\u00daA LEYENDO: <a href=\"https:\/\/www.alasmedios.com\/index.php\/2026\/01\/28\/abren-registro-para-bodas-colectivas-2026-en-pachuca\/\" data-type=\"post\" data-id=\"7618\">Abren registro para Bodas Colectivas 2026 en Pachuca<\/a><\/p>\n\n\n\n<p>Desde la oposici\u00f3n, la senadora del <strong>Movimiento Cinco Estrellas, Barbara Floridia<\/strong>, acus\u00f3 al gobierno de <strong>Giorgia Meloni<\/strong> de guardar silencio como muestra de <strong>\u201ccobard\u00eda y sumisi\u00f3n hacia Donald Trump\u201d<\/strong>, elevando el costo pol\u00edtico del episodio.<\/p>\n\n\n\n<p>El propio <strong>Beppe Sala<\/strong>, pese a las aclaraciones oficiales, reiter\u00f3 su rechazo: <em>\u201c<strong>Creo que los agentes del ICE no deber\u00edan venir a Italia porque no es seguro que se ajusten a nuestra forma democr\u00e1tica de garantizar la seguridad<\/strong><\/em>\u201d, afirm\u00f3 en entrevista con la radio <strong>RTL<\/strong>.<\/p>\n\n\n\n<p>A d\u00edas del arranque de los <strong>Juegos Ol\u00edmpicos de Mil\u00e1n-Cortina<\/strong>, la pol\u00e9mica deja claro que la seguridad no s\u00f3lo se juega en las pistas de hielo, sino tambi\u00e9n en el terreno pol\u00edtico y diplom\u00e1tico.<\/p>\n\n\n<ul class=\"wp-block-latest-posts__list is-grid columns-3 wp-block-latest-posts\"><li><div class=\"wp-block-latest-posts__featured-image\"><img loading=\"lazy\" decoding=\"async\" width=\"150\" height=\"150\" src=\"https:\/\/www.alasmedios.com\/wp-content\/uploads\/2026\/05\/Super-Final-de-la-Copa-del-Mundo-de-Clavados-2026-150x150.jpeg\" class=\"attachment-thumbnail size-thumbnail wp-post-image\" alt=\"\" style=\"\" \/><\/div><a class=\"wp-block-latest-posts__post-title\" href=\"https:\/\/www.alasmedios.com\/index.php\/2026\/05\/01\/mexico-se-lanza-por-la-cima-once-clavadistas-buscan-la-gloria-mundial-en-pekin-2026\/\">M\u00e9xico se lanza por la cima: once clavadistas buscan la gloria mundial en Pek\u00edn 2026<\/a><\/li>\n<li><div class=\"wp-block-latest-posts__featured-image\"><img loading=\"lazy\" decoding=\"async\" width=\"150\" height=\"150\" src=\"https:\/\/www.alasmedios.com\/wp-content\/uploads\/2026\/04\/Puebla-el-Congreso-aprobo-el-Protocolo-Homologado-de-Investigacion-de-Delitos-contra-Personas-LGBTTTI-150x150.png\" class=\"attachment-thumbnail size-thumbnail wp-post-image\" alt=\"\" style=\"\" \/><\/div><a class=\"wp-block-latest-posts__post-title\" href=\"https:\/\/www.alasmedios.com\/index.php\/2026\/04\/30\/puebla-impulsa-protocolo-contra-delitos-lgbttti\/\">Puebla impulsa protocolo contra delitos LGBTTTI+<\/a><\/li>\n<li><div class=\"wp-block-latest-posts__featured-image\"><img loading=\"lazy\" decoding=\"async\" width=\"150\" height=\"150\" src=\"https:\/\/www.alasmedios.com\/wp-content\/uploads\/2026\/04\/PEC-Parque-Ecologico-Cubitos-150x150.jpg\" class=\"attachment-thumbnail size-thumbnail wp-post-image\" alt=\"\" style=\"\" \/><\/div><a class=\"wp-block-latest-posts__post-title\" href=\"https:\/\/www.alasmedios.com\/index.php\/2026\/04\/30\/naturaleza-viva-en-pachuca-cubitos-conmemora-a-los-jardines-botanicos\/\">Naturaleza viva en Pachuca: Cubitos conmemora a los jardines bot\u00e1nicos<\/a><\/li>\n<\/ul>","protected":false},"excerpt":{"rendered":"<p>La antesala de los Juegos Ol\u00edmpicos de Invierno de Mil\u00e1n-Cortina, programados para iniciar el 6 de febrero, qued\u00f3 marcada por<\/p>\n","protected":false},"author":4,"featured_media":7623,"comment_status":"open","ping_status":"open","sticky":false,"template":"","format":"standard","meta":{"colormag_page_container_layout":"default_layout","colormag_page_sidebar_layout":"default_layout","rop_custom_images_group":[],"rop_custom_messages_group":[],"rop_publish_now":"initial","rop_publish_now_accounts":[],"rop_publish_now_history":[],"rop_publish_now_status":"pending","iawp_total_views":0,"footnotes":""},"categories":[3223,3229],"tags":[2364,1746,3325,3326],"class_list":["post-7622","post","type-post","status-publish","format-standard","has-post-thumbnail","hentry","category-deportes","category-mundo-extranjero","tag-ice","tag-italia","tag-juegos-olimpicos-de-invierno-de-milan-cortina","tag-milan-cortina"],"magazineBlocksPostFeaturedMedia":{"thumbnail":"https:\/\/www.alasmedios.com\/wp-content\/uploads\/2026\/01\/ICE-va-a-los-Juegos-Olimpicos-de-Milan-Cortina-150x150.png","medium":"https:\/\/www.alasmedios.com\/wp-content\/uploads\/2026\/01\/ICE-va-a-los-Juegos-Olimpicos-de-Milan-Cortina-300x182.png","medium_large":"https:\/\/www.alasmedios.com\/wp-content\/uploads\/2026\/01\/ICE-va-a-los-Juegos-Olimpicos-de-Milan-Cortina-768x466.png","large":"https:\/\/www.alasmedios.com\/wp-content\/uploads\/2026\/01\/ICE-va-a-los-Juegos-Olimpicos-de-Milan-Cortina-1024x622.png","1536x1536":"https:\/\/www.alasmedios.com\/wp-content\/uploads\/2026\/01\/ICE-va-a-los-Juegos-Olimpicos-de-Milan-Cortina-1536x932.png","2048x2048":"https:\/\/www.alasmedios.com\/wp-content\/uploads\/2026\/01\/ICE-va-a-los-Juegos-Olimpicos-de-Milan-Cortina.png","colormag-highlighted-post":"https:\/\/www.alasmedios.com\/wp-content\/uploads\/2026\/01\/ICE-va-a-los-Juegos-Olimpicos-de-Milan-Cortina-392x272.png","colormag-featured-post-medium":"https:\/\/www.alasmedios.com\/wp-content\/uploads\/2026\/01\/ICE-va-a-los-Juegos-Olimpicos-de-Milan-Cortina-390x205.png","colormag-featured-post-small":"https:\/\/www.alasmedios.com\/wp-content\/uploads\/2026\/01\/ICE-va-a-los-Juegos-Olimpicos-de-Milan-Cortina-130x90.png","colormag-featured-image":"https:\/\/www.alasmedios.com\/wp-content\/uploads\/2026\/01\/ICE-va-a-los-Juegos-Olimpicos-de-Milan-Cortina-800x445.png","colormag-default-news":"https:\/\/www.alasmedios.com\/wp-content\/uploads\/2026\/01\/ICE-va-a-los-Juegos-Olimpicos-de-Milan-Cortina-150x150.png","colormag-featured-image-large":"https:\/\/www.alasmedios.com\/wp-content\/uploads\/2026\/01\/ICE-va-a-los-Juegos-Olimpicos-de-Milan-Cortina-1400x600.png"},"magazineBlocksPostAuthor":{"name":"Keila Rodr\u00edguez Pe\u00f1a","avatar":"https:\/\/secure.gravatar.com\/avatar\/a2553a2bfaa601b9d539b617c8793e151bdffb60f9e48a249912f86d4c9ebeef?s=96&d=mm&r=g"},"magazineBlocksPostCommentsNumber":"0","magazineBlocksPostExcerpt":"La antesala de los Juegos Ol\u00edmpicos de Invierno de Mil\u00e1n-Cortina, programados para iniciar el 6 de febrero, qued\u00f3 marcada por","magazineBlocksPostCategories":["Deportes","Mundo"],"magazineBlocksPostViewCount":101,"magazineBlocksPostReadTime":4,"magazine_blocks_featured_image_url":{"full":["https:\/\/www.alasmedios.com\/wp-content\/uploads\/2026\/01\/ICE-va-a-los-Juegos-Olimpicos-de-Milan-Cortina.png",2000,1214,false],"medium":["https:\/\/www.alasmedios.com\/wp-content\/uploads\/2026\/01\/ICE-va-a-los-Juegos-Olimpicos-de-Milan-Cortina-300x182.png",300,182,true],"thumbnail":["https:\/\/www.alasmedios.com\/wp-content\/uploads\/2026\/01\/ICE-va-a-los-Juegos-Olimpicos-de-Milan-Cortina-150x150.png",150,150,true]},"magazine_blocks_author":{"display_name":"Keila Rodr\u00edguez Pe\u00f1a","author_link":"https:\/\/www.alasmedios.com\/index.php\/author\/keila\/"},"magazine_blocks_comment":0,"magazine_blocks_author_image":"https:\/\/secure.gravatar.com\/avatar\/a2553a2bfaa601b9d539b617c8793e151bdffb60f9e48a249912f86d4c9ebeef?s=96&d=mm&r=g","magazine_blocks_category":"<a href=\"#\" class=\"category-link category-link-3223\">Deportes<\/a> <a href=\"#\" class=\"category-link category-link-3229\">Mundo<\/a>","yoast_head":"<!-- This site is optimized with the Yoast SEO plugin v27.5 - https:\/\/yoast.com\/product\/yoast-seo-wordpress\/ -->\r\n<title>ICE va a los Juegos Ol\u00edmpicos de Mil\u00e1n-Cortina - Alas Medios<\/title>\r\n<meta name=\"robots\" content=\"index, follow, max-snippet:-1, max-image-preview:large, max-video-preview:-1\" \/>\r\n<link rel=\"canonical\" href=\"https:\/\/www.alasmedios.com\/index.php\/2026\/01\/28\/ice-va-a-los-juegos-olimpicos-de-milan-cortina\/\" \/>\r\n<meta property=\"og:locale\" content=\"es_MX\" \/>\r\n<meta property=\"og:type\" content=\"article\" \/>\r\n<meta property=\"og:title\" content=\"ICE va a los Juegos Ol\u00edmpicos de Mil\u00e1n-Cortina - Alas Medios\" \/>\r\n<meta property=\"og:description\" content=\"La antesala de los Juegos Ol\u00edmpicos de Invierno de Mil\u00e1n-Cortina, programados para iniciar el 6 de febrero, qued\u00f3 marcada por\" \/>\r\n<meta property=\"og:url\" content=\"https:\/\/www.alasmedios.com\/index.php\/2026\/01\/28\/ice-va-a-los-juegos-olimpicos-de-milan-cortina\/\" \/>\r\n<meta property=\"og:site_name\" content=\"Alas Medios\" \/>\r\n<meta property=\"article:published_time\" content=\"2026-01-28T16:15:04+00:00\" \/>\r\n<meta property=\"og:image\" content=\"https:\/\/www.alasmedios.com\/wp-content\/uploads\/2026\/01\/ICE-va-a-los-Juegos-Olimpicos-de-Milan-Cortina.png\" \/>\r\n\t<meta property=\"og:image:width\" content=\"2000\" \/>\r\n\t<meta property=\"og:image:height\" content=\"1214\" \/>\r\n\t<meta property=\"og:image:type\" content=\"image\/png\" \/>\r\n<meta name=\"author\" content=\"Keila Rodr\u00edguez Pe\u00f1a\" \/>\r\n<meta name=\"twitter:card\" content=\"summary_large_image\" \/>\r\n<meta name=\"twitter:label1\" content=\"Escrito por\" \/>\n\t<meta name=\"twitter:data1\" content=\"Keila Rodr\u00edguez Pe\u00f1a\" \/>\n\t<meta name=\"twitter:label2\" content=\"Tiempo de lectura\" \/>\n\t<meta name=\"twitter:data2\" content=\"4 minutos\" \/>\r\n<script type=\"application\/ld+json\" class=\"yoast-schema-graph\">{\"@context\":\"https:\\\/\\\/schema.org\",\"@graph\":[{\"@type\":\"Article\",\"@id\":\"https:\\\/\\\/www.alasmedios.com\\\/index.php\\\/2026\\\/01\\\/28\\\/ice-va-a-los-juegos-olimpicos-de-milan-cortina\\\/#article\",\"isPartOf\":{\"@id\":\"https:\\\/\\\/www.alasmedios.com\\\/index.php\\\/2026\\\/01\\\/28\\\/ice-va-a-los-juegos-olimpicos-de-milan-cortina\\\/\"},\"author\":{\"name\":\"Keila Rodr\u00edguez Pe\u00f1a\",\"@id\":\"https:\\\/\\\/www.alasmedios.com\\\/#\\\/schema\\\/person\\\/0ba31bdd19a05ebf5c7fef1fedf99c34\"},\"headline\":\"ICE va a los Juegos Ol\u00edmpicos de Mil\u00e1n-Cortina\",\"datePublished\":\"2026-01-28T16:15:04+00:00\",\"mainEntityOfPage\":{\"@id\":\"https:\\\/\\\/www.alasmedios.com\\\/index.php\\\/2026\\\/01\\\/28\\\/ice-va-a-los-juegos-olimpicos-de-milan-cortina\\\/\"},\"wordCount\":712,\"commentCount\":0,\"publisher\":{\"@id\":\"https:\\\/\\\/www.alasmedios.com\\\/#organization\"},\"image\":{\"@id\":\"https:\\\/\\\/www.alasmedios.com\\\/index.php\\\/2026\\\/01\\\/28\\\/ice-va-a-los-juegos-olimpicos-de-milan-cortina\\\/#primaryimage\"},\"thumbnailUrl\":\"https:\\\/\\\/www.alasmedios.com\\\/wp-content\\\/uploads\\\/2026\\\/01\\\/ICE-va-a-los-Juegos-Olimpicos-de-Milan-Cortina.png\",\"keywords\":[\"ICE\",\"Italia\",\"Juegos Ol\u00edmpicos de Invierno de Mil\u00e1n-Cortina\",\"Mil\u00e1n-Cortina\"],\"articleSection\":[\"Deportes\",\"Mundo\"],\"inLanguage\":\"es\",\"potentialAction\":[{\"@type\":\"CommentAction\",\"name\":\"Comment\",\"target\":[\"https:\\\/\\\/www.alasmedios.com\\\/index.php\\\/2026\\\/01\\\/28\\\/ice-va-a-los-juegos-olimpicos-de-milan-cortina\\\/#respond\"]}]},{\"@type\":\"WebPage\",\"@id\":\"https:\\\/\\\/www.alasmedios.com\\\/index.php\\\/2026\\\/01\\\/28\\\/ice-va-a-los-juegos-olimpicos-de-milan-cortina\\\/\",\"url\":\"https:\\\/\\\/www.alasmedios.com\\\/index.php\\\/2026\\\/01\\\/28\\\/ice-va-a-los-juegos-olimpicos-de-milan-cortina\\\/\",\"name\":\"ICE va a los Juegos Ol\u00edmpicos de Mil\u00e1n-Cortina - Alas Medios\",\"isPartOf\":{\"@id\":\"https:\\\/\\\/www.alasmedios.com\\\/#website\"},\"primaryImageOfPage\":{\"@id\":\"https:\\\/\\\/www.alasmedios.com\\\/index.php\\\/2026\\\/01\\\/28\\\/ice-va-a-los-juegos-olimpicos-de-milan-cortina\\\/#primaryimage\"},\"image\":{\"@id\":\"https:\\\/\\\/www.alasmedios.com\\\/index.php\\\/2026\\\/01\\\/28\\\/ice-va-a-los-juegos-olimpicos-de-milan-cortina\\\/#primaryimage\"},\"thumbnailUrl\":\"https:\\\/\\\/www.alasmedios.com\\\/wp-content\\\/uploads\\\/2026\\\/01\\\/ICE-va-a-los-Juegos-Olimpicos-de-Milan-Cortina.png\",\"datePublished\":\"2026-01-28T16:15:04+00:00\",\"breadcrumb\":{\"@id\":\"https:\\\/\\\/www.alasmedios.com\\\/index.php\\\/2026\\\/01\\\/28\\\/ice-va-a-los-juegos-olimpicos-de-milan-cortina\\\/#breadcrumb\"},\"inLanguage\":\"es\",\"potentialAction\":[{\"@type\":\"ReadAction\",\"target\":[\"https:\\\/\\\/www.alasmedios.com\\\/index.php\\\/2026\\\/01\\\/28\\\/ice-va-a-los-juegos-olimpicos-de-milan-cortina\\\/\"]}]},{\"@type\":\"ImageObject\",\"inLanguage\":\"es\",\"@id\":\"https:\\\/\\\/www.alasmedios.com\\\/index.php\\\/2026\\\/01\\\/28\\\/ice-va-a-los-juegos-olimpicos-de-milan-cortina\\\/#primaryimage\",\"url\":\"https:\\\/\\\/www.alasmedios.com\\\/wp-content\\\/uploads\\\/2026\\\/01\\\/ICE-va-a-los-Juegos-Olimpicos-de-Milan-Cortina.png\",\"contentUrl\":\"https:\\\/\\\/www.alasmedios.com\\\/wp-content\\\/uploads\\\/2026\\\/01\\\/ICE-va-a-los-Juegos-Olimpicos-de-Milan-Cortina.png\",\"width\":2000,\"height\":1214},{\"@type\":\"BreadcrumbList\",\"@id\":\"https:\\\/\\\/www.alasmedios.com\\\/index.php\\\/2026\\\/01\\\/28\\\/ice-va-a-los-juegos-olimpicos-de-milan-cortina\\\/#breadcrumb\",\"itemListElement\":[{\"@type\":\"ListItem\",\"position\":1,\"name\":\"Inicio\",\"item\":\"https:\\\/\\\/www.alasmedios.com\\\/\"},{\"@type\":\"ListItem\",\"position\":2,\"name\":\"ICE va a los Juegos Ol\u00edmpicos de Mil\u00e1n-Cortina\"}]},{\"@type\":\"WebSite\",\"@id\":\"https:\\\/\\\/www.alasmedios.com\\\/#website\",\"url\":\"https:\\\/\\\/www.alasmedios.com\\\/\",\"name\":\"Alas Medios\",\"description\":\"Alas para pensar, Alas para volar, Alas de libertad\",\"publisher\":{\"@id\":\"https:\\\/\\\/www.alasmedios.com\\\/#organization\"},\"potentialAction\":[{\"@type\":\"SearchAction\",\"target\":{\"@type\":\"EntryPoint\",\"urlTemplate\":\"https:\\\/\\\/www.alasmedios.com\\\/?s={search_term_string}\"},\"query-input\":{\"@type\":\"PropertyValueSpecification\",\"valueRequired\":true,\"valueName\":\"search_term_string\"}}],\"inLanguage\":\"es\"},{\"@type\":\"Organization\",\"@id\":\"https:\\\/\\\/www.alasmedios.com\\\/#organization\",\"name\":\"Alas Medios\",\"url\":\"https:\\\/\\\/www.alasmedios.com\\\/\",\"logo\":{\"@type\":\"ImageObject\",\"inLanguage\":\"es\",\"@id\":\"https:\\\/\\\/www.alasmedios.com\\\/#\\\/schema\\\/logo\\\/image\\\/\",\"url\":\"https:\\\/\\\/www.alasmedios.com\\\/wp-content\\\/uploads\\\/2026\\\/01\\\/cropped-cropped-GAM-1.png\",\"contentUrl\":\"https:\\\/\\\/www.alasmedios.com\\\/wp-content\\\/uploads\\\/2026\\\/01\\\/cropped-cropped-GAM-1.png\",\"width\":467,\"height\":235,\"caption\":\"Alas Medios\"},\"image\":{\"@id\":\"https:\\\/\\\/www.alasmedios.com\\\/#\\\/schema\\\/logo\\\/image\\\/\"}},{\"@type\":\"Person\",\"@id\":\"https:\\\/\\\/www.alasmedios.com\\\/#\\\/schema\\\/person\\\/0ba31bdd19a05ebf5c7fef1fedf99c34\",\"name\":\"Keila Rodr\u00edguez Pe\u00f1a\",\"image\":{\"@type\":\"ImageObject\",\"inLanguage\":\"es\",\"@id\":\"https:\\\/\\\/secure.gravatar.com\\\/avatar\\\/a2553a2bfaa601b9d539b617c8793e151bdffb60f9e48a249912f86d4c9ebeef?s=96&d=mm&r=g\",\"url\":\"https:\\\/\\\/secure.gravatar.com\\\/avatar\\\/a2553a2bfaa601b9d539b617c8793e151bdffb60f9e48a249912f86d4c9ebeef?s=96&d=mm&r=g\",\"contentUrl\":\"https:\\\/\\\/secure.gravatar.com\\\/avatar\\\/a2553a2bfaa601b9d539b617c8793e151bdffb60f9e48a249912f86d4c9ebeef?s=96&d=mm&r=g\",\"caption\":\"Keila Rodr\u00edguez Pe\u00f1a\"},\"sameAs\":[\"http:\\\/\\\/www.alasmedios.com\"],\"url\":\"https:\\\/\\\/www.alasmedios.com\\\/index.php\\\/author\\\/keila\\\/\"}]}<\/script>\r\n<!-- \/ Yoast SEO plugin. -->","yoast_head_json":{"title":"ICE va a los Juegos Ol\u00edmpicos de Mil\u00e1n-Cortina - Alas Medios","robots":{"index":"index","follow":"follow","max-snippet":"max-snippet:-1","max-image-preview":"max-image-preview:large","max-video-preview":"max-video-preview:-1"},"canonical":"https:\/\/www.alasmedios.com\/index.php\/2026\/01\/28\/ice-va-a-los-juegos-olimpicos-de-milan-cortina\/","og_locale":"es_MX","og_type":"article","og_title":"ICE va a los Juegos Ol\u00edmpicos de Mil\u00e1n-Cortina - Alas Medios","og_description":"La antesala de los Juegos Ol\u00edmpicos de Invierno de Mil\u00e1n-Cortina, programados para iniciar el 6 de febrero, qued\u00f3 marcada por","og_url":"https:\/\/www.alasmedios.com\/index.php\/2026\/01\/28\/ice-va-a-los-juegos-olimpicos-de-milan-cortina\/","og_site_name":"Alas Medios","article_published_time":"2026-01-28T16:15:04+00:00","og_image":[{"width":2000,"height":1214,"url":"https:\/\/www.alasmedios.com\/wp-content\/uploads\/2026\/01\/ICE-va-a-los-Juegos-Olimpicos-de-Milan-Cortina.png","type":"image\/png"}],"author":"Keila Rodr\u00edguez Pe\u00f1a","twitter_card":"summary_large_image","twitter_misc":{"Escrito por":"Keila Rodr\u00edguez Pe\u00f1a","Tiempo de lectura":"4 minutos"},"schema":{"@context":"https:\/\/schema.org","@graph":[{"@type":"Article","@id":"https:\/\/www.alasmedios.com\/index.php\/2026\/01\/28\/ice-va-a-los-juegos-olimpicos-de-milan-cortina\/#article","isPartOf":{"@id":"https:\/\/www.alasmedios.com\/index.php\/2026\/01\/28\/ice-va-a-los-juegos-olimpicos-de-milan-cortina\/"},"author":{"name":"Keila Rodr\u00edguez Pe\u00f1a","@id":"https:\/\/www.alasmedios.com\/#\/schema\/person\/0ba31bdd19a05ebf5c7fef1fedf99c34"},"headline":"ICE va a los Juegos Ol\u00edmpicos de Mil\u00e1n-Cortina","datePublished":"2026-01-28T16:15:04+00:00","mainEntityOfPage":{"@id":"https:\/\/www.alasmedios.com\/index.php\/2026\/01\/28\/ice-va-a-los-juegos-olimpicos-de-milan-cortina\/"},"wordCount":712,"commentCount":0,"publisher":{"@id":"https:\/\/www.alasmedios.com\/#organization"},"image":{"@id":"https:\/\/www.alasmedios.com\/index.php\/2026\/01\/28\/ice-va-a-los-juegos-olimpicos-de-milan-cortina\/#primaryimage"},"thumbnailUrl":"https:\/\/www.alasmedios.com\/wp-content\/uploads\/2026\/01\/ICE-va-a-los-Juegos-Olimpicos-de-Milan-Cortina.png","keywords":["ICE","Italia","Juegos Ol\u00edmpicos de Invierno de Mil\u00e1n-Cortina","Mil\u00e1n-Cortina"],"articleSection":["Deportes","Mundo"],"inLanguage":"es","potentialAction":[{"@type":"CommentAction","name":"Comment","target":["https:\/\/www.alasmedios.com\/index.php\/2026\/01\/28\/ice-va-a-los-juegos-olimpicos-de-milan-cortina\/#respond"]}]},{"@type":"WebPage","@id":"https:\/\/www.alasmedios.com\/index.php\/2026\/01\/28\/ice-va-a-los-juegos-olimpicos-de-milan-cortina\/","url":"https:\/\/www.alasmedios.com\/index.php\/2026\/01\/28\/ice-va-a-los-juegos-olimpicos-de-milan-cortina\/","name":"ICE va a los Juegos Ol\u00edmpicos de Mil\u00e1n-Cortina - Alas Medios","isPartOf":{"@id":"https:\/\/www.alasmedios.com\/#website"},"primaryImageOfPage":{"@id":"https:\/\/www.alasmedios.com\/index.php\/2026\/01\/28\/ice-va-a-los-juegos-olimpicos-de-milan-cortina\/#primaryimage"},"image":{"@id":"https:\/\/www.alasmedios.com\/index.php\/2026\/01\/28\/ice-va-a-los-juegos-olimpicos-de-milan-cortina\/#primaryimage"},"thumbnailUrl":"https:\/\/www.alasmedios.com\/wp-content\/uploads\/2026\/01\/ICE-va-a-los-Juegos-Olimpicos-de-Milan-Cortina.png","datePublished":"2026-01-28T16:15:04+00:00","breadcrumb":{"@id":"https:\/\/www.alasmedios.com\/index.php\/2026\/01\/28\/ice-va-a-los-juegos-olimpicos-de-milan-cortina\/#breadcrumb"},"inLanguage":"es","potentialAction":[{"@type":"ReadAction","target":["https:\/\/www.alasmedios.com\/index.php\/2026\/01\/28\/ice-va-a-los-juegos-olimpicos-de-milan-cortina\/"]}]},{"@type":"ImageObject","inLanguage":"es","@id":"https:\/\/www.alasmedios.com\/index.php\/2026\/01\/28\/ice-va-a-los-juegos-olimpicos-de-milan-cortina\/#primaryimage","url":"https:\/\/www.alasmedios.com\/wp-content\/uploads\/2026\/01\/ICE-va-a-los-Juegos-Olimpicos-de-Milan-Cortina.png","contentUrl":"https:\/\/www.alasmedios.com\/wp-content\/uploads\/2026\/01\/ICE-va-a-los-Juegos-Olimpicos-de-Milan-Cortina.png","width":2000,"height":1214},{"@type":"BreadcrumbList","@id":"https:\/\/www.alasmedios.com\/index.php\/2026\/01\/28\/ice-va-a-los-juegos-olimpicos-de-milan-cortina\/#breadcrumb","itemListElement":[{"@type":"ListItem","position":1,"name":"Inicio","item":"https:\/\/www.alasmedios.com\/"},{"@type":"ListItem","position":2,"name":"ICE va a los Juegos Ol\u00edmpicos de Mil\u00e1n-Cortina"}]},{"@type":"WebSite","@id":"https:\/\/www.alasmedios.com\/#website","url":"https:\/\/www.alasmedios.com\/","name":"Alas Medios","description":"Alas para pensar, Alas para volar, Alas de libertad","publisher":{"@id":"https:\/\/www.alasmedios.com\/#organization"},"potentialAction":[{"@type":"SearchAction","target":{"@type":"EntryPoint","urlTemplate":"https:\/\/www.alasmedios.com\/?s={search_term_string}"},"query-input":{"@type":"PropertyValueSpecification","valueRequired":true,"valueName":"search_term_string"}}],"inLanguage":"es"},{"@type":"Organization","@id":"https:\/\/www.alasmedios.com\/#organization","name":"Alas Medios","url":"https:\/\/www.alasmedios.com\/","logo":{"@type":"ImageObject","inLanguage":"es","@id":"https:\/\/www.alasmedios.com\/#\/schema\/logo\/image\/","url":"https:\/\/www.alasmedios.com\/wp-content\/uploads\/2026\/01\/cropped-cropped-GAM-1.png","contentUrl":"https:\/\/www.alasmedios.com\/wp-content\/uploads\/2026\/01\/cropped-cropped-GAM-1.png","width":467,"height":235,"caption":"Alas Medios"},"image":{"@id":"https:\/\/www.alasmedios.com\/#\/schema\/logo\/image\/"}},{"@type":"Person","@id":"https:\/\/www.alasmedios.com\/#\/schema\/person\/0ba31bdd19a05ebf5c7fef1fedf99c34","name":"Keila Rodr\u00edguez Pe\u00f1a","image":{"@type":"ImageObject","inLanguage":"es","@id":"https:\/\/secure.gravatar.com\/avatar\/a2553a2bfaa601b9d539b617c8793e151bdffb60f9e48a249912f86d4c9ebeef?s=96&d=mm&r=g","url":"https:\/\/secure.gravatar.com\/avatar\/a2553a2bfaa601b9d539b617c8793e151bdffb60f9e48a249912f86d4c9ebeef?s=96&d=mm&r=g","contentUrl":"https:\/\/secure.gravatar.com\/avatar\/a2553a2bfaa601b9d539b617c8793e151bdffb60f9e48a249912f86d4c9ebeef?s=96&d=mm&r=g","caption":"Keila Rodr\u00edguez Pe\u00f1a"},"sameAs":["http:\/\/www.alasmedios.com"],"url":"https:\/\/www.alasmedios.com\/index.php\/author\/keila\/"}]}},"_links":{"self":[{"href":"https:\/\/www.alasmedios.com\/index.php\/wp-json\/wp\/v2\/posts\/7622","targetHints":{"allow":["GET"]}}],"collection":[{"href":"https:\/\/www.alasmedios.com\/index.php\/wp-json\/wp\/v2\/posts"}],"about":[{"href":"https:\/\/www.alasmedios.com\/index.php\/wp-json\/wp\/v2\/types\/post"}],"author":[{"embeddable":true,"href":"https:\/\/www.alasmedios.com\/index.php\/wp-json\/wp\/v2\/users\/4"}],"replies":[{"embeddable":true,"href":"https:\/\/www.alasmedios.com\/index.php\/wp-json\/wp\/v2\/comments?post=7622"}],"version-history":[{"count":1,"href":"https:\/\/www.alasmedios.com\/index.php\/wp-json\/wp\/v2\/posts\/7622\/revisions"}],"predecessor-version":[{"id":7624,"href":"https:\/\/www.alasmedios.com\/index.php\/wp-json\/wp\/v2\/posts\/7622\/revisions\/7624"}],"wp:featuredmedia":[{"embeddable":true,"href":"https:\/\/www.alasmedios.com\/index.php\/wp-json\/wp\/v2\/media\/7623"}],"wp:attachment":[{"href":"https:\/\/www.alasmedios.com\/index.php\/wp-json\/wp\/v2\/media?parent=7622"}],"wp:term":[{"taxonomy":"category","embeddable":true,"href":"https:\/\/www.alasmedios.com\/index.php\/wp-json\/wp\/v2\/categories?post=7622"},{"taxonomy":"post_tag","embeddable":true,"href":"https:\/\/www.alasmedios.com\/index.php\/wp-json\/wp\/v2\/tags?post=7622"}],"curies":[{"name":"wp","href":"https:\/\/api.w.org\/{rel}","templated":true}]}}