{"id":7618,"date":"2026-01-28T08:50:05","date_gmt":"2026-01-28T14:50:05","guid":{"rendered":"https:\/\/www.alasmedios.com\/?p=7618"},"modified":"2026-01-28T08:50:05","modified_gmt":"2026-01-28T14:50:05","slug":"abren-registro-para-bodas-colectivas-2026-en-pachuca","status":"publish","type":"post","link":"https:\/\/www.alasmedios.com\/index.php\/2026\/01\/28\/abren-registro-para-bodas-colectivas-2026-en-pachuca\/","title":{"rendered":"Abren registro para Bodas Colectivas 2026 en Pachuca"},"content":{"rendered":"\n<p>El \u201cs\u00ed, acepto\u201d llega sin costo y sin rodeos, <strong>Pachuca<\/strong> lanz\u00f3 la convocatoria para las <strong>Bodas Colectivas 2026<\/strong>, una oportunidad para formalizar la uni\u00f3n en pareja de manera <strong>gratuita<\/strong>, con un proceso claro y requisitos definidos.<\/p>\n\n\n\n<p>Las personas interesadas deber\u00e1n realizar su <strong>registro del 28 de enero al 10 de febrero<\/strong>, presentando la documentaci\u00f3n requerida para formar parte de esta ceremonia colectiva que busca dar certeza jur\u00eddica a las parejas.<\/p>\n\n\n\n<p>Entre los <strong>requisitos obligatorios<\/strong> se encuentran <strong>acta de nacimiento<\/strong>, <strong>CURP<\/strong>, <strong>fotograf\u00eda tama\u00f1o infantil<\/strong>, <strong>constancia de solter\u00eda<\/strong>, <strong>identificaci\u00f3n oficial vigente<\/strong> y <strong>certificado m\u00e9dico expedido por una instituci\u00f3n p\u00fablica<\/strong>, con <strong>no m\u00e1s de un mes de antig\u00fcedad<\/strong>. <\/p>\n\n\n\n<p>CONTIN\u00daA LEYENDO: <a href=\"https:\/\/www.alasmedios.com\/index.php\/2026\/01\/20\/el-arenal-abre-convocatoria-a-matrimonios-colectivos-gratuitos-2026\/\" data-type=\"post\" data-id=\"7530\">El Arenal abre convocatoria a Matrimonios Colectivos Gratuitos 2026<\/a><\/p>\n\n\n\n<p>Adem\u00e1s, ser\u00e1 necesario <strong>acudir al DIF municipal<\/strong> para solicitar el <strong>certificado de Matrimonio Consciente<\/strong>, paso indispensable dentro del tr\u00e1mite.<\/p>\n\n\n\n<figure class=\"wp-block-image size-large\"><img loading=\"lazy\" decoding=\"async\" width=\"819\" height=\"1024\" src=\"https:\/\/www.alasmedios.com\/wp-content\/uploads\/2026\/01\/Abren-registro-para-Bodas-Colectivas-2026-en-Pachuca-819x1024.jpg\" alt=\"\" class=\"wp-image-7620\" srcset=\"https:\/\/www.alasmedios.com\/wp-content\/uploads\/2026\/01\/Abren-registro-para-Bodas-Colectivas-2026-en-Pachuca-819x1024.jpg 819w, https:\/\/www.alasmedios.com\/wp-content\/uploads\/2026\/01\/Abren-registro-para-Bodas-Colectivas-2026-en-Pachuca-240x300.jpg 240w, https:\/\/www.alasmedios.com\/wp-content\/uploads\/2026\/01\/Abren-registro-para-Bodas-Colectivas-2026-en-Pachuca-768x960.jpg 768w, https:\/\/www.alasmedios.com\/wp-content\/uploads\/2026\/01\/Abren-registro-para-Bodas-Colectivas-2026-en-Pachuca-1229x1536.jpg 1229w, https:\/\/www.alasmedios.com\/wp-content\/uploads\/2026\/01\/Abren-registro-para-Bodas-Colectivas-2026-en-Pachuca.jpg 1638w\" sizes=\"auto, (max-width: 819px) 100vw, 819px\" \/><\/figure>\n\n\n\n<p>La convocatoria est\u00e1 dirigida a parejas de <strong>Pachuca<\/strong>, quienes podr\u00e1n participar en este proceso que concentra en un solo acto la formalizaci\u00f3n legal del matrimonio, sin costos y con acompa\u00f1amiento institucional.<\/p>\n\n\n\n<p>Con las <strong>Bodas Colectivas 2026<\/strong>, <strong>Pachuca<\/strong> apuesta por facilitar el acceso a derechos civiles y fortalecer la vida en pareja.<\/p>\n\n\n<ul class=\"wp-block-latest-posts__list is-grid columns-3 wp-block-latest-posts\"><li><div class=\"wp-block-latest-posts__featured-image\"><img loading=\"lazy\" decoding=\"async\" width=\"150\" height=\"150\" src=\"https:\/\/www.alasmedios.com\/wp-content\/uploads\/2026\/05\/USEP-calidad-hospitalaria-150x150.jpeg\" class=\"attachment-thumbnail size-thumbnail wp-post-image\" alt=\"\" style=\"\" \/><\/div><a class=\"wp-block-latest-posts__post-title\" href=\"https:\/\/www.alasmedios.com\/index.php\/2026\/05\/01\/usep-activa-formacion-para-prevenir-riesgos-en-la-atencion-medica\/\">USEP activa formaci\u00f3n para prevenir riesgos en la atenci\u00f3n m\u00e9dica<\/a><\/li>\n<li><div class=\"wp-block-latest-posts__featured-image\"><img loading=\"lazy\" decoding=\"async\" width=\"150\" height=\"150\" src=\"https:\/\/www.alasmedios.com\/wp-content\/uploads\/2026\/05\/Super-Final-de-la-Copa-del-Mundo-de-Clavados-2026-150x150.jpeg\" class=\"attachment-thumbnail size-thumbnail wp-post-image\" alt=\"\" style=\"\" \/><\/div><a class=\"wp-block-latest-posts__post-title\" href=\"https:\/\/www.alasmedios.com\/index.php\/2026\/05\/01\/mexico-se-lanza-por-la-cima-once-clavadistas-buscan-la-gloria-mundial-en-pekin-2026\/\">M\u00e9xico se lanza por la cima: once clavadistas buscan la gloria mundial en Pek\u00edn 2026<\/a><\/li>\n<li><div class=\"wp-block-latest-posts__featured-image\"><img loading=\"lazy\" decoding=\"async\" width=\"150\" height=\"150\" src=\"https:\/\/www.alasmedios.com\/wp-content\/uploads\/2026\/04\/Puebla-el-Congreso-aprobo-el-Protocolo-Homologado-de-Investigacion-de-Delitos-contra-Personas-LGBTTTI-150x150.png\" class=\"attachment-thumbnail size-thumbnail wp-post-image\" alt=\"\" style=\"\" \/><\/div><a class=\"wp-block-latest-posts__post-title\" href=\"https:\/\/www.alasmedios.com\/index.php\/2026\/04\/30\/puebla-impulsa-protocolo-contra-delitos-lgbttti\/\">Puebla impulsa protocolo contra delitos LGBTTTI+<\/a><\/li>\n<\/ul>","protected":false},"excerpt":{"rendered":"<p>El \u201cs\u00ed, acepto\u201d llega sin costo y sin rodeos, Pachuca lanz\u00f3 la convocatoria para las Bodas Colectivas 2026, una oportunidad<\/p>\n","protected":false},"author":4,"featured_media":7619,"comment_status":"open","ping_status":"open","sticky":false,"template":"","format":"standard","meta":{"colormag_page_container_layout":"default_layout","colormag_page_sidebar_layout":"default_layout","rop_custom_images_group":[],"rop_custom_messages_group":[],"rop_publish_now":"initial","rop_publish_now_accounts":[],"rop_publish_now_history":[],"rop_publish_now_status":"pending","iawp_total_views":1,"footnotes":""},"categories":[41],"tags":[3246,99,3279,87,174],"class_list":["post-7618","post","type-post","status-publish","format-standard","has-post-thumbnail","hentry","category-hidalgo","tag-bodas-colectivas","tag-hidalgo","tag-matrimonios-colectivos","tag-pachuca","tag-relaciones"],"magazineBlocksPostFeaturedMedia":{"thumbnail":"https:\/\/www.alasmedios.com\/wp-content\/uploads\/2026\/01\/Abren-registro-para-Bodas-Colectivas-2026-en-Pachuca-1-150x150.png","medium":"https:\/\/www.alasmedios.com\/wp-content\/uploads\/2026\/01\/Abren-registro-para-Bodas-Colectivas-2026-en-Pachuca-1-300x182.png","medium_large":"https:\/\/www.alasmedios.com\/wp-content\/uploads\/2026\/01\/Abren-registro-para-Bodas-Colectivas-2026-en-Pachuca-1-768x466.png","large":"https:\/\/www.alasmedios.com\/wp-content\/uploads\/2026\/01\/Abren-registro-para-Bodas-Colectivas-2026-en-Pachuca-1-1024x622.png","1536x1536":"https:\/\/www.alasmedios.com\/wp-content\/uploads\/2026\/01\/Abren-registro-para-Bodas-Colectivas-2026-en-Pachuca-1-1536x932.png","2048x2048":"https:\/\/www.alasmedios.com\/wp-content\/uploads\/2026\/01\/Abren-registro-para-Bodas-Colectivas-2026-en-Pachuca-1.png","colormag-highlighted-post":"https:\/\/www.alasmedios.com\/wp-content\/uploads\/2026\/01\/Abren-registro-para-Bodas-Colectivas-2026-en-Pachuca-1-392x272.png","colormag-featured-post-medium":"https:\/\/www.alasmedios.com\/wp-content\/uploads\/2026\/01\/Abren-registro-para-Bodas-Colectivas-2026-en-Pachuca-1-390x205.png","colormag-featured-post-small":"https:\/\/www.alasmedios.com\/wp-content\/uploads\/2026\/01\/Abren-registro-para-Bodas-Colectivas-2026-en-Pachuca-1-130x90.png","colormag-featured-image":"https:\/\/www.alasmedios.com\/wp-content\/uploads\/2026\/01\/Abren-registro-para-Bodas-Colectivas-2026-en-Pachuca-1-800x445.png","colormag-default-news":"https:\/\/www.alasmedios.com\/wp-content\/uploads\/2026\/01\/Abren-registro-para-Bodas-Colectivas-2026-en-Pachuca-1-150x150.png","colormag-featured-image-large":"https:\/\/www.alasmedios.com\/wp-content\/uploads\/2026\/01\/Abren-registro-para-Bodas-Colectivas-2026-en-Pachuca-1-1400x600.png"},"magazineBlocksPostAuthor":{"name":"Keila Rodr\u00edguez Pe\u00f1a","avatar":"https:\/\/secure.gravatar.com\/avatar\/a2553a2bfaa601b9d539b617c8793e151bdffb60f9e48a249912f86d4c9ebeef?s=96&d=mm&r=g"},"magazineBlocksPostCommentsNumber":"0","magazineBlocksPostExcerpt":"El \u201cs\u00ed, acepto\u201d llega sin costo y sin rodeos, Pachuca lanz\u00f3 la convocatoria para las Bodas Colectivas 2026, una oportunidad","magazineBlocksPostCategories":["Hidalgo"],"magazineBlocksPostViewCount":104,"magazineBlocksPostReadTime":1,"magazine_blocks_featured_image_url":{"full":["https:\/\/www.alasmedios.com\/wp-content\/uploads\/2026\/01\/Abren-registro-para-Bodas-Colectivas-2026-en-Pachuca-1.png",2000,1214,false],"medium":["https:\/\/www.alasmedios.com\/wp-content\/uploads\/2026\/01\/Abren-registro-para-Bodas-Colectivas-2026-en-Pachuca-1-300x182.png",300,182,true],"thumbnail":["https:\/\/www.alasmedios.com\/wp-content\/uploads\/2026\/01\/Abren-registro-para-Bodas-Colectivas-2026-en-Pachuca-1-150x150.png",150,150,true]},"magazine_blocks_author":{"display_name":"Keila Rodr\u00edguez Pe\u00f1a","author_link":"https:\/\/www.alasmedios.com\/index.php\/author\/keila\/"},"magazine_blocks_comment":0,"magazine_blocks_author_image":"https:\/\/secure.gravatar.com\/avatar\/a2553a2bfaa601b9d539b617c8793e151bdffb60f9e48a249912f86d4c9ebeef?s=96&d=mm&r=g","magazine_blocks_category":"<a href=\"#\" class=\"category-link category-link-41\">Hidalgo<\/a>","yoast_head":"<!-- This site is optimized with the Yoast SEO plugin v27.5 - https:\/\/yoast.com\/product\/yoast-seo-wordpress\/ -->\r\n<title>Abren registro para Bodas Colectivas 2026 en Pachuca - Alas Medios<\/title>\r\n<meta name=\"robots\" content=\"index, follow, max-snippet:-1, max-image-preview:large, max-video-preview:-1\" \/>\r\n<link rel=\"canonical\" href=\"https:\/\/www.alasmedios.com\/index.php\/2026\/01\/28\/abren-registro-para-bodas-colectivas-2026-en-pachuca\/\" \/>\r\n<meta property=\"og:locale\" content=\"es_MX\" \/>\r\n<meta property=\"og:type\" content=\"article\" \/>\r\n<meta property=\"og:title\" content=\"Abren registro para Bodas Colectivas 2026 en Pachuca - Alas Medios\" \/>\r\n<meta property=\"og:description\" content=\"El \u201cs\u00ed, acepto\u201d llega sin costo y sin rodeos, Pachuca lanz\u00f3 la convocatoria para las Bodas Colectivas 2026, una oportunidad\" \/>\r\n<meta property=\"og:url\" content=\"https:\/\/www.alasmedios.com\/index.php\/2026\/01\/28\/abren-registro-para-bodas-colectivas-2026-en-pachuca\/\" \/>\r\n<meta property=\"og:site_name\" content=\"Alas Medios\" \/>\r\n<meta property=\"article:published_time\" content=\"2026-01-28T14:50:05+00:00\" \/>\r\n<meta property=\"og:image\" content=\"https:\/\/www.alasmedios.com\/wp-content\/uploads\/2026\/01\/Abren-registro-para-Bodas-Colectivas-2026-en-Pachuca-1-1024x622.png\" \/>\r\n\t<meta property=\"og:image:width\" content=\"1024\" \/>\r\n\t<meta property=\"og:image:height\" content=\"622\" \/>\r\n\t<meta property=\"og:image:type\" content=\"image\/png\" \/>\r\n<meta name=\"author\" content=\"Keila Rodr\u00edguez Pe\u00f1a\" \/>\r\n<meta name=\"twitter:card\" content=\"summary_large_image\" \/>\r\n<meta name=\"twitter:label1\" content=\"Escrito por\" \/>\n\t<meta name=\"twitter:data1\" content=\"Keila Rodr\u00edguez Pe\u00f1a\" \/>\n\t<meta name=\"twitter:label2\" content=\"Tiempo de lectura\" \/>\n\t<meta name=\"twitter:data2\" content=\"1 minuto\" \/>\r\n<script type=\"application\/ld+json\" class=\"yoast-schema-graph\">{\"@context\":\"https:\\\/\\\/schema.org\",\"@graph\":[{\"@type\":\"Article\",\"@id\":\"https:\\\/\\\/www.alasmedios.com\\\/index.php\\\/2026\\\/01\\\/28\\\/abren-registro-para-bodas-colectivas-2026-en-pachuca\\\/#article\",\"isPartOf\":{\"@id\":\"https:\\\/\\\/www.alasmedios.com\\\/index.php\\\/2026\\\/01\\\/28\\\/abren-registro-para-bodas-colectivas-2026-en-pachuca\\\/\"},\"author\":{\"name\":\"Keila Rodr\u00edguez Pe\u00f1a\",\"@id\":\"https:\\\/\\\/www.alasmedios.com\\\/#\\\/schema\\\/person\\\/0ba31bdd19a05ebf5c7fef1fedf99c34\"},\"headline\":\"Abren registro para Bodas Colectivas 2026 en Pachuca\",\"datePublished\":\"2026-01-28T14:50:05+00:00\",\"mainEntityOfPage\":{\"@id\":\"https:\\\/\\\/www.alasmedios.com\\\/index.php\\\/2026\\\/01\\\/28\\\/abren-registro-para-bodas-colectivas-2026-en-pachuca\\\/\"},\"wordCount\":207,\"commentCount\":0,\"publisher\":{\"@id\":\"https:\\\/\\\/www.alasmedios.com\\\/#organization\"},\"image\":{\"@id\":\"https:\\\/\\\/www.alasmedios.com\\\/index.php\\\/2026\\\/01\\\/28\\\/abren-registro-para-bodas-colectivas-2026-en-pachuca\\\/#primaryimage\"},\"thumbnailUrl\":\"https:\\\/\\\/www.alasmedios.com\\\/wp-content\\\/uploads\\\/2026\\\/01\\\/Abren-registro-para-Bodas-Colectivas-2026-en-Pachuca-1.png\",\"keywords\":[\"bodas colectivas\",\"Hidalgo\",\"Matrimonios Colectivos\",\"Pachuca\",\"relaciones\"],\"articleSection\":[\"Hidalgo\"],\"inLanguage\":\"es\",\"potentialAction\":[{\"@type\":\"CommentAction\",\"name\":\"Comment\",\"target\":[\"https:\\\/\\\/www.alasmedios.com\\\/index.php\\\/2026\\\/01\\\/28\\\/abren-registro-para-bodas-colectivas-2026-en-pachuca\\\/#respond\"]}]},{\"@type\":\"WebPage\",\"@id\":\"https:\\\/\\\/www.alasmedios.com\\\/index.php\\\/2026\\\/01\\\/28\\\/abren-registro-para-bodas-colectivas-2026-en-pachuca\\\/\",\"url\":\"https:\\\/\\\/www.alasmedios.com\\\/index.php\\\/2026\\\/01\\\/28\\\/abren-registro-para-bodas-colectivas-2026-en-pachuca\\\/\",\"name\":\"Abren registro para Bodas Colectivas 2026 en Pachuca - Alas Medios\",\"isPartOf\":{\"@id\":\"https:\\\/\\\/www.alasmedios.com\\\/#website\"},\"primaryImageOfPage\":{\"@id\":\"https:\\\/\\\/www.alasmedios.com\\\/index.php\\\/2026\\\/01\\\/28\\\/abren-registro-para-bodas-colectivas-2026-en-pachuca\\\/#primaryimage\"},\"image\":{\"@id\":\"https:\\\/\\\/www.alasmedios.com\\\/index.php\\\/2026\\\/01\\\/28\\\/abren-registro-para-bodas-colectivas-2026-en-pachuca\\\/#primaryimage\"},\"thumbnailUrl\":\"https:\\\/\\\/www.alasmedios.com\\\/wp-content\\\/uploads\\\/2026\\\/01\\\/Abren-registro-para-Bodas-Colectivas-2026-en-Pachuca-1.png\",\"datePublished\":\"2026-01-28T14:50:05+00:00\",\"breadcrumb\":{\"@id\":\"https:\\\/\\\/www.alasmedios.com\\\/index.php\\\/2026\\\/01\\\/28\\\/abren-registro-para-bodas-colectivas-2026-en-pachuca\\\/#breadcrumb\"},\"inLanguage\":\"es\",\"potentialAction\":[{\"@type\":\"ReadAction\",\"target\":[\"https:\\\/\\\/www.alasmedios.com\\\/index.php\\\/2026\\\/01\\\/28\\\/abren-registro-para-bodas-colectivas-2026-en-pachuca\\\/\"]}]},{\"@type\":\"ImageObject\",\"inLanguage\":\"es\",\"@id\":\"https:\\\/\\\/www.alasmedios.com\\\/index.php\\\/2026\\\/01\\\/28\\\/abren-registro-para-bodas-colectivas-2026-en-pachuca\\\/#primaryimage\",\"url\":\"https:\\\/\\\/www.alasmedios.com\\\/wp-content\\\/uploads\\\/2026\\\/01\\\/Abren-registro-para-Bodas-Colectivas-2026-en-Pachuca-1.png\",\"contentUrl\":\"https:\\\/\\\/www.alasmedios.com\\\/wp-content\\\/uploads\\\/2026\\\/01\\\/Abren-registro-para-Bodas-Colectivas-2026-en-Pachuca-1.png\",\"width\":2000,\"height\":1214},{\"@type\":\"BreadcrumbList\",\"@id\":\"https:\\\/\\\/www.alasmedios.com\\\/index.php\\\/2026\\\/01\\\/28\\\/abren-registro-para-bodas-colectivas-2026-en-pachuca\\\/#breadcrumb\",\"itemListElement\":[{\"@type\":\"ListItem\",\"position\":1,\"name\":\"Inicio\",\"item\":\"https:\\\/\\\/www.alasmedios.com\\\/\"},{\"@type\":\"ListItem\",\"position\":2,\"name\":\"Abren registro para Bodas Colectivas 2026 en Pachuca\"}]},{\"@type\":\"WebSite\",\"@id\":\"https:\\\/\\\/www.alasmedios.com\\\/#website\",\"url\":\"https:\\\/\\\/www.alasmedios.com\\\/\",\"name\":\"Alas Medios\",\"description\":\"Alas para pensar, Alas para volar, Alas de libertad\",\"publisher\":{\"@id\":\"https:\\\/\\\/www.alasmedios.com\\\/#organization\"},\"potentialAction\":[{\"@type\":\"SearchAction\",\"target\":{\"@type\":\"EntryPoint\",\"urlTemplate\":\"https:\\\/\\\/www.alasmedios.com\\\/?s={search_term_string}\"},\"query-input\":{\"@type\":\"PropertyValueSpecification\",\"valueRequired\":true,\"valueName\":\"search_term_string\"}}],\"inLanguage\":\"es\"},{\"@type\":\"Organization\",\"@id\":\"https:\\\/\\\/www.alasmedios.com\\\/#organization\",\"name\":\"Alas Medios\",\"url\":\"https:\\\/\\\/www.alasmedios.com\\\/\",\"logo\":{\"@type\":\"ImageObject\",\"inLanguage\":\"es\",\"@id\":\"https:\\\/\\\/www.alasmedios.com\\\/#\\\/schema\\\/logo\\\/image\\\/\",\"url\":\"https:\\\/\\\/www.alasmedios.com\\\/wp-content\\\/uploads\\\/2026\\\/01\\\/cropped-cropped-GAM-1.png\",\"contentUrl\":\"https:\\\/\\\/www.alasmedios.com\\\/wp-content\\\/uploads\\\/2026\\\/01\\\/cropped-cropped-GAM-1.png\",\"width\":467,\"height\":235,\"caption\":\"Alas Medios\"},\"image\":{\"@id\":\"https:\\\/\\\/www.alasmedios.com\\\/#\\\/schema\\\/logo\\\/image\\\/\"}},{\"@type\":\"Person\",\"@id\":\"https:\\\/\\\/www.alasmedios.com\\\/#\\\/schema\\\/person\\\/0ba31bdd19a05ebf5c7fef1fedf99c34\",\"name\":\"Keila Rodr\u00edguez Pe\u00f1a\",\"image\":{\"@type\":\"ImageObject\",\"inLanguage\":\"es\",\"@id\":\"https:\\\/\\\/secure.gravatar.com\\\/avatar\\\/a2553a2bfaa601b9d539b617c8793e151bdffb60f9e48a249912f86d4c9ebeef?s=96&d=mm&r=g\",\"url\":\"https:\\\/\\\/secure.gravatar.com\\\/avatar\\\/a2553a2bfaa601b9d539b617c8793e151bdffb60f9e48a249912f86d4c9ebeef?s=96&d=mm&r=g\",\"contentUrl\":\"https:\\\/\\\/secure.gravatar.com\\\/avatar\\\/a2553a2bfaa601b9d539b617c8793e151bdffb60f9e48a249912f86d4c9ebeef?s=96&d=mm&r=g\",\"caption\":\"Keila Rodr\u00edguez Pe\u00f1a\"},\"sameAs\":[\"http:\\\/\\\/www.alasmedios.com\"],\"url\":\"https:\\\/\\\/www.alasmedios.com\\\/index.php\\\/author\\\/keila\\\/\"}]}<\/script>\r\n<!-- \/ Yoast SEO plugin. -->","yoast_head_json":{"title":"Abren registro para Bodas Colectivas 2026 en Pachuca - Alas Medios","robots":{"index":"index","follow":"follow","max-snippet":"max-snippet:-1","max-image-preview":"max-image-preview:large","max-video-preview":"max-video-preview:-1"},"canonical":"https:\/\/www.alasmedios.com\/index.php\/2026\/01\/28\/abren-registro-para-bodas-colectivas-2026-en-pachuca\/","og_locale":"es_MX","og_type":"article","og_title":"Abren registro para Bodas Colectivas 2026 en Pachuca - Alas Medios","og_description":"El \u201cs\u00ed, acepto\u201d llega sin costo y sin rodeos, Pachuca lanz\u00f3 la convocatoria para las Bodas Colectivas 2026, una oportunidad","og_url":"https:\/\/www.alasmedios.com\/index.php\/2026\/01\/28\/abren-registro-para-bodas-colectivas-2026-en-pachuca\/","og_site_name":"Alas Medios","article_published_time":"2026-01-28T14:50:05+00:00","og_image":[{"width":1024,"height":622,"url":"https:\/\/www.alasmedios.com\/wp-content\/uploads\/2026\/01\/Abren-registro-para-Bodas-Colectivas-2026-en-Pachuca-1-1024x622.png","type":"image\/png"}],"author":"Keila Rodr\u00edguez Pe\u00f1a","twitter_card":"summary_large_image","twitter_misc":{"Escrito por":"Keila Rodr\u00edguez Pe\u00f1a","Tiempo de lectura":"1 minuto"},"schema":{"@context":"https:\/\/schema.org","@graph":[{"@type":"Article","@id":"https:\/\/www.alasmedios.com\/index.php\/2026\/01\/28\/abren-registro-para-bodas-colectivas-2026-en-pachuca\/#article","isPartOf":{"@id":"https:\/\/www.alasmedios.com\/index.php\/2026\/01\/28\/abren-registro-para-bodas-colectivas-2026-en-pachuca\/"},"author":{"name":"Keila Rodr\u00edguez Pe\u00f1a","@id":"https:\/\/www.alasmedios.com\/#\/schema\/person\/0ba31bdd19a05ebf5c7fef1fedf99c34"},"headline":"Abren registro para Bodas Colectivas 2026 en Pachuca","datePublished":"2026-01-28T14:50:05+00:00","mainEntityOfPage":{"@id":"https:\/\/www.alasmedios.com\/index.php\/2026\/01\/28\/abren-registro-para-bodas-colectivas-2026-en-pachuca\/"},"wordCount":207,"commentCount":0,"publisher":{"@id":"https:\/\/www.alasmedios.com\/#organization"},"image":{"@id":"https:\/\/www.alasmedios.com\/index.php\/2026\/01\/28\/abren-registro-para-bodas-colectivas-2026-en-pachuca\/#primaryimage"},"thumbnailUrl":"https:\/\/www.alasmedios.com\/wp-content\/uploads\/2026\/01\/Abren-registro-para-Bodas-Colectivas-2026-en-Pachuca-1.png","keywords":["bodas colectivas","Hidalgo","Matrimonios Colectivos","Pachuca","relaciones"],"articleSection":["Hidalgo"],"inLanguage":"es","potentialAction":[{"@type":"CommentAction","name":"Comment","target":["https:\/\/www.alasmedios.com\/index.php\/2026\/01\/28\/abren-registro-para-bodas-colectivas-2026-en-pachuca\/#respond"]}]},{"@type":"WebPage","@id":"https:\/\/www.alasmedios.com\/index.php\/2026\/01\/28\/abren-registro-para-bodas-colectivas-2026-en-pachuca\/","url":"https:\/\/www.alasmedios.com\/index.php\/2026\/01\/28\/abren-registro-para-bodas-colectivas-2026-en-pachuca\/","name":"Abren registro para Bodas Colectivas 2026 en Pachuca - Alas Medios","isPartOf":{"@id":"https:\/\/www.alasmedios.com\/#website"},"primaryImageOfPage":{"@id":"https:\/\/www.alasmedios.com\/index.php\/2026\/01\/28\/abren-registro-para-bodas-colectivas-2026-en-pachuca\/#primaryimage"},"image":{"@id":"https:\/\/www.alasmedios.com\/index.php\/2026\/01\/28\/abren-registro-para-bodas-colectivas-2026-en-pachuca\/#primaryimage"},"thumbnailUrl":"https:\/\/www.alasmedios.com\/wp-content\/uploads\/2026\/01\/Abren-registro-para-Bodas-Colectivas-2026-en-Pachuca-1.png","datePublished":"2026-01-28T14:50:05+00:00","breadcrumb":{"@id":"https:\/\/www.alasmedios.com\/index.php\/2026\/01\/28\/abren-registro-para-bodas-colectivas-2026-en-pachuca\/#breadcrumb"},"inLanguage":"es","potentialAction":[{"@type":"ReadAction","target":["https:\/\/www.alasmedios.com\/index.php\/2026\/01\/28\/abren-registro-para-bodas-colectivas-2026-en-pachuca\/"]}]},{"@type":"ImageObject","inLanguage":"es","@id":"https:\/\/www.alasmedios.com\/index.php\/2026\/01\/28\/abren-registro-para-bodas-colectivas-2026-en-pachuca\/#primaryimage","url":"https:\/\/www.alasmedios.com\/wp-content\/uploads\/2026\/01\/Abren-registro-para-Bodas-Colectivas-2026-en-Pachuca-1.png","contentUrl":"https:\/\/www.alasmedios.com\/wp-content\/uploads\/2026\/01\/Abren-registro-para-Bodas-Colectivas-2026-en-Pachuca-1.png","width":2000,"height":1214},{"@type":"BreadcrumbList","@id":"https:\/\/www.alasmedios.com\/index.php\/2026\/01\/28\/abren-registro-para-bodas-colectivas-2026-en-pachuca\/#breadcrumb","itemListElement":[{"@type":"ListItem","position":1,"name":"Inicio","item":"https:\/\/www.alasmedios.com\/"},{"@type":"ListItem","position":2,"name":"Abren registro para Bodas Colectivas 2026 en Pachuca"}]},{"@type":"WebSite","@id":"https:\/\/www.alasmedios.com\/#website","url":"https:\/\/www.alasmedios.com\/","name":"Alas Medios","description":"Alas para pensar, Alas para volar, Alas de libertad","publisher":{"@id":"https:\/\/www.alasmedios.com\/#organization"},"potentialAction":[{"@type":"SearchAction","target":{"@type":"EntryPoint","urlTemplate":"https:\/\/www.alasmedios.com\/?s={search_term_string}"},"query-input":{"@type":"PropertyValueSpecification","valueRequired":true,"valueName":"search_term_string"}}],"inLanguage":"es"},{"@type":"Organization","@id":"https:\/\/www.alasmedios.com\/#organization","name":"Alas Medios","url":"https:\/\/www.alasmedios.com\/","logo":{"@type":"ImageObject","inLanguage":"es","@id":"https:\/\/www.alasmedios.com\/#\/schema\/logo\/image\/","url":"https:\/\/www.alasmedios.com\/wp-content\/uploads\/2026\/01\/cropped-cropped-GAM-1.png","contentUrl":"https:\/\/www.alasmedios.com\/wp-content\/uploads\/2026\/01\/cropped-cropped-GAM-1.png","width":467,"height":235,"caption":"Alas Medios"},"image":{"@id":"https:\/\/www.alasmedios.com\/#\/schema\/logo\/image\/"}},{"@type":"Person","@id":"https:\/\/www.alasmedios.com\/#\/schema\/person\/0ba31bdd19a05ebf5c7fef1fedf99c34","name":"Keila Rodr\u00edguez Pe\u00f1a","image":{"@type":"ImageObject","inLanguage":"es","@id":"https:\/\/secure.gravatar.com\/avatar\/a2553a2bfaa601b9d539b617c8793e151bdffb60f9e48a249912f86d4c9ebeef?s=96&d=mm&r=g","url":"https:\/\/secure.gravatar.com\/avatar\/a2553a2bfaa601b9d539b617c8793e151bdffb60f9e48a249912f86d4c9ebeef?s=96&d=mm&r=g","contentUrl":"https:\/\/secure.gravatar.com\/avatar\/a2553a2bfaa601b9d539b617c8793e151bdffb60f9e48a249912f86d4c9ebeef?s=96&d=mm&r=g","caption":"Keila Rodr\u00edguez Pe\u00f1a"},"sameAs":["http:\/\/www.alasmedios.com"],"url":"https:\/\/www.alasmedios.com\/index.php\/author\/keila\/"}]}},"_links":{"self":[{"href":"https:\/\/www.alasmedios.com\/index.php\/wp-json\/wp\/v2\/posts\/7618","targetHints":{"allow":["GET"]}}],"collection":[{"href":"https:\/\/www.alasmedios.com\/index.php\/wp-json\/wp\/v2\/posts"}],"about":[{"href":"https:\/\/www.alasmedios.com\/index.php\/wp-json\/wp\/v2\/types\/post"}],"author":[{"embeddable":true,"href":"https:\/\/www.alasmedios.com\/index.php\/wp-json\/wp\/v2\/users\/4"}],"replies":[{"embeddable":true,"href":"https:\/\/www.alasmedios.com\/index.php\/wp-json\/wp\/v2\/comments?post=7618"}],"version-history":[{"count":1,"href":"https:\/\/www.alasmedios.com\/index.php\/wp-json\/wp\/v2\/posts\/7618\/revisions"}],"predecessor-version":[{"id":7621,"href":"https:\/\/www.alasmedios.com\/index.php\/wp-json\/wp\/v2\/posts\/7618\/revisions\/7621"}],"wp:featuredmedia":[{"embeddable":true,"href":"https:\/\/www.alasmedios.com\/index.php\/wp-json\/wp\/v2\/media\/7619"}],"wp:attachment":[{"href":"https:\/\/www.alasmedios.com\/index.php\/wp-json\/wp\/v2\/media?parent=7618"}],"wp:term":[{"taxonomy":"category","embeddable":true,"href":"https:\/\/www.alasmedios.com\/index.php\/wp-json\/wp\/v2\/categories?post=7618"},{"taxonomy":"post_tag","embeddable":true,"href":"https:\/\/www.alasmedios.com\/index.php\/wp-json\/wp\/v2\/tags?post=7618"}],"curies":[{"name":"wp","href":"https:\/\/api.w.org\/{rel}","templated":true}]}}