{"id":7615,"date":"2026-01-27T15:22:55","date_gmt":"2026-01-27T21:22:55","guid":{"rendered":"https:\/\/www.alasmedios.com\/?p=7615"},"modified":"2026-01-27T15:22:55","modified_gmt":"2026-01-27T21:22:55","slug":"lanzan-el-mundial-mujeres-libres-llevan-la-fiebre-futbolera-a-los-barrios","status":"publish","type":"post","link":"https:\/\/www.alasmedios.com\/index.php\/2026\/01\/27\/lanzan-el-mundial-mujeres-libres-llevan-la-fiebre-futbolera-a-los-barrios\/","title":{"rendered":"Lanzan el \u201cMundial Mujeres LIBRES\u201d, llevan la fiebre futbolera a los barrios"},"content":{"rendered":"\n<p>El f\u00fatbol tambi\u00e9n se juega en las calles, en las canchas comunitarias y en los sue\u00f1os de miles de ni\u00f1as y mujeres. Con ese esp\u00edritu, fue presentado el torneo nacional <strong>\u201cMundial Mujeres LIBRES\u201d<\/strong>, una competencia que busca que <strong>ni\u00f1as, adolescentes y mujeres<\/strong> vivan la emoci\u00f3n del balompi\u00e9 desde sus <strong>barrios y comunidades<\/strong>, a trav\u00e9s del <strong>deporte, la convivencia y la apropiaci\u00f3n del espacio p\u00fablico<\/strong>.<\/p>\n\n\n\n<p>La presentaci\u00f3n estuvo encabezada por <strong>Citlalli Hern\u00e1ndez Mora<\/strong>, secretaria de las Mujeres, quien explic\u00f3 que este torneo se suma a la efervescencia mundialista con una apuesta clara: que el futbol sea tambi\u00e9n una <strong>herramienta de inclusi\u00f3n, participaci\u00f3n social y fortalecimiento comunitario<\/strong>.<\/p>\n\n\n\n<p>La <strong>convocatoria oficial<\/strong> estar\u00e1 disponible a partir del <strong>9 de febrero<\/strong> en el sitio <strong><a href=\"http:\/\/www.mundial-libres.mujeres.gob.mx\">www.mundial-libres.mujeres.gob.mx<\/a><\/strong>, y contempla dos categor\u00edas: <strong>\u201cNi\u00f1as en la Cancha\u201d<\/strong>, dirigida a ni\u00f1as y adolescentes, y <strong>\u201cMujeres en la Cancha\u201d<\/strong>, para participantes <strong>mayores de 18 a\u00f1os<\/strong>.<\/p>\n\n\n\n<p>CONTIN\u00daA LEYENDO: <a href=\"https:\/\/www.alasmedios.com\/index.php\/2026\/01\/27\/mas-de-1800-violaciones-documentadas-en-el-conflicto-de-sudan\/\" data-type=\"post\" data-id=\"7612\">M\u00e1s de 1,800 violaciones documentadas en el conflicto de Sud\u00e1n<\/a><\/p>\n\n\n\n<p>La participaci\u00f3n se promover\u00e1 en los <strong>Centros LIBRE<\/strong> de todo el pa\u00eds, espacios que hasta octubre pasado sumaban <strong>678 sedes a nivel nacional<\/strong>, y que operan como puntos de apoyo para mujeres, incluyendo atenci\u00f3n a v\u00edctimas de <strong>violencia de g\u00e9nero<\/strong>, adem\u00e1s de actividades comunitarias y formativas.<\/p>\n\n\n\n<figure class=\"wp-block-embed is-type-rich is-provider-twitter wp-block-embed-twitter\"><div class=\"wp-block-embed__wrapper\">\n<blockquote class=\"twitter-tweet\" data-width=\"550\" data-dnt=\"true\"><p lang=\"es\" dir=\"ltr\">El Gobierno de la Ciudad de M\u00e9xico invita a participar en el torneo \u201cMujeres Libres en el F\u00fatbol\u201d, una fiesta de fuerza y trabajo en equipo para mujeres de la Ciudad de M\u00e9xico.<br><br>\ud83d\udccc Consulta la convocatoria y los requisitos aqu\u00ed:<a href=\"https:\/\/t.co\/vk2LOZY6kw\">https:\/\/t.co\/vk2LOZY6kw<\/a><a href=\"https:\/\/t.co\/fnriZLAo6y\">https:\/\/t.co\/fnriZLAo6y<\/a> <a href=\"https:\/\/t.co\/xKBjX9680i\">pic.twitter.com\/xKBjX9680i<\/a><\/p>&mdash; Secretar\u00eda de las Mujeres (@SeMujeresCDMX) <a href=\"https:\/\/twitter.com\/SeMujeresCDMX\/status\/2015932693687451831?ref_src=twsrc%5Etfw\">January 26, 2026<\/a><\/blockquote><script async src=\"https:\/\/platform.twitter.com\/widgets.js\" charset=\"utf-8\"><\/script>\n<\/div><\/figure>\n\n\n\n<p>De acuerdo con <strong>Hern\u00e1ndez Mora<\/strong>, el torneo forma parte de la estrategia <strong>Mundial Social 2026<\/strong>, cuyo objetivo es que la pasi\u00f3n por el futbol <strong>trascienda los estadios<\/strong> y se juegue tambi\u00e9n en el \u00e1mbito local, reforzando el tejido social. Bajo esa l\u00f3gica, los <strong>Centros LIBRE<\/strong>, en coordinaci\u00f3n con las <strong>Instancias de las Mujeres en las Entidades Federativas (IMEF)<\/strong>, funcionar\u00e1n como <strong>sedes de convocatoria y registro<\/strong> en diversos municipios del pa\u00eds.<\/p>\n\n\n\n<p>Adem\u00e1s del torneo, se anunci\u00f3 que estos espacios albergar\u00e1n <strong>talleres de periodismo deportivo<\/strong>, acciones para el <strong>fomento del deporte femenil<\/strong> y una <strong>campa\u00f1a de visibilizaci\u00f3n<\/strong> que subraye que <strong>las mujeres tambi\u00e9n juegan, narran y viven el futbol<\/strong>.<\/p>\n\n\n\n<p>As\u00ed, el <strong>\u201cMundial Mujeres LIBRES\u201d<\/strong> arranca como un campeonato donde el marcador no solo se mide en goles, sino en <strong>participaci\u00f3n, inclusi\u00f3n y presencia femenina en la cancha<\/strong>, demostrando que el futbol tambi\u00e9n puede ser un juego que transforme comunidades.<\/p>\n\n\n<ul class=\"wp-block-latest-posts__list is-grid columns-3 wp-block-latest-posts\"><li><div class=\"wp-block-latest-posts__featured-image\"><img loading=\"lazy\" decoding=\"async\" width=\"150\" height=\"150\" src=\"https:\/\/www.alasmedios.com\/wp-content\/uploads\/2026\/05\/Super-Final-de-la-Copa-del-Mundo-de-Clavados-2026-150x150.jpeg\" class=\"attachment-thumbnail size-thumbnail wp-post-image\" alt=\"\" style=\"\" \/><\/div><a class=\"wp-block-latest-posts__post-title\" href=\"https:\/\/www.alasmedios.com\/index.php\/2026\/05\/01\/mexico-se-lanza-por-la-cima-once-clavadistas-buscan-la-gloria-mundial-en-pekin-2026\/\">M\u00e9xico se lanza por la cima: once clavadistas buscan la gloria mundial en Pek\u00edn 2026<\/a><\/li>\n<li><div class=\"wp-block-latest-posts__featured-image\"><img loading=\"lazy\" decoding=\"async\" width=\"150\" height=\"150\" src=\"https:\/\/www.alasmedios.com\/wp-content\/uploads\/2026\/04\/Puebla-el-Congreso-aprobo-el-Protocolo-Homologado-de-Investigacion-de-Delitos-contra-Personas-LGBTTTI-150x150.png\" class=\"attachment-thumbnail size-thumbnail wp-post-image\" alt=\"\" style=\"\" \/><\/div><a class=\"wp-block-latest-posts__post-title\" href=\"https:\/\/www.alasmedios.com\/index.php\/2026\/04\/30\/puebla-impulsa-protocolo-contra-delitos-lgbttti\/\">Puebla impulsa protocolo contra delitos LGBTTTI+<\/a><\/li>\n<li><div class=\"wp-block-latest-posts__featured-image\"><img loading=\"lazy\" decoding=\"async\" width=\"150\" height=\"150\" src=\"https:\/\/www.alasmedios.com\/wp-content\/uploads\/2026\/04\/PEC-Parque-Ecologico-Cubitos-150x150.jpg\" class=\"attachment-thumbnail size-thumbnail wp-post-image\" alt=\"\" style=\"\" \/><\/div><a class=\"wp-block-latest-posts__post-title\" href=\"https:\/\/www.alasmedios.com\/index.php\/2026\/04\/30\/naturaleza-viva-en-pachuca-cubitos-conmemora-a-los-jardines-botanicos\/\">Naturaleza viva en Pachuca: Cubitos conmemora a los jardines bot\u00e1nicos<\/a><\/li>\n<\/ul>","protected":false},"excerpt":{"rendered":"<p>El f\u00fatbol tambi\u00e9n se juega en las calles, en las canchas comunitarias y en los sue\u00f1os de miles de ni\u00f1as<\/p>\n","protected":false},"author":4,"featured_media":7616,"comment_status":"open","ping_status":"open","sticky":false,"template":"","format":"standard","meta":{"colormag_page_container_layout":"default_layout","colormag_page_sidebar_layout":"default_layout","rop_custom_images_group":[],"rop_custom_messages_group":[],"rop_publish_now":"initial","rop_publish_now_accounts":[],"rop_publish_now_history":[],"rop_publish_now_status":"pending","iawp_total_views":0,"footnotes":""},"categories":[3223],"tags":[750,1599,166,53,3324,3322,190,3323],"class_list":["post-7615","post","type-post","status-publish","format-standard","has-post-thumbnail","hentry","category-deportes","tag-adolescentes","tag-centros-libre","tag-mexico","tag-mujeres","tag-mujeres-en-la-cancha","tag-mundial-mujeres-libres","tag-ninas","tag-ninas-en-la-cancha"],"magazineBlocksPostFeaturedMedia":{"thumbnail":"https:\/\/www.alasmedios.com\/wp-content\/uploads\/2026\/01\/Lanzan-el-Mundial-Mujeres-LIBRES-llevan-la-fiebre-futbolera-a-los-barrios-150x150.png","medium":"https:\/\/www.alasmedios.com\/wp-content\/uploads\/2026\/01\/Lanzan-el-Mundial-Mujeres-LIBRES-llevan-la-fiebre-futbolera-a-los-barrios-300x182.png","medium_large":"https:\/\/www.alasmedios.com\/wp-content\/uploads\/2026\/01\/Lanzan-el-Mundial-Mujeres-LIBRES-llevan-la-fiebre-futbolera-a-los-barrios-768x466.png","large":"https:\/\/www.alasmedios.com\/wp-content\/uploads\/2026\/01\/Lanzan-el-Mundial-Mujeres-LIBRES-llevan-la-fiebre-futbolera-a-los-barrios-1024x622.png","1536x1536":"https:\/\/www.alasmedios.com\/wp-content\/uploads\/2026\/01\/Lanzan-el-Mundial-Mujeres-LIBRES-llevan-la-fiebre-futbolera-a-los-barrios-1536x932.png","2048x2048":"https:\/\/www.alasmedios.com\/wp-content\/uploads\/2026\/01\/Lanzan-el-Mundial-Mujeres-LIBRES-llevan-la-fiebre-futbolera-a-los-barrios.png","colormag-highlighted-post":"https:\/\/www.alasmedios.com\/wp-content\/uploads\/2026\/01\/Lanzan-el-Mundial-Mujeres-LIBRES-llevan-la-fiebre-futbolera-a-los-barrios-392x272.png","colormag-featured-post-medium":"https:\/\/www.alasmedios.com\/wp-content\/uploads\/2026\/01\/Lanzan-el-Mundial-Mujeres-LIBRES-llevan-la-fiebre-futbolera-a-los-barrios-390x205.png","colormag-featured-post-small":"https:\/\/www.alasmedios.com\/wp-content\/uploads\/2026\/01\/Lanzan-el-Mundial-Mujeres-LIBRES-llevan-la-fiebre-futbolera-a-los-barrios-130x90.png","colormag-featured-image":"https:\/\/www.alasmedios.com\/wp-content\/uploads\/2026\/01\/Lanzan-el-Mundial-Mujeres-LIBRES-llevan-la-fiebre-futbolera-a-los-barrios-800x445.png","colormag-default-news":"https:\/\/www.alasmedios.com\/wp-content\/uploads\/2026\/01\/Lanzan-el-Mundial-Mujeres-LIBRES-llevan-la-fiebre-futbolera-a-los-barrios-150x150.png","colormag-featured-image-large":"https:\/\/www.alasmedios.com\/wp-content\/uploads\/2026\/01\/Lanzan-el-Mundial-Mujeres-LIBRES-llevan-la-fiebre-futbolera-a-los-barrios-1400x600.png"},"magazineBlocksPostAuthor":{"name":"Keila Rodr\u00edguez Pe\u00f1a","avatar":"https:\/\/secure.gravatar.com\/avatar\/a2553a2bfaa601b9d539b617c8793e151bdffb60f9e48a249912f86d4c9ebeef?s=96&d=mm&r=g"},"magazineBlocksPostCommentsNumber":"0","magazineBlocksPostExcerpt":"El f\u00fatbol tambi\u00e9n se juega en las calles, en las canchas comunitarias y en los sue\u00f1os de miles de ni\u00f1as","magazineBlocksPostCategories":["Deportes"],"magazineBlocksPostViewCount":74,"magazineBlocksPostReadTime":2,"magazine_blocks_featured_image_url":{"full":["https:\/\/www.alasmedios.com\/wp-content\/uploads\/2026\/01\/Lanzan-el-Mundial-Mujeres-LIBRES-llevan-la-fiebre-futbolera-a-los-barrios.png",2000,1214,false],"medium":["https:\/\/www.alasmedios.com\/wp-content\/uploads\/2026\/01\/Lanzan-el-Mundial-Mujeres-LIBRES-llevan-la-fiebre-futbolera-a-los-barrios-300x182.png",300,182,true],"thumbnail":["https:\/\/www.alasmedios.com\/wp-content\/uploads\/2026\/01\/Lanzan-el-Mundial-Mujeres-LIBRES-llevan-la-fiebre-futbolera-a-los-barrios-150x150.png",150,150,true]},"magazine_blocks_author":{"display_name":"Keila Rodr\u00edguez Pe\u00f1a","author_link":"https:\/\/www.alasmedios.com\/index.php\/author\/keila\/"},"magazine_blocks_comment":0,"magazine_blocks_author_image":"https:\/\/secure.gravatar.com\/avatar\/a2553a2bfaa601b9d539b617c8793e151bdffb60f9e48a249912f86d4c9ebeef?s=96&d=mm&r=g","magazine_blocks_category":"<a href=\"#\" class=\"category-link category-link-3223\">Deportes<\/a>","yoast_head":"<!-- This site is optimized with the Yoast SEO plugin v27.5 - https:\/\/yoast.com\/product\/yoast-seo-wordpress\/ -->\r\n<title>Lanzan el \u201cMundial Mujeres LIBRES\u201d, llevan la fiebre futbolera a los barrios - Alas Medios<\/title>\r\n<meta name=\"robots\" content=\"index, follow, max-snippet:-1, max-image-preview:large, max-video-preview:-1\" \/>\r\n<link rel=\"canonical\" href=\"https:\/\/www.alasmedios.com\/index.php\/2026\/01\/27\/lanzan-el-mundial-mujeres-libres-llevan-la-fiebre-futbolera-a-los-barrios\/\" \/>\r\n<meta property=\"og:locale\" content=\"es_MX\" \/>\r\n<meta property=\"og:type\" content=\"article\" \/>\r\n<meta property=\"og:title\" content=\"Lanzan el \u201cMundial Mujeres LIBRES\u201d, llevan la fiebre futbolera a los barrios - Alas Medios\" \/>\r\n<meta property=\"og:description\" content=\"El f\u00fatbol tambi\u00e9n se juega en las calles, en las canchas comunitarias y en los sue\u00f1os de miles de ni\u00f1as\" \/>\r\n<meta property=\"og:url\" content=\"https:\/\/www.alasmedios.com\/index.php\/2026\/01\/27\/lanzan-el-mundial-mujeres-libres-llevan-la-fiebre-futbolera-a-los-barrios\/\" \/>\r\n<meta property=\"og:site_name\" content=\"Alas Medios\" \/>\r\n<meta property=\"article:published_time\" content=\"2026-01-27T21:22:55+00:00\" \/>\r\n<meta property=\"og:image\" content=\"https:\/\/www.alasmedios.com\/wp-content\/uploads\/2026\/01\/Lanzan-el-Mundial-Mujeres-LIBRES-llevan-la-fiebre-futbolera-a-los-barrios.png\" \/>\r\n\t<meta property=\"og:image:width\" content=\"2000\" \/>\r\n\t<meta property=\"og:image:height\" content=\"1214\" \/>\r\n\t<meta property=\"og:image:type\" content=\"image\/png\" \/>\r\n<meta name=\"author\" content=\"Keila Rodr\u00edguez Pe\u00f1a\" \/>\r\n<meta name=\"twitter:card\" content=\"summary_large_image\" \/>\r\n<meta name=\"twitter:label1\" content=\"Escrito por\" \/>\n\t<meta name=\"twitter:data1\" content=\"Keila Rodr\u00edguez Pe\u00f1a\" \/>\n\t<meta name=\"twitter:label2\" content=\"Tiempo de lectura\" \/>\n\t<meta name=\"twitter:data2\" content=\"2 minutos\" \/>\r\n<script type=\"application\/ld+json\" class=\"yoast-schema-graph\">{\"@context\":\"https:\\\/\\\/schema.org\",\"@graph\":[{\"@type\":\"Article\",\"@id\":\"https:\\\/\\\/www.alasmedios.com\\\/index.php\\\/2026\\\/01\\\/27\\\/lanzan-el-mundial-mujeres-libres-llevan-la-fiebre-futbolera-a-los-barrios\\\/#article\",\"isPartOf\":{\"@id\":\"https:\\\/\\\/www.alasmedios.com\\\/index.php\\\/2026\\\/01\\\/27\\\/lanzan-el-mundial-mujeres-libres-llevan-la-fiebre-futbolera-a-los-barrios\\\/\"},\"author\":{\"name\":\"Keila Rodr\u00edguez Pe\u00f1a\",\"@id\":\"https:\\\/\\\/www.alasmedios.com\\\/#\\\/schema\\\/person\\\/0ba31bdd19a05ebf5c7fef1fedf99c34\"},\"headline\":\"Lanzan el \u201cMundial Mujeres LIBRES\u201d, llevan la fiebre futbolera a los barrios\",\"datePublished\":\"2026-01-27T21:22:55+00:00\",\"mainEntityOfPage\":{\"@id\":\"https:\\\/\\\/www.alasmedios.com\\\/index.php\\\/2026\\\/01\\\/27\\\/lanzan-el-mundial-mujeres-libres-llevan-la-fiebre-futbolera-a-los-barrios\\\/\"},\"wordCount\":409,\"commentCount\":0,\"publisher\":{\"@id\":\"https:\\\/\\\/www.alasmedios.com\\\/#organization\"},\"image\":{\"@id\":\"https:\\\/\\\/www.alasmedios.com\\\/index.php\\\/2026\\\/01\\\/27\\\/lanzan-el-mundial-mujeres-libres-llevan-la-fiebre-futbolera-a-los-barrios\\\/#primaryimage\"},\"thumbnailUrl\":\"https:\\\/\\\/www.alasmedios.com\\\/wp-content\\\/uploads\\\/2026\\\/01\\\/Lanzan-el-Mundial-Mujeres-LIBRES-llevan-la-fiebre-futbolera-a-los-barrios.png\",\"keywords\":[\"adolescentes\",\"Centros LIBRE\",\"M\u00e9xico\",\"Mujeres\",\"Mujeres en la Cancha\",\"Mundial Mujeres LIBRES\",\"ni\u00f1as\",\"Ni\u00f1as en la Cancha\"],\"articleSection\":[\"Deportes\"],\"inLanguage\":\"es\",\"potentialAction\":[{\"@type\":\"CommentAction\",\"name\":\"Comment\",\"target\":[\"https:\\\/\\\/www.alasmedios.com\\\/index.php\\\/2026\\\/01\\\/27\\\/lanzan-el-mundial-mujeres-libres-llevan-la-fiebre-futbolera-a-los-barrios\\\/#respond\"]}]},{\"@type\":\"WebPage\",\"@id\":\"https:\\\/\\\/www.alasmedios.com\\\/index.php\\\/2026\\\/01\\\/27\\\/lanzan-el-mundial-mujeres-libres-llevan-la-fiebre-futbolera-a-los-barrios\\\/\",\"url\":\"https:\\\/\\\/www.alasmedios.com\\\/index.php\\\/2026\\\/01\\\/27\\\/lanzan-el-mundial-mujeres-libres-llevan-la-fiebre-futbolera-a-los-barrios\\\/\",\"name\":\"Lanzan el \u201cMundial Mujeres LIBRES\u201d, llevan la fiebre futbolera a los barrios - Alas Medios\",\"isPartOf\":{\"@id\":\"https:\\\/\\\/www.alasmedios.com\\\/#website\"},\"primaryImageOfPage\":{\"@id\":\"https:\\\/\\\/www.alasmedios.com\\\/index.php\\\/2026\\\/01\\\/27\\\/lanzan-el-mundial-mujeres-libres-llevan-la-fiebre-futbolera-a-los-barrios\\\/#primaryimage\"},\"image\":{\"@id\":\"https:\\\/\\\/www.alasmedios.com\\\/index.php\\\/2026\\\/01\\\/27\\\/lanzan-el-mundial-mujeres-libres-llevan-la-fiebre-futbolera-a-los-barrios\\\/#primaryimage\"},\"thumbnailUrl\":\"https:\\\/\\\/www.alasmedios.com\\\/wp-content\\\/uploads\\\/2026\\\/01\\\/Lanzan-el-Mundial-Mujeres-LIBRES-llevan-la-fiebre-futbolera-a-los-barrios.png\",\"datePublished\":\"2026-01-27T21:22:55+00:00\",\"breadcrumb\":{\"@id\":\"https:\\\/\\\/www.alasmedios.com\\\/index.php\\\/2026\\\/01\\\/27\\\/lanzan-el-mundial-mujeres-libres-llevan-la-fiebre-futbolera-a-los-barrios\\\/#breadcrumb\"},\"inLanguage\":\"es\",\"potentialAction\":[{\"@type\":\"ReadAction\",\"target\":[\"https:\\\/\\\/www.alasmedios.com\\\/index.php\\\/2026\\\/01\\\/27\\\/lanzan-el-mundial-mujeres-libres-llevan-la-fiebre-futbolera-a-los-barrios\\\/\"]}]},{\"@type\":\"ImageObject\",\"inLanguage\":\"es\",\"@id\":\"https:\\\/\\\/www.alasmedios.com\\\/index.php\\\/2026\\\/01\\\/27\\\/lanzan-el-mundial-mujeres-libres-llevan-la-fiebre-futbolera-a-los-barrios\\\/#primaryimage\",\"url\":\"https:\\\/\\\/www.alasmedios.com\\\/wp-content\\\/uploads\\\/2026\\\/01\\\/Lanzan-el-Mundial-Mujeres-LIBRES-llevan-la-fiebre-futbolera-a-los-barrios.png\",\"contentUrl\":\"https:\\\/\\\/www.alasmedios.com\\\/wp-content\\\/uploads\\\/2026\\\/01\\\/Lanzan-el-Mundial-Mujeres-LIBRES-llevan-la-fiebre-futbolera-a-los-barrios.png\",\"width\":2000,\"height\":1214},{\"@type\":\"BreadcrumbList\",\"@id\":\"https:\\\/\\\/www.alasmedios.com\\\/index.php\\\/2026\\\/01\\\/27\\\/lanzan-el-mundial-mujeres-libres-llevan-la-fiebre-futbolera-a-los-barrios\\\/#breadcrumb\",\"itemListElement\":[{\"@type\":\"ListItem\",\"position\":1,\"name\":\"Inicio\",\"item\":\"https:\\\/\\\/www.alasmedios.com\\\/\"},{\"@type\":\"ListItem\",\"position\":2,\"name\":\"Lanzan el \u201cMundial Mujeres LIBRES\u201d, llevan la fiebre futbolera a los barrios\"}]},{\"@type\":\"WebSite\",\"@id\":\"https:\\\/\\\/www.alasmedios.com\\\/#website\",\"url\":\"https:\\\/\\\/www.alasmedios.com\\\/\",\"name\":\"Alas Medios\",\"description\":\"Alas para pensar, Alas para volar, Alas de libertad\",\"publisher\":{\"@id\":\"https:\\\/\\\/www.alasmedios.com\\\/#organization\"},\"potentialAction\":[{\"@type\":\"SearchAction\",\"target\":{\"@type\":\"EntryPoint\",\"urlTemplate\":\"https:\\\/\\\/www.alasmedios.com\\\/?s={search_term_string}\"},\"query-input\":{\"@type\":\"PropertyValueSpecification\",\"valueRequired\":true,\"valueName\":\"search_term_string\"}}],\"inLanguage\":\"es\"},{\"@type\":\"Organization\",\"@id\":\"https:\\\/\\\/www.alasmedios.com\\\/#organization\",\"name\":\"Alas Medios\",\"url\":\"https:\\\/\\\/www.alasmedios.com\\\/\",\"logo\":{\"@type\":\"ImageObject\",\"inLanguage\":\"es\",\"@id\":\"https:\\\/\\\/www.alasmedios.com\\\/#\\\/schema\\\/logo\\\/image\\\/\",\"url\":\"https:\\\/\\\/www.alasmedios.com\\\/wp-content\\\/uploads\\\/2026\\\/01\\\/cropped-cropped-GAM-1.png\",\"contentUrl\":\"https:\\\/\\\/www.alasmedios.com\\\/wp-content\\\/uploads\\\/2026\\\/01\\\/cropped-cropped-GAM-1.png\",\"width\":467,\"height\":235,\"caption\":\"Alas Medios\"},\"image\":{\"@id\":\"https:\\\/\\\/www.alasmedios.com\\\/#\\\/schema\\\/logo\\\/image\\\/\"}},{\"@type\":\"Person\",\"@id\":\"https:\\\/\\\/www.alasmedios.com\\\/#\\\/schema\\\/person\\\/0ba31bdd19a05ebf5c7fef1fedf99c34\",\"name\":\"Keila Rodr\u00edguez Pe\u00f1a\",\"image\":{\"@type\":\"ImageObject\",\"inLanguage\":\"es\",\"@id\":\"https:\\\/\\\/secure.gravatar.com\\\/avatar\\\/a2553a2bfaa601b9d539b617c8793e151bdffb60f9e48a249912f86d4c9ebeef?s=96&d=mm&r=g\",\"url\":\"https:\\\/\\\/secure.gravatar.com\\\/avatar\\\/a2553a2bfaa601b9d539b617c8793e151bdffb60f9e48a249912f86d4c9ebeef?s=96&d=mm&r=g\",\"contentUrl\":\"https:\\\/\\\/secure.gravatar.com\\\/avatar\\\/a2553a2bfaa601b9d539b617c8793e151bdffb60f9e48a249912f86d4c9ebeef?s=96&d=mm&r=g\",\"caption\":\"Keila Rodr\u00edguez Pe\u00f1a\"},\"sameAs\":[\"http:\\\/\\\/www.alasmedios.com\"],\"url\":\"https:\\\/\\\/www.alasmedios.com\\\/index.php\\\/author\\\/keila\\\/\"}]}<\/script>\r\n<!-- \/ Yoast SEO plugin. -->","yoast_head_json":{"title":"Lanzan el \u201cMundial Mujeres LIBRES\u201d, llevan la fiebre futbolera a los barrios - Alas Medios","robots":{"index":"index","follow":"follow","max-snippet":"max-snippet:-1","max-image-preview":"max-image-preview:large","max-video-preview":"max-video-preview:-1"},"canonical":"https:\/\/www.alasmedios.com\/index.php\/2026\/01\/27\/lanzan-el-mundial-mujeres-libres-llevan-la-fiebre-futbolera-a-los-barrios\/","og_locale":"es_MX","og_type":"article","og_title":"Lanzan el \u201cMundial Mujeres LIBRES\u201d, llevan la fiebre futbolera a los barrios - Alas Medios","og_description":"El f\u00fatbol tambi\u00e9n se juega en las calles, en las canchas comunitarias y en los sue\u00f1os de miles de ni\u00f1as","og_url":"https:\/\/www.alasmedios.com\/index.php\/2026\/01\/27\/lanzan-el-mundial-mujeres-libres-llevan-la-fiebre-futbolera-a-los-barrios\/","og_site_name":"Alas Medios","article_published_time":"2026-01-27T21:22:55+00:00","og_image":[{"width":2000,"height":1214,"url":"https:\/\/www.alasmedios.com\/wp-content\/uploads\/2026\/01\/Lanzan-el-Mundial-Mujeres-LIBRES-llevan-la-fiebre-futbolera-a-los-barrios.png","type":"image\/png"}],"author":"Keila Rodr\u00edguez Pe\u00f1a","twitter_card":"summary_large_image","twitter_misc":{"Escrito por":"Keila Rodr\u00edguez Pe\u00f1a","Tiempo de lectura":"2 minutos"},"schema":{"@context":"https:\/\/schema.org","@graph":[{"@type":"Article","@id":"https:\/\/www.alasmedios.com\/index.php\/2026\/01\/27\/lanzan-el-mundial-mujeres-libres-llevan-la-fiebre-futbolera-a-los-barrios\/#article","isPartOf":{"@id":"https:\/\/www.alasmedios.com\/index.php\/2026\/01\/27\/lanzan-el-mundial-mujeres-libres-llevan-la-fiebre-futbolera-a-los-barrios\/"},"author":{"name":"Keila Rodr\u00edguez Pe\u00f1a","@id":"https:\/\/www.alasmedios.com\/#\/schema\/person\/0ba31bdd19a05ebf5c7fef1fedf99c34"},"headline":"Lanzan el \u201cMundial Mujeres LIBRES\u201d, llevan la fiebre futbolera a los barrios","datePublished":"2026-01-27T21:22:55+00:00","mainEntityOfPage":{"@id":"https:\/\/www.alasmedios.com\/index.php\/2026\/01\/27\/lanzan-el-mundial-mujeres-libres-llevan-la-fiebre-futbolera-a-los-barrios\/"},"wordCount":409,"commentCount":0,"publisher":{"@id":"https:\/\/www.alasmedios.com\/#organization"},"image":{"@id":"https:\/\/www.alasmedios.com\/index.php\/2026\/01\/27\/lanzan-el-mundial-mujeres-libres-llevan-la-fiebre-futbolera-a-los-barrios\/#primaryimage"},"thumbnailUrl":"https:\/\/www.alasmedios.com\/wp-content\/uploads\/2026\/01\/Lanzan-el-Mundial-Mujeres-LIBRES-llevan-la-fiebre-futbolera-a-los-barrios.png","keywords":["adolescentes","Centros LIBRE","M\u00e9xico","Mujeres","Mujeres en la Cancha","Mundial Mujeres LIBRES","ni\u00f1as","Ni\u00f1as en la Cancha"],"articleSection":["Deportes"],"inLanguage":"es","potentialAction":[{"@type":"CommentAction","name":"Comment","target":["https:\/\/www.alasmedios.com\/index.php\/2026\/01\/27\/lanzan-el-mundial-mujeres-libres-llevan-la-fiebre-futbolera-a-los-barrios\/#respond"]}]},{"@type":"WebPage","@id":"https:\/\/www.alasmedios.com\/index.php\/2026\/01\/27\/lanzan-el-mundial-mujeres-libres-llevan-la-fiebre-futbolera-a-los-barrios\/","url":"https:\/\/www.alasmedios.com\/index.php\/2026\/01\/27\/lanzan-el-mundial-mujeres-libres-llevan-la-fiebre-futbolera-a-los-barrios\/","name":"Lanzan el \u201cMundial Mujeres LIBRES\u201d, llevan la fiebre futbolera a los barrios - Alas Medios","isPartOf":{"@id":"https:\/\/www.alasmedios.com\/#website"},"primaryImageOfPage":{"@id":"https:\/\/www.alasmedios.com\/index.php\/2026\/01\/27\/lanzan-el-mundial-mujeres-libres-llevan-la-fiebre-futbolera-a-los-barrios\/#primaryimage"},"image":{"@id":"https:\/\/www.alasmedios.com\/index.php\/2026\/01\/27\/lanzan-el-mundial-mujeres-libres-llevan-la-fiebre-futbolera-a-los-barrios\/#primaryimage"},"thumbnailUrl":"https:\/\/www.alasmedios.com\/wp-content\/uploads\/2026\/01\/Lanzan-el-Mundial-Mujeres-LIBRES-llevan-la-fiebre-futbolera-a-los-barrios.png","datePublished":"2026-01-27T21:22:55+00:00","breadcrumb":{"@id":"https:\/\/www.alasmedios.com\/index.php\/2026\/01\/27\/lanzan-el-mundial-mujeres-libres-llevan-la-fiebre-futbolera-a-los-barrios\/#breadcrumb"},"inLanguage":"es","potentialAction":[{"@type":"ReadAction","target":["https:\/\/www.alasmedios.com\/index.php\/2026\/01\/27\/lanzan-el-mundial-mujeres-libres-llevan-la-fiebre-futbolera-a-los-barrios\/"]}]},{"@type":"ImageObject","inLanguage":"es","@id":"https:\/\/www.alasmedios.com\/index.php\/2026\/01\/27\/lanzan-el-mundial-mujeres-libres-llevan-la-fiebre-futbolera-a-los-barrios\/#primaryimage","url":"https:\/\/www.alasmedios.com\/wp-content\/uploads\/2026\/01\/Lanzan-el-Mundial-Mujeres-LIBRES-llevan-la-fiebre-futbolera-a-los-barrios.png","contentUrl":"https:\/\/www.alasmedios.com\/wp-content\/uploads\/2026\/01\/Lanzan-el-Mundial-Mujeres-LIBRES-llevan-la-fiebre-futbolera-a-los-barrios.png","width":2000,"height":1214},{"@type":"BreadcrumbList","@id":"https:\/\/www.alasmedios.com\/index.php\/2026\/01\/27\/lanzan-el-mundial-mujeres-libres-llevan-la-fiebre-futbolera-a-los-barrios\/#breadcrumb","itemListElement":[{"@type":"ListItem","position":1,"name":"Inicio","item":"https:\/\/www.alasmedios.com\/"},{"@type":"ListItem","position":2,"name":"Lanzan el \u201cMundial Mujeres LIBRES\u201d, llevan la fiebre futbolera a los barrios"}]},{"@type":"WebSite","@id":"https:\/\/www.alasmedios.com\/#website","url":"https:\/\/www.alasmedios.com\/","name":"Alas Medios","description":"Alas para pensar, Alas para volar, Alas de libertad","publisher":{"@id":"https:\/\/www.alasmedios.com\/#organization"},"potentialAction":[{"@type":"SearchAction","target":{"@type":"EntryPoint","urlTemplate":"https:\/\/www.alasmedios.com\/?s={search_term_string}"},"query-input":{"@type":"PropertyValueSpecification","valueRequired":true,"valueName":"search_term_string"}}],"inLanguage":"es"},{"@type":"Organization","@id":"https:\/\/www.alasmedios.com\/#organization","name":"Alas Medios","url":"https:\/\/www.alasmedios.com\/","logo":{"@type":"ImageObject","inLanguage":"es","@id":"https:\/\/www.alasmedios.com\/#\/schema\/logo\/image\/","url":"https:\/\/www.alasmedios.com\/wp-content\/uploads\/2026\/01\/cropped-cropped-GAM-1.png","contentUrl":"https:\/\/www.alasmedios.com\/wp-content\/uploads\/2026\/01\/cropped-cropped-GAM-1.png","width":467,"height":235,"caption":"Alas Medios"},"image":{"@id":"https:\/\/www.alasmedios.com\/#\/schema\/logo\/image\/"}},{"@type":"Person","@id":"https:\/\/www.alasmedios.com\/#\/schema\/person\/0ba31bdd19a05ebf5c7fef1fedf99c34","name":"Keila Rodr\u00edguez Pe\u00f1a","image":{"@type":"ImageObject","inLanguage":"es","@id":"https:\/\/secure.gravatar.com\/avatar\/a2553a2bfaa601b9d539b617c8793e151bdffb60f9e48a249912f86d4c9ebeef?s=96&d=mm&r=g","url":"https:\/\/secure.gravatar.com\/avatar\/a2553a2bfaa601b9d539b617c8793e151bdffb60f9e48a249912f86d4c9ebeef?s=96&d=mm&r=g","contentUrl":"https:\/\/secure.gravatar.com\/avatar\/a2553a2bfaa601b9d539b617c8793e151bdffb60f9e48a249912f86d4c9ebeef?s=96&d=mm&r=g","caption":"Keila Rodr\u00edguez Pe\u00f1a"},"sameAs":["http:\/\/www.alasmedios.com"],"url":"https:\/\/www.alasmedios.com\/index.php\/author\/keila\/"}]}},"_links":{"self":[{"href":"https:\/\/www.alasmedios.com\/index.php\/wp-json\/wp\/v2\/posts\/7615","targetHints":{"allow":["GET"]}}],"collection":[{"href":"https:\/\/www.alasmedios.com\/index.php\/wp-json\/wp\/v2\/posts"}],"about":[{"href":"https:\/\/www.alasmedios.com\/index.php\/wp-json\/wp\/v2\/types\/post"}],"author":[{"embeddable":true,"href":"https:\/\/www.alasmedios.com\/index.php\/wp-json\/wp\/v2\/users\/4"}],"replies":[{"embeddable":true,"href":"https:\/\/www.alasmedios.com\/index.php\/wp-json\/wp\/v2\/comments?post=7615"}],"version-history":[{"count":1,"href":"https:\/\/www.alasmedios.com\/index.php\/wp-json\/wp\/v2\/posts\/7615\/revisions"}],"predecessor-version":[{"id":7617,"href":"https:\/\/www.alasmedios.com\/index.php\/wp-json\/wp\/v2\/posts\/7615\/revisions\/7617"}],"wp:featuredmedia":[{"embeddable":true,"href":"https:\/\/www.alasmedios.com\/index.php\/wp-json\/wp\/v2\/media\/7616"}],"wp:attachment":[{"href":"https:\/\/www.alasmedios.com\/index.php\/wp-json\/wp\/v2\/media?parent=7615"}],"wp:term":[{"taxonomy":"category","embeddable":true,"href":"https:\/\/www.alasmedios.com\/index.php\/wp-json\/wp\/v2\/categories?post=7615"},{"taxonomy":"post_tag","embeddable":true,"href":"https:\/\/www.alasmedios.com\/index.php\/wp-json\/wp\/v2\/tags?post=7615"}],"curies":[{"name":"wp","href":"https:\/\/api.w.org\/{rel}","templated":true}]}}