{"id":7612,"date":"2026-01-27T13:22:11","date_gmt":"2026-01-27T19:22:11","guid":{"rendered":"https:\/\/www.alasmedios.com\/?p=7612"},"modified":"2026-01-27T13:22:11","modified_gmt":"2026-01-27T19:22:11","slug":"mas-de-1800-violaciones-documentadas-en-el-conflicto-de-sudan","status":"publish","type":"post","link":"https:\/\/www.alasmedios.com\/index.php\/2026\/01\/27\/mas-de-1800-violaciones-documentadas-en-el-conflicto-de-sudan\/","title":{"rendered":"M\u00e1s de 1,800 violaciones documentadas en el conflicto de Sud\u00e1n"},"content":{"rendered":"\n<p>La guerra en <strong>Sud\u00e1n<\/strong> ha convertido a las mujeres en el blanco principal de una violencia extrema y sistem\u00e1tica. Desde el inicio del conflicto armado, en <strong>abril de 2023<\/strong>, se han <strong>registrado m\u00e1s de mil 800 violaciones<\/strong> hasta <strong>octubre de 2025<\/strong>, de acuerdo con datos del <strong>Ministerio de Asuntos Sociales<\/strong> del pa\u00eds, cifras que no incluyen los abusos cometidos recientemente en <strong>Darfur<\/strong> y <strong>Kordof\u00e1n<\/strong>.<\/p>\n\n\n\n<p>Sud\u00e1n, naci\u00f3n del noreste de \u00c1frica con <strong>m\u00e1s de 51 millones de habitantes<\/strong>, enfrenta una guerra entre el <strong>ej\u00e9rcito regular<\/strong> y los paramilitares de las <strong>Fuerzas de Apoyo R\u00e1pido (FAR)<\/strong>. El conflicto ha dejado <strong>decenas de miles de muertos<\/strong>, ha provocado el <strong>desplazamiento de unos 11 millones de personas<\/strong> y es calificado por la <strong>Organizaci\u00f3n de Naciones Unidas (ONU)<\/strong> como <em><strong>\u201cla peor crisis humanitaria del mundo\u201d<\/strong>.<\/em><\/p>\n\n\n\n<p>La ministra de Asuntos Sociales y activista <strong>Sulaima Ishaq al Jalifa<\/strong> advirti\u00f3 a la <strong>AFP<\/strong> que la violencia sexual en Sud\u00e1n es <strong>\u201cla peor del mundo\u201d<\/strong> y se ejerce con <strong>total impunidad<\/strong>. Si bien los abusos se registran en ambos bandos, denunci\u00f3 que son <strong>\u201csistem\u00e1ticos\u201d<\/strong> entre las <strong>FAR<\/strong>, que utilizan la violaci\u00f3n <strong>\u201ccomo arma de guerra\u201d<\/strong> con fines de <strong>\u201climpieza \u00e9tnica\u201d<\/strong>.<\/p>\n\n\n\n<p>CONTIN\u00daA LEYENDO: <a href=\"https:\/\/www.alasmedios.com\/index.php\/2025\/11\/13\/mujeres-de-sudan-sobreviven-entre-el-hambre-la-guerra-y-la-violencia-sexual\/\" data-type=\"post\" data-id=\"6834\">Mujeres de Sud\u00e1n sobreviven entre el hambre, la guerra y la violencia sexual<\/a><\/p>\n\n\n\n<p>Los testimonios recabados revelan patrones de extrema crueldad: violaciones cometidas <strong>frente a familiares<\/strong>, acompa\u00f1adas de <strong>saqueos y agresiones<\/strong>, sin l\u00edmite de edad. <em>\u201c<strong>Una mujer de 85 a\u00f1os podr\u00eda ser violada, un ni\u00f1o de un a\u00f1o podr\u00eda ser violado<\/strong>\u201d<\/em>, afirm\u00f3 la ministra, psic\u00f3loga de formaci\u00f3n.<\/p>\n\n\n\n<p>Un informe reciente de la <strong>red Siha<\/strong>, defensora de los <strong>derechos de las mujeres en el Cuerno de \u00c1frica<\/strong>, se\u00f1ala que <strong>77 por ciento<\/strong> de los actos violentos documentados corresponden a <strong>violaciones<\/strong>, y <strong>87 por ciento<\/strong> de estos cr\u00edmenes se atribuyen a las <strong>FAR<\/strong>. La <strong>ONU<\/strong> ha alertado de manera reiterada sobre la violencia ejercida contra <strong>comunidades no \u00e1rabes en Darfur<\/strong>, mientras que la <strong>Corte Penal Internacional (CPI)<\/strong> abri\u00f3 investigaciones por <strong>cr\u00edmenes de guerra<\/strong> contra <strong>ambos bandos<\/strong>.<\/p>\n\n\n\n<p>Durante una sesi\u00f3n del <strong>Consejo de Seguridad de la ONU<\/strong>, la vicefiscal de la CPI, <strong>Nazhat Shameem Khan<\/strong>, describi\u00f3 una <em><strong>\u201csituaci\u00f3n horrible\u201d<\/strong> <\/em>en <strong>El Fasher<\/strong>, capital regional de Darfur, donde se document\u00f3 una <strong>campa\u00f1a organizada<\/strong> de <strong>violaciones y ejecuciones a gran escala<\/strong>, algunas <strong>filmadas y celebradas<\/strong> por sus autores, <strong>alentados por la impunidad<\/strong>.<\/p>\n\n\n\n<p>Para <strong>Sulaima Ishaq al Jalifa<\/strong>, la violencia sexual busca <strong>humillar<\/strong>, <strong>desplazar poblaciones<\/strong> y <strong>romper el tejido social<\/strong>.<em> \u201cCuando se utiliza como arma de guerra, significa que se quiere que la guerra se prolongue indefinidamente, porque alimenta el esp\u00edritu de venganza\u201d, <\/em>explic\u00f3.<\/p>\n\n\n\n<p>TE PUEDE INTERESAR: <a href=\"https:\/\/www.alasmedios.com\/index.php\/2026\/01\/19\/que-es-la-violacion-tumultuaria\/\" data-type=\"post\" data-id=\"7516\">Qu\u00e9 es la violaci\u00f3n tumultuaria<\/a><\/p>\n\n\n\n<p>Las denuncias tambi\u00e9n incluyen <strong>secuestros<\/strong>, <strong>esclavitud sexual<\/strong>, <strong>trata de personas<\/strong> y <strong>matrimonios forzados<\/strong> de ni\u00f1as y adolescentes, pr\u00e1cticas que la ministra calific\u00f3 como <strong>formas de tortura<\/strong>. En ciudades como <strong>Jartum<\/strong> y regiones de <strong>Darfur<\/strong>, sobrevivientes se\u00f1alaron abusos cometidos por <strong>mercenarios extranjeros<\/strong>, presuntamente vinculados a las <strong>FAR<\/strong>, lo que agrava la complejidad del conflicto y la dificultad para documentar los casos.<\/p>\n\n\n\n<p>Mientras la comunidad internacional mantiene la atenci\u00f3n sobre Sud\u00e1n, las cifras y testimonios confirman que la <strong>violencia sexual<\/strong> no es un da\u00f1o colateral, sino una <strong>estrategia deliberada de guerra<\/strong>, cuyas consecuencias seguir\u00e1n marcando a generaciones enteras si no se detiene la impunidad.<\/p>\n\n\n<ul class=\"wp-block-latest-posts__list is-grid columns-3 wp-block-latest-posts\"><li><div class=\"wp-block-latest-posts__featured-image\"><img loading=\"lazy\" decoding=\"async\" width=\"150\" height=\"150\" src=\"https:\/\/www.alasmedios.com\/wp-content\/uploads\/2026\/05\/USEP-calidad-hospitalaria-150x150.jpeg\" class=\"attachment-thumbnail size-thumbnail wp-post-image\" alt=\"\" style=\"\" \/><\/div><a class=\"wp-block-latest-posts__post-title\" href=\"https:\/\/www.alasmedios.com\/index.php\/2026\/05\/01\/usep-activa-formacion-para-prevenir-riesgos-en-la-atencion-medica\/\">USEP activa formaci\u00f3n para prevenir riesgos en la atenci\u00f3n m\u00e9dica<\/a><\/li>\n<li><div class=\"wp-block-latest-posts__featured-image\"><img loading=\"lazy\" decoding=\"async\" width=\"150\" height=\"150\" src=\"https:\/\/www.alasmedios.com\/wp-content\/uploads\/2026\/05\/Super-Final-de-la-Copa-del-Mundo-de-Clavados-2026-150x150.jpeg\" class=\"attachment-thumbnail size-thumbnail wp-post-image\" alt=\"\" style=\"\" \/><\/div><a class=\"wp-block-latest-posts__post-title\" href=\"https:\/\/www.alasmedios.com\/index.php\/2026\/05\/01\/mexico-se-lanza-por-la-cima-once-clavadistas-buscan-la-gloria-mundial-en-pekin-2026\/\">M\u00e9xico se lanza por la cima: once clavadistas buscan la gloria mundial en Pek\u00edn 2026<\/a><\/li>\n<li><div class=\"wp-block-latest-posts__featured-image\"><img loading=\"lazy\" decoding=\"async\" width=\"150\" height=\"150\" src=\"https:\/\/www.alasmedios.com\/wp-content\/uploads\/2026\/04\/Puebla-el-Congreso-aprobo-el-Protocolo-Homologado-de-Investigacion-de-Delitos-contra-Personas-LGBTTTI-150x150.png\" class=\"attachment-thumbnail size-thumbnail wp-post-image\" alt=\"\" style=\"\" \/><\/div><a class=\"wp-block-latest-posts__post-title\" href=\"https:\/\/www.alasmedios.com\/index.php\/2026\/04\/30\/puebla-impulsa-protocolo-contra-delitos-lgbttti\/\">Puebla impulsa protocolo contra delitos LGBTTTI+<\/a><\/li>\n<\/ul>","protected":false},"excerpt":{"rendered":"<p>La guerra en Sud\u00e1n ha convertido a las mujeres en el blanco principal de una violencia extrema y sistem\u00e1tica. Desde<\/p>\n","protected":false},"author":4,"featured_media":7613,"comment_status":"open","ping_status":"open","sticky":false,"template":"","format":"standard","meta":{"colormag_page_container_layout":"default_layout","colormag_page_sidebar_layout":"default_layout","rop_custom_images_group":[],"rop_custom_messages_group":[],"rop_publish_now":"initial","rop_publish_now_accounts":[],"rop_publish_now_history":[],"rop_publish_now_status":"pending","iawp_total_views":0,"footnotes":""},"categories":[3229],"tags":[3321,53,190,176,440,2160,586],"class_list":["post-7612","post","type-post","status-publish","format-standard","has-post-thumbnail","hentry","category-mundo-extranjero","tag-far","tag-mujeres","tag-ninas","tag-ninos","tag-onu","tag-sudan","tag-violencia-sexual"],"magazineBlocksPostFeaturedMedia":{"thumbnail":"https:\/\/www.alasmedios.com\/wp-content\/uploads\/2026\/01\/Mas-de-1800-violaciones-documentadas-en-el-conflicto-de-Sudan-150x150.jpg","medium":"https:\/\/www.alasmedios.com\/wp-content\/uploads\/2026\/01\/Mas-de-1800-violaciones-documentadas-en-el-conflicto-de-Sudan-300x136.jpg","medium_large":"https:\/\/www.alasmedios.com\/wp-content\/uploads\/2026\/01\/Mas-de-1800-violaciones-documentadas-en-el-conflicto-de-Sudan-768x348.jpg","large":"https:\/\/www.alasmedios.com\/wp-content\/uploads\/2026\/01\/Mas-de-1800-violaciones-documentadas-en-el-conflicto-de-Sudan-1024x464.jpg","1536x1536":"https:\/\/www.alasmedios.com\/wp-content\/uploads\/2026\/01\/Mas-de-1800-violaciones-documentadas-en-el-conflicto-de-Sudan.jpg","2048x2048":"https:\/\/www.alasmedios.com\/wp-content\/uploads\/2026\/01\/Mas-de-1800-violaciones-documentadas-en-el-conflicto-de-Sudan.jpg","colormag-highlighted-post":"https:\/\/www.alasmedios.com\/wp-content\/uploads\/2026\/01\/Mas-de-1800-violaciones-documentadas-en-el-conflicto-de-Sudan-392x272.jpg","colormag-featured-post-medium":"https:\/\/www.alasmedios.com\/wp-content\/uploads\/2026\/01\/Mas-de-1800-violaciones-documentadas-en-el-conflicto-de-Sudan-390x205.jpg","colormag-featured-post-small":"https:\/\/www.alasmedios.com\/wp-content\/uploads\/2026\/01\/Mas-de-1800-violaciones-documentadas-en-el-conflicto-de-Sudan-130x90.jpg","colormag-featured-image":"https:\/\/www.alasmedios.com\/wp-content\/uploads\/2026\/01\/Mas-de-1800-violaciones-documentadas-en-el-conflicto-de-Sudan-800x445.jpg","colormag-default-news":"https:\/\/www.alasmedios.com\/wp-content\/uploads\/2026\/01\/Mas-de-1800-violaciones-documentadas-en-el-conflicto-de-Sudan-150x150.jpg","colormag-featured-image-large":"https:\/\/www.alasmedios.com\/wp-content\/uploads\/2026\/01\/Mas-de-1800-violaciones-documentadas-en-el-conflicto-de-Sudan.jpg"},"magazineBlocksPostAuthor":{"name":"Keila Rodr\u00edguez Pe\u00f1a","avatar":"https:\/\/secure.gravatar.com\/avatar\/a2553a2bfaa601b9d539b617c8793e151bdffb60f9e48a249912f86d4c9ebeef?s=96&d=mm&r=g"},"magazineBlocksPostCommentsNumber":"0","magazineBlocksPostExcerpt":"La guerra en Sud\u00e1n ha convertido a las mujeres en el blanco principal de una violencia extrema y sistem\u00e1tica. Desde","magazineBlocksPostCategories":["Mundo"],"magazineBlocksPostViewCount":70,"magazineBlocksPostReadTime":3,"magazine_blocks_featured_image_url":{"full":["https:\/\/www.alasmedios.com\/wp-content\/uploads\/2026\/01\/Mas-de-1800-violaciones-documentadas-en-el-conflicto-de-Sudan.jpg",1170,530,false],"medium":["https:\/\/www.alasmedios.com\/wp-content\/uploads\/2026\/01\/Mas-de-1800-violaciones-documentadas-en-el-conflicto-de-Sudan-300x136.jpg",300,136,true],"thumbnail":["https:\/\/www.alasmedios.com\/wp-content\/uploads\/2026\/01\/Mas-de-1800-violaciones-documentadas-en-el-conflicto-de-Sudan-150x150.jpg",150,150,true]},"magazine_blocks_author":{"display_name":"Keila Rodr\u00edguez Pe\u00f1a","author_link":"https:\/\/www.alasmedios.com\/index.php\/author\/keila\/"},"magazine_blocks_comment":0,"magazine_blocks_author_image":"https:\/\/secure.gravatar.com\/avatar\/a2553a2bfaa601b9d539b617c8793e151bdffb60f9e48a249912f86d4c9ebeef?s=96&d=mm&r=g","magazine_blocks_category":"<a href=\"#\" class=\"category-link category-link-3229\">Mundo<\/a>","yoast_head":"<!-- This site is optimized with the Yoast SEO plugin v27.5 - https:\/\/yoast.com\/product\/yoast-seo-wordpress\/ -->\r\n<title>M\u00e1s de 1,800 violaciones documentadas en el conflicto de Sud\u00e1n - Alas Medios<\/title>\r\n<meta name=\"robots\" content=\"index, follow, max-snippet:-1, max-image-preview:large, max-video-preview:-1\" \/>\r\n<link rel=\"canonical\" href=\"https:\/\/www.alasmedios.com\/index.php\/2026\/01\/27\/mas-de-1800-violaciones-documentadas-en-el-conflicto-de-sudan\/\" \/>\r\n<meta property=\"og:locale\" content=\"es_MX\" \/>\r\n<meta property=\"og:type\" content=\"article\" \/>\r\n<meta property=\"og:title\" content=\"M\u00e1s de 1,800 violaciones documentadas en el conflicto de Sud\u00e1n - Alas Medios\" \/>\r\n<meta property=\"og:description\" content=\"La guerra en Sud\u00e1n ha convertido a las mujeres en el blanco principal de una violencia extrema y sistem\u00e1tica. Desde\" \/>\r\n<meta property=\"og:url\" content=\"https:\/\/www.alasmedios.com\/index.php\/2026\/01\/27\/mas-de-1800-violaciones-documentadas-en-el-conflicto-de-sudan\/\" \/>\r\n<meta property=\"og:site_name\" content=\"Alas Medios\" \/>\r\n<meta property=\"article:published_time\" content=\"2026-01-27T19:22:11+00:00\" \/>\r\n<meta property=\"og:image\" content=\"https:\/\/www.alasmedios.com\/wp-content\/uploads\/2026\/01\/Mas-de-1800-violaciones-documentadas-en-el-conflicto-de-Sudan.jpg\" \/>\r\n\t<meta property=\"og:image:width\" content=\"1170\" \/>\r\n\t<meta property=\"og:image:height\" content=\"530\" \/>\r\n\t<meta property=\"og:image:type\" content=\"image\/jpeg\" \/>\r\n<meta name=\"author\" content=\"Keila Rodr\u00edguez Pe\u00f1a\" \/>\r\n<meta name=\"twitter:card\" content=\"summary_large_image\" \/>\r\n<meta name=\"twitter:label1\" content=\"Escrito por\" \/>\n\t<meta name=\"twitter:data1\" content=\"Keila Rodr\u00edguez Pe\u00f1a\" \/>\n\t<meta name=\"twitter:label2\" content=\"Tiempo de lectura\" \/>\n\t<meta name=\"twitter:data2\" content=\"3 minutos\" \/>\r\n<script type=\"application\/ld+json\" class=\"yoast-schema-graph\">{\"@context\":\"https:\\\/\\\/schema.org\",\"@graph\":[{\"@type\":\"Article\",\"@id\":\"https:\\\/\\\/www.alasmedios.com\\\/index.php\\\/2026\\\/01\\\/27\\\/mas-de-1800-violaciones-documentadas-en-el-conflicto-de-sudan\\\/#article\",\"isPartOf\":{\"@id\":\"https:\\\/\\\/www.alasmedios.com\\\/index.php\\\/2026\\\/01\\\/27\\\/mas-de-1800-violaciones-documentadas-en-el-conflicto-de-sudan\\\/\"},\"author\":{\"name\":\"Keila Rodr\u00edguez Pe\u00f1a\",\"@id\":\"https:\\\/\\\/www.alasmedios.com\\\/#\\\/schema\\\/person\\\/0ba31bdd19a05ebf5c7fef1fedf99c34\"},\"headline\":\"M\u00e1s de 1,800 violaciones documentadas en el conflicto de Sud\u00e1n\",\"datePublished\":\"2026-01-27T19:22:11+00:00\",\"mainEntityOfPage\":{\"@id\":\"https:\\\/\\\/www.alasmedios.com\\\/index.php\\\/2026\\\/01\\\/27\\\/mas-de-1800-violaciones-documentadas-en-el-conflicto-de-sudan\\\/\"},\"wordCount\":575,\"commentCount\":0,\"publisher\":{\"@id\":\"https:\\\/\\\/www.alasmedios.com\\\/#organization\"},\"image\":{\"@id\":\"https:\\\/\\\/www.alasmedios.com\\\/index.php\\\/2026\\\/01\\\/27\\\/mas-de-1800-violaciones-documentadas-en-el-conflicto-de-sudan\\\/#primaryimage\"},\"thumbnailUrl\":\"https:\\\/\\\/www.alasmedios.com\\\/wp-content\\\/uploads\\\/2026\\\/01\\\/Mas-de-1800-violaciones-documentadas-en-el-conflicto-de-Sudan.jpg\",\"keywords\":[\"FAR\",\"Mujeres\",\"ni\u00f1as\",\"ni\u00f1os\",\"ONU\",\"Sud\u00e1n\",\"violencia sexual\"],\"articleSection\":[\"Mundo\"],\"inLanguage\":\"es\",\"potentialAction\":[{\"@type\":\"CommentAction\",\"name\":\"Comment\",\"target\":[\"https:\\\/\\\/www.alasmedios.com\\\/index.php\\\/2026\\\/01\\\/27\\\/mas-de-1800-violaciones-documentadas-en-el-conflicto-de-sudan\\\/#respond\"]}]},{\"@type\":\"WebPage\",\"@id\":\"https:\\\/\\\/www.alasmedios.com\\\/index.php\\\/2026\\\/01\\\/27\\\/mas-de-1800-violaciones-documentadas-en-el-conflicto-de-sudan\\\/\",\"url\":\"https:\\\/\\\/www.alasmedios.com\\\/index.php\\\/2026\\\/01\\\/27\\\/mas-de-1800-violaciones-documentadas-en-el-conflicto-de-sudan\\\/\",\"name\":\"M\u00e1s de 1,800 violaciones documentadas en el conflicto de Sud\u00e1n - Alas Medios\",\"isPartOf\":{\"@id\":\"https:\\\/\\\/www.alasmedios.com\\\/#website\"},\"primaryImageOfPage\":{\"@id\":\"https:\\\/\\\/www.alasmedios.com\\\/index.php\\\/2026\\\/01\\\/27\\\/mas-de-1800-violaciones-documentadas-en-el-conflicto-de-sudan\\\/#primaryimage\"},\"image\":{\"@id\":\"https:\\\/\\\/www.alasmedios.com\\\/index.php\\\/2026\\\/01\\\/27\\\/mas-de-1800-violaciones-documentadas-en-el-conflicto-de-sudan\\\/#primaryimage\"},\"thumbnailUrl\":\"https:\\\/\\\/www.alasmedios.com\\\/wp-content\\\/uploads\\\/2026\\\/01\\\/Mas-de-1800-violaciones-documentadas-en-el-conflicto-de-Sudan.jpg\",\"datePublished\":\"2026-01-27T19:22:11+00:00\",\"breadcrumb\":{\"@id\":\"https:\\\/\\\/www.alasmedios.com\\\/index.php\\\/2026\\\/01\\\/27\\\/mas-de-1800-violaciones-documentadas-en-el-conflicto-de-sudan\\\/#breadcrumb\"},\"inLanguage\":\"es\",\"potentialAction\":[{\"@type\":\"ReadAction\",\"target\":[\"https:\\\/\\\/www.alasmedios.com\\\/index.php\\\/2026\\\/01\\\/27\\\/mas-de-1800-violaciones-documentadas-en-el-conflicto-de-sudan\\\/\"]}]},{\"@type\":\"ImageObject\",\"inLanguage\":\"es\",\"@id\":\"https:\\\/\\\/www.alasmedios.com\\\/index.php\\\/2026\\\/01\\\/27\\\/mas-de-1800-violaciones-documentadas-en-el-conflicto-de-sudan\\\/#primaryimage\",\"url\":\"https:\\\/\\\/www.alasmedios.com\\\/wp-content\\\/uploads\\\/2026\\\/01\\\/Mas-de-1800-violaciones-documentadas-en-el-conflicto-de-Sudan.jpg\",\"contentUrl\":\"https:\\\/\\\/www.alasmedios.com\\\/wp-content\\\/uploads\\\/2026\\\/01\\\/Mas-de-1800-violaciones-documentadas-en-el-conflicto-de-Sudan.jpg\",\"width\":1170,\"height\":530},{\"@type\":\"BreadcrumbList\",\"@id\":\"https:\\\/\\\/www.alasmedios.com\\\/index.php\\\/2026\\\/01\\\/27\\\/mas-de-1800-violaciones-documentadas-en-el-conflicto-de-sudan\\\/#breadcrumb\",\"itemListElement\":[{\"@type\":\"ListItem\",\"position\":1,\"name\":\"Inicio\",\"item\":\"https:\\\/\\\/www.alasmedios.com\\\/\"},{\"@type\":\"ListItem\",\"position\":2,\"name\":\"M\u00e1s de 1,800 violaciones documentadas en el conflicto de Sud\u00e1n\"}]},{\"@type\":\"WebSite\",\"@id\":\"https:\\\/\\\/www.alasmedios.com\\\/#website\",\"url\":\"https:\\\/\\\/www.alasmedios.com\\\/\",\"name\":\"Alas Medios\",\"description\":\"Alas para pensar, Alas para volar, Alas de libertad\",\"publisher\":{\"@id\":\"https:\\\/\\\/www.alasmedios.com\\\/#organization\"},\"potentialAction\":[{\"@type\":\"SearchAction\",\"target\":{\"@type\":\"EntryPoint\",\"urlTemplate\":\"https:\\\/\\\/www.alasmedios.com\\\/?s={search_term_string}\"},\"query-input\":{\"@type\":\"PropertyValueSpecification\",\"valueRequired\":true,\"valueName\":\"search_term_string\"}}],\"inLanguage\":\"es\"},{\"@type\":\"Organization\",\"@id\":\"https:\\\/\\\/www.alasmedios.com\\\/#organization\",\"name\":\"Alas Medios\",\"url\":\"https:\\\/\\\/www.alasmedios.com\\\/\",\"logo\":{\"@type\":\"ImageObject\",\"inLanguage\":\"es\",\"@id\":\"https:\\\/\\\/www.alasmedios.com\\\/#\\\/schema\\\/logo\\\/image\\\/\",\"url\":\"https:\\\/\\\/www.alasmedios.com\\\/wp-content\\\/uploads\\\/2026\\\/01\\\/cropped-cropped-GAM-1.png\",\"contentUrl\":\"https:\\\/\\\/www.alasmedios.com\\\/wp-content\\\/uploads\\\/2026\\\/01\\\/cropped-cropped-GAM-1.png\",\"width\":467,\"height\":235,\"caption\":\"Alas Medios\"},\"image\":{\"@id\":\"https:\\\/\\\/www.alasmedios.com\\\/#\\\/schema\\\/logo\\\/image\\\/\"}},{\"@type\":\"Person\",\"@id\":\"https:\\\/\\\/www.alasmedios.com\\\/#\\\/schema\\\/person\\\/0ba31bdd19a05ebf5c7fef1fedf99c34\",\"name\":\"Keila Rodr\u00edguez Pe\u00f1a\",\"image\":{\"@type\":\"ImageObject\",\"inLanguage\":\"es\",\"@id\":\"https:\\\/\\\/secure.gravatar.com\\\/avatar\\\/a2553a2bfaa601b9d539b617c8793e151bdffb60f9e48a249912f86d4c9ebeef?s=96&d=mm&r=g\",\"url\":\"https:\\\/\\\/secure.gravatar.com\\\/avatar\\\/a2553a2bfaa601b9d539b617c8793e151bdffb60f9e48a249912f86d4c9ebeef?s=96&d=mm&r=g\",\"contentUrl\":\"https:\\\/\\\/secure.gravatar.com\\\/avatar\\\/a2553a2bfaa601b9d539b617c8793e151bdffb60f9e48a249912f86d4c9ebeef?s=96&d=mm&r=g\",\"caption\":\"Keila Rodr\u00edguez Pe\u00f1a\"},\"sameAs\":[\"http:\\\/\\\/www.alasmedios.com\"],\"url\":\"https:\\\/\\\/www.alasmedios.com\\\/index.php\\\/author\\\/keila\\\/\"}]}<\/script>\r\n<!-- \/ Yoast SEO plugin. -->","yoast_head_json":{"title":"M\u00e1s de 1,800 violaciones documentadas en el conflicto de Sud\u00e1n - Alas Medios","robots":{"index":"index","follow":"follow","max-snippet":"max-snippet:-1","max-image-preview":"max-image-preview:large","max-video-preview":"max-video-preview:-1"},"canonical":"https:\/\/www.alasmedios.com\/index.php\/2026\/01\/27\/mas-de-1800-violaciones-documentadas-en-el-conflicto-de-sudan\/","og_locale":"es_MX","og_type":"article","og_title":"M\u00e1s de 1,800 violaciones documentadas en el conflicto de Sud\u00e1n - Alas Medios","og_description":"La guerra en Sud\u00e1n ha convertido a las mujeres en el blanco principal de una violencia extrema y sistem\u00e1tica. Desde","og_url":"https:\/\/www.alasmedios.com\/index.php\/2026\/01\/27\/mas-de-1800-violaciones-documentadas-en-el-conflicto-de-sudan\/","og_site_name":"Alas Medios","article_published_time":"2026-01-27T19:22:11+00:00","og_image":[{"width":1170,"height":530,"url":"https:\/\/www.alasmedios.com\/wp-content\/uploads\/2026\/01\/Mas-de-1800-violaciones-documentadas-en-el-conflicto-de-Sudan.jpg","type":"image\/jpeg"}],"author":"Keila Rodr\u00edguez Pe\u00f1a","twitter_card":"summary_large_image","twitter_misc":{"Escrito por":"Keila Rodr\u00edguez Pe\u00f1a","Tiempo de lectura":"3 minutos"},"schema":{"@context":"https:\/\/schema.org","@graph":[{"@type":"Article","@id":"https:\/\/www.alasmedios.com\/index.php\/2026\/01\/27\/mas-de-1800-violaciones-documentadas-en-el-conflicto-de-sudan\/#article","isPartOf":{"@id":"https:\/\/www.alasmedios.com\/index.php\/2026\/01\/27\/mas-de-1800-violaciones-documentadas-en-el-conflicto-de-sudan\/"},"author":{"name":"Keila Rodr\u00edguez Pe\u00f1a","@id":"https:\/\/www.alasmedios.com\/#\/schema\/person\/0ba31bdd19a05ebf5c7fef1fedf99c34"},"headline":"M\u00e1s de 1,800 violaciones documentadas en el conflicto de Sud\u00e1n","datePublished":"2026-01-27T19:22:11+00:00","mainEntityOfPage":{"@id":"https:\/\/www.alasmedios.com\/index.php\/2026\/01\/27\/mas-de-1800-violaciones-documentadas-en-el-conflicto-de-sudan\/"},"wordCount":575,"commentCount":0,"publisher":{"@id":"https:\/\/www.alasmedios.com\/#organization"},"image":{"@id":"https:\/\/www.alasmedios.com\/index.php\/2026\/01\/27\/mas-de-1800-violaciones-documentadas-en-el-conflicto-de-sudan\/#primaryimage"},"thumbnailUrl":"https:\/\/www.alasmedios.com\/wp-content\/uploads\/2026\/01\/Mas-de-1800-violaciones-documentadas-en-el-conflicto-de-Sudan.jpg","keywords":["FAR","Mujeres","ni\u00f1as","ni\u00f1os","ONU","Sud\u00e1n","violencia sexual"],"articleSection":["Mundo"],"inLanguage":"es","potentialAction":[{"@type":"CommentAction","name":"Comment","target":["https:\/\/www.alasmedios.com\/index.php\/2026\/01\/27\/mas-de-1800-violaciones-documentadas-en-el-conflicto-de-sudan\/#respond"]}]},{"@type":"WebPage","@id":"https:\/\/www.alasmedios.com\/index.php\/2026\/01\/27\/mas-de-1800-violaciones-documentadas-en-el-conflicto-de-sudan\/","url":"https:\/\/www.alasmedios.com\/index.php\/2026\/01\/27\/mas-de-1800-violaciones-documentadas-en-el-conflicto-de-sudan\/","name":"M\u00e1s de 1,800 violaciones documentadas en el conflicto de Sud\u00e1n - Alas Medios","isPartOf":{"@id":"https:\/\/www.alasmedios.com\/#website"},"primaryImageOfPage":{"@id":"https:\/\/www.alasmedios.com\/index.php\/2026\/01\/27\/mas-de-1800-violaciones-documentadas-en-el-conflicto-de-sudan\/#primaryimage"},"image":{"@id":"https:\/\/www.alasmedios.com\/index.php\/2026\/01\/27\/mas-de-1800-violaciones-documentadas-en-el-conflicto-de-sudan\/#primaryimage"},"thumbnailUrl":"https:\/\/www.alasmedios.com\/wp-content\/uploads\/2026\/01\/Mas-de-1800-violaciones-documentadas-en-el-conflicto-de-Sudan.jpg","datePublished":"2026-01-27T19:22:11+00:00","breadcrumb":{"@id":"https:\/\/www.alasmedios.com\/index.php\/2026\/01\/27\/mas-de-1800-violaciones-documentadas-en-el-conflicto-de-sudan\/#breadcrumb"},"inLanguage":"es","potentialAction":[{"@type":"ReadAction","target":["https:\/\/www.alasmedios.com\/index.php\/2026\/01\/27\/mas-de-1800-violaciones-documentadas-en-el-conflicto-de-sudan\/"]}]},{"@type":"ImageObject","inLanguage":"es","@id":"https:\/\/www.alasmedios.com\/index.php\/2026\/01\/27\/mas-de-1800-violaciones-documentadas-en-el-conflicto-de-sudan\/#primaryimage","url":"https:\/\/www.alasmedios.com\/wp-content\/uploads\/2026\/01\/Mas-de-1800-violaciones-documentadas-en-el-conflicto-de-Sudan.jpg","contentUrl":"https:\/\/www.alasmedios.com\/wp-content\/uploads\/2026\/01\/Mas-de-1800-violaciones-documentadas-en-el-conflicto-de-Sudan.jpg","width":1170,"height":530},{"@type":"BreadcrumbList","@id":"https:\/\/www.alasmedios.com\/index.php\/2026\/01\/27\/mas-de-1800-violaciones-documentadas-en-el-conflicto-de-sudan\/#breadcrumb","itemListElement":[{"@type":"ListItem","position":1,"name":"Inicio","item":"https:\/\/www.alasmedios.com\/"},{"@type":"ListItem","position":2,"name":"M\u00e1s de 1,800 violaciones documentadas en el conflicto de Sud\u00e1n"}]},{"@type":"WebSite","@id":"https:\/\/www.alasmedios.com\/#website","url":"https:\/\/www.alasmedios.com\/","name":"Alas Medios","description":"Alas para pensar, Alas para volar, Alas de libertad","publisher":{"@id":"https:\/\/www.alasmedios.com\/#organization"},"potentialAction":[{"@type":"SearchAction","target":{"@type":"EntryPoint","urlTemplate":"https:\/\/www.alasmedios.com\/?s={search_term_string}"},"query-input":{"@type":"PropertyValueSpecification","valueRequired":true,"valueName":"search_term_string"}}],"inLanguage":"es"},{"@type":"Organization","@id":"https:\/\/www.alasmedios.com\/#organization","name":"Alas Medios","url":"https:\/\/www.alasmedios.com\/","logo":{"@type":"ImageObject","inLanguage":"es","@id":"https:\/\/www.alasmedios.com\/#\/schema\/logo\/image\/","url":"https:\/\/www.alasmedios.com\/wp-content\/uploads\/2026\/01\/cropped-cropped-GAM-1.png","contentUrl":"https:\/\/www.alasmedios.com\/wp-content\/uploads\/2026\/01\/cropped-cropped-GAM-1.png","width":467,"height":235,"caption":"Alas Medios"},"image":{"@id":"https:\/\/www.alasmedios.com\/#\/schema\/logo\/image\/"}},{"@type":"Person","@id":"https:\/\/www.alasmedios.com\/#\/schema\/person\/0ba31bdd19a05ebf5c7fef1fedf99c34","name":"Keila Rodr\u00edguez Pe\u00f1a","image":{"@type":"ImageObject","inLanguage":"es","@id":"https:\/\/secure.gravatar.com\/avatar\/a2553a2bfaa601b9d539b617c8793e151bdffb60f9e48a249912f86d4c9ebeef?s=96&d=mm&r=g","url":"https:\/\/secure.gravatar.com\/avatar\/a2553a2bfaa601b9d539b617c8793e151bdffb60f9e48a249912f86d4c9ebeef?s=96&d=mm&r=g","contentUrl":"https:\/\/secure.gravatar.com\/avatar\/a2553a2bfaa601b9d539b617c8793e151bdffb60f9e48a249912f86d4c9ebeef?s=96&d=mm&r=g","caption":"Keila Rodr\u00edguez Pe\u00f1a"},"sameAs":["http:\/\/www.alasmedios.com"],"url":"https:\/\/www.alasmedios.com\/index.php\/author\/keila\/"}]}},"_links":{"self":[{"href":"https:\/\/www.alasmedios.com\/index.php\/wp-json\/wp\/v2\/posts\/7612","targetHints":{"allow":["GET"]}}],"collection":[{"href":"https:\/\/www.alasmedios.com\/index.php\/wp-json\/wp\/v2\/posts"}],"about":[{"href":"https:\/\/www.alasmedios.com\/index.php\/wp-json\/wp\/v2\/types\/post"}],"author":[{"embeddable":true,"href":"https:\/\/www.alasmedios.com\/index.php\/wp-json\/wp\/v2\/users\/4"}],"replies":[{"embeddable":true,"href":"https:\/\/www.alasmedios.com\/index.php\/wp-json\/wp\/v2\/comments?post=7612"}],"version-history":[{"count":1,"href":"https:\/\/www.alasmedios.com\/index.php\/wp-json\/wp\/v2\/posts\/7612\/revisions"}],"predecessor-version":[{"id":7614,"href":"https:\/\/www.alasmedios.com\/index.php\/wp-json\/wp\/v2\/posts\/7612\/revisions\/7614"}],"wp:featuredmedia":[{"embeddable":true,"href":"https:\/\/www.alasmedios.com\/index.php\/wp-json\/wp\/v2\/media\/7613"}],"wp:attachment":[{"href":"https:\/\/www.alasmedios.com\/index.php\/wp-json\/wp\/v2\/media?parent=7612"}],"wp:term":[{"taxonomy":"category","embeddable":true,"href":"https:\/\/www.alasmedios.com\/index.php\/wp-json\/wp\/v2\/categories?post=7612"},{"taxonomy":"post_tag","embeddable":true,"href":"https:\/\/www.alasmedios.com\/index.php\/wp-json\/wp\/v2\/tags?post=7612"}],"curies":[{"name":"wp","href":"https:\/\/api.w.org\/{rel}","templated":true}]}}