{"id":7599,"date":"2026-01-26T13:12:16","date_gmt":"2026-01-26T19:12:16","guid":{"rendered":"https:\/\/www.alasmedios.com\/?p=7599"},"modified":"2026-01-26T13:12:16","modified_gmt":"2026-01-26T19:12:16","slug":"mujeres-con-alas-angela-davis","status":"publish","type":"post","link":"https:\/\/www.alasmedios.com\/index.php\/2026\/01\/26\/mujeres-con-alas-angela-davis\/","title":{"rendered":"Mujeres con Alas: Angela Davis"},"content":{"rendered":"\n<p><strong>Angela Yvonne Davis<\/strong> es una <strong>fil\u00f3sofa, acad\u00e9mica, activista y te\u00f3rica feminista estadounidense<\/strong> cuya trayectoria intelectual y pol\u00edtica la ha convertido en una <strong>figura central del feminismo negro<\/strong>, el <strong>an\u00e1lisis interseccional<\/strong> y los movimientos por la justicia social desde la segunda mitad del siglo XX hasta la actualidad.<\/p>\n\n\n\n<p>Nacida el <strong>26 de enero de 1944 en Birmingham, Alabama<\/strong>, <strong>Estados Unidos<\/strong>, Davis creci\u00f3 en un entorno marcado por la <strong>segregaci\u00f3n racial<\/strong> y las leyes Jim Crow, experiencias que influyeron profundamente en su pensamiento cr\u00edtico sobre la <strong>raza, el poder y la opresi\u00f3n<\/strong>.<\/p>\n\n\n\n<h3 class=\"wp-block-heading\">Convicciones y luchas<\/h3>\n\n\n\n<p>Davis estudi\u00f3 en <strong>Brandeis University<\/strong> y m\u00e1s tarde en Alemania, donde se acerc\u00f3 al pensamiento <strong>marxista y cr\u00edtico<\/strong> que perme\u00f3 su obra acad\u00e9mica y activista. A su regreso a Estados Unidos, se vincul\u00f3 con organizaciones como el <strong>Black Panther Party<\/strong> y el <strong>Partido Comunista de Estados Unidos<\/strong>, posiciones que tensionaron su carrera acad\u00e9mica y la colocaron en el centro de debates pol\u00edticos intensos.<\/p>\n\n\n\n<p>En <strong>1969 fue despedida de su puesto como profesora en la Universidad de California, Los \u00c1ngeles (UCLA)<\/strong> debido a su afiliaci\u00f3n pol\u00edtica, y en <strong>1970 fue acusada en un caso de alto perfil relacionado con un intento de fuga de prisi\u00f3n<\/strong>. <\/p>\n\n\n\n<p>M\u00c1S DE MUJERES CON ALAS: <a href=\"https:\/\/www.alasmedios.com\/index.php\/2026\/01\/14\/mujeres-con-alas-philippa-foot\/\" data-type=\"post\" data-id=\"7451\">Philippa Foot<\/a><\/p>\n\n\n\n<p>Tras pasar m\u00e1s de un a\u00f1o en prisi\u00f3n y convertirse en s\u00edmbolo de un movimiento internacional de solidaridad, fue <strong>absuelta de todos los cargos en 1972<\/strong>, lo que consolid\u00f3 su reputaci\u00f3n como activista y cr\u00edtica de las injusticias del sistema penal estadounidense.<\/p>\n\n\n\n<h3 class=\"wp-block-heading\">Una obra marcada por la resistencia<\/h3>\n\n\n\n<p>Como <strong>autora y acad\u00e9mica<\/strong>, Davis ha explorado de forma pionera la <strong>intersecci\u00f3n entre g\u00e9nero, raza y clase<\/strong>, desafiando las narrativas dominantes del feminismo tradicional. Su libro <strong><em>\u201cMujeres, raza y clase\u201d <\/em>(1981)<\/strong> articula un an\u00e1lisis marxista feminista que examina c\u00f3mo las opresiones de g\u00e9nero, racial y de clase se entrelazan, y ha sido fundamental para el desarrollo de enfoques contempor\u00e1neos de feminismo interseccional.<\/p>\n\n\n\n<p>Adem\u00e1s de su obra sobre teor\u00eda feminista, Davis ha escrito sobre el sistema penal y la <strong>abolici\u00f3n de las prisiones<\/strong>, planteando que la justicia no se limita a castigar, sino que debe transformar las condiciones estructurales que generan desigualdad. <\/p>\n\n\n\n<p>Su activismo dio lugar a la <strong>organizaci\u00f3n Critical Resistance<\/strong>, dedicada a desmantelar lo que ella y sus colegas denominan el <strong>\u201ccomplejo industrial carcelario\u201d<\/strong>.<\/p>\n\n\n\n<h3 class=\"wp-block-heading\">Legado<\/h3>\n\n\n\n<p>El legado de <strong>Angela Davis<\/strong> trasciende disciplinas: su pensamiento sigue siendo un referente clave en debates sobre <strong>feminismo negro e interseccional, justicia racial, cr\u00edtica del capitalismo, derechos humanos y abolici\u00f3n penal<\/strong>. <\/p>\n\n\n\n<p>TE PUEDE INTERESAR:<a href=\"https:\/\/www.alasmedios.com\/index.php\/2026\/01\/05\/mujeres-con-alas-margarita-maza-parada\/\" data-type=\"post\" data-id=\"7342\"> Margarita Maza Parada<\/a><\/p>\n\n\n\n<p>Su influencia se percibe tanto en el \u00e1mbito acad\u00e9mico como en movimientos sociales contempor\u00e1neos que buscan articular luchas contra diversas formas de opresi\u00f3n.<\/p>\n\n\n\n<p>La obra de Davis invita a pensar la <strong>liberaci\u00f3n como un proyecto integral<\/strong>, que no puede limitarse a una sola dimensi\u00f3n de la injusticia, sino que exige comprender y desafiar las <strong>estructuras que sostienen la opresi\u00f3n m\u00faltiple<\/strong>.<\/p>\n\n\n<ul class=\"wp-block-latest-posts__list is-grid columns-3 wp-block-latest-posts\"><li><div class=\"wp-block-latest-posts__featured-image\"><img loading=\"lazy\" decoding=\"async\" width=\"150\" height=\"150\" src=\"https:\/\/www.alasmedios.com\/wp-content\/uploads\/2026\/05\/AMPEP-inteligencia-artificial-150x150.jpg\" class=\"attachment-thumbnail size-thumbnail wp-post-image\" alt=\"\" style=\"\" \/><\/div><a class=\"wp-block-latest-posts__post-title\" href=\"https:\/\/www.alasmedios.com\/index.php\/2026\/05\/01\/periodismo-frente-a-la-ia-ampep-asume-liderazgo-y-apuesta-por-contar-historias-con-alma\/\">Periodismo frente a la IA: AMPEP asume liderazgo y apuesta por contar historias con \u201calma\u201d<\/a><\/li>\n<li><div class=\"wp-block-latest-posts__featured-image\"><img loading=\"lazy\" decoding=\"async\" width=\"150\" height=\"150\" src=\"https:\/\/www.alasmedios.com\/wp-content\/uploads\/2026\/05\/Hidalgo-viene-un-respiro-con-el-frente-frio-48-150x150.png\" class=\"attachment-thumbnail size-thumbnail wp-post-image\" alt=\"\" style=\"\" \/><\/div><a class=\"wp-block-latest-posts__post-title\" href=\"https:\/\/www.alasmedios.com\/index.php\/2026\/05\/01\/frente-frio-48-un-alivio-asi-impactara-en-hidalgo\/\">Frente fr\u00edo 48, un alivio: as\u00ed impactar\u00e1 en Hidalgo<\/a><\/li>\n<li><div class=\"wp-block-latest-posts__featured-image\"><img loading=\"lazy\" decoding=\"async\" width=\"150\" height=\"150\" src=\"https:\/\/www.alasmedios.com\/wp-content\/uploads\/2026\/05\/mujeres-depresion-posparto-150x150.png\" class=\"attachment-thumbnail size-thumbnail wp-post-image\" alt=\"\" style=\"\" \/><\/div><a class=\"wp-block-latest-posts__post-title\" href=\"https:\/\/www.alasmedios.com\/index.php\/2026\/05\/01\/1-de-cada-15-mujeres-sufre-depresion-posparto\/\">1 de cada 15 mujeres sufre depresi\u00f3n posparto<\/a><\/li>\n<\/ul>","protected":false},"excerpt":{"rendered":"<p>Angela Yvonne Davis es una fil\u00f3sofa, acad\u00e9mica, activista y te\u00f3rica feminista estadounidense cuya trayectoria intelectual y pol\u00edtica la ha convertido<\/p>\n","protected":false},"author":4,"featured_media":7600,"comment_status":"open","ping_status":"open","sticky":false,"template":"","format":"standard","meta":{"colormag_page_container_layout":"default_layout","colormag_page_sidebar_layout":"default_layout","rop_custom_images_group":[],"rop_custom_messages_group":[],"rop_publish_now":"initial","rop_publish_now_accounts":[],"rop_publish_now_history":[],"rop_publish_now_status":"pending","iawp_total_views":2,"footnotes":""},"categories":[45],"tags":[3317,510,876,177,3318],"class_list":["post-7599","post","type-post","status-publish","format-standard","has-post-thumbnail","hentry","category-ellas-dicen","tag-angela-davis","tag-feminismo","tag-filosofia","tag-mujeres-con-alas","tag-ucla"],"magazineBlocksPostFeaturedMedia":{"thumbnail":"https:\/\/www.alasmedios.com\/wp-content\/uploads\/2026\/01\/Mujeres-con-Alas-Angela-Davis-150x150.png","medium":"https:\/\/www.alasmedios.com\/wp-content\/uploads\/2026\/01\/Mujeres-con-Alas-Angela-Davis-300x182.png","medium_large":"https:\/\/www.alasmedios.com\/wp-content\/uploads\/2026\/01\/Mujeres-con-Alas-Angela-Davis-768x466.png","large":"https:\/\/www.alasmedios.com\/wp-content\/uploads\/2026\/01\/Mujeres-con-Alas-Angela-Davis-1024x622.png","1536x1536":"https:\/\/www.alasmedios.com\/wp-content\/uploads\/2026\/01\/Mujeres-con-Alas-Angela-Davis-1536x932.png","2048x2048":"https:\/\/www.alasmedios.com\/wp-content\/uploads\/2026\/01\/Mujeres-con-Alas-Angela-Davis.png","colormag-highlighted-post":"https:\/\/www.alasmedios.com\/wp-content\/uploads\/2026\/01\/Mujeres-con-Alas-Angela-Davis-392x272.png","colormag-featured-post-medium":"https:\/\/www.alasmedios.com\/wp-content\/uploads\/2026\/01\/Mujeres-con-Alas-Angela-Davis-390x205.png","colormag-featured-post-small":"https:\/\/www.alasmedios.com\/wp-content\/uploads\/2026\/01\/Mujeres-con-Alas-Angela-Davis-130x90.png","colormag-featured-image":"https:\/\/www.alasmedios.com\/wp-content\/uploads\/2026\/01\/Mujeres-con-Alas-Angela-Davis-800x445.png","colormag-default-news":"https:\/\/www.alasmedios.com\/wp-content\/uploads\/2026\/01\/Mujeres-con-Alas-Angela-Davis-150x150.png","colormag-featured-image-large":"https:\/\/www.alasmedios.com\/wp-content\/uploads\/2026\/01\/Mujeres-con-Alas-Angela-Davis-1400x600.png"},"magazineBlocksPostAuthor":{"name":"Keila Rodr\u00edguez Pe\u00f1a","avatar":"https:\/\/secure.gravatar.com\/avatar\/a2553a2bfaa601b9d539b617c8793e151bdffb60f9e48a249912f86d4c9ebeef?s=96&d=mm&r=g"},"magazineBlocksPostCommentsNumber":"0","magazineBlocksPostExcerpt":"Angela Yvonne Davis es una fil\u00f3sofa, acad\u00e9mica, activista y te\u00f3rica feminista estadounidense cuya trayectoria intelectual y pol\u00edtica la ha convertido","magazineBlocksPostCategories":["Ellas Dicen"],"magazineBlocksPostViewCount":113,"magazineBlocksPostReadTime":3,"magazine_blocks_featured_image_url":{"full":["https:\/\/www.alasmedios.com\/wp-content\/uploads\/2026\/01\/Mujeres-con-Alas-Angela-Davis.png",2000,1214,false],"medium":["https:\/\/www.alasmedios.com\/wp-content\/uploads\/2026\/01\/Mujeres-con-Alas-Angela-Davis-300x182.png",300,182,true],"thumbnail":["https:\/\/www.alasmedios.com\/wp-content\/uploads\/2026\/01\/Mujeres-con-Alas-Angela-Davis-150x150.png",150,150,true]},"magazine_blocks_author":{"display_name":"Keila Rodr\u00edguez Pe\u00f1a","author_link":"https:\/\/www.alasmedios.com\/index.php\/author\/keila\/"},"magazine_blocks_comment":0,"magazine_blocks_author_image":"https:\/\/secure.gravatar.com\/avatar\/a2553a2bfaa601b9d539b617c8793e151bdffb60f9e48a249912f86d4c9ebeef?s=96&d=mm&r=g","magazine_blocks_category":"<a href=\"#\" class=\"category-link category-link-45\">Ellas Dicen<\/a>","yoast_head":"<!-- This site is optimized with the Yoast SEO plugin v27.5 - https:\/\/yoast.com\/product\/yoast-seo-wordpress\/ -->\r\n<title>Mujeres con Alas: Angela Davis - Alas Medios<\/title>\r\n<meta name=\"robots\" content=\"index, follow, max-snippet:-1, max-image-preview:large, max-video-preview:-1\" \/>\r\n<link rel=\"canonical\" href=\"https:\/\/www.alasmedios.com\/index.php\/2026\/01\/26\/mujeres-con-alas-angela-davis\/\" \/>\r\n<meta property=\"og:locale\" content=\"es_MX\" \/>\r\n<meta property=\"og:type\" content=\"article\" \/>\r\n<meta property=\"og:title\" content=\"Mujeres con Alas: Angela Davis - Alas Medios\" \/>\r\n<meta property=\"og:description\" content=\"Angela Yvonne Davis es una fil\u00f3sofa, acad\u00e9mica, activista y te\u00f3rica feminista estadounidense cuya trayectoria intelectual y pol\u00edtica la ha convertido\" \/>\r\n<meta property=\"og:url\" content=\"https:\/\/www.alasmedios.com\/index.php\/2026\/01\/26\/mujeres-con-alas-angela-davis\/\" \/>\r\n<meta property=\"og:site_name\" content=\"Alas Medios\" \/>\r\n<meta property=\"article:published_time\" content=\"2026-01-26T19:12:16+00:00\" \/>\r\n<meta property=\"og:image\" content=\"https:\/\/www.alasmedios.com\/wp-content\/uploads\/2026\/01\/Mujeres-con-Alas-Angela-Davis.png\" \/>\r\n\t<meta property=\"og:image:width\" content=\"2000\" \/>\r\n\t<meta property=\"og:image:height\" content=\"1214\" \/>\r\n\t<meta property=\"og:image:type\" content=\"image\/png\" \/>\r\n<meta name=\"author\" content=\"Keila Rodr\u00edguez Pe\u00f1a\" \/>\r\n<meta name=\"twitter:card\" content=\"summary_large_image\" \/>\r\n<meta name=\"twitter:label1\" content=\"Escrito por\" \/>\n\t<meta name=\"twitter:data1\" content=\"Keila Rodr\u00edguez Pe\u00f1a\" \/>\n\t<meta name=\"twitter:label2\" content=\"Tiempo de lectura\" \/>\n\t<meta name=\"twitter:data2\" content=\"3 minutos\" \/>\r\n<script type=\"application\/ld+json\" class=\"yoast-schema-graph\">{\"@context\":\"https:\\\/\\\/schema.org\",\"@graph\":[{\"@type\":\"Article\",\"@id\":\"https:\\\/\\\/www.alasmedios.com\\\/index.php\\\/2026\\\/01\\\/26\\\/mujeres-con-alas-angela-davis\\\/#article\",\"isPartOf\":{\"@id\":\"https:\\\/\\\/www.alasmedios.com\\\/index.php\\\/2026\\\/01\\\/26\\\/mujeres-con-alas-angela-davis\\\/\"},\"author\":{\"name\":\"Keila Rodr\u00edguez Pe\u00f1a\",\"@id\":\"https:\\\/\\\/www.alasmedios.com\\\/#\\\/schema\\\/person\\\/0ba31bdd19a05ebf5c7fef1fedf99c34\"},\"headline\":\"Mujeres con Alas: Angela Davis\",\"datePublished\":\"2026-01-26T19:12:16+00:00\",\"mainEntityOfPage\":{\"@id\":\"https:\\\/\\\/www.alasmedios.com\\\/index.php\\\/2026\\\/01\\\/26\\\/mujeres-con-alas-angela-davis\\\/\"},\"wordCount\":516,\"commentCount\":0,\"publisher\":{\"@id\":\"https:\\\/\\\/www.alasmedios.com\\\/#organization\"},\"image\":{\"@id\":\"https:\\\/\\\/www.alasmedios.com\\\/index.php\\\/2026\\\/01\\\/26\\\/mujeres-con-alas-angela-davis\\\/#primaryimage\"},\"thumbnailUrl\":\"https:\\\/\\\/www.alasmedios.com\\\/wp-content\\\/uploads\\\/2026\\\/01\\\/Mujeres-con-Alas-Angela-Davis.png\",\"keywords\":[\"Angela Davis\",\"feminismo\",\"filosof\u00eda\",\"Mujeres con Alas\",\"UCLA\"],\"articleSection\":[\"Ellas Dicen\"],\"inLanguage\":\"es\",\"potentialAction\":[{\"@type\":\"CommentAction\",\"name\":\"Comment\",\"target\":[\"https:\\\/\\\/www.alasmedios.com\\\/index.php\\\/2026\\\/01\\\/26\\\/mujeres-con-alas-angela-davis\\\/#respond\"]}]},{\"@type\":\"WebPage\",\"@id\":\"https:\\\/\\\/www.alasmedios.com\\\/index.php\\\/2026\\\/01\\\/26\\\/mujeres-con-alas-angela-davis\\\/\",\"url\":\"https:\\\/\\\/www.alasmedios.com\\\/index.php\\\/2026\\\/01\\\/26\\\/mujeres-con-alas-angela-davis\\\/\",\"name\":\"Mujeres con Alas: Angela Davis - Alas Medios\",\"isPartOf\":{\"@id\":\"https:\\\/\\\/www.alasmedios.com\\\/#website\"},\"primaryImageOfPage\":{\"@id\":\"https:\\\/\\\/www.alasmedios.com\\\/index.php\\\/2026\\\/01\\\/26\\\/mujeres-con-alas-angela-davis\\\/#primaryimage\"},\"image\":{\"@id\":\"https:\\\/\\\/www.alasmedios.com\\\/index.php\\\/2026\\\/01\\\/26\\\/mujeres-con-alas-angela-davis\\\/#primaryimage\"},\"thumbnailUrl\":\"https:\\\/\\\/www.alasmedios.com\\\/wp-content\\\/uploads\\\/2026\\\/01\\\/Mujeres-con-Alas-Angela-Davis.png\",\"datePublished\":\"2026-01-26T19:12:16+00:00\",\"breadcrumb\":{\"@id\":\"https:\\\/\\\/www.alasmedios.com\\\/index.php\\\/2026\\\/01\\\/26\\\/mujeres-con-alas-angela-davis\\\/#breadcrumb\"},\"inLanguage\":\"es\",\"potentialAction\":[{\"@type\":\"ReadAction\",\"target\":[\"https:\\\/\\\/www.alasmedios.com\\\/index.php\\\/2026\\\/01\\\/26\\\/mujeres-con-alas-angela-davis\\\/\"]}]},{\"@type\":\"ImageObject\",\"inLanguage\":\"es\",\"@id\":\"https:\\\/\\\/www.alasmedios.com\\\/index.php\\\/2026\\\/01\\\/26\\\/mujeres-con-alas-angela-davis\\\/#primaryimage\",\"url\":\"https:\\\/\\\/www.alasmedios.com\\\/wp-content\\\/uploads\\\/2026\\\/01\\\/Mujeres-con-Alas-Angela-Davis.png\",\"contentUrl\":\"https:\\\/\\\/www.alasmedios.com\\\/wp-content\\\/uploads\\\/2026\\\/01\\\/Mujeres-con-Alas-Angela-Davis.png\",\"width\":2000,\"height\":1214},{\"@type\":\"BreadcrumbList\",\"@id\":\"https:\\\/\\\/www.alasmedios.com\\\/index.php\\\/2026\\\/01\\\/26\\\/mujeres-con-alas-angela-davis\\\/#breadcrumb\",\"itemListElement\":[{\"@type\":\"ListItem\",\"position\":1,\"name\":\"Inicio\",\"item\":\"https:\\\/\\\/www.alasmedios.com\\\/\"},{\"@type\":\"ListItem\",\"position\":2,\"name\":\"Mujeres con Alas: Angela Davis\"}]},{\"@type\":\"WebSite\",\"@id\":\"https:\\\/\\\/www.alasmedios.com\\\/#website\",\"url\":\"https:\\\/\\\/www.alasmedios.com\\\/\",\"name\":\"Alas Medios\",\"description\":\"Alas para pensar, Alas para volar, Alas de libertad\",\"publisher\":{\"@id\":\"https:\\\/\\\/www.alasmedios.com\\\/#organization\"},\"potentialAction\":[{\"@type\":\"SearchAction\",\"target\":{\"@type\":\"EntryPoint\",\"urlTemplate\":\"https:\\\/\\\/www.alasmedios.com\\\/?s={search_term_string}\"},\"query-input\":{\"@type\":\"PropertyValueSpecification\",\"valueRequired\":true,\"valueName\":\"search_term_string\"}}],\"inLanguage\":\"es\"},{\"@type\":\"Organization\",\"@id\":\"https:\\\/\\\/www.alasmedios.com\\\/#organization\",\"name\":\"Alas Medios\",\"url\":\"https:\\\/\\\/www.alasmedios.com\\\/\",\"logo\":{\"@type\":\"ImageObject\",\"inLanguage\":\"es\",\"@id\":\"https:\\\/\\\/www.alasmedios.com\\\/#\\\/schema\\\/logo\\\/image\\\/\",\"url\":\"https:\\\/\\\/www.alasmedios.com\\\/wp-content\\\/uploads\\\/2026\\\/01\\\/cropped-cropped-GAM-1.png\",\"contentUrl\":\"https:\\\/\\\/www.alasmedios.com\\\/wp-content\\\/uploads\\\/2026\\\/01\\\/cropped-cropped-GAM-1.png\",\"width\":467,\"height\":235,\"caption\":\"Alas Medios\"},\"image\":{\"@id\":\"https:\\\/\\\/www.alasmedios.com\\\/#\\\/schema\\\/logo\\\/image\\\/\"}},{\"@type\":\"Person\",\"@id\":\"https:\\\/\\\/www.alasmedios.com\\\/#\\\/schema\\\/person\\\/0ba31bdd19a05ebf5c7fef1fedf99c34\",\"name\":\"Keila Rodr\u00edguez Pe\u00f1a\",\"image\":{\"@type\":\"ImageObject\",\"inLanguage\":\"es\",\"@id\":\"https:\\\/\\\/secure.gravatar.com\\\/avatar\\\/a2553a2bfaa601b9d539b617c8793e151bdffb60f9e48a249912f86d4c9ebeef?s=96&d=mm&r=g\",\"url\":\"https:\\\/\\\/secure.gravatar.com\\\/avatar\\\/a2553a2bfaa601b9d539b617c8793e151bdffb60f9e48a249912f86d4c9ebeef?s=96&d=mm&r=g\",\"contentUrl\":\"https:\\\/\\\/secure.gravatar.com\\\/avatar\\\/a2553a2bfaa601b9d539b617c8793e151bdffb60f9e48a249912f86d4c9ebeef?s=96&d=mm&r=g\",\"caption\":\"Keila Rodr\u00edguez Pe\u00f1a\"},\"sameAs\":[\"http:\\\/\\\/www.alasmedios.com\"],\"url\":\"https:\\\/\\\/www.alasmedios.com\\\/index.php\\\/author\\\/keila\\\/\"}]}<\/script>\r\n<!-- \/ Yoast SEO plugin. -->","yoast_head_json":{"title":"Mujeres con Alas: Angela Davis - Alas Medios","robots":{"index":"index","follow":"follow","max-snippet":"max-snippet:-1","max-image-preview":"max-image-preview:large","max-video-preview":"max-video-preview:-1"},"canonical":"https:\/\/www.alasmedios.com\/index.php\/2026\/01\/26\/mujeres-con-alas-angela-davis\/","og_locale":"es_MX","og_type":"article","og_title":"Mujeres con Alas: Angela Davis - Alas Medios","og_description":"Angela Yvonne Davis es una fil\u00f3sofa, acad\u00e9mica, activista y te\u00f3rica feminista estadounidense cuya trayectoria intelectual y pol\u00edtica la ha convertido","og_url":"https:\/\/www.alasmedios.com\/index.php\/2026\/01\/26\/mujeres-con-alas-angela-davis\/","og_site_name":"Alas Medios","article_published_time":"2026-01-26T19:12:16+00:00","og_image":[{"width":2000,"height":1214,"url":"https:\/\/www.alasmedios.com\/wp-content\/uploads\/2026\/01\/Mujeres-con-Alas-Angela-Davis.png","type":"image\/png"}],"author":"Keila Rodr\u00edguez Pe\u00f1a","twitter_card":"summary_large_image","twitter_misc":{"Escrito por":"Keila Rodr\u00edguez Pe\u00f1a","Tiempo de lectura":"3 minutos"},"schema":{"@context":"https:\/\/schema.org","@graph":[{"@type":"Article","@id":"https:\/\/www.alasmedios.com\/index.php\/2026\/01\/26\/mujeres-con-alas-angela-davis\/#article","isPartOf":{"@id":"https:\/\/www.alasmedios.com\/index.php\/2026\/01\/26\/mujeres-con-alas-angela-davis\/"},"author":{"name":"Keila Rodr\u00edguez Pe\u00f1a","@id":"https:\/\/www.alasmedios.com\/#\/schema\/person\/0ba31bdd19a05ebf5c7fef1fedf99c34"},"headline":"Mujeres con Alas: Angela Davis","datePublished":"2026-01-26T19:12:16+00:00","mainEntityOfPage":{"@id":"https:\/\/www.alasmedios.com\/index.php\/2026\/01\/26\/mujeres-con-alas-angela-davis\/"},"wordCount":516,"commentCount":0,"publisher":{"@id":"https:\/\/www.alasmedios.com\/#organization"},"image":{"@id":"https:\/\/www.alasmedios.com\/index.php\/2026\/01\/26\/mujeres-con-alas-angela-davis\/#primaryimage"},"thumbnailUrl":"https:\/\/www.alasmedios.com\/wp-content\/uploads\/2026\/01\/Mujeres-con-Alas-Angela-Davis.png","keywords":["Angela Davis","feminismo","filosof\u00eda","Mujeres con Alas","UCLA"],"articleSection":["Ellas Dicen"],"inLanguage":"es","potentialAction":[{"@type":"CommentAction","name":"Comment","target":["https:\/\/www.alasmedios.com\/index.php\/2026\/01\/26\/mujeres-con-alas-angela-davis\/#respond"]}]},{"@type":"WebPage","@id":"https:\/\/www.alasmedios.com\/index.php\/2026\/01\/26\/mujeres-con-alas-angela-davis\/","url":"https:\/\/www.alasmedios.com\/index.php\/2026\/01\/26\/mujeres-con-alas-angela-davis\/","name":"Mujeres con Alas: Angela Davis - Alas Medios","isPartOf":{"@id":"https:\/\/www.alasmedios.com\/#website"},"primaryImageOfPage":{"@id":"https:\/\/www.alasmedios.com\/index.php\/2026\/01\/26\/mujeres-con-alas-angela-davis\/#primaryimage"},"image":{"@id":"https:\/\/www.alasmedios.com\/index.php\/2026\/01\/26\/mujeres-con-alas-angela-davis\/#primaryimage"},"thumbnailUrl":"https:\/\/www.alasmedios.com\/wp-content\/uploads\/2026\/01\/Mujeres-con-Alas-Angela-Davis.png","datePublished":"2026-01-26T19:12:16+00:00","breadcrumb":{"@id":"https:\/\/www.alasmedios.com\/index.php\/2026\/01\/26\/mujeres-con-alas-angela-davis\/#breadcrumb"},"inLanguage":"es","potentialAction":[{"@type":"ReadAction","target":["https:\/\/www.alasmedios.com\/index.php\/2026\/01\/26\/mujeres-con-alas-angela-davis\/"]}]},{"@type":"ImageObject","inLanguage":"es","@id":"https:\/\/www.alasmedios.com\/index.php\/2026\/01\/26\/mujeres-con-alas-angela-davis\/#primaryimage","url":"https:\/\/www.alasmedios.com\/wp-content\/uploads\/2026\/01\/Mujeres-con-Alas-Angela-Davis.png","contentUrl":"https:\/\/www.alasmedios.com\/wp-content\/uploads\/2026\/01\/Mujeres-con-Alas-Angela-Davis.png","width":2000,"height":1214},{"@type":"BreadcrumbList","@id":"https:\/\/www.alasmedios.com\/index.php\/2026\/01\/26\/mujeres-con-alas-angela-davis\/#breadcrumb","itemListElement":[{"@type":"ListItem","position":1,"name":"Inicio","item":"https:\/\/www.alasmedios.com\/"},{"@type":"ListItem","position":2,"name":"Mujeres con Alas: Angela Davis"}]},{"@type":"WebSite","@id":"https:\/\/www.alasmedios.com\/#website","url":"https:\/\/www.alasmedios.com\/","name":"Alas Medios","description":"Alas para pensar, Alas para volar, Alas de libertad","publisher":{"@id":"https:\/\/www.alasmedios.com\/#organization"},"potentialAction":[{"@type":"SearchAction","target":{"@type":"EntryPoint","urlTemplate":"https:\/\/www.alasmedios.com\/?s={search_term_string}"},"query-input":{"@type":"PropertyValueSpecification","valueRequired":true,"valueName":"search_term_string"}}],"inLanguage":"es"},{"@type":"Organization","@id":"https:\/\/www.alasmedios.com\/#organization","name":"Alas Medios","url":"https:\/\/www.alasmedios.com\/","logo":{"@type":"ImageObject","inLanguage":"es","@id":"https:\/\/www.alasmedios.com\/#\/schema\/logo\/image\/","url":"https:\/\/www.alasmedios.com\/wp-content\/uploads\/2026\/01\/cropped-cropped-GAM-1.png","contentUrl":"https:\/\/www.alasmedios.com\/wp-content\/uploads\/2026\/01\/cropped-cropped-GAM-1.png","width":467,"height":235,"caption":"Alas Medios"},"image":{"@id":"https:\/\/www.alasmedios.com\/#\/schema\/logo\/image\/"}},{"@type":"Person","@id":"https:\/\/www.alasmedios.com\/#\/schema\/person\/0ba31bdd19a05ebf5c7fef1fedf99c34","name":"Keila Rodr\u00edguez Pe\u00f1a","image":{"@type":"ImageObject","inLanguage":"es","@id":"https:\/\/secure.gravatar.com\/avatar\/a2553a2bfaa601b9d539b617c8793e151bdffb60f9e48a249912f86d4c9ebeef?s=96&d=mm&r=g","url":"https:\/\/secure.gravatar.com\/avatar\/a2553a2bfaa601b9d539b617c8793e151bdffb60f9e48a249912f86d4c9ebeef?s=96&d=mm&r=g","contentUrl":"https:\/\/secure.gravatar.com\/avatar\/a2553a2bfaa601b9d539b617c8793e151bdffb60f9e48a249912f86d4c9ebeef?s=96&d=mm&r=g","caption":"Keila Rodr\u00edguez Pe\u00f1a"},"sameAs":["http:\/\/www.alasmedios.com"],"url":"https:\/\/www.alasmedios.com\/index.php\/author\/keila\/"}]}},"_links":{"self":[{"href":"https:\/\/www.alasmedios.com\/index.php\/wp-json\/wp\/v2\/posts\/7599","targetHints":{"allow":["GET"]}}],"collection":[{"href":"https:\/\/www.alasmedios.com\/index.php\/wp-json\/wp\/v2\/posts"}],"about":[{"href":"https:\/\/www.alasmedios.com\/index.php\/wp-json\/wp\/v2\/types\/post"}],"author":[{"embeddable":true,"href":"https:\/\/www.alasmedios.com\/index.php\/wp-json\/wp\/v2\/users\/4"}],"replies":[{"embeddable":true,"href":"https:\/\/www.alasmedios.com\/index.php\/wp-json\/wp\/v2\/comments?post=7599"}],"version-history":[{"count":1,"href":"https:\/\/www.alasmedios.com\/index.php\/wp-json\/wp\/v2\/posts\/7599\/revisions"}],"predecessor-version":[{"id":7601,"href":"https:\/\/www.alasmedios.com\/index.php\/wp-json\/wp\/v2\/posts\/7599\/revisions\/7601"}],"wp:featuredmedia":[{"embeddable":true,"href":"https:\/\/www.alasmedios.com\/index.php\/wp-json\/wp\/v2\/media\/7600"}],"wp:attachment":[{"href":"https:\/\/www.alasmedios.com\/index.php\/wp-json\/wp\/v2\/media?parent=7599"}],"wp:term":[{"taxonomy":"category","embeddable":true,"href":"https:\/\/www.alasmedios.com\/index.php\/wp-json\/wp\/v2\/categories?post=7599"},{"taxonomy":"post_tag","embeddable":true,"href":"https:\/\/www.alasmedios.com\/index.php\/wp-json\/wp\/v2\/tags?post=7599"}],"curies":[{"name":"wp","href":"https:\/\/api.w.org\/{rel}","templated":true}]}}