{"id":7595,"date":"2026-01-26T12:40:23","date_gmt":"2026-01-26T18:40:23","guid":{"rendered":"https:\/\/www.alasmedios.com\/?p=7595"},"modified":"2026-01-26T12:40:23","modified_gmt":"2026-01-26T18:40:23","slug":"icshu-uaeh-convoca-a-congreso-internacional-sobre-mujeres-feminismos-y-estudios-de-genero","status":"publish","type":"post","link":"https:\/\/www.alasmedios.com\/index.php\/2026\/01\/26\/icshu-uaeh-convoca-a-congreso-internacional-sobre-mujeres-feminismos-y-estudios-de-genero\/","title":{"rendered":"ICSHu UAEH convoca a Congreso Internacional sobre mujeres, feminismos y estudios de g\u00e9nero"},"content":{"rendered":"\n<p>El <strong>Instituto de Ciencias Sociales y Humanidades (ICSHu)<\/strong> de la <strong>Universidad Aut\u00f3noma del Estado de Hidalgo (UAEH)<\/strong> lanz\u00f3 la <strong>Convocatoria del Congreso Internacional \u201cMujeres, Feminismos y Estudios de G\u00e9nero\u201d<\/strong>, un espacio acad\u00e9mico que busca reflexionar y dialogar sobre los <strong>desaf\u00edos contempor\u00e1neos del g\u00e9nero y la pol\u00edtica<\/strong>, bajo el eje <strong>\u201cHacia un mundo m\u00e1s equitativo\u201d<\/strong>.<\/p>\n\n\n\n<p>El congreso se realizar\u00e1 en <strong>modalidad presencial y virtual<\/strong> los d\u00edas <strong>28, 29 y 30 de abril<\/strong>, con sede en el <strong>Instituto de Ciencias Sociales y Humanidades de la UAEH<\/strong>, en <strong>Pachuca de Soto, Hidalgo, M\u00e9xico<\/strong>, y est\u00e1 dirigido a <strong>investigadoras, investigadores, docentes, estudiantes y personas integrantes de organizaciones de la sociedad civil<\/strong>.<\/p>\n\n\n\n<p>La convocatoria contempla dos <strong>formas de participaci\u00f3n<\/strong>:<\/p>\n\n\n\n<ol class=\"wp-block-list\">\n<li><strong>Presentaci\u00f3n de ponencias con resultados de investigaci\u00f3n.<\/strong><\/li>\n\n\n\n<li><strong>Presentaci\u00f3n de ponencias sobre experiencias de investigaci\u00f3n<\/strong> desarrolladas desde <strong>instituciones p\u00fablicas, educativas y organizaciones de la sociedad civil (OSC)<\/strong>.<\/li>\n<\/ol>\n\n\n\n<p>CONTIN\u00daA LEYENDO: <a href=\"https:\/\/www.alasmedios.com\/index.php\/2026\/01\/26\/que-es-la-educacion-ambiental\/\" data-type=\"post\" data-id=\"7592\">\u00bfQu\u00e9 es la educaci\u00f3n ambiental?<\/a><\/p>\n\n\n\n<p>Entre las <strong>l\u00edneas tem\u00e1ticas<\/strong> destacan <strong>violencia contra las mujeres<\/strong>, <strong>an\u00e1lisis de medios y g\u00e9nero<\/strong>, <strong>participaci\u00f3n pol\u00edtica de las mujeres<\/strong>, <strong>derechos de las mujeres<\/strong>, <strong>cuerpos y territorios<\/strong>, <strong>migraci\u00f3n<\/strong>, <strong>ni\u00f1as y adolescentes<\/strong>, <strong>etnicidad<\/strong>, <strong>activismo<\/strong>, <strong>ciberfeminismos<\/strong>, <strong>masculinidades<\/strong>, <strong>discapacidad y neurodiversidades<\/strong>, <strong>procesos educativos<\/strong>, <strong>trabajo<\/strong>, <strong>mujeres en la historia<\/strong> y <strong>mujeres e inteligencia artificial<\/strong>, entre otras.<\/p>\n\n\n\n<p>Los <strong>res\u00famenes de ponencias<\/strong> deber\u00e1n incluir <strong>t\u00edtulo<\/strong>, <strong>nombre de autoras o autores<\/strong>, <strong>instituci\u00f3n de adscripci\u00f3n<\/strong>, <strong>metodolog\u00eda<\/strong>, <strong>resultados<\/strong>, <strong>conclusiones<\/strong> y <strong>palabras clave<\/strong>, con una extensi\u00f3n m\u00e1xima de <strong>500 palabras<\/strong>. El formato solicitado es <strong>Word<\/strong>, <strong>fuente Arial 12 puntos<\/strong>, <strong>interlineado sencillo<\/strong> y <strong>alineaci\u00f3n justificada<\/strong>. Se permitir\u00e1 un <strong>m\u00e1ximo de dos autoras o autores por ponencia<\/strong> y <strong>hasta dos ponencias por participante<\/strong>; los trabajos que no cumplan con estos criterios <strong>no ser\u00e1n considerados<\/strong>.<\/p>\n\n\n\n<figure class=\"wp-block-image size-large\"><img loading=\"lazy\" decoding=\"async\" width=\"877\" height=\"1024\" src=\"https:\/\/www.alasmedios.com\/wp-content\/uploads\/2026\/01\/convocatoria-xxii-congreso-internacional-muejeres-feminismo-877x1024.jpg\" alt=\"\" class=\"wp-image-7597\" srcset=\"https:\/\/www.alasmedios.com\/wp-content\/uploads\/2026\/01\/convocatoria-xxii-congreso-internacional-muejeres-feminismo-877x1024.jpg 877w, https:\/\/www.alasmedios.com\/wp-content\/uploads\/2026\/01\/convocatoria-xxii-congreso-internacional-muejeres-feminismo-257x300.jpg 257w, https:\/\/www.alasmedios.com\/wp-content\/uploads\/2026\/01\/convocatoria-xxii-congreso-internacional-muejeres-feminismo-768x897.jpg 768w, https:\/\/www.alasmedios.com\/wp-content\/uploads\/2026\/01\/convocatoria-xxii-congreso-internacional-muejeres-feminismo.jpg 1096w\" sizes=\"auto, (max-width: 877px) 100vw, 877px\" \/><\/figure>\n\n\n\n<p>El <strong>cierre de recepci\u00f3n de res\u00famenes<\/strong> ser\u00e1 el <strong>3 de marzo<\/strong>, la <strong>confirmaci\u00f3n de aceptaci\u00f3n<\/strong> se notificar\u00e1 el <strong>10 de marzo<\/strong> y la <strong>publicaci\u00f3n del programa<\/strong> est\u00e1 prevista para el <strong>30 de marzo<\/strong>.<\/p>\n\n\n\n<p>La organizaci\u00f3n del congreso est\u00e1 a cargo de diversas <strong>\u00e1reas acad\u00e9micas del ICSHu<\/strong>, as\u00ed como de <strong>cuerpos acad\u00e9micos<\/strong>, <strong>grupos de investigaci\u00f3n<\/strong>, la <strong>Red Reconstruir ICSHu<\/strong> y la <strong>Red Nacional de Estudios Contempor\u00e1neos sobre G\u00e9nero<\/strong>, consolidando un esfuerzo colectivo de an\u00e1lisis interdisciplinario.<\/p>\n\n\n\n<p>TE PUEDE INTERESAR: <a href=\"https:\/\/www.alasmedios.com\/index.php\/2026\/01\/24\/mutilan-escultura-de-elena-garro-en-puebla\/\" data-type=\"post\" data-id=\"7584\">Mutilan escultura de Elena Garro en Puebla<\/a><\/p>\n\n\n\n<p>Las personas interesadas pueden realizar su <strong>inscripci\u00f3n y env\u00edo de res\u00famenes<\/strong> a trav\u00e9s del formulario disponible en l\u00ednea y solicitar mayor informaci\u00f3n al correo <strong><a>congreso.mujeresuaeh@gmail.com<\/a><\/strong>.<\/p>\n\n\n<ul class=\"wp-block-latest-posts__list is-grid columns-3 wp-block-latest-posts\"><li><div class=\"wp-block-latest-posts__featured-image\"><img loading=\"lazy\" decoding=\"async\" width=\"150\" height=\"150\" src=\"https:\/\/www.alasmedios.com\/wp-content\/uploads\/2026\/05\/AMPEP-inteligencia-artificial-150x150.jpg\" class=\"attachment-thumbnail size-thumbnail wp-post-image\" alt=\"\" style=\"\" \/><\/div><a class=\"wp-block-latest-posts__post-title\" href=\"https:\/\/www.alasmedios.com\/index.php\/2026\/05\/01\/periodismo-frente-a-la-ia-ampep-asume-liderazgo-y-apuesta-por-contar-historias-con-alma\/\">Periodismo frente a la IA: AMPEP asume liderazgo y apuesta por contar historias con \u201calma\u201d<\/a><\/li>\n<li><div class=\"wp-block-latest-posts__featured-image\"><img loading=\"lazy\" decoding=\"async\" width=\"150\" height=\"150\" src=\"https:\/\/www.alasmedios.com\/wp-content\/uploads\/2026\/05\/Hidalgo-viene-un-respiro-con-el-frente-frio-48-150x150.png\" class=\"attachment-thumbnail size-thumbnail wp-post-image\" alt=\"\" style=\"\" \/><\/div><a class=\"wp-block-latest-posts__post-title\" href=\"https:\/\/www.alasmedios.com\/index.php\/2026\/05\/01\/frente-frio-48-un-alivio-asi-impactara-en-hidalgo\/\">Frente fr\u00edo 48, un alivio: as\u00ed impactar\u00e1 en Hidalgo<\/a><\/li>\n<li><div class=\"wp-block-latest-posts__featured-image\"><img loading=\"lazy\" decoding=\"async\" width=\"150\" height=\"150\" src=\"https:\/\/www.alasmedios.com\/wp-content\/uploads\/2026\/05\/mujeres-depresion-posparto-150x150.png\" class=\"attachment-thumbnail size-thumbnail wp-post-image\" alt=\"\" style=\"\" \/><\/div><a class=\"wp-block-latest-posts__post-title\" href=\"https:\/\/www.alasmedios.com\/index.php\/2026\/05\/01\/1-de-cada-15-mujeres-sufre-depresion-posparto\/\">1 de cada 15 mujeres sufre depresi\u00f3n posparto<\/a><\/li>\n<\/ul>","protected":false},"excerpt":{"rendered":"<p>El Instituto de Ciencias Sociales y Humanidades (ICSHu) de la Universidad Aut\u00f3noma del Estado de Hidalgo (UAEH) lanz\u00f3 la Convocatoria<\/p>\n","protected":false},"author":4,"featured_media":7596,"comment_status":"open","ping_status":"open","sticky":false,"template":"","format":"standard","meta":{"colormag_page_container_layout":"default_layout","colormag_page_sidebar_layout":"default_layout","rop_custom_images_group":[],"rop_custom_messages_group":[],"rop_publish_now":"initial","rop_publish_now_accounts":[],"rop_publish_now_history":[],"rop_publish_now_status":"pending","iawp_total_views":1,"footnotes":""},"categories":[45,41],"tags":[3316,3315,3314,99,53,87,559],"class_list":["post-7595","post","type-post","status-publish","format-standard","has-post-thumbnail","hentry","category-ellas-dicen","category-hidalgo","tag-congreso","tag-estudios-de-genero","tag-feminismos","tag-hidalgo","tag-mujeres","tag-pachuca","tag-uaeh"],"magazineBlocksPostFeaturedMedia":{"thumbnail":"https:\/\/www.alasmedios.com\/wp-content\/uploads\/2026\/01\/ICSHu-UAEH-convoca-a-Congreso-Internacional-sobre-mujeres-feminismos-y-estudios-de-genero-150x150.png","medium":"https:\/\/www.alasmedios.com\/wp-content\/uploads\/2026\/01\/ICSHu-UAEH-convoca-a-Congreso-Internacional-sobre-mujeres-feminismos-y-estudios-de-genero-300x182.png","medium_large":"https:\/\/www.alasmedios.com\/wp-content\/uploads\/2026\/01\/ICSHu-UAEH-convoca-a-Congreso-Internacional-sobre-mujeres-feminismos-y-estudios-de-genero-768x466.png","large":"https:\/\/www.alasmedios.com\/wp-content\/uploads\/2026\/01\/ICSHu-UAEH-convoca-a-Congreso-Internacional-sobre-mujeres-feminismos-y-estudios-de-genero-1024x622.png","1536x1536":"https:\/\/www.alasmedios.com\/wp-content\/uploads\/2026\/01\/ICSHu-UAEH-convoca-a-Congreso-Internacional-sobre-mujeres-feminismos-y-estudios-de-genero-1536x932.png","2048x2048":"https:\/\/www.alasmedios.com\/wp-content\/uploads\/2026\/01\/ICSHu-UAEH-convoca-a-Congreso-Internacional-sobre-mujeres-feminismos-y-estudios-de-genero.png","colormag-highlighted-post":"https:\/\/www.alasmedios.com\/wp-content\/uploads\/2026\/01\/ICSHu-UAEH-convoca-a-Congreso-Internacional-sobre-mujeres-feminismos-y-estudios-de-genero-392x272.png","colormag-featured-post-medium":"https:\/\/www.alasmedios.com\/wp-content\/uploads\/2026\/01\/ICSHu-UAEH-convoca-a-Congreso-Internacional-sobre-mujeres-feminismos-y-estudios-de-genero-390x205.png","colormag-featured-post-small":"https:\/\/www.alasmedios.com\/wp-content\/uploads\/2026\/01\/ICSHu-UAEH-convoca-a-Congreso-Internacional-sobre-mujeres-feminismos-y-estudios-de-genero-130x90.png","colormag-featured-image":"https:\/\/www.alasmedios.com\/wp-content\/uploads\/2026\/01\/ICSHu-UAEH-convoca-a-Congreso-Internacional-sobre-mujeres-feminismos-y-estudios-de-genero-800x445.png","colormag-default-news":"https:\/\/www.alasmedios.com\/wp-content\/uploads\/2026\/01\/ICSHu-UAEH-convoca-a-Congreso-Internacional-sobre-mujeres-feminismos-y-estudios-de-genero-150x150.png","colormag-featured-image-large":"https:\/\/www.alasmedios.com\/wp-content\/uploads\/2026\/01\/ICSHu-UAEH-convoca-a-Congreso-Internacional-sobre-mujeres-feminismos-y-estudios-de-genero-1400x600.png"},"magazineBlocksPostAuthor":{"name":"Keila Rodr\u00edguez Pe\u00f1a","avatar":"https:\/\/secure.gravatar.com\/avatar\/a2553a2bfaa601b9d539b617c8793e151bdffb60f9e48a249912f86d4c9ebeef?s=96&d=mm&r=g"},"magazineBlocksPostCommentsNumber":"0","magazineBlocksPostExcerpt":"El Instituto de Ciencias Sociales y Humanidades (ICSHu) de la Universidad Aut\u00f3noma del Estado de Hidalgo (UAEH) lanz\u00f3 la Convocatoria","magazineBlocksPostCategories":["Ellas Dicen","Hidalgo"],"magazineBlocksPostViewCount":102,"magazineBlocksPostReadTime":3,"magazine_blocks_featured_image_url":{"full":["https:\/\/www.alasmedios.com\/wp-content\/uploads\/2026\/01\/ICSHu-UAEH-convoca-a-Congreso-Internacional-sobre-mujeres-feminismos-y-estudios-de-genero.png",2000,1214,false],"medium":["https:\/\/www.alasmedios.com\/wp-content\/uploads\/2026\/01\/ICSHu-UAEH-convoca-a-Congreso-Internacional-sobre-mujeres-feminismos-y-estudios-de-genero-300x182.png",300,182,true],"thumbnail":["https:\/\/www.alasmedios.com\/wp-content\/uploads\/2026\/01\/ICSHu-UAEH-convoca-a-Congreso-Internacional-sobre-mujeres-feminismos-y-estudios-de-genero-150x150.png",150,150,true]},"magazine_blocks_author":{"display_name":"Keila Rodr\u00edguez Pe\u00f1a","author_link":"https:\/\/www.alasmedios.com\/index.php\/author\/keila\/"},"magazine_blocks_comment":0,"magazine_blocks_author_image":"https:\/\/secure.gravatar.com\/avatar\/a2553a2bfaa601b9d539b617c8793e151bdffb60f9e48a249912f86d4c9ebeef?s=96&d=mm&r=g","magazine_blocks_category":"<a href=\"#\" class=\"category-link category-link-45\">Ellas Dicen<\/a> <a href=\"#\" class=\"category-link category-link-41\">Hidalgo<\/a>","yoast_head":"<!-- This site is optimized with the Yoast SEO plugin v27.5 - https:\/\/yoast.com\/product\/yoast-seo-wordpress\/ -->\r\n<title>ICSHu UAEH convoca a Congreso Internacional sobre mujeres, feminismos y estudios de g\u00e9nero - Alas Medios<\/title>\r\n<meta name=\"robots\" content=\"index, follow, max-snippet:-1, max-image-preview:large, max-video-preview:-1\" \/>\r\n<link rel=\"canonical\" href=\"https:\/\/www.alasmedios.com\/index.php\/2026\/01\/26\/icshu-uaeh-convoca-a-congreso-internacional-sobre-mujeres-feminismos-y-estudios-de-genero\/\" \/>\r\n<meta property=\"og:locale\" content=\"es_MX\" \/>\r\n<meta property=\"og:type\" content=\"article\" \/>\r\n<meta property=\"og:title\" content=\"ICSHu UAEH convoca a Congreso Internacional sobre mujeres, feminismos y estudios de g\u00e9nero - Alas Medios\" \/>\r\n<meta property=\"og:description\" content=\"El Instituto de Ciencias Sociales y Humanidades (ICSHu) de la Universidad Aut\u00f3noma del Estado de Hidalgo (UAEH) lanz\u00f3 la Convocatoria\" \/>\r\n<meta property=\"og:url\" content=\"https:\/\/www.alasmedios.com\/index.php\/2026\/01\/26\/icshu-uaeh-convoca-a-congreso-internacional-sobre-mujeres-feminismos-y-estudios-de-genero\/\" \/>\r\n<meta property=\"og:site_name\" content=\"Alas Medios\" \/>\r\n<meta property=\"article:published_time\" content=\"2026-01-26T18:40:23+00:00\" \/>\r\n<meta property=\"og:image\" content=\"https:\/\/www.alasmedios.com\/wp-content\/uploads\/2026\/01\/ICSHu-UAEH-convoca-a-Congreso-Internacional-sobre-mujeres-feminismos-y-estudios-de-genero.png\" \/>\r\n\t<meta property=\"og:image:width\" content=\"2000\" \/>\r\n\t<meta property=\"og:image:height\" content=\"1214\" \/>\r\n\t<meta property=\"og:image:type\" content=\"image\/png\" \/>\r\n<meta name=\"author\" content=\"Keila Rodr\u00edguez Pe\u00f1a\" \/>\r\n<meta name=\"twitter:card\" content=\"summary_large_image\" \/>\r\n<meta name=\"twitter:label1\" content=\"Escrito por\" \/>\n\t<meta name=\"twitter:data1\" content=\"Keila Rodr\u00edguez Pe\u00f1a\" \/>\n\t<meta name=\"twitter:label2\" content=\"Tiempo de lectura\" \/>\n\t<meta name=\"twitter:data2\" content=\"2 minutos\" \/>\r\n<script type=\"application\/ld+json\" class=\"yoast-schema-graph\">{\"@context\":\"https:\\\/\\\/schema.org\",\"@graph\":[{\"@type\":\"Article\",\"@id\":\"https:\\\/\\\/www.alasmedios.com\\\/index.php\\\/2026\\\/01\\\/26\\\/icshu-uaeh-convoca-a-congreso-internacional-sobre-mujeres-feminismos-y-estudios-de-genero\\\/#article\",\"isPartOf\":{\"@id\":\"https:\\\/\\\/www.alasmedios.com\\\/index.php\\\/2026\\\/01\\\/26\\\/icshu-uaeh-convoca-a-congreso-internacional-sobre-mujeres-feminismos-y-estudios-de-genero\\\/\"},\"author\":{\"name\":\"Keila Rodr\u00edguez Pe\u00f1a\",\"@id\":\"https:\\\/\\\/www.alasmedios.com\\\/#\\\/schema\\\/person\\\/0ba31bdd19a05ebf5c7fef1fedf99c34\"},\"headline\":\"ICSHu UAEH convoca a Congreso Internacional sobre mujeres, feminismos y estudios de g\u00e9nero\",\"datePublished\":\"2026-01-26T18:40:23+00:00\",\"mainEntityOfPage\":{\"@id\":\"https:\\\/\\\/www.alasmedios.com\\\/index.php\\\/2026\\\/01\\\/26\\\/icshu-uaeh-convoca-a-congreso-internacional-sobre-mujeres-feminismos-y-estudios-de-genero\\\/\"},\"wordCount\":441,\"commentCount\":0,\"publisher\":{\"@id\":\"https:\\\/\\\/www.alasmedios.com\\\/#organization\"},\"image\":{\"@id\":\"https:\\\/\\\/www.alasmedios.com\\\/index.php\\\/2026\\\/01\\\/26\\\/icshu-uaeh-convoca-a-congreso-internacional-sobre-mujeres-feminismos-y-estudios-de-genero\\\/#primaryimage\"},\"thumbnailUrl\":\"https:\\\/\\\/www.alasmedios.com\\\/wp-content\\\/uploads\\\/2026\\\/01\\\/ICSHu-UAEH-convoca-a-Congreso-Internacional-sobre-mujeres-feminismos-y-estudios-de-genero.png\",\"keywords\":[\"Congreso\",\"Estudios de G\u00e9nero\",\"Feminismos\",\"Hidalgo\",\"Mujeres\",\"Pachuca\",\"UAEH\"],\"articleSection\":[\"Ellas Dicen\",\"Hidalgo\"],\"inLanguage\":\"es\",\"potentialAction\":[{\"@type\":\"CommentAction\",\"name\":\"Comment\",\"target\":[\"https:\\\/\\\/www.alasmedios.com\\\/index.php\\\/2026\\\/01\\\/26\\\/icshu-uaeh-convoca-a-congreso-internacional-sobre-mujeres-feminismos-y-estudios-de-genero\\\/#respond\"]}]},{\"@type\":\"WebPage\",\"@id\":\"https:\\\/\\\/www.alasmedios.com\\\/index.php\\\/2026\\\/01\\\/26\\\/icshu-uaeh-convoca-a-congreso-internacional-sobre-mujeres-feminismos-y-estudios-de-genero\\\/\",\"url\":\"https:\\\/\\\/www.alasmedios.com\\\/index.php\\\/2026\\\/01\\\/26\\\/icshu-uaeh-convoca-a-congreso-internacional-sobre-mujeres-feminismos-y-estudios-de-genero\\\/\",\"name\":\"ICSHu UAEH convoca a Congreso Internacional sobre mujeres, feminismos y estudios de g\u00e9nero - Alas Medios\",\"isPartOf\":{\"@id\":\"https:\\\/\\\/www.alasmedios.com\\\/#website\"},\"primaryImageOfPage\":{\"@id\":\"https:\\\/\\\/www.alasmedios.com\\\/index.php\\\/2026\\\/01\\\/26\\\/icshu-uaeh-convoca-a-congreso-internacional-sobre-mujeres-feminismos-y-estudios-de-genero\\\/#primaryimage\"},\"image\":{\"@id\":\"https:\\\/\\\/www.alasmedios.com\\\/index.php\\\/2026\\\/01\\\/26\\\/icshu-uaeh-convoca-a-congreso-internacional-sobre-mujeres-feminismos-y-estudios-de-genero\\\/#primaryimage\"},\"thumbnailUrl\":\"https:\\\/\\\/www.alasmedios.com\\\/wp-content\\\/uploads\\\/2026\\\/01\\\/ICSHu-UAEH-convoca-a-Congreso-Internacional-sobre-mujeres-feminismos-y-estudios-de-genero.png\",\"datePublished\":\"2026-01-26T18:40:23+00:00\",\"breadcrumb\":{\"@id\":\"https:\\\/\\\/www.alasmedios.com\\\/index.php\\\/2026\\\/01\\\/26\\\/icshu-uaeh-convoca-a-congreso-internacional-sobre-mujeres-feminismos-y-estudios-de-genero\\\/#breadcrumb\"},\"inLanguage\":\"es\",\"potentialAction\":[{\"@type\":\"ReadAction\",\"target\":[\"https:\\\/\\\/www.alasmedios.com\\\/index.php\\\/2026\\\/01\\\/26\\\/icshu-uaeh-convoca-a-congreso-internacional-sobre-mujeres-feminismos-y-estudios-de-genero\\\/\"]}]},{\"@type\":\"ImageObject\",\"inLanguage\":\"es\",\"@id\":\"https:\\\/\\\/www.alasmedios.com\\\/index.php\\\/2026\\\/01\\\/26\\\/icshu-uaeh-convoca-a-congreso-internacional-sobre-mujeres-feminismos-y-estudios-de-genero\\\/#primaryimage\",\"url\":\"https:\\\/\\\/www.alasmedios.com\\\/wp-content\\\/uploads\\\/2026\\\/01\\\/ICSHu-UAEH-convoca-a-Congreso-Internacional-sobre-mujeres-feminismos-y-estudios-de-genero.png\",\"contentUrl\":\"https:\\\/\\\/www.alasmedios.com\\\/wp-content\\\/uploads\\\/2026\\\/01\\\/ICSHu-UAEH-convoca-a-Congreso-Internacional-sobre-mujeres-feminismos-y-estudios-de-genero.png\",\"width\":2000,\"height\":1214},{\"@type\":\"BreadcrumbList\",\"@id\":\"https:\\\/\\\/www.alasmedios.com\\\/index.php\\\/2026\\\/01\\\/26\\\/icshu-uaeh-convoca-a-congreso-internacional-sobre-mujeres-feminismos-y-estudios-de-genero\\\/#breadcrumb\",\"itemListElement\":[{\"@type\":\"ListItem\",\"position\":1,\"name\":\"Inicio\",\"item\":\"https:\\\/\\\/www.alasmedios.com\\\/\"},{\"@type\":\"ListItem\",\"position\":2,\"name\":\"ICSHu UAEH convoca a Congreso Internacional sobre mujeres, feminismos y estudios de g\u00e9nero\"}]},{\"@type\":\"WebSite\",\"@id\":\"https:\\\/\\\/www.alasmedios.com\\\/#website\",\"url\":\"https:\\\/\\\/www.alasmedios.com\\\/\",\"name\":\"Alas Medios\",\"description\":\"Alas para pensar, Alas para volar, Alas de libertad\",\"publisher\":{\"@id\":\"https:\\\/\\\/www.alasmedios.com\\\/#organization\"},\"potentialAction\":[{\"@type\":\"SearchAction\",\"target\":{\"@type\":\"EntryPoint\",\"urlTemplate\":\"https:\\\/\\\/www.alasmedios.com\\\/?s={search_term_string}\"},\"query-input\":{\"@type\":\"PropertyValueSpecification\",\"valueRequired\":true,\"valueName\":\"search_term_string\"}}],\"inLanguage\":\"es\"},{\"@type\":\"Organization\",\"@id\":\"https:\\\/\\\/www.alasmedios.com\\\/#organization\",\"name\":\"Alas Medios\",\"url\":\"https:\\\/\\\/www.alasmedios.com\\\/\",\"logo\":{\"@type\":\"ImageObject\",\"inLanguage\":\"es\",\"@id\":\"https:\\\/\\\/www.alasmedios.com\\\/#\\\/schema\\\/logo\\\/image\\\/\",\"url\":\"https:\\\/\\\/www.alasmedios.com\\\/wp-content\\\/uploads\\\/2026\\\/01\\\/cropped-cropped-GAM-1.png\",\"contentUrl\":\"https:\\\/\\\/www.alasmedios.com\\\/wp-content\\\/uploads\\\/2026\\\/01\\\/cropped-cropped-GAM-1.png\",\"width\":467,\"height\":235,\"caption\":\"Alas Medios\"},\"image\":{\"@id\":\"https:\\\/\\\/www.alasmedios.com\\\/#\\\/schema\\\/logo\\\/image\\\/\"}},{\"@type\":\"Person\",\"@id\":\"https:\\\/\\\/www.alasmedios.com\\\/#\\\/schema\\\/person\\\/0ba31bdd19a05ebf5c7fef1fedf99c34\",\"name\":\"Keila Rodr\u00edguez Pe\u00f1a\",\"image\":{\"@type\":\"ImageObject\",\"inLanguage\":\"es\",\"@id\":\"https:\\\/\\\/secure.gravatar.com\\\/avatar\\\/a2553a2bfaa601b9d539b617c8793e151bdffb60f9e48a249912f86d4c9ebeef?s=96&d=mm&r=g\",\"url\":\"https:\\\/\\\/secure.gravatar.com\\\/avatar\\\/a2553a2bfaa601b9d539b617c8793e151bdffb60f9e48a249912f86d4c9ebeef?s=96&d=mm&r=g\",\"contentUrl\":\"https:\\\/\\\/secure.gravatar.com\\\/avatar\\\/a2553a2bfaa601b9d539b617c8793e151bdffb60f9e48a249912f86d4c9ebeef?s=96&d=mm&r=g\",\"caption\":\"Keila Rodr\u00edguez Pe\u00f1a\"},\"sameAs\":[\"http:\\\/\\\/www.alasmedios.com\"],\"url\":\"https:\\\/\\\/www.alasmedios.com\\\/index.php\\\/author\\\/keila\\\/\"}]}<\/script>\r\n<!-- \/ Yoast SEO plugin. -->","yoast_head_json":{"title":"ICSHu UAEH convoca a Congreso Internacional sobre mujeres, feminismos y estudios de g\u00e9nero - Alas Medios","robots":{"index":"index","follow":"follow","max-snippet":"max-snippet:-1","max-image-preview":"max-image-preview:large","max-video-preview":"max-video-preview:-1"},"canonical":"https:\/\/www.alasmedios.com\/index.php\/2026\/01\/26\/icshu-uaeh-convoca-a-congreso-internacional-sobre-mujeres-feminismos-y-estudios-de-genero\/","og_locale":"es_MX","og_type":"article","og_title":"ICSHu UAEH convoca a Congreso Internacional sobre mujeres, feminismos y estudios de g\u00e9nero - Alas Medios","og_description":"El Instituto de Ciencias Sociales y Humanidades (ICSHu) de la Universidad Aut\u00f3noma del Estado de Hidalgo (UAEH) lanz\u00f3 la Convocatoria","og_url":"https:\/\/www.alasmedios.com\/index.php\/2026\/01\/26\/icshu-uaeh-convoca-a-congreso-internacional-sobre-mujeres-feminismos-y-estudios-de-genero\/","og_site_name":"Alas Medios","article_published_time":"2026-01-26T18:40:23+00:00","og_image":[{"width":2000,"height":1214,"url":"https:\/\/www.alasmedios.com\/wp-content\/uploads\/2026\/01\/ICSHu-UAEH-convoca-a-Congreso-Internacional-sobre-mujeres-feminismos-y-estudios-de-genero.png","type":"image\/png"}],"author":"Keila Rodr\u00edguez Pe\u00f1a","twitter_card":"summary_large_image","twitter_misc":{"Escrito por":"Keila Rodr\u00edguez Pe\u00f1a","Tiempo de lectura":"2 minutos"},"schema":{"@context":"https:\/\/schema.org","@graph":[{"@type":"Article","@id":"https:\/\/www.alasmedios.com\/index.php\/2026\/01\/26\/icshu-uaeh-convoca-a-congreso-internacional-sobre-mujeres-feminismos-y-estudios-de-genero\/#article","isPartOf":{"@id":"https:\/\/www.alasmedios.com\/index.php\/2026\/01\/26\/icshu-uaeh-convoca-a-congreso-internacional-sobre-mujeres-feminismos-y-estudios-de-genero\/"},"author":{"name":"Keila Rodr\u00edguez Pe\u00f1a","@id":"https:\/\/www.alasmedios.com\/#\/schema\/person\/0ba31bdd19a05ebf5c7fef1fedf99c34"},"headline":"ICSHu UAEH convoca a Congreso Internacional sobre mujeres, feminismos y estudios de g\u00e9nero","datePublished":"2026-01-26T18:40:23+00:00","mainEntityOfPage":{"@id":"https:\/\/www.alasmedios.com\/index.php\/2026\/01\/26\/icshu-uaeh-convoca-a-congreso-internacional-sobre-mujeres-feminismos-y-estudios-de-genero\/"},"wordCount":441,"commentCount":0,"publisher":{"@id":"https:\/\/www.alasmedios.com\/#organization"},"image":{"@id":"https:\/\/www.alasmedios.com\/index.php\/2026\/01\/26\/icshu-uaeh-convoca-a-congreso-internacional-sobre-mujeres-feminismos-y-estudios-de-genero\/#primaryimage"},"thumbnailUrl":"https:\/\/www.alasmedios.com\/wp-content\/uploads\/2026\/01\/ICSHu-UAEH-convoca-a-Congreso-Internacional-sobre-mujeres-feminismos-y-estudios-de-genero.png","keywords":["Congreso","Estudios de G\u00e9nero","Feminismos","Hidalgo","Mujeres","Pachuca","UAEH"],"articleSection":["Ellas Dicen","Hidalgo"],"inLanguage":"es","potentialAction":[{"@type":"CommentAction","name":"Comment","target":["https:\/\/www.alasmedios.com\/index.php\/2026\/01\/26\/icshu-uaeh-convoca-a-congreso-internacional-sobre-mujeres-feminismos-y-estudios-de-genero\/#respond"]}]},{"@type":"WebPage","@id":"https:\/\/www.alasmedios.com\/index.php\/2026\/01\/26\/icshu-uaeh-convoca-a-congreso-internacional-sobre-mujeres-feminismos-y-estudios-de-genero\/","url":"https:\/\/www.alasmedios.com\/index.php\/2026\/01\/26\/icshu-uaeh-convoca-a-congreso-internacional-sobre-mujeres-feminismos-y-estudios-de-genero\/","name":"ICSHu UAEH convoca a Congreso Internacional sobre mujeres, feminismos y estudios de g\u00e9nero - Alas Medios","isPartOf":{"@id":"https:\/\/www.alasmedios.com\/#website"},"primaryImageOfPage":{"@id":"https:\/\/www.alasmedios.com\/index.php\/2026\/01\/26\/icshu-uaeh-convoca-a-congreso-internacional-sobre-mujeres-feminismos-y-estudios-de-genero\/#primaryimage"},"image":{"@id":"https:\/\/www.alasmedios.com\/index.php\/2026\/01\/26\/icshu-uaeh-convoca-a-congreso-internacional-sobre-mujeres-feminismos-y-estudios-de-genero\/#primaryimage"},"thumbnailUrl":"https:\/\/www.alasmedios.com\/wp-content\/uploads\/2026\/01\/ICSHu-UAEH-convoca-a-Congreso-Internacional-sobre-mujeres-feminismos-y-estudios-de-genero.png","datePublished":"2026-01-26T18:40:23+00:00","breadcrumb":{"@id":"https:\/\/www.alasmedios.com\/index.php\/2026\/01\/26\/icshu-uaeh-convoca-a-congreso-internacional-sobre-mujeres-feminismos-y-estudios-de-genero\/#breadcrumb"},"inLanguage":"es","potentialAction":[{"@type":"ReadAction","target":["https:\/\/www.alasmedios.com\/index.php\/2026\/01\/26\/icshu-uaeh-convoca-a-congreso-internacional-sobre-mujeres-feminismos-y-estudios-de-genero\/"]}]},{"@type":"ImageObject","inLanguage":"es","@id":"https:\/\/www.alasmedios.com\/index.php\/2026\/01\/26\/icshu-uaeh-convoca-a-congreso-internacional-sobre-mujeres-feminismos-y-estudios-de-genero\/#primaryimage","url":"https:\/\/www.alasmedios.com\/wp-content\/uploads\/2026\/01\/ICSHu-UAEH-convoca-a-Congreso-Internacional-sobre-mujeres-feminismos-y-estudios-de-genero.png","contentUrl":"https:\/\/www.alasmedios.com\/wp-content\/uploads\/2026\/01\/ICSHu-UAEH-convoca-a-Congreso-Internacional-sobre-mujeres-feminismos-y-estudios-de-genero.png","width":2000,"height":1214},{"@type":"BreadcrumbList","@id":"https:\/\/www.alasmedios.com\/index.php\/2026\/01\/26\/icshu-uaeh-convoca-a-congreso-internacional-sobre-mujeres-feminismos-y-estudios-de-genero\/#breadcrumb","itemListElement":[{"@type":"ListItem","position":1,"name":"Inicio","item":"https:\/\/www.alasmedios.com\/"},{"@type":"ListItem","position":2,"name":"ICSHu UAEH convoca a Congreso Internacional sobre mujeres, feminismos y estudios de g\u00e9nero"}]},{"@type":"WebSite","@id":"https:\/\/www.alasmedios.com\/#website","url":"https:\/\/www.alasmedios.com\/","name":"Alas Medios","description":"Alas para pensar, Alas para volar, Alas de libertad","publisher":{"@id":"https:\/\/www.alasmedios.com\/#organization"},"potentialAction":[{"@type":"SearchAction","target":{"@type":"EntryPoint","urlTemplate":"https:\/\/www.alasmedios.com\/?s={search_term_string}"},"query-input":{"@type":"PropertyValueSpecification","valueRequired":true,"valueName":"search_term_string"}}],"inLanguage":"es"},{"@type":"Organization","@id":"https:\/\/www.alasmedios.com\/#organization","name":"Alas Medios","url":"https:\/\/www.alasmedios.com\/","logo":{"@type":"ImageObject","inLanguage":"es","@id":"https:\/\/www.alasmedios.com\/#\/schema\/logo\/image\/","url":"https:\/\/www.alasmedios.com\/wp-content\/uploads\/2026\/01\/cropped-cropped-GAM-1.png","contentUrl":"https:\/\/www.alasmedios.com\/wp-content\/uploads\/2026\/01\/cropped-cropped-GAM-1.png","width":467,"height":235,"caption":"Alas Medios"},"image":{"@id":"https:\/\/www.alasmedios.com\/#\/schema\/logo\/image\/"}},{"@type":"Person","@id":"https:\/\/www.alasmedios.com\/#\/schema\/person\/0ba31bdd19a05ebf5c7fef1fedf99c34","name":"Keila Rodr\u00edguez Pe\u00f1a","image":{"@type":"ImageObject","inLanguage":"es","@id":"https:\/\/secure.gravatar.com\/avatar\/a2553a2bfaa601b9d539b617c8793e151bdffb60f9e48a249912f86d4c9ebeef?s=96&d=mm&r=g","url":"https:\/\/secure.gravatar.com\/avatar\/a2553a2bfaa601b9d539b617c8793e151bdffb60f9e48a249912f86d4c9ebeef?s=96&d=mm&r=g","contentUrl":"https:\/\/secure.gravatar.com\/avatar\/a2553a2bfaa601b9d539b617c8793e151bdffb60f9e48a249912f86d4c9ebeef?s=96&d=mm&r=g","caption":"Keila Rodr\u00edguez Pe\u00f1a"},"sameAs":["http:\/\/www.alasmedios.com"],"url":"https:\/\/www.alasmedios.com\/index.php\/author\/keila\/"}]}},"_links":{"self":[{"href":"https:\/\/www.alasmedios.com\/index.php\/wp-json\/wp\/v2\/posts\/7595","targetHints":{"allow":["GET"]}}],"collection":[{"href":"https:\/\/www.alasmedios.com\/index.php\/wp-json\/wp\/v2\/posts"}],"about":[{"href":"https:\/\/www.alasmedios.com\/index.php\/wp-json\/wp\/v2\/types\/post"}],"author":[{"embeddable":true,"href":"https:\/\/www.alasmedios.com\/index.php\/wp-json\/wp\/v2\/users\/4"}],"replies":[{"embeddable":true,"href":"https:\/\/www.alasmedios.com\/index.php\/wp-json\/wp\/v2\/comments?post=7595"}],"version-history":[{"count":1,"href":"https:\/\/www.alasmedios.com\/index.php\/wp-json\/wp\/v2\/posts\/7595\/revisions"}],"predecessor-version":[{"id":7598,"href":"https:\/\/www.alasmedios.com\/index.php\/wp-json\/wp\/v2\/posts\/7595\/revisions\/7598"}],"wp:featuredmedia":[{"embeddable":true,"href":"https:\/\/www.alasmedios.com\/index.php\/wp-json\/wp\/v2\/media\/7596"}],"wp:attachment":[{"href":"https:\/\/www.alasmedios.com\/index.php\/wp-json\/wp\/v2\/media?parent=7595"}],"wp:term":[{"taxonomy":"category","embeddable":true,"href":"https:\/\/www.alasmedios.com\/index.php\/wp-json\/wp\/v2\/categories?post=7595"},{"taxonomy":"post_tag","embeddable":true,"href":"https:\/\/www.alasmedios.com\/index.php\/wp-json\/wp\/v2\/tags?post=7595"}],"curies":[{"name":"wp","href":"https:\/\/api.w.org\/{rel}","templated":true}]}}