{"id":7592,"date":"2026-01-26T11:07:32","date_gmt":"2026-01-26T17:07:32","guid":{"rendered":"https:\/\/www.alasmedios.com\/?p=7592"},"modified":"2026-01-26T11:07:32","modified_gmt":"2026-01-26T17:07:32","slug":"que-es-la-educacion-ambiental","status":"publish","type":"post","link":"https:\/\/www.alasmedios.com\/index.php\/2026\/01\/26\/que-es-la-educacion-ambiental\/","title":{"rendered":"\u00bfQu\u00e9 es la educaci\u00f3n ambiental?"},"content":{"rendered":"\n<p>La <strong>educaci\u00f3n ambiental<\/strong> es un <strong>proceso educativo continuo<\/strong> que busca que las personas desarrollen <strong>conciencia, conocimiento, actitudes y habilidades<\/strong> para comprender el medio ambiente y participar de manera activa en su cuidado y protecci\u00f3n. <\/p>\n\n\n\n<p>No se limita a memorizar datos, sino que promueve el <strong>pensamiento cr\u00edtico<\/strong> y la capacidad de <strong>tomar decisiones informadas<\/strong> frente a los desaf\u00edos ambientales contempor\u00e1neos.<\/p>\n\n\n\n<p>Para organismos como la <strong>EPA (Agencia de Protecci\u00f3n Ambiental de Estados Unidos)<\/strong>, este tipo de educaci\u00f3n incluye cinco componentes clave: <strong>conciencia y sensibilidad<\/strong> hacia el ambiente, <strong>conocimiento y entendimiento<\/strong>, <strong>actitudes motivadas por la mejora ambiental<\/strong>, <strong>habilidades pr\u00e1cticas<\/strong> y <strong>participaci\u00f3n activa<\/strong> en soluciones.<\/p>\n\n\n\n<p>Adem\u00e1s, seg\u00fan la <strong>Organizaci\u00f3n de las Naciones Unidas para la Educaci\u00f3n, la Ciencia y la Cultura (UNESCO)<\/strong>, la educaci\u00f3n ambiental integrada en los curr\u00edculos desde los primeros niveles es esencial para preparar a las nuevas generaciones a <strong>tomar decisiones responsables<\/strong> que impulsen la <strong>sostenibilidad global<\/strong> y fortalezcan el <strong>respeto por la naturaleza<\/strong>.<\/p>\n\n\n\n<p>CONTIN\u00daA LEYENDO: <a href=\"https:\/\/www.alasmedios.com\/index.php\/2026\/01\/24\/anuncian-mastografias-gratuitas-en-apan\/\" data-type=\"post\" data-id=\"7588\">Anuncian mastograf\u00edas gratuitas en Apan<\/a><\/p>\n\n\n\n<h3 class=\"wp-block-heading\">Por qu\u00e9 empezar desde la infancia<\/h3>\n\n\n\n<p>Expertos en educaci\u00f3n coinciden en que <strong>iniciar la educaci\u00f3n ambiental desde temprana edad<\/strong> favorece la formaci\u00f3n de <strong>h\u00e1bitos ecol\u00f3gicos duraderos<\/strong> y una <strong>relaci\u00f3n armoniosa con el entorno natural<\/strong>. <\/p>\n\n\n\n<p>En la <strong>primaria<\/strong>, por ejemplo, los ni\u00f1os tienen una visi\u00f3n hol\u00edstica del medio ambiente y est\u00e1n m\u00e1s abiertos a integrar estos conceptos de manera integrada.<\/p>\n\n\n\n<p>Adem\u00e1s, organizaciones como <strong>UNICEF<\/strong> han se\u00f1alado que capacitar a ni\u00f1os, ni\u00f1as y j\u00f3venes en temas ambientales no solo fortalece su conocimiento, sino que tambi\u00e9n les permite <strong>participar y ser escuchados<\/strong> en soluciones frente a desaf\u00edos como el <strong>cambio clim\u00e1tico<\/strong>.<\/p>\n\n\n\n<h3 class=\"wp-block-heading\">Estrategias para ense\u00f1ar desde peque\u00f1os<\/h3>\n\n\n\n<p><strong>Aprendizaje activo y experiencias pr\u00e1cticas:<\/strong> Integrar actividades fuera del aula \u2014como excursiones, observaci\u00f3n de la naturaleza o huertos escolares\u2014 permite que las ni\u00f1as y ni\u00f1os no solo aprendan sobre conceptos ambientales, sino que los vivan de primera mano. Estas experiencias ayudan a desarrollar <strong>habilidades de observaci\u00f3n, an\u00e1lisis y resoluci\u00f3n de problemas<\/strong> reales.<\/p>\n\n\n\n<p><strong>Curr\u00edculos integrados e interdisciplinarios:<\/strong> Incorporar temas ambientales en materias como ciencias naturales, geograf\u00eda y matem\u00e1ticas fomenta una comprensi\u00f3n multidimensional de los retos ambientales actuales. Estos enfoques contribuyen a reforzar que conceptos como <strong>reducir, reutilizar y reciclar<\/strong> formen parte del aprendizaje cotidiano.<\/p>\n\n\n\n<p>TE PUEDE INTERESAR: <a href=\"https:\/\/www.alasmedios.com\/index.php\/2025\/12\/27\/un-pez-como-inspiracion-crean-filtro-que-elimina-mas-del-99-de-microplasticos-del-agua\/\" data-type=\"post\" data-id=\"7260\">Un pez como inspiraci\u00f3n: crean filtro que elimina m\u00e1s del 99% de micropl\u00e1sticos del agua<\/a><\/p>\n\n\n\n<p><strong>Participaci\u00f3n comunitaria y proyectos locales:<\/strong> Promover que las y los estudiantes participen en iniciativas comunitarias, como campa\u00f1as de limpieza, reciclaje o conservaci\u00f3n de espacios verdes, convierte el aprendizaje en una <strong>acci\u00f3n con impacto real<\/strong> y fortalece su sentido de <strong>responsabilidad social y ambiental<\/strong>.<\/p>\n\n\n\n<p><strong>Formaci\u00f3n docente especializada:<\/strong> La UNESCO y otros organismos subrayan la importancia de <strong>capacitar a los docentes<\/strong> para que puedan ense\u00f1ar con eficacia temas ambientales y fomentar el pensamiento cr\u00edtico en sus alumnos.<\/p>\n\n\n\n<h3 class=\"wp-block-heading\">M\u00e1s all\u00e1 del aula<\/h3>\n\n\n\n<p>La educaci\u00f3n ambiental no se limita a un sal\u00f3n de clases: tambi\u00e9n se propaga a trav\u00e9s de <strong>proyectos comunitarios<\/strong>, <strong>campamentos<\/strong>, participaci\u00f3n en <strong>acciones locales<\/strong> y el uso de recursos educativos que conectan a las ni\u00f1as y los ni\u00f1os con su entorno inmediato. <\/p>\n\n\n\n<p>Este enfoque no solo ense\u00f1a datos, sino que <strong>transforma actitudes<\/strong> y promueve una relaci\u00f3n m\u00e1s responsable con el planeta.<\/p>\n\n\n\n<p>Ense\u00f1ar <strong>educaci\u00f3n ambiental desde peque\u00f1os<\/strong> no es solo impartir informaci\u00f3n sobre la naturaleza, sino cultivar una <strong>conciencia ecol\u00f3gica cr\u00edtica y activa<\/strong> que acompa\u00f1e a las generaciones futuras en sus decisiones y acciones cotidianas.<\/p>\n\n\n<ul class=\"wp-block-latest-posts__list is-grid columns-3 wp-block-latest-posts\"><li><div class=\"wp-block-latest-posts__featured-image\"><img loading=\"lazy\" decoding=\"async\" width=\"150\" height=\"150\" src=\"https:\/\/www.alasmedios.com\/wp-content\/uploads\/2026\/05\/AMPEP-inteligencia-artificial-150x150.jpg\" class=\"attachment-thumbnail size-thumbnail wp-post-image\" alt=\"\" style=\"\" \/><\/div><a class=\"wp-block-latest-posts__post-title\" href=\"https:\/\/www.alasmedios.com\/index.php\/2026\/05\/01\/periodismo-frente-a-la-ia-ampep-asume-liderazgo-y-apuesta-por-contar-historias-con-alma\/\">Periodismo frente a la IA: AMPEP asume liderazgo y apuesta por contar historias con \u201calma\u201d<\/a><\/li>\n<li><div class=\"wp-block-latest-posts__featured-image\"><img loading=\"lazy\" decoding=\"async\" width=\"150\" height=\"150\" src=\"https:\/\/www.alasmedios.com\/wp-content\/uploads\/2026\/05\/Hidalgo-viene-un-respiro-con-el-frente-frio-48-150x150.png\" class=\"attachment-thumbnail size-thumbnail wp-post-image\" alt=\"\" style=\"\" \/><\/div><a class=\"wp-block-latest-posts__post-title\" href=\"https:\/\/www.alasmedios.com\/index.php\/2026\/05\/01\/frente-frio-48-un-alivio-asi-impactara-en-hidalgo\/\">Frente fr\u00edo 48, un alivio: as\u00ed impactar\u00e1 en Hidalgo<\/a><\/li>\n<li><div class=\"wp-block-latest-posts__featured-image\"><img loading=\"lazy\" decoding=\"async\" width=\"150\" height=\"150\" src=\"https:\/\/www.alasmedios.com\/wp-content\/uploads\/2026\/05\/mujeres-depresion-posparto-150x150.png\" class=\"attachment-thumbnail size-thumbnail wp-post-image\" alt=\"\" style=\"\" \/><\/div><a class=\"wp-block-latest-posts__post-title\" href=\"https:\/\/www.alasmedios.com\/index.php\/2026\/05\/01\/1-de-cada-15-mujeres-sufre-depresion-posparto\/\">1 de cada 15 mujeres sufre depresi\u00f3n posparto<\/a><\/li>\n<\/ul>","protected":false},"excerpt":{"rendered":"<p>La educaci\u00f3n ambiental es un proceso educativo continuo que busca que las personas desarrollen conciencia, conocimiento, actitudes y habilidades para<\/p>\n","protected":false},"author":4,"featured_media":7593,"comment_status":"open","ping_status":"open","sticky":false,"template":"","format":"standard","meta":{"colormag_page_container_layout":"default_layout","colormag_page_sidebar_layout":"default_layout","rop_custom_images_group":[],"rop_custom_messages_group":[],"rop_publish_now":"initial","rop_publish_now_accounts":[],"rop_publish_now_history":[],"rop_publish_now_status":"pending","iawp_total_views":0,"footnotes":""},"categories":[42],"tags":[3312,3313,725,846,786,749],"class_list":["post-7592","post","type-post","status-publish","format-standard","has-post-thumbnail","hentry","category-familia_salud","tag-educacion-ambiental","tag-epa","tag-medio-ambiente","tag-planeta","tag-unesco","tag-unicef"],"magazineBlocksPostFeaturedMedia":{"thumbnail":"https:\/\/www.alasmedios.com\/wp-content\/uploads\/2026\/01\/educacion-ambiental-150x150.png","medium":"https:\/\/www.alasmedios.com\/wp-content\/uploads\/2026\/01\/educacion-ambiental-300x182.png","medium_large":"https:\/\/www.alasmedios.com\/wp-content\/uploads\/2026\/01\/educacion-ambiental-768x466.png","large":"https:\/\/www.alasmedios.com\/wp-content\/uploads\/2026\/01\/educacion-ambiental-1024x622.png","1536x1536":"https:\/\/www.alasmedios.com\/wp-content\/uploads\/2026\/01\/educacion-ambiental-1536x932.png","2048x2048":"https:\/\/www.alasmedios.com\/wp-content\/uploads\/2026\/01\/educacion-ambiental.png","colormag-highlighted-post":"https:\/\/www.alasmedios.com\/wp-content\/uploads\/2026\/01\/educacion-ambiental-392x272.png","colormag-featured-post-medium":"https:\/\/www.alasmedios.com\/wp-content\/uploads\/2026\/01\/educacion-ambiental-390x205.png","colormag-featured-post-small":"https:\/\/www.alasmedios.com\/wp-content\/uploads\/2026\/01\/educacion-ambiental-130x90.png","colormag-featured-image":"https:\/\/www.alasmedios.com\/wp-content\/uploads\/2026\/01\/educacion-ambiental-800x445.png","colormag-default-news":"https:\/\/www.alasmedios.com\/wp-content\/uploads\/2026\/01\/educacion-ambiental-150x150.png","colormag-featured-image-large":"https:\/\/www.alasmedios.com\/wp-content\/uploads\/2026\/01\/educacion-ambiental-1400x600.png"},"magazineBlocksPostAuthor":{"name":"Keila Rodr\u00edguez Pe\u00f1a","avatar":"https:\/\/secure.gravatar.com\/avatar\/a2553a2bfaa601b9d539b617c8793e151bdffb60f9e48a249912f86d4c9ebeef?s=96&d=mm&r=g"},"magazineBlocksPostCommentsNumber":"0","magazineBlocksPostExcerpt":"La educaci\u00f3n ambiental es un proceso educativo continuo que busca que las personas desarrollen conciencia, conocimiento, actitudes y habilidades para","magazineBlocksPostCategories":["Familia y Bienestar"],"magazineBlocksPostViewCount":86,"magazineBlocksPostReadTime":4,"magazine_blocks_featured_image_url":{"full":["https:\/\/www.alasmedios.com\/wp-content\/uploads\/2026\/01\/educacion-ambiental.png",2000,1214,false],"medium":["https:\/\/www.alasmedios.com\/wp-content\/uploads\/2026\/01\/educacion-ambiental-300x182.png",300,182,true],"thumbnail":["https:\/\/www.alasmedios.com\/wp-content\/uploads\/2026\/01\/educacion-ambiental-150x150.png",150,150,true]},"magazine_blocks_author":{"display_name":"Keila Rodr\u00edguez Pe\u00f1a","author_link":"https:\/\/www.alasmedios.com\/index.php\/author\/keila\/"},"magazine_blocks_comment":0,"magazine_blocks_author_image":"https:\/\/secure.gravatar.com\/avatar\/a2553a2bfaa601b9d539b617c8793e151bdffb60f9e48a249912f86d4c9ebeef?s=96&d=mm&r=g","magazine_blocks_category":"<a href=\"#\" class=\"category-link category-link-42\">Familia y Bienestar<\/a>","yoast_head":"<!-- This site is optimized with the Yoast SEO plugin v27.5 - https:\/\/yoast.com\/product\/yoast-seo-wordpress\/ -->\r\n<title>\u00bfQu\u00e9 es la educaci\u00f3n ambiental? - Alas Medios<\/title>\r\n<meta name=\"robots\" content=\"index, follow, max-snippet:-1, max-image-preview:large, max-video-preview:-1\" \/>\r\n<link rel=\"canonical\" href=\"https:\/\/www.alasmedios.com\/index.php\/2026\/01\/26\/que-es-la-educacion-ambiental\/\" \/>\r\n<meta property=\"og:locale\" content=\"es_MX\" \/>\r\n<meta property=\"og:type\" content=\"article\" \/>\r\n<meta property=\"og:title\" content=\"\u00bfQu\u00e9 es la educaci\u00f3n ambiental? - Alas Medios\" \/>\r\n<meta property=\"og:description\" content=\"La educaci\u00f3n ambiental es un proceso educativo continuo que busca que las personas desarrollen conciencia, conocimiento, actitudes y habilidades para\" \/>\r\n<meta property=\"og:url\" content=\"https:\/\/www.alasmedios.com\/index.php\/2026\/01\/26\/que-es-la-educacion-ambiental\/\" \/>\r\n<meta property=\"og:site_name\" content=\"Alas Medios\" \/>\r\n<meta property=\"article:published_time\" content=\"2026-01-26T17:07:32+00:00\" \/>\r\n<meta property=\"og:image\" content=\"https:\/\/www.alasmedios.com\/wp-content\/uploads\/2026\/01\/educacion-ambiental-1024x622.png\" \/>\r\n\t<meta property=\"og:image:width\" content=\"1024\" \/>\r\n\t<meta property=\"og:image:height\" content=\"622\" \/>\r\n\t<meta property=\"og:image:type\" content=\"image\/png\" \/>\r\n<meta name=\"author\" content=\"Keila Rodr\u00edguez Pe\u00f1a\" \/>\r\n<meta name=\"twitter:card\" content=\"summary_large_image\" \/>\r\n<meta name=\"twitter:label1\" content=\"Escrito por\" \/>\n\t<meta name=\"twitter:data1\" content=\"Keila Rodr\u00edguez Pe\u00f1a\" \/>\n\t<meta name=\"twitter:label2\" content=\"Tiempo de lectura\" \/>\n\t<meta name=\"twitter:data2\" content=\"3 minutos\" \/>\r\n<script type=\"application\/ld+json\" class=\"yoast-schema-graph\">{\"@context\":\"https:\\\/\\\/schema.org\",\"@graph\":[{\"@type\":\"Article\",\"@id\":\"https:\\\/\\\/www.alasmedios.com\\\/index.php\\\/2026\\\/01\\\/26\\\/que-es-la-educacion-ambiental\\\/#article\",\"isPartOf\":{\"@id\":\"https:\\\/\\\/www.alasmedios.com\\\/index.php\\\/2026\\\/01\\\/26\\\/que-es-la-educacion-ambiental\\\/\"},\"author\":{\"name\":\"Keila Rodr\u00edguez Pe\u00f1a\",\"@id\":\"https:\\\/\\\/www.alasmedios.com\\\/#\\\/schema\\\/person\\\/0ba31bdd19a05ebf5c7fef1fedf99c34\"},\"headline\":\"\u00bfQu\u00e9 es la educaci\u00f3n ambiental?\",\"datePublished\":\"2026-01-26T17:07:32+00:00\",\"mainEntityOfPage\":{\"@id\":\"https:\\\/\\\/www.alasmedios.com\\\/index.php\\\/2026\\\/01\\\/26\\\/que-es-la-educacion-ambiental\\\/\"},\"wordCount\":629,\"commentCount\":0,\"publisher\":{\"@id\":\"https:\\\/\\\/www.alasmedios.com\\\/#organization\"},\"image\":{\"@id\":\"https:\\\/\\\/www.alasmedios.com\\\/index.php\\\/2026\\\/01\\\/26\\\/que-es-la-educacion-ambiental\\\/#primaryimage\"},\"thumbnailUrl\":\"https:\\\/\\\/www.alasmedios.com\\\/wp-content\\\/uploads\\\/2026\\\/01\\\/educacion-ambiental.png\",\"keywords\":[\"educaci\u00f3n ambiental\",\"EPA\",\"Medio Ambiente\",\"planeta\",\"UNESCO\",\"UNICEF\"],\"articleSection\":[\"Familia y Bienestar\"],\"inLanguage\":\"es\",\"potentialAction\":[{\"@type\":\"CommentAction\",\"name\":\"Comment\",\"target\":[\"https:\\\/\\\/www.alasmedios.com\\\/index.php\\\/2026\\\/01\\\/26\\\/que-es-la-educacion-ambiental\\\/#respond\"]}]},{\"@type\":\"WebPage\",\"@id\":\"https:\\\/\\\/www.alasmedios.com\\\/index.php\\\/2026\\\/01\\\/26\\\/que-es-la-educacion-ambiental\\\/\",\"url\":\"https:\\\/\\\/www.alasmedios.com\\\/index.php\\\/2026\\\/01\\\/26\\\/que-es-la-educacion-ambiental\\\/\",\"name\":\"\u00bfQu\u00e9 es la educaci\u00f3n ambiental? - Alas Medios\",\"isPartOf\":{\"@id\":\"https:\\\/\\\/www.alasmedios.com\\\/#website\"},\"primaryImageOfPage\":{\"@id\":\"https:\\\/\\\/www.alasmedios.com\\\/index.php\\\/2026\\\/01\\\/26\\\/que-es-la-educacion-ambiental\\\/#primaryimage\"},\"image\":{\"@id\":\"https:\\\/\\\/www.alasmedios.com\\\/index.php\\\/2026\\\/01\\\/26\\\/que-es-la-educacion-ambiental\\\/#primaryimage\"},\"thumbnailUrl\":\"https:\\\/\\\/www.alasmedios.com\\\/wp-content\\\/uploads\\\/2026\\\/01\\\/educacion-ambiental.png\",\"datePublished\":\"2026-01-26T17:07:32+00:00\",\"breadcrumb\":{\"@id\":\"https:\\\/\\\/www.alasmedios.com\\\/index.php\\\/2026\\\/01\\\/26\\\/que-es-la-educacion-ambiental\\\/#breadcrumb\"},\"inLanguage\":\"es\",\"potentialAction\":[{\"@type\":\"ReadAction\",\"target\":[\"https:\\\/\\\/www.alasmedios.com\\\/index.php\\\/2026\\\/01\\\/26\\\/que-es-la-educacion-ambiental\\\/\"]}]},{\"@type\":\"ImageObject\",\"inLanguage\":\"es\",\"@id\":\"https:\\\/\\\/www.alasmedios.com\\\/index.php\\\/2026\\\/01\\\/26\\\/que-es-la-educacion-ambiental\\\/#primaryimage\",\"url\":\"https:\\\/\\\/www.alasmedios.com\\\/wp-content\\\/uploads\\\/2026\\\/01\\\/educacion-ambiental.png\",\"contentUrl\":\"https:\\\/\\\/www.alasmedios.com\\\/wp-content\\\/uploads\\\/2026\\\/01\\\/educacion-ambiental.png\",\"width\":2000,\"height\":1214},{\"@type\":\"BreadcrumbList\",\"@id\":\"https:\\\/\\\/www.alasmedios.com\\\/index.php\\\/2026\\\/01\\\/26\\\/que-es-la-educacion-ambiental\\\/#breadcrumb\",\"itemListElement\":[{\"@type\":\"ListItem\",\"position\":1,\"name\":\"Inicio\",\"item\":\"https:\\\/\\\/www.alasmedios.com\\\/\"},{\"@type\":\"ListItem\",\"position\":2,\"name\":\"\u00bfQu\u00e9 es la educaci\u00f3n ambiental?\"}]},{\"@type\":\"WebSite\",\"@id\":\"https:\\\/\\\/www.alasmedios.com\\\/#website\",\"url\":\"https:\\\/\\\/www.alasmedios.com\\\/\",\"name\":\"Alas Medios\",\"description\":\"Alas para pensar, Alas para volar, Alas de libertad\",\"publisher\":{\"@id\":\"https:\\\/\\\/www.alasmedios.com\\\/#organization\"},\"potentialAction\":[{\"@type\":\"SearchAction\",\"target\":{\"@type\":\"EntryPoint\",\"urlTemplate\":\"https:\\\/\\\/www.alasmedios.com\\\/?s={search_term_string}\"},\"query-input\":{\"@type\":\"PropertyValueSpecification\",\"valueRequired\":true,\"valueName\":\"search_term_string\"}}],\"inLanguage\":\"es\"},{\"@type\":\"Organization\",\"@id\":\"https:\\\/\\\/www.alasmedios.com\\\/#organization\",\"name\":\"Alas Medios\",\"url\":\"https:\\\/\\\/www.alasmedios.com\\\/\",\"logo\":{\"@type\":\"ImageObject\",\"inLanguage\":\"es\",\"@id\":\"https:\\\/\\\/www.alasmedios.com\\\/#\\\/schema\\\/logo\\\/image\\\/\",\"url\":\"https:\\\/\\\/www.alasmedios.com\\\/wp-content\\\/uploads\\\/2026\\\/01\\\/cropped-cropped-GAM-1.png\",\"contentUrl\":\"https:\\\/\\\/www.alasmedios.com\\\/wp-content\\\/uploads\\\/2026\\\/01\\\/cropped-cropped-GAM-1.png\",\"width\":467,\"height\":235,\"caption\":\"Alas Medios\"},\"image\":{\"@id\":\"https:\\\/\\\/www.alasmedios.com\\\/#\\\/schema\\\/logo\\\/image\\\/\"}},{\"@type\":\"Person\",\"@id\":\"https:\\\/\\\/www.alasmedios.com\\\/#\\\/schema\\\/person\\\/0ba31bdd19a05ebf5c7fef1fedf99c34\",\"name\":\"Keila Rodr\u00edguez Pe\u00f1a\",\"image\":{\"@type\":\"ImageObject\",\"inLanguage\":\"es\",\"@id\":\"https:\\\/\\\/secure.gravatar.com\\\/avatar\\\/a2553a2bfaa601b9d539b617c8793e151bdffb60f9e48a249912f86d4c9ebeef?s=96&d=mm&r=g\",\"url\":\"https:\\\/\\\/secure.gravatar.com\\\/avatar\\\/a2553a2bfaa601b9d539b617c8793e151bdffb60f9e48a249912f86d4c9ebeef?s=96&d=mm&r=g\",\"contentUrl\":\"https:\\\/\\\/secure.gravatar.com\\\/avatar\\\/a2553a2bfaa601b9d539b617c8793e151bdffb60f9e48a249912f86d4c9ebeef?s=96&d=mm&r=g\",\"caption\":\"Keila Rodr\u00edguez Pe\u00f1a\"},\"sameAs\":[\"http:\\\/\\\/www.alasmedios.com\"],\"url\":\"https:\\\/\\\/www.alasmedios.com\\\/index.php\\\/author\\\/keila\\\/\"}]}<\/script>\r\n<!-- \/ Yoast SEO plugin. -->","yoast_head_json":{"title":"\u00bfQu\u00e9 es la educaci\u00f3n ambiental? - Alas Medios","robots":{"index":"index","follow":"follow","max-snippet":"max-snippet:-1","max-image-preview":"max-image-preview:large","max-video-preview":"max-video-preview:-1"},"canonical":"https:\/\/www.alasmedios.com\/index.php\/2026\/01\/26\/que-es-la-educacion-ambiental\/","og_locale":"es_MX","og_type":"article","og_title":"\u00bfQu\u00e9 es la educaci\u00f3n ambiental? - Alas Medios","og_description":"La educaci\u00f3n ambiental es un proceso educativo continuo que busca que las personas desarrollen conciencia, conocimiento, actitudes y habilidades para","og_url":"https:\/\/www.alasmedios.com\/index.php\/2026\/01\/26\/que-es-la-educacion-ambiental\/","og_site_name":"Alas Medios","article_published_time":"2026-01-26T17:07:32+00:00","og_image":[{"width":1024,"height":622,"url":"https:\/\/www.alasmedios.com\/wp-content\/uploads\/2026\/01\/educacion-ambiental-1024x622.png","type":"image\/png"}],"author":"Keila Rodr\u00edguez Pe\u00f1a","twitter_card":"summary_large_image","twitter_misc":{"Escrito por":"Keila Rodr\u00edguez Pe\u00f1a","Tiempo de lectura":"3 minutos"},"schema":{"@context":"https:\/\/schema.org","@graph":[{"@type":"Article","@id":"https:\/\/www.alasmedios.com\/index.php\/2026\/01\/26\/que-es-la-educacion-ambiental\/#article","isPartOf":{"@id":"https:\/\/www.alasmedios.com\/index.php\/2026\/01\/26\/que-es-la-educacion-ambiental\/"},"author":{"name":"Keila Rodr\u00edguez Pe\u00f1a","@id":"https:\/\/www.alasmedios.com\/#\/schema\/person\/0ba31bdd19a05ebf5c7fef1fedf99c34"},"headline":"\u00bfQu\u00e9 es la educaci\u00f3n ambiental?","datePublished":"2026-01-26T17:07:32+00:00","mainEntityOfPage":{"@id":"https:\/\/www.alasmedios.com\/index.php\/2026\/01\/26\/que-es-la-educacion-ambiental\/"},"wordCount":629,"commentCount":0,"publisher":{"@id":"https:\/\/www.alasmedios.com\/#organization"},"image":{"@id":"https:\/\/www.alasmedios.com\/index.php\/2026\/01\/26\/que-es-la-educacion-ambiental\/#primaryimage"},"thumbnailUrl":"https:\/\/www.alasmedios.com\/wp-content\/uploads\/2026\/01\/educacion-ambiental.png","keywords":["educaci\u00f3n ambiental","EPA","Medio Ambiente","planeta","UNESCO","UNICEF"],"articleSection":["Familia y Bienestar"],"inLanguage":"es","potentialAction":[{"@type":"CommentAction","name":"Comment","target":["https:\/\/www.alasmedios.com\/index.php\/2026\/01\/26\/que-es-la-educacion-ambiental\/#respond"]}]},{"@type":"WebPage","@id":"https:\/\/www.alasmedios.com\/index.php\/2026\/01\/26\/que-es-la-educacion-ambiental\/","url":"https:\/\/www.alasmedios.com\/index.php\/2026\/01\/26\/que-es-la-educacion-ambiental\/","name":"\u00bfQu\u00e9 es la educaci\u00f3n ambiental? - Alas Medios","isPartOf":{"@id":"https:\/\/www.alasmedios.com\/#website"},"primaryImageOfPage":{"@id":"https:\/\/www.alasmedios.com\/index.php\/2026\/01\/26\/que-es-la-educacion-ambiental\/#primaryimage"},"image":{"@id":"https:\/\/www.alasmedios.com\/index.php\/2026\/01\/26\/que-es-la-educacion-ambiental\/#primaryimage"},"thumbnailUrl":"https:\/\/www.alasmedios.com\/wp-content\/uploads\/2026\/01\/educacion-ambiental.png","datePublished":"2026-01-26T17:07:32+00:00","breadcrumb":{"@id":"https:\/\/www.alasmedios.com\/index.php\/2026\/01\/26\/que-es-la-educacion-ambiental\/#breadcrumb"},"inLanguage":"es","potentialAction":[{"@type":"ReadAction","target":["https:\/\/www.alasmedios.com\/index.php\/2026\/01\/26\/que-es-la-educacion-ambiental\/"]}]},{"@type":"ImageObject","inLanguage":"es","@id":"https:\/\/www.alasmedios.com\/index.php\/2026\/01\/26\/que-es-la-educacion-ambiental\/#primaryimage","url":"https:\/\/www.alasmedios.com\/wp-content\/uploads\/2026\/01\/educacion-ambiental.png","contentUrl":"https:\/\/www.alasmedios.com\/wp-content\/uploads\/2026\/01\/educacion-ambiental.png","width":2000,"height":1214},{"@type":"BreadcrumbList","@id":"https:\/\/www.alasmedios.com\/index.php\/2026\/01\/26\/que-es-la-educacion-ambiental\/#breadcrumb","itemListElement":[{"@type":"ListItem","position":1,"name":"Inicio","item":"https:\/\/www.alasmedios.com\/"},{"@type":"ListItem","position":2,"name":"\u00bfQu\u00e9 es la educaci\u00f3n ambiental?"}]},{"@type":"WebSite","@id":"https:\/\/www.alasmedios.com\/#website","url":"https:\/\/www.alasmedios.com\/","name":"Alas Medios","description":"Alas para pensar, Alas para volar, Alas de libertad","publisher":{"@id":"https:\/\/www.alasmedios.com\/#organization"},"potentialAction":[{"@type":"SearchAction","target":{"@type":"EntryPoint","urlTemplate":"https:\/\/www.alasmedios.com\/?s={search_term_string}"},"query-input":{"@type":"PropertyValueSpecification","valueRequired":true,"valueName":"search_term_string"}}],"inLanguage":"es"},{"@type":"Organization","@id":"https:\/\/www.alasmedios.com\/#organization","name":"Alas Medios","url":"https:\/\/www.alasmedios.com\/","logo":{"@type":"ImageObject","inLanguage":"es","@id":"https:\/\/www.alasmedios.com\/#\/schema\/logo\/image\/","url":"https:\/\/www.alasmedios.com\/wp-content\/uploads\/2026\/01\/cropped-cropped-GAM-1.png","contentUrl":"https:\/\/www.alasmedios.com\/wp-content\/uploads\/2026\/01\/cropped-cropped-GAM-1.png","width":467,"height":235,"caption":"Alas Medios"},"image":{"@id":"https:\/\/www.alasmedios.com\/#\/schema\/logo\/image\/"}},{"@type":"Person","@id":"https:\/\/www.alasmedios.com\/#\/schema\/person\/0ba31bdd19a05ebf5c7fef1fedf99c34","name":"Keila Rodr\u00edguez Pe\u00f1a","image":{"@type":"ImageObject","inLanguage":"es","@id":"https:\/\/secure.gravatar.com\/avatar\/a2553a2bfaa601b9d539b617c8793e151bdffb60f9e48a249912f86d4c9ebeef?s=96&d=mm&r=g","url":"https:\/\/secure.gravatar.com\/avatar\/a2553a2bfaa601b9d539b617c8793e151bdffb60f9e48a249912f86d4c9ebeef?s=96&d=mm&r=g","contentUrl":"https:\/\/secure.gravatar.com\/avatar\/a2553a2bfaa601b9d539b617c8793e151bdffb60f9e48a249912f86d4c9ebeef?s=96&d=mm&r=g","caption":"Keila Rodr\u00edguez Pe\u00f1a"},"sameAs":["http:\/\/www.alasmedios.com"],"url":"https:\/\/www.alasmedios.com\/index.php\/author\/keila\/"}]}},"_links":{"self":[{"href":"https:\/\/www.alasmedios.com\/index.php\/wp-json\/wp\/v2\/posts\/7592","targetHints":{"allow":["GET"]}}],"collection":[{"href":"https:\/\/www.alasmedios.com\/index.php\/wp-json\/wp\/v2\/posts"}],"about":[{"href":"https:\/\/www.alasmedios.com\/index.php\/wp-json\/wp\/v2\/types\/post"}],"author":[{"embeddable":true,"href":"https:\/\/www.alasmedios.com\/index.php\/wp-json\/wp\/v2\/users\/4"}],"replies":[{"embeddable":true,"href":"https:\/\/www.alasmedios.com\/index.php\/wp-json\/wp\/v2\/comments?post=7592"}],"version-history":[{"count":1,"href":"https:\/\/www.alasmedios.com\/index.php\/wp-json\/wp\/v2\/posts\/7592\/revisions"}],"predecessor-version":[{"id":7594,"href":"https:\/\/www.alasmedios.com\/index.php\/wp-json\/wp\/v2\/posts\/7592\/revisions\/7594"}],"wp:featuredmedia":[{"embeddable":true,"href":"https:\/\/www.alasmedios.com\/index.php\/wp-json\/wp\/v2\/media\/7593"}],"wp:attachment":[{"href":"https:\/\/www.alasmedios.com\/index.php\/wp-json\/wp\/v2\/media?parent=7592"}],"wp:term":[{"taxonomy":"category","embeddable":true,"href":"https:\/\/www.alasmedios.com\/index.php\/wp-json\/wp\/v2\/categories?post=7592"},{"taxonomy":"post_tag","embeddable":true,"href":"https:\/\/www.alasmedios.com\/index.php\/wp-json\/wp\/v2\/tags?post=7592"}],"curies":[{"name":"wp","href":"https:\/\/api.w.org\/{rel}","templated":true}]}}